{"id":98560,"date":"2016-09-05T11:30:56","date_gmt":"2016-09-05T09:30:56","guid":{"rendered":"https:\/\/www.iemj.org\/albert-cahen-danvers\/"},"modified":"2025-10-20T17:16:01","modified_gmt":"2025-10-20T15:16:01","slug":"albert-cahen-danvers","status":"publish","type":"post","link":"https:\/\/www.iemj.org\/de\/albert-cahen-danvers\/","title":{"rendered":"Albert Cahen d&#8217;Anvers"},"content":{"rendered":"<p><a href=\"https:\/\/www.iemj.org\/de\/cahen-danvers-albert-1846-1903\/\">Albert Cahen d&#8217;Anvers (1846-1903)<\/a>, ein eifriger Sch\u00fcler von C\u00e9sar Franck, stammte \u2013 wie <a href=\"https:\/\/www.iemj.org\/de\/halphen-fernand-1872-1917\/\">Fernand Halphen (1872-1917)<\/a> \u2013 aus einer Bankiersfamilie. Von seiner Familie ignoriert und von den Musikern aufgrund seines finanziellen Wohlstands verschm\u00e4ht, geriet sein musikalisches Werk zu Unrecht in Vergessenheit.<\/p>\n<p>Jean-Claude Menou, der gerade zum Konservator des Schlosses Champs-sur-Marne (16 km \u00f6stlich von Paris) ernannt wurde, entdeckte auf dem Dachboden des Geb\u00e4udes ein Erard-Klavier, einen gro\u00dfen Fl\u00fcgel aus dem Jahr 1874, und verschaffte dem Werk von Albert Cahen d&#8217;Anvers durch seine Nachforschungen (insbesondere durch einige Partituren aus der Bibliothek von Versailles) wieder den Stellenwert, den es verdiente.<\/p>\n<p>Auf dem Erard-Klavier von Cahen d\u2018Anvers, das auf Wunsch von Jean-Claude Menou restauriert wurde, und im Musikzimmer des Familiensitzes, dem Schloss Champs-sur-Marne in der N\u00e4he von Paris, entstand diese Aufnahme.<\/p>\n<p><img fetchpriority=\"high\" decoding=\"async\" class=\" wp-image-11468 alignright\" src=\"https:\/\/www.iemj.org\/wp-content\/uploads\/2016\/09\/couv4_albert_cahen_d_anvers_redim.jpg\" alt=\"couv4_albert_cahen_d_anvers_redim.jpg\" width=\"415\" height=\"361\" align=\"center\" srcset=\"https:\/\/www.iemj.org\/wp-content\/uploads\/2016\/09\/couv4_albert_cahen_d_anvers_redim.jpg 500w, https:\/\/www.iemj.org\/wp-content\/uploads\/2016\/09\/couv4_albert_cahen_d_anvers_redim-300x261.jpg 300w\" sizes=\"(max-width: 415px) 100vw, 415px\" \/><\/p>\n<p>Auf dieser CD k\u00f6nnen wir drei Klavierst\u00fccke sowie etwa 20 Lieder (eines davon mit Fl\u00f6te) entdecken, die von <strong>Fran\u00e7oise Masset<\/strong> (Mezzosopranstimme), <strong>Christophe Crapez<\/strong> (Tenor), <strong>Nicolas Boyer<\/strong> (Klavier) und <strong>St\u00e9phane Limonaire <\/strong>(Fl\u00f6te) sehr gut interpretiert werden und auf Gedichte von Alfred de Musset, Victor Hugo, Lucien Pat\u00e9, Paul Bourget und Maurice Bouchor&#8230; zur\u00fcckgehen.<\/p>\n<p><a href=\"http:\/\/www.maguelone.fr\/fr\/melodiste-francais\/29-albert-cahen-d-anvers-melodies.html\" target=\"_blank\" rel=\"noopener\">Wo k\u00f6nnen Sie die CD bestellen <\/a><\/p>\n\n\n<figure class=\"wp-block-image size-large\"><img decoding=\"async\" width=\"1024\" height=\"133\" src=\"https:\/\/www.iemj.org\/wp-content\/uploads\/2024\/03\/AUDIO-PLAYER-1024x133.png\" alt=\"\" class=\"wp-image-110606\" srcset=\"https:\/\/www.iemj.org\/wp-content\/uploads\/2024\/03\/AUDIO-PLAYER-1024x133.png 1024w, https:\/\/www.iemj.org\/wp-content\/uploads\/2024\/03\/AUDIO-PLAYER-300x39.png 300w, https:\/\/www.iemj.org\/wp-content\/uploads\/2024\/03\/AUDIO-PLAYER-768x100.png 768w, https:\/\/www.iemj.org\/wp-content\/uploads\/2024\/03\/AUDIO-PLAYER-600x78.png 600w, https:\/\/www.iemj.org\/wp-content\/uploads\/2024\/03\/AUDIO-PLAYER.png 1210w\" sizes=\"(max-width: 1024px) 100vw, 1024px\" \/><\/figure>\n\n\n\n<div class=\"wp-block-file\"><a id=\"wp-block-file--media-ad5ecf91-39c8-496a-b022-3047a54974a9\" href=\"https:\/\/www.iemj.org\/wp-content\/uploads\/2016\/09\/cd_835_01_ex.mp3\">C\u00e9sar Franck : Lied (L. Pat\u00e9)<\/a><\/div>\n\n\n\n<div class=\"wp-block-file\"><a id=\"wp-block-file--media-eaf78017-14df-4700-bae0-52439e569924\" href=\"https:\/\/www.iemj.org\/wp-content\/uploads\/2016\/09\/cd_835_02_ex.mp3\">Son \u00e2me (L. Pat\u00e9)<\/a><\/div>\n\n\n\n<div class=\"wp-block-file\"><a id=\"wp-block-file--media-ce268884-6cdc-4c73-a47f-5efadc23dc23\" href=\"https:\/\/www.iemj.org\/wp-content\/uploads\/2016\/09\/cd_835_03_ex.mp3\">Lied (L. Pat\u00e9)<\/a><\/div>\n\n\n\n<div class=\"wp-block-file\"><a id=\"wp-block-file--media-4ce07093-308f-4e23-88f7-dba186b0cbaa\" href=\"https:\/\/www.iemj.org\/wp-content\/uploads\/2016\/09\/cd_835_04_ex.mp3\">Polka pour piano<\/a><\/div>\n\n\n\n<div class=\"wp-block-file\"><a id=\"wp-block-file--media-f443f492-ddc9-4b2b-a343-0c0d87b80525\" href=\"https:\/\/www.iemj.org\/wp-content\/uploads\/2016\/09\/cd_835_07_ex.mp3\">Chanson (A. de Musset)<\/a><\/div>\n\n\n\n<div class=\"wp-block-file\"><a id=\"wp-block-file--media-6e3f0d89-014f-450d-89a0-bd4fb7d8b922\" href=\"https:\/\/www.iemj.org\/wp-content\/uploads\/2016\/09\/cd_835_14_ex.mp3\">Ferme les yeux ! (M.B.)<\/a><\/div>\n\n\n\n<div class=\"wp-block-file\"><a id=\"wp-block-file--media-54eb4ed1-4da8-4d30-b179-b345c690dcca\" href=\"https:\/\/www.iemj.org\/wp-content\/uploads\/2016\/09\/cd_835_25_ex.mp3\">Gloire \u00e0 Dieu<\/a><\/div>\n","protected":false},"excerpt":{"rendered":"<p>Albert Cahen d&#8217;Anvers (1846-1903), ein eifriger Sch\u00fcler von C\u00e9sar Franck, stammte \u2013 wie Fernand Halphen (1872-1917) \u2013 aus einer Bankiersfamilie. Von seiner Familie ignoriert und von den Musikern aufgrund seines<\/p>\n","protected":false},"author":5,"featured_media":98561,"comment_status":"closed","ping_status":"closed","sticky":false,"template":"","format":"standard","meta":{"_acf_changed":false,"footnotes":""},"categories":[1571,1561],"tags":[],"technique":[],"squelettes":[],"sujet":[],"formation":[],"genre":[1900],"fonds":[],"tradition":[],"type-de-contenu":[],"interprete-compositeur":[],"frise":[],"type-devenement":[],"tableaux-liens-externes":[],"class_list":["post-98560","post","type-post","status-publish","format-standard","has-post-thumbnail","hentry","category-cd-de","category-letzte-neuerwerbungen-de","genre-klassische-musik-de"],"acf":[],"yoast_head":"<!-- This site is optimized with the Yoast SEO plugin v27.3 - https:\/\/yoast.com\/product\/yoast-seo-wordpress\/ -->\n<title>Albert Cahen d&#039;Anvers - Institut Europ\u00e9en des Musiques Juives<\/title>\n<meta name=\"robots\" content=\"index, follow, max-snippet:-1, max-image-preview:large, max-video-preview:-1\" \/>\n<link rel=\"canonical\" href=\"https:\/\/www.iemj.org\/de\/albert-cahen-danvers\/\" \/>\n<meta property=\"og:locale\" content=\"de_DE\" \/>\n<meta property=\"og:type\" content=\"article\" \/>\n<meta property=\"og:title\" content=\"Albert Cahen d&#039;Anvers - Institut Europ\u00e9en des Musiques Juives\" \/>\n<meta property=\"og:description\" content=\"Albert Cahen d&#8217;Anvers (1846-1903), ein eifriger Sch\u00fcler von C\u00e9sar Franck, stammte \u2013 wie Fernand Halphen (1872-1917) \u2013 aus einer Bankiersfamilie. Von seiner Familie ignoriert und von den Musikern aufgrund seines\" \/>\n<meta property=\"og:url\" content=\"https:\/\/www.iemj.org\/de\/albert-cahen-danvers\/\" \/>\n<meta property=\"og:site_name\" content=\"Institut Europ\u00e9en des Musiques Juives\" \/>\n<meta property=\"article:publisher\" content=\"https:\/\/www.facebook.com\/MusiquesJuives\/\" \/>\n<meta property=\"article:published_time\" content=\"2016-09-05T09:30:56+00:00\" \/>\n<meta property=\"article:modified_time\" content=\"2025-10-20T15:16:01+00:00\" \/>\n<meta property=\"og:image\" content=\"https:\/\/www.iemj.org\/wp-content\/uploads\/2016\/09\/arton1829-e1619348835778.jpg\" \/>\n\t<meta property=\"og:image:width\" content=\"350\" \/>\n\t<meta property=\"og:image:height\" content=\"336\" \/>\n\t<meta property=\"og:image:type\" content=\"image\/jpeg\" \/>\n<meta name=\"author\" content=\"Jacqueline ROTEN\" \/>\n<meta name=\"twitter:card\" content=\"summary_large_image\" \/>\n<meta name=\"twitter:label1\" content=\"Verfasst von\" \/>\n\t<meta name=\"twitter:data1\" content=\"Jacqueline ROTEN\" \/>\n\t<meta name=\"twitter:label2\" content=\"Gesch\u00e4tzte Lesezeit\" \/>\n\t<meta name=\"twitter:data2\" content=\"2\u00a0Minuten\" \/>\n<script type=\"application\/ld+json\" class=\"yoast-schema-graph\">{\"@context\":\"https:\\\/\\\/schema.org\",\"@graph\":[{\"@type\":\"Article\",\"@id\":\"https:\\\/\\\/www.iemj.org\\\/de\\\/albert-cahen-danvers\\\/#article\",\"isPartOf\":{\"@id\":\"https:\\\/\\\/www.iemj.org\\\/de\\\/albert-cahen-danvers\\\/\"},\"author\":{\"name\":\"Jacqueline ROTEN\",\"@id\":\"https:\\\/\\\/www.iemj.org\\\/de\\\/#\\\/schema\\\/person\\\/358e26c18aca017fcc4cc15437f7279c\"},\"headline\":\"Albert Cahen d&#8217;Anvers\",\"datePublished\":\"2016-09-05T09:30:56+00:00\",\"dateModified\":\"2025-10-20T15:16:01+00:00\",\"mainEntityOfPage\":{\"@id\":\"https:\\\/\\\/www.iemj.org\\\/de\\\/albert-cahen-danvers\\\/\"},\"wordCount\":230,\"publisher\":{\"@id\":\"https:\\\/\\\/www.iemj.org\\\/de\\\/#organization\"},\"image\":{\"@id\":\"https:\\\/\\\/www.iemj.org\\\/de\\\/albert-cahen-danvers\\\/#primaryimage\"},\"thumbnailUrl\":\"https:\\\/\\\/www.iemj.org\\\/wp-content\\\/uploads\\\/2016\\\/09\\\/arton1829-e1619348835778.jpg\",\"articleSection\":[\"CD\",\"Letzte Neuerwerbungen\"],\"inLanguage\":\"de\"},{\"@type\":\"WebPage\",\"@id\":\"https:\\\/\\\/www.iemj.org\\\/de\\\/albert-cahen-danvers\\\/\",\"url\":\"https:\\\/\\\/www.iemj.org\\\/de\\\/albert-cahen-danvers\\\/\",\"name\":\"Albert Cahen d'Anvers - Institut Europ\u00e9en des Musiques Juives\",\"isPartOf\":{\"@id\":\"https:\\\/\\\/www.iemj.org\\\/de\\\/#website\"},\"primaryImageOfPage\":{\"@id\":\"https:\\\/\\\/www.iemj.org\\\/de\\\/albert-cahen-danvers\\\/#primaryimage\"},\"image\":{\"@id\":\"https:\\\/\\\/www.iemj.org\\\/de\\\/albert-cahen-danvers\\\/#primaryimage\"},\"thumbnailUrl\":\"https:\\\/\\\/www.iemj.org\\\/wp-content\\\/uploads\\\/2016\\\/09\\\/arton1829-e1619348835778.jpg\",\"datePublished\":\"2016-09-05T09:30:56+00:00\",\"dateModified\":\"2025-10-20T15:16:01+00:00\",\"breadcrumb\":{\"@id\":\"https:\\\/\\\/www.iemj.org\\\/de\\\/albert-cahen-danvers\\\/#breadcrumb\"},\"inLanguage\":\"de\",\"potentialAction\":[{\"@type\":\"ReadAction\",\"target\":[\"https:\\\/\\\/www.iemj.org\\\/de\\\/albert-cahen-danvers\\\/\"]}]},{\"@type\":\"ImageObject\",\"inLanguage\":\"de\",\"@id\":\"https:\\\/\\\/www.iemj.org\\\/de\\\/albert-cahen-danvers\\\/#primaryimage\",\"url\":\"https:\\\/\\\/www.iemj.org\\\/wp-content\\\/uploads\\\/2016\\\/09\\\/arton1829-e1619348835778.jpg\",\"contentUrl\":\"https:\\\/\\\/www.iemj.org\\\/wp-content\\\/uploads\\\/2016\\\/09\\\/arton1829-e1619348835778.jpg\",\"width\":350,\"height\":336},{\"@type\":\"BreadcrumbList\",\"@id\":\"https:\\\/\\\/www.iemj.org\\\/de\\\/albert-cahen-danvers\\\/#breadcrumb\",\"itemListElement\":[{\"@type\":\"ListItem\",\"position\":1,\"name\":\"Accueil\",\"item\":\"https:\\\/\\\/www.iemj.org\\\/de\\\/\"},{\"@type\":\"ListItem\",\"position\":2,\"name\":\"Albert Cahen d&rsquo;Anvers\"}]},{\"@type\":\"WebSite\",\"@id\":\"https:\\\/\\\/www.iemj.org\\\/de\\\/#website\",\"url\":\"https:\\\/\\\/www.iemj.org\\\/de\\\/\",\"name\":\"Institut Europ\u00e9en des Musiques Juives\",\"description\":\"Des traditions musicales \u00e0 la port\u00e9e de tous\",\"publisher\":{\"@id\":\"https:\\\/\\\/www.iemj.org\\\/de\\\/#organization\"},\"potentialAction\":[{\"@type\":\"SearchAction\",\"target\":{\"@type\":\"EntryPoint\",\"urlTemplate\":\"https:\\\/\\\/www.iemj.org\\\/de\\\/?s={search_term_string}\"},\"query-input\":{\"@type\":\"PropertyValueSpecification\",\"valueRequired\":true,\"valueName\":\"search_term_string\"}}],\"inLanguage\":\"de\"},{\"@type\":\"Organization\",\"@id\":\"https:\\\/\\\/www.iemj.org\\\/de\\\/#organization\",\"name\":\"Institut Europ\u00e9en des Musiques Juives\",\"url\":\"https:\\\/\\\/www.iemj.org\\\/de\\\/\",\"logo\":{\"@type\":\"ImageObject\",\"inLanguage\":\"de\",\"@id\":\"https:\\\/\\\/www.iemj.org\\\/de\\\/#\\\/schema\\\/logo\\\/image\\\/\",\"url\":\"https:\\\/\\\/www.iemj.org\\\/wp-content\\\/uploads\\\/2021\\\/09\\\/Logo-IEMJ-Paypal.jpg\",\"contentUrl\":\"https:\\\/\\\/www.iemj.org\\\/wp-content\\\/uploads\\\/2021\\\/09\\\/Logo-IEMJ-Paypal.jpg\",\"width\":150,\"height\":50,\"caption\":\"Institut Europ\u00e9en des Musiques Juives\"},\"image\":{\"@id\":\"https:\\\/\\\/www.iemj.org\\\/de\\\/#\\\/schema\\\/logo\\\/image\\\/\"},\"sameAs\":[\"https:\\\/\\\/www.facebook.com\\\/MusiquesJuives\\\/\",\"https:\\\/\\\/www.instagram.com\\\/musiquesjuives\\\/\",\"https:\\\/\\\/www.youtube.com\\\/user\\\/musiquesjuives\"]},{\"@type\":\"Person\",\"@id\":\"https:\\\/\\\/www.iemj.org\\\/de\\\/#\\\/schema\\\/person\\\/358e26c18aca017fcc4cc15437f7279c\",\"name\":\"Jacqueline ROTEN\",\"image\":{\"@type\":\"ImageObject\",\"inLanguage\":\"de\",\"@id\":\"https:\\\/\\\/secure.gravatar.com\\\/avatar\\\/5964256d6c6957de3a3505278957e0fb2a35119ac47ea41827a65301213c810b?s=96&d=mm&r=g\",\"url\":\"https:\\\/\\\/secure.gravatar.com\\\/avatar\\\/5964256d6c6957de3a3505278957e0fb2a35119ac47ea41827a65301213c810b?s=96&d=mm&r=g\",\"contentUrl\":\"https:\\\/\\\/secure.gravatar.com\\\/avatar\\\/5964256d6c6957de3a3505278957e0fb2a35119ac47ea41827a65301213c810b?s=96&d=mm&r=g\",\"caption\":\"Jacqueline ROTEN\"}}]}<\/script>\n<!-- \/ Yoast SEO plugin. -->","yoast_head_json":{"title":"Albert Cahen d'Anvers - Institut Europ\u00e9en des Musiques Juives","robots":{"index":"index","follow":"follow","max-snippet":"max-snippet:-1","max-image-preview":"max-image-preview:large","max-video-preview":"max-video-preview:-1"},"canonical":"https:\/\/www.iemj.org\/de\/albert-cahen-danvers\/","og_locale":"de_DE","og_type":"article","og_title":"Albert Cahen d'Anvers - Institut Europ\u00e9en des Musiques Juives","og_description":"Albert Cahen d&#8217;Anvers (1846-1903), ein eifriger Sch\u00fcler von C\u00e9sar Franck, stammte \u2013 wie Fernand Halphen (1872-1917) \u2013 aus einer Bankiersfamilie. Von seiner Familie ignoriert und von den Musikern aufgrund seines","og_url":"https:\/\/www.iemj.org\/de\/albert-cahen-danvers\/","og_site_name":"Institut Europ\u00e9en des Musiques Juives","article_publisher":"https:\/\/www.facebook.com\/MusiquesJuives\/","article_published_time":"2016-09-05T09:30:56+00:00","article_modified_time":"2025-10-20T15:16:01+00:00","og_image":[{"width":350,"height":336,"url":"https:\/\/www.iemj.org\/wp-content\/uploads\/2016\/09\/arton1829-e1619348835778.jpg","type":"image\/jpeg"}],"author":"Jacqueline ROTEN","twitter_card":"summary_large_image","twitter_misc":{"Verfasst von":"Jacqueline ROTEN","Gesch\u00e4tzte Lesezeit":"2\u00a0Minuten"},"schema":{"@context":"https:\/\/schema.org","@graph":[{"@type":"Article","@id":"https:\/\/www.iemj.org\/de\/albert-cahen-danvers\/#article","isPartOf":{"@id":"https:\/\/www.iemj.org\/de\/albert-cahen-danvers\/"},"author":{"name":"Jacqueline ROTEN","@id":"https:\/\/www.iemj.org\/de\/#\/schema\/person\/358e26c18aca017fcc4cc15437f7279c"},"headline":"Albert Cahen d&#8217;Anvers","datePublished":"2016-09-05T09:30:56+00:00","dateModified":"2025-10-20T15:16:01+00:00","mainEntityOfPage":{"@id":"https:\/\/www.iemj.org\/de\/albert-cahen-danvers\/"},"wordCount":230,"publisher":{"@id":"https:\/\/www.iemj.org\/de\/#organization"},"image":{"@id":"https:\/\/www.iemj.org\/de\/albert-cahen-danvers\/#primaryimage"},"thumbnailUrl":"https:\/\/www.iemj.org\/wp-content\/uploads\/2016\/09\/arton1829-e1619348835778.jpg","articleSection":["CD","Letzte Neuerwerbungen"],"inLanguage":"de"},{"@type":"WebPage","@id":"https:\/\/www.iemj.org\/de\/albert-cahen-danvers\/","url":"https:\/\/www.iemj.org\/de\/albert-cahen-danvers\/","name":"Albert Cahen d'Anvers - Institut Europ\u00e9en des Musiques Juives","isPartOf":{"@id":"https:\/\/www.iemj.org\/de\/#website"},"primaryImageOfPage":{"@id":"https:\/\/www.iemj.org\/de\/albert-cahen-danvers\/#primaryimage"},"image":{"@id":"https:\/\/www.iemj.org\/de\/albert-cahen-danvers\/#primaryimage"},"thumbnailUrl":"https:\/\/www.iemj.org\/wp-content\/uploads\/2016\/09\/arton1829-e1619348835778.jpg","datePublished":"2016-09-05T09:30:56+00:00","dateModified":"2025-10-20T15:16:01+00:00","breadcrumb":{"@id":"https:\/\/www.iemj.org\/de\/albert-cahen-danvers\/#breadcrumb"},"inLanguage":"de","potentialAction":[{"@type":"ReadAction","target":["https:\/\/www.iemj.org\/de\/albert-cahen-danvers\/"]}]},{"@type":"ImageObject","inLanguage":"de","@id":"https:\/\/www.iemj.org\/de\/albert-cahen-danvers\/#primaryimage","url":"https:\/\/www.iemj.org\/wp-content\/uploads\/2016\/09\/arton1829-e1619348835778.jpg","contentUrl":"https:\/\/www.iemj.org\/wp-content\/uploads\/2016\/09\/arton1829-e1619348835778.jpg","width":350,"height":336},{"@type":"BreadcrumbList","@id":"https:\/\/www.iemj.org\/de\/albert-cahen-danvers\/#breadcrumb","itemListElement":[{"@type":"ListItem","position":1,"name":"Accueil","item":"https:\/\/www.iemj.org\/de\/"},{"@type":"ListItem","position":2,"name":"Albert Cahen d&rsquo;Anvers"}]},{"@type":"WebSite","@id":"https:\/\/www.iemj.org\/de\/#website","url":"https:\/\/www.iemj.org\/de\/","name":"Institut Europ\u00e9en des Musiques Juives","description":"Des traditions musicales \u00e0 la port\u00e9e de tous","publisher":{"@id":"https:\/\/www.iemj.org\/de\/#organization"},"potentialAction":[{"@type":"SearchAction","target":{"@type":"EntryPoint","urlTemplate":"https:\/\/www.iemj.org\/de\/?s={search_term_string}"},"query-input":{"@type":"PropertyValueSpecification","valueRequired":true,"valueName":"search_term_string"}}],"inLanguage":"de"},{"@type":"Organization","@id":"https:\/\/www.iemj.org\/de\/#organization","name":"Institut Europ\u00e9en des Musiques Juives","url":"https:\/\/www.iemj.org\/de\/","logo":{"@type":"ImageObject","inLanguage":"de","@id":"https:\/\/www.iemj.org\/de\/#\/schema\/logo\/image\/","url":"https:\/\/www.iemj.org\/wp-content\/uploads\/2021\/09\/Logo-IEMJ-Paypal.jpg","contentUrl":"https:\/\/www.iemj.org\/wp-content\/uploads\/2021\/09\/Logo-IEMJ-Paypal.jpg","width":150,"height":50,"caption":"Institut Europ\u00e9en des Musiques Juives"},"image":{"@id":"https:\/\/www.iemj.org\/de\/#\/schema\/logo\/image\/"},"sameAs":["https:\/\/www.facebook.com\/MusiquesJuives\/","https:\/\/www.instagram.com\/musiquesjuives\/","https:\/\/www.youtube.com\/user\/musiquesjuives"]},{"@type":"Person","@id":"https:\/\/www.iemj.org\/de\/#\/schema\/person\/358e26c18aca017fcc4cc15437f7279c","name":"Jacqueline ROTEN","image":{"@type":"ImageObject","inLanguage":"de","@id":"https:\/\/secure.gravatar.com\/avatar\/5964256d6c6957de3a3505278957e0fb2a35119ac47ea41827a65301213c810b?s=96&d=mm&r=g","url":"https:\/\/secure.gravatar.com\/avatar\/5964256d6c6957de3a3505278957e0fb2a35119ac47ea41827a65301213c810b?s=96&d=mm&r=g","contentUrl":"https:\/\/secure.gravatar.com\/avatar\/5964256d6c6957de3a3505278957e0fb2a35119ac47ea41827a65301213c810b?s=96&d=mm&r=g","caption":"Jacqueline ROTEN"}}]}},"_links":{"self":[{"href":"https:\/\/www.iemj.org\/de\/wp-json\/wp\/v2\/posts\/98560","targetHints":{"allow":["GET"]}}],"collection":[{"href":"https:\/\/www.iemj.org\/de\/wp-json\/wp\/v2\/posts"}],"about":[{"href":"https:\/\/www.iemj.org\/de\/wp-json\/wp\/v2\/types\/post"}],"author":[{"embeddable":true,"href":"https:\/\/www.iemj.org\/de\/wp-json\/wp\/v2\/users\/5"}],"replies":[{"embeddable":true,"href":"https:\/\/www.iemj.org\/de\/wp-json\/wp\/v2\/comments?post=98560"}],"version-history":[{"count":1,"href":"https:\/\/www.iemj.org\/de\/wp-json\/wp\/v2\/posts\/98560\/revisions"}],"predecessor-version":[{"id":127464,"href":"https:\/\/www.iemj.org\/de\/wp-json\/wp\/v2\/posts\/98560\/revisions\/127464"}],"wp:featuredmedia":[{"embeddable":true,"href":"https:\/\/www.iemj.org\/de\/wp-json\/wp\/v2\/media\/98561"}],"wp:attachment":[{"href":"https:\/\/www.iemj.org\/de\/wp-json\/wp\/v2\/media?parent=98560"}],"wp:term":[{"taxonomy":"category","embeddable":true,"href":"https:\/\/www.iemj.org\/de\/wp-json\/wp\/v2\/categories?post=98560"},{"taxonomy":"post_tag","embeddable":true,"href":"https:\/\/www.iemj.org\/de\/wp-json\/wp\/v2\/tags?post=98560"},{"taxonomy":"technique","embeddable":true,"href":"https:\/\/www.iemj.org\/de\/wp-json\/wp\/v2\/technique?post=98560"},{"taxonomy":"squelettes","embeddable":true,"href":"https:\/\/www.iemj.org\/de\/wp-json\/wp\/v2\/squelettes?post=98560"},{"taxonomy":"sujet","embeddable":true,"href":"https:\/\/www.iemj.org\/de\/wp-json\/wp\/v2\/sujet?post=98560"},{"taxonomy":"formation","embeddable":true,"href":"https:\/\/www.iemj.org\/de\/wp-json\/wp\/v2\/formation?post=98560"},{"taxonomy":"genre","embeddable":true,"href":"https:\/\/www.iemj.org\/de\/wp-json\/wp\/v2\/genre?post=98560"},{"taxonomy":"fonds","embeddable":true,"href":"https:\/\/www.iemj.org\/de\/wp-json\/wp\/v2\/fonds?post=98560"},{"taxonomy":"tradition","embeddable":true,"href":"https:\/\/www.iemj.org\/de\/wp-json\/wp\/v2\/tradition?post=98560"},{"taxonomy":"type-de-contenu","embeddable":true,"href":"https:\/\/www.iemj.org\/de\/wp-json\/wp\/v2\/type-de-contenu?post=98560"},{"taxonomy":"interprete-compositeur","embeddable":true,"href":"https:\/\/www.iemj.org\/de\/wp-json\/wp\/v2\/interprete-compositeur?post=98560"},{"taxonomy":"frise","embeddable":true,"href":"https:\/\/www.iemj.org\/de\/wp-json\/wp\/v2\/frise?post=98560"},{"taxonomy":"type-devenement","embeddable":true,"href":"https:\/\/www.iemj.org\/de\/wp-json\/wp\/v2\/type-devenement?post=98560"},{"taxonomy":"tableaux-liens-externes","embeddable":true,"href":"https:\/\/www.iemj.org\/de\/wp-json\/wp\/v2\/tableaux-liens-externes?post=98560"}],"curies":[{"name":"wp","href":"https:\/\/api.w.org\/{rel}","templated":true}]}}