{"id":98642,"date":"2016-05-10T12:15:13","date_gmt":"2016-05-10T10:15:13","guid":{"rendered":"https:\/\/www.iemj.org\/die-drei-kantoren-et-second-yom-tov\/"},"modified":"2025-09-08T11:25:02","modified_gmt":"2025-09-08T09:25:02","slug":"die-drei-kantoren-et-second-yom-tov","status":"publish","type":"post","link":"https:\/\/www.iemj.org\/de\/die-drei-kantoren-et-second-yom-tov\/","title":{"rendered":"Die Drei Kantoren &amp; Second Yom Tov"},"content":{"rendered":"<p>Ido Ben-Gal, Amnon Seelig und Assaf Levitin stammen alle drei aus Israel und sind Mitglieder der Cantorial School des Abraham Geiger College an der Universit\u00e4t Potsdam in Deutschland. Sie gaben ihr erstes Konzert vor 1500 Menschen anl\u00e4sslich der j\u00e4hrlichen Zeremonie der israelischen Botschaft in Berlin im Mai 2013.<\/p>\n<p>Die begeisterten R\u00fcckmeldungen, die sie erhielten, veranlassten sie, weitere Konzerte zu geben und schlie\u00dflich zwei CDs aufzunehmen. Die meisten St\u00fccke wurden von Assaf Levitin und Amnon Seelig arrangiert und werden a cappella vorgetragen. Andere werden von Naaman Wagner am Klavier begleitet.<\/p>\n<p><img fetchpriority=\"high\" decoding=\"async\" class=\" wp-image-10623 alignright\" src=\"https:\/\/www.iemj.org\/wp-content\/uploads\/2016\/05\/cd_.824_couv_2.jpg\" alt=\"cd_.824_couv_2.jpg\" width=\"329\" height=\"287\" align=\"center\" srcset=\"https:\/\/www.iemj.org\/wp-content\/uploads\/2016\/05\/cd_.824_couv_2.jpg 444w, https:\/\/www.iemj.org\/wp-content\/uploads\/2016\/05\/cd_.824_couv_2-300x262.jpg 300w\" sizes=\"(max-width: 329px) 100vw, 329px\" \/>Auf ihrem zweiten Album <em>Second Yom Tov<\/em> sind G\u00e4ste zu h\u00f6ren, wie Tehila Nini Goldstein (Sopranistin), Kantor Eliyahu Schleifer und die Gruppe Aletchko.<\/p>\n<p><a href=\"http:\/\/www.3kantoren.com\/#!home\/clhx\" target=\"_blank\" rel=\"noopener\">Mehr erfahren <\/a><br \/><a href=\"https:\/\/www.3kantoren.com\/store\" target=\"_blank\" rel=\"noopener\">Bestellen Sie die CDs <\/a><\/p>\n\n\n<div class=\"wp-block-file\"><a id=\"wp-block-file--media-22e6ba1a-4d97-486f-acc4-eb06f564b009\" href=\"https:\/\/www.iemj.org\/wp-content\/uploads\/2016\/05\/01_reach_tapuach_odem_shani.mp3\">Re&#8217;ach Tapuach, Odem Shani<\/a><\/div>\n\n\n\n<div class=\"wp-block-file\"><a id=\"wp-block-file--media-fc59e8c3-42da-4bab-91f9-9cbec064f106\" href=\"https:\/\/www.iemj.org\/wp-content\/uploads\/2016\/05\/03_erev_shel_shoshanim.mp3\">Erev shel Shoshanim<\/a><\/div>\n\n\n\n<figure class=\"wp-block-image size-large\"><img decoding=\"async\" width=\"1024\" height=\"133\" src=\"https:\/\/www.iemj.org\/wp-content\/uploads\/2024\/03\/AUDIO-PLAYER-1024x133.png\" alt=\"\" class=\"wp-image-110606\" srcset=\"https:\/\/www.iemj.org\/wp-content\/uploads\/2024\/03\/AUDIO-PLAYER-1024x133.png 1024w, https:\/\/www.iemj.org\/wp-content\/uploads\/2024\/03\/AUDIO-PLAYER-300x39.png 300w, https:\/\/www.iemj.org\/wp-content\/uploads\/2024\/03\/AUDIO-PLAYER-768x100.png 768w, https:\/\/www.iemj.org\/wp-content\/uploads\/2024\/03\/AUDIO-PLAYER-600x78.png 600w, https:\/\/www.iemj.org\/wp-content\/uploads\/2024\/03\/AUDIO-PLAYER.png 1210w\" sizes=\"(max-width: 1024px) 100vw, 1024px\" \/><\/figure>\n\n\n\n<div class=\"wp-block-file\"><a id=\"wp-block-file--media-bd202df9-5c86-43fd-85fe-698518fa9076\" href=\"https:\/\/www.iemj.org\/wp-content\/uploads\/2016\/05\/14_di_mashke.mp3\">Di Mashke<\/a><\/div>\n\n\n\n<div class=\"wp-block-file\"><a id=\"wp-block-file--media-76baeb79-73c2-44f1-bb07-ccad289ffa69\" href=\"https:\/\/www.iemj.org\/wp-content\/uploads\/2016\/05\/824_01.mp3\">Shabkhi Yerushalayim<\/a><\/div>\n\n\n\n<div class=\"wp-block-file\"><a id=\"wp-block-file--media-60269110-572c-4ae6-8283-5a9af383088d\" href=\"https:\/\/www.iemj.org\/wp-content\/uploads\/2016\/05\/824_04.mp3\">Shnirele, Perele<\/a><\/div>\n\n\n\n<div class=\"wp-block-file\"><a id=\"wp-block-file--media-9e9b6e4d-efc4-4f5b-821d-8fc9de3c9031\" href=\"https:\/\/www.iemj.org\/wp-content\/uploads\/2016\/05\/824_11.mp3\">Pitkhu Li<\/a><\/div>\n","protected":false},"excerpt":{"rendered":"<p>Ido Ben-Gal, Amnon Seelig und Assaf Levitin stammen alle drei aus Israel und sind Mitglieder der Cantorial School des Abraham Geiger College an der Universit\u00e4t Potsdam in Deutschland. Sie gaben<\/p>\n","protected":false},"author":1048,"featured_media":98644,"comment_status":"closed","ping_status":"closed","sticky":false,"template":"","format":"standard","meta":{"_acf_changed":false,"footnotes":""},"categories":[1571,1561],"tags":[],"technique":[],"squelettes":[],"sujet":[],"formation":[],"genre":[],"fonds":[],"tradition":[],"type-de-contenu":[],"interprete-compositeur":[],"frise":[],"type-devenement":[],"tableaux-liens-externes":[],"class_list":["post-98642","post","type-post","status-publish","format-standard","has-post-thumbnail","hentry","category-cd-de","category-letzte-neuerwerbungen-de"],"acf":[],"yoast_head":"<!-- This site is optimized with the Yoast SEO plugin v27.3 - https:\/\/yoast.com\/product\/yoast-seo-wordpress\/ -->\n<title>Die Drei Kantoren &amp; Second Yom Tov - Institut Europ\u00e9en des Musiques Juives<\/title>\n<meta name=\"robots\" content=\"index, follow, max-snippet:-1, max-image-preview:large, max-video-preview:-1\" \/>\n<link rel=\"canonical\" href=\"https:\/\/www.iemj.org\/de\/die-drei-kantoren-et-second-yom-tov\/\" \/>\n<meta property=\"og:locale\" content=\"de_DE\" \/>\n<meta property=\"og:type\" content=\"article\" \/>\n<meta property=\"og:title\" content=\"Die Drei Kantoren &amp; Second Yom Tov - Institut Europ\u00e9en des Musiques Juives\" \/>\n<meta property=\"og:description\" content=\"Ido Ben-Gal, Amnon Seelig und Assaf Levitin stammen alle drei aus Israel und sind Mitglieder der Cantorial School des Abraham Geiger College an der Universit\u00e4t Potsdam in Deutschland. Sie gaben\" \/>\n<meta property=\"og:url\" content=\"https:\/\/www.iemj.org\/de\/die-drei-kantoren-et-second-yom-tov\/\" \/>\n<meta property=\"og:site_name\" content=\"Institut Europ\u00e9en des Musiques Juives\" \/>\n<meta property=\"article:publisher\" content=\"https:\/\/www.facebook.com\/MusiquesJuives\/\" \/>\n<meta property=\"article:published_time\" content=\"2016-05-10T10:15:13+00:00\" \/>\n<meta property=\"article:modified_time\" content=\"2025-09-08T09:25:02+00:00\" \/>\n<meta property=\"og:image\" content=\"https:\/\/www.iemj.org\/wp-content\/uploads\/2016\/05\/arton1679-e1619353289103.jpg\" \/>\n\t<meta property=\"og:image:width\" content=\"350\" \/>\n\t<meta property=\"og:image:height\" content=\"305\" \/>\n\t<meta property=\"og:image:type\" content=\"image\/jpeg\" \/>\n<meta name=\"author\" content=\"Jean-Gabriel Davis\" \/>\n<meta name=\"twitter:card\" content=\"summary_large_image\" \/>\n<meta name=\"twitter:label1\" content=\"Verfasst von\" \/>\n\t<meta name=\"twitter:data1\" content=\"Jean-Gabriel Davis\" \/>\n\t<meta name=\"twitter:label2\" content=\"Gesch\u00e4tzte Lesezeit\" \/>\n\t<meta name=\"twitter:data2\" content=\"2\u00a0Minuten\" \/>\n<script type=\"application\/ld+json\" class=\"yoast-schema-graph\">{\"@context\":\"https:\\\/\\\/schema.org\",\"@graph\":[{\"@type\":\"Article\",\"@id\":\"https:\\\/\\\/www.iemj.org\\\/de\\\/die-drei-kantoren-et-second-yom-tov\\\/#article\",\"isPartOf\":{\"@id\":\"https:\\\/\\\/www.iemj.org\\\/de\\\/die-drei-kantoren-et-second-yom-tov\\\/\"},\"author\":{\"name\":\"Jean-Gabriel Davis\",\"@id\":\"https:\\\/\\\/www.iemj.org\\\/de\\\/#\\\/schema\\\/person\\\/c9bc1c386a3749579a2d675e72a18666\"},\"headline\":\"Die Drei Kantoren &amp; Second Yom Tov\",\"datePublished\":\"2016-05-10T10:15:13+00:00\",\"dateModified\":\"2025-09-08T09:25:02+00:00\",\"mainEntityOfPage\":{\"@id\":\"https:\\\/\\\/www.iemj.org\\\/de\\\/die-drei-kantoren-et-second-yom-tov\\\/\"},\"wordCount\":147,\"publisher\":{\"@id\":\"https:\\\/\\\/www.iemj.org\\\/de\\\/#organization\"},\"image\":{\"@id\":\"https:\\\/\\\/www.iemj.org\\\/de\\\/die-drei-kantoren-et-second-yom-tov\\\/#primaryimage\"},\"thumbnailUrl\":\"https:\\\/\\\/www.iemj.org\\\/wp-content\\\/uploads\\\/2016\\\/05\\\/arton1679-e1619353289103.jpg\",\"articleSection\":[\"CD\",\"Letzte Neuerwerbungen\"],\"inLanguage\":\"de\"},{\"@type\":\"WebPage\",\"@id\":\"https:\\\/\\\/www.iemj.org\\\/de\\\/die-drei-kantoren-et-second-yom-tov\\\/\",\"url\":\"https:\\\/\\\/www.iemj.org\\\/de\\\/die-drei-kantoren-et-second-yom-tov\\\/\",\"name\":\"Die Drei Kantoren &amp; Second Yom Tov - Institut Europ\u00e9en des Musiques Juives\",\"isPartOf\":{\"@id\":\"https:\\\/\\\/www.iemj.org\\\/de\\\/#website\"},\"primaryImageOfPage\":{\"@id\":\"https:\\\/\\\/www.iemj.org\\\/de\\\/die-drei-kantoren-et-second-yom-tov\\\/#primaryimage\"},\"image\":{\"@id\":\"https:\\\/\\\/www.iemj.org\\\/de\\\/die-drei-kantoren-et-second-yom-tov\\\/#primaryimage\"},\"thumbnailUrl\":\"https:\\\/\\\/www.iemj.org\\\/wp-content\\\/uploads\\\/2016\\\/05\\\/arton1679-e1619353289103.jpg\",\"datePublished\":\"2016-05-10T10:15:13+00:00\",\"dateModified\":\"2025-09-08T09:25:02+00:00\",\"breadcrumb\":{\"@id\":\"https:\\\/\\\/www.iemj.org\\\/de\\\/die-drei-kantoren-et-second-yom-tov\\\/#breadcrumb\"},\"inLanguage\":\"de\",\"potentialAction\":[{\"@type\":\"ReadAction\",\"target\":[\"https:\\\/\\\/www.iemj.org\\\/de\\\/die-drei-kantoren-et-second-yom-tov\\\/\"]}]},{\"@type\":\"ImageObject\",\"inLanguage\":\"de\",\"@id\":\"https:\\\/\\\/www.iemj.org\\\/de\\\/die-drei-kantoren-et-second-yom-tov\\\/#primaryimage\",\"url\":\"https:\\\/\\\/www.iemj.org\\\/wp-content\\\/uploads\\\/2016\\\/05\\\/arton1679-e1619353289103.jpg\",\"contentUrl\":\"https:\\\/\\\/www.iemj.org\\\/wp-content\\\/uploads\\\/2016\\\/05\\\/arton1679-e1619353289103.jpg\",\"width\":350,\"height\":305},{\"@type\":\"BreadcrumbList\",\"@id\":\"https:\\\/\\\/www.iemj.org\\\/de\\\/die-drei-kantoren-et-second-yom-tov\\\/#breadcrumb\",\"itemListElement\":[{\"@type\":\"ListItem\",\"position\":1,\"name\":\"Accueil\",\"item\":\"https:\\\/\\\/www.iemj.org\\\/de\\\/\"},{\"@type\":\"ListItem\",\"position\":2,\"name\":\"Die Drei Kantoren &amp; Second Yom Tov\"}]},{\"@type\":\"WebSite\",\"@id\":\"https:\\\/\\\/www.iemj.org\\\/de\\\/#website\",\"url\":\"https:\\\/\\\/www.iemj.org\\\/de\\\/\",\"name\":\"Institut Europ\u00e9en des Musiques Juives\",\"description\":\"Des traditions musicales \u00e0 la port\u00e9e de tous\",\"publisher\":{\"@id\":\"https:\\\/\\\/www.iemj.org\\\/de\\\/#organization\"},\"potentialAction\":[{\"@type\":\"SearchAction\",\"target\":{\"@type\":\"EntryPoint\",\"urlTemplate\":\"https:\\\/\\\/www.iemj.org\\\/de\\\/?s={search_term_string}\"},\"query-input\":{\"@type\":\"PropertyValueSpecification\",\"valueRequired\":true,\"valueName\":\"search_term_string\"}}],\"inLanguage\":\"de\"},{\"@type\":\"Organization\",\"@id\":\"https:\\\/\\\/www.iemj.org\\\/de\\\/#organization\",\"name\":\"Institut Europ\u00e9en des Musiques Juives\",\"url\":\"https:\\\/\\\/www.iemj.org\\\/de\\\/\",\"logo\":{\"@type\":\"ImageObject\",\"inLanguage\":\"de\",\"@id\":\"https:\\\/\\\/www.iemj.org\\\/de\\\/#\\\/schema\\\/logo\\\/image\\\/\",\"url\":\"https:\\\/\\\/www.iemj.org\\\/wp-content\\\/uploads\\\/2021\\\/09\\\/Logo-IEMJ-Paypal.jpg\",\"contentUrl\":\"https:\\\/\\\/www.iemj.org\\\/wp-content\\\/uploads\\\/2021\\\/09\\\/Logo-IEMJ-Paypal.jpg\",\"width\":150,\"height\":50,\"caption\":\"Institut Europ\u00e9en des Musiques Juives\"},\"image\":{\"@id\":\"https:\\\/\\\/www.iemj.org\\\/de\\\/#\\\/schema\\\/logo\\\/image\\\/\"},\"sameAs\":[\"https:\\\/\\\/www.facebook.com\\\/MusiquesJuives\\\/\",\"https:\\\/\\\/www.instagram.com\\\/musiquesjuives\\\/\",\"https:\\\/\\\/www.youtube.com\\\/user\\\/musiquesjuives\"]},{\"@type\":\"Person\",\"@id\":\"https:\\\/\\\/www.iemj.org\\\/de\\\/#\\\/schema\\\/person\\\/c9bc1c386a3749579a2d675e72a18666\",\"name\":\"Jean-Gabriel Davis\",\"image\":{\"@type\":\"ImageObject\",\"inLanguage\":\"de\",\"@id\":\"https:\\\/\\\/secure.gravatar.com\\\/avatar\\\/2b90d67bdf392c9b3a21fab87c0fa7edaf1fb3a058172a1ffd61033fcec7aec1?s=96&d=mm&r=g\",\"url\":\"https:\\\/\\\/secure.gravatar.com\\\/avatar\\\/2b90d67bdf392c9b3a21fab87c0fa7edaf1fb3a058172a1ffd61033fcec7aec1?s=96&d=mm&r=g\",\"contentUrl\":\"https:\\\/\\\/secure.gravatar.com\\\/avatar\\\/2b90d67bdf392c9b3a21fab87c0fa7edaf1fb3a058172a1ffd61033fcec7aec1?s=96&d=mm&r=g\",\"caption\":\"Jean-Gabriel Davis\"}}]}<\/script>\n<!-- \/ Yoast SEO plugin. -->","yoast_head_json":{"title":"Die Drei Kantoren &amp; Second Yom Tov - Institut Europ\u00e9en des Musiques Juives","robots":{"index":"index","follow":"follow","max-snippet":"max-snippet:-1","max-image-preview":"max-image-preview:large","max-video-preview":"max-video-preview:-1"},"canonical":"https:\/\/www.iemj.org\/de\/die-drei-kantoren-et-second-yom-tov\/","og_locale":"de_DE","og_type":"article","og_title":"Die Drei Kantoren &amp; Second Yom Tov - Institut Europ\u00e9en des Musiques Juives","og_description":"Ido Ben-Gal, Amnon Seelig und Assaf Levitin stammen alle drei aus Israel und sind Mitglieder der Cantorial School des Abraham Geiger College an der Universit\u00e4t Potsdam in Deutschland. Sie gaben","og_url":"https:\/\/www.iemj.org\/de\/die-drei-kantoren-et-second-yom-tov\/","og_site_name":"Institut Europ\u00e9en des Musiques Juives","article_publisher":"https:\/\/www.facebook.com\/MusiquesJuives\/","article_published_time":"2016-05-10T10:15:13+00:00","article_modified_time":"2025-09-08T09:25:02+00:00","og_image":[{"width":350,"height":305,"url":"https:\/\/www.iemj.org\/wp-content\/uploads\/2016\/05\/arton1679-e1619353289103.jpg","type":"image\/jpeg"}],"author":"Jean-Gabriel Davis","twitter_card":"summary_large_image","twitter_misc":{"Verfasst von":"Jean-Gabriel Davis","Gesch\u00e4tzte Lesezeit":"2\u00a0Minuten"},"schema":{"@context":"https:\/\/schema.org","@graph":[{"@type":"Article","@id":"https:\/\/www.iemj.org\/de\/die-drei-kantoren-et-second-yom-tov\/#article","isPartOf":{"@id":"https:\/\/www.iemj.org\/de\/die-drei-kantoren-et-second-yom-tov\/"},"author":{"name":"Jean-Gabriel Davis","@id":"https:\/\/www.iemj.org\/de\/#\/schema\/person\/c9bc1c386a3749579a2d675e72a18666"},"headline":"Die Drei Kantoren &amp; Second Yom Tov","datePublished":"2016-05-10T10:15:13+00:00","dateModified":"2025-09-08T09:25:02+00:00","mainEntityOfPage":{"@id":"https:\/\/www.iemj.org\/de\/die-drei-kantoren-et-second-yom-tov\/"},"wordCount":147,"publisher":{"@id":"https:\/\/www.iemj.org\/de\/#organization"},"image":{"@id":"https:\/\/www.iemj.org\/de\/die-drei-kantoren-et-second-yom-tov\/#primaryimage"},"thumbnailUrl":"https:\/\/www.iemj.org\/wp-content\/uploads\/2016\/05\/arton1679-e1619353289103.jpg","articleSection":["CD","Letzte Neuerwerbungen"],"inLanguage":"de"},{"@type":"WebPage","@id":"https:\/\/www.iemj.org\/de\/die-drei-kantoren-et-second-yom-tov\/","url":"https:\/\/www.iemj.org\/de\/die-drei-kantoren-et-second-yom-tov\/","name":"Die Drei Kantoren &amp; Second Yom Tov - Institut Europ\u00e9en des Musiques Juives","isPartOf":{"@id":"https:\/\/www.iemj.org\/de\/#website"},"primaryImageOfPage":{"@id":"https:\/\/www.iemj.org\/de\/die-drei-kantoren-et-second-yom-tov\/#primaryimage"},"image":{"@id":"https:\/\/www.iemj.org\/de\/die-drei-kantoren-et-second-yom-tov\/#primaryimage"},"thumbnailUrl":"https:\/\/www.iemj.org\/wp-content\/uploads\/2016\/05\/arton1679-e1619353289103.jpg","datePublished":"2016-05-10T10:15:13+00:00","dateModified":"2025-09-08T09:25:02+00:00","breadcrumb":{"@id":"https:\/\/www.iemj.org\/de\/die-drei-kantoren-et-second-yom-tov\/#breadcrumb"},"inLanguage":"de","potentialAction":[{"@type":"ReadAction","target":["https:\/\/www.iemj.org\/de\/die-drei-kantoren-et-second-yom-tov\/"]}]},{"@type":"ImageObject","inLanguage":"de","@id":"https:\/\/www.iemj.org\/de\/die-drei-kantoren-et-second-yom-tov\/#primaryimage","url":"https:\/\/www.iemj.org\/wp-content\/uploads\/2016\/05\/arton1679-e1619353289103.jpg","contentUrl":"https:\/\/www.iemj.org\/wp-content\/uploads\/2016\/05\/arton1679-e1619353289103.jpg","width":350,"height":305},{"@type":"BreadcrumbList","@id":"https:\/\/www.iemj.org\/de\/die-drei-kantoren-et-second-yom-tov\/#breadcrumb","itemListElement":[{"@type":"ListItem","position":1,"name":"Accueil","item":"https:\/\/www.iemj.org\/de\/"},{"@type":"ListItem","position":2,"name":"Die Drei Kantoren &amp; Second Yom Tov"}]},{"@type":"WebSite","@id":"https:\/\/www.iemj.org\/de\/#website","url":"https:\/\/www.iemj.org\/de\/","name":"Institut Europ\u00e9en des Musiques Juives","description":"Des traditions musicales \u00e0 la port\u00e9e de tous","publisher":{"@id":"https:\/\/www.iemj.org\/de\/#organization"},"potentialAction":[{"@type":"SearchAction","target":{"@type":"EntryPoint","urlTemplate":"https:\/\/www.iemj.org\/de\/?s={search_term_string}"},"query-input":{"@type":"PropertyValueSpecification","valueRequired":true,"valueName":"search_term_string"}}],"inLanguage":"de"},{"@type":"Organization","@id":"https:\/\/www.iemj.org\/de\/#organization","name":"Institut Europ\u00e9en des Musiques Juives","url":"https:\/\/www.iemj.org\/de\/","logo":{"@type":"ImageObject","inLanguage":"de","@id":"https:\/\/www.iemj.org\/de\/#\/schema\/logo\/image\/","url":"https:\/\/www.iemj.org\/wp-content\/uploads\/2021\/09\/Logo-IEMJ-Paypal.jpg","contentUrl":"https:\/\/www.iemj.org\/wp-content\/uploads\/2021\/09\/Logo-IEMJ-Paypal.jpg","width":150,"height":50,"caption":"Institut Europ\u00e9en des Musiques Juives"},"image":{"@id":"https:\/\/www.iemj.org\/de\/#\/schema\/logo\/image\/"},"sameAs":["https:\/\/www.facebook.com\/MusiquesJuives\/","https:\/\/www.instagram.com\/musiquesjuives\/","https:\/\/www.youtube.com\/user\/musiquesjuives"]},{"@type":"Person","@id":"https:\/\/www.iemj.org\/de\/#\/schema\/person\/c9bc1c386a3749579a2d675e72a18666","name":"Jean-Gabriel Davis","image":{"@type":"ImageObject","inLanguage":"de","@id":"https:\/\/secure.gravatar.com\/avatar\/2b90d67bdf392c9b3a21fab87c0fa7edaf1fb3a058172a1ffd61033fcec7aec1?s=96&d=mm&r=g","url":"https:\/\/secure.gravatar.com\/avatar\/2b90d67bdf392c9b3a21fab87c0fa7edaf1fb3a058172a1ffd61033fcec7aec1?s=96&d=mm&r=g","contentUrl":"https:\/\/secure.gravatar.com\/avatar\/2b90d67bdf392c9b3a21fab87c0fa7edaf1fb3a058172a1ffd61033fcec7aec1?s=96&d=mm&r=g","caption":"Jean-Gabriel Davis"}}]}},"_links":{"self":[{"href":"https:\/\/www.iemj.org\/de\/wp-json\/wp\/v2\/posts\/98642","targetHints":{"allow":["GET"]}}],"collection":[{"href":"https:\/\/www.iemj.org\/de\/wp-json\/wp\/v2\/posts"}],"about":[{"href":"https:\/\/www.iemj.org\/de\/wp-json\/wp\/v2\/types\/post"}],"author":[{"embeddable":true,"href":"https:\/\/www.iemj.org\/de\/wp-json\/wp\/v2\/users\/1048"}],"replies":[{"embeddable":true,"href":"https:\/\/www.iemj.org\/de\/wp-json\/wp\/v2\/comments?post=98642"}],"version-history":[{"count":0,"href":"https:\/\/www.iemj.org\/de\/wp-json\/wp\/v2\/posts\/98642\/revisions"}],"wp:featuredmedia":[{"embeddable":true,"href":"https:\/\/www.iemj.org\/de\/wp-json\/wp\/v2\/media\/98644"}],"wp:attachment":[{"href":"https:\/\/www.iemj.org\/de\/wp-json\/wp\/v2\/media?parent=98642"}],"wp:term":[{"taxonomy":"category","embeddable":true,"href":"https:\/\/www.iemj.org\/de\/wp-json\/wp\/v2\/categories?post=98642"},{"taxonomy":"post_tag","embeddable":true,"href":"https:\/\/www.iemj.org\/de\/wp-json\/wp\/v2\/tags?post=98642"},{"taxonomy":"technique","embeddable":true,"href":"https:\/\/www.iemj.org\/de\/wp-json\/wp\/v2\/technique?post=98642"},{"taxonomy":"squelettes","embeddable":true,"href":"https:\/\/www.iemj.org\/de\/wp-json\/wp\/v2\/squelettes?post=98642"},{"taxonomy":"sujet","embeddable":true,"href":"https:\/\/www.iemj.org\/de\/wp-json\/wp\/v2\/sujet?post=98642"},{"taxonomy":"formation","embeddable":true,"href":"https:\/\/www.iemj.org\/de\/wp-json\/wp\/v2\/formation?post=98642"},{"taxonomy":"genre","embeddable":true,"href":"https:\/\/www.iemj.org\/de\/wp-json\/wp\/v2\/genre?post=98642"},{"taxonomy":"fonds","embeddable":true,"href":"https:\/\/www.iemj.org\/de\/wp-json\/wp\/v2\/fonds?post=98642"},{"taxonomy":"tradition","embeddable":true,"href":"https:\/\/www.iemj.org\/de\/wp-json\/wp\/v2\/tradition?post=98642"},{"taxonomy":"type-de-contenu","embeddable":true,"href":"https:\/\/www.iemj.org\/de\/wp-json\/wp\/v2\/type-de-contenu?post=98642"},{"taxonomy":"interprete-compositeur","embeddable":true,"href":"https:\/\/www.iemj.org\/de\/wp-json\/wp\/v2\/interprete-compositeur?post=98642"},{"taxonomy":"frise","embeddable":true,"href":"https:\/\/www.iemj.org\/de\/wp-json\/wp\/v2\/frise?post=98642"},{"taxonomy":"type-devenement","embeddable":true,"href":"https:\/\/www.iemj.org\/de\/wp-json\/wp\/v2\/type-devenement?post=98642"},{"taxonomy":"tableaux-liens-externes","embeddable":true,"href":"https:\/\/www.iemj.org\/de\/wp-json\/wp\/v2\/tableaux-liens-externes?post=98642"}],"curies":[{"name":"wp","href":"https:\/\/api.w.org\/{rel}","templated":true}]}}