{"id":98674,"date":"2013-06-28T17:04:00","date_gmt":"2013-06-28T15:04:00","guid":{"rendered":"https:\/\/www.iemj.org\/deuxieme-universite-dete-judeo-espagnole-a-paris\/"},"modified":"2023-06-28T10:26:44","modified_gmt":"2023-06-28T08:26:44","slug":"deuxieme-universite-dete-judeo-espagnole-a-paris","status":"publish","type":"post","link":"https:\/\/www.iemj.org\/de\/deuxieme-universite-dete-judeo-espagnole-a-paris\/","title":{"rendered":"ZWEITE J\u00dcDISCH-SPANISCHE SOMMERUNIVERSIT\u00c4T IN PARIS"},"content":{"rendered":"<p><strong>VOM 7. BIS 12. JULI 2013 im Centre Edmond Safra &#8211; 6 bis rue Michel-Ange &#8211; Paris 16.<\/strong><\/p>\n<p><!--more--><\/p>\n<p>Im Juli 2012 brachte die erste j\u00fcdisch-spanische Sommeruniversit\u00e4t, die von Aki Estamos, der AIU, dem IEMJ und dem INALCO organisiert wurde, mehr als 130 Teilnehmer rund um die j\u00fcdisch-spanische Kultur zusammen.<\/p>\n<p>Im Jahr 2013 bietet die zweite j\u00fcdisch-spanische Sommeruniversit\u00e4t neue Aktivit\u00e4ten und Themen. Unter den in diesem Jahr angebotenen Themen nimmt das marranische Abenteuer einen wichtigen Platz ein. Die T\u00fcrkei, Spanien und Marokko werden ebenfalls durch die Beitr\u00e4ge der G\u00e4ste behandelt, ohne die unvermeidliche Erinnerungs- und Genealogiearbeit zu vergessen, um sich besser in die Zukunft zu projizieren.<\/p>\n<p>Musik und Gesang werden mit Workshops am Vormittag, drei Konferenzen und f\u00fcnf Konzertabenden vertreten sein.<\/p>\n<p>Das Institut Europ\u00e9en des musiques Juives, Partner der Veranstaltung, wird durch den Vortrag seines Direktors Herv\u00e9 Roten \u00fcber &#8222;die musikalische Tradition der marranischen Gemeinden im S\u00fcdwesten Frankreichs&#8220; bei der Podiumsdiskussion &#8222;Trajectoires et singularit\u00e9s marranes&#8220; am 8. Juli 2013 pr\u00e4sent sein.<\/p>\n<p>Zur Erinnerung: Die j\u00fcdisch-spanische Sommeruniversit\u00e4t steht allen Interessierten nach einfacher Anmeldung offen.<\/p>\n<p>Kostenbeteiligung: von 1 bis 5 Tagen: 50 bis 200 \u20ac.<\/p>\n<p><object id=\"_fp_0.18288300931453705\" data=\"http:\/\/www.akadem.org\/public\/video-embed\/flowplayer\/flowplayer.commercial-3.2.16.swf\" type=\"application\/x-shockwave-flash\" name=\"player\" width=\"555\" height=\"416\"><param value=\"true\" name=\"allowfullscreen\" \/><param value=\"always\" name=\"allowscriptaccess\" \/><param value=\"transparent\" name=\"wmode\" \/><param value=\"high\" name=\"quality\" \/><param name=\"movie\" value=\"http:\/\/www.akadem.org\/public\/video-embed\/flowplayer\/flowplayer.commercial-3.2.16.swf\" \/><param value=\"config=%7B%22clip%22%3A%7B%22autoPlay%22%3Atrue%2C%22scaling%22%3A%22fit%22%2C%22url%22%3A%22mp4%3A2455_BC_MULTI.mp4%22%2C%22provider%22%3A%22rtmp%22%7D%2C%22key%22%3A%22%23%24eb18927a7b324f257ba%22%2C%22logo%22%3A%7B%22linkUrl%22%3A%22%22%2C%22width%22%3A100%2C%22left%22%3A5%2C%22url%22%3A%22http%3A\/\/www.akadem.org\/public\/video-embed\/logo-akadem-videoplayer.png%22%2C%22height%22%3A25%2C%22fullscreenOnly%22%3Afalse%2C%22top%22%3A10%2C%22displayTime%22%3A100%7D%2C%22plugins%22%3A%7B%22sharing%22%3A%7B%22twitter%22%3Afalse%2C%22buttons%22%3A%7B%22overColor%22%3A%22%23ff0000%22%7D%2C%22embed%22%3Afalse%2C%22email%22%3Afalse%2C%22facebook%22%3Afalse%2C%22callType%22%3A%22default%22%2C%22share%22%3Afalse%2C%22url%22%3A%22http%3A\/\/www.akadem.org\/public\/video-embed\/flowplayer.sharing-3.2.8.swf%22%7D%2C%22rtmp%22%3A%7B%22callType%22%3A%22default%22%2C%22netConnectionUrl%22%3A%22rtmp%3A\/\/akadem-vod.streaminternet.com\/vod%22%2C%22url%22%3A%22flowplayer.rtmp-3.2.3.swf%22%7D%2C%22controls%22%3A%7B%22url%22%3A%22org.flowplayer.controls.Controls%22%2C%22callType%22%3A%22default%22%7D%2C%22dock%22%3A%7B%22autoHide%22%3A%7B%22fullscreenOnly%22%3Afalse%2C%22hideDelay%22%3A100%7D%2C%22horizontal%22%3Afalse%2C%22right%22%3A15%2C%22width%22%3A%2210pct%22%7D%7D%2C%22playlist%22%3A%5B%7B%22autoPlay%22%3Atrue%2C%22scaling%22%3A%22fit%22%2C%22url%22%3A%22mp4%3A2455_BC_MULTI.mp4%22%2C%22ipadUrl%22%3A%22http%3A\/\/akadem-vod.streaminternet.com\/vod\/2455_BC_MULTI.mp4%22%2C%22provider%22%3A%22rtmp%22%7D%5D%7D\" name=\"flashvars\" \/><video controls=\"controls\" width=\"555\" height=\"416\"><source src=\"http:\/\/akadem-vod.streaminternet.com\/vod\/2455_BC_MULTI.mp4\" \/><\/video><\/object><\/p>\n<p><span style=\"color: #6e6e6e; font-size: 11px; font-family: arial; display: block; margin-top: 8px;\"> En partenariat avec <a style=\"color: #ad0800;\" href=\"http:\/\/www.akadem.org\/_articles\/830\/53830.php\" target=\"_blank\" rel=\"noopener noreferrer\">akadem<\/a><\/span><br \/>\n<a href=\"https:\/\/www.iemj.org\/wp-content\/uploads\/2013\/06\/brochure_ueje_2013.pdf\" target=\"_blank\" rel=\"noopener\">Brosch\u00fcre der UEJE 2013 ansehen<\/a><\/p>\n","protected":false},"excerpt":{"rendered":"<p>VOM 7. BIS 12. JULI 2013 im Centre Edmond Safra &#8211; 6 bis rue Michel-Ange &#8211; Paris 16.<\/p>\n","protected":false},"author":1045,"featured_media":98675,"comment_status":"closed","ping_status":"closed","sticky":false,"template":"","format":"standard","meta":{"_acf_changed":false,"footnotes":""},"categories":[1418,1370],"tags":[3420],"technique":[],"squelettes":[],"sujet":[],"formation":[],"genre":[],"fonds":[],"tradition":[],"type-de-contenu":[],"interprete-compositeur":[],"frise":[],"type-devenement":[],"tableaux-liens-externes":[],"class_list":["post-98674","post","type-post","status-publish","format-standard","has-post-thumbnail","hentry","category-kurse-konferenzen-2-de","category-veranstaltungen-de","tag-partner-veranstaltungen-de"],"acf":[],"yoast_head":"<!-- This site is optimized with the Yoast SEO plugin v27.3 - https:\/\/yoast.com\/product\/yoast-seo-wordpress\/ -->\n<title>ZWEITE J\u00dcDISCH-SPANISCHE SOMMERUNIVERSIT\u00c4T IN PARIS - Institut Europ\u00e9en des Musiques Juives<\/title>\n<meta name=\"robots\" content=\"index, follow, max-snippet:-1, max-image-preview:large, max-video-preview:-1\" \/>\n<link rel=\"canonical\" href=\"https:\/\/www.iemj.org\/de\/deuxieme-universite-dete-judeo-espagnole-a-paris\/\" \/>\n<meta property=\"og:locale\" content=\"de_DE\" \/>\n<meta property=\"og:type\" content=\"article\" \/>\n<meta property=\"og:title\" content=\"ZWEITE J\u00dcDISCH-SPANISCHE SOMMERUNIVERSIT\u00c4T IN PARIS - Institut Europ\u00e9en des Musiques Juives\" \/>\n<meta property=\"og:description\" content=\"VOM 7. BIS 12. JULI 2013 im Centre Edmond Safra &#8211; 6 bis rue Michel-Ange &#8211; Paris 16.\" \/>\n<meta property=\"og:url\" content=\"https:\/\/www.iemj.org\/de\/deuxieme-universite-dete-judeo-espagnole-a-paris\/\" \/>\n<meta property=\"og:site_name\" content=\"Institut Europ\u00e9en des Musiques Juives\" \/>\n<meta property=\"article:publisher\" content=\"https:\/\/www.facebook.com\/MusiquesJuives\/\" \/>\n<meta property=\"article:published_time\" content=\"2013-06-28T15:04:00+00:00\" \/>\n<meta property=\"article:modified_time\" content=\"2023-06-28T08:26:44+00:00\" \/>\n<meta property=\"og:image\" content=\"https:\/\/www.iemj.org\/wp-content\/uploads\/2013\/06\/arton722.jpg\" \/>\n\t<meta property=\"og:image:width\" content=\"377\" \/>\n\t<meta property=\"og:image:height\" content=\"567\" \/>\n\t<meta property=\"og:image:type\" content=\"image\/jpeg\" \/>\n<meta name=\"author\" content=\"Herv\u00e9 Roten\" \/>\n<meta name=\"twitter:card\" content=\"summary_large_image\" \/>\n<meta name=\"twitter:label1\" content=\"Verfasst von\" \/>\n\t<meta name=\"twitter:data1\" content=\"Herv\u00e9 Roten\" \/>\n\t<meta name=\"twitter:label2\" content=\"Gesch\u00e4tzte Lesezeit\" \/>\n\t<meta name=\"twitter:data2\" content=\"1\u00a0Minute\" \/>\n<script type=\"application\/ld+json\" class=\"yoast-schema-graph\">{\"@context\":\"https:\\\/\\\/schema.org\",\"@graph\":[{\"@type\":\"Article\",\"@id\":\"https:\\\/\\\/www.iemj.org\\\/de\\\/deuxieme-universite-dete-judeo-espagnole-a-paris\\\/#article\",\"isPartOf\":{\"@id\":\"https:\\\/\\\/www.iemj.org\\\/de\\\/deuxieme-universite-dete-judeo-espagnole-a-paris\\\/\"},\"author\":{\"name\":\"Herv\u00e9 Roten\",\"@id\":\"https:\\\/\\\/www.iemj.org\\\/de\\\/#\\\/schema\\\/person\\\/906134402c29d5c76e7b726261dd4bbd\"},\"headline\":\"ZWEITE J\u00dcDISCH-SPANISCHE SOMMERUNIVERSIT\u00c4T IN PARIS\",\"datePublished\":\"2013-06-28T15:04:00+00:00\",\"dateModified\":\"2023-06-28T08:26:44+00:00\",\"mainEntityOfPage\":{\"@id\":\"https:\\\/\\\/www.iemj.org\\\/de\\\/deuxieme-universite-dete-judeo-espagnole-a-paris\\\/\"},\"wordCount\":199,\"publisher\":{\"@id\":\"https:\\\/\\\/www.iemj.org\\\/de\\\/#organization\"},\"image\":{\"@id\":\"https:\\\/\\\/www.iemj.org\\\/de\\\/deuxieme-universite-dete-judeo-espagnole-a-paris\\\/#primaryimage\"},\"thumbnailUrl\":\"https:\\\/\\\/www.iemj.org\\\/wp-content\\\/uploads\\\/2013\\\/06\\\/arton722.jpg\",\"keywords\":[\"Partner-Veranstaltungen\"],\"articleSection\":[\"Kurse \\\/ Konferenzen\",\"Veranstaltungen\"],\"inLanguage\":\"de\"},{\"@type\":\"WebPage\",\"@id\":\"https:\\\/\\\/www.iemj.org\\\/de\\\/deuxieme-universite-dete-judeo-espagnole-a-paris\\\/\",\"url\":\"https:\\\/\\\/www.iemj.org\\\/de\\\/deuxieme-universite-dete-judeo-espagnole-a-paris\\\/\",\"name\":\"ZWEITE J\u00dcDISCH-SPANISCHE SOMMERUNIVERSIT\u00c4T IN PARIS - Institut Europ\u00e9en des Musiques Juives\",\"isPartOf\":{\"@id\":\"https:\\\/\\\/www.iemj.org\\\/de\\\/#website\"},\"primaryImageOfPage\":{\"@id\":\"https:\\\/\\\/www.iemj.org\\\/de\\\/deuxieme-universite-dete-judeo-espagnole-a-paris\\\/#primaryimage\"},\"image\":{\"@id\":\"https:\\\/\\\/www.iemj.org\\\/de\\\/deuxieme-universite-dete-judeo-espagnole-a-paris\\\/#primaryimage\"},\"thumbnailUrl\":\"https:\\\/\\\/www.iemj.org\\\/wp-content\\\/uploads\\\/2013\\\/06\\\/arton722.jpg\",\"datePublished\":\"2013-06-28T15:04:00+00:00\",\"dateModified\":\"2023-06-28T08:26:44+00:00\",\"breadcrumb\":{\"@id\":\"https:\\\/\\\/www.iemj.org\\\/de\\\/deuxieme-universite-dete-judeo-espagnole-a-paris\\\/#breadcrumb\"},\"inLanguage\":\"de\",\"potentialAction\":[{\"@type\":\"ReadAction\",\"target\":[\"https:\\\/\\\/www.iemj.org\\\/de\\\/deuxieme-universite-dete-judeo-espagnole-a-paris\\\/\"]}]},{\"@type\":\"ImageObject\",\"inLanguage\":\"de\",\"@id\":\"https:\\\/\\\/www.iemj.org\\\/de\\\/deuxieme-universite-dete-judeo-espagnole-a-paris\\\/#primaryimage\",\"url\":\"https:\\\/\\\/www.iemj.org\\\/wp-content\\\/uploads\\\/2013\\\/06\\\/arton722.jpg\",\"contentUrl\":\"https:\\\/\\\/www.iemj.org\\\/wp-content\\\/uploads\\\/2013\\\/06\\\/arton722.jpg\",\"width\":377,\"height\":567},{\"@type\":\"BreadcrumbList\",\"@id\":\"https:\\\/\\\/www.iemj.org\\\/de\\\/deuxieme-universite-dete-judeo-espagnole-a-paris\\\/#breadcrumb\",\"itemListElement\":[{\"@type\":\"ListItem\",\"position\":1,\"name\":\"Accueil\",\"item\":\"https:\\\/\\\/www.iemj.org\\\/de\\\/\"},{\"@type\":\"ListItem\",\"position\":2,\"name\":\"ZWEITE J\u00dcDISCH-SPANISCHE SOMMERUNIVERSIT\u00c4T IN PARIS\"}]},{\"@type\":\"WebSite\",\"@id\":\"https:\\\/\\\/www.iemj.org\\\/de\\\/#website\",\"url\":\"https:\\\/\\\/www.iemj.org\\\/de\\\/\",\"name\":\"Institut Europ\u00e9en des Musiques Juives\",\"description\":\"Des traditions musicales \u00e0 la port\u00e9e de tous\",\"publisher\":{\"@id\":\"https:\\\/\\\/www.iemj.org\\\/de\\\/#organization\"},\"potentialAction\":[{\"@type\":\"SearchAction\",\"target\":{\"@type\":\"EntryPoint\",\"urlTemplate\":\"https:\\\/\\\/www.iemj.org\\\/de\\\/?s={search_term_string}\"},\"query-input\":{\"@type\":\"PropertyValueSpecification\",\"valueRequired\":true,\"valueName\":\"search_term_string\"}}],\"inLanguage\":\"de\"},{\"@type\":\"Organization\",\"@id\":\"https:\\\/\\\/www.iemj.org\\\/de\\\/#organization\",\"name\":\"Institut Europ\u00e9en des Musiques Juives\",\"url\":\"https:\\\/\\\/www.iemj.org\\\/de\\\/\",\"logo\":{\"@type\":\"ImageObject\",\"inLanguage\":\"de\",\"@id\":\"https:\\\/\\\/www.iemj.org\\\/de\\\/#\\\/schema\\\/logo\\\/image\\\/\",\"url\":\"https:\\\/\\\/www.iemj.org\\\/wp-content\\\/uploads\\\/2021\\\/09\\\/Logo-IEMJ-Paypal.jpg\",\"contentUrl\":\"https:\\\/\\\/www.iemj.org\\\/wp-content\\\/uploads\\\/2021\\\/09\\\/Logo-IEMJ-Paypal.jpg\",\"width\":150,\"height\":50,\"caption\":\"Institut Europ\u00e9en des Musiques Juives\"},\"image\":{\"@id\":\"https:\\\/\\\/www.iemj.org\\\/de\\\/#\\\/schema\\\/logo\\\/image\\\/\"},\"sameAs\":[\"https:\\\/\\\/www.facebook.com\\\/MusiquesJuives\\\/\",\"https:\\\/\\\/www.instagram.com\\\/musiquesjuives\\\/\",\"https:\\\/\\\/www.youtube.com\\\/user\\\/musiquesjuives\"]},{\"@type\":\"Person\",\"@id\":\"https:\\\/\\\/www.iemj.org\\\/de\\\/#\\\/schema\\\/person\\\/906134402c29d5c76e7b726261dd4bbd\",\"name\":\"Herv\u00e9 Roten\",\"image\":{\"@type\":\"ImageObject\",\"inLanguage\":\"de\",\"@id\":\"https:\\\/\\\/secure.gravatar.com\\\/avatar\\\/f96ad2db538a26481f18384936b5cd0610c92d390c4dc382209216d455f685ff?s=96&d=mm&r=g\",\"url\":\"https:\\\/\\\/secure.gravatar.com\\\/avatar\\\/f96ad2db538a26481f18384936b5cd0610c92d390c4dc382209216d455f685ff?s=96&d=mm&r=g\",\"contentUrl\":\"https:\\\/\\\/secure.gravatar.com\\\/avatar\\\/f96ad2db538a26481f18384936b5cd0610c92d390c4dc382209216d455f685ff?s=96&d=mm&r=g\",\"caption\":\"Herv\u00e9 Roten\"}}]}<\/script>\n<!-- \/ Yoast SEO plugin. -->","yoast_head_json":{"title":"ZWEITE J\u00dcDISCH-SPANISCHE SOMMERUNIVERSIT\u00c4T IN PARIS - Institut Europ\u00e9en des Musiques Juives","robots":{"index":"index","follow":"follow","max-snippet":"max-snippet:-1","max-image-preview":"max-image-preview:large","max-video-preview":"max-video-preview:-1"},"canonical":"https:\/\/www.iemj.org\/de\/deuxieme-universite-dete-judeo-espagnole-a-paris\/","og_locale":"de_DE","og_type":"article","og_title":"ZWEITE J\u00dcDISCH-SPANISCHE SOMMERUNIVERSIT\u00c4T IN PARIS - Institut Europ\u00e9en des Musiques Juives","og_description":"VOM 7. BIS 12. JULI 2013 im Centre Edmond Safra &#8211; 6 bis rue Michel-Ange &#8211; Paris 16.","og_url":"https:\/\/www.iemj.org\/de\/deuxieme-universite-dete-judeo-espagnole-a-paris\/","og_site_name":"Institut Europ\u00e9en des Musiques Juives","article_publisher":"https:\/\/www.facebook.com\/MusiquesJuives\/","article_published_time":"2013-06-28T15:04:00+00:00","article_modified_time":"2023-06-28T08:26:44+00:00","og_image":[{"width":377,"height":567,"url":"https:\/\/www.iemj.org\/wp-content\/uploads\/2013\/06\/arton722.jpg","type":"image\/jpeg"}],"author":"Herv\u00e9 Roten","twitter_card":"summary_large_image","twitter_misc":{"Verfasst von":"Herv\u00e9 Roten","Gesch\u00e4tzte Lesezeit":"1\u00a0Minute"},"schema":{"@context":"https:\/\/schema.org","@graph":[{"@type":"Article","@id":"https:\/\/www.iemj.org\/de\/deuxieme-universite-dete-judeo-espagnole-a-paris\/#article","isPartOf":{"@id":"https:\/\/www.iemj.org\/de\/deuxieme-universite-dete-judeo-espagnole-a-paris\/"},"author":{"name":"Herv\u00e9 Roten","@id":"https:\/\/www.iemj.org\/de\/#\/schema\/person\/906134402c29d5c76e7b726261dd4bbd"},"headline":"ZWEITE J\u00dcDISCH-SPANISCHE SOMMERUNIVERSIT\u00c4T IN PARIS","datePublished":"2013-06-28T15:04:00+00:00","dateModified":"2023-06-28T08:26:44+00:00","mainEntityOfPage":{"@id":"https:\/\/www.iemj.org\/de\/deuxieme-universite-dete-judeo-espagnole-a-paris\/"},"wordCount":199,"publisher":{"@id":"https:\/\/www.iemj.org\/de\/#organization"},"image":{"@id":"https:\/\/www.iemj.org\/de\/deuxieme-universite-dete-judeo-espagnole-a-paris\/#primaryimage"},"thumbnailUrl":"https:\/\/www.iemj.org\/wp-content\/uploads\/2013\/06\/arton722.jpg","keywords":["Partner-Veranstaltungen"],"articleSection":["Kurse \/ Konferenzen","Veranstaltungen"],"inLanguage":"de"},{"@type":"WebPage","@id":"https:\/\/www.iemj.org\/de\/deuxieme-universite-dete-judeo-espagnole-a-paris\/","url":"https:\/\/www.iemj.org\/de\/deuxieme-universite-dete-judeo-espagnole-a-paris\/","name":"ZWEITE J\u00dcDISCH-SPANISCHE SOMMERUNIVERSIT\u00c4T IN PARIS - Institut Europ\u00e9en des Musiques Juives","isPartOf":{"@id":"https:\/\/www.iemj.org\/de\/#website"},"primaryImageOfPage":{"@id":"https:\/\/www.iemj.org\/de\/deuxieme-universite-dete-judeo-espagnole-a-paris\/#primaryimage"},"image":{"@id":"https:\/\/www.iemj.org\/de\/deuxieme-universite-dete-judeo-espagnole-a-paris\/#primaryimage"},"thumbnailUrl":"https:\/\/www.iemj.org\/wp-content\/uploads\/2013\/06\/arton722.jpg","datePublished":"2013-06-28T15:04:00+00:00","dateModified":"2023-06-28T08:26:44+00:00","breadcrumb":{"@id":"https:\/\/www.iemj.org\/de\/deuxieme-universite-dete-judeo-espagnole-a-paris\/#breadcrumb"},"inLanguage":"de","potentialAction":[{"@type":"ReadAction","target":["https:\/\/www.iemj.org\/de\/deuxieme-universite-dete-judeo-espagnole-a-paris\/"]}]},{"@type":"ImageObject","inLanguage":"de","@id":"https:\/\/www.iemj.org\/de\/deuxieme-universite-dete-judeo-espagnole-a-paris\/#primaryimage","url":"https:\/\/www.iemj.org\/wp-content\/uploads\/2013\/06\/arton722.jpg","contentUrl":"https:\/\/www.iemj.org\/wp-content\/uploads\/2013\/06\/arton722.jpg","width":377,"height":567},{"@type":"BreadcrumbList","@id":"https:\/\/www.iemj.org\/de\/deuxieme-universite-dete-judeo-espagnole-a-paris\/#breadcrumb","itemListElement":[{"@type":"ListItem","position":1,"name":"Accueil","item":"https:\/\/www.iemj.org\/de\/"},{"@type":"ListItem","position":2,"name":"ZWEITE J\u00dcDISCH-SPANISCHE SOMMERUNIVERSIT\u00c4T IN PARIS"}]},{"@type":"WebSite","@id":"https:\/\/www.iemj.org\/de\/#website","url":"https:\/\/www.iemj.org\/de\/","name":"Institut Europ\u00e9en des Musiques Juives","description":"Des traditions musicales \u00e0 la port\u00e9e de tous","publisher":{"@id":"https:\/\/www.iemj.org\/de\/#organization"},"potentialAction":[{"@type":"SearchAction","target":{"@type":"EntryPoint","urlTemplate":"https:\/\/www.iemj.org\/de\/?s={search_term_string}"},"query-input":{"@type":"PropertyValueSpecification","valueRequired":true,"valueName":"search_term_string"}}],"inLanguage":"de"},{"@type":"Organization","@id":"https:\/\/www.iemj.org\/de\/#organization","name":"Institut Europ\u00e9en des Musiques Juives","url":"https:\/\/www.iemj.org\/de\/","logo":{"@type":"ImageObject","inLanguage":"de","@id":"https:\/\/www.iemj.org\/de\/#\/schema\/logo\/image\/","url":"https:\/\/www.iemj.org\/wp-content\/uploads\/2021\/09\/Logo-IEMJ-Paypal.jpg","contentUrl":"https:\/\/www.iemj.org\/wp-content\/uploads\/2021\/09\/Logo-IEMJ-Paypal.jpg","width":150,"height":50,"caption":"Institut Europ\u00e9en des Musiques Juives"},"image":{"@id":"https:\/\/www.iemj.org\/de\/#\/schema\/logo\/image\/"},"sameAs":["https:\/\/www.facebook.com\/MusiquesJuives\/","https:\/\/www.instagram.com\/musiquesjuives\/","https:\/\/www.youtube.com\/user\/musiquesjuives"]},{"@type":"Person","@id":"https:\/\/www.iemj.org\/de\/#\/schema\/person\/906134402c29d5c76e7b726261dd4bbd","name":"Herv\u00e9 Roten","image":{"@type":"ImageObject","inLanguage":"de","@id":"https:\/\/secure.gravatar.com\/avatar\/f96ad2db538a26481f18384936b5cd0610c92d390c4dc382209216d455f685ff?s=96&d=mm&r=g","url":"https:\/\/secure.gravatar.com\/avatar\/f96ad2db538a26481f18384936b5cd0610c92d390c4dc382209216d455f685ff?s=96&d=mm&r=g","contentUrl":"https:\/\/secure.gravatar.com\/avatar\/f96ad2db538a26481f18384936b5cd0610c92d390c4dc382209216d455f685ff?s=96&d=mm&r=g","caption":"Herv\u00e9 Roten"}}]}},"_links":{"self":[{"href":"https:\/\/www.iemj.org\/de\/wp-json\/wp\/v2\/posts\/98674","targetHints":{"allow":["GET"]}}],"collection":[{"href":"https:\/\/www.iemj.org\/de\/wp-json\/wp\/v2\/posts"}],"about":[{"href":"https:\/\/www.iemj.org\/de\/wp-json\/wp\/v2\/types\/post"}],"author":[{"embeddable":true,"href":"https:\/\/www.iemj.org\/de\/wp-json\/wp\/v2\/users\/1045"}],"replies":[{"embeddable":true,"href":"https:\/\/www.iemj.org\/de\/wp-json\/wp\/v2\/comments?post=98674"}],"version-history":[{"count":0,"href":"https:\/\/www.iemj.org\/de\/wp-json\/wp\/v2\/posts\/98674\/revisions"}],"wp:featuredmedia":[{"embeddable":true,"href":"https:\/\/www.iemj.org\/de\/wp-json\/wp\/v2\/media\/98675"}],"wp:attachment":[{"href":"https:\/\/www.iemj.org\/de\/wp-json\/wp\/v2\/media?parent=98674"}],"wp:term":[{"taxonomy":"category","embeddable":true,"href":"https:\/\/www.iemj.org\/de\/wp-json\/wp\/v2\/categories?post=98674"},{"taxonomy":"post_tag","embeddable":true,"href":"https:\/\/www.iemj.org\/de\/wp-json\/wp\/v2\/tags?post=98674"},{"taxonomy":"technique","embeddable":true,"href":"https:\/\/www.iemj.org\/de\/wp-json\/wp\/v2\/technique?post=98674"},{"taxonomy":"squelettes","embeddable":true,"href":"https:\/\/www.iemj.org\/de\/wp-json\/wp\/v2\/squelettes?post=98674"},{"taxonomy":"sujet","embeddable":true,"href":"https:\/\/www.iemj.org\/de\/wp-json\/wp\/v2\/sujet?post=98674"},{"taxonomy":"formation","embeddable":true,"href":"https:\/\/www.iemj.org\/de\/wp-json\/wp\/v2\/formation?post=98674"},{"taxonomy":"genre","embeddable":true,"href":"https:\/\/www.iemj.org\/de\/wp-json\/wp\/v2\/genre?post=98674"},{"taxonomy":"fonds","embeddable":true,"href":"https:\/\/www.iemj.org\/de\/wp-json\/wp\/v2\/fonds?post=98674"},{"taxonomy":"tradition","embeddable":true,"href":"https:\/\/www.iemj.org\/de\/wp-json\/wp\/v2\/tradition?post=98674"},{"taxonomy":"type-de-contenu","embeddable":true,"href":"https:\/\/www.iemj.org\/de\/wp-json\/wp\/v2\/type-de-contenu?post=98674"},{"taxonomy":"interprete-compositeur","embeddable":true,"href":"https:\/\/www.iemj.org\/de\/wp-json\/wp\/v2\/interprete-compositeur?post=98674"},{"taxonomy":"frise","embeddable":true,"href":"https:\/\/www.iemj.org\/de\/wp-json\/wp\/v2\/frise?post=98674"},{"taxonomy":"type-devenement","embeddable":true,"href":"https:\/\/www.iemj.org\/de\/wp-json\/wp\/v2\/type-devenement?post=98674"},{"taxonomy":"tableaux-liens-externes","embeddable":true,"href":"https:\/\/www.iemj.org\/de\/wp-json\/wp\/v2\/tableaux-liens-externes?post=98674"}],"curies":[{"name":"wp","href":"https:\/\/api.w.org\/{rel}","templated":true}]}}