{"id":98690,"date":"2018-10-10T16:34:33","date_gmt":"2018-10-10T14:34:33","guid":{"rendered":"https:\/\/www.iemj.org\/colloque-concert-isaac-strauss-musicien-et-collectionneur-sous-le-second-empire\/"},"modified":"2023-06-28T10:44:58","modified_gmt":"2023-06-28T08:44:58","slug":"colloque-concert-isaac-strauss-musicien-et-collectionneur-sous-le-second-empire","status":"publish","type":"post","link":"https:\/\/www.iemj.org\/de\/colloque-concert-isaac-strauss-musicien-et-collectionneur-sous-le-second-empire\/","title":{"rendered":"KOLLOQUIUM \/ KONZERT: ISAAC STRAUSS, MUSIKER UND SAMMLER UNTER DEM ZWEITEN EMPIRE"},"content":{"rendered":"<h2><em>Radiosendung und Video \u00fcber Isaac Strauss am Ende der Seite.<\/em><\/h2>\n<p>Mit der Teilnahme von <strong>Dominique Jarrass\u00e9<\/strong>, Universit\u00e4t Bordeaux III; <strong>C\u00e9dric Kleinklaus<\/strong>, Musiker; Corinne Legoy, Universit\u00e4t Orl\u00e9ans; Xavier Mauduit, Historiker und Kolumnist bei Arte; <strong>Laure Schnapper<\/strong> und <strong>Jean-Claude Yon<\/strong>.<\/p>\n<p><strong>Isaac Strauss<\/strong> (1806-1888), der Urgro\u00dfvater von Claude L\u00e9vi-Strauss, baute im 19. Jahrhundert eine umfangreiche Sammlung von Kunstwerken und -gegenst\u00e4nden auf, innerhalb derer die Judaica den Ursprung der Sammlung des mahJ bildeten. Dank einer au\u00dfergew\u00f6hnlichen musikalischen Karriere konnte er seiner Sammelleidenschaft nachgehen.<\/p>\n<p>Als enger Vertrauter von Kaiserin Eugenie machte sich der &#8222;Strauss von Paris&#8220;, der zun\u00e4chst Violinist war, bis zum Ende des Zweiten Kaiserreichs einen Namen als Dirigent, Komponist und Konzertunternehmer, insbesondere in Vichy und an der Pariser Oper.<\/p>\n<p>Seine Karriere als Dirigent und die Musik, die er f\u00fcr B\u00e4lle komponierte, waren bis dahin noch nie untersucht worden.<\/p>\n<p><a href=\"https:\/\/www.iemj.org\/de\/concert-isaac-strauss-par-lorchestre-eugenie\/\"><strong>Kolloquium mit anschlie\u00dfendem Konzert um 17.30 Uhr.<\/strong><\/a><\/p>\n<p>Durch das <strong>Orchestre Eug\u00e9nie<\/strong>, ein Salonorchester mit Pariser Tradition.<\/p>\n<p>Musikalische Leitung von <strong>Marc-Antoine Pingeon<\/strong>.<\/p>\n<p>Klavier, Violine, Violoncello, Oboe, Kornett, Kontrabass, Schlagzeug.<\/p>\n<p>Dieser Tag wird mit einem Konzert abgeschlossen, bei dem St\u00fccke (Walzer, M\u00e4rsche, Quadrillen, Polkas, Romanzen) aus dem riesigen Katalog von Isaac Strauss zu h\u00f6ren sein werden, insbesondere der Kaisermarsch, mit dem jeder offizielle Ball in den Tuilerien er\u00f6ffnet wurde, sowie weitere Kompositionen seiner Zeitgenossen und Erben.<\/p>\n<p>Als Echo auf die Veranstaltung &#8222;Von der Isaac-Strauss-Sammlung zum mahJ&#8220; am Donnerstag, den 11. Oktober 2018 um 19:30 Uhr.<\/p>\n<h2>Programm<\/h2>\n<p>&gt; <strong>10h30<\/strong><\/p>\n<p>Die Prachtentfaltung des Zweiten Kaiserreichs<\/p>\n<p>Jean-Claude Yon, Universit\u00e4t Versailles-Saint-Quentin-en-Yvelines, EPHE<\/p>\n<p>&gt; <strong>11h<\/strong><\/p>\n<p>Die Karriere von Isaac Strauss. Elemente einer Biografie<\/p>\n<p>Laure Schnapper, EHESS<\/p>\n<p>&gt; <strong>11h30<\/strong><\/p>\n<p>Die Sammlungen von Isaac Strauss<\/p>\n<p>Dominique Jarrass\u00e9, Universit\u00e4t Bordeaux III<\/p>\n<p>&gt; <strong>12h<\/strong><\/p>\n<p>Diskussion mit dem Publikum<\/p>\n<p>Mittagspause<\/p>\n<p>&gt; <strong>14h<\/strong><\/p>\n<p>Der Musikdienst der Kapelle und der Kammer im Haus des Kaisers<\/p>\n<p>Xavier Mauduit, Historiker und Arte-Chronist<\/p>\n<p>&gt; <strong>14h30<\/strong><\/p>\n<p>&#8222;Musard est mort: vive Strauss!&#8220;, die B\u00e4lle der Oper, vom Napoleon des Kontratanzes bis zum Tamerlan des Walzers.<\/p>\n<p>Corinne Legoy, Universit\u00e4t Orl\u00e9ans<\/p>\n<p>&gt; <strong>15h<\/strong><\/p>\n<p>Strauss als Konzertunternehmer<\/p>\n<p>Laure Schnapper, EHESS, und C\u00e9dric Kleinklaus, Musiker.<\/p>\n<p>&gt; <strong>15h30<\/strong><\/p>\n<p>Strauss als Komponist<\/p>\n<p>Laure Schnapper und C\u00e9dric Kleinklaus<\/p>\n<p>&gt; <strong>16h<\/strong><\/p>\n<p>Diskussion mit dem Publikum<\/p>\n<p>Mit der Unterst\u00fctzung der EHESS, der EPHE, des SAPRAT-Labors, der Universit\u00e4t Versailles Saint-Quentin-en-Yvelines und des Europ\u00e4ischen Instituts f\u00fcr J\u00fcdische Musik.<\/p>\n<p><strong><em>Kostenlos mit Reservierung im Rahmen der verf\u00fcgbaren Pl\u00e4tze.<\/em><\/strong><\/p>\n<p><a href=\"http:\/\/www.akadem.org\/sommaire\/colloques\/isaac-strauss-musicien-et-collectionneur-sous-le-second-empire\/isaac-strauss-musicien-et-collectionneur-14-12-2018-106504_4820.php\" target=\"_blank\" rel=\"noopener\">Das Video \u00fcber den Isaac Strauss Studientag ansehen<\/a><\/p>\n<p><a href=\"https:\/\/www.iemj.org\/classique-vous-avez-dit-classique-isaac-strauss\/\" target=\"_blank\" rel=\"noopener\">Laure Schnappers Radiosendung \u00fcber Isaac Strauss anh\u00f6ren<\/a><\/p>\n","protected":false},"excerpt":{"rendered":"<p>Radiosendung und Video \u00fcber Isaac Strauss am Ende der Seite. Mit der Teilnahme von Dominique Jarrass\u00e9, Universit\u00e4t Bordeaux III; C\u00e9dric Kleinklaus, Musiker; Corinne Legoy, Universit\u00e4t Orl\u00e9ans; Xavier Mauduit, Historiker und<\/p>\n","protected":false},"author":5,"featured_media":98691,"comment_status":"closed","ping_status":"open","sticky":false,"template":"","format":"standard","meta":{"_acf_changed":false,"footnotes":""},"categories":[1374,1370],"tags":[3420],"technique":[],"squelettes":[],"sujet":[],"formation":[],"genre":[],"fonds":[],"tradition":[],"type-de-contenu":[],"interprete-compositeur":[],"frise":[],"type-devenement":[],"tableaux-liens-externes":[],"class_list":["post-98690","post","type-post","status-publish","format-standard","has-post-thumbnail","hentry","category-kolloquium-de","category-veranstaltungen-de","tag-partner-veranstaltungen-de"],"acf":[],"yoast_head":"<!-- This site is optimized with the Yoast SEO plugin v27.3 - https:\/\/yoast.com\/product\/yoast-seo-wordpress\/ -->\n<title>KOLLOQUIUM \/ KONZERT: ISAAC STRAUSS, MUSIKER UND SAMMLER UNTER DEM ZWEITEN EMPIRE - Institut Europ\u00e9en des Musiques Juives<\/title>\n<meta name=\"robots\" content=\"index, follow, max-snippet:-1, max-image-preview:large, max-video-preview:-1\" \/>\n<link rel=\"canonical\" href=\"https:\/\/www.iemj.org\/de\/colloque-concert-isaac-strauss-musicien-et-collectionneur-sous-le-second-empire\/\" \/>\n<meta property=\"og:locale\" content=\"de_DE\" \/>\n<meta property=\"og:type\" content=\"article\" \/>\n<meta property=\"og:title\" content=\"KOLLOQUIUM \/ KONZERT: ISAAC STRAUSS, MUSIKER UND SAMMLER UNTER DEM ZWEITEN EMPIRE - Institut Europ\u00e9en des Musiques Juives\" \/>\n<meta property=\"og:description\" content=\"Radiosendung und Video \u00fcber Isaac Strauss am Ende der Seite. Mit der Teilnahme von Dominique Jarrass\u00e9, Universit\u00e4t Bordeaux III; C\u00e9dric Kleinklaus, Musiker; Corinne Legoy, Universit\u00e4t Orl\u00e9ans; Xavier Mauduit, Historiker und\" \/>\n<meta property=\"og:url\" content=\"https:\/\/www.iemj.org\/de\/colloque-concert-isaac-strauss-musicien-et-collectionneur-sous-le-second-empire\/\" \/>\n<meta property=\"og:site_name\" content=\"Institut Europ\u00e9en des Musiques Juives\" \/>\n<meta property=\"article:publisher\" content=\"https:\/\/www.facebook.com\/MusiquesJuives\/\" \/>\n<meta property=\"article:published_time\" content=\"2018-10-10T14:34:33+00:00\" \/>\n<meta property=\"article:modified_time\" content=\"2023-06-28T08:44:58+00:00\" \/>\n<meta property=\"og:image\" content=\"https:\/\/www.iemj.org\/wp-content\/uploads\/2018\/10\/arton3666.jpg\" \/>\n\t<meta property=\"og:image:width\" content=\"322\" \/>\n\t<meta property=\"og:image:height\" content=\"448\" \/>\n\t<meta property=\"og:image:type\" content=\"image\/jpeg\" \/>\n<meta name=\"author\" content=\"Jacqueline ROTEN\" \/>\n<meta name=\"twitter:card\" content=\"summary_large_image\" \/>\n<meta name=\"twitter:label1\" content=\"Verfasst von\" \/>\n\t<meta name=\"twitter:data1\" content=\"Jacqueline ROTEN\" \/>\n\t<meta name=\"twitter:label2\" content=\"Gesch\u00e4tzte Lesezeit\" \/>\n\t<meta name=\"twitter:data2\" content=\"2\u00a0Minuten\" \/>\n<script type=\"application\/ld+json\" class=\"yoast-schema-graph\">{\"@context\":\"https:\\\/\\\/schema.org\",\"@graph\":[{\"@type\":\"Article\",\"@id\":\"https:\\\/\\\/www.iemj.org\\\/de\\\/colloque-concert-isaac-strauss-musicien-et-collectionneur-sous-le-second-empire\\\/#article\",\"isPartOf\":{\"@id\":\"https:\\\/\\\/www.iemj.org\\\/de\\\/colloque-concert-isaac-strauss-musicien-et-collectionneur-sous-le-second-empire\\\/\"},\"author\":{\"name\":\"Jacqueline ROTEN\",\"@id\":\"https:\\\/\\\/www.iemj.org\\\/de\\\/#\\\/schema\\\/person\\\/358e26c18aca017fcc4cc15437f7279c\"},\"headline\":\"KOLLOQUIUM \\\/ KONZERT: ISAAC STRAUSS, MUSIKER UND SAMMLER UNTER DEM ZWEITEN EMPIRE\",\"datePublished\":\"2018-10-10T14:34:33+00:00\",\"dateModified\":\"2023-06-28T08:44:58+00:00\",\"mainEntityOfPage\":{\"@id\":\"https:\\\/\\\/www.iemj.org\\\/de\\\/colloque-concert-isaac-strauss-musicien-et-collectionneur-sous-le-second-empire\\\/\"},\"wordCount\":425,\"publisher\":{\"@id\":\"https:\\\/\\\/www.iemj.org\\\/de\\\/#organization\"},\"image\":{\"@id\":\"https:\\\/\\\/www.iemj.org\\\/de\\\/colloque-concert-isaac-strauss-musicien-et-collectionneur-sous-le-second-empire\\\/#primaryimage\"},\"thumbnailUrl\":\"https:\\\/\\\/www.iemj.org\\\/wp-content\\\/uploads\\\/2018\\\/10\\\/arton3666.jpg\",\"keywords\":[\"Partner-Veranstaltungen\"],\"articleSection\":[\"Kolloquium\",\"Veranstaltungen\"],\"inLanguage\":\"de\"},{\"@type\":\"WebPage\",\"@id\":\"https:\\\/\\\/www.iemj.org\\\/de\\\/colloque-concert-isaac-strauss-musicien-et-collectionneur-sous-le-second-empire\\\/\",\"url\":\"https:\\\/\\\/www.iemj.org\\\/de\\\/colloque-concert-isaac-strauss-musicien-et-collectionneur-sous-le-second-empire\\\/\",\"name\":\"KOLLOQUIUM \\\/ KONZERT: ISAAC STRAUSS, MUSIKER UND SAMMLER UNTER DEM ZWEITEN EMPIRE - Institut Europ\u00e9en des Musiques Juives\",\"isPartOf\":{\"@id\":\"https:\\\/\\\/www.iemj.org\\\/de\\\/#website\"},\"primaryImageOfPage\":{\"@id\":\"https:\\\/\\\/www.iemj.org\\\/de\\\/colloque-concert-isaac-strauss-musicien-et-collectionneur-sous-le-second-empire\\\/#primaryimage\"},\"image\":{\"@id\":\"https:\\\/\\\/www.iemj.org\\\/de\\\/colloque-concert-isaac-strauss-musicien-et-collectionneur-sous-le-second-empire\\\/#primaryimage\"},\"thumbnailUrl\":\"https:\\\/\\\/www.iemj.org\\\/wp-content\\\/uploads\\\/2018\\\/10\\\/arton3666.jpg\",\"datePublished\":\"2018-10-10T14:34:33+00:00\",\"dateModified\":\"2023-06-28T08:44:58+00:00\",\"breadcrumb\":{\"@id\":\"https:\\\/\\\/www.iemj.org\\\/de\\\/colloque-concert-isaac-strauss-musicien-et-collectionneur-sous-le-second-empire\\\/#breadcrumb\"},\"inLanguage\":\"de\",\"potentialAction\":[{\"@type\":\"ReadAction\",\"target\":[\"https:\\\/\\\/www.iemj.org\\\/de\\\/colloque-concert-isaac-strauss-musicien-et-collectionneur-sous-le-second-empire\\\/\"]}]},{\"@type\":\"ImageObject\",\"inLanguage\":\"de\",\"@id\":\"https:\\\/\\\/www.iemj.org\\\/de\\\/colloque-concert-isaac-strauss-musicien-et-collectionneur-sous-le-second-empire\\\/#primaryimage\",\"url\":\"https:\\\/\\\/www.iemj.org\\\/wp-content\\\/uploads\\\/2018\\\/10\\\/arton3666.jpg\",\"contentUrl\":\"https:\\\/\\\/www.iemj.org\\\/wp-content\\\/uploads\\\/2018\\\/10\\\/arton3666.jpg\",\"width\":322,\"height\":448},{\"@type\":\"BreadcrumbList\",\"@id\":\"https:\\\/\\\/www.iemj.org\\\/de\\\/colloque-concert-isaac-strauss-musicien-et-collectionneur-sous-le-second-empire\\\/#breadcrumb\",\"itemListElement\":[{\"@type\":\"ListItem\",\"position\":1,\"name\":\"Accueil\",\"item\":\"https:\\\/\\\/www.iemj.org\\\/de\\\/\"},{\"@type\":\"ListItem\",\"position\":2,\"name\":\"KOLLOQUIUM \\\/ KONZERT: ISAAC STRAUSS, MUSIKER UND SAMMLER UNTER DEM ZWEITEN EMPIRE\"}]},{\"@type\":\"WebSite\",\"@id\":\"https:\\\/\\\/www.iemj.org\\\/de\\\/#website\",\"url\":\"https:\\\/\\\/www.iemj.org\\\/de\\\/\",\"name\":\"Institut Europ\u00e9en des Musiques Juives\",\"description\":\"Des traditions musicales \u00e0 la port\u00e9e de tous\",\"publisher\":{\"@id\":\"https:\\\/\\\/www.iemj.org\\\/de\\\/#organization\"},\"potentialAction\":[{\"@type\":\"SearchAction\",\"target\":{\"@type\":\"EntryPoint\",\"urlTemplate\":\"https:\\\/\\\/www.iemj.org\\\/de\\\/?s={search_term_string}\"},\"query-input\":{\"@type\":\"PropertyValueSpecification\",\"valueRequired\":true,\"valueName\":\"search_term_string\"}}],\"inLanguage\":\"de\"},{\"@type\":\"Organization\",\"@id\":\"https:\\\/\\\/www.iemj.org\\\/de\\\/#organization\",\"name\":\"Institut Europ\u00e9en des Musiques Juives\",\"url\":\"https:\\\/\\\/www.iemj.org\\\/de\\\/\",\"logo\":{\"@type\":\"ImageObject\",\"inLanguage\":\"de\",\"@id\":\"https:\\\/\\\/www.iemj.org\\\/de\\\/#\\\/schema\\\/logo\\\/image\\\/\",\"url\":\"https:\\\/\\\/www.iemj.org\\\/wp-content\\\/uploads\\\/2021\\\/09\\\/Logo-IEMJ-Paypal.jpg\",\"contentUrl\":\"https:\\\/\\\/www.iemj.org\\\/wp-content\\\/uploads\\\/2021\\\/09\\\/Logo-IEMJ-Paypal.jpg\",\"width\":150,\"height\":50,\"caption\":\"Institut Europ\u00e9en des Musiques Juives\"},\"image\":{\"@id\":\"https:\\\/\\\/www.iemj.org\\\/de\\\/#\\\/schema\\\/logo\\\/image\\\/\"},\"sameAs\":[\"https:\\\/\\\/www.facebook.com\\\/MusiquesJuives\\\/\",\"https:\\\/\\\/www.instagram.com\\\/musiquesjuives\\\/\",\"https:\\\/\\\/www.youtube.com\\\/user\\\/musiquesjuives\"]},{\"@type\":\"Person\",\"@id\":\"https:\\\/\\\/www.iemj.org\\\/de\\\/#\\\/schema\\\/person\\\/358e26c18aca017fcc4cc15437f7279c\",\"name\":\"Jacqueline ROTEN\",\"image\":{\"@type\":\"ImageObject\",\"inLanguage\":\"de\",\"@id\":\"https:\\\/\\\/secure.gravatar.com\\\/avatar\\\/5964256d6c6957de3a3505278957e0fb2a35119ac47ea41827a65301213c810b?s=96&d=mm&r=g\",\"url\":\"https:\\\/\\\/secure.gravatar.com\\\/avatar\\\/5964256d6c6957de3a3505278957e0fb2a35119ac47ea41827a65301213c810b?s=96&d=mm&r=g\",\"contentUrl\":\"https:\\\/\\\/secure.gravatar.com\\\/avatar\\\/5964256d6c6957de3a3505278957e0fb2a35119ac47ea41827a65301213c810b?s=96&d=mm&r=g\",\"caption\":\"Jacqueline ROTEN\"}}]}<\/script>\n<!-- \/ Yoast SEO plugin. -->","yoast_head_json":{"title":"KOLLOQUIUM \/ KONZERT: ISAAC STRAUSS, MUSIKER UND SAMMLER UNTER DEM ZWEITEN EMPIRE - Institut Europ\u00e9en des Musiques Juives","robots":{"index":"index","follow":"follow","max-snippet":"max-snippet:-1","max-image-preview":"max-image-preview:large","max-video-preview":"max-video-preview:-1"},"canonical":"https:\/\/www.iemj.org\/de\/colloque-concert-isaac-strauss-musicien-et-collectionneur-sous-le-second-empire\/","og_locale":"de_DE","og_type":"article","og_title":"KOLLOQUIUM \/ KONZERT: ISAAC STRAUSS, MUSIKER UND SAMMLER UNTER DEM ZWEITEN EMPIRE - Institut Europ\u00e9en des Musiques Juives","og_description":"Radiosendung und Video \u00fcber Isaac Strauss am Ende der Seite. Mit der Teilnahme von Dominique Jarrass\u00e9, Universit\u00e4t Bordeaux III; C\u00e9dric Kleinklaus, Musiker; Corinne Legoy, Universit\u00e4t Orl\u00e9ans; Xavier Mauduit, Historiker und","og_url":"https:\/\/www.iemj.org\/de\/colloque-concert-isaac-strauss-musicien-et-collectionneur-sous-le-second-empire\/","og_site_name":"Institut Europ\u00e9en des Musiques Juives","article_publisher":"https:\/\/www.facebook.com\/MusiquesJuives\/","article_published_time":"2018-10-10T14:34:33+00:00","article_modified_time":"2023-06-28T08:44:58+00:00","og_image":[{"width":322,"height":448,"url":"https:\/\/www.iemj.org\/wp-content\/uploads\/2018\/10\/arton3666.jpg","type":"image\/jpeg"}],"author":"Jacqueline ROTEN","twitter_card":"summary_large_image","twitter_misc":{"Verfasst von":"Jacqueline ROTEN","Gesch\u00e4tzte Lesezeit":"2\u00a0Minuten"},"schema":{"@context":"https:\/\/schema.org","@graph":[{"@type":"Article","@id":"https:\/\/www.iemj.org\/de\/colloque-concert-isaac-strauss-musicien-et-collectionneur-sous-le-second-empire\/#article","isPartOf":{"@id":"https:\/\/www.iemj.org\/de\/colloque-concert-isaac-strauss-musicien-et-collectionneur-sous-le-second-empire\/"},"author":{"name":"Jacqueline ROTEN","@id":"https:\/\/www.iemj.org\/de\/#\/schema\/person\/358e26c18aca017fcc4cc15437f7279c"},"headline":"KOLLOQUIUM \/ KONZERT: ISAAC STRAUSS, MUSIKER UND SAMMLER UNTER DEM ZWEITEN EMPIRE","datePublished":"2018-10-10T14:34:33+00:00","dateModified":"2023-06-28T08:44:58+00:00","mainEntityOfPage":{"@id":"https:\/\/www.iemj.org\/de\/colloque-concert-isaac-strauss-musicien-et-collectionneur-sous-le-second-empire\/"},"wordCount":425,"publisher":{"@id":"https:\/\/www.iemj.org\/de\/#organization"},"image":{"@id":"https:\/\/www.iemj.org\/de\/colloque-concert-isaac-strauss-musicien-et-collectionneur-sous-le-second-empire\/#primaryimage"},"thumbnailUrl":"https:\/\/www.iemj.org\/wp-content\/uploads\/2018\/10\/arton3666.jpg","keywords":["Partner-Veranstaltungen"],"articleSection":["Kolloquium","Veranstaltungen"],"inLanguage":"de"},{"@type":"WebPage","@id":"https:\/\/www.iemj.org\/de\/colloque-concert-isaac-strauss-musicien-et-collectionneur-sous-le-second-empire\/","url":"https:\/\/www.iemj.org\/de\/colloque-concert-isaac-strauss-musicien-et-collectionneur-sous-le-second-empire\/","name":"KOLLOQUIUM \/ KONZERT: ISAAC STRAUSS, MUSIKER UND SAMMLER UNTER DEM ZWEITEN EMPIRE - Institut Europ\u00e9en des Musiques Juives","isPartOf":{"@id":"https:\/\/www.iemj.org\/de\/#website"},"primaryImageOfPage":{"@id":"https:\/\/www.iemj.org\/de\/colloque-concert-isaac-strauss-musicien-et-collectionneur-sous-le-second-empire\/#primaryimage"},"image":{"@id":"https:\/\/www.iemj.org\/de\/colloque-concert-isaac-strauss-musicien-et-collectionneur-sous-le-second-empire\/#primaryimage"},"thumbnailUrl":"https:\/\/www.iemj.org\/wp-content\/uploads\/2018\/10\/arton3666.jpg","datePublished":"2018-10-10T14:34:33+00:00","dateModified":"2023-06-28T08:44:58+00:00","breadcrumb":{"@id":"https:\/\/www.iemj.org\/de\/colloque-concert-isaac-strauss-musicien-et-collectionneur-sous-le-second-empire\/#breadcrumb"},"inLanguage":"de","potentialAction":[{"@type":"ReadAction","target":["https:\/\/www.iemj.org\/de\/colloque-concert-isaac-strauss-musicien-et-collectionneur-sous-le-second-empire\/"]}]},{"@type":"ImageObject","inLanguage":"de","@id":"https:\/\/www.iemj.org\/de\/colloque-concert-isaac-strauss-musicien-et-collectionneur-sous-le-second-empire\/#primaryimage","url":"https:\/\/www.iemj.org\/wp-content\/uploads\/2018\/10\/arton3666.jpg","contentUrl":"https:\/\/www.iemj.org\/wp-content\/uploads\/2018\/10\/arton3666.jpg","width":322,"height":448},{"@type":"BreadcrumbList","@id":"https:\/\/www.iemj.org\/de\/colloque-concert-isaac-strauss-musicien-et-collectionneur-sous-le-second-empire\/#breadcrumb","itemListElement":[{"@type":"ListItem","position":1,"name":"Accueil","item":"https:\/\/www.iemj.org\/de\/"},{"@type":"ListItem","position":2,"name":"KOLLOQUIUM \/ KONZERT: ISAAC STRAUSS, MUSIKER UND SAMMLER UNTER DEM ZWEITEN EMPIRE"}]},{"@type":"WebSite","@id":"https:\/\/www.iemj.org\/de\/#website","url":"https:\/\/www.iemj.org\/de\/","name":"Institut Europ\u00e9en des Musiques Juives","description":"Des traditions musicales \u00e0 la port\u00e9e de tous","publisher":{"@id":"https:\/\/www.iemj.org\/de\/#organization"},"potentialAction":[{"@type":"SearchAction","target":{"@type":"EntryPoint","urlTemplate":"https:\/\/www.iemj.org\/de\/?s={search_term_string}"},"query-input":{"@type":"PropertyValueSpecification","valueRequired":true,"valueName":"search_term_string"}}],"inLanguage":"de"},{"@type":"Organization","@id":"https:\/\/www.iemj.org\/de\/#organization","name":"Institut Europ\u00e9en des Musiques Juives","url":"https:\/\/www.iemj.org\/de\/","logo":{"@type":"ImageObject","inLanguage":"de","@id":"https:\/\/www.iemj.org\/de\/#\/schema\/logo\/image\/","url":"https:\/\/www.iemj.org\/wp-content\/uploads\/2021\/09\/Logo-IEMJ-Paypal.jpg","contentUrl":"https:\/\/www.iemj.org\/wp-content\/uploads\/2021\/09\/Logo-IEMJ-Paypal.jpg","width":150,"height":50,"caption":"Institut Europ\u00e9en des Musiques Juives"},"image":{"@id":"https:\/\/www.iemj.org\/de\/#\/schema\/logo\/image\/"},"sameAs":["https:\/\/www.facebook.com\/MusiquesJuives\/","https:\/\/www.instagram.com\/musiquesjuives\/","https:\/\/www.youtube.com\/user\/musiquesjuives"]},{"@type":"Person","@id":"https:\/\/www.iemj.org\/de\/#\/schema\/person\/358e26c18aca017fcc4cc15437f7279c","name":"Jacqueline ROTEN","image":{"@type":"ImageObject","inLanguage":"de","@id":"https:\/\/secure.gravatar.com\/avatar\/5964256d6c6957de3a3505278957e0fb2a35119ac47ea41827a65301213c810b?s=96&d=mm&r=g","url":"https:\/\/secure.gravatar.com\/avatar\/5964256d6c6957de3a3505278957e0fb2a35119ac47ea41827a65301213c810b?s=96&d=mm&r=g","contentUrl":"https:\/\/secure.gravatar.com\/avatar\/5964256d6c6957de3a3505278957e0fb2a35119ac47ea41827a65301213c810b?s=96&d=mm&r=g","caption":"Jacqueline ROTEN"}}]}},"_links":{"self":[{"href":"https:\/\/www.iemj.org\/de\/wp-json\/wp\/v2\/posts\/98690","targetHints":{"allow":["GET"]}}],"collection":[{"href":"https:\/\/www.iemj.org\/de\/wp-json\/wp\/v2\/posts"}],"about":[{"href":"https:\/\/www.iemj.org\/de\/wp-json\/wp\/v2\/types\/post"}],"author":[{"embeddable":true,"href":"https:\/\/www.iemj.org\/de\/wp-json\/wp\/v2\/users\/5"}],"replies":[{"embeddable":true,"href":"https:\/\/www.iemj.org\/de\/wp-json\/wp\/v2\/comments?post=98690"}],"version-history":[{"count":0,"href":"https:\/\/www.iemj.org\/de\/wp-json\/wp\/v2\/posts\/98690\/revisions"}],"wp:featuredmedia":[{"embeddable":true,"href":"https:\/\/www.iemj.org\/de\/wp-json\/wp\/v2\/media\/98691"}],"wp:attachment":[{"href":"https:\/\/www.iemj.org\/de\/wp-json\/wp\/v2\/media?parent=98690"}],"wp:term":[{"taxonomy":"category","embeddable":true,"href":"https:\/\/www.iemj.org\/de\/wp-json\/wp\/v2\/categories?post=98690"},{"taxonomy":"post_tag","embeddable":true,"href":"https:\/\/www.iemj.org\/de\/wp-json\/wp\/v2\/tags?post=98690"},{"taxonomy":"technique","embeddable":true,"href":"https:\/\/www.iemj.org\/de\/wp-json\/wp\/v2\/technique?post=98690"},{"taxonomy":"squelettes","embeddable":true,"href":"https:\/\/www.iemj.org\/de\/wp-json\/wp\/v2\/squelettes?post=98690"},{"taxonomy":"sujet","embeddable":true,"href":"https:\/\/www.iemj.org\/de\/wp-json\/wp\/v2\/sujet?post=98690"},{"taxonomy":"formation","embeddable":true,"href":"https:\/\/www.iemj.org\/de\/wp-json\/wp\/v2\/formation?post=98690"},{"taxonomy":"genre","embeddable":true,"href":"https:\/\/www.iemj.org\/de\/wp-json\/wp\/v2\/genre?post=98690"},{"taxonomy":"fonds","embeddable":true,"href":"https:\/\/www.iemj.org\/de\/wp-json\/wp\/v2\/fonds?post=98690"},{"taxonomy":"tradition","embeddable":true,"href":"https:\/\/www.iemj.org\/de\/wp-json\/wp\/v2\/tradition?post=98690"},{"taxonomy":"type-de-contenu","embeddable":true,"href":"https:\/\/www.iemj.org\/de\/wp-json\/wp\/v2\/type-de-contenu?post=98690"},{"taxonomy":"interprete-compositeur","embeddable":true,"href":"https:\/\/www.iemj.org\/de\/wp-json\/wp\/v2\/interprete-compositeur?post=98690"},{"taxonomy":"frise","embeddable":true,"href":"https:\/\/www.iemj.org\/de\/wp-json\/wp\/v2\/frise?post=98690"},{"taxonomy":"type-devenement","embeddable":true,"href":"https:\/\/www.iemj.org\/de\/wp-json\/wp\/v2\/type-devenement?post=98690"},{"taxonomy":"tableaux-liens-externes","embeddable":true,"href":"https:\/\/www.iemj.org\/de\/wp-json\/wp\/v2\/tableaux-liens-externes?post=98690"}],"curies":[{"name":"wp","href":"https:\/\/api.w.org\/{rel}","templated":true}]}}