{"id":98757,"date":"2016-05-03T12:43:33","date_gmt":"2016-05-03T10:43:33","guid":{"rendered":"https:\/\/www.iemj.org\/tsigele-migele-the-tale-of-the-little-white-kid\/"},"modified":"2025-10-20T17:56:52","modified_gmt":"2025-10-20T15:56:52","slug":"tsigele-migele-the-tale-of-the-little-white-kid","status":"publish","type":"post","link":"https:\/\/www.iemj.org\/de\/tsigele-migele-the-tale-of-the-little-white-kid\/","title":{"rendered":"Tsigele-Migele, the tale of the little white kid"},"content":{"rendered":"<p>Es ist nicht leicht, ein Album mit Kinderliedern, Wiegenliedern und Abz\u00e4hlreimen aufzunehmen, das Kleine und Gro\u00dfe gleicherma\u00dfen anspricht. Noch dazu, wenn die Lieder nur auf Jiddisch gesungen werden, war die Wette gar nicht gewonnen. Doch mit dieser wundersch\u00f6nen CD mit 32 Liedern, die von Ruth Levin gesungen werden, ist die Herausforderung geschafft.<\/p>\n<p>Von den ersten Gitarrenkl\u00e4ngen beim \u00d6ffnen der CD an f\u00fchlt man sich in diese sanfte, warme und tr\u00f6stliche Wiegenlied-Stimmung versetzt. Ruth Levin singt, bald von der warmen Stimme Mendy Cahans begleitet. Dazu kommen klatschende H\u00e4nde und Kinderlachen, und schon sind wir in einem warmen Raum in einem mit dem Ofen geheizten Haus, in einem Schtetl in der Bukowina an einem regnerischen Herbstabend.<\/p>\n<p>Dieses erste Lied gibt den Ton an f\u00fcr die 31 weiteren Lieder, die folgen. Eine Gitarre hier, ein Klavier dort, eine A-cappella-Stimme, die vor einer Ger\u00e4uschkulisse aus Regen und Vogelgezwitscher summt. Dies ist eine CD, die man mit einer Mischung aus Freude, Emotionen und vielleicht Nostalgie h\u00f6ren wird&#8230;<\/p>\n<p>Und man muss kein Jiddisch verstehen, um die CD zu genie\u00dfen. Mit den unz\u00e4hligen G\u00e4sten, die singen, die irische Harfe, das Cello, die Posaune und das Klavier spielen, mit dem Kinderlachen und den Umgebungsger\u00e4uschen ist dieses Album ein echter Erfolg! Das ist bei Ruth Levin auch nicht verwunderlich, denn sie ist die Tochter von Leibu Levin, einem gro\u00dfen jiddischen Troubadour.<\/p>\n<p>Zusammen mit einem Booklet mit jiddischen Liedtexten und englischen \u00dcbersetzungen sollte man sich diese CD nicht entgehen lassen!<\/p>\n<p><a href=\"https:\/\/www.ruthlevin.info\/\" target=\"_blank\" rel=\"noopener\">Erfahren Sie mehr \u00fcber Ruth Levin<\/a><\/p>\n<h2><strong><a href=\"https:\/\/www.iemj.org\/de\/produit\/tsigele-migele\/\" target=\"_blank\" rel=\"noopener\">Bestellen Sie die CD im Shop des IEMJ<\/a><\/strong><\/h2>\n\n<div class=\"wp-block-image\">\n<figure class=\"aligncenter size-large\"><img fetchpriority=\"high\" decoding=\"async\" width=\"1024\" height=\"133\" src=\"https:\/\/www.iemj.org\/wp-content\/uploads\/2024\/03\/AUDIO-PLAYER-1024x133.png\" alt=\"\" class=\"wp-image-110606\" srcset=\"https:\/\/www.iemj.org\/wp-content\/uploads\/2024\/03\/AUDIO-PLAYER-1024x133.png 1024w, https:\/\/www.iemj.org\/wp-content\/uploads\/2024\/03\/AUDIO-PLAYER-300x39.png 300w, https:\/\/www.iemj.org\/wp-content\/uploads\/2024\/03\/AUDIO-PLAYER-768x100.png 768w, https:\/\/www.iemj.org\/wp-content\/uploads\/2024\/03\/AUDIO-PLAYER-600x78.png 600w, https:\/\/www.iemj.org\/wp-content\/uploads\/2024\/03\/AUDIO-PLAYER.png 1210w\" sizes=\"(max-width: 1024px) 100vw, 1024px\" \/><\/figure>\n<\/div>\n\n\n<div class=\"wp-block-file\"><a id=\"wp-block-file--media-3f82590d-f986-442f-8b47-310795202987\" href=\"https:\/\/www.iemj.org\/wp-content\/uploads\/2016\/05\/cd_822_01.mp3\">Patshe kichelech<\/a><\/div>\n\n\n\n<div class=\"wp-block-file\"><a id=\"wp-block-file--media-8cca2838-9de7-4e70-b8ef-b0b91eb5228d\" href=\"https:\/\/www.iemj.org\/wp-content\/uploads\/2016\/05\/cd_822_03.mp3\">Unter Yankeles vigele<\/a><\/div>\n\n\n\n<div class=\"wp-block-file\"><a id=\"wp-block-file--media-a8840120-80f3-4408-aba4-eb7f43ccbd81\" href=\"https:\/\/www.iemj.org\/wp-content\/uploads\/2016\/05\/cd_822_07.mp3\">A maysele<\/a><\/div>\n\n\n\n<div class=\"wp-block-file\"><a id=\"wp-block-file--media-718e8f92-a650-409f-97f0-249039b4e6c7\" href=\"https:\/\/www.iemj.org\/wp-content\/uploads\/2016\/05\/cd_822_11.mp3\">In vald<\/a><\/div>\n\n\n\n<div class=\"wp-block-file\"><a id=\"wp-block-file--media-69a4d4d9-8cb5-41e3-931e-01373cc9ec77\" href=\"https:\/\/www.iemj.org\/wp-content\/uploads\/2016\/05\/cd_822_31.mp3\">Friling iz gekumen (Tsigele-Migele)<\/a><\/div>\n","protected":false},"excerpt":{"rendered":"<p>Es ist nicht leicht, ein Album mit Kinderliedern, Wiegenliedern und Abz\u00e4hlreimen aufzunehmen, das Kleine und Gro\u00dfe gleicherma\u00dfen anspricht. Noch dazu, wenn die Lieder nur auf Jiddisch gesungen werden, war die<\/p>\n","protected":false},"author":1048,"featured_media":98758,"comment_status":"closed","ping_status":"closed","sticky":false,"template":"","format":"standard","meta":{"_acf_changed":false,"footnotes":""},"categories":[1571,1561],"tags":[],"technique":[],"squelettes":[],"sujet":[],"formation":[],"genre":[1864],"fonds":[],"tradition":[],"type-de-contenu":[],"interprete-compositeur":[],"frise":[],"type-devenement":[],"tableaux-liens-externes":[],"class_list":["post-98757","post","type-post","status-publish","format-standard","has-post-thumbnail","hentry","category-cd-de","category-letzte-neuerwerbungen-de","genre-yiddish-de"],"acf":[],"yoast_head":"<!-- This site is optimized with the Yoast SEO plugin v27.3 - https:\/\/yoast.com\/product\/yoast-seo-wordpress\/ -->\n<title>Tsigele-Migele, the tale of the little white kid - Institut Europ\u00e9en des Musiques Juives<\/title>\n<meta name=\"robots\" content=\"index, follow, max-snippet:-1, max-image-preview:large, max-video-preview:-1\" \/>\n<link rel=\"canonical\" href=\"https:\/\/www.iemj.org\/de\/tsigele-migele-the-tale-of-the-little-white-kid\/\" \/>\n<meta property=\"og:locale\" content=\"de_DE\" \/>\n<meta property=\"og:type\" content=\"article\" \/>\n<meta property=\"og:title\" content=\"Tsigele-Migele, the tale of the little white kid - Institut Europ\u00e9en des Musiques Juives\" \/>\n<meta property=\"og:description\" content=\"Es ist nicht leicht, ein Album mit Kinderliedern, Wiegenliedern und Abz\u00e4hlreimen aufzunehmen, das Kleine und Gro\u00dfe gleicherma\u00dfen anspricht. Noch dazu, wenn die Lieder nur auf Jiddisch gesungen werden, war die\" \/>\n<meta property=\"og:url\" content=\"https:\/\/www.iemj.org\/de\/tsigele-migele-the-tale-of-the-little-white-kid\/\" \/>\n<meta property=\"og:site_name\" content=\"Institut Europ\u00e9en des Musiques Juives\" \/>\n<meta property=\"article:publisher\" content=\"https:\/\/www.facebook.com\/MusiquesJuives\/\" \/>\n<meta property=\"article:published_time\" content=\"2016-05-03T10:43:33+00:00\" \/>\n<meta property=\"article:modified_time\" content=\"2025-10-20T15:56:52+00:00\" \/>\n<meta property=\"og:image\" content=\"https:\/\/www.iemj.org\/wp-content\/uploads\/2016\/05\/arton1652-e1619354238351.jpg\" \/>\n\t<meta property=\"og:image:width\" content=\"350\" \/>\n\t<meta property=\"og:image:height\" content=\"344\" \/>\n\t<meta property=\"og:image:type\" content=\"image\/jpeg\" \/>\n<meta name=\"author\" content=\"Jean-Gabriel Davis\" \/>\n<meta name=\"twitter:card\" content=\"summary_large_image\" \/>\n<meta name=\"twitter:label1\" content=\"Verfasst von\" \/>\n\t<meta name=\"twitter:data1\" content=\"Jean-Gabriel Davis\" \/>\n\t<meta name=\"twitter:label2\" content=\"Gesch\u00e4tzte Lesezeit\" \/>\n\t<meta name=\"twitter:data2\" content=\"2\u00a0Minuten\" \/>\n<script type=\"application\/ld+json\" class=\"yoast-schema-graph\">{\"@context\":\"https:\\\/\\\/schema.org\",\"@graph\":[{\"@type\":\"Article\",\"@id\":\"https:\\\/\\\/www.iemj.org\\\/de\\\/tsigele-migele-the-tale-of-the-little-white-kid\\\/#article\",\"isPartOf\":{\"@id\":\"https:\\\/\\\/www.iemj.org\\\/de\\\/tsigele-migele-the-tale-of-the-little-white-kid\\\/\"},\"author\":{\"name\":\"Jean-Gabriel Davis\",\"@id\":\"https:\\\/\\\/www.iemj.org\\\/de\\\/#\\\/schema\\\/person\\\/c9bc1c386a3749579a2d675e72a18666\"},\"headline\":\"Tsigele-Migele, the tale of the little white kid\",\"datePublished\":\"2016-05-03T10:43:33+00:00\",\"dateModified\":\"2025-10-20T15:56:52+00:00\",\"mainEntityOfPage\":{\"@id\":\"https:\\\/\\\/www.iemj.org\\\/de\\\/tsigele-migele-the-tale-of-the-little-white-kid\\\/\"},\"wordCount\":289,\"publisher\":{\"@id\":\"https:\\\/\\\/www.iemj.org\\\/de\\\/#organization\"},\"image\":{\"@id\":\"https:\\\/\\\/www.iemj.org\\\/de\\\/tsigele-migele-the-tale-of-the-little-white-kid\\\/#primaryimage\"},\"thumbnailUrl\":\"https:\\\/\\\/www.iemj.org\\\/wp-content\\\/uploads\\\/2016\\\/05\\\/arton1652-e1619354238351.jpg\",\"articleSection\":[\"CD\",\"Letzte Neuerwerbungen\"],\"inLanguage\":\"de\"},{\"@type\":\"WebPage\",\"@id\":\"https:\\\/\\\/www.iemj.org\\\/de\\\/tsigele-migele-the-tale-of-the-little-white-kid\\\/\",\"url\":\"https:\\\/\\\/www.iemj.org\\\/de\\\/tsigele-migele-the-tale-of-the-little-white-kid\\\/\",\"name\":\"Tsigele-Migele, the tale of the little white kid - Institut Europ\u00e9en des Musiques Juives\",\"isPartOf\":{\"@id\":\"https:\\\/\\\/www.iemj.org\\\/de\\\/#website\"},\"primaryImageOfPage\":{\"@id\":\"https:\\\/\\\/www.iemj.org\\\/de\\\/tsigele-migele-the-tale-of-the-little-white-kid\\\/#primaryimage\"},\"image\":{\"@id\":\"https:\\\/\\\/www.iemj.org\\\/de\\\/tsigele-migele-the-tale-of-the-little-white-kid\\\/#primaryimage\"},\"thumbnailUrl\":\"https:\\\/\\\/www.iemj.org\\\/wp-content\\\/uploads\\\/2016\\\/05\\\/arton1652-e1619354238351.jpg\",\"datePublished\":\"2016-05-03T10:43:33+00:00\",\"dateModified\":\"2025-10-20T15:56:52+00:00\",\"breadcrumb\":{\"@id\":\"https:\\\/\\\/www.iemj.org\\\/de\\\/tsigele-migele-the-tale-of-the-little-white-kid\\\/#breadcrumb\"},\"inLanguage\":\"de\",\"potentialAction\":[{\"@type\":\"ReadAction\",\"target\":[\"https:\\\/\\\/www.iemj.org\\\/de\\\/tsigele-migele-the-tale-of-the-little-white-kid\\\/\"]}]},{\"@type\":\"ImageObject\",\"inLanguage\":\"de\",\"@id\":\"https:\\\/\\\/www.iemj.org\\\/de\\\/tsigele-migele-the-tale-of-the-little-white-kid\\\/#primaryimage\",\"url\":\"https:\\\/\\\/www.iemj.org\\\/wp-content\\\/uploads\\\/2016\\\/05\\\/arton1652-e1619354238351.jpg\",\"contentUrl\":\"https:\\\/\\\/www.iemj.org\\\/wp-content\\\/uploads\\\/2016\\\/05\\\/arton1652-e1619354238351.jpg\",\"width\":350,\"height\":344},{\"@type\":\"BreadcrumbList\",\"@id\":\"https:\\\/\\\/www.iemj.org\\\/de\\\/tsigele-migele-the-tale-of-the-little-white-kid\\\/#breadcrumb\",\"itemListElement\":[{\"@type\":\"ListItem\",\"position\":1,\"name\":\"Accueil\",\"item\":\"https:\\\/\\\/www.iemj.org\\\/de\\\/\"},{\"@type\":\"ListItem\",\"position\":2,\"name\":\"Tsigele-Migele, the tale of the little white kid\"}]},{\"@type\":\"WebSite\",\"@id\":\"https:\\\/\\\/www.iemj.org\\\/de\\\/#website\",\"url\":\"https:\\\/\\\/www.iemj.org\\\/de\\\/\",\"name\":\"Institut Europ\u00e9en des Musiques Juives\",\"description\":\"Des traditions musicales \u00e0 la port\u00e9e de tous\",\"publisher\":{\"@id\":\"https:\\\/\\\/www.iemj.org\\\/de\\\/#organization\"},\"potentialAction\":[{\"@type\":\"SearchAction\",\"target\":{\"@type\":\"EntryPoint\",\"urlTemplate\":\"https:\\\/\\\/www.iemj.org\\\/de\\\/?s={search_term_string}\"},\"query-input\":{\"@type\":\"PropertyValueSpecification\",\"valueRequired\":true,\"valueName\":\"search_term_string\"}}],\"inLanguage\":\"de\"},{\"@type\":\"Organization\",\"@id\":\"https:\\\/\\\/www.iemj.org\\\/de\\\/#organization\",\"name\":\"Institut Europ\u00e9en des Musiques Juives\",\"url\":\"https:\\\/\\\/www.iemj.org\\\/de\\\/\",\"logo\":{\"@type\":\"ImageObject\",\"inLanguage\":\"de\",\"@id\":\"https:\\\/\\\/www.iemj.org\\\/de\\\/#\\\/schema\\\/logo\\\/image\\\/\",\"url\":\"https:\\\/\\\/www.iemj.org\\\/wp-content\\\/uploads\\\/2021\\\/09\\\/Logo-IEMJ-Paypal.jpg\",\"contentUrl\":\"https:\\\/\\\/www.iemj.org\\\/wp-content\\\/uploads\\\/2021\\\/09\\\/Logo-IEMJ-Paypal.jpg\",\"width\":150,\"height\":50,\"caption\":\"Institut Europ\u00e9en des Musiques Juives\"},\"image\":{\"@id\":\"https:\\\/\\\/www.iemj.org\\\/de\\\/#\\\/schema\\\/logo\\\/image\\\/\"},\"sameAs\":[\"https:\\\/\\\/www.facebook.com\\\/MusiquesJuives\\\/\",\"https:\\\/\\\/www.instagram.com\\\/musiquesjuives\\\/\",\"https:\\\/\\\/www.youtube.com\\\/user\\\/musiquesjuives\"]},{\"@type\":\"Person\",\"@id\":\"https:\\\/\\\/www.iemj.org\\\/de\\\/#\\\/schema\\\/person\\\/c9bc1c386a3749579a2d675e72a18666\",\"name\":\"Jean-Gabriel Davis\",\"image\":{\"@type\":\"ImageObject\",\"inLanguage\":\"de\",\"@id\":\"https:\\\/\\\/secure.gravatar.com\\\/avatar\\\/2b90d67bdf392c9b3a21fab87c0fa7edaf1fb3a058172a1ffd61033fcec7aec1?s=96&d=mm&r=g\",\"url\":\"https:\\\/\\\/secure.gravatar.com\\\/avatar\\\/2b90d67bdf392c9b3a21fab87c0fa7edaf1fb3a058172a1ffd61033fcec7aec1?s=96&d=mm&r=g\",\"contentUrl\":\"https:\\\/\\\/secure.gravatar.com\\\/avatar\\\/2b90d67bdf392c9b3a21fab87c0fa7edaf1fb3a058172a1ffd61033fcec7aec1?s=96&d=mm&r=g\",\"caption\":\"Jean-Gabriel Davis\"}}]}<\/script>\n<!-- \/ Yoast SEO plugin. -->","yoast_head_json":{"title":"Tsigele-Migele, the tale of the little white kid - Institut Europ\u00e9en des Musiques Juives","robots":{"index":"index","follow":"follow","max-snippet":"max-snippet:-1","max-image-preview":"max-image-preview:large","max-video-preview":"max-video-preview:-1"},"canonical":"https:\/\/www.iemj.org\/de\/tsigele-migele-the-tale-of-the-little-white-kid\/","og_locale":"de_DE","og_type":"article","og_title":"Tsigele-Migele, the tale of the little white kid - Institut Europ\u00e9en des Musiques Juives","og_description":"Es ist nicht leicht, ein Album mit Kinderliedern, Wiegenliedern und Abz\u00e4hlreimen aufzunehmen, das Kleine und Gro\u00dfe gleicherma\u00dfen anspricht. Noch dazu, wenn die Lieder nur auf Jiddisch gesungen werden, war die","og_url":"https:\/\/www.iemj.org\/de\/tsigele-migele-the-tale-of-the-little-white-kid\/","og_site_name":"Institut Europ\u00e9en des Musiques Juives","article_publisher":"https:\/\/www.facebook.com\/MusiquesJuives\/","article_published_time":"2016-05-03T10:43:33+00:00","article_modified_time":"2025-10-20T15:56:52+00:00","og_image":[{"width":350,"height":344,"url":"https:\/\/www.iemj.org\/wp-content\/uploads\/2016\/05\/arton1652-e1619354238351.jpg","type":"image\/jpeg"}],"author":"Jean-Gabriel Davis","twitter_card":"summary_large_image","twitter_misc":{"Verfasst von":"Jean-Gabriel Davis","Gesch\u00e4tzte Lesezeit":"2\u00a0Minuten"},"schema":{"@context":"https:\/\/schema.org","@graph":[{"@type":"Article","@id":"https:\/\/www.iemj.org\/de\/tsigele-migele-the-tale-of-the-little-white-kid\/#article","isPartOf":{"@id":"https:\/\/www.iemj.org\/de\/tsigele-migele-the-tale-of-the-little-white-kid\/"},"author":{"name":"Jean-Gabriel Davis","@id":"https:\/\/www.iemj.org\/de\/#\/schema\/person\/c9bc1c386a3749579a2d675e72a18666"},"headline":"Tsigele-Migele, the tale of the little white kid","datePublished":"2016-05-03T10:43:33+00:00","dateModified":"2025-10-20T15:56:52+00:00","mainEntityOfPage":{"@id":"https:\/\/www.iemj.org\/de\/tsigele-migele-the-tale-of-the-little-white-kid\/"},"wordCount":289,"publisher":{"@id":"https:\/\/www.iemj.org\/de\/#organization"},"image":{"@id":"https:\/\/www.iemj.org\/de\/tsigele-migele-the-tale-of-the-little-white-kid\/#primaryimage"},"thumbnailUrl":"https:\/\/www.iemj.org\/wp-content\/uploads\/2016\/05\/arton1652-e1619354238351.jpg","articleSection":["CD","Letzte Neuerwerbungen"],"inLanguage":"de"},{"@type":"WebPage","@id":"https:\/\/www.iemj.org\/de\/tsigele-migele-the-tale-of-the-little-white-kid\/","url":"https:\/\/www.iemj.org\/de\/tsigele-migele-the-tale-of-the-little-white-kid\/","name":"Tsigele-Migele, the tale of the little white kid - Institut Europ\u00e9en des Musiques Juives","isPartOf":{"@id":"https:\/\/www.iemj.org\/de\/#website"},"primaryImageOfPage":{"@id":"https:\/\/www.iemj.org\/de\/tsigele-migele-the-tale-of-the-little-white-kid\/#primaryimage"},"image":{"@id":"https:\/\/www.iemj.org\/de\/tsigele-migele-the-tale-of-the-little-white-kid\/#primaryimage"},"thumbnailUrl":"https:\/\/www.iemj.org\/wp-content\/uploads\/2016\/05\/arton1652-e1619354238351.jpg","datePublished":"2016-05-03T10:43:33+00:00","dateModified":"2025-10-20T15:56:52+00:00","breadcrumb":{"@id":"https:\/\/www.iemj.org\/de\/tsigele-migele-the-tale-of-the-little-white-kid\/#breadcrumb"},"inLanguage":"de","potentialAction":[{"@type":"ReadAction","target":["https:\/\/www.iemj.org\/de\/tsigele-migele-the-tale-of-the-little-white-kid\/"]}]},{"@type":"ImageObject","inLanguage":"de","@id":"https:\/\/www.iemj.org\/de\/tsigele-migele-the-tale-of-the-little-white-kid\/#primaryimage","url":"https:\/\/www.iemj.org\/wp-content\/uploads\/2016\/05\/arton1652-e1619354238351.jpg","contentUrl":"https:\/\/www.iemj.org\/wp-content\/uploads\/2016\/05\/arton1652-e1619354238351.jpg","width":350,"height":344},{"@type":"BreadcrumbList","@id":"https:\/\/www.iemj.org\/de\/tsigele-migele-the-tale-of-the-little-white-kid\/#breadcrumb","itemListElement":[{"@type":"ListItem","position":1,"name":"Accueil","item":"https:\/\/www.iemj.org\/de\/"},{"@type":"ListItem","position":2,"name":"Tsigele-Migele, the tale of the little white kid"}]},{"@type":"WebSite","@id":"https:\/\/www.iemj.org\/de\/#website","url":"https:\/\/www.iemj.org\/de\/","name":"Institut Europ\u00e9en des Musiques Juives","description":"Des traditions musicales \u00e0 la port\u00e9e de tous","publisher":{"@id":"https:\/\/www.iemj.org\/de\/#organization"},"potentialAction":[{"@type":"SearchAction","target":{"@type":"EntryPoint","urlTemplate":"https:\/\/www.iemj.org\/de\/?s={search_term_string}"},"query-input":{"@type":"PropertyValueSpecification","valueRequired":true,"valueName":"search_term_string"}}],"inLanguage":"de"},{"@type":"Organization","@id":"https:\/\/www.iemj.org\/de\/#organization","name":"Institut Europ\u00e9en des Musiques Juives","url":"https:\/\/www.iemj.org\/de\/","logo":{"@type":"ImageObject","inLanguage":"de","@id":"https:\/\/www.iemj.org\/de\/#\/schema\/logo\/image\/","url":"https:\/\/www.iemj.org\/wp-content\/uploads\/2021\/09\/Logo-IEMJ-Paypal.jpg","contentUrl":"https:\/\/www.iemj.org\/wp-content\/uploads\/2021\/09\/Logo-IEMJ-Paypal.jpg","width":150,"height":50,"caption":"Institut Europ\u00e9en des Musiques Juives"},"image":{"@id":"https:\/\/www.iemj.org\/de\/#\/schema\/logo\/image\/"},"sameAs":["https:\/\/www.facebook.com\/MusiquesJuives\/","https:\/\/www.instagram.com\/musiquesjuives\/","https:\/\/www.youtube.com\/user\/musiquesjuives"]},{"@type":"Person","@id":"https:\/\/www.iemj.org\/de\/#\/schema\/person\/c9bc1c386a3749579a2d675e72a18666","name":"Jean-Gabriel Davis","image":{"@type":"ImageObject","inLanguage":"de","@id":"https:\/\/secure.gravatar.com\/avatar\/2b90d67bdf392c9b3a21fab87c0fa7edaf1fb3a058172a1ffd61033fcec7aec1?s=96&d=mm&r=g","url":"https:\/\/secure.gravatar.com\/avatar\/2b90d67bdf392c9b3a21fab87c0fa7edaf1fb3a058172a1ffd61033fcec7aec1?s=96&d=mm&r=g","contentUrl":"https:\/\/secure.gravatar.com\/avatar\/2b90d67bdf392c9b3a21fab87c0fa7edaf1fb3a058172a1ffd61033fcec7aec1?s=96&d=mm&r=g","caption":"Jean-Gabriel Davis"}}]}},"_links":{"self":[{"href":"https:\/\/www.iemj.org\/de\/wp-json\/wp\/v2\/posts\/98757","targetHints":{"allow":["GET"]}}],"collection":[{"href":"https:\/\/www.iemj.org\/de\/wp-json\/wp\/v2\/posts"}],"about":[{"href":"https:\/\/www.iemj.org\/de\/wp-json\/wp\/v2\/types\/post"}],"author":[{"embeddable":true,"href":"https:\/\/www.iemj.org\/de\/wp-json\/wp\/v2\/users\/1048"}],"replies":[{"embeddable":true,"href":"https:\/\/www.iemj.org\/de\/wp-json\/wp\/v2\/comments?post=98757"}],"version-history":[{"count":1,"href":"https:\/\/www.iemj.org\/de\/wp-json\/wp\/v2\/posts\/98757\/revisions"}],"predecessor-version":[{"id":127538,"href":"https:\/\/www.iemj.org\/de\/wp-json\/wp\/v2\/posts\/98757\/revisions\/127538"}],"wp:featuredmedia":[{"embeddable":true,"href":"https:\/\/www.iemj.org\/de\/wp-json\/wp\/v2\/media\/98758"}],"wp:attachment":[{"href":"https:\/\/www.iemj.org\/de\/wp-json\/wp\/v2\/media?parent=98757"}],"wp:term":[{"taxonomy":"category","embeddable":true,"href":"https:\/\/www.iemj.org\/de\/wp-json\/wp\/v2\/categories?post=98757"},{"taxonomy":"post_tag","embeddable":true,"href":"https:\/\/www.iemj.org\/de\/wp-json\/wp\/v2\/tags?post=98757"},{"taxonomy":"technique","embeddable":true,"href":"https:\/\/www.iemj.org\/de\/wp-json\/wp\/v2\/technique?post=98757"},{"taxonomy":"squelettes","embeddable":true,"href":"https:\/\/www.iemj.org\/de\/wp-json\/wp\/v2\/squelettes?post=98757"},{"taxonomy":"sujet","embeddable":true,"href":"https:\/\/www.iemj.org\/de\/wp-json\/wp\/v2\/sujet?post=98757"},{"taxonomy":"formation","embeddable":true,"href":"https:\/\/www.iemj.org\/de\/wp-json\/wp\/v2\/formation?post=98757"},{"taxonomy":"genre","embeddable":true,"href":"https:\/\/www.iemj.org\/de\/wp-json\/wp\/v2\/genre?post=98757"},{"taxonomy":"fonds","embeddable":true,"href":"https:\/\/www.iemj.org\/de\/wp-json\/wp\/v2\/fonds?post=98757"},{"taxonomy":"tradition","embeddable":true,"href":"https:\/\/www.iemj.org\/de\/wp-json\/wp\/v2\/tradition?post=98757"},{"taxonomy":"type-de-contenu","embeddable":true,"href":"https:\/\/www.iemj.org\/de\/wp-json\/wp\/v2\/type-de-contenu?post=98757"},{"taxonomy":"interprete-compositeur","embeddable":true,"href":"https:\/\/www.iemj.org\/de\/wp-json\/wp\/v2\/interprete-compositeur?post=98757"},{"taxonomy":"frise","embeddable":true,"href":"https:\/\/www.iemj.org\/de\/wp-json\/wp\/v2\/frise?post=98757"},{"taxonomy":"type-devenement","embeddable":true,"href":"https:\/\/www.iemj.org\/de\/wp-json\/wp\/v2\/type-devenement?post=98757"},{"taxonomy":"tableaux-liens-externes","embeddable":true,"href":"https:\/\/www.iemj.org\/de\/wp-json\/wp\/v2\/tableaux-liens-externes?post=98757"}],"curies":[{"name":"wp","href":"https:\/\/api.w.org\/{rel}","templated":true}]}}