{"id":98850,"date":"2016-04-05T10:36:45","date_gmt":"2016-04-05T08:36:45","guid":{"rendered":"https:\/\/www.iemj.org\/les-dernieres-publications-du-centre-de-recherche-sur-les-musiques-juives-de-jerusalem\/"},"modified":"2025-10-22T14:39:31","modified_gmt":"2025-10-22T12:39:31","slug":"les-dernieres-publications-du-centre-de-recherche-sur-les-musiques-juives-de-jerusalem","status":"publish","type":"post","link":"https:\/\/www.iemj.org\/de\/les-dernieres-publications-du-centre-de-recherche-sur-les-musiques-juives-de-jerusalem\/","title":{"rendered":"Sechs Cd-Boxsets des Jewish Music Research Centre in Jerusalem"},"content":{"rendered":"<p>Das Jewish Music Research Centre in Jerusalem hat sich zum Ziel gesetzt, die musikalische Kultur der j\u00fcdischen Gemeinden in Vergangenheit und Gegenwart zu erforschen. Es ver\u00f6ffentlicht regelm\u00e4\u00dfig hochwertige Schallplatten und B\u00fccher.<\/p>\n<p>Das 1964 von Prof. <a href=\"https:\/\/www.iemj.org\/de\/adler-israel-1925-2009\/\">Isra\u00ebl Adler<\/a>\u00a0gegr\u00fcndete und langj\u00e4hrig von Prof. professeur <a href=\"http:\/\/www.jewish-music.huji.ac.il\/content\/edwin-seroussi\">Edwin Seroussi<\/a>\u00a0geleitete JMRC ist integraler Bestandteil der Abteilung f\u00fcr Geisteswissenschaften der Hebr\u00e4ischen Universit\u00e4t Jerusalem. Seine Arbeit umfasst ethnografische Forschungen zu m\u00fcndlichen \u00dcberlieferungen j\u00fcdischer Gemeinden in einem breiten Kontext (historisch, sozial, kulturell), wobei auch nichtj\u00fcdische Gemeinden, die fast zwei Jahrtausende lang an der Seite der Juden gelebt haben, nicht vergessen werden d\u00fcrfen.<\/p>\n<p>Die Ergebnisse dieser Forschung werden durch mehrere Dutzend CDs, B\u00fccher und Partituren ver\u00f6ffentlicht.<\/p>\n<p>Das Europ\u00e4ische Institut der J\u00fcdischen Musik arbeitet eng mit diesem Zentrum zusammen und erhielt vor kurzem sechs CD-Boxsets aus den Sammlungen \u201eZeitgen\u00f6ssische J\u00fcdische Musik\u201c und \u201eAnthologie der Musiktraditionen in Israel\u201c.<\/p>\n<p><a href=\"http:\/\/www.jewish-music.huji.ac.il\/\" target=\"_blank\" rel=\"noopener\">Erfahren Sie mehr \u00fcber das Jewish Music Research Centre<\/a><br \/><a href=\"https:\/\/jewish-music.huji.ac.il\/store\" target=\"_blank\" rel=\"noopener\">Bestellen Sie die CDs <\/a><\/p>\n<h2><strong>Vorstellung der 6 CD-Boxsets<\/strong><\/h2>\n<h2>\u00a0<\/h2>\n<h4><strong><img fetchpriority=\"high\" decoding=\"async\" class=\" wp-image-9983 alignright\" src=\"https:\/\/www.iemj.org\/wp-content\/uploads\/2016\/04\/cd_807_couv-2.jpg\" alt=\"cd_807_couv-2.jpg\" width=\"348\" height=\"308\" align=\"middle\" srcset=\"https:\/\/www.iemj.org\/wp-content\/uploads\/2016\/04\/cd_807_couv-2.jpg 445w, https:\/\/www.iemj.org\/wp-content\/uploads\/2016\/04\/cd_807_couv-2-300x266.jpg 300w\" sizes=\"(max-width: 348px) 100vw, 348px\" \/><\/strong><\/h4>\n<h4><strong>Ahavat Olamim, Andalousian Hebrew Song from the Maghreb to J\u00e9rusalem<\/strong><\/h4>\n<p><em>Ahavat<\/em> <em>Olamim<\/em> (Ewige Liebe) ist der dritte Band der Sammlung \u201eZeitgen\u00f6ssische J\u00fcdische Musik\u201c und f\u00fchrt uns in die Tiefen der andalusisch-j\u00fcdischen Musiktradition Marokkos und Algeriens. Die CD wurde von den Musikern Omer Avital und Yair Harel erdacht und entstand unter Mitwirkung von Rabbi Haim Louk, der eine einzigartige Gesangsleistung von gro\u00dfer Intensit\u00e4t bietet.<\/p>\n<p>\u00a0<\/p>\n<h4><strong><img decoding=\"async\" class=\"wp-image-9991 alignleft\" src=\"https:\/\/www.iemj.org\/wp-content\/uploads\/2016\/04\/cd_808_couv.jpg\" alt=\"cd_808_couv.jpg\" width=\"349\" height=\"312\" align=\"middle\" srcset=\"https:\/\/www.iemj.org\/wp-content\/uploads\/2016\/04\/cd_808_couv.jpg 438w, https:\/\/www.iemj.org\/wp-content\/uploads\/2016\/04\/cd_808_couv-300x268.jpg 300w\" sizes=\"(max-width: 349px) 100vw, 349px\" \/><\/strong><\/h4>\n<h4>\u00a0<\/h4>\n<h4><strong>Ten Zemirot Ami, New Melodies for Piyyutim from the Aleppo Mahzor (1527)<\/strong><\/h4>\n<p>Diese CD ist der zweite Band der Sammlung \u201eZeitgen\u00f6ssische J\u00fcdische Musik\u201c und wird von David Shiro, Yehezkel Zion und Rabbi David Menahem interpretiert. Sie enth\u00e4lt neue Melodien f\u00fcr alte Pijjutim (liturgische Gedichte), die in der vorherigen Generation fast verschwunden waren.<\/p>\n<p><strong>\u00a0<\/strong><\/p>\n<p>\u00a0<\/p>\n<h4><strong><img decoding=\"async\" class=\"wp-image-9997 alignright\" src=\"https:\/\/www.iemj.org\/wp-content\/uploads\/2016\/04\/cd_806_couv-2.jpg\" alt=\"cd_806_couv-2.jpg\" width=\"349\" height=\"314\" align=\"middle\" srcset=\"https:\/\/www.iemj.org\/wp-content\/uploads\/2016\/04\/cd_806_couv-2.jpg 438w, https:\/\/www.iemj.org\/wp-content\/uploads\/2016\/04\/cd_806_couv-2-300x271.jpg 300w\" sizes=\"(max-width: 349px) 100vw, 349px\" \/><\/strong><\/h4>\n<h4><strong>Leibu Levin Performs in Yiddish, Selected archival recordings from Bukovinia, USSR and Israel<\/strong><\/h4>\n<p>Diese CD aus der Sammlung \u201eAnthologie der Musiktraditionen in Israel\u201c wurde zu Ehren des jiddischen S\u00e4ngers Leibu Levin aus Czernowitz anl\u00e4sslich seines 100. Geburtstags im Jahr 2014 produziert. Aufnahmen, die in verschiedenen privaten Sammlungen und Archiven verstreut waren, wurden zu diesem Anlass zusammengestellt. Diese CD wird von einem sehr gut ausgestatteten Booklet begleitet, das fast 150 Seiten umfasst und Biografien, Anmerkungen zu den Liedern, Texte, \u00dcbersetzungen usw. enth\u00e4lt; Was typisch f\u00fcr die wissenschaftliche Genauigkeit ist, die die Werke des JMRC auszeichnet.<\/p>\n<p>\u00a0<\/p>\n<h4><strong><img loading=\"lazy\" decoding=\"async\" class=\"wp-image-10003 alignleft\" src=\"https:\/\/www.iemj.org\/wp-content\/uploads\/2016\/04\/cd_809_couv.jpg\" alt=\"cd_809_couv.jpg\" width=\"351\" height=\"305\" align=\"middle\" srcset=\"https:\/\/www.iemj.org\/wp-content\/uploads\/2016\/04\/cd_809_couv.jpg 448w, https:\/\/www.iemj.org\/wp-content\/uploads\/2016\/04\/cd_809_couv-300x261.jpg 300w\" sizes=\"(max-width: 351px) 100vw, 351px\" \/><\/strong><strong>Cute boy, charming girl, Children&#8217;s Songs of the Modern Hebrew Nation (1882-1948) <\/strong><\/h4>\n<p>Dieses Album aus der Sammlung \u201eAnthologie der Musiktraditionen in Israel\u201c pr\u00e4sentiert hebr\u00e4ische Kinderlieder, die vor der Gr\u00fcndung des Staates Israel geschrieben wurden. Die meisten dieser Lieder geh\u00f6ren heute nicht mehr zum gesungenen Repertoire und sind im Handel unauffindbar. Die CD, deren Interpreten Erwachsene sind, die diese Lieder in ihrer Kindheit gesungen haben, wird von einem sehr gut ausgestatteten Booklet mit \u00fcber 100 Seiten begleitet.<\/p>\n<p>\u00a0<\/p>\n<h4><strong><img loading=\"lazy\" decoding=\"async\" class=\"wp-image-10009 alignright\" src=\"https:\/\/www.iemj.org\/wp-content\/uploads\/2016\/04\/cd_810_couv.jpg\" alt=\"cd_810_couv.jpg\" width=\"350\" height=\"308\" align=\"middle\" srcset=\"https:\/\/www.iemj.org\/wp-content\/uploads\/2016\/04\/cd_810_couv.jpg 448w, https:\/\/www.iemj.org\/wp-content\/uploads\/2016\/04\/cd_810_couv-300x265.jpg 300w\" sizes=\"(max-width: 350px) 100vw, 350px\" \/>Or Haganuz, Gems of Ashkenazi <em>Hazzanut<\/em> and Yiddish Songs Revived<\/strong><\/h4>\n<p>Dieses Album, der vierte Band der Sammlung \u201eZeitgen\u00f6ssische J\u00fcdische Musik\u201c, ist das Ergebnis der Zusammenarbeit von Professor Andr\u00e9 Hajdu und dem Kantor Asher Hainovitz, der an der Yeshurun-Synagoge in Jerusalem t\u00e4tig ist. Gemeinsam haben sie Chasanut-St\u00fccke sowie jiddische Lieder ausgew\u00e4hlt, f\u00fcr die sie neue Arrangements f\u00fcr Gesang und Klavier schufen. Diese 2015 entstandene CD feiert das 50-j\u00e4hrige Jubil\u00e4um des Jewish Music Research Centre.<\/p>\n<h4>\u00a0<\/h4>\n<h4><strong><img loading=\"lazy\" decoding=\"async\" class=\"wp-image-10015 alignleft\" src=\"https:\/\/www.iemj.org\/wp-content\/uploads\/2016\/04\/cd_811_couv.jpg\" alt=\"cd_811_couv.jpg\" width=\"350\" height=\"303\" align=\"middle\" srcset=\"https:\/\/www.iemj.org\/wp-content\/uploads\/2016\/04\/cd_811_couv.jpg 450w, https:\/\/www.iemj.org\/wp-content\/uploads\/2016\/04\/cd_811_couv-300x260.jpg 300w\" sizes=\"(max-width: 350px) 100vw, 350px\" \/>Judeo-Spanish Moroccan Songs for the Life Cycle<\/strong><\/h4>\n<p>Als f\u00fcnfter Band der Sammlung \u201eAnthologie der Musiktraditionen in Israel\u201c versammelt diese CD Lieder der gro\u00dfen Ereignisse des j\u00fcdischen Lebens (Geburt, Beschneidung, Hochzeit &#8230;), die nach marokkanischer Tradition in j\u00fcdisch-spanischer Sprache gesungen werden.<\/p>\n\n\n<figure class=\"wp-block-image size-large\"><img loading=\"lazy\" decoding=\"async\" width=\"1024\" height=\"133\" src=\"https:\/\/www.iemj.org\/wp-content\/uploads\/2024\/03\/AUDIO-PLAYER-1024x133.png\" alt=\"\" class=\"wp-image-110606\" srcset=\"https:\/\/www.iemj.org\/wp-content\/uploads\/2024\/03\/AUDIO-PLAYER-1024x133.png 1024w, https:\/\/www.iemj.org\/wp-content\/uploads\/2024\/03\/AUDIO-PLAYER-300x39.png 300w, https:\/\/www.iemj.org\/wp-content\/uploads\/2024\/03\/AUDIO-PLAYER-768x100.png 768w, https:\/\/www.iemj.org\/wp-content\/uploads\/2024\/03\/AUDIO-PLAYER-600x78.png 600w, https:\/\/www.iemj.org\/wp-content\/uploads\/2024\/03\/AUDIO-PLAYER.png 1210w\" sizes=\"(max-width: 1024px) 100vw, 1024px\" \/><\/figure>\n\n\n\n<div class=\"wp-block-file\"><a id=\"wp-block-file--media-ec4031a7-a1c8-465f-b34b-185a33ac4fd8\" href=\"https:\/\/www.iemj.org\/wp-content\/uploads\/2016\/04\/cd_807a_01-2.mp3\">1_Nerdi natan reho_<em>Ahavat Olamim<\/em><\/a><\/div>\n\n\n\n<div class=\"wp-block-file\"><a id=\"wp-block-file--media-2b1f3d2a-4ce8-4815-9e53-84c94a455c49\" href=\"https:\/\/www.iemj.org\/wp-content\/uploads\/2016\/04\/cd_807a_05.mp3\">2_Omar l&#8217;Adonay mahsi_<em>Ahavat Olamim<\/em><\/a><\/div>\n\n\n\n<div class=\"wp-block-file\"><a id=\"wp-block-file--media-a39c8a61-59e4-40a5-943a-30f97c83035c\" href=\"https:\/\/www.iemj.org\/wp-content\/uploads\/2016\/04\/cd_807b_03.mp3\">3_Mi yitneni &#8218;uf, Yonah &#8218;ad anah, Ya&#8217;elam shevani_<em>Ahavat Olamim<\/em><\/a><\/div>\n\n\n\n<div class=\"wp-block-file\"><a id=\"wp-block-file--media-23aa6cea-9d3b-4335-b39b-d352948d07f2\" href=\"https:\/\/www.iemj.org\/wp-content\/uploads\/2016\/04\/cd_808_01.mp3\">4_Ten zemirot (Rast-Mahur)_<em>Ten Zemirot Ami<\/em><\/a><\/div>\n\n\n\n<div class=\"wp-block-file\"><a id=\"wp-block-file--media-ef9ce435-bb4e-40f4-b3c2-6618315a7add\" href=\"https:\/\/www.iemj.org\/wp-content\/uploads\/2016\/04\/cd_808_11.mp3\">5_Halel temallel (Bayat)_<em>Ten Zemirot Ami<\/em><\/a><\/div>\n\n\n\n<div class=\"wp-block-file\"><a id=\"wp-block-file--media-cc3f0939-f957-48c3-8b75-a4a8724073a3\" href=\"https:\/\/www.iemj.org\/wp-content\/uploads\/2016\/04\/cd_806_01.mp3\">6_Years of our childhood, Kinderyorn_<em>Leibu Levin Performs in Yiddish<\/em><\/a><\/div>\n\n\n\n<div class=\"wp-block-file\"><a id=\"wp-block-file--media-52ce0ed5-46d3-4b11-a8e8-c01f93e1a110\" href=\"https:\/\/www.iemj.org\/wp-content\/uploads\/2016\/04\/cd_806_09.mp3\">7_The world is topsy-turvy, Di velt hot zikh ibergekert_<em>Leibu Levin Performs in Yiddish<\/em><\/a><\/div>\n\n\n\n<div class=\"wp-block-file\"><a id=\"wp-block-file--media-8742de63-900b-4b43-9087-96a7118e62d9\" href=\"https:\/\/www.iemj.org\/wp-content\/uploads\/2016\/04\/cd_809_13.mp3\">8_The Ship_<em>Cute boy, charming girl<\/em><\/a><\/div>\n\n\n\n<div class=\"wp-block-file\"><a id=\"wp-block-file--media-fe176d0c-4f62-4b17-b269-243215f4dfdd\" href=\"https:\/\/www.iemj.org\/wp-content\/uploads\/2016\/04\/cd_809_22.mp3\">9_The Goose and Her Goslings_<em>Cute boy, charming girl<\/em><\/a><\/div>\n\n\n\n<div class=\"wp-block-file\"><a id=\"wp-block-file--media-ca1adc71-6f3a-4520-ac51-e9917951c18b\" href=\"https:\/\/www.iemj.org\/wp-content\/uploads\/2016\/04\/cd_810_02.mp3\">10_Kometz Aleph, Anonymous<em>_Or Haganuz<\/em><\/a><\/div>\n\n\n\n<div class=\"wp-block-file\"><a id=\"wp-block-file--media-19dcf345-375a-405d-9924-cc6cd0d59371\" href=\"https:\/\/www.iemj.org\/wp-content\/uploads\/2016\/04\/cd_810_04.mp3\">11_Eilah Toldot Noah, Pierre Pinchik<em>_Or Haganuz<\/em><\/a><\/div>\n\n\n\n<div class=\"wp-block-file\"><a id=\"wp-block-file--media-b387ab77-8d0c-441a-a85c-f235d3a1be96\" href=\"https:\/\/www.iemj.org\/wp-content\/uploads\/2016\/04\/cd_811_02.mp3\">12_Si est nino se durmierme_<em>Judeo-Spanish Moroccan Songs<\/em><\/a><\/div>\n\n\n\n<div class=\"wp-block-file\"><a id=\"wp-block-file--media-b92afee2-7972-4f9c-9983-a54eacf098ff\" href=\"https:\/\/www.iemj.org\/wp-content\/uploads\/2016\/04\/cd_811_17.mp3\">13_No me puso mi madre_<em>Judeo-Spanish Moroccan Songs<\/em><\/a><\/div>\n","protected":false},"excerpt":{"rendered":"<p>Das Jewish Music Research Centre in Jerusalem hat sich zum Ziel gesetzt, die musikalische Kultur der j\u00fcdischen Gemeinden in Vergangenheit und Gegenwart zu erforschen. Es ver\u00f6ffentlicht regelm\u00e4\u00dfig hochwertige Schallplatten und<\/p>\n","protected":false},"author":1048,"featured_media":98851,"comment_status":"closed","ping_status":"closed","sticky":false,"template":"","format":"standard","meta":{"_acf_changed":false,"footnotes":""},"categories":[1571,1561],"tags":[],"technique":[],"squelettes":[],"sujet":[2118],"formation":[],"genre":[1880,1888,1891,1864],"fonds":[],"tradition":[1970],"type-de-contenu":[],"interprete-compositeur":[],"frise":[],"type-devenement":[],"tableaux-liens-externes":[],"class_list":["post-98850","post","type-post","status-publish","format-standard","has-post-thumbnail","hentry","category-cd-de","category-letzte-neuerwerbungen-de","sujet-religiose-poesie-piyyutim-de","genre-israellied-de","genre-judaisch-spanisch-de","genre-liturgie-de","genre-yiddish-de","tradition-marokkanischer-ritus-de"],"acf":[],"yoast_head":"<!-- This site is optimized with the Yoast SEO plugin v27.3 - https:\/\/yoast.com\/product\/yoast-seo-wordpress\/ -->\n<title>Sechs Cd-Boxsets des Jewish Music Research Centre in Jerusalem - Institut Europ\u00e9en des Musiques Juives<\/title>\n<meta name=\"robots\" content=\"index, follow, max-snippet:-1, max-image-preview:large, max-video-preview:-1\" \/>\n<link rel=\"canonical\" href=\"https:\/\/www.iemj.org\/de\/les-dernieres-publications-du-centre-de-recherche-sur-les-musiques-juives-de-jerusalem\/\" \/>\n<meta property=\"og:locale\" content=\"de_DE\" \/>\n<meta property=\"og:type\" content=\"article\" \/>\n<meta property=\"og:title\" content=\"Sechs Cd-Boxsets des Jewish Music Research Centre in Jerusalem - Institut Europ\u00e9en des Musiques Juives\" \/>\n<meta property=\"og:description\" content=\"Das Jewish Music Research Centre in Jerusalem hat sich zum Ziel gesetzt, die musikalische Kultur der j\u00fcdischen Gemeinden in Vergangenheit und Gegenwart zu erforschen. Es ver\u00f6ffentlicht regelm\u00e4\u00dfig hochwertige Schallplatten und\" \/>\n<meta property=\"og:url\" content=\"https:\/\/www.iemj.org\/de\/les-dernieres-publications-du-centre-de-recherche-sur-les-musiques-juives-de-jerusalem\/\" \/>\n<meta property=\"og:site_name\" content=\"Institut Europ\u00e9en des Musiques Juives\" \/>\n<meta property=\"article:publisher\" content=\"https:\/\/www.facebook.com\/MusiquesJuives\/\" \/>\n<meta property=\"article:published_time\" content=\"2016-04-05T08:36:45+00:00\" \/>\n<meta property=\"article:modified_time\" content=\"2025-10-22T12:39:31+00:00\" \/>\n<meta property=\"og:image\" content=\"https:\/\/www.iemj.org\/wp-content\/uploads\/2025\/04\/Logo-6-coffrets-JMRC-1.jpg\" \/>\n\t<meta property=\"og:image:width\" content=\"353\" \/>\n\t<meta property=\"og:image:height\" content=\"211\" \/>\n\t<meta property=\"og:image:type\" content=\"image\/jpeg\" \/>\n<meta name=\"author\" content=\"Jean-Gabriel Davis\" \/>\n<meta name=\"twitter:card\" content=\"summary_large_image\" \/>\n<meta name=\"twitter:label1\" content=\"Verfasst von\" \/>\n\t<meta name=\"twitter:data1\" content=\"Jean-Gabriel Davis\" \/>\n\t<meta name=\"twitter:label2\" content=\"Gesch\u00e4tzte Lesezeit\" \/>\n\t<meta name=\"twitter:data2\" content=\"5\u00a0Minuten\" \/>\n<script type=\"application\/ld+json\" class=\"yoast-schema-graph\">{\"@context\":\"https:\\\/\\\/schema.org\",\"@graph\":[{\"@type\":\"Article\",\"@id\":\"https:\\\/\\\/www.iemj.org\\\/de\\\/les-dernieres-publications-du-centre-de-recherche-sur-les-musiques-juives-de-jerusalem\\\/#article\",\"isPartOf\":{\"@id\":\"https:\\\/\\\/www.iemj.org\\\/de\\\/les-dernieres-publications-du-centre-de-recherche-sur-les-musiques-juives-de-jerusalem\\\/\"},\"author\":{\"name\":\"Jean-Gabriel Davis\",\"@id\":\"https:\\\/\\\/www.iemj.org\\\/de\\\/#\\\/schema\\\/person\\\/c9bc1c386a3749579a2d675e72a18666\"},\"headline\":\"Sechs Cd-Boxsets des Jewish Music Research Centre in Jerusalem\",\"datePublished\":\"2016-04-05T08:36:45+00:00\",\"dateModified\":\"2025-10-22T12:39:31+00:00\",\"mainEntityOfPage\":{\"@id\":\"https:\\\/\\\/www.iemj.org\\\/de\\\/les-dernieres-publications-du-centre-de-recherche-sur-les-musiques-juives-de-jerusalem\\\/\"},\"wordCount\":707,\"publisher\":{\"@id\":\"https:\\\/\\\/www.iemj.org\\\/de\\\/#organization\"},\"image\":{\"@id\":\"https:\\\/\\\/www.iemj.org\\\/de\\\/les-dernieres-publications-du-centre-de-recherche-sur-les-musiques-juives-de-jerusalem\\\/#primaryimage\"},\"thumbnailUrl\":\"https:\\\/\\\/www.iemj.org\\\/wp-content\\\/uploads\\\/2025\\\/04\\\/Logo-6-coffrets-JMRC-1.jpg\",\"articleSection\":[\"CD\",\"Letzte Neuerwerbungen\"],\"inLanguage\":\"de\"},{\"@type\":\"WebPage\",\"@id\":\"https:\\\/\\\/www.iemj.org\\\/de\\\/les-dernieres-publications-du-centre-de-recherche-sur-les-musiques-juives-de-jerusalem\\\/\",\"url\":\"https:\\\/\\\/www.iemj.org\\\/de\\\/les-dernieres-publications-du-centre-de-recherche-sur-les-musiques-juives-de-jerusalem\\\/\",\"name\":\"Sechs Cd-Boxsets des Jewish Music Research Centre in Jerusalem - Institut Europ\u00e9en des Musiques Juives\",\"isPartOf\":{\"@id\":\"https:\\\/\\\/www.iemj.org\\\/de\\\/#website\"},\"primaryImageOfPage\":{\"@id\":\"https:\\\/\\\/www.iemj.org\\\/de\\\/les-dernieres-publications-du-centre-de-recherche-sur-les-musiques-juives-de-jerusalem\\\/#primaryimage\"},\"image\":{\"@id\":\"https:\\\/\\\/www.iemj.org\\\/de\\\/les-dernieres-publications-du-centre-de-recherche-sur-les-musiques-juives-de-jerusalem\\\/#primaryimage\"},\"thumbnailUrl\":\"https:\\\/\\\/www.iemj.org\\\/wp-content\\\/uploads\\\/2025\\\/04\\\/Logo-6-coffrets-JMRC-1.jpg\",\"datePublished\":\"2016-04-05T08:36:45+00:00\",\"dateModified\":\"2025-10-22T12:39:31+00:00\",\"breadcrumb\":{\"@id\":\"https:\\\/\\\/www.iemj.org\\\/de\\\/les-dernieres-publications-du-centre-de-recherche-sur-les-musiques-juives-de-jerusalem\\\/#breadcrumb\"},\"inLanguage\":\"de\",\"potentialAction\":[{\"@type\":\"ReadAction\",\"target\":[\"https:\\\/\\\/www.iemj.org\\\/de\\\/les-dernieres-publications-du-centre-de-recherche-sur-les-musiques-juives-de-jerusalem\\\/\"]}]},{\"@type\":\"ImageObject\",\"inLanguage\":\"de\",\"@id\":\"https:\\\/\\\/www.iemj.org\\\/de\\\/les-dernieres-publications-du-centre-de-recherche-sur-les-musiques-juives-de-jerusalem\\\/#primaryimage\",\"url\":\"https:\\\/\\\/www.iemj.org\\\/wp-content\\\/uploads\\\/2025\\\/04\\\/Logo-6-coffrets-JMRC-1.jpg\",\"contentUrl\":\"https:\\\/\\\/www.iemj.org\\\/wp-content\\\/uploads\\\/2025\\\/04\\\/Logo-6-coffrets-JMRC-1.jpg\",\"width\":353,\"height\":211},{\"@type\":\"BreadcrumbList\",\"@id\":\"https:\\\/\\\/www.iemj.org\\\/de\\\/les-dernieres-publications-du-centre-de-recherche-sur-les-musiques-juives-de-jerusalem\\\/#breadcrumb\",\"itemListElement\":[{\"@type\":\"ListItem\",\"position\":1,\"name\":\"Accueil\",\"item\":\"https:\\\/\\\/www.iemj.org\\\/de\\\/\"},{\"@type\":\"ListItem\",\"position\":2,\"name\":\"Sechs Cd-Boxsets des Jewish Music Research Centre in Jerusalem\"}]},{\"@type\":\"WebSite\",\"@id\":\"https:\\\/\\\/www.iemj.org\\\/de\\\/#website\",\"url\":\"https:\\\/\\\/www.iemj.org\\\/de\\\/\",\"name\":\"Institut Europ\u00e9en des Musiques Juives\",\"description\":\"Des traditions musicales \u00e0 la port\u00e9e de tous\",\"publisher\":{\"@id\":\"https:\\\/\\\/www.iemj.org\\\/de\\\/#organization\"},\"potentialAction\":[{\"@type\":\"SearchAction\",\"target\":{\"@type\":\"EntryPoint\",\"urlTemplate\":\"https:\\\/\\\/www.iemj.org\\\/de\\\/?s={search_term_string}\"},\"query-input\":{\"@type\":\"PropertyValueSpecification\",\"valueRequired\":true,\"valueName\":\"search_term_string\"}}],\"inLanguage\":\"de\"},{\"@type\":\"Organization\",\"@id\":\"https:\\\/\\\/www.iemj.org\\\/de\\\/#organization\",\"name\":\"Institut Europ\u00e9en des Musiques Juives\",\"url\":\"https:\\\/\\\/www.iemj.org\\\/de\\\/\",\"logo\":{\"@type\":\"ImageObject\",\"inLanguage\":\"de\",\"@id\":\"https:\\\/\\\/www.iemj.org\\\/de\\\/#\\\/schema\\\/logo\\\/image\\\/\",\"url\":\"https:\\\/\\\/www.iemj.org\\\/wp-content\\\/uploads\\\/2021\\\/09\\\/Logo-IEMJ-Paypal.jpg\",\"contentUrl\":\"https:\\\/\\\/www.iemj.org\\\/wp-content\\\/uploads\\\/2021\\\/09\\\/Logo-IEMJ-Paypal.jpg\",\"width\":150,\"height\":50,\"caption\":\"Institut Europ\u00e9en des Musiques Juives\"},\"image\":{\"@id\":\"https:\\\/\\\/www.iemj.org\\\/de\\\/#\\\/schema\\\/logo\\\/image\\\/\"},\"sameAs\":[\"https:\\\/\\\/www.facebook.com\\\/MusiquesJuives\\\/\",\"https:\\\/\\\/www.instagram.com\\\/musiquesjuives\\\/\",\"https:\\\/\\\/www.youtube.com\\\/user\\\/musiquesjuives\"]},{\"@type\":\"Person\",\"@id\":\"https:\\\/\\\/www.iemj.org\\\/de\\\/#\\\/schema\\\/person\\\/c9bc1c386a3749579a2d675e72a18666\",\"name\":\"Jean-Gabriel Davis\",\"image\":{\"@type\":\"ImageObject\",\"inLanguage\":\"de\",\"@id\":\"https:\\\/\\\/secure.gravatar.com\\\/avatar\\\/2b90d67bdf392c9b3a21fab87c0fa7edaf1fb3a058172a1ffd61033fcec7aec1?s=96&d=mm&r=g\",\"url\":\"https:\\\/\\\/secure.gravatar.com\\\/avatar\\\/2b90d67bdf392c9b3a21fab87c0fa7edaf1fb3a058172a1ffd61033fcec7aec1?s=96&d=mm&r=g\",\"contentUrl\":\"https:\\\/\\\/secure.gravatar.com\\\/avatar\\\/2b90d67bdf392c9b3a21fab87c0fa7edaf1fb3a058172a1ffd61033fcec7aec1?s=96&d=mm&r=g\",\"caption\":\"Jean-Gabriel Davis\"}}]}<\/script>\n<!-- \/ Yoast SEO plugin. -->","yoast_head_json":{"title":"Sechs Cd-Boxsets des Jewish Music Research Centre in Jerusalem - Institut Europ\u00e9en des Musiques Juives","robots":{"index":"index","follow":"follow","max-snippet":"max-snippet:-1","max-image-preview":"max-image-preview:large","max-video-preview":"max-video-preview:-1"},"canonical":"https:\/\/www.iemj.org\/de\/les-dernieres-publications-du-centre-de-recherche-sur-les-musiques-juives-de-jerusalem\/","og_locale":"de_DE","og_type":"article","og_title":"Sechs Cd-Boxsets des Jewish Music Research Centre in Jerusalem - Institut Europ\u00e9en des Musiques Juives","og_description":"Das Jewish Music Research Centre in Jerusalem hat sich zum Ziel gesetzt, die musikalische Kultur der j\u00fcdischen Gemeinden in Vergangenheit und Gegenwart zu erforschen. Es ver\u00f6ffentlicht regelm\u00e4\u00dfig hochwertige Schallplatten und","og_url":"https:\/\/www.iemj.org\/de\/les-dernieres-publications-du-centre-de-recherche-sur-les-musiques-juives-de-jerusalem\/","og_site_name":"Institut Europ\u00e9en des Musiques Juives","article_publisher":"https:\/\/www.facebook.com\/MusiquesJuives\/","article_published_time":"2016-04-05T08:36:45+00:00","article_modified_time":"2025-10-22T12:39:31+00:00","og_image":[{"width":353,"height":211,"url":"https:\/\/www.iemj.org\/wp-content\/uploads\/2025\/04\/Logo-6-coffrets-JMRC-1.jpg","type":"image\/jpeg"}],"author":"Jean-Gabriel Davis","twitter_card":"summary_large_image","twitter_misc":{"Verfasst von":"Jean-Gabriel Davis","Gesch\u00e4tzte Lesezeit":"5\u00a0Minuten"},"schema":{"@context":"https:\/\/schema.org","@graph":[{"@type":"Article","@id":"https:\/\/www.iemj.org\/de\/les-dernieres-publications-du-centre-de-recherche-sur-les-musiques-juives-de-jerusalem\/#article","isPartOf":{"@id":"https:\/\/www.iemj.org\/de\/les-dernieres-publications-du-centre-de-recherche-sur-les-musiques-juives-de-jerusalem\/"},"author":{"name":"Jean-Gabriel Davis","@id":"https:\/\/www.iemj.org\/de\/#\/schema\/person\/c9bc1c386a3749579a2d675e72a18666"},"headline":"Sechs Cd-Boxsets des Jewish Music Research Centre in Jerusalem","datePublished":"2016-04-05T08:36:45+00:00","dateModified":"2025-10-22T12:39:31+00:00","mainEntityOfPage":{"@id":"https:\/\/www.iemj.org\/de\/les-dernieres-publications-du-centre-de-recherche-sur-les-musiques-juives-de-jerusalem\/"},"wordCount":707,"publisher":{"@id":"https:\/\/www.iemj.org\/de\/#organization"},"image":{"@id":"https:\/\/www.iemj.org\/de\/les-dernieres-publications-du-centre-de-recherche-sur-les-musiques-juives-de-jerusalem\/#primaryimage"},"thumbnailUrl":"https:\/\/www.iemj.org\/wp-content\/uploads\/2025\/04\/Logo-6-coffrets-JMRC-1.jpg","articleSection":["CD","Letzte Neuerwerbungen"],"inLanguage":"de"},{"@type":"WebPage","@id":"https:\/\/www.iemj.org\/de\/les-dernieres-publications-du-centre-de-recherche-sur-les-musiques-juives-de-jerusalem\/","url":"https:\/\/www.iemj.org\/de\/les-dernieres-publications-du-centre-de-recherche-sur-les-musiques-juives-de-jerusalem\/","name":"Sechs Cd-Boxsets des Jewish Music Research Centre in Jerusalem - Institut Europ\u00e9en des Musiques Juives","isPartOf":{"@id":"https:\/\/www.iemj.org\/de\/#website"},"primaryImageOfPage":{"@id":"https:\/\/www.iemj.org\/de\/les-dernieres-publications-du-centre-de-recherche-sur-les-musiques-juives-de-jerusalem\/#primaryimage"},"image":{"@id":"https:\/\/www.iemj.org\/de\/les-dernieres-publications-du-centre-de-recherche-sur-les-musiques-juives-de-jerusalem\/#primaryimage"},"thumbnailUrl":"https:\/\/www.iemj.org\/wp-content\/uploads\/2025\/04\/Logo-6-coffrets-JMRC-1.jpg","datePublished":"2016-04-05T08:36:45+00:00","dateModified":"2025-10-22T12:39:31+00:00","breadcrumb":{"@id":"https:\/\/www.iemj.org\/de\/les-dernieres-publications-du-centre-de-recherche-sur-les-musiques-juives-de-jerusalem\/#breadcrumb"},"inLanguage":"de","potentialAction":[{"@type":"ReadAction","target":["https:\/\/www.iemj.org\/de\/les-dernieres-publications-du-centre-de-recherche-sur-les-musiques-juives-de-jerusalem\/"]}]},{"@type":"ImageObject","inLanguage":"de","@id":"https:\/\/www.iemj.org\/de\/les-dernieres-publications-du-centre-de-recherche-sur-les-musiques-juives-de-jerusalem\/#primaryimage","url":"https:\/\/www.iemj.org\/wp-content\/uploads\/2025\/04\/Logo-6-coffrets-JMRC-1.jpg","contentUrl":"https:\/\/www.iemj.org\/wp-content\/uploads\/2025\/04\/Logo-6-coffrets-JMRC-1.jpg","width":353,"height":211},{"@type":"BreadcrumbList","@id":"https:\/\/www.iemj.org\/de\/les-dernieres-publications-du-centre-de-recherche-sur-les-musiques-juives-de-jerusalem\/#breadcrumb","itemListElement":[{"@type":"ListItem","position":1,"name":"Accueil","item":"https:\/\/www.iemj.org\/de\/"},{"@type":"ListItem","position":2,"name":"Sechs Cd-Boxsets des Jewish Music Research Centre in Jerusalem"}]},{"@type":"WebSite","@id":"https:\/\/www.iemj.org\/de\/#website","url":"https:\/\/www.iemj.org\/de\/","name":"Institut Europ\u00e9en des Musiques Juives","description":"Des traditions musicales \u00e0 la port\u00e9e de tous","publisher":{"@id":"https:\/\/www.iemj.org\/de\/#organization"},"potentialAction":[{"@type":"SearchAction","target":{"@type":"EntryPoint","urlTemplate":"https:\/\/www.iemj.org\/de\/?s={search_term_string}"},"query-input":{"@type":"PropertyValueSpecification","valueRequired":true,"valueName":"search_term_string"}}],"inLanguage":"de"},{"@type":"Organization","@id":"https:\/\/www.iemj.org\/de\/#organization","name":"Institut Europ\u00e9en des Musiques Juives","url":"https:\/\/www.iemj.org\/de\/","logo":{"@type":"ImageObject","inLanguage":"de","@id":"https:\/\/www.iemj.org\/de\/#\/schema\/logo\/image\/","url":"https:\/\/www.iemj.org\/wp-content\/uploads\/2021\/09\/Logo-IEMJ-Paypal.jpg","contentUrl":"https:\/\/www.iemj.org\/wp-content\/uploads\/2021\/09\/Logo-IEMJ-Paypal.jpg","width":150,"height":50,"caption":"Institut Europ\u00e9en des Musiques Juives"},"image":{"@id":"https:\/\/www.iemj.org\/de\/#\/schema\/logo\/image\/"},"sameAs":["https:\/\/www.facebook.com\/MusiquesJuives\/","https:\/\/www.instagram.com\/musiquesjuives\/","https:\/\/www.youtube.com\/user\/musiquesjuives"]},{"@type":"Person","@id":"https:\/\/www.iemj.org\/de\/#\/schema\/person\/c9bc1c386a3749579a2d675e72a18666","name":"Jean-Gabriel Davis","image":{"@type":"ImageObject","inLanguage":"de","@id":"https:\/\/secure.gravatar.com\/avatar\/2b90d67bdf392c9b3a21fab87c0fa7edaf1fb3a058172a1ffd61033fcec7aec1?s=96&d=mm&r=g","url":"https:\/\/secure.gravatar.com\/avatar\/2b90d67bdf392c9b3a21fab87c0fa7edaf1fb3a058172a1ffd61033fcec7aec1?s=96&d=mm&r=g","contentUrl":"https:\/\/secure.gravatar.com\/avatar\/2b90d67bdf392c9b3a21fab87c0fa7edaf1fb3a058172a1ffd61033fcec7aec1?s=96&d=mm&r=g","caption":"Jean-Gabriel Davis"}}]}},"_links":{"self":[{"href":"https:\/\/www.iemj.org\/de\/wp-json\/wp\/v2\/posts\/98850","targetHints":{"allow":["GET"]}}],"collection":[{"href":"https:\/\/www.iemj.org\/de\/wp-json\/wp\/v2\/posts"}],"about":[{"href":"https:\/\/www.iemj.org\/de\/wp-json\/wp\/v2\/types\/post"}],"author":[{"embeddable":true,"href":"https:\/\/www.iemj.org\/de\/wp-json\/wp\/v2\/users\/1048"}],"replies":[{"embeddable":true,"href":"https:\/\/www.iemj.org\/de\/wp-json\/wp\/v2\/comments?post=98850"}],"version-history":[{"count":3,"href":"https:\/\/www.iemj.org\/de\/wp-json\/wp\/v2\/posts\/98850\/revisions"}],"predecessor-version":[{"id":127662,"href":"https:\/\/www.iemj.org\/de\/wp-json\/wp\/v2\/posts\/98850\/revisions\/127662"}],"wp:featuredmedia":[{"embeddable":true,"href":"https:\/\/www.iemj.org\/de\/wp-json\/wp\/v2\/media\/98851"}],"wp:attachment":[{"href":"https:\/\/www.iemj.org\/de\/wp-json\/wp\/v2\/media?parent=98850"}],"wp:term":[{"taxonomy":"category","embeddable":true,"href":"https:\/\/www.iemj.org\/de\/wp-json\/wp\/v2\/categories?post=98850"},{"taxonomy":"post_tag","embeddable":true,"href":"https:\/\/www.iemj.org\/de\/wp-json\/wp\/v2\/tags?post=98850"},{"taxonomy":"technique","embeddable":true,"href":"https:\/\/www.iemj.org\/de\/wp-json\/wp\/v2\/technique?post=98850"},{"taxonomy":"squelettes","embeddable":true,"href":"https:\/\/www.iemj.org\/de\/wp-json\/wp\/v2\/squelettes?post=98850"},{"taxonomy":"sujet","embeddable":true,"href":"https:\/\/www.iemj.org\/de\/wp-json\/wp\/v2\/sujet?post=98850"},{"taxonomy":"formation","embeddable":true,"href":"https:\/\/www.iemj.org\/de\/wp-json\/wp\/v2\/formation?post=98850"},{"taxonomy":"genre","embeddable":true,"href":"https:\/\/www.iemj.org\/de\/wp-json\/wp\/v2\/genre?post=98850"},{"taxonomy":"fonds","embeddable":true,"href":"https:\/\/www.iemj.org\/de\/wp-json\/wp\/v2\/fonds?post=98850"},{"taxonomy":"tradition","embeddable":true,"href":"https:\/\/www.iemj.org\/de\/wp-json\/wp\/v2\/tradition?post=98850"},{"taxonomy":"type-de-contenu","embeddable":true,"href":"https:\/\/www.iemj.org\/de\/wp-json\/wp\/v2\/type-de-contenu?post=98850"},{"taxonomy":"interprete-compositeur","embeddable":true,"href":"https:\/\/www.iemj.org\/de\/wp-json\/wp\/v2\/interprete-compositeur?post=98850"},{"taxonomy":"frise","embeddable":true,"href":"https:\/\/www.iemj.org\/de\/wp-json\/wp\/v2\/frise?post=98850"},{"taxonomy":"type-devenement","embeddable":true,"href":"https:\/\/www.iemj.org\/de\/wp-json\/wp\/v2\/type-devenement?post=98850"},{"taxonomy":"tableaux-liens-externes","embeddable":true,"href":"https:\/\/www.iemj.org\/de\/wp-json\/wp\/v2\/tableaux-liens-externes?post=98850"}],"curies":[{"name":"wp","href":"https:\/\/api.w.org\/{rel}","templated":true}]}}