{"id":98865,"date":"2016-03-16T12:26:34","date_gmt":"2016-03-16T11:26:34","guid":{"rendered":"https:\/\/www.iemj.org\/verdun-feuillets-de-guerre\/"},"modified":"2025-10-22T14:51:25","modified_gmt":"2025-10-22T12:51:25","slug":"verdun-feuillets-de-guerre","status":"publish","type":"post","link":"https:\/\/www.iemj.org\/de\/verdun-feuillets-de-guerre\/","title":{"rendered":"Verdun, feuillets de guerre"},"content":{"rendered":"<p><strong>2016 beim Label Hortus erschienen<\/strong><\/p>\n<p>Fran\u00e7oise Masset, Sopran, und Anne Le Bozec, Klavier, interpretieren oft unver\u00f6ffentlichte Werke von Komponisten aus dem Ersten Weltkrieg, wie Alfred Bruneau, Andr\u00e9 Caplet, Reynaldo Hahn, Fernand Halphen, Gabriel Piern\u00e9, Jacques de La Presle&#8230;<\/p>\n<p><!--more--><\/p>\n<p>\u201eDas musikalische Schaffen ist immer ein Ausdruck der Gesellschaft und der Epoche, in der es entstanden ist. Was wissen wir wirklich \u00fcber das Schaffen zwischen 1914 und 1918?\u201c<\/p>\n<p>\u201eWas wissen wir \u00fcber das Repertoire von Autoren, die im Krieg gefallen sind und keine Zeit hatten, ihren Ruhm zu festigen? Wie wirkte sich der Konflikt auf die Inspiration der Komponisten aus? Wie steht es mit den musikalischen Hommagen, die in der unmittelbaren Nachkriegszeit verfasst wurden? Viele Komponisten und Dichter wurden rund um Verdun mobilisiert. In den <em>Feuillets de Guerre<\/em> <em>(Kriegsbl\u00e4ttern) <\/em>ist eine gro\u00dfe Auswahl an unver\u00f6ffentlichten Melodien und Liedern zusammengestellt. Diese CD dr\u00fcckt Nostalgie und religi\u00f6se Gef\u00fchle aus oder zeugt vom Engagement der Frauen im Krieg (<em>Les Tourneuse d&#8217;obus<\/em>) oder von der Heftigkeit eines starken und zuversichtlichen Frankreichs (<em>Le Tambour<\/em>)\u201c.<\/p>\n<p><a href=\"http:\/\/www.editionshortus.com\/catalogue_fiche.php?prod_id=169\" target=\"_blank\" rel=\"noopener\">Erfahren Sie mehr und bestellen Sie die CD<\/a><\/p>\n<h3><strong>Detailliertes Programm<\/strong><\/h3>\n<div id=\"contenu\">\n<div id=\"cont4\">\n<table class=\"tab_prog\" border=\"0\" width=\"510\" cellspacing=\"0\" cellpadding=\"0\" align=\"left\">\n<tbody>\n<tr class=\"titre_section\">\n<td class=\"titre_section\" colspan=\"3\"><strong>HORTUS 716 | CD DDD \u2117 Hortus 2016 | T.T. 67&#8217;56<\/strong><\/td>\n<\/tr>\n<tr>\n<td class=\"techdisque\" colspan=\"3\">\u00a0<\/td>\n<\/tr>\n<tr>\n<td>\u00a0<\/td>\n<td class=\"prog_disqtitre\" colspan=\"2\"><strong>Les Musiciens et la Grande Guerre, disque 16<\/strong><\/td>\n<\/tr>\n<tr>\n<td>\u00a0<\/td>\n<td class=\"prog_compo\" colspan=\"2\">Gabriel Piern\u00e9 (1863-1937)<\/td>\n<\/tr>\n<tr>\n<td>\u00a0<\/td>\n<td class=\"prog_oeuvrtitre\">Six ballades fran\u00e7aises<\/td>\n<td>\u00a0<\/td>\n<\/tr>\n<tr>\n<td class=\"prog_numpiste\">1.<\/td>\n<td class=\"prog_mvttitre\">Les derni\u00e8res pens\u00e9es<\/td>\n<td class=\"prog_duree\">5&#8217;27<\/td>\n<\/tr>\n<tr>\n<td>\u00a0<\/td>\n<td class=\"prog_compo\" colspan=\"2\">Paul Ladmirault (1877-1944)<\/td>\n<\/tr>\n<tr>\n<td class=\"prog_numpiste\">2.<\/td>\n<td class=\"prog_oeuvrtitre\">La petite bague de la tranch\u00e9e<\/td>\n<td class=\"prog_duree\">4&#8217;19<\/td>\n<\/tr>\n<tr>\n<td>\u00a0<\/td>\n<td class=\"prog_compo\" colspan=\"2\">Jacques de La Presle (1888-1969)<\/td>\n<\/tr>\n<tr>\n<td class=\"prog_numpiste\">3.<\/td>\n<td class=\"prog_oeuvrtitre\">\u00d4 Morts<\/td>\n<td class=\"prog_duree\">2&#8217;35<\/td>\n<\/tr>\n<tr>\n<td>\u00a0<\/td>\n<td class=\"prog_compo\" colspan=\"2\">Henry F\u00e9vrier (1875-1957)<\/td>\n<\/tr>\n<tr>\n<td>\u00a0<\/td>\n<td class=\"prog_oeuvrtitre\">Chansons de la Wo\u00ebvre<\/td>\n<td>\u00a0<\/td>\n<\/tr>\n<tr>\n<td class=\"prog_numpiste\">4.<\/td>\n<td class=\"prog_mvttitre\">Mimi Pinson met sa cocarde<\/td>\n<td class=\"prog_duree\">2&#8217;17<\/td>\n<\/tr>\n<tr>\n<td>\u00a0<\/td>\n<td class=\"prog_compo\" colspan=\"2\">Reynaldo Hahn (1874-1947)<\/td>\n<\/tr>\n<tr>\n<td>\u00a0<\/td>\n<td class=\"prog_oeuvrtitre\">Cinq petites chansons<\/td>\n<td>\u00a0<\/td>\n<\/tr>\n<tr>\n<td class=\"prog_numpiste\">5.<\/td>\n<td class=\"prog_mvttitre\">La balan\u00e7oire<\/td>\n<td class=\"prog_duree\">2&#8217;00<\/td>\n<\/tr>\n<tr>\n<td class=\"prog_numpiste\">6.<\/td>\n<td class=\"prog_mvttitre\">Nuits de grand vent<\/td>\n<td class=\"prog_duree\">0&#8217;49<\/td>\n<\/tr>\n<tr>\n<td>\u00a0<\/td>\n<td class=\"prog_compo\" colspan=\"2\">Andr\u00e9 Caplet (1878-1925)<\/td>\n<\/tr>\n<tr>\n<td>\u00a0<\/td>\n<td class=\"prog_oeuvrtitre\">Le vieux coffret<\/td>\n<td>\u00a0<\/td>\n<\/tr>\n<tr>\n<td class=\"prog_numpiste\">7.<\/td>\n<td class=\"prog_mvttitre\">In una selva oscura<\/td>\n<td class=\"prog_duree\">2&#8217;49<\/td>\n<\/tr>\n<tr>\n<td>\u00a0<\/td>\n<td class=\"prog_compo\" colspan=\"2\">Pierre Vellones (1889-1939)<\/td>\n<\/tr>\n<tr>\n<td class=\"prog_numpiste\">8.<\/td>\n<td class=\"prog_oeuvrtitre\">Lettre de chez nous<\/td>\n<td class=\"prog_duree\">2&#8217;51<\/td>\n<\/tr>\n<tr>\n<td>\u00a0<\/td>\n<td class=\"prog_compo\" colspan=\"2\">Henry F\u00e9vrier (1875-1957)<\/td>\n<\/tr>\n<tr>\n<td>\u00a0<\/td>\n<td class=\"prog_oeuvrtitre\">Chansons de la Wo\u00ebvre<\/td>\n<td>\u00a0<\/td>\n<\/tr>\n<tr>\n<td class=\"prog_numpiste\">9.<\/td>\n<td class=\"prog_mvttitre\">Chanson \u00e0 ma mie<\/td>\n<td class=\"prog_duree\">3&#8217;39<\/td>\n<\/tr>\n<tr>\n<td>\u00a0<\/td>\n<td class=\"prog_compo\" colspan=\"2\">Alfred Bruneau (1857-1934)<\/td>\n<\/tr>\n<tr>\n<td class=\"prog_numpiste\">10.<\/td>\n<td class=\"prog_oeuvrtitre\">Le tambour<\/td>\n<td class=\"prog_duree\">8&#8217;02<\/td>\n<\/tr>\n<tr>\n<td>\u00a0<\/td>\n<td class=\"prog_compo\" colspan=\"2\">Reynaldo Hahn (1874-1947)<\/td>\n<\/tr>\n<tr>\n<td class=\"prog_numpiste\">11.<\/td>\n<td class=\"prog_oeuvrtitre\">Aux morts de Vauquois<\/td>\n<td class=\"prog_duree\">3&#8217;30<\/td>\n<\/tr>\n<tr>\n<td>\u00a0<\/td>\n<td class=\"prog_compo\" colspan=\"2\">Andr\u00e9 Caplet (1878-1925)<\/td>\n<\/tr>\n<tr>\n<td class=\"prog_numpiste\">12.<\/td>\n<td class=\"prog_oeuvrtitre\">Solitude<\/td>\n<td class=\"prog_duree\">3&#8217;54<\/td>\n<\/tr>\n<tr>\n<td>\u00a0<\/td>\n<td class=\"prog_compo\" colspan=\"2\">Jacques Pillois (1877-1935)<\/td>\n<\/tr>\n<tr>\n<td>\u00a0<\/td>\n<td class=\"prog_oeuvrtitre\">Feuillets de guerre<\/td>\n<td>\u00a0<\/td>\n<\/tr>\n<tr>\n<td class=\"prog_numpiste\">13.<\/td>\n<td class=\"prog_mvttitre\">Il est un air\u2026<\/td>\n<td class=\"prog_duree\">2&#8217;55<\/td>\n<\/tr>\n<tr>\n<td class=\"prog_numpiste\">14.<\/td>\n<td class=\"prog_mvttitre\">Mi-brise, mi-brume<\/td>\n<td class=\"prog_duree\">1&#8217;03<\/td>\n<\/tr>\n<tr>\n<td>\u00a0<\/td>\n<td class=\"prog_compo\" colspan=\"2\">Henry F\u00e9vrier (1875-1957)<\/td>\n<\/tr>\n<tr>\n<td>\u00a0<\/td>\n<td class=\"prog_oeuvrtitre\">Chansons de la Wo\u00ebvre<\/td>\n<td>\u00a0<\/td>\n<\/tr>\n<tr>\n<td class=\"prog_numpiste\">15.<\/td>\n<td class=\"prog_mvttitre\">Octobre<\/td>\n<td class=\"prog_duree\">3&#8217;22<\/td>\n<\/tr>\n<tr>\n<td>\u00a0<\/td>\n<td class=\"prog_compo\" colspan=\"2\">Vincent Scotto (1874-1952)<\/td>\n<\/tr>\n<tr>\n<td class=\"prog_numpiste\">16.<\/td>\n<td class=\"prog_oeuvrtitre\">Les tourneuses d\u2019obus<\/td>\n<td class=\"prog_duree\">2&#8217;42<\/td>\n<\/tr>\n<tr>\n<td>\u00a0<\/td>\n<td class=\"prog_compo\" colspan=\"2\">Henry F\u00e9vrier (1875-1957)<\/td>\n<\/tr>\n<tr>\n<td>\u00a0<\/td>\n<td class=\"prog_oeuvrtitre\">Chansons de la Wo\u00ebvre<\/td>\n<td>\u00a0<\/td>\n<\/tr>\n<tr>\n<td class=\"prog_numpiste\">17.<\/td>\n<td class=\"prog_mvttitre\">La lettre<\/td>\n<td class=\"prog_duree\">3&#8217;24<\/td>\n<\/tr>\n<tr>\n<td>\u00a0<\/td>\n<td class=\"prog_compo\" colspan=\"2\">Fernand Halphen (1872-1917)<\/td>\n<\/tr>\n<tr>\n<td class=\"prog_numpiste\">18.<\/td>\n<td class=\"prog_oeuvrtitre\">Vieille chanson<\/td>\n<td class=\"prog_duree\">1&#8217;45<\/td>\n<\/tr>\n<tr>\n<td>\u00a0<\/td>\n<td class=\"prog_compo\" colspan=\"2\">Andr\u00e9 Caplet (1878-1925)<\/td>\n<\/tr>\n<tr>\n<td class=\"prog_numpiste\">19.<\/td>\n<td class=\"prog_oeuvrtitre\">Pri\u00e8re normande<\/td>\n<td class=\"prog_duree\">3&#8217;26<\/td>\n<\/tr>\n<tr>\n<td>\u00a0<\/td>\n<td class=\"prog_compo\" colspan=\"2\">Reynaldo Hahn (1874-1947)<\/td>\n<\/tr>\n<tr>\n<td>\u00a0<\/td>\n<td class=\"prog_oeuvrtitre\">Cinq petites chansons<\/td>\n<td>\u00a0<\/td>\n<\/tr>\n<tr>\n<td class=\"prog_numpiste\">20.<\/td>\n<td class=\"prog_mvttitre\">Mon petit bateau<\/td>\n<td class=\"prog_duree\">1&#8217;47<\/td>\n<\/tr>\n<tr>\n<td class=\"prog_numpiste\">21.<\/td>\n<td class=\"prog_mvttitre\">Un bon petit gar\u00e7on<\/td>\n<td class=\"prog_duree\">1&#8217;28<\/td>\n<\/tr>\n<tr>\n<td>\u00a0<\/td>\n<td class=\"prog_compo\" colspan=\"2\">Vincent Scotto (1874-1952)<\/td>\n<\/tr>\n<tr>\n<td class=\"prog_numpiste\">22.<\/td>\n<td class=\"prog_oeuvrtitre\">La Tranch\u00e9e aux \u00e9toiles<\/td>\n<td class=\"prog_duree\">3&#8217;38<\/td>\n<\/tr>\n<\/tbody>\n<\/table>\n<\/div>\n<\/div>\n<div id=\"ssmenu\"><form id=\"form1\" action=\"https:\/\/www.editionshortus.com\/catalogue_fiche.php?prod_id=169\" method=\"post\" name=\"form1\">\n<p class=\"droite\">\u00a0<\/p>\n<\/form><\/div>\n\n<div class=\"wp-block-image\">\n<figure class=\"aligncenter size-large\"><img fetchpriority=\"high\" decoding=\"async\" width=\"1024\" height=\"133\" src=\"https:\/\/www.iemj.org\/wp-content\/uploads\/2024\/03\/AUDIO-PLAYER-1024x133.png\" alt=\"\" class=\"wp-image-110606\" srcset=\"https:\/\/www.iemj.org\/wp-content\/uploads\/2024\/03\/AUDIO-PLAYER-1024x133.png 1024w, https:\/\/www.iemj.org\/wp-content\/uploads\/2024\/03\/AUDIO-PLAYER-300x39.png 300w, https:\/\/www.iemj.org\/wp-content\/uploads\/2024\/03\/AUDIO-PLAYER-768x100.png 768w, https:\/\/www.iemj.org\/wp-content\/uploads\/2024\/03\/AUDIO-PLAYER-600x78.png 600w, https:\/\/www.iemj.org\/wp-content\/uploads\/2024\/03\/AUDIO-PLAYER.png 1210w\" sizes=\"(max-width: 1024px) 100vw, 1024px\" \/><\/figure>\n<\/div>\n\n\n<div class=\"wp-block-file\"><a id=\"wp-block-file--media-622cd1cd-a61a-43e9-9f61-271adf8b5388\" href=\"https:\/\/www.iemj.org\/wp-content\/uploads\/2016\/03\/cd_801_01.mp3\">Piern\u00e9, Les Derni\u00e8res pens\u00e9es<\/a><\/div>\n\n\n\n<div class=\"wp-block-file\"><a id=\"wp-block-file--media-52d6a3fb-4425-4bf7-bfd7-40357d5fa172\" href=\"https:\/\/www.iemj.org\/wp-content\/uploads\/2016\/03\/cd_801_03.mp3\">De La Presle, \u00d4 Morts<\/a><\/div>\n\n\n\n<div class=\"wp-block-file\"><a id=\"wp-block-file--media-427efe1f-1d28-4118-9276-908ea710c609\" href=\"https:\/\/www.iemj.org\/wp-content\/uploads\/2016\/03\/cd_801_05.mp3\">Hahn, La Balan\u00e7oire<\/a><\/div>\n\n\n\n<div class=\"wp-block-file\"><a id=\"wp-block-file--media-2292f34e-366f-4386-b67c-ce014c961fba\" href=\"https:\/\/www.iemj.org\/wp-content\/uploads\/2016\/03\/cd_801_08.mp3\">Vellones, Lettre de chez nous<\/a><\/div>\n\n\n\n<div class=\"wp-block-file\"><a id=\"wp-block-file--media-1ee02e69-f3fa-470e-bc8e-53f4651dc43e\" href=\"https:\/\/www.iemj.org\/wp-content\/uploads\/2016\/03\/cd_801_10.mp3\">Bruneau, Le Tambour<\/a><\/div>\n\n\n\n<div class=\"wp-block-file\"><a id=\"wp-block-file--media-8763c5b6-ba1e-44c1-b9d0-b5720c26c0f8\" href=\"https:\/\/www.iemj.org\/wp-content\/uploads\/2016\/03\/cd_801_18.mp3\">Halphen, Vieille chanson<\/a><\/div>\n","protected":false},"excerpt":{"rendered":"<p>2016 beim Label Hortus erschienen Fran\u00e7oise Masset, Sopran, und Anne Le Bozec, Klavier, interpretieren oft unver\u00f6ffentlichte Werke von Komponisten aus dem Ersten Weltkrieg, wie Alfred Bruneau, Andr\u00e9 Caplet, Reynaldo Hahn,<\/p>\n","protected":false},"author":1048,"featured_media":98866,"comment_status":"closed","ping_status":"closed","sticky":false,"template":"","format":"standard","meta":{"_acf_changed":false,"footnotes":""},"categories":[1571,1561],"tags":[],"technique":[],"squelettes":[],"sujet":[],"formation":[],"genre":[1900],"fonds":[],"tradition":[],"type-de-contenu":[],"interprete-compositeur":[],"frise":[],"type-devenement":[],"tableaux-liens-externes":[],"class_list":["post-98865","post","type-post","status-publish","format-standard","has-post-thumbnail","hentry","category-cd-de","category-letzte-neuerwerbungen-de","genre-klassische-musik-de"],"acf":[],"yoast_head":"<!-- This site is optimized with the Yoast SEO plugin v27.3 - https:\/\/yoast.com\/product\/yoast-seo-wordpress\/ -->\n<title>Verdun, feuillets de guerre - Institut Europ\u00e9en des Musiques Juives<\/title>\n<meta name=\"robots\" content=\"index, follow, max-snippet:-1, max-image-preview:large, max-video-preview:-1\" \/>\n<link rel=\"canonical\" href=\"https:\/\/www.iemj.org\/de\/verdun-feuillets-de-guerre\/\" \/>\n<meta property=\"og:locale\" content=\"de_DE\" \/>\n<meta property=\"og:type\" content=\"article\" \/>\n<meta property=\"og:title\" content=\"Verdun, feuillets de guerre - Institut Europ\u00e9en des Musiques Juives\" \/>\n<meta property=\"og:description\" content=\"2016 beim Label Hortus erschienen Fran\u00e7oise Masset, Sopran, und Anne Le Bozec, Klavier, interpretieren oft unver\u00f6ffentlichte Werke von Komponisten aus dem Ersten Weltkrieg, wie Alfred Bruneau, Andr\u00e9 Caplet, Reynaldo Hahn,\" \/>\n<meta property=\"og:url\" content=\"https:\/\/www.iemj.org\/de\/verdun-feuillets-de-guerre\/\" \/>\n<meta property=\"og:site_name\" content=\"Institut Europ\u00e9en des Musiques Juives\" \/>\n<meta property=\"article:publisher\" content=\"https:\/\/www.facebook.com\/MusiquesJuives\/\" \/>\n<meta property=\"article:published_time\" content=\"2016-03-16T11:26:34+00:00\" \/>\n<meta property=\"article:modified_time\" content=\"2025-10-22T12:51:25+00:00\" \/>\n<meta property=\"og:image\" content=\"https:\/\/www.iemj.org\/wp-content\/uploads\/2016\/03\/arton1540-e1619425978687.jpg\" \/>\n\t<meta property=\"og:image:width\" content=\"350\" \/>\n\t<meta property=\"og:image:height\" content=\"315\" \/>\n\t<meta property=\"og:image:type\" content=\"image\/jpeg\" \/>\n<meta name=\"author\" content=\"Jean-Gabriel Davis\" \/>\n<meta name=\"twitter:card\" content=\"summary_large_image\" \/>\n<meta name=\"twitter:label1\" content=\"Verfasst von\" \/>\n\t<meta name=\"twitter:data1\" content=\"Jean-Gabriel Davis\" \/>\n\t<meta name=\"twitter:label2\" content=\"Gesch\u00e4tzte Lesezeit\" \/>\n\t<meta name=\"twitter:data2\" content=\"3\u00a0Minuten\" \/>\n<script type=\"application\/ld+json\" class=\"yoast-schema-graph\">{\"@context\":\"https:\\\/\\\/schema.org\",\"@graph\":[{\"@type\":\"Article\",\"@id\":\"https:\\\/\\\/www.iemj.org\\\/de\\\/verdun-feuillets-de-guerre\\\/#article\",\"isPartOf\":{\"@id\":\"https:\\\/\\\/www.iemj.org\\\/de\\\/verdun-feuillets-de-guerre\\\/\"},\"author\":{\"name\":\"Jean-Gabriel Davis\",\"@id\":\"https:\\\/\\\/www.iemj.org\\\/de\\\/#\\\/schema\\\/person\\\/c9bc1c386a3749579a2d675e72a18666\"},\"headline\":\"Verdun, feuillets de guerre\",\"datePublished\":\"2016-03-16T11:26:34+00:00\",\"dateModified\":\"2025-10-22T12:51:25+00:00\",\"mainEntityOfPage\":{\"@id\":\"https:\\\/\\\/www.iemj.org\\\/de\\\/verdun-feuillets-de-guerre\\\/\"},\"wordCount\":398,\"publisher\":{\"@id\":\"https:\\\/\\\/www.iemj.org\\\/de\\\/#organization\"},\"image\":{\"@id\":\"https:\\\/\\\/www.iemj.org\\\/de\\\/verdun-feuillets-de-guerre\\\/#primaryimage\"},\"thumbnailUrl\":\"https:\\\/\\\/www.iemj.org\\\/wp-content\\\/uploads\\\/2016\\\/03\\\/arton1540-e1619425978687.jpg\",\"articleSection\":[\"CD\",\"Letzte Neuerwerbungen\"],\"inLanguage\":\"de\"},{\"@type\":\"WebPage\",\"@id\":\"https:\\\/\\\/www.iemj.org\\\/de\\\/verdun-feuillets-de-guerre\\\/\",\"url\":\"https:\\\/\\\/www.iemj.org\\\/de\\\/verdun-feuillets-de-guerre\\\/\",\"name\":\"Verdun, feuillets de guerre - Institut Europ\u00e9en des Musiques Juives\",\"isPartOf\":{\"@id\":\"https:\\\/\\\/www.iemj.org\\\/de\\\/#website\"},\"primaryImageOfPage\":{\"@id\":\"https:\\\/\\\/www.iemj.org\\\/de\\\/verdun-feuillets-de-guerre\\\/#primaryimage\"},\"image\":{\"@id\":\"https:\\\/\\\/www.iemj.org\\\/de\\\/verdun-feuillets-de-guerre\\\/#primaryimage\"},\"thumbnailUrl\":\"https:\\\/\\\/www.iemj.org\\\/wp-content\\\/uploads\\\/2016\\\/03\\\/arton1540-e1619425978687.jpg\",\"datePublished\":\"2016-03-16T11:26:34+00:00\",\"dateModified\":\"2025-10-22T12:51:25+00:00\",\"breadcrumb\":{\"@id\":\"https:\\\/\\\/www.iemj.org\\\/de\\\/verdun-feuillets-de-guerre\\\/#breadcrumb\"},\"inLanguage\":\"de\",\"potentialAction\":[{\"@type\":\"ReadAction\",\"target\":[\"https:\\\/\\\/www.iemj.org\\\/de\\\/verdun-feuillets-de-guerre\\\/\"]}]},{\"@type\":\"ImageObject\",\"inLanguage\":\"de\",\"@id\":\"https:\\\/\\\/www.iemj.org\\\/de\\\/verdun-feuillets-de-guerre\\\/#primaryimage\",\"url\":\"https:\\\/\\\/www.iemj.org\\\/wp-content\\\/uploads\\\/2016\\\/03\\\/arton1540-e1619425978687.jpg\",\"contentUrl\":\"https:\\\/\\\/www.iemj.org\\\/wp-content\\\/uploads\\\/2016\\\/03\\\/arton1540-e1619425978687.jpg\",\"width\":350,\"height\":315},{\"@type\":\"BreadcrumbList\",\"@id\":\"https:\\\/\\\/www.iemj.org\\\/de\\\/verdun-feuillets-de-guerre\\\/#breadcrumb\",\"itemListElement\":[{\"@type\":\"ListItem\",\"position\":1,\"name\":\"Accueil\",\"item\":\"https:\\\/\\\/www.iemj.org\\\/de\\\/\"},{\"@type\":\"ListItem\",\"position\":2,\"name\":\"Verdun, feuillets de guerre\"}]},{\"@type\":\"WebSite\",\"@id\":\"https:\\\/\\\/www.iemj.org\\\/de\\\/#website\",\"url\":\"https:\\\/\\\/www.iemj.org\\\/de\\\/\",\"name\":\"Institut Europ\u00e9en des Musiques Juives\",\"description\":\"Des traditions musicales \u00e0 la port\u00e9e de tous\",\"publisher\":{\"@id\":\"https:\\\/\\\/www.iemj.org\\\/de\\\/#organization\"},\"potentialAction\":[{\"@type\":\"SearchAction\",\"target\":{\"@type\":\"EntryPoint\",\"urlTemplate\":\"https:\\\/\\\/www.iemj.org\\\/de\\\/?s={search_term_string}\"},\"query-input\":{\"@type\":\"PropertyValueSpecification\",\"valueRequired\":true,\"valueName\":\"search_term_string\"}}],\"inLanguage\":\"de\"},{\"@type\":\"Organization\",\"@id\":\"https:\\\/\\\/www.iemj.org\\\/de\\\/#organization\",\"name\":\"Institut Europ\u00e9en des Musiques Juives\",\"url\":\"https:\\\/\\\/www.iemj.org\\\/de\\\/\",\"logo\":{\"@type\":\"ImageObject\",\"inLanguage\":\"de\",\"@id\":\"https:\\\/\\\/www.iemj.org\\\/de\\\/#\\\/schema\\\/logo\\\/image\\\/\",\"url\":\"https:\\\/\\\/www.iemj.org\\\/wp-content\\\/uploads\\\/2021\\\/09\\\/Logo-IEMJ-Paypal.jpg\",\"contentUrl\":\"https:\\\/\\\/www.iemj.org\\\/wp-content\\\/uploads\\\/2021\\\/09\\\/Logo-IEMJ-Paypal.jpg\",\"width\":150,\"height\":50,\"caption\":\"Institut Europ\u00e9en des Musiques Juives\"},\"image\":{\"@id\":\"https:\\\/\\\/www.iemj.org\\\/de\\\/#\\\/schema\\\/logo\\\/image\\\/\"},\"sameAs\":[\"https:\\\/\\\/www.facebook.com\\\/MusiquesJuives\\\/\",\"https:\\\/\\\/www.instagram.com\\\/musiquesjuives\\\/\",\"https:\\\/\\\/www.youtube.com\\\/user\\\/musiquesjuives\"]},{\"@type\":\"Person\",\"@id\":\"https:\\\/\\\/www.iemj.org\\\/de\\\/#\\\/schema\\\/person\\\/c9bc1c386a3749579a2d675e72a18666\",\"name\":\"Jean-Gabriel Davis\",\"image\":{\"@type\":\"ImageObject\",\"inLanguage\":\"de\",\"@id\":\"https:\\\/\\\/secure.gravatar.com\\\/avatar\\\/2b90d67bdf392c9b3a21fab87c0fa7edaf1fb3a058172a1ffd61033fcec7aec1?s=96&d=mm&r=g\",\"url\":\"https:\\\/\\\/secure.gravatar.com\\\/avatar\\\/2b90d67bdf392c9b3a21fab87c0fa7edaf1fb3a058172a1ffd61033fcec7aec1?s=96&d=mm&r=g\",\"contentUrl\":\"https:\\\/\\\/secure.gravatar.com\\\/avatar\\\/2b90d67bdf392c9b3a21fab87c0fa7edaf1fb3a058172a1ffd61033fcec7aec1?s=96&d=mm&r=g\",\"caption\":\"Jean-Gabriel Davis\"}}]}<\/script>\n<!-- \/ Yoast SEO plugin. -->","yoast_head_json":{"title":"Verdun, feuillets de guerre - Institut Europ\u00e9en des Musiques Juives","robots":{"index":"index","follow":"follow","max-snippet":"max-snippet:-1","max-image-preview":"max-image-preview:large","max-video-preview":"max-video-preview:-1"},"canonical":"https:\/\/www.iemj.org\/de\/verdun-feuillets-de-guerre\/","og_locale":"de_DE","og_type":"article","og_title":"Verdun, feuillets de guerre - Institut Europ\u00e9en des Musiques Juives","og_description":"2016 beim Label Hortus erschienen Fran\u00e7oise Masset, Sopran, und Anne Le Bozec, Klavier, interpretieren oft unver\u00f6ffentlichte Werke von Komponisten aus dem Ersten Weltkrieg, wie Alfred Bruneau, Andr\u00e9 Caplet, Reynaldo Hahn,","og_url":"https:\/\/www.iemj.org\/de\/verdun-feuillets-de-guerre\/","og_site_name":"Institut Europ\u00e9en des Musiques Juives","article_publisher":"https:\/\/www.facebook.com\/MusiquesJuives\/","article_published_time":"2016-03-16T11:26:34+00:00","article_modified_time":"2025-10-22T12:51:25+00:00","og_image":[{"width":350,"height":315,"url":"https:\/\/www.iemj.org\/wp-content\/uploads\/2016\/03\/arton1540-e1619425978687.jpg","type":"image\/jpeg"}],"author":"Jean-Gabriel Davis","twitter_card":"summary_large_image","twitter_misc":{"Verfasst von":"Jean-Gabriel Davis","Gesch\u00e4tzte Lesezeit":"3\u00a0Minuten"},"schema":{"@context":"https:\/\/schema.org","@graph":[{"@type":"Article","@id":"https:\/\/www.iemj.org\/de\/verdun-feuillets-de-guerre\/#article","isPartOf":{"@id":"https:\/\/www.iemj.org\/de\/verdun-feuillets-de-guerre\/"},"author":{"name":"Jean-Gabriel Davis","@id":"https:\/\/www.iemj.org\/de\/#\/schema\/person\/c9bc1c386a3749579a2d675e72a18666"},"headline":"Verdun, feuillets de guerre","datePublished":"2016-03-16T11:26:34+00:00","dateModified":"2025-10-22T12:51:25+00:00","mainEntityOfPage":{"@id":"https:\/\/www.iemj.org\/de\/verdun-feuillets-de-guerre\/"},"wordCount":398,"publisher":{"@id":"https:\/\/www.iemj.org\/de\/#organization"},"image":{"@id":"https:\/\/www.iemj.org\/de\/verdun-feuillets-de-guerre\/#primaryimage"},"thumbnailUrl":"https:\/\/www.iemj.org\/wp-content\/uploads\/2016\/03\/arton1540-e1619425978687.jpg","articleSection":["CD","Letzte Neuerwerbungen"],"inLanguage":"de"},{"@type":"WebPage","@id":"https:\/\/www.iemj.org\/de\/verdun-feuillets-de-guerre\/","url":"https:\/\/www.iemj.org\/de\/verdun-feuillets-de-guerre\/","name":"Verdun, feuillets de guerre - Institut Europ\u00e9en des Musiques Juives","isPartOf":{"@id":"https:\/\/www.iemj.org\/de\/#website"},"primaryImageOfPage":{"@id":"https:\/\/www.iemj.org\/de\/verdun-feuillets-de-guerre\/#primaryimage"},"image":{"@id":"https:\/\/www.iemj.org\/de\/verdun-feuillets-de-guerre\/#primaryimage"},"thumbnailUrl":"https:\/\/www.iemj.org\/wp-content\/uploads\/2016\/03\/arton1540-e1619425978687.jpg","datePublished":"2016-03-16T11:26:34+00:00","dateModified":"2025-10-22T12:51:25+00:00","breadcrumb":{"@id":"https:\/\/www.iemj.org\/de\/verdun-feuillets-de-guerre\/#breadcrumb"},"inLanguage":"de","potentialAction":[{"@type":"ReadAction","target":["https:\/\/www.iemj.org\/de\/verdun-feuillets-de-guerre\/"]}]},{"@type":"ImageObject","inLanguage":"de","@id":"https:\/\/www.iemj.org\/de\/verdun-feuillets-de-guerre\/#primaryimage","url":"https:\/\/www.iemj.org\/wp-content\/uploads\/2016\/03\/arton1540-e1619425978687.jpg","contentUrl":"https:\/\/www.iemj.org\/wp-content\/uploads\/2016\/03\/arton1540-e1619425978687.jpg","width":350,"height":315},{"@type":"BreadcrumbList","@id":"https:\/\/www.iemj.org\/de\/verdun-feuillets-de-guerre\/#breadcrumb","itemListElement":[{"@type":"ListItem","position":1,"name":"Accueil","item":"https:\/\/www.iemj.org\/de\/"},{"@type":"ListItem","position":2,"name":"Verdun, feuillets de guerre"}]},{"@type":"WebSite","@id":"https:\/\/www.iemj.org\/de\/#website","url":"https:\/\/www.iemj.org\/de\/","name":"Institut Europ\u00e9en des Musiques Juives","description":"Des traditions musicales \u00e0 la port\u00e9e de tous","publisher":{"@id":"https:\/\/www.iemj.org\/de\/#organization"},"potentialAction":[{"@type":"SearchAction","target":{"@type":"EntryPoint","urlTemplate":"https:\/\/www.iemj.org\/de\/?s={search_term_string}"},"query-input":{"@type":"PropertyValueSpecification","valueRequired":true,"valueName":"search_term_string"}}],"inLanguage":"de"},{"@type":"Organization","@id":"https:\/\/www.iemj.org\/de\/#organization","name":"Institut Europ\u00e9en des Musiques Juives","url":"https:\/\/www.iemj.org\/de\/","logo":{"@type":"ImageObject","inLanguage":"de","@id":"https:\/\/www.iemj.org\/de\/#\/schema\/logo\/image\/","url":"https:\/\/www.iemj.org\/wp-content\/uploads\/2021\/09\/Logo-IEMJ-Paypal.jpg","contentUrl":"https:\/\/www.iemj.org\/wp-content\/uploads\/2021\/09\/Logo-IEMJ-Paypal.jpg","width":150,"height":50,"caption":"Institut Europ\u00e9en des Musiques Juives"},"image":{"@id":"https:\/\/www.iemj.org\/de\/#\/schema\/logo\/image\/"},"sameAs":["https:\/\/www.facebook.com\/MusiquesJuives\/","https:\/\/www.instagram.com\/musiquesjuives\/","https:\/\/www.youtube.com\/user\/musiquesjuives"]},{"@type":"Person","@id":"https:\/\/www.iemj.org\/de\/#\/schema\/person\/c9bc1c386a3749579a2d675e72a18666","name":"Jean-Gabriel Davis","image":{"@type":"ImageObject","inLanguage":"de","@id":"https:\/\/secure.gravatar.com\/avatar\/2b90d67bdf392c9b3a21fab87c0fa7edaf1fb3a058172a1ffd61033fcec7aec1?s=96&d=mm&r=g","url":"https:\/\/secure.gravatar.com\/avatar\/2b90d67bdf392c9b3a21fab87c0fa7edaf1fb3a058172a1ffd61033fcec7aec1?s=96&d=mm&r=g","contentUrl":"https:\/\/secure.gravatar.com\/avatar\/2b90d67bdf392c9b3a21fab87c0fa7edaf1fb3a058172a1ffd61033fcec7aec1?s=96&d=mm&r=g","caption":"Jean-Gabriel Davis"}}]}},"_links":{"self":[{"href":"https:\/\/www.iemj.org\/de\/wp-json\/wp\/v2\/posts\/98865","targetHints":{"allow":["GET"]}}],"collection":[{"href":"https:\/\/www.iemj.org\/de\/wp-json\/wp\/v2\/posts"}],"about":[{"href":"https:\/\/www.iemj.org\/de\/wp-json\/wp\/v2\/types\/post"}],"author":[{"embeddable":true,"href":"https:\/\/www.iemj.org\/de\/wp-json\/wp\/v2\/users\/1048"}],"replies":[{"embeddable":true,"href":"https:\/\/www.iemj.org\/de\/wp-json\/wp\/v2\/comments?post=98865"}],"version-history":[{"count":1,"href":"https:\/\/www.iemj.org\/de\/wp-json\/wp\/v2\/posts\/98865\/revisions"}],"predecessor-version":[{"id":127670,"href":"https:\/\/www.iemj.org\/de\/wp-json\/wp\/v2\/posts\/98865\/revisions\/127670"}],"wp:featuredmedia":[{"embeddable":true,"href":"https:\/\/www.iemj.org\/de\/wp-json\/wp\/v2\/media\/98866"}],"wp:attachment":[{"href":"https:\/\/www.iemj.org\/de\/wp-json\/wp\/v2\/media?parent=98865"}],"wp:term":[{"taxonomy":"category","embeddable":true,"href":"https:\/\/www.iemj.org\/de\/wp-json\/wp\/v2\/categories?post=98865"},{"taxonomy":"post_tag","embeddable":true,"href":"https:\/\/www.iemj.org\/de\/wp-json\/wp\/v2\/tags?post=98865"},{"taxonomy":"technique","embeddable":true,"href":"https:\/\/www.iemj.org\/de\/wp-json\/wp\/v2\/technique?post=98865"},{"taxonomy":"squelettes","embeddable":true,"href":"https:\/\/www.iemj.org\/de\/wp-json\/wp\/v2\/squelettes?post=98865"},{"taxonomy":"sujet","embeddable":true,"href":"https:\/\/www.iemj.org\/de\/wp-json\/wp\/v2\/sujet?post=98865"},{"taxonomy":"formation","embeddable":true,"href":"https:\/\/www.iemj.org\/de\/wp-json\/wp\/v2\/formation?post=98865"},{"taxonomy":"genre","embeddable":true,"href":"https:\/\/www.iemj.org\/de\/wp-json\/wp\/v2\/genre?post=98865"},{"taxonomy":"fonds","embeddable":true,"href":"https:\/\/www.iemj.org\/de\/wp-json\/wp\/v2\/fonds?post=98865"},{"taxonomy":"tradition","embeddable":true,"href":"https:\/\/www.iemj.org\/de\/wp-json\/wp\/v2\/tradition?post=98865"},{"taxonomy":"type-de-contenu","embeddable":true,"href":"https:\/\/www.iemj.org\/de\/wp-json\/wp\/v2\/type-de-contenu?post=98865"},{"taxonomy":"interprete-compositeur","embeddable":true,"href":"https:\/\/www.iemj.org\/de\/wp-json\/wp\/v2\/interprete-compositeur?post=98865"},{"taxonomy":"frise","embeddable":true,"href":"https:\/\/www.iemj.org\/de\/wp-json\/wp\/v2\/frise?post=98865"},{"taxonomy":"type-devenement","embeddable":true,"href":"https:\/\/www.iemj.org\/de\/wp-json\/wp\/v2\/type-devenement?post=98865"},{"taxonomy":"tableaux-liens-externes","embeddable":true,"href":"https:\/\/www.iemj.org\/de\/wp-json\/wp\/v2\/tableaux-liens-externes?post=98865"}],"curies":[{"name":"wp","href":"https:\/\/api.w.org\/{rel}","templated":true}]}}