{"id":98883,"date":"2016-03-15T11:25:43","date_gmt":"2016-03-15T10:25:43","guid":{"rendered":"https:\/\/www.iemj.org\/chansons-et-piyutim-en-lhonneur-du-tsaddik-sidna-baba-sale\/"},"modified":"2025-10-23T09:45:25","modified_gmt":"2025-10-23T07:45:25","slug":"chansons-et-piyutim-en-lhonneur-du-tsaddik-sidna-baba-sale","status":"publish","type":"post","link":"https:\/\/www.iemj.org\/de\/chansons-et-piyutim-en-lhonneur-du-tsaddik-sidna-baba-sale\/","title":{"rendered":"Lieder und Pijjutim zu Zaddiks Sidna Baba Sali Ehren"},"content":{"rendered":"\n<p>Rabbi Israel Abuhatzeira wurde an Rosch ha-Schana 5650 (26. September 1889) geboren. Sein Vater war der Zaddik Rabbi Massoud, Rabbiner des Dorfes Rissani in der N\u00e4he des Tafilalets. Seit seiner Jugend hatte Rabbi Israel die Gewohnheit, in den fr\u00fchen Morgenstunden aufzustehen, und nachdem er sich in die Reinigungsmikwe eingetaucht hatte, eilte er zur Synagoge, um den Morgengottesdienst bei Nez Hachama teilzunehmen.<\/p>\n\n\n\n<p>Am 12. Ijjar 5668 (13. Mai 1908) verlie\u00df Rabbi Massoud (sein Vater) diese Welt. Zum Zeitpunkt seines Todes war Rabbi Israel gerade achtzehn Jahre alt. Dennoch war er bereits ein Gaon, dessen Furcht die Weisheit \u00fcbertraf. Die Juden in Tafilalet flehten ihn an, trotz seines jungen Alters das Amt des Rabbiners anzunehmen und der spirituelle F\u00fchrer der Jeschiwa zu werden. Rabbi Israel war sehr bescheiden und versuchte, sich aus den Belastungen herauszustehlen, die sie ihm auferlegen wollten. Aber die Juden in Tafilalet wussten, dass es schwierig sein w\u00fcrde, einen anderen heiligen Mann wie ihn zu finden. Sie bestanden so sehr darauf, dass er schlie\u00dflich zustimmte, das Amt anstelle seines Vaters zu \u00fcbernehmen. Er war f\u00fcr seine vielen Wunder bekannt und tausende Menschen suchten ihn auf, um Rat und Segen zu erhalten.<\/p>\n\n\n\n<p>Im Jahr 5724 (1963-64) lie\u00df er sich in Javne, Israel, nieder, zog dann nach Aschkelon und kam schlie\u00dflich im Jahr 5730 (1969-70) nach Netiwot, wo er bis zu seinem Lebensende am 4. Schewat 5744 (8. Januar 1984) blieb.<\/p>\n\n\n\n<p>Seitdem ist seine Hillula, j\u00e4hrliche Pilgerfahrt zu seinem Grab an seinem Todestag, Anlass f\u00fcr eine gro\u00dfe Versammlung von Juden aus Marokko.<\/p>\n\n\n\n<p>In diesem Boxset mit 8 Audiokassetten wechseln sich 7 S\u00e4nger (Samy Elmaghribi, Rabbi Haim Louk, Cheikh Mouizo, Albert Souissa, Emile Zrihan, Maxime Michali und Mordechai Bouzaglo) ab, um das Andenken von Baba Sali zu ehren.<\/p>\n\n\n<div class=\"wp-block-image\">\n<figure class=\"aligncenter size-large\"><img fetchpriority=\"high\" decoding=\"async\" width=\"1024\" height=\"133\" src=\"https:\/\/www.iemj.org\/wp-content\/uploads\/2024\/03\/AUDIO-PLAYER-1024x133.png\" alt=\"\" class=\"wp-image-110608\" srcset=\"https:\/\/www.iemj.org\/wp-content\/uploads\/2024\/03\/AUDIO-PLAYER-1024x133.png 1024w, https:\/\/www.iemj.org\/wp-content\/uploads\/2024\/03\/AUDIO-PLAYER-300x39.png 300w, https:\/\/www.iemj.org\/wp-content\/uploads\/2024\/03\/AUDIO-PLAYER-768x100.png 768w, https:\/\/www.iemj.org\/wp-content\/uploads\/2024\/03\/AUDIO-PLAYER-600x78.png 600w, https:\/\/www.iemj.org\/wp-content\/uploads\/2024\/03\/AUDIO-PLAYER.png 1210w\" sizes=\"(max-width: 1024px) 100vw, 1024px\" \/><\/figure>\n<\/div>\n\n\n<div class=\"wp-block-file\"><a id=\"wp-block-file--media-d5ee9635-1885-4d92-91fe-71f7104993f5\" href=\"https:\/\/www.iemj.org\/wp-content\/uploads\/2016\/03\/k7_161a_01.mp3\">Emile Zarihan<\/a><\/div>\n\n\n\n<div class=\"wp-block-file\"><a id=\"wp-block-file--media-4fd90c36-165c-4376-be5f-32b913238abb\" href=\"https:\/\/www.iemj.org\/wp-content\/uploads\/2016\/03\/k7_161b_03.mp3\">Maxime Michali<\/a><\/div>\n\n\n\n<div class=\"wp-block-file\"><a id=\"wp-block-file--media-2f39f42f-72bd-4685-809d-b0abde04c9ee\" href=\"https:\/\/www.iemj.org\/wp-content\/uploads\/2016\/03\/k7_161c_02.mp3\">Ha\u00efm Louk<\/a><\/div>\n\n\n\n<div class=\"wp-block-file\"><a id=\"wp-block-file--media-60beebe6-1c73-48ec-8e6e-3a9eb52f89cf\" href=\"https:\/\/www.iemj.org\/wp-content\/uploads\/2016\/03\/k7_161e_07.mp3\">Cheikh Mouizo<\/a><\/div>\n\n\n\n<div class=\"wp-block-file\"><a id=\"wp-block-file--media-53ab6e5a-d3c9-484d-86c3-ab6876d2d8b5\" href=\"https:\/\/www.iemj.org\/wp-content\/uploads\/2016\/03\/k7_161f_02.mp3\">Mordekha\u00ef Bouzaglo<\/a><\/div>\n","protected":false},"excerpt":{"rendered":"<p>Rabbi Israel Abuhatzeira wurde an Rosch ha-Schana 5650 (26. September 1889) geboren. Sein Vater war der Zaddik Rabbi Massoud, Rabbiner des Dorfes Rissani in der N\u00e4he des Tafilalets. Seit seiner<\/p>\n","protected":false},"author":1048,"featured_media":98884,"comment_status":"closed","ping_status":"closed","sticky":false,"template":"","format":"standard","meta":{"_acf_changed":false,"footnotes":""},"categories":[1571,1561],"tags":[],"technique":[],"squelettes":[],"sujet":[],"formation":[],"genre":[],"fonds":[],"tradition":[],"type-de-contenu":[],"interprete-compositeur":[],"frise":[],"type-devenement":[],"tableaux-liens-externes":[],"class_list":["post-98883","post","type-post","status-publish","format-standard","has-post-thumbnail","hentry","category-cd-de","category-letzte-neuerwerbungen-de"],"acf":[],"yoast_head":"<!-- This site is optimized with the Yoast SEO plugin v27.3 - https:\/\/yoast.com\/product\/yoast-seo-wordpress\/ -->\n<title>Lieder und Pijjutim zu Zaddiks Sidna Baba Sali Ehren - Institut Europ\u00e9en des Musiques Juives<\/title>\n<meta name=\"robots\" content=\"index, follow, max-snippet:-1, max-image-preview:large, max-video-preview:-1\" \/>\n<link rel=\"canonical\" href=\"https:\/\/www.iemj.org\/de\/chansons-et-piyutim-en-lhonneur-du-tsaddik-sidna-baba-sale\/\" \/>\n<meta property=\"og:locale\" content=\"de_DE\" \/>\n<meta property=\"og:type\" content=\"article\" \/>\n<meta property=\"og:title\" content=\"Lieder und Pijjutim zu Zaddiks Sidna Baba Sali Ehren - Institut Europ\u00e9en des Musiques Juives\" \/>\n<meta property=\"og:description\" content=\"Rabbi Israel Abuhatzeira wurde an Rosch ha-Schana 5650 (26. September 1889) geboren. Sein Vater war der Zaddik Rabbi Massoud, Rabbiner des Dorfes Rissani in der N\u00e4he des Tafilalets. Seit seiner\" \/>\n<meta property=\"og:url\" content=\"https:\/\/www.iemj.org\/de\/chansons-et-piyutim-en-lhonneur-du-tsaddik-sidna-baba-sale\/\" \/>\n<meta property=\"og:site_name\" content=\"Institut Europ\u00e9en des Musiques Juives\" \/>\n<meta property=\"article:publisher\" content=\"https:\/\/www.facebook.com\/MusiquesJuives\/\" \/>\n<meta property=\"article:published_time\" content=\"2016-03-15T10:25:43+00:00\" \/>\n<meta property=\"article:modified_time\" content=\"2025-10-23T07:45:25+00:00\" \/>\n<meta property=\"og:image\" content=\"https:\/\/www.iemj.org\/wp-content\/uploads\/2016\/03\/arton1533-e1619426609558.jpg\" \/>\n\t<meta property=\"og:image:width\" content=\"350\" \/>\n\t<meta property=\"og:image:height\" content=\"497\" \/>\n\t<meta property=\"og:image:type\" content=\"image\/jpeg\" \/>\n<meta name=\"author\" content=\"Jean-Gabriel Davis\" \/>\n<meta name=\"twitter:card\" content=\"summary_large_image\" \/>\n<meta name=\"twitter:label1\" content=\"Verfasst von\" \/>\n\t<meta name=\"twitter:data1\" content=\"Jean-Gabriel Davis\" \/>\n\t<meta name=\"twitter:label2\" content=\"Gesch\u00e4tzte Lesezeit\" \/>\n\t<meta name=\"twitter:data2\" content=\"2\u00a0Minuten\" \/>\n<script type=\"application\/ld+json\" class=\"yoast-schema-graph\">{\"@context\":\"https:\\\/\\\/schema.org\",\"@graph\":[{\"@type\":\"Article\",\"@id\":\"https:\\\/\\\/www.iemj.org\\\/de\\\/chansons-et-piyutim-en-lhonneur-du-tsaddik-sidna-baba-sale\\\/#article\",\"isPartOf\":{\"@id\":\"https:\\\/\\\/www.iemj.org\\\/de\\\/chansons-et-piyutim-en-lhonneur-du-tsaddik-sidna-baba-sale\\\/\"},\"author\":{\"name\":\"Jean-Gabriel Davis\",\"@id\":\"https:\\\/\\\/www.iemj.org\\\/de\\\/#\\\/schema\\\/person\\\/c9bc1c386a3749579a2d675e72a18666\"},\"headline\":\"Lieder und Pijjutim zu Zaddiks Sidna Baba Sali Ehren\",\"datePublished\":\"2016-03-15T10:25:43+00:00\",\"dateModified\":\"2025-10-23T07:45:25+00:00\",\"mainEntityOfPage\":{\"@id\":\"https:\\\/\\\/www.iemj.org\\\/de\\\/chansons-et-piyutim-en-lhonneur-du-tsaddik-sidna-baba-sale\\\/\"},\"wordCount\":302,\"publisher\":{\"@id\":\"https:\\\/\\\/www.iemj.org\\\/de\\\/#organization\"},\"image\":{\"@id\":\"https:\\\/\\\/www.iemj.org\\\/de\\\/chansons-et-piyutim-en-lhonneur-du-tsaddik-sidna-baba-sale\\\/#primaryimage\"},\"thumbnailUrl\":\"https:\\\/\\\/www.iemj.org\\\/wp-content\\\/uploads\\\/2016\\\/03\\\/arton1533-e1619426609558.jpg\",\"articleSection\":[\"CD\",\"Letzte Neuerwerbungen\"],\"inLanguage\":\"de\"},{\"@type\":\"WebPage\",\"@id\":\"https:\\\/\\\/www.iemj.org\\\/de\\\/chansons-et-piyutim-en-lhonneur-du-tsaddik-sidna-baba-sale\\\/\",\"url\":\"https:\\\/\\\/www.iemj.org\\\/de\\\/chansons-et-piyutim-en-lhonneur-du-tsaddik-sidna-baba-sale\\\/\",\"name\":\"Lieder und Pijjutim zu Zaddiks Sidna Baba Sali Ehren - Institut Europ\u00e9en des Musiques Juives\",\"isPartOf\":{\"@id\":\"https:\\\/\\\/www.iemj.org\\\/de\\\/#website\"},\"primaryImageOfPage\":{\"@id\":\"https:\\\/\\\/www.iemj.org\\\/de\\\/chansons-et-piyutim-en-lhonneur-du-tsaddik-sidna-baba-sale\\\/#primaryimage\"},\"image\":{\"@id\":\"https:\\\/\\\/www.iemj.org\\\/de\\\/chansons-et-piyutim-en-lhonneur-du-tsaddik-sidna-baba-sale\\\/#primaryimage\"},\"thumbnailUrl\":\"https:\\\/\\\/www.iemj.org\\\/wp-content\\\/uploads\\\/2016\\\/03\\\/arton1533-e1619426609558.jpg\",\"datePublished\":\"2016-03-15T10:25:43+00:00\",\"dateModified\":\"2025-10-23T07:45:25+00:00\",\"breadcrumb\":{\"@id\":\"https:\\\/\\\/www.iemj.org\\\/de\\\/chansons-et-piyutim-en-lhonneur-du-tsaddik-sidna-baba-sale\\\/#breadcrumb\"},\"inLanguage\":\"de\",\"potentialAction\":[{\"@type\":\"ReadAction\",\"target\":[\"https:\\\/\\\/www.iemj.org\\\/de\\\/chansons-et-piyutim-en-lhonneur-du-tsaddik-sidna-baba-sale\\\/\"]}]},{\"@type\":\"ImageObject\",\"inLanguage\":\"de\",\"@id\":\"https:\\\/\\\/www.iemj.org\\\/de\\\/chansons-et-piyutim-en-lhonneur-du-tsaddik-sidna-baba-sale\\\/#primaryimage\",\"url\":\"https:\\\/\\\/www.iemj.org\\\/wp-content\\\/uploads\\\/2016\\\/03\\\/arton1533-e1619426609558.jpg\",\"contentUrl\":\"https:\\\/\\\/www.iemj.org\\\/wp-content\\\/uploads\\\/2016\\\/03\\\/arton1533-e1619426609558.jpg\",\"width\":350,\"height\":497},{\"@type\":\"BreadcrumbList\",\"@id\":\"https:\\\/\\\/www.iemj.org\\\/de\\\/chansons-et-piyutim-en-lhonneur-du-tsaddik-sidna-baba-sale\\\/#breadcrumb\",\"itemListElement\":[{\"@type\":\"ListItem\",\"position\":1,\"name\":\"Accueil\",\"item\":\"https:\\\/\\\/www.iemj.org\\\/de\\\/\"},{\"@type\":\"ListItem\",\"position\":2,\"name\":\"Lieder und Pijjutim zu Zaddiks Sidna Baba Sali Ehren\"}]},{\"@type\":\"WebSite\",\"@id\":\"https:\\\/\\\/www.iemj.org\\\/de\\\/#website\",\"url\":\"https:\\\/\\\/www.iemj.org\\\/de\\\/\",\"name\":\"Institut Europ\u00e9en des Musiques Juives\",\"description\":\"Des traditions musicales \u00e0 la port\u00e9e de tous\",\"publisher\":{\"@id\":\"https:\\\/\\\/www.iemj.org\\\/de\\\/#organization\"},\"potentialAction\":[{\"@type\":\"SearchAction\",\"target\":{\"@type\":\"EntryPoint\",\"urlTemplate\":\"https:\\\/\\\/www.iemj.org\\\/de\\\/?s={search_term_string}\"},\"query-input\":{\"@type\":\"PropertyValueSpecification\",\"valueRequired\":true,\"valueName\":\"search_term_string\"}}],\"inLanguage\":\"de\"},{\"@type\":\"Organization\",\"@id\":\"https:\\\/\\\/www.iemj.org\\\/de\\\/#organization\",\"name\":\"Institut Europ\u00e9en des Musiques Juives\",\"url\":\"https:\\\/\\\/www.iemj.org\\\/de\\\/\",\"logo\":{\"@type\":\"ImageObject\",\"inLanguage\":\"de\",\"@id\":\"https:\\\/\\\/www.iemj.org\\\/de\\\/#\\\/schema\\\/logo\\\/image\\\/\",\"url\":\"https:\\\/\\\/www.iemj.org\\\/wp-content\\\/uploads\\\/2021\\\/09\\\/Logo-IEMJ-Paypal.jpg\",\"contentUrl\":\"https:\\\/\\\/www.iemj.org\\\/wp-content\\\/uploads\\\/2021\\\/09\\\/Logo-IEMJ-Paypal.jpg\",\"width\":150,\"height\":50,\"caption\":\"Institut Europ\u00e9en des Musiques Juives\"},\"image\":{\"@id\":\"https:\\\/\\\/www.iemj.org\\\/de\\\/#\\\/schema\\\/logo\\\/image\\\/\"},\"sameAs\":[\"https:\\\/\\\/www.facebook.com\\\/MusiquesJuives\\\/\",\"https:\\\/\\\/www.instagram.com\\\/musiquesjuives\\\/\",\"https:\\\/\\\/www.youtube.com\\\/user\\\/musiquesjuives\"]},{\"@type\":\"Person\",\"@id\":\"https:\\\/\\\/www.iemj.org\\\/de\\\/#\\\/schema\\\/person\\\/c9bc1c386a3749579a2d675e72a18666\",\"name\":\"Jean-Gabriel Davis\",\"image\":{\"@type\":\"ImageObject\",\"inLanguage\":\"de\",\"@id\":\"https:\\\/\\\/secure.gravatar.com\\\/avatar\\\/2b90d67bdf392c9b3a21fab87c0fa7edaf1fb3a058172a1ffd61033fcec7aec1?s=96&d=mm&r=g\",\"url\":\"https:\\\/\\\/secure.gravatar.com\\\/avatar\\\/2b90d67bdf392c9b3a21fab87c0fa7edaf1fb3a058172a1ffd61033fcec7aec1?s=96&d=mm&r=g\",\"contentUrl\":\"https:\\\/\\\/secure.gravatar.com\\\/avatar\\\/2b90d67bdf392c9b3a21fab87c0fa7edaf1fb3a058172a1ffd61033fcec7aec1?s=96&d=mm&r=g\",\"caption\":\"Jean-Gabriel Davis\"}}]}<\/script>\n<!-- \/ Yoast SEO plugin. -->","yoast_head_json":{"title":"Lieder und Pijjutim zu Zaddiks Sidna Baba Sali Ehren - Institut Europ\u00e9en des Musiques Juives","robots":{"index":"index","follow":"follow","max-snippet":"max-snippet:-1","max-image-preview":"max-image-preview:large","max-video-preview":"max-video-preview:-1"},"canonical":"https:\/\/www.iemj.org\/de\/chansons-et-piyutim-en-lhonneur-du-tsaddik-sidna-baba-sale\/","og_locale":"de_DE","og_type":"article","og_title":"Lieder und Pijjutim zu Zaddiks Sidna Baba Sali Ehren - Institut Europ\u00e9en des Musiques Juives","og_description":"Rabbi Israel Abuhatzeira wurde an Rosch ha-Schana 5650 (26. September 1889) geboren. Sein Vater war der Zaddik Rabbi Massoud, Rabbiner des Dorfes Rissani in der N\u00e4he des Tafilalets. Seit seiner","og_url":"https:\/\/www.iemj.org\/de\/chansons-et-piyutim-en-lhonneur-du-tsaddik-sidna-baba-sale\/","og_site_name":"Institut Europ\u00e9en des Musiques Juives","article_publisher":"https:\/\/www.facebook.com\/MusiquesJuives\/","article_published_time":"2016-03-15T10:25:43+00:00","article_modified_time":"2025-10-23T07:45:25+00:00","og_image":[{"width":350,"height":497,"url":"https:\/\/www.iemj.org\/wp-content\/uploads\/2016\/03\/arton1533-e1619426609558.jpg","type":"image\/jpeg"}],"author":"Jean-Gabriel Davis","twitter_card":"summary_large_image","twitter_misc":{"Verfasst von":"Jean-Gabriel Davis","Gesch\u00e4tzte Lesezeit":"2\u00a0Minuten"},"schema":{"@context":"https:\/\/schema.org","@graph":[{"@type":"Article","@id":"https:\/\/www.iemj.org\/de\/chansons-et-piyutim-en-lhonneur-du-tsaddik-sidna-baba-sale\/#article","isPartOf":{"@id":"https:\/\/www.iemj.org\/de\/chansons-et-piyutim-en-lhonneur-du-tsaddik-sidna-baba-sale\/"},"author":{"name":"Jean-Gabriel Davis","@id":"https:\/\/www.iemj.org\/de\/#\/schema\/person\/c9bc1c386a3749579a2d675e72a18666"},"headline":"Lieder und Pijjutim zu Zaddiks Sidna Baba Sali Ehren","datePublished":"2016-03-15T10:25:43+00:00","dateModified":"2025-10-23T07:45:25+00:00","mainEntityOfPage":{"@id":"https:\/\/www.iemj.org\/de\/chansons-et-piyutim-en-lhonneur-du-tsaddik-sidna-baba-sale\/"},"wordCount":302,"publisher":{"@id":"https:\/\/www.iemj.org\/de\/#organization"},"image":{"@id":"https:\/\/www.iemj.org\/de\/chansons-et-piyutim-en-lhonneur-du-tsaddik-sidna-baba-sale\/#primaryimage"},"thumbnailUrl":"https:\/\/www.iemj.org\/wp-content\/uploads\/2016\/03\/arton1533-e1619426609558.jpg","articleSection":["CD","Letzte Neuerwerbungen"],"inLanguage":"de"},{"@type":"WebPage","@id":"https:\/\/www.iemj.org\/de\/chansons-et-piyutim-en-lhonneur-du-tsaddik-sidna-baba-sale\/","url":"https:\/\/www.iemj.org\/de\/chansons-et-piyutim-en-lhonneur-du-tsaddik-sidna-baba-sale\/","name":"Lieder und Pijjutim zu Zaddiks Sidna Baba Sali Ehren - Institut Europ\u00e9en des Musiques Juives","isPartOf":{"@id":"https:\/\/www.iemj.org\/de\/#website"},"primaryImageOfPage":{"@id":"https:\/\/www.iemj.org\/de\/chansons-et-piyutim-en-lhonneur-du-tsaddik-sidna-baba-sale\/#primaryimage"},"image":{"@id":"https:\/\/www.iemj.org\/de\/chansons-et-piyutim-en-lhonneur-du-tsaddik-sidna-baba-sale\/#primaryimage"},"thumbnailUrl":"https:\/\/www.iemj.org\/wp-content\/uploads\/2016\/03\/arton1533-e1619426609558.jpg","datePublished":"2016-03-15T10:25:43+00:00","dateModified":"2025-10-23T07:45:25+00:00","breadcrumb":{"@id":"https:\/\/www.iemj.org\/de\/chansons-et-piyutim-en-lhonneur-du-tsaddik-sidna-baba-sale\/#breadcrumb"},"inLanguage":"de","potentialAction":[{"@type":"ReadAction","target":["https:\/\/www.iemj.org\/de\/chansons-et-piyutim-en-lhonneur-du-tsaddik-sidna-baba-sale\/"]}]},{"@type":"ImageObject","inLanguage":"de","@id":"https:\/\/www.iemj.org\/de\/chansons-et-piyutim-en-lhonneur-du-tsaddik-sidna-baba-sale\/#primaryimage","url":"https:\/\/www.iemj.org\/wp-content\/uploads\/2016\/03\/arton1533-e1619426609558.jpg","contentUrl":"https:\/\/www.iemj.org\/wp-content\/uploads\/2016\/03\/arton1533-e1619426609558.jpg","width":350,"height":497},{"@type":"BreadcrumbList","@id":"https:\/\/www.iemj.org\/de\/chansons-et-piyutim-en-lhonneur-du-tsaddik-sidna-baba-sale\/#breadcrumb","itemListElement":[{"@type":"ListItem","position":1,"name":"Accueil","item":"https:\/\/www.iemj.org\/de\/"},{"@type":"ListItem","position":2,"name":"Lieder und Pijjutim zu Zaddiks Sidna Baba Sali Ehren"}]},{"@type":"WebSite","@id":"https:\/\/www.iemj.org\/de\/#website","url":"https:\/\/www.iemj.org\/de\/","name":"Institut Europ\u00e9en des Musiques Juives","description":"Des traditions musicales \u00e0 la port\u00e9e de tous","publisher":{"@id":"https:\/\/www.iemj.org\/de\/#organization"},"potentialAction":[{"@type":"SearchAction","target":{"@type":"EntryPoint","urlTemplate":"https:\/\/www.iemj.org\/de\/?s={search_term_string}"},"query-input":{"@type":"PropertyValueSpecification","valueRequired":true,"valueName":"search_term_string"}}],"inLanguage":"de"},{"@type":"Organization","@id":"https:\/\/www.iemj.org\/de\/#organization","name":"Institut Europ\u00e9en des Musiques Juives","url":"https:\/\/www.iemj.org\/de\/","logo":{"@type":"ImageObject","inLanguage":"de","@id":"https:\/\/www.iemj.org\/de\/#\/schema\/logo\/image\/","url":"https:\/\/www.iemj.org\/wp-content\/uploads\/2021\/09\/Logo-IEMJ-Paypal.jpg","contentUrl":"https:\/\/www.iemj.org\/wp-content\/uploads\/2021\/09\/Logo-IEMJ-Paypal.jpg","width":150,"height":50,"caption":"Institut Europ\u00e9en des Musiques Juives"},"image":{"@id":"https:\/\/www.iemj.org\/de\/#\/schema\/logo\/image\/"},"sameAs":["https:\/\/www.facebook.com\/MusiquesJuives\/","https:\/\/www.instagram.com\/musiquesjuives\/","https:\/\/www.youtube.com\/user\/musiquesjuives"]},{"@type":"Person","@id":"https:\/\/www.iemj.org\/de\/#\/schema\/person\/c9bc1c386a3749579a2d675e72a18666","name":"Jean-Gabriel Davis","image":{"@type":"ImageObject","inLanguage":"de","@id":"https:\/\/secure.gravatar.com\/avatar\/2b90d67bdf392c9b3a21fab87c0fa7edaf1fb3a058172a1ffd61033fcec7aec1?s=96&d=mm&r=g","url":"https:\/\/secure.gravatar.com\/avatar\/2b90d67bdf392c9b3a21fab87c0fa7edaf1fb3a058172a1ffd61033fcec7aec1?s=96&d=mm&r=g","contentUrl":"https:\/\/secure.gravatar.com\/avatar\/2b90d67bdf392c9b3a21fab87c0fa7edaf1fb3a058172a1ffd61033fcec7aec1?s=96&d=mm&r=g","caption":"Jean-Gabriel Davis"}}]}},"_links":{"self":[{"href":"https:\/\/www.iemj.org\/de\/wp-json\/wp\/v2\/posts\/98883","targetHints":{"allow":["GET"]}}],"collection":[{"href":"https:\/\/www.iemj.org\/de\/wp-json\/wp\/v2\/posts"}],"about":[{"href":"https:\/\/www.iemj.org\/de\/wp-json\/wp\/v2\/types\/post"}],"author":[{"embeddable":true,"href":"https:\/\/www.iemj.org\/de\/wp-json\/wp\/v2\/users\/1048"}],"replies":[{"embeddable":true,"href":"https:\/\/www.iemj.org\/de\/wp-json\/wp\/v2\/comments?post=98883"}],"version-history":[{"count":1,"href":"https:\/\/www.iemj.org\/de\/wp-json\/wp\/v2\/posts\/98883\/revisions"}],"predecessor-version":[{"id":127764,"href":"https:\/\/www.iemj.org\/de\/wp-json\/wp\/v2\/posts\/98883\/revisions\/127764"}],"wp:featuredmedia":[{"embeddable":true,"href":"https:\/\/www.iemj.org\/de\/wp-json\/wp\/v2\/media\/98884"}],"wp:attachment":[{"href":"https:\/\/www.iemj.org\/de\/wp-json\/wp\/v2\/media?parent=98883"}],"wp:term":[{"taxonomy":"category","embeddable":true,"href":"https:\/\/www.iemj.org\/de\/wp-json\/wp\/v2\/categories?post=98883"},{"taxonomy":"post_tag","embeddable":true,"href":"https:\/\/www.iemj.org\/de\/wp-json\/wp\/v2\/tags?post=98883"},{"taxonomy":"technique","embeddable":true,"href":"https:\/\/www.iemj.org\/de\/wp-json\/wp\/v2\/technique?post=98883"},{"taxonomy":"squelettes","embeddable":true,"href":"https:\/\/www.iemj.org\/de\/wp-json\/wp\/v2\/squelettes?post=98883"},{"taxonomy":"sujet","embeddable":true,"href":"https:\/\/www.iemj.org\/de\/wp-json\/wp\/v2\/sujet?post=98883"},{"taxonomy":"formation","embeddable":true,"href":"https:\/\/www.iemj.org\/de\/wp-json\/wp\/v2\/formation?post=98883"},{"taxonomy":"genre","embeddable":true,"href":"https:\/\/www.iemj.org\/de\/wp-json\/wp\/v2\/genre?post=98883"},{"taxonomy":"fonds","embeddable":true,"href":"https:\/\/www.iemj.org\/de\/wp-json\/wp\/v2\/fonds?post=98883"},{"taxonomy":"tradition","embeddable":true,"href":"https:\/\/www.iemj.org\/de\/wp-json\/wp\/v2\/tradition?post=98883"},{"taxonomy":"type-de-contenu","embeddable":true,"href":"https:\/\/www.iemj.org\/de\/wp-json\/wp\/v2\/type-de-contenu?post=98883"},{"taxonomy":"interprete-compositeur","embeddable":true,"href":"https:\/\/www.iemj.org\/de\/wp-json\/wp\/v2\/interprete-compositeur?post=98883"},{"taxonomy":"frise","embeddable":true,"href":"https:\/\/www.iemj.org\/de\/wp-json\/wp\/v2\/frise?post=98883"},{"taxonomy":"type-devenement","embeddable":true,"href":"https:\/\/www.iemj.org\/de\/wp-json\/wp\/v2\/type-devenement?post=98883"},{"taxonomy":"tableaux-liens-externes","embeddable":true,"href":"https:\/\/www.iemj.org\/de\/wp-json\/wp\/v2\/tableaux-liens-externes?post=98883"}],"curies":[{"name":"wp","href":"https:\/\/api.w.org\/{rel}","templated":true}]}}