{"id":98915,"date":"2016-02-16T17:11:54","date_gmt":"2016-02-16T16:11:54","guid":{"rendered":"https:\/\/www.iemj.org\/in-love-and-in-struggle\/"},"modified":"2025-10-22T18:03:23","modified_gmt":"2025-10-22T16:03:23","slug":"in-love-and-in-struggle","status":"publish","type":"post","link":"https:\/\/www.iemj.org\/de\/in-love-and-in-struggle\/","title":{"rendered":"In Love and in Struggle"},"content":{"rendered":"\n<p>Das musikalische Erbe der j\u00fcdischen Arbeiterpartei Bund in 17 Liedern, vorgetragen von Zalmen Mlotek, Adrienne Cooper, Dan Rous, dem New Yiddish Chorale und dem Workmen&#8217;s Circle Chorus&#8230;<\/p>\n\n\n\n<!--more-->\n\n\n\n<p>Dieses Album ist au\u00dfergew\u00f6hnlich. Eine Vielf\u00e4ltigkeit wunderbarer menschlichen Stimmen, talentierte Solisten wie Adrienne Cooper (z\u2019\u2019l), eine gro\u00dfartige Auswahl proletarischer Kampflieder aus dem jiddischen Repertoire des Bundes, dieser j\u00fcdischen Arbeiterpartei, die am Ende des 19. Jahrhunderts die Quintessenz des sozialistischen Strebens der j\u00fcdischen Russen darstellte.<\/p>\n\n\n\n<p>Vom Anfang an mit \u201eHof un Gleyb\u201c (Hoffnung und Glaube) entf\u00fchrt uns und inspiriert uns das Album. Dann gibt es ruhigere Momente, wie das von Adrienne Cooper interpretierte Lied \u201eVilna\u201c, das statt nostalgisch gesungen zu werden, die Gr\u00fcndung des Bundes in Vilnius mit einem starken Gef\u00fchl der Hoffnung beschreibt. Ihre Soloparte sind so kr\u00e4ftig und so zukunftsf\u00e4hig, dass, statt nach hinten zu blicken, blicken wir mit den Augen der Bundisten nach vorne, auf die Welt, die nach ihrer Meinung kommen wurde. Und dieser Chor, diese Masse perfekter menschlichen Stimmen? Er bereitet dieses Meer von Emotionen, in das uns die Soloparte eintauchen lassen.<\/p>\n\n\n\n<p>Dennoch ist dieses Album mehr als nur nostalgisch. Zumindest teilweise. Wenn man dem Chor beim Singen von \u201eHey hey daloy politsey\u201c (hey, hey, nieder mit der Polizei) zuh\u00f6rt, kann man sich doppelt nostalgisch f\u00fchlen: erstens wehm\u00fctig an die Zeit, als dieses Lied neu war, als bei jeder Demonstration ein neuer Text improvisiert wurde, und zweitens, indem man sich w\u00fcnscht, dieses Lied erlebt und gekannt zu haben, an die Zeit der gro\u00dfen sozialen K\u00e4mpfe in der zweiten H\u00e4lfte des 20. Jahrhunderts.<\/p>\n\n\n<div class=\"wp-block-image\">\n<figure class=\"aligncenter\"><img fetchpriority=\"high\" decoding=\"async\" width=\"953\" height=\"470\" src=\"https:\/\/www.iemj.org\/wp-content\/uploads\/2016\/02\/cd_773_15.jpg\" alt=\"cd_773_15.jpg\" class=\"wp-image-9386\" srcset=\"https:\/\/www.iemj.org\/wp-content\/uploads\/2016\/02\/cd_773_15.jpg 953w, https:\/\/www.iemj.org\/wp-content\/uploads\/2016\/02\/cd_773_15-300x148.jpg 300w, https:\/\/www.iemj.org\/wp-content\/uploads\/2016\/02\/cd_773_15-768x379.jpg 768w, https:\/\/www.iemj.org\/wp-content\/uploads\/2016\/02\/cd_773_15-600x296.jpg 600w\" sizes=\"(max-width: 953px) 100vw, 953px\" \/><\/figure>\n<\/div>\n\n\n<div style=\"height:15px\" aria-hidden=\"true\" class=\"wp-block-spacer\"><\/div>\n\n\n<div class=\"wp-block-image\">\n<figure class=\"alignright\"><img decoding=\"async\" width=\"332\" height=\"292\" src=\"https:\/\/www.iemj.org\/wp-content\/uploads\/2016\/02\/cd_773_couv4_petit.jpg\" alt=\"cd_773_couv4_petit.jpg\" class=\"wp-image-9388\" srcset=\"https:\/\/www.iemj.org\/wp-content\/uploads\/2016\/02\/cd_773_couv4_petit.jpg 332w, https:\/\/www.iemj.org\/wp-content\/uploads\/2016\/02\/cd_773_couv4_petit-300x264.jpg 300w\" sizes=\"(max-width: 332px) 100vw, 332px\" \/><\/figure>\n<\/div>\n\n\n<p>Man kann auch dieses Album mit einem riesigen Vergn\u00fcgen nur f\u00fcr die Musik zuh\u00f6ren. Es ist einfach genussreich. Dieses Album wurde 1999 anl\u00e4sslich des 100-j\u00e4hrigen Jubil\u00e4ums des Bundes produziert. Und wenn ist heute der Bund weniger sichtbar, gibt es jedoch Verb\u00e4nde, Organisationen, und eine neue Generation, die weiterk\u00e4mpfen. F\u00fcr die heutigen Aktivisten ist dieses Album eine Inspirationsquelle, und eine sch\u00f6ne Zeit, die sie fernab des Kampfes verbringen k\u00f6nnen. F\u00fcr diejenigen, die sich nicht am Kampf beteiligt haben, ist dieses Album ebenfalls eine Inspirationsquelle und ein Beweis daf\u00fcr, dass die Teilnahme am Kampf f\u00fcr eine bessere Welt etwas bewirkt.<\/p>\n\n\n\n<p>Diejenigen, die bef\u00fcrchten, dass ihre Unkenntnis des Jiddischen sie daran hindert, dieses Album vollkommen zu genie\u00dfen, k\u00f6nnen beruhigt sein: Die Erkl\u00e4rungen sind auf Englisch, die Texte auf Jiddisch und in lateinischer Transliteration, mit englischen \u00dcbersetzungen.<\/p>\n\n\n\n<p>Zusammenfassend l\u00e4sst sich sagen, dass diese CD eine gerechtfertigte Hommage an das musikalische Erbe der j\u00fcdischen Arbeiterpartei Bund darstellt. Zalmen Mlotek und die beiden Solisten sind stimmlich hervorragend. H\u00f6ren Sie zu und genie\u00dfen Sie.<\/p>\n\n\n\n<p><em>Auszug und \u00dcbersetzung aus einer Rezension von Ari Davidow vom 18. <\/em><em>Juli 1999 <\/em><\/p>\n\n\n\n<p><a href=\"http:\/\/www.yivoencyclopedia.org\/article.aspx\/Bund\" target=\"_blank\" rel=\"noopener\">Erfahren Sie mehr \u00fcber den Bund<\/a><br><a href=\"https:\/\/savethemusic.com\/album\/in-love-and-in-struggle-the-musical-legacy-of-the-labor-bund\/\" target=\"_blank\" rel=\"noopener\">Bestellen Sie die CD<\/a><\/p>\n\n\n<div class=\"wp-block-image\">\n<figure class=\"aligncenter size-large\"><img decoding=\"async\" width=\"1024\" height=\"133\" src=\"https:\/\/www.iemj.org\/wp-content\/uploads\/2024\/03\/AUDIO-PLAYER-1024x133.png\" alt=\"\" class=\"wp-image-110608\" srcset=\"https:\/\/www.iemj.org\/wp-content\/uploads\/2024\/03\/AUDIO-PLAYER-1024x133.png 1024w, https:\/\/www.iemj.org\/wp-content\/uploads\/2024\/03\/AUDIO-PLAYER-300x39.png 300w, https:\/\/www.iemj.org\/wp-content\/uploads\/2024\/03\/AUDIO-PLAYER-768x100.png 768w, https:\/\/www.iemj.org\/wp-content\/uploads\/2024\/03\/AUDIO-PLAYER-600x78.png 600w, https:\/\/www.iemj.org\/wp-content\/uploads\/2024\/03\/AUDIO-PLAYER.png 1210w\" sizes=\"(max-width: 1024px) 100vw, 1024px\" \/><\/figure>\n<\/div>\n\n\n<div class=\"wp-block-file\"><a id=\"wp-block-file--media-7f5a1c1a-3ee9-44ee-a08d-5f83d83dbce1\" href=\"https:\/\/www.iemj.org\/wp-content\/uploads\/2016\/02\/cd_773_03_ex.mp3\">Barikadn<\/a><\/div>\n\n\n\n<div class=\"wp-block-file\"><a id=\"wp-block-file--media-d8de0b8f-d779-4bab-95dc-2b7d5c572013\" href=\"https:\/\/www.iemj.org\/wp-content\/uploads\/2016\/02\/cd_773_04_ex.mp3\">Yidn Shmidn<\/a><\/div>\n\n\n\n<div class=\"wp-block-file\"><a id=\"wp-block-file--media-4a2585b1-65ec-445c-8b77-f223eb17e239\" href=\"https:\/\/www.iemj.org\/wp-content\/uploads\/2016\/02\/cd_773_09_ex.mp3\">Hulyet, hulyet, beyze vintn!<\/a><\/div>\n\n\n\n<div class=\"wp-block-file\"><a id=\"wp-block-file--media-cd2aa073-3c5b-40f0-b31b-7f1f8593c546\" href=\"https:\/\/www.iemj.org\/wp-content\/uploads\/2016\/02\/cd_773_11_ex.mp3\">In ale gasn &#8211; Hey, hey, daloy politsey<\/a><\/div>\n\n\n\n<div class=\"wp-block-file\"><a id=\"wp-block-file--media-213508ec-a91f-409c-bf0e-9ba9bd2c1c6f\" href=\"https:\/\/www.iemj.org\/wp-content\/uploads\/2016\/02\/cd_773_15_ex.mp3\">Di Tsukunft<\/a><\/div>\n\n\n\n<div class=\"wp-block-file\"><a id=\"wp-block-file--media-f61e941c-8fd1-4100-8948-41fe0695195f\" href=\"https:\/\/www.iemj.org\/wp-content\/uploads\/2016\/02\/cd_773_17_ex.mp3\">Di Shvue<\/a><\/div>\n","protected":false},"excerpt":{"rendered":"<p>Das musikalische Erbe der j\u00fcdischen Arbeiterpartei Bund in 17 Liedern, vorgetragen von Zalmen Mlotek, Adrienne Cooper, Dan Rous, dem New Yiddish Chorale und dem Workmen&#8217;s Circle Chorus&#8230;<\/p>\n","protected":false},"author":1048,"featured_media":98916,"comment_status":"closed","ping_status":"closed","sticky":false,"template":"","format":"standard","meta":{"_acf_changed":false,"footnotes":""},"categories":[1571,1561],"tags":[],"technique":[],"squelettes":[],"sujet":[],"formation":[],"genre":[1864],"fonds":[],"tradition":[],"type-de-contenu":[],"interprete-compositeur":[],"frise":[],"type-devenement":[],"tableaux-liens-externes":[],"class_list":["post-98915","post","type-post","status-publish","format-standard","has-post-thumbnail","hentry","category-cd-de","category-letzte-neuerwerbungen-de","genre-yiddish-de"],"acf":[],"yoast_head":"<!-- This site is optimized with the Yoast SEO plugin v27.3 - https:\/\/yoast.com\/product\/yoast-seo-wordpress\/ -->\n<title>In Love and in Struggle - Institut Europ\u00e9en des Musiques Juives<\/title>\n<meta name=\"robots\" content=\"index, follow, max-snippet:-1, max-image-preview:large, max-video-preview:-1\" \/>\n<link rel=\"canonical\" href=\"https:\/\/www.iemj.org\/de\/in-love-and-in-struggle\/\" \/>\n<meta property=\"og:locale\" content=\"de_DE\" \/>\n<meta property=\"og:type\" content=\"article\" \/>\n<meta property=\"og:title\" content=\"In Love and in Struggle - Institut Europ\u00e9en des Musiques Juives\" \/>\n<meta property=\"og:description\" content=\"Das musikalische Erbe der j\u00fcdischen Arbeiterpartei Bund in 17 Liedern, vorgetragen von Zalmen Mlotek, Adrienne Cooper, Dan Rous, dem New Yiddish Chorale und dem Workmen&#8217;s Circle Chorus&#8230;\" \/>\n<meta property=\"og:url\" content=\"https:\/\/www.iemj.org\/de\/in-love-and-in-struggle\/\" \/>\n<meta property=\"og:site_name\" content=\"Institut Europ\u00e9en des Musiques Juives\" \/>\n<meta property=\"article:publisher\" content=\"https:\/\/www.facebook.com\/MusiquesJuives\/\" \/>\n<meta property=\"article:published_time\" content=\"2016-02-16T16:11:54+00:00\" \/>\n<meta property=\"article:modified_time\" content=\"2025-10-22T16:03:23+00:00\" \/>\n<meta property=\"og:image\" content=\"https:\/\/www.iemj.org\/wp-content\/uploads\/2016\/02\/arton1478-e1619427559496.jpg\" \/>\n\t<meta property=\"og:image:width\" content=\"350\" \/>\n\t<meta property=\"og:image:height\" content=\"344\" \/>\n\t<meta property=\"og:image:type\" content=\"image\/jpeg\" \/>\n<meta name=\"author\" content=\"Jean-Gabriel Davis\" \/>\n<meta name=\"twitter:card\" content=\"summary_large_image\" \/>\n<meta name=\"twitter:label1\" content=\"Verfasst von\" \/>\n\t<meta name=\"twitter:data1\" content=\"Jean-Gabriel Davis\" \/>\n\t<meta name=\"twitter:label2\" content=\"Gesch\u00e4tzte Lesezeit\" \/>\n\t<meta name=\"twitter:data2\" content=\"4\u00a0Minuten\" \/>\n<script type=\"application\/ld+json\" class=\"yoast-schema-graph\">{\"@context\":\"https:\\\/\\\/schema.org\",\"@graph\":[{\"@type\":\"Article\",\"@id\":\"https:\\\/\\\/www.iemj.org\\\/de\\\/in-love-and-in-struggle\\\/#article\",\"isPartOf\":{\"@id\":\"https:\\\/\\\/www.iemj.org\\\/de\\\/in-love-and-in-struggle\\\/\"},\"author\":{\"name\":\"Jean-Gabriel Davis\",\"@id\":\"https:\\\/\\\/www.iemj.org\\\/de\\\/#\\\/schema\\\/person\\\/c9bc1c386a3749579a2d675e72a18666\"},\"headline\":\"In Love and in Struggle\",\"datePublished\":\"2016-02-16T16:11:54+00:00\",\"dateModified\":\"2025-10-22T16:03:23+00:00\",\"mainEntityOfPage\":{\"@id\":\"https:\\\/\\\/www.iemj.org\\\/de\\\/in-love-and-in-struggle\\\/\"},\"wordCount\":504,\"publisher\":{\"@id\":\"https:\\\/\\\/www.iemj.org\\\/de\\\/#organization\"},\"image\":{\"@id\":\"https:\\\/\\\/www.iemj.org\\\/de\\\/in-love-and-in-struggle\\\/#primaryimage\"},\"thumbnailUrl\":\"https:\\\/\\\/www.iemj.org\\\/wp-content\\\/uploads\\\/2016\\\/02\\\/arton1478-e1619427559496.jpg\",\"articleSection\":[\"CD\",\"Letzte Neuerwerbungen\"],\"inLanguage\":\"de\"},{\"@type\":\"WebPage\",\"@id\":\"https:\\\/\\\/www.iemj.org\\\/de\\\/in-love-and-in-struggle\\\/\",\"url\":\"https:\\\/\\\/www.iemj.org\\\/de\\\/in-love-and-in-struggle\\\/\",\"name\":\"In Love and in Struggle - Institut Europ\u00e9en des Musiques Juives\",\"isPartOf\":{\"@id\":\"https:\\\/\\\/www.iemj.org\\\/de\\\/#website\"},\"primaryImageOfPage\":{\"@id\":\"https:\\\/\\\/www.iemj.org\\\/de\\\/in-love-and-in-struggle\\\/#primaryimage\"},\"image\":{\"@id\":\"https:\\\/\\\/www.iemj.org\\\/de\\\/in-love-and-in-struggle\\\/#primaryimage\"},\"thumbnailUrl\":\"https:\\\/\\\/www.iemj.org\\\/wp-content\\\/uploads\\\/2016\\\/02\\\/arton1478-e1619427559496.jpg\",\"datePublished\":\"2016-02-16T16:11:54+00:00\",\"dateModified\":\"2025-10-22T16:03:23+00:00\",\"breadcrumb\":{\"@id\":\"https:\\\/\\\/www.iemj.org\\\/de\\\/in-love-and-in-struggle\\\/#breadcrumb\"},\"inLanguage\":\"de\",\"potentialAction\":[{\"@type\":\"ReadAction\",\"target\":[\"https:\\\/\\\/www.iemj.org\\\/de\\\/in-love-and-in-struggle\\\/\"]}]},{\"@type\":\"ImageObject\",\"inLanguage\":\"de\",\"@id\":\"https:\\\/\\\/www.iemj.org\\\/de\\\/in-love-and-in-struggle\\\/#primaryimage\",\"url\":\"https:\\\/\\\/www.iemj.org\\\/wp-content\\\/uploads\\\/2016\\\/02\\\/arton1478-e1619427559496.jpg\",\"contentUrl\":\"https:\\\/\\\/www.iemj.org\\\/wp-content\\\/uploads\\\/2016\\\/02\\\/arton1478-e1619427559496.jpg\",\"width\":350,\"height\":344},{\"@type\":\"BreadcrumbList\",\"@id\":\"https:\\\/\\\/www.iemj.org\\\/de\\\/in-love-and-in-struggle\\\/#breadcrumb\",\"itemListElement\":[{\"@type\":\"ListItem\",\"position\":1,\"name\":\"Accueil\",\"item\":\"https:\\\/\\\/www.iemj.org\\\/de\\\/\"},{\"@type\":\"ListItem\",\"position\":2,\"name\":\"In Love and in Struggle\"}]},{\"@type\":\"WebSite\",\"@id\":\"https:\\\/\\\/www.iemj.org\\\/de\\\/#website\",\"url\":\"https:\\\/\\\/www.iemj.org\\\/de\\\/\",\"name\":\"Institut Europ\u00e9en des Musiques Juives\",\"description\":\"Des traditions musicales \u00e0 la port\u00e9e de tous\",\"publisher\":{\"@id\":\"https:\\\/\\\/www.iemj.org\\\/de\\\/#organization\"},\"potentialAction\":[{\"@type\":\"SearchAction\",\"target\":{\"@type\":\"EntryPoint\",\"urlTemplate\":\"https:\\\/\\\/www.iemj.org\\\/de\\\/?s={search_term_string}\"},\"query-input\":{\"@type\":\"PropertyValueSpecification\",\"valueRequired\":true,\"valueName\":\"search_term_string\"}}],\"inLanguage\":\"de\"},{\"@type\":\"Organization\",\"@id\":\"https:\\\/\\\/www.iemj.org\\\/de\\\/#organization\",\"name\":\"Institut Europ\u00e9en des Musiques Juives\",\"url\":\"https:\\\/\\\/www.iemj.org\\\/de\\\/\",\"logo\":{\"@type\":\"ImageObject\",\"inLanguage\":\"de\",\"@id\":\"https:\\\/\\\/www.iemj.org\\\/de\\\/#\\\/schema\\\/logo\\\/image\\\/\",\"url\":\"https:\\\/\\\/www.iemj.org\\\/wp-content\\\/uploads\\\/2021\\\/09\\\/Logo-IEMJ-Paypal.jpg\",\"contentUrl\":\"https:\\\/\\\/www.iemj.org\\\/wp-content\\\/uploads\\\/2021\\\/09\\\/Logo-IEMJ-Paypal.jpg\",\"width\":150,\"height\":50,\"caption\":\"Institut Europ\u00e9en des Musiques Juives\"},\"image\":{\"@id\":\"https:\\\/\\\/www.iemj.org\\\/de\\\/#\\\/schema\\\/logo\\\/image\\\/\"},\"sameAs\":[\"https:\\\/\\\/www.facebook.com\\\/MusiquesJuives\\\/\",\"https:\\\/\\\/www.instagram.com\\\/musiquesjuives\\\/\",\"https:\\\/\\\/www.youtube.com\\\/user\\\/musiquesjuives\"]},{\"@type\":\"Person\",\"@id\":\"https:\\\/\\\/www.iemj.org\\\/de\\\/#\\\/schema\\\/person\\\/c9bc1c386a3749579a2d675e72a18666\",\"name\":\"Jean-Gabriel Davis\",\"image\":{\"@type\":\"ImageObject\",\"inLanguage\":\"de\",\"@id\":\"https:\\\/\\\/secure.gravatar.com\\\/avatar\\\/2b90d67bdf392c9b3a21fab87c0fa7edaf1fb3a058172a1ffd61033fcec7aec1?s=96&d=mm&r=g\",\"url\":\"https:\\\/\\\/secure.gravatar.com\\\/avatar\\\/2b90d67bdf392c9b3a21fab87c0fa7edaf1fb3a058172a1ffd61033fcec7aec1?s=96&d=mm&r=g\",\"contentUrl\":\"https:\\\/\\\/secure.gravatar.com\\\/avatar\\\/2b90d67bdf392c9b3a21fab87c0fa7edaf1fb3a058172a1ffd61033fcec7aec1?s=96&d=mm&r=g\",\"caption\":\"Jean-Gabriel Davis\"}}]}<\/script>\n<!-- \/ Yoast SEO plugin. -->","yoast_head_json":{"title":"In Love and in Struggle - Institut Europ\u00e9en des Musiques Juives","robots":{"index":"index","follow":"follow","max-snippet":"max-snippet:-1","max-image-preview":"max-image-preview:large","max-video-preview":"max-video-preview:-1"},"canonical":"https:\/\/www.iemj.org\/de\/in-love-and-in-struggle\/","og_locale":"de_DE","og_type":"article","og_title":"In Love and in Struggle - Institut Europ\u00e9en des Musiques Juives","og_description":"Das musikalische Erbe der j\u00fcdischen Arbeiterpartei Bund in 17 Liedern, vorgetragen von Zalmen Mlotek, Adrienne Cooper, Dan Rous, dem New Yiddish Chorale und dem Workmen&#8217;s Circle Chorus&#8230;","og_url":"https:\/\/www.iemj.org\/de\/in-love-and-in-struggle\/","og_site_name":"Institut Europ\u00e9en des Musiques Juives","article_publisher":"https:\/\/www.facebook.com\/MusiquesJuives\/","article_published_time":"2016-02-16T16:11:54+00:00","article_modified_time":"2025-10-22T16:03:23+00:00","og_image":[{"width":350,"height":344,"url":"https:\/\/www.iemj.org\/wp-content\/uploads\/2016\/02\/arton1478-e1619427559496.jpg","type":"image\/jpeg"}],"author":"Jean-Gabriel Davis","twitter_card":"summary_large_image","twitter_misc":{"Verfasst von":"Jean-Gabriel Davis","Gesch\u00e4tzte Lesezeit":"4\u00a0Minuten"},"schema":{"@context":"https:\/\/schema.org","@graph":[{"@type":"Article","@id":"https:\/\/www.iemj.org\/de\/in-love-and-in-struggle\/#article","isPartOf":{"@id":"https:\/\/www.iemj.org\/de\/in-love-and-in-struggle\/"},"author":{"name":"Jean-Gabriel Davis","@id":"https:\/\/www.iemj.org\/de\/#\/schema\/person\/c9bc1c386a3749579a2d675e72a18666"},"headline":"In Love and in Struggle","datePublished":"2016-02-16T16:11:54+00:00","dateModified":"2025-10-22T16:03:23+00:00","mainEntityOfPage":{"@id":"https:\/\/www.iemj.org\/de\/in-love-and-in-struggle\/"},"wordCount":504,"publisher":{"@id":"https:\/\/www.iemj.org\/de\/#organization"},"image":{"@id":"https:\/\/www.iemj.org\/de\/in-love-and-in-struggle\/#primaryimage"},"thumbnailUrl":"https:\/\/www.iemj.org\/wp-content\/uploads\/2016\/02\/arton1478-e1619427559496.jpg","articleSection":["CD","Letzte Neuerwerbungen"],"inLanguage":"de"},{"@type":"WebPage","@id":"https:\/\/www.iemj.org\/de\/in-love-and-in-struggle\/","url":"https:\/\/www.iemj.org\/de\/in-love-and-in-struggle\/","name":"In Love and in Struggle - Institut Europ\u00e9en des Musiques Juives","isPartOf":{"@id":"https:\/\/www.iemj.org\/de\/#website"},"primaryImageOfPage":{"@id":"https:\/\/www.iemj.org\/de\/in-love-and-in-struggle\/#primaryimage"},"image":{"@id":"https:\/\/www.iemj.org\/de\/in-love-and-in-struggle\/#primaryimage"},"thumbnailUrl":"https:\/\/www.iemj.org\/wp-content\/uploads\/2016\/02\/arton1478-e1619427559496.jpg","datePublished":"2016-02-16T16:11:54+00:00","dateModified":"2025-10-22T16:03:23+00:00","breadcrumb":{"@id":"https:\/\/www.iemj.org\/de\/in-love-and-in-struggle\/#breadcrumb"},"inLanguage":"de","potentialAction":[{"@type":"ReadAction","target":["https:\/\/www.iemj.org\/de\/in-love-and-in-struggle\/"]}]},{"@type":"ImageObject","inLanguage":"de","@id":"https:\/\/www.iemj.org\/de\/in-love-and-in-struggle\/#primaryimage","url":"https:\/\/www.iemj.org\/wp-content\/uploads\/2016\/02\/arton1478-e1619427559496.jpg","contentUrl":"https:\/\/www.iemj.org\/wp-content\/uploads\/2016\/02\/arton1478-e1619427559496.jpg","width":350,"height":344},{"@type":"BreadcrumbList","@id":"https:\/\/www.iemj.org\/de\/in-love-and-in-struggle\/#breadcrumb","itemListElement":[{"@type":"ListItem","position":1,"name":"Accueil","item":"https:\/\/www.iemj.org\/de\/"},{"@type":"ListItem","position":2,"name":"In Love and in Struggle"}]},{"@type":"WebSite","@id":"https:\/\/www.iemj.org\/de\/#website","url":"https:\/\/www.iemj.org\/de\/","name":"Institut Europ\u00e9en des Musiques Juives","description":"Des traditions musicales \u00e0 la port\u00e9e de tous","publisher":{"@id":"https:\/\/www.iemj.org\/de\/#organization"},"potentialAction":[{"@type":"SearchAction","target":{"@type":"EntryPoint","urlTemplate":"https:\/\/www.iemj.org\/de\/?s={search_term_string}"},"query-input":{"@type":"PropertyValueSpecification","valueRequired":true,"valueName":"search_term_string"}}],"inLanguage":"de"},{"@type":"Organization","@id":"https:\/\/www.iemj.org\/de\/#organization","name":"Institut Europ\u00e9en des Musiques Juives","url":"https:\/\/www.iemj.org\/de\/","logo":{"@type":"ImageObject","inLanguage":"de","@id":"https:\/\/www.iemj.org\/de\/#\/schema\/logo\/image\/","url":"https:\/\/www.iemj.org\/wp-content\/uploads\/2021\/09\/Logo-IEMJ-Paypal.jpg","contentUrl":"https:\/\/www.iemj.org\/wp-content\/uploads\/2021\/09\/Logo-IEMJ-Paypal.jpg","width":150,"height":50,"caption":"Institut Europ\u00e9en des Musiques Juives"},"image":{"@id":"https:\/\/www.iemj.org\/de\/#\/schema\/logo\/image\/"},"sameAs":["https:\/\/www.facebook.com\/MusiquesJuives\/","https:\/\/www.instagram.com\/musiquesjuives\/","https:\/\/www.youtube.com\/user\/musiquesjuives"]},{"@type":"Person","@id":"https:\/\/www.iemj.org\/de\/#\/schema\/person\/c9bc1c386a3749579a2d675e72a18666","name":"Jean-Gabriel Davis","image":{"@type":"ImageObject","inLanguage":"de","@id":"https:\/\/secure.gravatar.com\/avatar\/2b90d67bdf392c9b3a21fab87c0fa7edaf1fb3a058172a1ffd61033fcec7aec1?s=96&d=mm&r=g","url":"https:\/\/secure.gravatar.com\/avatar\/2b90d67bdf392c9b3a21fab87c0fa7edaf1fb3a058172a1ffd61033fcec7aec1?s=96&d=mm&r=g","contentUrl":"https:\/\/secure.gravatar.com\/avatar\/2b90d67bdf392c9b3a21fab87c0fa7edaf1fb3a058172a1ffd61033fcec7aec1?s=96&d=mm&r=g","caption":"Jean-Gabriel Davis"}}]}},"_links":{"self":[{"href":"https:\/\/www.iemj.org\/de\/wp-json\/wp\/v2\/posts\/98915","targetHints":{"allow":["GET"]}}],"collection":[{"href":"https:\/\/www.iemj.org\/de\/wp-json\/wp\/v2\/posts"}],"about":[{"href":"https:\/\/www.iemj.org\/de\/wp-json\/wp\/v2\/types\/post"}],"author":[{"embeddable":true,"href":"https:\/\/www.iemj.org\/de\/wp-json\/wp\/v2\/users\/1048"}],"replies":[{"embeddable":true,"href":"https:\/\/www.iemj.org\/de\/wp-json\/wp\/v2\/comments?post=98915"}],"version-history":[{"count":1,"href":"https:\/\/www.iemj.org\/de\/wp-json\/wp\/v2\/posts\/98915\/revisions"}],"predecessor-version":[{"id":127754,"href":"https:\/\/www.iemj.org\/de\/wp-json\/wp\/v2\/posts\/98915\/revisions\/127754"}],"wp:featuredmedia":[{"embeddable":true,"href":"https:\/\/www.iemj.org\/de\/wp-json\/wp\/v2\/media\/98916"}],"wp:attachment":[{"href":"https:\/\/www.iemj.org\/de\/wp-json\/wp\/v2\/media?parent=98915"}],"wp:term":[{"taxonomy":"category","embeddable":true,"href":"https:\/\/www.iemj.org\/de\/wp-json\/wp\/v2\/categories?post=98915"},{"taxonomy":"post_tag","embeddable":true,"href":"https:\/\/www.iemj.org\/de\/wp-json\/wp\/v2\/tags?post=98915"},{"taxonomy":"technique","embeddable":true,"href":"https:\/\/www.iemj.org\/de\/wp-json\/wp\/v2\/technique?post=98915"},{"taxonomy":"squelettes","embeddable":true,"href":"https:\/\/www.iemj.org\/de\/wp-json\/wp\/v2\/squelettes?post=98915"},{"taxonomy":"sujet","embeddable":true,"href":"https:\/\/www.iemj.org\/de\/wp-json\/wp\/v2\/sujet?post=98915"},{"taxonomy":"formation","embeddable":true,"href":"https:\/\/www.iemj.org\/de\/wp-json\/wp\/v2\/formation?post=98915"},{"taxonomy":"genre","embeddable":true,"href":"https:\/\/www.iemj.org\/de\/wp-json\/wp\/v2\/genre?post=98915"},{"taxonomy":"fonds","embeddable":true,"href":"https:\/\/www.iemj.org\/de\/wp-json\/wp\/v2\/fonds?post=98915"},{"taxonomy":"tradition","embeddable":true,"href":"https:\/\/www.iemj.org\/de\/wp-json\/wp\/v2\/tradition?post=98915"},{"taxonomy":"type-de-contenu","embeddable":true,"href":"https:\/\/www.iemj.org\/de\/wp-json\/wp\/v2\/type-de-contenu?post=98915"},{"taxonomy":"interprete-compositeur","embeddable":true,"href":"https:\/\/www.iemj.org\/de\/wp-json\/wp\/v2\/interprete-compositeur?post=98915"},{"taxonomy":"frise","embeddable":true,"href":"https:\/\/www.iemj.org\/de\/wp-json\/wp\/v2\/frise?post=98915"},{"taxonomy":"type-devenement","embeddable":true,"href":"https:\/\/www.iemj.org\/de\/wp-json\/wp\/v2\/type-devenement?post=98915"},{"taxonomy":"tableaux-liens-externes","embeddable":true,"href":"https:\/\/www.iemj.org\/de\/wp-json\/wp\/v2\/tableaux-liens-externes?post=98915"}],"curies":[{"name":"wp","href":"https:\/\/api.w.org\/{rel}","templated":true}]}}