{"id":99064,"date":"2015-11-19T13:26:00","date_gmt":"2015-11-19T12:26:00","guid":{"rendered":"https:\/\/www.iemj.org\/three-centuries-ago-polina-shepherd\/"},"modified":"2025-10-22T17:19:16","modified_gmt":"2025-10-22T15:19:16","slug":"three-centuries-ago-polina-shepherd","status":"publish","type":"post","link":"https:\/\/www.iemj.org\/de\/three-centuries-ago-polina-shepherd\/","title":{"rendered":"Three centuries ago &#8211; Polina Shepherd"},"content":{"rendered":"\n<p>Polina Shepherd stammt aus Kasan in Tatarstan und geh\u00f6rte seit den 1990er Jahren zu den Vorl\u00e4ufern der Wiederbelebung der jiddischen Musik in der Sowjetunion. Heute lebt sie in Gro\u00dfbritannien und f\u00fchrt eine internationale Karriere als russische und jiddische S\u00e4ngerin sowie als Chorleiterin weiter. Sie hat zahlreiche St\u00fccke f\u00fcr das Theater, f\u00fcr Chor und f\u00fcr Solisten komponiert und begleitet sich selbst am Klavier.<\/p>\n\n\n\n<p>Dieses Album zeigt erneut den Einfallsreichtum und die Virtuosit\u00e4t dieser produktiven K\u00fcnstlerin, die uns mit ihrer kraftvollen und zugleich zerbrechlichen Stimme in die Weiten der Steppen des fernen Russlands entf\u00fchrt. Polina Shepherd wird von dem Klarinettisten Merlin Shepherd begleitet, dessen emotionale Kraft und traditioneller Klezmer-Stil weltweit anerkannt sind, und von Rohan Kriwaczek an den Dudels\u00e4cken.<\/p>\n\n\n\n<p>Man wird sich nicht \u00fcber einige Free-Jazz-Ausfl\u00fcge oder klassische Melodien in den chassidischen Rhythmen und bet\u00f6renden Melodien wundern.<\/p>\n\n\n\n<p><a href=\"http:\/\/www.polinashepherd.co.uk\/cds\/three-centuries-ago\/\" target=\"_blank\" rel=\"noopener\">Zur Website von Polina Shepherd, um die CD zu bestellen <\/a><\/p>\n\n\n<div class=\"wp-block-image\">\n<figure class=\"alignleft\"><img fetchpriority=\"high\" decoding=\"async\" width=\"1107\" height=\"974\" src=\"https:\/\/www.iemj.org\/wp-content\/uploads\/2015\/11\/cd_752_couv4.jpg\" alt=\"cd_752_couv4.jpg\" class=\"wp-image-8388\" srcset=\"https:\/\/www.iemj.org\/wp-content\/uploads\/2015\/11\/cd_752_couv4.jpg 1107w, https:\/\/www.iemj.org\/wp-content\/uploads\/2015\/11\/cd_752_couv4-300x264.jpg 300w, https:\/\/www.iemj.org\/wp-content\/uploads\/2015\/11\/cd_752_couv4-1024x901.jpg 1024w, https:\/\/www.iemj.org\/wp-content\/uploads\/2015\/11\/cd_752_couv4-768x676.jpg 768w, https:\/\/www.iemj.org\/wp-content\/uploads\/2015\/11\/cd_752_couv4-600x528.jpg 600w\" sizes=\"(max-width: 1107px) 100vw, 1107px\" \/><\/figure>\n<\/div>\n\n\n<div style=\"height:15px\" aria-hidden=\"true\" class=\"wp-block-spacer\"><\/div>\n\n\n<div class=\"wp-block-image\">\n<figure class=\"aligncenter size-large\"><img decoding=\"async\" width=\"1024\" height=\"133\" src=\"https:\/\/www.iemj.org\/wp-content\/uploads\/2024\/03\/AUDIO-PLAYER-1024x133.png\" alt=\"\" class=\"wp-image-110606\" srcset=\"https:\/\/www.iemj.org\/wp-content\/uploads\/2024\/03\/AUDIO-PLAYER-1024x133.png 1024w, https:\/\/www.iemj.org\/wp-content\/uploads\/2024\/03\/AUDIO-PLAYER-300x39.png 300w, https:\/\/www.iemj.org\/wp-content\/uploads\/2024\/03\/AUDIO-PLAYER-768x100.png 768w, https:\/\/www.iemj.org\/wp-content\/uploads\/2024\/03\/AUDIO-PLAYER-600x78.png 600w, https:\/\/www.iemj.org\/wp-content\/uploads\/2024\/03\/AUDIO-PLAYER.png 1210w\" sizes=\"(max-width: 1024px) 100vw, 1024px\" \/><\/figure>\n<\/div>\n\n\n<div class=\"wp-block-file\"><a id=\"wp-block-file--media-0fee60d9-5f14-4721-a043-5de805728e3d\" href=\"https:\/\/www.iemj.org\/wp-content\/uploads\/2015\/11\/cd_752_01.mp3\">Who?<\/a><\/div>\n\n\n\n<div class=\"wp-block-file\"><a id=\"wp-block-file--media-1b588b19-0c25-4004-906d-163aef724385\" href=\"https:\/\/www.iemj.org\/wp-content\/uploads\/2015\/11\/cd_752_03.mp3\">Birch Tree<\/a><\/div>\n\n\n\n<div class=\"wp-block-file\"><a id=\"wp-block-file--media-477b85e2-fe7f-4e48-9a56-aef0a92ab42d\" href=\"https:\/\/www.iemj.org\/wp-content\/uploads\/2015\/11\/cd_752_06.mp3\">The Silence didn&#8217;t last long<\/a><\/div>\n\n\n\n<div class=\"wp-block-file\"><a id=\"wp-block-file--media-262dac36-d7ad-48c0-ad37-9a692c249e28\" href=\"https:\/\/www.iemj.org\/wp-content\/uploads\/2015\/11\/cd_752_08.mp3\">Enveloped by the Night<\/a><\/div>\n\n\n\n<div class=\"wp-block-file\"><a id=\"wp-block-file--media-9051fe65-353a-414f-9b9f-444c440a15b6\" href=\"https:\/\/www.iemj.org\/wp-content\/uploads\/2015\/11\/cd_752_11.mp3\">Our Father, our King (Avinou Malkenou)<\/a><\/div>\n","protected":false},"excerpt":{"rendered":"<p>Polina Shepherd stammt aus Kasan in Tatarstan und geh\u00f6rte seit den 1990er Jahren zu den Vorl\u00e4ufern der Wiederbelebung der jiddischen Musik in der Sowjetunion. Heute lebt sie in Gro\u00dfbritannien und<\/p>\n","protected":false},"author":1051,"featured_media":99065,"comment_status":"closed","ping_status":"closed","sticky":false,"template":"","format":"standard","meta":{"_acf_changed":false,"footnotes":""},"categories":[1571,1561],"tags":[],"technique":[],"squelettes":[],"sujet":[],"formation":[],"genre":[1864],"fonds":[],"tradition":[],"type-de-contenu":[],"interprete-compositeur":[],"frise":[],"type-devenement":[],"tableaux-liens-externes":[],"class_list":["post-99064","post","type-post","status-publish","format-standard","has-post-thumbnail","hentry","category-cd-de","category-letzte-neuerwerbungen-de","genre-yiddish-de"],"acf":[],"yoast_head":"<!-- This site is optimized with the Yoast SEO plugin v27.3 - https:\/\/yoast.com\/product\/yoast-seo-wordpress\/ -->\n<title>Three centuries ago - Polina Shepherd - Institut Europ\u00e9en des Musiques Juives<\/title>\n<meta name=\"robots\" content=\"index, follow, max-snippet:-1, max-image-preview:large, max-video-preview:-1\" \/>\n<link rel=\"canonical\" href=\"https:\/\/www.iemj.org\/de\/three-centuries-ago-polina-shepherd\/\" \/>\n<meta property=\"og:locale\" content=\"de_DE\" \/>\n<meta property=\"og:type\" content=\"article\" \/>\n<meta property=\"og:title\" content=\"Three centuries ago - Polina Shepherd - Institut Europ\u00e9en des Musiques Juives\" \/>\n<meta property=\"og:description\" content=\"Polina Shepherd stammt aus Kasan in Tatarstan und geh\u00f6rte seit den 1990er Jahren zu den Vorl\u00e4ufern der Wiederbelebung der jiddischen Musik in der Sowjetunion. Heute lebt sie in Gro\u00dfbritannien und\" \/>\n<meta property=\"og:url\" content=\"https:\/\/www.iemj.org\/de\/three-centuries-ago-polina-shepherd\/\" \/>\n<meta property=\"og:site_name\" content=\"Institut Europ\u00e9en des Musiques Juives\" \/>\n<meta property=\"article:publisher\" content=\"https:\/\/www.facebook.com\/MusiquesJuives\/\" \/>\n<meta property=\"article:published_time\" content=\"2015-11-19T12:26:00+00:00\" \/>\n<meta property=\"article:modified_time\" content=\"2025-10-22T15:19:16+00:00\" \/>\n<meta property=\"og:image\" content=\"https:\/\/www.iemj.org\/wp-content\/uploads\/2015\/11\/arton1251-e1619445989352.jpg\" \/>\n\t<meta property=\"og:image:width\" content=\"350\" \/>\n\t<meta property=\"og:image:height\" content=\"314\" \/>\n\t<meta property=\"og:image:type\" content=\"image\/jpeg\" \/>\n<meta name=\"author\" content=\"Eleonore Biezunski\" \/>\n<meta name=\"twitter:card\" content=\"summary_large_image\" \/>\n<meta name=\"twitter:label1\" content=\"Verfasst von\" \/>\n\t<meta name=\"twitter:data1\" content=\"Eleonore Biezunski\" \/>\n\t<meta name=\"twitter:label2\" content=\"Gesch\u00e4tzte Lesezeit\" \/>\n\t<meta name=\"twitter:data2\" content=\"2\u00a0Minuten\" \/>\n<script type=\"application\/ld+json\" class=\"yoast-schema-graph\">{\"@context\":\"https:\\\/\\\/schema.org\",\"@graph\":[{\"@type\":\"Article\",\"@id\":\"https:\\\/\\\/www.iemj.org\\\/de\\\/three-centuries-ago-polina-shepherd\\\/#article\",\"isPartOf\":{\"@id\":\"https:\\\/\\\/www.iemj.org\\\/de\\\/three-centuries-ago-polina-shepherd\\\/\"},\"author\":{\"name\":\"Eleonore Biezunski\",\"@id\":\"https:\\\/\\\/www.iemj.org\\\/de\\\/#\\\/schema\\\/person\\\/b642ef6ac700534beb3a478a1044fc58\"},\"headline\":\"Three centuries ago &#8211; Polina Shepherd\",\"datePublished\":\"2015-11-19T12:26:00+00:00\",\"dateModified\":\"2025-10-22T15:19:16+00:00\",\"mainEntityOfPage\":{\"@id\":\"https:\\\/\\\/www.iemj.org\\\/de\\\/three-centuries-ago-polina-shepherd\\\/\"},\"wordCount\":185,\"publisher\":{\"@id\":\"https:\\\/\\\/www.iemj.org\\\/de\\\/#organization\"},\"image\":{\"@id\":\"https:\\\/\\\/www.iemj.org\\\/de\\\/three-centuries-ago-polina-shepherd\\\/#primaryimage\"},\"thumbnailUrl\":\"https:\\\/\\\/www.iemj.org\\\/wp-content\\\/uploads\\\/2015\\\/11\\\/arton1251-e1619445989352.jpg\",\"articleSection\":[\"CD\",\"Letzte Neuerwerbungen\"],\"inLanguage\":\"de\"},{\"@type\":\"WebPage\",\"@id\":\"https:\\\/\\\/www.iemj.org\\\/de\\\/three-centuries-ago-polina-shepherd\\\/\",\"url\":\"https:\\\/\\\/www.iemj.org\\\/de\\\/three-centuries-ago-polina-shepherd\\\/\",\"name\":\"Three centuries ago - Polina Shepherd - Institut Europ\u00e9en des Musiques Juives\",\"isPartOf\":{\"@id\":\"https:\\\/\\\/www.iemj.org\\\/de\\\/#website\"},\"primaryImageOfPage\":{\"@id\":\"https:\\\/\\\/www.iemj.org\\\/de\\\/three-centuries-ago-polina-shepherd\\\/#primaryimage\"},\"image\":{\"@id\":\"https:\\\/\\\/www.iemj.org\\\/de\\\/three-centuries-ago-polina-shepherd\\\/#primaryimage\"},\"thumbnailUrl\":\"https:\\\/\\\/www.iemj.org\\\/wp-content\\\/uploads\\\/2015\\\/11\\\/arton1251-e1619445989352.jpg\",\"datePublished\":\"2015-11-19T12:26:00+00:00\",\"dateModified\":\"2025-10-22T15:19:16+00:00\",\"breadcrumb\":{\"@id\":\"https:\\\/\\\/www.iemj.org\\\/de\\\/three-centuries-ago-polina-shepherd\\\/#breadcrumb\"},\"inLanguage\":\"de\",\"potentialAction\":[{\"@type\":\"ReadAction\",\"target\":[\"https:\\\/\\\/www.iemj.org\\\/de\\\/three-centuries-ago-polina-shepherd\\\/\"]}]},{\"@type\":\"ImageObject\",\"inLanguage\":\"de\",\"@id\":\"https:\\\/\\\/www.iemj.org\\\/de\\\/three-centuries-ago-polina-shepherd\\\/#primaryimage\",\"url\":\"https:\\\/\\\/www.iemj.org\\\/wp-content\\\/uploads\\\/2015\\\/11\\\/arton1251-e1619445989352.jpg\",\"contentUrl\":\"https:\\\/\\\/www.iemj.org\\\/wp-content\\\/uploads\\\/2015\\\/11\\\/arton1251-e1619445989352.jpg\",\"width\":350,\"height\":314},{\"@type\":\"BreadcrumbList\",\"@id\":\"https:\\\/\\\/www.iemj.org\\\/de\\\/three-centuries-ago-polina-shepherd\\\/#breadcrumb\",\"itemListElement\":[{\"@type\":\"ListItem\",\"position\":1,\"name\":\"Accueil\",\"item\":\"https:\\\/\\\/www.iemj.org\\\/de\\\/\"},{\"@type\":\"ListItem\",\"position\":2,\"name\":\"Three centuries ago &#8211; Polina Shepherd\"}]},{\"@type\":\"WebSite\",\"@id\":\"https:\\\/\\\/www.iemj.org\\\/de\\\/#website\",\"url\":\"https:\\\/\\\/www.iemj.org\\\/de\\\/\",\"name\":\"Institut Europ\u00e9en des Musiques Juives\",\"description\":\"Des traditions musicales \u00e0 la port\u00e9e de tous\",\"publisher\":{\"@id\":\"https:\\\/\\\/www.iemj.org\\\/de\\\/#organization\"},\"potentialAction\":[{\"@type\":\"SearchAction\",\"target\":{\"@type\":\"EntryPoint\",\"urlTemplate\":\"https:\\\/\\\/www.iemj.org\\\/de\\\/?s={search_term_string}\"},\"query-input\":{\"@type\":\"PropertyValueSpecification\",\"valueRequired\":true,\"valueName\":\"search_term_string\"}}],\"inLanguage\":\"de\"},{\"@type\":\"Organization\",\"@id\":\"https:\\\/\\\/www.iemj.org\\\/de\\\/#organization\",\"name\":\"Institut Europ\u00e9en des Musiques Juives\",\"url\":\"https:\\\/\\\/www.iemj.org\\\/de\\\/\",\"logo\":{\"@type\":\"ImageObject\",\"inLanguage\":\"de\",\"@id\":\"https:\\\/\\\/www.iemj.org\\\/de\\\/#\\\/schema\\\/logo\\\/image\\\/\",\"url\":\"https:\\\/\\\/www.iemj.org\\\/wp-content\\\/uploads\\\/2021\\\/09\\\/Logo-IEMJ-Paypal.jpg\",\"contentUrl\":\"https:\\\/\\\/www.iemj.org\\\/wp-content\\\/uploads\\\/2021\\\/09\\\/Logo-IEMJ-Paypal.jpg\",\"width\":150,\"height\":50,\"caption\":\"Institut Europ\u00e9en des Musiques Juives\"},\"image\":{\"@id\":\"https:\\\/\\\/www.iemj.org\\\/de\\\/#\\\/schema\\\/logo\\\/image\\\/\"},\"sameAs\":[\"https:\\\/\\\/www.facebook.com\\\/MusiquesJuives\\\/\",\"https:\\\/\\\/www.instagram.com\\\/musiquesjuives\\\/\",\"https:\\\/\\\/www.youtube.com\\\/user\\\/musiquesjuives\"]},{\"@type\":\"Person\",\"@id\":\"https:\\\/\\\/www.iemj.org\\\/de\\\/#\\\/schema\\\/person\\\/b642ef6ac700534beb3a478a1044fc58\",\"name\":\"Eleonore Biezunski\",\"image\":{\"@type\":\"ImageObject\",\"inLanguage\":\"de\",\"@id\":\"https:\\\/\\\/secure.gravatar.com\\\/avatar\\\/23ebe6af626286145e05768bed85e683b6fb680909f71fae7052aa52346a660a?s=96&d=mm&r=g\",\"url\":\"https:\\\/\\\/secure.gravatar.com\\\/avatar\\\/23ebe6af626286145e05768bed85e683b6fb680909f71fae7052aa52346a660a?s=96&d=mm&r=g\",\"contentUrl\":\"https:\\\/\\\/secure.gravatar.com\\\/avatar\\\/23ebe6af626286145e05768bed85e683b6fb680909f71fae7052aa52346a660a?s=96&d=mm&r=g\",\"caption\":\"Eleonore Biezunski\"}}]}<\/script>\n<!-- \/ Yoast SEO plugin. -->","yoast_head_json":{"title":"Three centuries ago - Polina Shepherd - Institut Europ\u00e9en des Musiques Juives","robots":{"index":"index","follow":"follow","max-snippet":"max-snippet:-1","max-image-preview":"max-image-preview:large","max-video-preview":"max-video-preview:-1"},"canonical":"https:\/\/www.iemj.org\/de\/three-centuries-ago-polina-shepherd\/","og_locale":"de_DE","og_type":"article","og_title":"Three centuries ago - Polina Shepherd - Institut Europ\u00e9en des Musiques Juives","og_description":"Polina Shepherd stammt aus Kasan in Tatarstan und geh\u00f6rte seit den 1990er Jahren zu den Vorl\u00e4ufern der Wiederbelebung der jiddischen Musik in der Sowjetunion. Heute lebt sie in Gro\u00dfbritannien und","og_url":"https:\/\/www.iemj.org\/de\/three-centuries-ago-polina-shepherd\/","og_site_name":"Institut Europ\u00e9en des Musiques Juives","article_publisher":"https:\/\/www.facebook.com\/MusiquesJuives\/","article_published_time":"2015-11-19T12:26:00+00:00","article_modified_time":"2025-10-22T15:19:16+00:00","og_image":[{"width":350,"height":314,"url":"https:\/\/www.iemj.org\/wp-content\/uploads\/2015\/11\/arton1251-e1619445989352.jpg","type":"image\/jpeg"}],"author":"Eleonore Biezunski","twitter_card":"summary_large_image","twitter_misc":{"Verfasst von":"Eleonore Biezunski","Gesch\u00e4tzte Lesezeit":"2\u00a0Minuten"},"schema":{"@context":"https:\/\/schema.org","@graph":[{"@type":"Article","@id":"https:\/\/www.iemj.org\/de\/three-centuries-ago-polina-shepherd\/#article","isPartOf":{"@id":"https:\/\/www.iemj.org\/de\/three-centuries-ago-polina-shepherd\/"},"author":{"name":"Eleonore Biezunski","@id":"https:\/\/www.iemj.org\/de\/#\/schema\/person\/b642ef6ac700534beb3a478a1044fc58"},"headline":"Three centuries ago &#8211; Polina Shepherd","datePublished":"2015-11-19T12:26:00+00:00","dateModified":"2025-10-22T15:19:16+00:00","mainEntityOfPage":{"@id":"https:\/\/www.iemj.org\/de\/three-centuries-ago-polina-shepherd\/"},"wordCount":185,"publisher":{"@id":"https:\/\/www.iemj.org\/de\/#organization"},"image":{"@id":"https:\/\/www.iemj.org\/de\/three-centuries-ago-polina-shepherd\/#primaryimage"},"thumbnailUrl":"https:\/\/www.iemj.org\/wp-content\/uploads\/2015\/11\/arton1251-e1619445989352.jpg","articleSection":["CD","Letzte Neuerwerbungen"],"inLanguage":"de"},{"@type":"WebPage","@id":"https:\/\/www.iemj.org\/de\/three-centuries-ago-polina-shepherd\/","url":"https:\/\/www.iemj.org\/de\/three-centuries-ago-polina-shepherd\/","name":"Three centuries ago - Polina Shepherd - Institut Europ\u00e9en des Musiques Juives","isPartOf":{"@id":"https:\/\/www.iemj.org\/de\/#website"},"primaryImageOfPage":{"@id":"https:\/\/www.iemj.org\/de\/three-centuries-ago-polina-shepherd\/#primaryimage"},"image":{"@id":"https:\/\/www.iemj.org\/de\/three-centuries-ago-polina-shepherd\/#primaryimage"},"thumbnailUrl":"https:\/\/www.iemj.org\/wp-content\/uploads\/2015\/11\/arton1251-e1619445989352.jpg","datePublished":"2015-11-19T12:26:00+00:00","dateModified":"2025-10-22T15:19:16+00:00","breadcrumb":{"@id":"https:\/\/www.iemj.org\/de\/three-centuries-ago-polina-shepherd\/#breadcrumb"},"inLanguage":"de","potentialAction":[{"@type":"ReadAction","target":["https:\/\/www.iemj.org\/de\/three-centuries-ago-polina-shepherd\/"]}]},{"@type":"ImageObject","inLanguage":"de","@id":"https:\/\/www.iemj.org\/de\/three-centuries-ago-polina-shepherd\/#primaryimage","url":"https:\/\/www.iemj.org\/wp-content\/uploads\/2015\/11\/arton1251-e1619445989352.jpg","contentUrl":"https:\/\/www.iemj.org\/wp-content\/uploads\/2015\/11\/arton1251-e1619445989352.jpg","width":350,"height":314},{"@type":"BreadcrumbList","@id":"https:\/\/www.iemj.org\/de\/three-centuries-ago-polina-shepherd\/#breadcrumb","itemListElement":[{"@type":"ListItem","position":1,"name":"Accueil","item":"https:\/\/www.iemj.org\/de\/"},{"@type":"ListItem","position":2,"name":"Three centuries ago &#8211; Polina Shepherd"}]},{"@type":"WebSite","@id":"https:\/\/www.iemj.org\/de\/#website","url":"https:\/\/www.iemj.org\/de\/","name":"Institut Europ\u00e9en des Musiques Juives","description":"Des traditions musicales \u00e0 la port\u00e9e de tous","publisher":{"@id":"https:\/\/www.iemj.org\/de\/#organization"},"potentialAction":[{"@type":"SearchAction","target":{"@type":"EntryPoint","urlTemplate":"https:\/\/www.iemj.org\/de\/?s={search_term_string}"},"query-input":{"@type":"PropertyValueSpecification","valueRequired":true,"valueName":"search_term_string"}}],"inLanguage":"de"},{"@type":"Organization","@id":"https:\/\/www.iemj.org\/de\/#organization","name":"Institut Europ\u00e9en des Musiques Juives","url":"https:\/\/www.iemj.org\/de\/","logo":{"@type":"ImageObject","inLanguage":"de","@id":"https:\/\/www.iemj.org\/de\/#\/schema\/logo\/image\/","url":"https:\/\/www.iemj.org\/wp-content\/uploads\/2021\/09\/Logo-IEMJ-Paypal.jpg","contentUrl":"https:\/\/www.iemj.org\/wp-content\/uploads\/2021\/09\/Logo-IEMJ-Paypal.jpg","width":150,"height":50,"caption":"Institut Europ\u00e9en des Musiques Juives"},"image":{"@id":"https:\/\/www.iemj.org\/de\/#\/schema\/logo\/image\/"},"sameAs":["https:\/\/www.facebook.com\/MusiquesJuives\/","https:\/\/www.instagram.com\/musiquesjuives\/","https:\/\/www.youtube.com\/user\/musiquesjuives"]},{"@type":"Person","@id":"https:\/\/www.iemj.org\/de\/#\/schema\/person\/b642ef6ac700534beb3a478a1044fc58","name":"Eleonore Biezunski","image":{"@type":"ImageObject","inLanguage":"de","@id":"https:\/\/secure.gravatar.com\/avatar\/23ebe6af626286145e05768bed85e683b6fb680909f71fae7052aa52346a660a?s=96&d=mm&r=g","url":"https:\/\/secure.gravatar.com\/avatar\/23ebe6af626286145e05768bed85e683b6fb680909f71fae7052aa52346a660a?s=96&d=mm&r=g","contentUrl":"https:\/\/secure.gravatar.com\/avatar\/23ebe6af626286145e05768bed85e683b6fb680909f71fae7052aa52346a660a?s=96&d=mm&r=g","caption":"Eleonore Biezunski"}}]}},"_links":{"self":[{"href":"https:\/\/www.iemj.org\/de\/wp-json\/wp\/v2\/posts\/99064","targetHints":{"allow":["GET"]}}],"collection":[{"href":"https:\/\/www.iemj.org\/de\/wp-json\/wp\/v2\/posts"}],"about":[{"href":"https:\/\/www.iemj.org\/de\/wp-json\/wp\/v2\/types\/post"}],"author":[{"embeddable":true,"href":"https:\/\/www.iemj.org\/de\/wp-json\/wp\/v2\/users\/1051"}],"replies":[{"embeddable":true,"href":"https:\/\/www.iemj.org\/de\/wp-json\/wp\/v2\/comments?post=99064"}],"version-history":[{"count":1,"href":"https:\/\/www.iemj.org\/de\/wp-json\/wp\/v2\/posts\/99064\/revisions"}],"predecessor-version":[{"id":127712,"href":"https:\/\/www.iemj.org\/de\/wp-json\/wp\/v2\/posts\/99064\/revisions\/127712"}],"wp:featuredmedia":[{"embeddable":true,"href":"https:\/\/www.iemj.org\/de\/wp-json\/wp\/v2\/media\/99065"}],"wp:attachment":[{"href":"https:\/\/www.iemj.org\/de\/wp-json\/wp\/v2\/media?parent=99064"}],"wp:term":[{"taxonomy":"category","embeddable":true,"href":"https:\/\/www.iemj.org\/de\/wp-json\/wp\/v2\/categories?post=99064"},{"taxonomy":"post_tag","embeddable":true,"href":"https:\/\/www.iemj.org\/de\/wp-json\/wp\/v2\/tags?post=99064"},{"taxonomy":"technique","embeddable":true,"href":"https:\/\/www.iemj.org\/de\/wp-json\/wp\/v2\/technique?post=99064"},{"taxonomy":"squelettes","embeddable":true,"href":"https:\/\/www.iemj.org\/de\/wp-json\/wp\/v2\/squelettes?post=99064"},{"taxonomy":"sujet","embeddable":true,"href":"https:\/\/www.iemj.org\/de\/wp-json\/wp\/v2\/sujet?post=99064"},{"taxonomy":"formation","embeddable":true,"href":"https:\/\/www.iemj.org\/de\/wp-json\/wp\/v2\/formation?post=99064"},{"taxonomy":"genre","embeddable":true,"href":"https:\/\/www.iemj.org\/de\/wp-json\/wp\/v2\/genre?post=99064"},{"taxonomy":"fonds","embeddable":true,"href":"https:\/\/www.iemj.org\/de\/wp-json\/wp\/v2\/fonds?post=99064"},{"taxonomy":"tradition","embeddable":true,"href":"https:\/\/www.iemj.org\/de\/wp-json\/wp\/v2\/tradition?post=99064"},{"taxonomy":"type-de-contenu","embeddable":true,"href":"https:\/\/www.iemj.org\/de\/wp-json\/wp\/v2\/type-de-contenu?post=99064"},{"taxonomy":"interprete-compositeur","embeddable":true,"href":"https:\/\/www.iemj.org\/de\/wp-json\/wp\/v2\/interprete-compositeur?post=99064"},{"taxonomy":"frise","embeddable":true,"href":"https:\/\/www.iemj.org\/de\/wp-json\/wp\/v2\/frise?post=99064"},{"taxonomy":"type-devenement","embeddable":true,"href":"https:\/\/www.iemj.org\/de\/wp-json\/wp\/v2\/type-devenement?post=99064"},{"taxonomy":"tableaux-liens-externes","embeddable":true,"href":"https:\/\/www.iemj.org\/de\/wp-json\/wp\/v2\/tableaux-liens-externes?post=99064"}],"curies":[{"name":"wp","href":"https:\/\/api.w.org\/{rel}","templated":true}]}}