{"id":99348,"date":"2023-07-04T15:47:53","date_gmt":"2023-07-04T13:47:53","guid":{"rendered":"https:\/\/www.iemj.org\/la-nouvelle-scene-juive\/"},"modified":"2024-02-15T15:48:01","modified_gmt":"2024-02-15T14:48:01","slug":"la-nouvelle-scene-juive","status":"publish","type":"post","link":"https:\/\/www.iemj.org\/de\/la-nouvelle-scene-juive\/","title":{"rendered":"Die neue j\u00fcdische Szene"},"content":{"rendered":"<p>Die neue j\u00fcdische Szene ist mit dem Aufkommen der sogenannten Fusionsmusik verbunden. Dieser Term bezeichnet die Vermischung von Musikgenres wie z. B. Rap mit Rockmusik. Rockmusik wird oft als eine der ersten Fusionsmusiken angesehen, da sie aus der Verbindung von Rhythm and Blues und Country-Musik entstanden ist.<\/p>\n<p>Seit den sp\u00e4ten 1960er Jahren und im Zuge der Globalisierung haben sich die Musikrichtungen immer weiter vermischt. Die Einf\u00fchrung der elektronischen Musikbearbeitung hat diese Bewegung vor allem seit den 1980er Jahren beschleunigt.<\/p>\n<p>Die j\u00fcdische Musik ist diesem Ph\u00e4nomen nicht entgangen, da eine neue j\u00fcdische Szene entstanden ist, die Klezmer, Jiddisch, j\u00fcdisch-spanische und orientalische Musik mit Jazz, Rock, Punk, Rap, Latino, Hip-Hop usw. vermischt.<\/p>\n<p>Die folgende Playlist zeigt nur eine winzige Auswahl aus dem Reichtum dieser neuen j\u00fcdischen Szene, die sich heute in der ganzen Welt ausdr\u00fcckt. Zu den F\u00f6rderern dieser Erneuerung der j\u00fcdischen Musik k\u00f6nnen wir die Namen von John Zorn und seinem 1995 in New York gegr\u00fcndeten <a href=\"https:\/\/www.tzadik.com\/\">Label Tzadik<\/a> nennen, das bis heute 189 CDs in der Reihe <em>Radical Jewish Culture<\/em> produziert hat. Erw\u00e4hnenswert sind auch Claude Zwimer und Bruno Nahon, die 2003 in Paris das <a href=\"http:\/\/www.jumu.fr\/archives_jumu.html\">Label Jumu (Nu Juwish Music)<\/a> gr\u00fcndeten, wo &#8222;die Vergangenheit in der Gegenwart, Klezmer mit Elektro verzweigt, Hochzeiten zwischen Rappern in Papillote und der Yid-Klarinette arrangiert und das J\u00fcdisch-Arabische mit Hip-Hop vermischt wird.&#8220; Jumu hat ein Dutzend CDs produziert und mehrere Konzerte mit Musikern aus den USA (Matisyahu), Kanada (SoCalled), England (Sophie Solomon, Oi va voi), den Niederlanden (Amsterdam Klezmer Band) und Frankreich (Anakronic Electro Orkestra) organisiert.<\/p>\n<p>Schlie\u00dflich haben einige franz\u00f6sische Bands wie <a href=\"https:\/\/www.iemj.org\/horse-raddish-3\/\">Horse Raddish<\/a>, Klunk, &#8230; CDs mit Jazz-Rock, Rap oder Klezmer-Punk produziert.<\/p>\n<p>Erfahren Sie mehr \u00fcber die verschiedenen K\u00fcnstler in dieser Playlist:<\/p>\n<ul>\n<li><a href=\"https:\/\/www.anakronic.com\/bio\">Anakronic<\/a><\/li>\n<li><a href=\"https:\/\/de.wikipedia.org\/wiki\/Socalled\">SoCalled<\/a><\/li>\n<li><a href=\"https:\/\/de.wikipedia.org\/wiki\/David_Krakauer\">David Krakauer<\/a><\/li>\n<li><a href=\"https:\/\/de.wikipedia.org\/wiki\/Amsterdam_Klezmer_Band\">Amsterdam Klezmer Band<\/a><\/li>\n<li><a href=\"https:\/\/de.wikipedia.org\/wiki\/Balkan_Beat_Box\">Balkan Beat Box<\/a><\/li>\n<li><a href=\"http:\/\/klunk.fr\/\">Klunk<\/a><\/li>\n<li><a href=\"https:\/\/en.wikipedia.org\/wiki\/Hip_Hop_Hood%C3%ADos\">Hip Hop Hood\u00edos<\/a><\/li>\n<li><a href=\"https:\/\/guillaumedettmar.com\/paris-klezmer-band\/\">Paris Klezmer Band<\/a><\/li>\n<li><a href=\"https:\/\/en.wikipedia.org\/wiki\/Shimi_Tavori\">Shimi Tavori<\/a> &amp; <a href=\"https:\/\/aish.com\/authors\/201416921\/\">Francky Perez<\/a><\/li>\n<li><a href=\"https:\/\/www.yom.fr\/\">Yom<\/a><\/li>\n<\/ul>\n<p><a href=\"https:\/\/www.iemj.org\/de\/rock-hard-rock-metal-punk-et-musiques-juives\/\">Den hintergrund Artikel \u00fcber Rock, Hard-Rock, Metal, Punk und j\u00fcdische Musik lesen<\/a><\/p>\n<p>Radiosendungen <a href=\"https:\/\/www.iemj.org\/le-yiddish-electrique-du-jazz-rock-au-punk\/\">Le yiddish \u00e9lectrique\u00a0: du Jazz rock au Punk<\/a> und <a href=\"https:\/\/www.iemj.org\/musiques-juives-de-lextreme-entre-punk-et-heavy-metal\/\">Musiques juives de l\u2019extr\u00eame \u2013 entre Punk et Heavy metal<\/a> anh\u00f6ren<\/p>\n\n\n<figure class=\"wp-block-image alignwide size-large\"><img fetchpriority=\"high\" decoding=\"async\" width=\"1024\" height=\"146\" src=\"https:\/\/www.iemj.org\/wp-content\/uploads\/2023\/01\/Bandeau-Playlist_DE2-1024x146.jpg\" alt=\"\" class=\"wp-image-93110\" srcset=\"https:\/\/www.iemj.org\/wp-content\/uploads\/2023\/01\/Bandeau-Playlist_DE2-1024x146.jpg 1024w, https:\/\/www.iemj.org\/wp-content\/uploads\/2023\/01\/Bandeau-Playlist_DE2-300x43.jpg 300w, https:\/\/www.iemj.org\/wp-content\/uploads\/2023\/01\/Bandeau-Playlist_DE2-768x110.jpg 768w, https:\/\/www.iemj.org\/wp-content\/uploads\/2023\/01\/Bandeau-Playlist_DE2-1536x220.jpg 1536w, https:\/\/www.iemj.org\/wp-content\/uploads\/2023\/01\/Bandeau-Playlist_DE2-600x86.jpg 600w, https:\/\/www.iemj.org\/wp-content\/uploads\/2023\/01\/Bandeau-Playlist_DE2.jpg 1608w\" sizes=\"(max-width: 1024px) 100vw, 1024px\" \/><\/figure>\n","protected":false},"excerpt":{"rendered":"<p>Die neue j\u00fcdische Szene ist mit dem Aufkommen der sogenannten Fusionsmusik verbunden. Dieser Term bezeichnet die Vermischung von Musikgenres wie z. B. Rap mit Rockmusik. Rockmusik wird oft als eine<\/p>\n","protected":false},"author":5,"featured_media":99290,"comment_status":"closed","ping_status":"open","sticky":false,"template":"","format":"standard","meta":{"_acf_changed":false,"footnotes":""},"categories":[1534],"tags":[],"technique":[],"squelettes":[],"sujet":[],"formation":[],"genre":[1871,1882,1885,1869,1865],"fonds":[],"tradition":[],"type-de-contenu":[],"interprete-compositeur":[],"frise":[],"type-devenement":[],"tableaux-liens-externes":[],"class_list":["post-99348","post","type-post","status-publish","format-standard","has-post-thumbnail","hentry","category-playlists-de","genre-dub-hip-hop-de","genre-electro-de","genre-jazz-de","genre-punk-de","genre-rock-de"],"acf":[],"yoast_head":"<!-- This site is optimized with the Yoast SEO plugin v27.3 - https:\/\/yoast.com\/product\/yoast-seo-wordpress\/ -->\n<title>Die neue j\u00fcdische Szene - Institut Europ\u00e9en des Musiques Juives<\/title>\n<meta name=\"robots\" content=\"index, follow, max-snippet:-1, max-image-preview:large, max-video-preview:-1\" \/>\n<link rel=\"canonical\" href=\"https:\/\/www.iemj.org\/de\/la-nouvelle-scene-juive\/\" \/>\n<meta property=\"og:locale\" content=\"de_DE\" \/>\n<meta property=\"og:type\" content=\"article\" \/>\n<meta property=\"og:title\" content=\"Die neue j\u00fcdische Szene - Institut Europ\u00e9en des Musiques Juives\" \/>\n<meta property=\"og:description\" content=\"Die neue j\u00fcdische Szene ist mit dem Aufkommen der sogenannten Fusionsmusik verbunden. Dieser Term bezeichnet die Vermischung von Musikgenres wie z. B. Rap mit Rockmusik. Rockmusik wird oft als eine\" \/>\n<meta property=\"og:url\" content=\"https:\/\/www.iemj.org\/de\/la-nouvelle-scene-juive\/\" \/>\n<meta property=\"og:site_name\" content=\"Institut Europ\u00e9en des Musiques Juives\" \/>\n<meta property=\"article:publisher\" content=\"https:\/\/www.facebook.com\/MusiquesJuives\/\" \/>\n<meta property=\"article:published_time\" content=\"2023-07-04T13:47:53+00:00\" \/>\n<meta property=\"article:modified_time\" content=\"2024-02-15T14:48:01+00:00\" \/>\n<meta property=\"og:image\" content=\"https:\/\/www.iemj.org\/wp-content\/uploads\/2023\/07\/Logo-playlist-ete-Nlle-Mus.-J.jpg\" \/>\n\t<meta property=\"og:image:width\" content=\"500\" \/>\n\t<meta property=\"og:image:height\" content=\"500\" \/>\n\t<meta property=\"og:image:type\" content=\"image\/jpeg\" \/>\n<meta name=\"author\" content=\"Jacqueline ROTEN\" \/>\n<meta name=\"twitter:card\" content=\"summary_large_image\" \/>\n<meta name=\"twitter:label1\" content=\"Verfasst von\" \/>\n\t<meta name=\"twitter:data1\" content=\"Jacqueline ROTEN\" \/>\n\t<meta name=\"twitter:label2\" content=\"Gesch\u00e4tzte Lesezeit\" \/>\n\t<meta name=\"twitter:data2\" content=\"3\u00a0Minuten\" \/>\n<script type=\"application\/ld+json\" class=\"yoast-schema-graph\">{\"@context\":\"https:\\\/\\\/schema.org\",\"@graph\":[{\"@type\":\"Article\",\"@id\":\"https:\\\/\\\/www.iemj.org\\\/de\\\/la-nouvelle-scene-juive\\\/#article\",\"isPartOf\":{\"@id\":\"https:\\\/\\\/www.iemj.org\\\/de\\\/la-nouvelle-scene-juive\\\/\"},\"author\":{\"name\":\"Jacqueline ROTEN\",\"@id\":\"https:\\\/\\\/www.iemj.org\\\/de\\\/#\\\/schema\\\/person\\\/358e26c18aca017fcc4cc15437f7279c\"},\"headline\":\"Die neue j\u00fcdische Szene\",\"datePublished\":\"2023-07-04T13:47:53+00:00\",\"dateModified\":\"2024-02-15T14:48:01+00:00\",\"mainEntityOfPage\":{\"@id\":\"https:\\\/\\\/www.iemj.org\\\/de\\\/la-nouvelle-scene-juive\\\/\"},\"wordCount\":357,\"publisher\":{\"@id\":\"https:\\\/\\\/www.iemj.org\\\/de\\\/#organization\"},\"image\":{\"@id\":\"https:\\\/\\\/www.iemj.org\\\/de\\\/la-nouvelle-scene-juive\\\/#primaryimage\"},\"thumbnailUrl\":\"https:\\\/\\\/www.iemj.org\\\/wp-content\\\/uploads\\\/2023\\\/07\\\/Logo-playlist-ete-Nlle-Mus.-J.jpg\",\"articleSection\":[\"Playlists\"],\"inLanguage\":\"de\"},{\"@type\":\"WebPage\",\"@id\":\"https:\\\/\\\/www.iemj.org\\\/de\\\/la-nouvelle-scene-juive\\\/\",\"url\":\"https:\\\/\\\/www.iemj.org\\\/de\\\/la-nouvelle-scene-juive\\\/\",\"name\":\"Die neue j\u00fcdische Szene - Institut Europ\u00e9en des Musiques Juives\",\"isPartOf\":{\"@id\":\"https:\\\/\\\/www.iemj.org\\\/de\\\/#website\"},\"primaryImageOfPage\":{\"@id\":\"https:\\\/\\\/www.iemj.org\\\/de\\\/la-nouvelle-scene-juive\\\/#primaryimage\"},\"image\":{\"@id\":\"https:\\\/\\\/www.iemj.org\\\/de\\\/la-nouvelle-scene-juive\\\/#primaryimage\"},\"thumbnailUrl\":\"https:\\\/\\\/www.iemj.org\\\/wp-content\\\/uploads\\\/2023\\\/07\\\/Logo-playlist-ete-Nlle-Mus.-J.jpg\",\"datePublished\":\"2023-07-04T13:47:53+00:00\",\"dateModified\":\"2024-02-15T14:48:01+00:00\",\"breadcrumb\":{\"@id\":\"https:\\\/\\\/www.iemj.org\\\/de\\\/la-nouvelle-scene-juive\\\/#breadcrumb\"},\"inLanguage\":\"de\",\"potentialAction\":[{\"@type\":\"ReadAction\",\"target\":[\"https:\\\/\\\/www.iemj.org\\\/de\\\/la-nouvelle-scene-juive\\\/\"]}]},{\"@type\":\"ImageObject\",\"inLanguage\":\"de\",\"@id\":\"https:\\\/\\\/www.iemj.org\\\/de\\\/la-nouvelle-scene-juive\\\/#primaryimage\",\"url\":\"https:\\\/\\\/www.iemj.org\\\/wp-content\\\/uploads\\\/2023\\\/07\\\/Logo-playlist-ete-Nlle-Mus.-J.jpg\",\"contentUrl\":\"https:\\\/\\\/www.iemj.org\\\/wp-content\\\/uploads\\\/2023\\\/07\\\/Logo-playlist-ete-Nlle-Mus.-J.jpg\",\"width\":500,\"height\":500},{\"@type\":\"BreadcrumbList\",\"@id\":\"https:\\\/\\\/www.iemj.org\\\/de\\\/la-nouvelle-scene-juive\\\/#breadcrumb\",\"itemListElement\":[{\"@type\":\"ListItem\",\"position\":1,\"name\":\"Accueil\",\"item\":\"https:\\\/\\\/www.iemj.org\\\/de\\\/\"},{\"@type\":\"ListItem\",\"position\":2,\"name\":\"Die neue j\u00fcdische Szene\"}]},{\"@type\":\"WebSite\",\"@id\":\"https:\\\/\\\/www.iemj.org\\\/de\\\/#website\",\"url\":\"https:\\\/\\\/www.iemj.org\\\/de\\\/\",\"name\":\"Institut Europ\u00e9en des Musiques Juives\",\"description\":\"Des traditions musicales \u00e0 la port\u00e9e de tous\",\"publisher\":{\"@id\":\"https:\\\/\\\/www.iemj.org\\\/de\\\/#organization\"},\"potentialAction\":[{\"@type\":\"SearchAction\",\"target\":{\"@type\":\"EntryPoint\",\"urlTemplate\":\"https:\\\/\\\/www.iemj.org\\\/de\\\/?s={search_term_string}\"},\"query-input\":{\"@type\":\"PropertyValueSpecification\",\"valueRequired\":true,\"valueName\":\"search_term_string\"}}],\"inLanguage\":\"de\"},{\"@type\":\"Organization\",\"@id\":\"https:\\\/\\\/www.iemj.org\\\/de\\\/#organization\",\"name\":\"Institut Europ\u00e9en des Musiques Juives\",\"url\":\"https:\\\/\\\/www.iemj.org\\\/de\\\/\",\"logo\":{\"@type\":\"ImageObject\",\"inLanguage\":\"de\",\"@id\":\"https:\\\/\\\/www.iemj.org\\\/de\\\/#\\\/schema\\\/logo\\\/image\\\/\",\"url\":\"https:\\\/\\\/www.iemj.org\\\/wp-content\\\/uploads\\\/2021\\\/09\\\/Logo-IEMJ-Paypal.jpg\",\"contentUrl\":\"https:\\\/\\\/www.iemj.org\\\/wp-content\\\/uploads\\\/2021\\\/09\\\/Logo-IEMJ-Paypal.jpg\",\"width\":150,\"height\":50,\"caption\":\"Institut Europ\u00e9en des Musiques Juives\"},\"image\":{\"@id\":\"https:\\\/\\\/www.iemj.org\\\/de\\\/#\\\/schema\\\/logo\\\/image\\\/\"},\"sameAs\":[\"https:\\\/\\\/www.facebook.com\\\/MusiquesJuives\\\/\",\"https:\\\/\\\/www.instagram.com\\\/musiquesjuives\\\/\",\"https:\\\/\\\/www.youtube.com\\\/user\\\/musiquesjuives\"]},{\"@type\":\"Person\",\"@id\":\"https:\\\/\\\/www.iemj.org\\\/de\\\/#\\\/schema\\\/person\\\/358e26c18aca017fcc4cc15437f7279c\",\"name\":\"Jacqueline ROTEN\",\"image\":{\"@type\":\"ImageObject\",\"inLanguage\":\"de\",\"@id\":\"https:\\\/\\\/secure.gravatar.com\\\/avatar\\\/5964256d6c6957de3a3505278957e0fb2a35119ac47ea41827a65301213c810b?s=96&d=mm&r=g\",\"url\":\"https:\\\/\\\/secure.gravatar.com\\\/avatar\\\/5964256d6c6957de3a3505278957e0fb2a35119ac47ea41827a65301213c810b?s=96&d=mm&r=g\",\"contentUrl\":\"https:\\\/\\\/secure.gravatar.com\\\/avatar\\\/5964256d6c6957de3a3505278957e0fb2a35119ac47ea41827a65301213c810b?s=96&d=mm&r=g\",\"caption\":\"Jacqueline ROTEN\"}}]}<\/script>\n<!-- \/ Yoast SEO plugin. -->","yoast_head_json":{"title":"Die neue j\u00fcdische Szene - Institut Europ\u00e9en des Musiques Juives","robots":{"index":"index","follow":"follow","max-snippet":"max-snippet:-1","max-image-preview":"max-image-preview:large","max-video-preview":"max-video-preview:-1"},"canonical":"https:\/\/www.iemj.org\/de\/la-nouvelle-scene-juive\/","og_locale":"de_DE","og_type":"article","og_title":"Die neue j\u00fcdische Szene - Institut Europ\u00e9en des Musiques Juives","og_description":"Die neue j\u00fcdische Szene ist mit dem Aufkommen der sogenannten Fusionsmusik verbunden. Dieser Term bezeichnet die Vermischung von Musikgenres wie z. B. Rap mit Rockmusik. Rockmusik wird oft als eine","og_url":"https:\/\/www.iemj.org\/de\/la-nouvelle-scene-juive\/","og_site_name":"Institut Europ\u00e9en des Musiques Juives","article_publisher":"https:\/\/www.facebook.com\/MusiquesJuives\/","article_published_time":"2023-07-04T13:47:53+00:00","article_modified_time":"2024-02-15T14:48:01+00:00","og_image":[{"width":500,"height":500,"url":"https:\/\/www.iemj.org\/wp-content\/uploads\/2023\/07\/Logo-playlist-ete-Nlle-Mus.-J.jpg","type":"image\/jpeg"}],"author":"Jacqueline ROTEN","twitter_card":"summary_large_image","twitter_misc":{"Verfasst von":"Jacqueline ROTEN","Gesch\u00e4tzte Lesezeit":"3\u00a0Minuten"},"schema":{"@context":"https:\/\/schema.org","@graph":[{"@type":"Article","@id":"https:\/\/www.iemj.org\/de\/la-nouvelle-scene-juive\/#article","isPartOf":{"@id":"https:\/\/www.iemj.org\/de\/la-nouvelle-scene-juive\/"},"author":{"name":"Jacqueline ROTEN","@id":"https:\/\/www.iemj.org\/de\/#\/schema\/person\/358e26c18aca017fcc4cc15437f7279c"},"headline":"Die neue j\u00fcdische Szene","datePublished":"2023-07-04T13:47:53+00:00","dateModified":"2024-02-15T14:48:01+00:00","mainEntityOfPage":{"@id":"https:\/\/www.iemj.org\/de\/la-nouvelle-scene-juive\/"},"wordCount":357,"publisher":{"@id":"https:\/\/www.iemj.org\/de\/#organization"},"image":{"@id":"https:\/\/www.iemj.org\/de\/la-nouvelle-scene-juive\/#primaryimage"},"thumbnailUrl":"https:\/\/www.iemj.org\/wp-content\/uploads\/2023\/07\/Logo-playlist-ete-Nlle-Mus.-J.jpg","articleSection":["Playlists"],"inLanguage":"de"},{"@type":"WebPage","@id":"https:\/\/www.iemj.org\/de\/la-nouvelle-scene-juive\/","url":"https:\/\/www.iemj.org\/de\/la-nouvelle-scene-juive\/","name":"Die neue j\u00fcdische Szene - Institut Europ\u00e9en des Musiques Juives","isPartOf":{"@id":"https:\/\/www.iemj.org\/de\/#website"},"primaryImageOfPage":{"@id":"https:\/\/www.iemj.org\/de\/la-nouvelle-scene-juive\/#primaryimage"},"image":{"@id":"https:\/\/www.iemj.org\/de\/la-nouvelle-scene-juive\/#primaryimage"},"thumbnailUrl":"https:\/\/www.iemj.org\/wp-content\/uploads\/2023\/07\/Logo-playlist-ete-Nlle-Mus.-J.jpg","datePublished":"2023-07-04T13:47:53+00:00","dateModified":"2024-02-15T14:48:01+00:00","breadcrumb":{"@id":"https:\/\/www.iemj.org\/de\/la-nouvelle-scene-juive\/#breadcrumb"},"inLanguage":"de","potentialAction":[{"@type":"ReadAction","target":["https:\/\/www.iemj.org\/de\/la-nouvelle-scene-juive\/"]}]},{"@type":"ImageObject","inLanguage":"de","@id":"https:\/\/www.iemj.org\/de\/la-nouvelle-scene-juive\/#primaryimage","url":"https:\/\/www.iemj.org\/wp-content\/uploads\/2023\/07\/Logo-playlist-ete-Nlle-Mus.-J.jpg","contentUrl":"https:\/\/www.iemj.org\/wp-content\/uploads\/2023\/07\/Logo-playlist-ete-Nlle-Mus.-J.jpg","width":500,"height":500},{"@type":"BreadcrumbList","@id":"https:\/\/www.iemj.org\/de\/la-nouvelle-scene-juive\/#breadcrumb","itemListElement":[{"@type":"ListItem","position":1,"name":"Accueil","item":"https:\/\/www.iemj.org\/de\/"},{"@type":"ListItem","position":2,"name":"Die neue j\u00fcdische Szene"}]},{"@type":"WebSite","@id":"https:\/\/www.iemj.org\/de\/#website","url":"https:\/\/www.iemj.org\/de\/","name":"Institut Europ\u00e9en des Musiques Juives","description":"Des traditions musicales \u00e0 la port\u00e9e de tous","publisher":{"@id":"https:\/\/www.iemj.org\/de\/#organization"},"potentialAction":[{"@type":"SearchAction","target":{"@type":"EntryPoint","urlTemplate":"https:\/\/www.iemj.org\/de\/?s={search_term_string}"},"query-input":{"@type":"PropertyValueSpecification","valueRequired":true,"valueName":"search_term_string"}}],"inLanguage":"de"},{"@type":"Organization","@id":"https:\/\/www.iemj.org\/de\/#organization","name":"Institut Europ\u00e9en des Musiques Juives","url":"https:\/\/www.iemj.org\/de\/","logo":{"@type":"ImageObject","inLanguage":"de","@id":"https:\/\/www.iemj.org\/de\/#\/schema\/logo\/image\/","url":"https:\/\/www.iemj.org\/wp-content\/uploads\/2021\/09\/Logo-IEMJ-Paypal.jpg","contentUrl":"https:\/\/www.iemj.org\/wp-content\/uploads\/2021\/09\/Logo-IEMJ-Paypal.jpg","width":150,"height":50,"caption":"Institut Europ\u00e9en des Musiques Juives"},"image":{"@id":"https:\/\/www.iemj.org\/de\/#\/schema\/logo\/image\/"},"sameAs":["https:\/\/www.facebook.com\/MusiquesJuives\/","https:\/\/www.instagram.com\/musiquesjuives\/","https:\/\/www.youtube.com\/user\/musiquesjuives"]},{"@type":"Person","@id":"https:\/\/www.iemj.org\/de\/#\/schema\/person\/358e26c18aca017fcc4cc15437f7279c","name":"Jacqueline ROTEN","image":{"@type":"ImageObject","inLanguage":"de","@id":"https:\/\/secure.gravatar.com\/avatar\/5964256d6c6957de3a3505278957e0fb2a35119ac47ea41827a65301213c810b?s=96&d=mm&r=g","url":"https:\/\/secure.gravatar.com\/avatar\/5964256d6c6957de3a3505278957e0fb2a35119ac47ea41827a65301213c810b?s=96&d=mm&r=g","contentUrl":"https:\/\/secure.gravatar.com\/avatar\/5964256d6c6957de3a3505278957e0fb2a35119ac47ea41827a65301213c810b?s=96&d=mm&r=g","caption":"Jacqueline ROTEN"}}]}},"_links":{"self":[{"href":"https:\/\/www.iemj.org\/de\/wp-json\/wp\/v2\/posts\/99348","targetHints":{"allow":["GET"]}}],"collection":[{"href":"https:\/\/www.iemj.org\/de\/wp-json\/wp\/v2\/posts"}],"about":[{"href":"https:\/\/www.iemj.org\/de\/wp-json\/wp\/v2\/types\/post"}],"author":[{"embeddable":true,"href":"https:\/\/www.iemj.org\/de\/wp-json\/wp\/v2\/users\/5"}],"replies":[{"embeddable":true,"href":"https:\/\/www.iemj.org\/de\/wp-json\/wp\/v2\/comments?post=99348"}],"version-history":[{"count":0,"href":"https:\/\/www.iemj.org\/de\/wp-json\/wp\/v2\/posts\/99348\/revisions"}],"wp:featuredmedia":[{"embeddable":true,"href":"https:\/\/www.iemj.org\/de\/wp-json\/wp\/v2\/media\/99290"}],"wp:attachment":[{"href":"https:\/\/www.iemj.org\/de\/wp-json\/wp\/v2\/media?parent=99348"}],"wp:term":[{"taxonomy":"category","embeddable":true,"href":"https:\/\/www.iemj.org\/de\/wp-json\/wp\/v2\/categories?post=99348"},{"taxonomy":"post_tag","embeddable":true,"href":"https:\/\/www.iemj.org\/de\/wp-json\/wp\/v2\/tags?post=99348"},{"taxonomy":"technique","embeddable":true,"href":"https:\/\/www.iemj.org\/de\/wp-json\/wp\/v2\/technique?post=99348"},{"taxonomy":"squelettes","embeddable":true,"href":"https:\/\/www.iemj.org\/de\/wp-json\/wp\/v2\/squelettes?post=99348"},{"taxonomy":"sujet","embeddable":true,"href":"https:\/\/www.iemj.org\/de\/wp-json\/wp\/v2\/sujet?post=99348"},{"taxonomy":"formation","embeddable":true,"href":"https:\/\/www.iemj.org\/de\/wp-json\/wp\/v2\/formation?post=99348"},{"taxonomy":"genre","embeddable":true,"href":"https:\/\/www.iemj.org\/de\/wp-json\/wp\/v2\/genre?post=99348"},{"taxonomy":"fonds","embeddable":true,"href":"https:\/\/www.iemj.org\/de\/wp-json\/wp\/v2\/fonds?post=99348"},{"taxonomy":"tradition","embeddable":true,"href":"https:\/\/www.iemj.org\/de\/wp-json\/wp\/v2\/tradition?post=99348"},{"taxonomy":"type-de-contenu","embeddable":true,"href":"https:\/\/www.iemj.org\/de\/wp-json\/wp\/v2\/type-de-contenu?post=99348"},{"taxonomy":"interprete-compositeur","embeddable":true,"href":"https:\/\/www.iemj.org\/de\/wp-json\/wp\/v2\/interprete-compositeur?post=99348"},{"taxonomy":"frise","embeddable":true,"href":"https:\/\/www.iemj.org\/de\/wp-json\/wp\/v2\/frise?post=99348"},{"taxonomy":"type-devenement","embeddable":true,"href":"https:\/\/www.iemj.org\/de\/wp-json\/wp\/v2\/type-devenement?post=99348"},{"taxonomy":"tableaux-liens-externes","embeddable":true,"href":"https:\/\/www.iemj.org\/de\/wp-json\/wp\/v2\/tableaux-liens-externes?post=99348"}],"curies":[{"name":"wp","href":"https:\/\/api.w.org\/{rel}","templated":true}]}}