{"id":99608,"date":"2014-09-18T14:00:03","date_gmt":"2014-09-18T12:00:03","guid":{"rendered":"https:\/\/www.iemj.org\/ben-zimet-2\/"},"modified":"2025-10-21T16:17:03","modified_gmt":"2025-10-21T14:17:03","slug":"ben-zimet-2","status":"publish","type":"post","link":"https:\/\/www.iemj.org\/de\/ben-zimet-2\/","title":{"rendered":"Ben Zimet &#8211; Un enfant de la Corr\u00e8ze"},"content":{"rendered":"\n<p>Ben Zimet (Gesang, Erz\u00e4hlung), Nicole Uzan (Gesang), Maurice Delaistier (musikalische Leitung &#8211; Violine, Gitarre, Klavier), Gabi Levasseur (Akkordeon, Klavier).<\/p>\n\n\n\n<!--more-->\n\n\n\n<p>Die CD von Ben Zimets letztem Auftritt mit dem Yiddish Quartet zeichnet die Kindheit des S\u00e4ngers w\u00e4hrend und nach dem Krieg nach und h\u00e4lt die Erinnerung an diejenigen wach, die verschwunden sind. Es entstand aus dem Wunsch heraus, die Jugend von heute f\u00fcr die Vergangenheit zu sensibilisieren und die Ann\u00e4herung zwischen den Religionen zu f\u00f6rdern.<\/p>\n\n\n\n<p>&#8222;Da ist zun\u00e4chst dieses Lied: &#8218;J&#8217;attendrai&#8216; von der unvergesslichen Rina Ketty, das auch siebzig Jahre sp\u00e4ter noch mein Ged\u00e4chtnis verzaubert. Dann die Kanonensch\u00fcsse, der brutale Exodus, die lange Reise bis in die Zone Libre, das schwierige \u00dcberleben mit allen Gefahren. Wieder Exil, diesmal in der Corr\u00e8ze, als die Deutschen die Freie Zone \u00fcberfallen.<\/p>\n\n\n<div class=\"wp-block-image\">\n<figure class=\"alignright is-resized\"><img fetchpriority=\"high\" decoding=\"async\" width=\"300\" height=\"259\" src=\"https:\/\/www.iemj.org\/wp-content\/uploads\/2014\/09\/Ben-Zimet-Correze_COUV4-300x259.jpg\" alt=\"\" class=\"wp-image-38209\" style=\"width:445px;height:auto\" srcset=\"https:\/\/www.iemj.org\/wp-content\/uploads\/2014\/09\/Ben-Zimet-Correze_COUV4-300x259.jpg 300w, https:\/\/www.iemj.org\/wp-content\/uploads\/2014\/09\/Ben-Zimet-Correze_COUV4-768x662.jpg 768w, https:\/\/www.iemj.org\/wp-content\/uploads\/2014\/09\/Ben-Zimet-Correze_COUV4-600x517.jpg 600w, https:\/\/www.iemj.org\/wp-content\/uploads\/2014\/09\/Ben-Zimet-Correze_COUV4.jpg 1000w\" sizes=\"(max-width: 300px) 100vw, 300px\" \/><\/figure>\n<\/div>\n\n\n<p>Schlie\u00dflich das unheimliche Versteckspiel mit den franz\u00f6sischen Beh\u00f6rden, die Kinder, die ohne ihr Wissen bei echten Patrioten versteckt wurden. Dann die Befreiung, die gro\u00dfe Erleichterung, die ebenso gro\u00dfe Traurigkeit \u00fcber den Holocaust, das Exil in Kanada, schlie\u00dflich die R\u00fcckkehr nach Paris, wenn eine Liebe bl\u00fcht, als ob die ganze Welt wieder zu tr\u00e4umen beginnt&#8230;<\/p>\n\n\n\n<p>Und diese Auff\u00fchrung, dieses &#8218;Enfant de la Corr\u00e8ze&#8216;, das gewisserma\u00dfen all die Jahre kr\u00f6nt, die wir damit verbracht haben, unsere verschwundenen, ermordeten Dichter zu besingen, unsere Frauen, unsere Kinder, unsere Gro\u00dfeltern, die vergast und verbrannt wurden, unsere Sprache, die vielleicht verschont blieb&#8230;&#8220;.<\/p>\n\n\n\n<p>Um das Album zu erwerben, siehe die Website von <a href=\"http:\/\/www.mlpmusic.fr\/\">Mlp Music<\/a><\/p>\n\n\n\n<p><a href=\"https:\/\/www.iemj.org\/de\/zimet-ben-1935\/\" target=\"_blank\" rel=\"noopener\">Mehr \u00fcber Ben Zimet erfahren<\/a><\/p>\n\n\n\n<p><a href=\"https:\/\/www.iemj.org\/ben-zimet-de-lombre-a-la-lumiere\/\" target=\"_blank\" rel=\"noopener\">Sich die Radiosendung des IEMJ Ben Zimet &#8211; Vom Schatten zum Licht anh\u00f6ren<\/a><\/p>\n\n\n<div class=\"wp-block-image\">\n<figure class=\"aligncenter size-large\"><img decoding=\"async\" width=\"1024\" height=\"133\" src=\"https:\/\/www.iemj.org\/wp-content\/uploads\/2024\/03\/AUDIO-PLAYER-1024x133.png\" alt=\"\" class=\"wp-image-110610\" srcset=\"https:\/\/www.iemj.org\/wp-content\/uploads\/2024\/03\/AUDIO-PLAYER-1024x133.png 1024w, https:\/\/www.iemj.org\/wp-content\/uploads\/2024\/03\/AUDIO-PLAYER-300x39.png 300w, https:\/\/www.iemj.org\/wp-content\/uploads\/2024\/03\/AUDIO-PLAYER-768x100.png 768w, https:\/\/www.iemj.org\/wp-content\/uploads\/2024\/03\/AUDIO-PLAYER-600x78.png 600w, https:\/\/www.iemj.org\/wp-content\/uploads\/2024\/03\/AUDIO-PLAYER.png 1210w\" sizes=\"(max-width: 1024px) 100vw, 1024px\" \/><\/figure>\n<\/div>\n\n\n<div class=\"wp-block-file\"><a id=\"wp-block-file--media-2d800940-9838-4b77-bb15-8967825bc8e2\" href=\"https:\/\/www.iemj.org\/wp-content\/uploads\/2014\/09\/cd_596_01_ex.mp3\">J&#8217;attendrai (Poterat)<\/a><\/div>\n\n\n\n<div class=\"wp-block-file\"><a id=\"wp-block-file--media-2ab69d7b-f6ff-4e2a-8157-4c2582b85c50\" href=\"https:\/\/www.iemj.org\/wp-content\/uploads\/2014\/09\/cd_596_21_ex.mp3\">Mikomashmalon-chant traditionnel<\/a><\/div>\n\n\n\n<div class=\"wp-block-file\"><a id=\"wp-block-file--media-28f04bbb-149b-4e38-be01-9fadd09b53ef\" href=\"https:\/\/www.iemj.org\/wp-content\/uploads\/2014\/09\/cd_596_12_ex.mp3\">Berceuse: Di Tsvay Blauen Augen<\/a><\/div>\n\n\n\n<div class=\"wp-block-file\"><a id=\"wp-block-file--media-47d1ca7c-14e8-4bbb-b21c-f0d21f5bf528\" href=\"https:\/\/www.iemj.org\/wp-content\/uploads\/2014\/09\/cd_596_08_ex.mp3\">Bay Mir Bistu Schayn<\/a><\/div>\n\n\n\n<div class=\"wp-block-file\"><a id=\"wp-block-file--media-83ad4e1d-b802-4392-bc3b-031c4bf5935e\" href=\"https:\/\/www.iemj.org\/wp-content\/uploads\/2014\/09\/cd_596_02_ex.mp3\">Au Commencement<\/a><\/div>\n","protected":false},"excerpt":{"rendered":"<p>Ben Zimet (Gesang, Erz\u00e4hlung), Nicole Uzan (Gesang), Maurice Delaistier (musikalische Leitung &#8211; Violine, Gitarre, Klavier), Gabi Levasseur (Akkordeon, Klavier).<\/p>\n","protected":false},"author":1050,"featured_media":99609,"comment_status":"closed","ping_status":"closed","sticky":false,"template":"","format":"standard","meta":{"_acf_changed":false,"footnotes":""},"categories":[1571,1561],"tags":[],"technique":[],"squelettes":[],"sujet":[1822],"formation":[],"genre":[1864],"fonds":[],"tradition":[],"type-de-contenu":[],"interprete-compositeur":[3104],"frise":[],"type-devenement":[],"tableaux-liens-externes":[],"class_list":["post-99608","post","type-post","status-publish","format-standard","has-post-thumbnail","hentry","category-cd-de","category-letzte-neuerwerbungen-de","sujet-frankreich-de","genre-yiddish-de","interprete-compositeur-ben-zimet-de"],"acf":[],"yoast_head":"<!-- This site is optimized with the Yoast SEO plugin v27.3 - https:\/\/yoast.com\/product\/yoast-seo-wordpress\/ -->\n<title>Ben Zimet - Un enfant de la Corr\u00e8ze - Institut Europ\u00e9en des Musiques Juives<\/title>\n<meta name=\"robots\" content=\"index, follow, max-snippet:-1, max-image-preview:large, max-video-preview:-1\" \/>\n<link rel=\"canonical\" href=\"https:\/\/www.iemj.org\/de\/ben-zimet-2\/\" \/>\n<meta property=\"og:locale\" content=\"de_DE\" \/>\n<meta property=\"og:type\" content=\"article\" \/>\n<meta property=\"og:title\" content=\"Ben Zimet - Un enfant de la Corr\u00e8ze - Institut Europ\u00e9en des Musiques Juives\" \/>\n<meta property=\"og:description\" content=\"Ben Zimet (Gesang, Erz\u00e4hlung), Nicole Uzan (Gesang), Maurice Delaistier (musikalische Leitung &#8211; Violine, Gitarre, Klavier), Gabi Levasseur (Akkordeon, Klavier).\" \/>\n<meta property=\"og:url\" content=\"https:\/\/www.iemj.org\/de\/ben-zimet-2\/\" \/>\n<meta property=\"og:site_name\" content=\"Institut Europ\u00e9en des Musiques Juives\" \/>\n<meta property=\"article:publisher\" content=\"https:\/\/www.facebook.com\/MusiquesJuives\/\" \/>\n<meta property=\"article:published_time\" content=\"2014-09-18T12:00:03+00:00\" \/>\n<meta property=\"article:modified_time\" content=\"2025-10-21T14:17:03+00:00\" \/>\n<meta property=\"og:image\" content=\"https:\/\/www.iemj.org\/wp-content\/uploads\/2014\/09\/arton918-e1619544377841.jpg\" \/>\n\t<meta property=\"og:image:width\" content=\"350\" \/>\n\t<meta property=\"og:image:height\" content=\"341\" \/>\n\t<meta property=\"og:image:type\" content=\"image\/jpeg\" \/>\n<meta name=\"author\" content=\"ncochin\" \/>\n<meta name=\"twitter:card\" content=\"summary_large_image\" \/>\n<meta name=\"twitter:label1\" content=\"Verfasst von\" \/>\n\t<meta name=\"twitter:data1\" content=\"ncochin\" \/>\n\t<meta name=\"twitter:label2\" content=\"Gesch\u00e4tzte Lesezeit\" \/>\n\t<meta name=\"twitter:data2\" content=\"2\u00a0Minuten\" \/>\n<script type=\"application\/ld+json\" class=\"yoast-schema-graph\">{\"@context\":\"https:\\\/\\\/schema.org\",\"@graph\":[{\"@type\":\"Article\",\"@id\":\"https:\\\/\\\/www.iemj.org\\\/de\\\/ben-zimet-2\\\/#article\",\"isPartOf\":{\"@id\":\"https:\\\/\\\/www.iemj.org\\\/de\\\/ben-zimet-2\\\/\"},\"author\":{\"name\":\"ncochin\",\"@id\":\"https:\\\/\\\/www.iemj.org\\\/de\\\/#\\\/schema\\\/person\\\/f826ad11b0cd58dd99babe0a3fbcb86e\"},\"headline\":\"Ben Zimet &#8211; Un enfant de la Corr\u00e8ze\",\"datePublished\":\"2014-09-18T12:00:03+00:00\",\"dateModified\":\"2025-10-21T14:17:03+00:00\",\"mainEntityOfPage\":{\"@id\":\"https:\\\/\\\/www.iemj.org\\\/de\\\/ben-zimet-2\\\/\"},\"wordCount\":305,\"publisher\":{\"@id\":\"https:\\\/\\\/www.iemj.org\\\/de\\\/#organization\"},\"image\":{\"@id\":\"https:\\\/\\\/www.iemj.org\\\/de\\\/ben-zimet-2\\\/#primaryimage\"},\"thumbnailUrl\":\"https:\\\/\\\/www.iemj.org\\\/wp-content\\\/uploads\\\/2014\\\/09\\\/arton918-e1619544377841.jpg\",\"articleSection\":[\"CD\",\"Letzte Neuerwerbungen\"],\"inLanguage\":\"de\"},{\"@type\":\"WebPage\",\"@id\":\"https:\\\/\\\/www.iemj.org\\\/de\\\/ben-zimet-2\\\/\",\"url\":\"https:\\\/\\\/www.iemj.org\\\/de\\\/ben-zimet-2\\\/\",\"name\":\"Ben Zimet - Un enfant de la Corr\u00e8ze - Institut Europ\u00e9en des Musiques Juives\",\"isPartOf\":{\"@id\":\"https:\\\/\\\/www.iemj.org\\\/de\\\/#website\"},\"primaryImageOfPage\":{\"@id\":\"https:\\\/\\\/www.iemj.org\\\/de\\\/ben-zimet-2\\\/#primaryimage\"},\"image\":{\"@id\":\"https:\\\/\\\/www.iemj.org\\\/de\\\/ben-zimet-2\\\/#primaryimage\"},\"thumbnailUrl\":\"https:\\\/\\\/www.iemj.org\\\/wp-content\\\/uploads\\\/2014\\\/09\\\/arton918-e1619544377841.jpg\",\"datePublished\":\"2014-09-18T12:00:03+00:00\",\"dateModified\":\"2025-10-21T14:17:03+00:00\",\"breadcrumb\":{\"@id\":\"https:\\\/\\\/www.iemj.org\\\/de\\\/ben-zimet-2\\\/#breadcrumb\"},\"inLanguage\":\"de\",\"potentialAction\":[{\"@type\":\"ReadAction\",\"target\":[\"https:\\\/\\\/www.iemj.org\\\/de\\\/ben-zimet-2\\\/\"]}]},{\"@type\":\"ImageObject\",\"inLanguage\":\"de\",\"@id\":\"https:\\\/\\\/www.iemj.org\\\/de\\\/ben-zimet-2\\\/#primaryimage\",\"url\":\"https:\\\/\\\/www.iemj.org\\\/wp-content\\\/uploads\\\/2014\\\/09\\\/arton918-e1619544377841.jpg\",\"contentUrl\":\"https:\\\/\\\/www.iemj.org\\\/wp-content\\\/uploads\\\/2014\\\/09\\\/arton918-e1619544377841.jpg\",\"width\":350,\"height\":341},{\"@type\":\"BreadcrumbList\",\"@id\":\"https:\\\/\\\/www.iemj.org\\\/de\\\/ben-zimet-2\\\/#breadcrumb\",\"itemListElement\":[{\"@type\":\"ListItem\",\"position\":1,\"name\":\"Accueil\",\"item\":\"https:\\\/\\\/www.iemj.org\\\/de\\\/\"},{\"@type\":\"ListItem\",\"position\":2,\"name\":\"Ben Zimet &#8211; Un enfant de la Corr\u00e8ze\"}]},{\"@type\":\"WebSite\",\"@id\":\"https:\\\/\\\/www.iemj.org\\\/de\\\/#website\",\"url\":\"https:\\\/\\\/www.iemj.org\\\/de\\\/\",\"name\":\"Institut Europ\u00e9en des Musiques Juives\",\"description\":\"Des traditions musicales \u00e0 la port\u00e9e de tous\",\"publisher\":{\"@id\":\"https:\\\/\\\/www.iemj.org\\\/de\\\/#organization\"},\"potentialAction\":[{\"@type\":\"SearchAction\",\"target\":{\"@type\":\"EntryPoint\",\"urlTemplate\":\"https:\\\/\\\/www.iemj.org\\\/de\\\/?s={search_term_string}\"},\"query-input\":{\"@type\":\"PropertyValueSpecification\",\"valueRequired\":true,\"valueName\":\"search_term_string\"}}],\"inLanguage\":\"de\"},{\"@type\":\"Organization\",\"@id\":\"https:\\\/\\\/www.iemj.org\\\/de\\\/#organization\",\"name\":\"Institut Europ\u00e9en des Musiques Juives\",\"url\":\"https:\\\/\\\/www.iemj.org\\\/de\\\/\",\"logo\":{\"@type\":\"ImageObject\",\"inLanguage\":\"de\",\"@id\":\"https:\\\/\\\/www.iemj.org\\\/de\\\/#\\\/schema\\\/logo\\\/image\\\/\",\"url\":\"https:\\\/\\\/www.iemj.org\\\/wp-content\\\/uploads\\\/2021\\\/09\\\/Logo-IEMJ-Paypal.jpg\",\"contentUrl\":\"https:\\\/\\\/www.iemj.org\\\/wp-content\\\/uploads\\\/2021\\\/09\\\/Logo-IEMJ-Paypal.jpg\",\"width\":150,\"height\":50,\"caption\":\"Institut Europ\u00e9en des Musiques Juives\"},\"image\":{\"@id\":\"https:\\\/\\\/www.iemj.org\\\/de\\\/#\\\/schema\\\/logo\\\/image\\\/\"},\"sameAs\":[\"https:\\\/\\\/www.facebook.com\\\/MusiquesJuives\\\/\",\"https:\\\/\\\/www.instagram.com\\\/musiquesjuives\\\/\",\"https:\\\/\\\/www.youtube.com\\\/user\\\/musiquesjuives\"]},{\"@type\":\"Person\",\"@id\":\"https:\\\/\\\/www.iemj.org\\\/de\\\/#\\\/schema\\\/person\\\/f826ad11b0cd58dd99babe0a3fbcb86e\",\"name\":\"ncochin\",\"image\":{\"@type\":\"ImageObject\",\"inLanguage\":\"de\",\"@id\":\"https:\\\/\\\/secure.gravatar.com\\\/avatar\\\/4499f551e6a9b8c28bd3132f28d79657b2cb55ff363257726f67e89c95e2a33c?s=96&d=mm&r=g\",\"url\":\"https:\\\/\\\/secure.gravatar.com\\\/avatar\\\/4499f551e6a9b8c28bd3132f28d79657b2cb55ff363257726f67e89c95e2a33c?s=96&d=mm&r=g\",\"contentUrl\":\"https:\\\/\\\/secure.gravatar.com\\\/avatar\\\/4499f551e6a9b8c28bd3132f28d79657b2cb55ff363257726f67e89c95e2a33c?s=96&d=mm&r=g\",\"caption\":\"ncochin\"}}]}<\/script>\n<!-- \/ Yoast SEO plugin. -->","yoast_head_json":{"title":"Ben Zimet - Un enfant de la Corr\u00e8ze - Institut Europ\u00e9en des Musiques Juives","robots":{"index":"index","follow":"follow","max-snippet":"max-snippet:-1","max-image-preview":"max-image-preview:large","max-video-preview":"max-video-preview:-1"},"canonical":"https:\/\/www.iemj.org\/de\/ben-zimet-2\/","og_locale":"de_DE","og_type":"article","og_title":"Ben Zimet - Un enfant de la Corr\u00e8ze - Institut Europ\u00e9en des Musiques Juives","og_description":"Ben Zimet (Gesang, Erz\u00e4hlung), Nicole Uzan (Gesang), Maurice Delaistier (musikalische Leitung &#8211; Violine, Gitarre, Klavier), Gabi Levasseur (Akkordeon, Klavier).","og_url":"https:\/\/www.iemj.org\/de\/ben-zimet-2\/","og_site_name":"Institut Europ\u00e9en des Musiques Juives","article_publisher":"https:\/\/www.facebook.com\/MusiquesJuives\/","article_published_time":"2014-09-18T12:00:03+00:00","article_modified_time":"2025-10-21T14:17:03+00:00","og_image":[{"width":350,"height":341,"url":"https:\/\/www.iemj.org\/wp-content\/uploads\/2014\/09\/arton918-e1619544377841.jpg","type":"image\/jpeg"}],"author":"ncochin","twitter_card":"summary_large_image","twitter_misc":{"Verfasst von":"ncochin","Gesch\u00e4tzte Lesezeit":"2\u00a0Minuten"},"schema":{"@context":"https:\/\/schema.org","@graph":[{"@type":"Article","@id":"https:\/\/www.iemj.org\/de\/ben-zimet-2\/#article","isPartOf":{"@id":"https:\/\/www.iemj.org\/de\/ben-zimet-2\/"},"author":{"name":"ncochin","@id":"https:\/\/www.iemj.org\/de\/#\/schema\/person\/f826ad11b0cd58dd99babe0a3fbcb86e"},"headline":"Ben Zimet &#8211; Un enfant de la Corr\u00e8ze","datePublished":"2014-09-18T12:00:03+00:00","dateModified":"2025-10-21T14:17:03+00:00","mainEntityOfPage":{"@id":"https:\/\/www.iemj.org\/de\/ben-zimet-2\/"},"wordCount":305,"publisher":{"@id":"https:\/\/www.iemj.org\/de\/#organization"},"image":{"@id":"https:\/\/www.iemj.org\/de\/ben-zimet-2\/#primaryimage"},"thumbnailUrl":"https:\/\/www.iemj.org\/wp-content\/uploads\/2014\/09\/arton918-e1619544377841.jpg","articleSection":["CD","Letzte Neuerwerbungen"],"inLanguage":"de"},{"@type":"WebPage","@id":"https:\/\/www.iemj.org\/de\/ben-zimet-2\/","url":"https:\/\/www.iemj.org\/de\/ben-zimet-2\/","name":"Ben Zimet - Un enfant de la Corr\u00e8ze - Institut Europ\u00e9en des Musiques Juives","isPartOf":{"@id":"https:\/\/www.iemj.org\/de\/#website"},"primaryImageOfPage":{"@id":"https:\/\/www.iemj.org\/de\/ben-zimet-2\/#primaryimage"},"image":{"@id":"https:\/\/www.iemj.org\/de\/ben-zimet-2\/#primaryimage"},"thumbnailUrl":"https:\/\/www.iemj.org\/wp-content\/uploads\/2014\/09\/arton918-e1619544377841.jpg","datePublished":"2014-09-18T12:00:03+00:00","dateModified":"2025-10-21T14:17:03+00:00","breadcrumb":{"@id":"https:\/\/www.iemj.org\/de\/ben-zimet-2\/#breadcrumb"},"inLanguage":"de","potentialAction":[{"@type":"ReadAction","target":["https:\/\/www.iemj.org\/de\/ben-zimet-2\/"]}]},{"@type":"ImageObject","inLanguage":"de","@id":"https:\/\/www.iemj.org\/de\/ben-zimet-2\/#primaryimage","url":"https:\/\/www.iemj.org\/wp-content\/uploads\/2014\/09\/arton918-e1619544377841.jpg","contentUrl":"https:\/\/www.iemj.org\/wp-content\/uploads\/2014\/09\/arton918-e1619544377841.jpg","width":350,"height":341},{"@type":"BreadcrumbList","@id":"https:\/\/www.iemj.org\/de\/ben-zimet-2\/#breadcrumb","itemListElement":[{"@type":"ListItem","position":1,"name":"Accueil","item":"https:\/\/www.iemj.org\/de\/"},{"@type":"ListItem","position":2,"name":"Ben Zimet &#8211; Un enfant de la Corr\u00e8ze"}]},{"@type":"WebSite","@id":"https:\/\/www.iemj.org\/de\/#website","url":"https:\/\/www.iemj.org\/de\/","name":"Institut Europ\u00e9en des Musiques Juives","description":"Des traditions musicales \u00e0 la port\u00e9e de tous","publisher":{"@id":"https:\/\/www.iemj.org\/de\/#organization"},"potentialAction":[{"@type":"SearchAction","target":{"@type":"EntryPoint","urlTemplate":"https:\/\/www.iemj.org\/de\/?s={search_term_string}"},"query-input":{"@type":"PropertyValueSpecification","valueRequired":true,"valueName":"search_term_string"}}],"inLanguage":"de"},{"@type":"Organization","@id":"https:\/\/www.iemj.org\/de\/#organization","name":"Institut Europ\u00e9en des Musiques Juives","url":"https:\/\/www.iemj.org\/de\/","logo":{"@type":"ImageObject","inLanguage":"de","@id":"https:\/\/www.iemj.org\/de\/#\/schema\/logo\/image\/","url":"https:\/\/www.iemj.org\/wp-content\/uploads\/2021\/09\/Logo-IEMJ-Paypal.jpg","contentUrl":"https:\/\/www.iemj.org\/wp-content\/uploads\/2021\/09\/Logo-IEMJ-Paypal.jpg","width":150,"height":50,"caption":"Institut Europ\u00e9en des Musiques Juives"},"image":{"@id":"https:\/\/www.iemj.org\/de\/#\/schema\/logo\/image\/"},"sameAs":["https:\/\/www.facebook.com\/MusiquesJuives\/","https:\/\/www.instagram.com\/musiquesjuives\/","https:\/\/www.youtube.com\/user\/musiquesjuives"]},{"@type":"Person","@id":"https:\/\/www.iemj.org\/de\/#\/schema\/person\/f826ad11b0cd58dd99babe0a3fbcb86e","name":"ncochin","image":{"@type":"ImageObject","inLanguage":"de","@id":"https:\/\/secure.gravatar.com\/avatar\/4499f551e6a9b8c28bd3132f28d79657b2cb55ff363257726f67e89c95e2a33c?s=96&d=mm&r=g","url":"https:\/\/secure.gravatar.com\/avatar\/4499f551e6a9b8c28bd3132f28d79657b2cb55ff363257726f67e89c95e2a33c?s=96&d=mm&r=g","contentUrl":"https:\/\/secure.gravatar.com\/avatar\/4499f551e6a9b8c28bd3132f28d79657b2cb55ff363257726f67e89c95e2a33c?s=96&d=mm&r=g","caption":"ncochin"}}]}},"_links":{"self":[{"href":"https:\/\/www.iemj.org\/de\/wp-json\/wp\/v2\/posts\/99608","targetHints":{"allow":["GET"]}}],"collection":[{"href":"https:\/\/www.iemj.org\/de\/wp-json\/wp\/v2\/posts"}],"about":[{"href":"https:\/\/www.iemj.org\/de\/wp-json\/wp\/v2\/types\/post"}],"author":[{"embeddable":true,"href":"https:\/\/www.iemj.org\/de\/wp-json\/wp\/v2\/users\/1050"}],"replies":[{"embeddable":true,"href":"https:\/\/www.iemj.org\/de\/wp-json\/wp\/v2\/comments?post=99608"}],"version-history":[{"count":1,"href":"https:\/\/www.iemj.org\/de\/wp-json\/wp\/v2\/posts\/99608\/revisions"}],"predecessor-version":[{"id":127570,"href":"https:\/\/www.iemj.org\/de\/wp-json\/wp\/v2\/posts\/99608\/revisions\/127570"}],"wp:featuredmedia":[{"embeddable":true,"href":"https:\/\/www.iemj.org\/de\/wp-json\/wp\/v2\/media\/99609"}],"wp:attachment":[{"href":"https:\/\/www.iemj.org\/de\/wp-json\/wp\/v2\/media?parent=99608"}],"wp:term":[{"taxonomy":"category","embeddable":true,"href":"https:\/\/www.iemj.org\/de\/wp-json\/wp\/v2\/categories?post=99608"},{"taxonomy":"post_tag","embeddable":true,"href":"https:\/\/www.iemj.org\/de\/wp-json\/wp\/v2\/tags?post=99608"},{"taxonomy":"technique","embeddable":true,"href":"https:\/\/www.iemj.org\/de\/wp-json\/wp\/v2\/technique?post=99608"},{"taxonomy":"squelettes","embeddable":true,"href":"https:\/\/www.iemj.org\/de\/wp-json\/wp\/v2\/squelettes?post=99608"},{"taxonomy":"sujet","embeddable":true,"href":"https:\/\/www.iemj.org\/de\/wp-json\/wp\/v2\/sujet?post=99608"},{"taxonomy":"formation","embeddable":true,"href":"https:\/\/www.iemj.org\/de\/wp-json\/wp\/v2\/formation?post=99608"},{"taxonomy":"genre","embeddable":true,"href":"https:\/\/www.iemj.org\/de\/wp-json\/wp\/v2\/genre?post=99608"},{"taxonomy":"fonds","embeddable":true,"href":"https:\/\/www.iemj.org\/de\/wp-json\/wp\/v2\/fonds?post=99608"},{"taxonomy":"tradition","embeddable":true,"href":"https:\/\/www.iemj.org\/de\/wp-json\/wp\/v2\/tradition?post=99608"},{"taxonomy":"type-de-contenu","embeddable":true,"href":"https:\/\/www.iemj.org\/de\/wp-json\/wp\/v2\/type-de-contenu?post=99608"},{"taxonomy":"interprete-compositeur","embeddable":true,"href":"https:\/\/www.iemj.org\/de\/wp-json\/wp\/v2\/interprete-compositeur?post=99608"},{"taxonomy":"frise","embeddable":true,"href":"https:\/\/www.iemj.org\/de\/wp-json\/wp\/v2\/frise?post=99608"},{"taxonomy":"type-devenement","embeddable":true,"href":"https:\/\/www.iemj.org\/de\/wp-json\/wp\/v2\/type-devenement?post=99608"},{"taxonomy":"tableaux-liens-externes","embeddable":true,"href":"https:\/\/www.iemj.org\/de\/wp-json\/wp\/v2\/tableaux-liens-externes?post=99608"}],"curies":[{"name":"wp","href":"https:\/\/api.w.org\/{rel}","templated":true}]}}