{"id":99792,"date":"2014-03-12T15:27:21","date_gmt":"2014-03-12T14:27:21","guid":{"rendered":"https:\/\/www.iemj.org\/oran-oran\/"},"modified":"2024-03-26T17:52:21","modified_gmt":"2024-03-26T16:52:21","slug":"oran-oran","status":"publish","type":"post","link":"https:\/\/www.iemj.org\/de\/oran-oran\/","title":{"rendered":"Maurice El Medioni &#8211; Oran Oran"},"content":{"rendered":"<p class=\"post_excerpt\">Buda Musique, 2013<\/p>\n<p><!--more-->Seit seiner fr\u00fchesten Kindheit lebt <a href=\"https:\/\/fr.wikipedia.org\/wiki\/Maurice_El_M%C3%A9dioni\" target=\"_blank\" rel=\"noopener\">Maurice El Medioni<\/a> mit der Musik. In der Rue de la R\u00e9volution in Oran, im Familiencaf\u00e9, das von seinem Onkel Saoud El Medioni, einem ber\u00fchmten Musiker, der unter dem Namen Saoud l&#8217;Oranais bekannt ist, betrieben wird, verkehrt Maurice el Medioni mit den begabtesten Musikern der arabisch-andalusischen Tradition.<\/p>\n<p>Im Alter von neun Jahren begann er mit dem Klavier, einem Instrument, das ihm sein \u00e4lterer Bruder geschenkt hatte. Er spielte nach Geh\u00f6r und \u00fcbte mit Leidenschaft und Eklektizismus. Nach der Landung der Alliierten in Algerien ermutigte ihn die amerikanische Pr\u00e4senz, seine Zuh\u00f6rerschaft zu erweitern und sein Repertoire zu bereichern. Der Teenager trat in Bars und Clubs auf, die von Soldaten besucht wurden, und spielte dort patriotische amerikanische Melodien, Rumba, Boogie-Woogie und Jazz.<\/p>\n<p>Der \u00fcberschw\u00e4ngliche und gro\u00dfz\u00fcgige Maurice El Medioni nimmt die zahlreichen bekannten und weniger bekannten j\u00fcdischen und arabischen Mitglieder seiner musikalischen Welt in seine Familie auf: Lili Labassi, Line Monty, Blond-Blond, Reinette l&#8217;Oranaise&#8230;<\/p>\n<p>Parallel dazu \u00fcbte er den Beruf aus, f\u00fcr den er ausgebildet worden war: Schneider. 42 Jahre lang, zun\u00e4chst in Oran, dann in Paris, wo er 1962 ankam, und schlie\u00dflich 1967 in Marseille, f\u00fchrte Maurice El Medioni seine beiden T\u00e4tigkeiten gleichzeitig aus.<\/p>\n<p>Diese beiden CDs sind eine Wiedergabe des Konzerts von Maurice El Medioni, das er am 27. Januar 2013 im Mus\u00e9e d&#8217;Art et d&#8217;Histoire du Juda\u00efsme in Paris gegeben hat, ohne Bearbeitung oder &#8222;Trickserei&#8220;. Mehr als zwei Stunden Live-Musik, perfekt und magisch, im Alter von&#8230; 84 Jahren!<\/p>\n\n\n<div class=\"wp-block-columns is-layout-flex wp-container-core-columns-is-layout-9d6595d7 wp-block-columns-is-layout-flex\">\n<div class=\"wp-block-column is-layout-flow wp-block-column-is-layout-flow\">\n<p>CD 1 :<\/p>\n\n\n\n<ol class=\"wp-block-list\">\n<li>Sahli Medio<\/li>\n\n\n\n<li>Touchia Remel Amya<\/li>\n\n\n\n<li>Bienvenus + Abiadi<\/li>\n\n\n\n<li>Pot-pourri Lili Boniche<\/li>\n\n\n\n<li>Hommage \u00e0 Line Monty : Ahma Ouasahla<\/li>\n\n\n\n<li>Samai Andalou<\/li>\n\n\n\n<li>Hommage \u00e0 Blond Blond et Lili Labassi<\/li>\n\n\n\n<li>Comme tu as chang\u00e9<\/li>\n\n\n\n<li>Hommage \u00e0 Salim Halali : Dor Beha<\/li>\n\n\n\n<li>Oran-Oran<\/li>\n<\/ol>\n<\/div>\n\n\n\n<div class=\"wp-block-column is-layout-flow wp-block-column-is-layout-flow\">\n<p>CD 2 :<\/p>\n\n\n\n<ol class=\"wp-block-list\">\n<li>Julita<\/li>\n\n\n\n<li>Ya Lalla Moulati<\/li>\n\n\n\n<li>Ay qu\u2019est-ce que tu as chang\u00e9<\/li>\n\n\n\n<li>Et moi Ouana<\/li>\n\n\n\n<li>Rue de la R\u00e9volution<\/li>\n\n\n\n<li>Pot-pourri de Reinette l\u2019Oranaise<\/li>\n\n\n\n<li>Hommage \u00e0 Line Monty : Khdaatini<\/li>\n\n\n\n<li>Hommage \u00e0 Line Monty : Ana N\u2019habek<\/li>\n\n\n\n<li>Hommage \u00e0 Line Monty : Chante ma guitare<\/li>\n<\/ol>\n<\/div>\n<\/div>\n\n\n\n<figure class=\"wp-block-embed is-type-video is-provider-youtube wp-block-embed-youtube wp-embed-aspect-16-9 wp-has-aspect-ratio\"><div class=\"wp-block-embed__wrapper\">\n<iframe title=\"Maurice el Medioni Oran Oran live  2013\" width=\"640\" height=\"360\" src=\"https:\/\/www.youtube.com\/embed\/BFBLG9xZVhA?feature=oembed\" frameborder=\"0\" allow=\"accelerometer; autoplay; clipboard-write; encrypted-media; gyroscope; picture-in-picture; web-share\" referrerpolicy=\"strict-origin-when-cross-origin\" allowfullscreen><\/iframe>\n<\/div><\/figure>\n\n\n\n<div class=\"wp-block-columns is-layout-flex wp-container-core-columns-is-layout-9d6595d7 wp-block-columns-is-layout-flex\">\n<div class=\"wp-block-column is-layout-flow wp-block-column-is-layout-flow\"><div class=\"wp-block-image\">\n<figure class=\"aligncenter size-large\"><img fetchpriority=\"high\" decoding=\"async\" width=\"1024\" height=\"133\" src=\"https:\/\/www.iemj.org\/wp-content\/uploads\/2024\/03\/AUDIO-PLAYER-1024x133.png\" alt=\"\" class=\"wp-image-110606\" srcset=\"https:\/\/www.iemj.org\/wp-content\/uploads\/2024\/03\/AUDIO-PLAYER-1024x133.png 1024w, https:\/\/www.iemj.org\/wp-content\/uploads\/2024\/03\/AUDIO-PLAYER-300x39.png 300w, https:\/\/www.iemj.org\/wp-content\/uploads\/2024\/03\/AUDIO-PLAYER-768x100.png 768w, https:\/\/www.iemj.org\/wp-content\/uploads\/2024\/03\/AUDIO-PLAYER-600x78.png 600w, https:\/\/www.iemj.org\/wp-content\/uploads\/2024\/03\/AUDIO-PLAYER.png 1210w\" sizes=\"(max-width: 1024px) 100vw, 1024px\" \/><\/figure>\n<\/div><\/div>\n<\/div>\n","protected":false},"excerpt":{"rendered":"<p>Buda Musique, 2013<\/p>\n","protected":false},"author":1050,"featured_media":99794,"comment_status":"closed","ping_status":"open","sticky":false,"template":"","format":"standard","meta":{"_acf_changed":false,"footnotes":""},"categories":[1571,1561],"tags":[],"technique":[],"squelettes":[],"sujet":[],"formation":[],"genre":[],"fonds":[],"tradition":[],"type-de-contenu":[],"interprete-compositeur":[3261],"frise":[],"type-devenement":[],"tableaux-liens-externes":[],"class_list":["post-99792","post","type-post","status-publish","format-standard","has-post-thumbnail","hentry","category-cd-de","category-letzte-neuerwerbungen-de","interprete-compositeur-maurice-el-medioni-de"],"acf":[],"yoast_head":"<!-- This site is optimized with the Yoast SEO plugin v27.3 - https:\/\/yoast.com\/product\/yoast-seo-wordpress\/ -->\n<title>Maurice El Medioni - Oran Oran - Institut Europ\u00e9en des Musiques Juives<\/title>\n<meta name=\"robots\" content=\"index, follow, max-snippet:-1, max-image-preview:large, max-video-preview:-1\" \/>\n<link rel=\"canonical\" href=\"https:\/\/www.iemj.org\/de\/oran-oran\/\" \/>\n<meta property=\"og:locale\" content=\"de_DE\" \/>\n<meta property=\"og:type\" content=\"article\" \/>\n<meta property=\"og:title\" content=\"Maurice El Medioni - Oran Oran - Institut Europ\u00e9en des Musiques Juives\" \/>\n<meta property=\"og:description\" content=\"Buda Musique, 2013\" \/>\n<meta property=\"og:url\" content=\"https:\/\/www.iemj.org\/de\/oran-oran\/\" \/>\n<meta property=\"og:site_name\" content=\"Institut Europ\u00e9en des Musiques Juives\" \/>\n<meta property=\"article:publisher\" content=\"https:\/\/www.facebook.com\/MusiquesJuives\/\" \/>\n<meta property=\"article:published_time\" content=\"2014-03-12T14:27:21+00:00\" \/>\n<meta property=\"article:modified_time\" content=\"2024-03-26T16:52:21+00:00\" \/>\n<meta property=\"og:image\" content=\"https:\/\/www.iemj.org\/wp-content\/uploads\/2014\/03\/arton865-e1619597123975.jpg\" \/>\n\t<meta property=\"og:image:width\" content=\"350\" \/>\n\t<meta property=\"og:image:height\" content=\"346\" \/>\n\t<meta property=\"og:image:type\" content=\"image\/jpeg\" \/>\n<meta name=\"author\" content=\"ncochin\" \/>\n<meta name=\"twitter:card\" content=\"summary_large_image\" \/>\n<meta name=\"twitter:label1\" content=\"Verfasst von\" \/>\n\t<meta name=\"twitter:data1\" content=\"ncochin\" \/>\n\t<meta name=\"twitter:label2\" content=\"Gesch\u00e4tzte Lesezeit\" \/>\n\t<meta name=\"twitter:data2\" content=\"3\u00a0Minuten\" \/>\n<script type=\"application\/ld+json\" class=\"yoast-schema-graph\">{\"@context\":\"https:\\\/\\\/schema.org\",\"@graph\":[{\"@type\":\"Article\",\"@id\":\"https:\\\/\\\/www.iemj.org\\\/de\\\/oran-oran\\\/#article\",\"isPartOf\":{\"@id\":\"https:\\\/\\\/www.iemj.org\\\/de\\\/oran-oran\\\/\"},\"author\":{\"name\":\"ncochin\",\"@id\":\"https:\\\/\\\/www.iemj.org\\\/de\\\/#\\\/schema\\\/person\\\/f826ad11b0cd58dd99babe0a3fbcb86e\"},\"headline\":\"Maurice El Medioni &#8211; Oran Oran\",\"datePublished\":\"2014-03-12T14:27:21+00:00\",\"dateModified\":\"2024-03-26T16:52:21+00:00\",\"mainEntityOfPage\":{\"@id\":\"https:\\\/\\\/www.iemj.org\\\/de\\\/oran-oran\\\/\"},\"wordCount\":347,\"publisher\":{\"@id\":\"https:\\\/\\\/www.iemj.org\\\/de\\\/#organization\"},\"image\":{\"@id\":\"https:\\\/\\\/www.iemj.org\\\/de\\\/oran-oran\\\/#primaryimage\"},\"thumbnailUrl\":\"https:\\\/\\\/www.iemj.org\\\/wp-content\\\/uploads\\\/2014\\\/03\\\/arton865-e1619597123975.jpg\",\"articleSection\":[\"CD\",\"Letzte Neuerwerbungen\"],\"inLanguage\":\"de\"},{\"@type\":\"WebPage\",\"@id\":\"https:\\\/\\\/www.iemj.org\\\/de\\\/oran-oran\\\/\",\"url\":\"https:\\\/\\\/www.iemj.org\\\/de\\\/oran-oran\\\/\",\"name\":\"Maurice El Medioni - Oran Oran - Institut Europ\u00e9en des Musiques Juives\",\"isPartOf\":{\"@id\":\"https:\\\/\\\/www.iemj.org\\\/de\\\/#website\"},\"primaryImageOfPage\":{\"@id\":\"https:\\\/\\\/www.iemj.org\\\/de\\\/oran-oran\\\/#primaryimage\"},\"image\":{\"@id\":\"https:\\\/\\\/www.iemj.org\\\/de\\\/oran-oran\\\/#primaryimage\"},\"thumbnailUrl\":\"https:\\\/\\\/www.iemj.org\\\/wp-content\\\/uploads\\\/2014\\\/03\\\/arton865-e1619597123975.jpg\",\"datePublished\":\"2014-03-12T14:27:21+00:00\",\"dateModified\":\"2024-03-26T16:52:21+00:00\",\"breadcrumb\":{\"@id\":\"https:\\\/\\\/www.iemj.org\\\/de\\\/oran-oran\\\/#breadcrumb\"},\"inLanguage\":\"de\",\"potentialAction\":[{\"@type\":\"ReadAction\",\"target\":[\"https:\\\/\\\/www.iemj.org\\\/de\\\/oran-oran\\\/\"]}]},{\"@type\":\"ImageObject\",\"inLanguage\":\"de\",\"@id\":\"https:\\\/\\\/www.iemj.org\\\/de\\\/oran-oran\\\/#primaryimage\",\"url\":\"https:\\\/\\\/www.iemj.org\\\/wp-content\\\/uploads\\\/2014\\\/03\\\/arton865-e1619597123975.jpg\",\"contentUrl\":\"https:\\\/\\\/www.iemj.org\\\/wp-content\\\/uploads\\\/2014\\\/03\\\/arton865-e1619597123975.jpg\",\"width\":350,\"height\":346},{\"@type\":\"BreadcrumbList\",\"@id\":\"https:\\\/\\\/www.iemj.org\\\/de\\\/oran-oran\\\/#breadcrumb\",\"itemListElement\":[{\"@type\":\"ListItem\",\"position\":1,\"name\":\"Accueil\",\"item\":\"https:\\\/\\\/www.iemj.org\\\/de\\\/\"},{\"@type\":\"ListItem\",\"position\":2,\"name\":\"Maurice El Medioni &#8211; Oran Oran\"}]},{\"@type\":\"WebSite\",\"@id\":\"https:\\\/\\\/www.iemj.org\\\/de\\\/#website\",\"url\":\"https:\\\/\\\/www.iemj.org\\\/de\\\/\",\"name\":\"Institut Europ\u00e9en des Musiques Juives\",\"description\":\"Des traditions musicales \u00e0 la port\u00e9e de tous\",\"publisher\":{\"@id\":\"https:\\\/\\\/www.iemj.org\\\/de\\\/#organization\"},\"potentialAction\":[{\"@type\":\"SearchAction\",\"target\":{\"@type\":\"EntryPoint\",\"urlTemplate\":\"https:\\\/\\\/www.iemj.org\\\/de\\\/?s={search_term_string}\"},\"query-input\":{\"@type\":\"PropertyValueSpecification\",\"valueRequired\":true,\"valueName\":\"search_term_string\"}}],\"inLanguage\":\"de\"},{\"@type\":\"Organization\",\"@id\":\"https:\\\/\\\/www.iemj.org\\\/de\\\/#organization\",\"name\":\"Institut Europ\u00e9en des Musiques Juives\",\"url\":\"https:\\\/\\\/www.iemj.org\\\/de\\\/\",\"logo\":{\"@type\":\"ImageObject\",\"inLanguage\":\"de\",\"@id\":\"https:\\\/\\\/www.iemj.org\\\/de\\\/#\\\/schema\\\/logo\\\/image\\\/\",\"url\":\"https:\\\/\\\/www.iemj.org\\\/wp-content\\\/uploads\\\/2021\\\/09\\\/Logo-IEMJ-Paypal.jpg\",\"contentUrl\":\"https:\\\/\\\/www.iemj.org\\\/wp-content\\\/uploads\\\/2021\\\/09\\\/Logo-IEMJ-Paypal.jpg\",\"width\":150,\"height\":50,\"caption\":\"Institut Europ\u00e9en des Musiques Juives\"},\"image\":{\"@id\":\"https:\\\/\\\/www.iemj.org\\\/de\\\/#\\\/schema\\\/logo\\\/image\\\/\"},\"sameAs\":[\"https:\\\/\\\/www.facebook.com\\\/MusiquesJuives\\\/\",\"https:\\\/\\\/www.instagram.com\\\/musiquesjuives\\\/\",\"https:\\\/\\\/www.youtube.com\\\/user\\\/musiquesjuives\"]},{\"@type\":\"Person\",\"@id\":\"https:\\\/\\\/www.iemj.org\\\/de\\\/#\\\/schema\\\/person\\\/f826ad11b0cd58dd99babe0a3fbcb86e\",\"name\":\"ncochin\",\"image\":{\"@type\":\"ImageObject\",\"inLanguage\":\"de\",\"@id\":\"https:\\\/\\\/secure.gravatar.com\\\/avatar\\\/4499f551e6a9b8c28bd3132f28d79657b2cb55ff363257726f67e89c95e2a33c?s=96&d=mm&r=g\",\"url\":\"https:\\\/\\\/secure.gravatar.com\\\/avatar\\\/4499f551e6a9b8c28bd3132f28d79657b2cb55ff363257726f67e89c95e2a33c?s=96&d=mm&r=g\",\"contentUrl\":\"https:\\\/\\\/secure.gravatar.com\\\/avatar\\\/4499f551e6a9b8c28bd3132f28d79657b2cb55ff363257726f67e89c95e2a33c?s=96&d=mm&r=g\",\"caption\":\"ncochin\"}}]}<\/script>\n<!-- \/ Yoast SEO plugin. -->","yoast_head_json":{"title":"Maurice El Medioni - Oran Oran - Institut Europ\u00e9en des Musiques Juives","robots":{"index":"index","follow":"follow","max-snippet":"max-snippet:-1","max-image-preview":"max-image-preview:large","max-video-preview":"max-video-preview:-1"},"canonical":"https:\/\/www.iemj.org\/de\/oran-oran\/","og_locale":"de_DE","og_type":"article","og_title":"Maurice El Medioni - Oran Oran - Institut Europ\u00e9en des Musiques Juives","og_description":"Buda Musique, 2013","og_url":"https:\/\/www.iemj.org\/de\/oran-oran\/","og_site_name":"Institut Europ\u00e9en des Musiques Juives","article_publisher":"https:\/\/www.facebook.com\/MusiquesJuives\/","article_published_time":"2014-03-12T14:27:21+00:00","article_modified_time":"2024-03-26T16:52:21+00:00","og_image":[{"width":350,"height":346,"url":"https:\/\/www.iemj.org\/wp-content\/uploads\/2014\/03\/arton865-e1619597123975.jpg","type":"image\/jpeg"}],"author":"ncochin","twitter_card":"summary_large_image","twitter_misc":{"Verfasst von":"ncochin","Gesch\u00e4tzte Lesezeit":"3\u00a0Minuten"},"schema":{"@context":"https:\/\/schema.org","@graph":[{"@type":"Article","@id":"https:\/\/www.iemj.org\/de\/oran-oran\/#article","isPartOf":{"@id":"https:\/\/www.iemj.org\/de\/oran-oran\/"},"author":{"name":"ncochin","@id":"https:\/\/www.iemj.org\/de\/#\/schema\/person\/f826ad11b0cd58dd99babe0a3fbcb86e"},"headline":"Maurice El Medioni &#8211; Oran Oran","datePublished":"2014-03-12T14:27:21+00:00","dateModified":"2024-03-26T16:52:21+00:00","mainEntityOfPage":{"@id":"https:\/\/www.iemj.org\/de\/oran-oran\/"},"wordCount":347,"publisher":{"@id":"https:\/\/www.iemj.org\/de\/#organization"},"image":{"@id":"https:\/\/www.iemj.org\/de\/oran-oran\/#primaryimage"},"thumbnailUrl":"https:\/\/www.iemj.org\/wp-content\/uploads\/2014\/03\/arton865-e1619597123975.jpg","articleSection":["CD","Letzte Neuerwerbungen"],"inLanguage":"de"},{"@type":"WebPage","@id":"https:\/\/www.iemj.org\/de\/oran-oran\/","url":"https:\/\/www.iemj.org\/de\/oran-oran\/","name":"Maurice El Medioni - Oran Oran - Institut Europ\u00e9en des Musiques Juives","isPartOf":{"@id":"https:\/\/www.iemj.org\/de\/#website"},"primaryImageOfPage":{"@id":"https:\/\/www.iemj.org\/de\/oran-oran\/#primaryimage"},"image":{"@id":"https:\/\/www.iemj.org\/de\/oran-oran\/#primaryimage"},"thumbnailUrl":"https:\/\/www.iemj.org\/wp-content\/uploads\/2014\/03\/arton865-e1619597123975.jpg","datePublished":"2014-03-12T14:27:21+00:00","dateModified":"2024-03-26T16:52:21+00:00","breadcrumb":{"@id":"https:\/\/www.iemj.org\/de\/oran-oran\/#breadcrumb"},"inLanguage":"de","potentialAction":[{"@type":"ReadAction","target":["https:\/\/www.iemj.org\/de\/oran-oran\/"]}]},{"@type":"ImageObject","inLanguage":"de","@id":"https:\/\/www.iemj.org\/de\/oran-oran\/#primaryimage","url":"https:\/\/www.iemj.org\/wp-content\/uploads\/2014\/03\/arton865-e1619597123975.jpg","contentUrl":"https:\/\/www.iemj.org\/wp-content\/uploads\/2014\/03\/arton865-e1619597123975.jpg","width":350,"height":346},{"@type":"BreadcrumbList","@id":"https:\/\/www.iemj.org\/de\/oran-oran\/#breadcrumb","itemListElement":[{"@type":"ListItem","position":1,"name":"Accueil","item":"https:\/\/www.iemj.org\/de\/"},{"@type":"ListItem","position":2,"name":"Maurice El Medioni &#8211; Oran Oran"}]},{"@type":"WebSite","@id":"https:\/\/www.iemj.org\/de\/#website","url":"https:\/\/www.iemj.org\/de\/","name":"Institut Europ\u00e9en des Musiques Juives","description":"Des traditions musicales \u00e0 la port\u00e9e de tous","publisher":{"@id":"https:\/\/www.iemj.org\/de\/#organization"},"potentialAction":[{"@type":"SearchAction","target":{"@type":"EntryPoint","urlTemplate":"https:\/\/www.iemj.org\/de\/?s={search_term_string}"},"query-input":{"@type":"PropertyValueSpecification","valueRequired":true,"valueName":"search_term_string"}}],"inLanguage":"de"},{"@type":"Organization","@id":"https:\/\/www.iemj.org\/de\/#organization","name":"Institut Europ\u00e9en des Musiques Juives","url":"https:\/\/www.iemj.org\/de\/","logo":{"@type":"ImageObject","inLanguage":"de","@id":"https:\/\/www.iemj.org\/de\/#\/schema\/logo\/image\/","url":"https:\/\/www.iemj.org\/wp-content\/uploads\/2021\/09\/Logo-IEMJ-Paypal.jpg","contentUrl":"https:\/\/www.iemj.org\/wp-content\/uploads\/2021\/09\/Logo-IEMJ-Paypal.jpg","width":150,"height":50,"caption":"Institut Europ\u00e9en des Musiques Juives"},"image":{"@id":"https:\/\/www.iemj.org\/de\/#\/schema\/logo\/image\/"},"sameAs":["https:\/\/www.facebook.com\/MusiquesJuives\/","https:\/\/www.instagram.com\/musiquesjuives\/","https:\/\/www.youtube.com\/user\/musiquesjuives"]},{"@type":"Person","@id":"https:\/\/www.iemj.org\/de\/#\/schema\/person\/f826ad11b0cd58dd99babe0a3fbcb86e","name":"ncochin","image":{"@type":"ImageObject","inLanguage":"de","@id":"https:\/\/secure.gravatar.com\/avatar\/4499f551e6a9b8c28bd3132f28d79657b2cb55ff363257726f67e89c95e2a33c?s=96&d=mm&r=g","url":"https:\/\/secure.gravatar.com\/avatar\/4499f551e6a9b8c28bd3132f28d79657b2cb55ff363257726f67e89c95e2a33c?s=96&d=mm&r=g","contentUrl":"https:\/\/secure.gravatar.com\/avatar\/4499f551e6a9b8c28bd3132f28d79657b2cb55ff363257726f67e89c95e2a33c?s=96&d=mm&r=g","caption":"ncochin"}}]}},"_links":{"self":[{"href":"https:\/\/www.iemj.org\/de\/wp-json\/wp\/v2\/posts\/99792","targetHints":{"allow":["GET"]}}],"collection":[{"href":"https:\/\/www.iemj.org\/de\/wp-json\/wp\/v2\/posts"}],"about":[{"href":"https:\/\/www.iemj.org\/de\/wp-json\/wp\/v2\/types\/post"}],"author":[{"embeddable":true,"href":"https:\/\/www.iemj.org\/de\/wp-json\/wp\/v2\/users\/1050"}],"replies":[{"embeddable":true,"href":"https:\/\/www.iemj.org\/de\/wp-json\/wp\/v2\/comments?post=99792"}],"version-history":[{"count":0,"href":"https:\/\/www.iemj.org\/de\/wp-json\/wp\/v2\/posts\/99792\/revisions"}],"wp:featuredmedia":[{"embeddable":true,"href":"https:\/\/www.iemj.org\/de\/wp-json\/wp\/v2\/media\/99794"}],"wp:attachment":[{"href":"https:\/\/www.iemj.org\/de\/wp-json\/wp\/v2\/media?parent=99792"}],"wp:term":[{"taxonomy":"category","embeddable":true,"href":"https:\/\/www.iemj.org\/de\/wp-json\/wp\/v2\/categories?post=99792"},{"taxonomy":"post_tag","embeddable":true,"href":"https:\/\/www.iemj.org\/de\/wp-json\/wp\/v2\/tags?post=99792"},{"taxonomy":"technique","embeddable":true,"href":"https:\/\/www.iemj.org\/de\/wp-json\/wp\/v2\/technique?post=99792"},{"taxonomy":"squelettes","embeddable":true,"href":"https:\/\/www.iemj.org\/de\/wp-json\/wp\/v2\/squelettes?post=99792"},{"taxonomy":"sujet","embeddable":true,"href":"https:\/\/www.iemj.org\/de\/wp-json\/wp\/v2\/sujet?post=99792"},{"taxonomy":"formation","embeddable":true,"href":"https:\/\/www.iemj.org\/de\/wp-json\/wp\/v2\/formation?post=99792"},{"taxonomy":"genre","embeddable":true,"href":"https:\/\/www.iemj.org\/de\/wp-json\/wp\/v2\/genre?post=99792"},{"taxonomy":"fonds","embeddable":true,"href":"https:\/\/www.iemj.org\/de\/wp-json\/wp\/v2\/fonds?post=99792"},{"taxonomy":"tradition","embeddable":true,"href":"https:\/\/www.iemj.org\/de\/wp-json\/wp\/v2\/tradition?post=99792"},{"taxonomy":"type-de-contenu","embeddable":true,"href":"https:\/\/www.iemj.org\/de\/wp-json\/wp\/v2\/type-de-contenu?post=99792"},{"taxonomy":"interprete-compositeur","embeddable":true,"href":"https:\/\/www.iemj.org\/de\/wp-json\/wp\/v2\/interprete-compositeur?post=99792"},{"taxonomy":"frise","embeddable":true,"href":"https:\/\/www.iemj.org\/de\/wp-json\/wp\/v2\/frise?post=99792"},{"taxonomy":"type-devenement","embeddable":true,"href":"https:\/\/www.iemj.org\/de\/wp-json\/wp\/v2\/type-devenement?post=99792"},{"taxonomy":"tableaux-liens-externes","embeddable":true,"href":"https:\/\/www.iemj.org\/de\/wp-json\/wp\/v2\/tableaux-liens-externes?post=99792"}],"curies":[{"name":"wp","href":"https:\/\/api.w.org\/{rel}","templated":true}]}}