{"id":103558,"date":"2023-09-20T15:03:53","date_gmt":"2023-09-20T13:03:53","guid":{"rendered":"https:\/\/www.iemj.org\/les-bubbey-mayse-le-petit-matin-du-grand-soir\/"},"modified":"2023-10-03T12:25:39","modified_gmt":"2023-10-03T10:25:39","slug":"les-bubbey-mayse-le-petit-matin-du-grand-soir","status":"publish","type":"post","link":"https:\/\/www.iemj.org\/en\/les-bubbey-mayse-le-petit-matin-du-grand-soir\/","title":{"rendered":"LES BUBBEY MAYSE &#8211; LE PETIT MATIN DU GRAND SOIR"},"content":{"rendered":"<h3>\u00a0<\/h3>\n<h3 id=\"2-eael-table-of-content\" class=\"eael-heading-content\"><strong>RELEASE OF THE 9th CD FROM THE \u201cDISCOVERY\u201d COLLECTION<\/strong><\/h3>\n<p><!--more--><\/p>\n<p>The <strong>Bubbey Mayse*<\/strong> is the power of four women.<\/p>\n<p>It&#8217;s a committed music, an assertive writing style, driven by the strength of the collective.<\/p>\n<p>In their instruments, we hear the cries of stirring stories, feel the tread of anger, guess the deep roots with longings for horizon, dream of snuggling up in a dance until the wee hours&#8230;<\/p>\n<p>And in their four finely tuned voices, we plunge into a whole, epidermal universe. This is the world of four women who come together around their love of klezmer music and the Yiddish language, and who draw from it the impetus to reinvent a brighter tomorrow.<\/p>\n<p style=\"text-align: center;\">\u2666\u2666\u2666\u2666\u2666\u2666\u2666\u2666\u2666\u2666\u2666\u2666\u2666<\/p>\n<p><strong>*<\/strong> The <strong>Bubbey Mayse<\/strong> is an all-female quartet performing klezmer music and Yiddish songs. \u201cDi bobe maises\u201d means \u201cGrandmothers\u2019 Tales\u201d in Yiddish, or alternatively \u201cTall Stories\u201d.\u00a0<\/p>\n<p>The quartet was formed in Brittany in 2012 and consists of: <strong>Elsa Signorile<\/strong> (clarinet, vocals), <strong>Juliette Divry<\/strong> (cello, vocals), <strong>Margaux Li\u00e9nard<\/strong> (fiddle, vocals) and <strong>Morgane Labbe<\/strong> (accordion, vocals).<\/p>\n<p>Inspired by the solid foundation of the clarinettist\u2019s Yiddish culture, the four musicians arrange and interpret the repertoire in their own way and insist on making the music migrate and meet new frontiers as it has done throughout its history.<\/p>\n<p>Their main approach is to make collective arrangements of songs and tunes from the Jewish repertoire of central and Eastern Europe. They explore different sources: the archives of Ruth Rubin, Beregovski, melodies uncovered on albums such as those by The <a href=\"https:\/\/joelrubinklezmer.com\/bio\/\">Joel Rubin Orchestra<\/a>, Dave Tarras, Alicia Svigals\u2026, or tunes shared during jam sessions and workshops.<\/p>\n<p>Following eleven years working together, a first self-produced album <a href=\"https:\/\/www.iemj.org\/en\/les-bubbey-mayse-4\/\" target=\"_blank\" rel=\"noopener\"><em>Un vendredi soir apr\u00e8s le dessert<\/em><\/a> released in 2016, an EP <em>Le Nouveau Sher<\/em>, released in 2021 and an eponymous show in October 2022, the group is happy to present their new album, co-produced by the EIJM: <em>Le petit matin du grand soir<\/em> (Small Hours of the Big Day, Autumn 2023).<\/p>\n<p style=\"text-align: center;\">\u2666\u2666\u2666\u2666\u2666\u2666\u2666\u2666\u2666\u2666\u2666\u2666\u2666<\/p>\n<p>This CD was produced with the support of the\u00a0<a href=\"https:\/\/www.fondationjudaisme.org\/\" target=\"_blank\" rel=\"noopener\">Fondation du Juda\u00efsme Fran\u00e7ais<\/a>, the\u00a0<a href=\"https:\/\/www.fondationshoah.org\/\" target=\"_blank\" rel=\"noopener\">Fondation pour la M\u00e9moire de la Shoah<\/a>, the Fondations Henriette Halphen and Ir\u00e8ne et Jacques Darmon, under the aegis of the FJF.<\/p>\n<h2><a href=\"https:\/\/www.iemj.org\/en\/product\/les-bubbey-mayse-le-petit-matin-du-grand-soir\/\" target=\"_blank\" rel=\"noopener\">Purchase the CD on the EIJM\u2019s online shop<\/a><\/h2>\n<p><strong><em>Note: All physical album orders will be accompanied by MP3 audio files sent by e-mail.<\/em><\/strong><\/p>\n<p><strong>Information\/Order\/Press<\/strong>\u00a0(+33) 1 45 82 20 52 or\u00a0<a href=\"https:\/\/www.iemj.org\/en\/melodies-hebraiques-pour-violoncelle-et-piano\/contact@iemj.org\" target=\"_blank\" rel=\"noopener\">contact@iemj.org<\/a><\/p>\n\n\n<figure class=\"wp-block-image size-full\"><img fetchpriority=\"high\" decoding=\"async\" width=\"821\" height=\"739\" src=\"https:\/\/www.iemj.org\/wp-content\/uploads\/2023\/09\/Bubbey-Mayse_COUV4.jpg\" alt=\"\" class=\"wp-image-103379\" srcset=\"https:\/\/www.iemj.org\/wp-content\/uploads\/2023\/09\/Bubbey-Mayse_COUV4.jpg 821w, https:\/\/www.iemj.org\/wp-content\/uploads\/2023\/09\/Bubbey-Mayse_COUV4-300x270.jpg 300w, https:\/\/www.iemj.org\/wp-content\/uploads\/2023\/09\/Bubbey-Mayse_COUV4-768x691.jpg 768w, https:\/\/www.iemj.org\/wp-content\/uploads\/2023\/09\/Bubbey-Mayse_COUV4-600x540.jpg 600w\" sizes=\"(max-width: 821px) 100vw, 821px\" \/><\/figure>\n\n\n<h2>\u00a0<\/h2>\n<h2 style=\"text-align: center;\"><span style=\"color: #3c4b98;\"><strong>Listen to CD extracts in the player at the bottom of the screen<\/strong><\/span><\/h2>\n<p><img decoding=\"async\" class=\"wp-image-103966 aligncenter\" src=\"https:\/\/www.iemj.org\/wp-content\/uploads\/2023\/09\/Capture-bandeau-bleu-300x13.jpg\" alt=\"\" width=\"817\" height=\"35\" srcset=\"https:\/\/www.iemj.org\/wp-content\/uploads\/2023\/09\/Capture-bandeau-bleu-300x13.jpg 300w, https:\/\/www.iemj.org\/wp-content\/uploads\/2023\/09\/Capture-bandeau-bleu-768x34.jpg 768w, https:\/\/www.iemj.org\/wp-content\/uploads\/2023\/09\/Capture-bandeau-bleu-600x27.jpg 600w\" sizes=\"(max-width: 817px) 100vw, 817px\" \/><\/p>","protected":false},"excerpt":{"rendered":"<p>\u00a0 RELEASE OF THE 9th CD FROM THE \u201cDISCOVERY\u201d COLLECTION<\/p>\n","protected":false},"author":5,"featured_media":103396,"comment_status":"closed","ping_status":"closed","sticky":false,"template":"","format":"standard","meta":{"_acf_changed":false,"footnotes":""},"categories":[1392,2202,1389],"tags":[],"technique":[],"squelettes":[],"sujet":[],"formation":[],"genre":[1113,1115],"fonds":[],"tradition":[],"type-de-contenu":[],"interprete-compositeur":[],"frise":[],"type-devenement":[],"tableaux-liens-externes":[],"class_list":["post-103558","post","type-post","status-publish","format-standard","has-post-thumbnail","hentry","category-cd-eijm-en","category-discovery-collection-en","category-publications-en","genre-klezmer-en","genre-yiddish-en-2"],"acf":[],"yoast_head":"<!-- This site is optimized with the Yoast SEO plugin v27.3 - https:\/\/yoast.com\/product\/yoast-seo-wordpress\/ -->\n<title>LES BUBBEY MAYSE - LE PETIT MATIN DU GRAND SOIR - Institut Europ\u00e9en des Musiques Juives<\/title>\n<meta name=\"robots\" content=\"index, follow, max-snippet:-1, max-image-preview:large, max-video-preview:-1\" \/>\n<link rel=\"canonical\" href=\"https:\/\/www.iemj.org\/en\/les-bubbey-mayse-le-petit-matin-du-grand-soir\/\" \/>\n<meta property=\"og:locale\" content=\"en_US\" \/>\n<meta property=\"og:type\" content=\"article\" \/>\n<meta property=\"og:title\" content=\"LES BUBBEY MAYSE - LE PETIT MATIN DU GRAND SOIR - Institut Europ\u00e9en des Musiques Juives\" \/>\n<meta property=\"og:description\" content=\"\u00a0 RELEASE OF THE 9th CD FROM THE \u201cDISCOVERY\u201d COLLECTION\" \/>\n<meta property=\"og:url\" content=\"https:\/\/www.iemj.org\/en\/les-bubbey-mayse-le-petit-matin-du-grand-soir\/\" \/>\n<meta property=\"og:site_name\" content=\"Institut Europ\u00e9en des Musiques Juives\" \/>\n<meta property=\"article:publisher\" content=\"https:\/\/www.facebook.com\/MusiquesJuives\/\" \/>\n<meta property=\"article:published_time\" content=\"2023-09-20T13:03:53+00:00\" \/>\n<meta property=\"article:modified_time\" content=\"2023-10-03T10:25:39+00:00\" \/>\n<meta property=\"og:image\" content=\"https:\/\/www.iemj.org\/wp-content\/uploads\/2023\/09\/Bubbey-Mayse_COUV-2.jpg\" \/>\n\t<meta property=\"og:image:width\" content=\"821\" \/>\n\t<meta property=\"og:image:height\" content=\"739\" \/>\n\t<meta property=\"og:image:type\" content=\"image\/jpeg\" \/>\n<meta name=\"author\" content=\"Jacqueline ROTEN\" \/>\n<meta name=\"twitter:card\" content=\"summary_large_image\" \/>\n<meta name=\"twitter:label1\" content=\"Written by\" \/>\n\t<meta name=\"twitter:data1\" content=\"Jacqueline ROTEN\" \/>\n\t<meta name=\"twitter:label2\" content=\"Est. reading time\" \/>\n\t<meta name=\"twitter:data2\" content=\"3 minutes\" \/>\n<script type=\"application\/ld+json\" class=\"yoast-schema-graph\">{\"@context\":\"https:\\\/\\\/schema.org\",\"@graph\":[{\"@type\":\"Article\",\"@id\":\"https:\\\/\\\/www.iemj.org\\\/en\\\/les-bubbey-mayse-le-petit-matin-du-grand-soir\\\/#article\",\"isPartOf\":{\"@id\":\"https:\\\/\\\/www.iemj.org\\\/en\\\/les-bubbey-mayse-le-petit-matin-du-grand-soir\\\/\"},\"author\":{\"name\":\"Jacqueline ROTEN\",\"@id\":\"https:\\\/\\\/www.iemj.org\\\/en\\\/#\\\/schema\\\/person\\\/358e26c18aca017fcc4cc15437f7279c\"},\"headline\":\"LES BUBBEY MAYSE &#8211; LE PETIT MATIN DU GRAND SOIR\",\"datePublished\":\"2023-09-20T13:03:53+00:00\",\"dateModified\":\"2023-10-03T10:25:39+00:00\",\"mainEntityOfPage\":{\"@id\":\"https:\\\/\\\/www.iemj.org\\\/en\\\/les-bubbey-mayse-le-petit-matin-du-grand-soir\\\/\"},\"wordCount\":414,\"publisher\":{\"@id\":\"https:\\\/\\\/www.iemj.org\\\/en\\\/#organization\"},\"image\":{\"@id\":\"https:\\\/\\\/www.iemj.org\\\/en\\\/les-bubbey-mayse-le-petit-matin-du-grand-soir\\\/#primaryimage\"},\"thumbnailUrl\":\"https:\\\/\\\/www.iemj.org\\\/wp-content\\\/uploads\\\/2023\\\/09\\\/Bubbey-Mayse_COUV-2.jpg\",\"articleSection\":[\"CD EIJM\",\"Discovery Collection\",\"Publications\"],\"inLanguage\":\"en-US\"},{\"@type\":\"WebPage\",\"@id\":\"https:\\\/\\\/www.iemj.org\\\/en\\\/les-bubbey-mayse-le-petit-matin-du-grand-soir\\\/\",\"url\":\"https:\\\/\\\/www.iemj.org\\\/en\\\/les-bubbey-mayse-le-petit-matin-du-grand-soir\\\/\",\"name\":\"LES BUBBEY MAYSE - LE PETIT MATIN DU GRAND SOIR - Institut Europ\u00e9en des Musiques Juives\",\"isPartOf\":{\"@id\":\"https:\\\/\\\/www.iemj.org\\\/en\\\/#website\"},\"primaryImageOfPage\":{\"@id\":\"https:\\\/\\\/www.iemj.org\\\/en\\\/les-bubbey-mayse-le-petit-matin-du-grand-soir\\\/#primaryimage\"},\"image\":{\"@id\":\"https:\\\/\\\/www.iemj.org\\\/en\\\/les-bubbey-mayse-le-petit-matin-du-grand-soir\\\/#primaryimage\"},\"thumbnailUrl\":\"https:\\\/\\\/www.iemj.org\\\/wp-content\\\/uploads\\\/2023\\\/09\\\/Bubbey-Mayse_COUV-2.jpg\",\"datePublished\":\"2023-09-20T13:03:53+00:00\",\"dateModified\":\"2023-10-03T10:25:39+00:00\",\"breadcrumb\":{\"@id\":\"https:\\\/\\\/www.iemj.org\\\/en\\\/les-bubbey-mayse-le-petit-matin-du-grand-soir\\\/#breadcrumb\"},\"inLanguage\":\"en-US\",\"potentialAction\":[{\"@type\":\"ReadAction\",\"target\":[\"https:\\\/\\\/www.iemj.org\\\/en\\\/les-bubbey-mayse-le-petit-matin-du-grand-soir\\\/\"]}]},{\"@type\":\"ImageObject\",\"inLanguage\":\"en-US\",\"@id\":\"https:\\\/\\\/www.iemj.org\\\/en\\\/les-bubbey-mayse-le-petit-matin-du-grand-soir\\\/#primaryimage\",\"url\":\"https:\\\/\\\/www.iemj.org\\\/wp-content\\\/uploads\\\/2023\\\/09\\\/Bubbey-Mayse_COUV-2.jpg\",\"contentUrl\":\"https:\\\/\\\/www.iemj.org\\\/wp-content\\\/uploads\\\/2023\\\/09\\\/Bubbey-Mayse_COUV-2.jpg\",\"width\":821,\"height\":739},{\"@type\":\"BreadcrumbList\",\"@id\":\"https:\\\/\\\/www.iemj.org\\\/en\\\/les-bubbey-mayse-le-petit-matin-du-grand-soir\\\/#breadcrumb\",\"itemListElement\":[{\"@type\":\"ListItem\",\"position\":1,\"name\":\"Accueil\",\"item\":\"https:\\\/\\\/www.iemj.org\\\/en\\\/\"},{\"@type\":\"ListItem\",\"position\":2,\"name\":\"LES BUBBEY MAYSE &#8211; LE PETIT MATIN DU GRAND SOIR\"}]},{\"@type\":\"WebSite\",\"@id\":\"https:\\\/\\\/www.iemj.org\\\/en\\\/#website\",\"url\":\"https:\\\/\\\/www.iemj.org\\\/en\\\/\",\"name\":\"Institut Europ\u00e9en des Musiques Juives\",\"description\":\"Des traditions musicales \u00e0 la port\u00e9e de tous\",\"publisher\":{\"@id\":\"https:\\\/\\\/www.iemj.org\\\/en\\\/#organization\"},\"potentialAction\":[{\"@type\":\"SearchAction\",\"target\":{\"@type\":\"EntryPoint\",\"urlTemplate\":\"https:\\\/\\\/www.iemj.org\\\/en\\\/?s={search_term_string}\"},\"query-input\":{\"@type\":\"PropertyValueSpecification\",\"valueRequired\":true,\"valueName\":\"search_term_string\"}}],\"inLanguage\":\"en-US\"},{\"@type\":\"Organization\",\"@id\":\"https:\\\/\\\/www.iemj.org\\\/en\\\/#organization\",\"name\":\"Institut Europ\u00e9en des Musiques Juives\",\"url\":\"https:\\\/\\\/www.iemj.org\\\/en\\\/\",\"logo\":{\"@type\":\"ImageObject\",\"inLanguage\":\"en-US\",\"@id\":\"https:\\\/\\\/www.iemj.org\\\/en\\\/#\\\/schema\\\/logo\\\/image\\\/\",\"url\":\"https:\\\/\\\/www.iemj.org\\\/wp-content\\\/uploads\\\/2021\\\/09\\\/Logo-IEMJ-Paypal.jpg\",\"contentUrl\":\"https:\\\/\\\/www.iemj.org\\\/wp-content\\\/uploads\\\/2021\\\/09\\\/Logo-IEMJ-Paypal.jpg\",\"width\":150,\"height\":50,\"caption\":\"Institut Europ\u00e9en des Musiques Juives\"},\"image\":{\"@id\":\"https:\\\/\\\/www.iemj.org\\\/en\\\/#\\\/schema\\\/logo\\\/image\\\/\"},\"sameAs\":[\"https:\\\/\\\/www.facebook.com\\\/MusiquesJuives\\\/\",\"https:\\\/\\\/www.instagram.com\\\/musiquesjuives\\\/\",\"https:\\\/\\\/www.youtube.com\\\/user\\\/musiquesjuives\"]},{\"@type\":\"Person\",\"@id\":\"https:\\\/\\\/www.iemj.org\\\/en\\\/#\\\/schema\\\/person\\\/358e26c18aca017fcc4cc15437f7279c\",\"name\":\"Jacqueline ROTEN\",\"image\":{\"@type\":\"ImageObject\",\"inLanguage\":\"en-US\",\"@id\":\"https:\\\/\\\/secure.gravatar.com\\\/avatar\\\/5964256d6c6957de3a3505278957e0fb2a35119ac47ea41827a65301213c810b?s=96&d=mm&r=g\",\"url\":\"https:\\\/\\\/secure.gravatar.com\\\/avatar\\\/5964256d6c6957de3a3505278957e0fb2a35119ac47ea41827a65301213c810b?s=96&d=mm&r=g\",\"contentUrl\":\"https:\\\/\\\/secure.gravatar.com\\\/avatar\\\/5964256d6c6957de3a3505278957e0fb2a35119ac47ea41827a65301213c810b?s=96&d=mm&r=g\",\"caption\":\"Jacqueline ROTEN\"}}]}<\/script>\n<!-- \/ Yoast SEO plugin. -->","yoast_head_json":{"title":"LES BUBBEY MAYSE - LE PETIT MATIN DU GRAND SOIR - Institut Europ\u00e9en des Musiques Juives","robots":{"index":"index","follow":"follow","max-snippet":"max-snippet:-1","max-image-preview":"max-image-preview:large","max-video-preview":"max-video-preview:-1"},"canonical":"https:\/\/www.iemj.org\/en\/les-bubbey-mayse-le-petit-matin-du-grand-soir\/","og_locale":"en_US","og_type":"article","og_title":"LES BUBBEY MAYSE - LE PETIT MATIN DU GRAND SOIR - Institut Europ\u00e9en des Musiques Juives","og_description":"\u00a0 RELEASE OF THE 9th CD FROM THE \u201cDISCOVERY\u201d COLLECTION","og_url":"https:\/\/www.iemj.org\/en\/les-bubbey-mayse-le-petit-matin-du-grand-soir\/","og_site_name":"Institut Europ\u00e9en des Musiques Juives","article_publisher":"https:\/\/www.facebook.com\/MusiquesJuives\/","article_published_time":"2023-09-20T13:03:53+00:00","article_modified_time":"2023-10-03T10:25:39+00:00","og_image":[{"width":821,"height":739,"url":"https:\/\/www.iemj.org\/wp-content\/uploads\/2023\/09\/Bubbey-Mayse_COUV-2.jpg","type":"image\/jpeg"}],"author":"Jacqueline ROTEN","twitter_card":"summary_large_image","twitter_misc":{"Written by":"Jacqueline ROTEN","Est. reading time":"3 minutes"},"schema":{"@context":"https:\/\/schema.org","@graph":[{"@type":"Article","@id":"https:\/\/www.iemj.org\/en\/les-bubbey-mayse-le-petit-matin-du-grand-soir\/#article","isPartOf":{"@id":"https:\/\/www.iemj.org\/en\/les-bubbey-mayse-le-petit-matin-du-grand-soir\/"},"author":{"name":"Jacqueline ROTEN","@id":"https:\/\/www.iemj.org\/en\/#\/schema\/person\/358e26c18aca017fcc4cc15437f7279c"},"headline":"LES BUBBEY MAYSE &#8211; LE PETIT MATIN DU GRAND SOIR","datePublished":"2023-09-20T13:03:53+00:00","dateModified":"2023-10-03T10:25:39+00:00","mainEntityOfPage":{"@id":"https:\/\/www.iemj.org\/en\/les-bubbey-mayse-le-petit-matin-du-grand-soir\/"},"wordCount":414,"publisher":{"@id":"https:\/\/www.iemj.org\/en\/#organization"},"image":{"@id":"https:\/\/www.iemj.org\/en\/les-bubbey-mayse-le-petit-matin-du-grand-soir\/#primaryimage"},"thumbnailUrl":"https:\/\/www.iemj.org\/wp-content\/uploads\/2023\/09\/Bubbey-Mayse_COUV-2.jpg","articleSection":["CD EIJM","Discovery Collection","Publications"],"inLanguage":"en-US"},{"@type":"WebPage","@id":"https:\/\/www.iemj.org\/en\/les-bubbey-mayse-le-petit-matin-du-grand-soir\/","url":"https:\/\/www.iemj.org\/en\/les-bubbey-mayse-le-petit-matin-du-grand-soir\/","name":"LES BUBBEY MAYSE - LE PETIT MATIN DU GRAND SOIR - Institut Europ\u00e9en des Musiques Juives","isPartOf":{"@id":"https:\/\/www.iemj.org\/en\/#website"},"primaryImageOfPage":{"@id":"https:\/\/www.iemj.org\/en\/les-bubbey-mayse-le-petit-matin-du-grand-soir\/#primaryimage"},"image":{"@id":"https:\/\/www.iemj.org\/en\/les-bubbey-mayse-le-petit-matin-du-grand-soir\/#primaryimage"},"thumbnailUrl":"https:\/\/www.iemj.org\/wp-content\/uploads\/2023\/09\/Bubbey-Mayse_COUV-2.jpg","datePublished":"2023-09-20T13:03:53+00:00","dateModified":"2023-10-03T10:25:39+00:00","breadcrumb":{"@id":"https:\/\/www.iemj.org\/en\/les-bubbey-mayse-le-petit-matin-du-grand-soir\/#breadcrumb"},"inLanguage":"en-US","potentialAction":[{"@type":"ReadAction","target":["https:\/\/www.iemj.org\/en\/les-bubbey-mayse-le-petit-matin-du-grand-soir\/"]}]},{"@type":"ImageObject","inLanguage":"en-US","@id":"https:\/\/www.iemj.org\/en\/les-bubbey-mayse-le-petit-matin-du-grand-soir\/#primaryimage","url":"https:\/\/www.iemj.org\/wp-content\/uploads\/2023\/09\/Bubbey-Mayse_COUV-2.jpg","contentUrl":"https:\/\/www.iemj.org\/wp-content\/uploads\/2023\/09\/Bubbey-Mayse_COUV-2.jpg","width":821,"height":739},{"@type":"BreadcrumbList","@id":"https:\/\/www.iemj.org\/en\/les-bubbey-mayse-le-petit-matin-du-grand-soir\/#breadcrumb","itemListElement":[{"@type":"ListItem","position":1,"name":"Accueil","item":"https:\/\/www.iemj.org\/en\/"},{"@type":"ListItem","position":2,"name":"LES BUBBEY MAYSE &#8211; LE PETIT MATIN DU GRAND SOIR"}]},{"@type":"WebSite","@id":"https:\/\/www.iemj.org\/en\/#website","url":"https:\/\/www.iemj.org\/en\/","name":"Institut Europ\u00e9en des Musiques Juives","description":"Des traditions musicales \u00e0 la port\u00e9e de tous","publisher":{"@id":"https:\/\/www.iemj.org\/en\/#organization"},"potentialAction":[{"@type":"SearchAction","target":{"@type":"EntryPoint","urlTemplate":"https:\/\/www.iemj.org\/en\/?s={search_term_string}"},"query-input":{"@type":"PropertyValueSpecification","valueRequired":true,"valueName":"search_term_string"}}],"inLanguage":"en-US"},{"@type":"Organization","@id":"https:\/\/www.iemj.org\/en\/#organization","name":"Institut Europ\u00e9en des Musiques Juives","url":"https:\/\/www.iemj.org\/en\/","logo":{"@type":"ImageObject","inLanguage":"en-US","@id":"https:\/\/www.iemj.org\/en\/#\/schema\/logo\/image\/","url":"https:\/\/www.iemj.org\/wp-content\/uploads\/2021\/09\/Logo-IEMJ-Paypal.jpg","contentUrl":"https:\/\/www.iemj.org\/wp-content\/uploads\/2021\/09\/Logo-IEMJ-Paypal.jpg","width":150,"height":50,"caption":"Institut Europ\u00e9en des Musiques Juives"},"image":{"@id":"https:\/\/www.iemj.org\/en\/#\/schema\/logo\/image\/"},"sameAs":["https:\/\/www.facebook.com\/MusiquesJuives\/","https:\/\/www.instagram.com\/musiquesjuives\/","https:\/\/www.youtube.com\/user\/musiquesjuives"]},{"@type":"Person","@id":"https:\/\/www.iemj.org\/en\/#\/schema\/person\/358e26c18aca017fcc4cc15437f7279c","name":"Jacqueline ROTEN","image":{"@type":"ImageObject","inLanguage":"en-US","@id":"https:\/\/secure.gravatar.com\/avatar\/5964256d6c6957de3a3505278957e0fb2a35119ac47ea41827a65301213c810b?s=96&d=mm&r=g","url":"https:\/\/secure.gravatar.com\/avatar\/5964256d6c6957de3a3505278957e0fb2a35119ac47ea41827a65301213c810b?s=96&d=mm&r=g","contentUrl":"https:\/\/secure.gravatar.com\/avatar\/5964256d6c6957de3a3505278957e0fb2a35119ac47ea41827a65301213c810b?s=96&d=mm&r=g","caption":"Jacqueline ROTEN"}}]}},"_links":{"self":[{"href":"https:\/\/www.iemj.org\/en\/wp-json\/wp\/v2\/posts\/103558","targetHints":{"allow":["GET"]}}],"collection":[{"href":"https:\/\/www.iemj.org\/en\/wp-json\/wp\/v2\/posts"}],"about":[{"href":"https:\/\/www.iemj.org\/en\/wp-json\/wp\/v2\/types\/post"}],"author":[{"embeddable":true,"href":"https:\/\/www.iemj.org\/en\/wp-json\/wp\/v2\/users\/5"}],"replies":[{"embeddable":true,"href":"https:\/\/www.iemj.org\/en\/wp-json\/wp\/v2\/comments?post=103558"}],"version-history":[{"count":0,"href":"https:\/\/www.iemj.org\/en\/wp-json\/wp\/v2\/posts\/103558\/revisions"}],"wp:featuredmedia":[{"embeddable":true,"href":"https:\/\/www.iemj.org\/en\/wp-json\/wp\/v2\/media\/103396"}],"wp:attachment":[{"href":"https:\/\/www.iemj.org\/en\/wp-json\/wp\/v2\/media?parent=103558"}],"wp:term":[{"taxonomy":"category","embeddable":true,"href":"https:\/\/www.iemj.org\/en\/wp-json\/wp\/v2\/categories?post=103558"},{"taxonomy":"post_tag","embeddable":true,"href":"https:\/\/www.iemj.org\/en\/wp-json\/wp\/v2\/tags?post=103558"},{"taxonomy":"technique","embeddable":true,"href":"https:\/\/www.iemj.org\/en\/wp-json\/wp\/v2\/technique?post=103558"},{"taxonomy":"squelettes","embeddable":true,"href":"https:\/\/www.iemj.org\/en\/wp-json\/wp\/v2\/squelettes?post=103558"},{"taxonomy":"sujet","embeddable":true,"href":"https:\/\/www.iemj.org\/en\/wp-json\/wp\/v2\/sujet?post=103558"},{"taxonomy":"formation","embeddable":true,"href":"https:\/\/www.iemj.org\/en\/wp-json\/wp\/v2\/formation?post=103558"},{"taxonomy":"genre","embeddable":true,"href":"https:\/\/www.iemj.org\/en\/wp-json\/wp\/v2\/genre?post=103558"},{"taxonomy":"fonds","embeddable":true,"href":"https:\/\/www.iemj.org\/en\/wp-json\/wp\/v2\/fonds?post=103558"},{"taxonomy":"tradition","embeddable":true,"href":"https:\/\/www.iemj.org\/en\/wp-json\/wp\/v2\/tradition?post=103558"},{"taxonomy":"type-de-contenu","embeddable":true,"href":"https:\/\/www.iemj.org\/en\/wp-json\/wp\/v2\/type-de-contenu?post=103558"},{"taxonomy":"interprete-compositeur","embeddable":true,"href":"https:\/\/www.iemj.org\/en\/wp-json\/wp\/v2\/interprete-compositeur?post=103558"},{"taxonomy":"frise","embeddable":true,"href":"https:\/\/www.iemj.org\/en\/wp-json\/wp\/v2\/frise?post=103558"},{"taxonomy":"type-devenement","embeddable":true,"href":"https:\/\/www.iemj.org\/en\/wp-json\/wp\/v2\/type-devenement?post=103558"},{"taxonomy":"tableaux-liens-externes","embeddable":true,"href":"https:\/\/www.iemj.org\/en\/wp-json\/wp\/v2\/tableaux-liens-externes?post=103558"}],"curies":[{"name":"wp","href":"https:\/\/api.w.org\/{rel}","templated":true}]}}