{"id":103975,"date":"2023-09-20T10:38:12","date_gmt":"2023-09-20T08:38:12","guid":{"rendered":"https:\/\/www.iemj.org\/herve-roten-dans-talmudiques-sur-france-culture\/"},"modified":"2023-10-03T10:19:20","modified_gmt":"2023-10-03T08:19:20","slug":"herve-roten-dans-talmudiques-sur-france-culture","status":"publish","type":"post","link":"https:\/\/www.iemj.org\/en\/herve-roten-dans-talmudiques-sur-france-culture\/","title":{"rendered":"Songs and prayers for Kippur, Soukkot and Simchat Torah"},"content":{"rendered":"<h2>A radio program &#8211; <em>IN FRENCH<\/em> &#8211; by Fran\u00e7oise-Anne MENAGER and Marc-Alain OUAKNIN, in 2 parts<\/h2>\n<h2 style=\"text-align: left;\"><strong>TALMUDIQUES<\/strong><\/h2>\n<h2>Marc-Alain Ouaknin interviews Herv\u00e9 Roten<\/h2>\n<p style=\"text-align: center;\">\u2666\u2666\u2666\u2666\u2666\u2666\u2666\u2666\u2666\u2666\u2666\u2666\u2666<\/p>\n<h3>Sundays, <strong>September 24<\/strong> &amp; <strong>October 1<\/strong>, 2023, at 9:10 a.m.<\/h3>\n<p style=\"text-align: center;\">\u2666\u2666\u2666\u2666\u2666\u2666\u2666\u2666\u2666\u2666\u2666\u2666\u2666<\/p>\n<p>An exploration of the many facets of Jewish thought, their resonance in Western culture, and how they relate to other cultures.<\/p>\n<h3><span style=\"color: #3c4b98;\">Sunday<\/span><strong><span style=\"color: #3c4b98;\">, September 24, 2023 &#8211; Part 1\/2<\/span><\/strong><\/h3>\n<h3 class=\"CoverEpisode-title qg-tt3 svelte-1ogop5e\"><strong><span style=\"color: #3c4b98;\">Songs and prayers for Kippur, Soukkot and Simchat Torah &#8211; <\/span><\/strong><span style=\"color: #3c4b98;\"><b>Weaving in action<\/b><\/span><\/h3>\n<p>This <strong>first part<\/strong> is dedicated to the feast of <strong>Kippur<\/strong>, the Day of Atonement, one of the most important feasts in the Hebrew calendar. A day of fasting and prayer, it&#8217;s an invitation for everyone to meditate on life, its choices, its actions, the quality of its relationships with others and with God, an invitation to change its trajectory or to improve it if necessary.<\/p>\n<p class=\"PopSlotParagraph qg-tx2 qg-xtra-lh svelte-1xznlfb\">Celebrated the evening before, like all the feast days in the Hebrew calendar, this feast begins with the <em>Kol Nidre<\/em> prayer, a particularly solemn prayer whose origin remains obscure and has given rise to many interpretations.<\/p>\n<p class=\"PopSlotParagraph qg-tx2 qg-xtra-lh svelte-1xznlfb\">This program focuses on the history of this melody, its meaning, its variations, its transmission, its re-creation and its constant evolution.<\/p>\n<h3><span style=\"color: #3c4b98;\">Sunday<strong>, October 1, 2023 &#8211; Part 2\/2<\/strong><\/span><\/h3>\n<h3 class=\"CoverEpisode-title qg-tt3 svelte-1ogop5e\"><strong><span style=\"color: #3c4b98;\">Songs and prayers for Kippur, Soukkot and Simchat Torah<\/span><\/strong><span style=\"color: #3c4b98;\"><strong> &#8211; In the age of nations<\/strong><\/span><\/h3>\n<p>Broadcast on October 1, the <strong>second part<\/strong> of the program features a discussion around <strong>Sukkot<\/strong> and <strong>Simhat Torah<\/strong> music.<\/p>\n<p class=\"PopSlotParagraph qg-tx2 qg-xtra-lh svelte-1xznlfb\">The feast of Yom Kippur is followed in the Jewish liturgical calendar by the seven-day feast of Sukkot, or Festival of Booths, commemorating both the precarious life in the desert for forty years after leaving Egypt, and the autumn harvest.<\/p>\n<p class=\"PopSlotParagraph qg-tx2 qg-xtra-lh svelte-1xznlfb\">A time of celebration and joy, marked in Temple times by the installation of a circus where everyone came to show off their skills, juggling, dancing, balancing, for example, to the sound of a lively, twirling orchestra. It was also a time of hope for the coming year, marked by the prayer for rain at the end of the seven days, coupled with a time of study and reading in a festival called &#8220;<em>Simchat Torah<\/em>&#8220;, the joy of the Torah, during which the reading of the Torah scroll is resumed, with its famous verse &#8220;<em>Berechit bara elohim<\/em>&#8220;, which is translated: &#8220;In the beginning God created Heaven and Earth&#8221;.<\/p>\n<p class=\"PopSlotParagraph qg-tx2 qg-xtra-lh svelte-1xznlfb\">A festival rich in events and varied music.<\/p>\n<h2 style=\"text-align: center;\"><strong><span style=\"color: #3c4b98;\">Listen to the radio programs in the player below,<\/span><\/strong><\/h2>\n<h2 style=\"text-align: center;\"><strong><span style=\"color: #3c4b98;\">at bottom of screen<\/span><\/strong><img decoding=\"async\" class=\"wp-image-103965 aligncenter\" src=\"https:\/\/www.iemj.org\/wp-content\/uploads\/2023\/09\/Capture-bandeau-bleu-300x13.jpg\" alt=\"\" width=\"738\" height=\"32\" srcset=\"https:\/\/www.iemj.org\/wp-content\/uploads\/2023\/09\/Capture-bandeau-bleu-300x13.jpg 300w, https:\/\/www.iemj.org\/wp-content\/uploads\/2023\/09\/Capture-bandeau-bleu-1024x46.jpg 1024w, https:\/\/www.iemj.org\/wp-content\/uploads\/2023\/09\/Capture-bandeau-bleu-768x34.jpg 768w, https:\/\/www.iemj.org\/wp-content\/uploads\/2023\/09\/Capture-bandeau-bleu-1536x69.jpg 1536w, https:\/\/www.iemj.org\/wp-content\/uploads\/2023\/09\/Capture-bandeau-bleu-600x27.jpg 600w, https:\/\/www.iemj.org\/wp-content\/uploads\/2023\/09\/Capture-bandeau-bleu.jpg 1899w\" sizes=\"(max-width: 738px) 100vw, 738px\" \/><\/h2>\n","protected":false},"excerpt":{"rendered":"<p>A radio program &#8211; IN FRENCH &#8211; by Fran\u00e7oise-Anne MENAGER and Marc-Alain OUAKNIN, in 2 parts TALMUDIQUES Marc-Alain Ouaknin interviews Herv\u00e9 Roten \u2666\u2666\u2666\u2666\u2666\u2666\u2666\u2666\u2666\u2666\u2666\u2666\u2666 Sundays, September 24 &amp; October 1, 2023,<\/p>\n","protected":false},"author":5,"featured_media":103551,"comment_status":"closed","ping_status":"closed","sticky":false,"template":"","format":"standard","meta":{"_acf_changed":false,"footnotes":""},"categories":[3975,893,899],"tags":[],"technique":[],"squelettes":[],"sujet":[1787,1797,1757],"formation":[],"genre":[],"fonds":[],"tradition":[],"type-de-contenu":[],"interprete-compositeur":[],"frise":[],"type-devenement":[],"tableaux-liens-externes":[],"class_list":["post-103975","post","type-post","status-publish","format-standard","has-post-thumbnail","hentry","category-m-a-ouaknin-s-programs","category-news-en","category-radio-programs-en","sujet-simhat-torah-en","sujet-sukkot-en","sujet-yom-kippur-en"],"acf":[],"yoast_head":"<!-- This site is optimized with the Yoast SEO plugin v27.3 - https:\/\/yoast.com\/product\/yoast-seo-wordpress\/ -->\n<title>Songs and prayers for Kippur, Soukkot and Simchat Torah - Institut Europ\u00e9en des Musiques Juives<\/title>\n<meta name=\"robots\" content=\"index, follow, max-snippet:-1, max-image-preview:large, max-video-preview:-1\" \/>\n<link rel=\"canonical\" href=\"https:\/\/www.iemj.org\/en\/herve-roten-dans-talmudiques-sur-france-culture\/\" \/>\n<meta property=\"og:locale\" content=\"en_US\" \/>\n<meta property=\"og:type\" content=\"article\" \/>\n<meta property=\"og:title\" content=\"Songs and prayers for Kippur, Soukkot and Simchat Torah - Institut Europ\u00e9en des Musiques Juives\" \/>\n<meta property=\"og:description\" content=\"A radio program &#8211; IN FRENCH &#8211; by Fran\u00e7oise-Anne MENAGER and Marc-Alain OUAKNIN, in 2 parts TALMUDIQUES Marc-Alain Ouaknin interviews Herv\u00e9 Roten \u2666\u2666\u2666\u2666\u2666\u2666\u2666\u2666\u2666\u2666\u2666\u2666\u2666 Sundays, September 24 &amp; October 1, 2023,\" \/>\n<meta property=\"og:url\" content=\"https:\/\/www.iemj.org\/en\/herve-roten-dans-talmudiques-sur-france-culture\/\" \/>\n<meta property=\"og:site_name\" content=\"Institut Europ\u00e9en des Musiques Juives\" \/>\n<meta property=\"article:publisher\" content=\"https:\/\/www.facebook.com\/MusiquesJuives\/\" \/>\n<meta property=\"article:published_time\" content=\"2023-09-20T08:38:12+00:00\" \/>\n<meta property=\"article:modified_time\" content=\"2023-10-03T08:19:20+00:00\" \/>\n<meta property=\"og:image\" content=\"https:\/\/www.iemj.org\/wp-content\/uploads\/2023\/09\/Logo-actualite-MAO-recoit-HR.jpg\" \/>\n\t<meta property=\"og:image:width\" content=\"500\" \/>\n\t<meta property=\"og:image:height\" content=\"500\" \/>\n\t<meta property=\"og:image:type\" content=\"image\/jpeg\" \/>\n<meta name=\"author\" content=\"Jacqueline ROTEN\" \/>\n<meta name=\"twitter:card\" content=\"summary_large_image\" \/>\n<meta name=\"twitter:label1\" content=\"Written by\" \/>\n\t<meta name=\"twitter:data1\" content=\"Jacqueline ROTEN\" \/>\n\t<meta name=\"twitter:label2\" content=\"Est. reading time\" \/>\n\t<meta name=\"twitter:data2\" content=\"3 minutes\" \/>\n<script type=\"application\/ld+json\" class=\"yoast-schema-graph\">{\"@context\":\"https:\\\/\\\/schema.org\",\"@graph\":[{\"@type\":\"Article\",\"@id\":\"https:\\\/\\\/www.iemj.org\\\/en\\\/herve-roten-dans-talmudiques-sur-france-culture\\\/#article\",\"isPartOf\":{\"@id\":\"https:\\\/\\\/www.iemj.org\\\/en\\\/herve-roten-dans-talmudiques-sur-france-culture\\\/\"},\"author\":{\"name\":\"Jacqueline ROTEN\",\"@id\":\"https:\\\/\\\/www.iemj.org\\\/en\\\/#\\\/schema\\\/person\\\/358e26c18aca017fcc4cc15437f7279c\"},\"headline\":\"Songs and prayers for Kippur, Soukkot and Simchat Torah\",\"datePublished\":\"2023-09-20T08:38:12+00:00\",\"dateModified\":\"2023-10-03T08:19:20+00:00\",\"mainEntityOfPage\":{\"@id\":\"https:\\\/\\\/www.iemj.org\\\/en\\\/herve-roten-dans-talmudiques-sur-france-culture\\\/\"},\"wordCount\":405,\"publisher\":{\"@id\":\"https:\\\/\\\/www.iemj.org\\\/en\\\/#organization\"},\"image\":{\"@id\":\"https:\\\/\\\/www.iemj.org\\\/en\\\/herve-roten-dans-talmudiques-sur-france-culture\\\/#primaryimage\"},\"thumbnailUrl\":\"https:\\\/\\\/www.iemj.org\\\/wp-content\\\/uploads\\\/2023\\\/09\\\/Logo-actualite-MAO-recoit-HR.jpg\",\"articleSection\":[\"Marc-Alain Ouaknin's programs\",\"News\",\"Radio programs\"],\"inLanguage\":\"en-US\"},{\"@type\":\"WebPage\",\"@id\":\"https:\\\/\\\/www.iemj.org\\\/en\\\/herve-roten-dans-talmudiques-sur-france-culture\\\/\",\"url\":\"https:\\\/\\\/www.iemj.org\\\/en\\\/herve-roten-dans-talmudiques-sur-france-culture\\\/\",\"name\":\"Songs and prayers for Kippur, Soukkot and Simchat Torah - Institut Europ\u00e9en des Musiques Juives\",\"isPartOf\":{\"@id\":\"https:\\\/\\\/www.iemj.org\\\/en\\\/#website\"},\"primaryImageOfPage\":{\"@id\":\"https:\\\/\\\/www.iemj.org\\\/en\\\/herve-roten-dans-talmudiques-sur-france-culture\\\/#primaryimage\"},\"image\":{\"@id\":\"https:\\\/\\\/www.iemj.org\\\/en\\\/herve-roten-dans-talmudiques-sur-france-culture\\\/#primaryimage\"},\"thumbnailUrl\":\"https:\\\/\\\/www.iemj.org\\\/wp-content\\\/uploads\\\/2023\\\/09\\\/Logo-actualite-MAO-recoit-HR.jpg\",\"datePublished\":\"2023-09-20T08:38:12+00:00\",\"dateModified\":\"2023-10-03T08:19:20+00:00\",\"breadcrumb\":{\"@id\":\"https:\\\/\\\/www.iemj.org\\\/en\\\/herve-roten-dans-talmudiques-sur-france-culture\\\/#breadcrumb\"},\"inLanguage\":\"en-US\",\"potentialAction\":[{\"@type\":\"ReadAction\",\"target\":[\"https:\\\/\\\/www.iemj.org\\\/en\\\/herve-roten-dans-talmudiques-sur-france-culture\\\/\"]}]},{\"@type\":\"ImageObject\",\"inLanguage\":\"en-US\",\"@id\":\"https:\\\/\\\/www.iemj.org\\\/en\\\/herve-roten-dans-talmudiques-sur-france-culture\\\/#primaryimage\",\"url\":\"https:\\\/\\\/www.iemj.org\\\/wp-content\\\/uploads\\\/2023\\\/09\\\/Logo-actualite-MAO-recoit-HR.jpg\",\"contentUrl\":\"https:\\\/\\\/www.iemj.org\\\/wp-content\\\/uploads\\\/2023\\\/09\\\/Logo-actualite-MAO-recoit-HR.jpg\",\"width\":500,\"height\":500},{\"@type\":\"BreadcrumbList\",\"@id\":\"https:\\\/\\\/www.iemj.org\\\/en\\\/herve-roten-dans-talmudiques-sur-france-culture\\\/#breadcrumb\",\"itemListElement\":[{\"@type\":\"ListItem\",\"position\":1,\"name\":\"Accueil\",\"item\":\"https:\\\/\\\/www.iemj.org\\\/en\\\/\"},{\"@type\":\"ListItem\",\"position\":2,\"name\":\"Songs and prayers for Kippur, Soukkot and Simchat Torah\"}]},{\"@type\":\"WebSite\",\"@id\":\"https:\\\/\\\/www.iemj.org\\\/en\\\/#website\",\"url\":\"https:\\\/\\\/www.iemj.org\\\/en\\\/\",\"name\":\"Institut Europ\u00e9en des Musiques Juives\",\"description\":\"Des traditions musicales \u00e0 la port\u00e9e de tous\",\"publisher\":{\"@id\":\"https:\\\/\\\/www.iemj.org\\\/en\\\/#organization\"},\"potentialAction\":[{\"@type\":\"SearchAction\",\"target\":{\"@type\":\"EntryPoint\",\"urlTemplate\":\"https:\\\/\\\/www.iemj.org\\\/en\\\/?s={search_term_string}\"},\"query-input\":{\"@type\":\"PropertyValueSpecification\",\"valueRequired\":true,\"valueName\":\"search_term_string\"}}],\"inLanguage\":\"en-US\"},{\"@type\":\"Organization\",\"@id\":\"https:\\\/\\\/www.iemj.org\\\/en\\\/#organization\",\"name\":\"Institut Europ\u00e9en des Musiques Juives\",\"url\":\"https:\\\/\\\/www.iemj.org\\\/en\\\/\",\"logo\":{\"@type\":\"ImageObject\",\"inLanguage\":\"en-US\",\"@id\":\"https:\\\/\\\/www.iemj.org\\\/en\\\/#\\\/schema\\\/logo\\\/image\\\/\",\"url\":\"https:\\\/\\\/www.iemj.org\\\/wp-content\\\/uploads\\\/2021\\\/09\\\/Logo-IEMJ-Paypal.jpg\",\"contentUrl\":\"https:\\\/\\\/www.iemj.org\\\/wp-content\\\/uploads\\\/2021\\\/09\\\/Logo-IEMJ-Paypal.jpg\",\"width\":150,\"height\":50,\"caption\":\"Institut Europ\u00e9en des Musiques Juives\"},\"image\":{\"@id\":\"https:\\\/\\\/www.iemj.org\\\/en\\\/#\\\/schema\\\/logo\\\/image\\\/\"},\"sameAs\":[\"https:\\\/\\\/www.facebook.com\\\/MusiquesJuives\\\/\",\"https:\\\/\\\/www.instagram.com\\\/musiquesjuives\\\/\",\"https:\\\/\\\/www.youtube.com\\\/user\\\/musiquesjuives\"]},{\"@type\":\"Person\",\"@id\":\"https:\\\/\\\/www.iemj.org\\\/en\\\/#\\\/schema\\\/person\\\/358e26c18aca017fcc4cc15437f7279c\",\"name\":\"Jacqueline ROTEN\",\"image\":{\"@type\":\"ImageObject\",\"inLanguage\":\"en-US\",\"@id\":\"https:\\\/\\\/secure.gravatar.com\\\/avatar\\\/5964256d6c6957de3a3505278957e0fb2a35119ac47ea41827a65301213c810b?s=96&d=mm&r=g\",\"url\":\"https:\\\/\\\/secure.gravatar.com\\\/avatar\\\/5964256d6c6957de3a3505278957e0fb2a35119ac47ea41827a65301213c810b?s=96&d=mm&r=g\",\"contentUrl\":\"https:\\\/\\\/secure.gravatar.com\\\/avatar\\\/5964256d6c6957de3a3505278957e0fb2a35119ac47ea41827a65301213c810b?s=96&d=mm&r=g\",\"caption\":\"Jacqueline ROTEN\"}}]}<\/script>\n<!-- \/ Yoast SEO plugin. -->","yoast_head_json":{"title":"Songs and prayers for Kippur, Soukkot and Simchat Torah - Institut Europ\u00e9en des Musiques Juives","robots":{"index":"index","follow":"follow","max-snippet":"max-snippet:-1","max-image-preview":"max-image-preview:large","max-video-preview":"max-video-preview:-1"},"canonical":"https:\/\/www.iemj.org\/en\/herve-roten-dans-talmudiques-sur-france-culture\/","og_locale":"en_US","og_type":"article","og_title":"Songs and prayers for Kippur, Soukkot and Simchat Torah - Institut Europ\u00e9en des Musiques Juives","og_description":"A radio program &#8211; IN FRENCH &#8211; by Fran\u00e7oise-Anne MENAGER and Marc-Alain OUAKNIN, in 2 parts TALMUDIQUES Marc-Alain Ouaknin interviews Herv\u00e9 Roten \u2666\u2666\u2666\u2666\u2666\u2666\u2666\u2666\u2666\u2666\u2666\u2666\u2666 Sundays, September 24 &amp; October 1, 2023,","og_url":"https:\/\/www.iemj.org\/en\/herve-roten-dans-talmudiques-sur-france-culture\/","og_site_name":"Institut Europ\u00e9en des Musiques Juives","article_publisher":"https:\/\/www.facebook.com\/MusiquesJuives\/","article_published_time":"2023-09-20T08:38:12+00:00","article_modified_time":"2023-10-03T08:19:20+00:00","og_image":[{"width":500,"height":500,"url":"https:\/\/www.iemj.org\/wp-content\/uploads\/2023\/09\/Logo-actualite-MAO-recoit-HR.jpg","type":"image\/jpeg"}],"author":"Jacqueline ROTEN","twitter_card":"summary_large_image","twitter_misc":{"Written by":"Jacqueline ROTEN","Est. reading time":"3 minutes"},"schema":{"@context":"https:\/\/schema.org","@graph":[{"@type":"Article","@id":"https:\/\/www.iemj.org\/en\/herve-roten-dans-talmudiques-sur-france-culture\/#article","isPartOf":{"@id":"https:\/\/www.iemj.org\/en\/herve-roten-dans-talmudiques-sur-france-culture\/"},"author":{"name":"Jacqueline ROTEN","@id":"https:\/\/www.iemj.org\/en\/#\/schema\/person\/358e26c18aca017fcc4cc15437f7279c"},"headline":"Songs and prayers for Kippur, Soukkot and Simchat Torah","datePublished":"2023-09-20T08:38:12+00:00","dateModified":"2023-10-03T08:19:20+00:00","mainEntityOfPage":{"@id":"https:\/\/www.iemj.org\/en\/herve-roten-dans-talmudiques-sur-france-culture\/"},"wordCount":405,"publisher":{"@id":"https:\/\/www.iemj.org\/en\/#organization"},"image":{"@id":"https:\/\/www.iemj.org\/en\/herve-roten-dans-talmudiques-sur-france-culture\/#primaryimage"},"thumbnailUrl":"https:\/\/www.iemj.org\/wp-content\/uploads\/2023\/09\/Logo-actualite-MAO-recoit-HR.jpg","articleSection":["Marc-Alain Ouaknin's programs","News","Radio programs"],"inLanguage":"en-US"},{"@type":"WebPage","@id":"https:\/\/www.iemj.org\/en\/herve-roten-dans-talmudiques-sur-france-culture\/","url":"https:\/\/www.iemj.org\/en\/herve-roten-dans-talmudiques-sur-france-culture\/","name":"Songs and prayers for Kippur, Soukkot and Simchat Torah - Institut Europ\u00e9en des Musiques Juives","isPartOf":{"@id":"https:\/\/www.iemj.org\/en\/#website"},"primaryImageOfPage":{"@id":"https:\/\/www.iemj.org\/en\/herve-roten-dans-talmudiques-sur-france-culture\/#primaryimage"},"image":{"@id":"https:\/\/www.iemj.org\/en\/herve-roten-dans-talmudiques-sur-france-culture\/#primaryimage"},"thumbnailUrl":"https:\/\/www.iemj.org\/wp-content\/uploads\/2023\/09\/Logo-actualite-MAO-recoit-HR.jpg","datePublished":"2023-09-20T08:38:12+00:00","dateModified":"2023-10-03T08:19:20+00:00","breadcrumb":{"@id":"https:\/\/www.iemj.org\/en\/herve-roten-dans-talmudiques-sur-france-culture\/#breadcrumb"},"inLanguage":"en-US","potentialAction":[{"@type":"ReadAction","target":["https:\/\/www.iemj.org\/en\/herve-roten-dans-talmudiques-sur-france-culture\/"]}]},{"@type":"ImageObject","inLanguage":"en-US","@id":"https:\/\/www.iemj.org\/en\/herve-roten-dans-talmudiques-sur-france-culture\/#primaryimage","url":"https:\/\/www.iemj.org\/wp-content\/uploads\/2023\/09\/Logo-actualite-MAO-recoit-HR.jpg","contentUrl":"https:\/\/www.iemj.org\/wp-content\/uploads\/2023\/09\/Logo-actualite-MAO-recoit-HR.jpg","width":500,"height":500},{"@type":"BreadcrumbList","@id":"https:\/\/www.iemj.org\/en\/herve-roten-dans-talmudiques-sur-france-culture\/#breadcrumb","itemListElement":[{"@type":"ListItem","position":1,"name":"Accueil","item":"https:\/\/www.iemj.org\/en\/"},{"@type":"ListItem","position":2,"name":"Songs and prayers for Kippur, Soukkot and Simchat Torah"}]},{"@type":"WebSite","@id":"https:\/\/www.iemj.org\/en\/#website","url":"https:\/\/www.iemj.org\/en\/","name":"Institut Europ\u00e9en des Musiques Juives","description":"Des traditions musicales \u00e0 la port\u00e9e de tous","publisher":{"@id":"https:\/\/www.iemj.org\/en\/#organization"},"potentialAction":[{"@type":"SearchAction","target":{"@type":"EntryPoint","urlTemplate":"https:\/\/www.iemj.org\/en\/?s={search_term_string}"},"query-input":{"@type":"PropertyValueSpecification","valueRequired":true,"valueName":"search_term_string"}}],"inLanguage":"en-US"},{"@type":"Organization","@id":"https:\/\/www.iemj.org\/en\/#organization","name":"Institut Europ\u00e9en des Musiques Juives","url":"https:\/\/www.iemj.org\/en\/","logo":{"@type":"ImageObject","inLanguage":"en-US","@id":"https:\/\/www.iemj.org\/en\/#\/schema\/logo\/image\/","url":"https:\/\/www.iemj.org\/wp-content\/uploads\/2021\/09\/Logo-IEMJ-Paypal.jpg","contentUrl":"https:\/\/www.iemj.org\/wp-content\/uploads\/2021\/09\/Logo-IEMJ-Paypal.jpg","width":150,"height":50,"caption":"Institut Europ\u00e9en des Musiques Juives"},"image":{"@id":"https:\/\/www.iemj.org\/en\/#\/schema\/logo\/image\/"},"sameAs":["https:\/\/www.facebook.com\/MusiquesJuives\/","https:\/\/www.instagram.com\/musiquesjuives\/","https:\/\/www.youtube.com\/user\/musiquesjuives"]},{"@type":"Person","@id":"https:\/\/www.iemj.org\/en\/#\/schema\/person\/358e26c18aca017fcc4cc15437f7279c","name":"Jacqueline ROTEN","image":{"@type":"ImageObject","inLanguage":"en-US","@id":"https:\/\/secure.gravatar.com\/avatar\/5964256d6c6957de3a3505278957e0fb2a35119ac47ea41827a65301213c810b?s=96&d=mm&r=g","url":"https:\/\/secure.gravatar.com\/avatar\/5964256d6c6957de3a3505278957e0fb2a35119ac47ea41827a65301213c810b?s=96&d=mm&r=g","contentUrl":"https:\/\/secure.gravatar.com\/avatar\/5964256d6c6957de3a3505278957e0fb2a35119ac47ea41827a65301213c810b?s=96&d=mm&r=g","caption":"Jacqueline ROTEN"}}]}},"_links":{"self":[{"href":"https:\/\/www.iemj.org\/en\/wp-json\/wp\/v2\/posts\/103975","targetHints":{"allow":["GET"]}}],"collection":[{"href":"https:\/\/www.iemj.org\/en\/wp-json\/wp\/v2\/posts"}],"about":[{"href":"https:\/\/www.iemj.org\/en\/wp-json\/wp\/v2\/types\/post"}],"author":[{"embeddable":true,"href":"https:\/\/www.iemj.org\/en\/wp-json\/wp\/v2\/users\/5"}],"replies":[{"embeddable":true,"href":"https:\/\/www.iemj.org\/en\/wp-json\/wp\/v2\/comments?post=103975"}],"version-history":[{"count":0,"href":"https:\/\/www.iemj.org\/en\/wp-json\/wp\/v2\/posts\/103975\/revisions"}],"wp:featuredmedia":[{"embeddable":true,"href":"https:\/\/www.iemj.org\/en\/wp-json\/wp\/v2\/media\/103551"}],"wp:attachment":[{"href":"https:\/\/www.iemj.org\/en\/wp-json\/wp\/v2\/media?parent=103975"}],"wp:term":[{"taxonomy":"category","embeddable":true,"href":"https:\/\/www.iemj.org\/en\/wp-json\/wp\/v2\/categories?post=103975"},{"taxonomy":"post_tag","embeddable":true,"href":"https:\/\/www.iemj.org\/en\/wp-json\/wp\/v2\/tags?post=103975"},{"taxonomy":"technique","embeddable":true,"href":"https:\/\/www.iemj.org\/en\/wp-json\/wp\/v2\/technique?post=103975"},{"taxonomy":"squelettes","embeddable":true,"href":"https:\/\/www.iemj.org\/en\/wp-json\/wp\/v2\/squelettes?post=103975"},{"taxonomy":"sujet","embeddable":true,"href":"https:\/\/www.iemj.org\/en\/wp-json\/wp\/v2\/sujet?post=103975"},{"taxonomy":"formation","embeddable":true,"href":"https:\/\/www.iemj.org\/en\/wp-json\/wp\/v2\/formation?post=103975"},{"taxonomy":"genre","embeddable":true,"href":"https:\/\/www.iemj.org\/en\/wp-json\/wp\/v2\/genre?post=103975"},{"taxonomy":"fonds","embeddable":true,"href":"https:\/\/www.iemj.org\/en\/wp-json\/wp\/v2\/fonds?post=103975"},{"taxonomy":"tradition","embeddable":true,"href":"https:\/\/www.iemj.org\/en\/wp-json\/wp\/v2\/tradition?post=103975"},{"taxonomy":"type-de-contenu","embeddable":true,"href":"https:\/\/www.iemj.org\/en\/wp-json\/wp\/v2\/type-de-contenu?post=103975"},{"taxonomy":"interprete-compositeur","embeddable":true,"href":"https:\/\/www.iemj.org\/en\/wp-json\/wp\/v2\/interprete-compositeur?post=103975"},{"taxonomy":"frise","embeddable":true,"href":"https:\/\/www.iemj.org\/en\/wp-json\/wp\/v2\/frise?post=103975"},{"taxonomy":"type-devenement","embeddable":true,"href":"https:\/\/www.iemj.org\/en\/wp-json\/wp\/v2\/type-devenement?post=103975"},{"taxonomy":"tableaux-liens-externes","embeddable":true,"href":"https:\/\/www.iemj.org\/en\/wp-json\/wp\/v2\/tableaux-liens-externes?post=103975"}],"curies":[{"name":"wp","href":"https:\/\/api.w.org\/{rel}","templated":true}]}}