{"id":104287,"date":"2023-10-09T14:48:58","date_gmt":"2023-10-09T12:48:58","guid":{"rendered":"https:\/\/www.iemj.org\/concerts-les-bubbey-mayse-le-petit-matin-du-grand-soir\/"},"modified":"2023-10-09T16:49:43","modified_gmt":"2023-10-09T14:49:43","slug":"concerts-les-bubbey-mayse-le-petit-matin-du-grand-soir","status":"publish","type":"post","link":"https:\/\/www.iemj.org\/en\/concerts-les-bubbey-mayse-le-petit-matin-du-grand-soir\/","title":{"rendered":"Concerts &#8211; Les Bubbey Mayse &#8211; LE PETIT MATIN DU GRAND SOIR"},"content":{"rendered":"<p style=\"text-align: left; padding-left: 40px;\">\u2666\u2666\u2666\u2666\u2666\u2666\u2666\u2666\u2666\u2666\u2666\u2666<\/p>\n<h2 style=\"text-align: left;\"><strong>Album release by \u00c9ditions de l&#8217;IEMJ<\/strong><\/h2>\n<h4 id=\"2-eael-table-of-content\" class=\"eael-heading-content\"><strong>9th CD FROM THE \u201cDISCOVERY\u201d COLLECTION<\/strong><\/h4>\n<p style=\"text-align: left; padding-left: 40px;\">\u2666\u2666\u2666\u2666\u2666\u2666\u2666\u2666\u2666\u2666\u2666\u2666<\/p>\n<h3><a href=\"https:\/\/jazznklezmer.fr\/au-programme-de-la-21e-edition-du-festival-jazznklezmer\/\" target=\"_blank\" rel=\"noopener\">As part of the Jazz&#8217;N&#8217;Klezmer Festival &#8211; Edition 2023<\/a><\/h3>\n<p style=\"padding-left: 40px;\">\u2666\u2666\u2666\u2666\u2666\u2666\u2666\u2666\u2666\u2666\u2666\u2666<\/p>\n<p>The\u00a0Bubbey Mayse\u00a0is the power of four women.<\/p>\n<p>It\u2019s a committed music, an assertive writing style, driven by the strength of the collective.<\/p>\n<p>In their instruments, we hear the cries of stirring stories, feel the tread of anger, guess the deep roots with longings for horizon, dream of snuggling up in a dance until the wee hours\u2026<\/p>\n<p>And in their four finely tuned voices, we plunge into a whole, epidermal universe. This is the world of four women who come together around their love of klezmer music and the Yiddish language, and who draw from it the impetus to reinvent a brighter tomorrow.<\/p>\n<p>The musicians: Elsa Signorile: clarinet, vocals; Juliette Divry: cello, vocals; Margaux Li\u00e9nard: violin, vocals; Morgane Labbe: accordion, vocals<\/p>\n<ul>\n<li class=\"tribe-events-calendar-list__event-title tribe-common-h6 tribe-common-h4--min-medium\">\n<div class=\"tribe-events-calendar-list__event-datetime-wrapper tribe-common-b2\"><strong><time class=\"tribe-events-calendar-list__event-datetime\" datetime=\"2023-11-08\"><span class=\"tribe-event-date-start\"><a href=\"https:\/\/www.iemj.org\/en\/product\/les-bubbey-mayse-le-petit-matin-du-grand-soir\/\" target=\"_blank\" rel=\"noopener\"><img decoding=\"async\" class=\"alignright wp-image-103604\" src=\"https:\/\/www.iemj.org\/wp-content\/uploads\/2023\/09\/CDD9-6-300x269.jpg\" sizes=\"(max-width: 195px) 100vw, 195px\" srcset=\"https:\/\/www.iemj.org\/wp-content\/uploads\/2023\/09\/CDD9-6-300x269.jpg 300w, https:\/\/www.iemj.org\/wp-content\/uploads\/2023\/09\/CDD9-6.jpg 350w\" alt=\"\" width=\"195\" height=\"175\" \/><\/a>November 8 at 7:00 pm &#8211;<\/span><span class=\"tribe-event-time\">\u00a0<\/span><\/time><a class=\"tribe-events-calendar-list__event-title-link tribe-common-anchor-thin\" title=\"LES BUBBEY MAYSE \u00c0 GRENOBLE\" href=\"https:\/\/www.iemj.org\/en\/les-bubbey-mayse-a-grenoble-2\/\" target=\"_blank\" rel=\"bookmark noopener\">LES BUBBEY MAYSE in GRENOBLE<\/a><\/strong><\/div>\n<address class=\"tribe-events-calendar-list__event-venue tribe-common-b2\"><strong><span class=\"tribe-events-calendar-list__event-venue-title tribe-common-b2--bold\">Espace des Cultures juives <\/span><\/strong><span class=\"tribe-events-calendar-list__event-venue-title tribe-common-b2--bold\">\u2013 <\/span><span class=\"tribe-events-calendar-list__event-venue-address\">4 bis rue des bains, <\/span><strong><span class=\"tribe-events-calendar-list__event-venue-address\">38000 Grenoble\u00a0<\/span><\/strong><\/address><\/li>\n<li>\n<div class=\"tribe-events-calendar-list__event-datetime-wrapper tribe-common-b2\"><strong><time class=\"tribe-events-calendar-list__event-datetime\" datetime=\"2023-11-09\"><span class=\"tribe-event-date-start\"><time class=\"tribe-events-calendar-list__event-datetime\" datetime=\"2023-11-08\">November 9 at 8:30 pm &#8211;<\/time><\/span><span class=\"tribe-event-time\">\u00a0<\/span><\/time><a class=\"tribe-events-calendar-list__event-title-link tribe-common-anchor-thin\" title=\"LES BUBBEY MAYSE \u00c0 PARIS\" href=\"https:\/\/www.iemj.org\/evenement\/les-bubbey-mayse-a-paris\/\" target=\"_blank\" rel=\"bookmark noopener\">LES BUBBEY MAYSE in PARIS<\/a><\/strong><\/div>\n<address class=\"tribe-events-calendar-list__event-venue tribe-common-b2\"><strong><span class=\"tribe-events-calendar-list__event-venue-title tribe-common-b2--bold\">Espace Rachi\u202f Guy de Rothschild<\/span><\/strong><span class=\"tribe-events-calendar-list__event-venue-title tribe-common-b2--bold\"> \u2013\u00a0<\/span><span class=\"tribe-events-calendar-list__event-venue-address\">39, rue Broca,<\/span><strong><span class=\"tribe-events-calendar-list__event-venue-address\"> 75005 Paris<\/span><\/strong><\/address><\/li>\n<\/ul>\n<h3><a href=\"https:\/\/jazznklezmer.fr\/billetterie\/\" target=\"_blank\" rel=\"noopener\">Online booking<\/a><\/h3>\n<h2><a href=\"https:\/\/www.iemj.org\/en\/product\/les-bubbey-mayse-le-petit-matin-du-grand-soir\/\" target=\"_blank\" rel=\"noopener\">CD on sale in the EIMJ online shop<\/a><\/h2>\n<h2>\u00a0<\/h2>\n<p style=\"text-align: center;\">\u2666\u2666\u2666\u2666\u2666\u2666\u2666\u2666\u2666\u2666\u2666\u2666<\/p>\n\n\n<figure class=\"wp-block-embed is-type-video is-provider-youtube wp-block-embed-youtube wp-embed-aspect-16-9 wp-has-aspect-ratio\"><div class=\"wp-block-embed__wrapper\">\n<iframe title=\"Les Bubbey Mayse \/\/ A Heimisher Sher\" width=\"640\" height=\"360\" src=\"https:\/\/www.youtube.com\/embed\/Fd27RPr-JXE?feature=oembed\" frameborder=\"0\" allow=\"accelerometer; autoplay; clipboard-write; encrypted-media; gyroscope; picture-in-picture; web-share\" referrerpolicy=\"strict-origin-when-cross-origin\" allowfullscreen><\/iframe>\n<\/div><\/figure>\n","protected":false},"excerpt":{"rendered":"<p>\u2666\u2666\u2666\u2666\u2666\u2666\u2666\u2666\u2666\u2666\u2666\u2666 Album release by \u00c9ditions de l&#8217;IEMJ 9th CD FROM THE \u201cDISCOVERY\u201d COLLECTION \u2666\u2666\u2666\u2666\u2666\u2666\u2666\u2666\u2666\u2666\u2666\u2666 As part of the Jazz&#8217;N&#8217;Klezmer Festival &#8211; Edition 2023 \u2666\u2666\u2666\u2666\u2666\u2666\u2666\u2666\u2666\u2666\u2666\u2666 The\u00a0Bubbey Mayse\u00a0is the power of four<\/p>\n","protected":false},"author":5,"featured_media":104115,"comment_status":"closed","ping_status":"closed","sticky":false,"template":"","format":"standard","meta":{"_acf_changed":false,"footnotes":""},"categories":[1369,893],"tags":[],"technique":[],"squelettes":[],"sujet":[],"formation":[],"genre":[],"fonds":[],"tradition":[],"type-de-contenu":[],"interprete-compositeur":[],"frise":[],"type-devenement":[],"tableaux-liens-externes":[],"class_list":["post-104287","post","type-post","status-publish","format-standard","has-post-thumbnail","hentry","category-events-en","category-news-en"],"acf":[],"yoast_head":"<!-- This site is optimized with the Yoast SEO plugin v27.3 - https:\/\/yoast.com\/product\/yoast-seo-wordpress\/ -->\n<title>Concerts - Les Bubbey Mayse - LE PETIT MATIN DU GRAND SOIR - Institut Europ\u00e9en des Musiques Juives<\/title>\n<meta name=\"robots\" content=\"index, follow, max-snippet:-1, max-image-preview:large, max-video-preview:-1\" \/>\n<link rel=\"canonical\" href=\"https:\/\/www.iemj.org\/en\/concerts-les-bubbey-mayse-le-petit-matin-du-grand-soir\/\" \/>\n<meta property=\"og:locale\" content=\"en_US\" \/>\n<meta property=\"og:type\" content=\"article\" \/>\n<meta property=\"og:title\" content=\"Concerts - Les Bubbey Mayse - LE PETIT MATIN DU GRAND SOIR - Institut Europ\u00e9en des Musiques Juives\" \/>\n<meta property=\"og:description\" content=\"\u2666\u2666\u2666\u2666\u2666\u2666\u2666\u2666\u2666\u2666\u2666\u2666 Album release by \u00c9ditions de l&#8217;IEMJ 9th CD FROM THE \u201cDISCOVERY\u201d COLLECTION \u2666\u2666\u2666\u2666\u2666\u2666\u2666\u2666\u2666\u2666\u2666\u2666 As part of the Jazz&#8217;N&#8217;Klezmer Festival &#8211; Edition 2023 \u2666\u2666\u2666\u2666\u2666\u2666\u2666\u2666\u2666\u2666\u2666\u2666 The\u00a0Bubbey Mayse\u00a0is the power of four\" \/>\n<meta property=\"og:url\" content=\"https:\/\/www.iemj.org\/en\/concerts-les-bubbey-mayse-le-petit-matin-du-grand-soir\/\" \/>\n<meta property=\"og:site_name\" content=\"Institut Europ\u00e9en des Musiques Juives\" \/>\n<meta property=\"article:publisher\" content=\"https:\/\/www.facebook.com\/MusiquesJuives\/\" \/>\n<meta property=\"article:published_time\" content=\"2023-10-09T12:48:58+00:00\" \/>\n<meta property=\"article:modified_time\" content=\"2023-10-09T14:49:43+00:00\" \/>\n<meta property=\"og:image\" content=\"https:\/\/www.iemj.org\/wp-content\/uploads\/2023\/10\/LES-BUBBEY-MAYSE.jpg\" \/>\n\t<meta property=\"og:image:width\" content=\"414\" \/>\n\t<meta property=\"og:image:height\" content=\"272\" \/>\n\t<meta property=\"og:image:type\" content=\"image\/jpeg\" \/>\n<meta name=\"author\" content=\"Jacqueline ROTEN\" \/>\n<meta name=\"twitter:card\" content=\"summary_large_image\" \/>\n<meta name=\"twitter:label1\" content=\"Written by\" \/>\n\t<meta name=\"twitter:data1\" content=\"Jacqueline ROTEN\" \/>\n\t<meta name=\"twitter:label2\" content=\"Est. reading time\" \/>\n\t<meta name=\"twitter:data2\" content=\"2 minutes\" \/>\n<script type=\"application\/ld+json\" class=\"yoast-schema-graph\">{\"@context\":\"https:\\\/\\\/schema.org\",\"@graph\":[{\"@type\":\"Article\",\"@id\":\"https:\\\/\\\/www.iemj.org\\\/en\\\/concerts-les-bubbey-mayse-le-petit-matin-du-grand-soir\\\/#article\",\"isPartOf\":{\"@id\":\"https:\\\/\\\/www.iemj.org\\\/en\\\/concerts-les-bubbey-mayse-le-petit-matin-du-grand-soir\\\/\"},\"author\":{\"name\":\"Jacqueline ROTEN\",\"@id\":\"https:\\\/\\\/www.iemj.org\\\/en\\\/#\\\/schema\\\/person\\\/358e26c18aca017fcc4cc15437f7279c\"},\"headline\":\"Concerts &#8211; Les Bubbey Mayse &#8211; LE PETIT MATIN DU GRAND SOIR\",\"datePublished\":\"2023-10-09T12:48:58+00:00\",\"dateModified\":\"2023-10-09T14:49:43+00:00\",\"mainEntityOfPage\":{\"@id\":\"https:\\\/\\\/www.iemj.org\\\/en\\\/concerts-les-bubbey-mayse-le-petit-matin-du-grand-soir\\\/\"},\"wordCount\":209,\"publisher\":{\"@id\":\"https:\\\/\\\/www.iemj.org\\\/en\\\/#organization\"},\"image\":{\"@id\":\"https:\\\/\\\/www.iemj.org\\\/en\\\/concerts-les-bubbey-mayse-le-petit-matin-du-grand-soir\\\/#primaryimage\"},\"thumbnailUrl\":\"https:\\\/\\\/www.iemj.org\\\/wp-content\\\/uploads\\\/2023\\\/10\\\/LES-BUBBEY-MAYSE.jpg\",\"articleSection\":[\"Events\",\"News\"],\"inLanguage\":\"en-US\"},{\"@type\":\"WebPage\",\"@id\":\"https:\\\/\\\/www.iemj.org\\\/en\\\/concerts-les-bubbey-mayse-le-petit-matin-du-grand-soir\\\/\",\"url\":\"https:\\\/\\\/www.iemj.org\\\/en\\\/concerts-les-bubbey-mayse-le-petit-matin-du-grand-soir\\\/\",\"name\":\"Concerts - Les Bubbey Mayse - LE PETIT MATIN DU GRAND SOIR - Institut Europ\u00e9en des Musiques Juives\",\"isPartOf\":{\"@id\":\"https:\\\/\\\/www.iemj.org\\\/en\\\/#website\"},\"primaryImageOfPage\":{\"@id\":\"https:\\\/\\\/www.iemj.org\\\/en\\\/concerts-les-bubbey-mayse-le-petit-matin-du-grand-soir\\\/#primaryimage\"},\"image\":{\"@id\":\"https:\\\/\\\/www.iemj.org\\\/en\\\/concerts-les-bubbey-mayse-le-petit-matin-du-grand-soir\\\/#primaryimage\"},\"thumbnailUrl\":\"https:\\\/\\\/www.iemj.org\\\/wp-content\\\/uploads\\\/2023\\\/10\\\/LES-BUBBEY-MAYSE.jpg\",\"datePublished\":\"2023-10-09T12:48:58+00:00\",\"dateModified\":\"2023-10-09T14:49:43+00:00\",\"breadcrumb\":{\"@id\":\"https:\\\/\\\/www.iemj.org\\\/en\\\/concerts-les-bubbey-mayse-le-petit-matin-du-grand-soir\\\/#breadcrumb\"},\"inLanguage\":\"en-US\",\"potentialAction\":[{\"@type\":\"ReadAction\",\"target\":[\"https:\\\/\\\/www.iemj.org\\\/en\\\/concerts-les-bubbey-mayse-le-petit-matin-du-grand-soir\\\/\"]}]},{\"@type\":\"ImageObject\",\"inLanguage\":\"en-US\",\"@id\":\"https:\\\/\\\/www.iemj.org\\\/en\\\/concerts-les-bubbey-mayse-le-petit-matin-du-grand-soir\\\/#primaryimage\",\"url\":\"https:\\\/\\\/www.iemj.org\\\/wp-content\\\/uploads\\\/2023\\\/10\\\/LES-BUBBEY-MAYSE.jpg\",\"contentUrl\":\"https:\\\/\\\/www.iemj.org\\\/wp-content\\\/uploads\\\/2023\\\/10\\\/LES-BUBBEY-MAYSE.jpg\",\"width\":414,\"height\":272},{\"@type\":\"BreadcrumbList\",\"@id\":\"https:\\\/\\\/www.iemj.org\\\/en\\\/concerts-les-bubbey-mayse-le-petit-matin-du-grand-soir\\\/#breadcrumb\",\"itemListElement\":[{\"@type\":\"ListItem\",\"position\":1,\"name\":\"Accueil\",\"item\":\"https:\\\/\\\/www.iemj.org\\\/en\\\/\"},{\"@type\":\"ListItem\",\"position\":2,\"name\":\"Concerts &#8211; Les Bubbey Mayse &#8211; LE PETIT MATIN DU GRAND SOIR\"}]},{\"@type\":\"WebSite\",\"@id\":\"https:\\\/\\\/www.iemj.org\\\/en\\\/#website\",\"url\":\"https:\\\/\\\/www.iemj.org\\\/en\\\/\",\"name\":\"Institut Europ\u00e9en des Musiques Juives\",\"description\":\"Des traditions musicales \u00e0 la port\u00e9e de tous\",\"publisher\":{\"@id\":\"https:\\\/\\\/www.iemj.org\\\/en\\\/#organization\"},\"potentialAction\":[{\"@type\":\"SearchAction\",\"target\":{\"@type\":\"EntryPoint\",\"urlTemplate\":\"https:\\\/\\\/www.iemj.org\\\/en\\\/?s={search_term_string}\"},\"query-input\":{\"@type\":\"PropertyValueSpecification\",\"valueRequired\":true,\"valueName\":\"search_term_string\"}}],\"inLanguage\":\"en-US\"},{\"@type\":\"Organization\",\"@id\":\"https:\\\/\\\/www.iemj.org\\\/en\\\/#organization\",\"name\":\"Institut Europ\u00e9en des Musiques Juives\",\"url\":\"https:\\\/\\\/www.iemj.org\\\/en\\\/\",\"logo\":{\"@type\":\"ImageObject\",\"inLanguage\":\"en-US\",\"@id\":\"https:\\\/\\\/www.iemj.org\\\/en\\\/#\\\/schema\\\/logo\\\/image\\\/\",\"url\":\"https:\\\/\\\/www.iemj.org\\\/wp-content\\\/uploads\\\/2021\\\/09\\\/Logo-IEMJ-Paypal.jpg\",\"contentUrl\":\"https:\\\/\\\/www.iemj.org\\\/wp-content\\\/uploads\\\/2021\\\/09\\\/Logo-IEMJ-Paypal.jpg\",\"width\":150,\"height\":50,\"caption\":\"Institut Europ\u00e9en des Musiques Juives\"},\"image\":{\"@id\":\"https:\\\/\\\/www.iemj.org\\\/en\\\/#\\\/schema\\\/logo\\\/image\\\/\"},\"sameAs\":[\"https:\\\/\\\/www.facebook.com\\\/MusiquesJuives\\\/\",\"https:\\\/\\\/www.instagram.com\\\/musiquesjuives\\\/\",\"https:\\\/\\\/www.youtube.com\\\/user\\\/musiquesjuives\"]},{\"@type\":\"Person\",\"@id\":\"https:\\\/\\\/www.iemj.org\\\/en\\\/#\\\/schema\\\/person\\\/358e26c18aca017fcc4cc15437f7279c\",\"name\":\"Jacqueline ROTEN\",\"image\":{\"@type\":\"ImageObject\",\"inLanguage\":\"en-US\",\"@id\":\"https:\\\/\\\/secure.gravatar.com\\\/avatar\\\/5964256d6c6957de3a3505278957e0fb2a35119ac47ea41827a65301213c810b?s=96&d=mm&r=g\",\"url\":\"https:\\\/\\\/secure.gravatar.com\\\/avatar\\\/5964256d6c6957de3a3505278957e0fb2a35119ac47ea41827a65301213c810b?s=96&d=mm&r=g\",\"contentUrl\":\"https:\\\/\\\/secure.gravatar.com\\\/avatar\\\/5964256d6c6957de3a3505278957e0fb2a35119ac47ea41827a65301213c810b?s=96&d=mm&r=g\",\"caption\":\"Jacqueline ROTEN\"}}]}<\/script>\n<!-- \/ Yoast SEO plugin. -->","yoast_head_json":{"title":"Concerts - Les Bubbey Mayse - LE PETIT MATIN DU GRAND SOIR - Institut Europ\u00e9en des Musiques Juives","robots":{"index":"index","follow":"follow","max-snippet":"max-snippet:-1","max-image-preview":"max-image-preview:large","max-video-preview":"max-video-preview:-1"},"canonical":"https:\/\/www.iemj.org\/en\/concerts-les-bubbey-mayse-le-petit-matin-du-grand-soir\/","og_locale":"en_US","og_type":"article","og_title":"Concerts - Les Bubbey Mayse - LE PETIT MATIN DU GRAND SOIR - Institut Europ\u00e9en des Musiques Juives","og_description":"\u2666\u2666\u2666\u2666\u2666\u2666\u2666\u2666\u2666\u2666\u2666\u2666 Album release by \u00c9ditions de l&#8217;IEMJ 9th CD FROM THE \u201cDISCOVERY\u201d COLLECTION \u2666\u2666\u2666\u2666\u2666\u2666\u2666\u2666\u2666\u2666\u2666\u2666 As part of the Jazz&#8217;N&#8217;Klezmer Festival &#8211; Edition 2023 \u2666\u2666\u2666\u2666\u2666\u2666\u2666\u2666\u2666\u2666\u2666\u2666 The\u00a0Bubbey Mayse\u00a0is the power of four","og_url":"https:\/\/www.iemj.org\/en\/concerts-les-bubbey-mayse-le-petit-matin-du-grand-soir\/","og_site_name":"Institut Europ\u00e9en des Musiques Juives","article_publisher":"https:\/\/www.facebook.com\/MusiquesJuives\/","article_published_time":"2023-10-09T12:48:58+00:00","article_modified_time":"2023-10-09T14:49:43+00:00","og_image":[{"width":414,"height":272,"url":"https:\/\/www.iemj.org\/wp-content\/uploads\/2023\/10\/LES-BUBBEY-MAYSE.jpg","type":"image\/jpeg"}],"author":"Jacqueline ROTEN","twitter_card":"summary_large_image","twitter_misc":{"Written by":"Jacqueline ROTEN","Est. reading time":"2 minutes"},"schema":{"@context":"https:\/\/schema.org","@graph":[{"@type":"Article","@id":"https:\/\/www.iemj.org\/en\/concerts-les-bubbey-mayse-le-petit-matin-du-grand-soir\/#article","isPartOf":{"@id":"https:\/\/www.iemj.org\/en\/concerts-les-bubbey-mayse-le-petit-matin-du-grand-soir\/"},"author":{"name":"Jacqueline ROTEN","@id":"https:\/\/www.iemj.org\/en\/#\/schema\/person\/358e26c18aca017fcc4cc15437f7279c"},"headline":"Concerts &#8211; Les Bubbey Mayse &#8211; LE PETIT MATIN DU GRAND SOIR","datePublished":"2023-10-09T12:48:58+00:00","dateModified":"2023-10-09T14:49:43+00:00","mainEntityOfPage":{"@id":"https:\/\/www.iemj.org\/en\/concerts-les-bubbey-mayse-le-petit-matin-du-grand-soir\/"},"wordCount":209,"publisher":{"@id":"https:\/\/www.iemj.org\/en\/#organization"},"image":{"@id":"https:\/\/www.iemj.org\/en\/concerts-les-bubbey-mayse-le-petit-matin-du-grand-soir\/#primaryimage"},"thumbnailUrl":"https:\/\/www.iemj.org\/wp-content\/uploads\/2023\/10\/LES-BUBBEY-MAYSE.jpg","articleSection":["Events","News"],"inLanguage":"en-US"},{"@type":"WebPage","@id":"https:\/\/www.iemj.org\/en\/concerts-les-bubbey-mayse-le-petit-matin-du-grand-soir\/","url":"https:\/\/www.iemj.org\/en\/concerts-les-bubbey-mayse-le-petit-matin-du-grand-soir\/","name":"Concerts - Les Bubbey Mayse - LE PETIT MATIN DU GRAND SOIR - Institut Europ\u00e9en des Musiques Juives","isPartOf":{"@id":"https:\/\/www.iemj.org\/en\/#website"},"primaryImageOfPage":{"@id":"https:\/\/www.iemj.org\/en\/concerts-les-bubbey-mayse-le-petit-matin-du-grand-soir\/#primaryimage"},"image":{"@id":"https:\/\/www.iemj.org\/en\/concerts-les-bubbey-mayse-le-petit-matin-du-grand-soir\/#primaryimage"},"thumbnailUrl":"https:\/\/www.iemj.org\/wp-content\/uploads\/2023\/10\/LES-BUBBEY-MAYSE.jpg","datePublished":"2023-10-09T12:48:58+00:00","dateModified":"2023-10-09T14:49:43+00:00","breadcrumb":{"@id":"https:\/\/www.iemj.org\/en\/concerts-les-bubbey-mayse-le-petit-matin-du-grand-soir\/#breadcrumb"},"inLanguage":"en-US","potentialAction":[{"@type":"ReadAction","target":["https:\/\/www.iemj.org\/en\/concerts-les-bubbey-mayse-le-petit-matin-du-grand-soir\/"]}]},{"@type":"ImageObject","inLanguage":"en-US","@id":"https:\/\/www.iemj.org\/en\/concerts-les-bubbey-mayse-le-petit-matin-du-grand-soir\/#primaryimage","url":"https:\/\/www.iemj.org\/wp-content\/uploads\/2023\/10\/LES-BUBBEY-MAYSE.jpg","contentUrl":"https:\/\/www.iemj.org\/wp-content\/uploads\/2023\/10\/LES-BUBBEY-MAYSE.jpg","width":414,"height":272},{"@type":"BreadcrumbList","@id":"https:\/\/www.iemj.org\/en\/concerts-les-bubbey-mayse-le-petit-matin-du-grand-soir\/#breadcrumb","itemListElement":[{"@type":"ListItem","position":1,"name":"Accueil","item":"https:\/\/www.iemj.org\/en\/"},{"@type":"ListItem","position":2,"name":"Concerts &#8211; Les Bubbey Mayse &#8211; LE PETIT MATIN DU GRAND SOIR"}]},{"@type":"WebSite","@id":"https:\/\/www.iemj.org\/en\/#website","url":"https:\/\/www.iemj.org\/en\/","name":"Institut Europ\u00e9en des Musiques Juives","description":"Des traditions musicales \u00e0 la port\u00e9e de tous","publisher":{"@id":"https:\/\/www.iemj.org\/en\/#organization"},"potentialAction":[{"@type":"SearchAction","target":{"@type":"EntryPoint","urlTemplate":"https:\/\/www.iemj.org\/en\/?s={search_term_string}"},"query-input":{"@type":"PropertyValueSpecification","valueRequired":true,"valueName":"search_term_string"}}],"inLanguage":"en-US"},{"@type":"Organization","@id":"https:\/\/www.iemj.org\/en\/#organization","name":"Institut Europ\u00e9en des Musiques Juives","url":"https:\/\/www.iemj.org\/en\/","logo":{"@type":"ImageObject","inLanguage":"en-US","@id":"https:\/\/www.iemj.org\/en\/#\/schema\/logo\/image\/","url":"https:\/\/www.iemj.org\/wp-content\/uploads\/2021\/09\/Logo-IEMJ-Paypal.jpg","contentUrl":"https:\/\/www.iemj.org\/wp-content\/uploads\/2021\/09\/Logo-IEMJ-Paypal.jpg","width":150,"height":50,"caption":"Institut Europ\u00e9en des Musiques Juives"},"image":{"@id":"https:\/\/www.iemj.org\/en\/#\/schema\/logo\/image\/"},"sameAs":["https:\/\/www.facebook.com\/MusiquesJuives\/","https:\/\/www.instagram.com\/musiquesjuives\/","https:\/\/www.youtube.com\/user\/musiquesjuives"]},{"@type":"Person","@id":"https:\/\/www.iemj.org\/en\/#\/schema\/person\/358e26c18aca017fcc4cc15437f7279c","name":"Jacqueline ROTEN","image":{"@type":"ImageObject","inLanguage":"en-US","@id":"https:\/\/secure.gravatar.com\/avatar\/5964256d6c6957de3a3505278957e0fb2a35119ac47ea41827a65301213c810b?s=96&d=mm&r=g","url":"https:\/\/secure.gravatar.com\/avatar\/5964256d6c6957de3a3505278957e0fb2a35119ac47ea41827a65301213c810b?s=96&d=mm&r=g","contentUrl":"https:\/\/secure.gravatar.com\/avatar\/5964256d6c6957de3a3505278957e0fb2a35119ac47ea41827a65301213c810b?s=96&d=mm&r=g","caption":"Jacqueline ROTEN"}}]}},"_links":{"self":[{"href":"https:\/\/www.iemj.org\/en\/wp-json\/wp\/v2\/posts\/104287","targetHints":{"allow":["GET"]}}],"collection":[{"href":"https:\/\/www.iemj.org\/en\/wp-json\/wp\/v2\/posts"}],"about":[{"href":"https:\/\/www.iemj.org\/en\/wp-json\/wp\/v2\/types\/post"}],"author":[{"embeddable":true,"href":"https:\/\/www.iemj.org\/en\/wp-json\/wp\/v2\/users\/5"}],"replies":[{"embeddable":true,"href":"https:\/\/www.iemj.org\/en\/wp-json\/wp\/v2\/comments?post=104287"}],"version-history":[{"count":0,"href":"https:\/\/www.iemj.org\/en\/wp-json\/wp\/v2\/posts\/104287\/revisions"}],"wp:featuredmedia":[{"embeddable":true,"href":"https:\/\/www.iemj.org\/en\/wp-json\/wp\/v2\/media\/104115"}],"wp:attachment":[{"href":"https:\/\/www.iemj.org\/en\/wp-json\/wp\/v2\/media?parent=104287"}],"wp:term":[{"taxonomy":"category","embeddable":true,"href":"https:\/\/www.iemj.org\/en\/wp-json\/wp\/v2\/categories?post=104287"},{"taxonomy":"post_tag","embeddable":true,"href":"https:\/\/www.iemj.org\/en\/wp-json\/wp\/v2\/tags?post=104287"},{"taxonomy":"technique","embeddable":true,"href":"https:\/\/www.iemj.org\/en\/wp-json\/wp\/v2\/technique?post=104287"},{"taxonomy":"squelettes","embeddable":true,"href":"https:\/\/www.iemj.org\/en\/wp-json\/wp\/v2\/squelettes?post=104287"},{"taxonomy":"sujet","embeddable":true,"href":"https:\/\/www.iemj.org\/en\/wp-json\/wp\/v2\/sujet?post=104287"},{"taxonomy":"formation","embeddable":true,"href":"https:\/\/www.iemj.org\/en\/wp-json\/wp\/v2\/formation?post=104287"},{"taxonomy":"genre","embeddable":true,"href":"https:\/\/www.iemj.org\/en\/wp-json\/wp\/v2\/genre?post=104287"},{"taxonomy":"fonds","embeddable":true,"href":"https:\/\/www.iemj.org\/en\/wp-json\/wp\/v2\/fonds?post=104287"},{"taxonomy":"tradition","embeddable":true,"href":"https:\/\/www.iemj.org\/en\/wp-json\/wp\/v2\/tradition?post=104287"},{"taxonomy":"type-de-contenu","embeddable":true,"href":"https:\/\/www.iemj.org\/en\/wp-json\/wp\/v2\/type-de-contenu?post=104287"},{"taxonomy":"interprete-compositeur","embeddable":true,"href":"https:\/\/www.iemj.org\/en\/wp-json\/wp\/v2\/interprete-compositeur?post=104287"},{"taxonomy":"frise","embeddable":true,"href":"https:\/\/www.iemj.org\/en\/wp-json\/wp\/v2\/frise?post=104287"},{"taxonomy":"type-devenement","embeddable":true,"href":"https:\/\/www.iemj.org\/en\/wp-json\/wp\/v2\/type-devenement?post=104287"},{"taxonomy":"tableaux-liens-externes","embeddable":true,"href":"https:\/\/www.iemj.org\/en\/wp-json\/wp\/v2\/tableaux-liens-externes?post=104287"}],"curies":[{"name":"wp","href":"https:\/\/api.w.org\/{rel}","templated":true}]}}