{"id":105251,"date":"2023-11-08T16:14:13","date_gmt":"2023-11-08T15:14:13","guid":{"rendered":"https:\/\/www.iemj.org\/the-wolf-and-the-lamb\/"},"modified":"2025-10-19T17:27:34","modified_gmt":"2025-10-19T15:27:34","slug":"the-wolf-and-the-lamb","status":"publish","type":"post","link":"https:\/\/www.iemj.org\/en\/the-wolf-and-the-lamb\/","title":{"rendered":"The Wolf and the Lamb &#8211; Live at the Shakh"},"content":{"rendered":"\n<p><\/p>\n\n\n<p>\u00a0\u201cThe Wolf and the Lamb,&#8221; by klezmer legend <a href=\"https:\/\/www.iemj.org\/en\/strom-yale\/\">Yale Strom<\/a> and his group Hot Pstromi, was recorded in the beautifully-restored synagogue in Holesov, CZ. The album resurrects Jewish music from the community of Holesov &#8211; a town of 12,000 that was 1\/3 Jewish at the turn of the last century.\u00a0\u00a0Yale Strom researched lost traditions from Holesov, a combination of oral histories and finding old manuscripts.<\/p>\n<p>An old Yiddish poem inspires the track \u2018The Wolf and the Lamb\u2019, believed to be sung as a lullaby, and relays a tale of Jewish communities deeply ingrained in the Burgenland region of Austria. Originally without a melody, Yale Strom composed the tune in the impressionistic classical style. Combined with vocals performed in the authentic Yiddish dialect of the area, the song evokes specific moods and emotions and provides a musical manifestation of the album\u2019s concept and motifs.<\/p>\n<p>Sprinkled through the unmistakable sounds of klezmer, we witness evidence of cultural crossings as influences from Ukrainian, Livonian, Belarusian, and Romani peoples ring through in a harmony that transcends music and echoes through time itself. The album\u2019s themes are perhaps no better displayed than in the title track. In the band leader Yale Strom\u2019s own words\u2026\u00a0<em>\u201cThe Wolf and The Lamb explores the tension between tradition and exploration. This tension is a hallmark of our music, which rests on the traditional form and modern exploration.\u201d<\/em><\/p>\n<p>Yale Strom is a violinist, composer, and one of the world&#8217;s leading ethnographer-artists of klezmer music and history. His extensive ethnographic research in Eastern Europe plays an integral part in forming the repertoire of his klezmer band Hot Pstromi. Founded in 1981 and based in New York and San Diego, this group of virtuoso international musicians has been delighting klezmer music fans around the world for over forty years.<\/p>\n<p><a href=\"https:\/\/store.arcmusic.co.uk\/the-wolf-and-the-lamb-live-at-the-shakh.html\" target=\"_blank\" rel=\"noopener\">Purchase the CD<\/a><\/p>\n<p><img fetchpriority=\"high\" decoding=\"async\" class=\"wp-image-105198 aligncenter\" src=\"https:\/\/www.iemj.org\/wp-content\/uploads\/2023\/11\/COUV4-CD_TheWolf-300x300.jpg\" alt=\"\" width=\"447\" height=\"447\" srcset=\"https:\/\/www.iemj.org\/wp-content\/uploads\/2023\/11\/COUV4-CD_TheWolf-300x300.jpg 300w, https:\/\/www.iemj.org\/wp-content\/uploads\/2023\/11\/COUV4-CD_TheWolf-150x150.jpg 150w, https:\/\/www.iemj.org\/wp-content\/uploads\/2023\/11\/COUV4-CD_TheWolf-100x100.jpg 100w, https:\/\/www.iemj.org\/wp-content\/uploads\/2023\/11\/COUV4-CD_TheWolf.jpg 500w\" sizes=\"(max-width: 447px) 100vw, 447px\" \/><\/p>\n\n\n<figure class=\"wp-block-embed is-type-video is-provider-youtube wp-block-embed-youtube wp-embed-aspect-16-9 wp-has-aspect-ratio\"><div class=\"wp-block-embed__wrapper\">\n<iframe title=\"Yale Strom &amp; Hot Pstromi: The Wolf and The Lamb: Live at the Shakh\" width=\"640\" height=\"360\" src=\"https:\/\/www.youtube.com\/embed\/ZkrECNSUm6o?feature=oembed\" frameborder=\"0\" allow=\"accelerometer; autoplay; clipboard-write; encrypted-media; gyroscope; picture-in-picture; web-share\" referrerpolicy=\"strict-origin-when-cross-origin\" allowfullscreen><\/iframe>\n<\/div><\/figure>\n\n\n<div class=\"wp-block-image\">\n<figure class=\"aligncenter size-large\"><img decoding=\"async\" width=\"1024\" height=\"133\" src=\"https:\/\/www.iemj.org\/wp-content\/uploads\/2024\/03\/AUDIO-PLAYER-1024x133.png\" alt=\"\" class=\"wp-image-110607\" srcset=\"https:\/\/www.iemj.org\/wp-content\/uploads\/2024\/03\/AUDIO-PLAYER-1024x133.png 1024w, https:\/\/www.iemj.org\/wp-content\/uploads\/2024\/03\/AUDIO-PLAYER-300x39.png 300w, https:\/\/www.iemj.org\/wp-content\/uploads\/2024\/03\/AUDIO-PLAYER-768x100.png 768w, https:\/\/www.iemj.org\/wp-content\/uploads\/2024\/03\/AUDIO-PLAYER-600x78.png 600w, https:\/\/www.iemj.org\/wp-content\/uploads\/2024\/03\/AUDIO-PLAYER.png 1210w\" sizes=\"(max-width: 1024px) 100vw, 1024px\" \/><\/figure>\n<\/div>","protected":false},"excerpt":{"rendered":"<p>\u00a0\u201cThe Wolf and the Lamb,&#8221; by klezmer legend Yale Strom and his group Hot Pstromi, was recorded in the beautifully-restored synagogue in Holesov, CZ. The album resurrects Jewish music from<\/p>\n","protected":false},"author":5,"featured_media":105194,"comment_status":"closed","ping_status":"closed","sticky":false,"template":"","format":"standard","meta":{"_acf_changed":false,"footnotes":""},"categories":[1570,1562],"tags":[],"technique":[],"squelettes":[],"sujet":[],"formation":[],"genre":[1113],"fonds":[],"tradition":[],"type-de-contenu":[],"interprete-compositeur":[],"frise":[],"type-devenement":[],"tableaux-liens-externes":[],"class_list":["post-105251","post","type-post","status-publish","format-standard","has-post-thumbnail","hentry","category-cd-latest-acquisition-en","category-latest-acquisitions-en","genre-klezmer-en"],"acf":[],"yoast_head":"<!-- This site is optimized with the Yoast SEO plugin v27.3 - https:\/\/yoast.com\/product\/yoast-seo-wordpress\/ -->\n<title>The Wolf and the Lamb - Live at the Shakh - Institut Europ\u00e9en des Musiques Juives<\/title>\n<meta name=\"robots\" content=\"index, follow, max-snippet:-1, max-image-preview:large, max-video-preview:-1\" \/>\n<link rel=\"canonical\" href=\"https:\/\/www.iemj.org\/en\/the-wolf-and-the-lamb\/\" \/>\n<meta property=\"og:locale\" content=\"en_US\" \/>\n<meta property=\"og:type\" content=\"article\" \/>\n<meta property=\"og:title\" content=\"The Wolf and the Lamb - Live at the Shakh - Institut Europ\u00e9en des Musiques Juives\" \/>\n<meta property=\"og:description\" content=\"\u00a0\u201cThe Wolf and the Lamb,&#8221; by klezmer legend Yale Strom and his group Hot Pstromi, was recorded in the beautifully-restored synagogue in Holesov, CZ. The album resurrects Jewish music from\" \/>\n<meta property=\"og:url\" content=\"https:\/\/www.iemj.org\/en\/the-wolf-and-the-lamb\/\" \/>\n<meta property=\"og:site_name\" content=\"Institut Europ\u00e9en des Musiques Juives\" \/>\n<meta property=\"article:publisher\" content=\"https:\/\/www.facebook.com\/MusiquesJuives\/\" \/>\n<meta property=\"article:published_time\" content=\"2023-11-08T15:14:13+00:00\" \/>\n<meta property=\"article:modified_time\" content=\"2025-10-19T15:27:34+00:00\" \/>\n<meta property=\"og:image\" content=\"https:\/\/www.iemj.org\/wp-content\/uploads\/2023\/11\/COUV-CD.jpg\" \/>\n\t<meta property=\"og:image:width\" content=\"500\" \/>\n\t<meta property=\"og:image:height\" content=\"500\" \/>\n\t<meta property=\"og:image:type\" content=\"image\/jpeg\" \/>\n<meta name=\"author\" content=\"Jacqueline ROTEN\" \/>\n<meta name=\"twitter:card\" content=\"summary_large_image\" \/>\n<meta name=\"twitter:label1\" content=\"Written by\" \/>\n\t<meta name=\"twitter:data1\" content=\"Jacqueline ROTEN\" \/>\n\t<meta name=\"twitter:label2\" content=\"Est. reading time\" \/>\n\t<meta name=\"twitter:data2\" content=\"3 minutes\" \/>\n<script type=\"application\/ld+json\" class=\"yoast-schema-graph\">{\"@context\":\"https:\\\/\\\/schema.org\",\"@graph\":[{\"@type\":\"Article\",\"@id\":\"https:\\\/\\\/www.iemj.org\\\/en\\\/the-wolf-and-the-lamb\\\/#article\",\"isPartOf\":{\"@id\":\"https:\\\/\\\/www.iemj.org\\\/en\\\/the-wolf-and-the-lamb\\\/\"},\"author\":{\"name\":\"Jacqueline ROTEN\",\"@id\":\"https:\\\/\\\/www.iemj.org\\\/en\\\/#\\\/schema\\\/person\\\/358e26c18aca017fcc4cc15437f7279c\"},\"headline\":\"The Wolf and the Lamb &#8211; Live at the Shakh\",\"datePublished\":\"2023-11-08T15:14:13+00:00\",\"dateModified\":\"2025-10-19T15:27:34+00:00\",\"mainEntityOfPage\":{\"@id\":\"https:\\\/\\\/www.iemj.org\\\/en\\\/the-wolf-and-the-lamb\\\/\"},\"wordCount\":317,\"publisher\":{\"@id\":\"https:\\\/\\\/www.iemj.org\\\/en\\\/#organization\"},\"image\":{\"@id\":\"https:\\\/\\\/www.iemj.org\\\/en\\\/the-wolf-and-the-lamb\\\/#primaryimage\"},\"thumbnailUrl\":\"https:\\\/\\\/www.iemj.org\\\/wp-content\\\/uploads\\\/2023\\\/11\\\/COUV-CD.jpg\",\"articleSection\":[\"CD\",\"Latest Acquisitions\"],\"inLanguage\":\"en-US\"},{\"@type\":\"WebPage\",\"@id\":\"https:\\\/\\\/www.iemj.org\\\/en\\\/the-wolf-and-the-lamb\\\/\",\"url\":\"https:\\\/\\\/www.iemj.org\\\/en\\\/the-wolf-and-the-lamb\\\/\",\"name\":\"The Wolf and the Lamb - Live at the Shakh - Institut Europ\u00e9en des Musiques Juives\",\"isPartOf\":{\"@id\":\"https:\\\/\\\/www.iemj.org\\\/en\\\/#website\"},\"primaryImageOfPage\":{\"@id\":\"https:\\\/\\\/www.iemj.org\\\/en\\\/the-wolf-and-the-lamb\\\/#primaryimage\"},\"image\":{\"@id\":\"https:\\\/\\\/www.iemj.org\\\/en\\\/the-wolf-and-the-lamb\\\/#primaryimage\"},\"thumbnailUrl\":\"https:\\\/\\\/www.iemj.org\\\/wp-content\\\/uploads\\\/2023\\\/11\\\/COUV-CD.jpg\",\"datePublished\":\"2023-11-08T15:14:13+00:00\",\"dateModified\":\"2025-10-19T15:27:34+00:00\",\"breadcrumb\":{\"@id\":\"https:\\\/\\\/www.iemj.org\\\/en\\\/the-wolf-and-the-lamb\\\/#breadcrumb\"},\"inLanguage\":\"en-US\",\"potentialAction\":[{\"@type\":\"ReadAction\",\"target\":[\"https:\\\/\\\/www.iemj.org\\\/en\\\/the-wolf-and-the-lamb\\\/\"]}]},{\"@type\":\"ImageObject\",\"inLanguage\":\"en-US\",\"@id\":\"https:\\\/\\\/www.iemj.org\\\/en\\\/the-wolf-and-the-lamb\\\/#primaryimage\",\"url\":\"https:\\\/\\\/www.iemj.org\\\/wp-content\\\/uploads\\\/2023\\\/11\\\/COUV-CD.jpg\",\"contentUrl\":\"https:\\\/\\\/www.iemj.org\\\/wp-content\\\/uploads\\\/2023\\\/11\\\/COUV-CD.jpg\",\"width\":500,\"height\":500},{\"@type\":\"BreadcrumbList\",\"@id\":\"https:\\\/\\\/www.iemj.org\\\/en\\\/the-wolf-and-the-lamb\\\/#breadcrumb\",\"itemListElement\":[{\"@type\":\"ListItem\",\"position\":1,\"name\":\"Accueil\",\"item\":\"https:\\\/\\\/www.iemj.org\\\/en\\\/\"},{\"@type\":\"ListItem\",\"position\":2,\"name\":\"The Wolf and the Lamb &#8211; Live at the Shakh\"}]},{\"@type\":\"WebSite\",\"@id\":\"https:\\\/\\\/www.iemj.org\\\/en\\\/#website\",\"url\":\"https:\\\/\\\/www.iemj.org\\\/en\\\/\",\"name\":\"Institut Europ\u00e9en des Musiques Juives\",\"description\":\"Des traditions musicales \u00e0 la port\u00e9e de tous\",\"publisher\":{\"@id\":\"https:\\\/\\\/www.iemj.org\\\/en\\\/#organization\"},\"potentialAction\":[{\"@type\":\"SearchAction\",\"target\":{\"@type\":\"EntryPoint\",\"urlTemplate\":\"https:\\\/\\\/www.iemj.org\\\/en\\\/?s={search_term_string}\"},\"query-input\":{\"@type\":\"PropertyValueSpecification\",\"valueRequired\":true,\"valueName\":\"search_term_string\"}}],\"inLanguage\":\"en-US\"},{\"@type\":\"Organization\",\"@id\":\"https:\\\/\\\/www.iemj.org\\\/en\\\/#organization\",\"name\":\"Institut Europ\u00e9en des Musiques Juives\",\"url\":\"https:\\\/\\\/www.iemj.org\\\/en\\\/\",\"logo\":{\"@type\":\"ImageObject\",\"inLanguage\":\"en-US\",\"@id\":\"https:\\\/\\\/www.iemj.org\\\/en\\\/#\\\/schema\\\/logo\\\/image\\\/\",\"url\":\"https:\\\/\\\/www.iemj.org\\\/wp-content\\\/uploads\\\/2021\\\/09\\\/Logo-IEMJ-Paypal.jpg\",\"contentUrl\":\"https:\\\/\\\/www.iemj.org\\\/wp-content\\\/uploads\\\/2021\\\/09\\\/Logo-IEMJ-Paypal.jpg\",\"width\":150,\"height\":50,\"caption\":\"Institut Europ\u00e9en des Musiques Juives\"},\"image\":{\"@id\":\"https:\\\/\\\/www.iemj.org\\\/en\\\/#\\\/schema\\\/logo\\\/image\\\/\"},\"sameAs\":[\"https:\\\/\\\/www.facebook.com\\\/MusiquesJuives\\\/\",\"https:\\\/\\\/www.instagram.com\\\/musiquesjuives\\\/\",\"https:\\\/\\\/www.youtube.com\\\/user\\\/musiquesjuives\"]},{\"@type\":\"Person\",\"@id\":\"https:\\\/\\\/www.iemj.org\\\/en\\\/#\\\/schema\\\/person\\\/358e26c18aca017fcc4cc15437f7279c\",\"name\":\"Jacqueline ROTEN\",\"image\":{\"@type\":\"ImageObject\",\"inLanguage\":\"en-US\",\"@id\":\"https:\\\/\\\/secure.gravatar.com\\\/avatar\\\/5964256d6c6957de3a3505278957e0fb2a35119ac47ea41827a65301213c810b?s=96&d=mm&r=g\",\"url\":\"https:\\\/\\\/secure.gravatar.com\\\/avatar\\\/5964256d6c6957de3a3505278957e0fb2a35119ac47ea41827a65301213c810b?s=96&d=mm&r=g\",\"contentUrl\":\"https:\\\/\\\/secure.gravatar.com\\\/avatar\\\/5964256d6c6957de3a3505278957e0fb2a35119ac47ea41827a65301213c810b?s=96&d=mm&r=g\",\"caption\":\"Jacqueline ROTEN\"}}]}<\/script>\n<!-- \/ Yoast SEO plugin. -->","yoast_head_json":{"title":"The Wolf and the Lamb - Live at the Shakh - Institut Europ\u00e9en des Musiques Juives","robots":{"index":"index","follow":"follow","max-snippet":"max-snippet:-1","max-image-preview":"max-image-preview:large","max-video-preview":"max-video-preview:-1"},"canonical":"https:\/\/www.iemj.org\/en\/the-wolf-and-the-lamb\/","og_locale":"en_US","og_type":"article","og_title":"The Wolf and the Lamb - Live at the Shakh - Institut Europ\u00e9en des Musiques Juives","og_description":"\u00a0\u201cThe Wolf and the Lamb,&#8221; by klezmer legend Yale Strom and his group Hot Pstromi, was recorded in the beautifully-restored synagogue in Holesov, CZ. The album resurrects Jewish music from","og_url":"https:\/\/www.iemj.org\/en\/the-wolf-and-the-lamb\/","og_site_name":"Institut Europ\u00e9en des Musiques Juives","article_publisher":"https:\/\/www.facebook.com\/MusiquesJuives\/","article_published_time":"2023-11-08T15:14:13+00:00","article_modified_time":"2025-10-19T15:27:34+00:00","og_image":[{"width":500,"height":500,"url":"https:\/\/www.iemj.org\/wp-content\/uploads\/2023\/11\/COUV-CD.jpg","type":"image\/jpeg"}],"author":"Jacqueline ROTEN","twitter_card":"summary_large_image","twitter_misc":{"Written by":"Jacqueline ROTEN","Est. reading time":"3 minutes"},"schema":{"@context":"https:\/\/schema.org","@graph":[{"@type":"Article","@id":"https:\/\/www.iemj.org\/en\/the-wolf-and-the-lamb\/#article","isPartOf":{"@id":"https:\/\/www.iemj.org\/en\/the-wolf-and-the-lamb\/"},"author":{"name":"Jacqueline ROTEN","@id":"https:\/\/www.iemj.org\/en\/#\/schema\/person\/358e26c18aca017fcc4cc15437f7279c"},"headline":"The Wolf and the Lamb &#8211; Live at the Shakh","datePublished":"2023-11-08T15:14:13+00:00","dateModified":"2025-10-19T15:27:34+00:00","mainEntityOfPage":{"@id":"https:\/\/www.iemj.org\/en\/the-wolf-and-the-lamb\/"},"wordCount":317,"publisher":{"@id":"https:\/\/www.iemj.org\/en\/#organization"},"image":{"@id":"https:\/\/www.iemj.org\/en\/the-wolf-and-the-lamb\/#primaryimage"},"thumbnailUrl":"https:\/\/www.iemj.org\/wp-content\/uploads\/2023\/11\/COUV-CD.jpg","articleSection":["CD","Latest Acquisitions"],"inLanguage":"en-US"},{"@type":"WebPage","@id":"https:\/\/www.iemj.org\/en\/the-wolf-and-the-lamb\/","url":"https:\/\/www.iemj.org\/en\/the-wolf-and-the-lamb\/","name":"The Wolf and the Lamb - Live at the Shakh - Institut Europ\u00e9en des Musiques Juives","isPartOf":{"@id":"https:\/\/www.iemj.org\/en\/#website"},"primaryImageOfPage":{"@id":"https:\/\/www.iemj.org\/en\/the-wolf-and-the-lamb\/#primaryimage"},"image":{"@id":"https:\/\/www.iemj.org\/en\/the-wolf-and-the-lamb\/#primaryimage"},"thumbnailUrl":"https:\/\/www.iemj.org\/wp-content\/uploads\/2023\/11\/COUV-CD.jpg","datePublished":"2023-11-08T15:14:13+00:00","dateModified":"2025-10-19T15:27:34+00:00","breadcrumb":{"@id":"https:\/\/www.iemj.org\/en\/the-wolf-and-the-lamb\/#breadcrumb"},"inLanguage":"en-US","potentialAction":[{"@type":"ReadAction","target":["https:\/\/www.iemj.org\/en\/the-wolf-and-the-lamb\/"]}]},{"@type":"ImageObject","inLanguage":"en-US","@id":"https:\/\/www.iemj.org\/en\/the-wolf-and-the-lamb\/#primaryimage","url":"https:\/\/www.iemj.org\/wp-content\/uploads\/2023\/11\/COUV-CD.jpg","contentUrl":"https:\/\/www.iemj.org\/wp-content\/uploads\/2023\/11\/COUV-CD.jpg","width":500,"height":500},{"@type":"BreadcrumbList","@id":"https:\/\/www.iemj.org\/en\/the-wolf-and-the-lamb\/#breadcrumb","itemListElement":[{"@type":"ListItem","position":1,"name":"Accueil","item":"https:\/\/www.iemj.org\/en\/"},{"@type":"ListItem","position":2,"name":"The Wolf and the Lamb &#8211; Live at the Shakh"}]},{"@type":"WebSite","@id":"https:\/\/www.iemj.org\/en\/#website","url":"https:\/\/www.iemj.org\/en\/","name":"Institut Europ\u00e9en des Musiques Juives","description":"Des traditions musicales \u00e0 la port\u00e9e de tous","publisher":{"@id":"https:\/\/www.iemj.org\/en\/#organization"},"potentialAction":[{"@type":"SearchAction","target":{"@type":"EntryPoint","urlTemplate":"https:\/\/www.iemj.org\/en\/?s={search_term_string}"},"query-input":{"@type":"PropertyValueSpecification","valueRequired":true,"valueName":"search_term_string"}}],"inLanguage":"en-US"},{"@type":"Organization","@id":"https:\/\/www.iemj.org\/en\/#organization","name":"Institut Europ\u00e9en des Musiques Juives","url":"https:\/\/www.iemj.org\/en\/","logo":{"@type":"ImageObject","inLanguage":"en-US","@id":"https:\/\/www.iemj.org\/en\/#\/schema\/logo\/image\/","url":"https:\/\/www.iemj.org\/wp-content\/uploads\/2021\/09\/Logo-IEMJ-Paypal.jpg","contentUrl":"https:\/\/www.iemj.org\/wp-content\/uploads\/2021\/09\/Logo-IEMJ-Paypal.jpg","width":150,"height":50,"caption":"Institut Europ\u00e9en des Musiques Juives"},"image":{"@id":"https:\/\/www.iemj.org\/en\/#\/schema\/logo\/image\/"},"sameAs":["https:\/\/www.facebook.com\/MusiquesJuives\/","https:\/\/www.instagram.com\/musiquesjuives\/","https:\/\/www.youtube.com\/user\/musiquesjuives"]},{"@type":"Person","@id":"https:\/\/www.iemj.org\/en\/#\/schema\/person\/358e26c18aca017fcc4cc15437f7279c","name":"Jacqueline ROTEN","image":{"@type":"ImageObject","inLanguage":"en-US","@id":"https:\/\/secure.gravatar.com\/avatar\/5964256d6c6957de3a3505278957e0fb2a35119ac47ea41827a65301213c810b?s=96&d=mm&r=g","url":"https:\/\/secure.gravatar.com\/avatar\/5964256d6c6957de3a3505278957e0fb2a35119ac47ea41827a65301213c810b?s=96&d=mm&r=g","contentUrl":"https:\/\/secure.gravatar.com\/avatar\/5964256d6c6957de3a3505278957e0fb2a35119ac47ea41827a65301213c810b?s=96&d=mm&r=g","caption":"Jacqueline ROTEN"}}]}},"_links":{"self":[{"href":"https:\/\/www.iemj.org\/en\/wp-json\/wp\/v2\/posts\/105251","targetHints":{"allow":["GET"]}}],"collection":[{"href":"https:\/\/www.iemj.org\/en\/wp-json\/wp\/v2\/posts"}],"about":[{"href":"https:\/\/www.iemj.org\/en\/wp-json\/wp\/v2\/types\/post"}],"author":[{"embeddable":true,"href":"https:\/\/www.iemj.org\/en\/wp-json\/wp\/v2\/users\/5"}],"replies":[{"embeddable":true,"href":"https:\/\/www.iemj.org\/en\/wp-json\/wp\/v2\/comments?post=105251"}],"version-history":[{"count":1,"href":"https:\/\/www.iemj.org\/en\/wp-json\/wp\/v2\/posts\/105251\/revisions"}],"predecessor-version":[{"id":127163,"href":"https:\/\/www.iemj.org\/en\/wp-json\/wp\/v2\/posts\/105251\/revisions\/127163"}],"wp:featuredmedia":[{"embeddable":true,"href":"https:\/\/www.iemj.org\/en\/wp-json\/wp\/v2\/media\/105194"}],"wp:attachment":[{"href":"https:\/\/www.iemj.org\/en\/wp-json\/wp\/v2\/media?parent=105251"}],"wp:term":[{"taxonomy":"category","embeddable":true,"href":"https:\/\/www.iemj.org\/en\/wp-json\/wp\/v2\/categories?post=105251"},{"taxonomy":"post_tag","embeddable":true,"href":"https:\/\/www.iemj.org\/en\/wp-json\/wp\/v2\/tags?post=105251"},{"taxonomy":"technique","embeddable":true,"href":"https:\/\/www.iemj.org\/en\/wp-json\/wp\/v2\/technique?post=105251"},{"taxonomy":"squelettes","embeddable":true,"href":"https:\/\/www.iemj.org\/en\/wp-json\/wp\/v2\/squelettes?post=105251"},{"taxonomy":"sujet","embeddable":true,"href":"https:\/\/www.iemj.org\/en\/wp-json\/wp\/v2\/sujet?post=105251"},{"taxonomy":"formation","embeddable":true,"href":"https:\/\/www.iemj.org\/en\/wp-json\/wp\/v2\/formation?post=105251"},{"taxonomy":"genre","embeddable":true,"href":"https:\/\/www.iemj.org\/en\/wp-json\/wp\/v2\/genre?post=105251"},{"taxonomy":"fonds","embeddable":true,"href":"https:\/\/www.iemj.org\/en\/wp-json\/wp\/v2\/fonds?post=105251"},{"taxonomy":"tradition","embeddable":true,"href":"https:\/\/www.iemj.org\/en\/wp-json\/wp\/v2\/tradition?post=105251"},{"taxonomy":"type-de-contenu","embeddable":true,"href":"https:\/\/www.iemj.org\/en\/wp-json\/wp\/v2\/type-de-contenu?post=105251"},{"taxonomy":"interprete-compositeur","embeddable":true,"href":"https:\/\/www.iemj.org\/en\/wp-json\/wp\/v2\/interprete-compositeur?post=105251"},{"taxonomy":"frise","embeddable":true,"href":"https:\/\/www.iemj.org\/en\/wp-json\/wp\/v2\/frise?post=105251"},{"taxonomy":"type-devenement","embeddable":true,"href":"https:\/\/www.iemj.org\/en\/wp-json\/wp\/v2\/type-devenement?post=105251"},{"taxonomy":"tableaux-liens-externes","embeddable":true,"href":"https:\/\/www.iemj.org\/en\/wp-json\/wp\/v2\/tableaux-liens-externes?post=105251"}],"curies":[{"name":"wp","href":"https:\/\/api.w.org\/{rel}","templated":true}]}}