{"id":10540,"date":"2016-05-04T11:45:32","date_gmt":"2016-05-04T09:45:32","guid":{"rendered":"https:\/\/www.iemj.org\/2016\/05\/04\/melodies-prescience-conscience-2\/"},"modified":"2025-10-20T17:45:46","modified_gmt":"2025-10-20T15:45:46","slug":"melodies-prescience-conscience-2","status":"publish","type":"post","link":"https:\/\/www.iemj.org\/en\/melodies-prescience-conscience-2\/","title":{"rendered":"M\u00e9lodies &#8211; Prescience, Conscience"},"content":{"rendered":"<p>They were young and seemed assured of a brilliant future. They were Belgian (Devaere), German (Stephan, J\u00fcrgens), British (Butterworth, Farrar), Australian (Kelly) or French. On the eve of the conflict, in their songs and with an impressive sense of foreboding, they expressed at once nostalgia for a bygone era, wrestling with the eternal themes of oblivion and death, and the sorrows of their lives about to be upended. The survivors, striving to overcome bitterness and sadness, found the strength to sing forth the hope or peace they felt themselves to be regaining.<\/p>\n<p><strong><a href=\"http:\/\/www.editionshortus.com\/catalogue_fiche.php?prod_id=83&amp;langue=en\">Learn more and order the CD<\/a><\/strong><\/p>\n<table class=\"tab_prog\" border=\"0\" cellspacing=\"0\" cellpadding=\"0\" align=\"left\">\n<tbody>\n<tr class=\"titre_section\" style=\"height: 21px;\">\n<td class=\"titre_section\" style=\"height: 21px;\" colspan=\"3\">HORTUS 704 | CD DDD \u2117 Hortus 2014 | T.T. 69&#8217;49<\/td>\n<\/tr>\n<tr style=\"height: 21px;\">\n<td class=\"techdisque\" style=\"height: 21px;\" colspan=\"3\">\u00a0<\/td>\n<\/tr>\n<tr style=\"height: 21px;\">\n<td style=\"height: 21px;\">\u00a0<\/td>\n<td class=\"prog_compo\" style=\"height: 21px;\" colspan=\"2\">Fernand Halphen (1872-1917)<\/td>\n<\/tr>\n<tr style=\"height: 21px;\">\n<td class=\"prog_numpiste\" style=\"height: 21px;\">1.<\/td>\n<td class=\"prog_oeuvrtitre\" style=\"height: 21px;\">Pour Cyth\u00e8re<\/td>\n<td class=\"prog_duree\" style=\"height: 21px;\">1&#8217;15<\/td>\n<\/tr>\n<tr style=\"height: 21px;\">\n<td style=\"height: 21px;\">\u00a0<\/td>\n<td class=\"prog_compo\" style=\"height: 21px;\" colspan=\"2\">Henry F\u00e9vrier (1875-1957)<\/td>\n<\/tr>\n<tr style=\"height: 21px;\">\n<td class=\"prog_numpiste\" style=\"height: 21px;\">2.<\/td>\n<td class=\"prog_oeuvrtitre\" style=\"height: 21px;\">La derni\u00e8re chanson<\/td>\n<td class=\"prog_duree\" style=\"height: 21px;\">4&#8217;57<\/td>\n<\/tr>\n<tr style=\"height: 21px;\">\n<td style=\"height: 21px;\">\u00a0<\/td>\n<td class=\"prog_compo\" style=\"height: 21px;\" colspan=\"2\">J\u00fcrgens (1888-1915)<\/td>\n<\/tr>\n<tr style=\"height: 21px;\">\n<td class=\"prog_numpiste\" style=\"height: 21px;\">3.<\/td>\n<td class=\"prog_oeuvrtitre\" style=\"height: 21px;\">Das Treue Paar<\/td>\n<td class=\"prog_duree\" style=\"height: 21px;\">2&#8217;21<\/td>\n<\/tr>\n<tr style=\"height: 21px;\">\n<td class=\"prog_numpiste\" style=\"height: 21px;\">4.<\/td>\n<td class=\"prog_oeuvrtitre\" style=\"height: 21px;\">Der Geworbene<\/td>\n<td class=\"prog_duree\" style=\"height: 21px;\">2&#8217;22<\/td>\n<\/tr>\n<tr style=\"height: 21px;\">\n<td class=\"prog_numpiste\" style=\"height: 21px;\">5.<\/td>\n<td class=\"prog_oeuvrtitre\" style=\"height: 21px;\">Deh Nicht<\/td>\n<td class=\"prog_duree\" style=\"height: 21px;\">1&#8217;40<\/td>\n<\/tr>\n<tr style=\"height: 21px;\">\n<td class=\"prog_numpiste\" style=\"height: 21px;\">6.<\/td>\n<td class=\"prog_oeuvrtitre\" style=\"height: 21px;\">From<\/td>\n<td class=\"prog_duree\" style=\"height: 21px;\">2&#8217;46<\/td>\n<\/tr>\n<tr style=\"height: 21px;\">\n<td style=\"height: 21px;\">\u00a0<\/td>\n<td class=\"prog_compo\" style=\"height: 21px;\" colspan=\"2\">Maurice Ravel (1875-1937)<\/td>\n<\/tr>\n<tr style=\"height: 21px;\">\n<td style=\"height: 21px;\">\u00a0<\/td>\n<td class=\"prog_oeuvrtitre\" style=\"height: 21px;\">Trois chansons<\/td>\n<td style=\"height: 21px;\">\u00a0<\/td>\n<\/tr>\n<tr style=\"height: 21px;\">\n<td class=\"prog_numpiste\" style=\"height: 21px;\">7.<\/td>\n<td class=\"prog_mvttitre\" style=\"height: 21px;\">Nicolette<\/td>\n<td class=\"prog_duree\" style=\"height: 21px;\">2&#8217;04<\/td>\n<\/tr>\n<tr style=\"height: 21px;\">\n<td class=\"prog_numpiste\" style=\"height: 21px;\">8.<\/td>\n<td class=\"prog_mvttitre\" style=\"height: 21px;\">Trois beaux oiseaux du paradis<\/td>\n<td class=\"prog_duree\" style=\"height: 21px;\">3&#8217;04<\/td>\n<\/tr>\n<tr style=\"height: 21px;\">\n<td style=\"height: 21px;\">\u00a0<\/td>\n<td class=\"prog_compo\" style=\"height: 21px;\" colspan=\"2\">George Butterworth (1885-1916)<\/td>\n<\/tr>\n<tr style=\"height: 21px;\">\n<td class=\"prog_numpiste\" style=\"height: 21px;\">9.<\/td>\n<td class=\"prog_oeuvrtitre\" style=\"height: 21px;\">On the idle hill of summer<\/td>\n<td class=\"prog_duree\" style=\"height: 21px;\">3&#8217;26<\/td>\n<\/tr>\n<tr style=\"height: 21px;\">\n<td class=\"prog_numpiste\" style=\"height: 21px;\">10.<\/td>\n<td class=\"prog_oeuvrtitre\" style=\"height: 21px;\">Loveliest of trees<\/td>\n<td class=\"prog_duree\" style=\"height: 21px;\">2&#8217;33<\/td>\n<\/tr>\n<tr style=\"height: 21px;\">\n<td style=\"height: 21px;\">\u00a0<\/td>\n<td class=\"prog_compo\" style=\"height: 21px;\" colspan=\"2\">Frederick Septimus Kelly (1881-1916)<\/td>\n<\/tr>\n<tr style=\"height: 21px;\">\n<td class=\"prog_numpiste\" style=\"height: 21px;\">11.<\/td>\n<td class=\"prog_oeuvrtitre\" style=\"height: 21px;\">Shall I compare Thee ?<\/td>\n<td class=\"prog_duree\" style=\"height: 21px;\">3&#8217;02<\/td>\n<\/tr>\n<tr style=\"height: 21px;\">\n<td style=\"height: 21px;\">\u00a0<\/td>\n<td class=\"prog_compo\" style=\"height: 21px;\" colspan=\"2\">Gabriel Faur\u00e9 (1845-1924)<\/td>\n<\/tr>\n<tr style=\"height: 21px;\">\n<td class=\"prog_numpiste\" style=\"height: 21px;\">12.<\/td>\n<td class=\"prog_oeuvrtitre\" style=\"height: 21px;\">C&#8217;est la paix op.114 op. 114<\/td>\n<td class=\"prog_duree\" style=\"height: 21px;\">1&#8217;17<\/td>\n<\/tr>\n<tr style=\"height: 21px;\">\n<td style=\"height: 21px;\">\u00a0<\/td>\n<td class=\"prog_compo\" style=\"height: 21px;\" colspan=\"2\">Ernest Farrar (1885-1918)<\/td>\n<\/tr>\n<tr style=\"height: 21px;\">\n<td style=\"height: 21px;\">\u00a0<\/td>\n<td class=\"prog_oeuvrtitre\" style=\"height: 21px;\">3 pi\u00e8ces pour piano op. 23<\/td>\n<td style=\"height: 21px;\">\u00a0<\/td>\n<\/tr>\n<tr style=\"height: 21px;\">\n<td class=\"prog_numpiste\" style=\"height: 21px;\">13.<\/td>\n<td class=\"prog_mvttitre\" style=\"height: 21px;\">Menuet<\/td>\n<td class=\"prog_duree\" style=\"height: 21px;\">1&#8217;11<\/td>\n<\/tr>\n<tr style=\"height: 21px;\">\n<td class=\"prog_numpiste\" style=\"height: 21px;\">14.<\/td>\n<td class=\"prog_mvttitre\" style=\"height: 21px;\">Lullaby<\/td>\n<td class=\"prog_duree\" style=\"height: 21px;\">3&#8217;13<\/td>\n<\/tr>\n<tr style=\"height: 21px;\">\n<td class=\"prog_numpiste\" style=\"height: 21px;\">15.<\/td>\n<td class=\"prog_mvttitre\" style=\"height: 21px;\">Caprice<\/td>\n<td class=\"prog_duree\" style=\"height: 21px;\">1&#8217;24<\/td>\n<\/tr>\n<tr style=\"height: 21px;\">\n<td style=\"height: 21px;\">\u00a0<\/td>\n<td class=\"prog_compo\" style=\"height: 21px;\" colspan=\"2\">Andr\u00e9 Devaere (1890-1914)<\/td>\n<\/tr>\n<tr style=\"height: 21px;\">\n<td class=\"prog_numpiste\" style=\"height: 21px;\">16.<\/td>\n<td class=\"prog_oeuvrtitre\" style=\"height: 21px;\">La fl\u00fbte am\u00e8re de l&#8217;automne op. 1<\/td>\n<td class=\"prog_duree\" style=\"height: 21px;\">2&#8217;08<\/td>\n<\/tr>\n<tr style=\"height: 21px;\">\n<td style=\"height: 21px;\">\u00a0<\/td>\n<td class=\"prog_compo\" style=\"height: 21px;\" colspan=\"2\">Rudi Stephan (1887-1915)<\/td>\n<\/tr>\n<tr style=\"height: 21px;\">\n<td class=\"prog_numpiste\" style=\"height: 21px;\">17.<\/td>\n<td class=\"prog_oeuvrtitre\" style=\"height: 21px;\">Pappel im Strahl<\/td>\n<td class=\"prog_duree\" style=\"height: 21px;\">1&#8217;44<\/td>\n<\/tr>\n<tr style=\"height: 21px;\">\n<td class=\"prog_numpiste\" style=\"height: 21px;\">18.<\/td>\n<td class=\"prog_oeuvrtitre\" style=\"height: 21px;\">Heimat<\/td>\n<td class=\"prog_duree\" style=\"height: 21px;\">3&#8217;23<\/td>\n<\/tr>\n<tr style=\"height: 21px;\">\n<td style=\"height: 21px;\">\u00a0<\/td>\n<td class=\"prog_compo\" style=\"height: 21px;\" colspan=\"2\">Claude Debussy (1862-1918)<\/td>\n<\/tr>\n<tr style=\"height: 21px;\">\n<td class=\"prog_numpiste\" style=\"height: 21px;\">19.<\/td>\n<td class=\"prog_oeuvrtitre\" style=\"height: 21px;\">No\u00ebl des enfants qui n&#8217;ont plus de maison<\/td>\n<td class=\"prog_duree\" style=\"height: 21px;\">2&#8217;32<\/td>\n<\/tr>\n<tr style=\"height: 21px;\">\n<td style=\"height: 21px;\">\u00a0<\/td>\n<td class=\"prog_compo\" style=\"height: 21px;\" colspan=\"2\">Reynaldo Hahn (1874-1947)<\/td>\n<\/tr>\n<tr style=\"height: 21px;\">\n<td class=\"prog_numpiste\" style=\"height: 21px;\">20.<\/td>\n<td class=\"prog_oeuvrtitre\" style=\"height: 21px;\">Le plus beau pr\u00e9sent<\/td>\n<td class=\"prog_duree\" style=\"height: 21px;\">3&#8217;11<\/td>\n<\/tr>\n<tr style=\"height: 21px;\">\n<td style=\"height: 21px;\">\u00a0<\/td>\n<td class=\"prog_compo\" style=\"height: 21px;\" colspan=\"2\">Erwin Schulhoff (1894-1942)<\/td>\n<\/tr>\n<tr style=\"height: 21px;\">\n<td style=\"height: 21px;\">\u00a0<\/td>\n<td class=\"prog_oeuvrtitre\" style=\"height: 21px;\">5 Ges\u00e4nge op. 39<\/td>\n<td style=\"height: 21px;\">\u00a0<\/td>\n<\/tr>\n<tr style=\"height: 21px;\">\n<td class=\"prog_numpiste\" style=\"height: 21px;\">21.<\/td>\n<td class=\"prog_mvttitre\" style=\"height: 21px;\">Langsam wandle Ich<\/td>\n<td class=\"prog_duree\" style=\"height: 21px;\">4&#8217;33<\/td>\n<\/tr>\n<tr style=\"height: 21px;\">\n<td class=\"prog_numpiste\" style=\"height: 21px;\">22.<\/td>\n<td class=\"prog_mvttitre\" style=\"height: 21px;\">Lass Mich<\/td>\n<td class=\"prog_duree\" style=\"height: 21px;\">1&#8217;03<\/td>\n<\/tr>\n<tr style=\"height: 21px;\">\n<td class=\"prog_numpiste\" style=\"height: 21px;\">23.<\/td>\n<td class=\"prog_mvttitre\" style=\"height: 21px;\">Nun versank der Abend<\/td>\n<td class=\"prog_duree\" style=\"height: 21px;\">3&#8217;00<\/td>\n<\/tr>\n<tr style=\"height: 21px;\">\n<td style=\"height: 21px;\">\u00a0<\/td>\n<td class=\"prog_compo\" style=\"height: 21px;\" colspan=\"2\">Andr\u00e9 Devaere (1890-1914)<\/td>\n<\/tr>\n<tr style=\"height: 21px;\">\n<td class=\"prog_numpiste\" style=\"height: 21px;\">24.<\/td>\n<td class=\"prog_oeuvrtitre\" style=\"height: 21px;\">Grave et poignant, pour piano<\/td>\n<td class=\"prog_duree\" style=\"height: 21px;\">5&#8217;37<\/td>\n<\/tr>\n<tr style=\"height: 21px;\">\n<td style=\"height: 21px;\">\u00a0<\/td>\n<td class=\"prog_compo\" style=\"height: 21px;\" colspan=\"2\">Rudi Stephan (1887-1915)<\/td>\n<\/tr>\n<tr style=\"height: 21px;\">\n<td class=\"prog_numpiste\" style=\"height: 21px;\">25.<\/td>\n<td class=\"prog_oeuvrtitre\" style=\"height: 21px;\">Abendfrieden<\/td>\n<td class=\"prog_duree\" style=\"height: 21px;\">3&#8217;40<\/td>\n<\/tr>\n<tr style=\"height: 21px;\">\n<td style=\"height: 21px;\">\u00a0<\/td>\n<td class=\"prog_compo\" style=\"height: 21px;\" colspan=\"2\">George Butterworth (1885-1916)<\/td>\n<\/tr>\n<tr style=\"height: 21px;\">\n<td class=\"prog_numpiste\" style=\"height: 21px;\">26.<\/td>\n<td class=\"prog_oeuvrtitre\" style=\"height: 21px;\">The lads in their hundreds<\/td>\n<td class=\"prog_duree\" style=\"height: 21px;\">2&#8217;10<\/td>\n<\/tr>\n<\/tbody>\n<\/table>\n<p><a href=\"http:\/\/www.editionshortus.com\/catalogue_fiche.php?prod_id=83&amp;langue=en\">\u00a0<\/a><\/p>\n\n<div class=\"wp-block-image\">\n<figure class=\"aligncenter size-large\"><img fetchpriority=\"high\" decoding=\"async\" width=\"1024\" height=\"133\" src=\"https:\/\/www.iemj.org\/wp-content\/uploads\/2024\/03\/AUDIO-PLAYER-1024x133.png\" alt=\"\" class=\"wp-image-110607\" srcset=\"https:\/\/www.iemj.org\/wp-content\/uploads\/2024\/03\/AUDIO-PLAYER-1024x133.png 1024w, https:\/\/www.iemj.org\/wp-content\/uploads\/2024\/03\/AUDIO-PLAYER-300x39.png 300w, https:\/\/www.iemj.org\/wp-content\/uploads\/2024\/03\/AUDIO-PLAYER-768x100.png 768w, https:\/\/www.iemj.org\/wp-content\/uploads\/2024\/03\/AUDIO-PLAYER-600x78.png 600w, https:\/\/www.iemj.org\/wp-content\/uploads\/2024\/03\/AUDIO-PLAYER.png 1210w\" sizes=\"(max-width: 1024px) 100vw, 1024px\" \/><\/figure>\n<\/div>\n\n\n<div class=\"wp-block-file\"><a id=\"wp-block-file--media-eda3ea22-0dda-404f-aa39-d2e4dc5303e6\" href=\"https:\/\/www.iemj.org\/wp-content\/uploads\/2016\/05\/cd_819_01.mp3\">F. Halphen, Pour Cyth\u00e8re<\/a><\/div>\n\n\n\n<div class=\"wp-block-file\"><a id=\"wp-block-file--media-4d7b3f48-ac3a-4d37-a96c-94690adf8f41\" href=\"https:\/\/www.iemj.org\/wp-content\/uploads\/2016\/05\/cd_819_11.mp3\">F.S. Kelly, Shall I compare thee?<\/a><\/div>\n\n\n\n<div class=\"wp-block-file\"><a id=\"wp-block-file--media-a3f874ce-2f17-4f7f-bdde-e07aa25f1669\" href=\"https:\/\/www.iemj.org\/wp-content\/uploads\/2016\/05\/cd_819_14.mp3\">E. Farrar, Lullaby<\/a><\/div>\n\n\n\n<div class=\"wp-block-file\"><a id=\"wp-block-file--media-02772a5e-f83b-4ed4-aba6-1eceb66b92f9\" href=\"https:\/\/www.iemj.org\/wp-content\/uploads\/2016\/05\/cd_819_20.mp3\">R. Hahn, Le plus beau pr\u00e9sent<\/a><\/div>\n\n\n\n<div class=\"wp-block-file\"><a id=\"wp-block-file--media-a0bb6175-c6fe-4cc0-b7a3-be86627d1b48\" href=\"https:\/\/www.iemj.org\/wp-content\/uploads\/2016\/05\/cd_819_23.mp3\">E. Schulhoff, Nun versank der Abend<\/a><\/div>\n","protected":false},"excerpt":{"rendered":"<p>They were young and seemed assured of a brilliant future. They were Belgian (Devaere), German (Stephan, J\u00fcrgens), British (Butterworth, Farrar), Australian (Kelly) or French. On the eve of the conflict,<\/p>\n","protected":false},"author":1048,"featured_media":10538,"comment_status":"closed","ping_status":"open","sticky":false,"template":"","format":"standard","meta":{"_acf_changed":false,"footnotes":""},"categories":[1570],"tags":[],"technique":[],"squelettes":[],"sujet":[],"formation":[],"genre":[1117],"fonds":[],"tradition":[],"type-de-contenu":[],"interprete-compositeur":[],"frise":[],"type-devenement":[],"tableaux-liens-externes":[],"class_list":["post-10540","post","type-post","status-publish","format-standard","has-post-thumbnail","hentry","category-cd-latest-acquisition-en","genre-classical-music"],"acf":[],"yoast_head":"<!-- This site is optimized with the Yoast SEO plugin v27.3 - https:\/\/yoast.com\/product\/yoast-seo-wordpress\/ -->\n<title>M\u00e9lodies - Prescience, Conscience - Institut Europ\u00e9en des Musiques Juives<\/title>\n<meta name=\"robots\" content=\"index, follow, max-snippet:-1, max-image-preview:large, max-video-preview:-1\" \/>\n<link rel=\"canonical\" href=\"https:\/\/www.iemj.org\/en\/melodies-prescience-conscience-2\/\" \/>\n<meta property=\"og:locale\" content=\"en_US\" \/>\n<meta property=\"og:type\" content=\"article\" \/>\n<meta property=\"og:title\" content=\"M\u00e9lodies - Prescience, Conscience - Institut Europ\u00e9en des Musiques Juives\" \/>\n<meta property=\"og:description\" content=\"They were young and seemed assured of a brilliant future. They were Belgian (Devaere), German (Stephan, J\u00fcrgens), British (Butterworth, Farrar), Australian (Kelly) or French. On the eve of the conflict,\" \/>\n<meta property=\"og:url\" content=\"https:\/\/www.iemj.org\/en\/melodies-prescience-conscience-2\/\" \/>\n<meta property=\"og:site_name\" content=\"Institut Europ\u00e9en des Musiques Juives\" \/>\n<meta property=\"article:publisher\" content=\"https:\/\/www.facebook.com\/MusiquesJuives\/\" \/>\n<meta property=\"article:published_time\" content=\"2016-05-04T09:45:32+00:00\" \/>\n<meta property=\"article:modified_time\" content=\"2025-10-20T15:45:46+00:00\" \/>\n<meta property=\"og:image\" content=\"https:\/\/www.iemj.org\/wp-content\/uploads\/2016\/05\/arton1664.jpg\" \/>\n\t<meta property=\"og:image:width\" content=\"1096\" \/>\n\t<meta property=\"og:image:height\" content=\"969\" \/>\n\t<meta property=\"og:image:type\" content=\"image\/jpeg\" \/>\n<meta name=\"author\" content=\"Jean-Gabriel Davis\" \/>\n<meta name=\"twitter:card\" content=\"summary_large_image\" \/>\n<meta name=\"twitter:label1\" content=\"Written by\" \/>\n\t<meta name=\"twitter:data1\" content=\"Jean-Gabriel Davis\" \/>\n\t<meta name=\"twitter:label2\" content=\"Est. reading time\" \/>\n\t<meta name=\"twitter:data2\" content=\"3 minutes\" \/>\n<script type=\"application\/ld+json\" class=\"yoast-schema-graph\">{\"@context\":\"https:\\\/\\\/schema.org\",\"@graph\":[{\"@type\":\"Article\",\"@id\":\"https:\\\/\\\/www.iemj.org\\\/en\\\/melodies-prescience-conscience-2\\\/#article\",\"isPartOf\":{\"@id\":\"https:\\\/\\\/www.iemj.org\\\/en\\\/melodies-prescience-conscience-2\\\/\"},\"author\":{\"name\":\"Jean-Gabriel Davis\",\"@id\":\"https:\\\/\\\/www.iemj.org\\\/en\\\/#\\\/schema\\\/person\\\/c9bc1c386a3749579a2d675e72a18666\"},\"headline\":\"M\u00e9lodies &#8211; Prescience, Conscience\",\"datePublished\":\"2016-05-04T09:45:32+00:00\",\"dateModified\":\"2025-10-20T15:45:46+00:00\",\"mainEntityOfPage\":{\"@id\":\"https:\\\/\\\/www.iemj.org\\\/en\\\/melodies-prescience-conscience-2\\\/\"},\"wordCount\":289,\"publisher\":{\"@id\":\"https:\\\/\\\/www.iemj.org\\\/en\\\/#organization\"},\"image\":{\"@id\":\"https:\\\/\\\/www.iemj.org\\\/en\\\/melodies-prescience-conscience-2\\\/#primaryimage\"},\"thumbnailUrl\":\"https:\\\/\\\/www.iemj.org\\\/wp-content\\\/uploads\\\/2016\\\/05\\\/arton1664.jpg\",\"articleSection\":[\"CD\"],\"inLanguage\":\"en-US\"},{\"@type\":\"WebPage\",\"@id\":\"https:\\\/\\\/www.iemj.org\\\/en\\\/melodies-prescience-conscience-2\\\/\",\"url\":\"https:\\\/\\\/www.iemj.org\\\/en\\\/melodies-prescience-conscience-2\\\/\",\"name\":\"M\u00e9lodies - Prescience, Conscience - Institut Europ\u00e9en des Musiques Juives\",\"isPartOf\":{\"@id\":\"https:\\\/\\\/www.iemj.org\\\/en\\\/#website\"},\"primaryImageOfPage\":{\"@id\":\"https:\\\/\\\/www.iemj.org\\\/en\\\/melodies-prescience-conscience-2\\\/#primaryimage\"},\"image\":{\"@id\":\"https:\\\/\\\/www.iemj.org\\\/en\\\/melodies-prescience-conscience-2\\\/#primaryimage\"},\"thumbnailUrl\":\"https:\\\/\\\/www.iemj.org\\\/wp-content\\\/uploads\\\/2016\\\/05\\\/arton1664.jpg\",\"datePublished\":\"2016-05-04T09:45:32+00:00\",\"dateModified\":\"2025-10-20T15:45:46+00:00\",\"breadcrumb\":{\"@id\":\"https:\\\/\\\/www.iemj.org\\\/en\\\/melodies-prescience-conscience-2\\\/#breadcrumb\"},\"inLanguage\":\"en-US\",\"potentialAction\":[{\"@type\":\"ReadAction\",\"target\":[\"https:\\\/\\\/www.iemj.org\\\/en\\\/melodies-prescience-conscience-2\\\/\"]}]},{\"@type\":\"ImageObject\",\"inLanguage\":\"en-US\",\"@id\":\"https:\\\/\\\/www.iemj.org\\\/en\\\/melodies-prescience-conscience-2\\\/#primaryimage\",\"url\":\"https:\\\/\\\/www.iemj.org\\\/wp-content\\\/uploads\\\/2016\\\/05\\\/arton1664.jpg\",\"contentUrl\":\"https:\\\/\\\/www.iemj.org\\\/wp-content\\\/uploads\\\/2016\\\/05\\\/arton1664.jpg\",\"width\":1096,\"height\":969},{\"@type\":\"BreadcrumbList\",\"@id\":\"https:\\\/\\\/www.iemj.org\\\/en\\\/melodies-prescience-conscience-2\\\/#breadcrumb\",\"itemListElement\":[{\"@type\":\"ListItem\",\"position\":1,\"name\":\"Accueil\",\"item\":\"https:\\\/\\\/www.iemj.org\\\/en\\\/\"},{\"@type\":\"ListItem\",\"position\":2,\"name\":\"M\u00e9lodies &#8211; Prescience, Conscience\"}]},{\"@type\":\"WebSite\",\"@id\":\"https:\\\/\\\/www.iemj.org\\\/en\\\/#website\",\"url\":\"https:\\\/\\\/www.iemj.org\\\/en\\\/\",\"name\":\"Institut Europ\u00e9en des Musiques Juives\",\"description\":\"Des traditions musicales \u00e0 la port\u00e9e de tous\",\"publisher\":{\"@id\":\"https:\\\/\\\/www.iemj.org\\\/en\\\/#organization\"},\"potentialAction\":[{\"@type\":\"SearchAction\",\"target\":{\"@type\":\"EntryPoint\",\"urlTemplate\":\"https:\\\/\\\/www.iemj.org\\\/en\\\/?s={search_term_string}\"},\"query-input\":{\"@type\":\"PropertyValueSpecification\",\"valueRequired\":true,\"valueName\":\"search_term_string\"}}],\"inLanguage\":\"en-US\"},{\"@type\":\"Organization\",\"@id\":\"https:\\\/\\\/www.iemj.org\\\/en\\\/#organization\",\"name\":\"Institut Europ\u00e9en des Musiques Juives\",\"url\":\"https:\\\/\\\/www.iemj.org\\\/en\\\/\",\"logo\":{\"@type\":\"ImageObject\",\"inLanguage\":\"en-US\",\"@id\":\"https:\\\/\\\/www.iemj.org\\\/en\\\/#\\\/schema\\\/logo\\\/image\\\/\",\"url\":\"https:\\\/\\\/www.iemj.org\\\/wp-content\\\/uploads\\\/2021\\\/09\\\/Logo-IEMJ-Paypal.jpg\",\"contentUrl\":\"https:\\\/\\\/www.iemj.org\\\/wp-content\\\/uploads\\\/2021\\\/09\\\/Logo-IEMJ-Paypal.jpg\",\"width\":150,\"height\":50,\"caption\":\"Institut Europ\u00e9en des Musiques Juives\"},\"image\":{\"@id\":\"https:\\\/\\\/www.iemj.org\\\/en\\\/#\\\/schema\\\/logo\\\/image\\\/\"},\"sameAs\":[\"https:\\\/\\\/www.facebook.com\\\/MusiquesJuives\\\/\",\"https:\\\/\\\/www.instagram.com\\\/musiquesjuives\\\/\",\"https:\\\/\\\/www.youtube.com\\\/user\\\/musiquesjuives\"]},{\"@type\":\"Person\",\"@id\":\"https:\\\/\\\/www.iemj.org\\\/en\\\/#\\\/schema\\\/person\\\/c9bc1c386a3749579a2d675e72a18666\",\"name\":\"Jean-Gabriel Davis\",\"image\":{\"@type\":\"ImageObject\",\"inLanguage\":\"en-US\",\"@id\":\"https:\\\/\\\/secure.gravatar.com\\\/avatar\\\/2b90d67bdf392c9b3a21fab87c0fa7edaf1fb3a058172a1ffd61033fcec7aec1?s=96&d=mm&r=g\",\"url\":\"https:\\\/\\\/secure.gravatar.com\\\/avatar\\\/2b90d67bdf392c9b3a21fab87c0fa7edaf1fb3a058172a1ffd61033fcec7aec1?s=96&d=mm&r=g\",\"contentUrl\":\"https:\\\/\\\/secure.gravatar.com\\\/avatar\\\/2b90d67bdf392c9b3a21fab87c0fa7edaf1fb3a058172a1ffd61033fcec7aec1?s=96&d=mm&r=g\",\"caption\":\"Jean-Gabriel Davis\"}}]}<\/script>\n<!-- \/ Yoast SEO plugin. -->","yoast_head_json":{"title":"M\u00e9lodies - Prescience, Conscience - Institut Europ\u00e9en des Musiques Juives","robots":{"index":"index","follow":"follow","max-snippet":"max-snippet:-1","max-image-preview":"max-image-preview:large","max-video-preview":"max-video-preview:-1"},"canonical":"https:\/\/www.iemj.org\/en\/melodies-prescience-conscience-2\/","og_locale":"en_US","og_type":"article","og_title":"M\u00e9lodies - Prescience, Conscience - Institut Europ\u00e9en des Musiques Juives","og_description":"They were young and seemed assured of a brilliant future. They were Belgian (Devaere), German (Stephan, J\u00fcrgens), British (Butterworth, Farrar), Australian (Kelly) or French. On the eve of the conflict,","og_url":"https:\/\/www.iemj.org\/en\/melodies-prescience-conscience-2\/","og_site_name":"Institut Europ\u00e9en des Musiques Juives","article_publisher":"https:\/\/www.facebook.com\/MusiquesJuives\/","article_published_time":"2016-05-04T09:45:32+00:00","article_modified_time":"2025-10-20T15:45:46+00:00","og_image":[{"width":1096,"height":969,"url":"https:\/\/www.iemj.org\/wp-content\/uploads\/2016\/05\/arton1664.jpg","type":"image\/jpeg"}],"author":"Jean-Gabriel Davis","twitter_card":"summary_large_image","twitter_misc":{"Written by":"Jean-Gabriel Davis","Est. reading time":"3 minutes"},"schema":{"@context":"https:\/\/schema.org","@graph":[{"@type":"Article","@id":"https:\/\/www.iemj.org\/en\/melodies-prescience-conscience-2\/#article","isPartOf":{"@id":"https:\/\/www.iemj.org\/en\/melodies-prescience-conscience-2\/"},"author":{"name":"Jean-Gabriel Davis","@id":"https:\/\/www.iemj.org\/en\/#\/schema\/person\/c9bc1c386a3749579a2d675e72a18666"},"headline":"M\u00e9lodies &#8211; Prescience, Conscience","datePublished":"2016-05-04T09:45:32+00:00","dateModified":"2025-10-20T15:45:46+00:00","mainEntityOfPage":{"@id":"https:\/\/www.iemj.org\/en\/melodies-prescience-conscience-2\/"},"wordCount":289,"publisher":{"@id":"https:\/\/www.iemj.org\/en\/#organization"},"image":{"@id":"https:\/\/www.iemj.org\/en\/melodies-prescience-conscience-2\/#primaryimage"},"thumbnailUrl":"https:\/\/www.iemj.org\/wp-content\/uploads\/2016\/05\/arton1664.jpg","articleSection":["CD"],"inLanguage":"en-US"},{"@type":"WebPage","@id":"https:\/\/www.iemj.org\/en\/melodies-prescience-conscience-2\/","url":"https:\/\/www.iemj.org\/en\/melodies-prescience-conscience-2\/","name":"M\u00e9lodies - Prescience, Conscience - Institut Europ\u00e9en des Musiques Juives","isPartOf":{"@id":"https:\/\/www.iemj.org\/en\/#website"},"primaryImageOfPage":{"@id":"https:\/\/www.iemj.org\/en\/melodies-prescience-conscience-2\/#primaryimage"},"image":{"@id":"https:\/\/www.iemj.org\/en\/melodies-prescience-conscience-2\/#primaryimage"},"thumbnailUrl":"https:\/\/www.iemj.org\/wp-content\/uploads\/2016\/05\/arton1664.jpg","datePublished":"2016-05-04T09:45:32+00:00","dateModified":"2025-10-20T15:45:46+00:00","breadcrumb":{"@id":"https:\/\/www.iemj.org\/en\/melodies-prescience-conscience-2\/#breadcrumb"},"inLanguage":"en-US","potentialAction":[{"@type":"ReadAction","target":["https:\/\/www.iemj.org\/en\/melodies-prescience-conscience-2\/"]}]},{"@type":"ImageObject","inLanguage":"en-US","@id":"https:\/\/www.iemj.org\/en\/melodies-prescience-conscience-2\/#primaryimage","url":"https:\/\/www.iemj.org\/wp-content\/uploads\/2016\/05\/arton1664.jpg","contentUrl":"https:\/\/www.iemj.org\/wp-content\/uploads\/2016\/05\/arton1664.jpg","width":1096,"height":969},{"@type":"BreadcrumbList","@id":"https:\/\/www.iemj.org\/en\/melodies-prescience-conscience-2\/#breadcrumb","itemListElement":[{"@type":"ListItem","position":1,"name":"Accueil","item":"https:\/\/www.iemj.org\/en\/"},{"@type":"ListItem","position":2,"name":"M\u00e9lodies &#8211; Prescience, Conscience"}]},{"@type":"WebSite","@id":"https:\/\/www.iemj.org\/en\/#website","url":"https:\/\/www.iemj.org\/en\/","name":"Institut Europ\u00e9en des Musiques Juives","description":"Des traditions musicales \u00e0 la port\u00e9e de tous","publisher":{"@id":"https:\/\/www.iemj.org\/en\/#organization"},"potentialAction":[{"@type":"SearchAction","target":{"@type":"EntryPoint","urlTemplate":"https:\/\/www.iemj.org\/en\/?s={search_term_string}"},"query-input":{"@type":"PropertyValueSpecification","valueRequired":true,"valueName":"search_term_string"}}],"inLanguage":"en-US"},{"@type":"Organization","@id":"https:\/\/www.iemj.org\/en\/#organization","name":"Institut Europ\u00e9en des Musiques Juives","url":"https:\/\/www.iemj.org\/en\/","logo":{"@type":"ImageObject","inLanguage":"en-US","@id":"https:\/\/www.iemj.org\/en\/#\/schema\/logo\/image\/","url":"https:\/\/www.iemj.org\/wp-content\/uploads\/2021\/09\/Logo-IEMJ-Paypal.jpg","contentUrl":"https:\/\/www.iemj.org\/wp-content\/uploads\/2021\/09\/Logo-IEMJ-Paypal.jpg","width":150,"height":50,"caption":"Institut Europ\u00e9en des Musiques Juives"},"image":{"@id":"https:\/\/www.iemj.org\/en\/#\/schema\/logo\/image\/"},"sameAs":["https:\/\/www.facebook.com\/MusiquesJuives\/","https:\/\/www.instagram.com\/musiquesjuives\/","https:\/\/www.youtube.com\/user\/musiquesjuives"]},{"@type":"Person","@id":"https:\/\/www.iemj.org\/en\/#\/schema\/person\/c9bc1c386a3749579a2d675e72a18666","name":"Jean-Gabriel Davis","image":{"@type":"ImageObject","inLanguage":"en-US","@id":"https:\/\/secure.gravatar.com\/avatar\/2b90d67bdf392c9b3a21fab87c0fa7edaf1fb3a058172a1ffd61033fcec7aec1?s=96&d=mm&r=g","url":"https:\/\/secure.gravatar.com\/avatar\/2b90d67bdf392c9b3a21fab87c0fa7edaf1fb3a058172a1ffd61033fcec7aec1?s=96&d=mm&r=g","contentUrl":"https:\/\/secure.gravatar.com\/avatar\/2b90d67bdf392c9b3a21fab87c0fa7edaf1fb3a058172a1ffd61033fcec7aec1?s=96&d=mm&r=g","caption":"Jean-Gabriel Davis"}}]}},"_links":{"self":[{"href":"https:\/\/www.iemj.org\/en\/wp-json\/wp\/v2\/posts\/10540","targetHints":{"allow":["GET"]}}],"collection":[{"href":"https:\/\/www.iemj.org\/en\/wp-json\/wp\/v2\/posts"}],"about":[{"href":"https:\/\/www.iemj.org\/en\/wp-json\/wp\/v2\/types\/post"}],"author":[{"embeddable":true,"href":"https:\/\/www.iemj.org\/en\/wp-json\/wp\/v2\/users\/1048"}],"replies":[{"embeddable":true,"href":"https:\/\/www.iemj.org\/en\/wp-json\/wp\/v2\/comments?post=10540"}],"version-history":[{"count":3,"href":"https:\/\/www.iemj.org\/en\/wp-json\/wp\/v2\/posts\/10540\/revisions"}],"predecessor-version":[{"id":127526,"href":"https:\/\/www.iemj.org\/en\/wp-json\/wp\/v2\/posts\/10540\/revisions\/127526"}],"wp:featuredmedia":[{"embeddable":true,"href":"https:\/\/www.iemj.org\/en\/wp-json\/wp\/v2\/media\/10538"}],"wp:attachment":[{"href":"https:\/\/www.iemj.org\/en\/wp-json\/wp\/v2\/media?parent=10540"}],"wp:term":[{"taxonomy":"category","embeddable":true,"href":"https:\/\/www.iemj.org\/en\/wp-json\/wp\/v2\/categories?post=10540"},{"taxonomy":"post_tag","embeddable":true,"href":"https:\/\/www.iemj.org\/en\/wp-json\/wp\/v2\/tags?post=10540"},{"taxonomy":"technique","embeddable":true,"href":"https:\/\/www.iemj.org\/en\/wp-json\/wp\/v2\/technique?post=10540"},{"taxonomy":"squelettes","embeddable":true,"href":"https:\/\/www.iemj.org\/en\/wp-json\/wp\/v2\/squelettes?post=10540"},{"taxonomy":"sujet","embeddable":true,"href":"https:\/\/www.iemj.org\/en\/wp-json\/wp\/v2\/sujet?post=10540"},{"taxonomy":"formation","embeddable":true,"href":"https:\/\/www.iemj.org\/en\/wp-json\/wp\/v2\/formation?post=10540"},{"taxonomy":"genre","embeddable":true,"href":"https:\/\/www.iemj.org\/en\/wp-json\/wp\/v2\/genre?post=10540"},{"taxonomy":"fonds","embeddable":true,"href":"https:\/\/www.iemj.org\/en\/wp-json\/wp\/v2\/fonds?post=10540"},{"taxonomy":"tradition","embeddable":true,"href":"https:\/\/www.iemj.org\/en\/wp-json\/wp\/v2\/tradition?post=10540"},{"taxonomy":"type-de-contenu","embeddable":true,"href":"https:\/\/www.iemj.org\/en\/wp-json\/wp\/v2\/type-de-contenu?post=10540"},{"taxonomy":"interprete-compositeur","embeddable":true,"href":"https:\/\/www.iemj.org\/en\/wp-json\/wp\/v2\/interprete-compositeur?post=10540"},{"taxonomy":"frise","embeddable":true,"href":"https:\/\/www.iemj.org\/en\/wp-json\/wp\/v2\/frise?post=10540"},{"taxonomy":"type-devenement","embeddable":true,"href":"https:\/\/www.iemj.org\/en\/wp-json\/wp\/v2\/type-devenement?post=10540"},{"taxonomy":"tableaux-liens-externes","embeddable":true,"href":"https:\/\/www.iemj.org\/en\/wp-json\/wp\/v2\/tableaux-liens-externes?post=10540"}],"curies":[{"name":"wp","href":"https:\/\/api.w.org\/{rel}","templated":true}]}}