{"id":105681,"date":"2017-05-16T10:56:07","date_gmt":"2017-05-16T08:56:07","guid":{"rendered":"https:\/\/www.iemj.org\/concert-melodies-hebraiques-un-reve-vieux-de-3000-ans\/"},"modified":"2023-11-21T17:51:49","modified_gmt":"2023-11-21T16:51:49","slug":"concert-melodies-hebraiques-un-reve-vieux-de-3000-ans","status":"publish","type":"post","link":"https:\/\/www.iemj.org\/en\/concert-melodies-hebraiques-un-reve-vieux-de-3000-ans\/","title":{"rendered":"Concert &#8220;M\u00e9lodies h\u00e9bra\u00efques, un r\u00eave  vieux de 3000 ans&#8221; (&#8220;Hebrew melodies, a 3000-year-old dream&#8221;)"},"content":{"rendered":"<p><em>Proposed by the <strong>European Institute of Jewish Music<\/strong>, the Archives Nationales and the D&#8217;AC, Direction de l&#8217;Action culturelle of the FSJU<\/em><\/p>\n<p>Beautifully interpreted by <strong>Sarah Iancu<\/strong> on cello and <strong>David Bismuth<\/strong> on piano, this concert features the <strong>most beautiful Hebrew melodies<\/strong> inspired by liturgical, Hasidic, Yiddish and Judeo-Spanish themes: from Ravel&#8217;s famous Kaddish to Max Bruch&#8217;s Kol nidrei, from Ernest Bloch&#8217;s De la vie juive cycle to Darius Milhaud&#8217;s Chants populaires h\u00e9bra\u00efques, via lesser-known but equally beautiful works by Joseph Achron, L\u00e9on Algazi, Charles-Valentin Alkan, Fernand Halphen, Simon Laks, Joaquin Nin-Culmell, Dmitri Schostakovitsch, Joachim Stutschewsky and Viktor Ullmann. The program for this concert follows in the footsteps of these composers, who were inspired by Chassidic, Yiddish and Judeo-Spanish melodies in their search for the very soul of Judaism.<a href=\"https:\/\/www.iemj.org\/en\/melodies-hebraiques-pour-violoncelle-et-piano\/\" target=\"_blank\" rel=\"noopener\"><img decoding=\"async\" class=\" alignright size-full wp-image-14117\" src=\"https:\/\/www.iemj.org\/wp-content\/uploads\/2017\/05\/cdc1_-_vignette.jpg\" alt=\"cdc1_-_vignette.jpg\" width=\"111\" height=\"100\" align=\"right\" \/><\/a><\/p>\n<p>Program to be found in the 1st volume of the &#8220;Classiques&#8221; collection<br \/>\npublished by the EIJM: <a href=\"https:\/\/www.iemj.org\/en\/melodies-hebraiques-pour-violoncelle-et-piano\/\" target=\"_blank\" rel=\"noopener\">Hebrew Melodies, for cello and piano<\/a>, just released.<\/p>\n<p><strong>Concert fee:<\/strong> 10 \u20ac<br \/>\n<a href=\"http:\/\/www.festivaldesculturesjuives.org\/billetterie-en-ligne\/\" target=\"_blank\" rel=\"noopener\">Book concert tickets online<\/a><\/p>\n<p><strong><a href=\"https:\/\/www.iemj.org\/en\/concert-melodies-hebraiques\/\" target=\"_blank\" rel=\"noopener\">View excerpts from the concert<\/a><\/strong><\/p>\n<p><a href=\"https:\/\/www.iemj.org\/en\/hebrew-melodies-a-musical-journey-through-the-jewish-soul\/\" target=\"_blank\" rel=\"noopener\"><em>Listen to the radio program Hebrew Melodies: a musical journey through the Jewish soul (in French)<\/em><\/a><\/p>\n<p><em><strong>Below, Les Matinales &#8211; Video-interview &#8211; Radio program hosted by Sandrine Sebbane on RCJ,<br \/>\nbroadcast on 06\/13\/17<\/strong> <\/em><br \/>\n<iframe src=\"https:\/\/www.youtube.com\/embed\/YCqRsIYETA0\" width=\"720\" height=\"410\" frameborder=\"0\" allowfullscreen=\"allowfullscreen\"><\/iframe><\/p>\n","protected":false},"excerpt":{"rendered":"<p>Proposed by the European Institute of Jewish Music, the Archives Nationales and the D&#8217;AC, Direction de l&#8217;Action culturelle of the FSJU Beautifully interpreted by Sarah Iancu on cello and David<\/p>\n","protected":false},"author":5,"featured_media":14116,"comment_status":"closed","ping_status":"open","sticky":false,"template":"","format":"standard","meta":{"_acf_changed":false,"footnotes":""},"categories":[1377,1369],"tags":[2222],"technique":[],"squelettes":[],"sujet":[],"formation":[],"genre":[],"fonds":[],"tradition":[],"type-de-contenu":[],"interprete-compositeur":[],"frise":[],"type-devenement":[],"tableaux-liens-externes":[],"class_list":["post-105681","post","type-post","status-publish","format-standard","has-post-thumbnail","hentry","category-concerts-events-en","category-events-en","tag-eijm-events-en"],"acf":[],"yoast_head":"<!-- This site is optimized with the Yoast SEO plugin v27.3 - https:\/\/yoast.com\/product\/yoast-seo-wordpress\/ -->\n<title>Concert &quot;M\u00e9lodies h\u00e9bra\u00efques, un r\u00eave vieux de 3000 ans&quot; (&quot;Hebrew melodies, a 3000-year-old dream&quot;) - Institut Europ\u00e9en des Musiques Juives<\/title>\n<meta name=\"robots\" content=\"index, follow, max-snippet:-1, max-image-preview:large, max-video-preview:-1\" \/>\n<link rel=\"canonical\" href=\"https:\/\/www.iemj.org\/en\/concert-melodies-hebraiques-un-reve-vieux-de-3000-ans\/\" \/>\n<meta property=\"og:locale\" content=\"en_US\" \/>\n<meta property=\"og:type\" content=\"article\" \/>\n<meta property=\"og:title\" content=\"Concert &quot;M\u00e9lodies h\u00e9bra\u00efques, un r\u00eave vieux de 3000 ans&quot; (&quot;Hebrew melodies, a 3000-year-old dream&quot;) - Institut Europ\u00e9en des Musiques Juives\" \/>\n<meta property=\"og:description\" content=\"Proposed by the European Institute of Jewish Music, the Archives Nationales and the D&#8217;AC, Direction de l&#8217;Action culturelle of the FSJU Beautifully interpreted by Sarah Iancu on cello and David\" \/>\n<meta property=\"og:url\" content=\"https:\/\/www.iemj.org\/en\/concert-melodies-hebraiques-un-reve-vieux-de-3000-ans\/\" \/>\n<meta property=\"og:site_name\" content=\"Institut Europ\u00e9en des Musiques Juives\" \/>\n<meta property=\"article:publisher\" content=\"https:\/\/www.facebook.com\/MusiquesJuives\/\" \/>\n<meta property=\"article:published_time\" content=\"2017-05-16T08:56:07+00:00\" \/>\n<meta property=\"article:modified_time\" content=\"2023-11-21T16:51:49+00:00\" \/>\n<meta property=\"og:image\" content=\"https:\/\/www.iemj.org\/wp-content\/uploads\/2017\/05\/arton2301.jpg\" \/>\n\t<meta property=\"og:image:width\" content=\"336\" \/>\n\t<meta property=\"og:image:height\" content=\"441\" \/>\n\t<meta property=\"og:image:type\" content=\"image\/jpeg\" \/>\n<meta name=\"author\" content=\"Jacqueline ROTEN\" \/>\n<meta name=\"twitter:card\" content=\"summary_large_image\" \/>\n<meta name=\"twitter:label1\" content=\"Written by\" \/>\n\t<meta name=\"twitter:data1\" content=\"Jacqueline ROTEN\" \/>\n\t<meta name=\"twitter:label2\" content=\"Est. reading time\" \/>\n\t<meta name=\"twitter:data2\" content=\"2 minutes\" \/>\n<script type=\"application\/ld+json\" class=\"yoast-schema-graph\">{\"@context\":\"https:\\\/\\\/schema.org\",\"@graph\":[{\"@type\":\"Article\",\"@id\":\"https:\\\/\\\/www.iemj.org\\\/en\\\/concert-melodies-hebraiques-un-reve-vieux-de-3000-ans\\\/#article\",\"isPartOf\":{\"@id\":\"https:\\\/\\\/www.iemj.org\\\/en\\\/concert-melodies-hebraiques-un-reve-vieux-de-3000-ans\\\/\"},\"author\":{\"name\":\"Jacqueline ROTEN\",\"@id\":\"https:\\\/\\\/www.iemj.org\\\/en\\\/#\\\/schema\\\/person\\\/358e26c18aca017fcc4cc15437f7279c\"},\"headline\":\"Concert &#8220;M\u00e9lodies h\u00e9bra\u00efques, un r\u00eave vieux de 3000 ans&#8221; (&#8220;Hebrew melodies, a 3000-year-old dream&#8221;)\",\"datePublished\":\"2017-05-16T08:56:07+00:00\",\"dateModified\":\"2023-11-21T16:51:49+00:00\",\"mainEntityOfPage\":{\"@id\":\"https:\\\/\\\/www.iemj.org\\\/en\\\/concert-melodies-hebraiques-un-reve-vieux-de-3000-ans\\\/\"},\"wordCount\":221,\"publisher\":{\"@id\":\"https:\\\/\\\/www.iemj.org\\\/en\\\/#organization\"},\"image\":{\"@id\":\"https:\\\/\\\/www.iemj.org\\\/en\\\/concert-melodies-hebraiques-un-reve-vieux-de-3000-ans\\\/#primaryimage\"},\"thumbnailUrl\":\"https:\\\/\\\/www.iemj.org\\\/wp-content\\\/uploads\\\/2017\\\/05\\\/arton2301.jpg\",\"keywords\":[\"EIJM Events\"],\"articleSection\":[\"Concerts\",\"Events\"],\"inLanguage\":\"en-US\"},{\"@type\":\"WebPage\",\"@id\":\"https:\\\/\\\/www.iemj.org\\\/en\\\/concert-melodies-hebraiques-un-reve-vieux-de-3000-ans\\\/\",\"url\":\"https:\\\/\\\/www.iemj.org\\\/en\\\/concert-melodies-hebraiques-un-reve-vieux-de-3000-ans\\\/\",\"name\":\"Concert \\\"M\u00e9lodies h\u00e9bra\u00efques, un r\u00eave vieux de 3000 ans\\\" (\\\"Hebrew melodies, a 3000-year-old dream\\\") - Institut Europ\u00e9en des Musiques Juives\",\"isPartOf\":{\"@id\":\"https:\\\/\\\/www.iemj.org\\\/en\\\/#website\"},\"primaryImageOfPage\":{\"@id\":\"https:\\\/\\\/www.iemj.org\\\/en\\\/concert-melodies-hebraiques-un-reve-vieux-de-3000-ans\\\/#primaryimage\"},\"image\":{\"@id\":\"https:\\\/\\\/www.iemj.org\\\/en\\\/concert-melodies-hebraiques-un-reve-vieux-de-3000-ans\\\/#primaryimage\"},\"thumbnailUrl\":\"https:\\\/\\\/www.iemj.org\\\/wp-content\\\/uploads\\\/2017\\\/05\\\/arton2301.jpg\",\"datePublished\":\"2017-05-16T08:56:07+00:00\",\"dateModified\":\"2023-11-21T16:51:49+00:00\",\"breadcrumb\":{\"@id\":\"https:\\\/\\\/www.iemj.org\\\/en\\\/concert-melodies-hebraiques-un-reve-vieux-de-3000-ans\\\/#breadcrumb\"},\"inLanguage\":\"en-US\",\"potentialAction\":[{\"@type\":\"ReadAction\",\"target\":[\"https:\\\/\\\/www.iemj.org\\\/en\\\/concert-melodies-hebraiques-un-reve-vieux-de-3000-ans\\\/\"]}]},{\"@type\":\"ImageObject\",\"inLanguage\":\"en-US\",\"@id\":\"https:\\\/\\\/www.iemj.org\\\/en\\\/concert-melodies-hebraiques-un-reve-vieux-de-3000-ans\\\/#primaryimage\",\"url\":\"https:\\\/\\\/www.iemj.org\\\/wp-content\\\/uploads\\\/2017\\\/05\\\/arton2301.jpg\",\"contentUrl\":\"https:\\\/\\\/www.iemj.org\\\/wp-content\\\/uploads\\\/2017\\\/05\\\/arton2301.jpg\",\"width\":336,\"height\":441},{\"@type\":\"BreadcrumbList\",\"@id\":\"https:\\\/\\\/www.iemj.org\\\/en\\\/concert-melodies-hebraiques-un-reve-vieux-de-3000-ans\\\/#breadcrumb\",\"itemListElement\":[{\"@type\":\"ListItem\",\"position\":1,\"name\":\"Accueil\",\"item\":\"https:\\\/\\\/www.iemj.org\\\/en\\\/\"},{\"@type\":\"ListItem\",\"position\":2,\"name\":\"Concert \u00ab\u00a0M\u00e9lodies h\u00e9bra\u00efques, un r\u00eave vieux de 3000 ans\u00a0\u00bb (\u00ab\u00a0Hebrew melodies, a 3000-year-old dream\u00a0\u00bb)\"}]},{\"@type\":\"WebSite\",\"@id\":\"https:\\\/\\\/www.iemj.org\\\/en\\\/#website\",\"url\":\"https:\\\/\\\/www.iemj.org\\\/en\\\/\",\"name\":\"Institut Europ\u00e9en des Musiques Juives\",\"description\":\"Des traditions musicales \u00e0 la port\u00e9e de tous\",\"publisher\":{\"@id\":\"https:\\\/\\\/www.iemj.org\\\/en\\\/#organization\"},\"potentialAction\":[{\"@type\":\"SearchAction\",\"target\":{\"@type\":\"EntryPoint\",\"urlTemplate\":\"https:\\\/\\\/www.iemj.org\\\/en\\\/?s={search_term_string}\"},\"query-input\":{\"@type\":\"PropertyValueSpecification\",\"valueRequired\":true,\"valueName\":\"search_term_string\"}}],\"inLanguage\":\"en-US\"},{\"@type\":\"Organization\",\"@id\":\"https:\\\/\\\/www.iemj.org\\\/en\\\/#organization\",\"name\":\"Institut Europ\u00e9en des Musiques Juives\",\"url\":\"https:\\\/\\\/www.iemj.org\\\/en\\\/\",\"logo\":{\"@type\":\"ImageObject\",\"inLanguage\":\"en-US\",\"@id\":\"https:\\\/\\\/www.iemj.org\\\/en\\\/#\\\/schema\\\/logo\\\/image\\\/\",\"url\":\"https:\\\/\\\/www.iemj.org\\\/wp-content\\\/uploads\\\/2021\\\/09\\\/Logo-IEMJ-Paypal.jpg\",\"contentUrl\":\"https:\\\/\\\/www.iemj.org\\\/wp-content\\\/uploads\\\/2021\\\/09\\\/Logo-IEMJ-Paypal.jpg\",\"width\":150,\"height\":50,\"caption\":\"Institut Europ\u00e9en des Musiques Juives\"},\"image\":{\"@id\":\"https:\\\/\\\/www.iemj.org\\\/en\\\/#\\\/schema\\\/logo\\\/image\\\/\"},\"sameAs\":[\"https:\\\/\\\/www.facebook.com\\\/MusiquesJuives\\\/\",\"https:\\\/\\\/www.instagram.com\\\/musiquesjuives\\\/\",\"https:\\\/\\\/www.youtube.com\\\/user\\\/musiquesjuives\"]},{\"@type\":\"Person\",\"@id\":\"https:\\\/\\\/www.iemj.org\\\/en\\\/#\\\/schema\\\/person\\\/358e26c18aca017fcc4cc15437f7279c\",\"name\":\"Jacqueline ROTEN\",\"image\":{\"@type\":\"ImageObject\",\"inLanguage\":\"en-US\",\"@id\":\"https:\\\/\\\/secure.gravatar.com\\\/avatar\\\/5964256d6c6957de3a3505278957e0fb2a35119ac47ea41827a65301213c810b?s=96&d=mm&r=g\",\"url\":\"https:\\\/\\\/secure.gravatar.com\\\/avatar\\\/5964256d6c6957de3a3505278957e0fb2a35119ac47ea41827a65301213c810b?s=96&d=mm&r=g\",\"contentUrl\":\"https:\\\/\\\/secure.gravatar.com\\\/avatar\\\/5964256d6c6957de3a3505278957e0fb2a35119ac47ea41827a65301213c810b?s=96&d=mm&r=g\",\"caption\":\"Jacqueline ROTEN\"}}]}<\/script>\n<!-- \/ Yoast SEO plugin. -->","yoast_head_json":{"title":"Concert \"M\u00e9lodies h\u00e9bra\u00efques, un r\u00eave vieux de 3000 ans\" (\"Hebrew melodies, a 3000-year-old dream\") - Institut Europ\u00e9en des Musiques Juives","robots":{"index":"index","follow":"follow","max-snippet":"max-snippet:-1","max-image-preview":"max-image-preview:large","max-video-preview":"max-video-preview:-1"},"canonical":"https:\/\/www.iemj.org\/en\/concert-melodies-hebraiques-un-reve-vieux-de-3000-ans\/","og_locale":"en_US","og_type":"article","og_title":"Concert \"M\u00e9lodies h\u00e9bra\u00efques, un r\u00eave vieux de 3000 ans\" (\"Hebrew melodies, a 3000-year-old dream\") - Institut Europ\u00e9en des Musiques Juives","og_description":"Proposed by the European Institute of Jewish Music, the Archives Nationales and the D&#8217;AC, Direction de l&#8217;Action culturelle of the FSJU Beautifully interpreted by Sarah Iancu on cello and David","og_url":"https:\/\/www.iemj.org\/en\/concert-melodies-hebraiques-un-reve-vieux-de-3000-ans\/","og_site_name":"Institut Europ\u00e9en des Musiques Juives","article_publisher":"https:\/\/www.facebook.com\/MusiquesJuives\/","article_published_time":"2017-05-16T08:56:07+00:00","article_modified_time":"2023-11-21T16:51:49+00:00","og_image":[{"width":336,"height":441,"url":"https:\/\/www.iemj.org\/wp-content\/uploads\/2017\/05\/arton2301.jpg","type":"image\/jpeg"}],"author":"Jacqueline ROTEN","twitter_card":"summary_large_image","twitter_misc":{"Written by":"Jacqueline ROTEN","Est. reading time":"2 minutes"},"schema":{"@context":"https:\/\/schema.org","@graph":[{"@type":"Article","@id":"https:\/\/www.iemj.org\/en\/concert-melodies-hebraiques-un-reve-vieux-de-3000-ans\/#article","isPartOf":{"@id":"https:\/\/www.iemj.org\/en\/concert-melodies-hebraiques-un-reve-vieux-de-3000-ans\/"},"author":{"name":"Jacqueline ROTEN","@id":"https:\/\/www.iemj.org\/en\/#\/schema\/person\/358e26c18aca017fcc4cc15437f7279c"},"headline":"Concert &#8220;M\u00e9lodies h\u00e9bra\u00efques, un r\u00eave vieux de 3000 ans&#8221; (&#8220;Hebrew melodies, a 3000-year-old dream&#8221;)","datePublished":"2017-05-16T08:56:07+00:00","dateModified":"2023-11-21T16:51:49+00:00","mainEntityOfPage":{"@id":"https:\/\/www.iemj.org\/en\/concert-melodies-hebraiques-un-reve-vieux-de-3000-ans\/"},"wordCount":221,"publisher":{"@id":"https:\/\/www.iemj.org\/en\/#organization"},"image":{"@id":"https:\/\/www.iemj.org\/en\/concert-melodies-hebraiques-un-reve-vieux-de-3000-ans\/#primaryimage"},"thumbnailUrl":"https:\/\/www.iemj.org\/wp-content\/uploads\/2017\/05\/arton2301.jpg","keywords":["EIJM Events"],"articleSection":["Concerts","Events"],"inLanguage":"en-US"},{"@type":"WebPage","@id":"https:\/\/www.iemj.org\/en\/concert-melodies-hebraiques-un-reve-vieux-de-3000-ans\/","url":"https:\/\/www.iemj.org\/en\/concert-melodies-hebraiques-un-reve-vieux-de-3000-ans\/","name":"Concert \"M\u00e9lodies h\u00e9bra\u00efques, un r\u00eave vieux de 3000 ans\" (\"Hebrew melodies, a 3000-year-old dream\") - Institut Europ\u00e9en des Musiques Juives","isPartOf":{"@id":"https:\/\/www.iemj.org\/en\/#website"},"primaryImageOfPage":{"@id":"https:\/\/www.iemj.org\/en\/concert-melodies-hebraiques-un-reve-vieux-de-3000-ans\/#primaryimage"},"image":{"@id":"https:\/\/www.iemj.org\/en\/concert-melodies-hebraiques-un-reve-vieux-de-3000-ans\/#primaryimage"},"thumbnailUrl":"https:\/\/www.iemj.org\/wp-content\/uploads\/2017\/05\/arton2301.jpg","datePublished":"2017-05-16T08:56:07+00:00","dateModified":"2023-11-21T16:51:49+00:00","breadcrumb":{"@id":"https:\/\/www.iemj.org\/en\/concert-melodies-hebraiques-un-reve-vieux-de-3000-ans\/#breadcrumb"},"inLanguage":"en-US","potentialAction":[{"@type":"ReadAction","target":["https:\/\/www.iemj.org\/en\/concert-melodies-hebraiques-un-reve-vieux-de-3000-ans\/"]}]},{"@type":"ImageObject","inLanguage":"en-US","@id":"https:\/\/www.iemj.org\/en\/concert-melodies-hebraiques-un-reve-vieux-de-3000-ans\/#primaryimage","url":"https:\/\/www.iemj.org\/wp-content\/uploads\/2017\/05\/arton2301.jpg","contentUrl":"https:\/\/www.iemj.org\/wp-content\/uploads\/2017\/05\/arton2301.jpg","width":336,"height":441},{"@type":"BreadcrumbList","@id":"https:\/\/www.iemj.org\/en\/concert-melodies-hebraiques-un-reve-vieux-de-3000-ans\/#breadcrumb","itemListElement":[{"@type":"ListItem","position":1,"name":"Accueil","item":"https:\/\/www.iemj.org\/en\/"},{"@type":"ListItem","position":2,"name":"Concert \u00ab\u00a0M\u00e9lodies h\u00e9bra\u00efques, un r\u00eave vieux de 3000 ans\u00a0\u00bb (\u00ab\u00a0Hebrew melodies, a 3000-year-old dream\u00a0\u00bb)"}]},{"@type":"WebSite","@id":"https:\/\/www.iemj.org\/en\/#website","url":"https:\/\/www.iemj.org\/en\/","name":"Institut Europ\u00e9en des Musiques Juives","description":"Des traditions musicales \u00e0 la port\u00e9e de tous","publisher":{"@id":"https:\/\/www.iemj.org\/en\/#organization"},"potentialAction":[{"@type":"SearchAction","target":{"@type":"EntryPoint","urlTemplate":"https:\/\/www.iemj.org\/en\/?s={search_term_string}"},"query-input":{"@type":"PropertyValueSpecification","valueRequired":true,"valueName":"search_term_string"}}],"inLanguage":"en-US"},{"@type":"Organization","@id":"https:\/\/www.iemj.org\/en\/#organization","name":"Institut Europ\u00e9en des Musiques Juives","url":"https:\/\/www.iemj.org\/en\/","logo":{"@type":"ImageObject","inLanguage":"en-US","@id":"https:\/\/www.iemj.org\/en\/#\/schema\/logo\/image\/","url":"https:\/\/www.iemj.org\/wp-content\/uploads\/2021\/09\/Logo-IEMJ-Paypal.jpg","contentUrl":"https:\/\/www.iemj.org\/wp-content\/uploads\/2021\/09\/Logo-IEMJ-Paypal.jpg","width":150,"height":50,"caption":"Institut Europ\u00e9en des Musiques Juives"},"image":{"@id":"https:\/\/www.iemj.org\/en\/#\/schema\/logo\/image\/"},"sameAs":["https:\/\/www.facebook.com\/MusiquesJuives\/","https:\/\/www.instagram.com\/musiquesjuives\/","https:\/\/www.youtube.com\/user\/musiquesjuives"]},{"@type":"Person","@id":"https:\/\/www.iemj.org\/en\/#\/schema\/person\/358e26c18aca017fcc4cc15437f7279c","name":"Jacqueline ROTEN","image":{"@type":"ImageObject","inLanguage":"en-US","@id":"https:\/\/secure.gravatar.com\/avatar\/5964256d6c6957de3a3505278957e0fb2a35119ac47ea41827a65301213c810b?s=96&d=mm&r=g","url":"https:\/\/secure.gravatar.com\/avatar\/5964256d6c6957de3a3505278957e0fb2a35119ac47ea41827a65301213c810b?s=96&d=mm&r=g","contentUrl":"https:\/\/secure.gravatar.com\/avatar\/5964256d6c6957de3a3505278957e0fb2a35119ac47ea41827a65301213c810b?s=96&d=mm&r=g","caption":"Jacqueline ROTEN"}}]}},"_links":{"self":[{"href":"https:\/\/www.iemj.org\/en\/wp-json\/wp\/v2\/posts\/105681","targetHints":{"allow":["GET"]}}],"collection":[{"href":"https:\/\/www.iemj.org\/en\/wp-json\/wp\/v2\/posts"}],"about":[{"href":"https:\/\/www.iemj.org\/en\/wp-json\/wp\/v2\/types\/post"}],"author":[{"embeddable":true,"href":"https:\/\/www.iemj.org\/en\/wp-json\/wp\/v2\/users\/5"}],"replies":[{"embeddable":true,"href":"https:\/\/www.iemj.org\/en\/wp-json\/wp\/v2\/comments?post=105681"}],"version-history":[{"count":0,"href":"https:\/\/www.iemj.org\/en\/wp-json\/wp\/v2\/posts\/105681\/revisions"}],"wp:featuredmedia":[{"embeddable":true,"href":"https:\/\/www.iemj.org\/en\/wp-json\/wp\/v2\/media\/14116"}],"wp:attachment":[{"href":"https:\/\/www.iemj.org\/en\/wp-json\/wp\/v2\/media?parent=105681"}],"wp:term":[{"taxonomy":"category","embeddable":true,"href":"https:\/\/www.iemj.org\/en\/wp-json\/wp\/v2\/categories?post=105681"},{"taxonomy":"post_tag","embeddable":true,"href":"https:\/\/www.iemj.org\/en\/wp-json\/wp\/v2\/tags?post=105681"},{"taxonomy":"technique","embeddable":true,"href":"https:\/\/www.iemj.org\/en\/wp-json\/wp\/v2\/technique?post=105681"},{"taxonomy":"squelettes","embeddable":true,"href":"https:\/\/www.iemj.org\/en\/wp-json\/wp\/v2\/squelettes?post=105681"},{"taxonomy":"sujet","embeddable":true,"href":"https:\/\/www.iemj.org\/en\/wp-json\/wp\/v2\/sujet?post=105681"},{"taxonomy":"formation","embeddable":true,"href":"https:\/\/www.iemj.org\/en\/wp-json\/wp\/v2\/formation?post=105681"},{"taxonomy":"genre","embeddable":true,"href":"https:\/\/www.iemj.org\/en\/wp-json\/wp\/v2\/genre?post=105681"},{"taxonomy":"fonds","embeddable":true,"href":"https:\/\/www.iemj.org\/en\/wp-json\/wp\/v2\/fonds?post=105681"},{"taxonomy":"tradition","embeddable":true,"href":"https:\/\/www.iemj.org\/en\/wp-json\/wp\/v2\/tradition?post=105681"},{"taxonomy":"type-de-contenu","embeddable":true,"href":"https:\/\/www.iemj.org\/en\/wp-json\/wp\/v2\/type-de-contenu?post=105681"},{"taxonomy":"interprete-compositeur","embeddable":true,"href":"https:\/\/www.iemj.org\/en\/wp-json\/wp\/v2\/interprete-compositeur?post=105681"},{"taxonomy":"frise","embeddable":true,"href":"https:\/\/www.iemj.org\/en\/wp-json\/wp\/v2\/frise?post=105681"},{"taxonomy":"type-devenement","embeddable":true,"href":"https:\/\/www.iemj.org\/en\/wp-json\/wp\/v2\/type-devenement?post=105681"},{"taxonomy":"tableaux-liens-externes","embeddable":true,"href":"https:\/\/www.iemj.org\/en\/wp-json\/wp\/v2\/tableaux-liens-externes?post=105681"}],"curies":[{"name":"wp","href":"https:\/\/api.w.org\/{rel}","templated":true}]}}