{"id":105981,"date":"2023-11-28T11:55:48","date_gmt":"2023-11-28T10:55:48","guid":{"rendered":"https:\/\/www.iemj.org\/camille-erlanger-1863-1919\/"},"modified":"2023-11-28T16:24:37","modified_gmt":"2023-11-28T15:24:37","slug":"camille-erlanger-1863-1919","status":"publish","type":"post","link":"https:\/\/www.iemj.org\/en\/camille-erlanger-1863-1919\/","title":{"rendered":"ERLANGER, CAMILLE (1863-1919)"},"content":{"rendered":"<p>Camille Erlanger belongs to the &#8220;belle \u00e9poque&#8221; of opera composers such as Alfred Bruneau, Xavier Leroux, Georges H\u00fce and Henry F\u00e9vrier. They all knew the ins and outs of writing for the theater, and dramatic music was a major part of their catalog. Yet none of them made a lasting impression on the operatic landscape of their time, even though the quality of their music deserves to occupy a significant place in the theater repertoire.<\/p>\n<p>The Erlanger family name is shared by many Jewish families of German and Alsatian origin. It is common to many unrelated musicians: composers Jules and Gustav Erlanger and Fr\u00e9d\u00e9ric d&#8217;Erlanger (1868-1943), whose career took <img fetchpriority=\"high\" decoding=\"async\" class=\"size-medium wp-image-105937 alignright\" src=\"https:\/\/www.iemj.org\/wp-content\/uploads\/2023\/11\/Saint-Julien-lhospitalier-201x300.jpg\" alt=\"\" width=\"201\" height=\"300\" srcset=\"https:\/\/www.iemj.org\/wp-content\/uploads\/2023\/11\/Saint-Julien-lhospitalier-201x300.jpg 201w, https:\/\/www.iemj.org\/wp-content\/uploads\/2023\/11\/Saint-Julien-lhospitalier.jpg 325w\" sizes=\"(max-width: 201px) 100vw, 201px\" \/>place in London. We should also mention Rodolphe d&#8217;Erlanger (1872-1932), ethnomusicologist, author of a monumental study of Arabic music.<\/p>\n<p>At first glance, Camille Erlanger was not predisposed to a musical career. His parents, who had left their native Alsace for Paris, were modest shopkeepers far removed from the artistic world. Born on May 24, 1863, the child showed an obvious aptitude for music. He entered the Conservatoire in 1881, and was admitted to L\u00e9o Delibes&#8217; composition class in 1886. In 1888, ahead of Paul Dukas, he won the Premier Grand Prix de Rome with his cantata Vell\u00e9da. In 1895, his lyric legend <strong><em>Saint-Julien l&#8217;Hospitalier<\/em><\/strong>, based on Flaubert&#8217;s tale of the same name, made a great impression with its scope and harmonic boldness, reflecting his Wagnerian fervor.<\/p>\n<p>Camille Erlanger&#8217;s first opera, <strong>Kermaria<\/strong>, combines fantasy and legend in a Breton setting. Premiered at the Op\u00e9ra-Comique in 1897, it was only a mediocre success. The composer was happier with <strong>Le Juif polonais<\/strong>, based on a novel by Erckmann-Chatrian. This dark drama of guilt and remorse, set in an Alsatian village, is in keeping with the naturalist esthetic represented at the time by composers such as Alfred Bruneau and Gustave Charpentier. Performed with great success at the Op\u00e9ra-Comique in 1900, <em>Le Juif polonais<\/em> was revived fairly regularly until the late 1930s.<\/p>\n\n\n<div class=\"wp-block-columns are-vertically-aligned-top is-layout-flex wp-container-core-columns-is-layout-9d6595d7 wp-block-columns-is-layout-flex\">\n<div class=\"wp-block-column is-vertically-aligned-top is-layout-flow wp-block-column-is-layout-flow\">\n<figure class=\"wp-block-image size-full\"><img decoding=\"async\" width=\"337\" height=\"500\" src=\"https:\/\/www.iemj.org\/wp-content\/uploads\/2023\/11\/Kermaria-1897.jpg\" alt=\"\" class=\"wp-image-105922\" srcset=\"https:\/\/www.iemj.org\/wp-content\/uploads\/2023\/11\/Kermaria-1897.jpg 337w, https:\/\/www.iemj.org\/wp-content\/uploads\/2023\/11\/Kermaria-1897-202x300.jpg 202w\" sizes=\"(max-width: 337px) 100vw, 337px\" \/><figcaption class=\"wp-element-caption\"><strong><em>Kermaria<\/em> (1897)<\/strong><\/figcaption><\/figure>\n<\/div>\n\n\n\n<div class=\"wp-block-column is-vertically-aligned-top is-layout-flow wp-block-column-is-layout-flow\">\n<figure class=\"wp-block-image size-full\"><img decoding=\"async\" width=\"310\" height=\"500\" src=\"https:\/\/www.iemj.org\/wp-content\/uploads\/2023\/11\/Le-Juif-Polonais-1900_1.jpg\" alt=\"\" class=\"wp-image-105927\" srcset=\"https:\/\/www.iemj.org\/wp-content\/uploads\/2023\/11\/Le-Juif-Polonais-1900_1.jpg 310w, https:\/\/www.iemj.org\/wp-content\/uploads\/2023\/11\/Le-Juif-Polonais-1900_1-186x300.jpg 186w\" sizes=\"(max-width: 310px) 100vw, 310px\" \/><figcaption class=\"wp-element-caption\"><em><strong>Le Juif Polonais (1900)<\/strong><\/em><\/figcaption><\/figure>\n<\/div>\n\n\n\n<div class=\"wp-block-column is-vertically-aligned-top is-layout-flow wp-block-column-is-layout-flow\">\n<figure class=\"wp-block-image size-full\"><img loading=\"lazy\" decoding=\"async\" width=\"327\" height=\"500\" src=\"https:\/\/www.iemj.org\/wp-content\/uploads\/2023\/11\/Le-Juif-Polonais-1900_2.jpg\" alt=\"\" class=\"wp-image-105932\" srcset=\"https:\/\/www.iemj.org\/wp-content\/uploads\/2023\/11\/Le-Juif-Polonais-1900_2.jpg 327w, https:\/\/www.iemj.org\/wp-content\/uploads\/2023\/11\/Le-Juif-Polonais-1900_2-196x300.jpg 196w\" sizes=\"(max-width: 327px) 100vw, 327px\" \/><figcaption class=\"wp-element-caption\"><em><strong>Le Juif Polonais (1900)<\/strong><\/em><\/figcaption><\/figure>\n<\/div>\n<\/div>\n\n\n<p>It was undoubtedly through his mentor L\u00e9o Delibes that Erlanger was introduced to the salon of Isaac de Camondo, banker, diplomat, eminent art collector and amateur composer whose opera <em>Le Clown<\/em> was performed at the Op\u00e9ra Comique in 1906. In 1902, he married one of the latter&#8217;s second cousins, Ir\u00e8ne Hillel-Manoach (1878-1920), whose initiatory novel <em>Voyage en kaleidoscope<\/em> became a classic of esoteric literature and attracted the interest of the Surrealists. Their son, Philippe Erlanger (1903-1987), a senior civil servant, writer and art critic, was one of the founders of the Cannes Film Festival.<\/p>\n<p><em><strong><img loading=\"lazy\" decoding=\"async\" class=\"size-medium wp-image-105944 alignleft\" src=\"https:\/\/www.iemj.org\/wp-content\/uploads\/2023\/11\/Le-Fils-de-lEtoile-193x300.jpg\" alt=\"\" width=\"193\" height=\"300\" srcset=\"https:\/\/www.iemj.org\/wp-content\/uploads\/2023\/11\/Le-Fils-de-lEtoile-193x300.jpg 193w, https:\/\/www.iemj.org\/wp-content\/uploads\/2023\/11\/Le-Fils-de-lEtoile.jpg 322w\" sizes=\"(max-width: 193px) 100vw, 193px\" \/><\/strong><\/em><em><strong>Le Fils de l&#8217;Etoile<\/strong><\/em>, a lyric drama in five acts, was first performed at the Palais Garnier in 1904. The libretto by Catulle Mend\u00e8s depicts the Hebrew uprising provoked by Emperor Hadrian&#8217;s decision to build a city on the site of the Temple of Jerusalem. This vast epico-Wagnerian fresco, in which Mend\u00e8s&#8217;s flamboyant expression does little to disguise the opacity of the action, was only a minor success.<\/p>\n<p>At the same time as <em>Le Fils de l&#8217;Etoile<\/em>, the musician composed the work that was to be his greatest success: <em>Aphrodite<\/em>, whose libretto by Louis de Grammont adapts Pierre Lou\u00ffs&#8217; famous novel for the stage. The erotic charge of the argument, the splendor of the staging at the Op\u00e9ra-Comique premiere in 1906 and the presence of Mary Garden in the role of Chrysis all played their part in the work&#8217;s great success. But Erlanger&#8217;s music, with its innate sense of sound design, its highly personal treatment of conductive motifs and the often unexpected physiognomy of its melodic patterns, was just as important to the success of a work whose musicologist Leslie Wright rightly said that &#8220;its hybrid character is perhaps more revealing of the beginnings of modernism than other more linear scores&#8221;.<\/p>\n<p>In 1909, Erlanger staged Bacchus Triomphant, a large-scale popular spectacle, in Bordeaux, followed by L&#8217;Aube Rouge, a drama set in Russian anarchist circles, in Rouen in 1911.<\/p>\n<figure id=\"attachment_105949\" aria-describedby=\"caption-attachment-105949\" style=\"width: 205px\" class=\"wp-caption alignright\"><img loading=\"lazy\" decoding=\"async\" class=\"wp-image-105949 size-medium\" src=\"https:\/\/www.iemj.org\/wp-content\/uploads\/2023\/11\/La-Sorciere-1912-205x300.jpg\" alt=\"\" width=\"205\" height=\"300\" srcset=\"https:\/\/www.iemj.org\/wp-content\/uploads\/2023\/11\/La-Sorciere-1912-205x300.jpg 205w, https:\/\/www.iemj.org\/wp-content\/uploads\/2023\/11\/La-Sorciere-1912.jpg 341w\" sizes=\"(max-width: 205px) 100vw, 205px\" \/><figcaption id=\"caption-attachment-105949\" class=\"wp-caption-text\"><strong>Camille Erlanger working on the role of Zoraya with Marthe Chenal<\/strong><\/figcaption><\/figure>\n<p>His next two works were composed simultaneously: <em>Hannele Mattern<\/em>, and <strong>La Sorci\u00e8re<\/strong>, a musical drama in 4 acts based on a drama by Victorien Sardou. The action, tragic and violent, narrates the love affair between a captain of the Toledo archers and a Muslim woman with supernatural powers, who chooses suicide to escape the pyres of the Inquisition. Despite its success, the 1912 premiere at the Op\u00e9ra-Comique met with mixed reactions: the frightening depiction of the Church was badly received by some critics, whose comments were accompanied by undisguised anti-Semitic relents. The work features soprano Marthe Chenal in the lead role. A veritable &#8220;sacred monster&#8221;, she was Erlanger&#8217;s first choice for <em>Bacchus triomphant<\/em>, <em>L&#8217;Aube rouge<\/em> and, above all, this <em>Sorci\u00e8re<\/em>, whose fullness of voice and stage presence made a great impression.<\/p>\n<p><em>La Sorci\u00e8re<\/em> was Erlanger&#8217;s last operatic work created during his lifetime; at his death, he left two operas unfinished.<\/p>\n<p>A rare transposition of a film to opera, <em>Forfaiture<\/em>, first performed in 1921, shocked audiences with its passionate violence and crude libretto. <em>Faublas<\/em>, however, never saw the limelight, and the score, completed by Paul Bastide, rests in the reserves of the Biblioth\u00e8que Nationale de France.<\/p>\n<p><img loading=\"lazy\" decoding=\"async\" class=\"wp-image-105973 size-full alignleft\" src=\"https:\/\/www.iemj.org\/wp-content\/uploads\/2023\/11\/Hanele-1.jpg\" alt=\"\" width=\"193\" height=\"262\" \/>By 1913, Erlanger had completed <strong><em>Hannele Mattern<\/em><\/strong>, which was to be staged the following year at the Op\u00e9ra-Comique. But the libretto was based on Gerhard Hauptmann&#8217;s play of the same name, and throughout the war it was unthinkable to stage a work by a German author in Paris. Little in tune with the esthetic revolutions of the Roaring Twenties, the music of Camille Erlanger, who died on April 24, 1919, gradually fell into oblivion, and <em>Hannele Mattern<\/em> had little chance of being performed. Nevertheless, the work was premiered in Strasbourg in 1950 without arousing much more than polite indifference. And this was certainly the last time Erlanger&#8217;s work would be performed on stage.<\/p>\n<p>Although Camille Erlanger established himself above all as a lyric composer, his catalog includes numerous melodies, a few piano and symphonic pages, as well as music for <em>La Supr\u00eame Epop\u00e9e<\/em>, a patriotic propaganda film by Henri Desfontaines, produced by the Service photographique et cin\u00e9matographique des Arm\u00e9es in 1919.<\/p>\n<p>Erlanger&#8217;s musical style is characterized by dense writing, abundant conductive motifs and opulent orchestration. His harmonic language does not shy away from sometimes surprising audacities that can lead briefly to the frontiers of tonality. An outstanding orchestrator, he possesses an obvious gift for musical scenery, and knows how to set it in a striking manner in just a few measures. Lyrical outpourings and voluptuous melodic outbursts are rarely part of his vocabulary. His qualities as a dramatist crystallize around his remarkable sense of sound design. Through the singularity of a melodic design or harmonic sequence, he succeeds in creating a remarkably effective musical framework, with an evocative force that enables him to characterize his figures, their personalities and their states of mind. At the time, this highly theatrical yet unconventional approach seems to have disconcerted both lovers of traditional lyric art rooted in the Gounod-Massenet tradition, and those who championed the &#8220;new art&#8221; of opera represented by composers such as Debussy, d&#8217;Indy and Dukas.<\/p>\n\n\n<div class=\"wp-block-columns is-layout-flex wp-container-core-columns-is-layout-9d6595d7 wp-block-columns-is-layout-flex\">\n<div class=\"wp-block-column is-layout-flow wp-block-column-is-layout-flow\">\n<figure class=\"wp-block-image size-full\"><img loading=\"lazy\" decoding=\"async\" width=\"500\" height=\"360\" src=\"https:\/\/www.iemj.org\/wp-content\/uploads\/2023\/11\/Camille-Erlanger-et-Catulle-Mendes-par-Leonetto-Cappiello-1904.jpg\" alt=\"\" class=\"wp-image-105960\" srcset=\"https:\/\/www.iemj.org\/wp-content\/uploads\/2023\/11\/Camille-Erlanger-et-Catulle-Mendes-par-Leonetto-Cappiello-1904.jpg 500w, https:\/\/www.iemj.org\/wp-content\/uploads\/2023\/11\/Camille-Erlanger-et-Catulle-Mendes-par-Leonetto-Cappiello-1904-300x216.jpg 300w\" sizes=\"(max-width: 500px) 100vw, 500px\" \/><figcaption class=\"wp-element-caption\"><strong>Camille Erlanger and Catulle Mend\u00e8s, by Leonetto Cappiello (1904)<\/strong><\/figcaption><\/figure>\n<\/div>\n\n\n\n<div class=\"wp-block-column is-layout-flow wp-block-column-is-layout-flow\">\n<figure class=\"wp-block-image size-full\"><img loading=\"lazy\" decoding=\"async\" width=\"500\" height=\"376\" src=\"https:\/\/www.iemj.org\/wp-content\/uploads\/2023\/11\/Theatre-National-La-Sorciere.jpg\" alt=\"\" class=\"wp-image-105965\" srcset=\"https:\/\/www.iemj.org\/wp-content\/uploads\/2023\/11\/Theatre-National-La-Sorciere.jpg 500w, https:\/\/www.iemj.org\/wp-content\/uploads\/2023\/11\/Theatre-National-La-Sorciere-300x226.jpg 300w\" sizes=\"(max-width: 500px) 100vw, 500px\" \/><figcaption class=\"wp-element-caption\"><strong>Th\u00e9\u00e2tre National de l&#8217;Op\u00e9ra-Comique &#8211; <em>La Sorci\u00e8re<\/em><\/strong> <strong>&#8211; Act IV<\/strong><\/figcaption><\/figure>\n<\/div>\n<\/div>\n\n\n\n<figure class=\"wp-block-embed is-type-video is-provider-youtube wp-block-embed-youtube wp-embed-aspect-16-9 wp-has-aspect-ratio\"><div class=\"wp-block-embed__wrapper\">\n<iframe title=\"Aphrodite (Erlanger) Acte II - Partie 2 - Ch\u0153ur des courtisanes et Sc\u00e8ne des offrandes (dir. Aubin)\" width=\"640\" height=\"360\" src=\"https:\/\/www.youtube.com\/embed\/4ssE5_rybLA?list=PL2110Qqi0eq5FCG3cQ3Fijd_2_YgG-NHP\" frameborder=\"0\" allow=\"accelerometer; autoplay; clipboard-write; encrypted-media; gyroscope; picture-in-picture; web-share\" referrerpolicy=\"strict-origin-when-cross-origin\" allowfullscreen><\/iframe>\n<\/div><\/figure>\n","protected":false},"excerpt":{"rendered":"<p>Camille Erlanger belongs to the &#8220;belle \u00e9poque&#8221; of opera composers such as Alfred Bruneau, Xavier Leroux, Georges H\u00fce and Henry F\u00e9vrier. They all knew the ins and outs of writing<\/p>\n","protected":false},"author":5,"featured_media":105918,"comment_status":"closed","ping_status":"closed","sticky":false,"template":"","format":"standard","meta":{"_acf_changed":false,"footnotes":""},"categories":[903],"tags":[],"technique":[],"squelettes":[],"sujet":[],"formation":[],"genre":[],"fonds":[],"tradition":[],"type-de-contenu":[],"interprete-compositeur":[],"frise":[],"type-devenement":[],"tableaux-liens-externes":[],"class_list":["post-105981","post","type-post","status-publish","format-standard","has-post-thumbnail","hentry","category-biographies-en"],"acf":[],"yoast_head":"<!-- This site is optimized with the Yoast SEO plugin v27.3 - https:\/\/yoast.com\/product\/yoast-seo-wordpress\/ -->\n<title>ERLANGER, CAMILLE (1863-1919) - Institut Europ\u00e9en des Musiques Juives<\/title>\n<meta name=\"robots\" content=\"index, follow, max-snippet:-1, max-image-preview:large, max-video-preview:-1\" \/>\n<link rel=\"canonical\" href=\"https:\/\/www.iemj.org\/en\/camille-erlanger-1863-1919\/\" \/>\n<meta property=\"og:locale\" content=\"en_US\" \/>\n<meta property=\"og:type\" content=\"article\" \/>\n<meta property=\"og:title\" content=\"ERLANGER, CAMILLE (1863-1919) - Institut Europ\u00e9en des Musiques Juives\" \/>\n<meta property=\"og:description\" content=\"Camille Erlanger belongs to the &#8220;belle \u00e9poque&#8221; of opera composers such as Alfred Bruneau, Xavier Leroux, Georges H\u00fce and Henry F\u00e9vrier. They all knew the ins and outs of writing\" \/>\n<meta property=\"og:url\" content=\"https:\/\/www.iemj.org\/en\/camille-erlanger-1863-1919\/\" \/>\n<meta property=\"og:site_name\" content=\"Institut Europ\u00e9en des Musiques Juives\" \/>\n<meta property=\"article:publisher\" content=\"https:\/\/www.facebook.com\/MusiquesJuives\/\" \/>\n<meta property=\"article:published_time\" content=\"2023-11-28T10:55:48+00:00\" \/>\n<meta property=\"article:modified_time\" content=\"2023-11-28T15:24:37+00:00\" \/>\n<meta property=\"og:image\" content=\"https:\/\/www.iemj.org\/wp-content\/uploads\/2023\/11\/Logo-Bio.jpg\" \/>\n\t<meta property=\"og:image:width\" content=\"182\" \/>\n\t<meta property=\"og:image:height\" content=\"218\" \/>\n\t<meta property=\"og:image:type\" content=\"image\/jpeg\" \/>\n<meta name=\"author\" content=\"Jacqueline ROTEN\" \/>\n<meta name=\"twitter:card\" content=\"summary_large_image\" \/>\n<meta name=\"twitter:label1\" content=\"Written by\" \/>\n\t<meta name=\"twitter:data1\" content=\"Jacqueline ROTEN\" \/>\n\t<meta name=\"twitter:label2\" content=\"Est. reading time\" \/>\n\t<meta name=\"twitter:data2\" content=\"9 minutes\" \/>\n<script type=\"application\/ld+json\" class=\"yoast-schema-graph\">{\"@context\":\"https:\\\/\\\/schema.org\",\"@graph\":[{\"@type\":\"Article\",\"@id\":\"https:\\\/\\\/www.iemj.org\\\/en\\\/camille-erlanger-1863-1919\\\/#article\",\"isPartOf\":{\"@id\":\"https:\\\/\\\/www.iemj.org\\\/en\\\/camille-erlanger-1863-1919\\\/\"},\"author\":{\"name\":\"Jacqueline ROTEN\",\"@id\":\"https:\\\/\\\/www.iemj.org\\\/en\\\/#\\\/schema\\\/person\\\/358e26c18aca017fcc4cc15437f7279c\"},\"headline\":\"ERLANGER, CAMILLE (1863-1919)\",\"datePublished\":\"2023-11-28T10:55:48+00:00\",\"dateModified\":\"2023-11-28T15:24:37+00:00\",\"mainEntityOfPage\":{\"@id\":\"https:\\\/\\\/www.iemj.org\\\/en\\\/camille-erlanger-1863-1919\\\/\"},\"wordCount\":1255,\"publisher\":{\"@id\":\"https:\\\/\\\/www.iemj.org\\\/en\\\/#organization\"},\"image\":{\"@id\":\"https:\\\/\\\/www.iemj.org\\\/en\\\/camille-erlanger-1863-1919\\\/#primaryimage\"},\"thumbnailUrl\":\"https:\\\/\\\/www.iemj.org\\\/wp-content\\\/uploads\\\/2023\\\/11\\\/Logo-Bio.jpg\",\"articleSection\":[\"Biographies\"],\"inLanguage\":\"en-US\"},{\"@type\":\"WebPage\",\"@id\":\"https:\\\/\\\/www.iemj.org\\\/en\\\/camille-erlanger-1863-1919\\\/\",\"url\":\"https:\\\/\\\/www.iemj.org\\\/en\\\/camille-erlanger-1863-1919\\\/\",\"name\":\"ERLANGER, CAMILLE (1863-1919) - Institut Europ\u00e9en des Musiques Juives\",\"isPartOf\":{\"@id\":\"https:\\\/\\\/www.iemj.org\\\/en\\\/#website\"},\"primaryImageOfPage\":{\"@id\":\"https:\\\/\\\/www.iemj.org\\\/en\\\/camille-erlanger-1863-1919\\\/#primaryimage\"},\"image\":{\"@id\":\"https:\\\/\\\/www.iemj.org\\\/en\\\/camille-erlanger-1863-1919\\\/#primaryimage\"},\"thumbnailUrl\":\"https:\\\/\\\/www.iemj.org\\\/wp-content\\\/uploads\\\/2023\\\/11\\\/Logo-Bio.jpg\",\"datePublished\":\"2023-11-28T10:55:48+00:00\",\"dateModified\":\"2023-11-28T15:24:37+00:00\",\"breadcrumb\":{\"@id\":\"https:\\\/\\\/www.iemj.org\\\/en\\\/camille-erlanger-1863-1919\\\/#breadcrumb\"},\"inLanguage\":\"en-US\",\"potentialAction\":[{\"@type\":\"ReadAction\",\"target\":[\"https:\\\/\\\/www.iemj.org\\\/en\\\/camille-erlanger-1863-1919\\\/\"]}]},{\"@type\":\"ImageObject\",\"inLanguage\":\"en-US\",\"@id\":\"https:\\\/\\\/www.iemj.org\\\/en\\\/camille-erlanger-1863-1919\\\/#primaryimage\",\"url\":\"https:\\\/\\\/www.iemj.org\\\/wp-content\\\/uploads\\\/2023\\\/11\\\/Logo-Bio.jpg\",\"contentUrl\":\"https:\\\/\\\/www.iemj.org\\\/wp-content\\\/uploads\\\/2023\\\/11\\\/Logo-Bio.jpg\",\"width\":182,\"height\":218},{\"@type\":\"BreadcrumbList\",\"@id\":\"https:\\\/\\\/www.iemj.org\\\/en\\\/camille-erlanger-1863-1919\\\/#breadcrumb\",\"itemListElement\":[{\"@type\":\"ListItem\",\"position\":1,\"name\":\"Accueil\",\"item\":\"https:\\\/\\\/www.iemj.org\\\/en\\\/\"},{\"@type\":\"ListItem\",\"position\":2,\"name\":\"ERLANGER, CAMILLE (1863-1919)\"}]},{\"@type\":\"WebSite\",\"@id\":\"https:\\\/\\\/www.iemj.org\\\/en\\\/#website\",\"url\":\"https:\\\/\\\/www.iemj.org\\\/en\\\/\",\"name\":\"Institut Europ\u00e9en des Musiques Juives\",\"description\":\"Des traditions musicales \u00e0 la port\u00e9e de tous\",\"publisher\":{\"@id\":\"https:\\\/\\\/www.iemj.org\\\/en\\\/#organization\"},\"potentialAction\":[{\"@type\":\"SearchAction\",\"target\":{\"@type\":\"EntryPoint\",\"urlTemplate\":\"https:\\\/\\\/www.iemj.org\\\/en\\\/?s={search_term_string}\"},\"query-input\":{\"@type\":\"PropertyValueSpecification\",\"valueRequired\":true,\"valueName\":\"search_term_string\"}}],\"inLanguage\":\"en-US\"},{\"@type\":\"Organization\",\"@id\":\"https:\\\/\\\/www.iemj.org\\\/en\\\/#organization\",\"name\":\"Institut Europ\u00e9en des Musiques Juives\",\"url\":\"https:\\\/\\\/www.iemj.org\\\/en\\\/\",\"logo\":{\"@type\":\"ImageObject\",\"inLanguage\":\"en-US\",\"@id\":\"https:\\\/\\\/www.iemj.org\\\/en\\\/#\\\/schema\\\/logo\\\/image\\\/\",\"url\":\"https:\\\/\\\/www.iemj.org\\\/wp-content\\\/uploads\\\/2021\\\/09\\\/Logo-IEMJ-Paypal.jpg\",\"contentUrl\":\"https:\\\/\\\/www.iemj.org\\\/wp-content\\\/uploads\\\/2021\\\/09\\\/Logo-IEMJ-Paypal.jpg\",\"width\":150,\"height\":50,\"caption\":\"Institut Europ\u00e9en des Musiques Juives\"},\"image\":{\"@id\":\"https:\\\/\\\/www.iemj.org\\\/en\\\/#\\\/schema\\\/logo\\\/image\\\/\"},\"sameAs\":[\"https:\\\/\\\/www.facebook.com\\\/MusiquesJuives\\\/\",\"https:\\\/\\\/www.instagram.com\\\/musiquesjuives\\\/\",\"https:\\\/\\\/www.youtube.com\\\/user\\\/musiquesjuives\"]},{\"@type\":\"Person\",\"@id\":\"https:\\\/\\\/www.iemj.org\\\/en\\\/#\\\/schema\\\/person\\\/358e26c18aca017fcc4cc15437f7279c\",\"name\":\"Jacqueline ROTEN\",\"image\":{\"@type\":\"ImageObject\",\"inLanguage\":\"en-US\",\"@id\":\"https:\\\/\\\/secure.gravatar.com\\\/avatar\\\/5964256d6c6957de3a3505278957e0fb2a35119ac47ea41827a65301213c810b?s=96&d=mm&r=g\",\"url\":\"https:\\\/\\\/secure.gravatar.com\\\/avatar\\\/5964256d6c6957de3a3505278957e0fb2a35119ac47ea41827a65301213c810b?s=96&d=mm&r=g\",\"contentUrl\":\"https:\\\/\\\/secure.gravatar.com\\\/avatar\\\/5964256d6c6957de3a3505278957e0fb2a35119ac47ea41827a65301213c810b?s=96&d=mm&r=g\",\"caption\":\"Jacqueline ROTEN\"}}]}<\/script>\n<!-- \/ Yoast SEO plugin. -->","yoast_head_json":{"title":"ERLANGER, CAMILLE (1863-1919) - Institut Europ\u00e9en des Musiques Juives","robots":{"index":"index","follow":"follow","max-snippet":"max-snippet:-1","max-image-preview":"max-image-preview:large","max-video-preview":"max-video-preview:-1"},"canonical":"https:\/\/www.iemj.org\/en\/camille-erlanger-1863-1919\/","og_locale":"en_US","og_type":"article","og_title":"ERLANGER, CAMILLE (1863-1919) - Institut Europ\u00e9en des Musiques Juives","og_description":"Camille Erlanger belongs to the &#8220;belle \u00e9poque&#8221; of opera composers such as Alfred Bruneau, Xavier Leroux, Georges H\u00fce and Henry F\u00e9vrier. They all knew the ins and outs of writing","og_url":"https:\/\/www.iemj.org\/en\/camille-erlanger-1863-1919\/","og_site_name":"Institut Europ\u00e9en des Musiques Juives","article_publisher":"https:\/\/www.facebook.com\/MusiquesJuives\/","article_published_time":"2023-11-28T10:55:48+00:00","article_modified_time":"2023-11-28T15:24:37+00:00","og_image":[{"width":182,"height":218,"url":"https:\/\/www.iemj.org\/wp-content\/uploads\/2023\/11\/Logo-Bio.jpg","type":"image\/jpeg"}],"author":"Jacqueline ROTEN","twitter_card":"summary_large_image","twitter_misc":{"Written by":"Jacqueline ROTEN","Est. reading time":"9 minutes"},"schema":{"@context":"https:\/\/schema.org","@graph":[{"@type":"Article","@id":"https:\/\/www.iemj.org\/en\/camille-erlanger-1863-1919\/#article","isPartOf":{"@id":"https:\/\/www.iemj.org\/en\/camille-erlanger-1863-1919\/"},"author":{"name":"Jacqueline ROTEN","@id":"https:\/\/www.iemj.org\/en\/#\/schema\/person\/358e26c18aca017fcc4cc15437f7279c"},"headline":"ERLANGER, CAMILLE (1863-1919)","datePublished":"2023-11-28T10:55:48+00:00","dateModified":"2023-11-28T15:24:37+00:00","mainEntityOfPage":{"@id":"https:\/\/www.iemj.org\/en\/camille-erlanger-1863-1919\/"},"wordCount":1255,"publisher":{"@id":"https:\/\/www.iemj.org\/en\/#organization"},"image":{"@id":"https:\/\/www.iemj.org\/en\/camille-erlanger-1863-1919\/#primaryimage"},"thumbnailUrl":"https:\/\/www.iemj.org\/wp-content\/uploads\/2023\/11\/Logo-Bio.jpg","articleSection":["Biographies"],"inLanguage":"en-US"},{"@type":"WebPage","@id":"https:\/\/www.iemj.org\/en\/camille-erlanger-1863-1919\/","url":"https:\/\/www.iemj.org\/en\/camille-erlanger-1863-1919\/","name":"ERLANGER, CAMILLE (1863-1919) - Institut Europ\u00e9en des Musiques Juives","isPartOf":{"@id":"https:\/\/www.iemj.org\/en\/#website"},"primaryImageOfPage":{"@id":"https:\/\/www.iemj.org\/en\/camille-erlanger-1863-1919\/#primaryimage"},"image":{"@id":"https:\/\/www.iemj.org\/en\/camille-erlanger-1863-1919\/#primaryimage"},"thumbnailUrl":"https:\/\/www.iemj.org\/wp-content\/uploads\/2023\/11\/Logo-Bio.jpg","datePublished":"2023-11-28T10:55:48+00:00","dateModified":"2023-11-28T15:24:37+00:00","breadcrumb":{"@id":"https:\/\/www.iemj.org\/en\/camille-erlanger-1863-1919\/#breadcrumb"},"inLanguage":"en-US","potentialAction":[{"@type":"ReadAction","target":["https:\/\/www.iemj.org\/en\/camille-erlanger-1863-1919\/"]}]},{"@type":"ImageObject","inLanguage":"en-US","@id":"https:\/\/www.iemj.org\/en\/camille-erlanger-1863-1919\/#primaryimage","url":"https:\/\/www.iemj.org\/wp-content\/uploads\/2023\/11\/Logo-Bio.jpg","contentUrl":"https:\/\/www.iemj.org\/wp-content\/uploads\/2023\/11\/Logo-Bio.jpg","width":182,"height":218},{"@type":"BreadcrumbList","@id":"https:\/\/www.iemj.org\/en\/camille-erlanger-1863-1919\/#breadcrumb","itemListElement":[{"@type":"ListItem","position":1,"name":"Accueil","item":"https:\/\/www.iemj.org\/en\/"},{"@type":"ListItem","position":2,"name":"ERLANGER, CAMILLE (1863-1919)"}]},{"@type":"WebSite","@id":"https:\/\/www.iemj.org\/en\/#website","url":"https:\/\/www.iemj.org\/en\/","name":"Institut Europ\u00e9en des Musiques Juives","description":"Des traditions musicales \u00e0 la port\u00e9e de tous","publisher":{"@id":"https:\/\/www.iemj.org\/en\/#organization"},"potentialAction":[{"@type":"SearchAction","target":{"@type":"EntryPoint","urlTemplate":"https:\/\/www.iemj.org\/en\/?s={search_term_string}"},"query-input":{"@type":"PropertyValueSpecification","valueRequired":true,"valueName":"search_term_string"}}],"inLanguage":"en-US"},{"@type":"Organization","@id":"https:\/\/www.iemj.org\/en\/#organization","name":"Institut Europ\u00e9en des Musiques Juives","url":"https:\/\/www.iemj.org\/en\/","logo":{"@type":"ImageObject","inLanguage":"en-US","@id":"https:\/\/www.iemj.org\/en\/#\/schema\/logo\/image\/","url":"https:\/\/www.iemj.org\/wp-content\/uploads\/2021\/09\/Logo-IEMJ-Paypal.jpg","contentUrl":"https:\/\/www.iemj.org\/wp-content\/uploads\/2021\/09\/Logo-IEMJ-Paypal.jpg","width":150,"height":50,"caption":"Institut Europ\u00e9en des Musiques Juives"},"image":{"@id":"https:\/\/www.iemj.org\/en\/#\/schema\/logo\/image\/"},"sameAs":["https:\/\/www.facebook.com\/MusiquesJuives\/","https:\/\/www.instagram.com\/musiquesjuives\/","https:\/\/www.youtube.com\/user\/musiquesjuives"]},{"@type":"Person","@id":"https:\/\/www.iemj.org\/en\/#\/schema\/person\/358e26c18aca017fcc4cc15437f7279c","name":"Jacqueline ROTEN","image":{"@type":"ImageObject","inLanguage":"en-US","@id":"https:\/\/secure.gravatar.com\/avatar\/5964256d6c6957de3a3505278957e0fb2a35119ac47ea41827a65301213c810b?s=96&d=mm&r=g","url":"https:\/\/secure.gravatar.com\/avatar\/5964256d6c6957de3a3505278957e0fb2a35119ac47ea41827a65301213c810b?s=96&d=mm&r=g","contentUrl":"https:\/\/secure.gravatar.com\/avatar\/5964256d6c6957de3a3505278957e0fb2a35119ac47ea41827a65301213c810b?s=96&d=mm&r=g","caption":"Jacqueline ROTEN"}}]}},"_links":{"self":[{"href":"https:\/\/www.iemj.org\/en\/wp-json\/wp\/v2\/posts\/105981","targetHints":{"allow":["GET"]}}],"collection":[{"href":"https:\/\/www.iemj.org\/en\/wp-json\/wp\/v2\/posts"}],"about":[{"href":"https:\/\/www.iemj.org\/en\/wp-json\/wp\/v2\/types\/post"}],"author":[{"embeddable":true,"href":"https:\/\/www.iemj.org\/en\/wp-json\/wp\/v2\/users\/5"}],"replies":[{"embeddable":true,"href":"https:\/\/www.iemj.org\/en\/wp-json\/wp\/v2\/comments?post=105981"}],"version-history":[{"count":0,"href":"https:\/\/www.iemj.org\/en\/wp-json\/wp\/v2\/posts\/105981\/revisions"}],"wp:featuredmedia":[{"embeddable":true,"href":"https:\/\/www.iemj.org\/en\/wp-json\/wp\/v2\/media\/105918"}],"wp:attachment":[{"href":"https:\/\/www.iemj.org\/en\/wp-json\/wp\/v2\/media?parent=105981"}],"wp:term":[{"taxonomy":"category","embeddable":true,"href":"https:\/\/www.iemj.org\/en\/wp-json\/wp\/v2\/categories?post=105981"},{"taxonomy":"post_tag","embeddable":true,"href":"https:\/\/www.iemj.org\/en\/wp-json\/wp\/v2\/tags?post=105981"},{"taxonomy":"technique","embeddable":true,"href":"https:\/\/www.iemj.org\/en\/wp-json\/wp\/v2\/technique?post=105981"},{"taxonomy":"squelettes","embeddable":true,"href":"https:\/\/www.iemj.org\/en\/wp-json\/wp\/v2\/squelettes?post=105981"},{"taxonomy":"sujet","embeddable":true,"href":"https:\/\/www.iemj.org\/en\/wp-json\/wp\/v2\/sujet?post=105981"},{"taxonomy":"formation","embeddable":true,"href":"https:\/\/www.iemj.org\/en\/wp-json\/wp\/v2\/formation?post=105981"},{"taxonomy":"genre","embeddable":true,"href":"https:\/\/www.iemj.org\/en\/wp-json\/wp\/v2\/genre?post=105981"},{"taxonomy":"fonds","embeddable":true,"href":"https:\/\/www.iemj.org\/en\/wp-json\/wp\/v2\/fonds?post=105981"},{"taxonomy":"tradition","embeddable":true,"href":"https:\/\/www.iemj.org\/en\/wp-json\/wp\/v2\/tradition?post=105981"},{"taxonomy":"type-de-contenu","embeddable":true,"href":"https:\/\/www.iemj.org\/en\/wp-json\/wp\/v2\/type-de-contenu?post=105981"},{"taxonomy":"interprete-compositeur","embeddable":true,"href":"https:\/\/www.iemj.org\/en\/wp-json\/wp\/v2\/interprete-compositeur?post=105981"},{"taxonomy":"frise","embeddable":true,"href":"https:\/\/www.iemj.org\/en\/wp-json\/wp\/v2\/frise?post=105981"},{"taxonomy":"type-devenement","embeddable":true,"href":"https:\/\/www.iemj.org\/en\/wp-json\/wp\/v2\/type-devenement?post=105981"},{"taxonomy":"tableaux-liens-externes","embeddable":true,"href":"https:\/\/www.iemj.org\/en\/wp-json\/wp\/v2\/tableaux-liens-externes?post=105981"}],"curies":[{"name":"wp","href":"https:\/\/api.w.org\/{rel}","templated":true}]}}