{"id":10642,"date":"2016-05-10T14:54:59","date_gmt":"2016-05-10T12:54:59","guid":{"rendered":"https:\/\/www.iemj.org\/2016\/05\/10\/die-drei-kantoren-and-second-yom-tov\/"},"modified":"2025-09-08T11:18:50","modified_gmt":"2025-09-08T09:18:50","slug":"die-drei-kantoren-and-second-yom-tov","status":"publish","type":"post","link":"https:\/\/www.iemj.org\/en\/die-drei-kantoren-and-second-yom-tov\/","title":{"rendered":"Die Drei Kantoren &amp; Second Yom Tov"},"content":{"rendered":"<p>Ido Ben-Gal, Amnon Seelig and Assaf Levitin come from Israel and are all three members of the Cantorial School of Abraham Geiger College in the University of Potsdam in Germany. They gave their debut in front of 1500 spectators at the yearly reception of the Israeli Embassy in Berlin in May 2013.<\/p>\n<p>The enthusiastic reactions rapidly brought further invitations to sing in many public events, and to record 2 CD. Most of the songs are arranged by Assaf Levitin and Amnon Seelig, and performed cappella. Other songs are accompanied by Naaman Wagner on the piano.<\/p>\n<p style=\"text-align: left;\">Guests joined the three cantors on their 2nd album Second Yom Tov, such as Tehila Nini Goldstein (soprano), cantor Eliyahu Schleifer and the band Aletchko.<\/p>\n<p style=\"text-align: left;\"><img fetchpriority=\"high\" decoding=\"async\" class=\"size-full wp-image-10624 alignright\" src=\"https:\/\/www.iemj.org\/wp-content\/uploads\/2016\/05\/cd_.824_couv_2.jpg\" alt=\"cd_.824_couv_2.jpg\" width=\"444\" height=\"388\" align=\"middle\" srcset=\"https:\/\/www.iemj.org\/wp-content\/uploads\/2016\/05\/cd_.824_couv_2.jpg 444w, https:\/\/www.iemj.org\/wp-content\/uploads\/2016\/05\/cd_.824_couv_2-300x262.jpg 300w\" sizes=\"(max-width: 444px) 100vw, 444px\" \/><\/p>\n<p style=\"text-align: left;\"><a href=\"http:\/\/www.3kantoren.com\/#!home\/clhx\">Learn more<\/a><br \/><a href=\"http:\/\/www.3kantoren.com\/#!store\/c117x\">Order the CD<\/a><\/p>\n\n\n<div class=\"wp-block-file\"><a id=\"wp-block-file--media-29c22d62-f0e1-4d76-b82e-01c3b0633a33\" href=\"https:\/\/www.iemj.org\/wp-content\/uploads\/2016\/05\/01_reach_tapuach_odem_shani.mp3\">Re&#8217;ach Tapuach, Odem Shani<\/a><\/div>\n\n\n\n<div class=\"wp-block-file\"><a id=\"wp-block-file--media-0f333705-37a1-4f1e-b12c-c61eba09b7a1\" href=\"https:\/\/www.iemj.org\/wp-content\/uploads\/2016\/05\/03_erev_shel_shoshanim.mp3\">Erev shel Shoshanim<\/a><\/div>\n\n\n\n<div class=\"wp-block-file\"><a id=\"wp-block-file--media-f503d715-864d-4390-bb22-6a42fd4c8c85\" href=\"https:\/\/www.iemj.org\/wp-content\/uploads\/2016\/05\/14_di_mashke.mp3\">Di Mashke<\/a><\/div>\n\n\n\n<div class=\"wp-block-file\"><a id=\"wp-block-file--media-c7f15e29-9c43-4b85-a717-b4563afead26\" href=\"https:\/\/www.iemj.org\/wp-content\/uploads\/2016\/05\/824_01.mp3\">Shabkhi Yerushalayim<\/a><\/div>\n\n\n\n<div class=\"wp-block-file\"><a id=\"wp-block-file--media-4db0fb88-4a28-4227-a556-81a874018bcc\" href=\"https:\/\/www.iemj.org\/wp-content\/uploads\/2016\/05\/824_04.mp3\">Shnirele, Perele<\/a><\/div>\n\n\n\n<div class=\"wp-block-file\"><a id=\"wp-block-file--media-8cb1b0b0-576b-43a4-93ab-c44040082cbd\" href=\"https:\/\/www.iemj.org\/wp-content\/uploads\/2016\/05\/824_11.mp3\">Pitkhu Li<\/a><\/div>\n\n\n\n<figure class=\"wp-block-image size-large\"><img decoding=\"async\" width=\"1024\" height=\"133\" src=\"https:\/\/www.iemj.org\/wp-content\/uploads\/2024\/03\/AUDIO-PLAYER-1024x133.png\" alt=\"\" class=\"wp-image-110607\" srcset=\"https:\/\/www.iemj.org\/wp-content\/uploads\/2024\/03\/AUDIO-PLAYER-1024x133.png 1024w, https:\/\/www.iemj.org\/wp-content\/uploads\/2024\/03\/AUDIO-PLAYER-300x39.png 300w, https:\/\/www.iemj.org\/wp-content\/uploads\/2024\/03\/AUDIO-PLAYER-768x100.png 768w, https:\/\/www.iemj.org\/wp-content\/uploads\/2024\/03\/AUDIO-PLAYER-600x78.png 600w, https:\/\/www.iemj.org\/wp-content\/uploads\/2024\/03\/AUDIO-PLAYER.png 1210w\" sizes=\"(max-width: 1024px) 100vw, 1024px\" \/><\/figure>\n","protected":false},"excerpt":{"rendered":"<p>Ido Ben-Gal, Amnon Seelig and Assaf Levitin come from Israel and are all three members of the Cantorial School of Abraham Geiger College in the University of Potsdam in Germany.<\/p>\n","protected":false},"author":1048,"featured_media":10640,"comment_status":"closed","ping_status":"open","sticky":false,"template":"","format":"standard","meta":{"_acf_changed":false,"footnotes":""},"categories":[1570],"tags":[],"technique":[],"squelettes":[],"sujet":[],"formation":[],"genre":[],"fonds":[],"tradition":[],"type-de-contenu":[],"interprete-compositeur":[],"frise":[],"type-devenement":[],"tableaux-liens-externes":[],"class_list":["post-10642","post","type-post","status-publish","format-standard","has-post-thumbnail","hentry","category-cd-latest-acquisition-en"],"acf":[],"yoast_head":"<!-- This site is optimized with the Yoast SEO plugin v27.3 - https:\/\/yoast.com\/product\/yoast-seo-wordpress\/ -->\n<title>Die Drei Kantoren &amp; Second Yom Tov - Institut Europ\u00e9en des Musiques Juives<\/title>\n<meta name=\"robots\" content=\"index, follow, max-snippet:-1, max-image-preview:large, max-video-preview:-1\" \/>\n<link rel=\"canonical\" href=\"https:\/\/www.iemj.org\/en\/die-drei-kantoren-and-second-yom-tov\/\" \/>\n<meta property=\"og:locale\" content=\"en_US\" \/>\n<meta property=\"og:type\" content=\"article\" \/>\n<meta property=\"og:title\" content=\"Die Drei Kantoren &amp; Second Yom Tov - Institut Europ\u00e9en des Musiques Juives\" \/>\n<meta property=\"og:description\" content=\"Ido Ben-Gal, Amnon Seelig and Assaf Levitin come from Israel and are all three members of the Cantorial School of Abraham Geiger College in the University of Potsdam in Germany.\" \/>\n<meta property=\"og:url\" content=\"https:\/\/www.iemj.org\/en\/die-drei-kantoren-and-second-yom-tov\/\" \/>\n<meta property=\"og:site_name\" content=\"Institut Europ\u00e9en des Musiques Juives\" \/>\n<meta property=\"article:publisher\" content=\"https:\/\/www.facebook.com\/MusiquesJuives\/\" \/>\n<meta property=\"article:published_time\" content=\"2016-05-10T12:54:59+00:00\" \/>\n<meta property=\"article:modified_time\" content=\"2025-09-08T09:18:50+00:00\" \/>\n<meta property=\"og:image\" content=\"https:\/\/www.iemj.org\/wp-content\/uploads\/2016\/05\/arton1680.jpg\" \/>\n\t<meta property=\"og:image:width\" content=\"1113\" \/>\n\t<meta property=\"og:image:height\" content=\"969\" \/>\n\t<meta property=\"og:image:type\" content=\"image\/jpeg\" \/>\n<meta name=\"author\" content=\"Jean-Gabriel Davis\" \/>\n<meta name=\"twitter:card\" content=\"summary_large_image\" \/>\n<meta name=\"twitter:label1\" content=\"Written by\" \/>\n\t<meta name=\"twitter:data1\" content=\"Jean-Gabriel Davis\" \/>\n\t<meta name=\"twitter:label2\" content=\"Est. reading time\" \/>\n\t<meta name=\"twitter:data2\" content=\"2 minutes\" \/>\n<script type=\"application\/ld+json\" class=\"yoast-schema-graph\">{\"@context\":\"https:\\\/\\\/schema.org\",\"@graph\":[{\"@type\":\"Article\",\"@id\":\"https:\\\/\\\/www.iemj.org\\\/en\\\/die-drei-kantoren-and-second-yom-tov\\\/#article\",\"isPartOf\":{\"@id\":\"https:\\\/\\\/www.iemj.org\\\/en\\\/die-drei-kantoren-and-second-yom-tov\\\/\"},\"author\":{\"name\":\"Jean-Gabriel Davis\",\"@id\":\"https:\\\/\\\/www.iemj.org\\\/en\\\/#\\\/schema\\\/person\\\/c9bc1c386a3749579a2d675e72a18666\"},\"headline\":\"Die Drei Kantoren &amp; Second Yom Tov\",\"datePublished\":\"2016-05-10T12:54:59+00:00\",\"dateModified\":\"2025-09-08T09:18:50+00:00\",\"mainEntityOfPage\":{\"@id\":\"https:\\\/\\\/www.iemj.org\\\/en\\\/die-drei-kantoren-and-second-yom-tov\\\/\"},\"wordCount\":145,\"publisher\":{\"@id\":\"https:\\\/\\\/www.iemj.org\\\/en\\\/#organization\"},\"image\":{\"@id\":\"https:\\\/\\\/www.iemj.org\\\/en\\\/die-drei-kantoren-and-second-yom-tov\\\/#primaryimage\"},\"thumbnailUrl\":\"https:\\\/\\\/www.iemj.org\\\/wp-content\\\/uploads\\\/2016\\\/05\\\/arton1680.jpg\",\"articleSection\":[\"CD\"],\"inLanguage\":\"en-US\"},{\"@type\":\"WebPage\",\"@id\":\"https:\\\/\\\/www.iemj.org\\\/en\\\/die-drei-kantoren-and-second-yom-tov\\\/\",\"url\":\"https:\\\/\\\/www.iemj.org\\\/en\\\/die-drei-kantoren-and-second-yom-tov\\\/\",\"name\":\"Die Drei Kantoren &amp; Second Yom Tov - Institut Europ\u00e9en des Musiques Juives\",\"isPartOf\":{\"@id\":\"https:\\\/\\\/www.iemj.org\\\/en\\\/#website\"},\"primaryImageOfPage\":{\"@id\":\"https:\\\/\\\/www.iemj.org\\\/en\\\/die-drei-kantoren-and-second-yom-tov\\\/#primaryimage\"},\"image\":{\"@id\":\"https:\\\/\\\/www.iemj.org\\\/en\\\/die-drei-kantoren-and-second-yom-tov\\\/#primaryimage\"},\"thumbnailUrl\":\"https:\\\/\\\/www.iemj.org\\\/wp-content\\\/uploads\\\/2016\\\/05\\\/arton1680.jpg\",\"datePublished\":\"2016-05-10T12:54:59+00:00\",\"dateModified\":\"2025-09-08T09:18:50+00:00\",\"breadcrumb\":{\"@id\":\"https:\\\/\\\/www.iemj.org\\\/en\\\/die-drei-kantoren-and-second-yom-tov\\\/#breadcrumb\"},\"inLanguage\":\"en-US\",\"potentialAction\":[{\"@type\":\"ReadAction\",\"target\":[\"https:\\\/\\\/www.iemj.org\\\/en\\\/die-drei-kantoren-and-second-yom-tov\\\/\"]}]},{\"@type\":\"ImageObject\",\"inLanguage\":\"en-US\",\"@id\":\"https:\\\/\\\/www.iemj.org\\\/en\\\/die-drei-kantoren-and-second-yom-tov\\\/#primaryimage\",\"url\":\"https:\\\/\\\/www.iemj.org\\\/wp-content\\\/uploads\\\/2016\\\/05\\\/arton1680.jpg\",\"contentUrl\":\"https:\\\/\\\/www.iemj.org\\\/wp-content\\\/uploads\\\/2016\\\/05\\\/arton1680.jpg\",\"width\":1113,\"height\":969},{\"@type\":\"BreadcrumbList\",\"@id\":\"https:\\\/\\\/www.iemj.org\\\/en\\\/die-drei-kantoren-and-second-yom-tov\\\/#breadcrumb\",\"itemListElement\":[{\"@type\":\"ListItem\",\"position\":1,\"name\":\"Accueil\",\"item\":\"https:\\\/\\\/www.iemj.org\\\/en\\\/\"},{\"@type\":\"ListItem\",\"position\":2,\"name\":\"Die Drei Kantoren &amp; Second Yom Tov\"}]},{\"@type\":\"WebSite\",\"@id\":\"https:\\\/\\\/www.iemj.org\\\/en\\\/#website\",\"url\":\"https:\\\/\\\/www.iemj.org\\\/en\\\/\",\"name\":\"Institut Europ\u00e9en des Musiques Juives\",\"description\":\"Des traditions musicales \u00e0 la port\u00e9e de tous\",\"publisher\":{\"@id\":\"https:\\\/\\\/www.iemj.org\\\/en\\\/#organization\"},\"potentialAction\":[{\"@type\":\"SearchAction\",\"target\":{\"@type\":\"EntryPoint\",\"urlTemplate\":\"https:\\\/\\\/www.iemj.org\\\/en\\\/?s={search_term_string}\"},\"query-input\":{\"@type\":\"PropertyValueSpecification\",\"valueRequired\":true,\"valueName\":\"search_term_string\"}}],\"inLanguage\":\"en-US\"},{\"@type\":\"Organization\",\"@id\":\"https:\\\/\\\/www.iemj.org\\\/en\\\/#organization\",\"name\":\"Institut Europ\u00e9en des Musiques Juives\",\"url\":\"https:\\\/\\\/www.iemj.org\\\/en\\\/\",\"logo\":{\"@type\":\"ImageObject\",\"inLanguage\":\"en-US\",\"@id\":\"https:\\\/\\\/www.iemj.org\\\/en\\\/#\\\/schema\\\/logo\\\/image\\\/\",\"url\":\"https:\\\/\\\/www.iemj.org\\\/wp-content\\\/uploads\\\/2021\\\/09\\\/Logo-IEMJ-Paypal.jpg\",\"contentUrl\":\"https:\\\/\\\/www.iemj.org\\\/wp-content\\\/uploads\\\/2021\\\/09\\\/Logo-IEMJ-Paypal.jpg\",\"width\":150,\"height\":50,\"caption\":\"Institut Europ\u00e9en des Musiques Juives\"},\"image\":{\"@id\":\"https:\\\/\\\/www.iemj.org\\\/en\\\/#\\\/schema\\\/logo\\\/image\\\/\"},\"sameAs\":[\"https:\\\/\\\/www.facebook.com\\\/MusiquesJuives\\\/\",\"https:\\\/\\\/www.instagram.com\\\/musiquesjuives\\\/\",\"https:\\\/\\\/www.youtube.com\\\/user\\\/musiquesjuives\"]},{\"@type\":\"Person\",\"@id\":\"https:\\\/\\\/www.iemj.org\\\/en\\\/#\\\/schema\\\/person\\\/c9bc1c386a3749579a2d675e72a18666\",\"name\":\"Jean-Gabriel Davis\",\"image\":{\"@type\":\"ImageObject\",\"inLanguage\":\"en-US\",\"@id\":\"https:\\\/\\\/secure.gravatar.com\\\/avatar\\\/2b90d67bdf392c9b3a21fab87c0fa7edaf1fb3a058172a1ffd61033fcec7aec1?s=96&d=mm&r=g\",\"url\":\"https:\\\/\\\/secure.gravatar.com\\\/avatar\\\/2b90d67bdf392c9b3a21fab87c0fa7edaf1fb3a058172a1ffd61033fcec7aec1?s=96&d=mm&r=g\",\"contentUrl\":\"https:\\\/\\\/secure.gravatar.com\\\/avatar\\\/2b90d67bdf392c9b3a21fab87c0fa7edaf1fb3a058172a1ffd61033fcec7aec1?s=96&d=mm&r=g\",\"caption\":\"Jean-Gabriel Davis\"}}]}<\/script>\n<!-- \/ Yoast SEO plugin. -->","yoast_head_json":{"title":"Die Drei Kantoren &amp; Second Yom Tov - Institut Europ\u00e9en des Musiques Juives","robots":{"index":"index","follow":"follow","max-snippet":"max-snippet:-1","max-image-preview":"max-image-preview:large","max-video-preview":"max-video-preview:-1"},"canonical":"https:\/\/www.iemj.org\/en\/die-drei-kantoren-and-second-yom-tov\/","og_locale":"en_US","og_type":"article","og_title":"Die Drei Kantoren &amp; Second Yom Tov - Institut Europ\u00e9en des Musiques Juives","og_description":"Ido Ben-Gal, Amnon Seelig and Assaf Levitin come from Israel and are all three members of the Cantorial School of Abraham Geiger College in the University of Potsdam in Germany.","og_url":"https:\/\/www.iemj.org\/en\/die-drei-kantoren-and-second-yom-tov\/","og_site_name":"Institut Europ\u00e9en des Musiques Juives","article_publisher":"https:\/\/www.facebook.com\/MusiquesJuives\/","article_published_time":"2016-05-10T12:54:59+00:00","article_modified_time":"2025-09-08T09:18:50+00:00","og_image":[{"width":1113,"height":969,"url":"https:\/\/www.iemj.org\/wp-content\/uploads\/2016\/05\/arton1680.jpg","type":"image\/jpeg"}],"author":"Jean-Gabriel Davis","twitter_card":"summary_large_image","twitter_misc":{"Written by":"Jean-Gabriel Davis","Est. reading time":"2 minutes"},"schema":{"@context":"https:\/\/schema.org","@graph":[{"@type":"Article","@id":"https:\/\/www.iemj.org\/en\/die-drei-kantoren-and-second-yom-tov\/#article","isPartOf":{"@id":"https:\/\/www.iemj.org\/en\/die-drei-kantoren-and-second-yom-tov\/"},"author":{"name":"Jean-Gabriel Davis","@id":"https:\/\/www.iemj.org\/en\/#\/schema\/person\/c9bc1c386a3749579a2d675e72a18666"},"headline":"Die Drei Kantoren &amp; Second Yom Tov","datePublished":"2016-05-10T12:54:59+00:00","dateModified":"2025-09-08T09:18:50+00:00","mainEntityOfPage":{"@id":"https:\/\/www.iemj.org\/en\/die-drei-kantoren-and-second-yom-tov\/"},"wordCount":145,"publisher":{"@id":"https:\/\/www.iemj.org\/en\/#organization"},"image":{"@id":"https:\/\/www.iemj.org\/en\/die-drei-kantoren-and-second-yom-tov\/#primaryimage"},"thumbnailUrl":"https:\/\/www.iemj.org\/wp-content\/uploads\/2016\/05\/arton1680.jpg","articleSection":["CD"],"inLanguage":"en-US"},{"@type":"WebPage","@id":"https:\/\/www.iemj.org\/en\/die-drei-kantoren-and-second-yom-tov\/","url":"https:\/\/www.iemj.org\/en\/die-drei-kantoren-and-second-yom-tov\/","name":"Die Drei Kantoren &amp; Second Yom Tov - Institut Europ\u00e9en des Musiques Juives","isPartOf":{"@id":"https:\/\/www.iemj.org\/en\/#website"},"primaryImageOfPage":{"@id":"https:\/\/www.iemj.org\/en\/die-drei-kantoren-and-second-yom-tov\/#primaryimage"},"image":{"@id":"https:\/\/www.iemj.org\/en\/die-drei-kantoren-and-second-yom-tov\/#primaryimage"},"thumbnailUrl":"https:\/\/www.iemj.org\/wp-content\/uploads\/2016\/05\/arton1680.jpg","datePublished":"2016-05-10T12:54:59+00:00","dateModified":"2025-09-08T09:18:50+00:00","breadcrumb":{"@id":"https:\/\/www.iemj.org\/en\/die-drei-kantoren-and-second-yom-tov\/#breadcrumb"},"inLanguage":"en-US","potentialAction":[{"@type":"ReadAction","target":["https:\/\/www.iemj.org\/en\/die-drei-kantoren-and-second-yom-tov\/"]}]},{"@type":"ImageObject","inLanguage":"en-US","@id":"https:\/\/www.iemj.org\/en\/die-drei-kantoren-and-second-yom-tov\/#primaryimage","url":"https:\/\/www.iemj.org\/wp-content\/uploads\/2016\/05\/arton1680.jpg","contentUrl":"https:\/\/www.iemj.org\/wp-content\/uploads\/2016\/05\/arton1680.jpg","width":1113,"height":969},{"@type":"BreadcrumbList","@id":"https:\/\/www.iemj.org\/en\/die-drei-kantoren-and-second-yom-tov\/#breadcrumb","itemListElement":[{"@type":"ListItem","position":1,"name":"Accueil","item":"https:\/\/www.iemj.org\/en\/"},{"@type":"ListItem","position":2,"name":"Die Drei Kantoren &amp; Second Yom Tov"}]},{"@type":"WebSite","@id":"https:\/\/www.iemj.org\/en\/#website","url":"https:\/\/www.iemj.org\/en\/","name":"Institut Europ\u00e9en des Musiques Juives","description":"Des traditions musicales \u00e0 la port\u00e9e de tous","publisher":{"@id":"https:\/\/www.iemj.org\/en\/#organization"},"potentialAction":[{"@type":"SearchAction","target":{"@type":"EntryPoint","urlTemplate":"https:\/\/www.iemj.org\/en\/?s={search_term_string}"},"query-input":{"@type":"PropertyValueSpecification","valueRequired":true,"valueName":"search_term_string"}}],"inLanguage":"en-US"},{"@type":"Organization","@id":"https:\/\/www.iemj.org\/en\/#organization","name":"Institut Europ\u00e9en des Musiques Juives","url":"https:\/\/www.iemj.org\/en\/","logo":{"@type":"ImageObject","inLanguage":"en-US","@id":"https:\/\/www.iemj.org\/en\/#\/schema\/logo\/image\/","url":"https:\/\/www.iemj.org\/wp-content\/uploads\/2021\/09\/Logo-IEMJ-Paypal.jpg","contentUrl":"https:\/\/www.iemj.org\/wp-content\/uploads\/2021\/09\/Logo-IEMJ-Paypal.jpg","width":150,"height":50,"caption":"Institut Europ\u00e9en des Musiques Juives"},"image":{"@id":"https:\/\/www.iemj.org\/en\/#\/schema\/logo\/image\/"},"sameAs":["https:\/\/www.facebook.com\/MusiquesJuives\/","https:\/\/www.instagram.com\/musiquesjuives\/","https:\/\/www.youtube.com\/user\/musiquesjuives"]},{"@type":"Person","@id":"https:\/\/www.iemj.org\/en\/#\/schema\/person\/c9bc1c386a3749579a2d675e72a18666","name":"Jean-Gabriel Davis","image":{"@type":"ImageObject","inLanguage":"en-US","@id":"https:\/\/secure.gravatar.com\/avatar\/2b90d67bdf392c9b3a21fab87c0fa7edaf1fb3a058172a1ffd61033fcec7aec1?s=96&d=mm&r=g","url":"https:\/\/secure.gravatar.com\/avatar\/2b90d67bdf392c9b3a21fab87c0fa7edaf1fb3a058172a1ffd61033fcec7aec1?s=96&d=mm&r=g","contentUrl":"https:\/\/secure.gravatar.com\/avatar\/2b90d67bdf392c9b3a21fab87c0fa7edaf1fb3a058172a1ffd61033fcec7aec1?s=96&d=mm&r=g","caption":"Jean-Gabriel Davis"}}]}},"_links":{"self":[{"href":"https:\/\/www.iemj.org\/en\/wp-json\/wp\/v2\/posts\/10642","targetHints":{"allow":["GET"]}}],"collection":[{"href":"https:\/\/www.iemj.org\/en\/wp-json\/wp\/v2\/posts"}],"about":[{"href":"https:\/\/www.iemj.org\/en\/wp-json\/wp\/v2\/types\/post"}],"author":[{"embeddable":true,"href":"https:\/\/www.iemj.org\/en\/wp-json\/wp\/v2\/users\/1048"}],"replies":[{"embeddable":true,"href":"https:\/\/www.iemj.org\/en\/wp-json\/wp\/v2\/comments?post=10642"}],"version-history":[{"count":0,"href":"https:\/\/www.iemj.org\/en\/wp-json\/wp\/v2\/posts\/10642\/revisions"}],"wp:featuredmedia":[{"embeddable":true,"href":"https:\/\/www.iemj.org\/en\/wp-json\/wp\/v2\/media\/10640"}],"wp:attachment":[{"href":"https:\/\/www.iemj.org\/en\/wp-json\/wp\/v2\/media?parent=10642"}],"wp:term":[{"taxonomy":"category","embeddable":true,"href":"https:\/\/www.iemj.org\/en\/wp-json\/wp\/v2\/categories?post=10642"},{"taxonomy":"post_tag","embeddable":true,"href":"https:\/\/www.iemj.org\/en\/wp-json\/wp\/v2\/tags?post=10642"},{"taxonomy":"technique","embeddable":true,"href":"https:\/\/www.iemj.org\/en\/wp-json\/wp\/v2\/technique?post=10642"},{"taxonomy":"squelettes","embeddable":true,"href":"https:\/\/www.iemj.org\/en\/wp-json\/wp\/v2\/squelettes?post=10642"},{"taxonomy":"sujet","embeddable":true,"href":"https:\/\/www.iemj.org\/en\/wp-json\/wp\/v2\/sujet?post=10642"},{"taxonomy":"formation","embeddable":true,"href":"https:\/\/www.iemj.org\/en\/wp-json\/wp\/v2\/formation?post=10642"},{"taxonomy":"genre","embeddable":true,"href":"https:\/\/www.iemj.org\/en\/wp-json\/wp\/v2\/genre?post=10642"},{"taxonomy":"fonds","embeddable":true,"href":"https:\/\/www.iemj.org\/en\/wp-json\/wp\/v2\/fonds?post=10642"},{"taxonomy":"tradition","embeddable":true,"href":"https:\/\/www.iemj.org\/en\/wp-json\/wp\/v2\/tradition?post=10642"},{"taxonomy":"type-de-contenu","embeddable":true,"href":"https:\/\/www.iemj.org\/en\/wp-json\/wp\/v2\/type-de-contenu?post=10642"},{"taxonomy":"interprete-compositeur","embeddable":true,"href":"https:\/\/www.iemj.org\/en\/wp-json\/wp\/v2\/interprete-compositeur?post=10642"},{"taxonomy":"frise","embeddable":true,"href":"https:\/\/www.iemj.org\/en\/wp-json\/wp\/v2\/frise?post=10642"},{"taxonomy":"type-devenement","embeddable":true,"href":"https:\/\/www.iemj.org\/en\/wp-json\/wp\/v2\/type-devenement?post=10642"},{"taxonomy":"tableaux-liens-externes","embeddable":true,"href":"https:\/\/www.iemj.org\/en\/wp-json\/wp\/v2\/tableaux-liens-externes?post=10642"}],"curies":[{"name":"wp","href":"https:\/\/api.w.org\/{rel}","templated":true}]}}