{"id":106809,"date":"2016-05-23T12:01:00","date_gmt":"2016-05-23T10:01:00","guid":{"rendered":"https:\/\/www.iemj.org\/simha-lafricain-projection-rencontre-concert\/"},"modified":"2024-01-02T13:04:06","modified_gmt":"2024-01-02T12:04:06","slug":"simha-lafricain-projection-rencontre-concert","status":"publish","type":"post","link":"https:\/\/www.iemj.org\/en\/simha-lafricain-projection-rencontre-concert\/","title":{"rendered":"Simha, l&#8217;africain: film screening, meeting and concert"},"content":{"rendered":"<p>Screening of J\u00e9r\u00f4me Blumberg&#8217;s documentary <em>Simha<\/em> (2015, 78 min, produced by Le Miroir, CNRS Images, CINAPS TV).<\/p>\n<p><a href=\"https:\/\/www.iemj.org\/en\/arom-simha-1930\/\" target=\"_blank\" rel=\"noopener\">Simha Arom<\/a>, world-renowned ethnomusicologist, has spent fifty years of his life collecting, studying and deciphering the mechanisms of traditional music, in particular the magnificent polyphonies of the Aka Pygmies of the Central African Republic.<\/p>\n<p>J\u00e9rome Blumberg <img decoding=\"async\" class=\" alignright size-full wp-image-10544\" src=\"https:\/\/www.iemj.org\/wp-content\/uploads\/2016\/05\/v_155_couv.jpg\" alt=\"v_155_couv.jpg\" width=\"144\" height=\"202\" align=\"right\" \/><span style=\"font-size: revert; color: var(--bs-body-color); font-family: var(--bs-body-font-family); font-weight: var(--bs-body-font-weight); text-align: var(--bs-body-text-align); background-color: var(--bs-body-bg);\"> has been filming Simha Arom&#8217;s work since 1990. His film is based on the <\/span><span style=\"font-size: revert; color: var(--bs-body-color); font-family: var(--bs-body-font-family); font-weight: var(--bs-body-font-weight); text-align: var(--bs-body-text-align); background-color: var(--bs-body-bg);\">memories of the ethnomusicologist: his childhood during the war, his determination to learn music. It also looks at his current activity, his approach to ethnomusicology, which is very particular because he has always emphasized fieldwork, and finally his own musical practice. It&#8217;s a journey that has guided his life. This is the story the director offers the viewer, constructing the film as a musical piece, a score for multiple voices.\u00a0<\/span><\/p>\n<p>The screening will be followed by a discussion with <strong>Simha Arom<\/strong>, <strong>J\u00e9r\u00f4me Blumberg<\/strong>, <strong>Gabriel Chabanier<\/strong>, producer of the documentary, and <strong>Herv\u00e9 Roten<\/strong>, director of the Institut Europ\u00e9en des Musiques Juives.<\/p>\n<p><em><strong>A polyphonic concert by the Gamako group will bring this unique event to a close.<\/strong><\/em><\/p>\n<p><img decoding=\"async\" class=\"size-full wp-image-10546 alignright\" src=\"https:\/\/www.iemj.org\/wp-content\/uploads\/2016\/05\/affiche_festival_cultures_juives_2016.jpg\" alt=\"affiche_festival_cultures_juives_2016.jpg\" width=\"143\" height=\"202\" align=\"left\" \/><strong style=\"font-size: inherit;\">Informations<\/strong><span style=\"font-size: inherit;\">: <\/span><a style=\"font-size: inherit;\" href=\"actionculturelle@fsju.org\">actionculturelle@fsju.org<\/a><span style=\"font-size: inherit;\"> or 01 42 17 10 70<\/span><strong><br \/>\n<\/strong><b>Price<\/b>: \u20ac10<br \/>\nVisit the festival website:<br \/>\n<a href=\"http:\/\/www.festivaldesculturesjuives.org\/\"> www.festivaldesculturesjuives.org<\/a><\/p>\n<p><a href=\"http:\/\/www.festivaldesculturesjuives.org\/billetterie-en-ligne\/\" target=\"_blank\" rel=\"noopener\"><strong>Online ticket booking<\/strong><\/a><\/p>\n","protected":false},"excerpt":{"rendered":"<p>Screening of J\u00e9r\u00f4me Blumberg&#8217;s documentary Simha (2015, 78 min, produced by Le Miroir, CNRS Images, CINAPS TV). Simha Arom, world-renowned ethnomusicologist, has spent fifty years of his life collecting, studying<\/p>\n","protected":false},"author":5,"featured_media":10543,"comment_status":"closed","ping_status":"open","sticky":false,"template":"","format":"standard","meta":{"_acf_changed":false,"footnotes":""},"categories":[1377,1369],"tags":[2222],"technique":[],"squelettes":[],"sujet":[],"formation":[],"genre":[],"fonds":[],"tradition":[],"type-de-contenu":[],"interprete-compositeur":[],"frise":[],"type-devenement":[],"tableaux-liens-externes":[],"class_list":["post-106809","post","type-post","status-publish","format-standard","has-post-thumbnail","hentry","category-concerts-events-en","category-events-en","tag-eijm-events-en"],"acf":[],"yoast_head":"<!-- This site is optimized with the Yoast SEO plugin v27.3 - https:\/\/yoast.com\/product\/yoast-seo-wordpress\/ -->\n<title>Simha, l&#039;africain: film screening, meeting and concert - Institut Europ\u00e9en des Musiques Juives<\/title>\n<meta name=\"robots\" content=\"index, follow, max-snippet:-1, max-image-preview:large, max-video-preview:-1\" \/>\n<link rel=\"canonical\" href=\"https:\/\/www.iemj.org\/en\/simha-lafricain-projection-rencontre-concert\/\" \/>\n<meta property=\"og:locale\" content=\"en_US\" \/>\n<meta property=\"og:type\" content=\"article\" \/>\n<meta property=\"og:title\" content=\"Simha, l&#039;africain: film screening, meeting and concert - Institut Europ\u00e9en des Musiques Juives\" \/>\n<meta property=\"og:description\" content=\"Screening of J\u00e9r\u00f4me Blumberg&#8217;s documentary Simha (2015, 78 min, produced by Le Miroir, CNRS Images, CINAPS TV). Simha Arom, world-renowned ethnomusicologist, has spent fifty years of his life collecting, studying\" \/>\n<meta property=\"og:url\" content=\"https:\/\/www.iemj.org\/en\/simha-lafricain-projection-rencontre-concert\/\" \/>\n<meta property=\"og:site_name\" content=\"Institut Europ\u00e9en des Musiques Juives\" \/>\n<meta property=\"article:publisher\" content=\"https:\/\/www.facebook.com\/MusiquesJuives\/\" \/>\n<meta property=\"article:published_time\" content=\"2016-05-23T10:01:00+00:00\" \/>\n<meta property=\"article:modified_time\" content=\"2024-01-02T12:04:06+00:00\" \/>\n<meta property=\"og:image\" content=\"https:\/\/www.iemj.org\/wp-content\/uploads\/2016\/05\/arton1665.jpg\" \/>\n\t<meta property=\"og:image:width\" content=\"192\" \/>\n\t<meta property=\"og:image:height\" content=\"239\" \/>\n\t<meta property=\"og:image:type\" content=\"image\/jpeg\" \/>\n<meta name=\"author\" content=\"Jacqueline ROTEN\" \/>\n<meta name=\"twitter:card\" content=\"summary_large_image\" \/>\n<meta name=\"twitter:label1\" content=\"Written by\" \/>\n\t<meta name=\"twitter:data1\" content=\"Jacqueline ROTEN\" \/>\n\t<meta name=\"twitter:label2\" content=\"Est. reading time\" \/>\n\t<meta name=\"twitter:data2\" content=\"2 minutes\" \/>\n<script type=\"application\/ld+json\" class=\"yoast-schema-graph\">{\"@context\":\"https:\\\/\\\/schema.org\",\"@graph\":[{\"@type\":\"Article\",\"@id\":\"https:\\\/\\\/www.iemj.org\\\/en\\\/simha-lafricain-projection-rencontre-concert\\\/#article\",\"isPartOf\":{\"@id\":\"https:\\\/\\\/www.iemj.org\\\/en\\\/simha-lafricain-projection-rencontre-concert\\\/\"},\"author\":{\"name\":\"Jacqueline ROTEN\",\"@id\":\"https:\\\/\\\/www.iemj.org\\\/en\\\/#\\\/schema\\\/person\\\/358e26c18aca017fcc4cc15437f7279c\"},\"headline\":\"Simha, l&#8217;africain: film screening, meeting and concert\",\"datePublished\":\"2016-05-23T10:01:00+00:00\",\"dateModified\":\"2024-01-02T12:04:06+00:00\",\"mainEntityOfPage\":{\"@id\":\"https:\\\/\\\/www.iemj.org\\\/en\\\/simha-lafricain-projection-rencontre-concert\\\/\"},\"wordCount\":212,\"publisher\":{\"@id\":\"https:\\\/\\\/www.iemj.org\\\/en\\\/#organization\"},\"image\":{\"@id\":\"https:\\\/\\\/www.iemj.org\\\/en\\\/simha-lafricain-projection-rencontre-concert\\\/#primaryimage\"},\"thumbnailUrl\":\"https:\\\/\\\/www.iemj.org\\\/wp-content\\\/uploads\\\/2016\\\/05\\\/arton1665.jpg\",\"keywords\":[\"EIJM Events\"],\"articleSection\":[\"Concerts\",\"Events\"],\"inLanguage\":\"en-US\"},{\"@type\":\"WebPage\",\"@id\":\"https:\\\/\\\/www.iemj.org\\\/en\\\/simha-lafricain-projection-rencontre-concert\\\/\",\"url\":\"https:\\\/\\\/www.iemj.org\\\/en\\\/simha-lafricain-projection-rencontre-concert\\\/\",\"name\":\"Simha, l'africain: film screening, meeting and concert - Institut Europ\u00e9en des Musiques Juives\",\"isPartOf\":{\"@id\":\"https:\\\/\\\/www.iemj.org\\\/en\\\/#website\"},\"primaryImageOfPage\":{\"@id\":\"https:\\\/\\\/www.iemj.org\\\/en\\\/simha-lafricain-projection-rencontre-concert\\\/#primaryimage\"},\"image\":{\"@id\":\"https:\\\/\\\/www.iemj.org\\\/en\\\/simha-lafricain-projection-rencontre-concert\\\/#primaryimage\"},\"thumbnailUrl\":\"https:\\\/\\\/www.iemj.org\\\/wp-content\\\/uploads\\\/2016\\\/05\\\/arton1665.jpg\",\"datePublished\":\"2016-05-23T10:01:00+00:00\",\"dateModified\":\"2024-01-02T12:04:06+00:00\",\"breadcrumb\":{\"@id\":\"https:\\\/\\\/www.iemj.org\\\/en\\\/simha-lafricain-projection-rencontre-concert\\\/#breadcrumb\"},\"inLanguage\":\"en-US\",\"potentialAction\":[{\"@type\":\"ReadAction\",\"target\":[\"https:\\\/\\\/www.iemj.org\\\/en\\\/simha-lafricain-projection-rencontre-concert\\\/\"]}]},{\"@type\":\"ImageObject\",\"inLanguage\":\"en-US\",\"@id\":\"https:\\\/\\\/www.iemj.org\\\/en\\\/simha-lafricain-projection-rencontre-concert\\\/#primaryimage\",\"url\":\"https:\\\/\\\/www.iemj.org\\\/wp-content\\\/uploads\\\/2016\\\/05\\\/arton1665.jpg\",\"contentUrl\":\"https:\\\/\\\/www.iemj.org\\\/wp-content\\\/uploads\\\/2016\\\/05\\\/arton1665.jpg\",\"width\":192,\"height\":239},{\"@type\":\"BreadcrumbList\",\"@id\":\"https:\\\/\\\/www.iemj.org\\\/en\\\/simha-lafricain-projection-rencontre-concert\\\/#breadcrumb\",\"itemListElement\":[{\"@type\":\"ListItem\",\"position\":1,\"name\":\"Accueil\",\"item\":\"https:\\\/\\\/www.iemj.org\\\/en\\\/\"},{\"@type\":\"ListItem\",\"position\":2,\"name\":\"Simha, l&#8217;africain: film screening, meeting and concert\"}]},{\"@type\":\"WebSite\",\"@id\":\"https:\\\/\\\/www.iemj.org\\\/en\\\/#website\",\"url\":\"https:\\\/\\\/www.iemj.org\\\/en\\\/\",\"name\":\"Institut Europ\u00e9en des Musiques Juives\",\"description\":\"Des traditions musicales \u00e0 la port\u00e9e de tous\",\"publisher\":{\"@id\":\"https:\\\/\\\/www.iemj.org\\\/en\\\/#organization\"},\"potentialAction\":[{\"@type\":\"SearchAction\",\"target\":{\"@type\":\"EntryPoint\",\"urlTemplate\":\"https:\\\/\\\/www.iemj.org\\\/en\\\/?s={search_term_string}\"},\"query-input\":{\"@type\":\"PropertyValueSpecification\",\"valueRequired\":true,\"valueName\":\"search_term_string\"}}],\"inLanguage\":\"en-US\"},{\"@type\":\"Organization\",\"@id\":\"https:\\\/\\\/www.iemj.org\\\/en\\\/#organization\",\"name\":\"Institut Europ\u00e9en des Musiques Juives\",\"url\":\"https:\\\/\\\/www.iemj.org\\\/en\\\/\",\"logo\":{\"@type\":\"ImageObject\",\"inLanguage\":\"en-US\",\"@id\":\"https:\\\/\\\/www.iemj.org\\\/en\\\/#\\\/schema\\\/logo\\\/image\\\/\",\"url\":\"https:\\\/\\\/www.iemj.org\\\/wp-content\\\/uploads\\\/2021\\\/09\\\/Logo-IEMJ-Paypal.jpg\",\"contentUrl\":\"https:\\\/\\\/www.iemj.org\\\/wp-content\\\/uploads\\\/2021\\\/09\\\/Logo-IEMJ-Paypal.jpg\",\"width\":150,\"height\":50,\"caption\":\"Institut Europ\u00e9en des Musiques Juives\"},\"image\":{\"@id\":\"https:\\\/\\\/www.iemj.org\\\/en\\\/#\\\/schema\\\/logo\\\/image\\\/\"},\"sameAs\":[\"https:\\\/\\\/www.facebook.com\\\/MusiquesJuives\\\/\",\"https:\\\/\\\/www.instagram.com\\\/musiquesjuives\\\/\",\"https:\\\/\\\/www.youtube.com\\\/user\\\/musiquesjuives\"]},{\"@type\":\"Person\",\"@id\":\"https:\\\/\\\/www.iemj.org\\\/en\\\/#\\\/schema\\\/person\\\/358e26c18aca017fcc4cc15437f7279c\",\"name\":\"Jacqueline ROTEN\",\"image\":{\"@type\":\"ImageObject\",\"inLanguage\":\"en-US\",\"@id\":\"https:\\\/\\\/secure.gravatar.com\\\/avatar\\\/5964256d6c6957de3a3505278957e0fb2a35119ac47ea41827a65301213c810b?s=96&d=mm&r=g\",\"url\":\"https:\\\/\\\/secure.gravatar.com\\\/avatar\\\/5964256d6c6957de3a3505278957e0fb2a35119ac47ea41827a65301213c810b?s=96&d=mm&r=g\",\"contentUrl\":\"https:\\\/\\\/secure.gravatar.com\\\/avatar\\\/5964256d6c6957de3a3505278957e0fb2a35119ac47ea41827a65301213c810b?s=96&d=mm&r=g\",\"caption\":\"Jacqueline ROTEN\"}}]}<\/script>\n<!-- \/ Yoast SEO plugin. -->","yoast_head_json":{"title":"Simha, l'africain: film screening, meeting and concert - Institut Europ\u00e9en des Musiques Juives","robots":{"index":"index","follow":"follow","max-snippet":"max-snippet:-1","max-image-preview":"max-image-preview:large","max-video-preview":"max-video-preview:-1"},"canonical":"https:\/\/www.iemj.org\/en\/simha-lafricain-projection-rencontre-concert\/","og_locale":"en_US","og_type":"article","og_title":"Simha, l'africain: film screening, meeting and concert - Institut Europ\u00e9en des Musiques Juives","og_description":"Screening of J\u00e9r\u00f4me Blumberg&#8217;s documentary Simha (2015, 78 min, produced by Le Miroir, CNRS Images, CINAPS TV). Simha Arom, world-renowned ethnomusicologist, has spent fifty years of his life collecting, studying","og_url":"https:\/\/www.iemj.org\/en\/simha-lafricain-projection-rencontre-concert\/","og_site_name":"Institut Europ\u00e9en des Musiques Juives","article_publisher":"https:\/\/www.facebook.com\/MusiquesJuives\/","article_published_time":"2016-05-23T10:01:00+00:00","article_modified_time":"2024-01-02T12:04:06+00:00","og_image":[{"width":192,"height":239,"url":"https:\/\/www.iemj.org\/wp-content\/uploads\/2016\/05\/arton1665.jpg","type":"image\/jpeg"}],"author":"Jacqueline ROTEN","twitter_card":"summary_large_image","twitter_misc":{"Written by":"Jacqueline ROTEN","Est. reading time":"2 minutes"},"schema":{"@context":"https:\/\/schema.org","@graph":[{"@type":"Article","@id":"https:\/\/www.iemj.org\/en\/simha-lafricain-projection-rencontre-concert\/#article","isPartOf":{"@id":"https:\/\/www.iemj.org\/en\/simha-lafricain-projection-rencontre-concert\/"},"author":{"name":"Jacqueline ROTEN","@id":"https:\/\/www.iemj.org\/en\/#\/schema\/person\/358e26c18aca017fcc4cc15437f7279c"},"headline":"Simha, l&#8217;africain: film screening, meeting and concert","datePublished":"2016-05-23T10:01:00+00:00","dateModified":"2024-01-02T12:04:06+00:00","mainEntityOfPage":{"@id":"https:\/\/www.iemj.org\/en\/simha-lafricain-projection-rencontre-concert\/"},"wordCount":212,"publisher":{"@id":"https:\/\/www.iemj.org\/en\/#organization"},"image":{"@id":"https:\/\/www.iemj.org\/en\/simha-lafricain-projection-rencontre-concert\/#primaryimage"},"thumbnailUrl":"https:\/\/www.iemj.org\/wp-content\/uploads\/2016\/05\/arton1665.jpg","keywords":["EIJM Events"],"articleSection":["Concerts","Events"],"inLanguage":"en-US"},{"@type":"WebPage","@id":"https:\/\/www.iemj.org\/en\/simha-lafricain-projection-rencontre-concert\/","url":"https:\/\/www.iemj.org\/en\/simha-lafricain-projection-rencontre-concert\/","name":"Simha, l'africain: film screening, meeting and concert - Institut Europ\u00e9en des Musiques Juives","isPartOf":{"@id":"https:\/\/www.iemj.org\/en\/#website"},"primaryImageOfPage":{"@id":"https:\/\/www.iemj.org\/en\/simha-lafricain-projection-rencontre-concert\/#primaryimage"},"image":{"@id":"https:\/\/www.iemj.org\/en\/simha-lafricain-projection-rencontre-concert\/#primaryimage"},"thumbnailUrl":"https:\/\/www.iemj.org\/wp-content\/uploads\/2016\/05\/arton1665.jpg","datePublished":"2016-05-23T10:01:00+00:00","dateModified":"2024-01-02T12:04:06+00:00","breadcrumb":{"@id":"https:\/\/www.iemj.org\/en\/simha-lafricain-projection-rencontre-concert\/#breadcrumb"},"inLanguage":"en-US","potentialAction":[{"@type":"ReadAction","target":["https:\/\/www.iemj.org\/en\/simha-lafricain-projection-rencontre-concert\/"]}]},{"@type":"ImageObject","inLanguage":"en-US","@id":"https:\/\/www.iemj.org\/en\/simha-lafricain-projection-rencontre-concert\/#primaryimage","url":"https:\/\/www.iemj.org\/wp-content\/uploads\/2016\/05\/arton1665.jpg","contentUrl":"https:\/\/www.iemj.org\/wp-content\/uploads\/2016\/05\/arton1665.jpg","width":192,"height":239},{"@type":"BreadcrumbList","@id":"https:\/\/www.iemj.org\/en\/simha-lafricain-projection-rencontre-concert\/#breadcrumb","itemListElement":[{"@type":"ListItem","position":1,"name":"Accueil","item":"https:\/\/www.iemj.org\/en\/"},{"@type":"ListItem","position":2,"name":"Simha, l&#8217;africain: film screening, meeting and concert"}]},{"@type":"WebSite","@id":"https:\/\/www.iemj.org\/en\/#website","url":"https:\/\/www.iemj.org\/en\/","name":"Institut Europ\u00e9en des Musiques Juives","description":"Des traditions musicales \u00e0 la port\u00e9e de tous","publisher":{"@id":"https:\/\/www.iemj.org\/en\/#organization"},"potentialAction":[{"@type":"SearchAction","target":{"@type":"EntryPoint","urlTemplate":"https:\/\/www.iemj.org\/en\/?s={search_term_string}"},"query-input":{"@type":"PropertyValueSpecification","valueRequired":true,"valueName":"search_term_string"}}],"inLanguage":"en-US"},{"@type":"Organization","@id":"https:\/\/www.iemj.org\/en\/#organization","name":"Institut Europ\u00e9en des Musiques Juives","url":"https:\/\/www.iemj.org\/en\/","logo":{"@type":"ImageObject","inLanguage":"en-US","@id":"https:\/\/www.iemj.org\/en\/#\/schema\/logo\/image\/","url":"https:\/\/www.iemj.org\/wp-content\/uploads\/2021\/09\/Logo-IEMJ-Paypal.jpg","contentUrl":"https:\/\/www.iemj.org\/wp-content\/uploads\/2021\/09\/Logo-IEMJ-Paypal.jpg","width":150,"height":50,"caption":"Institut Europ\u00e9en des Musiques Juives"},"image":{"@id":"https:\/\/www.iemj.org\/en\/#\/schema\/logo\/image\/"},"sameAs":["https:\/\/www.facebook.com\/MusiquesJuives\/","https:\/\/www.instagram.com\/musiquesjuives\/","https:\/\/www.youtube.com\/user\/musiquesjuives"]},{"@type":"Person","@id":"https:\/\/www.iemj.org\/en\/#\/schema\/person\/358e26c18aca017fcc4cc15437f7279c","name":"Jacqueline ROTEN","image":{"@type":"ImageObject","inLanguage":"en-US","@id":"https:\/\/secure.gravatar.com\/avatar\/5964256d6c6957de3a3505278957e0fb2a35119ac47ea41827a65301213c810b?s=96&d=mm&r=g","url":"https:\/\/secure.gravatar.com\/avatar\/5964256d6c6957de3a3505278957e0fb2a35119ac47ea41827a65301213c810b?s=96&d=mm&r=g","contentUrl":"https:\/\/secure.gravatar.com\/avatar\/5964256d6c6957de3a3505278957e0fb2a35119ac47ea41827a65301213c810b?s=96&d=mm&r=g","caption":"Jacqueline ROTEN"}}]}},"_links":{"self":[{"href":"https:\/\/www.iemj.org\/en\/wp-json\/wp\/v2\/posts\/106809","targetHints":{"allow":["GET"]}}],"collection":[{"href":"https:\/\/www.iemj.org\/en\/wp-json\/wp\/v2\/posts"}],"about":[{"href":"https:\/\/www.iemj.org\/en\/wp-json\/wp\/v2\/types\/post"}],"author":[{"embeddable":true,"href":"https:\/\/www.iemj.org\/en\/wp-json\/wp\/v2\/users\/5"}],"replies":[{"embeddable":true,"href":"https:\/\/www.iemj.org\/en\/wp-json\/wp\/v2\/comments?post=106809"}],"version-history":[{"count":0,"href":"https:\/\/www.iemj.org\/en\/wp-json\/wp\/v2\/posts\/106809\/revisions"}],"wp:featuredmedia":[{"embeddable":true,"href":"https:\/\/www.iemj.org\/en\/wp-json\/wp\/v2\/media\/10543"}],"wp:attachment":[{"href":"https:\/\/www.iemj.org\/en\/wp-json\/wp\/v2\/media?parent=106809"}],"wp:term":[{"taxonomy":"category","embeddable":true,"href":"https:\/\/www.iemj.org\/en\/wp-json\/wp\/v2\/categories?post=106809"},{"taxonomy":"post_tag","embeddable":true,"href":"https:\/\/www.iemj.org\/en\/wp-json\/wp\/v2\/tags?post=106809"},{"taxonomy":"technique","embeddable":true,"href":"https:\/\/www.iemj.org\/en\/wp-json\/wp\/v2\/technique?post=106809"},{"taxonomy":"squelettes","embeddable":true,"href":"https:\/\/www.iemj.org\/en\/wp-json\/wp\/v2\/squelettes?post=106809"},{"taxonomy":"sujet","embeddable":true,"href":"https:\/\/www.iemj.org\/en\/wp-json\/wp\/v2\/sujet?post=106809"},{"taxonomy":"formation","embeddable":true,"href":"https:\/\/www.iemj.org\/en\/wp-json\/wp\/v2\/formation?post=106809"},{"taxonomy":"genre","embeddable":true,"href":"https:\/\/www.iemj.org\/en\/wp-json\/wp\/v2\/genre?post=106809"},{"taxonomy":"fonds","embeddable":true,"href":"https:\/\/www.iemj.org\/en\/wp-json\/wp\/v2\/fonds?post=106809"},{"taxonomy":"tradition","embeddable":true,"href":"https:\/\/www.iemj.org\/en\/wp-json\/wp\/v2\/tradition?post=106809"},{"taxonomy":"type-de-contenu","embeddable":true,"href":"https:\/\/www.iemj.org\/en\/wp-json\/wp\/v2\/type-de-contenu?post=106809"},{"taxonomy":"interprete-compositeur","embeddable":true,"href":"https:\/\/www.iemj.org\/en\/wp-json\/wp\/v2\/interprete-compositeur?post=106809"},{"taxonomy":"frise","embeddable":true,"href":"https:\/\/www.iemj.org\/en\/wp-json\/wp\/v2\/frise?post=106809"},{"taxonomy":"type-devenement","embeddable":true,"href":"https:\/\/www.iemj.org\/en\/wp-json\/wp\/v2\/type-devenement?post=106809"},{"taxonomy":"tableaux-liens-externes","embeddable":true,"href":"https:\/\/www.iemj.org\/en\/wp-json\/wp\/v2\/tableaux-liens-externes?post=106809"}],"curies":[{"name":"wp","href":"https:\/\/api.w.org\/{rel}","templated":true}]}}