{"id":108223,"date":"2012-11-26T10:13:21","date_gmt":"2012-11-26T09:13:21","guid":{"rendered":"https:\/\/www.iemj.org\/musiques-traditionnelles-et-liturgiques-des-juifs-dalgerie\/"},"modified":"2024-01-25T12:48:26","modified_gmt":"2024-01-25T11:48:26","slug":"musiques-traditionnelles-et-liturgiques-des-juifs-dalgerie","status":"publish","type":"post","link":"https:\/\/www.iemj.org\/en\/musiques-traditionnelles-et-liturgiques-des-juifs-dalgerie\/","title":{"rendered":"Traditional and liturgical music of Algerian Jews"},"content":{"rendered":"<p><strong>SUNDAY DECEMBER 9, 2012, 3pm and 5pm<\/strong><\/p>\n<p><strong>Concert and lecture at the Mus\u00e9e d&#8217;Art et d&#8217;Histoire du Juda\u00efsme &#8211; 71 rue du Temple, 75003 Paris<\/strong><\/p>\n<p><!--more-->As part of the exhibition <em>Juifs d&#8217;Alg\u00e9rie<\/em> (September 28, 2012 &#8211; January 27, 2013), the Mus\u00e9e d&#8217;Art et d&#8217;Histoire du Juda\u00efsme and the Institut Europ\u00e9en des Musiques Juives are organizing an exceptional concert of traditional and liturgical Algerian Jewish music.<\/p>\n<p>Singers Philippe Darmon, Yohan Bismuth, Ylane Zerbib and singer and pianist Paul Sultan, accompanied by a traditional instrumental ensemble, will perform the great tunes of the Algiers, Constantine and Oran Jewish communities&#8230;<\/p>\n<p>The concert, which begins at 5pm, will be preceded by a lecture on the music of the Jews of Algeria by Herv\u00e9 Roten, Director of the Institut Europ\u00e9en des Musiques Juives. Illustrated by numerous sound extracts, this lecture will offer a broad panorama of the liturgical, artful and popular music of the Jews of Algeria, from the Tlemc\u00e9nien rite to the Constantinian malouf, from Franco-Arabic song to oriental music cabarets.<\/p>\n<p>On this occasion, Herve Roten will present the latest CD in the <em>Patrimoines Musicaux des Juifs de France<\/em> collection, on Les psaumes des Juifs de Constantine. This CD will be sold as a preview in the MAHJ library, and will be signed by the artists who contributed to it.<\/p>\n<p>Reservations highly recommended at Mus\u00e9e d&#8217;Art et d&#8217;Histoire du Juda\u00efsme &#8211; H\u00f4tel de Saint-Aignan, 71, rue du Temple, 75003 Paris<br \/>\nTel: 01 53 01 86 53<\/p>\n<p>Prices: concert: \u20ac15; lecture: \u20ac5, lecture and concert: \u20ac18<br \/>\n<strong>Special rate for IEMJ members: lecture and concert (on presentation of membership card): \u20ac15<\/strong><\/p>\n<figure id=\"attachment_5149\" aria-describedby=\"caption-attachment-5149\" style=\"width: 640px\" class=\"wp-caption aligncenter\"><img fetchpriority=\"high\" decoding=\"async\" class=\" aligncenter size-full wp-image-5149\" title=\"Soci\u00e9t\u00e9 de Charit\u00e9 (Constantine)\" src=\"https:\/\/www.iemj.org\/wp-content\/uploads\/2012\/11\/a_ssara_batlanim_avec_rebbi_reoubene_guedj_recadre_site.jpg\" alt=\"Soci\u00e9t\u00e9 de Charit\u00e9 (Constantine)\" width=\"640\" height=\"480\" align=\"center\" srcset=\"https:\/\/www.iemj.org\/wp-content\/uploads\/2012\/11\/a_ssara_batlanim_avec_rebbi_reoubene_guedj_recadre_site.jpg 640w, https:\/\/www.iemj.org\/wp-content\/uploads\/2012\/11\/a_ssara_batlanim_avec_rebbi_reoubene_guedj_recadre_site-300x225.jpg 300w, https:\/\/www.iemj.org\/wp-content\/uploads\/2012\/11\/a_ssara_batlanim_avec_rebbi_reoubene_guedj_recadre_site-600x450.jpg 600w\" sizes=\"(max-width: 640px) 100vw, 640px\" \/><figcaption id=\"caption-attachment-5149\" class=\"wp-caption-text\"><strong>Charity Society (Constantine)<\/strong><\/figcaption><\/figure>\n","protected":false},"excerpt":{"rendered":"<p>SUNDAY DECEMBER 9, 2012, 3pm and 5pm Concert and lecture at the Mus\u00e9e d&#8217;Art et d&#8217;Histoire du Juda\u00efsme &#8211; 71 rue du Temple, 75003 Paris<\/p>\n","protected":false},"author":1045,"featured_media":5148,"comment_status":"closed","ping_status":"open","sticky":false,"template":"","format":"standard","meta":{"_acf_changed":false,"footnotes":""},"categories":[1377,1369],"tags":[],"technique":[],"squelettes":[],"sujet":[],"formation":[],"genre":[],"fonds":[],"tradition":[],"type-de-contenu":[],"interprete-compositeur":[],"frise":[],"type-devenement":[],"tableaux-liens-externes":[],"class_list":["post-108223","post","type-post","status-publish","format-standard","has-post-thumbnail","hentry","category-concerts-events-en","category-events-en"],"acf":[],"yoast_head":"<!-- This site is optimized with the Yoast SEO plugin v27.3 - https:\/\/yoast.com\/product\/yoast-seo-wordpress\/ -->\n<title>Traditional and liturgical music of Algerian Jews - Institut Europ\u00e9en des Musiques Juives<\/title>\n<meta name=\"robots\" content=\"index, follow, max-snippet:-1, max-image-preview:large, max-video-preview:-1\" \/>\n<link rel=\"canonical\" href=\"https:\/\/www.iemj.org\/en\/musiques-traditionnelles-et-liturgiques-des-juifs-dalgerie\/\" \/>\n<meta property=\"og:locale\" content=\"en_US\" \/>\n<meta property=\"og:type\" content=\"article\" \/>\n<meta property=\"og:title\" content=\"Traditional and liturgical music of Algerian Jews - Institut Europ\u00e9en des Musiques Juives\" \/>\n<meta property=\"og:description\" content=\"SUNDAY DECEMBER 9, 2012, 3pm and 5pm Concert and lecture at the Mus\u00e9e d&#8217;Art et d&#8217;Histoire du Juda\u00efsme &#8211; 71 rue du Temple, 75003 Paris\" \/>\n<meta property=\"og:url\" content=\"https:\/\/www.iemj.org\/en\/musiques-traditionnelles-et-liturgiques-des-juifs-dalgerie\/\" \/>\n<meta property=\"og:site_name\" content=\"Institut Europ\u00e9en des Musiques Juives\" \/>\n<meta property=\"article:publisher\" content=\"https:\/\/www.facebook.com\/MusiquesJuives\/\" \/>\n<meta property=\"article:published_time\" content=\"2012-11-26T09:13:21+00:00\" \/>\n<meta property=\"article:modified_time\" content=\"2024-01-25T11:48:26+00:00\" \/>\n<meta property=\"og:image\" content=\"https:\/\/www.iemj.org\/wp-content\/uploads\/2012\/11\/arton584-e1620117941777.jpg\" \/>\n\t<meta property=\"og:image:width\" content=\"1317\" \/>\n\t<meta property=\"og:image:height\" content=\"1200\" \/>\n\t<meta property=\"og:image:type\" content=\"image\/jpeg\" \/>\n<meta name=\"author\" content=\"Herv\u00e9 Roten\" \/>\n<meta name=\"twitter:card\" content=\"summary_large_image\" \/>\n<meta name=\"twitter:label1\" content=\"Written by\" \/>\n\t<meta name=\"twitter:data1\" content=\"Herv\u00e9 Roten\" \/>\n\t<meta name=\"twitter:label2\" content=\"Est. reading time\" \/>\n\t<meta name=\"twitter:data2\" content=\"2 minutes\" \/>\n<script type=\"application\/ld+json\" class=\"yoast-schema-graph\">{\"@context\":\"https:\\\/\\\/schema.org\",\"@graph\":[{\"@type\":\"Article\",\"@id\":\"https:\\\/\\\/www.iemj.org\\\/en\\\/musiques-traditionnelles-et-liturgiques-des-juifs-dalgerie\\\/#article\",\"isPartOf\":{\"@id\":\"https:\\\/\\\/www.iemj.org\\\/en\\\/musiques-traditionnelles-et-liturgiques-des-juifs-dalgerie\\\/\"},\"author\":{\"name\":\"Herv\u00e9 Roten\",\"@id\":\"https:\\\/\\\/www.iemj.org\\\/en\\\/#\\\/schema\\\/person\\\/906134402c29d5c76e7b726261dd4bbd\"},\"headline\":\"Traditional and liturgical music of Algerian Jews\",\"datePublished\":\"2012-11-26T09:13:21+00:00\",\"dateModified\":\"2024-01-25T11:48:26+00:00\",\"mainEntityOfPage\":{\"@id\":\"https:\\\/\\\/www.iemj.org\\\/en\\\/musiques-traditionnelles-et-liturgiques-des-juifs-dalgerie\\\/\"},\"wordCount\":281,\"publisher\":{\"@id\":\"https:\\\/\\\/www.iemj.org\\\/en\\\/#organization\"},\"image\":{\"@id\":\"https:\\\/\\\/www.iemj.org\\\/en\\\/musiques-traditionnelles-et-liturgiques-des-juifs-dalgerie\\\/#primaryimage\"},\"thumbnailUrl\":\"https:\\\/\\\/www.iemj.org\\\/wp-content\\\/uploads\\\/2012\\\/11\\\/arton584-e1620117941777.jpg\",\"articleSection\":[\"Concerts\",\"Events\"],\"inLanguage\":\"en-US\"},{\"@type\":\"WebPage\",\"@id\":\"https:\\\/\\\/www.iemj.org\\\/en\\\/musiques-traditionnelles-et-liturgiques-des-juifs-dalgerie\\\/\",\"url\":\"https:\\\/\\\/www.iemj.org\\\/en\\\/musiques-traditionnelles-et-liturgiques-des-juifs-dalgerie\\\/\",\"name\":\"Traditional and liturgical music of Algerian Jews - Institut Europ\u00e9en des Musiques Juives\",\"isPartOf\":{\"@id\":\"https:\\\/\\\/www.iemj.org\\\/en\\\/#website\"},\"primaryImageOfPage\":{\"@id\":\"https:\\\/\\\/www.iemj.org\\\/en\\\/musiques-traditionnelles-et-liturgiques-des-juifs-dalgerie\\\/#primaryimage\"},\"image\":{\"@id\":\"https:\\\/\\\/www.iemj.org\\\/en\\\/musiques-traditionnelles-et-liturgiques-des-juifs-dalgerie\\\/#primaryimage\"},\"thumbnailUrl\":\"https:\\\/\\\/www.iemj.org\\\/wp-content\\\/uploads\\\/2012\\\/11\\\/arton584-e1620117941777.jpg\",\"datePublished\":\"2012-11-26T09:13:21+00:00\",\"dateModified\":\"2024-01-25T11:48:26+00:00\",\"breadcrumb\":{\"@id\":\"https:\\\/\\\/www.iemj.org\\\/en\\\/musiques-traditionnelles-et-liturgiques-des-juifs-dalgerie\\\/#breadcrumb\"},\"inLanguage\":\"en-US\",\"potentialAction\":[{\"@type\":\"ReadAction\",\"target\":[\"https:\\\/\\\/www.iemj.org\\\/en\\\/musiques-traditionnelles-et-liturgiques-des-juifs-dalgerie\\\/\"]}]},{\"@type\":\"ImageObject\",\"inLanguage\":\"en-US\",\"@id\":\"https:\\\/\\\/www.iemj.org\\\/en\\\/musiques-traditionnelles-et-liturgiques-des-juifs-dalgerie\\\/#primaryimage\",\"url\":\"https:\\\/\\\/www.iemj.org\\\/wp-content\\\/uploads\\\/2012\\\/11\\\/arton584-e1620117941777.jpg\",\"contentUrl\":\"https:\\\/\\\/www.iemj.org\\\/wp-content\\\/uploads\\\/2012\\\/11\\\/arton584-e1620117941777.jpg\",\"width\":1317,\"height\":1200},{\"@type\":\"BreadcrumbList\",\"@id\":\"https:\\\/\\\/www.iemj.org\\\/en\\\/musiques-traditionnelles-et-liturgiques-des-juifs-dalgerie\\\/#breadcrumb\",\"itemListElement\":[{\"@type\":\"ListItem\",\"position\":1,\"name\":\"Accueil\",\"item\":\"https:\\\/\\\/www.iemj.org\\\/en\\\/\"},{\"@type\":\"ListItem\",\"position\":2,\"name\":\"Traditional and liturgical music of Algerian Jews\"}]},{\"@type\":\"WebSite\",\"@id\":\"https:\\\/\\\/www.iemj.org\\\/en\\\/#website\",\"url\":\"https:\\\/\\\/www.iemj.org\\\/en\\\/\",\"name\":\"Institut Europ\u00e9en des Musiques Juives\",\"description\":\"Des traditions musicales \u00e0 la port\u00e9e de tous\",\"publisher\":{\"@id\":\"https:\\\/\\\/www.iemj.org\\\/en\\\/#organization\"},\"potentialAction\":[{\"@type\":\"SearchAction\",\"target\":{\"@type\":\"EntryPoint\",\"urlTemplate\":\"https:\\\/\\\/www.iemj.org\\\/en\\\/?s={search_term_string}\"},\"query-input\":{\"@type\":\"PropertyValueSpecification\",\"valueRequired\":true,\"valueName\":\"search_term_string\"}}],\"inLanguage\":\"en-US\"},{\"@type\":\"Organization\",\"@id\":\"https:\\\/\\\/www.iemj.org\\\/en\\\/#organization\",\"name\":\"Institut Europ\u00e9en des Musiques Juives\",\"url\":\"https:\\\/\\\/www.iemj.org\\\/en\\\/\",\"logo\":{\"@type\":\"ImageObject\",\"inLanguage\":\"en-US\",\"@id\":\"https:\\\/\\\/www.iemj.org\\\/en\\\/#\\\/schema\\\/logo\\\/image\\\/\",\"url\":\"https:\\\/\\\/www.iemj.org\\\/wp-content\\\/uploads\\\/2021\\\/09\\\/Logo-IEMJ-Paypal.jpg\",\"contentUrl\":\"https:\\\/\\\/www.iemj.org\\\/wp-content\\\/uploads\\\/2021\\\/09\\\/Logo-IEMJ-Paypal.jpg\",\"width\":150,\"height\":50,\"caption\":\"Institut Europ\u00e9en des Musiques Juives\"},\"image\":{\"@id\":\"https:\\\/\\\/www.iemj.org\\\/en\\\/#\\\/schema\\\/logo\\\/image\\\/\"},\"sameAs\":[\"https:\\\/\\\/www.facebook.com\\\/MusiquesJuives\\\/\",\"https:\\\/\\\/www.instagram.com\\\/musiquesjuives\\\/\",\"https:\\\/\\\/www.youtube.com\\\/user\\\/musiquesjuives\"]},{\"@type\":\"Person\",\"@id\":\"https:\\\/\\\/www.iemj.org\\\/en\\\/#\\\/schema\\\/person\\\/906134402c29d5c76e7b726261dd4bbd\",\"name\":\"Herv\u00e9 Roten\",\"image\":{\"@type\":\"ImageObject\",\"inLanguage\":\"en-US\",\"@id\":\"https:\\\/\\\/secure.gravatar.com\\\/avatar\\\/f96ad2db538a26481f18384936b5cd0610c92d390c4dc382209216d455f685ff?s=96&d=mm&r=g\",\"url\":\"https:\\\/\\\/secure.gravatar.com\\\/avatar\\\/f96ad2db538a26481f18384936b5cd0610c92d390c4dc382209216d455f685ff?s=96&d=mm&r=g\",\"contentUrl\":\"https:\\\/\\\/secure.gravatar.com\\\/avatar\\\/f96ad2db538a26481f18384936b5cd0610c92d390c4dc382209216d455f685ff?s=96&d=mm&r=g\",\"caption\":\"Herv\u00e9 Roten\"}}]}<\/script>\n<!-- \/ Yoast SEO plugin. -->","yoast_head_json":{"title":"Traditional and liturgical music of Algerian Jews - Institut Europ\u00e9en des Musiques Juives","robots":{"index":"index","follow":"follow","max-snippet":"max-snippet:-1","max-image-preview":"max-image-preview:large","max-video-preview":"max-video-preview:-1"},"canonical":"https:\/\/www.iemj.org\/en\/musiques-traditionnelles-et-liturgiques-des-juifs-dalgerie\/","og_locale":"en_US","og_type":"article","og_title":"Traditional and liturgical music of Algerian Jews - Institut Europ\u00e9en des Musiques Juives","og_description":"SUNDAY DECEMBER 9, 2012, 3pm and 5pm Concert and lecture at the Mus\u00e9e d&#8217;Art et d&#8217;Histoire du Juda\u00efsme &#8211; 71 rue du Temple, 75003 Paris","og_url":"https:\/\/www.iemj.org\/en\/musiques-traditionnelles-et-liturgiques-des-juifs-dalgerie\/","og_site_name":"Institut Europ\u00e9en des Musiques Juives","article_publisher":"https:\/\/www.facebook.com\/MusiquesJuives\/","article_published_time":"2012-11-26T09:13:21+00:00","article_modified_time":"2024-01-25T11:48:26+00:00","og_image":[{"width":1317,"height":1200,"url":"https:\/\/www.iemj.org\/wp-content\/uploads\/2012\/11\/arton584-e1620117941777.jpg","type":"image\/jpeg"}],"author":"Herv\u00e9 Roten","twitter_card":"summary_large_image","twitter_misc":{"Written by":"Herv\u00e9 Roten","Est. reading time":"2 minutes"},"schema":{"@context":"https:\/\/schema.org","@graph":[{"@type":"Article","@id":"https:\/\/www.iemj.org\/en\/musiques-traditionnelles-et-liturgiques-des-juifs-dalgerie\/#article","isPartOf":{"@id":"https:\/\/www.iemj.org\/en\/musiques-traditionnelles-et-liturgiques-des-juifs-dalgerie\/"},"author":{"name":"Herv\u00e9 Roten","@id":"https:\/\/www.iemj.org\/en\/#\/schema\/person\/906134402c29d5c76e7b726261dd4bbd"},"headline":"Traditional and liturgical music of Algerian Jews","datePublished":"2012-11-26T09:13:21+00:00","dateModified":"2024-01-25T11:48:26+00:00","mainEntityOfPage":{"@id":"https:\/\/www.iemj.org\/en\/musiques-traditionnelles-et-liturgiques-des-juifs-dalgerie\/"},"wordCount":281,"publisher":{"@id":"https:\/\/www.iemj.org\/en\/#organization"},"image":{"@id":"https:\/\/www.iemj.org\/en\/musiques-traditionnelles-et-liturgiques-des-juifs-dalgerie\/#primaryimage"},"thumbnailUrl":"https:\/\/www.iemj.org\/wp-content\/uploads\/2012\/11\/arton584-e1620117941777.jpg","articleSection":["Concerts","Events"],"inLanguage":"en-US"},{"@type":"WebPage","@id":"https:\/\/www.iemj.org\/en\/musiques-traditionnelles-et-liturgiques-des-juifs-dalgerie\/","url":"https:\/\/www.iemj.org\/en\/musiques-traditionnelles-et-liturgiques-des-juifs-dalgerie\/","name":"Traditional and liturgical music of Algerian Jews - Institut Europ\u00e9en des Musiques Juives","isPartOf":{"@id":"https:\/\/www.iemj.org\/en\/#website"},"primaryImageOfPage":{"@id":"https:\/\/www.iemj.org\/en\/musiques-traditionnelles-et-liturgiques-des-juifs-dalgerie\/#primaryimage"},"image":{"@id":"https:\/\/www.iemj.org\/en\/musiques-traditionnelles-et-liturgiques-des-juifs-dalgerie\/#primaryimage"},"thumbnailUrl":"https:\/\/www.iemj.org\/wp-content\/uploads\/2012\/11\/arton584-e1620117941777.jpg","datePublished":"2012-11-26T09:13:21+00:00","dateModified":"2024-01-25T11:48:26+00:00","breadcrumb":{"@id":"https:\/\/www.iemj.org\/en\/musiques-traditionnelles-et-liturgiques-des-juifs-dalgerie\/#breadcrumb"},"inLanguage":"en-US","potentialAction":[{"@type":"ReadAction","target":["https:\/\/www.iemj.org\/en\/musiques-traditionnelles-et-liturgiques-des-juifs-dalgerie\/"]}]},{"@type":"ImageObject","inLanguage":"en-US","@id":"https:\/\/www.iemj.org\/en\/musiques-traditionnelles-et-liturgiques-des-juifs-dalgerie\/#primaryimage","url":"https:\/\/www.iemj.org\/wp-content\/uploads\/2012\/11\/arton584-e1620117941777.jpg","contentUrl":"https:\/\/www.iemj.org\/wp-content\/uploads\/2012\/11\/arton584-e1620117941777.jpg","width":1317,"height":1200},{"@type":"BreadcrumbList","@id":"https:\/\/www.iemj.org\/en\/musiques-traditionnelles-et-liturgiques-des-juifs-dalgerie\/#breadcrumb","itemListElement":[{"@type":"ListItem","position":1,"name":"Accueil","item":"https:\/\/www.iemj.org\/en\/"},{"@type":"ListItem","position":2,"name":"Traditional and liturgical music of Algerian Jews"}]},{"@type":"WebSite","@id":"https:\/\/www.iemj.org\/en\/#website","url":"https:\/\/www.iemj.org\/en\/","name":"Institut Europ\u00e9en des Musiques Juives","description":"Des traditions musicales \u00e0 la port\u00e9e de tous","publisher":{"@id":"https:\/\/www.iemj.org\/en\/#organization"},"potentialAction":[{"@type":"SearchAction","target":{"@type":"EntryPoint","urlTemplate":"https:\/\/www.iemj.org\/en\/?s={search_term_string}"},"query-input":{"@type":"PropertyValueSpecification","valueRequired":true,"valueName":"search_term_string"}}],"inLanguage":"en-US"},{"@type":"Organization","@id":"https:\/\/www.iemj.org\/en\/#organization","name":"Institut Europ\u00e9en des Musiques Juives","url":"https:\/\/www.iemj.org\/en\/","logo":{"@type":"ImageObject","inLanguage":"en-US","@id":"https:\/\/www.iemj.org\/en\/#\/schema\/logo\/image\/","url":"https:\/\/www.iemj.org\/wp-content\/uploads\/2021\/09\/Logo-IEMJ-Paypal.jpg","contentUrl":"https:\/\/www.iemj.org\/wp-content\/uploads\/2021\/09\/Logo-IEMJ-Paypal.jpg","width":150,"height":50,"caption":"Institut Europ\u00e9en des Musiques Juives"},"image":{"@id":"https:\/\/www.iemj.org\/en\/#\/schema\/logo\/image\/"},"sameAs":["https:\/\/www.facebook.com\/MusiquesJuives\/","https:\/\/www.instagram.com\/musiquesjuives\/","https:\/\/www.youtube.com\/user\/musiquesjuives"]},{"@type":"Person","@id":"https:\/\/www.iemj.org\/en\/#\/schema\/person\/906134402c29d5c76e7b726261dd4bbd","name":"Herv\u00e9 Roten","image":{"@type":"ImageObject","inLanguage":"en-US","@id":"https:\/\/secure.gravatar.com\/avatar\/f96ad2db538a26481f18384936b5cd0610c92d390c4dc382209216d455f685ff?s=96&d=mm&r=g","url":"https:\/\/secure.gravatar.com\/avatar\/f96ad2db538a26481f18384936b5cd0610c92d390c4dc382209216d455f685ff?s=96&d=mm&r=g","contentUrl":"https:\/\/secure.gravatar.com\/avatar\/f96ad2db538a26481f18384936b5cd0610c92d390c4dc382209216d455f685ff?s=96&d=mm&r=g","caption":"Herv\u00e9 Roten"}}]}},"_links":{"self":[{"href":"https:\/\/www.iemj.org\/en\/wp-json\/wp\/v2\/posts\/108223","targetHints":{"allow":["GET"]}}],"collection":[{"href":"https:\/\/www.iemj.org\/en\/wp-json\/wp\/v2\/posts"}],"about":[{"href":"https:\/\/www.iemj.org\/en\/wp-json\/wp\/v2\/types\/post"}],"author":[{"embeddable":true,"href":"https:\/\/www.iemj.org\/en\/wp-json\/wp\/v2\/users\/1045"}],"replies":[{"embeddable":true,"href":"https:\/\/www.iemj.org\/en\/wp-json\/wp\/v2\/comments?post=108223"}],"version-history":[{"count":0,"href":"https:\/\/www.iemj.org\/en\/wp-json\/wp\/v2\/posts\/108223\/revisions"}],"wp:featuredmedia":[{"embeddable":true,"href":"https:\/\/www.iemj.org\/en\/wp-json\/wp\/v2\/media\/5148"}],"wp:attachment":[{"href":"https:\/\/www.iemj.org\/en\/wp-json\/wp\/v2\/media?parent=108223"}],"wp:term":[{"taxonomy":"category","embeddable":true,"href":"https:\/\/www.iemj.org\/en\/wp-json\/wp\/v2\/categories?post=108223"},{"taxonomy":"post_tag","embeddable":true,"href":"https:\/\/www.iemj.org\/en\/wp-json\/wp\/v2\/tags?post=108223"},{"taxonomy":"technique","embeddable":true,"href":"https:\/\/www.iemj.org\/en\/wp-json\/wp\/v2\/technique?post=108223"},{"taxonomy":"squelettes","embeddable":true,"href":"https:\/\/www.iemj.org\/en\/wp-json\/wp\/v2\/squelettes?post=108223"},{"taxonomy":"sujet","embeddable":true,"href":"https:\/\/www.iemj.org\/en\/wp-json\/wp\/v2\/sujet?post=108223"},{"taxonomy":"formation","embeddable":true,"href":"https:\/\/www.iemj.org\/en\/wp-json\/wp\/v2\/formation?post=108223"},{"taxonomy":"genre","embeddable":true,"href":"https:\/\/www.iemj.org\/en\/wp-json\/wp\/v2\/genre?post=108223"},{"taxonomy":"fonds","embeddable":true,"href":"https:\/\/www.iemj.org\/en\/wp-json\/wp\/v2\/fonds?post=108223"},{"taxonomy":"tradition","embeddable":true,"href":"https:\/\/www.iemj.org\/en\/wp-json\/wp\/v2\/tradition?post=108223"},{"taxonomy":"type-de-contenu","embeddable":true,"href":"https:\/\/www.iemj.org\/en\/wp-json\/wp\/v2\/type-de-contenu?post=108223"},{"taxonomy":"interprete-compositeur","embeddable":true,"href":"https:\/\/www.iemj.org\/en\/wp-json\/wp\/v2\/interprete-compositeur?post=108223"},{"taxonomy":"frise","embeddable":true,"href":"https:\/\/www.iemj.org\/en\/wp-json\/wp\/v2\/frise?post=108223"},{"taxonomy":"type-devenement","embeddable":true,"href":"https:\/\/www.iemj.org\/en\/wp-json\/wp\/v2\/type-devenement?post=108223"},{"taxonomy":"tableaux-liens-externes","embeddable":true,"href":"https:\/\/www.iemj.org\/en\/wp-json\/wp\/v2\/tableaux-liens-externes?post=108223"}],"curies":[{"name":"wp","href":"https:\/\/api.w.org\/{rel}","templated":true}]}}