{"id":108260,"date":"2012-06-10T10:55:50","date_gmt":"2012-06-10T08:55:50","guid":{"rendered":"https:\/\/www.iemj.org\/premiere-universite-dete-judeo-espagnole-a-paris\/"},"modified":"2024-01-29T12:02:06","modified_gmt":"2024-01-29T11:02:06","slug":"premiere-universite-dete-judeo-espagnole-a-paris","status":"publish","type":"post","link":"https:\/\/www.iemj.org\/en\/premiere-universite-dete-judeo-espagnole-a-paris\/","title":{"rendered":"First Summer University of Judeo-Spanish in Paris"},"content":{"rendered":"<p class=\"post_excerpt\">JULY 8 TO 13, 2012 &#8211; CENTRE EDMOND J SAFRA &#8211; 6 BIS, RUE MICHEL-ANGE &#8211; PARIS 16e<\/p>\n<p><!--more--><br \/>\nOrganized by Aki Estamos and the AIU, in partnership with the CFMJ and INALCO, this <strong>first Judeo-Spanish Summer University<\/strong> is all about transmission. Over five days, it will showcase the richness of Sephardic culture through language, cooking and singing workshops, lectures and round tables, performances, screenings and a multimedia exhibition.<\/p>\n<p>It&#8217;s open to all, whether enthusiasts or the simply curious, artists or academics, young or old, and whatever their roots.<\/p>\n<p>On Wednesday, July 11, 2012, a special day will be devoted to Judeo-Spanish music:<br \/>\n2pm: Romances &#8211; coplas &#8211; cantigas: Traditional genres of the Sephardic musical repertoire<br \/>\n4:30 pm: Judeo-Spanish music in the 21st century: practices, processes and issues<\/p>\n<p><strong>Speakers: Chochana Weich-Shahak, Jessica Roda, Herv\u00e9 Roten (moderator), Marl\u00e8ne Samoun, Na\u00efma Chemoul.<\/strong><\/p>\n<p><strong>Four evening concerts with Marl\u00e8ne Samoun, Vanessa Paloma, Liat Cohen, Hayati Kaf\u00e9 and Na\u00efma Chemoul will take place on July 8, 9, 10 and 12, 2012.<\/strong><\/p>\n<p>Tickets: 1 to 5 days: \u20ac50 to \u20ac200; \u20ac40 to \u20ac120 (Aki Estamos and CFMJ members)<\/p>\n<p>For further information: www.ueje.org ; akiestamos.aals@yahoo.fr ; 06 98 52 15 15<\/p>\n<p>The Judeo-Spanish University is supported by La Lettre S\u00e9pharade, Alliance Isra\u00e9lite Universelle, Institut Alain de Rothschild, Fondation pour la M\u00e9moire de la Shoah, Fondation du Juda\u00efsme Fran\u00e7ais, Fonds Social Juif Unifi\u00e9, Institut National des Langues Orientales and Centre Fran\u00e7ais des Musiques Juives.<\/p>\n","protected":false},"excerpt":{"rendered":"<p>JULY 8 TO 13, 2012 &#8211; CENTRE EDMOND J SAFRA &#8211; 6 BIS, RUE MICHEL-ANGE &#8211; PARIS 16e<\/p>\n","protected":false},"author":1045,"featured_media":4847,"comment_status":"closed","ping_status":"open","sticky":false,"template":"","format":"standard","meta":{"_acf_changed":false,"footnotes":""},"categories":[1369],"tags":[3416],"technique":[],"squelettes":[],"sujet":[],"formation":[],"genre":[],"fonds":[],"tradition":[],"type-de-contenu":[],"interprete-compositeur":[],"frise":[],"type-devenement":[],"tableaux-liens-externes":[],"class_list":["post-108260","post","type-post","status-publish","format-standard","has-post-thumbnail","hentry","category-events-en","tag-partners-events-en"],"acf":[],"yoast_head":"<!-- This site is optimized with the Yoast SEO plugin v27.3 - https:\/\/yoast.com\/product\/yoast-seo-wordpress\/ -->\n<title>First Summer University of Judeo-Spanish in Paris - Institut Europ\u00e9en des Musiques Juives<\/title>\n<meta name=\"robots\" content=\"index, follow, max-snippet:-1, max-image-preview:large, max-video-preview:-1\" \/>\n<link rel=\"canonical\" href=\"https:\/\/www.iemj.org\/en\/premiere-universite-dete-judeo-espagnole-a-paris\/\" \/>\n<meta property=\"og:locale\" content=\"en_US\" \/>\n<meta property=\"og:type\" content=\"article\" \/>\n<meta property=\"og:title\" content=\"First Summer University of Judeo-Spanish in Paris - Institut Europ\u00e9en des Musiques Juives\" \/>\n<meta property=\"og:description\" content=\"JULY 8 TO 13, 2012 &#8211; CENTRE EDMOND J SAFRA &#8211; 6 BIS, RUE MICHEL-ANGE &#8211; PARIS 16e\" \/>\n<meta property=\"og:url\" content=\"https:\/\/www.iemj.org\/en\/premiere-universite-dete-judeo-espagnole-a-paris\/\" \/>\n<meta property=\"og:site_name\" content=\"Institut Europ\u00e9en des Musiques Juives\" \/>\n<meta property=\"article:publisher\" content=\"https:\/\/www.facebook.com\/MusiquesJuives\/\" \/>\n<meta property=\"article:published_time\" content=\"2012-06-10T08:55:50+00:00\" \/>\n<meta property=\"article:modified_time\" content=\"2024-01-29T11:02:06+00:00\" \/>\n<meta property=\"og:image\" content=\"https:\/\/www.iemj.org\/wp-content\/uploads\/2012\/06\/arton502-e1620118144181.jpg\" \/>\n\t<meta property=\"og:image:width\" content=\"1171\" \/>\n\t<meta property=\"og:image:height\" content=\"1654\" \/>\n\t<meta property=\"og:image:type\" content=\"image\/jpeg\" \/>\n<meta name=\"author\" content=\"Herv\u00e9 Roten\" \/>\n<meta name=\"twitter:card\" content=\"summary_large_image\" \/>\n<meta name=\"twitter:label1\" content=\"Written by\" \/>\n\t<meta name=\"twitter:data1\" content=\"Herv\u00e9 Roten\" \/>\n\t<meta name=\"twitter:label2\" content=\"Est. reading time\" \/>\n\t<meta name=\"twitter:data2\" content=\"2 minutes\" \/>\n<script type=\"application\/ld+json\" class=\"yoast-schema-graph\">{\"@context\":\"https:\\\/\\\/schema.org\",\"@graph\":[{\"@type\":\"Article\",\"@id\":\"https:\\\/\\\/www.iemj.org\\\/en\\\/premiere-universite-dete-judeo-espagnole-a-paris\\\/#article\",\"isPartOf\":{\"@id\":\"https:\\\/\\\/www.iemj.org\\\/en\\\/premiere-universite-dete-judeo-espagnole-a-paris\\\/\"},\"author\":{\"name\":\"Herv\u00e9 Roten\",\"@id\":\"https:\\\/\\\/www.iemj.org\\\/en\\\/#\\\/schema\\\/person\\\/906134402c29d5c76e7b726261dd4bbd\"},\"headline\":\"First Summer University of Judeo-Spanish in Paris\",\"datePublished\":\"2012-06-10T08:55:50+00:00\",\"dateModified\":\"2024-01-29T11:02:06+00:00\",\"mainEntityOfPage\":{\"@id\":\"https:\\\/\\\/www.iemj.org\\\/en\\\/premiere-universite-dete-judeo-espagnole-a-paris\\\/\"},\"wordCount\":233,\"publisher\":{\"@id\":\"https:\\\/\\\/www.iemj.org\\\/en\\\/#organization\"},\"image\":{\"@id\":\"https:\\\/\\\/www.iemj.org\\\/en\\\/premiere-universite-dete-judeo-espagnole-a-paris\\\/#primaryimage\"},\"thumbnailUrl\":\"https:\\\/\\\/www.iemj.org\\\/wp-content\\\/uploads\\\/2012\\\/06\\\/arton502-e1620118144181.jpg\",\"keywords\":[\"Partners' events\"],\"articleSection\":[\"Events\"],\"inLanguage\":\"en-US\"},{\"@type\":\"WebPage\",\"@id\":\"https:\\\/\\\/www.iemj.org\\\/en\\\/premiere-universite-dete-judeo-espagnole-a-paris\\\/\",\"url\":\"https:\\\/\\\/www.iemj.org\\\/en\\\/premiere-universite-dete-judeo-espagnole-a-paris\\\/\",\"name\":\"First Summer University of Judeo-Spanish in Paris - Institut Europ\u00e9en des Musiques Juives\",\"isPartOf\":{\"@id\":\"https:\\\/\\\/www.iemj.org\\\/en\\\/#website\"},\"primaryImageOfPage\":{\"@id\":\"https:\\\/\\\/www.iemj.org\\\/en\\\/premiere-universite-dete-judeo-espagnole-a-paris\\\/#primaryimage\"},\"image\":{\"@id\":\"https:\\\/\\\/www.iemj.org\\\/en\\\/premiere-universite-dete-judeo-espagnole-a-paris\\\/#primaryimage\"},\"thumbnailUrl\":\"https:\\\/\\\/www.iemj.org\\\/wp-content\\\/uploads\\\/2012\\\/06\\\/arton502-e1620118144181.jpg\",\"datePublished\":\"2012-06-10T08:55:50+00:00\",\"dateModified\":\"2024-01-29T11:02:06+00:00\",\"breadcrumb\":{\"@id\":\"https:\\\/\\\/www.iemj.org\\\/en\\\/premiere-universite-dete-judeo-espagnole-a-paris\\\/#breadcrumb\"},\"inLanguage\":\"en-US\",\"potentialAction\":[{\"@type\":\"ReadAction\",\"target\":[\"https:\\\/\\\/www.iemj.org\\\/en\\\/premiere-universite-dete-judeo-espagnole-a-paris\\\/\"]}]},{\"@type\":\"ImageObject\",\"inLanguage\":\"en-US\",\"@id\":\"https:\\\/\\\/www.iemj.org\\\/en\\\/premiere-universite-dete-judeo-espagnole-a-paris\\\/#primaryimage\",\"url\":\"https:\\\/\\\/www.iemj.org\\\/wp-content\\\/uploads\\\/2012\\\/06\\\/arton502-e1620118144181.jpg\",\"contentUrl\":\"https:\\\/\\\/www.iemj.org\\\/wp-content\\\/uploads\\\/2012\\\/06\\\/arton502-e1620118144181.jpg\",\"width\":1171,\"height\":1654},{\"@type\":\"BreadcrumbList\",\"@id\":\"https:\\\/\\\/www.iemj.org\\\/en\\\/premiere-universite-dete-judeo-espagnole-a-paris\\\/#breadcrumb\",\"itemListElement\":[{\"@type\":\"ListItem\",\"position\":1,\"name\":\"Accueil\",\"item\":\"https:\\\/\\\/www.iemj.org\\\/en\\\/\"},{\"@type\":\"ListItem\",\"position\":2,\"name\":\"First Summer University of Judeo-Spanish in Paris\"}]},{\"@type\":\"WebSite\",\"@id\":\"https:\\\/\\\/www.iemj.org\\\/en\\\/#website\",\"url\":\"https:\\\/\\\/www.iemj.org\\\/en\\\/\",\"name\":\"Institut Europ\u00e9en des Musiques Juives\",\"description\":\"Des traditions musicales \u00e0 la port\u00e9e de tous\",\"publisher\":{\"@id\":\"https:\\\/\\\/www.iemj.org\\\/en\\\/#organization\"},\"potentialAction\":[{\"@type\":\"SearchAction\",\"target\":{\"@type\":\"EntryPoint\",\"urlTemplate\":\"https:\\\/\\\/www.iemj.org\\\/en\\\/?s={search_term_string}\"},\"query-input\":{\"@type\":\"PropertyValueSpecification\",\"valueRequired\":true,\"valueName\":\"search_term_string\"}}],\"inLanguage\":\"en-US\"},{\"@type\":\"Organization\",\"@id\":\"https:\\\/\\\/www.iemj.org\\\/en\\\/#organization\",\"name\":\"Institut Europ\u00e9en des Musiques Juives\",\"url\":\"https:\\\/\\\/www.iemj.org\\\/en\\\/\",\"logo\":{\"@type\":\"ImageObject\",\"inLanguage\":\"en-US\",\"@id\":\"https:\\\/\\\/www.iemj.org\\\/en\\\/#\\\/schema\\\/logo\\\/image\\\/\",\"url\":\"https:\\\/\\\/www.iemj.org\\\/wp-content\\\/uploads\\\/2021\\\/09\\\/Logo-IEMJ-Paypal.jpg\",\"contentUrl\":\"https:\\\/\\\/www.iemj.org\\\/wp-content\\\/uploads\\\/2021\\\/09\\\/Logo-IEMJ-Paypal.jpg\",\"width\":150,\"height\":50,\"caption\":\"Institut Europ\u00e9en des Musiques Juives\"},\"image\":{\"@id\":\"https:\\\/\\\/www.iemj.org\\\/en\\\/#\\\/schema\\\/logo\\\/image\\\/\"},\"sameAs\":[\"https:\\\/\\\/www.facebook.com\\\/MusiquesJuives\\\/\",\"https:\\\/\\\/www.instagram.com\\\/musiquesjuives\\\/\",\"https:\\\/\\\/www.youtube.com\\\/user\\\/musiquesjuives\"]},{\"@type\":\"Person\",\"@id\":\"https:\\\/\\\/www.iemj.org\\\/en\\\/#\\\/schema\\\/person\\\/906134402c29d5c76e7b726261dd4bbd\",\"name\":\"Herv\u00e9 Roten\",\"image\":{\"@type\":\"ImageObject\",\"inLanguage\":\"en-US\",\"@id\":\"https:\\\/\\\/secure.gravatar.com\\\/avatar\\\/f96ad2db538a26481f18384936b5cd0610c92d390c4dc382209216d455f685ff?s=96&d=mm&r=g\",\"url\":\"https:\\\/\\\/secure.gravatar.com\\\/avatar\\\/f96ad2db538a26481f18384936b5cd0610c92d390c4dc382209216d455f685ff?s=96&d=mm&r=g\",\"contentUrl\":\"https:\\\/\\\/secure.gravatar.com\\\/avatar\\\/f96ad2db538a26481f18384936b5cd0610c92d390c4dc382209216d455f685ff?s=96&d=mm&r=g\",\"caption\":\"Herv\u00e9 Roten\"}}]}<\/script>\n<!-- \/ Yoast SEO plugin. -->","yoast_head_json":{"title":"First Summer University of Judeo-Spanish in Paris - Institut Europ\u00e9en des Musiques Juives","robots":{"index":"index","follow":"follow","max-snippet":"max-snippet:-1","max-image-preview":"max-image-preview:large","max-video-preview":"max-video-preview:-1"},"canonical":"https:\/\/www.iemj.org\/en\/premiere-universite-dete-judeo-espagnole-a-paris\/","og_locale":"en_US","og_type":"article","og_title":"First Summer University of Judeo-Spanish in Paris - Institut Europ\u00e9en des Musiques Juives","og_description":"JULY 8 TO 13, 2012 &#8211; CENTRE EDMOND J SAFRA &#8211; 6 BIS, RUE MICHEL-ANGE &#8211; PARIS 16e","og_url":"https:\/\/www.iemj.org\/en\/premiere-universite-dete-judeo-espagnole-a-paris\/","og_site_name":"Institut Europ\u00e9en des Musiques Juives","article_publisher":"https:\/\/www.facebook.com\/MusiquesJuives\/","article_published_time":"2012-06-10T08:55:50+00:00","article_modified_time":"2024-01-29T11:02:06+00:00","og_image":[{"width":1171,"height":1654,"url":"https:\/\/www.iemj.org\/wp-content\/uploads\/2012\/06\/arton502-e1620118144181.jpg","type":"image\/jpeg"}],"author":"Herv\u00e9 Roten","twitter_card":"summary_large_image","twitter_misc":{"Written by":"Herv\u00e9 Roten","Est. reading time":"2 minutes"},"schema":{"@context":"https:\/\/schema.org","@graph":[{"@type":"Article","@id":"https:\/\/www.iemj.org\/en\/premiere-universite-dete-judeo-espagnole-a-paris\/#article","isPartOf":{"@id":"https:\/\/www.iemj.org\/en\/premiere-universite-dete-judeo-espagnole-a-paris\/"},"author":{"name":"Herv\u00e9 Roten","@id":"https:\/\/www.iemj.org\/en\/#\/schema\/person\/906134402c29d5c76e7b726261dd4bbd"},"headline":"First Summer University of Judeo-Spanish in Paris","datePublished":"2012-06-10T08:55:50+00:00","dateModified":"2024-01-29T11:02:06+00:00","mainEntityOfPage":{"@id":"https:\/\/www.iemj.org\/en\/premiere-universite-dete-judeo-espagnole-a-paris\/"},"wordCount":233,"publisher":{"@id":"https:\/\/www.iemj.org\/en\/#organization"},"image":{"@id":"https:\/\/www.iemj.org\/en\/premiere-universite-dete-judeo-espagnole-a-paris\/#primaryimage"},"thumbnailUrl":"https:\/\/www.iemj.org\/wp-content\/uploads\/2012\/06\/arton502-e1620118144181.jpg","keywords":["Partners' events"],"articleSection":["Events"],"inLanguage":"en-US"},{"@type":"WebPage","@id":"https:\/\/www.iemj.org\/en\/premiere-universite-dete-judeo-espagnole-a-paris\/","url":"https:\/\/www.iemj.org\/en\/premiere-universite-dete-judeo-espagnole-a-paris\/","name":"First Summer University of Judeo-Spanish in Paris - Institut Europ\u00e9en des Musiques Juives","isPartOf":{"@id":"https:\/\/www.iemj.org\/en\/#website"},"primaryImageOfPage":{"@id":"https:\/\/www.iemj.org\/en\/premiere-universite-dete-judeo-espagnole-a-paris\/#primaryimage"},"image":{"@id":"https:\/\/www.iemj.org\/en\/premiere-universite-dete-judeo-espagnole-a-paris\/#primaryimage"},"thumbnailUrl":"https:\/\/www.iemj.org\/wp-content\/uploads\/2012\/06\/arton502-e1620118144181.jpg","datePublished":"2012-06-10T08:55:50+00:00","dateModified":"2024-01-29T11:02:06+00:00","breadcrumb":{"@id":"https:\/\/www.iemj.org\/en\/premiere-universite-dete-judeo-espagnole-a-paris\/#breadcrumb"},"inLanguage":"en-US","potentialAction":[{"@type":"ReadAction","target":["https:\/\/www.iemj.org\/en\/premiere-universite-dete-judeo-espagnole-a-paris\/"]}]},{"@type":"ImageObject","inLanguage":"en-US","@id":"https:\/\/www.iemj.org\/en\/premiere-universite-dete-judeo-espagnole-a-paris\/#primaryimage","url":"https:\/\/www.iemj.org\/wp-content\/uploads\/2012\/06\/arton502-e1620118144181.jpg","contentUrl":"https:\/\/www.iemj.org\/wp-content\/uploads\/2012\/06\/arton502-e1620118144181.jpg","width":1171,"height":1654},{"@type":"BreadcrumbList","@id":"https:\/\/www.iemj.org\/en\/premiere-universite-dete-judeo-espagnole-a-paris\/#breadcrumb","itemListElement":[{"@type":"ListItem","position":1,"name":"Accueil","item":"https:\/\/www.iemj.org\/en\/"},{"@type":"ListItem","position":2,"name":"First Summer University of Judeo-Spanish in Paris"}]},{"@type":"WebSite","@id":"https:\/\/www.iemj.org\/en\/#website","url":"https:\/\/www.iemj.org\/en\/","name":"Institut Europ\u00e9en des Musiques Juives","description":"Des traditions musicales \u00e0 la port\u00e9e de tous","publisher":{"@id":"https:\/\/www.iemj.org\/en\/#organization"},"potentialAction":[{"@type":"SearchAction","target":{"@type":"EntryPoint","urlTemplate":"https:\/\/www.iemj.org\/en\/?s={search_term_string}"},"query-input":{"@type":"PropertyValueSpecification","valueRequired":true,"valueName":"search_term_string"}}],"inLanguage":"en-US"},{"@type":"Organization","@id":"https:\/\/www.iemj.org\/en\/#organization","name":"Institut Europ\u00e9en des Musiques Juives","url":"https:\/\/www.iemj.org\/en\/","logo":{"@type":"ImageObject","inLanguage":"en-US","@id":"https:\/\/www.iemj.org\/en\/#\/schema\/logo\/image\/","url":"https:\/\/www.iemj.org\/wp-content\/uploads\/2021\/09\/Logo-IEMJ-Paypal.jpg","contentUrl":"https:\/\/www.iemj.org\/wp-content\/uploads\/2021\/09\/Logo-IEMJ-Paypal.jpg","width":150,"height":50,"caption":"Institut Europ\u00e9en des Musiques Juives"},"image":{"@id":"https:\/\/www.iemj.org\/en\/#\/schema\/logo\/image\/"},"sameAs":["https:\/\/www.facebook.com\/MusiquesJuives\/","https:\/\/www.instagram.com\/musiquesjuives\/","https:\/\/www.youtube.com\/user\/musiquesjuives"]},{"@type":"Person","@id":"https:\/\/www.iemj.org\/en\/#\/schema\/person\/906134402c29d5c76e7b726261dd4bbd","name":"Herv\u00e9 Roten","image":{"@type":"ImageObject","inLanguage":"en-US","@id":"https:\/\/secure.gravatar.com\/avatar\/f96ad2db538a26481f18384936b5cd0610c92d390c4dc382209216d455f685ff?s=96&d=mm&r=g","url":"https:\/\/secure.gravatar.com\/avatar\/f96ad2db538a26481f18384936b5cd0610c92d390c4dc382209216d455f685ff?s=96&d=mm&r=g","contentUrl":"https:\/\/secure.gravatar.com\/avatar\/f96ad2db538a26481f18384936b5cd0610c92d390c4dc382209216d455f685ff?s=96&d=mm&r=g","caption":"Herv\u00e9 Roten"}}]}},"_links":{"self":[{"href":"https:\/\/www.iemj.org\/en\/wp-json\/wp\/v2\/posts\/108260","targetHints":{"allow":["GET"]}}],"collection":[{"href":"https:\/\/www.iemj.org\/en\/wp-json\/wp\/v2\/posts"}],"about":[{"href":"https:\/\/www.iemj.org\/en\/wp-json\/wp\/v2\/types\/post"}],"author":[{"embeddable":true,"href":"https:\/\/www.iemj.org\/en\/wp-json\/wp\/v2\/users\/1045"}],"replies":[{"embeddable":true,"href":"https:\/\/www.iemj.org\/en\/wp-json\/wp\/v2\/comments?post=108260"}],"version-history":[{"count":0,"href":"https:\/\/www.iemj.org\/en\/wp-json\/wp\/v2\/posts\/108260\/revisions"}],"wp:featuredmedia":[{"embeddable":true,"href":"https:\/\/www.iemj.org\/en\/wp-json\/wp\/v2\/media\/4847"}],"wp:attachment":[{"href":"https:\/\/www.iemj.org\/en\/wp-json\/wp\/v2\/media?parent=108260"}],"wp:term":[{"taxonomy":"category","embeddable":true,"href":"https:\/\/www.iemj.org\/en\/wp-json\/wp\/v2\/categories?post=108260"},{"taxonomy":"post_tag","embeddable":true,"href":"https:\/\/www.iemj.org\/en\/wp-json\/wp\/v2\/tags?post=108260"},{"taxonomy":"technique","embeddable":true,"href":"https:\/\/www.iemj.org\/en\/wp-json\/wp\/v2\/technique?post=108260"},{"taxonomy":"squelettes","embeddable":true,"href":"https:\/\/www.iemj.org\/en\/wp-json\/wp\/v2\/squelettes?post=108260"},{"taxonomy":"sujet","embeddable":true,"href":"https:\/\/www.iemj.org\/en\/wp-json\/wp\/v2\/sujet?post=108260"},{"taxonomy":"formation","embeddable":true,"href":"https:\/\/www.iemj.org\/en\/wp-json\/wp\/v2\/formation?post=108260"},{"taxonomy":"genre","embeddable":true,"href":"https:\/\/www.iemj.org\/en\/wp-json\/wp\/v2\/genre?post=108260"},{"taxonomy":"fonds","embeddable":true,"href":"https:\/\/www.iemj.org\/en\/wp-json\/wp\/v2\/fonds?post=108260"},{"taxonomy":"tradition","embeddable":true,"href":"https:\/\/www.iemj.org\/en\/wp-json\/wp\/v2\/tradition?post=108260"},{"taxonomy":"type-de-contenu","embeddable":true,"href":"https:\/\/www.iemj.org\/en\/wp-json\/wp\/v2\/type-de-contenu?post=108260"},{"taxonomy":"interprete-compositeur","embeddable":true,"href":"https:\/\/www.iemj.org\/en\/wp-json\/wp\/v2\/interprete-compositeur?post=108260"},{"taxonomy":"frise","embeddable":true,"href":"https:\/\/www.iemj.org\/en\/wp-json\/wp\/v2\/frise?post=108260"},{"taxonomy":"type-devenement","embeddable":true,"href":"https:\/\/www.iemj.org\/en\/wp-json\/wp\/v2\/type-devenement?post=108260"},{"taxonomy":"tableaux-liens-externes","embeddable":true,"href":"https:\/\/www.iemj.org\/en\/wp-json\/wp\/v2\/tableaux-liens-externes?post=108260"}],"curies":[{"name":"wp","href":"https:\/\/api.w.org\/{rel}","templated":true}]}}