{"id":10832,"date":"2016-05-24T14:40:53","date_gmt":"2016-05-24T12:40:53","guid":{"rendered":"https:\/\/www.iemj.org\/2016\/05\/24\/exilio-2\/"},"modified":"2025-10-20T17:33:41","modified_gmt":"2025-10-20T15:33:41","slug":"exilio-2","status":"publish","type":"post","link":"https:\/\/www.iemj.org\/en\/exilio-2\/","title":{"rendered":"exilio"},"content":{"rendered":"<p><strong>Sephardi romances, Spanish Renaissance and original compositions<\/strong><\/p>\n<p>This CD witnesses the exile of a people, but also the exile hearts.<br \/>Longing of a country, wandering of a desperate heart, rejection of a world made of appearances&#8230; so many forms of exile that inspired this CD.<\/p>\n<p>In order to follow the marks of a diaspora favourable to cultural encounters, <a href=\"http:\/\/roza-enflorese.be\/en\/\/\" target=\"_blank\" rel=\"noopener\">La Roza Enflorese<\/a> associate with <a href=\"https:\/\/arts-scene.be\/en\/asd-artistes-biographie-Quatuor-Alfama\" target=\"_blank\" rel=\"noopener\">Quatuor Alfama<\/a> to perform a Judeo-Spanish repertoire with polyphonics from the Spanish Renaissance and original compositions by Philippe Malfeyt on Pablo Neruda\u2019s poems.<\/p>\n<p><em>La Roza Enflorese<\/em> : <img fetchpriority=\"high\" decoding=\"async\" class=\" alignright size-full wp-image-10780\" src=\"https:\/\/www.iemj.org\/wp-content\/uploads\/2016\/05\/4ecouv_cd_exilio_redim.jpg\" alt=\"4ecouv_cd_exilio_redim.jpg\" width=\"375\" height=\"361\" align=\"right\" srcset=\"https:\/\/www.iemj.org\/wp-content\/uploads\/2016\/05\/4ecouv_cd_exilio_redim.jpg 375w, https:\/\/www.iemj.org\/wp-content\/uploads\/2016\/05\/4ecouv_cd_exilio_redim-300x289.jpg 300w\" sizes=\"(max-width: 375px) 100vw, 375px\" \/><br \/>EDITH SAINT-MARD voice<br \/>BERNARD MOUTON flutes<br \/>PHILIPPE MALFEYT vihuela, oud, lauta<br \/>ANNE NIEPOLD accordion<br \/>VINCENT LIBERT percussions<\/p>\n<p><em>Quatuor Alfama<\/em> :<br \/>ELSA DE LACERDA fidl<br \/>C\u00c9LINE BODSON fidl<br \/>MORGAN HUET alto<br \/>RENAAT ACKAERT cello<\/p>\n\n\n<figure class=\"wp-block-image size-large\"><img decoding=\"async\" width=\"1024\" height=\"133\" src=\"https:\/\/www.iemj.org\/wp-content\/uploads\/2024\/03\/AUDIO-PLAYER-1024x133.png\" alt=\"\" class=\"wp-image-110607\" srcset=\"https:\/\/www.iemj.org\/wp-content\/uploads\/2024\/03\/AUDIO-PLAYER-1024x133.png 1024w, https:\/\/www.iemj.org\/wp-content\/uploads\/2024\/03\/AUDIO-PLAYER-300x39.png 300w, https:\/\/www.iemj.org\/wp-content\/uploads\/2024\/03\/AUDIO-PLAYER-768x100.png 768w, https:\/\/www.iemj.org\/wp-content\/uploads\/2024\/03\/AUDIO-PLAYER-600x78.png 600w, https:\/\/www.iemj.org\/wp-content\/uploads\/2024\/03\/AUDIO-PLAYER.png 1210w\" sizes=\"(max-width: 1024px) 100vw, 1024px\" \/><\/figure>\n\n\n\n<div class=\"wp-block-file\"><a id=\"wp-block-file--media-c849afec-ed2e-4862-858f-61468ba98700\" href=\"https:\/\/www.iemj.org\/wp-content\/uploads\/2016\/05\/01_piste_1.mp3\">Ir me queria yo por este caminico<\/a><\/div>\n\n\n\n<div class=\"wp-block-file\"><a id=\"wp-block-file--media-3d12c014-82c4-4c07-bed2-fc3117b7ab63\" href=\"https:\/\/www.iemj.org\/wp-content\/uploads\/2016\/05\/02_piste_2.mp3\">Las vidas<\/a><\/div>\n\n\n\n<div class=\"wp-block-file\"><a id=\"wp-block-file--media-5a4021d0-fff9-49a7-be68-65bf847a7993\" href=\"https:\/\/www.iemj.org\/wp-content\/uploads\/2016\/05\/03_piste_3.mp3\">Arvoles lloran por lluvia<\/a><\/div>\n\n\n\n<div class=\"wp-block-file\"><a id=\"wp-block-file--media-7400e68b-3b2b-46d5-bae6-da4bc84529f9\" href=\"https:\/\/www.iemj.org\/wp-content\/uploads\/2016\/05\/04_piste_4.mp3\">Tramontana<\/a><\/div>\n\n\n\n<div class=\"wp-block-file\"><a id=\"wp-block-file--media-24f3113b-4c3c-4832-9f45-3b0769a4f7e6\" href=\"https:\/\/www.iemj.org\/wp-content\/uploads\/2016\/05\/05_piste_5.mp3\">Mi muerte contra la vida<\/a><\/div>\n","protected":false},"excerpt":{"rendered":"<p>Sephardi romances, Spanish Renaissance and original compositions This CD witnesses the exile of a people, but also the exile hearts.Longing of a country, wandering of a desperate heart, rejection of<\/p>\n","protected":false},"author":1048,"featured_media":10830,"comment_status":"closed","ping_status":"open","sticky":false,"template":"","format":"standard","meta":{"_acf_changed":false,"footnotes":""},"categories":[1570],"tags":[],"technique":[],"squelettes":[],"sujet":[],"formation":[],"genre":[],"fonds":[],"tradition":[],"type-de-contenu":[],"interprete-compositeur":[],"frise":[],"type-devenement":[],"tableaux-liens-externes":[],"class_list":["post-10832","post","type-post","status-publish","format-standard","has-post-thumbnail","hentry","category-cd-latest-acquisition-en"],"acf":[],"yoast_head":"<!-- This site is optimized with the Yoast SEO plugin v27.3 - https:\/\/yoast.com\/product\/yoast-seo-wordpress\/ -->\n<title>exilio - Institut Europ\u00e9en des Musiques Juives<\/title>\n<meta name=\"robots\" content=\"index, follow, max-snippet:-1, max-image-preview:large, max-video-preview:-1\" \/>\n<link rel=\"canonical\" href=\"https:\/\/www.iemj.org\/en\/exilio-2\/\" \/>\n<meta property=\"og:locale\" content=\"en_US\" \/>\n<meta property=\"og:type\" content=\"article\" \/>\n<meta property=\"og:title\" content=\"exilio - Institut Europ\u00e9en des Musiques Juives\" \/>\n<meta property=\"og:description\" content=\"Sephardi romances, Spanish Renaissance and original compositions This CD witnesses the exile of a people, but also the exile hearts.Longing of a country, wandering of a desperate heart, rejection of\" \/>\n<meta property=\"og:url\" content=\"https:\/\/www.iemj.org\/en\/exilio-2\/\" \/>\n<meta property=\"og:site_name\" content=\"Institut Europ\u00e9en des Musiques Juives\" \/>\n<meta property=\"article:publisher\" content=\"https:\/\/www.facebook.com\/MusiquesJuives\/\" \/>\n<meta property=\"article:published_time\" content=\"2016-05-24T12:40:53+00:00\" \/>\n<meta property=\"article:modified_time\" content=\"2025-10-20T15:33:41+00:00\" \/>\n<meta property=\"og:image\" content=\"https:\/\/www.iemj.org\/wp-content\/uploads\/2016\/05\/arton1722.jpg\" \/>\n\t<meta property=\"og:image:width\" content=\"210\" \/>\n\t<meta property=\"og:image:height\" content=\"210\" \/>\n\t<meta property=\"og:image:type\" content=\"image\/jpeg\" \/>\n<meta name=\"author\" content=\"Jean-Gabriel Davis\" \/>\n<meta name=\"twitter:card\" content=\"summary_large_image\" \/>\n<meta name=\"twitter:label1\" content=\"Written by\" \/>\n\t<meta name=\"twitter:data1\" content=\"Jean-Gabriel Davis\" \/>\n\t<meta name=\"twitter:label2\" content=\"Est. reading time\" \/>\n\t<meta name=\"twitter:data2\" content=\"2 minutes\" \/>\n<script type=\"application\/ld+json\" class=\"yoast-schema-graph\">{\"@context\":\"https:\\\/\\\/schema.org\",\"@graph\":[{\"@type\":\"Article\",\"@id\":\"https:\\\/\\\/www.iemj.org\\\/en\\\/exilio-2\\\/#article\",\"isPartOf\":{\"@id\":\"https:\\\/\\\/www.iemj.org\\\/en\\\/exilio-2\\\/\"},\"author\":{\"name\":\"Jean-Gabriel Davis\",\"@id\":\"https:\\\/\\\/www.iemj.org\\\/en\\\/#\\\/schema\\\/person\\\/c9bc1c386a3749579a2d675e72a18666\"},\"headline\":\"exilio\",\"datePublished\":\"2016-05-24T12:40:53+00:00\",\"dateModified\":\"2025-10-20T15:33:41+00:00\",\"mainEntityOfPage\":{\"@id\":\"https:\\\/\\\/www.iemj.org\\\/en\\\/exilio-2\\\/\"},\"wordCount\":136,\"publisher\":{\"@id\":\"https:\\\/\\\/www.iemj.org\\\/en\\\/#organization\"},\"image\":{\"@id\":\"https:\\\/\\\/www.iemj.org\\\/en\\\/exilio-2\\\/#primaryimage\"},\"thumbnailUrl\":\"https:\\\/\\\/www.iemj.org\\\/wp-content\\\/uploads\\\/2016\\\/05\\\/arton1722.jpg\",\"articleSection\":[\"CD\"],\"inLanguage\":\"en-US\"},{\"@type\":\"WebPage\",\"@id\":\"https:\\\/\\\/www.iemj.org\\\/en\\\/exilio-2\\\/\",\"url\":\"https:\\\/\\\/www.iemj.org\\\/en\\\/exilio-2\\\/\",\"name\":\"exilio - Institut Europ\u00e9en des Musiques Juives\",\"isPartOf\":{\"@id\":\"https:\\\/\\\/www.iemj.org\\\/en\\\/#website\"},\"primaryImageOfPage\":{\"@id\":\"https:\\\/\\\/www.iemj.org\\\/en\\\/exilio-2\\\/#primaryimage\"},\"image\":{\"@id\":\"https:\\\/\\\/www.iemj.org\\\/en\\\/exilio-2\\\/#primaryimage\"},\"thumbnailUrl\":\"https:\\\/\\\/www.iemj.org\\\/wp-content\\\/uploads\\\/2016\\\/05\\\/arton1722.jpg\",\"datePublished\":\"2016-05-24T12:40:53+00:00\",\"dateModified\":\"2025-10-20T15:33:41+00:00\",\"breadcrumb\":{\"@id\":\"https:\\\/\\\/www.iemj.org\\\/en\\\/exilio-2\\\/#breadcrumb\"},\"inLanguage\":\"en-US\",\"potentialAction\":[{\"@type\":\"ReadAction\",\"target\":[\"https:\\\/\\\/www.iemj.org\\\/en\\\/exilio-2\\\/\"]}]},{\"@type\":\"ImageObject\",\"inLanguage\":\"en-US\",\"@id\":\"https:\\\/\\\/www.iemj.org\\\/en\\\/exilio-2\\\/#primaryimage\",\"url\":\"https:\\\/\\\/www.iemj.org\\\/wp-content\\\/uploads\\\/2016\\\/05\\\/arton1722.jpg\",\"contentUrl\":\"https:\\\/\\\/www.iemj.org\\\/wp-content\\\/uploads\\\/2016\\\/05\\\/arton1722.jpg\",\"width\":210,\"height\":210},{\"@type\":\"BreadcrumbList\",\"@id\":\"https:\\\/\\\/www.iemj.org\\\/en\\\/exilio-2\\\/#breadcrumb\",\"itemListElement\":[{\"@type\":\"ListItem\",\"position\":1,\"name\":\"Accueil\",\"item\":\"https:\\\/\\\/www.iemj.org\\\/en\\\/\"},{\"@type\":\"ListItem\",\"position\":2,\"name\":\"exilio\"}]},{\"@type\":\"WebSite\",\"@id\":\"https:\\\/\\\/www.iemj.org\\\/en\\\/#website\",\"url\":\"https:\\\/\\\/www.iemj.org\\\/en\\\/\",\"name\":\"Institut Europ\u00e9en des Musiques Juives\",\"description\":\"Des traditions musicales \u00e0 la port\u00e9e de tous\",\"publisher\":{\"@id\":\"https:\\\/\\\/www.iemj.org\\\/en\\\/#organization\"},\"potentialAction\":[{\"@type\":\"SearchAction\",\"target\":{\"@type\":\"EntryPoint\",\"urlTemplate\":\"https:\\\/\\\/www.iemj.org\\\/en\\\/?s={search_term_string}\"},\"query-input\":{\"@type\":\"PropertyValueSpecification\",\"valueRequired\":true,\"valueName\":\"search_term_string\"}}],\"inLanguage\":\"en-US\"},{\"@type\":\"Organization\",\"@id\":\"https:\\\/\\\/www.iemj.org\\\/en\\\/#organization\",\"name\":\"Institut Europ\u00e9en des Musiques Juives\",\"url\":\"https:\\\/\\\/www.iemj.org\\\/en\\\/\",\"logo\":{\"@type\":\"ImageObject\",\"inLanguage\":\"en-US\",\"@id\":\"https:\\\/\\\/www.iemj.org\\\/en\\\/#\\\/schema\\\/logo\\\/image\\\/\",\"url\":\"https:\\\/\\\/www.iemj.org\\\/wp-content\\\/uploads\\\/2021\\\/09\\\/Logo-IEMJ-Paypal.jpg\",\"contentUrl\":\"https:\\\/\\\/www.iemj.org\\\/wp-content\\\/uploads\\\/2021\\\/09\\\/Logo-IEMJ-Paypal.jpg\",\"width\":150,\"height\":50,\"caption\":\"Institut Europ\u00e9en des Musiques Juives\"},\"image\":{\"@id\":\"https:\\\/\\\/www.iemj.org\\\/en\\\/#\\\/schema\\\/logo\\\/image\\\/\"},\"sameAs\":[\"https:\\\/\\\/www.facebook.com\\\/MusiquesJuives\\\/\",\"https:\\\/\\\/www.instagram.com\\\/musiquesjuives\\\/\",\"https:\\\/\\\/www.youtube.com\\\/user\\\/musiquesjuives\"]},{\"@type\":\"Person\",\"@id\":\"https:\\\/\\\/www.iemj.org\\\/en\\\/#\\\/schema\\\/person\\\/c9bc1c386a3749579a2d675e72a18666\",\"name\":\"Jean-Gabriel Davis\",\"image\":{\"@type\":\"ImageObject\",\"inLanguage\":\"en-US\",\"@id\":\"https:\\\/\\\/secure.gravatar.com\\\/avatar\\\/2b90d67bdf392c9b3a21fab87c0fa7edaf1fb3a058172a1ffd61033fcec7aec1?s=96&d=mm&r=g\",\"url\":\"https:\\\/\\\/secure.gravatar.com\\\/avatar\\\/2b90d67bdf392c9b3a21fab87c0fa7edaf1fb3a058172a1ffd61033fcec7aec1?s=96&d=mm&r=g\",\"contentUrl\":\"https:\\\/\\\/secure.gravatar.com\\\/avatar\\\/2b90d67bdf392c9b3a21fab87c0fa7edaf1fb3a058172a1ffd61033fcec7aec1?s=96&d=mm&r=g\",\"caption\":\"Jean-Gabriel Davis\"}}]}<\/script>\n<!-- \/ Yoast SEO plugin. -->","yoast_head_json":{"title":"exilio - Institut Europ\u00e9en des Musiques Juives","robots":{"index":"index","follow":"follow","max-snippet":"max-snippet:-1","max-image-preview":"max-image-preview:large","max-video-preview":"max-video-preview:-1"},"canonical":"https:\/\/www.iemj.org\/en\/exilio-2\/","og_locale":"en_US","og_type":"article","og_title":"exilio - Institut Europ\u00e9en des Musiques Juives","og_description":"Sephardi romances, Spanish Renaissance and original compositions This CD witnesses the exile of a people, but also the exile hearts.Longing of a country, wandering of a desperate heart, rejection of","og_url":"https:\/\/www.iemj.org\/en\/exilio-2\/","og_site_name":"Institut Europ\u00e9en des Musiques Juives","article_publisher":"https:\/\/www.facebook.com\/MusiquesJuives\/","article_published_time":"2016-05-24T12:40:53+00:00","article_modified_time":"2025-10-20T15:33:41+00:00","og_image":[{"width":210,"height":210,"url":"https:\/\/www.iemj.org\/wp-content\/uploads\/2016\/05\/arton1722.jpg","type":"image\/jpeg"}],"author":"Jean-Gabriel Davis","twitter_card":"summary_large_image","twitter_misc":{"Written by":"Jean-Gabriel Davis","Est. reading time":"2 minutes"},"schema":{"@context":"https:\/\/schema.org","@graph":[{"@type":"Article","@id":"https:\/\/www.iemj.org\/en\/exilio-2\/#article","isPartOf":{"@id":"https:\/\/www.iemj.org\/en\/exilio-2\/"},"author":{"name":"Jean-Gabriel Davis","@id":"https:\/\/www.iemj.org\/en\/#\/schema\/person\/c9bc1c386a3749579a2d675e72a18666"},"headline":"exilio","datePublished":"2016-05-24T12:40:53+00:00","dateModified":"2025-10-20T15:33:41+00:00","mainEntityOfPage":{"@id":"https:\/\/www.iemj.org\/en\/exilio-2\/"},"wordCount":136,"publisher":{"@id":"https:\/\/www.iemj.org\/en\/#organization"},"image":{"@id":"https:\/\/www.iemj.org\/en\/exilio-2\/#primaryimage"},"thumbnailUrl":"https:\/\/www.iemj.org\/wp-content\/uploads\/2016\/05\/arton1722.jpg","articleSection":["CD"],"inLanguage":"en-US"},{"@type":"WebPage","@id":"https:\/\/www.iemj.org\/en\/exilio-2\/","url":"https:\/\/www.iemj.org\/en\/exilio-2\/","name":"exilio - Institut Europ\u00e9en des Musiques Juives","isPartOf":{"@id":"https:\/\/www.iemj.org\/en\/#website"},"primaryImageOfPage":{"@id":"https:\/\/www.iemj.org\/en\/exilio-2\/#primaryimage"},"image":{"@id":"https:\/\/www.iemj.org\/en\/exilio-2\/#primaryimage"},"thumbnailUrl":"https:\/\/www.iemj.org\/wp-content\/uploads\/2016\/05\/arton1722.jpg","datePublished":"2016-05-24T12:40:53+00:00","dateModified":"2025-10-20T15:33:41+00:00","breadcrumb":{"@id":"https:\/\/www.iemj.org\/en\/exilio-2\/#breadcrumb"},"inLanguage":"en-US","potentialAction":[{"@type":"ReadAction","target":["https:\/\/www.iemj.org\/en\/exilio-2\/"]}]},{"@type":"ImageObject","inLanguage":"en-US","@id":"https:\/\/www.iemj.org\/en\/exilio-2\/#primaryimage","url":"https:\/\/www.iemj.org\/wp-content\/uploads\/2016\/05\/arton1722.jpg","contentUrl":"https:\/\/www.iemj.org\/wp-content\/uploads\/2016\/05\/arton1722.jpg","width":210,"height":210},{"@type":"BreadcrumbList","@id":"https:\/\/www.iemj.org\/en\/exilio-2\/#breadcrumb","itemListElement":[{"@type":"ListItem","position":1,"name":"Accueil","item":"https:\/\/www.iemj.org\/en\/"},{"@type":"ListItem","position":2,"name":"exilio"}]},{"@type":"WebSite","@id":"https:\/\/www.iemj.org\/en\/#website","url":"https:\/\/www.iemj.org\/en\/","name":"Institut Europ\u00e9en des Musiques Juives","description":"Des traditions musicales \u00e0 la port\u00e9e de tous","publisher":{"@id":"https:\/\/www.iemj.org\/en\/#organization"},"potentialAction":[{"@type":"SearchAction","target":{"@type":"EntryPoint","urlTemplate":"https:\/\/www.iemj.org\/en\/?s={search_term_string}"},"query-input":{"@type":"PropertyValueSpecification","valueRequired":true,"valueName":"search_term_string"}}],"inLanguage":"en-US"},{"@type":"Organization","@id":"https:\/\/www.iemj.org\/en\/#organization","name":"Institut Europ\u00e9en des Musiques Juives","url":"https:\/\/www.iemj.org\/en\/","logo":{"@type":"ImageObject","inLanguage":"en-US","@id":"https:\/\/www.iemj.org\/en\/#\/schema\/logo\/image\/","url":"https:\/\/www.iemj.org\/wp-content\/uploads\/2021\/09\/Logo-IEMJ-Paypal.jpg","contentUrl":"https:\/\/www.iemj.org\/wp-content\/uploads\/2021\/09\/Logo-IEMJ-Paypal.jpg","width":150,"height":50,"caption":"Institut Europ\u00e9en des Musiques Juives"},"image":{"@id":"https:\/\/www.iemj.org\/en\/#\/schema\/logo\/image\/"},"sameAs":["https:\/\/www.facebook.com\/MusiquesJuives\/","https:\/\/www.instagram.com\/musiquesjuives\/","https:\/\/www.youtube.com\/user\/musiquesjuives"]},{"@type":"Person","@id":"https:\/\/www.iemj.org\/en\/#\/schema\/person\/c9bc1c386a3749579a2d675e72a18666","name":"Jean-Gabriel Davis","image":{"@type":"ImageObject","inLanguage":"en-US","@id":"https:\/\/secure.gravatar.com\/avatar\/2b90d67bdf392c9b3a21fab87c0fa7edaf1fb3a058172a1ffd61033fcec7aec1?s=96&d=mm&r=g","url":"https:\/\/secure.gravatar.com\/avatar\/2b90d67bdf392c9b3a21fab87c0fa7edaf1fb3a058172a1ffd61033fcec7aec1?s=96&d=mm&r=g","contentUrl":"https:\/\/secure.gravatar.com\/avatar\/2b90d67bdf392c9b3a21fab87c0fa7edaf1fb3a058172a1ffd61033fcec7aec1?s=96&d=mm&r=g","caption":"Jean-Gabriel Davis"}}]}},"_links":{"self":[{"href":"https:\/\/www.iemj.org\/en\/wp-json\/wp\/v2\/posts\/10832","targetHints":{"allow":["GET"]}}],"collection":[{"href":"https:\/\/www.iemj.org\/en\/wp-json\/wp\/v2\/posts"}],"about":[{"href":"https:\/\/www.iemj.org\/en\/wp-json\/wp\/v2\/types\/post"}],"author":[{"embeddable":true,"href":"https:\/\/www.iemj.org\/en\/wp-json\/wp\/v2\/users\/1048"}],"replies":[{"embeddable":true,"href":"https:\/\/www.iemj.org\/en\/wp-json\/wp\/v2\/comments?post=10832"}],"version-history":[{"count":1,"href":"https:\/\/www.iemj.org\/en\/wp-json\/wp\/v2\/posts\/10832\/revisions"}],"predecessor-version":[{"id":127497,"href":"https:\/\/www.iemj.org\/en\/wp-json\/wp\/v2\/posts\/10832\/revisions\/127497"}],"wp:featuredmedia":[{"embeddable":true,"href":"https:\/\/www.iemj.org\/en\/wp-json\/wp\/v2\/media\/10830"}],"wp:attachment":[{"href":"https:\/\/www.iemj.org\/en\/wp-json\/wp\/v2\/media?parent=10832"}],"wp:term":[{"taxonomy":"category","embeddable":true,"href":"https:\/\/www.iemj.org\/en\/wp-json\/wp\/v2\/categories?post=10832"},{"taxonomy":"post_tag","embeddable":true,"href":"https:\/\/www.iemj.org\/en\/wp-json\/wp\/v2\/tags?post=10832"},{"taxonomy":"technique","embeddable":true,"href":"https:\/\/www.iemj.org\/en\/wp-json\/wp\/v2\/technique?post=10832"},{"taxonomy":"squelettes","embeddable":true,"href":"https:\/\/www.iemj.org\/en\/wp-json\/wp\/v2\/squelettes?post=10832"},{"taxonomy":"sujet","embeddable":true,"href":"https:\/\/www.iemj.org\/en\/wp-json\/wp\/v2\/sujet?post=10832"},{"taxonomy":"formation","embeddable":true,"href":"https:\/\/www.iemj.org\/en\/wp-json\/wp\/v2\/formation?post=10832"},{"taxonomy":"genre","embeddable":true,"href":"https:\/\/www.iemj.org\/en\/wp-json\/wp\/v2\/genre?post=10832"},{"taxonomy":"fonds","embeddable":true,"href":"https:\/\/www.iemj.org\/en\/wp-json\/wp\/v2\/fonds?post=10832"},{"taxonomy":"tradition","embeddable":true,"href":"https:\/\/www.iemj.org\/en\/wp-json\/wp\/v2\/tradition?post=10832"},{"taxonomy":"type-de-contenu","embeddable":true,"href":"https:\/\/www.iemj.org\/en\/wp-json\/wp\/v2\/type-de-contenu?post=10832"},{"taxonomy":"interprete-compositeur","embeddable":true,"href":"https:\/\/www.iemj.org\/en\/wp-json\/wp\/v2\/interprete-compositeur?post=10832"},{"taxonomy":"frise","embeddable":true,"href":"https:\/\/www.iemj.org\/en\/wp-json\/wp\/v2\/frise?post=10832"},{"taxonomy":"type-devenement","embeddable":true,"href":"https:\/\/www.iemj.org\/en\/wp-json\/wp\/v2\/type-devenement?post=10832"},{"taxonomy":"tableaux-liens-externes","embeddable":true,"href":"https:\/\/www.iemj.org\/en\/wp-json\/wp\/v2\/tableaux-liens-externes?post=10832"}],"curies":[{"name":"wp","href":"https:\/\/api.w.org\/{rel}","templated":true}]}}