{"id":108364,"date":"2011-11-11T19:55:00","date_gmt":"2011-11-11T18:55:00","guid":{"rendered":"https:\/\/www.iemj.org\/concert-kaddish\/"},"modified":"2024-01-29T15:55:02","modified_gmt":"2024-01-29T14:55:02","slug":"concert-kaddish","status":"publish","type":"post","link":"https:\/\/www.iemj.org\/en\/concert-kaddish\/","title":{"rendered":"Kaddish Concert"},"content":{"rendered":"<p><strong>SUNDAY NOVEMBER 27, 2011, 6:00 PM<\/strong><\/p>\n<p><strong>WEDNESDAY NOVEMBER 30, 2011, 8:30pm<\/strong><\/p>\n<p><strong>Union Lib\u00e9rale Isra\u00e9lite de France &#8211; 24 rue Copernic &#8211; 75116 Paris<\/strong><\/p>\n<p><!--more--><\/p>\n<p>The Centre Fran\u00e7ais des Musiques Juives and the 4 liberal Jewish communities of Paris (ULIF, MJLF, CJL, KG) invite you to a special &#8220;Kaddish&#8221; concert.<\/p>\n<p>More than 15 musical versions of this fundamental prayer of Jewish liturgy will be performed: joyful Kaddish, Hasidic Kaddish, majestic Kaddish&#8230; Kaddish music is never &#8220;sad&#8221;!<\/p>\n<p>The program:<\/p>\n<ul>\n<li>Kaddish from the European liturgical tradition: Jules Franck, Emile Jonas, Salamone Rossi, Ita\u00ef Daniel<\/li>\n<\/ul>\n<ul>\n<li>Kaddish by 20th-century North American composers and cantors: Morris Barsh, Meir Finkelstein, Max Helfman, Sid Robinovitch, Sholom Secunda, Ralph Schlossberg, Leibele Waldman, Lazar Weiner<\/li>\n<\/ul>\n<ul>\n<li>Kaddish composed for the concert: Works by Maurice Ravel, Graciane Finzi, Olivier Greif<br \/>\nand two world premiere works:<\/li>\n<li>&#8220;Paris Kaddish 2011&#8221; by Charles Z. Bornstein, for choir, organ, piano, harp, string quintet and 4 solo singers<\/li>\n<li>Kaddish by Jean-Fran\u00e7ois Zygel, for cello and piano<\/li>\n<\/ul>\n<p>This concert will be preceded by an introduction by Rabbi Stephen Berkowitz (MJLF), who will present the Kaddish prayer in its historical, liturgical and musical dimensions.<\/p>\n<p>Ticket price: \u20ac25<\/p>\n<p>CFMJ, ULIF, MJLF, CJL, KG members, Aleph card (MAHJ), students: \u20ac20 (membership card to be shown at concert entrance)<\/p>\n<p>NEW! Online ticketing:<span style=\"font-size: revert; background-color: var(--bs-body-bg); color: var(--bs-body-color); font-family: var(--bs-body-font-family); font-weight: var(--bs-body-font-weight); text-align: var(--bs-body-text-align);\">\u00a0<\/span><a style=\"font-size: revert; background-color: var(--bs-body-bg); font-family: var(--bs-body-font-family); font-weight: var(--bs-body-font-weight); text-align: var(--bs-body-text-align);\" href=\"http:\/\/www.ulif.org\">www.ulif.org<\/a> or by phone : 01 47 04 37 27<\/p>\n","protected":false},"excerpt":{"rendered":"<p>SUNDAY NOVEMBER 27, 2011, 6:00 PM WEDNESDAY NOVEMBER 30, 2011, 8:30pm Union Lib\u00e9rale Isra\u00e9lite de France &#8211; 24 rue Copernic &#8211; 75116 Paris<\/p>\n","protected":false},"author":1045,"featured_media":4115,"comment_status":"closed","ping_status":"open","sticky":false,"template":"","format":"standard","meta":{"_acf_changed":false,"footnotes":""},"categories":[1377,1369],"tags":[3416],"technique":[],"squelettes":[],"sujet":[],"formation":[],"genre":[],"fonds":[],"tradition":[],"type-de-contenu":[],"interprete-compositeur":[],"frise":[],"type-devenement":[],"tableaux-liens-externes":[],"class_list":["post-108364","post","type-post","status-publish","format-standard","has-post-thumbnail","hentry","category-concerts-events-en","category-events-en","tag-partners-events-en"],"acf":[],"yoast_head":"<!-- This site is optimized with the Yoast SEO plugin v27.3 - https:\/\/yoast.com\/product\/yoast-seo-wordpress\/ -->\n<title>Kaddish Concert - Institut Europ\u00e9en des Musiques Juives<\/title>\n<meta name=\"robots\" content=\"index, follow, max-snippet:-1, max-image-preview:large, max-video-preview:-1\" \/>\n<link rel=\"canonical\" href=\"https:\/\/www.iemj.org\/en\/concert-kaddish\/\" \/>\n<meta property=\"og:locale\" content=\"en_US\" \/>\n<meta property=\"og:type\" content=\"article\" \/>\n<meta property=\"og:title\" content=\"Kaddish Concert - Institut Europ\u00e9en des Musiques Juives\" \/>\n<meta property=\"og:description\" content=\"SUNDAY NOVEMBER 27, 2011, 6:00 PM WEDNESDAY NOVEMBER 30, 2011, 8:30pm Union Lib\u00e9rale Isra\u00e9lite de France &#8211; 24 rue Copernic &#8211; 75116 Paris\" \/>\n<meta property=\"og:url\" content=\"https:\/\/www.iemj.org\/en\/concert-kaddish\/\" \/>\n<meta property=\"og:site_name\" content=\"Institut Europ\u00e9en des Musiques Juives\" \/>\n<meta property=\"article:publisher\" content=\"https:\/\/www.facebook.com\/MusiquesJuives\/\" \/>\n<meta property=\"article:published_time\" content=\"2011-11-11T18:55:00+00:00\" \/>\n<meta property=\"article:modified_time\" content=\"2024-01-29T14:55:02+00:00\" \/>\n<meta property=\"og:image\" content=\"https:\/\/www.iemj.org\/wp-content\/uploads\/2011\/11\/arton336-e1620119243988.jpg\" \/>\n\t<meta property=\"og:image:width\" content=\"767\" \/>\n\t<meta property=\"og:image:height\" content=\"614\" \/>\n\t<meta property=\"og:image:type\" content=\"image\/jpeg\" \/>\n<meta name=\"author\" content=\"Herv\u00e9 Roten\" \/>\n<meta name=\"twitter:card\" content=\"summary_large_image\" \/>\n<meta name=\"twitter:label1\" content=\"Written by\" \/>\n\t<meta name=\"twitter:data1\" content=\"Herv\u00e9 Roten\" \/>\n\t<meta name=\"twitter:label2\" content=\"Est. reading time\" \/>\n\t<meta name=\"twitter:data2\" content=\"2 minutes\" \/>\n<script type=\"application\/ld+json\" class=\"yoast-schema-graph\">{\"@context\":\"https:\\\/\\\/schema.org\",\"@graph\":[{\"@type\":\"Article\",\"@id\":\"https:\\\/\\\/www.iemj.org\\\/en\\\/concert-kaddish\\\/#article\",\"isPartOf\":{\"@id\":\"https:\\\/\\\/www.iemj.org\\\/en\\\/concert-kaddish\\\/\"},\"author\":{\"name\":\"Herv\u00e9 Roten\",\"@id\":\"https:\\\/\\\/www.iemj.org\\\/en\\\/#\\\/schema\\\/person\\\/906134402c29d5c76e7b726261dd4bbd\"},\"headline\":\"Kaddish Concert\",\"datePublished\":\"2011-11-11T18:55:00+00:00\",\"dateModified\":\"2024-01-29T14:55:02+00:00\",\"mainEntityOfPage\":{\"@id\":\"https:\\\/\\\/www.iemj.org\\\/en\\\/concert-kaddish\\\/\"},\"wordCount\":208,\"publisher\":{\"@id\":\"https:\\\/\\\/www.iemj.org\\\/en\\\/#organization\"},\"image\":{\"@id\":\"https:\\\/\\\/www.iemj.org\\\/en\\\/concert-kaddish\\\/#primaryimage\"},\"thumbnailUrl\":\"https:\\\/\\\/www.iemj.org\\\/wp-content\\\/uploads\\\/2011\\\/11\\\/arton336-e1620119243988.jpg\",\"keywords\":[\"Partners' events\"],\"articleSection\":[\"Concerts\",\"Events\"],\"inLanguage\":\"en-US\"},{\"@type\":\"WebPage\",\"@id\":\"https:\\\/\\\/www.iemj.org\\\/en\\\/concert-kaddish\\\/\",\"url\":\"https:\\\/\\\/www.iemj.org\\\/en\\\/concert-kaddish\\\/\",\"name\":\"Kaddish Concert - Institut Europ\u00e9en des Musiques Juives\",\"isPartOf\":{\"@id\":\"https:\\\/\\\/www.iemj.org\\\/en\\\/#website\"},\"primaryImageOfPage\":{\"@id\":\"https:\\\/\\\/www.iemj.org\\\/en\\\/concert-kaddish\\\/#primaryimage\"},\"image\":{\"@id\":\"https:\\\/\\\/www.iemj.org\\\/en\\\/concert-kaddish\\\/#primaryimage\"},\"thumbnailUrl\":\"https:\\\/\\\/www.iemj.org\\\/wp-content\\\/uploads\\\/2011\\\/11\\\/arton336-e1620119243988.jpg\",\"datePublished\":\"2011-11-11T18:55:00+00:00\",\"dateModified\":\"2024-01-29T14:55:02+00:00\",\"breadcrumb\":{\"@id\":\"https:\\\/\\\/www.iemj.org\\\/en\\\/concert-kaddish\\\/#breadcrumb\"},\"inLanguage\":\"en-US\",\"potentialAction\":[{\"@type\":\"ReadAction\",\"target\":[\"https:\\\/\\\/www.iemj.org\\\/en\\\/concert-kaddish\\\/\"]}]},{\"@type\":\"ImageObject\",\"inLanguage\":\"en-US\",\"@id\":\"https:\\\/\\\/www.iemj.org\\\/en\\\/concert-kaddish\\\/#primaryimage\",\"url\":\"https:\\\/\\\/www.iemj.org\\\/wp-content\\\/uploads\\\/2011\\\/11\\\/arton336-e1620119243988.jpg\",\"contentUrl\":\"https:\\\/\\\/www.iemj.org\\\/wp-content\\\/uploads\\\/2011\\\/11\\\/arton336-e1620119243988.jpg\",\"width\":767,\"height\":614},{\"@type\":\"BreadcrumbList\",\"@id\":\"https:\\\/\\\/www.iemj.org\\\/en\\\/concert-kaddish\\\/#breadcrumb\",\"itemListElement\":[{\"@type\":\"ListItem\",\"position\":1,\"name\":\"Accueil\",\"item\":\"https:\\\/\\\/www.iemj.org\\\/en\\\/\"},{\"@type\":\"ListItem\",\"position\":2,\"name\":\"Kaddish Concert\"}]},{\"@type\":\"WebSite\",\"@id\":\"https:\\\/\\\/www.iemj.org\\\/en\\\/#website\",\"url\":\"https:\\\/\\\/www.iemj.org\\\/en\\\/\",\"name\":\"Institut Europ\u00e9en des Musiques Juives\",\"description\":\"Des traditions musicales \u00e0 la port\u00e9e de tous\",\"publisher\":{\"@id\":\"https:\\\/\\\/www.iemj.org\\\/en\\\/#organization\"},\"potentialAction\":[{\"@type\":\"SearchAction\",\"target\":{\"@type\":\"EntryPoint\",\"urlTemplate\":\"https:\\\/\\\/www.iemj.org\\\/en\\\/?s={search_term_string}\"},\"query-input\":{\"@type\":\"PropertyValueSpecification\",\"valueRequired\":true,\"valueName\":\"search_term_string\"}}],\"inLanguage\":\"en-US\"},{\"@type\":\"Organization\",\"@id\":\"https:\\\/\\\/www.iemj.org\\\/en\\\/#organization\",\"name\":\"Institut Europ\u00e9en des Musiques Juives\",\"url\":\"https:\\\/\\\/www.iemj.org\\\/en\\\/\",\"logo\":{\"@type\":\"ImageObject\",\"inLanguage\":\"en-US\",\"@id\":\"https:\\\/\\\/www.iemj.org\\\/en\\\/#\\\/schema\\\/logo\\\/image\\\/\",\"url\":\"https:\\\/\\\/www.iemj.org\\\/wp-content\\\/uploads\\\/2021\\\/09\\\/Logo-IEMJ-Paypal.jpg\",\"contentUrl\":\"https:\\\/\\\/www.iemj.org\\\/wp-content\\\/uploads\\\/2021\\\/09\\\/Logo-IEMJ-Paypal.jpg\",\"width\":150,\"height\":50,\"caption\":\"Institut Europ\u00e9en des Musiques Juives\"},\"image\":{\"@id\":\"https:\\\/\\\/www.iemj.org\\\/en\\\/#\\\/schema\\\/logo\\\/image\\\/\"},\"sameAs\":[\"https:\\\/\\\/www.facebook.com\\\/MusiquesJuives\\\/\",\"https:\\\/\\\/www.instagram.com\\\/musiquesjuives\\\/\",\"https:\\\/\\\/www.youtube.com\\\/user\\\/musiquesjuives\"]},{\"@type\":\"Person\",\"@id\":\"https:\\\/\\\/www.iemj.org\\\/en\\\/#\\\/schema\\\/person\\\/906134402c29d5c76e7b726261dd4bbd\",\"name\":\"Herv\u00e9 Roten\",\"image\":{\"@type\":\"ImageObject\",\"inLanguage\":\"en-US\",\"@id\":\"https:\\\/\\\/secure.gravatar.com\\\/avatar\\\/f96ad2db538a26481f18384936b5cd0610c92d390c4dc382209216d455f685ff?s=96&d=mm&r=g\",\"url\":\"https:\\\/\\\/secure.gravatar.com\\\/avatar\\\/f96ad2db538a26481f18384936b5cd0610c92d390c4dc382209216d455f685ff?s=96&d=mm&r=g\",\"contentUrl\":\"https:\\\/\\\/secure.gravatar.com\\\/avatar\\\/f96ad2db538a26481f18384936b5cd0610c92d390c4dc382209216d455f685ff?s=96&d=mm&r=g\",\"caption\":\"Herv\u00e9 Roten\"}}]}<\/script>\n<!-- \/ Yoast SEO plugin. -->","yoast_head_json":{"title":"Kaddish Concert - Institut Europ\u00e9en des Musiques Juives","robots":{"index":"index","follow":"follow","max-snippet":"max-snippet:-1","max-image-preview":"max-image-preview:large","max-video-preview":"max-video-preview:-1"},"canonical":"https:\/\/www.iemj.org\/en\/concert-kaddish\/","og_locale":"en_US","og_type":"article","og_title":"Kaddish Concert - Institut Europ\u00e9en des Musiques Juives","og_description":"SUNDAY NOVEMBER 27, 2011, 6:00 PM WEDNESDAY NOVEMBER 30, 2011, 8:30pm Union Lib\u00e9rale Isra\u00e9lite de France &#8211; 24 rue Copernic &#8211; 75116 Paris","og_url":"https:\/\/www.iemj.org\/en\/concert-kaddish\/","og_site_name":"Institut Europ\u00e9en des Musiques Juives","article_publisher":"https:\/\/www.facebook.com\/MusiquesJuives\/","article_published_time":"2011-11-11T18:55:00+00:00","article_modified_time":"2024-01-29T14:55:02+00:00","og_image":[{"width":767,"height":614,"url":"https:\/\/www.iemj.org\/wp-content\/uploads\/2011\/11\/arton336-e1620119243988.jpg","type":"image\/jpeg"}],"author":"Herv\u00e9 Roten","twitter_card":"summary_large_image","twitter_misc":{"Written by":"Herv\u00e9 Roten","Est. reading time":"2 minutes"},"schema":{"@context":"https:\/\/schema.org","@graph":[{"@type":"Article","@id":"https:\/\/www.iemj.org\/en\/concert-kaddish\/#article","isPartOf":{"@id":"https:\/\/www.iemj.org\/en\/concert-kaddish\/"},"author":{"name":"Herv\u00e9 Roten","@id":"https:\/\/www.iemj.org\/en\/#\/schema\/person\/906134402c29d5c76e7b726261dd4bbd"},"headline":"Kaddish Concert","datePublished":"2011-11-11T18:55:00+00:00","dateModified":"2024-01-29T14:55:02+00:00","mainEntityOfPage":{"@id":"https:\/\/www.iemj.org\/en\/concert-kaddish\/"},"wordCount":208,"publisher":{"@id":"https:\/\/www.iemj.org\/en\/#organization"},"image":{"@id":"https:\/\/www.iemj.org\/en\/concert-kaddish\/#primaryimage"},"thumbnailUrl":"https:\/\/www.iemj.org\/wp-content\/uploads\/2011\/11\/arton336-e1620119243988.jpg","keywords":["Partners' events"],"articleSection":["Concerts","Events"],"inLanguage":"en-US"},{"@type":"WebPage","@id":"https:\/\/www.iemj.org\/en\/concert-kaddish\/","url":"https:\/\/www.iemj.org\/en\/concert-kaddish\/","name":"Kaddish Concert - Institut Europ\u00e9en des Musiques Juives","isPartOf":{"@id":"https:\/\/www.iemj.org\/en\/#website"},"primaryImageOfPage":{"@id":"https:\/\/www.iemj.org\/en\/concert-kaddish\/#primaryimage"},"image":{"@id":"https:\/\/www.iemj.org\/en\/concert-kaddish\/#primaryimage"},"thumbnailUrl":"https:\/\/www.iemj.org\/wp-content\/uploads\/2011\/11\/arton336-e1620119243988.jpg","datePublished":"2011-11-11T18:55:00+00:00","dateModified":"2024-01-29T14:55:02+00:00","breadcrumb":{"@id":"https:\/\/www.iemj.org\/en\/concert-kaddish\/#breadcrumb"},"inLanguage":"en-US","potentialAction":[{"@type":"ReadAction","target":["https:\/\/www.iemj.org\/en\/concert-kaddish\/"]}]},{"@type":"ImageObject","inLanguage":"en-US","@id":"https:\/\/www.iemj.org\/en\/concert-kaddish\/#primaryimage","url":"https:\/\/www.iemj.org\/wp-content\/uploads\/2011\/11\/arton336-e1620119243988.jpg","contentUrl":"https:\/\/www.iemj.org\/wp-content\/uploads\/2011\/11\/arton336-e1620119243988.jpg","width":767,"height":614},{"@type":"BreadcrumbList","@id":"https:\/\/www.iemj.org\/en\/concert-kaddish\/#breadcrumb","itemListElement":[{"@type":"ListItem","position":1,"name":"Accueil","item":"https:\/\/www.iemj.org\/en\/"},{"@type":"ListItem","position":2,"name":"Kaddish Concert"}]},{"@type":"WebSite","@id":"https:\/\/www.iemj.org\/en\/#website","url":"https:\/\/www.iemj.org\/en\/","name":"Institut Europ\u00e9en des Musiques Juives","description":"Des traditions musicales \u00e0 la port\u00e9e de tous","publisher":{"@id":"https:\/\/www.iemj.org\/en\/#organization"},"potentialAction":[{"@type":"SearchAction","target":{"@type":"EntryPoint","urlTemplate":"https:\/\/www.iemj.org\/en\/?s={search_term_string}"},"query-input":{"@type":"PropertyValueSpecification","valueRequired":true,"valueName":"search_term_string"}}],"inLanguage":"en-US"},{"@type":"Organization","@id":"https:\/\/www.iemj.org\/en\/#organization","name":"Institut Europ\u00e9en des Musiques Juives","url":"https:\/\/www.iemj.org\/en\/","logo":{"@type":"ImageObject","inLanguage":"en-US","@id":"https:\/\/www.iemj.org\/en\/#\/schema\/logo\/image\/","url":"https:\/\/www.iemj.org\/wp-content\/uploads\/2021\/09\/Logo-IEMJ-Paypal.jpg","contentUrl":"https:\/\/www.iemj.org\/wp-content\/uploads\/2021\/09\/Logo-IEMJ-Paypal.jpg","width":150,"height":50,"caption":"Institut Europ\u00e9en des Musiques Juives"},"image":{"@id":"https:\/\/www.iemj.org\/en\/#\/schema\/logo\/image\/"},"sameAs":["https:\/\/www.facebook.com\/MusiquesJuives\/","https:\/\/www.instagram.com\/musiquesjuives\/","https:\/\/www.youtube.com\/user\/musiquesjuives"]},{"@type":"Person","@id":"https:\/\/www.iemj.org\/en\/#\/schema\/person\/906134402c29d5c76e7b726261dd4bbd","name":"Herv\u00e9 Roten","image":{"@type":"ImageObject","inLanguage":"en-US","@id":"https:\/\/secure.gravatar.com\/avatar\/f96ad2db538a26481f18384936b5cd0610c92d390c4dc382209216d455f685ff?s=96&d=mm&r=g","url":"https:\/\/secure.gravatar.com\/avatar\/f96ad2db538a26481f18384936b5cd0610c92d390c4dc382209216d455f685ff?s=96&d=mm&r=g","contentUrl":"https:\/\/secure.gravatar.com\/avatar\/f96ad2db538a26481f18384936b5cd0610c92d390c4dc382209216d455f685ff?s=96&d=mm&r=g","caption":"Herv\u00e9 Roten"}}]}},"_links":{"self":[{"href":"https:\/\/www.iemj.org\/en\/wp-json\/wp\/v2\/posts\/108364","targetHints":{"allow":["GET"]}}],"collection":[{"href":"https:\/\/www.iemj.org\/en\/wp-json\/wp\/v2\/posts"}],"about":[{"href":"https:\/\/www.iemj.org\/en\/wp-json\/wp\/v2\/types\/post"}],"author":[{"embeddable":true,"href":"https:\/\/www.iemj.org\/en\/wp-json\/wp\/v2\/users\/1045"}],"replies":[{"embeddable":true,"href":"https:\/\/www.iemj.org\/en\/wp-json\/wp\/v2\/comments?post=108364"}],"version-history":[{"count":0,"href":"https:\/\/www.iemj.org\/en\/wp-json\/wp\/v2\/posts\/108364\/revisions"}],"wp:featuredmedia":[{"embeddable":true,"href":"https:\/\/www.iemj.org\/en\/wp-json\/wp\/v2\/media\/4115"}],"wp:attachment":[{"href":"https:\/\/www.iemj.org\/en\/wp-json\/wp\/v2\/media?parent=108364"}],"wp:term":[{"taxonomy":"category","embeddable":true,"href":"https:\/\/www.iemj.org\/en\/wp-json\/wp\/v2\/categories?post=108364"},{"taxonomy":"post_tag","embeddable":true,"href":"https:\/\/www.iemj.org\/en\/wp-json\/wp\/v2\/tags?post=108364"},{"taxonomy":"technique","embeddable":true,"href":"https:\/\/www.iemj.org\/en\/wp-json\/wp\/v2\/technique?post=108364"},{"taxonomy":"squelettes","embeddable":true,"href":"https:\/\/www.iemj.org\/en\/wp-json\/wp\/v2\/squelettes?post=108364"},{"taxonomy":"sujet","embeddable":true,"href":"https:\/\/www.iemj.org\/en\/wp-json\/wp\/v2\/sujet?post=108364"},{"taxonomy":"formation","embeddable":true,"href":"https:\/\/www.iemj.org\/en\/wp-json\/wp\/v2\/formation?post=108364"},{"taxonomy":"genre","embeddable":true,"href":"https:\/\/www.iemj.org\/en\/wp-json\/wp\/v2\/genre?post=108364"},{"taxonomy":"fonds","embeddable":true,"href":"https:\/\/www.iemj.org\/en\/wp-json\/wp\/v2\/fonds?post=108364"},{"taxonomy":"tradition","embeddable":true,"href":"https:\/\/www.iemj.org\/en\/wp-json\/wp\/v2\/tradition?post=108364"},{"taxonomy":"type-de-contenu","embeddable":true,"href":"https:\/\/www.iemj.org\/en\/wp-json\/wp\/v2\/type-de-contenu?post=108364"},{"taxonomy":"interprete-compositeur","embeddable":true,"href":"https:\/\/www.iemj.org\/en\/wp-json\/wp\/v2\/interprete-compositeur?post=108364"},{"taxonomy":"frise","embeddable":true,"href":"https:\/\/www.iemj.org\/en\/wp-json\/wp\/v2\/frise?post=108364"},{"taxonomy":"type-devenement","embeddable":true,"href":"https:\/\/www.iemj.org\/en\/wp-json\/wp\/v2\/type-devenement?post=108364"},{"taxonomy":"tableaux-liens-externes","embeddable":true,"href":"https:\/\/www.iemj.org\/en\/wp-json\/wp\/v2\/tableaux-liens-externes?post=108364"}],"curies":[{"name":"wp","href":"https:\/\/api.w.org\/{rel}","templated":true}]}}