{"id":108450,"date":"2009-11-10T13:46:00","date_gmt":"2009-11-10T12:46:00","guid":{"rendered":"https:\/\/www.iemj.org\/concert-et-conference-kol-nidre-paris\/"},"modified":"2024-01-29T17:48:18","modified_gmt":"2024-01-29T16:48:18","slug":"concert-et-conference-kol-nidre-paris","status":"publish","type":"post","link":"https:\/\/www.iemj.org\/en\/concert-et-conference-kol-nidre-paris\/","title":{"rendered":"Kol Nidr\u00e9 concert and lecture (Paris)"},"content":{"rendered":"<p class=\"post_excerpt\">November 18 and 22, 2009<\/p>\n<p><!--more--><br \/>The Centre Fran\u00e7ais des Musiques Juives and the 4 liberal communities of Paris (ULIF, MJLF, CJL, KG) are delighted to invite you to an exceptional concert based on the <strong>KOL NIDRE<\/strong>.<\/p>\n<p>On this occasion, 8 musical versions of the famous opening prayer of Yom Kippur will be performed, including 3 world premieres:<\/p>\n<p>&#8211; The traditional Kol Nidr\u00e9 in the notation created by Samuel David at the end of the 19th century, with baritone soloist, 4-part choir and organ<\/p>\n<p>&#8211; Jean-Fran\u00e7ois Zygel&#8217;s Kol Nidr\u00e9, composition for cello and piano<\/p>\n<p>&#8211; The Kol Nidr\u00e9, adagio on Hebrew themes by Max Bruch, famous work for cello and piano<\/p>\n<p>&#8211; Kol Nidrei by John Zorn, a composer probably best known as a jazz saxophonist, whose &#8220;Kol Nidrei&#8221; is a string quartet with mysterious, suspended resonances<\/p>\n<p>&#8211; Nicolas Bacri&#8217;s Kol Nidrei Sonata, Op.76, written in 2002, for solo violin<\/p>\n<p>Finally, three world premiere works, commissioned by ULIF from composers Ita\u00ef Daniel, Serge Kaufmann and Graciane Finzi. In these 3 works, the traditional theme is present, more or less recognizable:<\/p>\n<p>&#8211; Ita\u00ef Daniel&#8217;s Kol Nidr\u00e9 is written for solo tenor, 4-voice choir, clarinet and string quartet<\/p>\n<p>&#8211; Serge Kaufmann&#8217;s Kol Nidr\u00e9 uses the same formation, but without a vocal soloist, and enlarged with a piano and double bass<\/p>\n<p>&#8211; Graciane Finzi&#8217;s &#8220;Cr\u00e9puscule du Kol Nidr\u00e9&#8221; is a theme and variations for solo cello.<\/p>\n<p><strong>Wednesday, November 18, 2009:<\/strong> lecture (7:30pm) and concert (9pm)<br \/>The concert will be preceded by a conference with the composers, moderated by Rabbi Michael Williams (ULIF), during which Rabbi Delphine Horvilleur (MJLF), Herv\u00e9 Roten (CFMJ) and Bruno Fraitag (ULIF) will present the Kol Nidr\u00e9 prayer in its historical, liturgical and musical dimensions.<\/p>\n<p><strong>Sunday, November 22, 2009:<\/strong> concert (6:00 pm)<\/p>\n<p><strong>Location:<\/strong> Union lib\u00e9rale isra\u00e9lite de France<br \/>24 rue Copernic &#8211; 75116 Paris<br \/>Subway: Boissi\u00e8re or Victor Hugo<\/p>\n<p><strong>Ticket price:<\/strong> \u20ac25; ULIF, MJLF, CJL, KG, CFMJ members: \u20ac20<br \/>Tickets and information: ULIF on 01 47 04 37 27 or MJLF on 01 44 37 48 48<\/p>\n<p><strong><a href=\"https:\/\/www.iemj.org\/en\/kol-nidre\/\" target=\"_blank\" rel=\"noopener\">View part of the filmed lecture and an excerpt from Max Bruch&#8217;s Kol Nidr\u00e9 concert<\/a><\/strong><br \/><a href=\"https:\/\/www.iemj.org\/en\/kol-nidre\/\"><img decoding=\"async\" class=\" alignleft size-full wp-image-2949\" src=\"https:\/\/www.iemj.org\/wp-content\/uploads\/2010\/03\/logo_clap_video.jpg\" alt=\"logo_clap_video.jpg\" width=\"90\" height=\"93\" align=\"left\" \/><\/a><\/p>\n\n\n<p><\/p>\n\n\n\n<p><\/p>\n\n\n\n<p><\/p>\n\n\n\n<p><a href=\"https:\/\/www.iemj.org\/en\/product\/kol-nidre-huit-visions\/\" target=\"_blank\" rel=\"noreferrer noopener\"><strong>Order the CD Kol Nidre huit visions online from the IEMJ store<\/strong><\/a><\/p>\n","protected":false},"excerpt":{"rendered":"<p>November 18 and 22, 2009<\/p>\n","protected":false},"author":1046,"featured_media":3071,"comment_status":"closed","ping_status":"open","sticky":false,"template":"","format":"standard","meta":{"_acf_changed":false,"footnotes":""},"categories":[1377,1369],"tags":[3416],"technique":[],"squelettes":[],"sujet":[1757],"formation":[],"genre":[],"fonds":[],"tradition":[],"type-de-contenu":[],"interprete-compositeur":[],"frise":[],"type-devenement":[],"tableaux-liens-externes":[],"class_list":["post-108450","post","type-post","status-publish","format-standard","has-post-thumbnail","hentry","category-concerts-events-en","category-events-en","tag-partners-events-en","sujet-yom-kippur-en"],"acf":[],"yoast_head":"<!-- This site is optimized with the Yoast SEO plugin v27.3 - https:\/\/yoast.com\/product\/yoast-seo-wordpress\/ -->\n<title>Kol Nidr\u00e9 concert and lecture (Paris) - Institut Europ\u00e9en des Musiques Juives<\/title>\n<meta name=\"robots\" content=\"index, follow, max-snippet:-1, max-image-preview:large, max-video-preview:-1\" \/>\n<link rel=\"canonical\" href=\"https:\/\/www.iemj.org\/en\/concert-et-conference-kol-nidre-paris\/\" \/>\n<meta property=\"og:locale\" content=\"en_US\" \/>\n<meta property=\"og:type\" content=\"article\" \/>\n<meta property=\"og:title\" content=\"Kol Nidr\u00e9 concert and lecture (Paris) - Institut Europ\u00e9en des Musiques Juives\" \/>\n<meta property=\"og:description\" content=\"November 18 and 22, 2009\" \/>\n<meta property=\"og:url\" content=\"https:\/\/www.iemj.org\/en\/concert-et-conference-kol-nidre-paris\/\" \/>\n<meta property=\"og:site_name\" content=\"Institut Europ\u00e9en des Musiques Juives\" \/>\n<meta property=\"article:publisher\" content=\"https:\/\/www.facebook.com\/MusiquesJuives\/\" \/>\n<meta property=\"article:published_time\" content=\"2009-11-10T12:46:00+00:00\" \/>\n<meta property=\"article:modified_time\" content=\"2024-01-29T16:48:18+00:00\" \/>\n<meta property=\"og:image\" content=\"https:\/\/www.iemj.org\/wp-content\/uploads\/2009\/11\/arton42-e1620121668178.jpg\" \/>\n\t<meta property=\"og:image:width\" content=\"724\" \/>\n\t<meta property=\"og:image:height\" content=\"1024\" \/>\n\t<meta property=\"og:image:type\" content=\"image\/jpeg\" \/>\n<meta name=\"author\" content=\"Isabelle Jouve\" \/>\n<meta name=\"twitter:card\" content=\"summary_large_image\" \/>\n<meta name=\"twitter:label1\" content=\"Written by\" \/>\n\t<meta name=\"twitter:data1\" content=\"Isabelle Jouve\" \/>\n\t<meta name=\"twitter:label2\" content=\"Est. reading time\" \/>\n\t<meta name=\"twitter:data2\" content=\"3 minutes\" \/>\n<script type=\"application\/ld+json\" class=\"yoast-schema-graph\">{\"@context\":\"https:\\\/\\\/schema.org\",\"@graph\":[{\"@type\":\"Article\",\"@id\":\"https:\\\/\\\/www.iemj.org\\\/en\\\/concert-et-conference-kol-nidre-paris\\\/#article\",\"isPartOf\":{\"@id\":\"https:\\\/\\\/www.iemj.org\\\/en\\\/concert-et-conference-kol-nidre-paris\\\/\"},\"author\":{\"name\":\"Isabelle Jouve\",\"@id\":\"https:\\\/\\\/www.iemj.org\\\/en\\\/#\\\/schema\\\/person\\\/94283a7f5a8b28a85fdab0ae54777472\"},\"headline\":\"Kol Nidr\u00e9 concert and lecture (Paris)\",\"datePublished\":\"2009-11-10T12:46:00+00:00\",\"dateModified\":\"2024-01-29T16:48:18+00:00\",\"mainEntityOfPage\":{\"@id\":\"https:\\\/\\\/www.iemj.org\\\/en\\\/concert-et-conference-kol-nidre-paris\\\/\"},\"wordCount\":353,\"publisher\":{\"@id\":\"https:\\\/\\\/www.iemj.org\\\/en\\\/#organization\"},\"image\":{\"@id\":\"https:\\\/\\\/www.iemj.org\\\/en\\\/concert-et-conference-kol-nidre-paris\\\/#primaryimage\"},\"thumbnailUrl\":\"https:\\\/\\\/www.iemj.org\\\/wp-content\\\/uploads\\\/2009\\\/11\\\/arton42-e1620121668178.jpg\",\"keywords\":[\"Partners' events\"],\"articleSection\":[\"Concerts\",\"Events\"],\"inLanguage\":\"en-US\"},{\"@type\":\"WebPage\",\"@id\":\"https:\\\/\\\/www.iemj.org\\\/en\\\/concert-et-conference-kol-nidre-paris\\\/\",\"url\":\"https:\\\/\\\/www.iemj.org\\\/en\\\/concert-et-conference-kol-nidre-paris\\\/\",\"name\":\"Kol Nidr\u00e9 concert and lecture (Paris) - Institut Europ\u00e9en des Musiques Juives\",\"isPartOf\":{\"@id\":\"https:\\\/\\\/www.iemj.org\\\/en\\\/#website\"},\"primaryImageOfPage\":{\"@id\":\"https:\\\/\\\/www.iemj.org\\\/en\\\/concert-et-conference-kol-nidre-paris\\\/#primaryimage\"},\"image\":{\"@id\":\"https:\\\/\\\/www.iemj.org\\\/en\\\/concert-et-conference-kol-nidre-paris\\\/#primaryimage\"},\"thumbnailUrl\":\"https:\\\/\\\/www.iemj.org\\\/wp-content\\\/uploads\\\/2009\\\/11\\\/arton42-e1620121668178.jpg\",\"datePublished\":\"2009-11-10T12:46:00+00:00\",\"dateModified\":\"2024-01-29T16:48:18+00:00\",\"breadcrumb\":{\"@id\":\"https:\\\/\\\/www.iemj.org\\\/en\\\/concert-et-conference-kol-nidre-paris\\\/#breadcrumb\"},\"inLanguage\":\"en-US\",\"potentialAction\":[{\"@type\":\"ReadAction\",\"target\":[\"https:\\\/\\\/www.iemj.org\\\/en\\\/concert-et-conference-kol-nidre-paris\\\/\"]}]},{\"@type\":\"ImageObject\",\"inLanguage\":\"en-US\",\"@id\":\"https:\\\/\\\/www.iemj.org\\\/en\\\/concert-et-conference-kol-nidre-paris\\\/#primaryimage\",\"url\":\"https:\\\/\\\/www.iemj.org\\\/wp-content\\\/uploads\\\/2009\\\/11\\\/arton42-e1620121668178.jpg\",\"contentUrl\":\"https:\\\/\\\/www.iemj.org\\\/wp-content\\\/uploads\\\/2009\\\/11\\\/arton42-e1620121668178.jpg\",\"width\":724,\"height\":1024},{\"@type\":\"BreadcrumbList\",\"@id\":\"https:\\\/\\\/www.iemj.org\\\/en\\\/concert-et-conference-kol-nidre-paris\\\/#breadcrumb\",\"itemListElement\":[{\"@type\":\"ListItem\",\"position\":1,\"name\":\"Accueil\",\"item\":\"https:\\\/\\\/www.iemj.org\\\/en\\\/\"},{\"@type\":\"ListItem\",\"position\":2,\"name\":\"Kol Nidr\u00e9 concert and lecture (Paris)\"}]},{\"@type\":\"WebSite\",\"@id\":\"https:\\\/\\\/www.iemj.org\\\/en\\\/#website\",\"url\":\"https:\\\/\\\/www.iemj.org\\\/en\\\/\",\"name\":\"Institut Europ\u00e9en des Musiques Juives\",\"description\":\"Des traditions musicales \u00e0 la port\u00e9e de tous\",\"publisher\":{\"@id\":\"https:\\\/\\\/www.iemj.org\\\/en\\\/#organization\"},\"potentialAction\":[{\"@type\":\"SearchAction\",\"target\":{\"@type\":\"EntryPoint\",\"urlTemplate\":\"https:\\\/\\\/www.iemj.org\\\/en\\\/?s={search_term_string}\"},\"query-input\":{\"@type\":\"PropertyValueSpecification\",\"valueRequired\":true,\"valueName\":\"search_term_string\"}}],\"inLanguage\":\"en-US\"},{\"@type\":\"Organization\",\"@id\":\"https:\\\/\\\/www.iemj.org\\\/en\\\/#organization\",\"name\":\"Institut Europ\u00e9en des Musiques Juives\",\"url\":\"https:\\\/\\\/www.iemj.org\\\/en\\\/\",\"logo\":{\"@type\":\"ImageObject\",\"inLanguage\":\"en-US\",\"@id\":\"https:\\\/\\\/www.iemj.org\\\/en\\\/#\\\/schema\\\/logo\\\/image\\\/\",\"url\":\"https:\\\/\\\/www.iemj.org\\\/wp-content\\\/uploads\\\/2021\\\/09\\\/Logo-IEMJ-Paypal.jpg\",\"contentUrl\":\"https:\\\/\\\/www.iemj.org\\\/wp-content\\\/uploads\\\/2021\\\/09\\\/Logo-IEMJ-Paypal.jpg\",\"width\":150,\"height\":50,\"caption\":\"Institut Europ\u00e9en des Musiques Juives\"},\"image\":{\"@id\":\"https:\\\/\\\/www.iemj.org\\\/en\\\/#\\\/schema\\\/logo\\\/image\\\/\"},\"sameAs\":[\"https:\\\/\\\/www.facebook.com\\\/MusiquesJuives\\\/\",\"https:\\\/\\\/www.instagram.com\\\/musiquesjuives\\\/\",\"https:\\\/\\\/www.youtube.com\\\/user\\\/musiquesjuives\"]},{\"@type\":\"Person\",\"@id\":\"https:\\\/\\\/www.iemj.org\\\/en\\\/#\\\/schema\\\/person\\\/94283a7f5a8b28a85fdab0ae54777472\",\"name\":\"Isabelle Jouve\",\"image\":{\"@type\":\"ImageObject\",\"inLanguage\":\"en-US\",\"@id\":\"https:\\\/\\\/secure.gravatar.com\\\/avatar\\\/bc547a31cb8a12b3ffc0f7fcf1f2dbd4fc06e95ad13a451095d8316a6d5a59a6?s=96&d=mm&r=g\",\"url\":\"https:\\\/\\\/secure.gravatar.com\\\/avatar\\\/bc547a31cb8a12b3ffc0f7fcf1f2dbd4fc06e95ad13a451095d8316a6d5a59a6?s=96&d=mm&r=g\",\"contentUrl\":\"https:\\\/\\\/secure.gravatar.com\\\/avatar\\\/bc547a31cb8a12b3ffc0f7fcf1f2dbd4fc06e95ad13a451095d8316a6d5a59a6?s=96&d=mm&r=g\",\"caption\":\"Isabelle Jouve\"}}]}<\/script>\n<!-- \/ Yoast SEO plugin. -->","yoast_head_json":{"title":"Kol Nidr\u00e9 concert and lecture (Paris) - Institut Europ\u00e9en des Musiques Juives","robots":{"index":"index","follow":"follow","max-snippet":"max-snippet:-1","max-image-preview":"max-image-preview:large","max-video-preview":"max-video-preview:-1"},"canonical":"https:\/\/www.iemj.org\/en\/concert-et-conference-kol-nidre-paris\/","og_locale":"en_US","og_type":"article","og_title":"Kol Nidr\u00e9 concert and lecture (Paris) - Institut Europ\u00e9en des Musiques Juives","og_description":"November 18 and 22, 2009","og_url":"https:\/\/www.iemj.org\/en\/concert-et-conference-kol-nidre-paris\/","og_site_name":"Institut Europ\u00e9en des Musiques Juives","article_publisher":"https:\/\/www.facebook.com\/MusiquesJuives\/","article_published_time":"2009-11-10T12:46:00+00:00","article_modified_time":"2024-01-29T16:48:18+00:00","og_image":[{"width":724,"height":1024,"url":"https:\/\/www.iemj.org\/wp-content\/uploads\/2009\/11\/arton42-e1620121668178.jpg","type":"image\/jpeg"}],"author":"Isabelle Jouve","twitter_card":"summary_large_image","twitter_misc":{"Written by":"Isabelle Jouve","Est. reading time":"3 minutes"},"schema":{"@context":"https:\/\/schema.org","@graph":[{"@type":"Article","@id":"https:\/\/www.iemj.org\/en\/concert-et-conference-kol-nidre-paris\/#article","isPartOf":{"@id":"https:\/\/www.iemj.org\/en\/concert-et-conference-kol-nidre-paris\/"},"author":{"name":"Isabelle Jouve","@id":"https:\/\/www.iemj.org\/en\/#\/schema\/person\/94283a7f5a8b28a85fdab0ae54777472"},"headline":"Kol Nidr\u00e9 concert and lecture (Paris)","datePublished":"2009-11-10T12:46:00+00:00","dateModified":"2024-01-29T16:48:18+00:00","mainEntityOfPage":{"@id":"https:\/\/www.iemj.org\/en\/concert-et-conference-kol-nidre-paris\/"},"wordCount":353,"publisher":{"@id":"https:\/\/www.iemj.org\/en\/#organization"},"image":{"@id":"https:\/\/www.iemj.org\/en\/concert-et-conference-kol-nidre-paris\/#primaryimage"},"thumbnailUrl":"https:\/\/www.iemj.org\/wp-content\/uploads\/2009\/11\/arton42-e1620121668178.jpg","keywords":["Partners' events"],"articleSection":["Concerts","Events"],"inLanguage":"en-US"},{"@type":"WebPage","@id":"https:\/\/www.iemj.org\/en\/concert-et-conference-kol-nidre-paris\/","url":"https:\/\/www.iemj.org\/en\/concert-et-conference-kol-nidre-paris\/","name":"Kol Nidr\u00e9 concert and lecture (Paris) - Institut Europ\u00e9en des Musiques Juives","isPartOf":{"@id":"https:\/\/www.iemj.org\/en\/#website"},"primaryImageOfPage":{"@id":"https:\/\/www.iemj.org\/en\/concert-et-conference-kol-nidre-paris\/#primaryimage"},"image":{"@id":"https:\/\/www.iemj.org\/en\/concert-et-conference-kol-nidre-paris\/#primaryimage"},"thumbnailUrl":"https:\/\/www.iemj.org\/wp-content\/uploads\/2009\/11\/arton42-e1620121668178.jpg","datePublished":"2009-11-10T12:46:00+00:00","dateModified":"2024-01-29T16:48:18+00:00","breadcrumb":{"@id":"https:\/\/www.iemj.org\/en\/concert-et-conference-kol-nidre-paris\/#breadcrumb"},"inLanguage":"en-US","potentialAction":[{"@type":"ReadAction","target":["https:\/\/www.iemj.org\/en\/concert-et-conference-kol-nidre-paris\/"]}]},{"@type":"ImageObject","inLanguage":"en-US","@id":"https:\/\/www.iemj.org\/en\/concert-et-conference-kol-nidre-paris\/#primaryimage","url":"https:\/\/www.iemj.org\/wp-content\/uploads\/2009\/11\/arton42-e1620121668178.jpg","contentUrl":"https:\/\/www.iemj.org\/wp-content\/uploads\/2009\/11\/arton42-e1620121668178.jpg","width":724,"height":1024},{"@type":"BreadcrumbList","@id":"https:\/\/www.iemj.org\/en\/concert-et-conference-kol-nidre-paris\/#breadcrumb","itemListElement":[{"@type":"ListItem","position":1,"name":"Accueil","item":"https:\/\/www.iemj.org\/en\/"},{"@type":"ListItem","position":2,"name":"Kol Nidr\u00e9 concert and lecture (Paris)"}]},{"@type":"WebSite","@id":"https:\/\/www.iemj.org\/en\/#website","url":"https:\/\/www.iemj.org\/en\/","name":"Institut Europ\u00e9en des Musiques Juives","description":"Des traditions musicales \u00e0 la port\u00e9e de tous","publisher":{"@id":"https:\/\/www.iemj.org\/en\/#organization"},"potentialAction":[{"@type":"SearchAction","target":{"@type":"EntryPoint","urlTemplate":"https:\/\/www.iemj.org\/en\/?s={search_term_string}"},"query-input":{"@type":"PropertyValueSpecification","valueRequired":true,"valueName":"search_term_string"}}],"inLanguage":"en-US"},{"@type":"Organization","@id":"https:\/\/www.iemj.org\/en\/#organization","name":"Institut Europ\u00e9en des Musiques Juives","url":"https:\/\/www.iemj.org\/en\/","logo":{"@type":"ImageObject","inLanguage":"en-US","@id":"https:\/\/www.iemj.org\/en\/#\/schema\/logo\/image\/","url":"https:\/\/www.iemj.org\/wp-content\/uploads\/2021\/09\/Logo-IEMJ-Paypal.jpg","contentUrl":"https:\/\/www.iemj.org\/wp-content\/uploads\/2021\/09\/Logo-IEMJ-Paypal.jpg","width":150,"height":50,"caption":"Institut Europ\u00e9en des Musiques Juives"},"image":{"@id":"https:\/\/www.iemj.org\/en\/#\/schema\/logo\/image\/"},"sameAs":["https:\/\/www.facebook.com\/MusiquesJuives\/","https:\/\/www.instagram.com\/musiquesjuives\/","https:\/\/www.youtube.com\/user\/musiquesjuives"]},{"@type":"Person","@id":"https:\/\/www.iemj.org\/en\/#\/schema\/person\/94283a7f5a8b28a85fdab0ae54777472","name":"Isabelle Jouve","image":{"@type":"ImageObject","inLanguage":"en-US","@id":"https:\/\/secure.gravatar.com\/avatar\/bc547a31cb8a12b3ffc0f7fcf1f2dbd4fc06e95ad13a451095d8316a6d5a59a6?s=96&d=mm&r=g","url":"https:\/\/secure.gravatar.com\/avatar\/bc547a31cb8a12b3ffc0f7fcf1f2dbd4fc06e95ad13a451095d8316a6d5a59a6?s=96&d=mm&r=g","contentUrl":"https:\/\/secure.gravatar.com\/avatar\/bc547a31cb8a12b3ffc0f7fcf1f2dbd4fc06e95ad13a451095d8316a6d5a59a6?s=96&d=mm&r=g","caption":"Isabelle Jouve"}}]}},"_links":{"self":[{"href":"https:\/\/www.iemj.org\/en\/wp-json\/wp\/v2\/posts\/108450","targetHints":{"allow":["GET"]}}],"collection":[{"href":"https:\/\/www.iemj.org\/en\/wp-json\/wp\/v2\/posts"}],"about":[{"href":"https:\/\/www.iemj.org\/en\/wp-json\/wp\/v2\/types\/post"}],"author":[{"embeddable":true,"href":"https:\/\/www.iemj.org\/en\/wp-json\/wp\/v2\/users\/1046"}],"replies":[{"embeddable":true,"href":"https:\/\/www.iemj.org\/en\/wp-json\/wp\/v2\/comments?post=108450"}],"version-history":[{"count":0,"href":"https:\/\/www.iemj.org\/en\/wp-json\/wp\/v2\/posts\/108450\/revisions"}],"wp:featuredmedia":[{"embeddable":true,"href":"https:\/\/www.iemj.org\/en\/wp-json\/wp\/v2\/media\/3071"}],"wp:attachment":[{"href":"https:\/\/www.iemj.org\/en\/wp-json\/wp\/v2\/media?parent=108450"}],"wp:term":[{"taxonomy":"category","embeddable":true,"href":"https:\/\/www.iemj.org\/en\/wp-json\/wp\/v2\/categories?post=108450"},{"taxonomy":"post_tag","embeddable":true,"href":"https:\/\/www.iemj.org\/en\/wp-json\/wp\/v2\/tags?post=108450"},{"taxonomy":"technique","embeddable":true,"href":"https:\/\/www.iemj.org\/en\/wp-json\/wp\/v2\/technique?post=108450"},{"taxonomy":"squelettes","embeddable":true,"href":"https:\/\/www.iemj.org\/en\/wp-json\/wp\/v2\/squelettes?post=108450"},{"taxonomy":"sujet","embeddable":true,"href":"https:\/\/www.iemj.org\/en\/wp-json\/wp\/v2\/sujet?post=108450"},{"taxonomy":"formation","embeddable":true,"href":"https:\/\/www.iemj.org\/en\/wp-json\/wp\/v2\/formation?post=108450"},{"taxonomy":"genre","embeddable":true,"href":"https:\/\/www.iemj.org\/en\/wp-json\/wp\/v2\/genre?post=108450"},{"taxonomy":"fonds","embeddable":true,"href":"https:\/\/www.iemj.org\/en\/wp-json\/wp\/v2\/fonds?post=108450"},{"taxonomy":"tradition","embeddable":true,"href":"https:\/\/www.iemj.org\/en\/wp-json\/wp\/v2\/tradition?post=108450"},{"taxonomy":"type-de-contenu","embeddable":true,"href":"https:\/\/www.iemj.org\/en\/wp-json\/wp\/v2\/type-de-contenu?post=108450"},{"taxonomy":"interprete-compositeur","embeddable":true,"href":"https:\/\/www.iemj.org\/en\/wp-json\/wp\/v2\/interprete-compositeur?post=108450"},{"taxonomy":"frise","embeddable":true,"href":"https:\/\/www.iemj.org\/en\/wp-json\/wp\/v2\/frise?post=108450"},{"taxonomy":"type-devenement","embeddable":true,"href":"https:\/\/www.iemj.org\/en\/wp-json\/wp\/v2\/type-devenement?post=108450"},{"taxonomy":"tableaux-liens-externes","embeddable":true,"href":"https:\/\/www.iemj.org\/en\/wp-json\/wp\/v2\/tableaux-liens-externes?post=108450"}],"curies":[{"name":"wp","href":"https:\/\/api.w.org\/{rel}","templated":true}]}}