{"id":110914,"date":"2024-04-03T17:06:17","date_gmt":"2024-04-03T15:06:17","guid":{"rendered":"https:\/\/www.iemj.org\/fonds-maurice-el-medioni\/"},"modified":"2024-04-03T17:58:08","modified_gmt":"2024-04-03T15:58:08","slug":"fonds-maurice-el-medioni","status":"publish","type":"post","link":"https:\/\/www.iemj.org\/en\/fonds-maurice-el-medioni\/","title":{"rendered":"MAURICE EL M\u00c9DIONI COLLECTION"},"content":{"rendered":"<p>Pianist, composer, arranger and performer <a href=\"https:\/\/www.iemj.org\/en\/el-medioni-maurice-1928-2024\/\" target=\"_blank\" rel=\"noopener\">Maurice El M\u00e9dioni (1928-2024)<\/a>, born in Oran (Algeria), was a major figure in Arabo-Andalusian music, rai and Franco-Arabic chanson. During his long career, he accompanied the greatest singers (Line Monty, Reinette l&#8217;oranaise, Samy Elmaghriby, Lili Boniche, Blond-Blond&#8230;) with his inimitable style that blended oriental music with jazz and Latin rhythms (rumba, cha-cha-cha&#8230;).<\/p>\n<p>In March 2010, Maurice El M\u00e9dioni donated several audio documents (CDs, Minidiscs, DATs), concert videos, programs and other archives retracing his career to the EIJM.<\/p>\n<p>This collection was completed in 2020 by Didier Zuili &#8211; co-director with Val\u00e9rie Cohen of the comic strip, CD and DVD <em>Les stars du Music&#8217;hall d&#8217;Alg\u00e9rie<\/em> (2006) &#8211; who gave the EIJM numerous interviews or filmed concerts by Maurice El M\u00e9dioni, Youssef Hag\u00e8ge, Blond-Blond&#8230;<\/p>\n<p><a href=\"http:\/\/www.rachelnet.net\/F\/?func=find-c&amp;ccl_term=WRD+%3D+Maurice+El+Medioni&amp;local_base=iemcg\" target=\"_blank\" rel=\"noopener\">Consult the Maurice el M\u00e9dioni collection<\/a><\/p>\n<p><a href=\"https:\/\/www.iemj.org\/en\/el-medioni-maurice-1928-2024\/\" target=\"_blank\" rel=\"noopener\">Read Maurice El M\u00e9dioni&#8217;s biography<\/a><\/p>\n<p><a href=\"https:\/\/www.youtube.com\/watch?v=Qo10vWbjgI8&amp;t=17s\" target=\"_blank\" rel=\"noopener\">Watch the IEMJ YouTube video on Maurice El M\u00e9dioni<\/a><\/p>\n<p><a href=\"https:\/\/www.iemj.org\/en\/?s=maurice+el+medioni\" target=\"_blank\" rel=\"noopener\">Consult other articles about Maurice El M\u00e9dioni on our website<\/a>\u00a0<\/p>\n\n\n<figure class=\"wp-block-gallery has-nested-images columns-default is-cropped wp-block-gallery-1 is-layout-flex wp-block-gallery-is-layout-flex\">\n<figure class=\"wp-block-image size-full\"><img fetchpriority=\"high\" decoding=\"async\" width=\"605\" height=\"605\" data-id=\"110906\" src=\"https:\/\/www.iemj.org\/wp-content\/uploads\/2024\/04\/CD-Couv-Pianoriental.jpg\" alt=\"\" class=\"wp-image-110906\" srcset=\"https:\/\/www.iemj.org\/wp-content\/uploads\/2024\/04\/CD-Couv-Pianoriental.jpg 605w, https:\/\/www.iemj.org\/wp-content\/uploads\/2024\/04\/CD-Couv-Pianoriental-300x300.jpg 300w, https:\/\/www.iemj.org\/wp-content\/uploads\/2024\/04\/CD-Couv-Pianoriental-150x150.jpg 150w, https:\/\/www.iemj.org\/wp-content\/uploads\/2024\/04\/CD-Couv-Pianoriental-600x600.jpg 600w, https:\/\/www.iemj.org\/wp-content\/uploads\/2024\/04\/CD-Couv-Pianoriental-100x100.jpg 100w\" sizes=\"(max-width: 605px) 100vw, 605px\" \/><\/figure>\n\n\n\n<figure class=\"wp-block-image size-large\"><img decoding=\"async\" width=\"794\" height=\"684\" data-id=\"110903\" src=\"https:\/\/www.iemj.org\/wp-content\/uploads\/2024\/04\/CD-Liturgie-hebraica-andalouse-par-Medioni_CD_1747.jpg\" alt=\"\" class=\"wp-image-110903\" srcset=\"https:\/\/www.iemj.org\/wp-content\/uploads\/2024\/04\/CD-Liturgie-hebraica-andalouse-par-Medioni_CD_1747.jpg 794w, https:\/\/www.iemj.org\/wp-content\/uploads\/2024\/04\/CD-Liturgie-hebraica-andalouse-par-Medioni_CD_1747-300x258.jpg 300w, https:\/\/www.iemj.org\/wp-content\/uploads\/2024\/04\/CD-Liturgie-hebraica-andalouse-par-Medioni_CD_1747-768x662.jpg 768w, https:\/\/www.iemj.org\/wp-content\/uploads\/2024\/04\/CD-Liturgie-hebraica-andalouse-par-Medioni_CD_1747-600x517.jpg 600w\" sizes=\"(max-width: 794px) 100vw, 794px\" \/><\/figure>\n\n\n\n<figure class=\"wp-block-image size-full\"><img decoding=\"async\" width=\"800\" height=\"782\" data-id=\"110905\" src=\"https:\/\/www.iemj.org\/wp-content\/uploads\/2024\/04\/CD-Maurice-El-Medioni-et-son-pianoriental_CD_343.jpg\" alt=\"\" class=\"wp-image-110905\" srcset=\"https:\/\/www.iemj.org\/wp-content\/uploads\/2024\/04\/CD-Maurice-El-Medioni-et-son-pianoriental_CD_343.jpg 800w, https:\/\/www.iemj.org\/wp-content\/uploads\/2024\/04\/CD-Maurice-El-Medioni-et-son-pianoriental_CD_343-300x293.jpg 300w, https:\/\/www.iemj.org\/wp-content\/uploads\/2024\/04\/CD-Maurice-El-Medioni-et-son-pianoriental_CD_343-768x751.jpg 768w, https:\/\/www.iemj.org\/wp-content\/uploads\/2024\/04\/CD-Maurice-El-Medioni-et-son-pianoriental_CD_343-600x587.jpg 600w\" sizes=\"(max-width: 800px) 100vw, 800px\" \/><\/figure>\n\n\n\n<figure class=\"wp-block-image size-full\"><img loading=\"lazy\" decoding=\"async\" width=\"500\" height=\"500\" data-id=\"110907\" src=\"https:\/\/www.iemj.org\/wp-content\/uploads\/2024\/04\/CD-Maurice-El-Medioni_Samai-Andalou_CD_497.jpg\" alt=\"\" class=\"wp-image-110907\" srcset=\"https:\/\/www.iemj.org\/wp-content\/uploads\/2024\/04\/CD-Maurice-El-Medioni_Samai-Andalou_CD_497.jpg 500w, https:\/\/www.iemj.org\/wp-content\/uploads\/2024\/04\/CD-Maurice-El-Medioni_Samai-Andalou_CD_497-300x300.jpg 300w, https:\/\/www.iemj.org\/wp-content\/uploads\/2024\/04\/CD-Maurice-El-Medioni_Samai-Andalou_CD_497-150x150.jpg 150w, https:\/\/www.iemj.org\/wp-content\/uploads\/2024\/04\/CD-Maurice-El-Medioni_Samai-Andalou_CD_497-100x100.jpg 100w\" sizes=\"(max-width: 500px) 100vw, 500px\" \/><\/figure>\n\n\n\n<figure class=\"wp-block-image size-full\"><img loading=\"lazy\" decoding=\"async\" width=\"771\" height=\"775\" data-id=\"110902\" src=\"https:\/\/www.iemj.org\/wp-content\/uploads\/2024\/04\/CD-Melodie-dhier-et-de-toujours_Darmon-et-El-Medioni_CD_149.jpg\" alt=\"\" class=\"wp-image-110902\" srcset=\"https:\/\/www.iemj.org\/wp-content\/uploads\/2024\/04\/CD-Melodie-dhier-et-de-toujours_Darmon-et-El-Medioni_CD_149.jpg 771w, https:\/\/www.iemj.org\/wp-content\/uploads\/2024\/04\/CD-Melodie-dhier-et-de-toujours_Darmon-et-El-Medioni_CD_149-298x300.jpg 298w, https:\/\/www.iemj.org\/wp-content\/uploads\/2024\/04\/CD-Melodie-dhier-et-de-toujours_Darmon-et-El-Medioni_CD_149-150x150.jpg 150w, https:\/\/www.iemj.org\/wp-content\/uploads\/2024\/04\/CD-Melodie-dhier-et-de-toujours_Darmon-et-El-Medioni_CD_149-768x772.jpg 768w, https:\/\/www.iemj.org\/wp-content\/uploads\/2024\/04\/CD-Melodie-dhier-et-de-toujours_Darmon-et-El-Medioni_CD_149-600x603.jpg 600w, https:\/\/www.iemj.org\/wp-content\/uploads\/2024\/04\/CD-Melodie-dhier-et-de-toujours_Darmon-et-El-Medioni_CD_149-100x100.jpg 100w\" sizes=\"(max-width: 771px) 100vw, 771px\" \/><\/figure>\n\n\n\n<figure class=\"wp-block-image size-full\"><img loading=\"lazy\" decoding=\"async\" width=\"800\" height=\"489\" data-id=\"110904\" src=\"https:\/\/www.iemj.org\/wp-content\/uploads\/2024\/04\/K7_Maurice-Medioni-et-son-pianoriental_K7_1611.jpg\" alt=\"\" class=\"wp-image-110904\" srcset=\"https:\/\/www.iemj.org\/wp-content\/uploads\/2024\/04\/K7_Maurice-Medioni-et-son-pianoriental_K7_1611.jpg 800w, https:\/\/www.iemj.org\/wp-content\/uploads\/2024\/04\/K7_Maurice-Medioni-et-son-pianoriental_K7_1611-300x183.jpg 300w, https:\/\/www.iemj.org\/wp-content\/uploads\/2024\/04\/K7_Maurice-Medioni-et-son-pianoriental_K7_1611-768x469.jpg 768w, https:\/\/www.iemj.org\/wp-content\/uploads\/2024\/04\/K7_Maurice-Medioni-et-son-pianoriental_K7_1611-600x367.jpg 600w\" sizes=\"(max-width: 800px) 100vw, 800px\" \/><\/figure>\n<\/figure>\n","protected":false},"excerpt":{"rendered":"<p>Pianist, composer, arranger and performer Maurice El M\u00e9dioni (1928-2024), born in Oran (Algeria), was a major figure in Arabo-Andalusian music, rai and Franco-Arabic chanson. During his long career, he accompanied<\/p>\n","protected":false},"author":5,"featured_media":110898,"comment_status":"closed","ping_status":"closed","sticky":false,"template":"","format":"standard","meta":{"_acf_changed":false,"footnotes":""},"categories":[883],"tags":[],"technique":[],"squelettes":[],"sujet":[],"formation":[],"genre":[1112],"fonds":[],"tradition":[],"type-de-contenu":[],"interprete-compositeur":[3260],"frise":[],"type-devenement":[],"tableaux-liens-externes":[],"class_list":["post-110914","post","type-post","status-publish","format-standard","has-post-thumbnail","hentry","category-fonds-principaux","genre-oriental-en","interprete-compositeur-maurice-el-medioni-en"],"acf":[],"yoast_head":"<!-- This site is optimized with the Yoast SEO plugin v27.3 - https:\/\/yoast.com\/product\/yoast-seo-wordpress\/ -->\n<title>MAURICE EL M\u00c9DIONI COLLECTION - Institut Europ\u00e9en des Musiques Juives<\/title>\n<meta name=\"robots\" content=\"index, follow, max-snippet:-1, max-image-preview:large, max-video-preview:-1\" \/>\n<link rel=\"canonical\" href=\"https:\/\/www.iemj.org\/en\/fonds-maurice-el-medioni\/\" \/>\n<meta property=\"og:locale\" content=\"en_US\" \/>\n<meta property=\"og:type\" content=\"article\" \/>\n<meta property=\"og:title\" content=\"MAURICE EL M\u00c9DIONI COLLECTION - Institut Europ\u00e9en des Musiques Juives\" \/>\n<meta property=\"og:description\" content=\"Pianist, composer, arranger and performer Maurice El M\u00e9dioni (1928-2024), born in Oran (Algeria), was a major figure in Arabo-Andalusian music, rai and Franco-Arabic chanson. During his long career, he accompanied\" \/>\n<meta property=\"og:url\" content=\"https:\/\/www.iemj.org\/en\/fonds-maurice-el-medioni\/\" \/>\n<meta property=\"og:site_name\" content=\"Institut Europ\u00e9en des Musiques Juives\" \/>\n<meta property=\"article:publisher\" content=\"https:\/\/www.facebook.com\/MusiquesJuives\/\" \/>\n<meta property=\"article:published_time\" content=\"2024-04-03T15:06:17+00:00\" \/>\n<meta property=\"article:modified_time\" content=\"2024-04-03T15:58:08+00:00\" \/>\n<meta property=\"og:image\" content=\"https:\/\/www.iemj.org\/wp-content\/uploads\/2024\/04\/Logo-Fonds-M-El-Medioni.jpg\" \/>\n\t<meta property=\"og:image:width\" content=\"500\" \/>\n\t<meta property=\"og:image:height\" content=\"500\" \/>\n\t<meta property=\"og:image:type\" content=\"image\/jpeg\" \/>\n<meta name=\"author\" content=\"Jacqueline ROTEN\" \/>\n<meta name=\"twitter:card\" content=\"summary_large_image\" \/>\n<meta name=\"twitter:label1\" content=\"Written by\" \/>\n\t<meta name=\"twitter:data1\" content=\"Jacqueline ROTEN\" \/>\n\t<meta name=\"twitter:label2\" content=\"Est. reading time\" \/>\n\t<meta name=\"twitter:data2\" content=\"3 minutes\" \/>\n<script type=\"application\/ld+json\" class=\"yoast-schema-graph\">{\"@context\":\"https:\\\/\\\/schema.org\",\"@graph\":[{\"@type\":\"Article\",\"@id\":\"https:\\\/\\\/www.iemj.org\\\/en\\\/fonds-maurice-el-medioni\\\/#article\",\"isPartOf\":{\"@id\":\"https:\\\/\\\/www.iemj.org\\\/en\\\/fonds-maurice-el-medioni\\\/\"},\"author\":{\"name\":\"Jacqueline ROTEN\",\"@id\":\"https:\\\/\\\/www.iemj.org\\\/en\\\/#\\\/schema\\\/person\\\/358e26c18aca017fcc4cc15437f7279c\"},\"headline\":\"MAURICE EL M\u00c9DIONI COLLECTION\",\"datePublished\":\"2024-04-03T15:06:17+00:00\",\"dateModified\":\"2024-04-03T15:58:08+00:00\",\"mainEntityOfPage\":{\"@id\":\"https:\\\/\\\/www.iemj.org\\\/en\\\/fonds-maurice-el-medioni\\\/\"},\"wordCount\":172,\"publisher\":{\"@id\":\"https:\\\/\\\/www.iemj.org\\\/en\\\/#organization\"},\"image\":{\"@id\":\"https:\\\/\\\/www.iemj.org\\\/en\\\/fonds-maurice-el-medioni\\\/#primaryimage\"},\"thumbnailUrl\":\"https:\\\/\\\/www.iemj.org\\\/wp-content\\\/uploads\\\/2024\\\/04\\\/Logo-Fonds-M-El-Medioni.jpg\",\"articleSection\":[\"Fonds principaux\"],\"inLanguage\":\"en-US\"},{\"@type\":\"WebPage\",\"@id\":\"https:\\\/\\\/www.iemj.org\\\/en\\\/fonds-maurice-el-medioni\\\/\",\"url\":\"https:\\\/\\\/www.iemj.org\\\/en\\\/fonds-maurice-el-medioni\\\/\",\"name\":\"MAURICE EL M\u00c9DIONI COLLECTION - Institut Europ\u00e9en des Musiques Juives\",\"isPartOf\":{\"@id\":\"https:\\\/\\\/www.iemj.org\\\/en\\\/#website\"},\"primaryImageOfPage\":{\"@id\":\"https:\\\/\\\/www.iemj.org\\\/en\\\/fonds-maurice-el-medioni\\\/#primaryimage\"},\"image\":{\"@id\":\"https:\\\/\\\/www.iemj.org\\\/en\\\/fonds-maurice-el-medioni\\\/#primaryimage\"},\"thumbnailUrl\":\"https:\\\/\\\/www.iemj.org\\\/wp-content\\\/uploads\\\/2024\\\/04\\\/Logo-Fonds-M-El-Medioni.jpg\",\"datePublished\":\"2024-04-03T15:06:17+00:00\",\"dateModified\":\"2024-04-03T15:58:08+00:00\",\"breadcrumb\":{\"@id\":\"https:\\\/\\\/www.iemj.org\\\/en\\\/fonds-maurice-el-medioni\\\/#breadcrumb\"},\"inLanguage\":\"en-US\",\"potentialAction\":[{\"@type\":\"ReadAction\",\"target\":[\"https:\\\/\\\/www.iemj.org\\\/en\\\/fonds-maurice-el-medioni\\\/\"]}]},{\"@type\":\"ImageObject\",\"inLanguage\":\"en-US\",\"@id\":\"https:\\\/\\\/www.iemj.org\\\/en\\\/fonds-maurice-el-medioni\\\/#primaryimage\",\"url\":\"https:\\\/\\\/www.iemj.org\\\/wp-content\\\/uploads\\\/2024\\\/04\\\/Logo-Fonds-M-El-Medioni.jpg\",\"contentUrl\":\"https:\\\/\\\/www.iemj.org\\\/wp-content\\\/uploads\\\/2024\\\/04\\\/Logo-Fonds-M-El-Medioni.jpg\",\"width\":500,\"height\":500},{\"@type\":\"BreadcrumbList\",\"@id\":\"https:\\\/\\\/www.iemj.org\\\/en\\\/fonds-maurice-el-medioni\\\/#breadcrumb\",\"itemListElement\":[{\"@type\":\"ListItem\",\"position\":1,\"name\":\"Accueil\",\"item\":\"https:\\\/\\\/www.iemj.org\\\/en\\\/\"},{\"@type\":\"ListItem\",\"position\":2,\"name\":\"MAURICE EL M\u00c9DIONI COLLECTION\"}]},{\"@type\":\"WebSite\",\"@id\":\"https:\\\/\\\/www.iemj.org\\\/en\\\/#website\",\"url\":\"https:\\\/\\\/www.iemj.org\\\/en\\\/\",\"name\":\"Institut Europ\u00e9en des Musiques Juives\",\"description\":\"Des traditions musicales \u00e0 la port\u00e9e de tous\",\"publisher\":{\"@id\":\"https:\\\/\\\/www.iemj.org\\\/en\\\/#organization\"},\"potentialAction\":[{\"@type\":\"SearchAction\",\"target\":{\"@type\":\"EntryPoint\",\"urlTemplate\":\"https:\\\/\\\/www.iemj.org\\\/en\\\/?s={search_term_string}\"},\"query-input\":{\"@type\":\"PropertyValueSpecification\",\"valueRequired\":true,\"valueName\":\"search_term_string\"}}],\"inLanguage\":\"en-US\"},{\"@type\":\"Organization\",\"@id\":\"https:\\\/\\\/www.iemj.org\\\/en\\\/#organization\",\"name\":\"Institut Europ\u00e9en des Musiques Juives\",\"url\":\"https:\\\/\\\/www.iemj.org\\\/en\\\/\",\"logo\":{\"@type\":\"ImageObject\",\"inLanguage\":\"en-US\",\"@id\":\"https:\\\/\\\/www.iemj.org\\\/en\\\/#\\\/schema\\\/logo\\\/image\\\/\",\"url\":\"https:\\\/\\\/www.iemj.org\\\/wp-content\\\/uploads\\\/2021\\\/09\\\/Logo-IEMJ-Paypal.jpg\",\"contentUrl\":\"https:\\\/\\\/www.iemj.org\\\/wp-content\\\/uploads\\\/2021\\\/09\\\/Logo-IEMJ-Paypal.jpg\",\"width\":150,\"height\":50,\"caption\":\"Institut Europ\u00e9en des Musiques Juives\"},\"image\":{\"@id\":\"https:\\\/\\\/www.iemj.org\\\/en\\\/#\\\/schema\\\/logo\\\/image\\\/\"},\"sameAs\":[\"https:\\\/\\\/www.facebook.com\\\/MusiquesJuives\\\/\",\"https:\\\/\\\/www.instagram.com\\\/musiquesjuives\\\/\",\"https:\\\/\\\/www.youtube.com\\\/user\\\/musiquesjuives\"]},{\"@type\":\"Person\",\"@id\":\"https:\\\/\\\/www.iemj.org\\\/en\\\/#\\\/schema\\\/person\\\/358e26c18aca017fcc4cc15437f7279c\",\"name\":\"Jacqueline ROTEN\",\"image\":{\"@type\":\"ImageObject\",\"inLanguage\":\"en-US\",\"@id\":\"https:\\\/\\\/secure.gravatar.com\\\/avatar\\\/5964256d6c6957de3a3505278957e0fb2a35119ac47ea41827a65301213c810b?s=96&d=mm&r=g\",\"url\":\"https:\\\/\\\/secure.gravatar.com\\\/avatar\\\/5964256d6c6957de3a3505278957e0fb2a35119ac47ea41827a65301213c810b?s=96&d=mm&r=g\",\"contentUrl\":\"https:\\\/\\\/secure.gravatar.com\\\/avatar\\\/5964256d6c6957de3a3505278957e0fb2a35119ac47ea41827a65301213c810b?s=96&d=mm&r=g\",\"caption\":\"Jacqueline ROTEN\"}}]}<\/script>\n<!-- \/ Yoast SEO plugin. -->","yoast_head_json":{"title":"MAURICE EL M\u00c9DIONI COLLECTION - Institut Europ\u00e9en des Musiques Juives","robots":{"index":"index","follow":"follow","max-snippet":"max-snippet:-1","max-image-preview":"max-image-preview:large","max-video-preview":"max-video-preview:-1"},"canonical":"https:\/\/www.iemj.org\/en\/fonds-maurice-el-medioni\/","og_locale":"en_US","og_type":"article","og_title":"MAURICE EL M\u00c9DIONI COLLECTION - Institut Europ\u00e9en des Musiques Juives","og_description":"Pianist, composer, arranger and performer Maurice El M\u00e9dioni (1928-2024), born in Oran (Algeria), was a major figure in Arabo-Andalusian music, rai and Franco-Arabic chanson. During his long career, he accompanied","og_url":"https:\/\/www.iemj.org\/en\/fonds-maurice-el-medioni\/","og_site_name":"Institut Europ\u00e9en des Musiques Juives","article_publisher":"https:\/\/www.facebook.com\/MusiquesJuives\/","article_published_time":"2024-04-03T15:06:17+00:00","article_modified_time":"2024-04-03T15:58:08+00:00","og_image":[{"width":500,"height":500,"url":"https:\/\/www.iemj.org\/wp-content\/uploads\/2024\/04\/Logo-Fonds-M-El-Medioni.jpg","type":"image\/jpeg"}],"author":"Jacqueline ROTEN","twitter_card":"summary_large_image","twitter_misc":{"Written by":"Jacqueline ROTEN","Est. reading time":"3 minutes"},"schema":{"@context":"https:\/\/schema.org","@graph":[{"@type":"Article","@id":"https:\/\/www.iemj.org\/en\/fonds-maurice-el-medioni\/#article","isPartOf":{"@id":"https:\/\/www.iemj.org\/en\/fonds-maurice-el-medioni\/"},"author":{"name":"Jacqueline ROTEN","@id":"https:\/\/www.iemj.org\/en\/#\/schema\/person\/358e26c18aca017fcc4cc15437f7279c"},"headline":"MAURICE EL M\u00c9DIONI COLLECTION","datePublished":"2024-04-03T15:06:17+00:00","dateModified":"2024-04-03T15:58:08+00:00","mainEntityOfPage":{"@id":"https:\/\/www.iemj.org\/en\/fonds-maurice-el-medioni\/"},"wordCount":172,"publisher":{"@id":"https:\/\/www.iemj.org\/en\/#organization"},"image":{"@id":"https:\/\/www.iemj.org\/en\/fonds-maurice-el-medioni\/#primaryimage"},"thumbnailUrl":"https:\/\/www.iemj.org\/wp-content\/uploads\/2024\/04\/Logo-Fonds-M-El-Medioni.jpg","articleSection":["Fonds principaux"],"inLanguage":"en-US"},{"@type":"WebPage","@id":"https:\/\/www.iemj.org\/en\/fonds-maurice-el-medioni\/","url":"https:\/\/www.iemj.org\/en\/fonds-maurice-el-medioni\/","name":"MAURICE EL M\u00c9DIONI COLLECTION - Institut Europ\u00e9en des Musiques Juives","isPartOf":{"@id":"https:\/\/www.iemj.org\/en\/#website"},"primaryImageOfPage":{"@id":"https:\/\/www.iemj.org\/en\/fonds-maurice-el-medioni\/#primaryimage"},"image":{"@id":"https:\/\/www.iemj.org\/en\/fonds-maurice-el-medioni\/#primaryimage"},"thumbnailUrl":"https:\/\/www.iemj.org\/wp-content\/uploads\/2024\/04\/Logo-Fonds-M-El-Medioni.jpg","datePublished":"2024-04-03T15:06:17+00:00","dateModified":"2024-04-03T15:58:08+00:00","breadcrumb":{"@id":"https:\/\/www.iemj.org\/en\/fonds-maurice-el-medioni\/#breadcrumb"},"inLanguage":"en-US","potentialAction":[{"@type":"ReadAction","target":["https:\/\/www.iemj.org\/en\/fonds-maurice-el-medioni\/"]}]},{"@type":"ImageObject","inLanguage":"en-US","@id":"https:\/\/www.iemj.org\/en\/fonds-maurice-el-medioni\/#primaryimage","url":"https:\/\/www.iemj.org\/wp-content\/uploads\/2024\/04\/Logo-Fonds-M-El-Medioni.jpg","contentUrl":"https:\/\/www.iemj.org\/wp-content\/uploads\/2024\/04\/Logo-Fonds-M-El-Medioni.jpg","width":500,"height":500},{"@type":"BreadcrumbList","@id":"https:\/\/www.iemj.org\/en\/fonds-maurice-el-medioni\/#breadcrumb","itemListElement":[{"@type":"ListItem","position":1,"name":"Accueil","item":"https:\/\/www.iemj.org\/en\/"},{"@type":"ListItem","position":2,"name":"MAURICE EL M\u00c9DIONI COLLECTION"}]},{"@type":"WebSite","@id":"https:\/\/www.iemj.org\/en\/#website","url":"https:\/\/www.iemj.org\/en\/","name":"Institut Europ\u00e9en des Musiques Juives","description":"Des traditions musicales \u00e0 la port\u00e9e de tous","publisher":{"@id":"https:\/\/www.iemj.org\/en\/#organization"},"potentialAction":[{"@type":"SearchAction","target":{"@type":"EntryPoint","urlTemplate":"https:\/\/www.iemj.org\/en\/?s={search_term_string}"},"query-input":{"@type":"PropertyValueSpecification","valueRequired":true,"valueName":"search_term_string"}}],"inLanguage":"en-US"},{"@type":"Organization","@id":"https:\/\/www.iemj.org\/en\/#organization","name":"Institut Europ\u00e9en des Musiques Juives","url":"https:\/\/www.iemj.org\/en\/","logo":{"@type":"ImageObject","inLanguage":"en-US","@id":"https:\/\/www.iemj.org\/en\/#\/schema\/logo\/image\/","url":"https:\/\/www.iemj.org\/wp-content\/uploads\/2021\/09\/Logo-IEMJ-Paypal.jpg","contentUrl":"https:\/\/www.iemj.org\/wp-content\/uploads\/2021\/09\/Logo-IEMJ-Paypal.jpg","width":150,"height":50,"caption":"Institut Europ\u00e9en des Musiques Juives"},"image":{"@id":"https:\/\/www.iemj.org\/en\/#\/schema\/logo\/image\/"},"sameAs":["https:\/\/www.facebook.com\/MusiquesJuives\/","https:\/\/www.instagram.com\/musiquesjuives\/","https:\/\/www.youtube.com\/user\/musiquesjuives"]},{"@type":"Person","@id":"https:\/\/www.iemj.org\/en\/#\/schema\/person\/358e26c18aca017fcc4cc15437f7279c","name":"Jacqueline ROTEN","image":{"@type":"ImageObject","inLanguage":"en-US","@id":"https:\/\/secure.gravatar.com\/avatar\/5964256d6c6957de3a3505278957e0fb2a35119ac47ea41827a65301213c810b?s=96&d=mm&r=g","url":"https:\/\/secure.gravatar.com\/avatar\/5964256d6c6957de3a3505278957e0fb2a35119ac47ea41827a65301213c810b?s=96&d=mm&r=g","contentUrl":"https:\/\/secure.gravatar.com\/avatar\/5964256d6c6957de3a3505278957e0fb2a35119ac47ea41827a65301213c810b?s=96&d=mm&r=g","caption":"Jacqueline ROTEN"}}]}},"_links":{"self":[{"href":"https:\/\/www.iemj.org\/en\/wp-json\/wp\/v2\/posts\/110914","targetHints":{"allow":["GET"]}}],"collection":[{"href":"https:\/\/www.iemj.org\/en\/wp-json\/wp\/v2\/posts"}],"about":[{"href":"https:\/\/www.iemj.org\/en\/wp-json\/wp\/v2\/types\/post"}],"author":[{"embeddable":true,"href":"https:\/\/www.iemj.org\/en\/wp-json\/wp\/v2\/users\/5"}],"replies":[{"embeddable":true,"href":"https:\/\/www.iemj.org\/en\/wp-json\/wp\/v2\/comments?post=110914"}],"version-history":[{"count":0,"href":"https:\/\/www.iemj.org\/en\/wp-json\/wp\/v2\/posts\/110914\/revisions"}],"wp:featuredmedia":[{"embeddable":true,"href":"https:\/\/www.iemj.org\/en\/wp-json\/wp\/v2\/media\/110898"}],"wp:attachment":[{"href":"https:\/\/www.iemj.org\/en\/wp-json\/wp\/v2\/media?parent=110914"}],"wp:term":[{"taxonomy":"category","embeddable":true,"href":"https:\/\/www.iemj.org\/en\/wp-json\/wp\/v2\/categories?post=110914"},{"taxonomy":"post_tag","embeddable":true,"href":"https:\/\/www.iemj.org\/en\/wp-json\/wp\/v2\/tags?post=110914"},{"taxonomy":"technique","embeddable":true,"href":"https:\/\/www.iemj.org\/en\/wp-json\/wp\/v2\/technique?post=110914"},{"taxonomy":"squelettes","embeddable":true,"href":"https:\/\/www.iemj.org\/en\/wp-json\/wp\/v2\/squelettes?post=110914"},{"taxonomy":"sujet","embeddable":true,"href":"https:\/\/www.iemj.org\/en\/wp-json\/wp\/v2\/sujet?post=110914"},{"taxonomy":"formation","embeddable":true,"href":"https:\/\/www.iemj.org\/en\/wp-json\/wp\/v2\/formation?post=110914"},{"taxonomy":"genre","embeddable":true,"href":"https:\/\/www.iemj.org\/en\/wp-json\/wp\/v2\/genre?post=110914"},{"taxonomy":"fonds","embeddable":true,"href":"https:\/\/www.iemj.org\/en\/wp-json\/wp\/v2\/fonds?post=110914"},{"taxonomy":"tradition","embeddable":true,"href":"https:\/\/www.iemj.org\/en\/wp-json\/wp\/v2\/tradition?post=110914"},{"taxonomy":"type-de-contenu","embeddable":true,"href":"https:\/\/www.iemj.org\/en\/wp-json\/wp\/v2\/type-de-contenu?post=110914"},{"taxonomy":"interprete-compositeur","embeddable":true,"href":"https:\/\/www.iemj.org\/en\/wp-json\/wp\/v2\/interprete-compositeur?post=110914"},{"taxonomy":"frise","embeddable":true,"href":"https:\/\/www.iemj.org\/en\/wp-json\/wp\/v2\/frise?post=110914"},{"taxonomy":"type-devenement","embeddable":true,"href":"https:\/\/www.iemj.org\/en\/wp-json\/wp\/v2\/type-devenement?post=110914"},{"taxonomy":"tableaux-liens-externes","embeddable":true,"href":"https:\/\/www.iemj.org\/en\/wp-json\/wp\/v2\/tableaux-liens-externes?post=110914"}],"curies":[{"name":"wp","href":"https:\/\/api.w.org\/{rel}","templated":true}]}}