{"id":11096,"date":"2016-06-08T14:57:40","date_gmt":"2016-06-08T12:57:40","guid":{"rendered":"https:\/\/www.iemj.org\/2016\/06\/08\/shavuot-a-door-into-the-8th-dimension\/"},"modified":"2025-05-27T12:14:45","modified_gmt":"2025-05-27T10:14:45","slug":"shavuot-a-door-into-the-8th-dimension","status":"publish","type":"post","link":"https:\/\/www.iemj.org\/en\/shavuot-a-door-into-the-8th-dimension\/","title":{"rendered":"Shavuot &#8211; a door into the 8th dimension"},"content":{"rendered":"<p class=\"post_excerpt\"><strong>MUSIQUES JUIVES D\u2019HIER ET D\u2019AUJOURD\u2019HUI &#8211; TUESDAY JUNE 7, 2016, JUDA\u00cfQUES FM (94.8), 21H05. Radio program in French<br \/><\/strong><\/p>\n<p><!--more--><br \/>Considered as one of the major Jewish holidays such as <em>Roch Ha-Shana<\/em>, <em>Yom Kippur<\/em>, <em>Succot<\/em> or <em>Pesach<\/em>, <em>Shavuot<\/em> is a solemnity for more than one reason. First of all, its date is not mentioned in the Torah: it is simply described in the <em>Book of Leviticus (XXIII 15)<\/em> as happening seven weeks after the second day of <em>Passover<\/em>. It is therefore necessary to count the days and weeks, hence the name <em>Shavuot <\/em> which means in Hebrew \u201cweeks\u201d.<\/p>\n<p>This countdown of days coincides with the counting of the <em>Omer<\/em>, this last word defining a volume of cereals that were offered in the Temple of Jerusalem. On this basis, <em>Shavuot<\/em> is part of the three pilgrimage holidays (<em>Passover<\/em>, <em>Shavuot<\/em> and <em>Succot<\/em>) that took place in ancient Israel from the beginning of spring until the end of harvest in fall.<\/p>\n<p>Shavuot has another feature: the reading at the synagogue of the story of the giving of the Torah enacted on Mount Sinai as it appears in chapters XIX and XX of the <em>Book of Exodus<\/em>. The link this holiday makes with the giving of the Torah leads to various customs such as: staying awake on the night of the holiday (<em>Tikun Leil Shavuot<\/em>), eat milk products, read the <em>Book of Ruth<\/em> as well as the <em>Hazharot<\/em>, (sort of paraphrases of the 10 commandments) and the <em>Hakdamot<\/em> (introductive sections of the Mishna written by Maimonide [1138-1204]). It is also after <em>Shavuot<\/em> that weddings &#8211; forbidden since the 1st day of the <em>Omer<\/em> \u2013 are celebrated again, establishing a symbolic relation between the holy gift of the Tables of the Law to the People of Israel, and the union of a man and a woman.<\/p>\n<p>In a musical point of view, <em>Shavuot<\/em> doesn\u2019t have specific melodies or prayers, but has its own <em>noussa\u2019h<\/em>. This word which means in Hebrew \u201cversion\u201d designates a proper ritual of one or several communities, and a musical mode used by these communities depending on the ceremony.<br \/>To each holiday is associated a specific melody and musical motive which lets any worshipper identify immediately in which time of the religious year he is. Music plays therefore a role of marker in time and space.<\/p>\n<p>Jacques Arnold, cantor and rabbi, will guide us all along this musical journey through space and time, which will maybe make us pass through the 8th dimension?<\/p>\n<p><a href=\"https:\/\/www.iemj.org\/en\/chavouot\/\" target=\"_blank\" rel=\"noopener\">Listen to the a first Shavuot playlist.<\/a><\/p>\n<p><a href=\"https:\/\/www.iemj.org\/en\/chavouot-2eme-partie\/\" target=\"_blank\" rel=\"noopener\">Listen to the a second Shavuot playlist.<\/a><\/p>\n<p><em><img decoding=\"async\" class=\" alignleft size-full wp-image-25839\" src=\"https:\/\/www.iemj.org\/wp-content\/uploads\/2019\/10\/herve_photo_retouche_fond_uni_bleu_500px.jpg\" alt=\"herve_photo_retouche_fond_uni_bleu_500px.jpg\" width=\"140\" height=\"189\" align=\"left\" \/>Officer of the Ordre of Arts and letters, PhD in musicology at Paris University Sorbonne, prize-winning graduate from the Conservatoire National Sup\u00e9rieur de Musique et de Danse de Paris, Herv\u00e9 Roten is the director of the European Institute of Jewish Music since its creation in 2006.<br \/>Ethnomusicologist, he quickly developed an interest in the safeguard and digitization of archives, subjects he taught for several years in Reims and Marne-La-Vall\u00e9e universities.<br \/>Author of many articles, books and recordings related to Jewish music, producer of radio programs, Herv\u00e9 Roten is recognized today as one of the best specialists of Jewish music in the world.<\/em><\/p>\n\n<div class=\"wp-block-image\">\n<figure class=\"aligncenter size-large\"><img fetchpriority=\"high\" decoding=\"async\" width=\"1024\" height=\"133\" src=\"https:\/\/www.iemj.org\/wp-content\/uploads\/2024\/03\/AUDIO-PLAYER-1024x133.png\" alt=\"\" class=\"wp-image-110607\" srcset=\"https:\/\/www.iemj.org\/wp-content\/uploads\/2024\/03\/AUDIO-PLAYER-1024x133.png 1024w, https:\/\/www.iemj.org\/wp-content\/uploads\/2024\/03\/AUDIO-PLAYER-300x39.png 300w, https:\/\/www.iemj.org\/wp-content\/uploads\/2024\/03\/AUDIO-PLAYER-768x100.png 768w, https:\/\/www.iemj.org\/wp-content\/uploads\/2024\/03\/AUDIO-PLAYER-600x78.png 600w, https:\/\/www.iemj.org\/wp-content\/uploads\/2024\/03\/AUDIO-PLAYER.png 1210w\" sizes=\"(max-width: 1024px) 100vw, 1024px\" \/><\/figure>\n<\/div>\n\n\n<h2 class=\"wp-block-heading\"><\/h2>\n\n\n\n<div class=\"wp-block-file\"><a href=\"https:\/\/www.iemj.org\/wp-content\/uploads\/2016\/06\/jfm50_chavouot_mp3_v128kbs.mp3\">Chavouot &#8211; une entr\u00e9e dans la huiti\u00e8me dimension &#8211; Herv\u00e9 Roten (Juda\u00efques FM 94.8)<\/a><\/div>\n","protected":false},"excerpt":{"rendered":"<p>MUSIQUES JUIVES D\u2019HIER ET D\u2019AUJOURD\u2019HUI &#8211; TUESDAY JUNE 7, 2016, JUDA\u00cfQUES FM (94.8), 21H05. Radio program in French<\/p>\n","protected":false},"author":1048,"featured_media":11094,"comment_status":"closed","ping_status":"open","sticky":false,"template":"","format":"standard","meta":{"_acf_changed":false,"footnotes":""},"categories":[2162,899],"tags":[2210],"technique":[],"squelettes":[],"sujet":[],"formation":[],"genre":[1116],"fonds":[],"tradition":[],"type-de-contenu":[],"interprete-compositeur":[],"frise":[],"type-devenement":[],"tableaux-liens-externes":[],"class_list":["post-11096","post","type-post","status-publish","format-standard","has-post-thumbnail","hentry","category-herve-rotens-programs-en","category-radio-programs-en","tag-radio-shows-from-the-eijm-en","genre-liturgy"],"acf":[],"yoast_head":"<!-- This site is optimized with the Yoast SEO plugin v27.3 - https:\/\/yoast.com\/product\/yoast-seo-wordpress\/ -->\n<title>Shavuot - a door into the 8th dimension - Institut Europ\u00e9en des Musiques Juives<\/title>\n<meta name=\"robots\" content=\"index, follow, max-snippet:-1, max-image-preview:large, max-video-preview:-1\" \/>\n<link rel=\"canonical\" href=\"https:\/\/www.iemj.org\/en\/shavuot-a-door-into-the-8th-dimension\/\" \/>\n<meta property=\"og:locale\" content=\"en_US\" \/>\n<meta property=\"og:type\" content=\"article\" \/>\n<meta property=\"og:title\" content=\"Shavuot - a door into the 8th dimension - Institut Europ\u00e9en des Musiques Juives\" \/>\n<meta property=\"og:description\" content=\"MUSIQUES JUIVES D\u2019HIER ET D\u2019AUJOURD\u2019HUI &#8211; TUESDAY JUNE 7, 2016, JUDA\u00cfQUES FM (94.8), 21H05. Radio program in French\" \/>\n<meta property=\"og:url\" content=\"https:\/\/www.iemj.org\/en\/shavuot-a-door-into-the-8th-dimension\/\" \/>\n<meta property=\"og:site_name\" content=\"Institut Europ\u00e9en des Musiques Juives\" \/>\n<meta property=\"article:publisher\" content=\"https:\/\/www.facebook.com\/MusiquesJuives\/\" \/>\n<meta property=\"article:published_time\" content=\"2016-06-08T12:57:40+00:00\" \/>\n<meta property=\"article:modified_time\" content=\"2025-05-27T10:14:45+00:00\" \/>\n<meta property=\"og:image\" content=\"https:\/\/www.iemj.org\/wp-content\/uploads\/2016\/06\/arton1766.jpg\" \/>\n\t<meta property=\"og:image:width\" content=\"136\" \/>\n\t<meta property=\"og:image:height\" content=\"136\" \/>\n\t<meta property=\"og:image:type\" content=\"image\/jpeg\" \/>\n<meta name=\"author\" content=\"Jean-Gabriel Davis\" \/>\n<meta name=\"twitter:card\" content=\"summary_large_image\" \/>\n<meta name=\"twitter:label1\" content=\"Written by\" \/>\n\t<meta name=\"twitter:data1\" content=\"Jean-Gabriel Davis\" \/>\n\t<meta name=\"twitter:label2\" content=\"Est. reading time\" \/>\n\t<meta name=\"twitter:data2\" content=\"4 minutes\" \/>\n<script type=\"application\/ld+json\" class=\"yoast-schema-graph\">{\"@context\":\"https:\\\/\\\/schema.org\",\"@graph\":[{\"@type\":\"Article\",\"@id\":\"https:\\\/\\\/www.iemj.org\\\/en\\\/shavuot-a-door-into-the-8th-dimension\\\/#article\",\"isPartOf\":{\"@id\":\"https:\\\/\\\/www.iemj.org\\\/en\\\/shavuot-a-door-into-the-8th-dimension\\\/\"},\"author\":{\"name\":\"Jean-Gabriel Davis\",\"@id\":\"https:\\\/\\\/www.iemj.org\\\/en\\\/#\\\/schema\\\/person\\\/c9bc1c386a3749579a2d675e72a18666\"},\"headline\":\"Shavuot &#8211; a door into the 8th dimension\",\"datePublished\":\"2016-06-08T12:57:40+00:00\",\"dateModified\":\"2025-05-27T10:14:45+00:00\",\"mainEntityOfPage\":{\"@id\":\"https:\\\/\\\/www.iemj.org\\\/en\\\/shavuot-a-door-into-the-8th-dimension\\\/\"},\"wordCount\":549,\"publisher\":{\"@id\":\"https:\\\/\\\/www.iemj.org\\\/en\\\/#organization\"},\"image\":{\"@id\":\"https:\\\/\\\/www.iemj.org\\\/en\\\/shavuot-a-door-into-the-8th-dimension\\\/#primaryimage\"},\"thumbnailUrl\":\"https:\\\/\\\/www.iemj.org\\\/wp-content\\\/uploads\\\/2016\\\/06\\\/arton1766.jpg\",\"keywords\":[\"Radio programs from the EIJM\"],\"articleSection\":[\"Herv\u00e9 Roten's Programs\",\"Radio programs\"],\"inLanguage\":\"en-US\"},{\"@type\":\"WebPage\",\"@id\":\"https:\\\/\\\/www.iemj.org\\\/en\\\/shavuot-a-door-into-the-8th-dimension\\\/\",\"url\":\"https:\\\/\\\/www.iemj.org\\\/en\\\/shavuot-a-door-into-the-8th-dimension\\\/\",\"name\":\"Shavuot - a door into the 8th dimension - Institut Europ\u00e9en des Musiques Juives\",\"isPartOf\":{\"@id\":\"https:\\\/\\\/www.iemj.org\\\/en\\\/#website\"},\"primaryImageOfPage\":{\"@id\":\"https:\\\/\\\/www.iemj.org\\\/en\\\/shavuot-a-door-into-the-8th-dimension\\\/#primaryimage\"},\"image\":{\"@id\":\"https:\\\/\\\/www.iemj.org\\\/en\\\/shavuot-a-door-into-the-8th-dimension\\\/#primaryimage\"},\"thumbnailUrl\":\"https:\\\/\\\/www.iemj.org\\\/wp-content\\\/uploads\\\/2016\\\/06\\\/arton1766.jpg\",\"datePublished\":\"2016-06-08T12:57:40+00:00\",\"dateModified\":\"2025-05-27T10:14:45+00:00\",\"breadcrumb\":{\"@id\":\"https:\\\/\\\/www.iemj.org\\\/en\\\/shavuot-a-door-into-the-8th-dimension\\\/#breadcrumb\"},\"inLanguage\":\"en-US\",\"potentialAction\":[{\"@type\":\"ReadAction\",\"target\":[\"https:\\\/\\\/www.iemj.org\\\/en\\\/shavuot-a-door-into-the-8th-dimension\\\/\"]}]},{\"@type\":\"ImageObject\",\"inLanguage\":\"en-US\",\"@id\":\"https:\\\/\\\/www.iemj.org\\\/en\\\/shavuot-a-door-into-the-8th-dimension\\\/#primaryimage\",\"url\":\"https:\\\/\\\/www.iemj.org\\\/wp-content\\\/uploads\\\/2016\\\/06\\\/arton1766.jpg\",\"contentUrl\":\"https:\\\/\\\/www.iemj.org\\\/wp-content\\\/uploads\\\/2016\\\/06\\\/arton1766.jpg\",\"width\":136,\"height\":136},{\"@type\":\"BreadcrumbList\",\"@id\":\"https:\\\/\\\/www.iemj.org\\\/en\\\/shavuot-a-door-into-the-8th-dimension\\\/#breadcrumb\",\"itemListElement\":[{\"@type\":\"ListItem\",\"position\":1,\"name\":\"Accueil\",\"item\":\"https:\\\/\\\/www.iemj.org\\\/en\\\/\"},{\"@type\":\"ListItem\",\"position\":2,\"name\":\"Shavuot &#8211; a door into the 8th dimension\"}]},{\"@type\":\"WebSite\",\"@id\":\"https:\\\/\\\/www.iemj.org\\\/en\\\/#website\",\"url\":\"https:\\\/\\\/www.iemj.org\\\/en\\\/\",\"name\":\"Institut Europ\u00e9en des Musiques Juives\",\"description\":\"Des traditions musicales \u00e0 la port\u00e9e de tous\",\"publisher\":{\"@id\":\"https:\\\/\\\/www.iemj.org\\\/en\\\/#organization\"},\"potentialAction\":[{\"@type\":\"SearchAction\",\"target\":{\"@type\":\"EntryPoint\",\"urlTemplate\":\"https:\\\/\\\/www.iemj.org\\\/en\\\/?s={search_term_string}\"},\"query-input\":{\"@type\":\"PropertyValueSpecification\",\"valueRequired\":true,\"valueName\":\"search_term_string\"}}],\"inLanguage\":\"en-US\"},{\"@type\":\"Organization\",\"@id\":\"https:\\\/\\\/www.iemj.org\\\/en\\\/#organization\",\"name\":\"Institut Europ\u00e9en des Musiques Juives\",\"url\":\"https:\\\/\\\/www.iemj.org\\\/en\\\/\",\"logo\":{\"@type\":\"ImageObject\",\"inLanguage\":\"en-US\",\"@id\":\"https:\\\/\\\/www.iemj.org\\\/en\\\/#\\\/schema\\\/logo\\\/image\\\/\",\"url\":\"https:\\\/\\\/www.iemj.org\\\/wp-content\\\/uploads\\\/2021\\\/09\\\/Logo-IEMJ-Paypal.jpg\",\"contentUrl\":\"https:\\\/\\\/www.iemj.org\\\/wp-content\\\/uploads\\\/2021\\\/09\\\/Logo-IEMJ-Paypal.jpg\",\"width\":150,\"height\":50,\"caption\":\"Institut Europ\u00e9en des Musiques Juives\"},\"image\":{\"@id\":\"https:\\\/\\\/www.iemj.org\\\/en\\\/#\\\/schema\\\/logo\\\/image\\\/\"},\"sameAs\":[\"https:\\\/\\\/www.facebook.com\\\/MusiquesJuives\\\/\",\"https:\\\/\\\/www.instagram.com\\\/musiquesjuives\\\/\",\"https:\\\/\\\/www.youtube.com\\\/user\\\/musiquesjuives\"]},{\"@type\":\"Person\",\"@id\":\"https:\\\/\\\/www.iemj.org\\\/en\\\/#\\\/schema\\\/person\\\/c9bc1c386a3749579a2d675e72a18666\",\"name\":\"Jean-Gabriel Davis\",\"image\":{\"@type\":\"ImageObject\",\"inLanguage\":\"en-US\",\"@id\":\"https:\\\/\\\/secure.gravatar.com\\\/avatar\\\/2b90d67bdf392c9b3a21fab87c0fa7edaf1fb3a058172a1ffd61033fcec7aec1?s=96&d=mm&r=g\",\"url\":\"https:\\\/\\\/secure.gravatar.com\\\/avatar\\\/2b90d67bdf392c9b3a21fab87c0fa7edaf1fb3a058172a1ffd61033fcec7aec1?s=96&d=mm&r=g\",\"contentUrl\":\"https:\\\/\\\/secure.gravatar.com\\\/avatar\\\/2b90d67bdf392c9b3a21fab87c0fa7edaf1fb3a058172a1ffd61033fcec7aec1?s=96&d=mm&r=g\",\"caption\":\"Jean-Gabriel Davis\"}}]}<\/script>\n<!-- \/ Yoast SEO plugin. -->","yoast_head_json":{"title":"Shavuot - a door into the 8th dimension - Institut Europ\u00e9en des Musiques Juives","robots":{"index":"index","follow":"follow","max-snippet":"max-snippet:-1","max-image-preview":"max-image-preview:large","max-video-preview":"max-video-preview:-1"},"canonical":"https:\/\/www.iemj.org\/en\/shavuot-a-door-into-the-8th-dimension\/","og_locale":"en_US","og_type":"article","og_title":"Shavuot - a door into the 8th dimension - Institut Europ\u00e9en des Musiques Juives","og_description":"MUSIQUES JUIVES D\u2019HIER ET D\u2019AUJOURD\u2019HUI &#8211; TUESDAY JUNE 7, 2016, JUDA\u00cfQUES FM (94.8), 21H05. Radio program in French","og_url":"https:\/\/www.iemj.org\/en\/shavuot-a-door-into-the-8th-dimension\/","og_site_name":"Institut Europ\u00e9en des Musiques Juives","article_publisher":"https:\/\/www.facebook.com\/MusiquesJuives\/","article_published_time":"2016-06-08T12:57:40+00:00","article_modified_time":"2025-05-27T10:14:45+00:00","og_image":[{"width":136,"height":136,"url":"https:\/\/www.iemj.org\/wp-content\/uploads\/2016\/06\/arton1766.jpg","type":"image\/jpeg"}],"author":"Jean-Gabriel Davis","twitter_card":"summary_large_image","twitter_misc":{"Written by":"Jean-Gabriel Davis","Est. reading time":"4 minutes"},"schema":{"@context":"https:\/\/schema.org","@graph":[{"@type":"Article","@id":"https:\/\/www.iemj.org\/en\/shavuot-a-door-into-the-8th-dimension\/#article","isPartOf":{"@id":"https:\/\/www.iemj.org\/en\/shavuot-a-door-into-the-8th-dimension\/"},"author":{"name":"Jean-Gabriel Davis","@id":"https:\/\/www.iemj.org\/en\/#\/schema\/person\/c9bc1c386a3749579a2d675e72a18666"},"headline":"Shavuot &#8211; a door into the 8th dimension","datePublished":"2016-06-08T12:57:40+00:00","dateModified":"2025-05-27T10:14:45+00:00","mainEntityOfPage":{"@id":"https:\/\/www.iemj.org\/en\/shavuot-a-door-into-the-8th-dimension\/"},"wordCount":549,"publisher":{"@id":"https:\/\/www.iemj.org\/en\/#organization"},"image":{"@id":"https:\/\/www.iemj.org\/en\/shavuot-a-door-into-the-8th-dimension\/#primaryimage"},"thumbnailUrl":"https:\/\/www.iemj.org\/wp-content\/uploads\/2016\/06\/arton1766.jpg","keywords":["Radio programs from the EIJM"],"articleSection":["Herv\u00e9 Roten's Programs","Radio programs"],"inLanguage":"en-US"},{"@type":"WebPage","@id":"https:\/\/www.iemj.org\/en\/shavuot-a-door-into-the-8th-dimension\/","url":"https:\/\/www.iemj.org\/en\/shavuot-a-door-into-the-8th-dimension\/","name":"Shavuot - a door into the 8th dimension - Institut Europ\u00e9en des Musiques Juives","isPartOf":{"@id":"https:\/\/www.iemj.org\/en\/#website"},"primaryImageOfPage":{"@id":"https:\/\/www.iemj.org\/en\/shavuot-a-door-into-the-8th-dimension\/#primaryimage"},"image":{"@id":"https:\/\/www.iemj.org\/en\/shavuot-a-door-into-the-8th-dimension\/#primaryimage"},"thumbnailUrl":"https:\/\/www.iemj.org\/wp-content\/uploads\/2016\/06\/arton1766.jpg","datePublished":"2016-06-08T12:57:40+00:00","dateModified":"2025-05-27T10:14:45+00:00","breadcrumb":{"@id":"https:\/\/www.iemj.org\/en\/shavuot-a-door-into-the-8th-dimension\/#breadcrumb"},"inLanguage":"en-US","potentialAction":[{"@type":"ReadAction","target":["https:\/\/www.iemj.org\/en\/shavuot-a-door-into-the-8th-dimension\/"]}]},{"@type":"ImageObject","inLanguage":"en-US","@id":"https:\/\/www.iemj.org\/en\/shavuot-a-door-into-the-8th-dimension\/#primaryimage","url":"https:\/\/www.iemj.org\/wp-content\/uploads\/2016\/06\/arton1766.jpg","contentUrl":"https:\/\/www.iemj.org\/wp-content\/uploads\/2016\/06\/arton1766.jpg","width":136,"height":136},{"@type":"BreadcrumbList","@id":"https:\/\/www.iemj.org\/en\/shavuot-a-door-into-the-8th-dimension\/#breadcrumb","itemListElement":[{"@type":"ListItem","position":1,"name":"Accueil","item":"https:\/\/www.iemj.org\/en\/"},{"@type":"ListItem","position":2,"name":"Shavuot &#8211; a door into the 8th dimension"}]},{"@type":"WebSite","@id":"https:\/\/www.iemj.org\/en\/#website","url":"https:\/\/www.iemj.org\/en\/","name":"Institut Europ\u00e9en des Musiques Juives","description":"Des traditions musicales \u00e0 la port\u00e9e de tous","publisher":{"@id":"https:\/\/www.iemj.org\/en\/#organization"},"potentialAction":[{"@type":"SearchAction","target":{"@type":"EntryPoint","urlTemplate":"https:\/\/www.iemj.org\/en\/?s={search_term_string}"},"query-input":{"@type":"PropertyValueSpecification","valueRequired":true,"valueName":"search_term_string"}}],"inLanguage":"en-US"},{"@type":"Organization","@id":"https:\/\/www.iemj.org\/en\/#organization","name":"Institut Europ\u00e9en des Musiques Juives","url":"https:\/\/www.iemj.org\/en\/","logo":{"@type":"ImageObject","inLanguage":"en-US","@id":"https:\/\/www.iemj.org\/en\/#\/schema\/logo\/image\/","url":"https:\/\/www.iemj.org\/wp-content\/uploads\/2021\/09\/Logo-IEMJ-Paypal.jpg","contentUrl":"https:\/\/www.iemj.org\/wp-content\/uploads\/2021\/09\/Logo-IEMJ-Paypal.jpg","width":150,"height":50,"caption":"Institut Europ\u00e9en des Musiques Juives"},"image":{"@id":"https:\/\/www.iemj.org\/en\/#\/schema\/logo\/image\/"},"sameAs":["https:\/\/www.facebook.com\/MusiquesJuives\/","https:\/\/www.instagram.com\/musiquesjuives\/","https:\/\/www.youtube.com\/user\/musiquesjuives"]},{"@type":"Person","@id":"https:\/\/www.iemj.org\/en\/#\/schema\/person\/c9bc1c386a3749579a2d675e72a18666","name":"Jean-Gabriel Davis","image":{"@type":"ImageObject","inLanguage":"en-US","@id":"https:\/\/secure.gravatar.com\/avatar\/2b90d67bdf392c9b3a21fab87c0fa7edaf1fb3a058172a1ffd61033fcec7aec1?s=96&d=mm&r=g","url":"https:\/\/secure.gravatar.com\/avatar\/2b90d67bdf392c9b3a21fab87c0fa7edaf1fb3a058172a1ffd61033fcec7aec1?s=96&d=mm&r=g","contentUrl":"https:\/\/secure.gravatar.com\/avatar\/2b90d67bdf392c9b3a21fab87c0fa7edaf1fb3a058172a1ffd61033fcec7aec1?s=96&d=mm&r=g","caption":"Jean-Gabriel Davis"}}]}},"_links":{"self":[{"href":"https:\/\/www.iemj.org\/en\/wp-json\/wp\/v2\/posts\/11096","targetHints":{"allow":["GET"]}}],"collection":[{"href":"https:\/\/www.iemj.org\/en\/wp-json\/wp\/v2\/posts"}],"about":[{"href":"https:\/\/www.iemj.org\/en\/wp-json\/wp\/v2\/types\/post"}],"author":[{"embeddable":true,"href":"https:\/\/www.iemj.org\/en\/wp-json\/wp\/v2\/users\/1048"}],"replies":[{"embeddable":true,"href":"https:\/\/www.iemj.org\/en\/wp-json\/wp\/v2\/comments?post=11096"}],"version-history":[{"count":0,"href":"https:\/\/www.iemj.org\/en\/wp-json\/wp\/v2\/posts\/11096\/revisions"}],"wp:featuredmedia":[{"embeddable":true,"href":"https:\/\/www.iemj.org\/en\/wp-json\/wp\/v2\/media\/11094"}],"wp:attachment":[{"href":"https:\/\/www.iemj.org\/en\/wp-json\/wp\/v2\/media?parent=11096"}],"wp:term":[{"taxonomy":"category","embeddable":true,"href":"https:\/\/www.iemj.org\/en\/wp-json\/wp\/v2\/categories?post=11096"},{"taxonomy":"post_tag","embeddable":true,"href":"https:\/\/www.iemj.org\/en\/wp-json\/wp\/v2\/tags?post=11096"},{"taxonomy":"technique","embeddable":true,"href":"https:\/\/www.iemj.org\/en\/wp-json\/wp\/v2\/technique?post=11096"},{"taxonomy":"squelettes","embeddable":true,"href":"https:\/\/www.iemj.org\/en\/wp-json\/wp\/v2\/squelettes?post=11096"},{"taxonomy":"sujet","embeddable":true,"href":"https:\/\/www.iemj.org\/en\/wp-json\/wp\/v2\/sujet?post=11096"},{"taxonomy":"formation","embeddable":true,"href":"https:\/\/www.iemj.org\/en\/wp-json\/wp\/v2\/formation?post=11096"},{"taxonomy":"genre","embeddable":true,"href":"https:\/\/www.iemj.org\/en\/wp-json\/wp\/v2\/genre?post=11096"},{"taxonomy":"fonds","embeddable":true,"href":"https:\/\/www.iemj.org\/en\/wp-json\/wp\/v2\/fonds?post=11096"},{"taxonomy":"tradition","embeddable":true,"href":"https:\/\/www.iemj.org\/en\/wp-json\/wp\/v2\/tradition?post=11096"},{"taxonomy":"type-de-contenu","embeddable":true,"href":"https:\/\/www.iemj.org\/en\/wp-json\/wp\/v2\/type-de-contenu?post=11096"},{"taxonomy":"interprete-compositeur","embeddable":true,"href":"https:\/\/www.iemj.org\/en\/wp-json\/wp\/v2\/interprete-compositeur?post=11096"},{"taxonomy":"frise","embeddable":true,"href":"https:\/\/www.iemj.org\/en\/wp-json\/wp\/v2\/frise?post=11096"},{"taxonomy":"type-devenement","embeddable":true,"href":"https:\/\/www.iemj.org\/en\/wp-json\/wp\/v2\/type-devenement?post=11096"},{"taxonomy":"tableaux-liens-externes","embeddable":true,"href":"https:\/\/www.iemj.org\/en\/wp-json\/wp\/v2\/tableaux-liens-externes?post=11096"}],"curies":[{"name":"wp","href":"https:\/\/api.w.org\/{rel}","templated":true}]}}