{"id":112835,"date":"2024-06-20T12:14:41","date_gmt":"2024-06-20T10:14:41","guid":{"rendered":"https:\/\/www.iemj.org\/darius-milhaud-et-ses-oeuvres-inspirees-de-la-tradition-juive\/"},"modified":"2024-06-20T14:41:06","modified_gmt":"2024-06-20T12:41:06","slug":"darius-milhaud-et-ses-oeuvres-inspirees-de-la-tradition-juive","status":"publish","type":"post","link":"https:\/\/www.iemj.org\/en\/darius-milhaud-et-ses-oeuvres-inspirees-de-la-tradition-juive\/","title":{"rendered":"Darius Milhaud and his works inspired by Jewish tradition"},"content":{"rendered":"<p>Born in Marseille on September 4, 1892, <a href=\"https:\/\/www.iemj.org\/en\/milhaud-darius-1892-1974\/\" target=\"_blank\" rel=\"noopener\">Darius Milhaud<\/a> came from an old Jewish family in the Comtat Venaissin region of France. Author of a prolific oeuvre (443 opus numbers!), Darius Milhaud tackled every genre: opera, chamber music, symphonic music, concertos, ballets and vocal music. His musical language is marked by polytonality and polyrhythm. He draws his inspiration from jazz, Brazilian, African and Proven\u00e7al Jewish music. He defines himself as &#8220;French from Provence and of Israelite religion&#8221;.<\/p>\n<p>Written between 1916 and 1974, Milhaud&#8217;s Jewish-inspired works are mainly vocal. They are rooted in Judeo-Comtadin traditions, such as Po\u00e8mes juifs (1916), the opera Esther de Carpentras (1925-1927), Chants populaires h\u00e9bra\u00efques (1925), Pri\u00e8res journali\u00e8res \u00e0 l&#8217;usage des Juifs du Comtat Venaissin <img fetchpriority=\"high\" decoding=\"async\" class=\"alignright wp-image-112770 size-medium\" src=\"https:\/\/www.iemj.org\/wp-content\/uploads\/2024\/06\/Couv-Trois-cantates-de-Darius-Milhaud-D33-30_1926_VIG-290x300.jpg\" alt=\"\" width=\"290\" height=\"300\" srcset=\"https:\/\/www.iemj.org\/wp-content\/uploads\/2024\/06\/Couv-Trois-cantates-de-Darius-Milhaud-D33-30_1926_VIG-290x300.jpg 290w, https:\/\/www.iemj.org\/wp-content\/uploads\/2024\/06\/Couv-Trois-cantates-de-Darius-Milhaud-D33-30_1926_VIG-768x795.jpg 768w, https:\/\/www.iemj.org\/wp-content\/uploads\/2024\/06\/Couv-Trois-cantates-de-Darius-Milhaud-D33-30_1926_VIG-600x621.jpg 600w, https:\/\/www.iemj.org\/wp-content\/uploads\/2024\/06\/Couv-Trois-cantates-de-Darius-Milhaud-D33-30_1926_VIG.jpg 773w\" sizes=\"(max-width: 290px) 100vw, 290px\" \/>(1927), Liturgie comtadine (1933), Cantate nuptiale (1937), Couronne de gloire (1940)&#8230; The Second World War, and Milhaud&#8217;s exile to the USA in 1940, led to a broader awareness of his Jewishness, which is reflected in his later works: <em>Borechou-Schema Israel<\/em> (1944), <em>Kaddish<\/em> (1945), <em>Service sacr\u00e9 pour le samedi matin<\/em> (1947), <em>Lekha dodi<\/em> (1948), <em>Cantate des Proverbes<\/em> (1951), <a href=\"https:\/\/www.iemj.org\/en\/le-candelabre-a-sept-branches-1951-de-darius-milhaud\/\" target=\"_blank\" rel=\"noopener\"><em>Le Cand\u00e9labre \u00e0 sept branches<\/em><\/a> (1951), the oratorio <em>David<\/em> composed in 1952-1953 for the third millennium of Jerusalem in 1954, <em>Le Dibbouk<\/em> (1963) or the cantata <em>Ani Maamin<\/em> (1972) on a text by Elie Wiesel, which recounts the horrors committed at Auschwitz. Treblinka, Maidanek&#8230; places where more than twenty of the composer&#8217;s cousins perished.<\/p>\n<p>The playlist below features excerpts from several of his iconic Jewish works, among them the <em>Etude sur des th\u00e8mes liturgiques du Comtat Venaissin<\/em>, the <em>Chants populaires h\u00e9bra\u00efques<\/em>, the <em>Cantate des proverbes<\/em>, <em>Couronne de gloire<\/em>, <em>Ani Maamin<\/em>, <em>Ca\u00efn et Abel<\/em>, as well as various Hebrew prayers (<em>Lekha dodi<\/em>, <em>Adon olam<\/em>\u2026)<\/p>\n<p><a href=\"https:\/\/www.iemj.org\/en\/milhaud-darius-1892-1974\/\" target=\"_blank\" rel=\"noopener\">Read Darius Milhaud&#8217;s biography<\/a><\/p>\n<p><a href=\"https:\/\/www.iemj.org\/en\/le-candelabre-a-sept-branches-1951-de-darius-milhaud\/\" target=\"_blank\" rel=\"noopener\">Read the article Le Cand\u00e9labre \u00e0 Sept branches by Darius Milhaud<\/a><\/p>\n\n\n<div class=\"wp-block-group\"><div class=\"wp-block-group__inner-container is-layout-constrained wp-block-group-is-layout-constrained\">\n<div class=\"wp-block-columns is-layout-flex wp-container-core-columns-is-layout-9d6595d7 wp-block-columns-is-layout-flex\">\n<div class=\"wp-block-column is-layout-flow wp-block-column-is-layout-flow\" style=\"flex-basis:100%\">\n<figure class=\"wp-block-gallery has-nested-images columns-default is-cropped wp-block-gallery-1 is-layout-flex wp-block-gallery-is-layout-flex\">\n<figure class=\"wp-block-image size-large\"><img decoding=\"async\" width=\"800\" height=\"778\" data-id=\"112692\" src=\"https:\/\/www.iemj.org\/wp-content\/uploads\/2024\/06\/Couv-Cantate-Ani-maamin-CD_493_VIG.jpg\" alt=\"\" class=\"wp-image-112692\" srcset=\"https:\/\/www.iemj.org\/wp-content\/uploads\/2024\/06\/Couv-Cantate-Ani-maamin-CD_493_VIG.jpg 800w, https:\/\/www.iemj.org\/wp-content\/uploads\/2024\/06\/Couv-Cantate-Ani-maamin-CD_493_VIG-300x292.jpg 300w, https:\/\/www.iemj.org\/wp-content\/uploads\/2024\/06\/Couv-Cantate-Ani-maamin-CD_493_VIG-768x747.jpg 768w, https:\/\/www.iemj.org\/wp-content\/uploads\/2024\/06\/Couv-Cantate-Ani-maamin-CD_493_VIG-600x584.jpg 600w\" sizes=\"(max-width: 800px) 100vw, 800px\" \/><\/figure>\n\n\n\n<figure class=\"wp-block-image size-large\"><img decoding=\"async\" width=\"772\" height=\"800\" data-id=\"112760\" src=\"https:\/\/www.iemj.org\/wp-content\/uploads\/2024\/06\/4e-de-couv-Darius-Milhaud-Trois-cantates-sacrees_D33-30_1926_VIG4.jpg\" alt=\"\" class=\"wp-image-112760\" srcset=\"https:\/\/www.iemj.org\/wp-content\/uploads\/2024\/06\/4e-de-couv-Darius-Milhaud-Trois-cantates-sacrees_D33-30_1926_VIG4.jpg 772w, https:\/\/www.iemj.org\/wp-content\/uploads\/2024\/06\/4e-de-couv-Darius-Milhaud-Trois-cantates-sacrees_D33-30_1926_VIG4-290x300.jpg 290w, https:\/\/www.iemj.org\/wp-content\/uploads\/2024\/06\/4e-de-couv-Darius-Milhaud-Trois-cantates-sacrees_D33-30_1926_VIG4-768x796.jpg 768w, https:\/\/www.iemj.org\/wp-content\/uploads\/2024\/06\/4e-de-couv-Darius-Milhaud-Trois-cantates-sacrees_D33-30_1926_VIG4-600x622.jpg 600w\" sizes=\"(max-width: 772px) 100vw, 772px\" \/><\/figure>\n\n\n\n<figure class=\"wp-block-image size-large\"><img loading=\"lazy\" decoding=\"async\" width=\"800\" height=\"797\" data-id=\"112765\" src=\"https:\/\/www.iemj.org\/wp-content\/uploads\/2024\/06\/Couv-CD-Service-sacre-Milken-Archives-CD_114_VIG.jpg\" alt=\"\" class=\"wp-image-112765\" srcset=\"https:\/\/www.iemj.org\/wp-content\/uploads\/2024\/06\/Couv-CD-Service-sacre-Milken-Archives-CD_114_VIG.jpg 800w, https:\/\/www.iemj.org\/wp-content\/uploads\/2024\/06\/Couv-CD-Service-sacre-Milken-Archives-CD_114_VIG-300x300.jpg 300w, https:\/\/www.iemj.org\/wp-content\/uploads\/2024\/06\/Couv-CD-Service-sacre-Milken-Archives-CD_114_VIG-150x150.jpg 150w, https:\/\/www.iemj.org\/wp-content\/uploads\/2024\/06\/Couv-CD-Service-sacre-Milken-Archives-CD_114_VIG-768x765.jpg 768w, https:\/\/www.iemj.org\/wp-content\/uploads\/2024\/06\/Couv-CD-Service-sacre-Milken-Archives-CD_114_VIG-600x598.jpg 600w, https:\/\/www.iemj.org\/wp-content\/uploads\/2024\/06\/Couv-CD-Service-sacre-Milken-Archives-CD_114_VIG-100x100.jpg 100w\" sizes=\"(max-width: 800px) 100vw, 800px\" \/><\/figure>\n<\/figure>\n\n\n\n<figure class=\"wp-block-image size-large is-resized\"><img loading=\"lazy\" decoding=\"async\" width=\"1024\" height=\"133\" src=\"https:\/\/www.iemj.org\/wp-content\/uploads\/2024\/03\/AUDIO-PLAYER-1024x133.png\" alt=\"\" class=\"wp-image-110608\" style=\"width:1206px;height:auto\" srcset=\"https:\/\/www.iemj.org\/wp-content\/uploads\/2024\/03\/AUDIO-PLAYER-1024x133.png 1024w, https:\/\/www.iemj.org\/wp-content\/uploads\/2024\/03\/AUDIO-PLAYER-300x39.png 300w, https:\/\/www.iemj.org\/wp-content\/uploads\/2024\/03\/AUDIO-PLAYER-768x100.png 768w, https:\/\/www.iemj.org\/wp-content\/uploads\/2024\/03\/AUDIO-PLAYER-600x78.png 600w, https:\/\/www.iemj.org\/wp-content\/uploads\/2024\/03\/AUDIO-PLAYER.png 1210w\" sizes=\"(max-width: 1024px) 100vw, 1024px\" \/><\/figure>\n<\/div>\n<\/div>\n<\/div><\/div>\n","protected":false},"excerpt":{"rendered":"<p>Born in Marseille on September 4, 1892, Darius Milhaud came from an old Jewish family in the Comtat Venaissin region of France. Author of a prolific oeuvre (443 opus numbers!),<\/p>\n","protected":false},"author":5,"featured_media":112736,"comment_status":"closed","ping_status":"closed","sticky":false,"template":"","format":"standard","meta":{"_acf_changed":false,"footnotes":""},"categories":[1317],"tags":[],"technique":[],"squelettes":[],"sujet":[],"formation":[],"genre":[],"fonds":[],"tradition":[],"type-de-contenu":[],"interprete-compositeur":[3128],"frise":[],"type-devenement":[],"tableaux-liens-externes":[],"class_list":["post-112835","post","type-post","status-publish","format-standard","has-post-thumbnail","hentry","category-playlists-en","interprete-compositeur-darius-milhaud-en"],"acf":[],"yoast_head":"<!-- This site is optimized with the Yoast SEO plugin v27.3 - https:\/\/yoast.com\/product\/yoast-seo-wordpress\/ -->\n<title>Darius Milhaud and his works inspired by Jewish tradition - Institut Europ\u00e9en des Musiques Juives<\/title>\n<meta name=\"robots\" content=\"index, follow, max-snippet:-1, max-image-preview:large, max-video-preview:-1\" \/>\n<link rel=\"canonical\" href=\"https:\/\/www.iemj.org\/en\/darius-milhaud-et-ses-oeuvres-inspirees-de-la-tradition-juive\/\" \/>\n<meta property=\"og:locale\" content=\"en_US\" \/>\n<meta property=\"og:type\" content=\"article\" \/>\n<meta property=\"og:title\" content=\"Darius Milhaud and his works inspired by Jewish tradition - Institut Europ\u00e9en des Musiques Juives\" \/>\n<meta property=\"og:description\" content=\"Born in Marseille on September 4, 1892, Darius Milhaud came from an old Jewish family in the Comtat Venaissin region of France. Author of a prolific oeuvre (443 opus numbers!),\" \/>\n<meta property=\"og:url\" content=\"https:\/\/www.iemj.org\/en\/darius-milhaud-et-ses-oeuvres-inspirees-de-la-tradition-juive\/\" \/>\n<meta property=\"og:site_name\" content=\"Institut Europ\u00e9en des Musiques Juives\" \/>\n<meta property=\"article:publisher\" content=\"https:\/\/www.facebook.com\/MusiquesJuives\/\" \/>\n<meta property=\"article:published_time\" content=\"2024-06-20T10:14:41+00:00\" \/>\n<meta property=\"article:modified_time\" content=\"2024-06-20T12:41:06+00:00\" \/>\n<meta property=\"og:image\" content=\"https:\/\/www.iemj.org\/wp-content\/uploads\/2024\/06\/Logo-Playlist-D.-Milhaud.jpg\" \/>\n\t<meta property=\"og:image:width\" content=\"500\" \/>\n\t<meta property=\"og:image:height\" content=\"500\" \/>\n\t<meta property=\"og:image:type\" content=\"image\/jpeg\" \/>\n<meta name=\"author\" content=\"Jacqueline ROTEN\" \/>\n<meta name=\"twitter:card\" content=\"summary_large_image\" \/>\n<meta name=\"twitter:label1\" content=\"Written by\" \/>\n\t<meta name=\"twitter:data1\" content=\"Jacqueline ROTEN\" \/>\n\t<meta name=\"twitter:label2\" content=\"Est. reading time\" \/>\n\t<meta name=\"twitter:data2\" content=\"3 minutes\" \/>\n<script type=\"application\/ld+json\" class=\"yoast-schema-graph\">{\"@context\":\"https:\\\/\\\/schema.org\",\"@graph\":[{\"@type\":\"Article\",\"@id\":\"https:\\\/\\\/www.iemj.org\\\/en\\\/darius-milhaud-et-ses-oeuvres-inspirees-de-la-tradition-juive\\\/#article\",\"isPartOf\":{\"@id\":\"https:\\\/\\\/www.iemj.org\\\/en\\\/darius-milhaud-et-ses-oeuvres-inspirees-de-la-tradition-juive\\\/\"},\"author\":{\"name\":\"Jacqueline ROTEN\",\"@id\":\"https:\\\/\\\/www.iemj.org\\\/en\\\/#\\\/schema\\\/person\\\/358e26c18aca017fcc4cc15437f7279c\"},\"headline\":\"Darius Milhaud and his works inspired by Jewish tradition\",\"datePublished\":\"2024-06-20T10:14:41+00:00\",\"dateModified\":\"2024-06-20T12:41:06+00:00\",\"mainEntityOfPage\":{\"@id\":\"https:\\\/\\\/www.iemj.org\\\/en\\\/darius-milhaud-et-ses-oeuvres-inspirees-de-la-tradition-juive\\\/\"},\"wordCount\":295,\"publisher\":{\"@id\":\"https:\\\/\\\/www.iemj.org\\\/en\\\/#organization\"},\"image\":{\"@id\":\"https:\\\/\\\/www.iemj.org\\\/en\\\/darius-milhaud-et-ses-oeuvres-inspirees-de-la-tradition-juive\\\/#primaryimage\"},\"thumbnailUrl\":\"https:\\\/\\\/www.iemj.org\\\/wp-content\\\/uploads\\\/2024\\\/06\\\/Logo-Playlist-D.-Milhaud.jpg\",\"articleSection\":[\"Playlists\"],\"inLanguage\":\"en-US\"},{\"@type\":\"WebPage\",\"@id\":\"https:\\\/\\\/www.iemj.org\\\/en\\\/darius-milhaud-et-ses-oeuvres-inspirees-de-la-tradition-juive\\\/\",\"url\":\"https:\\\/\\\/www.iemj.org\\\/en\\\/darius-milhaud-et-ses-oeuvres-inspirees-de-la-tradition-juive\\\/\",\"name\":\"Darius Milhaud and his works inspired by Jewish tradition - Institut Europ\u00e9en des Musiques Juives\",\"isPartOf\":{\"@id\":\"https:\\\/\\\/www.iemj.org\\\/en\\\/#website\"},\"primaryImageOfPage\":{\"@id\":\"https:\\\/\\\/www.iemj.org\\\/en\\\/darius-milhaud-et-ses-oeuvres-inspirees-de-la-tradition-juive\\\/#primaryimage\"},\"image\":{\"@id\":\"https:\\\/\\\/www.iemj.org\\\/en\\\/darius-milhaud-et-ses-oeuvres-inspirees-de-la-tradition-juive\\\/#primaryimage\"},\"thumbnailUrl\":\"https:\\\/\\\/www.iemj.org\\\/wp-content\\\/uploads\\\/2024\\\/06\\\/Logo-Playlist-D.-Milhaud.jpg\",\"datePublished\":\"2024-06-20T10:14:41+00:00\",\"dateModified\":\"2024-06-20T12:41:06+00:00\",\"breadcrumb\":{\"@id\":\"https:\\\/\\\/www.iemj.org\\\/en\\\/darius-milhaud-et-ses-oeuvres-inspirees-de-la-tradition-juive\\\/#breadcrumb\"},\"inLanguage\":\"en-US\",\"potentialAction\":[{\"@type\":\"ReadAction\",\"target\":[\"https:\\\/\\\/www.iemj.org\\\/en\\\/darius-milhaud-et-ses-oeuvres-inspirees-de-la-tradition-juive\\\/\"]}]},{\"@type\":\"ImageObject\",\"inLanguage\":\"en-US\",\"@id\":\"https:\\\/\\\/www.iemj.org\\\/en\\\/darius-milhaud-et-ses-oeuvres-inspirees-de-la-tradition-juive\\\/#primaryimage\",\"url\":\"https:\\\/\\\/www.iemj.org\\\/wp-content\\\/uploads\\\/2024\\\/06\\\/Logo-Playlist-D.-Milhaud.jpg\",\"contentUrl\":\"https:\\\/\\\/www.iemj.org\\\/wp-content\\\/uploads\\\/2024\\\/06\\\/Logo-Playlist-D.-Milhaud.jpg\",\"width\":500,\"height\":500},{\"@type\":\"BreadcrumbList\",\"@id\":\"https:\\\/\\\/www.iemj.org\\\/en\\\/darius-milhaud-et-ses-oeuvres-inspirees-de-la-tradition-juive\\\/#breadcrumb\",\"itemListElement\":[{\"@type\":\"ListItem\",\"position\":1,\"name\":\"Accueil\",\"item\":\"https:\\\/\\\/www.iemj.org\\\/en\\\/\"},{\"@type\":\"ListItem\",\"position\":2,\"name\":\"Darius Milhaud and his works inspired by Jewish tradition\"}]},{\"@type\":\"WebSite\",\"@id\":\"https:\\\/\\\/www.iemj.org\\\/en\\\/#website\",\"url\":\"https:\\\/\\\/www.iemj.org\\\/en\\\/\",\"name\":\"Institut Europ\u00e9en des Musiques Juives\",\"description\":\"Des traditions musicales \u00e0 la port\u00e9e de tous\",\"publisher\":{\"@id\":\"https:\\\/\\\/www.iemj.org\\\/en\\\/#organization\"},\"potentialAction\":[{\"@type\":\"SearchAction\",\"target\":{\"@type\":\"EntryPoint\",\"urlTemplate\":\"https:\\\/\\\/www.iemj.org\\\/en\\\/?s={search_term_string}\"},\"query-input\":{\"@type\":\"PropertyValueSpecification\",\"valueRequired\":true,\"valueName\":\"search_term_string\"}}],\"inLanguage\":\"en-US\"},{\"@type\":\"Organization\",\"@id\":\"https:\\\/\\\/www.iemj.org\\\/en\\\/#organization\",\"name\":\"Institut Europ\u00e9en des Musiques Juives\",\"url\":\"https:\\\/\\\/www.iemj.org\\\/en\\\/\",\"logo\":{\"@type\":\"ImageObject\",\"inLanguage\":\"en-US\",\"@id\":\"https:\\\/\\\/www.iemj.org\\\/en\\\/#\\\/schema\\\/logo\\\/image\\\/\",\"url\":\"https:\\\/\\\/www.iemj.org\\\/wp-content\\\/uploads\\\/2021\\\/09\\\/Logo-IEMJ-Paypal.jpg\",\"contentUrl\":\"https:\\\/\\\/www.iemj.org\\\/wp-content\\\/uploads\\\/2021\\\/09\\\/Logo-IEMJ-Paypal.jpg\",\"width\":150,\"height\":50,\"caption\":\"Institut Europ\u00e9en des Musiques Juives\"},\"image\":{\"@id\":\"https:\\\/\\\/www.iemj.org\\\/en\\\/#\\\/schema\\\/logo\\\/image\\\/\"},\"sameAs\":[\"https:\\\/\\\/www.facebook.com\\\/MusiquesJuives\\\/\",\"https:\\\/\\\/www.instagram.com\\\/musiquesjuives\\\/\",\"https:\\\/\\\/www.youtube.com\\\/user\\\/musiquesjuives\"]},{\"@type\":\"Person\",\"@id\":\"https:\\\/\\\/www.iemj.org\\\/en\\\/#\\\/schema\\\/person\\\/358e26c18aca017fcc4cc15437f7279c\",\"name\":\"Jacqueline ROTEN\",\"image\":{\"@type\":\"ImageObject\",\"inLanguage\":\"en-US\",\"@id\":\"https:\\\/\\\/secure.gravatar.com\\\/avatar\\\/5964256d6c6957de3a3505278957e0fb2a35119ac47ea41827a65301213c810b?s=96&d=mm&r=g\",\"url\":\"https:\\\/\\\/secure.gravatar.com\\\/avatar\\\/5964256d6c6957de3a3505278957e0fb2a35119ac47ea41827a65301213c810b?s=96&d=mm&r=g\",\"contentUrl\":\"https:\\\/\\\/secure.gravatar.com\\\/avatar\\\/5964256d6c6957de3a3505278957e0fb2a35119ac47ea41827a65301213c810b?s=96&d=mm&r=g\",\"caption\":\"Jacqueline ROTEN\"}}]}<\/script>\n<!-- \/ Yoast SEO plugin. -->","yoast_head_json":{"title":"Darius Milhaud and his works inspired by Jewish tradition - Institut Europ\u00e9en des Musiques Juives","robots":{"index":"index","follow":"follow","max-snippet":"max-snippet:-1","max-image-preview":"max-image-preview:large","max-video-preview":"max-video-preview:-1"},"canonical":"https:\/\/www.iemj.org\/en\/darius-milhaud-et-ses-oeuvres-inspirees-de-la-tradition-juive\/","og_locale":"en_US","og_type":"article","og_title":"Darius Milhaud and his works inspired by Jewish tradition - Institut Europ\u00e9en des Musiques Juives","og_description":"Born in Marseille on September 4, 1892, Darius Milhaud came from an old Jewish family in the Comtat Venaissin region of France. Author of a prolific oeuvre (443 opus numbers!),","og_url":"https:\/\/www.iemj.org\/en\/darius-milhaud-et-ses-oeuvres-inspirees-de-la-tradition-juive\/","og_site_name":"Institut Europ\u00e9en des Musiques Juives","article_publisher":"https:\/\/www.facebook.com\/MusiquesJuives\/","article_published_time":"2024-06-20T10:14:41+00:00","article_modified_time":"2024-06-20T12:41:06+00:00","og_image":[{"width":500,"height":500,"url":"https:\/\/www.iemj.org\/wp-content\/uploads\/2024\/06\/Logo-Playlist-D.-Milhaud.jpg","type":"image\/jpeg"}],"author":"Jacqueline ROTEN","twitter_card":"summary_large_image","twitter_misc":{"Written by":"Jacqueline ROTEN","Est. reading time":"3 minutes"},"schema":{"@context":"https:\/\/schema.org","@graph":[{"@type":"Article","@id":"https:\/\/www.iemj.org\/en\/darius-milhaud-et-ses-oeuvres-inspirees-de-la-tradition-juive\/#article","isPartOf":{"@id":"https:\/\/www.iemj.org\/en\/darius-milhaud-et-ses-oeuvres-inspirees-de-la-tradition-juive\/"},"author":{"name":"Jacqueline ROTEN","@id":"https:\/\/www.iemj.org\/en\/#\/schema\/person\/358e26c18aca017fcc4cc15437f7279c"},"headline":"Darius Milhaud and his works inspired by Jewish tradition","datePublished":"2024-06-20T10:14:41+00:00","dateModified":"2024-06-20T12:41:06+00:00","mainEntityOfPage":{"@id":"https:\/\/www.iemj.org\/en\/darius-milhaud-et-ses-oeuvres-inspirees-de-la-tradition-juive\/"},"wordCount":295,"publisher":{"@id":"https:\/\/www.iemj.org\/en\/#organization"},"image":{"@id":"https:\/\/www.iemj.org\/en\/darius-milhaud-et-ses-oeuvres-inspirees-de-la-tradition-juive\/#primaryimage"},"thumbnailUrl":"https:\/\/www.iemj.org\/wp-content\/uploads\/2024\/06\/Logo-Playlist-D.-Milhaud.jpg","articleSection":["Playlists"],"inLanguage":"en-US"},{"@type":"WebPage","@id":"https:\/\/www.iemj.org\/en\/darius-milhaud-et-ses-oeuvres-inspirees-de-la-tradition-juive\/","url":"https:\/\/www.iemj.org\/en\/darius-milhaud-et-ses-oeuvres-inspirees-de-la-tradition-juive\/","name":"Darius Milhaud and his works inspired by Jewish tradition - Institut Europ\u00e9en des Musiques Juives","isPartOf":{"@id":"https:\/\/www.iemj.org\/en\/#website"},"primaryImageOfPage":{"@id":"https:\/\/www.iemj.org\/en\/darius-milhaud-et-ses-oeuvres-inspirees-de-la-tradition-juive\/#primaryimage"},"image":{"@id":"https:\/\/www.iemj.org\/en\/darius-milhaud-et-ses-oeuvres-inspirees-de-la-tradition-juive\/#primaryimage"},"thumbnailUrl":"https:\/\/www.iemj.org\/wp-content\/uploads\/2024\/06\/Logo-Playlist-D.-Milhaud.jpg","datePublished":"2024-06-20T10:14:41+00:00","dateModified":"2024-06-20T12:41:06+00:00","breadcrumb":{"@id":"https:\/\/www.iemj.org\/en\/darius-milhaud-et-ses-oeuvres-inspirees-de-la-tradition-juive\/#breadcrumb"},"inLanguage":"en-US","potentialAction":[{"@type":"ReadAction","target":["https:\/\/www.iemj.org\/en\/darius-milhaud-et-ses-oeuvres-inspirees-de-la-tradition-juive\/"]}]},{"@type":"ImageObject","inLanguage":"en-US","@id":"https:\/\/www.iemj.org\/en\/darius-milhaud-et-ses-oeuvres-inspirees-de-la-tradition-juive\/#primaryimage","url":"https:\/\/www.iemj.org\/wp-content\/uploads\/2024\/06\/Logo-Playlist-D.-Milhaud.jpg","contentUrl":"https:\/\/www.iemj.org\/wp-content\/uploads\/2024\/06\/Logo-Playlist-D.-Milhaud.jpg","width":500,"height":500},{"@type":"BreadcrumbList","@id":"https:\/\/www.iemj.org\/en\/darius-milhaud-et-ses-oeuvres-inspirees-de-la-tradition-juive\/#breadcrumb","itemListElement":[{"@type":"ListItem","position":1,"name":"Accueil","item":"https:\/\/www.iemj.org\/en\/"},{"@type":"ListItem","position":2,"name":"Darius Milhaud and his works inspired by Jewish tradition"}]},{"@type":"WebSite","@id":"https:\/\/www.iemj.org\/en\/#website","url":"https:\/\/www.iemj.org\/en\/","name":"Institut Europ\u00e9en des Musiques Juives","description":"Des traditions musicales \u00e0 la port\u00e9e de tous","publisher":{"@id":"https:\/\/www.iemj.org\/en\/#organization"},"potentialAction":[{"@type":"SearchAction","target":{"@type":"EntryPoint","urlTemplate":"https:\/\/www.iemj.org\/en\/?s={search_term_string}"},"query-input":{"@type":"PropertyValueSpecification","valueRequired":true,"valueName":"search_term_string"}}],"inLanguage":"en-US"},{"@type":"Organization","@id":"https:\/\/www.iemj.org\/en\/#organization","name":"Institut Europ\u00e9en des Musiques Juives","url":"https:\/\/www.iemj.org\/en\/","logo":{"@type":"ImageObject","inLanguage":"en-US","@id":"https:\/\/www.iemj.org\/en\/#\/schema\/logo\/image\/","url":"https:\/\/www.iemj.org\/wp-content\/uploads\/2021\/09\/Logo-IEMJ-Paypal.jpg","contentUrl":"https:\/\/www.iemj.org\/wp-content\/uploads\/2021\/09\/Logo-IEMJ-Paypal.jpg","width":150,"height":50,"caption":"Institut Europ\u00e9en des Musiques Juives"},"image":{"@id":"https:\/\/www.iemj.org\/en\/#\/schema\/logo\/image\/"},"sameAs":["https:\/\/www.facebook.com\/MusiquesJuives\/","https:\/\/www.instagram.com\/musiquesjuives\/","https:\/\/www.youtube.com\/user\/musiquesjuives"]},{"@type":"Person","@id":"https:\/\/www.iemj.org\/en\/#\/schema\/person\/358e26c18aca017fcc4cc15437f7279c","name":"Jacqueline ROTEN","image":{"@type":"ImageObject","inLanguage":"en-US","@id":"https:\/\/secure.gravatar.com\/avatar\/5964256d6c6957de3a3505278957e0fb2a35119ac47ea41827a65301213c810b?s=96&d=mm&r=g","url":"https:\/\/secure.gravatar.com\/avatar\/5964256d6c6957de3a3505278957e0fb2a35119ac47ea41827a65301213c810b?s=96&d=mm&r=g","contentUrl":"https:\/\/secure.gravatar.com\/avatar\/5964256d6c6957de3a3505278957e0fb2a35119ac47ea41827a65301213c810b?s=96&d=mm&r=g","caption":"Jacqueline ROTEN"}}]}},"_links":{"self":[{"href":"https:\/\/www.iemj.org\/en\/wp-json\/wp\/v2\/posts\/112835","targetHints":{"allow":["GET"]}}],"collection":[{"href":"https:\/\/www.iemj.org\/en\/wp-json\/wp\/v2\/posts"}],"about":[{"href":"https:\/\/www.iemj.org\/en\/wp-json\/wp\/v2\/types\/post"}],"author":[{"embeddable":true,"href":"https:\/\/www.iemj.org\/en\/wp-json\/wp\/v2\/users\/5"}],"replies":[{"embeddable":true,"href":"https:\/\/www.iemj.org\/en\/wp-json\/wp\/v2\/comments?post=112835"}],"version-history":[{"count":0,"href":"https:\/\/www.iemj.org\/en\/wp-json\/wp\/v2\/posts\/112835\/revisions"}],"wp:featuredmedia":[{"embeddable":true,"href":"https:\/\/www.iemj.org\/en\/wp-json\/wp\/v2\/media\/112736"}],"wp:attachment":[{"href":"https:\/\/www.iemj.org\/en\/wp-json\/wp\/v2\/media?parent=112835"}],"wp:term":[{"taxonomy":"category","embeddable":true,"href":"https:\/\/www.iemj.org\/en\/wp-json\/wp\/v2\/categories?post=112835"},{"taxonomy":"post_tag","embeddable":true,"href":"https:\/\/www.iemj.org\/en\/wp-json\/wp\/v2\/tags?post=112835"},{"taxonomy":"technique","embeddable":true,"href":"https:\/\/www.iemj.org\/en\/wp-json\/wp\/v2\/technique?post=112835"},{"taxonomy":"squelettes","embeddable":true,"href":"https:\/\/www.iemj.org\/en\/wp-json\/wp\/v2\/squelettes?post=112835"},{"taxonomy":"sujet","embeddable":true,"href":"https:\/\/www.iemj.org\/en\/wp-json\/wp\/v2\/sujet?post=112835"},{"taxonomy":"formation","embeddable":true,"href":"https:\/\/www.iemj.org\/en\/wp-json\/wp\/v2\/formation?post=112835"},{"taxonomy":"genre","embeddable":true,"href":"https:\/\/www.iemj.org\/en\/wp-json\/wp\/v2\/genre?post=112835"},{"taxonomy":"fonds","embeddable":true,"href":"https:\/\/www.iemj.org\/en\/wp-json\/wp\/v2\/fonds?post=112835"},{"taxonomy":"tradition","embeddable":true,"href":"https:\/\/www.iemj.org\/en\/wp-json\/wp\/v2\/tradition?post=112835"},{"taxonomy":"type-de-contenu","embeddable":true,"href":"https:\/\/www.iemj.org\/en\/wp-json\/wp\/v2\/type-de-contenu?post=112835"},{"taxonomy":"interprete-compositeur","embeddable":true,"href":"https:\/\/www.iemj.org\/en\/wp-json\/wp\/v2\/interprete-compositeur?post=112835"},{"taxonomy":"frise","embeddable":true,"href":"https:\/\/www.iemj.org\/en\/wp-json\/wp\/v2\/frise?post=112835"},{"taxonomy":"type-devenement","embeddable":true,"href":"https:\/\/www.iemj.org\/en\/wp-json\/wp\/v2\/type-devenement?post=112835"},{"taxonomy":"tableaux-liens-externes","embeddable":true,"href":"https:\/\/www.iemj.org\/en\/wp-json\/wp\/v2\/tableaux-liens-externes?post=112835"}],"curies":[{"name":"wp","href":"https:\/\/api.w.org\/{rel}","templated":true}]}}