{"id":113656,"date":"2024-09-06T16:54:07","date_gmt":"2024-09-06T14:54:07","guid":{"rendered":"https:\/\/www.iemj.org\/les-musiques-ashkenazes-en-france-au-concert-ou-a-la-synagogue\/"},"modified":"2025-05-21T16:43:02","modified_gmt":"2025-05-21T14:43:02","slug":"les-musiques-ashkenazes-en-france-au-concert-ou-a-la-synagogue","status":"publish","type":"post","link":"https:\/\/www.iemj.org\/en\/les-musiques-ashkenazes-en-france-au-concert-ou-a-la-synagogue\/","title":{"rendered":"Ashkenazi music in France, at concerts or in synagogue"},"content":{"rendered":"\n<p><\/p>\n<h2>\u00c9tat des lieux, origines, influences, traditions et (re)-cr\u00e9ations<\/h2>\n<h2><strong>Colloque \u2013 Concerts les 20 &amp; 21 octobre 2024<\/strong><\/h2>\n<p><!--more--><\/p>\n<h4>Une initiative de l\u2019Institut Europ\u00e9en des Musiques Juives, de l\u2019Institut de recherche en musicologie (UMR 8223) et de l\u2019Universit\u00e9 de Strasbourg (GEO &#8211; UR 1340)<\/h4>\n<p><!--more--><\/p>\n<h4>En partenariat avec l\u2019Inalco, JEM Culture, le MAHJ et Nitsa<\/h4>\n<p><!--more--><\/p>\n<h4>Avec le soutien de l\u2019European Association for Jewish Studies (EAJS) et de la Fondation Henriette Halphen, sous l\u2019\u00e9gide de la Fondation du Juda\u00efsme Fran\u00e7ais<\/h4>\n<p><!--more--><\/p>\n<p><strong><b>Comit\u00e9 d\u2019organisation\u00a0:<\/b><\/strong> Alexandre Cerveux, J\u00e9r\u00f4me Cler, Alice Mazen, Herv\u00e9 Roten et Mich\u00e8le Tauber<\/p>\n\n<div style=\"height:7px\" aria-hidden=\"true\" class=\"wp-block-spacer\"><\/div>\n<h2 style=\"text-align: center;\"><strong><span style=\"color: #ff0000;\">Vid\u00e9os en bas de page<\/span><\/strong><\/h2>\n\n<div style=\"height:18px\" aria-hidden=\"true\" class=\"wp-block-spacer\"><\/div>\n\n<div class=\"wp-block-columns is-layout-flex wp-container-core-columns-is-layout-9d6595d7 wp-block-columns-is-layout-flex\">\n<div class=\"wp-block-column is-layout-flow wp-block-column-is-layout-flow\">\n<h1><span style=\"color: #3c4b98;\"><strong><b>Dimanche 20 octobre 2024<\/b><\/strong><\/span><\/h1>\n<h2><strong><b>Auditorium du MAHJ<\/b><\/strong><\/h2>\n<h2><strong><b>H\u00f4tel de Saint-Aignan<\/b><\/strong><\/h2>\n<p><strong><b>71 rue du Temple, 75003 Paris<\/b><\/strong><\/p>\n<p style=\"text-align: center;\"><small>&#8212;&#8212;<\/small><\/p>\n<h1><span style=\"color: #3c4b98;\"><em><i>Chanson yiddish et musique klezmer<\/i><\/em><\/span><\/h1>\n<ul>\n<li>9h30 \u2014 Accueil du public.<\/li>\n<li>9h45 \u2014 Pr\u00e9sentation de la journ\u00e9e<\/li>\n<\/ul>\n<h3>La chanson yiddish en France<\/h3>\n<h4 style=\"padding-left: 40px;\">Du th\u00e9\u00e2tre au renouveau de la chanson yiddish dans les ann\u00e9es soixante-dix et suivantes<\/h4>\n<ul>\n<li>10h \u2014 <em><i>Entre sc\u00e8ne et partition : la musique du th\u00e9\u00e2tre yiddish de l\u2019entre-deux-guerres \u00e0 Paris (1919-1939)<\/i><\/em>, par Mich\u00e8le Fornhoff-Levitt<\/li>\n<li>10h30 -11h30 \u2014 <em><i>Le renouveau de la chanson yiddish \u00e0 partir des ann\u00e9es 70<\/i><\/em>. Table ronde avec Laurent Grynszpan, Mich\u00e8le Tauber et Talila<\/li>\n<\/ul>\n<h4 style=\"padding-left: 40px;\">Des chorales yiddish d\u2019hier et d\u2019aujourd\u2019hui \u00e0 la chanson yiddish au XXI\u00e8 si\u00e8cle<\/h4>\n<ul>\n<li>11h45 \u2014 <em><i>Les chorales yiddish en France<\/i><\/em>. Table ronde avec Jean Golgevit et Jacinta<\/li>\n<li>12h30 -13h15 \u2014 <em><i>La chanson yiddish en France au XXI<sup>e<\/sup> si\u00e8cle : la g\u00e9n\u00e9ration montante<\/i><\/em>. Table ronde avec Judith Marx et Elsa Signorile<\/li>\n<\/ul>\n<p style=\"text-align: center;\"><small>&#8212;- Pause d\u00e9jeuner &#8212;-<\/small><\/p>\n<h3>La musique klezmer en France<\/h3>\n<ul>\n<li>14h30\u00a0\u2014 <em><i>Une tentative de ne pas d\u00e9finir la musique klezmer<\/i><\/em>, par L\u00e9a Platini<\/li>\n<li>15h \u2014 <em><i>Klezmer parisien<\/i><\/em>, par Denis Cuniot<\/li>\n<li>15h30 &#8211; 16h \u2014 <em><i>Sp\u00e9cificit\u00e9s d\u2019interpr\u00e9tation et appropriation de la musique klezmer par la sc\u00e8ne musicale parisienne<\/i><\/em>, par Alice Mazen<\/li>\n<\/ul>\n<h3>La musique klezmer et ses protagonistes, entre tradition et cr\u00e9ation<\/h3>\n<ul>\n<li>16h15 \u2014 <em><i>Transmission de la musique klezmer aujourd&#8217;hui en France.<\/i><\/em> Table ronde avec Marthe Desrosi\u00e8res, Guillaume Dettmar, Marine Goldwaser, L\u00e9a Platini et Charles Rappoport<\/li>\n<li>17h -17h45 \u2014<em><i> D\u00e9marche de fusions stylistique pour une musique klezmer originale. <\/i><\/em>Table ronde avec David el Shatr\u00e0n, David Konopnicki, Michel Schick et Pierre Wekstein<\/li>\n<\/ul>\n<h3><span style=\"color: #3c4b98;\">18h \u2014 Moment musical \u00a0avec Jacinta, Mich\u00e8le Tauber, Adrian Iordan et les Pletzl Bandit<\/span><\/h3>\n<\/div>\n\n\n\n<div class=\"wp-block-column is-layout-flow wp-block-column-is-layout-flow\">\n<h1><span style=\"color: #3c4b98;\"><strong><b>Lundi 21 octobre 2024<\/b><\/strong><\/span><\/h1>\n<h2><strong><b>Auditorium de l\u2019INALCO<\/b><\/strong><\/h2>\n<p><strong><b>65 rue des Grands Moulins, 75013 Paris<\/b><\/strong><\/p>\n<p style=\"text-align: center;\"><small>&#8212;&#8212;<\/small><\/p>\n<h1><span style=\"color: #3c4b98;\"><em><i>Musiques liturgiques ashk\u00e9nazes<\/i><\/em><\/span><\/h1>\n<ul>\n<li>9h\u00a0\u2014 Accueil du public.<\/li>\n<li>9h15 \u2014 Pr\u00e9sentation de la journ\u00e9e<\/li>\n<\/ul>\n<h3>Le rite ashk\u00e9naze, des origines \u00e0 nos jours<\/h3>\n<ul>\n<li>9h30 \u2014 <em><i>Rite et chant juifs en France du nord au Moyen \u00c2ge<\/i><\/em>,\u00a0par Alexandre Cerveux<\/li>\n<li>10h \u2014 <em><i>La musique synagogale \u00e0 Paris \u00e0 l\u2019\u00e9poque du premier temple consistorial (1822-1874)<\/i><\/em>, par G\u00e9rard Ganvert<\/li>\n<li>10h30 \u2014 <em><i>Le rite consistorial \u2013 de l\u2019inauguration de la Grande Synagogue de La Victoire (1874) \u00e0 nos jours<\/i><\/em>, par Herv\u00e9 Roten<\/li>\n<\/ul>\n<h3>Chant \u00e0 voix nue<\/h3>\n<ul>\n<li>11h30 \u2014 <em><i>Le rite alsacien<\/i> <\/em>[The Alsatian nusah]<em><i>,<\/i><\/em> par Chana Englard<\/li>\n<li>\n<p>12h \u2014 <em><i>Le nousah : un syst\u00e8me de syst\u00e8mes<\/i> <\/em>[Nusah \u2013 a system of systems], par Judit Frigyesi<\/p>\n<\/li>\n<\/ul>\n<p style=\"text-align: center;\"><small>&#8212;- Pause d\u00e9jeuner &#8212;-<\/small><\/p>\n<h3>Les pratiques cantorales au sein de diff\u00e9rents courants de rite ashk\u00e9naze<\/h3>\n<ul>\n<li>\n<p>14h30 &#8211; 15h30 \u2014 Table ronde avec Jonathan Blum (rite consistorial alsacien), Emmanuel Chaze (rite consistorial parisien), Fran\u00e7ois Gara\u00ef (rite lib\u00e9ral) et Ha\u00efm Nissenbaum (rite hassidique Habbad)<\/p>\n<\/li>\n<\/ul>\n<h3>L\u2019avenir du rite ashk\u00e9naze en France\u00a0: transmission, apprentissage et \u00e9volution<\/h3>\n<ul>\n<li>\n<p>16h \u2014 Table ronde avec Alexandre Cerveux (CJL), Bruno Fraitag (JEM Copernic), Hector Sabo (chef de ch\u0153ur \u00e0 Strasbourg) et Emmanuelle Souffan (organiste et cheffe de ch\u0153ur de la synagogue parisienne de la Victoire)<\/p>\n<\/li>\n<\/ul>\n<h3>17h \u2014 Conclusion de la journ\u00e9e et du colloque<\/h3>\n<h2 style=\"text-align: center;\">\u00a0&#8212;&#8212;&#8212;&#8212;<\/h2>\n<h2 style=\"text-align: center;\"><span style=\"color: #3c4b98;\"><strong><em><b><i>Concert<\/i><\/b><\/em><\/strong><\/span><\/h2>\n<h2 style=\"text-align: center;\">&#8212;&#8212;&#8212;&#8212;<\/h2>\n<h2><span style=\"color: #3c4b98;\"><strong>20h \u2014 Les grands airs de l\u2019ann\u00e9e liturgique ashk\u00e9naze<\/strong><\/span><\/h2>\n<h4>Concert \u00e0 la synagogue de la rue Copernic &#8211; 24 rue Copernic, 75116 Paris<\/h4>\n<p>Avec le ch\u0153ur de la synagogue (direction\u00a0: Didier Seutin)<\/p>\n<\/div>\n<\/div>\n<h1 style=\"text-align: center;\"><strong><span style=\"color: #ff0000;\">Visionner les Vid\u00e9os des Conf\u00e9rences &amp; Concerts<\/span><\/strong><\/h1>\n\n<div class=\"wp-block-columns is-layout-flex wp-container-core-columns-is-layout-9d6595d7 wp-block-columns-is-layout-flex\">\n<div class=\"wp-block-column is-layout-flow wp-block-column-is-layout-flow\">\n<div class=\"wp-block-columns is-layout-flex wp-container-core-columns-is-layout-9d6595d7 wp-block-columns-is-layout-flex\">\n<div class=\"wp-block-column is-layout-flow wp-block-column-is-layout-flow\">\n<figure class=\"wp-block-image size-large\"><a href=\"https:\/\/www.iemj.org\/en\/la-chanson-yiddish-en-france\/\" target=\"_blank\" rel=\" noreferrer noopener\"><img decoding=\"async\" src=\"https:\/\/www.iemj.org\/wp-content\/uploads\/2025\/05\/Logo-video-chanson-Yidd-en-Fce.jpg\" alt=\"\"\/><\/a><figcaption class=\"wp-element-caption\"><a href=\"https:\/\/www.iemj.org\/la-chanson-yiddish-en-france\/\">La chanson yiddish en France<\/a><\/figcaption><\/figure>\n<\/div>\n\n\n\n<div class=\"wp-block-column is-layout-flow wp-block-column-is-layout-flow\">\n<figure class=\"wp-block-image size-large\"><a href=\"https:\/\/www.iemj.org\/en\/conferences-la-musique-klezmer-en-france\/\" target=\"_blank\" rel=\" noreferrer noopener\"><img decoding=\"async\" src=\"https:\/\/www.iemj.org\/wp-content\/uploads\/2025\/05\/Lofo-Conferences-La-musique-klezmer-en-France.jpg\" alt=\"\"\/><\/a><figcaption class=\"wp-element-caption\"><a href=\"https:\/\/www.iemj.org\/conferences-la-musique-klezmer-en-france\/\">La musique klezmer en France<\/a><\/figcaption><\/figure>\n<\/div>\n<\/div>\n<\/div>\n\n\n\n<div class=\"wp-block-column is-layout-flow wp-block-column-is-layout-flow\">\n<div class=\"wp-block-columns is-layout-flex wp-container-core-columns-is-layout-9d6595d7 wp-block-columns-is-layout-flex\">\n<div class=\"wp-block-column is-layout-flow wp-block-column-is-layout-flow\">\n<figure class=\"wp-block-image size-large\"><a href=\"https:\/\/www.iemj.org\/en\/conferences-musiques-liturgiques-ashkenazes\/\" target=\"_blank\" rel=\" noreferrer noopener\"><img decoding=\"async\" src=\"https:\/\/www.iemj.org\/wp-content\/uploads\/2025\/05\/Logo-Conferences-Musiques-liturgiques-ashkenazes.jpg\" alt=\"\"\/><\/a><figcaption class=\"wp-element-caption\"><a href=\"https:\/\/www.iemj.org\/conferences-musiques-liturgiques-ashkenazes\/\">Les musiques liturgiques ashk\u00e9nazes en France<\/a><\/figcaption><\/figure>\n<\/div>\n\n\n\n<div class=\"wp-block-column is-layout-flow wp-block-column-is-layout-flow\">\n<figure class=\"wp-block-image size-large\"><a href=\"https:\/\/www.iemj.org\/en\/les-grands-airs-de-lannee-liturgique-ashkenaze\/\" target=\"_blank\" rel=\" noreferrer noopener\"><img decoding=\"async\" src=\"https:\/\/www.iemj.org\/wp-content\/uploads\/2025\/05\/Logo-video-concert-musiques-liturgiques-ashk-1.jpg\" alt=\"\"\/><\/a><figcaption class=\"wp-element-caption\"><a href=\"https:\/\/www.iemj.org\/les-grands-airs-de-lannee-liturgique-ashkenaze\/\">Les grands airs de l\u2019ann\u00e9e liturgique ashk\u00e9naze<\/a><\/figcaption><\/figure>\n<\/div>\n<\/div>\n<\/div>\n<\/div>\n\n<div class=\"wp-block-buttons is-content-justification-center is-layout-flex wp-container-core-buttons-is-layout-16018d1d wp-block-buttons-is-layout-flex\">\n<div class=\"wp-block-button\"><a class=\"wp-block-button__link has-white-color has-text-color has-background has-link-color has-text-align-center wp-element-button\" href=\"https:\/\/www.iemj.org\/wp-content\/uploads\/2024\/10\/Colloque-Musiques-Ashkenazes-en-France_programme-salle_VDEF-1.pdf\" style=\"background-color:#3c4b98\" target=\"_blank\" rel=\"noreferrer noopener\"><strong>T\u00e9l\u00e9charger le programme du Colloque<\/strong><\/a><\/div>\n\n\n\n<div class=\"wp-block-button\"><a class=\"wp-block-button__link has-white-color has-text-color has-background has-link-color has-text-align-center wp-element-button\" href=\"https:\/\/www.iemj.org\/wp-content\/uploads\/2024\/10\/Programme-concert-Musiques-liturgiques-ashkenazes_21.10.2024.pdf\" style=\"background-color:#3c4b98\" target=\"_blank\" rel=\"noreferrer noopener\"><strong>T\u00e9l\u00e9charger le programme du Concert \u00e0 Copernic<\/strong><\/a><\/div>\n<\/div>\n\n<div class=\"wp-block-columns is-layout-flex wp-container-core-columns-is-layout-9d6595d7 wp-block-columns-is-layout-flex\">\n<div class=\"wp-block-column is-layout-flow wp-block-column-is-layout-flow\">\n<hr class=\"wp-block-separator has-alpha-channel-opacity\"\/>\n\n\n\n<div class=\"wp-block-columns is-layout-flex wp-container-core-columns-is-layout-9d6595d7 wp-block-columns-is-layout-flex\">\n<div class=\"wp-block-column is-vertically-aligned-center is-layout-flow wp-block-column-is-layout-flow\"><div class=\"wp-block-image\">\n<figure class=\"aligncenter size-full is-resized\"><img fetchpriority=\"high\" decoding=\"async\" width=\"532\" height=\"190\" src=\"https:\/\/www.iemj.org\/wp-content\/uploads\/2024\/05\/IEMJ_LOGO_CMJN_HORIZONTAL_sans-fond-Copie-1.png\" alt=\"\" class=\"wp-image-111979\" style=\"width:401px;height:auto\" srcset=\"https:\/\/www.iemj.org\/wp-content\/uploads\/2024\/05\/IEMJ_LOGO_CMJN_HORIZONTAL_sans-fond-Copie-1.png 532w, https:\/\/www.iemj.org\/wp-content\/uploads\/2024\/05\/IEMJ_LOGO_CMJN_HORIZONTAL_sans-fond-Copie-1-300x107.png 300w\" sizes=\"(max-width: 532px) 100vw, 532px\" \/><\/figure>\n<\/div><\/div>\n\n\n\n<div class=\"wp-block-column is-layout-flow wp-block-column-is-layout-flow\"><div class=\"wp-block-image\">\n<figure class=\"aligncenter size-full is-resized\"><img decoding=\"async\" width=\"243\" height=\"207\" src=\"https:\/\/www.iemj.org\/wp-content\/uploads\/2024\/09\/iremus-logo_OK.png\" alt=\"\" class=\"wp-image-113548\" style=\"width:145px\"\/><\/figure>\n<\/div><\/div>\n\n\n\n<div class=\"wp-block-column is-vertically-aligned-center is-layout-flow wp-block-column-is-layout-flow\"><div class=\"wp-block-image\">\n<figure class=\"aligncenter size-full is-resized\"><img decoding=\"async\" width=\"168\" height=\"68\" src=\"https:\/\/www.iemj.org\/wp-content\/uploads\/2024\/09\/Sorbonne-lettres.svg.png\" alt=\"\" class=\"wp-image-114273\" style=\"width:100px\"\/><\/figure>\n<\/div><\/div>\n\n\n\n<div class=\"wp-block-column is-vertically-aligned-center is-layout-flow wp-block-column-is-layout-flow\"><div class=\"wp-block-image\">\n<figure class=\"aligncenter size-full\"><img loading=\"lazy\" decoding=\"async\" width=\"578\" height=\"160\" src=\"https:\/\/www.iemj.org\/wp-content\/uploads\/2024\/09\/GEO-Strasbourg.jpg\" alt=\"\" class=\"wp-image-113553\" srcset=\"https:\/\/www.iemj.org\/wp-content\/uploads\/2024\/09\/GEO-Strasbourg.jpg 578w, https:\/\/www.iemj.org\/wp-content\/uploads\/2024\/09\/GEO-Strasbourg-300x83.jpg 300w\" sizes=\"(max-width: 578px) 100vw, 578px\" \/><\/figure>\n<\/div><\/div>\n<\/div>\n\n\n\n<hr class=\"wp-block-separator has-alpha-channel-opacity\"\/>\n\n\n\n<div class=\"wp-block-columns are-vertically-aligned-center is-layout-flex wp-container-core-columns-is-layout-9d6595d7 wp-block-columns-is-layout-flex\">\n<div class=\"wp-block-column is-vertically-aligned-center is-layout-flow wp-block-column-is-layout-flow\">\n<div class=\"wp-block-columns is-layout-flex wp-container-core-columns-is-layout-9d6595d7 wp-block-columns-is-layout-flex\">\n<div class=\"wp-block-column is-vertically-aligned-center is-layout-flow wp-block-column-is-layout-flow\"><div class=\"wp-block-image\">\n<figure class=\"aligncenter size-full is-resized\"><img loading=\"lazy\" decoding=\"async\" width=\"391\" height=\"188\" src=\"https:\/\/www.iemj.org\/wp-content\/uploads\/2024\/09\/logo-inalco.jpg\" alt=\"\" class=\"wp-image-113568\" style=\"width:250px\" srcset=\"https:\/\/www.iemj.org\/wp-content\/uploads\/2024\/09\/logo-inalco.jpg 391w, https:\/\/www.iemj.org\/wp-content\/uploads\/2024\/09\/logo-inalco-300x144.jpg 300w\" sizes=\"(max-width: 391px) 100vw, 391px\" \/><\/figure>\n<\/div><\/div>\n\n\n\n<div class=\"wp-block-column is-vertically-aligned-center is-layout-flow wp-block-column-is-layout-flow\"><div class=\"wp-block-image\">\n<figure class=\"aligncenter size-full is-resized\"><img loading=\"lazy\" decoding=\"async\" width=\"365\" height=\"241\" src=\"https:\/\/www.iemj.org\/wp-content\/uploads\/2024\/09\/new_logo_JEM_culture.jpg\" alt=\"\" class=\"wp-image-113563\" style=\"width:145px\" srcset=\"https:\/\/www.iemj.org\/wp-content\/uploads\/2024\/09\/new_logo_JEM_culture.jpg 365w, https:\/\/www.iemj.org\/wp-content\/uploads\/2024\/09\/new_logo_JEM_culture-300x198.jpg 300w\" sizes=\"(max-width: 365px) 100vw, 365px\" \/><\/figure>\n<\/div><\/div>\n<\/div>\n<\/div>\n\n\n\n<div class=\"wp-block-column is-vertically-aligned-center is-layout-flow wp-block-column-is-layout-flow\">\n<div class=\"wp-block-columns is-layout-flex wp-container-core-columns-is-layout-9d6595d7 wp-block-columns-is-layout-flex\">\n<div class=\"wp-block-column is-vertically-aligned-center is-layout-flow wp-block-column-is-layout-flow\"><div class=\"wp-block-image\">\n<figure class=\"aligncenter size-full is-resized\"><img loading=\"lazy\" decoding=\"async\" width=\"351\" height=\"219\" src=\"https:\/\/www.iemj.org\/wp-content\/uploads\/2024\/09\/Logo-MAHJ-1.jpeg\" alt=\"\" class=\"wp-image-113558\" style=\"width:145px\" srcset=\"https:\/\/www.iemj.org\/wp-content\/uploads\/2024\/09\/Logo-MAHJ-1.jpeg 351w, https:\/\/www.iemj.org\/wp-content\/uploads\/2024\/09\/Logo-MAHJ-1-300x187.jpeg 300w\" sizes=\"(max-width: 351px) 100vw, 351px\" \/><\/figure>\n<\/div><\/div>\n\n\n\n<div class=\"wp-block-column is-vertically-aligned-center is-layout-flow wp-block-column-is-layout-flow\"><div class=\"wp-block-image\">\n<figure class=\"aligncenter size-full is-resized\"><img loading=\"lazy\" decoding=\"async\" width=\"720\" height=\"720\" src=\"https:\/\/www.iemj.org\/wp-content\/uploads\/2024\/09\/Logo-Centre-Maayan_Nitsa.png\" alt=\"\" class=\"wp-image-113573\" style=\"width:145px\" srcset=\"https:\/\/www.iemj.org\/wp-content\/uploads\/2024\/09\/Logo-Centre-Maayan_Nitsa.png 720w, https:\/\/www.iemj.org\/wp-content\/uploads\/2024\/09\/Logo-Centre-Maayan_Nitsa-300x300.png 300w, https:\/\/www.iemj.org\/wp-content\/uploads\/2024\/09\/Logo-Centre-Maayan_Nitsa-150x150.png 150w, https:\/\/www.iemj.org\/wp-content\/uploads\/2024\/09\/Logo-Centre-Maayan_Nitsa-600x600.png 600w, https:\/\/www.iemj.org\/wp-content\/uploads\/2024\/09\/Logo-Centre-Maayan_Nitsa-100x100.png 100w\" sizes=\"(max-width: 720px) 100vw, 720px\" \/><\/figure>\n<\/div><\/div>\n<\/div>\n<\/div>\n<\/div>\n\n\n\n<hr class=\"wp-block-separator has-alpha-channel-opacity\"\/>\n\n\n\n<div class=\"wp-block-columns are-vertically-aligned-center is-layout-flex wp-container-core-columns-is-layout-9d6595d7 wp-block-columns-is-layout-flex\">\n<div class=\"wp-block-column is-vertically-aligned-center is-layout-flow wp-block-column-is-layout-flow\"><div class=\"wp-block-image\">\n<figure class=\"aligncenter size-full\"><img loading=\"lazy\" decoding=\"async\" width=\"440\" height=\"146\" src=\"https:\/\/www.iemj.org\/wp-content\/uploads\/2024\/09\/EAJS-logo.jpg\" alt=\"\" class=\"wp-image-113578\" srcset=\"https:\/\/www.iemj.org\/wp-content\/uploads\/2024\/09\/EAJS-logo.jpg 440w, https:\/\/www.iemj.org\/wp-content\/uploads\/2024\/09\/EAJS-logo-300x100.jpg 300w\" sizes=\"(max-width: 440px) 100vw, 440px\" \/><\/figure>\n<\/div><\/div>\n\n\n\n<div class=\"wp-block-column is-vertically-aligned-center is-layout-flow wp-block-column-is-layout-flow\"><div class=\"wp-block-image\">\n<figure class=\"aligncenter size-full is-resized\"><img loading=\"lazy\" decoding=\"async\" width=\"1800\" height=\"1800\" src=\"https:\/\/www.iemj.org\/wp-content\/uploads\/2024\/09\/logo-carre-Fondation-Henriette-H-Ter.jpg\" alt=\"\" class=\"wp-image-113583\" style=\"width:120px;height:auto\" srcset=\"https:\/\/www.iemj.org\/wp-content\/uploads\/2024\/09\/logo-carre-Fondation-Henriette-H-Ter.jpg 1800w, https:\/\/www.iemj.org\/wp-content\/uploads\/2024\/09\/logo-carre-Fondation-Henriette-H-Ter-300x300.jpg 300w, https:\/\/www.iemj.org\/wp-content\/uploads\/2024\/09\/logo-carre-Fondation-Henriette-H-Ter-1024x1024.jpg 1024w, https:\/\/www.iemj.org\/wp-content\/uploads\/2024\/09\/logo-carre-Fondation-Henriette-H-Ter-150x150.jpg 150w, https:\/\/www.iemj.org\/wp-content\/uploads\/2024\/09\/logo-carre-Fondation-Henriette-H-Ter-768x768.jpg 768w, https:\/\/www.iemj.org\/wp-content\/uploads\/2024\/09\/logo-carre-Fondation-Henriette-H-Ter-1536x1536.jpg 1536w, https:\/\/www.iemj.org\/wp-content\/uploads\/2024\/09\/logo-carre-Fondation-Henriette-H-Ter-600x600.jpg 600w, https:\/\/www.iemj.org\/wp-content\/uploads\/2024\/09\/logo-carre-Fondation-Henriette-H-Ter-100x100.jpg 100w\" sizes=\"(max-width: 1800px) 100vw, 1800px\" \/><\/figure>\n<\/div><\/div>\n\n\n\n<div class=\"wp-block-column is-vertically-aligned-center is-layout-flow wp-block-column-is-layout-flow\"><div class=\"wp-block-image\">\n<figure class=\"aligncenter size-full is-resized\"><img loading=\"lazy\" decoding=\"async\" width=\"769\" height=\"324\" src=\"https:\/\/www.iemj.org\/wp-content\/uploads\/2024\/09\/LOGO-FJF-redimensionne.jpg\" alt=\"\" class=\"wp-image-113588\" style=\"width:160px\" srcset=\"https:\/\/www.iemj.org\/wp-content\/uploads\/2024\/09\/LOGO-FJF-redimensionne.jpg 769w, https:\/\/www.iemj.org\/wp-content\/uploads\/2024\/09\/LOGO-FJF-redimensionne-300x126.jpg 300w, https:\/\/www.iemj.org\/wp-content\/uploads\/2024\/09\/LOGO-FJF-redimensionne-600x253.jpg 600w\" sizes=\"(max-width: 769px) 100vw, 769px\" \/><\/figure>\n<\/div><\/div>\n<\/div>\n\n\n\n<hr class=\"wp-block-separator has-alpha-channel-opacity\"\/>\n<\/div>\n<\/div>\n\n<p><\/p>\n","protected":false},"excerpt":{"rendered":"<p>\u00c9tat des lieux, origines, influences, traditions et (re)-cr\u00e9ations Colloque \u2013 Concerts les 20 &amp; 21 octobre 2024<\/p>\n","protected":false},"author":5,"featured_media":113438,"comment_status":"closed","ping_status":"closed","sticky":false,"template":"","format":"standard","meta":{"_acf_changed":false,"footnotes":""},"categories":[811,1354,1315,816],"tags":[],"technique":[],"squelettes":[],"sujet":[],"formation":[],"genre":[],"fonds":[],"tradition":[],"type-de-contenu":[],"interprete-compositeur":[],"frise":[],"type-devenement":[],"tableaux-liens-externes":[],"class_list":["post-113656","post","type-post","status-publish","format-standard","has-post-thumbnail","hentry","category-actualites","category-colloques","category-concerts-manifestations","category-manifestations"],"acf":[],"yoast_head":"<!-- This site is optimized with the Yoast SEO plugin v27.3 - https:\/\/yoast.com\/product\/yoast-seo-wordpress\/ -->\n<title>Ashkenazi music in France, at concerts or in synagogue - Institut Europ\u00e9en des Musiques Juives<\/title>\n<meta name=\"robots\" content=\"index, follow, max-snippet:-1, max-image-preview:large, max-video-preview:-1\" \/>\n<link rel=\"canonical\" href=\"https:\/\/www.iemj.org\/en\/les-musiques-ashkenazes-en-france-au-concert-ou-a-la-synagogue\/\" \/>\n<meta property=\"og:locale\" content=\"en_US\" \/>\n<meta property=\"og:type\" content=\"article\" \/>\n<meta property=\"og:title\" content=\"Ashkenazi music in France, at concerts or in synagogue - Institut Europ\u00e9en des Musiques Juives\" \/>\n<meta property=\"og:description\" content=\"\u00c9tat des lieux, origines, influences, traditions et (re)-cr\u00e9ations Colloque \u2013 Concerts les 20 &amp; 21 octobre 2024\" \/>\n<meta property=\"og:url\" content=\"https:\/\/www.iemj.org\/en\/les-musiques-ashkenazes-en-france-au-concert-ou-a-la-synagogue\/\" \/>\n<meta property=\"og:site_name\" content=\"Institut Europ\u00e9en des Musiques Juives\" \/>\n<meta property=\"article:publisher\" content=\"https:\/\/www.facebook.com\/MusiquesJuives\/\" \/>\n<meta property=\"article:published_time\" content=\"2024-09-06T14:54:07+00:00\" \/>\n<meta property=\"article:modified_time\" content=\"2025-05-21T14:43:02+00:00\" \/>\n<meta property=\"og:image\" content=\"https:\/\/www.iemj.org\/wp-content\/uploads\/2024\/09\/Logo-Colloque-Les-Mus-Ashk-en-Fce.jpg\" \/>\n\t<meta property=\"og:image:width\" content=\"500\" \/>\n\t<meta property=\"og:image:height\" content=\"500\" \/>\n\t<meta property=\"og:image:type\" content=\"image\/jpeg\" \/>\n<meta name=\"author\" content=\"Jacqueline ROTEN\" \/>\n<meta name=\"twitter:card\" content=\"summary_large_image\" \/>\n<meta name=\"twitter:label1\" content=\"Written by\" \/>\n\t<meta name=\"twitter:data1\" content=\"Jacqueline ROTEN\" \/>\n\t<meta name=\"twitter:label2\" content=\"Est. reading time\" \/>\n\t<meta name=\"twitter:data2\" content=\"6 minutes\" \/>\n<script type=\"application\/ld+json\" class=\"yoast-schema-graph\">{\"@context\":\"https:\\\/\\\/schema.org\",\"@graph\":[{\"@type\":\"Article\",\"@id\":\"https:\\\/\\\/www.iemj.org\\\/en\\\/les-musiques-ashkenazes-en-france-au-concert-ou-a-la-synagogue\\\/#article\",\"isPartOf\":{\"@id\":\"https:\\\/\\\/www.iemj.org\\\/en\\\/les-musiques-ashkenazes-en-france-au-concert-ou-a-la-synagogue\\\/\"},\"author\":{\"name\":\"Jacqueline ROTEN\",\"@id\":\"https:\\\/\\\/www.iemj.org\\\/en\\\/#\\\/schema\\\/person\\\/358e26c18aca017fcc4cc15437f7279c\"},\"headline\":\"Ashkenazi music in France, at concerts or in synagogue\",\"datePublished\":\"2024-09-06T14:54:07+00:00\",\"dateModified\":\"2025-05-21T14:43:02+00:00\",\"mainEntityOfPage\":{\"@id\":\"https:\\\/\\\/www.iemj.org\\\/en\\\/les-musiques-ashkenazes-en-france-au-concert-ou-a-la-synagogue\\\/\"},\"wordCount\":698,\"publisher\":{\"@id\":\"https:\\\/\\\/www.iemj.org\\\/en\\\/#organization\"},\"image\":{\"@id\":\"https:\\\/\\\/www.iemj.org\\\/en\\\/les-musiques-ashkenazes-en-france-au-concert-ou-a-la-synagogue\\\/#primaryimage\"},\"thumbnailUrl\":\"https:\\\/\\\/www.iemj.org\\\/wp-content\\\/uploads\\\/2024\\\/09\\\/Logo-Colloque-Les-Mus-Ashk-en-Fce.jpg\",\"articleSection\":[\"Actualit\u00e9s\",\"Colloques\",\"Concerts\",\"Manifestations\"],\"inLanguage\":\"en-US\"},{\"@type\":\"WebPage\",\"@id\":\"https:\\\/\\\/www.iemj.org\\\/en\\\/les-musiques-ashkenazes-en-france-au-concert-ou-a-la-synagogue\\\/\",\"url\":\"https:\\\/\\\/www.iemj.org\\\/en\\\/les-musiques-ashkenazes-en-france-au-concert-ou-a-la-synagogue\\\/\",\"name\":\"Ashkenazi music in France, at concerts or in synagogue - Institut Europ\u00e9en des Musiques Juives\",\"isPartOf\":{\"@id\":\"https:\\\/\\\/www.iemj.org\\\/en\\\/#website\"},\"primaryImageOfPage\":{\"@id\":\"https:\\\/\\\/www.iemj.org\\\/en\\\/les-musiques-ashkenazes-en-france-au-concert-ou-a-la-synagogue\\\/#primaryimage\"},\"image\":{\"@id\":\"https:\\\/\\\/www.iemj.org\\\/en\\\/les-musiques-ashkenazes-en-france-au-concert-ou-a-la-synagogue\\\/#primaryimage\"},\"thumbnailUrl\":\"https:\\\/\\\/www.iemj.org\\\/wp-content\\\/uploads\\\/2024\\\/09\\\/Logo-Colloque-Les-Mus-Ashk-en-Fce.jpg\",\"datePublished\":\"2024-09-06T14:54:07+00:00\",\"dateModified\":\"2025-05-21T14:43:02+00:00\",\"breadcrumb\":{\"@id\":\"https:\\\/\\\/www.iemj.org\\\/en\\\/les-musiques-ashkenazes-en-france-au-concert-ou-a-la-synagogue\\\/#breadcrumb\"},\"inLanguage\":\"en-US\",\"potentialAction\":[{\"@type\":\"ReadAction\",\"target\":[\"https:\\\/\\\/www.iemj.org\\\/en\\\/les-musiques-ashkenazes-en-france-au-concert-ou-a-la-synagogue\\\/\"]}]},{\"@type\":\"ImageObject\",\"inLanguage\":\"en-US\",\"@id\":\"https:\\\/\\\/www.iemj.org\\\/en\\\/les-musiques-ashkenazes-en-france-au-concert-ou-a-la-synagogue\\\/#primaryimage\",\"url\":\"https:\\\/\\\/www.iemj.org\\\/wp-content\\\/uploads\\\/2024\\\/09\\\/Logo-Colloque-Les-Mus-Ashk-en-Fce.jpg\",\"contentUrl\":\"https:\\\/\\\/www.iemj.org\\\/wp-content\\\/uploads\\\/2024\\\/09\\\/Logo-Colloque-Les-Mus-Ashk-en-Fce.jpg\",\"width\":500,\"height\":500},{\"@type\":\"BreadcrumbList\",\"@id\":\"https:\\\/\\\/www.iemj.org\\\/en\\\/les-musiques-ashkenazes-en-france-au-concert-ou-a-la-synagogue\\\/#breadcrumb\",\"itemListElement\":[{\"@type\":\"ListItem\",\"position\":1,\"name\":\"Accueil\",\"item\":\"https:\\\/\\\/www.iemj.org\\\/en\\\/\"},{\"@type\":\"ListItem\",\"position\":2,\"name\":\"Ashkenazi music in France, at concerts or in synagogue\"}]},{\"@type\":\"WebSite\",\"@id\":\"https:\\\/\\\/www.iemj.org\\\/en\\\/#website\",\"url\":\"https:\\\/\\\/www.iemj.org\\\/en\\\/\",\"name\":\"Institut Europ\u00e9en des Musiques Juives\",\"description\":\"Des traditions musicales \u00e0 la port\u00e9e de tous\",\"publisher\":{\"@id\":\"https:\\\/\\\/www.iemj.org\\\/en\\\/#organization\"},\"potentialAction\":[{\"@type\":\"SearchAction\",\"target\":{\"@type\":\"EntryPoint\",\"urlTemplate\":\"https:\\\/\\\/www.iemj.org\\\/en\\\/?s={search_term_string}\"},\"query-input\":{\"@type\":\"PropertyValueSpecification\",\"valueRequired\":true,\"valueName\":\"search_term_string\"}}],\"inLanguage\":\"en-US\"},{\"@type\":\"Organization\",\"@id\":\"https:\\\/\\\/www.iemj.org\\\/en\\\/#organization\",\"name\":\"Institut Europ\u00e9en des Musiques Juives\",\"url\":\"https:\\\/\\\/www.iemj.org\\\/en\\\/\",\"logo\":{\"@type\":\"ImageObject\",\"inLanguage\":\"en-US\",\"@id\":\"https:\\\/\\\/www.iemj.org\\\/en\\\/#\\\/schema\\\/logo\\\/image\\\/\",\"url\":\"https:\\\/\\\/www.iemj.org\\\/wp-content\\\/uploads\\\/2021\\\/09\\\/Logo-IEMJ-Paypal.jpg\",\"contentUrl\":\"https:\\\/\\\/www.iemj.org\\\/wp-content\\\/uploads\\\/2021\\\/09\\\/Logo-IEMJ-Paypal.jpg\",\"width\":150,\"height\":50,\"caption\":\"Institut Europ\u00e9en des Musiques Juives\"},\"image\":{\"@id\":\"https:\\\/\\\/www.iemj.org\\\/en\\\/#\\\/schema\\\/logo\\\/image\\\/\"},\"sameAs\":[\"https:\\\/\\\/www.facebook.com\\\/MusiquesJuives\\\/\",\"https:\\\/\\\/www.instagram.com\\\/musiquesjuives\\\/\",\"https:\\\/\\\/www.youtube.com\\\/user\\\/musiquesjuives\"]},{\"@type\":\"Person\",\"@id\":\"https:\\\/\\\/www.iemj.org\\\/en\\\/#\\\/schema\\\/person\\\/358e26c18aca017fcc4cc15437f7279c\",\"name\":\"Jacqueline ROTEN\",\"image\":{\"@type\":\"ImageObject\",\"inLanguage\":\"en-US\",\"@id\":\"https:\\\/\\\/secure.gravatar.com\\\/avatar\\\/5964256d6c6957de3a3505278957e0fb2a35119ac47ea41827a65301213c810b?s=96&d=mm&r=g\",\"url\":\"https:\\\/\\\/secure.gravatar.com\\\/avatar\\\/5964256d6c6957de3a3505278957e0fb2a35119ac47ea41827a65301213c810b?s=96&d=mm&r=g\",\"contentUrl\":\"https:\\\/\\\/secure.gravatar.com\\\/avatar\\\/5964256d6c6957de3a3505278957e0fb2a35119ac47ea41827a65301213c810b?s=96&d=mm&r=g\",\"caption\":\"Jacqueline ROTEN\"}}]}<\/script>\n<!-- \/ Yoast SEO plugin. -->","yoast_head_json":{"title":"Ashkenazi music in France, at concerts or in synagogue - Institut Europ\u00e9en des Musiques Juives","robots":{"index":"index","follow":"follow","max-snippet":"max-snippet:-1","max-image-preview":"max-image-preview:large","max-video-preview":"max-video-preview:-1"},"canonical":"https:\/\/www.iemj.org\/en\/les-musiques-ashkenazes-en-france-au-concert-ou-a-la-synagogue\/","og_locale":"en_US","og_type":"article","og_title":"Ashkenazi music in France, at concerts or in synagogue - Institut Europ\u00e9en des Musiques Juives","og_description":"\u00c9tat des lieux, origines, influences, traditions et (re)-cr\u00e9ations Colloque \u2013 Concerts les 20 &amp; 21 octobre 2024","og_url":"https:\/\/www.iemj.org\/en\/les-musiques-ashkenazes-en-france-au-concert-ou-a-la-synagogue\/","og_site_name":"Institut Europ\u00e9en des Musiques Juives","article_publisher":"https:\/\/www.facebook.com\/MusiquesJuives\/","article_published_time":"2024-09-06T14:54:07+00:00","article_modified_time":"2025-05-21T14:43:02+00:00","og_image":[{"width":500,"height":500,"url":"https:\/\/www.iemj.org\/wp-content\/uploads\/2024\/09\/Logo-Colloque-Les-Mus-Ashk-en-Fce.jpg","type":"image\/jpeg"}],"author":"Jacqueline ROTEN","twitter_card":"summary_large_image","twitter_misc":{"Written by":"Jacqueline ROTEN","Est. reading time":"6 minutes"},"schema":{"@context":"https:\/\/schema.org","@graph":[{"@type":"Article","@id":"https:\/\/www.iemj.org\/en\/les-musiques-ashkenazes-en-france-au-concert-ou-a-la-synagogue\/#article","isPartOf":{"@id":"https:\/\/www.iemj.org\/en\/les-musiques-ashkenazes-en-france-au-concert-ou-a-la-synagogue\/"},"author":{"name":"Jacqueline ROTEN","@id":"https:\/\/www.iemj.org\/en\/#\/schema\/person\/358e26c18aca017fcc4cc15437f7279c"},"headline":"Ashkenazi music in France, at concerts or in synagogue","datePublished":"2024-09-06T14:54:07+00:00","dateModified":"2025-05-21T14:43:02+00:00","mainEntityOfPage":{"@id":"https:\/\/www.iemj.org\/en\/les-musiques-ashkenazes-en-france-au-concert-ou-a-la-synagogue\/"},"wordCount":698,"publisher":{"@id":"https:\/\/www.iemj.org\/en\/#organization"},"image":{"@id":"https:\/\/www.iemj.org\/en\/les-musiques-ashkenazes-en-france-au-concert-ou-a-la-synagogue\/#primaryimage"},"thumbnailUrl":"https:\/\/www.iemj.org\/wp-content\/uploads\/2024\/09\/Logo-Colloque-Les-Mus-Ashk-en-Fce.jpg","articleSection":["Actualit\u00e9s","Colloques","Concerts","Manifestations"],"inLanguage":"en-US"},{"@type":"WebPage","@id":"https:\/\/www.iemj.org\/en\/les-musiques-ashkenazes-en-france-au-concert-ou-a-la-synagogue\/","url":"https:\/\/www.iemj.org\/en\/les-musiques-ashkenazes-en-france-au-concert-ou-a-la-synagogue\/","name":"Ashkenazi music in France, at concerts or in synagogue - Institut Europ\u00e9en des Musiques Juives","isPartOf":{"@id":"https:\/\/www.iemj.org\/en\/#website"},"primaryImageOfPage":{"@id":"https:\/\/www.iemj.org\/en\/les-musiques-ashkenazes-en-france-au-concert-ou-a-la-synagogue\/#primaryimage"},"image":{"@id":"https:\/\/www.iemj.org\/en\/les-musiques-ashkenazes-en-france-au-concert-ou-a-la-synagogue\/#primaryimage"},"thumbnailUrl":"https:\/\/www.iemj.org\/wp-content\/uploads\/2024\/09\/Logo-Colloque-Les-Mus-Ashk-en-Fce.jpg","datePublished":"2024-09-06T14:54:07+00:00","dateModified":"2025-05-21T14:43:02+00:00","breadcrumb":{"@id":"https:\/\/www.iemj.org\/en\/les-musiques-ashkenazes-en-france-au-concert-ou-a-la-synagogue\/#breadcrumb"},"inLanguage":"en-US","potentialAction":[{"@type":"ReadAction","target":["https:\/\/www.iemj.org\/en\/les-musiques-ashkenazes-en-france-au-concert-ou-a-la-synagogue\/"]}]},{"@type":"ImageObject","inLanguage":"en-US","@id":"https:\/\/www.iemj.org\/en\/les-musiques-ashkenazes-en-france-au-concert-ou-a-la-synagogue\/#primaryimage","url":"https:\/\/www.iemj.org\/wp-content\/uploads\/2024\/09\/Logo-Colloque-Les-Mus-Ashk-en-Fce.jpg","contentUrl":"https:\/\/www.iemj.org\/wp-content\/uploads\/2024\/09\/Logo-Colloque-Les-Mus-Ashk-en-Fce.jpg","width":500,"height":500},{"@type":"BreadcrumbList","@id":"https:\/\/www.iemj.org\/en\/les-musiques-ashkenazes-en-france-au-concert-ou-a-la-synagogue\/#breadcrumb","itemListElement":[{"@type":"ListItem","position":1,"name":"Accueil","item":"https:\/\/www.iemj.org\/en\/"},{"@type":"ListItem","position":2,"name":"Ashkenazi music in France, at concerts or in synagogue"}]},{"@type":"WebSite","@id":"https:\/\/www.iemj.org\/en\/#website","url":"https:\/\/www.iemj.org\/en\/","name":"Institut Europ\u00e9en des Musiques Juives","description":"Des traditions musicales \u00e0 la port\u00e9e de tous","publisher":{"@id":"https:\/\/www.iemj.org\/en\/#organization"},"potentialAction":[{"@type":"SearchAction","target":{"@type":"EntryPoint","urlTemplate":"https:\/\/www.iemj.org\/en\/?s={search_term_string}"},"query-input":{"@type":"PropertyValueSpecification","valueRequired":true,"valueName":"search_term_string"}}],"inLanguage":"en-US"},{"@type":"Organization","@id":"https:\/\/www.iemj.org\/en\/#organization","name":"Institut Europ\u00e9en des Musiques Juives","url":"https:\/\/www.iemj.org\/en\/","logo":{"@type":"ImageObject","inLanguage":"en-US","@id":"https:\/\/www.iemj.org\/en\/#\/schema\/logo\/image\/","url":"https:\/\/www.iemj.org\/wp-content\/uploads\/2021\/09\/Logo-IEMJ-Paypal.jpg","contentUrl":"https:\/\/www.iemj.org\/wp-content\/uploads\/2021\/09\/Logo-IEMJ-Paypal.jpg","width":150,"height":50,"caption":"Institut Europ\u00e9en des Musiques Juives"},"image":{"@id":"https:\/\/www.iemj.org\/en\/#\/schema\/logo\/image\/"},"sameAs":["https:\/\/www.facebook.com\/MusiquesJuives\/","https:\/\/www.instagram.com\/musiquesjuives\/","https:\/\/www.youtube.com\/user\/musiquesjuives"]},{"@type":"Person","@id":"https:\/\/www.iemj.org\/en\/#\/schema\/person\/358e26c18aca017fcc4cc15437f7279c","name":"Jacqueline ROTEN","image":{"@type":"ImageObject","inLanguage":"en-US","@id":"https:\/\/secure.gravatar.com\/avatar\/5964256d6c6957de3a3505278957e0fb2a35119ac47ea41827a65301213c810b?s=96&d=mm&r=g","url":"https:\/\/secure.gravatar.com\/avatar\/5964256d6c6957de3a3505278957e0fb2a35119ac47ea41827a65301213c810b?s=96&d=mm&r=g","contentUrl":"https:\/\/secure.gravatar.com\/avatar\/5964256d6c6957de3a3505278957e0fb2a35119ac47ea41827a65301213c810b?s=96&d=mm&r=g","caption":"Jacqueline ROTEN"}}]}},"_links":{"self":[{"href":"https:\/\/www.iemj.org\/en\/wp-json\/wp\/v2\/posts\/113656","targetHints":{"allow":["GET"]}}],"collection":[{"href":"https:\/\/www.iemj.org\/en\/wp-json\/wp\/v2\/posts"}],"about":[{"href":"https:\/\/www.iemj.org\/en\/wp-json\/wp\/v2\/types\/post"}],"author":[{"embeddable":true,"href":"https:\/\/www.iemj.org\/en\/wp-json\/wp\/v2\/users\/5"}],"replies":[{"embeddable":true,"href":"https:\/\/www.iemj.org\/en\/wp-json\/wp\/v2\/comments?post=113656"}],"version-history":[{"count":0,"href":"https:\/\/www.iemj.org\/en\/wp-json\/wp\/v2\/posts\/113656\/revisions"}],"wp:featuredmedia":[{"embeddable":true,"href":"https:\/\/www.iemj.org\/en\/wp-json\/wp\/v2\/media\/113438"}],"wp:attachment":[{"href":"https:\/\/www.iemj.org\/en\/wp-json\/wp\/v2\/media?parent=113656"}],"wp:term":[{"taxonomy":"category","embeddable":true,"href":"https:\/\/www.iemj.org\/en\/wp-json\/wp\/v2\/categories?post=113656"},{"taxonomy":"post_tag","embeddable":true,"href":"https:\/\/www.iemj.org\/en\/wp-json\/wp\/v2\/tags?post=113656"},{"taxonomy":"technique","embeddable":true,"href":"https:\/\/www.iemj.org\/en\/wp-json\/wp\/v2\/technique?post=113656"},{"taxonomy":"squelettes","embeddable":true,"href":"https:\/\/www.iemj.org\/en\/wp-json\/wp\/v2\/squelettes?post=113656"},{"taxonomy":"sujet","embeddable":true,"href":"https:\/\/www.iemj.org\/en\/wp-json\/wp\/v2\/sujet?post=113656"},{"taxonomy":"formation","embeddable":true,"href":"https:\/\/www.iemj.org\/en\/wp-json\/wp\/v2\/formation?post=113656"},{"taxonomy":"genre","embeddable":true,"href":"https:\/\/www.iemj.org\/en\/wp-json\/wp\/v2\/genre?post=113656"},{"taxonomy":"fonds","embeddable":true,"href":"https:\/\/www.iemj.org\/en\/wp-json\/wp\/v2\/fonds?post=113656"},{"taxonomy":"tradition","embeddable":true,"href":"https:\/\/www.iemj.org\/en\/wp-json\/wp\/v2\/tradition?post=113656"},{"taxonomy":"type-de-contenu","embeddable":true,"href":"https:\/\/www.iemj.org\/en\/wp-json\/wp\/v2\/type-de-contenu?post=113656"},{"taxonomy":"interprete-compositeur","embeddable":true,"href":"https:\/\/www.iemj.org\/en\/wp-json\/wp\/v2\/interprete-compositeur?post=113656"},{"taxonomy":"frise","embeddable":true,"href":"https:\/\/www.iemj.org\/en\/wp-json\/wp\/v2\/frise?post=113656"},{"taxonomy":"type-devenement","embeddable":true,"href":"https:\/\/www.iemj.org\/en\/wp-json\/wp\/v2\/type-devenement?post=113656"},{"taxonomy":"tableaux-liens-externes","embeddable":true,"href":"https:\/\/www.iemj.org\/en\/wp-json\/wp\/v2\/tableaux-liens-externes?post=113656"}],"curies":[{"name":"wp","href":"https:\/\/api.w.org\/{rel}","templated":true}]}}