{"id":113745,"date":"2023-11-26T13:15:05","date_gmt":"2023-11-26T12:15:05","guid":{"rendered":"https:\/\/www.iemj.org\/conference-la-place-de-lorgue-dans-la-tradition-juive-par-herve-roten\/"},"modified":"2024-09-16T15:50:33","modified_gmt":"2024-09-16T13:50:33","slug":"conference-la-place-de-lorgue-dans-la-tradition-juive-par-herve-roten","status":"publish","type":"post","link":"https:\/\/www.iemj.org\/en\/conference-la-place-de-lorgue-dans-la-tradition-juive-par-herve-roten\/","title":{"rendered":"LECTURE &#8220;THE PLACE OF THE ORGAN IN JEWISH TRADITION&#8221;, BY HERV\u00c9 ROTEN"},"content":{"rendered":"<h3 id=\"1-eael-table-of-content\" class=\"eael-heading-content\">Organized by B&#8217;na\u00ef B&#8217;rith &#8211; Michel de Montaigne, as part of the inauguration of the Organ of the Great Synagogue of Bordeaux, December 10, 2023, at 3 p.m.<\/h3>\n<p>Although the organ is traditionally associated with Christian liturgical music, its use was approved in the 19th century by the Conference of French Chief Rabbis.<\/p>\n<p><img decoding=\"async\" class=\"size-full wp-image-105890 alignright\" src=\"https:\/\/www.iemj.org\/wp-content\/uploads\/2023\/11\/Instt.jpg\" alt=\"\" width=\"101\" height=\"136\" \/>This decision was debated between Orthodox and Reform Jews, yet music was already present in the Jerusalem temple, where over a hundred musicians played a variety of string and wind instruments&#8230;<br \/>\nOver the centuries, the role of synagogal music has evolved under the impetus of cantors, according to the place of Jews in the city and the spread of secular philosophical ideas, from Baghdad to Venice, from Western to Eastern Europe&#8230;<\/p>\n<p><img decoding=\"async\" class=\"wp-image-32118 alignright\" src=\"https:\/\/www.iemj.org\/wp-content\/uploads\/2021\/03\/Herve-Roten-223x300.jpg\" alt=\"\" width=\"100\" height=\"135\" srcset=\"https:\/\/www.iemj.org\/wp-content\/uploads\/2021\/03\/Herve-Roten-223x300.jpg 223w, https:\/\/www.iemj.org\/wp-content\/uploads\/2021\/03\/Herve-Roten-600x809.jpg 600w, https:\/\/www.iemj.org\/wp-content\/uploads\/2021\/03\/Herve-Roten.jpg 742w\" sizes=\"(max-width: 100px) 100vw, 100px\" \/>On the occasion of the inauguration of the synagogue organ, <strong>Herv\u00e9 Roten<\/strong>, ethnomusicologist and Doctor of Musicology from Paris IV Sorbonne University, will talk about the debate that preceded the introduction of the pipe organ, notably in Paris, Bordeaux and Mulhouse.<br \/>\nHis talk will help us understand the evolution of its role in liturgy.<\/p>\n<p><strong>Price: 10\u20ac conference only &#8211; 20\u20ac concert only &#8211; 25\u20ac combi Conference + Concert<\/strong><\/p>\n<p>A contribution of more than \u20ac30 will entitle you to a CERFA and the difference will be entirely allocated to social actions.<\/p>\n<h2 style=\"text-align: center;\"><span class=\"tribe-events-calendar-list__event-venue-title tribe-common-b2--bold\">Espace ERETS &#8211; <\/span><span class=\"tribe-events-calendar-list__event-venue-address\">36 cours Pasteur, 33000 Bordeaux<\/span><\/h2>\n<h2 style=\"text-align: center;\">at 3 p.m.<\/h2>\n<p><strong>Reservations<\/strong> on 05 56 91 79 39 or by e-mail to <a href=\"mailto:contact@bbsudouest.org\" target=\"_blank\" rel=\"noopener\">contact@bbsudouest.org<\/a><\/p>\n","protected":false},"excerpt":{"rendered":"<p>Organized by B&#8217;na\u00ef B&#8217;rith &#8211; Michel de Montaigne, as part of the inauguration of the Organ of the Great Synagogue of Bordeaux, December 10, 2023, at 3 p.m. Although the<\/p>\n","protected":false},"author":5,"featured_media":105878,"comment_status":"closed","ping_status":"closed","sticky":false,"template":"","format":"standard","meta":{"_acf_changed":false,"footnotes":""},"categories":[1369,1381],"tags":[],"technique":[],"squelettes":[],"sujet":[],"formation":[],"genre":[],"fonds":[],"tradition":[],"type-de-contenu":[],"interprete-compositeur":[],"frise":[],"type-devenement":[3800],"tableaux-liens-externes":[],"class_list":["post-113745","post","type-post","status-publish","format-standard","has-post-thumbnail","hentry","category-events-en","category-lectures-conferences-events-en","type-devenement-evenements-partenaires"],"acf":[],"yoast_head":"<!-- This site is optimized with the Yoast SEO plugin v27.3 - https:\/\/yoast.com\/product\/yoast-seo-wordpress\/ -->\n<title>LECTURE &quot;THE PLACE OF THE ORGAN IN JEWISH TRADITION&quot;, BY HERV\u00c9 ROTEN - Institut Europ\u00e9en des Musiques Juives<\/title>\n<meta name=\"robots\" content=\"index, follow, max-snippet:-1, max-image-preview:large, max-video-preview:-1\" \/>\n<link rel=\"canonical\" href=\"https:\/\/www.iemj.org\/en\/conference-la-place-de-lorgue-dans-la-tradition-juive-par-herve-roten\/\" \/>\n<meta property=\"og:locale\" content=\"en_US\" \/>\n<meta property=\"og:type\" content=\"article\" \/>\n<meta property=\"og:title\" content=\"LECTURE &quot;THE PLACE OF THE ORGAN IN JEWISH TRADITION&quot;, BY HERV\u00c9 ROTEN - Institut Europ\u00e9en des Musiques Juives\" \/>\n<meta property=\"og:description\" content=\"Organized by B&#8217;na\u00ef B&#8217;rith &#8211; Michel de Montaigne, as part of the inauguration of the Organ of the Great Synagogue of Bordeaux, December 10, 2023, at 3 p.m. Although the\" \/>\n<meta property=\"og:url\" content=\"https:\/\/www.iemj.org\/en\/conference-la-place-de-lorgue-dans-la-tradition-juive-par-herve-roten\/\" \/>\n<meta property=\"og:site_name\" content=\"Institut Europ\u00e9en des Musiques Juives\" \/>\n<meta property=\"article:publisher\" content=\"https:\/\/www.facebook.com\/MusiquesJuives\/\" \/>\n<meta property=\"article:published_time\" content=\"2023-11-26T12:15:05+00:00\" \/>\n<meta property=\"article:modified_time\" content=\"2024-09-16T13:50:33+00:00\" \/>\n<meta property=\"og:image\" content=\"https:\/\/www.iemj.org\/wp-content\/uploads\/2023\/11\/Conf.-Orgue-Bordeaux.jpg\" \/>\n\t<meta property=\"og:image:width\" content=\"452\" \/>\n\t<meta property=\"og:image:height\" content=\"313\" \/>\n\t<meta property=\"og:image:type\" content=\"image\/jpeg\" \/>\n<meta name=\"author\" content=\"Jacqueline ROTEN\" \/>\n<meta name=\"twitter:card\" content=\"summary_large_image\" \/>\n<meta name=\"twitter:label1\" content=\"Written by\" \/>\n\t<meta name=\"twitter:data1\" content=\"Jacqueline ROTEN\" \/>\n\t<meta name=\"twitter:label2\" content=\"Est. reading time\" \/>\n\t<meta name=\"twitter:data2\" content=\"2 minutes\" \/>\n<script type=\"application\/ld+json\" class=\"yoast-schema-graph\">{\"@context\":\"https:\\\/\\\/schema.org\",\"@graph\":[{\"@type\":\"Article\",\"@id\":\"https:\\\/\\\/www.iemj.org\\\/en\\\/conference-la-place-de-lorgue-dans-la-tradition-juive-par-herve-roten\\\/#article\",\"isPartOf\":{\"@id\":\"https:\\\/\\\/www.iemj.org\\\/en\\\/conference-la-place-de-lorgue-dans-la-tradition-juive-par-herve-roten\\\/\"},\"author\":{\"name\":\"Jacqueline ROTEN\",\"@id\":\"https:\\\/\\\/www.iemj.org\\\/en\\\/#\\\/schema\\\/person\\\/358e26c18aca017fcc4cc15437f7279c\"},\"headline\":\"LECTURE &#8220;THE PLACE OF THE ORGAN IN JEWISH TRADITION&#8221;, BY HERV\u00c9 ROTEN\",\"datePublished\":\"2023-11-26T12:15:05+00:00\",\"dateModified\":\"2024-09-16T13:50:33+00:00\",\"mainEntityOfPage\":{\"@id\":\"https:\\\/\\\/www.iemj.org\\\/en\\\/conference-la-place-de-lorgue-dans-la-tradition-juive-par-herve-roten\\\/\"},\"wordCount\":239,\"publisher\":{\"@id\":\"https:\\\/\\\/www.iemj.org\\\/en\\\/#organization\"},\"image\":{\"@id\":\"https:\\\/\\\/www.iemj.org\\\/en\\\/conference-la-place-de-lorgue-dans-la-tradition-juive-par-herve-roten\\\/#primaryimage\"},\"thumbnailUrl\":\"https:\\\/\\\/www.iemj.org\\\/wp-content\\\/uploads\\\/2023\\\/11\\\/Conf.-Orgue-Bordeaux.jpg\",\"articleSection\":[\"Events\",\"Lectures \\\/ Conferences\"],\"inLanguage\":\"en-US\"},{\"@type\":\"WebPage\",\"@id\":\"https:\\\/\\\/www.iemj.org\\\/en\\\/conference-la-place-de-lorgue-dans-la-tradition-juive-par-herve-roten\\\/\",\"url\":\"https:\\\/\\\/www.iemj.org\\\/en\\\/conference-la-place-de-lorgue-dans-la-tradition-juive-par-herve-roten\\\/\",\"name\":\"LECTURE \\\"THE PLACE OF THE ORGAN IN JEWISH TRADITION\\\", BY HERV\u00c9 ROTEN - Institut Europ\u00e9en des Musiques Juives\",\"isPartOf\":{\"@id\":\"https:\\\/\\\/www.iemj.org\\\/en\\\/#website\"},\"primaryImageOfPage\":{\"@id\":\"https:\\\/\\\/www.iemj.org\\\/en\\\/conference-la-place-de-lorgue-dans-la-tradition-juive-par-herve-roten\\\/#primaryimage\"},\"image\":{\"@id\":\"https:\\\/\\\/www.iemj.org\\\/en\\\/conference-la-place-de-lorgue-dans-la-tradition-juive-par-herve-roten\\\/#primaryimage\"},\"thumbnailUrl\":\"https:\\\/\\\/www.iemj.org\\\/wp-content\\\/uploads\\\/2023\\\/11\\\/Conf.-Orgue-Bordeaux.jpg\",\"datePublished\":\"2023-11-26T12:15:05+00:00\",\"dateModified\":\"2024-09-16T13:50:33+00:00\",\"breadcrumb\":{\"@id\":\"https:\\\/\\\/www.iemj.org\\\/en\\\/conference-la-place-de-lorgue-dans-la-tradition-juive-par-herve-roten\\\/#breadcrumb\"},\"inLanguage\":\"en-US\",\"potentialAction\":[{\"@type\":\"ReadAction\",\"target\":[\"https:\\\/\\\/www.iemj.org\\\/en\\\/conference-la-place-de-lorgue-dans-la-tradition-juive-par-herve-roten\\\/\"]}]},{\"@type\":\"ImageObject\",\"inLanguage\":\"en-US\",\"@id\":\"https:\\\/\\\/www.iemj.org\\\/en\\\/conference-la-place-de-lorgue-dans-la-tradition-juive-par-herve-roten\\\/#primaryimage\",\"url\":\"https:\\\/\\\/www.iemj.org\\\/wp-content\\\/uploads\\\/2023\\\/11\\\/Conf.-Orgue-Bordeaux.jpg\",\"contentUrl\":\"https:\\\/\\\/www.iemj.org\\\/wp-content\\\/uploads\\\/2023\\\/11\\\/Conf.-Orgue-Bordeaux.jpg\",\"width\":452,\"height\":313},{\"@type\":\"BreadcrumbList\",\"@id\":\"https:\\\/\\\/www.iemj.org\\\/en\\\/conference-la-place-de-lorgue-dans-la-tradition-juive-par-herve-roten\\\/#breadcrumb\",\"itemListElement\":[{\"@type\":\"ListItem\",\"position\":1,\"name\":\"Accueil\",\"item\":\"https:\\\/\\\/www.iemj.org\\\/en\\\/\"},{\"@type\":\"ListItem\",\"position\":2,\"name\":\"LECTURE &#8220;THE PLACE OF THE ORGAN IN JEWISH TRADITION&#8221;, BY HERV\u00c9 ROTEN\"}]},{\"@type\":\"WebSite\",\"@id\":\"https:\\\/\\\/www.iemj.org\\\/en\\\/#website\",\"url\":\"https:\\\/\\\/www.iemj.org\\\/en\\\/\",\"name\":\"Institut Europ\u00e9en des Musiques Juives\",\"description\":\"Des traditions musicales \u00e0 la port\u00e9e de tous\",\"publisher\":{\"@id\":\"https:\\\/\\\/www.iemj.org\\\/en\\\/#organization\"},\"potentialAction\":[{\"@type\":\"SearchAction\",\"target\":{\"@type\":\"EntryPoint\",\"urlTemplate\":\"https:\\\/\\\/www.iemj.org\\\/en\\\/?s={search_term_string}\"},\"query-input\":{\"@type\":\"PropertyValueSpecification\",\"valueRequired\":true,\"valueName\":\"search_term_string\"}}],\"inLanguage\":\"en-US\"},{\"@type\":\"Organization\",\"@id\":\"https:\\\/\\\/www.iemj.org\\\/en\\\/#organization\",\"name\":\"Institut Europ\u00e9en des Musiques Juives\",\"url\":\"https:\\\/\\\/www.iemj.org\\\/en\\\/\",\"logo\":{\"@type\":\"ImageObject\",\"inLanguage\":\"en-US\",\"@id\":\"https:\\\/\\\/www.iemj.org\\\/en\\\/#\\\/schema\\\/logo\\\/image\\\/\",\"url\":\"https:\\\/\\\/www.iemj.org\\\/wp-content\\\/uploads\\\/2021\\\/09\\\/Logo-IEMJ-Paypal.jpg\",\"contentUrl\":\"https:\\\/\\\/www.iemj.org\\\/wp-content\\\/uploads\\\/2021\\\/09\\\/Logo-IEMJ-Paypal.jpg\",\"width\":150,\"height\":50,\"caption\":\"Institut Europ\u00e9en des Musiques Juives\"},\"image\":{\"@id\":\"https:\\\/\\\/www.iemj.org\\\/en\\\/#\\\/schema\\\/logo\\\/image\\\/\"},\"sameAs\":[\"https:\\\/\\\/www.facebook.com\\\/MusiquesJuives\\\/\",\"https:\\\/\\\/www.instagram.com\\\/musiquesjuives\\\/\",\"https:\\\/\\\/www.youtube.com\\\/user\\\/musiquesjuives\"]},{\"@type\":\"Person\",\"@id\":\"https:\\\/\\\/www.iemj.org\\\/en\\\/#\\\/schema\\\/person\\\/358e26c18aca017fcc4cc15437f7279c\",\"name\":\"Jacqueline ROTEN\",\"image\":{\"@type\":\"ImageObject\",\"inLanguage\":\"en-US\",\"@id\":\"https:\\\/\\\/secure.gravatar.com\\\/avatar\\\/5964256d6c6957de3a3505278957e0fb2a35119ac47ea41827a65301213c810b?s=96&d=mm&r=g\",\"url\":\"https:\\\/\\\/secure.gravatar.com\\\/avatar\\\/5964256d6c6957de3a3505278957e0fb2a35119ac47ea41827a65301213c810b?s=96&d=mm&r=g\",\"contentUrl\":\"https:\\\/\\\/secure.gravatar.com\\\/avatar\\\/5964256d6c6957de3a3505278957e0fb2a35119ac47ea41827a65301213c810b?s=96&d=mm&r=g\",\"caption\":\"Jacqueline ROTEN\"}}]}<\/script>\n<!-- \/ Yoast SEO plugin. -->","yoast_head_json":{"title":"LECTURE \"THE PLACE OF THE ORGAN IN JEWISH TRADITION\", BY HERV\u00c9 ROTEN - Institut Europ\u00e9en des Musiques Juives","robots":{"index":"index","follow":"follow","max-snippet":"max-snippet:-1","max-image-preview":"max-image-preview:large","max-video-preview":"max-video-preview:-1"},"canonical":"https:\/\/www.iemj.org\/en\/conference-la-place-de-lorgue-dans-la-tradition-juive-par-herve-roten\/","og_locale":"en_US","og_type":"article","og_title":"LECTURE \"THE PLACE OF THE ORGAN IN JEWISH TRADITION\", BY HERV\u00c9 ROTEN - Institut Europ\u00e9en des Musiques Juives","og_description":"Organized by B&#8217;na\u00ef B&#8217;rith &#8211; Michel de Montaigne, as part of the inauguration of the Organ of the Great Synagogue of Bordeaux, December 10, 2023, at 3 p.m. Although the","og_url":"https:\/\/www.iemj.org\/en\/conference-la-place-de-lorgue-dans-la-tradition-juive-par-herve-roten\/","og_site_name":"Institut Europ\u00e9en des Musiques Juives","article_publisher":"https:\/\/www.facebook.com\/MusiquesJuives\/","article_published_time":"2023-11-26T12:15:05+00:00","article_modified_time":"2024-09-16T13:50:33+00:00","og_image":[{"width":452,"height":313,"url":"https:\/\/www.iemj.org\/wp-content\/uploads\/2023\/11\/Conf.-Orgue-Bordeaux.jpg","type":"image\/jpeg"}],"author":"Jacqueline ROTEN","twitter_card":"summary_large_image","twitter_misc":{"Written by":"Jacqueline ROTEN","Est. reading time":"2 minutes"},"schema":{"@context":"https:\/\/schema.org","@graph":[{"@type":"Article","@id":"https:\/\/www.iemj.org\/en\/conference-la-place-de-lorgue-dans-la-tradition-juive-par-herve-roten\/#article","isPartOf":{"@id":"https:\/\/www.iemj.org\/en\/conference-la-place-de-lorgue-dans-la-tradition-juive-par-herve-roten\/"},"author":{"name":"Jacqueline ROTEN","@id":"https:\/\/www.iemj.org\/en\/#\/schema\/person\/358e26c18aca017fcc4cc15437f7279c"},"headline":"LECTURE &#8220;THE PLACE OF THE ORGAN IN JEWISH TRADITION&#8221;, BY HERV\u00c9 ROTEN","datePublished":"2023-11-26T12:15:05+00:00","dateModified":"2024-09-16T13:50:33+00:00","mainEntityOfPage":{"@id":"https:\/\/www.iemj.org\/en\/conference-la-place-de-lorgue-dans-la-tradition-juive-par-herve-roten\/"},"wordCount":239,"publisher":{"@id":"https:\/\/www.iemj.org\/en\/#organization"},"image":{"@id":"https:\/\/www.iemj.org\/en\/conference-la-place-de-lorgue-dans-la-tradition-juive-par-herve-roten\/#primaryimage"},"thumbnailUrl":"https:\/\/www.iemj.org\/wp-content\/uploads\/2023\/11\/Conf.-Orgue-Bordeaux.jpg","articleSection":["Events","Lectures \/ Conferences"],"inLanguage":"en-US"},{"@type":"WebPage","@id":"https:\/\/www.iemj.org\/en\/conference-la-place-de-lorgue-dans-la-tradition-juive-par-herve-roten\/","url":"https:\/\/www.iemj.org\/en\/conference-la-place-de-lorgue-dans-la-tradition-juive-par-herve-roten\/","name":"LECTURE \"THE PLACE OF THE ORGAN IN JEWISH TRADITION\", BY HERV\u00c9 ROTEN - Institut Europ\u00e9en des Musiques Juives","isPartOf":{"@id":"https:\/\/www.iemj.org\/en\/#website"},"primaryImageOfPage":{"@id":"https:\/\/www.iemj.org\/en\/conference-la-place-de-lorgue-dans-la-tradition-juive-par-herve-roten\/#primaryimage"},"image":{"@id":"https:\/\/www.iemj.org\/en\/conference-la-place-de-lorgue-dans-la-tradition-juive-par-herve-roten\/#primaryimage"},"thumbnailUrl":"https:\/\/www.iemj.org\/wp-content\/uploads\/2023\/11\/Conf.-Orgue-Bordeaux.jpg","datePublished":"2023-11-26T12:15:05+00:00","dateModified":"2024-09-16T13:50:33+00:00","breadcrumb":{"@id":"https:\/\/www.iemj.org\/en\/conference-la-place-de-lorgue-dans-la-tradition-juive-par-herve-roten\/#breadcrumb"},"inLanguage":"en-US","potentialAction":[{"@type":"ReadAction","target":["https:\/\/www.iemj.org\/en\/conference-la-place-de-lorgue-dans-la-tradition-juive-par-herve-roten\/"]}]},{"@type":"ImageObject","inLanguage":"en-US","@id":"https:\/\/www.iemj.org\/en\/conference-la-place-de-lorgue-dans-la-tradition-juive-par-herve-roten\/#primaryimage","url":"https:\/\/www.iemj.org\/wp-content\/uploads\/2023\/11\/Conf.-Orgue-Bordeaux.jpg","contentUrl":"https:\/\/www.iemj.org\/wp-content\/uploads\/2023\/11\/Conf.-Orgue-Bordeaux.jpg","width":452,"height":313},{"@type":"BreadcrumbList","@id":"https:\/\/www.iemj.org\/en\/conference-la-place-de-lorgue-dans-la-tradition-juive-par-herve-roten\/#breadcrumb","itemListElement":[{"@type":"ListItem","position":1,"name":"Accueil","item":"https:\/\/www.iemj.org\/en\/"},{"@type":"ListItem","position":2,"name":"LECTURE &#8220;THE PLACE OF THE ORGAN IN JEWISH TRADITION&#8221;, BY HERV\u00c9 ROTEN"}]},{"@type":"WebSite","@id":"https:\/\/www.iemj.org\/en\/#website","url":"https:\/\/www.iemj.org\/en\/","name":"Institut Europ\u00e9en des Musiques Juives","description":"Des traditions musicales \u00e0 la port\u00e9e de tous","publisher":{"@id":"https:\/\/www.iemj.org\/en\/#organization"},"potentialAction":[{"@type":"SearchAction","target":{"@type":"EntryPoint","urlTemplate":"https:\/\/www.iemj.org\/en\/?s={search_term_string}"},"query-input":{"@type":"PropertyValueSpecification","valueRequired":true,"valueName":"search_term_string"}}],"inLanguage":"en-US"},{"@type":"Organization","@id":"https:\/\/www.iemj.org\/en\/#organization","name":"Institut Europ\u00e9en des Musiques Juives","url":"https:\/\/www.iemj.org\/en\/","logo":{"@type":"ImageObject","inLanguage":"en-US","@id":"https:\/\/www.iemj.org\/en\/#\/schema\/logo\/image\/","url":"https:\/\/www.iemj.org\/wp-content\/uploads\/2021\/09\/Logo-IEMJ-Paypal.jpg","contentUrl":"https:\/\/www.iemj.org\/wp-content\/uploads\/2021\/09\/Logo-IEMJ-Paypal.jpg","width":150,"height":50,"caption":"Institut Europ\u00e9en des Musiques Juives"},"image":{"@id":"https:\/\/www.iemj.org\/en\/#\/schema\/logo\/image\/"},"sameAs":["https:\/\/www.facebook.com\/MusiquesJuives\/","https:\/\/www.instagram.com\/musiquesjuives\/","https:\/\/www.youtube.com\/user\/musiquesjuives"]},{"@type":"Person","@id":"https:\/\/www.iemj.org\/en\/#\/schema\/person\/358e26c18aca017fcc4cc15437f7279c","name":"Jacqueline ROTEN","image":{"@type":"ImageObject","inLanguage":"en-US","@id":"https:\/\/secure.gravatar.com\/avatar\/5964256d6c6957de3a3505278957e0fb2a35119ac47ea41827a65301213c810b?s=96&d=mm&r=g","url":"https:\/\/secure.gravatar.com\/avatar\/5964256d6c6957de3a3505278957e0fb2a35119ac47ea41827a65301213c810b?s=96&d=mm&r=g","contentUrl":"https:\/\/secure.gravatar.com\/avatar\/5964256d6c6957de3a3505278957e0fb2a35119ac47ea41827a65301213c810b?s=96&d=mm&r=g","caption":"Jacqueline ROTEN"}}]}},"_links":{"self":[{"href":"https:\/\/www.iemj.org\/en\/wp-json\/wp\/v2\/posts\/113745","targetHints":{"allow":["GET"]}}],"collection":[{"href":"https:\/\/www.iemj.org\/en\/wp-json\/wp\/v2\/posts"}],"about":[{"href":"https:\/\/www.iemj.org\/en\/wp-json\/wp\/v2\/types\/post"}],"author":[{"embeddable":true,"href":"https:\/\/www.iemj.org\/en\/wp-json\/wp\/v2\/users\/5"}],"replies":[{"embeddable":true,"href":"https:\/\/www.iemj.org\/en\/wp-json\/wp\/v2\/comments?post=113745"}],"version-history":[{"count":0,"href":"https:\/\/www.iemj.org\/en\/wp-json\/wp\/v2\/posts\/113745\/revisions"}],"wp:featuredmedia":[{"embeddable":true,"href":"https:\/\/www.iemj.org\/en\/wp-json\/wp\/v2\/media\/105878"}],"wp:attachment":[{"href":"https:\/\/www.iemj.org\/en\/wp-json\/wp\/v2\/media?parent=113745"}],"wp:term":[{"taxonomy":"category","embeddable":true,"href":"https:\/\/www.iemj.org\/en\/wp-json\/wp\/v2\/categories?post=113745"},{"taxonomy":"post_tag","embeddable":true,"href":"https:\/\/www.iemj.org\/en\/wp-json\/wp\/v2\/tags?post=113745"},{"taxonomy":"technique","embeddable":true,"href":"https:\/\/www.iemj.org\/en\/wp-json\/wp\/v2\/technique?post=113745"},{"taxonomy":"squelettes","embeddable":true,"href":"https:\/\/www.iemj.org\/en\/wp-json\/wp\/v2\/squelettes?post=113745"},{"taxonomy":"sujet","embeddable":true,"href":"https:\/\/www.iemj.org\/en\/wp-json\/wp\/v2\/sujet?post=113745"},{"taxonomy":"formation","embeddable":true,"href":"https:\/\/www.iemj.org\/en\/wp-json\/wp\/v2\/formation?post=113745"},{"taxonomy":"genre","embeddable":true,"href":"https:\/\/www.iemj.org\/en\/wp-json\/wp\/v2\/genre?post=113745"},{"taxonomy":"fonds","embeddable":true,"href":"https:\/\/www.iemj.org\/en\/wp-json\/wp\/v2\/fonds?post=113745"},{"taxonomy":"tradition","embeddable":true,"href":"https:\/\/www.iemj.org\/en\/wp-json\/wp\/v2\/tradition?post=113745"},{"taxonomy":"type-de-contenu","embeddable":true,"href":"https:\/\/www.iemj.org\/en\/wp-json\/wp\/v2\/type-de-contenu?post=113745"},{"taxonomy":"interprete-compositeur","embeddable":true,"href":"https:\/\/www.iemj.org\/en\/wp-json\/wp\/v2\/interprete-compositeur?post=113745"},{"taxonomy":"frise","embeddable":true,"href":"https:\/\/www.iemj.org\/en\/wp-json\/wp\/v2\/frise?post=113745"},{"taxonomy":"type-devenement","embeddable":true,"href":"https:\/\/www.iemj.org\/en\/wp-json\/wp\/v2\/type-devenement?post=113745"},{"taxonomy":"tableaux-liens-externes","embeddable":true,"href":"https:\/\/www.iemj.org\/en\/wp-json\/wp\/v2\/tableaux-liens-externes?post=113745"}],"curies":[{"name":"wp","href":"https:\/\/api.w.org\/{rel}","templated":true}]}}