{"id":11395,"date":"2016-07-12T14:42:38","date_gmt":"2016-07-12T12:42:38","guid":{"rendered":"https:\/\/www.iemj.org\/2016\/07\/12\/gala-concert-of-the-european-institute-for-jewish-music-2nd-edition\/"},"modified":"2023-08-28T17:52:33","modified_gmt":"2023-08-28T15:52:33","slug":"gala-concert-of-the-european-institute-for-jewish-music-2nd-edition","status":"publish","type":"post","link":"https:\/\/www.iemj.org\/en\/gala-concert-of-the-european-institute-for-jewish-music-2nd-edition\/","title":{"rendered":"Gala concert of the European Institute ofJewish Music \u2013 2nd edition"},"content":{"rendered":"<h2><\/h2>\n<h2 style=\"text-align: center;\">Sunday November 6, 2016, 6 pm, Salle Cortot &#8211; 78 rue Cardinet, 75017 Paris<\/h2>\n<h2><span style=\"color: 0040ff;\"><b><span style=\"font-size: xx-small;\">\u00a0<\/span><\/b><\/span><\/h2>\n<h3 style=\"text-align: center;\">The European Institute of Jewish Music is happy to invite you to its great gala concert<\/h3>\n<h3 style=\"text-align: center;\">&#8220;Jewish music in all its shapes&#8221; &#8211; 2nd edition<\/h3>\n<h4 style=\"text-align: center;\"><strong>PROGRAM<\/strong><\/h4>\n<p><center>&#8211; JEWISH LITURGY FROM THE 17TH TO THE 20TH CENTURY : <strong>Choral from the Kehilat Gesher\u2019s synagogue <\/strong><\/center><center>&#8211; SEPHARDIC MELODIES AND BULGARIAN POLYPHONIES : <strong>Quatuor Balkanes &amp; David Bruley<\/strong><\/center><center>&#8211; KLEZMER MUSIC AND CUBAN SALSA : <strong>Cigarillos en el Struddle and its 9 musicians<\/strong><\/center>This concert will be followed by a <strong>cocktail<\/strong> with the artists ( reserved to the golden and silver square seatings ).<\/p>\n<p><strong>Cost of the seats <\/strong> : 25 \u20ac &#8211; 50 \u20ac* &#8211; 100 \u20ac* &#8211; 200 \u20ac* (*with Cerfa receipt))<\/p>\n<p><strong>Online booking is highly recommended<\/strong> : 01 45 82 20 52.<br \/>\n<strong>Contact :<\/strong> Jacqueline Roten : 01 45 82 20 52 \u2013 <a href=\"contact@iemj.org\">contact@iemj.org<\/a><\/p>\n<p>You can also <a href=\"https:\/\/www.iemj.org\/donate-online\/\">support the European Institute <\/a> of Jewish Music by making an online donation. A CERFA receipt will be given to you. For any donation higher than 200 euros, a Premium seat will be offered.<\/p>\n<form action=\"https:\/\/www.paypal.com\/cgi-bin\/webscr\" method=\"post\" target=\"_top\"><input name=\"cmd\" type=\"hidden\" value=\"_s-xclick\" \/><br \/>\n<input name=\"hosted_button_id\" type=\"hidden\" value=\"8MVMYKYLYM7R4\" \/><br \/>\n<input alt=\"PayPal - la solution de paiement en ligne la plus simple et la plus s\u00e9curis\u00e9e !\" name=\"submit\" src=\"https:\/\/www.paypalobjects.com\/fr_FR\/FR\/i\/btn\/btn_donateCC_LG.gif\" type=\"image\" \/><br \/>\n<img decoding=\"async\" src=\"https:\/\/www.paypalobjects.com\/fr_FR\/i\/scr\/pixel.gif\" alt=\"\" width=\"1\" height=\"1\" border=\"0\" \/><\/form>\n<p><strong>Practical information :<\/strong><br \/>\n<strong>SALLE CORTOT<\/strong>, Ecole Normale de Musique de Paris, 78 rue Cardinet, 75017 Paris<br \/>\nT\u00e9l : (0)1 47 63 47 48<br \/>\n<a href=\"salle.cortot@ecolenormalecortot.com\">salle.cortot@ecolenormalecortot.com<\/a><br \/>\n<a href=\"http:\/\/www.sallecortot.com\/\">http:\/\/www.sallecortot.com\/<\/a><br \/>\n<a href=\"http:\/\/www.sallecortot.com\/infos_pratiques.htm\">http:\/\/www.sallecortot.com\/infos_pratiques.htm<\/a><\/p>\n<p><strong>Access :<\/strong><br \/>\nSubway : line 3, station Malesherbes | ligne 2, station Monceau<br \/>\nBus : lines 31, 94 | car: parking Villiers, 14 avenue de Villiers | Taxi : station at 155 bd Malesherbes<br \/>\nV\u00e9lib\u2019 : 64 rue de Tocqueville ou 20 rue de Phalsbourg | Autolib\u2019 : 46 Avenue de Villiers | 22bis rue Legendre<\/p>\n<p><strong><a href=\"https:\/\/www.iemj.org\/en\/videos-du-concert-de-gala-de-linstitut-europeen-des-musiques-juives-edition-2016\/\" target=\"_blank\" rel=\"noreferrer noopener\">Watch excerpts from the concert<\/a><\/strong><\/p>\n<p><a href=\"https:\/\/www.iemj.org\/wp-content\/uploads\/2016\/10\/20160927_iemj_flyer_a5_pixart-ok-compressee-2.pdf\" target=\"_blank\" rel=\"noopener\">Flyer concert gala IEMJ 2016<\/a><\/p>\n","protected":false},"excerpt":{"rendered":"<p>Sunday November 6, 2016, 6 pm, Salle Cortot &#8211; 78 rue Cardinet, 75017 Paris \u00a0 The European Institute of Jewish Music is happy to invite you to its great gala<\/p>\n","protected":false},"author":1048,"featured_media":11393,"comment_status":"closed","ping_status":"open","sticky":false,"template":"","format":"standard","meta":{"_acf_changed":false,"footnotes":""},"categories":[1377,1369],"tags":[],"technique":[],"squelettes":[],"sujet":[],"formation":[],"genre":[],"fonds":[],"tradition":[],"type-de-contenu":[],"interprete-compositeur":[],"frise":[],"type-devenement":[],"tableaux-liens-externes":[],"class_list":["post-11395","post","type-post","status-publish","format-standard","has-post-thumbnail","hentry","category-concerts-events-en","category-events-en"],"acf":[],"yoast_head":"<!-- This site is optimized with the Yoast SEO plugin v27.3 - https:\/\/yoast.com\/product\/yoast-seo-wordpress\/ -->\n<title>Gala concert of the European Institute ofJewish Music \u2013 2nd edition - Institut Europ\u00e9en des Musiques Juives<\/title>\n<meta name=\"robots\" content=\"noindex, follow\" \/>\n<meta property=\"og:locale\" content=\"en_US\" \/>\n<meta property=\"og:type\" content=\"article\" \/>\n<meta property=\"og:title\" content=\"Gala concert of the European Institute ofJewish Music \u2013 2nd edition - Institut Europ\u00e9en des Musiques Juives\" \/>\n<meta property=\"og:description\" content=\"Sunday November 6, 2016, 6 pm, Salle Cortot &#8211; 78 rue Cardinet, 75017 Paris \u00a0 The European Institute of Jewish Music is happy to invite you to its great gala\" \/>\n<meta property=\"og:url\" content=\"https:\/\/www.iemj.org\/en\/gala-concert-of-the-european-institute-for-jewish-music-2nd-edition\/\" \/>\n<meta property=\"og:site_name\" content=\"Institut Europ\u00e9en des Musiques Juives\" \/>\n<meta property=\"article:publisher\" content=\"https:\/\/www.facebook.com\/MusiquesJuives\/\" \/>\n<meta property=\"article:published_time\" content=\"2016-07-12T12:42:38+00:00\" \/>\n<meta property=\"article:modified_time\" content=\"2023-08-28T15:52:33+00:00\" \/>\n<meta property=\"og:image\" content=\"https:\/\/www.iemj.org\/wp-content\/uploads\/2016\/07\/arton1812.jpg\" \/>\n\t<meta property=\"og:image:width\" content=\"317\" \/>\n\t<meta property=\"og:image:height\" content=\"448\" \/>\n\t<meta property=\"og:image:type\" content=\"image\/jpeg\" \/>\n<meta name=\"author\" content=\"Jean-Gabriel Davis\" \/>\n<meta name=\"twitter:card\" content=\"summary_large_image\" \/>\n<meta name=\"twitter:label1\" content=\"Written by\" \/>\n\t<meta name=\"twitter:data1\" content=\"Jean-Gabriel Davis\" \/>\n\t<meta name=\"twitter:label2\" content=\"Est. reading time\" \/>\n\t<meta name=\"twitter:data2\" content=\"2 minutes\" \/>\n<script type=\"application\/ld+json\" class=\"yoast-schema-graph\">{\"@context\":\"https:\\\/\\\/schema.org\",\"@graph\":[{\"@type\":\"Article\",\"@id\":\"https:\\\/\\\/www.iemj.org\\\/en\\\/gala-concert-of-the-european-institute-for-jewish-music-2nd-edition\\\/#article\",\"isPartOf\":{\"@id\":\"https:\\\/\\\/www.iemj.org\\\/en\\\/gala-concert-of-the-european-institute-for-jewish-music-2nd-edition\\\/\"},\"author\":{\"name\":\"Jean-Gabriel Davis\",\"@id\":\"https:\\\/\\\/www.iemj.org\\\/en\\\/#\\\/schema\\\/person\\\/c9bc1c386a3749579a2d675e72a18666\"},\"headline\":\"Gala concert of the European Institute ofJewish Music \u2013 2nd edition\",\"datePublished\":\"2016-07-12T12:42:38+00:00\",\"dateModified\":\"2023-08-28T15:52:33+00:00\",\"mainEntityOfPage\":{\"@id\":\"https:\\\/\\\/www.iemj.org\\\/en\\\/gala-concert-of-the-european-institute-for-jewish-music-2nd-edition\\\/\"},\"wordCount\":237,\"publisher\":{\"@id\":\"https:\\\/\\\/www.iemj.org\\\/en\\\/#organization\"},\"image\":{\"@id\":\"https:\\\/\\\/www.iemj.org\\\/en\\\/gala-concert-of-the-european-institute-for-jewish-music-2nd-edition\\\/#primaryimage\"},\"thumbnailUrl\":\"https:\\\/\\\/www.iemj.org\\\/wp-content\\\/uploads\\\/2016\\\/07\\\/arton1812.jpg\",\"articleSection\":[\"Concerts\",\"Events\"],\"inLanguage\":\"en-US\"},{\"@type\":\"WebPage\",\"@id\":\"https:\\\/\\\/www.iemj.org\\\/en\\\/gala-concert-of-the-european-institute-for-jewish-music-2nd-edition\\\/\",\"url\":\"https:\\\/\\\/www.iemj.org\\\/en\\\/gala-concert-of-the-european-institute-for-jewish-music-2nd-edition\\\/\",\"name\":\"Gala concert of the European Institute ofJewish Music \u2013 2nd edition - Institut Europ\u00e9en des Musiques Juives\",\"isPartOf\":{\"@id\":\"https:\\\/\\\/www.iemj.org\\\/en\\\/#website\"},\"primaryImageOfPage\":{\"@id\":\"https:\\\/\\\/www.iemj.org\\\/en\\\/gala-concert-of-the-european-institute-for-jewish-music-2nd-edition\\\/#primaryimage\"},\"image\":{\"@id\":\"https:\\\/\\\/www.iemj.org\\\/en\\\/gala-concert-of-the-european-institute-for-jewish-music-2nd-edition\\\/#primaryimage\"},\"thumbnailUrl\":\"https:\\\/\\\/www.iemj.org\\\/wp-content\\\/uploads\\\/2016\\\/07\\\/arton1812.jpg\",\"datePublished\":\"2016-07-12T12:42:38+00:00\",\"dateModified\":\"2023-08-28T15:52:33+00:00\",\"breadcrumb\":{\"@id\":\"https:\\\/\\\/www.iemj.org\\\/en\\\/gala-concert-of-the-european-institute-for-jewish-music-2nd-edition\\\/#breadcrumb\"},\"inLanguage\":\"en-US\",\"potentialAction\":[{\"@type\":\"ReadAction\",\"target\":[\"https:\\\/\\\/www.iemj.org\\\/en\\\/gala-concert-of-the-european-institute-for-jewish-music-2nd-edition\\\/\"]}]},{\"@type\":\"ImageObject\",\"inLanguage\":\"en-US\",\"@id\":\"https:\\\/\\\/www.iemj.org\\\/en\\\/gala-concert-of-the-european-institute-for-jewish-music-2nd-edition\\\/#primaryimage\",\"url\":\"https:\\\/\\\/www.iemj.org\\\/wp-content\\\/uploads\\\/2016\\\/07\\\/arton1812.jpg\",\"contentUrl\":\"https:\\\/\\\/www.iemj.org\\\/wp-content\\\/uploads\\\/2016\\\/07\\\/arton1812.jpg\",\"width\":317,\"height\":448},{\"@type\":\"BreadcrumbList\",\"@id\":\"https:\\\/\\\/www.iemj.org\\\/en\\\/gala-concert-of-the-european-institute-for-jewish-music-2nd-edition\\\/#breadcrumb\",\"itemListElement\":[{\"@type\":\"ListItem\",\"position\":1,\"name\":\"Accueil\",\"item\":\"https:\\\/\\\/www.iemj.org\\\/en\\\/\"},{\"@type\":\"ListItem\",\"position\":2,\"name\":\"Gala concert of the European Institute ofJewish Music \u2013 2nd edition\"}]},{\"@type\":\"WebSite\",\"@id\":\"https:\\\/\\\/www.iemj.org\\\/en\\\/#website\",\"url\":\"https:\\\/\\\/www.iemj.org\\\/en\\\/\",\"name\":\"Institut Europ\u00e9en des Musiques Juives\",\"description\":\"Des traditions musicales \u00e0 la port\u00e9e de tous\",\"publisher\":{\"@id\":\"https:\\\/\\\/www.iemj.org\\\/en\\\/#organization\"},\"potentialAction\":[{\"@type\":\"SearchAction\",\"target\":{\"@type\":\"EntryPoint\",\"urlTemplate\":\"https:\\\/\\\/www.iemj.org\\\/en\\\/?s={search_term_string}\"},\"query-input\":{\"@type\":\"PropertyValueSpecification\",\"valueRequired\":true,\"valueName\":\"search_term_string\"}}],\"inLanguage\":\"en-US\"},{\"@type\":\"Organization\",\"@id\":\"https:\\\/\\\/www.iemj.org\\\/en\\\/#organization\",\"name\":\"Institut Europ\u00e9en des Musiques Juives\",\"url\":\"https:\\\/\\\/www.iemj.org\\\/en\\\/\",\"logo\":{\"@type\":\"ImageObject\",\"inLanguage\":\"en-US\",\"@id\":\"https:\\\/\\\/www.iemj.org\\\/en\\\/#\\\/schema\\\/logo\\\/image\\\/\",\"url\":\"https:\\\/\\\/www.iemj.org\\\/wp-content\\\/uploads\\\/2021\\\/09\\\/Logo-IEMJ-Paypal.jpg\",\"contentUrl\":\"https:\\\/\\\/www.iemj.org\\\/wp-content\\\/uploads\\\/2021\\\/09\\\/Logo-IEMJ-Paypal.jpg\",\"width\":150,\"height\":50,\"caption\":\"Institut Europ\u00e9en des Musiques Juives\"},\"image\":{\"@id\":\"https:\\\/\\\/www.iemj.org\\\/en\\\/#\\\/schema\\\/logo\\\/image\\\/\"},\"sameAs\":[\"https:\\\/\\\/www.facebook.com\\\/MusiquesJuives\\\/\",\"https:\\\/\\\/www.instagram.com\\\/musiquesjuives\\\/\",\"https:\\\/\\\/www.youtube.com\\\/user\\\/musiquesjuives\"]},{\"@type\":\"Person\",\"@id\":\"https:\\\/\\\/www.iemj.org\\\/en\\\/#\\\/schema\\\/person\\\/c9bc1c386a3749579a2d675e72a18666\",\"name\":\"Jean-Gabriel Davis\",\"image\":{\"@type\":\"ImageObject\",\"inLanguage\":\"en-US\",\"@id\":\"https:\\\/\\\/secure.gravatar.com\\\/avatar\\\/2b90d67bdf392c9b3a21fab87c0fa7edaf1fb3a058172a1ffd61033fcec7aec1?s=96&d=mm&r=g\",\"url\":\"https:\\\/\\\/secure.gravatar.com\\\/avatar\\\/2b90d67bdf392c9b3a21fab87c0fa7edaf1fb3a058172a1ffd61033fcec7aec1?s=96&d=mm&r=g\",\"contentUrl\":\"https:\\\/\\\/secure.gravatar.com\\\/avatar\\\/2b90d67bdf392c9b3a21fab87c0fa7edaf1fb3a058172a1ffd61033fcec7aec1?s=96&d=mm&r=g\",\"caption\":\"Jean-Gabriel Davis\"}}]}<\/script>\n<!-- \/ Yoast SEO plugin. -->","yoast_head_json":{"title":"Gala concert of the European Institute ofJewish Music \u2013 2nd edition - Institut Europ\u00e9en des Musiques Juives","robots":{"index":"noindex","follow":"follow"},"og_locale":"en_US","og_type":"article","og_title":"Gala concert of the European Institute ofJewish Music \u2013 2nd edition - Institut Europ\u00e9en des Musiques Juives","og_description":"Sunday November 6, 2016, 6 pm, Salle Cortot &#8211; 78 rue Cardinet, 75017 Paris \u00a0 The European Institute of Jewish Music is happy to invite you to its great gala","og_url":"https:\/\/www.iemj.org\/en\/gala-concert-of-the-european-institute-for-jewish-music-2nd-edition\/","og_site_name":"Institut Europ\u00e9en des Musiques Juives","article_publisher":"https:\/\/www.facebook.com\/MusiquesJuives\/","article_published_time":"2016-07-12T12:42:38+00:00","article_modified_time":"2023-08-28T15:52:33+00:00","og_image":[{"width":317,"height":448,"url":"https:\/\/www.iemj.org\/wp-content\/uploads\/2016\/07\/arton1812.jpg","type":"image\/jpeg"}],"author":"Jean-Gabriel Davis","twitter_card":"summary_large_image","twitter_misc":{"Written by":"Jean-Gabriel Davis","Est. reading time":"2 minutes"},"schema":{"@context":"https:\/\/schema.org","@graph":[{"@type":"Article","@id":"https:\/\/www.iemj.org\/en\/gala-concert-of-the-european-institute-for-jewish-music-2nd-edition\/#article","isPartOf":{"@id":"https:\/\/www.iemj.org\/en\/gala-concert-of-the-european-institute-for-jewish-music-2nd-edition\/"},"author":{"name":"Jean-Gabriel Davis","@id":"https:\/\/www.iemj.org\/en\/#\/schema\/person\/c9bc1c386a3749579a2d675e72a18666"},"headline":"Gala concert of the European Institute ofJewish Music \u2013 2nd edition","datePublished":"2016-07-12T12:42:38+00:00","dateModified":"2023-08-28T15:52:33+00:00","mainEntityOfPage":{"@id":"https:\/\/www.iemj.org\/en\/gala-concert-of-the-european-institute-for-jewish-music-2nd-edition\/"},"wordCount":237,"publisher":{"@id":"https:\/\/www.iemj.org\/en\/#organization"},"image":{"@id":"https:\/\/www.iemj.org\/en\/gala-concert-of-the-european-institute-for-jewish-music-2nd-edition\/#primaryimage"},"thumbnailUrl":"https:\/\/www.iemj.org\/wp-content\/uploads\/2016\/07\/arton1812.jpg","articleSection":["Concerts","Events"],"inLanguage":"en-US"},{"@type":"WebPage","@id":"https:\/\/www.iemj.org\/en\/gala-concert-of-the-european-institute-for-jewish-music-2nd-edition\/","url":"https:\/\/www.iemj.org\/en\/gala-concert-of-the-european-institute-for-jewish-music-2nd-edition\/","name":"Gala concert of the European Institute ofJewish Music \u2013 2nd edition - Institut Europ\u00e9en des Musiques Juives","isPartOf":{"@id":"https:\/\/www.iemj.org\/en\/#website"},"primaryImageOfPage":{"@id":"https:\/\/www.iemj.org\/en\/gala-concert-of-the-european-institute-for-jewish-music-2nd-edition\/#primaryimage"},"image":{"@id":"https:\/\/www.iemj.org\/en\/gala-concert-of-the-european-institute-for-jewish-music-2nd-edition\/#primaryimage"},"thumbnailUrl":"https:\/\/www.iemj.org\/wp-content\/uploads\/2016\/07\/arton1812.jpg","datePublished":"2016-07-12T12:42:38+00:00","dateModified":"2023-08-28T15:52:33+00:00","breadcrumb":{"@id":"https:\/\/www.iemj.org\/en\/gala-concert-of-the-european-institute-for-jewish-music-2nd-edition\/#breadcrumb"},"inLanguage":"en-US","potentialAction":[{"@type":"ReadAction","target":["https:\/\/www.iemj.org\/en\/gala-concert-of-the-european-institute-for-jewish-music-2nd-edition\/"]}]},{"@type":"ImageObject","inLanguage":"en-US","@id":"https:\/\/www.iemj.org\/en\/gala-concert-of-the-european-institute-for-jewish-music-2nd-edition\/#primaryimage","url":"https:\/\/www.iemj.org\/wp-content\/uploads\/2016\/07\/arton1812.jpg","contentUrl":"https:\/\/www.iemj.org\/wp-content\/uploads\/2016\/07\/arton1812.jpg","width":317,"height":448},{"@type":"BreadcrumbList","@id":"https:\/\/www.iemj.org\/en\/gala-concert-of-the-european-institute-for-jewish-music-2nd-edition\/#breadcrumb","itemListElement":[{"@type":"ListItem","position":1,"name":"Accueil","item":"https:\/\/www.iemj.org\/en\/"},{"@type":"ListItem","position":2,"name":"Gala concert of the European Institute ofJewish Music \u2013 2nd edition"}]},{"@type":"WebSite","@id":"https:\/\/www.iemj.org\/en\/#website","url":"https:\/\/www.iemj.org\/en\/","name":"Institut Europ\u00e9en des Musiques Juives","description":"Des traditions musicales \u00e0 la port\u00e9e de tous","publisher":{"@id":"https:\/\/www.iemj.org\/en\/#organization"},"potentialAction":[{"@type":"SearchAction","target":{"@type":"EntryPoint","urlTemplate":"https:\/\/www.iemj.org\/en\/?s={search_term_string}"},"query-input":{"@type":"PropertyValueSpecification","valueRequired":true,"valueName":"search_term_string"}}],"inLanguage":"en-US"},{"@type":"Organization","@id":"https:\/\/www.iemj.org\/en\/#organization","name":"Institut Europ\u00e9en des Musiques Juives","url":"https:\/\/www.iemj.org\/en\/","logo":{"@type":"ImageObject","inLanguage":"en-US","@id":"https:\/\/www.iemj.org\/en\/#\/schema\/logo\/image\/","url":"https:\/\/www.iemj.org\/wp-content\/uploads\/2021\/09\/Logo-IEMJ-Paypal.jpg","contentUrl":"https:\/\/www.iemj.org\/wp-content\/uploads\/2021\/09\/Logo-IEMJ-Paypal.jpg","width":150,"height":50,"caption":"Institut Europ\u00e9en des Musiques Juives"},"image":{"@id":"https:\/\/www.iemj.org\/en\/#\/schema\/logo\/image\/"},"sameAs":["https:\/\/www.facebook.com\/MusiquesJuives\/","https:\/\/www.instagram.com\/musiquesjuives\/","https:\/\/www.youtube.com\/user\/musiquesjuives"]},{"@type":"Person","@id":"https:\/\/www.iemj.org\/en\/#\/schema\/person\/c9bc1c386a3749579a2d675e72a18666","name":"Jean-Gabriel Davis","image":{"@type":"ImageObject","inLanguage":"en-US","@id":"https:\/\/secure.gravatar.com\/avatar\/2b90d67bdf392c9b3a21fab87c0fa7edaf1fb3a058172a1ffd61033fcec7aec1?s=96&d=mm&r=g","url":"https:\/\/secure.gravatar.com\/avatar\/2b90d67bdf392c9b3a21fab87c0fa7edaf1fb3a058172a1ffd61033fcec7aec1?s=96&d=mm&r=g","contentUrl":"https:\/\/secure.gravatar.com\/avatar\/2b90d67bdf392c9b3a21fab87c0fa7edaf1fb3a058172a1ffd61033fcec7aec1?s=96&d=mm&r=g","caption":"Jean-Gabriel Davis"}}]}},"_links":{"self":[{"href":"https:\/\/www.iemj.org\/en\/wp-json\/wp\/v2\/posts\/11395","targetHints":{"allow":["GET"]}}],"collection":[{"href":"https:\/\/www.iemj.org\/en\/wp-json\/wp\/v2\/posts"}],"about":[{"href":"https:\/\/www.iemj.org\/en\/wp-json\/wp\/v2\/types\/post"}],"author":[{"embeddable":true,"href":"https:\/\/www.iemj.org\/en\/wp-json\/wp\/v2\/users\/1048"}],"replies":[{"embeddable":true,"href":"https:\/\/www.iemj.org\/en\/wp-json\/wp\/v2\/comments?post=11395"}],"version-history":[{"count":0,"href":"https:\/\/www.iemj.org\/en\/wp-json\/wp\/v2\/posts\/11395\/revisions"}],"wp:featuredmedia":[{"embeddable":true,"href":"https:\/\/www.iemj.org\/en\/wp-json\/wp\/v2\/media\/11393"}],"wp:attachment":[{"href":"https:\/\/www.iemj.org\/en\/wp-json\/wp\/v2\/media?parent=11395"}],"wp:term":[{"taxonomy":"category","embeddable":true,"href":"https:\/\/www.iemj.org\/en\/wp-json\/wp\/v2\/categories?post=11395"},{"taxonomy":"post_tag","embeddable":true,"href":"https:\/\/www.iemj.org\/en\/wp-json\/wp\/v2\/tags?post=11395"},{"taxonomy":"technique","embeddable":true,"href":"https:\/\/www.iemj.org\/en\/wp-json\/wp\/v2\/technique?post=11395"},{"taxonomy":"squelettes","embeddable":true,"href":"https:\/\/www.iemj.org\/en\/wp-json\/wp\/v2\/squelettes?post=11395"},{"taxonomy":"sujet","embeddable":true,"href":"https:\/\/www.iemj.org\/en\/wp-json\/wp\/v2\/sujet?post=11395"},{"taxonomy":"formation","embeddable":true,"href":"https:\/\/www.iemj.org\/en\/wp-json\/wp\/v2\/formation?post=11395"},{"taxonomy":"genre","embeddable":true,"href":"https:\/\/www.iemj.org\/en\/wp-json\/wp\/v2\/genre?post=11395"},{"taxonomy":"fonds","embeddable":true,"href":"https:\/\/www.iemj.org\/en\/wp-json\/wp\/v2\/fonds?post=11395"},{"taxonomy":"tradition","embeddable":true,"href":"https:\/\/www.iemj.org\/en\/wp-json\/wp\/v2\/tradition?post=11395"},{"taxonomy":"type-de-contenu","embeddable":true,"href":"https:\/\/www.iemj.org\/en\/wp-json\/wp\/v2\/type-de-contenu?post=11395"},{"taxonomy":"interprete-compositeur","embeddable":true,"href":"https:\/\/www.iemj.org\/en\/wp-json\/wp\/v2\/interprete-compositeur?post=11395"},{"taxonomy":"frise","embeddable":true,"href":"https:\/\/www.iemj.org\/en\/wp-json\/wp\/v2\/frise?post=11395"},{"taxonomy":"type-devenement","embeddable":true,"href":"https:\/\/www.iemj.org\/en\/wp-json\/wp\/v2\/type-devenement?post=11395"},{"taxonomy":"tableaux-liens-externes","embeddable":true,"href":"https:\/\/www.iemj.org\/en\/wp-json\/wp\/v2\/tableaux-liens-externes?post=11395"}],"curies":[{"name":"wp","href":"https:\/\/api.w.org\/{rel}","templated":true}]}}