{"id":114535,"date":"2024-10-27T16:49:18","date_gmt":"2024-10-27T15:49:18","guid":{"rendered":"https:\/\/www.iemj.org\/mecenes-musiciens-et-compositeurs-juifs-durant-la-iiie-republique-1870-1940\/"},"modified":"2025-06-08T11:30:47","modified_gmt":"2025-06-08T09:30:47","slug":"mecenes-musiciens-et-compositeurs-juifs-durant-la-iiie-republique-1870-1940","status":"publish","type":"post","link":"https:\/\/www.iemj.org\/en\/mecenes-musiciens-et-compositeurs-juifs-durant-la-iiie-republique-1870-1940\/","title":{"rendered":"Jewish Patrons, Musicians and Composers during the Third French Republic (1870-1940)"},"content":{"rendered":"<p><strong>Between 1870 and 1940, musical life in France depended largely on the support of a few enlightened, music-loving patrons. Among these patrons were a significant number of Jews.<\/strong><\/p>\n<p>Princess Edmond de Polignac (1865-1942), n\u00e9e Winaretta Singer, daughter of Isaac Singer, the inventor of the perfected sewing machine, opened a salon in 1887, attracting numerous composers and musicians. Married for the second time to Prince Edmond de Polignac, from the winter of 1893-1894 she organized musical gatherings in her hotel on avenue Henri-Martin, attracting numerous writers and musicians, including Marcel Proust, Jean Cocteau, Colette, Diaghilev, Manuel de Falla, Chabrier, d&#8217;Indy, Faur\u00e9, Nadia Boulanger, Arthur Rubinstein, Wladimir Horowitz and Clara Haskil. A confirmed painter and musician, the Princesse de Polignac benefited from the enlightened advice of Gabriel Astruc, Serge de Diaghilev and Nadia Boulanger. Between 1912 and 1940, she commissioned some twenty scores from seventeen French and foreign composers, including Igor Stravinsky (<em>Renard<\/em>), Erik Satie (<em>Socrate<\/em>), <a href=\"https:\/\/www.iemj.org\/en\/milhaud-darius-1892-1974\/\" target=\"_blank\" rel=\"noopener\">Darius Milhaud<\/a> (<em>Les Malheurs d&#8217;Orph\u00e9e<\/em>) and Francis Poulenc (<em>Concerto pour deux pianos<\/em> and <em>Concerto pour orgue<\/em>).<\/p>\n\n<div class=\"wp-block-image\">\n<figure class=\"aligncenter size-full\"><img fetchpriority=\"high\" decoding=\"async\" width=\"566\" height=\"467\" src=\"https:\/\/www.iemj.org\/wp-content\/uploads\/2024\/10\/Princesse-de-Polignac_w_03.jpg\" alt=\"\" class=\"wp-image-114464\" srcset=\"https:\/\/www.iemj.org\/wp-content\/uploads\/2024\/10\/Princesse-de-Polignac_w_03.jpg 566w, https:\/\/www.iemj.org\/wp-content\/uploads\/2024\/10\/Princesse-de-Polignac_w_03-300x248.jpg 300w\" sizes=\"(max-width: 566px) 100vw, 566px\" \/><figcaption class=\"wp-element-caption\">Villa Bassaraba in Amphion, 1899: from left to right, standing, Edmond de Polignac, Princesse de Brancovan, Marcel Proust, Constantin de Brancovan, Jeanne Bartholoni (?), L\u00e9on Delafosse, 2nd row, Madame Montgenard, <strong>Winiretta Singer (Princesse de Polignac)<\/strong>, Anna de Noailles, 1st row, H\u00e9l\u00e8ne de Caraman-Chimay, Abel Hermant.<\/figcaption><\/figure>\n<\/div>\n\n<figure id=\"attachment_114497\" aria-describedby=\"caption-attachment-114497\" style=\"width: 163px\" class=\"wp-caption alignleft\"><img decoding=\"async\" class=\"wp-image-114497\" src=\"https:\/\/www.iemj.org\/wp-content\/uploads\/2024\/10\/Isaac-de-Camondo-200x300.jpg\" alt=\"\" width=\"163\" height=\"244\" srcset=\"https:\/\/www.iemj.org\/wp-content\/uploads\/2024\/10\/Isaac-de-Camondo-200x300.jpg 200w, https:\/\/www.iemj.org\/wp-content\/uploads\/2024\/10\/Isaac-de-Camondo.jpg 267w\" sizes=\"(max-width: 163px) 100vw, 163px\" \/><figcaption id=\"caption-attachment-114497\" class=\"wp-caption-text\"><strong>Isaac de Camondo<\/strong><\/figcaption><\/figure>\n<p>A patron of the arts, Baroness Edouard de Rothschild (1884-1975), n\u00e9e Germaine Halphen, hosted a number of musicians at her hotel at 2 rue Saint-Florentin, including Alfred Cortot, Jasha Heifetz, Yehudi Menuhin, Vladimir Horowitz and Arthur Rubinstein, with whom she was very close.<\/p>\n<p>Born into a wealthy family from Constantinople, Count <a href=\"https:\/\/www.iemj.org\/en\/camondo-isaac-de-1850-1911\/\" target=\"_blank\" rel=\"noopener\">Isaac de Camondo (1851-1911)<\/a> was an enlightened amateur musician. He was the composer of some twenty vocal, instrumental and orchestral works. A generous patron of the arts, he was one of the main shareholders of the Th\u00e9\u00e2tre des Champs-\u00c9lys\u00e9es, alongside Baron Henri de Rothschild, the Rothschild brothers, \u00c9mile and Fernand Halphen, Madame Louis Stern, the Cahens d&#8217;Anvers, Henry Deutsch de la Meurthe, Albert Kahn, Willy Blumenthal, Paul Fould and Louis Barthou.<\/p>\n<figure id=\"attachment_114502\" aria-describedby=\"caption-attachment-114502\" style=\"width: 175px\" class=\"wp-caption alignright\"><img decoding=\"async\" class=\"wp-image-114502\" src=\"https:\/\/www.iemj.org\/wp-content\/uploads\/2024\/10\/Henry_Deutsch_de_la_Meurthe_1912-228x300.jpg\" alt=\"\" width=\"175\" height=\"230\" srcset=\"https:\/\/www.iemj.org\/wp-content\/uploads\/2024\/10\/Henry_Deutsch_de_la_Meurthe_1912-228x300.jpg 228w, https:\/\/www.iemj.org\/wp-content\/uploads\/2024\/10\/Henry_Deutsch_de_la_Meurthe_1912.jpg 304w\" sizes=\"(max-width: 175px) 100vw, 175px\" \/><figcaption id=\"caption-attachment-114502\" class=\"wp-caption-text\"><strong>Henry Deutsch de la Meurthe<\/strong><\/figcaption><\/figure>\n<p>Like Isaac de Camondo, the industrialist <a href=\"https:\/\/www.iemj.org\/en\/henry-deutsch-de-la-meurthe-1846-1919\/\" target=\"_blank\" rel=\"noopener\">Henry Deutsch de la Meurthe (1846-1919)<\/a> was known for his philanthropy and his taste for music. He was one of the largest shareholders of the Op\u00e9ra, for which he composed Icare, a lyrical epic in three tableaux by Henri Cain, orchestrated by <a href=\"https:\/\/www.iemj.org\/en\/camille-erlanger-1863-1919\/\" target=\"_blank\" rel=\"noopener\">Camille Erlanger<\/a>, and was also the author of numerous melodies.<\/p>\n<p>However, the receptions organized by personalities from the world of finance, particularly in the salons of the Jewish bourgeoisie, had nothing to envy those of the nobility. Maurice Ephrussi (1849-1916) and his wife, n\u00e9e Rothschild, entertained at their hotel at 19 avenue du Bois-de-Boulogne. They called on Gabriel Astruc to compose their program and hire artists. Maurice&#8217;s elder brother, Michel Ephrussi and his wife ran a salon near the \u00c9toile at 48 rue de la P\u00e9rouse. Madame Michel Ephrussi, a fine pianist, enjoyed playing in the company of artists and composers such as Georges Enesco.<\/p>\n<p>The Stern family came from Frankfurt. Edgar Stern, married to Marguerite Fould, entertained at his hotel at 20 avenue Montaigne. The Sterns also hired Gabriel Astruc to organize their musical receptions, sometimes accompanied by ballets. \u00a0\u00a0<\/p>\n<figure id=\"attachment_114528\" aria-describedby=\"caption-attachment-114528\" style=\"width: 187px\" class=\"wp-caption alignleft\"><img loading=\"lazy\" decoding=\"async\" class=\"wp-image-114528 \" src=\"https:\/\/www.iemj.org\/wp-content\/uploads\/2024\/10\/Fernand-Halphen-e1730048182716.jpg\" alt=\"\" width=\"187\" height=\"274\" srcset=\"https:\/\/www.iemj.org\/wp-content\/uploads\/2024\/10\/Fernand-Halphen-e1730048182716.jpg 320w, https:\/\/www.iemj.org\/wp-content\/uploads\/2024\/10\/Fernand-Halphen-e1730048182716-205x300.jpg 205w\" sizes=\"(max-width: 187px) 100vw, 187px\" \/><figcaption id=\"caption-attachment-114528\" class=\"wp-caption-text\"><strong>Fernand Halphen<\/strong><\/figcaption><\/figure>\n<p>Born into a family of wealthy Jewish financiers, <a href=\"https:\/\/www.iemj.org\/en\/cahen-danvers-albert-1846-1903\/\" target=\"_blank\" rel=\"noopener\">Albert Cahen d\u2019Anvers (1846-1903)<\/a>, a student of C\u00e9sar Frank, organized musical sessions at his hotel in the Faubourg Saint-Germain from 1870, hosting Jules Massenet and Vincent d&#8217;Indy, among others. Attracted to music, <a href=\"https:\/\/www.iemj.org\/en\/halphen-fernand-1872-1917\/\" target=\"_blank\" rel=\"noopener\">Fernand Halphen (1872-1917)<\/a>, whose mother belonged to the Ephrussi, Stern, and Rothschild families, entered the Paris Conservatory at the age of thirteen. His parents, Georges and Henriette Halphen, were patrons of the arts and entertained guests at their Paris hotel at 24 rue Chaptal and at their home in the Monast\u00e8re de Ville-d&#8217;Avray. Fernand Halphen also ran a salon where his works were performed. After his tragic death during World War I, his widow, <a href=\"https:\/\/www.iemj.org\/en\/halphen-alice-1878-1963\/\" target=\"_blank\" rel=\"noopener\">Alice Koenigswarter<\/a>, continued to organize concerts in her Paris salon on rue Dumont d&#8217;Urville and at La Chapelle-en-Serval. During the interwar period, she welcomed Robert and Gaby Casadesus, Andr\u00e9 Jolivet, Darius Milhaud and Francis Poulenc, among others.<\/p>\n<figure id=\"attachment_114454\" aria-describedby=\"caption-attachment-114454\" style=\"width: 300px\" class=\"wp-caption alignright\"><img loading=\"lazy\" decoding=\"async\" class=\"wp-image-114454 size-medium\" src=\"https:\/\/www.iemj.org\/wp-content\/uploads\/2024\/10\/Emma_Debussy_Bardac_juillet1931_T.Bonney-300x217.jpg\" alt=\"\" width=\"300\" height=\"217\" srcset=\"https:\/\/www.iemj.org\/wp-content\/uploads\/2024\/10\/Emma_Debussy_Bardac_juillet1931_T.Bonney-300x217.jpg 300w, https:\/\/www.iemj.org\/wp-content\/uploads\/2024\/10\/Emma_Debussy_Bardac_juillet1931_T.Bonney-1024x739.jpg 1024w, https:\/\/www.iemj.org\/wp-content\/uploads\/2024\/10\/Emma_Debussy_Bardac_juillet1931_T.Bonney-768x554.jpg 768w, https:\/\/www.iemj.org\/wp-content\/uploads\/2024\/10\/Emma_Debussy_Bardac_juillet1931_T.Bonney-600x433.jpg 600w, https:\/\/www.iemj.org\/wp-content\/uploads\/2024\/10\/Emma_Debussy_Bardac_juillet1931_T.Bonney.jpg 1200w\" sizes=\"(max-width: 300px) 100vw, 300px\" \/><figcaption id=\"caption-attachment-114454\" class=\"wp-caption-text\"><strong>\u00a0Emma Bardac<\/strong><\/figcaption><\/figure>\n<p>Many amateur musicians also host a salon. For some, especially women who compensate for the frustration of not being able to perform on public stages, it&#8217;s the only way to express their talent and be heard by an audience, sometimes even alongside professional musicians. Madame Maurice Sulzbach, n\u00e9e Frincsel, ran a prestigious salon at 52 bis avenue d&#8217;I\u00e9na and at her castle in Le Chesnay (Seine-et-Oise), which was regularly visited by Vincent d&#8217;Indy, Camille Erlanger and Ernest Chausson. Louise Cr\u00e9mieux (1863-1925), granddaughter of Adolphe Cr\u00e9mieux, was an amateur singer and ran a salon where she entertained Faur\u00e9, Roger-Ducasse and Ravel, to whom she dedicated <em>L&#8217;Heure espagnole<\/em> and <em>Le No\u00ebl des jouets<\/em>. Before becoming the wife of Claude Debussy in 1904, Emma Bardac (1862-1934), n\u00e9e Moyse, married Sigismond Bardac, a Jewish banker and collector of German origin, in 1879. The couple settled in Paris and opened a salon where, in the last years of the 19th century, Faur\u00e9 introduced the best members of his composition class: Koechlin, Ducasse and Ravel.<\/p>\n<p>The musical tradition seems to have been equally strong in the families of Isabel Lang (1904-1988) and Henry Gou\u00efn (1900-1977), who married in 1931 at the Abbaye de Royaumont, which belonged to the Gou\u00efn family. They hosted many musicians, performers and composers, including Albert Roussel, Darius and Madeleine Milhaud, Roland Manuel, Jacques Ibert, Florent Schmitt, <a href=\"https:\/\/www.iemj.org\/en\/tansman-alexandre-1897-1986\/\" target=\"_blank\" rel=\"noopener\">Alexandre Tansman<\/a>, Luigi Dallapiccola and Ernst Krenek. As a forerunner of corporate patronage, Henry Gou\u00efn is said to have tried to persuade industrialists to support artists around 1937. However, the tax system was not adapted at the time and his project was never realized. Fifty years later, this measure was introduced by the French Ministry of Culture.<\/p>\n<p>What would musical life have been like at the turn of the 20th century without the contribution of patrons and musical salons? Many of these salons were run by prominent members of the Israeli bourgeoisie who, by supporting musical creation, enabled France, and Paris in particular, to exert a real artistic influence in Europe and the world.<\/p>\n\n\n<div class=\"wp-block-columns is-layout-flex wp-container-core-columns-is-layout-9d6595d7 wp-block-columns-is-layout-flex\">\n<div class=\"wp-block-column is-layout-flow wp-block-column-is-layout-flow\"><div class=\"wp-block-image\">\n<figure class=\"aligncenter size-full is-resized\"><img loading=\"lazy\" decoding=\"async\" width=\"379\" height=\"500\" src=\"https:\/\/www.iemj.org\/wp-content\/uploads\/2024\/10\/Fernand-Halphen-Couv-partition-3-melodies-P_373_COUV.jpg\" alt=\"\" class=\"wp-image-114508\" style=\"width:auto;height:500px\" srcset=\"https:\/\/www.iemj.org\/wp-content\/uploads\/2024\/10\/Fernand-Halphen-Couv-partition-3-melodies-P_373_COUV.jpg 379w, https:\/\/www.iemj.org\/wp-content\/uploads\/2024\/10\/Fernand-Halphen-Couv-partition-3-melodies-P_373_COUV-227x300.jpg 227w\" sizes=\"(max-width: 379px) 100vw, 379px\" \/><figcaption class=\"wp-element-caption\"><strong>Three melodies by Fernand Halphen, <\/strong><br><strong><em>Nuit<\/em>, <em>Baisers<\/em>, <em>Absence<\/em> <\/strong><\/figcaption><\/figure>\n<\/div><\/div>\n\n\n\n<div class=\"wp-block-column is-layout-flow wp-block-column-is-layout-flow\"><div class=\"wp-block-image\">\n<figure class=\"aligncenter size-full is-resized\"><img loading=\"lazy\" decoding=\"async\" width=\"368\" height=\"500\" src=\"https:\/\/www.iemj.org\/wp-content\/uploads\/2024\/10\/Morceaux-divers-partition-H-Deutsch-de-la-Meurthe.jpg\" alt=\"\" class=\"wp-image-114519\" style=\"object-fit:cover;width:368px;height:500px\" srcset=\"https:\/\/www.iemj.org\/wp-content\/uploads\/2024\/10\/Morceaux-divers-partition-H-Deutsch-de-la-Meurthe.jpg 368w, https:\/\/www.iemj.org\/wp-content\/uploads\/2024\/10\/Morceaux-divers-partition-H-Deutsch-de-la-Meurthe-221x300.jpg 221w\" sizes=\"(max-width: 368px) 100vw, 368px\" \/><figcaption class=\"wp-element-caption\"><strong>Various pieces for piano, <\/strong><br><strong>arrangement by H. Deutsch (de la Meurthe)<\/strong><\/figcaption><\/figure>\n<\/div><\/div>\n<\/div>\n\n\n<p style=\"text-align: center;\">\u00b0\u00b0\u00b0\u00b0\u00b0\u00b0\u00b0\u00b0\u00b0\u00b0\u00b0\u00b0\u00b0\u00b0\u00b0\u00b0\u00b0\u00b0\u00b0\u00b0\u00b0\u00b0\u00b0\u00b0\u00b0\u00b0\u00b0\u00b0\u00b0\u00b0\u00b0\u00b0\u00b0\u00b0\u00b0\u00b0<\/p>\n<p>Sources: This article, part of which appeared in 2006 in the booklet of the double CD <em><a href=\"https:\/\/www.iemj.org\/en\/fernand-halphen\/\" target=\"_blank\" rel=\"noopener\">Fernand Halphen &#8211; Melodies, Pieces for Piano and Chamber Music<\/a><\/em>, owes much to the remarkable book by <a href=\"https:\/\/www.amazon.fr\/M%C3%A9c%C3%A8nes-musiciens-salon-concert-r%C3%A9pubique\/dp\/2213616965\" target=\"_blank\" rel=\"noopener\">Myriam Chim\u00e8nes, <em>M\u00e9c\u00e8nes et musiciens <\/em>&#8211;<em> Du salon au concert \u00e0 Paris sous la III<\/em><strong><sup>e<\/sup><\/strong><em> R\u00e9publique<\/em><\/a>, Paris, Fayard,<strong>\u00a0<\/strong>2004, 792 pp.<\/p>\n\n\n<p><\/p>\n","protected":false},"excerpt":{"rendered":"<p>Between 1870 and 1940, musical life in France depended largely on the support of a few enlightened, music-loving patrons. Among these patrons were a significant number of Jews. Princess Edmond<\/p>\n","protected":false},"author":5,"featured_media":114482,"comment_status":"closed","ping_status":"closed","sticky":false,"template":"","format":"standard","meta":{"_acf_changed":false,"footnotes":""},"categories":[950],"tags":[],"technique":[],"squelettes":[],"sujet":[],"formation":[],"genre":[],"fonds":[],"tradition":[],"type-de-contenu":[],"interprete-compositeur":[3163],"frise":[],"type-devenement":[],"tableaux-liens-externes":[],"class_list":["post-114535","post","type-post","status-publish","format-standard","has-post-thumbnail","hentry","category-feature-articles-en","interprete-compositeur-fernand-halphen-en"],"acf":[],"yoast_head":"<!-- This site is optimized with the Yoast SEO plugin v27.3 - https:\/\/yoast.com\/product\/yoast-seo-wordpress\/ -->\n<title>Jewish Patrons, Musicians and Composers during the Third French Republic (1870-1940) - Institut Europ\u00e9en des Musiques Juives<\/title>\n<meta name=\"robots\" content=\"index, follow, max-snippet:-1, max-image-preview:large, max-video-preview:-1\" \/>\n<link rel=\"canonical\" href=\"https:\/\/www.iemj.org\/en\/mecenes-musiciens-et-compositeurs-juifs-durant-la-iiie-republique-1870-1940\/\" \/>\n<meta property=\"og:locale\" content=\"en_US\" \/>\n<meta property=\"og:type\" content=\"article\" \/>\n<meta property=\"og:title\" content=\"Jewish Patrons, Musicians and Composers during the Third French Republic (1870-1940) - Institut Europ\u00e9en des Musiques Juives\" \/>\n<meta property=\"og:description\" content=\"Between 1870 and 1940, musical life in France depended largely on the support of a few enlightened, music-loving patrons. Among these patrons were a significant number of Jews. Princess Edmond\" \/>\n<meta property=\"og:url\" content=\"https:\/\/www.iemj.org\/en\/mecenes-musiciens-et-compositeurs-juifs-durant-la-iiie-republique-1870-1940\/\" \/>\n<meta property=\"og:site_name\" content=\"Institut Europ\u00e9en des Musiques Juives\" \/>\n<meta property=\"article:publisher\" content=\"https:\/\/www.facebook.com\/MusiquesJuives\/\" \/>\n<meta property=\"article:published_time\" content=\"2024-10-27T15:49:18+00:00\" \/>\n<meta property=\"article:modified_time\" content=\"2025-06-08T09:30:47+00:00\" \/>\n<meta property=\"og:image\" content=\"https:\/\/www.iemj.org\/wp-content\/uploads\/2024\/10\/Logo-article-Mecenes-1.jpg\" \/>\n\t<meta property=\"og:image:width\" content=\"500\" \/>\n\t<meta property=\"og:image:height\" content=\"500\" \/>\n\t<meta property=\"og:image:type\" content=\"image\/jpeg\" \/>\n<meta name=\"author\" content=\"Jacqueline ROTEN\" \/>\n<meta name=\"twitter:card\" content=\"summary_large_image\" \/>\n<meta name=\"twitter:label1\" content=\"Written by\" \/>\n\t<meta name=\"twitter:data1\" content=\"Jacqueline ROTEN\" \/>\n\t<meta name=\"twitter:label2\" content=\"Est. reading time\" \/>\n\t<meta name=\"twitter:data2\" content=\"8 minutes\" \/>\n<script type=\"application\/ld+json\" class=\"yoast-schema-graph\">{\"@context\":\"https:\\\/\\\/schema.org\",\"@graph\":[{\"@type\":\"Article\",\"@id\":\"https:\\\/\\\/www.iemj.org\\\/en\\\/mecenes-musiciens-et-compositeurs-juifs-durant-la-iiie-republique-1870-1940\\\/#article\",\"isPartOf\":{\"@id\":\"https:\\\/\\\/www.iemj.org\\\/en\\\/mecenes-musiciens-et-compositeurs-juifs-durant-la-iiie-republique-1870-1940\\\/\"},\"author\":{\"name\":\"Jacqueline ROTEN\",\"@id\":\"https:\\\/\\\/www.iemj.org\\\/en\\\/#\\\/schema\\\/person\\\/358e26c18aca017fcc4cc15437f7279c\"},\"headline\":\"Jewish Patrons, Musicians and Composers during the Third French Republic (1870-1940)\",\"datePublished\":\"2024-10-27T15:49:18+00:00\",\"dateModified\":\"2025-06-08T09:30:47+00:00\",\"mainEntityOfPage\":{\"@id\":\"https:\\\/\\\/www.iemj.org\\\/en\\\/mecenes-musiciens-et-compositeurs-juifs-durant-la-iiie-republique-1870-1940\\\/\"},\"wordCount\":1156,\"publisher\":{\"@id\":\"https:\\\/\\\/www.iemj.org\\\/en\\\/#organization\"},\"image\":{\"@id\":\"https:\\\/\\\/www.iemj.org\\\/en\\\/mecenes-musiciens-et-compositeurs-juifs-durant-la-iiie-republique-1870-1940\\\/#primaryimage\"},\"thumbnailUrl\":\"https:\\\/\\\/www.iemj.org\\\/wp-content\\\/uploads\\\/2024\\\/10\\\/Logo-article-Mecenes-1.jpg\",\"articleSection\":[\"Feature articles\"],\"inLanguage\":\"en-US\"},{\"@type\":\"WebPage\",\"@id\":\"https:\\\/\\\/www.iemj.org\\\/en\\\/mecenes-musiciens-et-compositeurs-juifs-durant-la-iiie-republique-1870-1940\\\/\",\"url\":\"https:\\\/\\\/www.iemj.org\\\/en\\\/mecenes-musiciens-et-compositeurs-juifs-durant-la-iiie-republique-1870-1940\\\/\",\"name\":\"Jewish Patrons, Musicians and Composers during the Third French Republic (1870-1940) - Institut Europ\u00e9en des Musiques Juives\",\"isPartOf\":{\"@id\":\"https:\\\/\\\/www.iemj.org\\\/en\\\/#website\"},\"primaryImageOfPage\":{\"@id\":\"https:\\\/\\\/www.iemj.org\\\/en\\\/mecenes-musiciens-et-compositeurs-juifs-durant-la-iiie-republique-1870-1940\\\/#primaryimage\"},\"image\":{\"@id\":\"https:\\\/\\\/www.iemj.org\\\/en\\\/mecenes-musiciens-et-compositeurs-juifs-durant-la-iiie-republique-1870-1940\\\/#primaryimage\"},\"thumbnailUrl\":\"https:\\\/\\\/www.iemj.org\\\/wp-content\\\/uploads\\\/2024\\\/10\\\/Logo-article-Mecenes-1.jpg\",\"datePublished\":\"2024-10-27T15:49:18+00:00\",\"dateModified\":\"2025-06-08T09:30:47+00:00\",\"breadcrumb\":{\"@id\":\"https:\\\/\\\/www.iemj.org\\\/en\\\/mecenes-musiciens-et-compositeurs-juifs-durant-la-iiie-republique-1870-1940\\\/#breadcrumb\"},\"inLanguage\":\"en-US\",\"potentialAction\":[{\"@type\":\"ReadAction\",\"target\":[\"https:\\\/\\\/www.iemj.org\\\/en\\\/mecenes-musiciens-et-compositeurs-juifs-durant-la-iiie-republique-1870-1940\\\/\"]}]},{\"@type\":\"ImageObject\",\"inLanguage\":\"en-US\",\"@id\":\"https:\\\/\\\/www.iemj.org\\\/en\\\/mecenes-musiciens-et-compositeurs-juifs-durant-la-iiie-republique-1870-1940\\\/#primaryimage\",\"url\":\"https:\\\/\\\/www.iemj.org\\\/wp-content\\\/uploads\\\/2024\\\/10\\\/Logo-article-Mecenes-1.jpg\",\"contentUrl\":\"https:\\\/\\\/www.iemj.org\\\/wp-content\\\/uploads\\\/2024\\\/10\\\/Logo-article-Mecenes-1.jpg\",\"width\":500,\"height\":500},{\"@type\":\"BreadcrumbList\",\"@id\":\"https:\\\/\\\/www.iemj.org\\\/en\\\/mecenes-musiciens-et-compositeurs-juifs-durant-la-iiie-republique-1870-1940\\\/#breadcrumb\",\"itemListElement\":[{\"@type\":\"ListItem\",\"position\":1,\"name\":\"Accueil\",\"item\":\"https:\\\/\\\/www.iemj.org\\\/en\\\/\"},{\"@type\":\"ListItem\",\"position\":2,\"name\":\"Jewish Patrons, Musicians and Composers during the Third French Republic (1870-1940)\"}]},{\"@type\":\"WebSite\",\"@id\":\"https:\\\/\\\/www.iemj.org\\\/en\\\/#website\",\"url\":\"https:\\\/\\\/www.iemj.org\\\/en\\\/\",\"name\":\"Institut Europ\u00e9en des Musiques Juives\",\"description\":\"Des traditions musicales \u00e0 la port\u00e9e de tous\",\"publisher\":{\"@id\":\"https:\\\/\\\/www.iemj.org\\\/en\\\/#organization\"},\"potentialAction\":[{\"@type\":\"SearchAction\",\"target\":{\"@type\":\"EntryPoint\",\"urlTemplate\":\"https:\\\/\\\/www.iemj.org\\\/en\\\/?s={search_term_string}\"},\"query-input\":{\"@type\":\"PropertyValueSpecification\",\"valueRequired\":true,\"valueName\":\"search_term_string\"}}],\"inLanguage\":\"en-US\"},{\"@type\":\"Organization\",\"@id\":\"https:\\\/\\\/www.iemj.org\\\/en\\\/#organization\",\"name\":\"Institut Europ\u00e9en des Musiques Juives\",\"url\":\"https:\\\/\\\/www.iemj.org\\\/en\\\/\",\"logo\":{\"@type\":\"ImageObject\",\"inLanguage\":\"en-US\",\"@id\":\"https:\\\/\\\/www.iemj.org\\\/en\\\/#\\\/schema\\\/logo\\\/image\\\/\",\"url\":\"https:\\\/\\\/www.iemj.org\\\/wp-content\\\/uploads\\\/2021\\\/09\\\/Logo-IEMJ-Paypal.jpg\",\"contentUrl\":\"https:\\\/\\\/www.iemj.org\\\/wp-content\\\/uploads\\\/2021\\\/09\\\/Logo-IEMJ-Paypal.jpg\",\"width\":150,\"height\":50,\"caption\":\"Institut Europ\u00e9en des Musiques Juives\"},\"image\":{\"@id\":\"https:\\\/\\\/www.iemj.org\\\/en\\\/#\\\/schema\\\/logo\\\/image\\\/\"},\"sameAs\":[\"https:\\\/\\\/www.facebook.com\\\/MusiquesJuives\\\/\",\"https:\\\/\\\/www.instagram.com\\\/musiquesjuives\\\/\",\"https:\\\/\\\/www.youtube.com\\\/user\\\/musiquesjuives\"]},{\"@type\":\"Person\",\"@id\":\"https:\\\/\\\/www.iemj.org\\\/en\\\/#\\\/schema\\\/person\\\/358e26c18aca017fcc4cc15437f7279c\",\"name\":\"Jacqueline ROTEN\",\"image\":{\"@type\":\"ImageObject\",\"inLanguage\":\"en-US\",\"@id\":\"https:\\\/\\\/secure.gravatar.com\\\/avatar\\\/5964256d6c6957de3a3505278957e0fb2a35119ac47ea41827a65301213c810b?s=96&d=mm&r=g\",\"url\":\"https:\\\/\\\/secure.gravatar.com\\\/avatar\\\/5964256d6c6957de3a3505278957e0fb2a35119ac47ea41827a65301213c810b?s=96&d=mm&r=g\",\"contentUrl\":\"https:\\\/\\\/secure.gravatar.com\\\/avatar\\\/5964256d6c6957de3a3505278957e0fb2a35119ac47ea41827a65301213c810b?s=96&d=mm&r=g\",\"caption\":\"Jacqueline ROTEN\"}}]}<\/script>\n<!-- \/ Yoast SEO plugin. -->","yoast_head_json":{"title":"Jewish Patrons, Musicians and Composers during the Third French Republic (1870-1940) - Institut Europ\u00e9en des Musiques Juives","robots":{"index":"index","follow":"follow","max-snippet":"max-snippet:-1","max-image-preview":"max-image-preview:large","max-video-preview":"max-video-preview:-1"},"canonical":"https:\/\/www.iemj.org\/en\/mecenes-musiciens-et-compositeurs-juifs-durant-la-iiie-republique-1870-1940\/","og_locale":"en_US","og_type":"article","og_title":"Jewish Patrons, Musicians and Composers during the Third French Republic (1870-1940) - Institut Europ\u00e9en des Musiques Juives","og_description":"Between 1870 and 1940, musical life in France depended largely on the support of a few enlightened, music-loving patrons. Among these patrons were a significant number of Jews. Princess Edmond","og_url":"https:\/\/www.iemj.org\/en\/mecenes-musiciens-et-compositeurs-juifs-durant-la-iiie-republique-1870-1940\/","og_site_name":"Institut Europ\u00e9en des Musiques Juives","article_publisher":"https:\/\/www.facebook.com\/MusiquesJuives\/","article_published_time":"2024-10-27T15:49:18+00:00","article_modified_time":"2025-06-08T09:30:47+00:00","og_image":[{"width":500,"height":500,"url":"https:\/\/www.iemj.org\/wp-content\/uploads\/2024\/10\/Logo-article-Mecenes-1.jpg","type":"image\/jpeg"}],"author":"Jacqueline ROTEN","twitter_card":"summary_large_image","twitter_misc":{"Written by":"Jacqueline ROTEN","Est. reading time":"8 minutes"},"schema":{"@context":"https:\/\/schema.org","@graph":[{"@type":"Article","@id":"https:\/\/www.iemj.org\/en\/mecenes-musiciens-et-compositeurs-juifs-durant-la-iiie-republique-1870-1940\/#article","isPartOf":{"@id":"https:\/\/www.iemj.org\/en\/mecenes-musiciens-et-compositeurs-juifs-durant-la-iiie-republique-1870-1940\/"},"author":{"name":"Jacqueline ROTEN","@id":"https:\/\/www.iemj.org\/en\/#\/schema\/person\/358e26c18aca017fcc4cc15437f7279c"},"headline":"Jewish Patrons, Musicians and Composers during the Third French Republic (1870-1940)","datePublished":"2024-10-27T15:49:18+00:00","dateModified":"2025-06-08T09:30:47+00:00","mainEntityOfPage":{"@id":"https:\/\/www.iemj.org\/en\/mecenes-musiciens-et-compositeurs-juifs-durant-la-iiie-republique-1870-1940\/"},"wordCount":1156,"publisher":{"@id":"https:\/\/www.iemj.org\/en\/#organization"},"image":{"@id":"https:\/\/www.iemj.org\/en\/mecenes-musiciens-et-compositeurs-juifs-durant-la-iiie-republique-1870-1940\/#primaryimage"},"thumbnailUrl":"https:\/\/www.iemj.org\/wp-content\/uploads\/2024\/10\/Logo-article-Mecenes-1.jpg","articleSection":["Feature articles"],"inLanguage":"en-US"},{"@type":"WebPage","@id":"https:\/\/www.iemj.org\/en\/mecenes-musiciens-et-compositeurs-juifs-durant-la-iiie-republique-1870-1940\/","url":"https:\/\/www.iemj.org\/en\/mecenes-musiciens-et-compositeurs-juifs-durant-la-iiie-republique-1870-1940\/","name":"Jewish Patrons, Musicians and Composers during the Third French Republic (1870-1940) - Institut Europ\u00e9en des Musiques Juives","isPartOf":{"@id":"https:\/\/www.iemj.org\/en\/#website"},"primaryImageOfPage":{"@id":"https:\/\/www.iemj.org\/en\/mecenes-musiciens-et-compositeurs-juifs-durant-la-iiie-republique-1870-1940\/#primaryimage"},"image":{"@id":"https:\/\/www.iemj.org\/en\/mecenes-musiciens-et-compositeurs-juifs-durant-la-iiie-republique-1870-1940\/#primaryimage"},"thumbnailUrl":"https:\/\/www.iemj.org\/wp-content\/uploads\/2024\/10\/Logo-article-Mecenes-1.jpg","datePublished":"2024-10-27T15:49:18+00:00","dateModified":"2025-06-08T09:30:47+00:00","breadcrumb":{"@id":"https:\/\/www.iemj.org\/en\/mecenes-musiciens-et-compositeurs-juifs-durant-la-iiie-republique-1870-1940\/#breadcrumb"},"inLanguage":"en-US","potentialAction":[{"@type":"ReadAction","target":["https:\/\/www.iemj.org\/en\/mecenes-musiciens-et-compositeurs-juifs-durant-la-iiie-republique-1870-1940\/"]}]},{"@type":"ImageObject","inLanguage":"en-US","@id":"https:\/\/www.iemj.org\/en\/mecenes-musiciens-et-compositeurs-juifs-durant-la-iiie-republique-1870-1940\/#primaryimage","url":"https:\/\/www.iemj.org\/wp-content\/uploads\/2024\/10\/Logo-article-Mecenes-1.jpg","contentUrl":"https:\/\/www.iemj.org\/wp-content\/uploads\/2024\/10\/Logo-article-Mecenes-1.jpg","width":500,"height":500},{"@type":"BreadcrumbList","@id":"https:\/\/www.iemj.org\/en\/mecenes-musiciens-et-compositeurs-juifs-durant-la-iiie-republique-1870-1940\/#breadcrumb","itemListElement":[{"@type":"ListItem","position":1,"name":"Accueil","item":"https:\/\/www.iemj.org\/en\/"},{"@type":"ListItem","position":2,"name":"Jewish Patrons, Musicians and Composers during the Third French Republic (1870-1940)"}]},{"@type":"WebSite","@id":"https:\/\/www.iemj.org\/en\/#website","url":"https:\/\/www.iemj.org\/en\/","name":"Institut Europ\u00e9en des Musiques Juives","description":"Des traditions musicales \u00e0 la port\u00e9e de tous","publisher":{"@id":"https:\/\/www.iemj.org\/en\/#organization"},"potentialAction":[{"@type":"SearchAction","target":{"@type":"EntryPoint","urlTemplate":"https:\/\/www.iemj.org\/en\/?s={search_term_string}"},"query-input":{"@type":"PropertyValueSpecification","valueRequired":true,"valueName":"search_term_string"}}],"inLanguage":"en-US"},{"@type":"Organization","@id":"https:\/\/www.iemj.org\/en\/#organization","name":"Institut Europ\u00e9en des Musiques Juives","url":"https:\/\/www.iemj.org\/en\/","logo":{"@type":"ImageObject","inLanguage":"en-US","@id":"https:\/\/www.iemj.org\/en\/#\/schema\/logo\/image\/","url":"https:\/\/www.iemj.org\/wp-content\/uploads\/2021\/09\/Logo-IEMJ-Paypal.jpg","contentUrl":"https:\/\/www.iemj.org\/wp-content\/uploads\/2021\/09\/Logo-IEMJ-Paypal.jpg","width":150,"height":50,"caption":"Institut Europ\u00e9en des Musiques Juives"},"image":{"@id":"https:\/\/www.iemj.org\/en\/#\/schema\/logo\/image\/"},"sameAs":["https:\/\/www.facebook.com\/MusiquesJuives\/","https:\/\/www.instagram.com\/musiquesjuives\/","https:\/\/www.youtube.com\/user\/musiquesjuives"]},{"@type":"Person","@id":"https:\/\/www.iemj.org\/en\/#\/schema\/person\/358e26c18aca017fcc4cc15437f7279c","name":"Jacqueline ROTEN","image":{"@type":"ImageObject","inLanguage":"en-US","@id":"https:\/\/secure.gravatar.com\/avatar\/5964256d6c6957de3a3505278957e0fb2a35119ac47ea41827a65301213c810b?s=96&d=mm&r=g","url":"https:\/\/secure.gravatar.com\/avatar\/5964256d6c6957de3a3505278957e0fb2a35119ac47ea41827a65301213c810b?s=96&d=mm&r=g","contentUrl":"https:\/\/secure.gravatar.com\/avatar\/5964256d6c6957de3a3505278957e0fb2a35119ac47ea41827a65301213c810b?s=96&d=mm&r=g","caption":"Jacqueline ROTEN"}}]}},"_links":{"self":[{"href":"https:\/\/www.iemj.org\/en\/wp-json\/wp\/v2\/posts\/114535","targetHints":{"allow":["GET"]}}],"collection":[{"href":"https:\/\/www.iemj.org\/en\/wp-json\/wp\/v2\/posts"}],"about":[{"href":"https:\/\/www.iemj.org\/en\/wp-json\/wp\/v2\/types\/post"}],"author":[{"embeddable":true,"href":"https:\/\/www.iemj.org\/en\/wp-json\/wp\/v2\/users\/5"}],"replies":[{"embeddable":true,"href":"https:\/\/www.iemj.org\/en\/wp-json\/wp\/v2\/comments?post=114535"}],"version-history":[{"count":0,"href":"https:\/\/www.iemj.org\/en\/wp-json\/wp\/v2\/posts\/114535\/revisions"}],"wp:featuredmedia":[{"embeddable":true,"href":"https:\/\/www.iemj.org\/en\/wp-json\/wp\/v2\/media\/114482"}],"wp:attachment":[{"href":"https:\/\/www.iemj.org\/en\/wp-json\/wp\/v2\/media?parent=114535"}],"wp:term":[{"taxonomy":"category","embeddable":true,"href":"https:\/\/www.iemj.org\/en\/wp-json\/wp\/v2\/categories?post=114535"},{"taxonomy":"post_tag","embeddable":true,"href":"https:\/\/www.iemj.org\/en\/wp-json\/wp\/v2\/tags?post=114535"},{"taxonomy":"technique","embeddable":true,"href":"https:\/\/www.iemj.org\/en\/wp-json\/wp\/v2\/technique?post=114535"},{"taxonomy":"squelettes","embeddable":true,"href":"https:\/\/www.iemj.org\/en\/wp-json\/wp\/v2\/squelettes?post=114535"},{"taxonomy":"sujet","embeddable":true,"href":"https:\/\/www.iemj.org\/en\/wp-json\/wp\/v2\/sujet?post=114535"},{"taxonomy":"formation","embeddable":true,"href":"https:\/\/www.iemj.org\/en\/wp-json\/wp\/v2\/formation?post=114535"},{"taxonomy":"genre","embeddable":true,"href":"https:\/\/www.iemj.org\/en\/wp-json\/wp\/v2\/genre?post=114535"},{"taxonomy":"fonds","embeddable":true,"href":"https:\/\/www.iemj.org\/en\/wp-json\/wp\/v2\/fonds?post=114535"},{"taxonomy":"tradition","embeddable":true,"href":"https:\/\/www.iemj.org\/en\/wp-json\/wp\/v2\/tradition?post=114535"},{"taxonomy":"type-de-contenu","embeddable":true,"href":"https:\/\/www.iemj.org\/en\/wp-json\/wp\/v2\/type-de-contenu?post=114535"},{"taxonomy":"interprete-compositeur","embeddable":true,"href":"https:\/\/www.iemj.org\/en\/wp-json\/wp\/v2\/interprete-compositeur?post=114535"},{"taxonomy":"frise","embeddable":true,"href":"https:\/\/www.iemj.org\/en\/wp-json\/wp\/v2\/frise?post=114535"},{"taxonomy":"type-devenement","embeddable":true,"href":"https:\/\/www.iemj.org\/en\/wp-json\/wp\/v2\/type-devenement?post=114535"},{"taxonomy":"tableaux-liens-externes","embeddable":true,"href":"https:\/\/www.iemj.org\/en\/wp-json\/wp\/v2\/tableaux-liens-externes?post=114535"}],"curies":[{"name":"wp","href":"https:\/\/api.w.org\/{rel}","templated":true}]}}