{"id":114724,"date":"2024-11-07T17:11:03","date_gmt":"2024-11-07T16:11:03","guid":{"rendered":"https:\/\/www.iemj.org\/?p=114724"},"modified":"2024-11-12T15:31:17","modified_gmt":"2024-11-12T14:31:17","slug":"attia-adolphe-1937","status":"publish","type":"post","link":"https:\/\/www.iemj.org\/en\/attia-adolphe-1937\/","title":{"rendered":"Attia, Adolphe (1937)"},"content":{"rendered":"<p>Born into a modest family on April 23, 1937 in M&#8217;Sila, Algeria, Adolphe Attia was raised by his aunt in Bousaada, his mother having already had six children and his father having died before he was born. In 1948, with his aunt, he joined his mother in Nice, where she had moved a year earlier.<\/p>\n<p>As soon as he arrived in Nice, he regularly attended synagogue services, where he acquired knowledge of the liturgy. In 1952, the synagogue&#8217;s administrators convinced his mother to send him to the S\u00e9minaire isra\u00e9lite de France in Paris and to enroll him in the Yavn\u00e9 school, to pursue his studies.<\/p>\n<figure id=\"attachment_114706\" aria-describedby=\"caption-attachment-114706\" style=\"width: 281px\" class=\"wp-caption alignright\"><img fetchpriority=\"high\" decoding=\"async\" class=\"wp-image-114706 size-medium\" src=\"https:\/\/www.iemj.org\/wp-content\/uploads\/2024\/11\/Adolphe-Attia_synagogue-de-Metz-281x300.jpg\" alt=\"\" width=\"281\" height=\"300\" srcset=\"https:\/\/www.iemj.org\/wp-content\/uploads\/2024\/11\/Adolphe-Attia_synagogue-de-Metz-281x300.jpg 281w, https:\/\/www.iemj.org\/wp-content\/uploads\/2024\/11\/Adolphe-Attia_synagogue-de-Metz.jpg 467w\" sizes=\"(max-width: 281px) 100vw, 281px\" \/><figcaption id=\"caption-attachment-114706\" class=\"wp-caption-text\"><strong>Adolphe Attia, synagogue Metz<\/strong><\/figcaption><\/figure>\n<p>At the seminary, the young Adolphe, gifted with a fine tenor voice, studied liturgy and cantorial art (hazzanout) from 1952 to 1958. He took classes in solf\u00e8ge, piano and singing with <a href=\"https:\/\/www.iemj.org\/en\/algazi-leon-1890-1971\/\" target=\"_blank\" rel=\"noopener\">L\u00e9on Algazi<\/a> (Ashkenazi liturgy), Chief Rabbi Schilli (cantillation and psalmody in the Ashkenazi rite) and Roland Moss\u00e9, first cantor of the rue Buffaut synagogue (Portuguese liturgy). At the end of his studies, he also benefited from the teaching of composer <a href=\"https:\/\/www.iemj.org\/en\/hemsi-alberto-1898-1975\/\" target=\"_blank\" rel=\"noopener\">Alberto Hemsi<\/a>, who arrived in France after the expulsion of the Jews from Egypt.<\/p>\n<p>On June 30, 1958, he obtained his diploma in pedagogy and liturgy (Ashkenazi and Portuguese rites), and was then hired as second cantor at the Nazareth synagogue alongside <a href=\"https:\/\/www.iemj.org\/en\/chalude-jacques-dit-ben-baruch-1914-1997\/\" target=\"_blank\" rel=\"noopener\">Jacques Chalude<\/a>, then first hazzan. In 1961, he became second cantor at the Grande Synagogue de la Victoire, alongside <a href=\"https:\/\/www.iemj.org\/en\/berlinski-shalom-1918-2008\/\" target=\"_blank\" rel=\"noopener\">Shalom Berlinski<\/a>.<\/p>\n<p>On June 23, 1965, he married Guilah Houlou in the 9th arrondissement of Paris, giving birth to two sons: Laurent (soloist with the choral group Les Chevatim) and Rapha\u00ebl.<\/p>\n<p>In 1968, he officially became second cantor of the Grande synagogue de la Victoire, then from 1969 to June 1973 he taught hazzanout at the \u00c9cole isra\u00e9lite de p\u00e9dagogie et de liturgie of the S\u00e9minaire isra\u00e9lite de France, until the cantorial section was finally closed.<\/p>\n<p>In 1979, he succeeded Shalom Berlinski as Fisrt Cantor of the Great Synagogue of Victory, a post he officially held until 2014, and which he continued to hold for several more years as Honorary First Cantor.<\/p>\n<p><img decoding=\"async\" class=\" wp-image-114785 alignleft\" src=\"https:\/\/www.iemj.org\/wp-content\/uploads\/2024\/11\/CD-Attia-300x297.jpg\" alt=\"\" width=\"284\" height=\"281\" srcset=\"https:\/\/www.iemj.org\/wp-content\/uploads\/2024\/11\/CD-Attia-300x297.jpg 300w, https:\/\/www.iemj.org\/wp-content\/uploads\/2024\/11\/CD-Attia-100x100.jpg 100w, https:\/\/www.iemj.org\/wp-content\/uploads\/2024\/11\/CD-Attia.jpg 582w\" sizes=\"(max-width: 284px) 100vw, 284px\" \/>In addition to his ministry and teaching activities, Adolphe Attia performed for several decades on radio &#8211; notably on L\u00e9on Algazi&#8217;s program <em>Kol Isra\u00ebl<\/em> [The Voice of Israel], where he succeeded Emile Ka\u00e7mann as soloist &#8211; and in numerous concerts and festivals, both in France and abroad (Germany, Switzerland, Spain&#8230;).<\/p>\n<p>Adolphe Attia has recorded several CDs, including three for Harmonia Mundi between 1994 and 2000 and two for Buda Musique in 2002-2003 in the Patrimoines Musicaux des Juifs de France collection. He also appeared in Bernard Cohn&#8217;s film <em>Nathalia<\/em> (1989), with Philippine Leroy-Beaulieu and Pierre Arditi.<\/p>\n<p>In 2014, he and his wife Guilah moved to Israel, first to Jerusalem and then to Netanaya, where he enjoyed a well-deserved retirement. For over 50 years (1961-2014), Adolphe Attia was the living memory of Ashkenazi liturgical singing at the synagogue de la Victoire, performing hundreds of services, weddings, bar mitzvahs and funerals.<\/p>\n<ul>\n<li><a href=\"http:\/\/www.rachelnet.net\/F\/?func=find-c&amp;ccl_term=WAMS+%3D+Attia+ET+WTY+%3D+31+or+32+or+41+or+42+or+71+or+72+or+C1+or+C2+or+D1+or+D2+or+K1+or+K2+or+R1+or+R2+or+RB+or+SR&amp;local_base=iemcg\" target=\"_blank\" rel=\"noopener\">Browse Adolphe Attia&#8217;s recordings in our online catalog<\/a><\/li>\n<li><a href=\"https:\/\/www.iemj.org\/en\/fonds-adolphe-attia\/\" target=\"_blank\" rel=\"noopener\">Consult the archive deposited at the IEMJ by Adolphe Attia<\/a><\/li>\n<li><a href=\"https:\/\/www.iemj.org\/en\/adolphe-attia-50-ans-de-hazanout-en-france\/\" target=\"_blank\" rel=\"noopener\">Watch the video Adolphe Attia, 50 years of hazzanut in France<\/a><\/li>\n<\/ul>\n<h3>\u21d2 <a href=\"https:\/\/www.iemj.org\/en\/product\/musiques-judeo-francaises-des-xviiie-et-xixe-siecles\/\" target=\"_blank\" rel=\"noopener\">Order the CD Musiques jud\u00e9o-fran\u00e7aises des 18<sup>e<\/sup> et 19<sup>e<\/sup> si\u00e8cles<\/a><\/h3>\n<h3>\u21d2 <a href=\"https:\/\/www.iemj.org\/en\/product\/musiques-de-la-synagogue-de-bordeaux\/\" target=\"_blank\" rel=\"noopener\">Order the CD Musiques de la synagogue de Bordeaux \u2013 rite portugais<\/a><\/h3>\n\n\n<div style=\"height:25px\" aria-hidden=\"true\" class=\"wp-block-spacer\"><\/div>\n\n\n\n<figure class=\"wp-block-video\"><video height=\"576\" style=\"aspect-ratio: 768 \/ 576;\" width=\"768\" controls poster=\"https:\/\/www.iemj.org\/wp-content\/uploads\/2024\/11\/Video-INA-Attia.jpg\" src=\"https:\/\/www.iemj.org\/wp-content\/uploads\/2024\/11\/Adolphe-ATTIA-Notre-Dieu-et-Dieu-de-nos-peres-INA.mp4\"><\/video><\/figure>\n\n\n\n<p><strong>Adolphe Attia singing Ono tovo (excerpt from Josy Eisenberg&#8217;s religious program, La source de vie, 24-09-1995, INA archives)<\/strong><\/p>\n\n\n\n<p><\/p>\n","protected":false},"excerpt":{"rendered":"<p>Born into a modest family on April 23, 1937 in M&#8217;Sila, Algeria, Adolphe Attia was raised by his aunt in Bousaada, his mother having already had six children and his<\/p>\n","protected":false},"author":5,"featured_media":114702,"comment_status":"closed","ping_status":"closed","sticky":false,"template":"","format":"standard","meta":{"_acf_changed":false,"footnotes":""},"categories":[903],"tags":[],"technique":[],"squelettes":[],"sujet":[],"formation":[],"genre":[],"fonds":[],"tradition":[],"type-de-contenu":[],"interprete-compositeur":[],"frise":[],"type-devenement":[],"tableaux-liens-externes":[],"class_list":["post-114724","post","type-post","status-publish","format-standard","has-post-thumbnail","hentry","category-biographies-en"],"acf":[],"yoast_head":"<!-- This site is optimized with the Yoast SEO plugin v27.3 - https:\/\/yoast.com\/product\/yoast-seo-wordpress\/ -->\n<title>Attia, Adolphe (1937) - Institut Europ\u00e9en des Musiques Juives<\/title>\n<meta name=\"robots\" content=\"index, follow, max-snippet:-1, max-image-preview:large, max-video-preview:-1\" \/>\n<link rel=\"canonical\" href=\"https:\/\/www.iemj.org\/en\/attia-adolphe-1937\/\" \/>\n<meta property=\"og:locale\" content=\"en_US\" \/>\n<meta property=\"og:type\" content=\"article\" \/>\n<meta property=\"og:title\" content=\"Attia, Adolphe (1937) - Institut Europ\u00e9en des Musiques Juives\" \/>\n<meta property=\"og:description\" content=\"Born into a modest family on April 23, 1937 in M&#8217;Sila, Algeria, Adolphe Attia was raised by his aunt in Bousaada, his mother having already had six children and his\" \/>\n<meta property=\"og:url\" content=\"https:\/\/www.iemj.org\/en\/attia-adolphe-1937\/\" \/>\n<meta property=\"og:site_name\" content=\"Institut Europ\u00e9en des Musiques Juives\" \/>\n<meta property=\"article:publisher\" content=\"https:\/\/www.facebook.com\/MusiquesJuives\/\" \/>\n<meta property=\"article:published_time\" content=\"2024-11-07T16:11:03+00:00\" \/>\n<meta property=\"article:modified_time\" content=\"2024-11-12T14:31:17+00:00\" \/>\n<meta property=\"og:image\" content=\"https:\/\/www.iemj.org\/wp-content\/uploads\/2024\/11\/Adolphe-Attia_Logo-Bio.jpg\" \/>\n\t<meta property=\"og:image:width\" content=\"164\" \/>\n\t<meta property=\"og:image:height\" content=\"218\" \/>\n\t<meta property=\"og:image:type\" content=\"image\/jpeg\" \/>\n<meta name=\"author\" content=\"Jacqueline ROTEN\" \/>\n<meta name=\"twitter:card\" content=\"summary_large_image\" \/>\n<meta name=\"twitter:label1\" content=\"Written by\" \/>\n\t<meta name=\"twitter:data1\" content=\"Jacqueline ROTEN\" \/>\n\t<meta name=\"twitter:label2\" content=\"Est. reading time\" \/>\n\t<meta name=\"twitter:data2\" content=\"4 minutes\" \/>\n<script type=\"application\/ld+json\" class=\"yoast-schema-graph\">{\"@context\":\"https:\\\/\\\/schema.org\",\"@graph\":[{\"@type\":\"Article\",\"@id\":\"https:\\\/\\\/www.iemj.org\\\/en\\\/attia-adolphe-1937\\\/#article\",\"isPartOf\":{\"@id\":\"https:\\\/\\\/www.iemj.org\\\/en\\\/attia-adolphe-1937\\\/\"},\"author\":{\"name\":\"Jacqueline ROTEN\",\"@id\":\"https:\\\/\\\/www.iemj.org\\\/en\\\/#\\\/schema\\\/person\\\/358e26c18aca017fcc4cc15437f7279c\"},\"headline\":\"Attia, Adolphe (1937)\",\"datePublished\":\"2024-11-07T16:11:03+00:00\",\"dateModified\":\"2024-11-12T14:31:17+00:00\",\"mainEntityOfPage\":{\"@id\":\"https:\\\/\\\/www.iemj.org\\\/en\\\/attia-adolphe-1937\\\/\"},\"wordCount\":579,\"publisher\":{\"@id\":\"https:\\\/\\\/www.iemj.org\\\/en\\\/#organization\"},\"image\":{\"@id\":\"https:\\\/\\\/www.iemj.org\\\/en\\\/attia-adolphe-1937\\\/#primaryimage\"},\"thumbnailUrl\":\"https:\\\/\\\/www.iemj.org\\\/wp-content\\\/uploads\\\/2024\\\/11\\\/Adolphe-Attia_Logo-Bio.jpg\",\"articleSection\":[\"Biographies\"],\"inLanguage\":\"en-US\"},{\"@type\":\"WebPage\",\"@id\":\"https:\\\/\\\/www.iemj.org\\\/en\\\/attia-adolphe-1937\\\/\",\"url\":\"https:\\\/\\\/www.iemj.org\\\/en\\\/attia-adolphe-1937\\\/\",\"name\":\"Attia, Adolphe (1937) - Institut Europ\u00e9en des Musiques Juives\",\"isPartOf\":{\"@id\":\"https:\\\/\\\/www.iemj.org\\\/en\\\/#website\"},\"primaryImageOfPage\":{\"@id\":\"https:\\\/\\\/www.iemj.org\\\/en\\\/attia-adolphe-1937\\\/#primaryimage\"},\"image\":{\"@id\":\"https:\\\/\\\/www.iemj.org\\\/en\\\/attia-adolphe-1937\\\/#primaryimage\"},\"thumbnailUrl\":\"https:\\\/\\\/www.iemj.org\\\/wp-content\\\/uploads\\\/2024\\\/11\\\/Adolphe-Attia_Logo-Bio.jpg\",\"datePublished\":\"2024-11-07T16:11:03+00:00\",\"dateModified\":\"2024-11-12T14:31:17+00:00\",\"breadcrumb\":{\"@id\":\"https:\\\/\\\/www.iemj.org\\\/en\\\/attia-adolphe-1937\\\/#breadcrumb\"},\"inLanguage\":\"en-US\",\"potentialAction\":[{\"@type\":\"ReadAction\",\"target\":[\"https:\\\/\\\/www.iemj.org\\\/en\\\/attia-adolphe-1937\\\/\"]}]},{\"@type\":\"ImageObject\",\"inLanguage\":\"en-US\",\"@id\":\"https:\\\/\\\/www.iemj.org\\\/en\\\/attia-adolphe-1937\\\/#primaryimage\",\"url\":\"https:\\\/\\\/www.iemj.org\\\/wp-content\\\/uploads\\\/2024\\\/11\\\/Adolphe-Attia_Logo-Bio.jpg\",\"contentUrl\":\"https:\\\/\\\/www.iemj.org\\\/wp-content\\\/uploads\\\/2024\\\/11\\\/Adolphe-Attia_Logo-Bio.jpg\",\"width\":164,\"height\":218},{\"@type\":\"BreadcrumbList\",\"@id\":\"https:\\\/\\\/www.iemj.org\\\/en\\\/attia-adolphe-1937\\\/#breadcrumb\",\"itemListElement\":[{\"@type\":\"ListItem\",\"position\":1,\"name\":\"Accueil\",\"item\":\"https:\\\/\\\/www.iemj.org\\\/en\\\/\"},{\"@type\":\"ListItem\",\"position\":2,\"name\":\"Attia, Adolphe (1937)\"}]},{\"@type\":\"WebSite\",\"@id\":\"https:\\\/\\\/www.iemj.org\\\/en\\\/#website\",\"url\":\"https:\\\/\\\/www.iemj.org\\\/en\\\/\",\"name\":\"Institut Europ\u00e9en des Musiques Juives\",\"description\":\"Des traditions musicales \u00e0 la port\u00e9e de tous\",\"publisher\":{\"@id\":\"https:\\\/\\\/www.iemj.org\\\/en\\\/#organization\"},\"potentialAction\":[{\"@type\":\"SearchAction\",\"target\":{\"@type\":\"EntryPoint\",\"urlTemplate\":\"https:\\\/\\\/www.iemj.org\\\/en\\\/?s={search_term_string}\"},\"query-input\":{\"@type\":\"PropertyValueSpecification\",\"valueRequired\":true,\"valueName\":\"search_term_string\"}}],\"inLanguage\":\"en-US\"},{\"@type\":\"Organization\",\"@id\":\"https:\\\/\\\/www.iemj.org\\\/en\\\/#organization\",\"name\":\"Institut Europ\u00e9en des Musiques Juives\",\"url\":\"https:\\\/\\\/www.iemj.org\\\/en\\\/\",\"logo\":{\"@type\":\"ImageObject\",\"inLanguage\":\"en-US\",\"@id\":\"https:\\\/\\\/www.iemj.org\\\/en\\\/#\\\/schema\\\/logo\\\/image\\\/\",\"url\":\"https:\\\/\\\/www.iemj.org\\\/wp-content\\\/uploads\\\/2021\\\/09\\\/Logo-IEMJ-Paypal.jpg\",\"contentUrl\":\"https:\\\/\\\/www.iemj.org\\\/wp-content\\\/uploads\\\/2021\\\/09\\\/Logo-IEMJ-Paypal.jpg\",\"width\":150,\"height\":50,\"caption\":\"Institut Europ\u00e9en des Musiques Juives\"},\"image\":{\"@id\":\"https:\\\/\\\/www.iemj.org\\\/en\\\/#\\\/schema\\\/logo\\\/image\\\/\"},\"sameAs\":[\"https:\\\/\\\/www.facebook.com\\\/MusiquesJuives\\\/\",\"https:\\\/\\\/www.instagram.com\\\/musiquesjuives\\\/\",\"https:\\\/\\\/www.youtube.com\\\/user\\\/musiquesjuives\"]},{\"@type\":\"Person\",\"@id\":\"https:\\\/\\\/www.iemj.org\\\/en\\\/#\\\/schema\\\/person\\\/358e26c18aca017fcc4cc15437f7279c\",\"name\":\"Jacqueline ROTEN\",\"image\":{\"@type\":\"ImageObject\",\"inLanguage\":\"en-US\",\"@id\":\"https:\\\/\\\/secure.gravatar.com\\\/avatar\\\/5964256d6c6957de3a3505278957e0fb2a35119ac47ea41827a65301213c810b?s=96&d=mm&r=g\",\"url\":\"https:\\\/\\\/secure.gravatar.com\\\/avatar\\\/5964256d6c6957de3a3505278957e0fb2a35119ac47ea41827a65301213c810b?s=96&d=mm&r=g\",\"contentUrl\":\"https:\\\/\\\/secure.gravatar.com\\\/avatar\\\/5964256d6c6957de3a3505278957e0fb2a35119ac47ea41827a65301213c810b?s=96&d=mm&r=g\",\"caption\":\"Jacqueline ROTEN\"}}]}<\/script>\n<!-- \/ Yoast SEO plugin. -->","yoast_head_json":{"title":"Attia, Adolphe (1937) - Institut Europ\u00e9en des Musiques Juives","robots":{"index":"index","follow":"follow","max-snippet":"max-snippet:-1","max-image-preview":"max-image-preview:large","max-video-preview":"max-video-preview:-1"},"canonical":"https:\/\/www.iemj.org\/en\/attia-adolphe-1937\/","og_locale":"en_US","og_type":"article","og_title":"Attia, Adolphe (1937) - Institut Europ\u00e9en des Musiques Juives","og_description":"Born into a modest family on April 23, 1937 in M&#8217;Sila, Algeria, Adolphe Attia was raised by his aunt in Bousaada, his mother having already had six children and his","og_url":"https:\/\/www.iemj.org\/en\/attia-adolphe-1937\/","og_site_name":"Institut Europ\u00e9en des Musiques Juives","article_publisher":"https:\/\/www.facebook.com\/MusiquesJuives\/","article_published_time":"2024-11-07T16:11:03+00:00","article_modified_time":"2024-11-12T14:31:17+00:00","og_image":[{"width":164,"height":218,"url":"https:\/\/www.iemj.org\/wp-content\/uploads\/2024\/11\/Adolphe-Attia_Logo-Bio.jpg","type":"image\/jpeg"}],"author":"Jacqueline ROTEN","twitter_card":"summary_large_image","twitter_misc":{"Written by":"Jacqueline ROTEN","Est. reading time":"4 minutes"},"schema":{"@context":"https:\/\/schema.org","@graph":[{"@type":"Article","@id":"https:\/\/www.iemj.org\/en\/attia-adolphe-1937\/#article","isPartOf":{"@id":"https:\/\/www.iemj.org\/en\/attia-adolphe-1937\/"},"author":{"name":"Jacqueline ROTEN","@id":"https:\/\/www.iemj.org\/en\/#\/schema\/person\/358e26c18aca017fcc4cc15437f7279c"},"headline":"Attia, Adolphe (1937)","datePublished":"2024-11-07T16:11:03+00:00","dateModified":"2024-11-12T14:31:17+00:00","mainEntityOfPage":{"@id":"https:\/\/www.iemj.org\/en\/attia-adolphe-1937\/"},"wordCount":579,"publisher":{"@id":"https:\/\/www.iemj.org\/en\/#organization"},"image":{"@id":"https:\/\/www.iemj.org\/en\/attia-adolphe-1937\/#primaryimage"},"thumbnailUrl":"https:\/\/www.iemj.org\/wp-content\/uploads\/2024\/11\/Adolphe-Attia_Logo-Bio.jpg","articleSection":["Biographies"],"inLanguage":"en-US"},{"@type":"WebPage","@id":"https:\/\/www.iemj.org\/en\/attia-adolphe-1937\/","url":"https:\/\/www.iemj.org\/en\/attia-adolphe-1937\/","name":"Attia, Adolphe (1937) - Institut Europ\u00e9en des Musiques Juives","isPartOf":{"@id":"https:\/\/www.iemj.org\/en\/#website"},"primaryImageOfPage":{"@id":"https:\/\/www.iemj.org\/en\/attia-adolphe-1937\/#primaryimage"},"image":{"@id":"https:\/\/www.iemj.org\/en\/attia-adolphe-1937\/#primaryimage"},"thumbnailUrl":"https:\/\/www.iemj.org\/wp-content\/uploads\/2024\/11\/Adolphe-Attia_Logo-Bio.jpg","datePublished":"2024-11-07T16:11:03+00:00","dateModified":"2024-11-12T14:31:17+00:00","breadcrumb":{"@id":"https:\/\/www.iemj.org\/en\/attia-adolphe-1937\/#breadcrumb"},"inLanguage":"en-US","potentialAction":[{"@type":"ReadAction","target":["https:\/\/www.iemj.org\/en\/attia-adolphe-1937\/"]}]},{"@type":"ImageObject","inLanguage":"en-US","@id":"https:\/\/www.iemj.org\/en\/attia-adolphe-1937\/#primaryimage","url":"https:\/\/www.iemj.org\/wp-content\/uploads\/2024\/11\/Adolphe-Attia_Logo-Bio.jpg","contentUrl":"https:\/\/www.iemj.org\/wp-content\/uploads\/2024\/11\/Adolphe-Attia_Logo-Bio.jpg","width":164,"height":218},{"@type":"BreadcrumbList","@id":"https:\/\/www.iemj.org\/en\/attia-adolphe-1937\/#breadcrumb","itemListElement":[{"@type":"ListItem","position":1,"name":"Accueil","item":"https:\/\/www.iemj.org\/en\/"},{"@type":"ListItem","position":2,"name":"Attia, Adolphe (1937)"}]},{"@type":"WebSite","@id":"https:\/\/www.iemj.org\/en\/#website","url":"https:\/\/www.iemj.org\/en\/","name":"Institut Europ\u00e9en des Musiques Juives","description":"Des traditions musicales \u00e0 la port\u00e9e de tous","publisher":{"@id":"https:\/\/www.iemj.org\/en\/#organization"},"potentialAction":[{"@type":"SearchAction","target":{"@type":"EntryPoint","urlTemplate":"https:\/\/www.iemj.org\/en\/?s={search_term_string}"},"query-input":{"@type":"PropertyValueSpecification","valueRequired":true,"valueName":"search_term_string"}}],"inLanguage":"en-US"},{"@type":"Organization","@id":"https:\/\/www.iemj.org\/en\/#organization","name":"Institut Europ\u00e9en des Musiques Juives","url":"https:\/\/www.iemj.org\/en\/","logo":{"@type":"ImageObject","inLanguage":"en-US","@id":"https:\/\/www.iemj.org\/en\/#\/schema\/logo\/image\/","url":"https:\/\/www.iemj.org\/wp-content\/uploads\/2021\/09\/Logo-IEMJ-Paypal.jpg","contentUrl":"https:\/\/www.iemj.org\/wp-content\/uploads\/2021\/09\/Logo-IEMJ-Paypal.jpg","width":150,"height":50,"caption":"Institut Europ\u00e9en des Musiques Juives"},"image":{"@id":"https:\/\/www.iemj.org\/en\/#\/schema\/logo\/image\/"},"sameAs":["https:\/\/www.facebook.com\/MusiquesJuives\/","https:\/\/www.instagram.com\/musiquesjuives\/","https:\/\/www.youtube.com\/user\/musiquesjuives"]},{"@type":"Person","@id":"https:\/\/www.iemj.org\/en\/#\/schema\/person\/358e26c18aca017fcc4cc15437f7279c","name":"Jacqueline ROTEN","image":{"@type":"ImageObject","inLanguage":"en-US","@id":"https:\/\/secure.gravatar.com\/avatar\/5964256d6c6957de3a3505278957e0fb2a35119ac47ea41827a65301213c810b?s=96&d=mm&r=g","url":"https:\/\/secure.gravatar.com\/avatar\/5964256d6c6957de3a3505278957e0fb2a35119ac47ea41827a65301213c810b?s=96&d=mm&r=g","contentUrl":"https:\/\/secure.gravatar.com\/avatar\/5964256d6c6957de3a3505278957e0fb2a35119ac47ea41827a65301213c810b?s=96&d=mm&r=g","caption":"Jacqueline ROTEN"}}]}},"_links":{"self":[{"href":"https:\/\/www.iemj.org\/en\/wp-json\/wp\/v2\/posts\/114724","targetHints":{"allow":["GET"]}}],"collection":[{"href":"https:\/\/www.iemj.org\/en\/wp-json\/wp\/v2\/posts"}],"about":[{"href":"https:\/\/www.iemj.org\/en\/wp-json\/wp\/v2\/types\/post"}],"author":[{"embeddable":true,"href":"https:\/\/www.iemj.org\/en\/wp-json\/wp\/v2\/users\/5"}],"replies":[{"embeddable":true,"href":"https:\/\/www.iemj.org\/en\/wp-json\/wp\/v2\/comments?post=114724"}],"version-history":[{"count":0,"href":"https:\/\/www.iemj.org\/en\/wp-json\/wp\/v2\/posts\/114724\/revisions"}],"wp:featuredmedia":[{"embeddable":true,"href":"https:\/\/www.iemj.org\/en\/wp-json\/wp\/v2\/media\/114702"}],"wp:attachment":[{"href":"https:\/\/www.iemj.org\/en\/wp-json\/wp\/v2\/media?parent=114724"}],"wp:term":[{"taxonomy":"category","embeddable":true,"href":"https:\/\/www.iemj.org\/en\/wp-json\/wp\/v2\/categories?post=114724"},{"taxonomy":"post_tag","embeddable":true,"href":"https:\/\/www.iemj.org\/en\/wp-json\/wp\/v2\/tags?post=114724"},{"taxonomy":"technique","embeddable":true,"href":"https:\/\/www.iemj.org\/en\/wp-json\/wp\/v2\/technique?post=114724"},{"taxonomy":"squelettes","embeddable":true,"href":"https:\/\/www.iemj.org\/en\/wp-json\/wp\/v2\/squelettes?post=114724"},{"taxonomy":"sujet","embeddable":true,"href":"https:\/\/www.iemj.org\/en\/wp-json\/wp\/v2\/sujet?post=114724"},{"taxonomy":"formation","embeddable":true,"href":"https:\/\/www.iemj.org\/en\/wp-json\/wp\/v2\/formation?post=114724"},{"taxonomy":"genre","embeddable":true,"href":"https:\/\/www.iemj.org\/en\/wp-json\/wp\/v2\/genre?post=114724"},{"taxonomy":"fonds","embeddable":true,"href":"https:\/\/www.iemj.org\/en\/wp-json\/wp\/v2\/fonds?post=114724"},{"taxonomy":"tradition","embeddable":true,"href":"https:\/\/www.iemj.org\/en\/wp-json\/wp\/v2\/tradition?post=114724"},{"taxonomy":"type-de-contenu","embeddable":true,"href":"https:\/\/www.iemj.org\/en\/wp-json\/wp\/v2\/type-de-contenu?post=114724"},{"taxonomy":"interprete-compositeur","embeddable":true,"href":"https:\/\/www.iemj.org\/en\/wp-json\/wp\/v2\/interprete-compositeur?post=114724"},{"taxonomy":"frise","embeddable":true,"href":"https:\/\/www.iemj.org\/en\/wp-json\/wp\/v2\/frise?post=114724"},{"taxonomy":"type-devenement","embeddable":true,"href":"https:\/\/www.iemj.org\/en\/wp-json\/wp\/v2\/type-devenement?post=114724"},{"taxonomy":"tableaux-liens-externes","embeddable":true,"href":"https:\/\/www.iemj.org\/en\/wp-json\/wp\/v2\/tableaux-liens-externes?post=114724"}],"curies":[{"name":"wp","href":"https:\/\/api.w.org\/{rel}","templated":true}]}}