{"id":114861,"date":"2024-11-10T12:34:53","date_gmt":"2024-11-10T11:34:53","guid":{"rendered":"https:\/\/www.iemj.org\/fonds-adolphe-attia\/"},"modified":"2024-11-18T16:58:49","modified_gmt":"2024-11-18T15:58:49","slug":"fonds-adolphe-attia","status":"publish","type":"post","link":"https:\/\/www.iemj.org\/en\/fonds-adolphe-attia\/","title":{"rendered":"Adolphe Attia Collection"},"content":{"rendered":"<p>Cantor at the Grande Synagogue de la Victoire for 53 years (1961 to 2014), <a href=\"https:\/\/www.iemj.org\/en\/attia-adolphe-1937\/\" target=\"_blank\" rel=\"noopener\">Adolphe Attia<\/a> performed for several decades on French radio &#8211; notably on <a href=\"https:\/\/www.iemj.org\/en\/algazi-leon-1890-1971\/\" target=\"_blank\" rel=\"noopener\">L\u00e9on Algazi<\/a> &#8216;s <em>Kol Isra\u00ebl<\/em> program, where he succeeded Emile Ka\u00e7mann as soloist &#8211; and in numerous concerts, both in France and abroad. He has recorded several CDs that have made him one of the leading figures in French Ashkenazi liturgical music.<\/p>\n<p>The Adolphe Attia archives include over 250 documents of all kinds, mainly collected between 2010 and 2023.<\/p>\n<p>They include:<\/p>\n<p>&#8211; numerous audio recordings of concerts and discs, as well as tapes of Ashkenazi Victory liturgies<br \/>&#8211; sheet music<br \/>&#8211; photos, posters and concert programs retracing his career<br \/>In July 2023, Adolphe Attia presented the IEMJ with a set of new documents (including photos, concert programs and posters), which were digitized in early 2024.<\/p>\n<p><\/p>\n<h2 class=\"wp-block-heading\">\u21d2 <a href=\"http:\/\/www.rachelnet.net\/F\/?func=find-c&amp;ccl_term=WRD+%3D+Attia&amp;local_base=iemcg\"><strong>View the Adolphe Attia collection<\/strong><\/a><\/h2>\n<h2> <\/h2>\n<ul>\n<li><a href=\"https:\/\/www.iemj.org\/en\/attia-adolphe-1937\/\">View Adolphe Attia&#8217;s biography<\/a><\/li>\n<li><a style=\"font-size: revert; background-color: var(--bs-body-bg); font-family: var(--bs-body-font-family); font-weight: var(--bs-body-font-weight); text-align: var(--bs-body-text-align);\" href=\"https:\/\/www.iemj.org\/en\/adolphe-attia-50-ans-de-hazanout-en-france\/\">Watch the video <em>Adolphe Attia, 50 years of hazzanout in France<\/em><\/a><\/li>\n<li><a style=\"font-size: revert; background-color: var(--bs-body-bg); font-family: var(--bs-body-font-family); font-weight: var(--bs-body-font-weight); text-align: var(--bs-body-text-align);\" href=\"https:\/\/www.iemj.org\/produit\/musiques-judeo-francaises-des-xviiie-et-xixe-siecles\/\">Order the CD Judeo-French music of the <sup>18th<\/sup> and <sup>19th<\/sup> centuries<\/a><\/li>\n<li><a style=\"font-size: revert; background-color: var(--bs-body-bg); font-family: var(--bs-body-font-family); font-weight: var(--bs-body-font-weight); text-align: var(--bs-body-text-align);\" href=\"https:\/\/www.iemj.org\/produit\/musiques-de-la-synagogue-de-bordeaux\/\">Order the CD Musique de la synagogue de Bordeaux &#8211; rite portugais<\/a><\/li>\n<\/ul>\n<p><\/p>\n\n\n<figure class=\"wp-block-gallery has-nested-images columns-default is-cropped wp-block-gallery-1 is-layout-flex wp-block-gallery-is-layout-flex\">\n<figure class=\"wp-block-image size-large\"><img fetchpriority=\"high\" decoding=\"async\" width=\"545\" height=\"800\" data-id=\"114824\" src=\"https:\/\/www.iemj.org\/wp-content\/uploads\/2024\/11\/A_1726_VIG_Affiche-de-concert-1986-a-La-Victoire.jpg\" alt=\"\" class=\"wp-image-114824\" srcset=\"https:\/\/www.iemj.org\/wp-content\/uploads\/2024\/11\/A_1726_VIG_Affiche-de-concert-1986-a-La-Victoire.jpg 545w, https:\/\/www.iemj.org\/wp-content\/uploads\/2024\/11\/A_1726_VIG_Affiche-de-concert-1986-a-La-Victoire-204x300.jpg 204w\" sizes=\"(max-width: 545px) 100vw, 545px\" \/><\/figure>\n\n\n\n<figure class=\"wp-block-image size-full\"><img decoding=\"async\" width=\"528\" height=\"800\" data-id=\"114823\" src=\"https:\/\/www.iemj.org\/wp-content\/uploads\/2024\/11\/A_1993_VIG_Affiche-concert-synagogue-de-lyon-2006.jpg\" alt=\"\" class=\"wp-image-114823\" srcset=\"https:\/\/www.iemj.org\/wp-content\/uploads\/2024\/11\/A_1993_VIG_Affiche-concert-synagogue-de-lyon-2006.jpg 528w, https:\/\/www.iemj.org\/wp-content\/uploads\/2024\/11\/A_1993_VIG_Affiche-concert-synagogue-de-lyon-2006-198x300.jpg 198w\" sizes=\"(max-width: 528px) 100vw, 528px\" \/><\/figure>\n\n\n\n<figure class=\"wp-block-image size-large\"><img decoding=\"async\" width=\"596\" height=\"800\" data-id=\"114829\" src=\"https:\/\/www.iemj.org\/wp-content\/uploads\/2024\/11\/A_1996_VIG_Affiche-Festival-chants-traditionnels-juifs.jpg\" alt=\"\" class=\"wp-image-114829\" srcset=\"https:\/\/www.iemj.org\/wp-content\/uploads\/2024\/11\/A_1996_VIG_Affiche-Festival-chants-traditionnels-juifs.jpg 596w, https:\/\/www.iemj.org\/wp-content\/uploads\/2024\/11\/A_1996_VIG_Affiche-Festival-chants-traditionnels-juifs-224x300.jpg 224w\" sizes=\"(max-width: 596px) 100vw, 596px\" \/><\/figure>\n<\/figure>\n\n\n\n<figure class=\"wp-block-gallery has-nested-images columns-default is-cropped wp-block-gallery-2 is-layout-flex wp-block-gallery-is-layout-flex\">\n<figure class=\"wp-block-image size-large\"><img loading=\"lazy\" decoding=\"async\" width=\"800\" height=\"792\" data-id=\"114836\" src=\"https:\/\/www.iemj.org\/wp-content\/uploads\/2024\/11\/CD_127_VIG_Musique-liturgique-juive.jpg\" alt=\"\" class=\"wp-image-114836\" srcset=\"https:\/\/www.iemj.org\/wp-content\/uploads\/2024\/11\/CD_127_VIG_Musique-liturgique-juive.jpg 800w, https:\/\/www.iemj.org\/wp-content\/uploads\/2024\/11\/CD_127_VIG_Musique-liturgique-juive-300x297.jpg 300w, https:\/\/www.iemj.org\/wp-content\/uploads\/2024\/11\/CD_127_VIG_Musique-liturgique-juive-150x150.jpg 150w, https:\/\/www.iemj.org\/wp-content\/uploads\/2024\/11\/CD_127_VIG_Musique-liturgique-juive-768x760.jpg 768w, https:\/\/www.iemj.org\/wp-content\/uploads\/2024\/11\/CD_127_VIG_Musique-liturgique-juive-600x594.jpg 600w, https:\/\/www.iemj.org\/wp-content\/uploads\/2024\/11\/CD_127_VIG_Musique-liturgique-juive-100x100.jpg 100w\" sizes=\"(max-width: 800px) 100vw, 800px\" \/><\/figure>\n\n\n\n<figure class=\"wp-block-image size-full\"><img loading=\"lazy\" decoding=\"async\" width=\"800\" height=\"782\" data-id=\"114835\" src=\"https:\/\/www.iemj.org\/wp-content\/uploads\/2024\/11\/CD_129_VIG_Chants-de-la-Synagogue.jpg\" alt=\"\" class=\"wp-image-114835\" srcset=\"https:\/\/www.iemj.org\/wp-content\/uploads\/2024\/11\/CD_129_VIG_Chants-de-la-Synagogue.jpg 800w, https:\/\/www.iemj.org\/wp-content\/uploads\/2024\/11\/CD_129_VIG_Chants-de-la-Synagogue-300x293.jpg 300w, https:\/\/www.iemj.org\/wp-content\/uploads\/2024\/11\/CD_129_VIG_Chants-de-la-Synagogue-768x751.jpg 768w, https:\/\/www.iemj.org\/wp-content\/uploads\/2024\/11\/CD_129_VIG_Chants-de-la-Synagogue-600x587.jpg 600w\" sizes=\"(max-width: 800px) 100vw, 800px\" \/><\/figure>\n\n\n\n<figure class=\"wp-block-image size-full\"><img loading=\"lazy\" decoding=\"async\" width=\"794\" height=\"688\" data-id=\"114834\" src=\"https:\/\/www.iemj.org\/wp-content\/uploads\/2024\/11\/CD_1656_VIG_Concerto-pour-13-voix.jpg\" alt=\"\" class=\"wp-image-114834\" srcset=\"https:\/\/www.iemj.org\/wp-content\/uploads\/2024\/11\/CD_1656_VIG_Concerto-pour-13-voix.jpg 794w, https:\/\/www.iemj.org\/wp-content\/uploads\/2024\/11\/CD_1656_VIG_Concerto-pour-13-voix-300x260.jpg 300w, https:\/\/www.iemj.org\/wp-content\/uploads\/2024\/11\/CD_1656_VIG_Concerto-pour-13-voix-768x665.jpg 768w, https:\/\/www.iemj.org\/wp-content\/uploads\/2024\/11\/CD_1656_VIG_Concerto-pour-13-voix-600x520.jpg 600w\" sizes=\"(max-width: 794px) 100vw, 794px\" \/><\/figure>\n<\/figure>\n\n\n\n<p><\/p>\n\n\n\n<figure class=\"wp-block-gallery has-nested-images columns-default is-cropped wp-block-gallery-3 is-layout-flex wp-block-gallery-is-layout-flex\">\n<figure class=\"wp-block-image size-full\"><img loading=\"lazy\" decoding=\"async\" width=\"800\" height=\"539\" data-id=\"114842\" src=\"https:\/\/www.iemj.org\/wp-content\/uploads\/2024\/11\/I_462_VIG_Attia-avec-gd-rabbin-Sitruc.jpg\" alt=\"\" class=\"wp-image-114842\" srcset=\"https:\/\/www.iemj.org\/wp-content\/uploads\/2024\/11\/I_462_VIG_Attia-avec-gd-rabbin-Sitruc.jpg 800w, https:\/\/www.iemj.org\/wp-content\/uploads\/2024\/11\/I_462_VIG_Attia-avec-gd-rabbin-Sitruc-300x202.jpg 300w, https:\/\/www.iemj.org\/wp-content\/uploads\/2024\/11\/I_462_VIG_Attia-avec-gd-rabbin-Sitruc-768x517.jpg 768w, https:\/\/www.iemj.org\/wp-content\/uploads\/2024\/11\/I_462_VIG_Attia-avec-gd-rabbin-Sitruc-600x404.jpg 600w\" sizes=\"(max-width: 800px) 100vw, 800px\" \/><\/figure>\n\n\n\n<figure class=\"wp-block-image size-full\"><img loading=\"lazy\" decoding=\"async\" width=\"774\" height=\"600\" data-id=\"114843\" src=\"https:\/\/www.iemj.org\/wp-content\/uploads\/2024\/11\/I_463_VIG_Concert-a-la-syna-de-Versaille-avec-Attia-Benhamou-et-Jasner.jpg\" alt=\"\" class=\"wp-image-114843\" srcset=\"https:\/\/www.iemj.org\/wp-content\/uploads\/2024\/11\/I_463_VIG_Concert-a-la-syna-de-Versaille-avec-Attia-Benhamou-et-Jasner.jpg 774w, https:\/\/www.iemj.org\/wp-content\/uploads\/2024\/11\/I_463_VIG_Concert-a-la-syna-de-Versaille-avec-Attia-Benhamou-et-Jasner-300x233.jpg 300w, https:\/\/www.iemj.org\/wp-content\/uploads\/2024\/11\/I_463_VIG_Concert-a-la-syna-de-Versaille-avec-Attia-Benhamou-et-Jasner-768x595.jpg 768w, https:\/\/www.iemj.org\/wp-content\/uploads\/2024\/11\/I_463_VIG_Concert-a-la-syna-de-Versaille-avec-Attia-Benhamou-et-Jasner-600x465.jpg 600w\" sizes=\"(max-width: 774px) 100vw, 774px\" \/><\/figure>\n<\/figure>\n\n\n\n<p><\/p>\n","protected":false},"excerpt":{"rendered":"<p>Cantor at the Grande Synagogue de la Victoire for 53 years (1961 to 2014), Adolphe Attia performed for several decades on French radio &#8211; notably on L\u00e9on Algazi &#8216;s Kol<\/p>\n","protected":false},"author":5,"featured_media":114856,"comment_status":"closed","ping_status":"closed","sticky":false,"template":"","format":"standard","meta":{"_acf_changed":false,"footnotes":""},"categories":[1584],"tags":[],"technique":[],"squelettes":[],"sujet":[2108],"formation":[],"genre":[],"fonds":[],"tradition":[],"type-de-contenu":[],"interprete-compositeur":[],"frise":[],"type-devenement":[],"tableaux-liens-externes":[],"class_list":["post-114861","post","type-post","status-publish","format-standard","has-post-thumbnail","hentry","category-main-holdings-en","sujet-the-cantor-hazzan-en"],"acf":[],"yoast_head":"<!-- This site is optimized with the Yoast SEO plugin v27.3 - https:\/\/yoast.com\/product\/yoast-seo-wordpress\/ -->\n<title>Adolphe Attia Collection - Institut Europ\u00e9en des Musiques Juives<\/title>\n<meta name=\"robots\" content=\"index, follow, max-snippet:-1, max-image-preview:large, max-video-preview:-1\" \/>\n<link rel=\"canonical\" href=\"https:\/\/www.iemj.org\/en\/fonds-adolphe-attia\/\" \/>\n<meta property=\"og:locale\" content=\"en_US\" \/>\n<meta property=\"og:type\" content=\"article\" \/>\n<meta property=\"og:title\" content=\"Adolphe Attia Collection - Institut Europ\u00e9en des Musiques Juives\" \/>\n<meta property=\"og:description\" content=\"Cantor at the Grande Synagogue de la Victoire for 53 years (1961 to 2014), Adolphe Attia performed for several decades on French radio &#8211; notably on L\u00e9on Algazi &#8216;s Kol\" \/>\n<meta property=\"og:url\" content=\"https:\/\/www.iemj.org\/en\/fonds-adolphe-attia\/\" \/>\n<meta property=\"og:site_name\" content=\"Institut Europ\u00e9en des Musiques Juives\" \/>\n<meta property=\"article:publisher\" content=\"https:\/\/www.facebook.com\/MusiquesJuives\/\" \/>\n<meta property=\"article:published_time\" content=\"2024-11-10T11:34:53+00:00\" \/>\n<meta property=\"article:modified_time\" content=\"2024-11-18T15:58:49+00:00\" \/>\n<meta property=\"og:image\" content=\"https:\/\/www.iemj.org\/wp-content\/uploads\/2024\/11\/logo-1.jpg\" \/>\n\t<meta property=\"og:image:width\" content=\"500\" \/>\n\t<meta property=\"og:image:height\" content=\"500\" \/>\n\t<meta property=\"og:image:type\" content=\"image\/jpeg\" \/>\n<meta name=\"author\" content=\"Jacqueline ROTEN\" \/>\n<meta name=\"twitter:card\" content=\"summary_large_image\" \/>\n<meta name=\"twitter:label1\" content=\"Written by\" \/>\n\t<meta name=\"twitter:data1\" content=\"Jacqueline ROTEN\" \/>\n\t<meta name=\"twitter:label2\" content=\"Est. reading time\" \/>\n\t<meta name=\"twitter:data2\" content=\"3 minutes\" \/>\n<script type=\"application\/ld+json\" class=\"yoast-schema-graph\">{\"@context\":\"https:\\\/\\\/schema.org\",\"@graph\":[{\"@type\":\"Article\",\"@id\":\"https:\\\/\\\/www.iemj.org\\\/en\\\/fonds-adolphe-attia\\\/#article\",\"isPartOf\":{\"@id\":\"https:\\\/\\\/www.iemj.org\\\/en\\\/fonds-adolphe-attia\\\/\"},\"author\":{\"name\":\"Jacqueline ROTEN\",\"@id\":\"https:\\\/\\\/www.iemj.org\\\/en\\\/#\\\/schema\\\/person\\\/358e26c18aca017fcc4cc15437f7279c\"},\"headline\":\"Adolphe Attia Collection\",\"datePublished\":\"2024-11-10T11:34:53+00:00\",\"dateModified\":\"2024-11-18T15:58:49+00:00\",\"mainEntityOfPage\":{\"@id\":\"https:\\\/\\\/www.iemj.org\\\/en\\\/fonds-adolphe-attia\\\/\"},\"wordCount\":179,\"publisher\":{\"@id\":\"https:\\\/\\\/www.iemj.org\\\/en\\\/#organization\"},\"image\":{\"@id\":\"https:\\\/\\\/www.iemj.org\\\/en\\\/fonds-adolphe-attia\\\/#primaryimage\"},\"thumbnailUrl\":\"https:\\\/\\\/www.iemj.org\\\/wp-content\\\/uploads\\\/2024\\\/11\\\/logo-1.jpg\",\"articleSection\":[\"Main Holdings\"],\"inLanguage\":\"en-US\"},{\"@type\":\"WebPage\",\"@id\":\"https:\\\/\\\/www.iemj.org\\\/en\\\/fonds-adolphe-attia\\\/\",\"url\":\"https:\\\/\\\/www.iemj.org\\\/en\\\/fonds-adolphe-attia\\\/\",\"name\":\"Adolphe Attia Collection - Institut Europ\u00e9en des Musiques Juives\",\"isPartOf\":{\"@id\":\"https:\\\/\\\/www.iemj.org\\\/en\\\/#website\"},\"primaryImageOfPage\":{\"@id\":\"https:\\\/\\\/www.iemj.org\\\/en\\\/fonds-adolphe-attia\\\/#primaryimage\"},\"image\":{\"@id\":\"https:\\\/\\\/www.iemj.org\\\/en\\\/fonds-adolphe-attia\\\/#primaryimage\"},\"thumbnailUrl\":\"https:\\\/\\\/www.iemj.org\\\/wp-content\\\/uploads\\\/2024\\\/11\\\/logo-1.jpg\",\"datePublished\":\"2024-11-10T11:34:53+00:00\",\"dateModified\":\"2024-11-18T15:58:49+00:00\",\"breadcrumb\":{\"@id\":\"https:\\\/\\\/www.iemj.org\\\/en\\\/fonds-adolphe-attia\\\/#breadcrumb\"},\"inLanguage\":\"en-US\",\"potentialAction\":[{\"@type\":\"ReadAction\",\"target\":[\"https:\\\/\\\/www.iemj.org\\\/en\\\/fonds-adolphe-attia\\\/\"]}]},{\"@type\":\"ImageObject\",\"inLanguage\":\"en-US\",\"@id\":\"https:\\\/\\\/www.iemj.org\\\/en\\\/fonds-adolphe-attia\\\/#primaryimage\",\"url\":\"https:\\\/\\\/www.iemj.org\\\/wp-content\\\/uploads\\\/2024\\\/11\\\/logo-1.jpg\",\"contentUrl\":\"https:\\\/\\\/www.iemj.org\\\/wp-content\\\/uploads\\\/2024\\\/11\\\/logo-1.jpg\",\"width\":500,\"height\":500},{\"@type\":\"BreadcrumbList\",\"@id\":\"https:\\\/\\\/www.iemj.org\\\/en\\\/fonds-adolphe-attia\\\/#breadcrumb\",\"itemListElement\":[{\"@type\":\"ListItem\",\"position\":1,\"name\":\"Accueil\",\"item\":\"https:\\\/\\\/www.iemj.org\\\/en\\\/\"},{\"@type\":\"ListItem\",\"position\":2,\"name\":\"Adolphe Attia Collection\"}]},{\"@type\":\"WebSite\",\"@id\":\"https:\\\/\\\/www.iemj.org\\\/en\\\/#website\",\"url\":\"https:\\\/\\\/www.iemj.org\\\/en\\\/\",\"name\":\"Institut Europ\u00e9en des Musiques Juives\",\"description\":\"Des traditions musicales \u00e0 la port\u00e9e de tous\",\"publisher\":{\"@id\":\"https:\\\/\\\/www.iemj.org\\\/en\\\/#organization\"},\"potentialAction\":[{\"@type\":\"SearchAction\",\"target\":{\"@type\":\"EntryPoint\",\"urlTemplate\":\"https:\\\/\\\/www.iemj.org\\\/en\\\/?s={search_term_string}\"},\"query-input\":{\"@type\":\"PropertyValueSpecification\",\"valueRequired\":true,\"valueName\":\"search_term_string\"}}],\"inLanguage\":\"en-US\"},{\"@type\":\"Organization\",\"@id\":\"https:\\\/\\\/www.iemj.org\\\/en\\\/#organization\",\"name\":\"Institut Europ\u00e9en des Musiques Juives\",\"url\":\"https:\\\/\\\/www.iemj.org\\\/en\\\/\",\"logo\":{\"@type\":\"ImageObject\",\"inLanguage\":\"en-US\",\"@id\":\"https:\\\/\\\/www.iemj.org\\\/en\\\/#\\\/schema\\\/logo\\\/image\\\/\",\"url\":\"https:\\\/\\\/www.iemj.org\\\/wp-content\\\/uploads\\\/2021\\\/09\\\/Logo-IEMJ-Paypal.jpg\",\"contentUrl\":\"https:\\\/\\\/www.iemj.org\\\/wp-content\\\/uploads\\\/2021\\\/09\\\/Logo-IEMJ-Paypal.jpg\",\"width\":150,\"height\":50,\"caption\":\"Institut Europ\u00e9en des Musiques Juives\"},\"image\":{\"@id\":\"https:\\\/\\\/www.iemj.org\\\/en\\\/#\\\/schema\\\/logo\\\/image\\\/\"},\"sameAs\":[\"https:\\\/\\\/www.facebook.com\\\/MusiquesJuives\\\/\",\"https:\\\/\\\/www.instagram.com\\\/musiquesjuives\\\/\",\"https:\\\/\\\/www.youtube.com\\\/user\\\/musiquesjuives\"]},{\"@type\":\"Person\",\"@id\":\"https:\\\/\\\/www.iemj.org\\\/en\\\/#\\\/schema\\\/person\\\/358e26c18aca017fcc4cc15437f7279c\",\"name\":\"Jacqueline ROTEN\",\"image\":{\"@type\":\"ImageObject\",\"inLanguage\":\"en-US\",\"@id\":\"https:\\\/\\\/secure.gravatar.com\\\/avatar\\\/5964256d6c6957de3a3505278957e0fb2a35119ac47ea41827a65301213c810b?s=96&d=mm&r=g\",\"url\":\"https:\\\/\\\/secure.gravatar.com\\\/avatar\\\/5964256d6c6957de3a3505278957e0fb2a35119ac47ea41827a65301213c810b?s=96&d=mm&r=g\",\"contentUrl\":\"https:\\\/\\\/secure.gravatar.com\\\/avatar\\\/5964256d6c6957de3a3505278957e0fb2a35119ac47ea41827a65301213c810b?s=96&d=mm&r=g\",\"caption\":\"Jacqueline ROTEN\"}}]}<\/script>\n<!-- \/ Yoast SEO plugin. -->","yoast_head_json":{"title":"Adolphe Attia Collection - Institut Europ\u00e9en des Musiques Juives","robots":{"index":"index","follow":"follow","max-snippet":"max-snippet:-1","max-image-preview":"max-image-preview:large","max-video-preview":"max-video-preview:-1"},"canonical":"https:\/\/www.iemj.org\/en\/fonds-adolphe-attia\/","og_locale":"en_US","og_type":"article","og_title":"Adolphe Attia Collection - Institut Europ\u00e9en des Musiques Juives","og_description":"Cantor at the Grande Synagogue de la Victoire for 53 years (1961 to 2014), Adolphe Attia performed for several decades on French radio &#8211; notably on L\u00e9on Algazi &#8216;s Kol","og_url":"https:\/\/www.iemj.org\/en\/fonds-adolphe-attia\/","og_site_name":"Institut Europ\u00e9en des Musiques Juives","article_publisher":"https:\/\/www.facebook.com\/MusiquesJuives\/","article_published_time":"2024-11-10T11:34:53+00:00","article_modified_time":"2024-11-18T15:58:49+00:00","og_image":[{"width":500,"height":500,"url":"https:\/\/www.iemj.org\/wp-content\/uploads\/2024\/11\/logo-1.jpg","type":"image\/jpeg"}],"author":"Jacqueline ROTEN","twitter_card":"summary_large_image","twitter_misc":{"Written by":"Jacqueline ROTEN","Est. reading time":"3 minutes"},"schema":{"@context":"https:\/\/schema.org","@graph":[{"@type":"Article","@id":"https:\/\/www.iemj.org\/en\/fonds-adolphe-attia\/#article","isPartOf":{"@id":"https:\/\/www.iemj.org\/en\/fonds-adolphe-attia\/"},"author":{"name":"Jacqueline ROTEN","@id":"https:\/\/www.iemj.org\/en\/#\/schema\/person\/358e26c18aca017fcc4cc15437f7279c"},"headline":"Adolphe Attia Collection","datePublished":"2024-11-10T11:34:53+00:00","dateModified":"2024-11-18T15:58:49+00:00","mainEntityOfPage":{"@id":"https:\/\/www.iemj.org\/en\/fonds-adolphe-attia\/"},"wordCount":179,"publisher":{"@id":"https:\/\/www.iemj.org\/en\/#organization"},"image":{"@id":"https:\/\/www.iemj.org\/en\/fonds-adolphe-attia\/#primaryimage"},"thumbnailUrl":"https:\/\/www.iemj.org\/wp-content\/uploads\/2024\/11\/logo-1.jpg","articleSection":["Main Holdings"],"inLanguage":"en-US"},{"@type":"WebPage","@id":"https:\/\/www.iemj.org\/en\/fonds-adolphe-attia\/","url":"https:\/\/www.iemj.org\/en\/fonds-adolphe-attia\/","name":"Adolphe Attia Collection - Institut Europ\u00e9en des Musiques Juives","isPartOf":{"@id":"https:\/\/www.iemj.org\/en\/#website"},"primaryImageOfPage":{"@id":"https:\/\/www.iemj.org\/en\/fonds-adolphe-attia\/#primaryimage"},"image":{"@id":"https:\/\/www.iemj.org\/en\/fonds-adolphe-attia\/#primaryimage"},"thumbnailUrl":"https:\/\/www.iemj.org\/wp-content\/uploads\/2024\/11\/logo-1.jpg","datePublished":"2024-11-10T11:34:53+00:00","dateModified":"2024-11-18T15:58:49+00:00","breadcrumb":{"@id":"https:\/\/www.iemj.org\/en\/fonds-adolphe-attia\/#breadcrumb"},"inLanguage":"en-US","potentialAction":[{"@type":"ReadAction","target":["https:\/\/www.iemj.org\/en\/fonds-adolphe-attia\/"]}]},{"@type":"ImageObject","inLanguage":"en-US","@id":"https:\/\/www.iemj.org\/en\/fonds-adolphe-attia\/#primaryimage","url":"https:\/\/www.iemj.org\/wp-content\/uploads\/2024\/11\/logo-1.jpg","contentUrl":"https:\/\/www.iemj.org\/wp-content\/uploads\/2024\/11\/logo-1.jpg","width":500,"height":500},{"@type":"BreadcrumbList","@id":"https:\/\/www.iemj.org\/en\/fonds-adolphe-attia\/#breadcrumb","itemListElement":[{"@type":"ListItem","position":1,"name":"Accueil","item":"https:\/\/www.iemj.org\/en\/"},{"@type":"ListItem","position":2,"name":"Adolphe Attia Collection"}]},{"@type":"WebSite","@id":"https:\/\/www.iemj.org\/en\/#website","url":"https:\/\/www.iemj.org\/en\/","name":"Institut Europ\u00e9en des Musiques Juives","description":"Des traditions musicales \u00e0 la port\u00e9e de tous","publisher":{"@id":"https:\/\/www.iemj.org\/en\/#organization"},"potentialAction":[{"@type":"SearchAction","target":{"@type":"EntryPoint","urlTemplate":"https:\/\/www.iemj.org\/en\/?s={search_term_string}"},"query-input":{"@type":"PropertyValueSpecification","valueRequired":true,"valueName":"search_term_string"}}],"inLanguage":"en-US"},{"@type":"Organization","@id":"https:\/\/www.iemj.org\/en\/#organization","name":"Institut Europ\u00e9en des Musiques Juives","url":"https:\/\/www.iemj.org\/en\/","logo":{"@type":"ImageObject","inLanguage":"en-US","@id":"https:\/\/www.iemj.org\/en\/#\/schema\/logo\/image\/","url":"https:\/\/www.iemj.org\/wp-content\/uploads\/2021\/09\/Logo-IEMJ-Paypal.jpg","contentUrl":"https:\/\/www.iemj.org\/wp-content\/uploads\/2021\/09\/Logo-IEMJ-Paypal.jpg","width":150,"height":50,"caption":"Institut Europ\u00e9en des Musiques Juives"},"image":{"@id":"https:\/\/www.iemj.org\/en\/#\/schema\/logo\/image\/"},"sameAs":["https:\/\/www.facebook.com\/MusiquesJuives\/","https:\/\/www.instagram.com\/musiquesjuives\/","https:\/\/www.youtube.com\/user\/musiquesjuives"]},{"@type":"Person","@id":"https:\/\/www.iemj.org\/en\/#\/schema\/person\/358e26c18aca017fcc4cc15437f7279c","name":"Jacqueline ROTEN","image":{"@type":"ImageObject","inLanguage":"en-US","@id":"https:\/\/secure.gravatar.com\/avatar\/5964256d6c6957de3a3505278957e0fb2a35119ac47ea41827a65301213c810b?s=96&d=mm&r=g","url":"https:\/\/secure.gravatar.com\/avatar\/5964256d6c6957de3a3505278957e0fb2a35119ac47ea41827a65301213c810b?s=96&d=mm&r=g","contentUrl":"https:\/\/secure.gravatar.com\/avatar\/5964256d6c6957de3a3505278957e0fb2a35119ac47ea41827a65301213c810b?s=96&d=mm&r=g","caption":"Jacqueline ROTEN"}}]}},"_links":{"self":[{"href":"https:\/\/www.iemj.org\/en\/wp-json\/wp\/v2\/posts\/114861","targetHints":{"allow":["GET"]}}],"collection":[{"href":"https:\/\/www.iemj.org\/en\/wp-json\/wp\/v2\/posts"}],"about":[{"href":"https:\/\/www.iemj.org\/en\/wp-json\/wp\/v2\/types\/post"}],"author":[{"embeddable":true,"href":"https:\/\/www.iemj.org\/en\/wp-json\/wp\/v2\/users\/5"}],"replies":[{"embeddable":true,"href":"https:\/\/www.iemj.org\/en\/wp-json\/wp\/v2\/comments?post=114861"}],"version-history":[{"count":0,"href":"https:\/\/www.iemj.org\/en\/wp-json\/wp\/v2\/posts\/114861\/revisions"}],"wp:featuredmedia":[{"embeddable":true,"href":"https:\/\/www.iemj.org\/en\/wp-json\/wp\/v2\/media\/114856"}],"wp:attachment":[{"href":"https:\/\/www.iemj.org\/en\/wp-json\/wp\/v2\/media?parent=114861"}],"wp:term":[{"taxonomy":"category","embeddable":true,"href":"https:\/\/www.iemj.org\/en\/wp-json\/wp\/v2\/categories?post=114861"},{"taxonomy":"post_tag","embeddable":true,"href":"https:\/\/www.iemj.org\/en\/wp-json\/wp\/v2\/tags?post=114861"},{"taxonomy":"technique","embeddable":true,"href":"https:\/\/www.iemj.org\/en\/wp-json\/wp\/v2\/technique?post=114861"},{"taxonomy":"squelettes","embeddable":true,"href":"https:\/\/www.iemj.org\/en\/wp-json\/wp\/v2\/squelettes?post=114861"},{"taxonomy":"sujet","embeddable":true,"href":"https:\/\/www.iemj.org\/en\/wp-json\/wp\/v2\/sujet?post=114861"},{"taxonomy":"formation","embeddable":true,"href":"https:\/\/www.iemj.org\/en\/wp-json\/wp\/v2\/formation?post=114861"},{"taxonomy":"genre","embeddable":true,"href":"https:\/\/www.iemj.org\/en\/wp-json\/wp\/v2\/genre?post=114861"},{"taxonomy":"fonds","embeddable":true,"href":"https:\/\/www.iemj.org\/en\/wp-json\/wp\/v2\/fonds?post=114861"},{"taxonomy":"tradition","embeddable":true,"href":"https:\/\/www.iemj.org\/en\/wp-json\/wp\/v2\/tradition?post=114861"},{"taxonomy":"type-de-contenu","embeddable":true,"href":"https:\/\/www.iemj.org\/en\/wp-json\/wp\/v2\/type-de-contenu?post=114861"},{"taxonomy":"interprete-compositeur","embeddable":true,"href":"https:\/\/www.iemj.org\/en\/wp-json\/wp\/v2\/interprete-compositeur?post=114861"},{"taxonomy":"frise","embeddable":true,"href":"https:\/\/www.iemj.org\/en\/wp-json\/wp\/v2\/frise?post=114861"},{"taxonomy":"type-devenement","embeddable":true,"href":"https:\/\/www.iemj.org\/en\/wp-json\/wp\/v2\/type-devenement?post=114861"},{"taxonomy":"tableaux-liens-externes","embeddable":true,"href":"https:\/\/www.iemj.org\/en\/wp-json\/wp\/v2\/tableaux-liens-externes?post=114861"}],"curies":[{"name":"wp","href":"https:\/\/api.w.org\/{rel}","templated":true}]}}