{"id":116129,"date":"2024-12-05T16:17:32","date_gmt":"2024-12-05T15:17:32","guid":{"rendered":"https:\/\/www.iemj.org\/les-enfants-de-lesperance-une-partition-de-graciane-finzi-sur-un-texte-du-rabbin-philippe-haddad\/"},"modified":"2024-12-06T12:26:52","modified_gmt":"2024-12-06T11:26:52","slug":"les-enfants-de-lesperance-une-partition-de-graciane-finzi-sur-un-texte-du-rabbin-philippe-haddad","status":"publish","type":"post","link":"https:\/\/www.iemj.org\/en\/les-enfants-de-lesperance-une-partition-de-graciane-finzi-sur-un-texte-du-rabbin-philippe-haddad\/","title":{"rendered":"Les enfants de l&#8217;esp\u00e9rance, a score by Graciane Finzi"},"content":{"rendered":"<p style=\"text-align: center;\">\u2666\u2666\u2666\u2666\u2666\u2666<\/p>\n<p><!--more--><\/p>\n<p style=\"text-align: left;\"><strong><em>Les enfants de l&#8217;esp\u00e9rance<\/em><\/strong> is a vocal work in French and Hebrew for children&#8217;s choir and piano, by <strong>Graciane Finzi<\/strong>, based on a text by Rabbi <strong>Philippe Haddad<\/strong>. It was premiered in 2024 by the children of YWAM-Copernic&#8217;s Talmud Torah, directed by conductor <a href=\"https:\/\/melanielevythiebaut.com\/\" target=\"_blank\" rel=\"noopener\"><strong>M\u00e9lanie Levy-Thi\u00e9baut<\/strong><\/a>.<\/p>\n<p><!--more--><\/p>\n<p>After studying at the conservatory in her native Casablanca (Morocco), <strong><a href=\"https:\/\/www.iemj.org\/en\/graciane-finzi-2\/\" target=\"_blank\" rel=\"noopener\">Graciane Finzi<\/a><\/strong> entered the Conservatoire National Sup\u00e9rieur de Paris, where she won numerous prizes (harmony, counterpoint, fugue and composition).<\/p>\n<p><img decoding=\"async\" class=\"alignright wp-image-116120\" src=\"https:\/\/www.iemj.org\/wp-content\/uploads\/2024\/12\/Capture-portrait-Graciane2-300x278.jpg\" alt=\"\" width=\"228\" height=\"211\" srcset=\"https:\/\/www.iemj.org\/wp-content\/uploads\/2024\/12\/Capture-portrait-Graciane2-300x278.jpg 300w, https:\/\/www.iemj.org\/wp-content\/uploads\/2024\/12\/Capture-portrait-Graciane2.jpg 313w\" sizes=\"(max-width: 228px) 100vw, 228px\" \/><\/p>\n<p>Appointed professor at the CNSM in Paris in 1979, she has composed some 200 works, some of them inspired by Judaism, including <a href=\"https:\/\/www.billaudot.com\/kaddish-46.html\" target=\"_blank\" rel=\"noopener\"><em>Kaddish<\/em><\/a>, <a href=\"https:\/\/www.iemj.org\/kol-nidre-huit-visions\/\" target=\"_blank\" rel=\"noopener\"><em>Cr\u00e9puscule du Kol Nidr\u00e9<\/em><\/a> and <em>Les enfants de l&#8217;esp\u00e9rance<\/em>.<\/p>\n<p>Her body of work, performed throughout the world, has won numerous awards: Prix Georges Enesco, Prix Sacem, Prix SACD, Prix Florent Schmitt&#8230;<\/p>\n<p>In 2020, Graciane Finzi was named Chevalier des Arts et Lettres by the French Minister of Culture.<\/p>\n<p><a href=\"https:\/\/graciane-finzi.fr\/\" target=\"_blank\" rel=\"noopener\">More about Graciane Finzi<\/a>.<\/p>\n<p><img decoding=\"async\" class=\"wp-image-116037 alignleft\" src=\"https:\/\/www.iemj.org\/wp-content\/uploads\/2024\/12\/P.Haddad-e1733408672568.jpg\" alt=\"\" width=\"188\" height=\"196\" srcset=\"https:\/\/www.iemj.org\/wp-content\/uploads\/2024\/12\/P.Haddad-e1733408672568.jpg 301w, https:\/\/www.iemj.org\/wp-content\/uploads\/2024\/12\/P.Haddad-e1733408672568-288x300.jpg 288w\" sizes=\"(max-width: 188px) 100vw, 188px\" \/><\/p>\n<p><strong>Philippe Haddad<\/strong>, graduate of the S\u00e9minaire Isra\u00e9lite de France, is rabbi of the rue Copernic synagogue of the Union lib\u00e9rale isra\u00e9lite de France (ULIF). He has been rabbi in N\u00eemes, Paris (rue Fondary) and Les Ulis in the Vall\u00e9e de Chevreuse, as well as youth chaplain for the Consistoire de Paris. He has also taught at the Beth Halimoud of the Paris Community Center, at the MJLF, and now teaches at the Coll\u00e8ge des Bernardins in Paris. The author of several books on Judaism and interfaith dialogue, he is a member of the J.E.M. (Judaism in Movement) movement.<\/p>\n<p><a href=\"https:\/\/judaismeenmouvement.org\/les-femmes-et-hommes\/philippe-haddad\/\" target=\"_blank\" rel=\"noopener\">More about Philippe Haddad<\/a><\/p>\n\n\n<div class=\"wp-block-buttons is-layout-flex wp-block-buttons-is-layout-flex\">\n<div class=\"wp-block-button\"><a class=\"wp-block-button__link has-white-color has-text-color has-background has-link-color wp-element-button\" href=\"https:\/\/www.iemj.org\/en\/product\/finzi-les-enfants-de-lesperance-pour-voix-et-piano\/\" style=\"background-color:#3c4b98\" target=\"_blank\" rel=\"noreferrer noopener\"><strong>Browse and order the score Les enfants de l&#8217;esp\u00e9rance <\/strong>(print or digital version)<strong> on the IEMJ store<\/strong><\/a><\/div>\n<\/div>\n\n\n\n<p><\/p>\n","protected":false},"excerpt":{"rendered":"<p>\u2666\u2666\u2666\u2666\u2666\u2666<\/p>\n","protected":false},"author":5,"featured_media":116016,"comment_status":"closed","ping_status":"closed","sticky":false,"template":"","format":"standard","meta":{"_acf_changed":false,"footnotes":""},"categories":[1389,1395],"tags":[],"technique":[],"squelettes":[],"sujet":[],"formation":[],"genre":[],"fonds":[],"tradition":[],"type-de-contenu":[],"interprete-compositeur":[],"frise":[],"type-devenement":[],"tableaux-liens-externes":[],"class_list":["post-116129","post","type-post","status-publish","format-standard","has-post-thumbnail","hentry","category-publications-en","category-sheet-music-eijm-en"],"acf":[],"yoast_head":"<!-- This site is optimized with the Yoast SEO plugin v27.3 - https:\/\/yoast.com\/product\/yoast-seo-wordpress\/ -->\n<title>Les enfants de l&#039;esp\u00e9rance, a score by Graciane Finzi - Institut Europ\u00e9en des Musiques Juives<\/title>\n<meta name=\"robots\" content=\"index, follow, max-snippet:-1, max-image-preview:large, max-video-preview:-1\" \/>\n<link rel=\"canonical\" href=\"https:\/\/www.iemj.org\/en\/les-enfants-de-lesperance-une-partition-de-graciane-finzi-sur-un-texte-du-rabbin-philippe-haddad\/\" \/>\n<meta property=\"og:locale\" content=\"en_US\" \/>\n<meta property=\"og:type\" content=\"article\" \/>\n<meta property=\"og:title\" content=\"Les enfants de l&#039;esp\u00e9rance, a score by Graciane Finzi - Institut Europ\u00e9en des Musiques Juives\" \/>\n<meta property=\"og:description\" content=\"\u2666\u2666\u2666\u2666\u2666\u2666\" \/>\n<meta property=\"og:url\" content=\"https:\/\/www.iemj.org\/en\/les-enfants-de-lesperance-une-partition-de-graciane-finzi-sur-un-texte-du-rabbin-philippe-haddad\/\" \/>\n<meta property=\"og:site_name\" content=\"Institut Europ\u00e9en des Musiques Juives\" \/>\n<meta property=\"article:publisher\" content=\"https:\/\/www.facebook.com\/MusiquesJuives\/\" \/>\n<meta property=\"article:published_time\" content=\"2024-12-05T15:17:32+00:00\" \/>\n<meta property=\"article:modified_time\" content=\"2024-12-06T11:26:52+00:00\" \/>\n<meta property=\"og:image\" content=\"https:\/\/www.iemj.org\/wp-content\/uploads\/2024\/12\/Logo-Publi-part-G.-Finzi.jpg\" \/>\n\t<meta property=\"og:image:width\" content=\"500\" \/>\n\t<meta property=\"og:image:height\" content=\"500\" \/>\n\t<meta property=\"og:image:type\" content=\"image\/jpeg\" \/>\n<meta name=\"author\" content=\"Jacqueline ROTEN\" \/>\n<meta name=\"twitter:card\" content=\"summary_large_image\" \/>\n<meta name=\"twitter:label1\" content=\"Written by\" \/>\n\t<meta name=\"twitter:data1\" content=\"Jacqueline ROTEN\" \/>\n\t<meta name=\"twitter:label2\" content=\"Est. reading time\" \/>\n\t<meta name=\"twitter:data2\" content=\"2 minutes\" \/>\n<script type=\"application\/ld+json\" class=\"yoast-schema-graph\">{\"@context\":\"https:\\\/\\\/schema.org\",\"@graph\":[{\"@type\":\"Article\",\"@id\":\"https:\\\/\\\/www.iemj.org\\\/en\\\/les-enfants-de-lesperance-une-partition-de-graciane-finzi-sur-un-texte-du-rabbin-philippe-haddad\\\/#article\",\"isPartOf\":{\"@id\":\"https:\\\/\\\/www.iemj.org\\\/en\\\/les-enfants-de-lesperance-une-partition-de-graciane-finzi-sur-un-texte-du-rabbin-philippe-haddad\\\/\"},\"author\":{\"name\":\"Jacqueline ROTEN\",\"@id\":\"https:\\\/\\\/www.iemj.org\\\/en\\\/#\\\/schema\\\/person\\\/358e26c18aca017fcc4cc15437f7279c\"},\"headline\":\"Les enfants de l&#8217;esp\u00e9rance, a score by Graciane Finzi\",\"datePublished\":\"2024-12-05T15:17:32+00:00\",\"dateModified\":\"2024-12-06T11:26:52+00:00\",\"mainEntityOfPage\":{\"@id\":\"https:\\\/\\\/www.iemj.org\\\/en\\\/les-enfants-de-lesperance-une-partition-de-graciane-finzi-sur-un-texte-du-rabbin-philippe-haddad\\\/\"},\"wordCount\":296,\"publisher\":{\"@id\":\"https:\\\/\\\/www.iemj.org\\\/en\\\/#organization\"},\"image\":{\"@id\":\"https:\\\/\\\/www.iemj.org\\\/en\\\/les-enfants-de-lesperance-une-partition-de-graciane-finzi-sur-un-texte-du-rabbin-philippe-haddad\\\/#primaryimage\"},\"thumbnailUrl\":\"https:\\\/\\\/www.iemj.org\\\/wp-content\\\/uploads\\\/2024\\\/12\\\/Logo-Publi-part-G.-Finzi.jpg\",\"articleSection\":[\"Publications\",\"Sheet Music EIJM\"],\"inLanguage\":\"en-US\"},{\"@type\":\"WebPage\",\"@id\":\"https:\\\/\\\/www.iemj.org\\\/en\\\/les-enfants-de-lesperance-une-partition-de-graciane-finzi-sur-un-texte-du-rabbin-philippe-haddad\\\/\",\"url\":\"https:\\\/\\\/www.iemj.org\\\/en\\\/les-enfants-de-lesperance-une-partition-de-graciane-finzi-sur-un-texte-du-rabbin-philippe-haddad\\\/\",\"name\":\"Les enfants de l'esp\u00e9rance, a score by Graciane Finzi - Institut Europ\u00e9en des Musiques Juives\",\"isPartOf\":{\"@id\":\"https:\\\/\\\/www.iemj.org\\\/en\\\/#website\"},\"primaryImageOfPage\":{\"@id\":\"https:\\\/\\\/www.iemj.org\\\/en\\\/les-enfants-de-lesperance-une-partition-de-graciane-finzi-sur-un-texte-du-rabbin-philippe-haddad\\\/#primaryimage\"},\"image\":{\"@id\":\"https:\\\/\\\/www.iemj.org\\\/en\\\/les-enfants-de-lesperance-une-partition-de-graciane-finzi-sur-un-texte-du-rabbin-philippe-haddad\\\/#primaryimage\"},\"thumbnailUrl\":\"https:\\\/\\\/www.iemj.org\\\/wp-content\\\/uploads\\\/2024\\\/12\\\/Logo-Publi-part-G.-Finzi.jpg\",\"datePublished\":\"2024-12-05T15:17:32+00:00\",\"dateModified\":\"2024-12-06T11:26:52+00:00\",\"breadcrumb\":{\"@id\":\"https:\\\/\\\/www.iemj.org\\\/en\\\/les-enfants-de-lesperance-une-partition-de-graciane-finzi-sur-un-texte-du-rabbin-philippe-haddad\\\/#breadcrumb\"},\"inLanguage\":\"en-US\",\"potentialAction\":[{\"@type\":\"ReadAction\",\"target\":[\"https:\\\/\\\/www.iemj.org\\\/en\\\/les-enfants-de-lesperance-une-partition-de-graciane-finzi-sur-un-texte-du-rabbin-philippe-haddad\\\/\"]}]},{\"@type\":\"ImageObject\",\"inLanguage\":\"en-US\",\"@id\":\"https:\\\/\\\/www.iemj.org\\\/en\\\/les-enfants-de-lesperance-une-partition-de-graciane-finzi-sur-un-texte-du-rabbin-philippe-haddad\\\/#primaryimage\",\"url\":\"https:\\\/\\\/www.iemj.org\\\/wp-content\\\/uploads\\\/2024\\\/12\\\/Logo-Publi-part-G.-Finzi.jpg\",\"contentUrl\":\"https:\\\/\\\/www.iemj.org\\\/wp-content\\\/uploads\\\/2024\\\/12\\\/Logo-Publi-part-G.-Finzi.jpg\",\"width\":500,\"height\":500},{\"@type\":\"BreadcrumbList\",\"@id\":\"https:\\\/\\\/www.iemj.org\\\/en\\\/les-enfants-de-lesperance-une-partition-de-graciane-finzi-sur-un-texte-du-rabbin-philippe-haddad\\\/#breadcrumb\",\"itemListElement\":[{\"@type\":\"ListItem\",\"position\":1,\"name\":\"Accueil\",\"item\":\"https:\\\/\\\/www.iemj.org\\\/en\\\/\"},{\"@type\":\"ListItem\",\"position\":2,\"name\":\"Les enfants de l&#8217;esp\u00e9rance, a score by Graciane Finzi\"}]},{\"@type\":\"WebSite\",\"@id\":\"https:\\\/\\\/www.iemj.org\\\/en\\\/#website\",\"url\":\"https:\\\/\\\/www.iemj.org\\\/en\\\/\",\"name\":\"Institut Europ\u00e9en des Musiques Juives\",\"description\":\"Des traditions musicales \u00e0 la port\u00e9e de tous\",\"publisher\":{\"@id\":\"https:\\\/\\\/www.iemj.org\\\/en\\\/#organization\"},\"potentialAction\":[{\"@type\":\"SearchAction\",\"target\":{\"@type\":\"EntryPoint\",\"urlTemplate\":\"https:\\\/\\\/www.iemj.org\\\/en\\\/?s={search_term_string}\"},\"query-input\":{\"@type\":\"PropertyValueSpecification\",\"valueRequired\":true,\"valueName\":\"search_term_string\"}}],\"inLanguage\":\"en-US\"},{\"@type\":\"Organization\",\"@id\":\"https:\\\/\\\/www.iemj.org\\\/en\\\/#organization\",\"name\":\"Institut Europ\u00e9en des Musiques Juives\",\"url\":\"https:\\\/\\\/www.iemj.org\\\/en\\\/\",\"logo\":{\"@type\":\"ImageObject\",\"inLanguage\":\"en-US\",\"@id\":\"https:\\\/\\\/www.iemj.org\\\/en\\\/#\\\/schema\\\/logo\\\/image\\\/\",\"url\":\"https:\\\/\\\/www.iemj.org\\\/wp-content\\\/uploads\\\/2021\\\/09\\\/Logo-IEMJ-Paypal.jpg\",\"contentUrl\":\"https:\\\/\\\/www.iemj.org\\\/wp-content\\\/uploads\\\/2021\\\/09\\\/Logo-IEMJ-Paypal.jpg\",\"width\":150,\"height\":50,\"caption\":\"Institut Europ\u00e9en des Musiques Juives\"},\"image\":{\"@id\":\"https:\\\/\\\/www.iemj.org\\\/en\\\/#\\\/schema\\\/logo\\\/image\\\/\"},\"sameAs\":[\"https:\\\/\\\/www.facebook.com\\\/MusiquesJuives\\\/\",\"https:\\\/\\\/www.instagram.com\\\/musiquesjuives\\\/\",\"https:\\\/\\\/www.youtube.com\\\/user\\\/musiquesjuives\"]},{\"@type\":\"Person\",\"@id\":\"https:\\\/\\\/www.iemj.org\\\/en\\\/#\\\/schema\\\/person\\\/358e26c18aca017fcc4cc15437f7279c\",\"name\":\"Jacqueline ROTEN\",\"image\":{\"@type\":\"ImageObject\",\"inLanguage\":\"en-US\",\"@id\":\"https:\\\/\\\/secure.gravatar.com\\\/avatar\\\/5964256d6c6957de3a3505278957e0fb2a35119ac47ea41827a65301213c810b?s=96&d=mm&r=g\",\"url\":\"https:\\\/\\\/secure.gravatar.com\\\/avatar\\\/5964256d6c6957de3a3505278957e0fb2a35119ac47ea41827a65301213c810b?s=96&d=mm&r=g\",\"contentUrl\":\"https:\\\/\\\/secure.gravatar.com\\\/avatar\\\/5964256d6c6957de3a3505278957e0fb2a35119ac47ea41827a65301213c810b?s=96&d=mm&r=g\",\"caption\":\"Jacqueline ROTEN\"}}]}<\/script>\n<!-- \/ Yoast SEO plugin. -->","yoast_head_json":{"title":"Les enfants de l'esp\u00e9rance, a score by Graciane Finzi - Institut Europ\u00e9en des Musiques Juives","robots":{"index":"index","follow":"follow","max-snippet":"max-snippet:-1","max-image-preview":"max-image-preview:large","max-video-preview":"max-video-preview:-1"},"canonical":"https:\/\/www.iemj.org\/en\/les-enfants-de-lesperance-une-partition-de-graciane-finzi-sur-un-texte-du-rabbin-philippe-haddad\/","og_locale":"en_US","og_type":"article","og_title":"Les enfants de l'esp\u00e9rance, a score by Graciane Finzi - Institut Europ\u00e9en des Musiques Juives","og_description":"\u2666\u2666\u2666\u2666\u2666\u2666","og_url":"https:\/\/www.iemj.org\/en\/les-enfants-de-lesperance-une-partition-de-graciane-finzi-sur-un-texte-du-rabbin-philippe-haddad\/","og_site_name":"Institut Europ\u00e9en des Musiques Juives","article_publisher":"https:\/\/www.facebook.com\/MusiquesJuives\/","article_published_time":"2024-12-05T15:17:32+00:00","article_modified_time":"2024-12-06T11:26:52+00:00","og_image":[{"width":500,"height":500,"url":"https:\/\/www.iemj.org\/wp-content\/uploads\/2024\/12\/Logo-Publi-part-G.-Finzi.jpg","type":"image\/jpeg"}],"author":"Jacqueline ROTEN","twitter_card":"summary_large_image","twitter_misc":{"Written by":"Jacqueline ROTEN","Est. reading time":"2 minutes"},"schema":{"@context":"https:\/\/schema.org","@graph":[{"@type":"Article","@id":"https:\/\/www.iemj.org\/en\/les-enfants-de-lesperance-une-partition-de-graciane-finzi-sur-un-texte-du-rabbin-philippe-haddad\/#article","isPartOf":{"@id":"https:\/\/www.iemj.org\/en\/les-enfants-de-lesperance-une-partition-de-graciane-finzi-sur-un-texte-du-rabbin-philippe-haddad\/"},"author":{"name":"Jacqueline ROTEN","@id":"https:\/\/www.iemj.org\/en\/#\/schema\/person\/358e26c18aca017fcc4cc15437f7279c"},"headline":"Les enfants de l&#8217;esp\u00e9rance, a score by Graciane Finzi","datePublished":"2024-12-05T15:17:32+00:00","dateModified":"2024-12-06T11:26:52+00:00","mainEntityOfPage":{"@id":"https:\/\/www.iemj.org\/en\/les-enfants-de-lesperance-une-partition-de-graciane-finzi-sur-un-texte-du-rabbin-philippe-haddad\/"},"wordCount":296,"publisher":{"@id":"https:\/\/www.iemj.org\/en\/#organization"},"image":{"@id":"https:\/\/www.iemj.org\/en\/les-enfants-de-lesperance-une-partition-de-graciane-finzi-sur-un-texte-du-rabbin-philippe-haddad\/#primaryimage"},"thumbnailUrl":"https:\/\/www.iemj.org\/wp-content\/uploads\/2024\/12\/Logo-Publi-part-G.-Finzi.jpg","articleSection":["Publications","Sheet Music EIJM"],"inLanguage":"en-US"},{"@type":"WebPage","@id":"https:\/\/www.iemj.org\/en\/les-enfants-de-lesperance-une-partition-de-graciane-finzi-sur-un-texte-du-rabbin-philippe-haddad\/","url":"https:\/\/www.iemj.org\/en\/les-enfants-de-lesperance-une-partition-de-graciane-finzi-sur-un-texte-du-rabbin-philippe-haddad\/","name":"Les enfants de l'esp\u00e9rance, a score by Graciane Finzi - Institut Europ\u00e9en des Musiques Juives","isPartOf":{"@id":"https:\/\/www.iemj.org\/en\/#website"},"primaryImageOfPage":{"@id":"https:\/\/www.iemj.org\/en\/les-enfants-de-lesperance-une-partition-de-graciane-finzi-sur-un-texte-du-rabbin-philippe-haddad\/#primaryimage"},"image":{"@id":"https:\/\/www.iemj.org\/en\/les-enfants-de-lesperance-une-partition-de-graciane-finzi-sur-un-texte-du-rabbin-philippe-haddad\/#primaryimage"},"thumbnailUrl":"https:\/\/www.iemj.org\/wp-content\/uploads\/2024\/12\/Logo-Publi-part-G.-Finzi.jpg","datePublished":"2024-12-05T15:17:32+00:00","dateModified":"2024-12-06T11:26:52+00:00","breadcrumb":{"@id":"https:\/\/www.iemj.org\/en\/les-enfants-de-lesperance-une-partition-de-graciane-finzi-sur-un-texte-du-rabbin-philippe-haddad\/#breadcrumb"},"inLanguage":"en-US","potentialAction":[{"@type":"ReadAction","target":["https:\/\/www.iemj.org\/en\/les-enfants-de-lesperance-une-partition-de-graciane-finzi-sur-un-texte-du-rabbin-philippe-haddad\/"]}]},{"@type":"ImageObject","inLanguage":"en-US","@id":"https:\/\/www.iemj.org\/en\/les-enfants-de-lesperance-une-partition-de-graciane-finzi-sur-un-texte-du-rabbin-philippe-haddad\/#primaryimage","url":"https:\/\/www.iemj.org\/wp-content\/uploads\/2024\/12\/Logo-Publi-part-G.-Finzi.jpg","contentUrl":"https:\/\/www.iemj.org\/wp-content\/uploads\/2024\/12\/Logo-Publi-part-G.-Finzi.jpg","width":500,"height":500},{"@type":"BreadcrumbList","@id":"https:\/\/www.iemj.org\/en\/les-enfants-de-lesperance-une-partition-de-graciane-finzi-sur-un-texte-du-rabbin-philippe-haddad\/#breadcrumb","itemListElement":[{"@type":"ListItem","position":1,"name":"Accueil","item":"https:\/\/www.iemj.org\/en\/"},{"@type":"ListItem","position":2,"name":"Les enfants de l&#8217;esp\u00e9rance, a score by Graciane Finzi"}]},{"@type":"WebSite","@id":"https:\/\/www.iemj.org\/en\/#website","url":"https:\/\/www.iemj.org\/en\/","name":"Institut Europ\u00e9en des Musiques Juives","description":"Des traditions musicales \u00e0 la port\u00e9e de tous","publisher":{"@id":"https:\/\/www.iemj.org\/en\/#organization"},"potentialAction":[{"@type":"SearchAction","target":{"@type":"EntryPoint","urlTemplate":"https:\/\/www.iemj.org\/en\/?s={search_term_string}"},"query-input":{"@type":"PropertyValueSpecification","valueRequired":true,"valueName":"search_term_string"}}],"inLanguage":"en-US"},{"@type":"Organization","@id":"https:\/\/www.iemj.org\/en\/#organization","name":"Institut Europ\u00e9en des Musiques Juives","url":"https:\/\/www.iemj.org\/en\/","logo":{"@type":"ImageObject","inLanguage":"en-US","@id":"https:\/\/www.iemj.org\/en\/#\/schema\/logo\/image\/","url":"https:\/\/www.iemj.org\/wp-content\/uploads\/2021\/09\/Logo-IEMJ-Paypal.jpg","contentUrl":"https:\/\/www.iemj.org\/wp-content\/uploads\/2021\/09\/Logo-IEMJ-Paypal.jpg","width":150,"height":50,"caption":"Institut Europ\u00e9en des Musiques Juives"},"image":{"@id":"https:\/\/www.iemj.org\/en\/#\/schema\/logo\/image\/"},"sameAs":["https:\/\/www.facebook.com\/MusiquesJuives\/","https:\/\/www.instagram.com\/musiquesjuives\/","https:\/\/www.youtube.com\/user\/musiquesjuives"]},{"@type":"Person","@id":"https:\/\/www.iemj.org\/en\/#\/schema\/person\/358e26c18aca017fcc4cc15437f7279c","name":"Jacqueline ROTEN","image":{"@type":"ImageObject","inLanguage":"en-US","@id":"https:\/\/secure.gravatar.com\/avatar\/5964256d6c6957de3a3505278957e0fb2a35119ac47ea41827a65301213c810b?s=96&d=mm&r=g","url":"https:\/\/secure.gravatar.com\/avatar\/5964256d6c6957de3a3505278957e0fb2a35119ac47ea41827a65301213c810b?s=96&d=mm&r=g","contentUrl":"https:\/\/secure.gravatar.com\/avatar\/5964256d6c6957de3a3505278957e0fb2a35119ac47ea41827a65301213c810b?s=96&d=mm&r=g","caption":"Jacqueline ROTEN"}}]}},"_links":{"self":[{"href":"https:\/\/www.iemj.org\/en\/wp-json\/wp\/v2\/posts\/116129","targetHints":{"allow":["GET"]}}],"collection":[{"href":"https:\/\/www.iemj.org\/en\/wp-json\/wp\/v2\/posts"}],"about":[{"href":"https:\/\/www.iemj.org\/en\/wp-json\/wp\/v2\/types\/post"}],"author":[{"embeddable":true,"href":"https:\/\/www.iemj.org\/en\/wp-json\/wp\/v2\/users\/5"}],"replies":[{"embeddable":true,"href":"https:\/\/www.iemj.org\/en\/wp-json\/wp\/v2\/comments?post=116129"}],"version-history":[{"count":0,"href":"https:\/\/www.iemj.org\/en\/wp-json\/wp\/v2\/posts\/116129\/revisions"}],"wp:featuredmedia":[{"embeddable":true,"href":"https:\/\/www.iemj.org\/en\/wp-json\/wp\/v2\/media\/116016"}],"wp:attachment":[{"href":"https:\/\/www.iemj.org\/en\/wp-json\/wp\/v2\/media?parent=116129"}],"wp:term":[{"taxonomy":"category","embeddable":true,"href":"https:\/\/www.iemj.org\/en\/wp-json\/wp\/v2\/categories?post=116129"},{"taxonomy":"post_tag","embeddable":true,"href":"https:\/\/www.iemj.org\/en\/wp-json\/wp\/v2\/tags?post=116129"},{"taxonomy":"technique","embeddable":true,"href":"https:\/\/www.iemj.org\/en\/wp-json\/wp\/v2\/technique?post=116129"},{"taxonomy":"squelettes","embeddable":true,"href":"https:\/\/www.iemj.org\/en\/wp-json\/wp\/v2\/squelettes?post=116129"},{"taxonomy":"sujet","embeddable":true,"href":"https:\/\/www.iemj.org\/en\/wp-json\/wp\/v2\/sujet?post=116129"},{"taxonomy":"formation","embeddable":true,"href":"https:\/\/www.iemj.org\/en\/wp-json\/wp\/v2\/formation?post=116129"},{"taxonomy":"genre","embeddable":true,"href":"https:\/\/www.iemj.org\/en\/wp-json\/wp\/v2\/genre?post=116129"},{"taxonomy":"fonds","embeddable":true,"href":"https:\/\/www.iemj.org\/en\/wp-json\/wp\/v2\/fonds?post=116129"},{"taxonomy":"tradition","embeddable":true,"href":"https:\/\/www.iemj.org\/en\/wp-json\/wp\/v2\/tradition?post=116129"},{"taxonomy":"type-de-contenu","embeddable":true,"href":"https:\/\/www.iemj.org\/en\/wp-json\/wp\/v2\/type-de-contenu?post=116129"},{"taxonomy":"interprete-compositeur","embeddable":true,"href":"https:\/\/www.iemj.org\/en\/wp-json\/wp\/v2\/interprete-compositeur?post=116129"},{"taxonomy":"frise","embeddable":true,"href":"https:\/\/www.iemj.org\/en\/wp-json\/wp\/v2\/frise?post=116129"},{"taxonomy":"type-devenement","embeddable":true,"href":"https:\/\/www.iemj.org\/en\/wp-json\/wp\/v2\/type-devenement?post=116129"},{"taxonomy":"tableaux-liens-externes","embeddable":true,"href":"https:\/\/www.iemj.org\/en\/wp-json\/wp\/v2\/tableaux-liens-externes?post=116129"}],"curies":[{"name":"wp","href":"https:\/\/api.w.org\/{rel}","templated":true}]}}