{"id":118160,"date":"2025-02-27T17:57:14","date_gmt":"2025-02-27T16:57:14","guid":{"rendered":"https:\/\/www.iemj.org\/leopold-kleinman-kozlowski-1918-2019-le-dernier-musicien-klezmer-de-galicie-et-son-oeuvre\/"},"modified":"2025-03-04T16:59:03","modified_gmt":"2025-03-04T15:59:03","slug":"leopold-kleinman-kozlowski-1918-2019-le-dernier-musicien-klezmer-de-galicie-et-son-oeuvre","status":"publish","type":"post","link":"https:\/\/www.iemj.org\/en\/leopold-kleinman-kozlowski-1918-2019-le-dernier-musicien-klezmer-de-galicie-et-son-oeuvre\/","title":{"rendered":"Leopold Kleinman-Koz\u0142owski (1918-2019) &#8211; The last klezmer of Galicia"},"content":{"rendered":"<p><!--more-->On 13 June 2024, Leopold Kleinman-Koz\u0142owski\u2019s music collection was donated to the Musicology Institute of the Jagiellonian University. It was gifted to the Library and Sound Library of the Musicology Institute by Marta Koz\u0142owska-Wo\u017aniak, the daughter of the last klezmer of Galicia. This collection contains 621 documents, including numerous handwritten scores, song lyrics, and audio and video recordings.<\/p>\n<p>Leopold Kleinman-Koz\u0142owski was born on 26 November 1918, in Przemy\u015blany, then a town of the Lvov district of the Second Polish Republic, today located in Ukraine. He was a grandson of Peysach Brandwein, the father of 14 children, 12 of whom were members of his klezmer ensemble. His most famous son was <a href=\"https:\/\/www.iemj.org\/en\/brandwein-naftule-1889-1963\/\" target=\"_blank\" rel=\"noopener\">Naftule Brandwein<\/a>, a clarinetist who became famous in America. However, it was Herman Kleinman, Leopold\u2019s father, who suceeded Peysach Brandwein as the leader of the local klezmer band. As a violinist, Herman Kleinman was the leader of Przemy\u015blany\u2019s klezmer <em>kapelye<\/em>. He played with Sale Sekler (second violinist), Dudziu Brandwein (bass), Antschel Klarnetist (clarinetist), Shie Tsimbler (dulcimer player), and Hershele Dudlsack (drummer and dancer). Among the band\u2019s members, only Herman Kleinman and Sale Sekler, Herman\u2019s brother-in-law, could read music, while the rest had no formal music education. Everyone also worked in other professions: Herman and Sale were barbers, Antschel and Shie &#8211; tailors, only \u201cDudzio\u201d Brandwein earned his living through music, running his own dance school in Przemy\u015blany. The band\u2019s rehearsals took place in Herman Kleinman\u2018s house, where young Leopold would listen in.<\/p>\n<figure id=\"attachment_118127\" aria-describedby=\"caption-attachment-118127\" style=\"width: 300px\" class=\"wp-caption alignright\"><img fetchpriority=\"high\" decoding=\"async\" class=\"wp-image-118127 size-medium\" src=\"https:\/\/www.iemj.org\/wp-content\/uploads\/2025\/02\/Image1-300x224.jpg\" alt=\"\" width=\"300\" height=\"224\" srcset=\"https:\/\/www.iemj.org\/wp-content\/uploads\/2025\/02\/Image1-300x224.jpg 300w, https:\/\/www.iemj.org\/wp-content\/uploads\/2025\/02\/Image1.jpg 396w\" sizes=\"(max-width: 300px) 100vw, 300px\" \/><figcaption id=\"caption-attachment-118127\" class=\"wp-caption-text\"><strong>Adolf, Leopold and Herman Kleinman (ca. 1930) Source: Yale Strom, The Book of Klezmer, A Cappella Books 2002.<\/strong><\/figcaption><\/figure>\n<p>In his childhood, Leopold was enchanted by the sound of the dulcimer, so he took some lessons from Shie Tsimbler at his tailor shop. At the age of 6, he began his proper piano lessons. His first teacher was a Ukrainian woman from Przemy\u015blany, Mrs. Hawronowa. The tuition took place at her home, which was probably the only place at that time where he could also practice playing the piano. He only got his own instrument in 1937, one year after his father\u2019s return from the three-year economic emigration in Argentina. According to his autobiography, also in 1937, he started piano classes with Professor Tadeusz Majerski at the Polish Music Society Conservatoire in Lvov.<\/p>\n<p>As a teenager he got to know all the different types of music around him. He had a chance to listen to the music of a Gypsy community which temporarily settled in his hometown. He used to wander to their camp instead of heading to school. Later, as a result of a short romance with a Ukrainian housekeeper, Leopold became interested in Ukrainian folk songs. He also enjoyed listening to the radio and the popular repertoire broadcast there. In the summer, he played it solo to people relaxing in the Galician meadows. He also used to play popular hits with his friends in the school band. In 1937, his father invited him to perform with his klezmer band at weddings. As an accordionist he was supposed to replace the dulcimer player, Shie Tsimbler, who had just retired. By then, he had some melodies written down on paper sheets. He also performed patriotic repertoire with his father and brother during official celebrations of Polish national holidays<\/p>\n<p><img decoding=\"async\" class=\"wp-image-118178 size-medium alignleft\" src=\"https:\/\/www.iemj.org\/wp-content\/uploads\/2025\/02\/Image5-1-300x203.jpg\" alt=\"\" width=\"300\" height=\"203\" srcset=\"https:\/\/www.iemj.org\/wp-content\/uploads\/2025\/02\/Image5-1-300x203.jpg 300w, https:\/\/www.iemj.org\/wp-content\/uploads\/2025\/02\/Image5-1.jpg 499w\" sizes=\"(max-width: 300px) 100vw, 300px\" \/><\/p>\n<p>Thanks to these musical pursuits, Leopold Koz\u0142owski developed a good grasp of the music played at that time in Galicia, the region inhabited by a multiethnic, multireligious and multicultural society. Ironically, it seems that the traditional repertoire of his father\u2019s <em>kapelye<\/em> was the one that aroused the least interest in this young man. But this is no surprise, as the Galician Jews of that period were not keen on it. Koz\u0142owski recalled that \u2018[wedding] guests came to Herman Kleinman asking him to play a particular tango or song broadcast by Radio Lvov! That was the real exam for the orchestra! They had to know everything, and if they didn\u2019t, it was enough when the guest hummed a melody which the musicians immediately recognized, they adjusted the pitch and the music was ready to dance to\u2019 (Cygan, p. 58). As Koz\u0142owski explained, \u2018at the beginning [of the wedding party] men and women (\u2026) danced separately\u2019 as traditionally required. However, \u2018soon after, they were dancing together\u2019 (Cygan, p. 58).<\/p>\n<p><img decoding=\"async\" class=\"size-full wp-image-118132 alignleft\" src=\"https:\/\/www.iemj.org\/wp-content\/uploads\/2025\/02\/Image2.jpg\" alt=\"\" width=\"278\" height=\"185\" \/><\/p>\n<p>Describing the dance music that made up the traditional wedding repertoire on the eve of the Second World War, he mentions the titles of popular Yiddish songs from the late 19<sup>th <\/sup>and early 20<sup>th<\/sup> centuries: \u2018Rozhinkes mit mandlen\u2019, \u2018Vu bistu geven?\u2019 or \u2018Di mizinke oysgegebn\u2019\u00a0 \u2013 played at theaters and composed by well-known authors like Abraham Goldfaden, Zusman Segalovich and Mark Warshawski. Thus, the \u201ctraditional\u201d melodies listed by Koz\u0142owski appear to have a contemporary character.<\/p>\n<p>Why is that? As Walter Zev Feldman wrote in his article dedicated to prewar Galician klezmers, their popularity actually decreased as early as the beginning of the 20<sup>th<\/sup> century. The interwar period was just a swan song for klezmer bands. They were then replaced by modern Jewish music societies (Jakubczyk-\u015al\u0119czka 2020), as well as by well-known music composers and performers who were numerous on the Polish popular music scene of that period (Gli\u0144ski 2014; Zimek, Jankowski 2019). In this context, Koz\u0142owski appears to be simply a child of his epoch and \u2013 only and as much as \u2013 one of the last close witnesses of traditional Jewish music life.<\/p>\n<h3><strong>The klezmer of his times<\/strong><\/h3>\n<p>Leopold\u2019s father used to instruct the members of his band by saying: \u2018A klezmer has to be able to play everything. Not for money, but for his own ambition. And for the people who need it\u2019 (Cygan, p. 86). So when Leopold decided to be a musician, he explained this decision by saying that he did it \u2018for these new people, who also needed music\u2019 (Cygan, p. 86). According to his own words, he also \u2018tried to continue the form and content\u2019 of traditional Jewish music (Cygan, p. 152). Therefore, even without memorizing too many old klezmer melodies, he maintained the social function of a klezmer.<\/p>\n<p>\u2018The new people\u2019 he mentioned in his biography were initially the Russians who captured Przemy\u015blany on September 19 , 1939, the 19<sup>th<\/sup> day of the Second World War and just two days after the USSR\u2019s attack on Poland from the east. Playing for them extended his repertoire to include Soviet music. In 1941, the city was taken over by the Germans. Leopold\u2019s father, his younger brother and he himself decided to run away from Przemy\u015blany. Heading east and seeing no hope for improvement of their situation, they decided to return to Leopold\u2019s mother. Unfortunately, in November 1941, the Nazis ordered all Jewish males over 16 to gather in the city center. This was the last time he saw his father.<\/p>\n<figure id=\"attachment_118183\" aria-describedby=\"caption-attachment-118183\" style=\"width: 300px\" class=\"wp-caption alignleft\"><img loading=\"lazy\" decoding=\"async\" class=\"wp-image-118183 size-medium\" src=\"https:\/\/www.iemj.org\/wp-content\/uploads\/2025\/02\/LKK_5_Kozlowski-avec-son-frere-a-Przemyslany-300x223.jpg\" alt=\"\" width=\"300\" height=\"223\" srcset=\"https:\/\/www.iemj.org\/wp-content\/uploads\/2025\/02\/LKK_5_Kozlowski-avec-son-frere-a-Przemyslany-300x223.jpg 300w, https:\/\/www.iemj.org\/wp-content\/uploads\/2025\/02\/LKK_5_Kozlowski-avec-son-frere-a-Przemyslany.jpg 600w\" sizes=\"(max-width: 300px) 100vw, 300px\" \/><figcaption id=\"caption-attachment-118183\" class=\"wp-caption-text\"><strong>Koz\u0142owski with his broter at Przemy\u015blany<\/strong><\/figcaption><\/figure>\n<p>In 1943, Koz\u0142owski was forced to play the accordion in the Nazi labour camp in Jaktor\u00f3w. This saved his family\u2019s life when the Nazis decided to liquidate the ghetto of Przemy\u015blany, as Leopold could request to transfer them to the camp. There, he again played popular music for partying Germans as well as German military marches for prisoners leaving and returning from work outside the camp. He did the same in the next labor camp in Kurowice until the Nazis decided to close it down in July 1943. At that time, Leopold saved his mother, brother, and himself with the help of Polish partisans. He and Dolko joined them in the nearby forests. They hid their mother in the barn of a Ukrainian peasant, but the next day they found her dead. She had been killed by Nazi soldiers sweeping the area. In 1944, Dolko was also killed by the Ukrainian Insurgent Army, which was carrying out ethnic cleansing in Eastern Galicia.<\/p>\n<p>Having lost his loved ones, Leopold was left just with his friends from the 1<sup>st<\/sup> Company of the 44<sup>th<\/sup> Regiment of Infantry. Even after the war, he decided to remain a soldier. Around the turn of 1945 and 1946, he settled in Krak\u00f3w where, in 1947, he set up a military band. He started with a 12-person orchestra and a choir, but he developed these ensembles into a full symphonic orchestra, a 50-person choir, and 8 pairs of ballet dancers who won the Polish Overview of Military Bands in 1953. In 1956, he got a diploma of the Music Academy in Krakow, formally becoming a professional conductor. As an arranger and composer of military music as well as a conductor of military bands, he achieved many successes. Eventually, in 1967, he became the director of the Military Song Festival in Ko\u0142obrzeg. But not for long. March 1968 brought the peak of a political crisis in Poland which eventually led to an antisemitic campaign. The political and social harassment of Polish Jews forced most of them to emigrate. For Leopold, it meant the end of his military career and life in military service.<\/p>\n<p>Despite this adversity, he decided to remain in Poland. In 1969, his friends offered him a job of a consultant for the Song and Dance Ensemble \u2018Rzeszowiacy\u2019 in Mielec. Once again, he did more than he was asked for. He set up a big band in Mielec and then in Krosno. In the 1970s, he started collaborating with the Jewish Theater in Warsaw, for which he prepared an <img loading=\"lazy\" decoding=\"async\" class=\"size-medium wp-image-118137 alignright\" src=\"https:\/\/www.iemj.org\/wp-content\/uploads\/2025\/02\/Image3-300x212.jpg\" alt=\"\" width=\"300\" height=\"212\" srcset=\"https:\/\/www.iemj.org\/wp-content\/uploads\/2025\/02\/Image3-300x212.jpg 300w, https:\/\/www.iemj.org\/wp-content\/uploads\/2025\/02\/Image3.jpg 500w\" sizes=\"(max-width: 300px) 100vw, 300px\" \/>arrangement of the musical \u2018Fiddler on the Roof\u2019 and other musical arrangements for plays performed there. He also worked in the cinema industry. He co-produced music for movies on Jewish-related topics like \u2018Austeria\u2019 (1982) or \u2018Schindler\u2019s List\u2019 (1993), as well as for some films set in Poland. Moreover, at this time, he became famous as a specialist in Romani music. He was the director of the Song and Dance Ensemble \u2018Roma\u2019. They travelled to Western Europe and America, giving numerous performances. Eventually, Koz\u0142owski was noticed by American enthusiasts of the klezmer revival and encouraged to focus on his native heritage. As the political situation in Poland in the 1980s was about to change, he finally could work on Jewish music without disturbances and restrictions.<\/p>\n<h3><strong>What about klezmer repertoire?<\/strong><\/h3>\n<p>Leopold never stopped being a klezmer and he always followed his father\u2019s ideals. Being a typical klezmer, his music accompanied ordinary people in their everyday life events, telling the history of the Jews. In the 1970s, as previously mentioned, he started cooperating with the Jewish Theater in Warsaw. Also, his adaptation of \u2018Fiddler on the Roof\u2019 had been staged since the 1980s in Music Theater in Gdynia, Wroc\u0142aw Operetta, Krakow Operetta, Great Theater in Warsaw, Entertainment Theater in Chorz\u00f3w ,as well as in Wroc\u0142aw in Hala Stulecia (a production made in cooperation with Wroc\u0142aw Opera House).<\/p>\n<p><img loading=\"lazy\" decoding=\"async\" class=\"size-medium wp-image-118142 alignleft\" src=\"https:\/\/www.iemj.org\/wp-content\/uploads\/2025\/02\/Image4-300x166.jpg\" alt=\"\" width=\"300\" height=\"166\" srcset=\"https:\/\/www.iemj.org\/wp-content\/uploads\/2025\/02\/Image4-300x166.jpg 300w, https:\/\/www.iemj.org\/wp-content\/uploads\/2025\/02\/Image4.jpg 542w\" sizes=\"(max-width: 300px) 100vw, 300px\" \/><\/p>\n<p>A spontaneous performance at the Hotel \u2018Alef\u2019 located in Krakow\u2019s Kazimierz (a prewar Jewish district), turned out to be a turning point in his life after 1989. In 1994, he accompanied Jacek Cygan on the piano for some Jewish songs translated by the latter into Polish. This became the starting point of their future collaboration. Joined by some Polish singers, musicians, and actors, they started staging public performances. Every year, they gave a concert during the Jewish Culture Festival in Krakow. They also recorded two CDs with old and new Yiddish songs arranged or composed by Leopold Koz\u0142owski and translated or written in Polish by his friend, Jacek Cygan (2002).<\/p>\n<p>In their repertoire, there is, among others, the original Koz\u0142owski\u2019s song \u2018Gdy jedna \u0142za\u2019 (\u2019When one tear drops\u2026\u2019) in which he used the rhythm of traditional klezmer hora\/zhok. He brought back songs from the Jewish tradition written by prewar Jewish folk musicians from Poland, like Mordekhai Gebirtig or Nakhum Sternheim, and reinstated them in Polish concert life. There were also many humoristic songs in his repertoire, presenting Jewish life in an easy, approachable way. One of them is the song \u2018Bo on jest klezmer\u2019 (\u2018For he is a klezmer\u2019), which is a confession of a girl who fell in love with a Jewish musician. Unfortunately, he happened to be more interested in playing the clarinet than in her, for which she mocks him by using funny onomatopoeic tricks in her song.<\/p>\n<p><img loading=\"lazy\" decoding=\"async\" class=\"size-medium wp-image-118199 alignright\" src=\"https:\/\/www.iemj.org\/wp-content\/uploads\/2025\/02\/Capture-Dona-Shalom-Secunda-300x228.jpg\" alt=\"\" width=\"300\" height=\"228\" srcset=\"https:\/\/www.iemj.org\/wp-content\/uploads\/2025\/02\/Capture-Dona-Shalom-Secunda-300x228.jpg 300w, https:\/\/www.iemj.org\/wp-content\/uploads\/2025\/02\/Capture-Dona-Shalom-Secunda.jpg 500w\" sizes=\"(max-width: 300px) 100vw, 300px\" \/>As it happens, there are some other songs of this type which seem to go too far trying to be witty, depriving the original songs of their depth and folk wisdom. For example, \u2018Dona dona\u2019 by Sholom Secunda presents a story of a Jewish merchant taking his calf to the market. Their journey becomes an occasion for reflection on the calf\u2019s fate, which is \u2018bound and slaughtered never knowing the reason why\u2019. The song\u2019s original intention was to praise freedom, whereas Jacek Cygan\u2019s translation turns it into a humorous anecdote where the merchant and his animal banter about whose fortune is less favourable.<\/p>\n<p>In Koz\u0142owski\u2019s repertoire, there are also original and important songs, some of them even symbolic. For example, \u2018Ballada o Szmuliku\u2019 (\u2018Ballade about Shmulik\u2019) tells the story of a prewar Jewish shoemaker from Krakow\u2019s Kazimierz who, during Nazi occupation, posed as a blind beggar sitting in front of St. Cathrine\u2019s church and playing Chassidic melodies on the accordion. The song concludes with the words: \u2018Apparently the Lord wanted, seeing so much harm, the Jewish life to be saved at least once by the cross\u2019. Listening to it, former Krak\u00f3w cardinal Franciszek Macharski, is believed to have called it the most ecumenical song he had ever heard (Cygan, 197).<\/p>\n<p>One of the most touching songs by Koz\u0142owski is \u2018Tak jak malowa\u0142 pan Chagall\u2019 (\u2018Just as Mr. Chagall painted it\u2019). Its lyrics were written by Polish poet and singer, Wojciech M\u0142ynarski, who was inspired by the performance he had watched at the Jewish Theater in Warsaw, \u2018Bonjour Monsieur Chagall\u2019 (premiere in 1979, with music arranged by Koz\u0142owski). Impressed by this performance, M\u0142ynarski asked Koz\u0142owski to compose the music for his lyrics. Koz\u0142owski later recalled that he treated this task as his tribute to the Jewish people expelled from Poland during the antisemitic campaign in 1968.<\/p>\n<h3><strong>The chronicler, the visionary, the bellwether<\/strong><\/h3>\n<p>Leopold Koz\u0142owski\u2019s works have never been a subject of academic analyses, neither musicological nor sociological. The historical, social and aesthetic values of his compositions have never been given thought. Koz\u0142owski himself \u2013 as the music icon of postwar Kazimierz \u2013 has never been regarded as a social and cultural idol, and therefore has not been a subject of critical reflection.<\/p>\n<p>It seems that now is the time to \u2018blow out the dust of non-remembrance\u2019 and ask what he wanted to tell us as a chronicler of the recent history of Polish Jews? What may he teach us as a bitterly experienced human and a sensitive artist who probably can \u201csee more\u201d? What could we see if we let him be a bellwether leading us through the newest history of the Polish-Jewish relations?<\/p>\n<p><strong>Bibliography<\/strong><\/p>\n<ul>\n<li>Cygan Jacek, <em>Klezmer: Opowie\u015b\u0107 o \u017cyciu Leopolda Koz\u0142owskiego-Kleinmana<\/em>, Krak\u00f3w-Budapeszt 2009.<\/li>\n<li>Feldman Walter Zev, <em>Remembrance of Things Past: Klezmer Musicians of Galicia, 1870-1940<\/em>, [in:] \u2018Polin. Studies in Polish Jewry: Focusing on Jewish Popular Culture and Its Afterlife\u2019, ed. M. C. Steinlauf, A. Polonsky, 2003 vol. 16, p. 29-58.<\/li>\n<li><a href=\"https:\/\/culture.pl\/pl\/artykul\/polska-piosenka-pochodzenia-zydowskiego\" target=\"_blank\" rel=\"noopener\">Gli\u0144ski Miko\u0142aj, <em>Polska piosenka pochodzenia \u017cydowskiego<\/em>, 2014<\/a>.<\/li>\n<li>Jakubczyk-\u015al\u0119czka Sylwia, <em>Jewish Music Organizations in Interwar Galicia<\/em>, [in:] \u2018Polin. Studies in Polish Jewry: Jews and Music-Making in the Polish Lands\u2019, ed. F. Guesnet, B. Matis, A. Polonsky, 2020 vol. 32, p. 343-370.<\/li>\n<li>Jankowski Tomasz, Zimek Katarzyna, <em>Hebrew Tango in Interwar Poland<\/em>, Warsaw 2019.<\/li>\n<li><em>Ostatni klezmer. Leopold Koz\u0142owski i przyjaciele <\/em>[CD], WFDiF 2017.<\/li>\n<\/ul>\n<p><strong>Reports from the ceremony at the Jagiellonian University.<\/strong><\/p>\n<ul>\n<li><a href=\"https:\/\/www.uj.edu.pl\/wiadomosci\/-\/journal_content\/56_INSTANCE_d82lKZvhit4m\/10172\/156300501\" target=\"_blank\" rel=\"noopener\"><em>Do Instytutu Muzykologii UJ trafi\u0142a Kolekcja Leopolda Koz\u0142owskiego<\/em>, the official website of the Jagiellonian University<\/a><\/li>\n<li><a href=\"https:\/\/krakow.tvp.pl\/78161435\/muzyczna-kolekcja-ostatniego-klezmera-galicji-przekazana-instytutowi-muzykologii-uj\" target=\"_blank\" rel=\"noopener\"><em>Muzyczna kolekcja ostatniego klezmera Galicji przekazana Instytutowi Muzykologii UJ<\/em>, the official website of Krak\u00f3w TV Channel<\/a><\/li>\n<li><a href=\"https:\/\/www.radiokrakow.pl\/aktualnosci\/krakow\/niezwykly-dar-marty-kozlowskiej-wozniak-corki-ostatniego-klezmera-galicji\" target=\"_blank\" rel=\"noopener\"><em>Niezwyk\u0142y dar Marty Koz\u0142owskiej-Wo\u017aniak, c\u00f3rki ostatniego \u201eklezmera Galicji\u201d<\/em>, the official website of Radio Krak\u00f3w<\/a><\/li>\n<li><a href=\"https:\/\/muzykologia.uj.edu.pl\/instytut\/wiadomosci\/-\/journal_content\/56_INSTANCE_SddTLPtJYs3J\/6464892\/156261114\" target=\"_blank\" rel=\"noopener\"><em>Uroczysto\u015b\u0107 przekazania Instytutowi Muzykologii UJ \u201eKolekcji Leopolda Koz\u0142owskiego\u201d \u2013 relacje<\/em>, the official website of the Musicology Institute at the Jagiellonian University<\/a><\/li>\n<\/ul>\n<p style=\"text-align: center;\">&#8212;&#8212;&#8212;&#8212;&#8212;&#8212;&#8212;&#8212;&#8212;&#8212;-<\/p>\n<p><em><a href=\"https:\/\/muzykologia.uj.edu.pl\/instytut\/pracownicy\/-\/journal_content\/56_INSTANCE_Pl4GTGO2JbJS\/6464892\/145407663\" target=\"_blank\" rel=\"noopener\">Sylwia Jakubczyk-\u015al\u0119czka<\/a>\u00a0is a musicologist, faculty member at the Musicology Institute of Jagiellonian University in Krak\u00f3w, Poland. Her primary research interest lies in the musical life of Galician Jews. She is the author of numerous articles on the topic, as well as a monograph on prewar Krakow cantor, Eliezer Goldberg: galicyjski mistrz \u017cydowskiej kompozycji i harmonii (Eliezer Goldberg: Galician Master of the Jewish Composition and Harmony). <\/em><\/p>\n\n\n<div class=\"wp-block-columns are-vertically-aligned-center is-layout-flex wp-container-core-columns-is-layout-9d6595d7 wp-block-columns-is-layout-flex\">\n<div class=\"wp-block-column is-vertically-aligned-center is-layout-flow wp-block-column-is-layout-flow\">\n<figure class=\"wp-block-embed is-type-video is-provider-youtube wp-block-embed-youtube wp-embed-aspect-4-3 wp-has-aspect-ratio\"><div class=\"wp-block-embed__wrapper\">\n<iframe title=\"Ballada o Szmuliku (Live)\" width=\"640\" height=\"480\" src=\"https:\/\/www.youtube.com\/embed\/11VTJnJ3Q6E?feature=oembed\" frameborder=\"0\" allow=\"accelerometer; autoplay; clipboard-write; encrypted-media; gyroscope; picture-in-picture; web-share\" referrerpolicy=\"strict-origin-when-cross-origin\" allowfullscreen><\/iframe>\n<\/div><\/figure>\n<\/div>\n\n\n\n<div class=\"wp-block-column is-vertically-aligned-center is-layout-flow wp-block-column-is-layout-flow\">\n<figure class=\"wp-block-embed is-type-video is-provider-youtube wp-block-embed-youtube wp-embed-aspect-4-3 wp-has-aspect-ratio\"><div class=\"wp-block-embed__wrapper\">\n<iframe title=\"Gdy Jedna \u0141za\" width=\"640\" height=\"480\" src=\"https:\/\/www.youtube.com\/embed\/3l4n57XJ7dQ?feature=oembed\" frameborder=\"0\" allow=\"accelerometer; autoplay; clipboard-write; encrypted-media; gyroscope; picture-in-picture; web-share\" referrerpolicy=\"strict-origin-when-cross-origin\" allowfullscreen><\/iframe>\n<\/div><\/figure>\n<\/div>\n<\/div>\n\n\n\n<p><\/p>\n","protected":false},"excerpt":{"rendered":"","protected":false},"author":5,"featured_media":118122,"comment_status":"closed","ping_status":"closed","sticky":false,"template":"","format":"standard","meta":{"_acf_changed":false,"footnotes":""},"categories":[950],"tags":[4030],"technique":[],"squelettes":[],"sujet":[],"formation":[],"genre":[1113],"fonds":[],"tradition":[],"type-de-contenu":[],"interprete-compositeur":[],"frise":[],"type-devenement":[],"tableaux-liens-externes":[],"class_list":["post-118160","post","type-post","status-publish","format-standard","has-post-thumbnail","hentry","category-feature-articles-en","tag-poland","genre-klezmer-en"],"acf":[],"yoast_head":"<!-- This site is optimized with the Yoast SEO plugin v27.3 - https:\/\/yoast.com\/product\/yoast-seo-wordpress\/ -->\n<title>Leopold Kleinman-Koz\u0142owski (1918-2019) - The last klezmer of Galicia - Institut Europ\u00e9en des Musiques Juives<\/title>\n<meta name=\"robots\" content=\"index, follow, max-snippet:-1, max-image-preview:large, max-video-preview:-1\" \/>\n<link rel=\"canonical\" href=\"https:\/\/www.iemj.org\/en\/leopold-kleinman-kozlowski-1918-2019-le-dernier-musicien-klezmer-de-galicie-et-son-oeuvre\/\" \/>\n<meta property=\"og:locale\" content=\"en_US\" \/>\n<meta property=\"og:type\" content=\"article\" \/>\n<meta property=\"og:title\" content=\"Leopold Kleinman-Koz\u0142owski (1918-2019) - The last klezmer of Galicia - Institut Europ\u00e9en des Musiques Juives\" \/>\n<meta property=\"og:url\" content=\"https:\/\/www.iemj.org\/en\/leopold-kleinman-kozlowski-1918-2019-le-dernier-musicien-klezmer-de-galicie-et-son-oeuvre\/\" \/>\n<meta property=\"og:site_name\" content=\"Institut Europ\u00e9en des Musiques Juives\" \/>\n<meta property=\"article:publisher\" content=\"https:\/\/www.facebook.com\/MusiquesJuives\/\" \/>\n<meta property=\"article:published_time\" content=\"2025-02-27T16:57:14+00:00\" \/>\n<meta property=\"article:modified_time\" content=\"2025-03-04T15:59:03+00:00\" \/>\n<meta property=\"og:image\" content=\"https:\/\/www.iemj.org\/wp-content\/uploads\/2025\/02\/Logo.jpg\" \/>\n\t<meta property=\"og:image:width\" content=\"500\" \/>\n\t<meta property=\"og:image:height\" content=\"500\" \/>\n\t<meta property=\"og:image:type\" content=\"image\/jpeg\" \/>\n<meta name=\"author\" content=\"Jacqueline ROTEN\" \/>\n<meta name=\"twitter:card\" content=\"summary_large_image\" \/>\n<meta name=\"twitter:label1\" content=\"Written by\" \/>\n\t<meta name=\"twitter:data1\" content=\"Jacqueline ROTEN\" \/>\n\t<meta name=\"twitter:label2\" content=\"Est. reading time\" \/>\n\t<meta name=\"twitter:data2\" content=\"16 minutes\" \/>\n<script type=\"application\/ld+json\" class=\"yoast-schema-graph\">{\"@context\":\"https:\\\/\\\/schema.org\",\"@graph\":[{\"@type\":\"Article\",\"@id\":\"https:\\\/\\\/www.iemj.org\\\/en\\\/leopold-kleinman-kozlowski-1918-2019-le-dernier-musicien-klezmer-de-galicie-et-son-oeuvre\\\/#article\",\"isPartOf\":{\"@id\":\"https:\\\/\\\/www.iemj.org\\\/en\\\/leopold-kleinman-kozlowski-1918-2019-le-dernier-musicien-klezmer-de-galicie-et-son-oeuvre\\\/\"},\"author\":{\"name\":\"Jacqueline ROTEN\",\"@id\":\"https:\\\/\\\/www.iemj.org\\\/en\\\/#\\\/schema\\\/person\\\/358e26c18aca017fcc4cc15437f7279c\"},\"headline\":\"Leopold Kleinman-Koz\u0142owski (1918-2019) &#8211; The last klezmer of Galicia\",\"datePublished\":\"2025-02-27T16:57:14+00:00\",\"dateModified\":\"2025-03-04T15:59:03+00:00\",\"mainEntityOfPage\":{\"@id\":\"https:\\\/\\\/www.iemj.org\\\/en\\\/leopold-kleinman-kozlowski-1918-2019-le-dernier-musicien-klezmer-de-galicie-et-son-oeuvre\\\/\"},\"wordCount\":2777,\"publisher\":{\"@id\":\"https:\\\/\\\/www.iemj.org\\\/en\\\/#organization\"},\"image\":{\"@id\":\"https:\\\/\\\/www.iemj.org\\\/en\\\/leopold-kleinman-kozlowski-1918-2019-le-dernier-musicien-klezmer-de-galicie-et-son-oeuvre\\\/#primaryimage\"},\"thumbnailUrl\":\"https:\\\/\\\/www.iemj.org\\\/wp-content\\\/uploads\\\/2025\\\/02\\\/Logo.jpg\",\"keywords\":[\"Poland\"],\"articleSection\":[\"Feature articles\"],\"inLanguage\":\"en-US\"},{\"@type\":\"WebPage\",\"@id\":\"https:\\\/\\\/www.iemj.org\\\/en\\\/leopold-kleinman-kozlowski-1918-2019-le-dernier-musicien-klezmer-de-galicie-et-son-oeuvre\\\/\",\"url\":\"https:\\\/\\\/www.iemj.org\\\/en\\\/leopold-kleinman-kozlowski-1918-2019-le-dernier-musicien-klezmer-de-galicie-et-son-oeuvre\\\/\",\"name\":\"Leopold Kleinman-Koz\u0142owski (1918-2019) - The last klezmer of Galicia - Institut Europ\u00e9en des Musiques Juives\",\"isPartOf\":{\"@id\":\"https:\\\/\\\/www.iemj.org\\\/en\\\/#website\"},\"primaryImageOfPage\":{\"@id\":\"https:\\\/\\\/www.iemj.org\\\/en\\\/leopold-kleinman-kozlowski-1918-2019-le-dernier-musicien-klezmer-de-galicie-et-son-oeuvre\\\/#primaryimage\"},\"image\":{\"@id\":\"https:\\\/\\\/www.iemj.org\\\/en\\\/leopold-kleinman-kozlowski-1918-2019-le-dernier-musicien-klezmer-de-galicie-et-son-oeuvre\\\/#primaryimage\"},\"thumbnailUrl\":\"https:\\\/\\\/www.iemj.org\\\/wp-content\\\/uploads\\\/2025\\\/02\\\/Logo.jpg\",\"datePublished\":\"2025-02-27T16:57:14+00:00\",\"dateModified\":\"2025-03-04T15:59:03+00:00\",\"breadcrumb\":{\"@id\":\"https:\\\/\\\/www.iemj.org\\\/en\\\/leopold-kleinman-kozlowski-1918-2019-le-dernier-musicien-klezmer-de-galicie-et-son-oeuvre\\\/#breadcrumb\"},\"inLanguage\":\"en-US\",\"potentialAction\":[{\"@type\":\"ReadAction\",\"target\":[\"https:\\\/\\\/www.iemj.org\\\/en\\\/leopold-kleinman-kozlowski-1918-2019-le-dernier-musicien-klezmer-de-galicie-et-son-oeuvre\\\/\"]}]},{\"@type\":\"ImageObject\",\"inLanguage\":\"en-US\",\"@id\":\"https:\\\/\\\/www.iemj.org\\\/en\\\/leopold-kleinman-kozlowski-1918-2019-le-dernier-musicien-klezmer-de-galicie-et-son-oeuvre\\\/#primaryimage\",\"url\":\"https:\\\/\\\/www.iemj.org\\\/wp-content\\\/uploads\\\/2025\\\/02\\\/Logo.jpg\",\"contentUrl\":\"https:\\\/\\\/www.iemj.org\\\/wp-content\\\/uploads\\\/2025\\\/02\\\/Logo.jpg\",\"width\":500,\"height\":500},{\"@type\":\"BreadcrumbList\",\"@id\":\"https:\\\/\\\/www.iemj.org\\\/en\\\/leopold-kleinman-kozlowski-1918-2019-le-dernier-musicien-klezmer-de-galicie-et-son-oeuvre\\\/#breadcrumb\",\"itemListElement\":[{\"@type\":\"ListItem\",\"position\":1,\"name\":\"Accueil\",\"item\":\"https:\\\/\\\/www.iemj.org\\\/en\\\/\"},{\"@type\":\"ListItem\",\"position\":2,\"name\":\"Leopold Kleinman-Koz\u0142owski (1918-2019) &#8211; The last klezmer of Galicia\"}]},{\"@type\":\"WebSite\",\"@id\":\"https:\\\/\\\/www.iemj.org\\\/en\\\/#website\",\"url\":\"https:\\\/\\\/www.iemj.org\\\/en\\\/\",\"name\":\"Institut Europ\u00e9en des Musiques Juives\",\"description\":\"Des traditions musicales \u00e0 la port\u00e9e de tous\",\"publisher\":{\"@id\":\"https:\\\/\\\/www.iemj.org\\\/en\\\/#organization\"},\"potentialAction\":[{\"@type\":\"SearchAction\",\"target\":{\"@type\":\"EntryPoint\",\"urlTemplate\":\"https:\\\/\\\/www.iemj.org\\\/en\\\/?s={search_term_string}\"},\"query-input\":{\"@type\":\"PropertyValueSpecification\",\"valueRequired\":true,\"valueName\":\"search_term_string\"}}],\"inLanguage\":\"en-US\"},{\"@type\":\"Organization\",\"@id\":\"https:\\\/\\\/www.iemj.org\\\/en\\\/#organization\",\"name\":\"Institut Europ\u00e9en des Musiques Juives\",\"url\":\"https:\\\/\\\/www.iemj.org\\\/en\\\/\",\"logo\":{\"@type\":\"ImageObject\",\"inLanguage\":\"en-US\",\"@id\":\"https:\\\/\\\/www.iemj.org\\\/en\\\/#\\\/schema\\\/logo\\\/image\\\/\",\"url\":\"https:\\\/\\\/www.iemj.org\\\/wp-content\\\/uploads\\\/2021\\\/09\\\/Logo-IEMJ-Paypal.jpg\",\"contentUrl\":\"https:\\\/\\\/www.iemj.org\\\/wp-content\\\/uploads\\\/2021\\\/09\\\/Logo-IEMJ-Paypal.jpg\",\"width\":150,\"height\":50,\"caption\":\"Institut Europ\u00e9en des Musiques Juives\"},\"image\":{\"@id\":\"https:\\\/\\\/www.iemj.org\\\/en\\\/#\\\/schema\\\/logo\\\/image\\\/\"},\"sameAs\":[\"https:\\\/\\\/www.facebook.com\\\/MusiquesJuives\\\/\",\"https:\\\/\\\/www.instagram.com\\\/musiquesjuives\\\/\",\"https:\\\/\\\/www.youtube.com\\\/user\\\/musiquesjuives\"]},{\"@type\":\"Person\",\"@id\":\"https:\\\/\\\/www.iemj.org\\\/en\\\/#\\\/schema\\\/person\\\/358e26c18aca017fcc4cc15437f7279c\",\"name\":\"Jacqueline ROTEN\",\"image\":{\"@type\":\"ImageObject\",\"inLanguage\":\"en-US\",\"@id\":\"https:\\\/\\\/secure.gravatar.com\\\/avatar\\\/5964256d6c6957de3a3505278957e0fb2a35119ac47ea41827a65301213c810b?s=96&d=mm&r=g\",\"url\":\"https:\\\/\\\/secure.gravatar.com\\\/avatar\\\/5964256d6c6957de3a3505278957e0fb2a35119ac47ea41827a65301213c810b?s=96&d=mm&r=g\",\"contentUrl\":\"https:\\\/\\\/secure.gravatar.com\\\/avatar\\\/5964256d6c6957de3a3505278957e0fb2a35119ac47ea41827a65301213c810b?s=96&d=mm&r=g\",\"caption\":\"Jacqueline ROTEN\"}}]}<\/script>\n<!-- \/ Yoast SEO plugin. -->","yoast_head_json":{"title":"Leopold Kleinman-Koz\u0142owski (1918-2019) - The last klezmer of Galicia - Institut Europ\u00e9en des Musiques Juives","robots":{"index":"index","follow":"follow","max-snippet":"max-snippet:-1","max-image-preview":"max-image-preview:large","max-video-preview":"max-video-preview:-1"},"canonical":"https:\/\/www.iemj.org\/en\/leopold-kleinman-kozlowski-1918-2019-le-dernier-musicien-klezmer-de-galicie-et-son-oeuvre\/","og_locale":"en_US","og_type":"article","og_title":"Leopold Kleinman-Koz\u0142owski (1918-2019) - The last klezmer of Galicia - Institut Europ\u00e9en des Musiques Juives","og_url":"https:\/\/www.iemj.org\/en\/leopold-kleinman-kozlowski-1918-2019-le-dernier-musicien-klezmer-de-galicie-et-son-oeuvre\/","og_site_name":"Institut Europ\u00e9en des Musiques Juives","article_publisher":"https:\/\/www.facebook.com\/MusiquesJuives\/","article_published_time":"2025-02-27T16:57:14+00:00","article_modified_time":"2025-03-04T15:59:03+00:00","og_image":[{"width":500,"height":500,"url":"https:\/\/www.iemj.org\/wp-content\/uploads\/2025\/02\/Logo.jpg","type":"image\/jpeg"}],"author":"Jacqueline ROTEN","twitter_card":"summary_large_image","twitter_misc":{"Written by":"Jacqueline ROTEN","Est. reading time":"16 minutes"},"schema":{"@context":"https:\/\/schema.org","@graph":[{"@type":"Article","@id":"https:\/\/www.iemj.org\/en\/leopold-kleinman-kozlowski-1918-2019-le-dernier-musicien-klezmer-de-galicie-et-son-oeuvre\/#article","isPartOf":{"@id":"https:\/\/www.iemj.org\/en\/leopold-kleinman-kozlowski-1918-2019-le-dernier-musicien-klezmer-de-galicie-et-son-oeuvre\/"},"author":{"name":"Jacqueline ROTEN","@id":"https:\/\/www.iemj.org\/en\/#\/schema\/person\/358e26c18aca017fcc4cc15437f7279c"},"headline":"Leopold Kleinman-Koz\u0142owski (1918-2019) &#8211; The last klezmer of Galicia","datePublished":"2025-02-27T16:57:14+00:00","dateModified":"2025-03-04T15:59:03+00:00","mainEntityOfPage":{"@id":"https:\/\/www.iemj.org\/en\/leopold-kleinman-kozlowski-1918-2019-le-dernier-musicien-klezmer-de-galicie-et-son-oeuvre\/"},"wordCount":2777,"publisher":{"@id":"https:\/\/www.iemj.org\/en\/#organization"},"image":{"@id":"https:\/\/www.iemj.org\/en\/leopold-kleinman-kozlowski-1918-2019-le-dernier-musicien-klezmer-de-galicie-et-son-oeuvre\/#primaryimage"},"thumbnailUrl":"https:\/\/www.iemj.org\/wp-content\/uploads\/2025\/02\/Logo.jpg","keywords":["Poland"],"articleSection":["Feature articles"],"inLanguage":"en-US"},{"@type":"WebPage","@id":"https:\/\/www.iemj.org\/en\/leopold-kleinman-kozlowski-1918-2019-le-dernier-musicien-klezmer-de-galicie-et-son-oeuvre\/","url":"https:\/\/www.iemj.org\/en\/leopold-kleinman-kozlowski-1918-2019-le-dernier-musicien-klezmer-de-galicie-et-son-oeuvre\/","name":"Leopold Kleinman-Koz\u0142owski (1918-2019) - The last klezmer of Galicia - Institut Europ\u00e9en des Musiques Juives","isPartOf":{"@id":"https:\/\/www.iemj.org\/en\/#website"},"primaryImageOfPage":{"@id":"https:\/\/www.iemj.org\/en\/leopold-kleinman-kozlowski-1918-2019-le-dernier-musicien-klezmer-de-galicie-et-son-oeuvre\/#primaryimage"},"image":{"@id":"https:\/\/www.iemj.org\/en\/leopold-kleinman-kozlowski-1918-2019-le-dernier-musicien-klezmer-de-galicie-et-son-oeuvre\/#primaryimage"},"thumbnailUrl":"https:\/\/www.iemj.org\/wp-content\/uploads\/2025\/02\/Logo.jpg","datePublished":"2025-02-27T16:57:14+00:00","dateModified":"2025-03-04T15:59:03+00:00","breadcrumb":{"@id":"https:\/\/www.iemj.org\/en\/leopold-kleinman-kozlowski-1918-2019-le-dernier-musicien-klezmer-de-galicie-et-son-oeuvre\/#breadcrumb"},"inLanguage":"en-US","potentialAction":[{"@type":"ReadAction","target":["https:\/\/www.iemj.org\/en\/leopold-kleinman-kozlowski-1918-2019-le-dernier-musicien-klezmer-de-galicie-et-son-oeuvre\/"]}]},{"@type":"ImageObject","inLanguage":"en-US","@id":"https:\/\/www.iemj.org\/en\/leopold-kleinman-kozlowski-1918-2019-le-dernier-musicien-klezmer-de-galicie-et-son-oeuvre\/#primaryimage","url":"https:\/\/www.iemj.org\/wp-content\/uploads\/2025\/02\/Logo.jpg","contentUrl":"https:\/\/www.iemj.org\/wp-content\/uploads\/2025\/02\/Logo.jpg","width":500,"height":500},{"@type":"BreadcrumbList","@id":"https:\/\/www.iemj.org\/en\/leopold-kleinman-kozlowski-1918-2019-le-dernier-musicien-klezmer-de-galicie-et-son-oeuvre\/#breadcrumb","itemListElement":[{"@type":"ListItem","position":1,"name":"Accueil","item":"https:\/\/www.iemj.org\/en\/"},{"@type":"ListItem","position":2,"name":"Leopold Kleinman-Koz\u0142owski (1918-2019) &#8211; The last klezmer of Galicia"}]},{"@type":"WebSite","@id":"https:\/\/www.iemj.org\/en\/#website","url":"https:\/\/www.iemj.org\/en\/","name":"Institut Europ\u00e9en des Musiques Juives","description":"Des traditions musicales \u00e0 la port\u00e9e de tous","publisher":{"@id":"https:\/\/www.iemj.org\/en\/#organization"},"potentialAction":[{"@type":"SearchAction","target":{"@type":"EntryPoint","urlTemplate":"https:\/\/www.iemj.org\/en\/?s={search_term_string}"},"query-input":{"@type":"PropertyValueSpecification","valueRequired":true,"valueName":"search_term_string"}}],"inLanguage":"en-US"},{"@type":"Organization","@id":"https:\/\/www.iemj.org\/en\/#organization","name":"Institut Europ\u00e9en des Musiques Juives","url":"https:\/\/www.iemj.org\/en\/","logo":{"@type":"ImageObject","inLanguage":"en-US","@id":"https:\/\/www.iemj.org\/en\/#\/schema\/logo\/image\/","url":"https:\/\/www.iemj.org\/wp-content\/uploads\/2021\/09\/Logo-IEMJ-Paypal.jpg","contentUrl":"https:\/\/www.iemj.org\/wp-content\/uploads\/2021\/09\/Logo-IEMJ-Paypal.jpg","width":150,"height":50,"caption":"Institut Europ\u00e9en des Musiques Juives"},"image":{"@id":"https:\/\/www.iemj.org\/en\/#\/schema\/logo\/image\/"},"sameAs":["https:\/\/www.facebook.com\/MusiquesJuives\/","https:\/\/www.instagram.com\/musiquesjuives\/","https:\/\/www.youtube.com\/user\/musiquesjuives"]},{"@type":"Person","@id":"https:\/\/www.iemj.org\/en\/#\/schema\/person\/358e26c18aca017fcc4cc15437f7279c","name":"Jacqueline ROTEN","image":{"@type":"ImageObject","inLanguage":"en-US","@id":"https:\/\/secure.gravatar.com\/avatar\/5964256d6c6957de3a3505278957e0fb2a35119ac47ea41827a65301213c810b?s=96&d=mm&r=g","url":"https:\/\/secure.gravatar.com\/avatar\/5964256d6c6957de3a3505278957e0fb2a35119ac47ea41827a65301213c810b?s=96&d=mm&r=g","contentUrl":"https:\/\/secure.gravatar.com\/avatar\/5964256d6c6957de3a3505278957e0fb2a35119ac47ea41827a65301213c810b?s=96&d=mm&r=g","caption":"Jacqueline ROTEN"}}]}},"_links":{"self":[{"href":"https:\/\/www.iemj.org\/en\/wp-json\/wp\/v2\/posts\/118160","targetHints":{"allow":["GET"]}}],"collection":[{"href":"https:\/\/www.iemj.org\/en\/wp-json\/wp\/v2\/posts"}],"about":[{"href":"https:\/\/www.iemj.org\/en\/wp-json\/wp\/v2\/types\/post"}],"author":[{"embeddable":true,"href":"https:\/\/www.iemj.org\/en\/wp-json\/wp\/v2\/users\/5"}],"replies":[{"embeddable":true,"href":"https:\/\/www.iemj.org\/en\/wp-json\/wp\/v2\/comments?post=118160"}],"version-history":[{"count":0,"href":"https:\/\/www.iemj.org\/en\/wp-json\/wp\/v2\/posts\/118160\/revisions"}],"wp:featuredmedia":[{"embeddable":true,"href":"https:\/\/www.iemj.org\/en\/wp-json\/wp\/v2\/media\/118122"}],"wp:attachment":[{"href":"https:\/\/www.iemj.org\/en\/wp-json\/wp\/v2\/media?parent=118160"}],"wp:term":[{"taxonomy":"category","embeddable":true,"href":"https:\/\/www.iemj.org\/en\/wp-json\/wp\/v2\/categories?post=118160"},{"taxonomy":"post_tag","embeddable":true,"href":"https:\/\/www.iemj.org\/en\/wp-json\/wp\/v2\/tags?post=118160"},{"taxonomy":"technique","embeddable":true,"href":"https:\/\/www.iemj.org\/en\/wp-json\/wp\/v2\/technique?post=118160"},{"taxonomy":"squelettes","embeddable":true,"href":"https:\/\/www.iemj.org\/en\/wp-json\/wp\/v2\/squelettes?post=118160"},{"taxonomy":"sujet","embeddable":true,"href":"https:\/\/www.iemj.org\/en\/wp-json\/wp\/v2\/sujet?post=118160"},{"taxonomy":"formation","embeddable":true,"href":"https:\/\/www.iemj.org\/en\/wp-json\/wp\/v2\/formation?post=118160"},{"taxonomy":"genre","embeddable":true,"href":"https:\/\/www.iemj.org\/en\/wp-json\/wp\/v2\/genre?post=118160"},{"taxonomy":"fonds","embeddable":true,"href":"https:\/\/www.iemj.org\/en\/wp-json\/wp\/v2\/fonds?post=118160"},{"taxonomy":"tradition","embeddable":true,"href":"https:\/\/www.iemj.org\/en\/wp-json\/wp\/v2\/tradition?post=118160"},{"taxonomy":"type-de-contenu","embeddable":true,"href":"https:\/\/www.iemj.org\/en\/wp-json\/wp\/v2\/type-de-contenu?post=118160"},{"taxonomy":"interprete-compositeur","embeddable":true,"href":"https:\/\/www.iemj.org\/en\/wp-json\/wp\/v2\/interprete-compositeur?post=118160"},{"taxonomy":"frise","embeddable":true,"href":"https:\/\/www.iemj.org\/en\/wp-json\/wp\/v2\/frise?post=118160"},{"taxonomy":"type-devenement","embeddable":true,"href":"https:\/\/www.iemj.org\/en\/wp-json\/wp\/v2\/type-devenement?post=118160"},{"taxonomy":"tableaux-liens-externes","embeddable":true,"href":"https:\/\/www.iemj.org\/en\/wp-json\/wp\/v2\/tableaux-liens-externes?post=118160"}],"curies":[{"name":"wp","href":"https:\/\/api.w.org\/{rel}","templated":true}]}}