{"id":118785,"date":"2025-03-19T15:24:16","date_gmt":"2025-03-19T14:24:16","guid":{"rendered":"https:\/\/www.iemj.org\/arnold-schoenberg-un-musicien-juif-dans-le-monde\/"},"modified":"2025-03-24T11:27:24","modified_gmt":"2025-03-24T10:27:24","slug":"arnold-schoenberg-un-musicien-juif-dans-le-monde","status":"publish","type":"post","link":"https:\/\/www.iemj.org\/en\/arnold-schoenberg-un-musicien-juif-dans-le-monde\/","title":{"rendered":"Arnold Schoenberg, un musicien juif dans le monde"},"content":{"rendered":"<p><!--more--><\/p>\n<p><strong>In <em>Musiques, mondialisation et soci\u00e9t\u00e9s<\/em>, under the direction of Myriam Odile Blin and Pierre Albert Castanet, Presses universitaires de Rouen et du Havre, 2024, 250 p.<\/strong><\/p>\n<p><!--more--><\/p>\n<p>This book explores the links between music, globalization and society, covering a wide range of themes, including art music, popular music, politics, religion and global cultural issues. Through various articles, it shows how music, in the age of globalization, remains a major vector of cultural mediation, while reflecting the challenges and hopes of our times.<\/p>\n<p>Among the various contributions to this scholarly work is an article by Myriam Odile Blin on <a href=\"https:\/\/www.iemj.org\/en\/schonberg-arnold-1874-1951\/\" target=\"_blank\" rel=\"noopener\">Arnold Schoenberg (1874-1951)<\/a> and his relationship to Judaism. The author focuses on the status of &#8220;one Jewish musician in the world,&#8221; Arnold Schoenberg, the father of twelve-tone music<span class=\"footnote_referrer\"><a role=\"button\" tabindex=\"0\" onclick=\"footnote_moveToReference_118785_1('footnote_plugin_reference_118785_1_1');\" onkeypress=\"footnote_moveToReference_118785_1('footnote_plugin_reference_118785_1_1');\" ><sup id=\"footnote_plugin_tooltip_118785_1_1\" class=\"footnote_plugin_tooltip_text\">[1]<\/sup><\/a><span id=\"footnote_plugin_tooltip_text_118785_1_1\" class=\"footnote_tooltip\">a musical system based on a series of intervals comprising the twelve notes of the chromatic scale<\/span><\/span><script type=\"text\/javascript\"> jQuery('#footnote_plugin_tooltip_118785_1_1').tooltip({ tip: '#footnote_plugin_tooltip_text_118785_1_1', tipClass: 'footnote_tooltip', effect: 'fade', predelay: 0, fadeInSpeed: 200, delay: 400, fadeOutSpeed: 200, position: 'top center', relative: true, offset: [-7, 0], });<\/script>, who was ostracized as a Jew and exiled to the United States in 1933.<\/p>\n<p><img decoding=\"async\" class=\" wp-image-118769 alignright\" src=\"https:\/\/www.iemj.org\/wp-content\/uploads\/2025\/03\/entartete_musik_poster_01-209x300.jpg\" alt=\"\" width=\"185\" height=\"266\" srcset=\"https:\/\/www.iemj.org\/wp-content\/uploads\/2025\/03\/entartete_musik_poster_01-209x300.jpg 209w, https:\/\/www.iemj.org\/wp-content\/uploads\/2025\/03\/entartete_musik_poster_01.jpg 380w\" sizes=\"(max-width: 185px) 100vw, 185px\" \/>The first half of the twentieth century in Europe oscillated between culture and barbarism, between anti-Semitism and \u201cEntartete Musik\u201d<span class=\"footnote_referrer\"><a role=\"button\" tabindex=\"0\" onclick=\"footnote_moveToReference_118785_1('footnote_plugin_reference_118785_1_2');\" onkeypress=\"footnote_moveToReference_118785_1('footnote_plugin_reference_118785_1_2');\" ><sup id=\"footnote_plugin_tooltip_118785_1_2\" class=\"footnote_plugin_tooltip_text\">[2]<\/sup><\/a><span id=\"footnote_plugin_tooltip_text_118785_1_2\" class=\"footnote_tooltip\">The Nazi term \u201cEntartete Musik\u201d (\u201cDegenerate Music\u201d) refers to a vast repertoire of musical works and composers that were banned under the Third Reich. One of its symbols was the 1938&nbsp;&#x2026; <span class=\"footnote_tooltip_continue\"  onclick=\"footnote_moveToReference_118785_1('footnote_plugin_reference_118785_1_2');\">Lire la suite<\/span><\/span><\/span><script type=\"text\/javascript\"> jQuery('#footnote_plugin_tooltip_118785_1_2').tooltip({ tip: '#footnote_plugin_tooltip_text_118785_1_2', tipClass: 'footnote_tooltip', effect: 'fade', predelay: 0, fadeInSpeed: 200, delay: 400, fadeOutSpeed: 200, position: 'top center', relative: true, offset: [-7, 0], });<\/script>, and the Hebraic inspiration of Arnold Schoenberg&#8217;s music led to disagreements with Thomas Mann. [\u2026] While this singular study naturally evokes such landmark works as <em>Moses and Aron<\/em>, <em>Jacob&#8217;s Ladder<\/em> and <em>A Survivor of Warsaw<\/em>, it focuses above all on the <em>Kol Nidrei<\/em>, the famous introductory tune to the Yom Kippur festival (a melody arranged by Schoenberg in 1938, but also visited by many artists [&#8230;]. In conclusion, the art sociologist raises the question of music, and Jewish music in particular, as a \u201cconscience of the world\u201d <span class=\"footnote_referrer\"><a role=\"button\" tabindex=\"0\" onclick=\"footnote_moveToReference_118785_1('footnote_plugin_reference_118785_1_3');\" onkeypress=\"footnote_moveToReference_118785_1('footnote_plugin_reference_118785_1_3');\" ><sup id=\"footnote_plugin_tooltip_118785_1_3\" class=\"footnote_plugin_tooltip_text\">[3]<\/sup><\/a><span id=\"footnote_plugin_tooltip_text_118785_1_3\" class=\"footnote_tooltip\">Musiques, mondialisation et soci\u00e9t\u00e9s \/ Under the direction of Myriam Odile Blin and Pierre Albert Castanet, Presses universitaires de Rouen et du Havre, 2024, p. 12<\/span><\/span><script type=\"text\/javascript\"> jQuery('#footnote_plugin_tooltip_118785_1_3').tooltip({ tip: '#footnote_plugin_tooltip_text_118785_1_3', tipClass: 'footnote_tooltip', effect: 'fade', predelay: 0, fadeInSpeed: 200, delay: 400, fadeOutSpeed: 200, position: 'top center', relative: true, offset: [-7, 0], });<\/script>.<\/p>\n<p><img fetchpriority=\"high\" decoding=\"async\" class=\" wp-image-118776 alignleft\" src=\"https:\/\/www.iemj.org\/wp-content\/uploads\/2025\/03\/Arnold-Schoenberg_site-IEMJ-230x300.jpg\" alt=\"\" width=\"197\" height=\"257\" srcset=\"https:\/\/www.iemj.org\/wp-content\/uploads\/2025\/03\/Arnold-Schoenberg_site-IEMJ-230x300.jpg 230w, https:\/\/www.iemj.org\/wp-content\/uploads\/2025\/03\/Arnold-Schoenberg_site-IEMJ.jpg 350w\" sizes=\"(max-width: 197px) 100vw, 197px\" \/>Myriam Odile Blin also recalls the writings of Andr\u00e9 Neher, who considered that Schoenberg&#8217;s twelve-tone music drew its inspiration from Jewish mysticism and kabbalah, notably through the symbolism of the numbers 6 and 12, which are very present in Hebrew literature<span class=\"footnote_referrer\"><a role=\"button\" tabindex=\"0\" onclick=\"footnote_moveToReference_118785_1('footnote_plugin_reference_118785_1_4');\" onkeypress=\"footnote_moveToReference_118785_1('footnote_plugin_reference_118785_1_4');\" ><sup id=\"footnote_plugin_tooltip_118785_1_4\" class=\"footnote_plugin_tooltip_text\">[4]<\/sup><\/a><span id=\"footnote_plugin_tooltip_text_118785_1_4\" class=\"footnote_tooltip\">Cf. Andr\u00e9 Neher, <em>Faust et le Maharal de Prague, le mythe et le r\u00e9el<\/em>, Paris, PUF, 1987<\/span><\/span><script type=\"text\/javascript\"> jQuery('#footnote_plugin_tooltip_118785_1_4').tooltip({ tip: '#footnote_plugin_tooltip_text_118785_1_4', tipClass: 'footnote_tooltip', effect: 'fade', predelay: 0, fadeInSpeed: 200, delay: 400, fadeOutSpeed: 200, position: 'top center', relative: true, offset: [-7, 0], });<\/script>. Thus, as M-O Blin points out, \u201cthe authentic meaning of Schoenberg&#8217;s music and writings can only be grasped through the prism of a living spirituality that follows the paths of Jewish mysticism. Yet we can understand twelve-tone music neutrally, without passing through this singular relay of spirituality: it is then a rationally defined writing model for musical composition. [&#8230;] Arnold Schoenberg was thus inseparably visionary and conservative on the one hand, rational and mystical on the other.\u201d <span class=\"footnote_referrer\"><a role=\"button\" tabindex=\"0\" onclick=\"footnote_moveToReference_118785_1('footnote_plugin_reference_118785_1_5');\" onkeypress=\"footnote_moveToReference_118785_1('footnote_plugin_reference_118785_1_5');\" ><sup id=\"footnote_plugin_tooltip_118785_1_5\" class=\"footnote_plugin_tooltip_text\">[5]<\/sup><\/a><span id=\"footnote_plugin_tooltip_text_118785_1_5\" class=\"footnote_tooltip\">Musiques, mondialisation et soci\u00e9t\u00e9s, p. 50.<\/span><\/span><script type=\"text\/javascript\"> jQuery('#footnote_plugin_tooltip_118785_1_5').tooltip({ tip: '#footnote_plugin_tooltip_text_118785_1_5', tipClass: 'footnote_tooltip', effect: 'fade', predelay: 0, fadeInSpeed: 200, delay: 400, fadeOutSpeed: 200, position: 'top center', relative: true, offset: [-7, 0], });<\/script><\/p>\n<p><a href=\"https:\/\/www.amazon.fr\/Musiques-mondialisation-societes-Blin-myriam-odile\/dp\/B0BGPCBFH2\" target=\"_blank\" rel=\"noopener\">Order the book<\/a><\/p>\n<p><a href=\"https:\/\/webtv.univ-rouen.fr\/videos\/1-arnold-schoenberg-un-musicien-juif-dans-le-monde-par-myriam-odile-blin-decoupage\/\" target=\"_blank\" rel=\"noopener\">See Myriam Odile Blin&#8217;s lecture \u00ab Arnold Schoenberg, un musicien juif dans le monde \u00bb<\/a><\/p>\n\n\n<div class=\"wp-block-buttons has-custom-font-size has-medium-font-size is-content-justification-center is-layout-flex wp-container-core-buttons-is-layout-16018d1d wp-block-buttons-is-layout-flex\">\n<div class=\"wp-block-button has-custom-width wp-block-button__width-75 has-custom-font-size\" style=\"font-size:15px\"><a class=\"wp-block-button__link has-white-color has-text-color has-background has-link-color wp-element-button\" href=\"https:\/\/www.iemj.org\/en\/performer-composer\/arnold-schonberg-en\/\" style=\"border-radius:52px;background-color:#3c4b98\" target=\"_blank\" rel=\"noreferrer noopener\"><strong>See more articles about Arnold Sch\u00f6nberg<\/strong><\/a><\/div>\n<\/div>\n\n\n\n<div style=\"height:20px\" aria-hidden=\"true\" class=\"wp-block-spacer\"><\/div>\n\n\n\n<div class=\"wp-block-buttons is-content-justification-center is-layout-flex wp-container-core-buttons-is-layout-16018d1d wp-block-buttons-is-layout-flex\">\n<div class=\"wp-block-button has-custom-width wp-block-button__width-75 has-custom-font-size is-style-fill\" style=\"font-size:15px\"><a class=\"wp-block-button__link has-white-color has-text-color has-background has-link-color wp-element-button\" href=\"http:\/\/www.rachelnet.net\/F\/5M7FAAL74I6NBRJQT2JKBHHIMCD9TNLNHBGNE9JVQ3I2EXIP1B-01364?func=find-c&amp;ccl_term=WRD+%3D+Arnold+ET+WRD+%3D+Schoenberg+OU+WRD+%3D+Sch%C3%B6nberg+SAUF+WRD+%3D+Schoenberg%2C+J.+SAUF+WRD+%3D+Schoenberg%2C+I.+SAUF+WRD+%3D+Shenhar%2C+Yitzhak+%281902-1957%29+SAUF+WRD+%3D+%D7%A9%D7%A0%D7%94%D7%A8%2C+%D7%99%D7%A6%D7%97%D7%A7&amp;local_base=iemcg\" style=\"border-radius:53px;background-color:#3c4b98\" target=\"_blank\" rel=\"noreferrer noopener\"><strong>Look at our archives about Arnold Sch\u00f6nberg<\/strong><\/a><\/div>\n<\/div>\n\n\n\n<p><\/p>\n<div class=\"speaker-mute footnotes_reference_container\"> <div class=\"footnote_container_prepare\"><p><span role=\"button\" tabindex=\"0\" class=\"footnote_reference_container_label pointer\" onclick=\"footnote_expand_collapse_reference_container_118785_1();\">&#x202F;<\/span><span role=\"button\" tabindex=\"0\" class=\"footnote_reference_container_collapse_button\" style=\"display: none;\" onclick=\"footnote_expand_collapse_reference_container_118785_1();\">[<a id=\"footnote_reference_container_collapse_button_118785_1\">+<\/a>]<\/span><\/p><\/div> <div id=\"footnote_references_container_118785_1\" style=\"\"><table class=\"footnotes_table footnote-reference-container\"><caption class=\"accessibility\">References<\/caption> <tbody> \r\n\r\n<tr class=\"footnotes_plugin_reference_row\"> <th scope=\"row\" class=\"footnote_plugin_index_combi pointer\"  onclick=\"footnote_moveToAnchor_118785_1('footnote_plugin_tooltip_118785_1_1');\"><a id=\"footnote_plugin_reference_118785_1_1\" class=\"footnote_backlink\">1<\/a><\/th> <td class=\"footnote_plugin_text\">a musical system based on a series of intervals comprising the twelve notes of the chromatic scale<\/td><\/tr>\r\n\r\n<tr class=\"footnotes_plugin_reference_row\"> <th scope=\"row\" class=\"footnote_plugin_index_combi pointer\"  onclick=\"footnote_moveToAnchor_118785_1('footnote_plugin_tooltip_118785_1_2');\"><a id=\"footnote_plugin_reference_118785_1_2\" class=\"footnote_backlink\">2<\/a><\/th> <td class=\"footnote_plugin_text\">The Nazi term \u201cEntartete Musik\u201d (\u201cDegenerate Music\u201d) refers to a vast repertoire of musical works and composers that were banned under the Third Reich. One of its symbols was the 1938 exhibition of the same name in D\u00fcsseldorf. See Elise Petit and Bruno Giner&#8217;s <a href=\"https:\/\/www.bne.fr\/page63.html\" target=\"_blank\" rel=\"noopener\"><em>Entartete Musik: musiques interdites sous le IIIe Reich<\/em><\/a>.<\/td><\/tr>\r\n\r\n<tr class=\"footnotes_plugin_reference_row\"> <th scope=\"row\" class=\"footnote_plugin_index_combi pointer\"  onclick=\"footnote_moveToAnchor_118785_1('footnote_plugin_tooltip_118785_1_3');\"><a id=\"footnote_plugin_reference_118785_1_3\" class=\"footnote_backlink\">3<\/a><\/th> <td class=\"footnote_plugin_text\">Musiques, mondialisation et soci\u00e9t\u00e9s \/ Under the direction of Myriam Odile Blin and Pierre Albert Castanet, Presses universitaires de Rouen et du Havre, 2024, p. 12<\/td><\/tr>\r\n\r\n<tr class=\"footnotes_plugin_reference_row\"> <th scope=\"row\" class=\"footnote_plugin_index_combi pointer\"  onclick=\"footnote_moveToAnchor_118785_1('footnote_plugin_tooltip_118785_1_4');\"><a id=\"footnote_plugin_reference_118785_1_4\" class=\"footnote_backlink\">4<\/a><\/th> <td class=\"footnote_plugin_text\">Cf. Andr\u00e9 Neher, <em>Faust et le Maharal de Prague, le mythe et le r\u00e9el<\/em>, Paris, PUF, 1987<\/td><\/tr>\r\n\r\n<tr class=\"footnotes_plugin_reference_row\"> <th scope=\"row\" class=\"footnote_plugin_index_combi pointer\"  onclick=\"footnote_moveToAnchor_118785_1('footnote_plugin_tooltip_118785_1_5');\"><a id=\"footnote_plugin_reference_118785_1_5\" class=\"footnote_backlink\">5<\/a><\/th> <td class=\"footnote_plugin_text\">Musiques, mondialisation et soci\u00e9t\u00e9s, p. 50.<\/td><\/tr>\r\n\r\n <\/tbody> <\/table> <\/div><\/div><script type=\"text\/javascript\"> function footnote_expand_reference_container_118785_1() { jQuery('#footnote_references_container_118785_1').show(); jQuery('#footnote_reference_container_collapse_button_118785_1').text('\u2212'); } function footnote_collapse_reference_container_118785_1() { jQuery('#footnote_references_container_118785_1').hide(); jQuery('#footnote_reference_container_collapse_button_118785_1').text('+'); } function footnote_expand_collapse_reference_container_118785_1() { if (jQuery('#footnote_references_container_118785_1').is(':hidden')) { footnote_expand_reference_container_118785_1(); } else { footnote_collapse_reference_container_118785_1(); } } function footnote_moveToReference_118785_1(p_str_TargetID) { footnote_expand_reference_container_118785_1(); var l_obj_Target = jQuery('#' + p_str_TargetID); if (l_obj_Target.length) { jQuery( 'html, body' ).delay( 0 ); jQuery('html, body').animate({ scrollTop: l_obj_Target.offset().top - window.innerHeight * 0.2 }, 380); } } function footnote_moveToAnchor_118785_1(p_str_TargetID) { footnote_expand_reference_container_118785_1(); var l_obj_Target = jQuery('#' + p_str_TargetID); if (l_obj_Target.length) { jQuery( 'html, body' ).delay( 0 ); jQuery('html, body').animate({ scrollTop: l_obj_Target.offset().top - window.innerHeight * 0.2 }, 380); } }<\/script>","protected":false},"excerpt":{"rendered":"","protected":false},"author":5,"featured_media":118764,"comment_status":"closed","ping_status":"closed","sticky":false,"template":"","format":"standard","meta":{"_acf_changed":false,"footnotes":""},"categories":[1579,1562],"tags":[],"technique":[],"squelettes":[],"sujet":[],"formation":[],"genre":[],"fonds":[],"tradition":[],"type-de-contenu":[],"interprete-compositeur":[4041],"frise":[],"type-devenement":[],"tableaux-liens-externes":[],"class_list":["post-118785","post","type-post","status-publish","format-standard","has-post-thumbnail","hentry","category-books-articles-en","category-latest-acquisitions-en","interprete-compositeur-arnold-schonberg-en"],"acf":[],"yoast_head":"<!-- This site is optimized with the Yoast SEO plugin v27.3 - https:\/\/yoast.com\/product\/yoast-seo-wordpress\/ -->\n<title>Arnold Schoenberg, un musicien juif dans le monde - Institut Europ\u00e9en des Musiques Juives<\/title>\n<meta name=\"robots\" content=\"index, follow, max-snippet:-1, max-image-preview:large, max-video-preview:-1\" \/>\n<link rel=\"canonical\" href=\"https:\/\/www.iemj.org\/en\/arnold-schoenberg-un-musicien-juif-dans-le-monde\/\" \/>\n<meta property=\"og:locale\" content=\"en_US\" \/>\n<meta property=\"og:type\" content=\"article\" \/>\n<meta property=\"og:title\" content=\"Arnold Schoenberg, un musicien juif dans le monde - Institut Europ\u00e9en des Musiques Juives\" \/>\n<meta property=\"og:url\" content=\"https:\/\/www.iemj.org\/en\/arnold-schoenberg-un-musicien-juif-dans-le-monde\/\" \/>\n<meta property=\"og:site_name\" content=\"Institut Europ\u00e9en des Musiques Juives\" \/>\n<meta property=\"article:publisher\" content=\"https:\/\/www.facebook.com\/MusiquesJuives\/\" \/>\n<meta property=\"article:published_time\" content=\"2025-03-19T14:24:16+00:00\" \/>\n<meta property=\"article:modified_time\" content=\"2025-03-24T10:27:24+00:00\" \/>\n<meta property=\"og:image\" content=\"https:\/\/www.iemj.org\/wp-content\/uploads\/2025\/03\/L_1108_VIG.jpg\" \/>\n\t<meta property=\"og:image:width\" content=\"455\" \/>\n\t<meta property=\"og:image:height\" content=\"600\" \/>\n\t<meta property=\"og:image:type\" content=\"image\/jpeg\" \/>\n<meta name=\"author\" content=\"Jacqueline ROTEN\" \/>\n<meta name=\"twitter:card\" content=\"summary_large_image\" \/>\n<meta name=\"twitter:label1\" content=\"Written by\" \/>\n\t<meta name=\"twitter:data1\" content=\"Jacqueline ROTEN\" \/>\n\t<meta name=\"twitter:label2\" content=\"Est. reading time\" \/>\n\t<meta name=\"twitter:data2\" content=\"4 minutes\" \/>\n<script type=\"application\/ld+json\" class=\"yoast-schema-graph\">{\"@context\":\"https:\\\/\\\/schema.org\",\"@graph\":[{\"@type\":\"Article\",\"@id\":\"https:\\\/\\\/www.iemj.org\\\/en\\\/arnold-schoenberg-un-musicien-juif-dans-le-monde\\\/#article\",\"isPartOf\":{\"@id\":\"https:\\\/\\\/www.iemj.org\\\/en\\\/arnold-schoenberg-un-musicien-juif-dans-le-monde\\\/\"},\"author\":{\"name\":\"Jacqueline ROTEN\",\"@id\":\"https:\\\/\\\/www.iemj.org\\\/en\\\/#\\\/schema\\\/person\\\/358e26c18aca017fcc4cc15437f7279c\"},\"headline\":\"Arnold Schoenberg, un musicien juif dans le monde\",\"datePublished\":\"2025-03-19T14:24:16+00:00\",\"dateModified\":\"2025-03-24T10:27:24+00:00\",\"mainEntityOfPage\":{\"@id\":\"https:\\\/\\\/www.iemj.org\\\/en\\\/arnold-schoenberg-un-musicien-juif-dans-le-monde\\\/\"},\"wordCount\":519,\"publisher\":{\"@id\":\"https:\\\/\\\/www.iemj.org\\\/en\\\/#organization\"},\"image\":{\"@id\":\"https:\\\/\\\/www.iemj.org\\\/en\\\/arnold-schoenberg-un-musicien-juif-dans-le-monde\\\/#primaryimage\"},\"thumbnailUrl\":\"https:\\\/\\\/www.iemj.org\\\/wp-content\\\/uploads\\\/2025\\\/03\\\/L_1108_VIG.jpg\",\"articleSection\":[\"Books, articles\",\"Latest Acquisitions\"],\"inLanguage\":\"en-US\"},{\"@type\":\"WebPage\",\"@id\":\"https:\\\/\\\/www.iemj.org\\\/en\\\/arnold-schoenberg-un-musicien-juif-dans-le-monde\\\/\",\"url\":\"https:\\\/\\\/www.iemj.org\\\/en\\\/arnold-schoenberg-un-musicien-juif-dans-le-monde\\\/\",\"name\":\"Arnold Schoenberg, un musicien juif dans le monde - Institut Europ\u00e9en des Musiques Juives\",\"isPartOf\":{\"@id\":\"https:\\\/\\\/www.iemj.org\\\/en\\\/#website\"},\"primaryImageOfPage\":{\"@id\":\"https:\\\/\\\/www.iemj.org\\\/en\\\/arnold-schoenberg-un-musicien-juif-dans-le-monde\\\/#primaryimage\"},\"image\":{\"@id\":\"https:\\\/\\\/www.iemj.org\\\/en\\\/arnold-schoenberg-un-musicien-juif-dans-le-monde\\\/#primaryimage\"},\"thumbnailUrl\":\"https:\\\/\\\/www.iemj.org\\\/wp-content\\\/uploads\\\/2025\\\/03\\\/L_1108_VIG.jpg\",\"datePublished\":\"2025-03-19T14:24:16+00:00\",\"dateModified\":\"2025-03-24T10:27:24+00:00\",\"breadcrumb\":{\"@id\":\"https:\\\/\\\/www.iemj.org\\\/en\\\/arnold-schoenberg-un-musicien-juif-dans-le-monde\\\/#breadcrumb\"},\"inLanguage\":\"en-US\",\"potentialAction\":[{\"@type\":\"ReadAction\",\"target\":[\"https:\\\/\\\/www.iemj.org\\\/en\\\/arnold-schoenberg-un-musicien-juif-dans-le-monde\\\/\"]}]},{\"@type\":\"ImageObject\",\"inLanguage\":\"en-US\",\"@id\":\"https:\\\/\\\/www.iemj.org\\\/en\\\/arnold-schoenberg-un-musicien-juif-dans-le-monde\\\/#primaryimage\",\"url\":\"https:\\\/\\\/www.iemj.org\\\/wp-content\\\/uploads\\\/2025\\\/03\\\/L_1108_VIG.jpg\",\"contentUrl\":\"https:\\\/\\\/www.iemj.org\\\/wp-content\\\/uploads\\\/2025\\\/03\\\/L_1108_VIG.jpg\",\"width\":455,\"height\":600},{\"@type\":\"BreadcrumbList\",\"@id\":\"https:\\\/\\\/www.iemj.org\\\/en\\\/arnold-schoenberg-un-musicien-juif-dans-le-monde\\\/#breadcrumb\",\"itemListElement\":[{\"@type\":\"ListItem\",\"position\":1,\"name\":\"Accueil\",\"item\":\"https:\\\/\\\/www.iemj.org\\\/en\\\/\"},{\"@type\":\"ListItem\",\"position\":2,\"name\":\"Arnold Schoenberg, un musicien juif dans le monde\"}]},{\"@type\":\"WebSite\",\"@id\":\"https:\\\/\\\/www.iemj.org\\\/en\\\/#website\",\"url\":\"https:\\\/\\\/www.iemj.org\\\/en\\\/\",\"name\":\"Institut Europ\u00e9en des Musiques Juives\",\"description\":\"Des traditions musicales \u00e0 la port\u00e9e de tous\",\"publisher\":{\"@id\":\"https:\\\/\\\/www.iemj.org\\\/en\\\/#organization\"},\"potentialAction\":[{\"@type\":\"SearchAction\",\"target\":{\"@type\":\"EntryPoint\",\"urlTemplate\":\"https:\\\/\\\/www.iemj.org\\\/en\\\/?s={search_term_string}\"},\"query-input\":{\"@type\":\"PropertyValueSpecification\",\"valueRequired\":true,\"valueName\":\"search_term_string\"}}],\"inLanguage\":\"en-US\"},{\"@type\":\"Organization\",\"@id\":\"https:\\\/\\\/www.iemj.org\\\/en\\\/#organization\",\"name\":\"Institut Europ\u00e9en des Musiques Juives\",\"url\":\"https:\\\/\\\/www.iemj.org\\\/en\\\/\",\"logo\":{\"@type\":\"ImageObject\",\"inLanguage\":\"en-US\",\"@id\":\"https:\\\/\\\/www.iemj.org\\\/en\\\/#\\\/schema\\\/logo\\\/image\\\/\",\"url\":\"https:\\\/\\\/www.iemj.org\\\/wp-content\\\/uploads\\\/2021\\\/09\\\/Logo-IEMJ-Paypal.jpg\",\"contentUrl\":\"https:\\\/\\\/www.iemj.org\\\/wp-content\\\/uploads\\\/2021\\\/09\\\/Logo-IEMJ-Paypal.jpg\",\"width\":150,\"height\":50,\"caption\":\"Institut Europ\u00e9en des Musiques Juives\"},\"image\":{\"@id\":\"https:\\\/\\\/www.iemj.org\\\/en\\\/#\\\/schema\\\/logo\\\/image\\\/\"},\"sameAs\":[\"https:\\\/\\\/www.facebook.com\\\/MusiquesJuives\\\/\",\"https:\\\/\\\/www.instagram.com\\\/musiquesjuives\\\/\",\"https:\\\/\\\/www.youtube.com\\\/user\\\/musiquesjuives\"]},{\"@type\":\"Person\",\"@id\":\"https:\\\/\\\/www.iemj.org\\\/en\\\/#\\\/schema\\\/person\\\/358e26c18aca017fcc4cc15437f7279c\",\"name\":\"Jacqueline ROTEN\",\"image\":{\"@type\":\"ImageObject\",\"inLanguage\":\"en-US\",\"@id\":\"https:\\\/\\\/secure.gravatar.com\\\/avatar\\\/5964256d6c6957de3a3505278957e0fb2a35119ac47ea41827a65301213c810b?s=96&d=mm&r=g\",\"url\":\"https:\\\/\\\/secure.gravatar.com\\\/avatar\\\/5964256d6c6957de3a3505278957e0fb2a35119ac47ea41827a65301213c810b?s=96&d=mm&r=g\",\"contentUrl\":\"https:\\\/\\\/secure.gravatar.com\\\/avatar\\\/5964256d6c6957de3a3505278957e0fb2a35119ac47ea41827a65301213c810b?s=96&d=mm&r=g\",\"caption\":\"Jacqueline ROTEN\"}}]}<\/script>\n<!-- \/ Yoast SEO plugin. -->","yoast_head_json":{"title":"Arnold Schoenberg, un musicien juif dans le monde - Institut Europ\u00e9en des Musiques Juives","robots":{"index":"index","follow":"follow","max-snippet":"max-snippet:-1","max-image-preview":"max-image-preview:large","max-video-preview":"max-video-preview:-1"},"canonical":"https:\/\/www.iemj.org\/en\/arnold-schoenberg-un-musicien-juif-dans-le-monde\/","og_locale":"en_US","og_type":"article","og_title":"Arnold Schoenberg, un musicien juif dans le monde - Institut Europ\u00e9en des Musiques Juives","og_url":"https:\/\/www.iemj.org\/en\/arnold-schoenberg-un-musicien-juif-dans-le-monde\/","og_site_name":"Institut Europ\u00e9en des Musiques Juives","article_publisher":"https:\/\/www.facebook.com\/MusiquesJuives\/","article_published_time":"2025-03-19T14:24:16+00:00","article_modified_time":"2025-03-24T10:27:24+00:00","og_image":[{"width":455,"height":600,"url":"https:\/\/www.iemj.org\/wp-content\/uploads\/2025\/03\/L_1108_VIG.jpg","type":"image\/jpeg"}],"author":"Jacqueline ROTEN","twitter_card":"summary_large_image","twitter_misc":{"Written by":"Jacqueline ROTEN","Est. reading time":"4 minutes"},"schema":{"@context":"https:\/\/schema.org","@graph":[{"@type":"Article","@id":"https:\/\/www.iemj.org\/en\/arnold-schoenberg-un-musicien-juif-dans-le-monde\/#article","isPartOf":{"@id":"https:\/\/www.iemj.org\/en\/arnold-schoenberg-un-musicien-juif-dans-le-monde\/"},"author":{"name":"Jacqueline ROTEN","@id":"https:\/\/www.iemj.org\/en\/#\/schema\/person\/358e26c18aca017fcc4cc15437f7279c"},"headline":"Arnold Schoenberg, un musicien juif dans le monde","datePublished":"2025-03-19T14:24:16+00:00","dateModified":"2025-03-24T10:27:24+00:00","mainEntityOfPage":{"@id":"https:\/\/www.iemj.org\/en\/arnold-schoenberg-un-musicien-juif-dans-le-monde\/"},"wordCount":519,"publisher":{"@id":"https:\/\/www.iemj.org\/en\/#organization"},"image":{"@id":"https:\/\/www.iemj.org\/en\/arnold-schoenberg-un-musicien-juif-dans-le-monde\/#primaryimage"},"thumbnailUrl":"https:\/\/www.iemj.org\/wp-content\/uploads\/2025\/03\/L_1108_VIG.jpg","articleSection":["Books, articles","Latest Acquisitions"],"inLanguage":"en-US"},{"@type":"WebPage","@id":"https:\/\/www.iemj.org\/en\/arnold-schoenberg-un-musicien-juif-dans-le-monde\/","url":"https:\/\/www.iemj.org\/en\/arnold-schoenberg-un-musicien-juif-dans-le-monde\/","name":"Arnold Schoenberg, un musicien juif dans le monde - Institut Europ\u00e9en des Musiques Juives","isPartOf":{"@id":"https:\/\/www.iemj.org\/en\/#website"},"primaryImageOfPage":{"@id":"https:\/\/www.iemj.org\/en\/arnold-schoenberg-un-musicien-juif-dans-le-monde\/#primaryimage"},"image":{"@id":"https:\/\/www.iemj.org\/en\/arnold-schoenberg-un-musicien-juif-dans-le-monde\/#primaryimage"},"thumbnailUrl":"https:\/\/www.iemj.org\/wp-content\/uploads\/2025\/03\/L_1108_VIG.jpg","datePublished":"2025-03-19T14:24:16+00:00","dateModified":"2025-03-24T10:27:24+00:00","breadcrumb":{"@id":"https:\/\/www.iemj.org\/en\/arnold-schoenberg-un-musicien-juif-dans-le-monde\/#breadcrumb"},"inLanguage":"en-US","potentialAction":[{"@type":"ReadAction","target":["https:\/\/www.iemj.org\/en\/arnold-schoenberg-un-musicien-juif-dans-le-monde\/"]}]},{"@type":"ImageObject","inLanguage":"en-US","@id":"https:\/\/www.iemj.org\/en\/arnold-schoenberg-un-musicien-juif-dans-le-monde\/#primaryimage","url":"https:\/\/www.iemj.org\/wp-content\/uploads\/2025\/03\/L_1108_VIG.jpg","contentUrl":"https:\/\/www.iemj.org\/wp-content\/uploads\/2025\/03\/L_1108_VIG.jpg","width":455,"height":600},{"@type":"BreadcrumbList","@id":"https:\/\/www.iemj.org\/en\/arnold-schoenberg-un-musicien-juif-dans-le-monde\/#breadcrumb","itemListElement":[{"@type":"ListItem","position":1,"name":"Accueil","item":"https:\/\/www.iemj.org\/en\/"},{"@type":"ListItem","position":2,"name":"Arnold Schoenberg, un musicien juif dans le monde"}]},{"@type":"WebSite","@id":"https:\/\/www.iemj.org\/en\/#website","url":"https:\/\/www.iemj.org\/en\/","name":"Institut Europ\u00e9en des Musiques Juives","description":"Des traditions musicales \u00e0 la port\u00e9e de tous","publisher":{"@id":"https:\/\/www.iemj.org\/en\/#organization"},"potentialAction":[{"@type":"SearchAction","target":{"@type":"EntryPoint","urlTemplate":"https:\/\/www.iemj.org\/en\/?s={search_term_string}"},"query-input":{"@type":"PropertyValueSpecification","valueRequired":true,"valueName":"search_term_string"}}],"inLanguage":"en-US"},{"@type":"Organization","@id":"https:\/\/www.iemj.org\/en\/#organization","name":"Institut Europ\u00e9en des Musiques Juives","url":"https:\/\/www.iemj.org\/en\/","logo":{"@type":"ImageObject","inLanguage":"en-US","@id":"https:\/\/www.iemj.org\/en\/#\/schema\/logo\/image\/","url":"https:\/\/www.iemj.org\/wp-content\/uploads\/2021\/09\/Logo-IEMJ-Paypal.jpg","contentUrl":"https:\/\/www.iemj.org\/wp-content\/uploads\/2021\/09\/Logo-IEMJ-Paypal.jpg","width":150,"height":50,"caption":"Institut Europ\u00e9en des Musiques Juives"},"image":{"@id":"https:\/\/www.iemj.org\/en\/#\/schema\/logo\/image\/"},"sameAs":["https:\/\/www.facebook.com\/MusiquesJuives\/","https:\/\/www.instagram.com\/musiquesjuives\/","https:\/\/www.youtube.com\/user\/musiquesjuives"]},{"@type":"Person","@id":"https:\/\/www.iemj.org\/en\/#\/schema\/person\/358e26c18aca017fcc4cc15437f7279c","name":"Jacqueline ROTEN","image":{"@type":"ImageObject","inLanguage":"en-US","@id":"https:\/\/secure.gravatar.com\/avatar\/5964256d6c6957de3a3505278957e0fb2a35119ac47ea41827a65301213c810b?s=96&d=mm&r=g","url":"https:\/\/secure.gravatar.com\/avatar\/5964256d6c6957de3a3505278957e0fb2a35119ac47ea41827a65301213c810b?s=96&d=mm&r=g","contentUrl":"https:\/\/secure.gravatar.com\/avatar\/5964256d6c6957de3a3505278957e0fb2a35119ac47ea41827a65301213c810b?s=96&d=mm&r=g","caption":"Jacqueline ROTEN"}}]}},"_links":{"self":[{"href":"https:\/\/www.iemj.org\/en\/wp-json\/wp\/v2\/posts\/118785","targetHints":{"allow":["GET"]}}],"collection":[{"href":"https:\/\/www.iemj.org\/en\/wp-json\/wp\/v2\/posts"}],"about":[{"href":"https:\/\/www.iemj.org\/en\/wp-json\/wp\/v2\/types\/post"}],"author":[{"embeddable":true,"href":"https:\/\/www.iemj.org\/en\/wp-json\/wp\/v2\/users\/5"}],"replies":[{"embeddable":true,"href":"https:\/\/www.iemj.org\/en\/wp-json\/wp\/v2\/comments?post=118785"}],"version-history":[{"count":0,"href":"https:\/\/www.iemj.org\/en\/wp-json\/wp\/v2\/posts\/118785\/revisions"}],"wp:featuredmedia":[{"embeddable":true,"href":"https:\/\/www.iemj.org\/en\/wp-json\/wp\/v2\/media\/118764"}],"wp:attachment":[{"href":"https:\/\/www.iemj.org\/en\/wp-json\/wp\/v2\/media?parent=118785"}],"wp:term":[{"taxonomy":"category","embeddable":true,"href":"https:\/\/www.iemj.org\/en\/wp-json\/wp\/v2\/categories?post=118785"},{"taxonomy":"post_tag","embeddable":true,"href":"https:\/\/www.iemj.org\/en\/wp-json\/wp\/v2\/tags?post=118785"},{"taxonomy":"technique","embeddable":true,"href":"https:\/\/www.iemj.org\/en\/wp-json\/wp\/v2\/technique?post=118785"},{"taxonomy":"squelettes","embeddable":true,"href":"https:\/\/www.iemj.org\/en\/wp-json\/wp\/v2\/squelettes?post=118785"},{"taxonomy":"sujet","embeddable":true,"href":"https:\/\/www.iemj.org\/en\/wp-json\/wp\/v2\/sujet?post=118785"},{"taxonomy":"formation","embeddable":true,"href":"https:\/\/www.iemj.org\/en\/wp-json\/wp\/v2\/formation?post=118785"},{"taxonomy":"genre","embeddable":true,"href":"https:\/\/www.iemj.org\/en\/wp-json\/wp\/v2\/genre?post=118785"},{"taxonomy":"fonds","embeddable":true,"href":"https:\/\/www.iemj.org\/en\/wp-json\/wp\/v2\/fonds?post=118785"},{"taxonomy":"tradition","embeddable":true,"href":"https:\/\/www.iemj.org\/en\/wp-json\/wp\/v2\/tradition?post=118785"},{"taxonomy":"type-de-contenu","embeddable":true,"href":"https:\/\/www.iemj.org\/en\/wp-json\/wp\/v2\/type-de-contenu?post=118785"},{"taxonomy":"interprete-compositeur","embeddable":true,"href":"https:\/\/www.iemj.org\/en\/wp-json\/wp\/v2\/interprete-compositeur?post=118785"},{"taxonomy":"frise","embeddable":true,"href":"https:\/\/www.iemj.org\/en\/wp-json\/wp\/v2\/frise?post=118785"},{"taxonomy":"type-devenement","embeddable":true,"href":"https:\/\/www.iemj.org\/en\/wp-json\/wp\/v2\/type-devenement?post=118785"},{"taxonomy":"tableaux-liens-externes","embeddable":true,"href":"https:\/\/www.iemj.org\/en\/wp-json\/wp\/v2\/tableaux-liens-externes?post=118785"}],"curies":[{"name":"wp","href":"https:\/\/api.w.org\/{rel}","templated":true}]}}