{"id":121443,"date":"2025-05-28T17:27:21","date_gmt":"2025-05-28T15:27:21","guid":{"rendered":"https:\/\/www.iemj.org\/halphen-georges-1913-2003\/"},"modified":"2025-06-03T13:23:38","modified_gmt":"2025-06-03T11:23:38","slug":"halphen-georges-1913-2003","status":"publish","type":"post","link":"https:\/\/www.iemj.org\/en\/halphen-georges-1913-2003\/","title":{"rendered":"Halphen, Georges (1913-2003)"},"content":{"rendered":"<p><!--more--><\/p>\r\n<p>Son of <a href=\"https:\/\/www.iemj.org\/en\/halphen-fernand-1872-1917\/\" target=\"_blank\" rel=\"noopener\">Fernand Halphen (1872-1917)<\/a> and <a href=\"https:\/\/www.iemj.org\/en\/halphen-alice-1878-1963\/\" target=\"_blank\" rel=\"noopener\">Alice de Koenigswarter (1878-1963)<\/a>, Georges Halphen was a passionate art collector, fully involved in public life.<\/p>\r\n<p>Commandeur de la L\u00e9gion d&#8217;Honneur, officier des Palmes Acad\u00e9miques, commandeur de l&#8217;Ordre du M\u00e9rite Agricole, commandeur des Arts et des Lettres, m\u00e9daille de la jeunesse et des sports, m\u00e9daille d&#8217;or d\u00e9partementale et communale, Honorary Mayor of La Chapelle-en-Serval after 35 years in office, Georges Halphen was born on March 9, 1913 in the 15th arrondissement of Paris and died on May 6, 2003, at the age of 90.<\/p>\r\n<figure id=\"attachment_121394\" aria-describedby=\"caption-attachment-121394\" style=\"width: 333px\" class=\"wp-caption alignleft\"><img fetchpriority=\"high\" decoding=\"async\" class=\"wp-image-121394\" src=\"https:\/\/www.iemj.org\/wp-content\/uploads\/2025\/05\/1.Alice-Henriette-et-Georges.jpg\" alt=\"\" width=\"333\" height=\"250\" srcset=\"https:\/\/www.iemj.org\/wp-content\/uploads\/2025\/05\/1.Alice-Henriette-et-Georges.jpg 450w, https:\/\/www.iemj.org\/wp-content\/uploads\/2025\/05\/1.Alice-Henriette-et-Georges-300x225.jpg 300w\" sizes=\"(max-width: 333px) 100vw, 333px\" \/><figcaption id=\"caption-attachment-121394\" class=\"wp-caption-text\"><strong>Alice, Henriette and Georges<\/strong><\/figcaption><\/figure>\r\n<p>He was just 4 years old when his father died on May 16, 1917 of diphtheria contracted at the front. He grew up with his sister <a href=\"https:\/\/www.iemj.org\/en\/schumann-henriette-nee-halphen-1911-2002\/\" target=\"_blank\" rel=\"noopener\">Henriette Halphen (1911-2002)<\/a> and his mother between the rue Dumont-d&#8217;Urville hotel in Paris and La Chapelle-en-Serval (Oise), where his father had had a sumptuous ch\u00e2teau built between 1907 and 1911 by the architect Guillaume Tronchet<span class=\"footnote_referrer\"><a role=\"button\" tabindex=\"0\" onclick=\"footnote_moveToReference_121443_1('footnote_plugin_reference_121443_1_1');\" onkeypress=\"footnote_moveToReference_121443_1('footnote_plugin_reference_121443_1_1');\" ><sup id=\"footnote_plugin_tooltip_121443_1_1\" class=\"footnote_plugin_tooltip_text\">[1]<\/sup><\/a><span id=\"footnote_plugin_tooltip_text_121443_1_1\" class=\"footnote_tooltip\">This ch\u00e2teau, which originally housed a theater, was later sold in the early 1990s and renamed \u201cChateau H\u00f4tel Mont Royal\u201d. It is currently owned by a luxury hotel group.<\/span><\/span><script type=\"text\/javascript\"> jQuery('#footnote_plugin_tooltip_121443_1_1').tooltip({ tip: '#footnote_plugin_tooltip_text_121443_1_1', tipClass: 'footnote_tooltip', effect: 'fade', predelay: 0, fadeInSpeed: 200, delay: 400, fadeOutSpeed: 200, position: 'top center', relative: true, offset: [-7, 0], });<\/script>.<\/p>\r\n<p>On January 25, 1938, Georges Halphen married <a href=\"https:\/\/gw.geneanet.org\/bourelly?lang=en&amp;n=delamare+deboutteville&amp;p=janine+marie+isabelle\" target=\"_blank\" rel=\"noopener\">Janine Delamare de Boutteville (1908-2005)<\/a>. In 1941, he met Mich\u00e8le Bossoutrot (1918-1995), daughter of the famous aviator <a href=\"https:\/\/fr.wikipedia.org\/wiki\/Lucien_Bossoutrot\" target=\"_blank\" rel=\"noopener\">Lucien Bossoutrot (1890-1958)<\/a><span class=\"footnote_referrer\"><a role=\"button\" tabindex=\"0\" onclick=\"footnote_moveToReference_121443_1('footnote_plugin_reference_121443_1_2');\" onkeypress=\"footnote_moveToReference_121443_1('footnote_plugin_reference_121443_1_2');\" ><sup id=\"footnote_plugin_tooltip_121443_1_2\" class=\"footnote_plugin_tooltip_text\">[2]<\/sup><\/a><span id=\"footnote_plugin_tooltip_text_121443_1_2\" class=\"footnote_tooltip\">See also her biography at <a href=\"https:\/\/www2.assemblee-nationale.fr\/sycomore\/bio\/(num_dept)\/998\" target=\"_blank\" rel=\"noopener\"><span class=\"footnote_url_wrap\">https:\/\/www2.assemblee-nationale.fr\/sycomore\/bio\/(num_dept)\/998<\/span><\/a><\/span><\/span><script type=\"text\/javascript\"> jQuery('#footnote_plugin_tooltip_121443_1_2').tooltip({ tip: '#footnote_plugin_tooltip_text_121443_1_2', tipClass: 'footnote_tooltip', effect: 'fade', predelay: 0, fadeInSpeed: 200, delay: 400, fadeOutSpeed: 200, position: 'top center', relative: true, offset: [-7, 0], });<\/script>.Bossoutrot, who was part of a resistance network in the Lot region, welcomed Georges and his mother Alice to his home in Boussac. From December 1, 1942 to September 20, 1944, Georges took part in the resistance operations of the Buckmaster network\u00a0(<a href=\"https:\/\/en.wikipedia.org\/wiki\/List_of_SOE_F_Section_networks_and_agents\" target=\"_blank\" rel=\"noopener\">Hilaire-WHEELWRIGHT<\/a>) which organized sabotage and parachuting operations throughout France. In 1944, Georges married for the second time Mich\u00e8le Bossoutrot, with whom he had two children: St\u00e9phane born in May 1942 and Nathalie born in November 1945. In 1950, he married for the third time <a href=\"https:\/\/family.rothschildarchive.org\/people\/160-monique-charlotte-therese-de-rothschild-1925-2018\" target=\"_blank\" rel=\"noopener\">Monique de Rothschild (1925-2018)<\/a>, from whom he later divorced to live again with Janine Delamare de Boutteville.<\/p>\r\n\r\n<div class=\"wp-block-columns are-vertically-aligned-center has-small-font-size is-layout-flex wp-container-core-columns-is-layout-9d6595d7 wp-block-columns-is-layout-flex\">\r\n<div class=\"wp-block-column is-vertically-aligned-center is-layout-flow wp-block-column-is-layout-flow\"><div class=\"wp-block-image\">\r\n<figure class=\"aligncenter size-full\">\r\n<figure id=\"attachment_121403\" aria-describedby=\"caption-attachment-121403\" style=\"width: 337px\" class=\"wp-caption alignnone\"><img decoding=\"async\" class=\"wp-image-121403\" src=\"https:\/\/www.iemj.org\/wp-content\/uploads\/2025\/05\/2.Georges-et-Jeanine-au-Caire_1938_redim.jpg\" alt=\"\" width=\"337\" height=\"450\" srcset=\"https:\/\/www.iemj.org\/wp-content\/uploads\/2025\/05\/2.Georges-et-Jeanine-au-Caire_1938_redim.jpg 337w, https:\/\/www.iemj.org\/wp-content\/uploads\/2025\/05\/2.Georges-et-Jeanine-au-Caire_1938_redim-225x300.jpg 225w\" sizes=\"(max-width: 337px) 100vw, 337px\" \/><figcaption id=\"caption-attachment-121403\" class=\"wp-caption-text\"><strong>Georges and Jeanine in Cairo,1938<\/strong><\/figcaption><\/figure>\r\n<\/figure>\r\n<\/div><\/div>\r\n\r\n\r\n\r\n<div class=\"wp-block-column is-vertically-aligned-center is-layout-flow wp-block-column-is-layout-flow\"><div class=\"wp-block-image\">\r\n<figure class=\"aligncenter size-full\">\r\n<figure id=\"attachment_121408\" aria-describedby=\"caption-attachment-121408\" style=\"width: 337px\" class=\"wp-caption alignnone\"><img decoding=\"async\" class=\"wp-image-121408\" src=\"https:\/\/www.iemj.org\/wp-content\/uploads\/2025\/05\/3.Michele-Bossoutrot_redim.jpg\" alt=\"\" width=\"337\" height=\"450\" srcset=\"https:\/\/www.iemj.org\/wp-content\/uploads\/2025\/05\/3.Michele-Bossoutrot_redim.jpg 337w, https:\/\/www.iemj.org\/wp-content\/uploads\/2025\/05\/3.Michele-Bossoutrot_redim-225x300.jpg 225w\" sizes=\"(max-width: 337px) 100vw, 337px\" \/><figcaption id=\"caption-attachment-121408\" class=\"wp-caption-text\"><strong>Mich\u00e8le Bossoutrot<\/strong><\/figcaption><\/figure>\r\n<\/figure>\r\n<\/div><\/div>\r\n<\/div>\r\n\r\n<p>During the two years he spent in hiding in the Lot region, Georges learned to work the land, which led him to settle in La Chapelle-en-Serval, in the hunting lodge built by his father. With a passion for agriculture, he specialized in growing grass for breeding horses and cattle with INRA (Institut national de la recherche agronomique), where he met Ren\u00e9 Dumont, founder of the ecology movement, who was also a left-wing farmer. He also raises Charolais cattle and racehorses at the Haras de la Censi\u00e8re.<\/p>\r\n\r\n<div class=\"wp-block-columns are-vertically-aligned-center is-layout-flex wp-container-core-columns-is-layout-9d6595d7 wp-block-columns-is-layout-flex\">\r\n<div class=\"wp-block-column is-vertically-aligned-center is-layout-flow wp-block-column-is-layout-flow\"><div class=\"wp-block-image\">\r\n<figure class=\"aligncenter size-full\">\r\n<figure id=\"attachment_121413\" aria-describedby=\"caption-attachment-121413\" style=\"width: 337px\" class=\"wp-caption alignnone\"><img loading=\"lazy\" decoding=\"async\" class=\"wp-image-121413\" src=\"https:\/\/www.iemj.org\/wp-content\/uploads\/2025\/05\/4.Le-Chateau-de-La-Chapelle-en-Serval_redim.jpg\" alt=\"\" width=\"337\" height=\"450\" srcset=\"https:\/\/www.iemj.org\/wp-content\/uploads\/2025\/05\/4.Le-Chateau-de-La-Chapelle-en-Serval_redim.jpg 337w, https:\/\/www.iemj.org\/wp-content\/uploads\/2025\/05\/4.Le-Chateau-de-La-Chapelle-en-Serval_redim-225x300.jpg 225w\" sizes=\"(max-width: 337px) 100vw, 337px\" \/><figcaption id=\"caption-attachment-121413\" class=\"wp-caption-text\"><strong>The Castle of La Chapelle en Serval<\/strong><\/figcaption><\/figure>\r\n<\/figure>\r\n<\/div><\/div>\r\n\r\n\r\n\r\n<div class=\"wp-block-column is-vertically-aligned-center is-layout-flow wp-block-column-is-layout-flow\"><div class=\"wp-block-image\">\r\n<figure class=\"aligncenter size-full\">\r\n<figure id=\"attachment_121418\" aria-describedby=\"caption-attachment-121418\" style=\"width: 337px\" class=\"wp-caption alignnone\"><img loading=\"lazy\" decoding=\"async\" class=\"wp-image-121418\" src=\"https:\/\/www.iemj.org\/wp-content\/uploads\/2025\/05\/5.Georges-Halphen-dans-ses-champs_redim.jpg\" alt=\"\" width=\"337\" height=\"450\" srcset=\"https:\/\/www.iemj.org\/wp-content\/uploads\/2025\/05\/5.Georges-Halphen-dans-ses-champs_redim.jpg 337w, https:\/\/www.iemj.org\/wp-content\/uploads\/2025\/05\/5.Georges-Halphen-dans-ses-champs_redim-225x300.jpg 225w\" sizes=\"(max-width: 337px) 100vw, 337px\" \/><figcaption id=\"caption-attachment-121418\" class=\"wp-caption-text\"><strong>Georges Halphen in his fields<\/strong><\/figcaption><\/figure>\r\n<\/figure>\r\n<\/div><\/div>\r\n<\/div>\r\n\r\n<p>Very attached to his village, Georges Halphen was mayor of La Chapelle-en-Serval for 35 years. He developed a number of infrastructure projects, including a school complex, a secondary school, a stadium and social housing, for which he donated a large plot of land and a small building to create a post office. Later, he had the commune acquire a beautiful Napoleon III house, with a large park, which became the new town hall of La Chapelle-en-Serval, making it one of the most beautiful town halls in the canton. He also chaired the urban planning commission for the Sch\u00e9ma directeur d&#8217;am\u00e9nagement et d&#8217;urbanisme de la Vall\u00e9e de Lisieux.<\/p>\r\n<p><img loading=\"lazy\" decoding=\"async\" class=\"alignleft  wp-image-121423\" src=\"https:\/\/www.iemj.org\/wp-content\/uploads\/2025\/05\/6.Portrait-de-Fernand-Halphen-enfant-peint-par-Auguste-Renoir-1880-259x300.jpg\" alt=\"\" width=\"198\" height=\"229\" srcset=\"https:\/\/www.iemj.org\/wp-content\/uploads\/2025\/05\/6.Portrait-de-Fernand-Halphen-enfant-peint-par-Auguste-Renoir-1880-259x300.jpg 259w, https:\/\/www.iemj.org\/wp-content\/uploads\/2025\/05\/6.Portrait-de-Fernand-Halphen-enfant-peint-par-Auguste-Renoir-1880.jpg 350w\" sizes=\"(max-width: 198px) 100vw, 198px\" \/>From an early age, Georges was drawn to art and archaeology. His travels included a trip to Bali in 1938, a marvellous island with very few tourists at the time. He made numerous trips to Asia, particularly Cambodia, and developed a passion for the art of the region. Over the years, he built up a remarkable collection of Asian art (from China to Egypt), including objects of great craftsmanship, which he donated to numerous museums, including the Mus\u00e9e Guimet, the Mus\u00e9e du quai Branly (also known as the Mus\u00e9e des arts premiers) and the Mus\u00e9e d&#8217;Orsay, which received a portrait of his father <em>Fernand Halphen enfant, (<\/em>Fernand Halphen as a child), painted by Renoir.<\/p>\r\n<p>Fascinated by the Peruvian Indians and their civilization, Georges Halphen collected, towards the end of his life, the feather garments and mortuary costumes that enveloped the dead in their tombs, the prerogative of the kings and elite of the Inca empire, who were believed to possess mystical powers. Fascinated by the subject, he organized an exhibition at the Maison de l&#8217;Am\u00e9rique latine in June 2003, which he unfortunately was unable to attend, dying beforehand on May 6, 2023.<\/p>\r\n\r\n<div class=\"wp-block-columns are-vertically-aligned-center is-layout-flex wp-container-core-columns-is-layout-9d6595d7 wp-block-columns-is-layout-flex\">\r\n<div class=\"wp-block-column is-vertically-aligned-center is-layout-flow wp-block-column-is-layout-flow\"><div class=\"wp-block-image\">\r\n<figure class=\"aligncenter size-full\"><img loading=\"lazy\" decoding=\"async\" width=\"458\" height=\"346\" class=\"wp-image-121428\" src=\"https:\/\/www.iemj.org\/wp-content\/uploads\/2025\/05\/7.Capture-Tunique-de-plume-detail_coll-Georges-Halphen_Quai-Branly.jpg\" alt=\"\" srcset=\"https:\/\/www.iemj.org\/wp-content\/uploads\/2025\/05\/7.Capture-Tunique-de-plume-detail_coll-Georges-Halphen_Quai-Branly.jpg 458w, https:\/\/www.iemj.org\/wp-content\/uploads\/2025\/05\/7.Capture-Tunique-de-plume-detail_coll-Georges-Halphen_Quai-Branly-300x227.jpg 300w\" sizes=\"(max-width: 458px) 100vw, 458px\" \/><\/figure>\r\n<\/div><\/div>\r\n\r\n\r\n\r\n<div class=\"wp-block-column is-vertically-aligned-center is-layout-flow wp-block-column-is-layout-flow\"><div class=\"wp-block-image\">\r\n<figure class=\"aligncenter size-full is-resized\"><img loading=\"lazy\" decoding=\"async\" width=\"357\" height=\"501\" class=\"wp-image-121433\" style=\"width: 254px; height: auto;\" src=\"https:\/\/www.iemj.org\/wp-content\/uploads\/2025\/05\/8.Capture-Tete-de-postiche_coll-Georges-Halphen_Quai-Branly.jpg\" alt=\"\" srcset=\"https:\/\/www.iemj.org\/wp-content\/uploads\/2025\/05\/8.Capture-Tete-de-postiche_coll-Georges-Halphen_Quai-Branly.jpg 357w, https:\/\/www.iemj.org\/wp-content\/uploads\/2025\/05\/8.Capture-Tete-de-postiche_coll-Georges-Halphen_Quai-Branly-214x300.jpg 214w\" sizes=\"(max-width: 357px) 100vw, 357px\" \/><\/figure>\r\n<\/div><\/div>\r\n<\/div>\r\n\r\n<p>In November 2023, his entire collection was offered for sale by the renowned auction house Christie&#8217;s.<\/p>\r\n<p>Georges Halphen leaves behind the image of a passionate, charming and morally upright man. In 1992, together with his sister Henriette Halphen-Schumann, he created the Alice and Fernand Halphen Foundation, under the aegis of the Fondation de France, which for years supported the work of <a href=\"https:\/\/www.iemj.org\/en\/yuval-association\/\" target=\"_blank\" rel=\"noopener\">Yuval, association fran\u00e7aise pour la pr\u00e9servation des traditions musicales juives<\/a>, (a French association for the preservation of Jewish musical traditions).<\/p>\r\n<p><a href=\"https:\/\/www.berthomeau.com\/2016\/08\/exile-dans-les-bois-a-la-chapelle-en-serval-chez-georges-halphen-grand-amateur-de-textiles-precolombiens-exposes-au-musee-des-arts-p\" target=\"_blank\" rel=\"noopener\">More about Georges Halphen<\/a><\/p>\r\n\r\n<p>&nbsp;<\/p>\r\n<div class=\"speaker-mute footnotes_reference_container\"> <div class=\"footnote_container_prepare\"><p><span role=\"button\" tabindex=\"0\" class=\"footnote_reference_container_label pointer\" onclick=\"footnote_expand_collapse_reference_container_121443_1();\">&#x202F;<\/span><span role=\"button\" tabindex=\"0\" class=\"footnote_reference_container_collapse_button\" style=\"display: none;\" onclick=\"footnote_expand_collapse_reference_container_121443_1();\">[<a id=\"footnote_reference_container_collapse_button_121443_1\">+<\/a>]<\/span><\/p><\/div> <div id=\"footnote_references_container_121443_1\" style=\"\"><table class=\"footnotes_table footnote-reference-container\"><caption class=\"accessibility\">References<\/caption> <tbody> \r\n\r\n<tr class=\"footnotes_plugin_reference_row\"> <th scope=\"row\" class=\"footnote_plugin_index_combi pointer\"  onclick=\"footnote_moveToAnchor_121443_1('footnote_plugin_tooltip_121443_1_1');\"><a id=\"footnote_plugin_reference_121443_1_1\" class=\"footnote_backlink\">1<\/a><\/th> <td class=\"footnote_plugin_text\">This ch\u00e2teau, which originally housed a theater, was later sold in the early 1990s and renamed \u201cChateau H\u00f4tel Mont Royal\u201d. It is currently owned by a luxury hotel group.<\/td><\/tr>\r\n\r\n<tr class=\"footnotes_plugin_reference_row\"> <th scope=\"row\" class=\"footnote_plugin_index_combi pointer\"  onclick=\"footnote_moveToAnchor_121443_1('footnote_plugin_tooltip_121443_1_2');\"><a id=\"footnote_plugin_reference_121443_1_2\" class=\"footnote_backlink\">2<\/a><\/th> <td class=\"footnote_plugin_text\">See also her biography at <a href=\"https:\/\/www2.assemblee-nationale.fr\/sycomore\/bio\/(num_dept)\/998\" target=\"_blank\" rel=\"noopener\"><span class=\"footnote_url_wrap\">https:\/\/www2.assemblee-nationale.fr\/sycomore\/bio\/(num_dept)\/998<\/span><\/a><\/td><\/tr>\r\n\r\n <\/tbody> <\/table> <\/div><\/div><script type=\"text\/javascript\"> function footnote_expand_reference_container_121443_1() { jQuery('#footnote_references_container_121443_1').show(); jQuery('#footnote_reference_container_collapse_button_121443_1').text('\u2212'); } function footnote_collapse_reference_container_121443_1() { jQuery('#footnote_references_container_121443_1').hide(); jQuery('#footnote_reference_container_collapse_button_121443_1').text('+'); } function footnote_expand_collapse_reference_container_121443_1() { if (jQuery('#footnote_references_container_121443_1').is(':hidden')) { footnote_expand_reference_container_121443_1(); } else { footnote_collapse_reference_container_121443_1(); } } function footnote_moveToReference_121443_1(p_str_TargetID) { footnote_expand_reference_container_121443_1(); var l_obj_Target = jQuery('#' + p_str_TargetID); if (l_obj_Target.length) { jQuery( 'html, body' ).delay( 0 ); jQuery('html, body').animate({ scrollTop: l_obj_Target.offset().top - window.innerHeight * 0.2 }, 380); } } function footnote_moveToAnchor_121443_1(p_str_TargetID) { footnote_expand_reference_container_121443_1(); var l_obj_Target = jQuery('#' + p_str_TargetID); if (l_obj_Target.length) { jQuery( 'html, body' ).delay( 0 ); jQuery('html, body').animate({ scrollTop: l_obj_Target.offset().top - window.innerHeight * 0.2 }, 380); } }<\/script>","protected":false},"excerpt":{"rendered":"","protected":false},"author":5,"featured_media":121390,"comment_status":"closed","ping_status":"closed","sticky":false,"template":"","format":"standard","meta":{"_acf_changed":false,"footnotes":""},"categories":[903],"tags":[],"technique":[],"squelettes":[],"sujet":[],"formation":[],"genre":[],"fonds":[],"tradition":[],"type-de-contenu":[],"interprete-compositeur":[],"frise":[],"type-devenement":[],"tableaux-liens-externes":[],"class_list":["post-121443","post","type-post","status-publish","format-standard","has-post-thumbnail","hentry","category-biographies-en"],"acf":[],"yoast_head":"<!-- This site is optimized with the Yoast SEO plugin v27.3 - https:\/\/yoast.com\/product\/yoast-seo-wordpress\/ -->\n<title>Halphen, Georges (1913-2003) - Institut Europ\u00e9en des Musiques Juives<\/title>\n<meta name=\"robots\" content=\"index, follow, max-snippet:-1, max-image-preview:large, max-video-preview:-1\" \/>\n<link rel=\"canonical\" href=\"https:\/\/www.iemj.org\/en\/halphen-georges-1913-2003\/\" \/>\n<meta property=\"og:locale\" content=\"en_US\" \/>\n<meta property=\"og:type\" content=\"article\" \/>\n<meta property=\"og:title\" content=\"Halphen, Georges (1913-2003) - Institut Europ\u00e9en des Musiques Juives\" \/>\n<meta property=\"og:url\" content=\"https:\/\/www.iemj.org\/en\/halphen-georges-1913-2003\/\" \/>\n<meta property=\"og:site_name\" content=\"Institut Europ\u00e9en des Musiques Juives\" \/>\n<meta property=\"article:publisher\" content=\"https:\/\/www.facebook.com\/MusiquesJuives\/\" \/>\n<meta property=\"article:published_time\" content=\"2025-05-28T15:27:21+00:00\" \/>\n<meta property=\"article:modified_time\" content=\"2025-06-03T11:23:38+00:00\" \/>\n<meta property=\"og:image\" content=\"https:\/\/www.iemj.org\/wp-content\/uploads\/2025\/05\/Logo-Bio-Georges-Halphen.jpg\" \/>\n\t<meta property=\"og:image:width\" content=\"181\" \/>\n\t<meta property=\"og:image:height\" content=\"218\" \/>\n\t<meta property=\"og:image:type\" content=\"image\/jpeg\" \/>\n<meta name=\"author\" content=\"Jacqueline ROTEN\" \/>\n<meta name=\"twitter:card\" content=\"summary_large_image\" \/>\n<meta name=\"twitter:label1\" content=\"Written by\" \/>\n\t<meta name=\"twitter:data1\" content=\"Jacqueline ROTEN\" \/>\n\t<meta name=\"twitter:label2\" content=\"Est. reading time\" \/>\n\t<meta name=\"twitter:data2\" content=\"7 minutes\" \/>\n<script type=\"application\/ld+json\" class=\"yoast-schema-graph\">{\"@context\":\"https:\\\/\\\/schema.org\",\"@graph\":[{\"@type\":\"Article\",\"@id\":\"https:\\\/\\\/www.iemj.org\\\/en\\\/halphen-georges-1913-2003\\\/#article\",\"isPartOf\":{\"@id\":\"https:\\\/\\\/www.iemj.org\\\/en\\\/halphen-georges-1913-2003\\\/\"},\"author\":{\"name\":\"Jacqueline ROTEN\",\"@id\":\"https:\\\/\\\/www.iemj.org\\\/en\\\/#\\\/schema\\\/person\\\/358e26c18aca017fcc4cc15437f7279c\"},\"headline\":\"Halphen, Georges (1913-2003)\",\"datePublished\":\"2025-05-28T15:27:21+00:00\",\"dateModified\":\"2025-06-03T11:23:38+00:00\",\"mainEntityOfPage\":{\"@id\":\"https:\\\/\\\/www.iemj.org\\\/en\\\/halphen-georges-1913-2003\\\/\"},\"wordCount\":859,\"publisher\":{\"@id\":\"https:\\\/\\\/www.iemj.org\\\/en\\\/#organization\"},\"image\":{\"@id\":\"https:\\\/\\\/www.iemj.org\\\/en\\\/halphen-georges-1913-2003\\\/#primaryimage\"},\"thumbnailUrl\":\"https:\\\/\\\/www.iemj.org\\\/wp-content\\\/uploads\\\/2025\\\/05\\\/Logo-Bio-Georges-Halphen.jpg\",\"articleSection\":[\"Biographies\"],\"inLanguage\":\"en-US\"},{\"@type\":\"WebPage\",\"@id\":\"https:\\\/\\\/www.iemj.org\\\/en\\\/halphen-georges-1913-2003\\\/\",\"url\":\"https:\\\/\\\/www.iemj.org\\\/en\\\/halphen-georges-1913-2003\\\/\",\"name\":\"Halphen, Georges (1913-2003) - Institut Europ\u00e9en des Musiques Juives\",\"isPartOf\":{\"@id\":\"https:\\\/\\\/www.iemj.org\\\/en\\\/#website\"},\"primaryImageOfPage\":{\"@id\":\"https:\\\/\\\/www.iemj.org\\\/en\\\/halphen-georges-1913-2003\\\/#primaryimage\"},\"image\":{\"@id\":\"https:\\\/\\\/www.iemj.org\\\/en\\\/halphen-georges-1913-2003\\\/#primaryimage\"},\"thumbnailUrl\":\"https:\\\/\\\/www.iemj.org\\\/wp-content\\\/uploads\\\/2025\\\/05\\\/Logo-Bio-Georges-Halphen.jpg\",\"datePublished\":\"2025-05-28T15:27:21+00:00\",\"dateModified\":\"2025-06-03T11:23:38+00:00\",\"breadcrumb\":{\"@id\":\"https:\\\/\\\/www.iemj.org\\\/en\\\/halphen-georges-1913-2003\\\/#breadcrumb\"},\"inLanguage\":\"en-US\",\"potentialAction\":[{\"@type\":\"ReadAction\",\"target\":[\"https:\\\/\\\/www.iemj.org\\\/en\\\/halphen-georges-1913-2003\\\/\"]}]},{\"@type\":\"ImageObject\",\"inLanguage\":\"en-US\",\"@id\":\"https:\\\/\\\/www.iemj.org\\\/en\\\/halphen-georges-1913-2003\\\/#primaryimage\",\"url\":\"https:\\\/\\\/www.iemj.org\\\/wp-content\\\/uploads\\\/2025\\\/05\\\/Logo-Bio-Georges-Halphen.jpg\",\"contentUrl\":\"https:\\\/\\\/www.iemj.org\\\/wp-content\\\/uploads\\\/2025\\\/05\\\/Logo-Bio-Georges-Halphen.jpg\",\"width\":181,\"height\":218},{\"@type\":\"BreadcrumbList\",\"@id\":\"https:\\\/\\\/www.iemj.org\\\/en\\\/halphen-georges-1913-2003\\\/#breadcrumb\",\"itemListElement\":[{\"@type\":\"ListItem\",\"position\":1,\"name\":\"Accueil\",\"item\":\"https:\\\/\\\/www.iemj.org\\\/en\\\/\"},{\"@type\":\"ListItem\",\"position\":2,\"name\":\"Halphen, Georges (1913-2003)\"}]},{\"@type\":\"WebSite\",\"@id\":\"https:\\\/\\\/www.iemj.org\\\/en\\\/#website\",\"url\":\"https:\\\/\\\/www.iemj.org\\\/en\\\/\",\"name\":\"Institut Europ\u00e9en des Musiques Juives\",\"description\":\"Des traditions musicales \u00e0 la port\u00e9e de tous\",\"publisher\":{\"@id\":\"https:\\\/\\\/www.iemj.org\\\/en\\\/#organization\"},\"potentialAction\":[{\"@type\":\"SearchAction\",\"target\":{\"@type\":\"EntryPoint\",\"urlTemplate\":\"https:\\\/\\\/www.iemj.org\\\/en\\\/?s={search_term_string}\"},\"query-input\":{\"@type\":\"PropertyValueSpecification\",\"valueRequired\":true,\"valueName\":\"search_term_string\"}}],\"inLanguage\":\"en-US\"},{\"@type\":\"Organization\",\"@id\":\"https:\\\/\\\/www.iemj.org\\\/en\\\/#organization\",\"name\":\"Institut Europ\u00e9en des Musiques Juives\",\"url\":\"https:\\\/\\\/www.iemj.org\\\/en\\\/\",\"logo\":{\"@type\":\"ImageObject\",\"inLanguage\":\"en-US\",\"@id\":\"https:\\\/\\\/www.iemj.org\\\/en\\\/#\\\/schema\\\/logo\\\/image\\\/\",\"url\":\"https:\\\/\\\/www.iemj.org\\\/wp-content\\\/uploads\\\/2021\\\/09\\\/Logo-IEMJ-Paypal.jpg\",\"contentUrl\":\"https:\\\/\\\/www.iemj.org\\\/wp-content\\\/uploads\\\/2021\\\/09\\\/Logo-IEMJ-Paypal.jpg\",\"width\":150,\"height\":50,\"caption\":\"Institut Europ\u00e9en des Musiques Juives\"},\"image\":{\"@id\":\"https:\\\/\\\/www.iemj.org\\\/en\\\/#\\\/schema\\\/logo\\\/image\\\/\"},\"sameAs\":[\"https:\\\/\\\/www.facebook.com\\\/MusiquesJuives\\\/\",\"https:\\\/\\\/www.instagram.com\\\/musiquesjuives\\\/\",\"https:\\\/\\\/www.youtube.com\\\/user\\\/musiquesjuives\"]},{\"@type\":\"Person\",\"@id\":\"https:\\\/\\\/www.iemj.org\\\/en\\\/#\\\/schema\\\/person\\\/358e26c18aca017fcc4cc15437f7279c\",\"name\":\"Jacqueline ROTEN\",\"image\":{\"@type\":\"ImageObject\",\"inLanguage\":\"en-US\",\"@id\":\"https:\\\/\\\/secure.gravatar.com\\\/avatar\\\/5964256d6c6957de3a3505278957e0fb2a35119ac47ea41827a65301213c810b?s=96&d=mm&r=g\",\"url\":\"https:\\\/\\\/secure.gravatar.com\\\/avatar\\\/5964256d6c6957de3a3505278957e0fb2a35119ac47ea41827a65301213c810b?s=96&d=mm&r=g\",\"contentUrl\":\"https:\\\/\\\/secure.gravatar.com\\\/avatar\\\/5964256d6c6957de3a3505278957e0fb2a35119ac47ea41827a65301213c810b?s=96&d=mm&r=g\",\"caption\":\"Jacqueline ROTEN\"}}]}<\/script>\n<!-- \/ Yoast SEO plugin. -->","yoast_head_json":{"title":"Halphen, Georges (1913-2003) - Institut Europ\u00e9en des Musiques Juives","robots":{"index":"index","follow":"follow","max-snippet":"max-snippet:-1","max-image-preview":"max-image-preview:large","max-video-preview":"max-video-preview:-1"},"canonical":"https:\/\/www.iemj.org\/en\/halphen-georges-1913-2003\/","og_locale":"en_US","og_type":"article","og_title":"Halphen, Georges (1913-2003) - Institut Europ\u00e9en des Musiques Juives","og_url":"https:\/\/www.iemj.org\/en\/halphen-georges-1913-2003\/","og_site_name":"Institut Europ\u00e9en des Musiques Juives","article_publisher":"https:\/\/www.facebook.com\/MusiquesJuives\/","article_published_time":"2025-05-28T15:27:21+00:00","article_modified_time":"2025-06-03T11:23:38+00:00","og_image":[{"width":181,"height":218,"url":"https:\/\/www.iemj.org\/wp-content\/uploads\/2025\/05\/Logo-Bio-Georges-Halphen.jpg","type":"image\/jpeg"}],"author":"Jacqueline ROTEN","twitter_card":"summary_large_image","twitter_misc":{"Written by":"Jacqueline ROTEN","Est. reading time":"7 minutes"},"schema":{"@context":"https:\/\/schema.org","@graph":[{"@type":"Article","@id":"https:\/\/www.iemj.org\/en\/halphen-georges-1913-2003\/#article","isPartOf":{"@id":"https:\/\/www.iemj.org\/en\/halphen-georges-1913-2003\/"},"author":{"name":"Jacqueline ROTEN","@id":"https:\/\/www.iemj.org\/en\/#\/schema\/person\/358e26c18aca017fcc4cc15437f7279c"},"headline":"Halphen, Georges (1913-2003)","datePublished":"2025-05-28T15:27:21+00:00","dateModified":"2025-06-03T11:23:38+00:00","mainEntityOfPage":{"@id":"https:\/\/www.iemj.org\/en\/halphen-georges-1913-2003\/"},"wordCount":859,"publisher":{"@id":"https:\/\/www.iemj.org\/en\/#organization"},"image":{"@id":"https:\/\/www.iemj.org\/en\/halphen-georges-1913-2003\/#primaryimage"},"thumbnailUrl":"https:\/\/www.iemj.org\/wp-content\/uploads\/2025\/05\/Logo-Bio-Georges-Halphen.jpg","articleSection":["Biographies"],"inLanguage":"en-US"},{"@type":"WebPage","@id":"https:\/\/www.iemj.org\/en\/halphen-georges-1913-2003\/","url":"https:\/\/www.iemj.org\/en\/halphen-georges-1913-2003\/","name":"Halphen, Georges (1913-2003) - Institut Europ\u00e9en des Musiques Juives","isPartOf":{"@id":"https:\/\/www.iemj.org\/en\/#website"},"primaryImageOfPage":{"@id":"https:\/\/www.iemj.org\/en\/halphen-georges-1913-2003\/#primaryimage"},"image":{"@id":"https:\/\/www.iemj.org\/en\/halphen-georges-1913-2003\/#primaryimage"},"thumbnailUrl":"https:\/\/www.iemj.org\/wp-content\/uploads\/2025\/05\/Logo-Bio-Georges-Halphen.jpg","datePublished":"2025-05-28T15:27:21+00:00","dateModified":"2025-06-03T11:23:38+00:00","breadcrumb":{"@id":"https:\/\/www.iemj.org\/en\/halphen-georges-1913-2003\/#breadcrumb"},"inLanguage":"en-US","potentialAction":[{"@type":"ReadAction","target":["https:\/\/www.iemj.org\/en\/halphen-georges-1913-2003\/"]}]},{"@type":"ImageObject","inLanguage":"en-US","@id":"https:\/\/www.iemj.org\/en\/halphen-georges-1913-2003\/#primaryimage","url":"https:\/\/www.iemj.org\/wp-content\/uploads\/2025\/05\/Logo-Bio-Georges-Halphen.jpg","contentUrl":"https:\/\/www.iemj.org\/wp-content\/uploads\/2025\/05\/Logo-Bio-Georges-Halphen.jpg","width":181,"height":218},{"@type":"BreadcrumbList","@id":"https:\/\/www.iemj.org\/en\/halphen-georges-1913-2003\/#breadcrumb","itemListElement":[{"@type":"ListItem","position":1,"name":"Accueil","item":"https:\/\/www.iemj.org\/en\/"},{"@type":"ListItem","position":2,"name":"Halphen, Georges (1913-2003)"}]},{"@type":"WebSite","@id":"https:\/\/www.iemj.org\/en\/#website","url":"https:\/\/www.iemj.org\/en\/","name":"Institut Europ\u00e9en des Musiques Juives","description":"Des traditions musicales \u00e0 la port\u00e9e de tous","publisher":{"@id":"https:\/\/www.iemj.org\/en\/#organization"},"potentialAction":[{"@type":"SearchAction","target":{"@type":"EntryPoint","urlTemplate":"https:\/\/www.iemj.org\/en\/?s={search_term_string}"},"query-input":{"@type":"PropertyValueSpecification","valueRequired":true,"valueName":"search_term_string"}}],"inLanguage":"en-US"},{"@type":"Organization","@id":"https:\/\/www.iemj.org\/en\/#organization","name":"Institut Europ\u00e9en des Musiques Juives","url":"https:\/\/www.iemj.org\/en\/","logo":{"@type":"ImageObject","inLanguage":"en-US","@id":"https:\/\/www.iemj.org\/en\/#\/schema\/logo\/image\/","url":"https:\/\/www.iemj.org\/wp-content\/uploads\/2021\/09\/Logo-IEMJ-Paypal.jpg","contentUrl":"https:\/\/www.iemj.org\/wp-content\/uploads\/2021\/09\/Logo-IEMJ-Paypal.jpg","width":150,"height":50,"caption":"Institut Europ\u00e9en des Musiques Juives"},"image":{"@id":"https:\/\/www.iemj.org\/en\/#\/schema\/logo\/image\/"},"sameAs":["https:\/\/www.facebook.com\/MusiquesJuives\/","https:\/\/www.instagram.com\/musiquesjuives\/","https:\/\/www.youtube.com\/user\/musiquesjuives"]},{"@type":"Person","@id":"https:\/\/www.iemj.org\/en\/#\/schema\/person\/358e26c18aca017fcc4cc15437f7279c","name":"Jacqueline ROTEN","image":{"@type":"ImageObject","inLanguage":"en-US","@id":"https:\/\/secure.gravatar.com\/avatar\/5964256d6c6957de3a3505278957e0fb2a35119ac47ea41827a65301213c810b?s=96&d=mm&r=g","url":"https:\/\/secure.gravatar.com\/avatar\/5964256d6c6957de3a3505278957e0fb2a35119ac47ea41827a65301213c810b?s=96&d=mm&r=g","contentUrl":"https:\/\/secure.gravatar.com\/avatar\/5964256d6c6957de3a3505278957e0fb2a35119ac47ea41827a65301213c810b?s=96&d=mm&r=g","caption":"Jacqueline ROTEN"}}]}},"_links":{"self":[{"href":"https:\/\/www.iemj.org\/en\/wp-json\/wp\/v2\/posts\/121443","targetHints":{"allow":["GET"]}}],"collection":[{"href":"https:\/\/www.iemj.org\/en\/wp-json\/wp\/v2\/posts"}],"about":[{"href":"https:\/\/www.iemj.org\/en\/wp-json\/wp\/v2\/types\/post"}],"author":[{"embeddable":true,"href":"https:\/\/www.iemj.org\/en\/wp-json\/wp\/v2\/users\/5"}],"replies":[{"embeddable":true,"href":"https:\/\/www.iemj.org\/en\/wp-json\/wp\/v2\/comments?post=121443"}],"version-history":[{"count":0,"href":"https:\/\/www.iemj.org\/en\/wp-json\/wp\/v2\/posts\/121443\/revisions"}],"wp:featuredmedia":[{"embeddable":true,"href":"https:\/\/www.iemj.org\/en\/wp-json\/wp\/v2\/media\/121390"}],"wp:attachment":[{"href":"https:\/\/www.iemj.org\/en\/wp-json\/wp\/v2\/media?parent=121443"}],"wp:term":[{"taxonomy":"category","embeddable":true,"href":"https:\/\/www.iemj.org\/en\/wp-json\/wp\/v2\/categories?post=121443"},{"taxonomy":"post_tag","embeddable":true,"href":"https:\/\/www.iemj.org\/en\/wp-json\/wp\/v2\/tags?post=121443"},{"taxonomy":"technique","embeddable":true,"href":"https:\/\/www.iemj.org\/en\/wp-json\/wp\/v2\/technique?post=121443"},{"taxonomy":"squelettes","embeddable":true,"href":"https:\/\/www.iemj.org\/en\/wp-json\/wp\/v2\/squelettes?post=121443"},{"taxonomy":"sujet","embeddable":true,"href":"https:\/\/www.iemj.org\/en\/wp-json\/wp\/v2\/sujet?post=121443"},{"taxonomy":"formation","embeddable":true,"href":"https:\/\/www.iemj.org\/en\/wp-json\/wp\/v2\/formation?post=121443"},{"taxonomy":"genre","embeddable":true,"href":"https:\/\/www.iemj.org\/en\/wp-json\/wp\/v2\/genre?post=121443"},{"taxonomy":"fonds","embeddable":true,"href":"https:\/\/www.iemj.org\/en\/wp-json\/wp\/v2\/fonds?post=121443"},{"taxonomy":"tradition","embeddable":true,"href":"https:\/\/www.iemj.org\/en\/wp-json\/wp\/v2\/tradition?post=121443"},{"taxonomy":"type-de-contenu","embeddable":true,"href":"https:\/\/www.iemj.org\/en\/wp-json\/wp\/v2\/type-de-contenu?post=121443"},{"taxonomy":"interprete-compositeur","embeddable":true,"href":"https:\/\/www.iemj.org\/en\/wp-json\/wp\/v2\/interprete-compositeur?post=121443"},{"taxonomy":"frise","embeddable":true,"href":"https:\/\/www.iemj.org\/en\/wp-json\/wp\/v2\/frise?post=121443"},{"taxonomy":"type-devenement","embeddable":true,"href":"https:\/\/www.iemj.org\/en\/wp-json\/wp\/v2\/type-devenement?post=121443"},{"taxonomy":"tableaux-liens-externes","embeddable":true,"href":"https:\/\/www.iemj.org\/en\/wp-json\/wp\/v2\/tableaux-liens-externes?post=121443"}],"curies":[{"name":"wp","href":"https:\/\/api.w.org\/{rel}","templated":true}]}}