{"id":121641,"date":"2025-06-02T17:08:54","date_gmt":"2025-06-02T15:08:54","guid":{"rendered":"https:\/\/www.iemj.org\/dans-les-salons-de-musique-parisiens\/"},"modified":"2025-06-08T11:15:23","modified_gmt":"2025-06-08T09:15:23","slug":"dans-les-salons-de-musique-parisiens","status":"publish","type":"post","link":"https:\/\/www.iemj.org\/en\/dans-les-salons-de-musique-parisiens\/","title":{"rendered":"In the music salons of Paris"},"content":{"rendered":"\r\n<h1 class=\"wp-block-heading\">Jewish patrons, musicians and composers of the late 19th century<\/h1>\r\n\r\n\r\n\r\n<p>&nbsp;<\/p>\r\n\r\n\r\n\r\n<h3 class=\"wp-block-heading\">Concert preceded by an historical and musical presentation of the works by Laure Schnapper, musicologist at the EHESS and President of the Institut Europ\u00e9en des Musiques Juives.<\/h3>\r\n\r\n\r\n\r\n<p><!--more--><\/p>\r\n\r\n\r\n\r\n<p><strong>Benjamin Alunni (vocals), David Bismuth (piano) and Sarah Iancu (cello)<\/strong><\/p>\r\n\r\n\r\n\r\n<p>At the turn of the 20th century, musical life in France depended above all on the support of a few enlightened patrons, music lovers and often composers themselves. Among these patrons were a large number of Jews &#8211; or Israelites &#8211; who ran music salons where the greatest composers and artists performed.<\/p>\r\n\r\n\r\n\r\n<p>This evening&#8217;s concert immerses us in the atmosphere of these music salons, featuring works premiered there by <a href=\"https:\/\/www.iemj.org\/en\/camondo-isaac-de-1850-1911\/\" target=\"_blank\" rel=\"noreferrer noopener\">Isaac de Camondo<\/a>, <a href=\"https:\/\/www.iemj.org\/en\/henry-deutsch-de-la-meurthe-1846-1919\/\" target=\"_blank\" rel=\"noopener\">Henry Deutsch de la Meurthe<\/a>, <a href=\"https:\/\/www.iemj.org\/en\/hahn-reynaldo-1874-1947\/\" target=\"_blank\" rel=\"noreferrer noopener\">Reynaldo Hahn<\/a>, <a href=\"https:\/\/www.iemj.org\/en\/halphen-fernand-1872-1917\/\" target=\"_blank\" rel=\"noreferrer noopener\">Fernand Halphen<\/a> and <a href=\"https:\/\/www.iemj.org\/en\/cahen-danvers-albert-1846-1903\/\" target=\"_blank\" rel=\"noreferrer noopener\">Albert Cahen d\u2019Anvers<\/a>. Melodies and chamber music prevailed at this time, contributing to the golden age of French music, whose greatest figures were Gabriel Faur\u00e9, Claude Debussy and Maurice Ravel.<\/p>\r\n\r\n\r\n<div class=\"wp-block-image\">\r\n<figure class=\"aligncenter size-full\"><img fetchpriority=\"high\" decoding=\"async\" width=\"925\" height=\"236\" class=\"wp-image-121603\" src=\"https:\/\/www.iemj.org\/wp-content\/uploads\/2025\/06\/Bandeau-Portraits-compositeurs.jpg\" alt=\"\" srcset=\"https:\/\/www.iemj.org\/wp-content\/uploads\/2025\/06\/Bandeau-Portraits-compositeurs.jpg 925w, https:\/\/www.iemj.org\/wp-content\/uploads\/2025\/06\/Bandeau-Portraits-compositeurs-300x77.jpg 300w, https:\/\/www.iemj.org\/wp-content\/uploads\/2025\/06\/Bandeau-Portraits-compositeurs-768x196.jpg 768w, https:\/\/www.iemj.org\/wp-content\/uploads\/2025\/06\/Bandeau-Portraits-compositeurs-600x153.jpg 600w\" sizes=\"(max-width: 925px) 100vw, 925px\" \/><\/figure>\r\n<\/div>\r\n\r\n<hr class=\"wp-block-separator has-text-color has-gray-color has-alpha-channel-opacity has-gray-background-color has-background is-style-default\" \/>\r\n\r\n\r\n<p><strong>Laure Schnapper<\/strong><\/p>\r\n\r\n\r\n\r\n<p>Laure Schnapper has devoted numerous articles to the history of musical life in France in the 19th century, and several books to Jewish composers:\u00a0<em>Henri Herz, magnat du piano. La vie musicale en France au 19e si\u00e8cle\u00a0<\/em>(EHESS, 2011<em>,\u00a0<\/em>Prix des Muses 2012)\u00a0;\u00a0<em>Du salon au front. Fernand Halphen (1872-1917), compositeur, m\u00e9c\u00e8ne et chef de musique militaire<\/em>\u00a0(Hermann, 2017) and\u00a0<em>Musique et musiciens de bal. Isaac Strauss au service de Napol\u00e9on III<\/em>\u00a0(Hermann, 2023, Prix Eug\u00e8ne-Carri\u00e8re de l\u2019Acad\u00e9mie fran\u00e7aise). She is currently working on a book dedicated to Isaac de Camondo.<\/p>\r\n\r\n\r\n\r\n<p><strong>Sarah Iancu<\/strong><\/p>\r\n\r\n\r\n\r\n<p>Sarah Iancu is a laureate of the Rostropovitch Competition and unanimously awarded First Prize for cello at the Conservatoire National Sup\u00e9rieur de Musique de Paris. Solo cellist with the Orchestre National du Capitole de Toulouse since 2002, she is also Professor of Cello at the Institut Sup\u00e9rieur des Arts de Toulouse. At the same time, she pursues a rich chamber music practice, notably in duo with pianist David Bismuth, with whom she has recorded two \u201cM\u00e9lodies H\u00e9bra\u00efques\u201d albums published by Editions de l&#8217;Institut Europ\u00e9en des Musiques Juives.<\/p>\r\n\r\n\r\n\r\n<p><strong>David Bismuth<\/strong><\/p>\r\n\r\n\r\n\r\n<p>Identified by Pianiste magazine as one of the ten most promising French pianists of his generation, David Bismuth entered the Conservatoire National Sup\u00e9rieur de Paris at the age of fourteen, studying with Gabriel Tacchino and then Brigitte Engerer. He went on to perfect his skills with Monique Deschauss\u00e9es, heir to Alfred Cortot, and with the great pianist Maria Joao Pires. In recent seasons, David Bismuth has performed with the Orchestre de Paris (Salle Pleyel), Orchestre National de France (Th\u00e9\u00e2tre du Ch\u00e2telet), Orchestre National du Capitole de Toulouse and Orchestre de Nice, under conductors including Andris Nelsons, Jaap van Zweden, Jean-Christophe Spinosi, Cornelius Meister, Michel Plasson and Rinaldo Alessandrini.<\/p>\r\n\r\n\r\n\r\n<p><strong>Benjamin Alumni<\/strong><\/p>\r\n\r\n\r\n\r\n<p>Benjamin Alunni studied singing at the Conservatoire National Sup\u00e9rieur de Musique et Danse in Paris, before joining the Norwegian Academy of Music in Oslo. Beginning as a tenor and flautist, he was introduced to the Baroque repertoire by Skip Semp\u00e9, Christophe Rousset and, above all, William Christie, with whom he took part in the legendary re-creation of Lully&#8217;s \u201cAtys\u201d in 2011. But French m\u00e9lodie, Lieder and contemporary music are also among his passions. Prix des Amis du Festival d&#8217;Art Lyrique d&#8217;Aix en Provence, he collaborates with numerous institutions on the international opera scene, including La Monnaie in Brussels, Tel-Aviv Opera and Op\u00e9ra-Comique in Paris. At the end of 2017, he released his first solo album Confluence{s}, which blends 20th-century French melodies with traditional melodies from Jewish culture (Klarthe Records).<\/p>\r\n\r\n\r\n\r\n<p>View videos of previous concerts by Sarah Iancu and David Bismuth<\/p>\r\n\r\n\r\n\r\n<ul class=\"wp-block-list\">\r\n<li><a href=\"https:\/\/www.iemj.org\/en\/concert-melodies-hebraiques\/\" target=\"_blank\" rel=\"noreferrer noopener\">https:\/\/www.iemj.org\/en\/concert-melodies-hebraiques<\/a><\/li>\r\n<\/ul>\r\n\r\n\r\n\r\n<ul class=\"wp-block-list\">\r\n<li><a href=\"https:\/\/youtu.be\/iLMg5s3Zdwo\" target=\"_blank\" rel=\"noreferrer noopener\">https:\/\/youtu.be\/iLMg5s3Zdwo<\/a><\/li>\r\n<\/ul>\r\n\r\n\r\n\r\n<p>Listen to excerpts from the CD Confluence{s} performed by Benjamin Alunni<\/p>\r\n\r\n\r\n\r\n<ul class=\"wp-block-list\">\r\n<li><a href=\"https:\/\/www.iemj.org\/en\/confluences-2\/\">https:\/\/www.iemj.org\/en\/confluences<\/a><\/li>\r\n<\/ul>\r\n\r\n\r\n<div class=\"wp-block-image\">\r\n<figure class=\"aligncenter size-large is-resized\"><a href=\"https:\/\/www.festivaldesculturesjuives.org\/\" target=\"_blank\" rel=\"noreferrer noopener\"><img decoding=\"async\" width=\"1024\" height=\"341\" class=\"wp-image-121612\" style=\"width: 982px; height: auto;\" src=\"https:\/\/www.iemj.org\/wp-content\/uploads\/2025\/06\/FDCJ20-Banniere-site-internet-horizontal-1200-x-400-px-1024x341.jpg\" alt=\"\" srcset=\"https:\/\/www.iemj.org\/wp-content\/uploads\/2025\/06\/FDCJ20-Banniere-site-internet-horizontal-1200-x-400-px-1024x341.jpg 1024w, https:\/\/www.iemj.org\/wp-content\/uploads\/2025\/06\/FDCJ20-Banniere-site-internet-horizontal-1200-x-400-px-300x100.jpg 300w, https:\/\/www.iemj.org\/wp-content\/uploads\/2025\/06\/FDCJ20-Banniere-site-internet-horizontal-1200-x-400-px-768x256.jpg 768w, https:\/\/www.iemj.org\/wp-content\/uploads\/2025\/06\/FDCJ20-Banniere-site-internet-horizontal-1200-x-400-px-600x200.jpg 600w, https:\/\/www.iemj.org\/wp-content\/uploads\/2025\/06\/FDCJ20-Banniere-site-internet-horizontal-1200-x-400-px.jpg 1200w\" sizes=\"(max-width: 1024px) 100vw, 1024px\" \/><\/a><\/figure>\r\n<\/div>\r\n\r\n\r\n<div class=\"wp-block-spacer\" style=\"height: 9px;\" aria-hidden=\"true\">\u00a0<\/div>\r\n\r\n\r\n\r\n<div class=\"wp-block-columns are-vertically-aligned-center is-layout-flex wp-container-core-columns-is-layout-9d6595d7 wp-block-columns-is-layout-flex\">\r\n<div class=\"wp-block-column is-vertically-aligned-center is-layout-flow wp-block-column-is-layout-flow\" style=\"flex-basis: 45%;\">\r\n<div class=\"wp-block-buttons has-white-background-color has-background is-content-justification-center is-layout-flex wp-container-core-buttons-is-layout-16018d1d wp-block-buttons-is-layout-flex\">\r\n<div class=\"wp-block-button has-custom-width wp-block-button__width-75 is-style-fill\"><a class=\"wp-block-button__link has-white-color has-text-color has-background has-link-color wp-element-button\" style=\"background-color: #3c4b98;\" href=\"https:\/\/www.festivaldesculturesjuives.org\/billetterie\/\" target=\"_blank\" rel=\"noreferrer noopener\"><strong>Reservation<\/strong><\/a><\/div>\r\n<\/div>\r\n<\/div>\r\n\r\n\r\n\r\n<div class=\"wp-block-column is-vertically-aligned-center is-layout-flow wp-block-column-is-layout-flow\">\r\n<h3 class=\"wp-block-heading has-text-color has-link-color wp-elements-4f776e68ff2a11125bf8d4629e89090b\" style=\"color: #3c4b98;\"><strong>DATE<\/strong><\/h3>\r\n\r\n\r\n\r\n<p>25\/06\/2025 20:00<\/p>\r\n\r\n\r\n\r\n<h3 class=\"wp-block-heading has-text-color has-link-color wp-elements-53cfbe99b75c0291c1fee910e25ca358\" style=\"color: #3c4b98;\"><strong>RATE<\/strong><\/h3>\r\n\r\n\r\n\r\n<p>Cat\u00e9gorie 1 : 18,00 \u20ac<\/p>\r\n\r\n\r\n\r\n<h3 class=\"wp-block-heading has-text-color has-link-color wp-elements-7d65ad3feeb0f2341dcda51bc53c0d25\" style=\"color: #3c4b98;\"><strong>LOCATION<\/strong><\/h3>\r\n\r\n\r\n\r\n<p><strong>Archives nationales \/ H\u00f4tel de Soubise<\/strong><br \/>60, rue des Francs Bourgeois<br \/>75003 Paris<\/p>\r\n<\/div>\r\n<\/div>\r\n\r\n\r\n<hr class=\"wp-block-separator has-text-color has-gray-color has-alpha-channel-opacity has-gray-background-color has-background is-style-default\" \/>\r\n\r\n\r\n<h2 class=\"wp-block-heading has-text-align-center\"><strong>Partner(s) \/ Organizer(s)<\/strong><\/h2>\r\n\r\n\r\n<hr class=\"wp-block-separator has-text-color has-gray-color has-alpha-channel-opacity has-gray-background-color has-background is-style-default\" \/>\r\n\r\n\r\n<div class=\"wp-block-columns are-vertically-aligned-center is-layout-flex wp-container-core-columns-is-layout-9d6595d7 wp-block-columns-is-layout-flex\">\r\n<div class=\"wp-block-column is-vertically-aligned-center is-layout-flow wp-block-column-is-layout-flow\"><div class=\"wp-block-image\">\r\n<figure class=\"aligncenter size-full is-resized\"><a href=\"https:\/\/www.iemj.org\/en\/\" target=\"_blank\" rel=\"noreferrer noopener\"><img decoding=\"async\" width=\"532\" height=\"190\" class=\"wp-image-111979\" style=\"width: 370px; height: auto;\" src=\"https:\/\/www.iemj.org\/wp-content\/uploads\/2024\/05\/IEMJ_LOGO_CMJN_HORIZONTAL_sans-fond-Copie-1.png\" alt=\"\" srcset=\"https:\/\/www.iemj.org\/wp-content\/uploads\/2024\/05\/IEMJ_LOGO_CMJN_HORIZONTAL_sans-fond-Copie-1.png 532w, https:\/\/www.iemj.org\/wp-content\/uploads\/2024\/05\/IEMJ_LOGO_CMJN_HORIZONTAL_sans-fond-Copie-1-300x107.png 300w\" sizes=\"(max-width: 532px) 100vw, 532px\" \/><\/a><\/figure>\r\n<\/div><\/div>\r\n\r\n\r\n\r\n<div class=\"wp-block-column is-vertically-aligned-center is-layout-flow wp-block-column-is-layout-flow\"><div class=\"wp-block-image\">\r\n<figure class=\"aligncenter size-full is-resized\"><a href=\"https:\/\/www.fsju.org\/\" target=\"_blank\" rel=\"noreferrer noopener\"><img loading=\"lazy\" decoding=\"async\" width=\"500\" height=\"190\" class=\"wp-image-111984\" style=\"width: 350px; height: auto;\" src=\"https:\/\/www.iemj.org\/wp-content\/uploads\/2024\/05\/LOGO-FSJU-sans-bl-1-1.jpg\" alt=\"\" srcset=\"https:\/\/www.iemj.org\/wp-content\/uploads\/2024\/05\/LOGO-FSJU-sans-bl-1-1.jpg 500w, https:\/\/www.iemj.org\/wp-content\/uploads\/2024\/05\/LOGO-FSJU-sans-bl-1-1-300x114.jpg 300w\" sizes=\"(max-width: 500px) 100vw, 500px\" \/><\/a><\/figure>\r\n<\/div><\/div>\r\n\r\n\r\n\r\n<div class=\"wp-block-column is-vertically-aligned-center is-layout-flow wp-block-column-is-layout-flow\"><div class=\"wp-block-image\">\r\n<figure class=\"aligncenter size-full is-resized\"><a href=\"https:\/\/www.archives-nationales.culture.gouv.fr\/\" target=\"_blank\" rel=\"noreferrer noopener\"><img loading=\"lazy\" decoding=\"async\" width=\"420\" height=\"144\" class=\"wp-image-84354\" style=\"width: 373px; height: auto;\" src=\"https:\/\/www.iemj.org\/wp-content\/uploads\/2022\/05\/logo-Archives-nationales.jpg\" alt=\"\" srcset=\"https:\/\/www.iemj.org\/wp-content\/uploads\/2022\/05\/logo-Archives-nationales.jpg 420w, https:\/\/www.iemj.org\/wp-content\/uploads\/2022\/05\/logo-Archives-nationales-300x103.jpg 300w\" sizes=\"(max-width: 420px) 100vw, 420px\" \/><\/a><\/figure>\r\n<\/div><\/div>\r\n<\/div>\r\n\r\n\r\n<hr class=\"wp-block-separator has-text-color has-gray-color has-alpha-channel-opacity has-gray-background-color has-background is-style-default\" \/>\r\n\r\n\r\n<p>&nbsp;<\/p>\r\n","protected":false},"excerpt":{"rendered":"<p>Jewish patrons, musicians and composers of the late 19th century &nbsp; Concert preceded by an historical and musical presentation of the works by Laure Schnapper, musicologist at the EHESS and<\/p>\n","protected":false},"author":5,"featured_media":121632,"comment_status":"closed","ping_status":"closed","sticky":false,"template":"","format":"standard","meta":{"_acf_changed":false,"footnotes":""},"categories":[1377,1369],"tags":[],"technique":[],"squelettes":[],"sujet":[],"formation":[],"genre":[1117],"fonds":[],"tradition":[],"type-de-contenu":[],"interprete-compositeur":[3163],"frise":[],"type-devenement":[],"tableaux-liens-externes":[],"class_list":["post-121641","post","type-post","status-publish","format-standard","has-post-thumbnail","hentry","category-concerts-events-en","category-events-en","genre-classical-music","interprete-compositeur-fernand-halphen-en"],"acf":[],"yoast_head":"<!-- This site is optimized with the Yoast SEO plugin v27.3 - https:\/\/yoast.com\/product\/yoast-seo-wordpress\/ -->\n<title>In the music salons of Paris - Institut Europ\u00e9en des Musiques Juives<\/title>\n<meta name=\"robots\" content=\"index, follow, max-snippet:-1, max-image-preview:large, max-video-preview:-1\" \/>\n<link rel=\"canonical\" href=\"https:\/\/www.iemj.org\/en\/dans-les-salons-de-musique-parisiens\/\" \/>\n<meta property=\"og:locale\" content=\"en_US\" \/>\n<meta property=\"og:type\" content=\"article\" \/>\n<meta property=\"og:title\" content=\"In the music salons of Paris - Institut Europ\u00e9en des Musiques Juives\" \/>\n<meta property=\"og:description\" content=\"Jewish patrons, musicians and composers of the late 19th century &nbsp; Concert preceded by an historical and musical presentation of the works by Laure Schnapper, musicologist at the EHESS and\" \/>\n<meta property=\"og:url\" content=\"https:\/\/www.iemj.org\/en\/dans-les-salons-de-musique-parisiens\/\" \/>\n<meta property=\"og:site_name\" content=\"Institut Europ\u00e9en des Musiques Juives\" \/>\n<meta property=\"article:publisher\" content=\"https:\/\/www.facebook.com\/MusiquesJuives\/\" \/>\n<meta property=\"article:published_time\" content=\"2025-06-02T15:08:54+00:00\" \/>\n<meta property=\"article:modified_time\" content=\"2025-06-08T09:15:23+00:00\" \/>\n<meta property=\"og:image\" content=\"https:\/\/www.iemj.org\/wp-content\/uploads\/2025\/06\/Logobis-Manifestation_Salons-de-musique-parisiens.jpg\" \/>\n\t<meta property=\"og:image:width\" content=\"500\" \/>\n\t<meta property=\"og:image:height\" content=\"500\" \/>\n\t<meta property=\"og:image:type\" content=\"image\/jpeg\" \/>\n<meta name=\"author\" content=\"Jacqueline ROTEN\" \/>\n<meta name=\"twitter:card\" content=\"summary_large_image\" \/>\n<meta name=\"twitter:label1\" content=\"Written by\" \/>\n\t<meta name=\"twitter:data1\" content=\"Jacqueline ROTEN\" \/>\n\t<meta name=\"twitter:label2\" content=\"Est. reading time\" \/>\n\t<meta name=\"twitter:data2\" content=\"5 minutes\" \/>\n<script type=\"application\/ld+json\" class=\"yoast-schema-graph\">{\"@context\":\"https:\\\/\\\/schema.org\",\"@graph\":[{\"@type\":\"Article\",\"@id\":\"https:\\\/\\\/www.iemj.org\\\/en\\\/dans-les-salons-de-musique-parisiens\\\/#article\",\"isPartOf\":{\"@id\":\"https:\\\/\\\/www.iemj.org\\\/en\\\/dans-les-salons-de-musique-parisiens\\\/\"},\"author\":{\"name\":\"Jacqueline ROTEN\",\"@id\":\"https:\\\/\\\/www.iemj.org\\\/en\\\/#\\\/schema\\\/person\\\/358e26c18aca017fcc4cc15437f7279c\"},\"headline\":\"In the music salons of Paris\",\"datePublished\":\"2025-06-02T15:08:54+00:00\",\"dateModified\":\"2025-06-08T09:15:23+00:00\",\"mainEntityOfPage\":{\"@id\":\"https:\\\/\\\/www.iemj.org\\\/en\\\/dans-les-salons-de-musique-parisiens\\\/\"},\"wordCount\":675,\"publisher\":{\"@id\":\"https:\\\/\\\/www.iemj.org\\\/en\\\/#organization\"},\"image\":{\"@id\":\"https:\\\/\\\/www.iemj.org\\\/en\\\/dans-les-salons-de-musique-parisiens\\\/#primaryimage\"},\"thumbnailUrl\":\"https:\\\/\\\/www.iemj.org\\\/wp-content\\\/uploads\\\/2025\\\/06\\\/Logobis-Manifestation_Salons-de-musique-parisiens.jpg\",\"articleSection\":[\"Concerts\",\"Events\"],\"inLanguage\":\"en-US\"},{\"@type\":\"WebPage\",\"@id\":\"https:\\\/\\\/www.iemj.org\\\/en\\\/dans-les-salons-de-musique-parisiens\\\/\",\"url\":\"https:\\\/\\\/www.iemj.org\\\/en\\\/dans-les-salons-de-musique-parisiens\\\/\",\"name\":\"In the music salons of Paris - Institut Europ\u00e9en des Musiques Juives\",\"isPartOf\":{\"@id\":\"https:\\\/\\\/www.iemj.org\\\/en\\\/#website\"},\"primaryImageOfPage\":{\"@id\":\"https:\\\/\\\/www.iemj.org\\\/en\\\/dans-les-salons-de-musique-parisiens\\\/#primaryimage\"},\"image\":{\"@id\":\"https:\\\/\\\/www.iemj.org\\\/en\\\/dans-les-salons-de-musique-parisiens\\\/#primaryimage\"},\"thumbnailUrl\":\"https:\\\/\\\/www.iemj.org\\\/wp-content\\\/uploads\\\/2025\\\/06\\\/Logobis-Manifestation_Salons-de-musique-parisiens.jpg\",\"datePublished\":\"2025-06-02T15:08:54+00:00\",\"dateModified\":\"2025-06-08T09:15:23+00:00\",\"breadcrumb\":{\"@id\":\"https:\\\/\\\/www.iemj.org\\\/en\\\/dans-les-salons-de-musique-parisiens\\\/#breadcrumb\"},\"inLanguage\":\"en-US\",\"potentialAction\":[{\"@type\":\"ReadAction\",\"target\":[\"https:\\\/\\\/www.iemj.org\\\/en\\\/dans-les-salons-de-musique-parisiens\\\/\"]}]},{\"@type\":\"ImageObject\",\"inLanguage\":\"en-US\",\"@id\":\"https:\\\/\\\/www.iemj.org\\\/en\\\/dans-les-salons-de-musique-parisiens\\\/#primaryimage\",\"url\":\"https:\\\/\\\/www.iemj.org\\\/wp-content\\\/uploads\\\/2025\\\/06\\\/Logobis-Manifestation_Salons-de-musique-parisiens.jpg\",\"contentUrl\":\"https:\\\/\\\/www.iemj.org\\\/wp-content\\\/uploads\\\/2025\\\/06\\\/Logobis-Manifestation_Salons-de-musique-parisiens.jpg\",\"width\":500,\"height\":500},{\"@type\":\"BreadcrumbList\",\"@id\":\"https:\\\/\\\/www.iemj.org\\\/en\\\/dans-les-salons-de-musique-parisiens\\\/#breadcrumb\",\"itemListElement\":[{\"@type\":\"ListItem\",\"position\":1,\"name\":\"Accueil\",\"item\":\"https:\\\/\\\/www.iemj.org\\\/en\\\/\"},{\"@type\":\"ListItem\",\"position\":2,\"name\":\"In the music salons of Paris\"}]},{\"@type\":\"WebSite\",\"@id\":\"https:\\\/\\\/www.iemj.org\\\/en\\\/#website\",\"url\":\"https:\\\/\\\/www.iemj.org\\\/en\\\/\",\"name\":\"Institut Europ\u00e9en des Musiques Juives\",\"description\":\"Des traditions musicales \u00e0 la port\u00e9e de tous\",\"publisher\":{\"@id\":\"https:\\\/\\\/www.iemj.org\\\/en\\\/#organization\"},\"potentialAction\":[{\"@type\":\"SearchAction\",\"target\":{\"@type\":\"EntryPoint\",\"urlTemplate\":\"https:\\\/\\\/www.iemj.org\\\/en\\\/?s={search_term_string}\"},\"query-input\":{\"@type\":\"PropertyValueSpecification\",\"valueRequired\":true,\"valueName\":\"search_term_string\"}}],\"inLanguage\":\"en-US\"},{\"@type\":\"Organization\",\"@id\":\"https:\\\/\\\/www.iemj.org\\\/en\\\/#organization\",\"name\":\"Institut Europ\u00e9en des Musiques Juives\",\"url\":\"https:\\\/\\\/www.iemj.org\\\/en\\\/\",\"logo\":{\"@type\":\"ImageObject\",\"inLanguage\":\"en-US\",\"@id\":\"https:\\\/\\\/www.iemj.org\\\/en\\\/#\\\/schema\\\/logo\\\/image\\\/\",\"url\":\"https:\\\/\\\/www.iemj.org\\\/wp-content\\\/uploads\\\/2021\\\/09\\\/Logo-IEMJ-Paypal.jpg\",\"contentUrl\":\"https:\\\/\\\/www.iemj.org\\\/wp-content\\\/uploads\\\/2021\\\/09\\\/Logo-IEMJ-Paypal.jpg\",\"width\":150,\"height\":50,\"caption\":\"Institut Europ\u00e9en des Musiques Juives\"},\"image\":{\"@id\":\"https:\\\/\\\/www.iemj.org\\\/en\\\/#\\\/schema\\\/logo\\\/image\\\/\"},\"sameAs\":[\"https:\\\/\\\/www.facebook.com\\\/MusiquesJuives\\\/\",\"https:\\\/\\\/www.instagram.com\\\/musiquesjuives\\\/\",\"https:\\\/\\\/www.youtube.com\\\/user\\\/musiquesjuives\"]},{\"@type\":\"Person\",\"@id\":\"https:\\\/\\\/www.iemj.org\\\/en\\\/#\\\/schema\\\/person\\\/358e26c18aca017fcc4cc15437f7279c\",\"name\":\"Jacqueline ROTEN\",\"image\":{\"@type\":\"ImageObject\",\"inLanguage\":\"en-US\",\"@id\":\"https:\\\/\\\/secure.gravatar.com\\\/avatar\\\/5964256d6c6957de3a3505278957e0fb2a35119ac47ea41827a65301213c810b?s=96&d=mm&r=g\",\"url\":\"https:\\\/\\\/secure.gravatar.com\\\/avatar\\\/5964256d6c6957de3a3505278957e0fb2a35119ac47ea41827a65301213c810b?s=96&d=mm&r=g\",\"contentUrl\":\"https:\\\/\\\/secure.gravatar.com\\\/avatar\\\/5964256d6c6957de3a3505278957e0fb2a35119ac47ea41827a65301213c810b?s=96&d=mm&r=g\",\"caption\":\"Jacqueline ROTEN\"}}]}<\/script>\n<!-- \/ Yoast SEO plugin. -->","yoast_head_json":{"title":"In the music salons of Paris - Institut Europ\u00e9en des Musiques Juives","robots":{"index":"index","follow":"follow","max-snippet":"max-snippet:-1","max-image-preview":"max-image-preview:large","max-video-preview":"max-video-preview:-1"},"canonical":"https:\/\/www.iemj.org\/en\/dans-les-salons-de-musique-parisiens\/","og_locale":"en_US","og_type":"article","og_title":"In the music salons of Paris - Institut Europ\u00e9en des Musiques Juives","og_description":"Jewish patrons, musicians and composers of the late 19th century &nbsp; Concert preceded by an historical and musical presentation of the works by Laure Schnapper, musicologist at the EHESS and","og_url":"https:\/\/www.iemj.org\/en\/dans-les-salons-de-musique-parisiens\/","og_site_name":"Institut Europ\u00e9en des Musiques Juives","article_publisher":"https:\/\/www.facebook.com\/MusiquesJuives\/","article_published_time":"2025-06-02T15:08:54+00:00","article_modified_time":"2025-06-08T09:15:23+00:00","og_image":[{"width":500,"height":500,"url":"https:\/\/www.iemj.org\/wp-content\/uploads\/2025\/06\/Logobis-Manifestation_Salons-de-musique-parisiens.jpg","type":"image\/jpeg"}],"author":"Jacqueline ROTEN","twitter_card":"summary_large_image","twitter_misc":{"Written by":"Jacqueline ROTEN","Est. reading time":"5 minutes"},"schema":{"@context":"https:\/\/schema.org","@graph":[{"@type":"Article","@id":"https:\/\/www.iemj.org\/en\/dans-les-salons-de-musique-parisiens\/#article","isPartOf":{"@id":"https:\/\/www.iemj.org\/en\/dans-les-salons-de-musique-parisiens\/"},"author":{"name":"Jacqueline ROTEN","@id":"https:\/\/www.iemj.org\/en\/#\/schema\/person\/358e26c18aca017fcc4cc15437f7279c"},"headline":"In the music salons of Paris","datePublished":"2025-06-02T15:08:54+00:00","dateModified":"2025-06-08T09:15:23+00:00","mainEntityOfPage":{"@id":"https:\/\/www.iemj.org\/en\/dans-les-salons-de-musique-parisiens\/"},"wordCount":675,"publisher":{"@id":"https:\/\/www.iemj.org\/en\/#organization"},"image":{"@id":"https:\/\/www.iemj.org\/en\/dans-les-salons-de-musique-parisiens\/#primaryimage"},"thumbnailUrl":"https:\/\/www.iemj.org\/wp-content\/uploads\/2025\/06\/Logobis-Manifestation_Salons-de-musique-parisiens.jpg","articleSection":["Concerts","Events"],"inLanguage":"en-US"},{"@type":"WebPage","@id":"https:\/\/www.iemj.org\/en\/dans-les-salons-de-musique-parisiens\/","url":"https:\/\/www.iemj.org\/en\/dans-les-salons-de-musique-parisiens\/","name":"In the music salons of Paris - Institut Europ\u00e9en des Musiques Juives","isPartOf":{"@id":"https:\/\/www.iemj.org\/en\/#website"},"primaryImageOfPage":{"@id":"https:\/\/www.iemj.org\/en\/dans-les-salons-de-musique-parisiens\/#primaryimage"},"image":{"@id":"https:\/\/www.iemj.org\/en\/dans-les-salons-de-musique-parisiens\/#primaryimage"},"thumbnailUrl":"https:\/\/www.iemj.org\/wp-content\/uploads\/2025\/06\/Logobis-Manifestation_Salons-de-musique-parisiens.jpg","datePublished":"2025-06-02T15:08:54+00:00","dateModified":"2025-06-08T09:15:23+00:00","breadcrumb":{"@id":"https:\/\/www.iemj.org\/en\/dans-les-salons-de-musique-parisiens\/#breadcrumb"},"inLanguage":"en-US","potentialAction":[{"@type":"ReadAction","target":["https:\/\/www.iemj.org\/en\/dans-les-salons-de-musique-parisiens\/"]}]},{"@type":"ImageObject","inLanguage":"en-US","@id":"https:\/\/www.iemj.org\/en\/dans-les-salons-de-musique-parisiens\/#primaryimage","url":"https:\/\/www.iemj.org\/wp-content\/uploads\/2025\/06\/Logobis-Manifestation_Salons-de-musique-parisiens.jpg","contentUrl":"https:\/\/www.iemj.org\/wp-content\/uploads\/2025\/06\/Logobis-Manifestation_Salons-de-musique-parisiens.jpg","width":500,"height":500},{"@type":"BreadcrumbList","@id":"https:\/\/www.iemj.org\/en\/dans-les-salons-de-musique-parisiens\/#breadcrumb","itemListElement":[{"@type":"ListItem","position":1,"name":"Accueil","item":"https:\/\/www.iemj.org\/en\/"},{"@type":"ListItem","position":2,"name":"In the music salons of Paris"}]},{"@type":"WebSite","@id":"https:\/\/www.iemj.org\/en\/#website","url":"https:\/\/www.iemj.org\/en\/","name":"Institut Europ\u00e9en des Musiques Juives","description":"Des traditions musicales \u00e0 la port\u00e9e de tous","publisher":{"@id":"https:\/\/www.iemj.org\/en\/#organization"},"potentialAction":[{"@type":"SearchAction","target":{"@type":"EntryPoint","urlTemplate":"https:\/\/www.iemj.org\/en\/?s={search_term_string}"},"query-input":{"@type":"PropertyValueSpecification","valueRequired":true,"valueName":"search_term_string"}}],"inLanguage":"en-US"},{"@type":"Organization","@id":"https:\/\/www.iemj.org\/en\/#organization","name":"Institut Europ\u00e9en des Musiques Juives","url":"https:\/\/www.iemj.org\/en\/","logo":{"@type":"ImageObject","inLanguage":"en-US","@id":"https:\/\/www.iemj.org\/en\/#\/schema\/logo\/image\/","url":"https:\/\/www.iemj.org\/wp-content\/uploads\/2021\/09\/Logo-IEMJ-Paypal.jpg","contentUrl":"https:\/\/www.iemj.org\/wp-content\/uploads\/2021\/09\/Logo-IEMJ-Paypal.jpg","width":150,"height":50,"caption":"Institut Europ\u00e9en des Musiques Juives"},"image":{"@id":"https:\/\/www.iemj.org\/en\/#\/schema\/logo\/image\/"},"sameAs":["https:\/\/www.facebook.com\/MusiquesJuives\/","https:\/\/www.instagram.com\/musiquesjuives\/","https:\/\/www.youtube.com\/user\/musiquesjuives"]},{"@type":"Person","@id":"https:\/\/www.iemj.org\/en\/#\/schema\/person\/358e26c18aca017fcc4cc15437f7279c","name":"Jacqueline ROTEN","image":{"@type":"ImageObject","inLanguage":"en-US","@id":"https:\/\/secure.gravatar.com\/avatar\/5964256d6c6957de3a3505278957e0fb2a35119ac47ea41827a65301213c810b?s=96&d=mm&r=g","url":"https:\/\/secure.gravatar.com\/avatar\/5964256d6c6957de3a3505278957e0fb2a35119ac47ea41827a65301213c810b?s=96&d=mm&r=g","contentUrl":"https:\/\/secure.gravatar.com\/avatar\/5964256d6c6957de3a3505278957e0fb2a35119ac47ea41827a65301213c810b?s=96&d=mm&r=g","caption":"Jacqueline ROTEN"}}]}},"_links":{"self":[{"href":"https:\/\/www.iemj.org\/en\/wp-json\/wp\/v2\/posts\/121641","targetHints":{"allow":["GET"]}}],"collection":[{"href":"https:\/\/www.iemj.org\/en\/wp-json\/wp\/v2\/posts"}],"about":[{"href":"https:\/\/www.iemj.org\/en\/wp-json\/wp\/v2\/types\/post"}],"author":[{"embeddable":true,"href":"https:\/\/www.iemj.org\/en\/wp-json\/wp\/v2\/users\/5"}],"replies":[{"embeddable":true,"href":"https:\/\/www.iemj.org\/en\/wp-json\/wp\/v2\/comments?post=121641"}],"version-history":[{"count":0,"href":"https:\/\/www.iemj.org\/en\/wp-json\/wp\/v2\/posts\/121641\/revisions"}],"wp:featuredmedia":[{"embeddable":true,"href":"https:\/\/www.iemj.org\/en\/wp-json\/wp\/v2\/media\/121632"}],"wp:attachment":[{"href":"https:\/\/www.iemj.org\/en\/wp-json\/wp\/v2\/media?parent=121641"}],"wp:term":[{"taxonomy":"category","embeddable":true,"href":"https:\/\/www.iemj.org\/en\/wp-json\/wp\/v2\/categories?post=121641"},{"taxonomy":"post_tag","embeddable":true,"href":"https:\/\/www.iemj.org\/en\/wp-json\/wp\/v2\/tags?post=121641"},{"taxonomy":"technique","embeddable":true,"href":"https:\/\/www.iemj.org\/en\/wp-json\/wp\/v2\/technique?post=121641"},{"taxonomy":"squelettes","embeddable":true,"href":"https:\/\/www.iemj.org\/en\/wp-json\/wp\/v2\/squelettes?post=121641"},{"taxonomy":"sujet","embeddable":true,"href":"https:\/\/www.iemj.org\/en\/wp-json\/wp\/v2\/sujet?post=121641"},{"taxonomy":"formation","embeddable":true,"href":"https:\/\/www.iemj.org\/en\/wp-json\/wp\/v2\/formation?post=121641"},{"taxonomy":"genre","embeddable":true,"href":"https:\/\/www.iemj.org\/en\/wp-json\/wp\/v2\/genre?post=121641"},{"taxonomy":"fonds","embeddable":true,"href":"https:\/\/www.iemj.org\/en\/wp-json\/wp\/v2\/fonds?post=121641"},{"taxonomy":"tradition","embeddable":true,"href":"https:\/\/www.iemj.org\/en\/wp-json\/wp\/v2\/tradition?post=121641"},{"taxonomy":"type-de-contenu","embeddable":true,"href":"https:\/\/www.iemj.org\/en\/wp-json\/wp\/v2\/type-de-contenu?post=121641"},{"taxonomy":"interprete-compositeur","embeddable":true,"href":"https:\/\/www.iemj.org\/en\/wp-json\/wp\/v2\/interprete-compositeur?post=121641"},{"taxonomy":"frise","embeddable":true,"href":"https:\/\/www.iemj.org\/en\/wp-json\/wp\/v2\/frise?post=121641"},{"taxonomy":"type-devenement","embeddable":true,"href":"https:\/\/www.iemj.org\/en\/wp-json\/wp\/v2\/type-devenement?post=121641"},{"taxonomy":"tableaux-liens-externes","embeddable":true,"href":"https:\/\/www.iemj.org\/en\/wp-json\/wp\/v2\/tableaux-liens-externes?post=121641"}],"curies":[{"name":"wp","href":"https:\/\/api.w.org\/{rel}","templated":true}]}}