{"id":121647,"date":"2025-06-02T14:33:10","date_gmt":"2025-06-02T12:33:10","guid":{"rendered":"https:\/\/www.iemj.org\/camondo-isaac-de-1850-1911\/"},"modified":"2025-06-03T14:39:26","modified_gmt":"2025-06-03T12:39:26","slug":"camondo-isaac-de-1850-1911","status":"publish","type":"post","link":"https:\/\/www.iemj.org\/en\/camondo-isaac-de-1850-1911\/","title":{"rendered":"Camondo, Isaac de (1850-1911)"},"content":{"rendered":"\n<!--more-->\n\n\n\n<p>Born into an illustrious Italian family of bankers based in Constantinople, Isaac de Camondo inherited the family bank with his cousin Mo\u00efse, as well as being an art collector, patron and composer. In 1867, he moved to Paris with his entire family; his father Abraham built an hotel at 61 rue de Monceau, next to his brother Nissim&#8217;s, on the site of today&#8217;s Mus\u00e9e Camondo.<\/p>\n\n\n\n<p>Passionate about art and music, Isaac took piano lessons with Henri Ravina (1818-1906) and composition lessons with Gaston Salvayre (1847-1907), who won the Grand Prix de Rome in 1872 and with whom he remained friends until his death.<\/p>\n\n\n\n<div class=\"wp-block-columns is-layout-flex wp-container-core-columns-is-layout-9d6595d7 wp-block-columns-is-layout-flex\">\n<div class=\"wp-block-column is-layout-flow wp-block-column-is-layout-flow\" style=\"flex-basis:65%\">\n<p>From the age of 30, Camondo had been collecting works of art, whose successive bequests have enriched various departments of the Mus\u00e9e du Louvre; his Impressionist paintings in particular make up the main collection of the Mus\u00e9e d&#8217;Orsay, from Manet&#8217;s <em>Fifre <\/em>to Degas&#8217; danseuses, not forgetting the paintings in the Monet room.<\/p>\n\n\n\n<p>Between 1870 and 1889, Camondo published some fifteen piano pieces, mainly polkas and waltzes, as well as two melodies, <em>La chanson du berger<\/em> and <em>Laisseras-tu mignonne<\/em>, based on lyrics by his friend Paul Choudens. But as an ardent Wagnerian &#8211; he went to Bayreuth as soon as the theater opened in 1876, then returned in 1882 with L\u00e9o Delibes (1836-1891) and Gaston Salvayre to attend the premiere of <em>Parsifal <\/em>&#8211; he sought a new path and remained silent from 1889 to 1903.<\/p>\n<\/div>\n\n\n\n<div class=\"wp-block-column is-layout-flow wp-block-column-is-layout-flow\">\n<figure class=\"wp-block-image size-full\"><img fetchpriority=\"high\" decoding=\"async\" width=\"508\" height=\"376\" src=\"https:\/\/www.iemj.org\/wp-content\/uploads\/2025\/06\/Image1-Le-piano-Erard-de-Camondo-dans-la-salle-des-Degas-a-son-domicile-82-avenue-des-Champs-Elysees.jpg\" alt=\"\" class=\"wp-image-121545\" srcset=\"https:\/\/www.iemj.org\/wp-content\/uploads\/2025\/06\/Image1-Le-piano-Erard-de-Camondo-dans-la-salle-des-Degas-a-son-domicile-82-avenue-des-Champs-Elysees.jpg 508w, https:\/\/www.iemj.org\/wp-content\/uploads\/2025\/06\/Image1-Le-piano-Erard-de-Camondo-dans-la-salle-des-Degas-a-son-domicile-82-avenue-des-Champs-Elysees-300x222.jpg 300w\" sizes=\"(max-width: 508px) 100vw, 508px\" \/><figcaption class=\"wp-element-caption\"><strong>The Erard piano of Camondo in the Degas room at his home, 82 avenue des Champs-Elys\u00e9es<\/strong><\/figcaption><\/figure>\n<\/div>\n<\/div>\n\n\n\n<p>During these 14 years, he did not publish, but devoted himself to patronage: from 1898, he became the main sponsor (for around 10% of the capital) of the Op\u00e9ra-Comique, directed by his friend Albert Carr\u00e9, and, from 1901, of the Op\u00e9ra. He also enabled Gabriel Astruc (1864-1938), son of Rabbi Aristide Astruc, to create the Soci\u00e9t\u00e9 musicale &#8211; a publishing house and concert agency &#8211; in 1904, with which he was financially associated. In 1908, he became a shareholder in the Soci\u00e9t\u00e9 du th\u00e9\u00e2tre des Champs-\u00c9lys\u00e9es, but his death prevented him from attending the theatre&#8217;s inauguration in 1913.<\/p>\n\n\n\n<div class=\"wp-block-columns is-layout-flex wp-container-core-columns-is-layout-9d6595d7 wp-block-columns-is-layout-flex\">\n<div class=\"wp-block-column is-layout-flow wp-block-column-is-layout-flow\" style=\"flex-basis:25%\">\n<figure class=\"wp-block-image size-full\"><img decoding=\"async\" width=\"332\" height=\"500\" src=\"https:\/\/www.iemj.org\/wp-content\/uploads\/2025\/06\/Le_Clown_-_Opera_by_Isaac_de_Camondo_Redim.jpg\" alt=\"\" class=\"wp-image-121556\" srcset=\"https:\/\/www.iemj.org\/wp-content\/uploads\/2025\/06\/Le_Clown_-_Opera_by_Isaac_de_Camondo_Redim.jpg 332w, https:\/\/www.iemj.org\/wp-content\/uploads\/2025\/06\/Le_Clown_-_Opera_by_Isaac_de_Camondo_Redim-199x300.jpg 199w\" sizes=\"(max-width: 332px) 100vw, 332px\" \/><\/figure>\n<\/div>\n\n\n\n<div class=\"wp-block-column is-layout-flow wp-block-column-is-layout-flow\">\n<p>The premiere of Debussy&#8217;s <em>Pelleas et M\u00e9lisande<\/em> at the Op\u00e9ra-Comique in 1902 may well have prompted him to return to composing; he then worked actively, adopting a resolutely modern, even experimental, harmonic language. Nearly 80 works were published by Astruc, mostly for string quartet or orchestra. He presented them at a concert he organized at Salle Pleyel on March 10, 1904, with Lazare-L\u00e9vy at the piano and Camille Chevillard, director of the Lamoureux concerts, conducting. In April 1906, he performed the \u201cmusical novel\u201d <em>Le Clown<\/em> at the Nouveau-th\u00e9\u00e2tre, to a libretto by Victor Capoul &#8211; whose recitative style is reminiscent of <em>Pelleas<\/em>. The work was revived at the Op\u00e9ra-Comique in June 1908, as well as in Marseille, Vichy, Antwerp and Cologne between 1909 and 1912.<\/p>\n<\/div>\n<\/div>\n\n\n\n<p>The resumption of composing did not prevent him from pursuing his patronage activities: in 1904 he founded the Soci\u00e9t\u00e9 des artistes et amis de l&#8217;Op\u00e9ra, intended to provide financial support for the Association philanthropique de secours mutuel des artistes de l&#8217;Op\u00e9ra, which was no longer able to ensure a decent retirement for its members.<\/p>\n\n\n\n<div class=\"wp-block-columns is-layout-flex wp-container-core-columns-is-layout-9d6595d7 wp-block-columns-is-layout-flex\">\n<div class=\"wp-block-column is-layout-flow wp-block-column-is-layout-flow\" style=\"flex-basis:72%\">\n<p>He also took an active part in musical life: after joining the Soci\u00e9t\u00e9 fran\u00e7aise des amis de la musique in 1909, whose aim was to propagate the taste and study of music and enable poor artists to have their music performed, he helped Countess Greffulhe, president of the Soci\u00e9t\u00e9 des grandes auditions musicales de France, to sponsor the Ballets Russes season in 1910, and supported the Soci\u00e9t\u00e9 musicale ind\u00e9pendante (SMI). Sharing his life with Lucie Berthet, a soprano at the Op\u00e9ra, Camondo was always ready to help musicians, including Wanda Landowska, who had arrived in Paris in 1900, and the young Lazare-L\u00e9vy. He died suddenly in 1911 in his apartment, just as his opera <em>Le clown<\/em> was scheduled to be performed in Cologne the year after.<\/p>\n<\/div>\n\n\n\n<div class=\"wp-block-column is-layout-flow wp-block-column-is-layout-flow\" style=\"flex-basis:40%\">\n<figure class=\"wp-block-image size-full\"><img decoding=\"async\" width=\"462\" height=\"346\" src=\"https:\/\/www.iemj.org\/wp-content\/uploads\/2025\/06\/Image2-De-g.-a-d._G.-Salvayre-Camondo-et-les-pianistes-Lazare-Levy-1882-1964-et-Ernest-Schelling-1876-1939-dans-la-salle-des-Degas-vers-1904.jpg\" alt=\"\" class=\"wp-image-121564\" srcset=\"https:\/\/www.iemj.org\/wp-content\/uploads\/2025\/06\/Image2-De-g.-a-d._G.-Salvayre-Camondo-et-les-pianistes-Lazare-Levy-1882-1964-et-Ernest-Schelling-1876-1939-dans-la-salle-des-Degas-vers-1904.jpg 462w, https:\/\/www.iemj.org\/wp-content\/uploads\/2025\/06\/Image2-De-g.-a-d._G.-Salvayre-Camondo-et-les-pianistes-Lazare-Levy-1882-1964-et-Ernest-Schelling-1876-1939-dans-la-salle-des-Degas-vers-1904-300x225.jpg 300w\" sizes=\"(max-width: 462px) 100vw, 462px\" \/><figcaption class=\"wp-element-caption\"><strong>From l. to r.: G. Salvayre, Camondo and pianists Lazare-L\u00e9vy (1882-1964) and Ernest Schelling (1876-1939) in the Degas room, circa 1904<\/strong><\/figcaption><\/figure>\n<\/div>\n<\/div>\n\n\n\n<p><\/p>\n","protected":false},"excerpt":{"rendered":"","protected":false},"author":5,"featured_media":121541,"comment_status":"closed","ping_status":"closed","sticky":false,"template":"","format":"standard","meta":{"_acf_changed":false,"footnotes":""},"categories":[903],"tags":[],"technique":[],"squelettes":[],"sujet":[],"formation":[],"genre":[1117],"fonds":[],"tradition":[],"type-de-contenu":[],"interprete-compositeur":[],"frise":[],"type-devenement":[],"tableaux-liens-externes":[],"class_list":["post-121647","post","type-post","status-publish","format-standard","has-post-thumbnail","hentry","category-biographies-en","genre-classical-music"],"acf":[],"yoast_head":"<!-- This site is optimized with the Yoast SEO plugin v27.3 - https:\/\/yoast.com\/product\/yoast-seo-wordpress\/ -->\n<title>Camondo, Isaac de (1850-1911) - Institut Europ\u00e9en des Musiques Juives<\/title>\n<meta name=\"robots\" content=\"index, follow, max-snippet:-1, max-image-preview:large, max-video-preview:-1\" \/>\n<link rel=\"canonical\" href=\"https:\/\/www.iemj.org\/en\/camondo-isaac-de-1850-1911\/\" \/>\n<meta property=\"og:locale\" content=\"en_US\" \/>\n<meta property=\"og:type\" content=\"article\" \/>\n<meta property=\"og:title\" content=\"Camondo, Isaac de (1850-1911) - Institut Europ\u00e9en des Musiques Juives\" \/>\n<meta property=\"og:url\" content=\"https:\/\/www.iemj.org\/en\/camondo-isaac-de-1850-1911\/\" \/>\n<meta property=\"og:site_name\" content=\"Institut Europ\u00e9en des Musiques Juives\" \/>\n<meta property=\"article:publisher\" content=\"https:\/\/www.facebook.com\/MusiquesJuives\/\" \/>\n<meta property=\"article:published_time\" content=\"2025-06-02T12:33:10+00:00\" \/>\n<meta property=\"article:modified_time\" content=\"2025-06-03T12:39:26+00:00\" \/>\n<meta property=\"og:image\" content=\"https:\/\/www.iemj.org\/wp-content\/uploads\/2025\/06\/Logo-Bio-Isaac-de-Camondo.jpg\" \/>\n\t<meta property=\"og:image:width\" content=\"195\" \/>\n\t<meta property=\"og:image:height\" content=\"218\" \/>\n\t<meta property=\"og:image:type\" content=\"image\/jpeg\" \/>\n<meta name=\"author\" content=\"Jacqueline ROTEN\" \/>\n<meta name=\"twitter:card\" content=\"summary_large_image\" \/>\n<meta name=\"twitter:label1\" content=\"Written by\" \/>\n\t<meta name=\"twitter:data1\" content=\"Jacqueline ROTEN\" \/>\n\t<meta name=\"twitter:label2\" content=\"Est. reading time\" \/>\n\t<meta name=\"twitter:data2\" content=\"5 minutes\" \/>\n<script type=\"application\/ld+json\" class=\"yoast-schema-graph\">{\"@context\":\"https:\\\/\\\/schema.org\",\"@graph\":[{\"@type\":\"Article\",\"@id\":\"https:\\\/\\\/www.iemj.org\\\/en\\\/camondo-isaac-de-1850-1911\\\/#article\",\"isPartOf\":{\"@id\":\"https:\\\/\\\/www.iemj.org\\\/en\\\/camondo-isaac-de-1850-1911\\\/\"},\"author\":{\"name\":\"Jacqueline ROTEN\",\"@id\":\"https:\\\/\\\/www.iemj.org\\\/en\\\/#\\\/schema\\\/person\\\/358e26c18aca017fcc4cc15437f7279c\"},\"headline\":\"Camondo, Isaac de (1850-1911)\",\"datePublished\":\"2025-06-02T12:33:10+00:00\",\"dateModified\":\"2025-06-03T12:39:26+00:00\",\"mainEntityOfPage\":{\"@id\":\"https:\\\/\\\/www.iemj.org\\\/en\\\/camondo-isaac-de-1850-1911\\\/\"},\"wordCount\":686,\"publisher\":{\"@id\":\"https:\\\/\\\/www.iemj.org\\\/en\\\/#organization\"},\"image\":{\"@id\":\"https:\\\/\\\/www.iemj.org\\\/en\\\/camondo-isaac-de-1850-1911\\\/#primaryimage\"},\"thumbnailUrl\":\"https:\\\/\\\/www.iemj.org\\\/wp-content\\\/uploads\\\/2025\\\/06\\\/Logo-Bio-Isaac-de-Camondo.jpg\",\"articleSection\":[\"Biographies\"],\"inLanguage\":\"en-US\"},{\"@type\":\"WebPage\",\"@id\":\"https:\\\/\\\/www.iemj.org\\\/en\\\/camondo-isaac-de-1850-1911\\\/\",\"url\":\"https:\\\/\\\/www.iemj.org\\\/en\\\/camondo-isaac-de-1850-1911\\\/\",\"name\":\"Camondo, Isaac de (1850-1911) - Institut Europ\u00e9en des Musiques Juives\",\"isPartOf\":{\"@id\":\"https:\\\/\\\/www.iemj.org\\\/en\\\/#website\"},\"primaryImageOfPage\":{\"@id\":\"https:\\\/\\\/www.iemj.org\\\/en\\\/camondo-isaac-de-1850-1911\\\/#primaryimage\"},\"image\":{\"@id\":\"https:\\\/\\\/www.iemj.org\\\/en\\\/camondo-isaac-de-1850-1911\\\/#primaryimage\"},\"thumbnailUrl\":\"https:\\\/\\\/www.iemj.org\\\/wp-content\\\/uploads\\\/2025\\\/06\\\/Logo-Bio-Isaac-de-Camondo.jpg\",\"datePublished\":\"2025-06-02T12:33:10+00:00\",\"dateModified\":\"2025-06-03T12:39:26+00:00\",\"breadcrumb\":{\"@id\":\"https:\\\/\\\/www.iemj.org\\\/en\\\/camondo-isaac-de-1850-1911\\\/#breadcrumb\"},\"inLanguage\":\"en-US\",\"potentialAction\":[{\"@type\":\"ReadAction\",\"target\":[\"https:\\\/\\\/www.iemj.org\\\/en\\\/camondo-isaac-de-1850-1911\\\/\"]}]},{\"@type\":\"ImageObject\",\"inLanguage\":\"en-US\",\"@id\":\"https:\\\/\\\/www.iemj.org\\\/en\\\/camondo-isaac-de-1850-1911\\\/#primaryimage\",\"url\":\"https:\\\/\\\/www.iemj.org\\\/wp-content\\\/uploads\\\/2025\\\/06\\\/Logo-Bio-Isaac-de-Camondo.jpg\",\"contentUrl\":\"https:\\\/\\\/www.iemj.org\\\/wp-content\\\/uploads\\\/2025\\\/06\\\/Logo-Bio-Isaac-de-Camondo.jpg\",\"width\":195,\"height\":218},{\"@type\":\"BreadcrumbList\",\"@id\":\"https:\\\/\\\/www.iemj.org\\\/en\\\/camondo-isaac-de-1850-1911\\\/#breadcrumb\",\"itemListElement\":[{\"@type\":\"ListItem\",\"position\":1,\"name\":\"Accueil\",\"item\":\"https:\\\/\\\/www.iemj.org\\\/en\\\/\"},{\"@type\":\"ListItem\",\"position\":2,\"name\":\"Camondo, Isaac de (1850-1911)\"}]},{\"@type\":\"WebSite\",\"@id\":\"https:\\\/\\\/www.iemj.org\\\/en\\\/#website\",\"url\":\"https:\\\/\\\/www.iemj.org\\\/en\\\/\",\"name\":\"Institut Europ\u00e9en des Musiques Juives\",\"description\":\"Des traditions musicales \u00e0 la port\u00e9e de tous\",\"publisher\":{\"@id\":\"https:\\\/\\\/www.iemj.org\\\/en\\\/#organization\"},\"potentialAction\":[{\"@type\":\"SearchAction\",\"target\":{\"@type\":\"EntryPoint\",\"urlTemplate\":\"https:\\\/\\\/www.iemj.org\\\/en\\\/?s={search_term_string}\"},\"query-input\":{\"@type\":\"PropertyValueSpecification\",\"valueRequired\":true,\"valueName\":\"search_term_string\"}}],\"inLanguage\":\"en-US\"},{\"@type\":\"Organization\",\"@id\":\"https:\\\/\\\/www.iemj.org\\\/en\\\/#organization\",\"name\":\"Institut Europ\u00e9en des Musiques Juives\",\"url\":\"https:\\\/\\\/www.iemj.org\\\/en\\\/\",\"logo\":{\"@type\":\"ImageObject\",\"inLanguage\":\"en-US\",\"@id\":\"https:\\\/\\\/www.iemj.org\\\/en\\\/#\\\/schema\\\/logo\\\/image\\\/\",\"url\":\"https:\\\/\\\/www.iemj.org\\\/wp-content\\\/uploads\\\/2021\\\/09\\\/Logo-IEMJ-Paypal.jpg\",\"contentUrl\":\"https:\\\/\\\/www.iemj.org\\\/wp-content\\\/uploads\\\/2021\\\/09\\\/Logo-IEMJ-Paypal.jpg\",\"width\":150,\"height\":50,\"caption\":\"Institut Europ\u00e9en des Musiques Juives\"},\"image\":{\"@id\":\"https:\\\/\\\/www.iemj.org\\\/en\\\/#\\\/schema\\\/logo\\\/image\\\/\"},\"sameAs\":[\"https:\\\/\\\/www.facebook.com\\\/MusiquesJuives\\\/\",\"https:\\\/\\\/www.instagram.com\\\/musiquesjuives\\\/\",\"https:\\\/\\\/www.youtube.com\\\/user\\\/musiquesjuives\"]},{\"@type\":\"Person\",\"@id\":\"https:\\\/\\\/www.iemj.org\\\/en\\\/#\\\/schema\\\/person\\\/358e26c18aca017fcc4cc15437f7279c\",\"name\":\"Jacqueline ROTEN\",\"image\":{\"@type\":\"ImageObject\",\"inLanguage\":\"en-US\",\"@id\":\"https:\\\/\\\/secure.gravatar.com\\\/avatar\\\/5964256d6c6957de3a3505278957e0fb2a35119ac47ea41827a65301213c810b?s=96&d=mm&r=g\",\"url\":\"https:\\\/\\\/secure.gravatar.com\\\/avatar\\\/5964256d6c6957de3a3505278957e0fb2a35119ac47ea41827a65301213c810b?s=96&d=mm&r=g\",\"contentUrl\":\"https:\\\/\\\/secure.gravatar.com\\\/avatar\\\/5964256d6c6957de3a3505278957e0fb2a35119ac47ea41827a65301213c810b?s=96&d=mm&r=g\",\"caption\":\"Jacqueline ROTEN\"}}]}<\/script>\n<!-- \/ Yoast SEO plugin. -->","yoast_head_json":{"title":"Camondo, Isaac de (1850-1911) - Institut Europ\u00e9en des Musiques Juives","robots":{"index":"index","follow":"follow","max-snippet":"max-snippet:-1","max-image-preview":"max-image-preview:large","max-video-preview":"max-video-preview:-1"},"canonical":"https:\/\/www.iemj.org\/en\/camondo-isaac-de-1850-1911\/","og_locale":"en_US","og_type":"article","og_title":"Camondo, Isaac de (1850-1911) - Institut Europ\u00e9en des Musiques Juives","og_url":"https:\/\/www.iemj.org\/en\/camondo-isaac-de-1850-1911\/","og_site_name":"Institut Europ\u00e9en des Musiques Juives","article_publisher":"https:\/\/www.facebook.com\/MusiquesJuives\/","article_published_time":"2025-06-02T12:33:10+00:00","article_modified_time":"2025-06-03T12:39:26+00:00","og_image":[{"width":195,"height":218,"url":"https:\/\/www.iemj.org\/wp-content\/uploads\/2025\/06\/Logo-Bio-Isaac-de-Camondo.jpg","type":"image\/jpeg"}],"author":"Jacqueline ROTEN","twitter_card":"summary_large_image","twitter_misc":{"Written by":"Jacqueline ROTEN","Est. reading time":"5 minutes"},"schema":{"@context":"https:\/\/schema.org","@graph":[{"@type":"Article","@id":"https:\/\/www.iemj.org\/en\/camondo-isaac-de-1850-1911\/#article","isPartOf":{"@id":"https:\/\/www.iemj.org\/en\/camondo-isaac-de-1850-1911\/"},"author":{"name":"Jacqueline ROTEN","@id":"https:\/\/www.iemj.org\/en\/#\/schema\/person\/358e26c18aca017fcc4cc15437f7279c"},"headline":"Camondo, Isaac de (1850-1911)","datePublished":"2025-06-02T12:33:10+00:00","dateModified":"2025-06-03T12:39:26+00:00","mainEntityOfPage":{"@id":"https:\/\/www.iemj.org\/en\/camondo-isaac-de-1850-1911\/"},"wordCount":686,"publisher":{"@id":"https:\/\/www.iemj.org\/en\/#organization"},"image":{"@id":"https:\/\/www.iemj.org\/en\/camondo-isaac-de-1850-1911\/#primaryimage"},"thumbnailUrl":"https:\/\/www.iemj.org\/wp-content\/uploads\/2025\/06\/Logo-Bio-Isaac-de-Camondo.jpg","articleSection":["Biographies"],"inLanguage":"en-US"},{"@type":"WebPage","@id":"https:\/\/www.iemj.org\/en\/camondo-isaac-de-1850-1911\/","url":"https:\/\/www.iemj.org\/en\/camondo-isaac-de-1850-1911\/","name":"Camondo, Isaac de (1850-1911) - Institut Europ\u00e9en des Musiques Juives","isPartOf":{"@id":"https:\/\/www.iemj.org\/en\/#website"},"primaryImageOfPage":{"@id":"https:\/\/www.iemj.org\/en\/camondo-isaac-de-1850-1911\/#primaryimage"},"image":{"@id":"https:\/\/www.iemj.org\/en\/camondo-isaac-de-1850-1911\/#primaryimage"},"thumbnailUrl":"https:\/\/www.iemj.org\/wp-content\/uploads\/2025\/06\/Logo-Bio-Isaac-de-Camondo.jpg","datePublished":"2025-06-02T12:33:10+00:00","dateModified":"2025-06-03T12:39:26+00:00","breadcrumb":{"@id":"https:\/\/www.iemj.org\/en\/camondo-isaac-de-1850-1911\/#breadcrumb"},"inLanguage":"en-US","potentialAction":[{"@type":"ReadAction","target":["https:\/\/www.iemj.org\/en\/camondo-isaac-de-1850-1911\/"]}]},{"@type":"ImageObject","inLanguage":"en-US","@id":"https:\/\/www.iemj.org\/en\/camondo-isaac-de-1850-1911\/#primaryimage","url":"https:\/\/www.iemj.org\/wp-content\/uploads\/2025\/06\/Logo-Bio-Isaac-de-Camondo.jpg","contentUrl":"https:\/\/www.iemj.org\/wp-content\/uploads\/2025\/06\/Logo-Bio-Isaac-de-Camondo.jpg","width":195,"height":218},{"@type":"BreadcrumbList","@id":"https:\/\/www.iemj.org\/en\/camondo-isaac-de-1850-1911\/#breadcrumb","itemListElement":[{"@type":"ListItem","position":1,"name":"Accueil","item":"https:\/\/www.iemj.org\/en\/"},{"@type":"ListItem","position":2,"name":"Camondo, Isaac de (1850-1911)"}]},{"@type":"WebSite","@id":"https:\/\/www.iemj.org\/en\/#website","url":"https:\/\/www.iemj.org\/en\/","name":"Institut Europ\u00e9en des Musiques Juives","description":"Des traditions musicales \u00e0 la port\u00e9e de tous","publisher":{"@id":"https:\/\/www.iemj.org\/en\/#organization"},"potentialAction":[{"@type":"SearchAction","target":{"@type":"EntryPoint","urlTemplate":"https:\/\/www.iemj.org\/en\/?s={search_term_string}"},"query-input":{"@type":"PropertyValueSpecification","valueRequired":true,"valueName":"search_term_string"}}],"inLanguage":"en-US"},{"@type":"Organization","@id":"https:\/\/www.iemj.org\/en\/#organization","name":"Institut Europ\u00e9en des Musiques Juives","url":"https:\/\/www.iemj.org\/en\/","logo":{"@type":"ImageObject","inLanguage":"en-US","@id":"https:\/\/www.iemj.org\/en\/#\/schema\/logo\/image\/","url":"https:\/\/www.iemj.org\/wp-content\/uploads\/2021\/09\/Logo-IEMJ-Paypal.jpg","contentUrl":"https:\/\/www.iemj.org\/wp-content\/uploads\/2021\/09\/Logo-IEMJ-Paypal.jpg","width":150,"height":50,"caption":"Institut Europ\u00e9en des Musiques Juives"},"image":{"@id":"https:\/\/www.iemj.org\/en\/#\/schema\/logo\/image\/"},"sameAs":["https:\/\/www.facebook.com\/MusiquesJuives\/","https:\/\/www.instagram.com\/musiquesjuives\/","https:\/\/www.youtube.com\/user\/musiquesjuives"]},{"@type":"Person","@id":"https:\/\/www.iemj.org\/en\/#\/schema\/person\/358e26c18aca017fcc4cc15437f7279c","name":"Jacqueline ROTEN","image":{"@type":"ImageObject","inLanguage":"en-US","@id":"https:\/\/secure.gravatar.com\/avatar\/5964256d6c6957de3a3505278957e0fb2a35119ac47ea41827a65301213c810b?s=96&d=mm&r=g","url":"https:\/\/secure.gravatar.com\/avatar\/5964256d6c6957de3a3505278957e0fb2a35119ac47ea41827a65301213c810b?s=96&d=mm&r=g","contentUrl":"https:\/\/secure.gravatar.com\/avatar\/5964256d6c6957de3a3505278957e0fb2a35119ac47ea41827a65301213c810b?s=96&d=mm&r=g","caption":"Jacqueline ROTEN"}}]}},"_links":{"self":[{"href":"https:\/\/www.iemj.org\/en\/wp-json\/wp\/v2\/posts\/121647","targetHints":{"allow":["GET"]}}],"collection":[{"href":"https:\/\/www.iemj.org\/en\/wp-json\/wp\/v2\/posts"}],"about":[{"href":"https:\/\/www.iemj.org\/en\/wp-json\/wp\/v2\/types\/post"}],"author":[{"embeddable":true,"href":"https:\/\/www.iemj.org\/en\/wp-json\/wp\/v2\/users\/5"}],"replies":[{"embeddable":true,"href":"https:\/\/www.iemj.org\/en\/wp-json\/wp\/v2\/comments?post=121647"}],"version-history":[{"count":0,"href":"https:\/\/www.iemj.org\/en\/wp-json\/wp\/v2\/posts\/121647\/revisions"}],"wp:featuredmedia":[{"embeddable":true,"href":"https:\/\/www.iemj.org\/en\/wp-json\/wp\/v2\/media\/121541"}],"wp:attachment":[{"href":"https:\/\/www.iemj.org\/en\/wp-json\/wp\/v2\/media?parent=121647"}],"wp:term":[{"taxonomy":"category","embeddable":true,"href":"https:\/\/www.iemj.org\/en\/wp-json\/wp\/v2\/categories?post=121647"},{"taxonomy":"post_tag","embeddable":true,"href":"https:\/\/www.iemj.org\/en\/wp-json\/wp\/v2\/tags?post=121647"},{"taxonomy":"technique","embeddable":true,"href":"https:\/\/www.iemj.org\/en\/wp-json\/wp\/v2\/technique?post=121647"},{"taxonomy":"squelettes","embeddable":true,"href":"https:\/\/www.iemj.org\/en\/wp-json\/wp\/v2\/squelettes?post=121647"},{"taxonomy":"sujet","embeddable":true,"href":"https:\/\/www.iemj.org\/en\/wp-json\/wp\/v2\/sujet?post=121647"},{"taxonomy":"formation","embeddable":true,"href":"https:\/\/www.iemj.org\/en\/wp-json\/wp\/v2\/formation?post=121647"},{"taxonomy":"genre","embeddable":true,"href":"https:\/\/www.iemj.org\/en\/wp-json\/wp\/v2\/genre?post=121647"},{"taxonomy":"fonds","embeddable":true,"href":"https:\/\/www.iemj.org\/en\/wp-json\/wp\/v2\/fonds?post=121647"},{"taxonomy":"tradition","embeddable":true,"href":"https:\/\/www.iemj.org\/en\/wp-json\/wp\/v2\/tradition?post=121647"},{"taxonomy":"type-de-contenu","embeddable":true,"href":"https:\/\/www.iemj.org\/en\/wp-json\/wp\/v2\/type-de-contenu?post=121647"},{"taxonomy":"interprete-compositeur","embeddable":true,"href":"https:\/\/www.iemj.org\/en\/wp-json\/wp\/v2\/interprete-compositeur?post=121647"},{"taxonomy":"frise","embeddable":true,"href":"https:\/\/www.iemj.org\/en\/wp-json\/wp\/v2\/frise?post=121647"},{"taxonomy":"type-devenement","embeddable":true,"href":"https:\/\/www.iemj.org\/en\/wp-json\/wp\/v2\/type-devenement?post=121647"},{"taxonomy":"tableaux-liens-externes","embeddable":true,"href":"https:\/\/www.iemj.org\/en\/wp-json\/wp\/v2\/tableaux-liens-externes?post=121647"}],"curies":[{"name":"wp","href":"https:\/\/api.w.org\/{rel}","templated":true}]}}