{"id":12593,"date":"2016-12-21T12:06:20","date_gmt":"2016-12-21T11:06:20","guid":{"rendered":"https:\/\/www.iemj.org\/2016\/12\/21\/hebrew-melodies-a-musical-journey-through-the-jewish-soul\/"},"modified":"2025-09-21T19:00:48","modified_gmt":"2025-09-21T17:00:48","slug":"hebrew-melodies-a-musical-journey-through-the-jewish-soul","status":"publish","type":"post","link":"https:\/\/www.iemj.org\/en\/hebrew-melodies-a-musical-journey-through-the-jewish-soul\/","title":{"rendered":"Hebrew Melodies: a musical journey through the Jewish soul"},"content":{"rendered":"<p class=\"post_excerpt\"><strong>MUSIQUES JUIVES D\u2019HIER ET D\u2019AUJOURD\u2019HUI &#8211; DECEMBER 20, 2016, JUDA\u00cfQUES FM (94.8), 21H05. Radio program in French<\/strong><\/p>\n<p><!--more--><br \/>In the second half of the 19th century appeared an interest for popular and exotic music. With the emergence of the universal expositions, the extension of British and French colonial empires, the Orientalism was in fame. Debussy was the first to be inspired by this music of oral tradition and to invent a music that broke up with the classical Western language. He considerably influenced the composers of the following generation (Bart\u00f3k, Stravinsky, de Falla, etc.), who established their own musical language based on the popular music of their regions.<\/p>\n<p>We also know the attachment of Ravel to popular music from various cultures. Therefore in 1910, Ravel put on music seven popular songs &#8211; in which one is in Yiddish: <em>Mejerke, main Suhn<\/em> (Meyerke, my son) \u2013 for a contest organized by the Maison du Lied in Moscow.<\/p>\n<p>Still in the 20th century, Russian Jewish musicians and researchers got interested in popular Jewish music. In 1900, Jo\u00ebl Engel (1868-1927) started to put on sheet music and to give concerts of folkloric Jewish songs. Encouraged by the composer Nikola\u00ef Rimski-Korsakov, this movement attracted young Jewish musicians \u2013 such as Lazare Saminsky, Solomon Rosowsky, Aleksandr Krein, or Joseph Achron \u2013 and becames in 1908 the \u201cPopular Jewish Music Society\u201d in St-Petersburg. Between 1911 and 1914, this society organized various ethnographic expeditions under the direction of Sh. An-Ski (1863-1920). Engel took actively part in this collect where 500 cylinders were recorded with approximately 1000 songs. Having a lively and representative material of diversity of Jewish music, these young composers wished to embody a 3000 year old dream: recreate a Jewish music. But for An-Ski, the most important was not the material which was used, but the way the bricks were disposed to build a church, a synagogue. In other words, for An-Ski, the (Jewish) content was more important than the (non-Jewish) format.<\/p>\n<p>This idea was taken by Ernest Bloch, often considered as the cantor of Jewish art music. Between 1912 and 1916, Bloch wrote in particular <em>Three Jewish Poems<\/em> (1916), <em>Three Psalms<\/em> (1912-1914), one symphony <em>Isra\u00ebl<\/em> (1912-1916), <em>Schelomo, Hebraic rhapsody for cello and orchestra<\/em> (1916). Bloch did not consider himself as an archeologist of Jewish music. He wrote a music nourished by Hebrew spirit and the love of the Bible.<\/p>\n<p>Darius Milhaud, who defined himself as \u201caFrench man born in Aix and of Jewish confession\u201d, is also the author of an important Jewish work. In particular: <em>Jewish Poems<\/em> (1916), the opera <em>Esther of Carpentras<\/em> (1925-1927), his <em>6 popular Hebraic songs<\/em> (1925), his <em>Sacred Service for the morning of Shabbat<\/em> (1947), the oratorio <em>David<\/em> composed for the third millennium of Jerusalem in 1955, and finally, his last work, the cantata <em>Ani Maamin<\/em> (1974) with words by Elie Wiesel, who tells the horrors of Auschwitz, Treblinka and Maidanek.<\/p>\n<p>Linked to this period of the holocaust, we have to say the names of Viktor Ullman and Simon Laks. The <em>Drei jiddische Lieder<\/em> (3 yiddish melodies) by Viktor Ullman have been written in Terezin in 1944, a few months before his extermination in Auschwitz. These three beautiful works sound as a tribute to the Jewish culture at the time of its destruction. Simon Laks was also sent in Aushwitz in July 1942. As a musician, he survived more than two years, at the head of the concentration camp\u2019s orchestra. In 1947, Laks wrote <em>8 Popular Jewish Songs<\/em>, then in 1961 a <em>lament for Jewish villages<\/em>, to the memory of the East-European Jews who were murdered.<\/p>\n<p>In 1948, facing a growth of antisemitism in USSR, the Cristian composer Dimitri Chostakovitch wrote a work called <em>Of Popular Jewish Poetry (op. 79)<\/em>. The eleven songs of this cycle, which was created in 1955, two years after Stalin\u2019s death, sound like a scream of rebellion against anti-Semitic hatred.<\/p>\n<p>Also marked by Nazi barbarism, Joaquin Nin-Culmell (1908-2004) wrote in 1982 a cycle of <em>Seis Canciones populares sefardies<\/em> dedicated to the memory of all Jewish martyrs (\u00ab in memoriam omnium martyrum iudaeorum \u00bb). For this musical tribute, Nin-Culmell used six Judeo-Spanish melodies from the communities of Salonica, of the Balkans, from Bulgaria and Tetouan.<\/p>\n<p>A brilliant program discussed with the pianist David Bismuth\u2026<\/p>\n<p><a href=\"https:\/\/www.iemj.org\/en\/melodies-hebraiques-pour-violoncelle-et-piano\/\" target=\"_blank\" rel=\"noopener\">Listen to excerpts from the CD Hebrew Melodies for cello and piano<\/a><br \/><a href=\"https:\/\/www.iemj.org\/en\/produit\/melodies-hebraiques\/\">Buy the CD Hebrew Melodies for cello and piano<\/a><\/p>\n<p><strong>Listen to previous radio shows dedicated to classical Jewish music:<\/strong><\/p>\n<ul>\n<li><a href=\"https:\/\/www.iemj.org\/en\/charles-valentin-alkan-from-jewish-faith-to-modernity\/\" target=\"_blank\" rel=\"noopener\">Charles-Valentin Alkan, from Jewish faith to modernity<\/a><\/li>\n<li><a href=\"https:\/\/www.iemj.org\/en\/the-role-of-jewish-musicians-in-19th-century-paris-the-case-of-henri-herz-vienna-1803-paris-1888\/\" target=\"_blank\" rel=\"noopener\">The role of Jewish musicians in the 19th century in Paris: the case of Henri Herz (Vienna 1803- Paris 1888)<br \/><\/a><\/li>\n<li><a href=\"https:\/\/www.iemj.org\/en\/baroque-jewish-music\/\" target=\"_blank\" rel=\"noopener\">Baroque Jewish music<\/a><\/li>\n<li><a href=\"https:\/\/www.iemj.org\/en\/fernand-halphen-a-jewish-composer-in-the-great-war\/\" target=\"_blank\" rel=\"noopener\">Fernand Halphen : a Jewish composer in the great war<\/a><\/li>\n<li><a href=\"https:\/\/www.iemj.org\/en\/the-jewish-work-of-alexandre-tansman-1897-1986\/\" target=\"_blank\" rel=\"noopener\">The Jewish work of Alexandre Tansman (1897-1986)<\/a><\/li>\n<li><a href=\"https:\/\/www.iemj.org\/en\/arnold-schonbergs-jewish-musical-work\/\" target=\"_blank\" rel=\"noopener\">Arnold Sch\u00f6nberg\u2019s Jewish musical work<\/a><\/li>\n<li><a href=\"https:\/\/www.iemj.org\/en\/norbert-glanzberg-from-popular-songs-to-jewish-music\/\" target=\"_blank\" rel=\"noopener\">Norbert Glanzberg &#8211; From popular songs to Jewish music<\/a><\/li>\n<li><a href=\"https:\/\/www.iemj.org\/en\/serge-kaufmann-a-composer-in-search-of-his-roots\/\" target=\"_blank\" rel=\"noopener\">Serge Kaufmann \u2013 a composer in search of his roots<\/a><\/li>\n<\/ul>\n<p><em><img decoding=\"async\" class=\" alignleft size-full wp-image-25839\" src=\"https:\/\/www.iemj.org\/wp-content\/uploads\/2019\/10\/herve_photo_retouche_fond_uni_bleu_500px.jpg\" alt=\"herve_photo_retouche_fond_uni_bleu_500px.jpg\" width=\"140\" height=\"189\" align=\"left\" \/>Officer of the Ordre of Arts and letters, PhD in musicology at Paris University Sorbonne, prize-winning graduate from the Conservatoire National Sup\u00e9rieur de Musique et de Danse de Paris, Herv\u00e9 Roten is the director of the European Institute of Jewish Music since its creation in 2006.<br \/>Ethnomusicologist, he quickly developed an interest in the safeguard and digitization of archives, subjects he taught for several years in Reims and Marne-La-Vall\u00e9e universities.<br \/>Author of many articles, books and recordings related to Jewish music, producer of radio programs, Herv\u00e9 Roten is recognized today as one of the best specialists of Jewish music in the world.<\/em><\/p>\n\n\n<h2 class=\"wp-block-heading\"><\/h2>\n\n\n<div class=\"wp-block-image\">\n<figure class=\"aligncenter size-large\"><img fetchpriority=\"high\" decoding=\"async\" width=\"1024\" height=\"133\" src=\"https:\/\/www.iemj.org\/wp-content\/uploads\/2024\/03\/AUDIO-PLAYER-1024x133.png\" alt=\"\" class=\"wp-image-110607\" srcset=\"https:\/\/www.iemj.org\/wp-content\/uploads\/2024\/03\/AUDIO-PLAYER-1024x133.png 1024w, https:\/\/www.iemj.org\/wp-content\/uploads\/2024\/03\/AUDIO-PLAYER-300x39.png 300w, https:\/\/www.iemj.org\/wp-content\/uploads\/2024\/03\/AUDIO-PLAYER-768x100.png 768w, https:\/\/www.iemj.org\/wp-content\/uploads\/2024\/03\/AUDIO-PLAYER-600x78.png 600w, https:\/\/www.iemj.org\/wp-content\/uploads\/2024\/03\/AUDIO-PLAYER.png 1210w\" sizes=\"(max-width: 1024px) 100vw, 1024px\" \/><\/figure>\n<\/div>\n\n\n<div class=\"wp-block-file\"><a href=\"https:\/\/www.iemj.org\/wp-content\/uploads\/2016\/12\/jfm54_melodies_hebraiques-2016-12-20_mp3-v128kbs.mp3\">M\u00e9lodies h\u00e9bra\u00efques : un cheminement musical \u00e0 travers l\u2019\u00e2me juive &#8211; Herv\u00e9 Roten (Juda\u00efques FM 94.8)<\/a><\/div>\n","protected":false},"excerpt":{"rendered":"<p>MUSIQUES JUIVES D\u2019HIER ET D\u2019AUJOURD\u2019HUI &#8211; DECEMBER 20, 2016, JUDA\u00cfQUES FM (94.8), 21H05. Radio program in French<\/p>\n","protected":false},"author":1048,"featured_media":12591,"comment_status":"closed","ping_status":"open","sticky":false,"template":"","format":"standard","meta":{"_acf_changed":false,"footnotes":""},"categories":[2162,899],"tags":[2210],"technique":[],"squelettes":[],"sujet":[],"formation":[],"genre":[1117],"fonds":[],"tradition":[],"type-de-contenu":[],"interprete-compositeur":[3145,3248,3311],"frise":[],"type-devenement":[],"tableaux-liens-externes":[],"class_list":["post-12593","post","type-post","status-publish","format-standard","has-post-thumbnail","hentry","category-herve-rotens-programs-en","category-radio-programs-en","tag-radio-shows-from-the-eijm-en","genre-classical-music","interprete-compositeur-ernest-bloch-en-2","interprete-compositeur-leon-algazi-en","interprete-compositeur-viktor-ullmann-en"],"acf":[],"yoast_head":"<!-- This site is optimized with the Yoast SEO plugin v27.3 - https:\/\/yoast.com\/product\/yoast-seo-wordpress\/ -->\n<title>Hebrew Melodies: a musical journey through the Jewish soul - Institut Europ\u00e9en des Musiques Juives<\/title>\n<meta name=\"robots\" content=\"index, follow, max-snippet:-1, max-image-preview:large, max-video-preview:-1\" \/>\n<link rel=\"canonical\" href=\"https:\/\/www.iemj.org\/en\/hebrew-melodies-a-musical-journey-through-the-jewish-soul\/\" \/>\n<meta property=\"og:locale\" content=\"en_US\" \/>\n<meta property=\"og:type\" content=\"article\" \/>\n<meta property=\"og:title\" content=\"Hebrew Melodies: a musical journey through the Jewish soul - Institut Europ\u00e9en des Musiques Juives\" \/>\n<meta property=\"og:description\" content=\"MUSIQUES JUIVES D\u2019HIER ET D\u2019AUJOURD\u2019HUI &#8211; DECEMBER 20, 2016, JUDA\u00cfQUES FM (94.8), 21H05. Radio program in French\" \/>\n<meta property=\"og:url\" content=\"https:\/\/www.iemj.org\/en\/hebrew-melodies-a-musical-journey-through-the-jewish-soul\/\" \/>\n<meta property=\"og:site_name\" content=\"Institut Europ\u00e9en des Musiques Juives\" \/>\n<meta property=\"article:publisher\" content=\"https:\/\/www.facebook.com\/MusiquesJuives\/\" \/>\n<meta property=\"article:published_time\" content=\"2016-12-21T11:06:20+00:00\" \/>\n<meta property=\"article:modified_time\" content=\"2025-09-21T17:00:48+00:00\" \/>\n<meta property=\"og:image\" content=\"https:\/\/www.iemj.org\/wp-content\/uploads\/2016\/12\/arton2007.jpg\" \/>\n\t<meta property=\"og:image:width\" content=\"144\" \/>\n\t<meta property=\"og:image:height\" content=\"129\" \/>\n\t<meta property=\"og:image:type\" content=\"image\/jpeg\" \/>\n<meta name=\"author\" content=\"Jean-Gabriel Davis\" \/>\n<meta name=\"twitter:card\" content=\"summary_large_image\" \/>\n<meta name=\"twitter:label1\" content=\"Written by\" \/>\n\t<meta name=\"twitter:data1\" content=\"Jean-Gabriel Davis\" \/>\n\t<meta name=\"twitter:label2\" content=\"Est. reading time\" \/>\n\t<meta name=\"twitter:data2\" content=\"6 minutes\" \/>\n<script type=\"application\/ld+json\" class=\"yoast-schema-graph\">{\"@context\":\"https:\\\/\\\/schema.org\",\"@graph\":[{\"@type\":\"Article\",\"@id\":\"https:\\\/\\\/www.iemj.org\\\/en\\\/hebrew-melodies-a-musical-journey-through-the-jewish-soul\\\/#article\",\"isPartOf\":{\"@id\":\"https:\\\/\\\/www.iemj.org\\\/en\\\/hebrew-melodies-a-musical-journey-through-the-jewish-soul\\\/\"},\"author\":{\"name\":\"Jean-Gabriel Davis\",\"@id\":\"https:\\\/\\\/www.iemj.org\\\/en\\\/#\\\/schema\\\/person\\\/c9bc1c386a3749579a2d675e72a18666\"},\"headline\":\"Hebrew Melodies: a musical journey through the Jewish soul\",\"datePublished\":\"2016-12-21T11:06:20+00:00\",\"dateModified\":\"2025-09-21T17:00:48+00:00\",\"mainEntityOfPage\":{\"@id\":\"https:\\\/\\\/www.iemj.org\\\/en\\\/hebrew-melodies-a-musical-journey-through-the-jewish-soul\\\/\"},\"wordCount\":911,\"publisher\":{\"@id\":\"https:\\\/\\\/www.iemj.org\\\/en\\\/#organization\"},\"image\":{\"@id\":\"https:\\\/\\\/www.iemj.org\\\/en\\\/hebrew-melodies-a-musical-journey-through-the-jewish-soul\\\/#primaryimage\"},\"thumbnailUrl\":\"https:\\\/\\\/www.iemj.org\\\/wp-content\\\/uploads\\\/2016\\\/12\\\/arton2007.jpg\",\"keywords\":[\"Radio programs from the EIJM\"],\"articleSection\":[\"Herv\u00e9 Roten's Programs\",\"Radio programs\"],\"inLanguage\":\"en-US\"},{\"@type\":\"WebPage\",\"@id\":\"https:\\\/\\\/www.iemj.org\\\/en\\\/hebrew-melodies-a-musical-journey-through-the-jewish-soul\\\/\",\"url\":\"https:\\\/\\\/www.iemj.org\\\/en\\\/hebrew-melodies-a-musical-journey-through-the-jewish-soul\\\/\",\"name\":\"Hebrew Melodies: a musical journey through the Jewish soul - Institut Europ\u00e9en des Musiques Juives\",\"isPartOf\":{\"@id\":\"https:\\\/\\\/www.iemj.org\\\/en\\\/#website\"},\"primaryImageOfPage\":{\"@id\":\"https:\\\/\\\/www.iemj.org\\\/en\\\/hebrew-melodies-a-musical-journey-through-the-jewish-soul\\\/#primaryimage\"},\"image\":{\"@id\":\"https:\\\/\\\/www.iemj.org\\\/en\\\/hebrew-melodies-a-musical-journey-through-the-jewish-soul\\\/#primaryimage\"},\"thumbnailUrl\":\"https:\\\/\\\/www.iemj.org\\\/wp-content\\\/uploads\\\/2016\\\/12\\\/arton2007.jpg\",\"datePublished\":\"2016-12-21T11:06:20+00:00\",\"dateModified\":\"2025-09-21T17:00:48+00:00\",\"breadcrumb\":{\"@id\":\"https:\\\/\\\/www.iemj.org\\\/en\\\/hebrew-melodies-a-musical-journey-through-the-jewish-soul\\\/#breadcrumb\"},\"inLanguage\":\"en-US\",\"potentialAction\":[{\"@type\":\"ReadAction\",\"target\":[\"https:\\\/\\\/www.iemj.org\\\/en\\\/hebrew-melodies-a-musical-journey-through-the-jewish-soul\\\/\"]}]},{\"@type\":\"ImageObject\",\"inLanguage\":\"en-US\",\"@id\":\"https:\\\/\\\/www.iemj.org\\\/en\\\/hebrew-melodies-a-musical-journey-through-the-jewish-soul\\\/#primaryimage\",\"url\":\"https:\\\/\\\/www.iemj.org\\\/wp-content\\\/uploads\\\/2016\\\/12\\\/arton2007.jpg\",\"contentUrl\":\"https:\\\/\\\/www.iemj.org\\\/wp-content\\\/uploads\\\/2016\\\/12\\\/arton2007.jpg\",\"width\":144,\"height\":129},{\"@type\":\"BreadcrumbList\",\"@id\":\"https:\\\/\\\/www.iemj.org\\\/en\\\/hebrew-melodies-a-musical-journey-through-the-jewish-soul\\\/#breadcrumb\",\"itemListElement\":[{\"@type\":\"ListItem\",\"position\":1,\"name\":\"Accueil\",\"item\":\"https:\\\/\\\/www.iemj.org\\\/en\\\/\"},{\"@type\":\"ListItem\",\"position\":2,\"name\":\"Hebrew Melodies: a musical journey through the Jewish soul\"}]},{\"@type\":\"WebSite\",\"@id\":\"https:\\\/\\\/www.iemj.org\\\/en\\\/#website\",\"url\":\"https:\\\/\\\/www.iemj.org\\\/en\\\/\",\"name\":\"Institut Europ\u00e9en des Musiques Juives\",\"description\":\"Des traditions musicales \u00e0 la port\u00e9e de tous\",\"publisher\":{\"@id\":\"https:\\\/\\\/www.iemj.org\\\/en\\\/#organization\"},\"potentialAction\":[{\"@type\":\"SearchAction\",\"target\":{\"@type\":\"EntryPoint\",\"urlTemplate\":\"https:\\\/\\\/www.iemj.org\\\/en\\\/?s={search_term_string}\"},\"query-input\":{\"@type\":\"PropertyValueSpecification\",\"valueRequired\":true,\"valueName\":\"search_term_string\"}}],\"inLanguage\":\"en-US\"},{\"@type\":\"Organization\",\"@id\":\"https:\\\/\\\/www.iemj.org\\\/en\\\/#organization\",\"name\":\"Institut Europ\u00e9en des Musiques Juives\",\"url\":\"https:\\\/\\\/www.iemj.org\\\/en\\\/\",\"logo\":{\"@type\":\"ImageObject\",\"inLanguage\":\"en-US\",\"@id\":\"https:\\\/\\\/www.iemj.org\\\/en\\\/#\\\/schema\\\/logo\\\/image\\\/\",\"url\":\"https:\\\/\\\/www.iemj.org\\\/wp-content\\\/uploads\\\/2021\\\/09\\\/Logo-IEMJ-Paypal.jpg\",\"contentUrl\":\"https:\\\/\\\/www.iemj.org\\\/wp-content\\\/uploads\\\/2021\\\/09\\\/Logo-IEMJ-Paypal.jpg\",\"width\":150,\"height\":50,\"caption\":\"Institut Europ\u00e9en des Musiques Juives\"},\"image\":{\"@id\":\"https:\\\/\\\/www.iemj.org\\\/en\\\/#\\\/schema\\\/logo\\\/image\\\/\"},\"sameAs\":[\"https:\\\/\\\/www.facebook.com\\\/MusiquesJuives\\\/\",\"https:\\\/\\\/www.instagram.com\\\/musiquesjuives\\\/\",\"https:\\\/\\\/www.youtube.com\\\/user\\\/musiquesjuives\"]},{\"@type\":\"Person\",\"@id\":\"https:\\\/\\\/www.iemj.org\\\/en\\\/#\\\/schema\\\/person\\\/c9bc1c386a3749579a2d675e72a18666\",\"name\":\"Jean-Gabriel Davis\",\"image\":{\"@type\":\"ImageObject\",\"inLanguage\":\"en-US\",\"@id\":\"https:\\\/\\\/secure.gravatar.com\\\/avatar\\\/2b90d67bdf392c9b3a21fab87c0fa7edaf1fb3a058172a1ffd61033fcec7aec1?s=96&d=mm&r=g\",\"url\":\"https:\\\/\\\/secure.gravatar.com\\\/avatar\\\/2b90d67bdf392c9b3a21fab87c0fa7edaf1fb3a058172a1ffd61033fcec7aec1?s=96&d=mm&r=g\",\"contentUrl\":\"https:\\\/\\\/secure.gravatar.com\\\/avatar\\\/2b90d67bdf392c9b3a21fab87c0fa7edaf1fb3a058172a1ffd61033fcec7aec1?s=96&d=mm&r=g\",\"caption\":\"Jean-Gabriel Davis\"}}]}<\/script>\n<!-- \/ Yoast SEO plugin. -->","yoast_head_json":{"title":"Hebrew Melodies: a musical journey through the Jewish soul - Institut Europ\u00e9en des Musiques Juives","robots":{"index":"index","follow":"follow","max-snippet":"max-snippet:-1","max-image-preview":"max-image-preview:large","max-video-preview":"max-video-preview:-1"},"canonical":"https:\/\/www.iemj.org\/en\/hebrew-melodies-a-musical-journey-through-the-jewish-soul\/","og_locale":"en_US","og_type":"article","og_title":"Hebrew Melodies: a musical journey through the Jewish soul - Institut Europ\u00e9en des Musiques Juives","og_description":"MUSIQUES JUIVES D\u2019HIER ET D\u2019AUJOURD\u2019HUI &#8211; DECEMBER 20, 2016, JUDA\u00cfQUES FM (94.8), 21H05. Radio program in French","og_url":"https:\/\/www.iemj.org\/en\/hebrew-melodies-a-musical-journey-through-the-jewish-soul\/","og_site_name":"Institut Europ\u00e9en des Musiques Juives","article_publisher":"https:\/\/www.facebook.com\/MusiquesJuives\/","article_published_time":"2016-12-21T11:06:20+00:00","article_modified_time":"2025-09-21T17:00:48+00:00","og_image":[{"width":144,"height":129,"url":"https:\/\/www.iemj.org\/wp-content\/uploads\/2016\/12\/arton2007.jpg","type":"image\/jpeg"}],"author":"Jean-Gabriel Davis","twitter_card":"summary_large_image","twitter_misc":{"Written by":"Jean-Gabriel Davis","Est. reading time":"6 minutes"},"schema":{"@context":"https:\/\/schema.org","@graph":[{"@type":"Article","@id":"https:\/\/www.iemj.org\/en\/hebrew-melodies-a-musical-journey-through-the-jewish-soul\/#article","isPartOf":{"@id":"https:\/\/www.iemj.org\/en\/hebrew-melodies-a-musical-journey-through-the-jewish-soul\/"},"author":{"name":"Jean-Gabriel Davis","@id":"https:\/\/www.iemj.org\/en\/#\/schema\/person\/c9bc1c386a3749579a2d675e72a18666"},"headline":"Hebrew Melodies: a musical journey through the Jewish soul","datePublished":"2016-12-21T11:06:20+00:00","dateModified":"2025-09-21T17:00:48+00:00","mainEntityOfPage":{"@id":"https:\/\/www.iemj.org\/en\/hebrew-melodies-a-musical-journey-through-the-jewish-soul\/"},"wordCount":911,"publisher":{"@id":"https:\/\/www.iemj.org\/en\/#organization"},"image":{"@id":"https:\/\/www.iemj.org\/en\/hebrew-melodies-a-musical-journey-through-the-jewish-soul\/#primaryimage"},"thumbnailUrl":"https:\/\/www.iemj.org\/wp-content\/uploads\/2016\/12\/arton2007.jpg","keywords":["Radio programs from the EIJM"],"articleSection":["Herv\u00e9 Roten's Programs","Radio programs"],"inLanguage":"en-US"},{"@type":"WebPage","@id":"https:\/\/www.iemj.org\/en\/hebrew-melodies-a-musical-journey-through-the-jewish-soul\/","url":"https:\/\/www.iemj.org\/en\/hebrew-melodies-a-musical-journey-through-the-jewish-soul\/","name":"Hebrew Melodies: a musical journey through the Jewish soul - Institut Europ\u00e9en des Musiques Juives","isPartOf":{"@id":"https:\/\/www.iemj.org\/en\/#website"},"primaryImageOfPage":{"@id":"https:\/\/www.iemj.org\/en\/hebrew-melodies-a-musical-journey-through-the-jewish-soul\/#primaryimage"},"image":{"@id":"https:\/\/www.iemj.org\/en\/hebrew-melodies-a-musical-journey-through-the-jewish-soul\/#primaryimage"},"thumbnailUrl":"https:\/\/www.iemj.org\/wp-content\/uploads\/2016\/12\/arton2007.jpg","datePublished":"2016-12-21T11:06:20+00:00","dateModified":"2025-09-21T17:00:48+00:00","breadcrumb":{"@id":"https:\/\/www.iemj.org\/en\/hebrew-melodies-a-musical-journey-through-the-jewish-soul\/#breadcrumb"},"inLanguage":"en-US","potentialAction":[{"@type":"ReadAction","target":["https:\/\/www.iemj.org\/en\/hebrew-melodies-a-musical-journey-through-the-jewish-soul\/"]}]},{"@type":"ImageObject","inLanguage":"en-US","@id":"https:\/\/www.iemj.org\/en\/hebrew-melodies-a-musical-journey-through-the-jewish-soul\/#primaryimage","url":"https:\/\/www.iemj.org\/wp-content\/uploads\/2016\/12\/arton2007.jpg","contentUrl":"https:\/\/www.iemj.org\/wp-content\/uploads\/2016\/12\/arton2007.jpg","width":144,"height":129},{"@type":"BreadcrumbList","@id":"https:\/\/www.iemj.org\/en\/hebrew-melodies-a-musical-journey-through-the-jewish-soul\/#breadcrumb","itemListElement":[{"@type":"ListItem","position":1,"name":"Accueil","item":"https:\/\/www.iemj.org\/en\/"},{"@type":"ListItem","position":2,"name":"Hebrew Melodies: a musical journey through the Jewish soul"}]},{"@type":"WebSite","@id":"https:\/\/www.iemj.org\/en\/#website","url":"https:\/\/www.iemj.org\/en\/","name":"Institut Europ\u00e9en des Musiques Juives","description":"Des traditions musicales \u00e0 la port\u00e9e de tous","publisher":{"@id":"https:\/\/www.iemj.org\/en\/#organization"},"potentialAction":[{"@type":"SearchAction","target":{"@type":"EntryPoint","urlTemplate":"https:\/\/www.iemj.org\/en\/?s={search_term_string}"},"query-input":{"@type":"PropertyValueSpecification","valueRequired":true,"valueName":"search_term_string"}}],"inLanguage":"en-US"},{"@type":"Organization","@id":"https:\/\/www.iemj.org\/en\/#organization","name":"Institut Europ\u00e9en des Musiques Juives","url":"https:\/\/www.iemj.org\/en\/","logo":{"@type":"ImageObject","inLanguage":"en-US","@id":"https:\/\/www.iemj.org\/en\/#\/schema\/logo\/image\/","url":"https:\/\/www.iemj.org\/wp-content\/uploads\/2021\/09\/Logo-IEMJ-Paypal.jpg","contentUrl":"https:\/\/www.iemj.org\/wp-content\/uploads\/2021\/09\/Logo-IEMJ-Paypal.jpg","width":150,"height":50,"caption":"Institut Europ\u00e9en des Musiques Juives"},"image":{"@id":"https:\/\/www.iemj.org\/en\/#\/schema\/logo\/image\/"},"sameAs":["https:\/\/www.facebook.com\/MusiquesJuives\/","https:\/\/www.instagram.com\/musiquesjuives\/","https:\/\/www.youtube.com\/user\/musiquesjuives"]},{"@type":"Person","@id":"https:\/\/www.iemj.org\/en\/#\/schema\/person\/c9bc1c386a3749579a2d675e72a18666","name":"Jean-Gabriel Davis","image":{"@type":"ImageObject","inLanguage":"en-US","@id":"https:\/\/secure.gravatar.com\/avatar\/2b90d67bdf392c9b3a21fab87c0fa7edaf1fb3a058172a1ffd61033fcec7aec1?s=96&d=mm&r=g","url":"https:\/\/secure.gravatar.com\/avatar\/2b90d67bdf392c9b3a21fab87c0fa7edaf1fb3a058172a1ffd61033fcec7aec1?s=96&d=mm&r=g","contentUrl":"https:\/\/secure.gravatar.com\/avatar\/2b90d67bdf392c9b3a21fab87c0fa7edaf1fb3a058172a1ffd61033fcec7aec1?s=96&d=mm&r=g","caption":"Jean-Gabriel Davis"}}]}},"_links":{"self":[{"href":"https:\/\/www.iemj.org\/en\/wp-json\/wp\/v2\/posts\/12593","targetHints":{"allow":["GET"]}}],"collection":[{"href":"https:\/\/www.iemj.org\/en\/wp-json\/wp\/v2\/posts"}],"about":[{"href":"https:\/\/www.iemj.org\/en\/wp-json\/wp\/v2\/types\/post"}],"author":[{"embeddable":true,"href":"https:\/\/www.iemj.org\/en\/wp-json\/wp\/v2\/users\/1048"}],"replies":[{"embeddable":true,"href":"https:\/\/www.iemj.org\/en\/wp-json\/wp\/v2\/comments?post=12593"}],"version-history":[{"count":0,"href":"https:\/\/www.iemj.org\/en\/wp-json\/wp\/v2\/posts\/12593\/revisions"}],"wp:featuredmedia":[{"embeddable":true,"href":"https:\/\/www.iemj.org\/en\/wp-json\/wp\/v2\/media\/12591"}],"wp:attachment":[{"href":"https:\/\/www.iemj.org\/en\/wp-json\/wp\/v2\/media?parent=12593"}],"wp:term":[{"taxonomy":"category","embeddable":true,"href":"https:\/\/www.iemj.org\/en\/wp-json\/wp\/v2\/categories?post=12593"},{"taxonomy":"post_tag","embeddable":true,"href":"https:\/\/www.iemj.org\/en\/wp-json\/wp\/v2\/tags?post=12593"},{"taxonomy":"technique","embeddable":true,"href":"https:\/\/www.iemj.org\/en\/wp-json\/wp\/v2\/technique?post=12593"},{"taxonomy":"squelettes","embeddable":true,"href":"https:\/\/www.iemj.org\/en\/wp-json\/wp\/v2\/squelettes?post=12593"},{"taxonomy":"sujet","embeddable":true,"href":"https:\/\/www.iemj.org\/en\/wp-json\/wp\/v2\/sujet?post=12593"},{"taxonomy":"formation","embeddable":true,"href":"https:\/\/www.iemj.org\/en\/wp-json\/wp\/v2\/formation?post=12593"},{"taxonomy":"genre","embeddable":true,"href":"https:\/\/www.iemj.org\/en\/wp-json\/wp\/v2\/genre?post=12593"},{"taxonomy":"fonds","embeddable":true,"href":"https:\/\/www.iemj.org\/en\/wp-json\/wp\/v2\/fonds?post=12593"},{"taxonomy":"tradition","embeddable":true,"href":"https:\/\/www.iemj.org\/en\/wp-json\/wp\/v2\/tradition?post=12593"},{"taxonomy":"type-de-contenu","embeddable":true,"href":"https:\/\/www.iemj.org\/en\/wp-json\/wp\/v2\/type-de-contenu?post=12593"},{"taxonomy":"interprete-compositeur","embeddable":true,"href":"https:\/\/www.iemj.org\/en\/wp-json\/wp\/v2\/interprete-compositeur?post=12593"},{"taxonomy":"frise","embeddable":true,"href":"https:\/\/www.iemj.org\/en\/wp-json\/wp\/v2\/frise?post=12593"},{"taxonomy":"type-devenement","embeddable":true,"href":"https:\/\/www.iemj.org\/en\/wp-json\/wp\/v2\/type-devenement?post=12593"},{"taxonomy":"tableaux-liens-externes","embeddable":true,"href":"https:\/\/www.iemj.org\/en\/wp-json\/wp\/v2\/tableaux-liens-externes?post=12593"}],"curies":[{"name":"wp","href":"https:\/\/api.w.org\/{rel}","templated":true}]}}