{"id":12600,"date":"2016-12-21T16:04:40","date_gmt":"2016-12-21T15:04:40","guid":{"rendered":"https:\/\/www.iemj.org\/2016\/12\/21\/courses-cycle-jewish-art-music-in-europe-in-the-17th-and-18th-centuries-italy-france-holland\/"},"modified":"2023-08-28T16:21:40","modified_gmt":"2023-08-28T14:21:40","slug":"courses-cycle-jewish-art-music-in-europe-in-the-17th-and-18th-centuries-italy-france-holland","status":"publish","type":"post","link":"https:\/\/www.iemj.org\/en\/courses-cycle-jewish-art-music-in-europe-in-the-17th-and-18th-centuries-italy-france-holland\/","title":{"rendered":"Lectures: Jewish art music in Europe in the 17th and 18th centuries (Italy, France, Holland)"},"content":{"rendered":"<p><strong>The<\/strong> <strong><a href=\"http:\/\/www.instituteliewiesel.com\/\">Elie Wiesel Institute <\/a> organizes with the European Institute of Jewish Music a four courses cycle, on January 5, 12, 19 and 26, 2017 from 6h30 pm to 8h30 pm.<\/strong><\/p>\n<p>For centuries, Jewish music has been transmitted orally. With a few exceptions \u2013 such as Ovadya the Norman proselyte from the 12th century, Jewish people did not write their music. We have to wait the Italian Renaissance in the 16th century and beginning of the 17th century to see the first music scores written down and performed in a Jewish surrounding. Though these music scores do not reflect the everyday musical practice of the Jews, it gives precious information about the integration of Italian Jews to their cultural environment. That\u2019s how we see that at the end of the 16th century, there were polyphonic choirs, sometimes accompanied by instruments, in the synagogues of Padoue, Ferrare and Mantovia. In Venice in 1622-23, <a href=\"https:\/\/www.iemj.org\/en\/rossi-salomone-vers-1570-vers-1630\/\" target=\"_blank\" rel=\"noopener\">Salomone Rossi<\/a> (ca 1570 &#8211; ca 1630) publishes an important collection of liturgical Hebrew compositions, called Ha-shirim asher li-Shelomo, which contains 33 choirs of 3 to 8 voices for the synagogue cult.<\/p>\n<p>This movement of opening, which expands during the century of the enlightments, will also reach the Jewish communities of Amsterdam and the Comtat Venaissin. In the 18th century, the number of music works written in the art style of the time multiplies, in Italy, France or Holland.<\/p>\n<p>This course, dedicated to the memory of <a href=\"https:\/\/www.iemj.org\/en\/adler-israel-1925-2009\/\" target=\"_blank\" rel=\"noopener\">Israel Adler<\/a> (1925-2009), specialist of Baroque Jewish music, will be illustrated by many audiovisual examples, in order to discover the richness of Jewish music practices in the Baroque and Classical times, between 1623 and 1774.<\/p>\n<p><strong>Bibliography<\/strong><br \/>\n&#8211; Israel Adler, La pratique musicale savante dans quelques communaut\u00e9s juives en Europe aux XVII\u00e8me et XVIII\u00e8me si\u00e8cles, Paris &#8211; La Haye, Mouton &amp; Co, 1966, 2 vol.<br \/>\n&#8211; Don Harran, Salamone Rossi, Jewish Musician in Late Renaissance Mantua. Oxford: Oxford University Press, 1999.<br \/>\n&#8211; Herv\u00e9 Roten, Musiques liturgiques juives (inclus un CD), Cit\u00e9 de la Musique\/Actes Sud, 1998.<br \/>\n&#8211; Amnon Shiloah, Les traditions musicales juives, Maisonneuve &amp; Larose, 1995.<\/p>\n<p><strong>Discography<\/strong><br \/>\n<a href=\"https:\/\/www.iemj.org\/en\/musiques-juives-baroques-venise-mantoue-amsterdam-1623-1774-2\/\" target=\"_blank\" rel=\"noopener\">&#8211; Musiques juives baroques, Venise, Mantoue, Amsterdam (1623-1774) \u2013 hommage \u00e0 Israel Adler, Coll. Patrimoines musicaux des Juifs de France, vol. 10, Buda Musique, 2011.<\/a><br \/>\n&#8211; Synagogal Music in the baroque (Amsterdam, Italie et Sud de la France), AMTI CD 9101, C.D.I. Ltd, ed. I. Adler, Israel, 1991.<\/p>\n<p><strong>Schedule:<\/strong> Thursdays, January 5, 12, 19 and 26, 2017, 6:30 pm to 8:30 pm<br \/>\n<strong>Price:<\/strong> \u20ac65 (\u20ac30 for students)<\/p>\n","protected":false},"excerpt":{"rendered":"<p>The Elie Wiesel Institute organizes with the European Institute of Jewish Music a four courses cycle, on January 5, 12, 19 and 26, 2017 from 6h30 pm to 8h30 pm.<\/p>\n","protected":false},"author":1048,"featured_media":12598,"comment_status":"closed","ping_status":"open","sticky":false,"template":"","format":"standard","meta":{"_acf_changed":false,"footnotes":""},"categories":[1369,1381],"tags":[3416],"technique":[],"squelettes":[],"sujet":[],"formation":[],"genre":[1111],"fonds":[],"tradition":[],"type-de-contenu":[],"interprete-compositeur":[],"frise":[],"type-devenement":[],"tableaux-liens-externes":[],"class_list":["post-12600","post","type-post","status-publish","format-standard","has-post-thumbnail","hentry","category-events-en","category-lectures-conferences-events-en","tag-partners-events-en","genre-baroque-music"],"acf":[],"yoast_head":"<!-- This site is optimized with the Yoast SEO plugin v27.3 - https:\/\/yoast.com\/product\/yoast-seo-wordpress\/ -->\n<title>Lectures: Jewish art music in Europe in the 17th and 18th centuries (Italy, France, Holland) - Institut Europ\u00e9en des Musiques Juives<\/title>\n<meta name=\"robots\" content=\"noindex, follow\" \/>\n<meta property=\"og:locale\" content=\"en_US\" \/>\n<meta property=\"og:type\" content=\"article\" \/>\n<meta property=\"og:title\" content=\"Lectures: Jewish art music in Europe in the 17th and 18th centuries (Italy, France, Holland) - Institut Europ\u00e9en des Musiques Juives\" \/>\n<meta property=\"og:description\" content=\"The Elie Wiesel Institute organizes with the European Institute of Jewish Music a four courses cycle, on January 5, 12, 19 and 26, 2017 from 6h30 pm to 8h30 pm.\" \/>\n<meta property=\"og:url\" content=\"https:\/\/www.iemj.org\/en\/courses-cycle-jewish-art-music-in-europe-in-the-17th-and-18th-centuries-italy-france-holland\/\" \/>\n<meta property=\"og:site_name\" content=\"Institut Europ\u00e9en des Musiques Juives\" \/>\n<meta property=\"article:publisher\" content=\"https:\/\/www.facebook.com\/MusiquesJuives\/\" \/>\n<meta property=\"article:published_time\" content=\"2016-12-21T15:04:40+00:00\" \/>\n<meta property=\"article:modified_time\" content=\"2023-08-28T14:21:40+00:00\" \/>\n<meta property=\"og:image\" content=\"https:\/\/www.iemj.org\/wp-content\/uploads\/2016\/12\/arton2009.jpg\" \/>\n\t<meta property=\"og:image:width\" content=\"735\" \/>\n\t<meta property=\"og:image:height\" content=\"527\" \/>\n\t<meta property=\"og:image:type\" content=\"image\/jpeg\" \/>\n<meta name=\"author\" content=\"Jean-Gabriel Davis\" \/>\n<meta name=\"twitter:card\" content=\"summary_large_image\" \/>\n<meta name=\"twitter:label1\" content=\"Written by\" \/>\n\t<meta name=\"twitter:data1\" content=\"Jean-Gabriel Davis\" \/>\n\t<meta name=\"twitter:label2\" content=\"Est. reading time\" \/>\n\t<meta name=\"twitter:data2\" content=\"3 minutes\" \/>\n<script type=\"application\/ld+json\" class=\"yoast-schema-graph\">{\"@context\":\"https:\\\/\\\/schema.org\",\"@graph\":[{\"@type\":\"Article\",\"@id\":\"https:\\\/\\\/www.iemj.org\\\/en\\\/courses-cycle-jewish-art-music-in-europe-in-the-17th-and-18th-centuries-italy-france-holland\\\/#article\",\"isPartOf\":{\"@id\":\"https:\\\/\\\/www.iemj.org\\\/en\\\/courses-cycle-jewish-art-music-in-europe-in-the-17th-and-18th-centuries-italy-france-holland\\\/\"},\"author\":{\"name\":\"Jean-Gabriel Davis\",\"@id\":\"https:\\\/\\\/www.iemj.org\\\/en\\\/#\\\/schema\\\/person\\\/c9bc1c386a3749579a2d675e72a18666\"},\"headline\":\"Lectures: Jewish art music in Europe in the 17th and 18th centuries (Italy, France, Holland)\",\"datePublished\":\"2016-12-21T15:04:40+00:00\",\"dateModified\":\"2023-08-28T14:21:40+00:00\",\"mainEntityOfPage\":{\"@id\":\"https:\\\/\\\/www.iemj.org\\\/en\\\/courses-cycle-jewish-art-music-in-europe-in-the-17th-and-18th-centuries-italy-france-holland\\\/\"},\"wordCount\":401,\"publisher\":{\"@id\":\"https:\\\/\\\/www.iemj.org\\\/en\\\/#organization\"},\"image\":{\"@id\":\"https:\\\/\\\/www.iemj.org\\\/en\\\/courses-cycle-jewish-art-music-in-europe-in-the-17th-and-18th-centuries-italy-france-holland\\\/#primaryimage\"},\"thumbnailUrl\":\"https:\\\/\\\/www.iemj.org\\\/wp-content\\\/uploads\\\/2016\\\/12\\\/arton2009.jpg\",\"keywords\":[\"Partners' events\"],\"articleSection\":[\"Events\",\"Lectures \\\/ Conferences\"],\"inLanguage\":\"en-US\"},{\"@type\":\"WebPage\",\"@id\":\"https:\\\/\\\/www.iemj.org\\\/en\\\/courses-cycle-jewish-art-music-in-europe-in-the-17th-and-18th-centuries-italy-france-holland\\\/\",\"url\":\"https:\\\/\\\/www.iemj.org\\\/en\\\/courses-cycle-jewish-art-music-in-europe-in-the-17th-and-18th-centuries-italy-france-holland\\\/\",\"name\":\"Lectures: Jewish art music in Europe in the 17th and 18th centuries (Italy, France, Holland) - Institut Europ\u00e9en des Musiques Juives\",\"isPartOf\":{\"@id\":\"https:\\\/\\\/www.iemj.org\\\/en\\\/#website\"},\"primaryImageOfPage\":{\"@id\":\"https:\\\/\\\/www.iemj.org\\\/en\\\/courses-cycle-jewish-art-music-in-europe-in-the-17th-and-18th-centuries-italy-france-holland\\\/#primaryimage\"},\"image\":{\"@id\":\"https:\\\/\\\/www.iemj.org\\\/en\\\/courses-cycle-jewish-art-music-in-europe-in-the-17th-and-18th-centuries-italy-france-holland\\\/#primaryimage\"},\"thumbnailUrl\":\"https:\\\/\\\/www.iemj.org\\\/wp-content\\\/uploads\\\/2016\\\/12\\\/arton2009.jpg\",\"datePublished\":\"2016-12-21T15:04:40+00:00\",\"dateModified\":\"2023-08-28T14:21:40+00:00\",\"breadcrumb\":{\"@id\":\"https:\\\/\\\/www.iemj.org\\\/en\\\/courses-cycle-jewish-art-music-in-europe-in-the-17th-and-18th-centuries-italy-france-holland\\\/#breadcrumb\"},\"inLanguage\":\"en-US\",\"potentialAction\":[{\"@type\":\"ReadAction\",\"target\":[\"https:\\\/\\\/www.iemj.org\\\/en\\\/courses-cycle-jewish-art-music-in-europe-in-the-17th-and-18th-centuries-italy-france-holland\\\/\"]}]},{\"@type\":\"ImageObject\",\"inLanguage\":\"en-US\",\"@id\":\"https:\\\/\\\/www.iemj.org\\\/en\\\/courses-cycle-jewish-art-music-in-europe-in-the-17th-and-18th-centuries-italy-france-holland\\\/#primaryimage\",\"url\":\"https:\\\/\\\/www.iemj.org\\\/wp-content\\\/uploads\\\/2016\\\/12\\\/arton2009.jpg\",\"contentUrl\":\"https:\\\/\\\/www.iemj.org\\\/wp-content\\\/uploads\\\/2016\\\/12\\\/arton2009.jpg\",\"width\":735,\"height\":527},{\"@type\":\"BreadcrumbList\",\"@id\":\"https:\\\/\\\/www.iemj.org\\\/en\\\/courses-cycle-jewish-art-music-in-europe-in-the-17th-and-18th-centuries-italy-france-holland\\\/#breadcrumb\",\"itemListElement\":[{\"@type\":\"ListItem\",\"position\":1,\"name\":\"Accueil\",\"item\":\"https:\\\/\\\/www.iemj.org\\\/en\\\/\"},{\"@type\":\"ListItem\",\"position\":2,\"name\":\"Lectures: Jewish art music in Europe in the 17th and 18th centuries (Italy, France, Holland)\"}]},{\"@type\":\"WebSite\",\"@id\":\"https:\\\/\\\/www.iemj.org\\\/en\\\/#website\",\"url\":\"https:\\\/\\\/www.iemj.org\\\/en\\\/\",\"name\":\"Institut Europ\u00e9en des Musiques Juives\",\"description\":\"Des traditions musicales \u00e0 la port\u00e9e de tous\",\"publisher\":{\"@id\":\"https:\\\/\\\/www.iemj.org\\\/en\\\/#organization\"},\"potentialAction\":[{\"@type\":\"SearchAction\",\"target\":{\"@type\":\"EntryPoint\",\"urlTemplate\":\"https:\\\/\\\/www.iemj.org\\\/en\\\/?s={search_term_string}\"},\"query-input\":{\"@type\":\"PropertyValueSpecification\",\"valueRequired\":true,\"valueName\":\"search_term_string\"}}],\"inLanguage\":\"en-US\"},{\"@type\":\"Organization\",\"@id\":\"https:\\\/\\\/www.iemj.org\\\/en\\\/#organization\",\"name\":\"Institut Europ\u00e9en des Musiques Juives\",\"url\":\"https:\\\/\\\/www.iemj.org\\\/en\\\/\",\"logo\":{\"@type\":\"ImageObject\",\"inLanguage\":\"en-US\",\"@id\":\"https:\\\/\\\/www.iemj.org\\\/en\\\/#\\\/schema\\\/logo\\\/image\\\/\",\"url\":\"https:\\\/\\\/www.iemj.org\\\/wp-content\\\/uploads\\\/2021\\\/09\\\/Logo-IEMJ-Paypal.jpg\",\"contentUrl\":\"https:\\\/\\\/www.iemj.org\\\/wp-content\\\/uploads\\\/2021\\\/09\\\/Logo-IEMJ-Paypal.jpg\",\"width\":150,\"height\":50,\"caption\":\"Institut Europ\u00e9en des Musiques Juives\"},\"image\":{\"@id\":\"https:\\\/\\\/www.iemj.org\\\/en\\\/#\\\/schema\\\/logo\\\/image\\\/\"},\"sameAs\":[\"https:\\\/\\\/www.facebook.com\\\/MusiquesJuives\\\/\",\"https:\\\/\\\/www.instagram.com\\\/musiquesjuives\\\/\",\"https:\\\/\\\/www.youtube.com\\\/user\\\/musiquesjuives\"]},{\"@type\":\"Person\",\"@id\":\"https:\\\/\\\/www.iemj.org\\\/en\\\/#\\\/schema\\\/person\\\/c9bc1c386a3749579a2d675e72a18666\",\"name\":\"Jean-Gabriel Davis\",\"image\":{\"@type\":\"ImageObject\",\"inLanguage\":\"en-US\",\"@id\":\"https:\\\/\\\/secure.gravatar.com\\\/avatar\\\/2b90d67bdf392c9b3a21fab87c0fa7edaf1fb3a058172a1ffd61033fcec7aec1?s=96&d=mm&r=g\",\"url\":\"https:\\\/\\\/secure.gravatar.com\\\/avatar\\\/2b90d67bdf392c9b3a21fab87c0fa7edaf1fb3a058172a1ffd61033fcec7aec1?s=96&d=mm&r=g\",\"contentUrl\":\"https:\\\/\\\/secure.gravatar.com\\\/avatar\\\/2b90d67bdf392c9b3a21fab87c0fa7edaf1fb3a058172a1ffd61033fcec7aec1?s=96&d=mm&r=g\",\"caption\":\"Jean-Gabriel Davis\"}}]}<\/script>\n<!-- \/ Yoast SEO plugin. -->","yoast_head_json":{"title":"Lectures: Jewish art music in Europe in the 17th and 18th centuries (Italy, France, Holland) - Institut Europ\u00e9en des Musiques Juives","robots":{"index":"noindex","follow":"follow"},"og_locale":"en_US","og_type":"article","og_title":"Lectures: Jewish art music in Europe in the 17th and 18th centuries (Italy, France, Holland) - Institut Europ\u00e9en des Musiques Juives","og_description":"The Elie Wiesel Institute organizes with the European Institute of Jewish Music a four courses cycle, on January 5, 12, 19 and 26, 2017 from 6h30 pm to 8h30 pm.","og_url":"https:\/\/www.iemj.org\/en\/courses-cycle-jewish-art-music-in-europe-in-the-17th-and-18th-centuries-italy-france-holland\/","og_site_name":"Institut Europ\u00e9en des Musiques Juives","article_publisher":"https:\/\/www.facebook.com\/MusiquesJuives\/","article_published_time":"2016-12-21T15:04:40+00:00","article_modified_time":"2023-08-28T14:21:40+00:00","og_image":[{"width":735,"height":527,"url":"https:\/\/www.iemj.org\/wp-content\/uploads\/2016\/12\/arton2009.jpg","type":"image\/jpeg"}],"author":"Jean-Gabriel Davis","twitter_card":"summary_large_image","twitter_misc":{"Written by":"Jean-Gabriel Davis","Est. reading time":"3 minutes"},"schema":{"@context":"https:\/\/schema.org","@graph":[{"@type":"Article","@id":"https:\/\/www.iemj.org\/en\/courses-cycle-jewish-art-music-in-europe-in-the-17th-and-18th-centuries-italy-france-holland\/#article","isPartOf":{"@id":"https:\/\/www.iemj.org\/en\/courses-cycle-jewish-art-music-in-europe-in-the-17th-and-18th-centuries-italy-france-holland\/"},"author":{"name":"Jean-Gabriel Davis","@id":"https:\/\/www.iemj.org\/en\/#\/schema\/person\/c9bc1c386a3749579a2d675e72a18666"},"headline":"Lectures: Jewish art music in Europe in the 17th and 18th centuries (Italy, France, Holland)","datePublished":"2016-12-21T15:04:40+00:00","dateModified":"2023-08-28T14:21:40+00:00","mainEntityOfPage":{"@id":"https:\/\/www.iemj.org\/en\/courses-cycle-jewish-art-music-in-europe-in-the-17th-and-18th-centuries-italy-france-holland\/"},"wordCount":401,"publisher":{"@id":"https:\/\/www.iemj.org\/en\/#organization"},"image":{"@id":"https:\/\/www.iemj.org\/en\/courses-cycle-jewish-art-music-in-europe-in-the-17th-and-18th-centuries-italy-france-holland\/#primaryimage"},"thumbnailUrl":"https:\/\/www.iemj.org\/wp-content\/uploads\/2016\/12\/arton2009.jpg","keywords":["Partners' events"],"articleSection":["Events","Lectures \/ Conferences"],"inLanguage":"en-US"},{"@type":"WebPage","@id":"https:\/\/www.iemj.org\/en\/courses-cycle-jewish-art-music-in-europe-in-the-17th-and-18th-centuries-italy-france-holland\/","url":"https:\/\/www.iemj.org\/en\/courses-cycle-jewish-art-music-in-europe-in-the-17th-and-18th-centuries-italy-france-holland\/","name":"Lectures: Jewish art music in Europe in the 17th and 18th centuries (Italy, France, Holland) - Institut Europ\u00e9en des Musiques Juives","isPartOf":{"@id":"https:\/\/www.iemj.org\/en\/#website"},"primaryImageOfPage":{"@id":"https:\/\/www.iemj.org\/en\/courses-cycle-jewish-art-music-in-europe-in-the-17th-and-18th-centuries-italy-france-holland\/#primaryimage"},"image":{"@id":"https:\/\/www.iemj.org\/en\/courses-cycle-jewish-art-music-in-europe-in-the-17th-and-18th-centuries-italy-france-holland\/#primaryimage"},"thumbnailUrl":"https:\/\/www.iemj.org\/wp-content\/uploads\/2016\/12\/arton2009.jpg","datePublished":"2016-12-21T15:04:40+00:00","dateModified":"2023-08-28T14:21:40+00:00","breadcrumb":{"@id":"https:\/\/www.iemj.org\/en\/courses-cycle-jewish-art-music-in-europe-in-the-17th-and-18th-centuries-italy-france-holland\/#breadcrumb"},"inLanguage":"en-US","potentialAction":[{"@type":"ReadAction","target":["https:\/\/www.iemj.org\/en\/courses-cycle-jewish-art-music-in-europe-in-the-17th-and-18th-centuries-italy-france-holland\/"]}]},{"@type":"ImageObject","inLanguage":"en-US","@id":"https:\/\/www.iemj.org\/en\/courses-cycle-jewish-art-music-in-europe-in-the-17th-and-18th-centuries-italy-france-holland\/#primaryimage","url":"https:\/\/www.iemj.org\/wp-content\/uploads\/2016\/12\/arton2009.jpg","contentUrl":"https:\/\/www.iemj.org\/wp-content\/uploads\/2016\/12\/arton2009.jpg","width":735,"height":527},{"@type":"BreadcrumbList","@id":"https:\/\/www.iemj.org\/en\/courses-cycle-jewish-art-music-in-europe-in-the-17th-and-18th-centuries-italy-france-holland\/#breadcrumb","itemListElement":[{"@type":"ListItem","position":1,"name":"Accueil","item":"https:\/\/www.iemj.org\/en\/"},{"@type":"ListItem","position":2,"name":"Lectures: Jewish art music in Europe in the 17th and 18th centuries (Italy, France, Holland)"}]},{"@type":"WebSite","@id":"https:\/\/www.iemj.org\/en\/#website","url":"https:\/\/www.iemj.org\/en\/","name":"Institut Europ\u00e9en des Musiques Juives","description":"Des traditions musicales \u00e0 la port\u00e9e de tous","publisher":{"@id":"https:\/\/www.iemj.org\/en\/#organization"},"potentialAction":[{"@type":"SearchAction","target":{"@type":"EntryPoint","urlTemplate":"https:\/\/www.iemj.org\/en\/?s={search_term_string}"},"query-input":{"@type":"PropertyValueSpecification","valueRequired":true,"valueName":"search_term_string"}}],"inLanguage":"en-US"},{"@type":"Organization","@id":"https:\/\/www.iemj.org\/en\/#organization","name":"Institut Europ\u00e9en des Musiques Juives","url":"https:\/\/www.iemj.org\/en\/","logo":{"@type":"ImageObject","inLanguage":"en-US","@id":"https:\/\/www.iemj.org\/en\/#\/schema\/logo\/image\/","url":"https:\/\/www.iemj.org\/wp-content\/uploads\/2021\/09\/Logo-IEMJ-Paypal.jpg","contentUrl":"https:\/\/www.iemj.org\/wp-content\/uploads\/2021\/09\/Logo-IEMJ-Paypal.jpg","width":150,"height":50,"caption":"Institut Europ\u00e9en des Musiques Juives"},"image":{"@id":"https:\/\/www.iemj.org\/en\/#\/schema\/logo\/image\/"},"sameAs":["https:\/\/www.facebook.com\/MusiquesJuives\/","https:\/\/www.instagram.com\/musiquesjuives\/","https:\/\/www.youtube.com\/user\/musiquesjuives"]},{"@type":"Person","@id":"https:\/\/www.iemj.org\/en\/#\/schema\/person\/c9bc1c386a3749579a2d675e72a18666","name":"Jean-Gabriel Davis","image":{"@type":"ImageObject","inLanguage":"en-US","@id":"https:\/\/secure.gravatar.com\/avatar\/2b90d67bdf392c9b3a21fab87c0fa7edaf1fb3a058172a1ffd61033fcec7aec1?s=96&d=mm&r=g","url":"https:\/\/secure.gravatar.com\/avatar\/2b90d67bdf392c9b3a21fab87c0fa7edaf1fb3a058172a1ffd61033fcec7aec1?s=96&d=mm&r=g","contentUrl":"https:\/\/secure.gravatar.com\/avatar\/2b90d67bdf392c9b3a21fab87c0fa7edaf1fb3a058172a1ffd61033fcec7aec1?s=96&d=mm&r=g","caption":"Jean-Gabriel Davis"}}]}},"_links":{"self":[{"href":"https:\/\/www.iemj.org\/en\/wp-json\/wp\/v2\/posts\/12600","targetHints":{"allow":["GET"]}}],"collection":[{"href":"https:\/\/www.iemj.org\/en\/wp-json\/wp\/v2\/posts"}],"about":[{"href":"https:\/\/www.iemj.org\/en\/wp-json\/wp\/v2\/types\/post"}],"author":[{"embeddable":true,"href":"https:\/\/www.iemj.org\/en\/wp-json\/wp\/v2\/users\/1048"}],"replies":[{"embeddable":true,"href":"https:\/\/www.iemj.org\/en\/wp-json\/wp\/v2\/comments?post=12600"}],"version-history":[{"count":0,"href":"https:\/\/www.iemj.org\/en\/wp-json\/wp\/v2\/posts\/12600\/revisions"}],"wp:featuredmedia":[{"embeddable":true,"href":"https:\/\/www.iemj.org\/en\/wp-json\/wp\/v2\/media\/12598"}],"wp:attachment":[{"href":"https:\/\/www.iemj.org\/en\/wp-json\/wp\/v2\/media?parent=12600"}],"wp:term":[{"taxonomy":"category","embeddable":true,"href":"https:\/\/www.iemj.org\/en\/wp-json\/wp\/v2\/categories?post=12600"},{"taxonomy":"post_tag","embeddable":true,"href":"https:\/\/www.iemj.org\/en\/wp-json\/wp\/v2\/tags?post=12600"},{"taxonomy":"technique","embeddable":true,"href":"https:\/\/www.iemj.org\/en\/wp-json\/wp\/v2\/technique?post=12600"},{"taxonomy":"squelettes","embeddable":true,"href":"https:\/\/www.iemj.org\/en\/wp-json\/wp\/v2\/squelettes?post=12600"},{"taxonomy":"sujet","embeddable":true,"href":"https:\/\/www.iemj.org\/en\/wp-json\/wp\/v2\/sujet?post=12600"},{"taxonomy":"formation","embeddable":true,"href":"https:\/\/www.iemj.org\/en\/wp-json\/wp\/v2\/formation?post=12600"},{"taxonomy":"genre","embeddable":true,"href":"https:\/\/www.iemj.org\/en\/wp-json\/wp\/v2\/genre?post=12600"},{"taxonomy":"fonds","embeddable":true,"href":"https:\/\/www.iemj.org\/en\/wp-json\/wp\/v2\/fonds?post=12600"},{"taxonomy":"tradition","embeddable":true,"href":"https:\/\/www.iemj.org\/en\/wp-json\/wp\/v2\/tradition?post=12600"},{"taxonomy":"type-de-contenu","embeddable":true,"href":"https:\/\/www.iemj.org\/en\/wp-json\/wp\/v2\/type-de-contenu?post=12600"},{"taxonomy":"interprete-compositeur","embeddable":true,"href":"https:\/\/www.iemj.org\/en\/wp-json\/wp\/v2\/interprete-compositeur?post=12600"},{"taxonomy":"frise","embeddable":true,"href":"https:\/\/www.iemj.org\/en\/wp-json\/wp\/v2\/frise?post=12600"},{"taxonomy":"type-devenement","embeddable":true,"href":"https:\/\/www.iemj.org\/en\/wp-json\/wp\/v2\/type-devenement?post=12600"},{"taxonomy":"tableaux-liens-externes","embeddable":true,"href":"https:\/\/www.iemj.org\/en\/wp-json\/wp\/v2\/tableaux-liens-externes?post=12600"}],"curies":[{"name":"wp","href":"https:\/\/api.w.org\/{rel}","templated":true}]}}