{"id":126609,"date":"2025-10-09T14:21:41","date_gmt":"2025-10-09T12:21:41","guid":{"rendered":"https:\/\/www.iemj.org\/music-of-david-eisenstadt\/"},"modified":"2025-10-09T15:31:15","modified_gmt":"2025-10-09T13:31:15","slug":"music-of-david-eisenstadt","status":"publish","type":"post","link":"https:\/\/www.iemj.org\/en\/music-of-david-eisenstadt\/","title":{"rendered":"Music of David Eisenstadt"},"content":{"rendered":"\n<p>David Eisenstadt (Dawid Ajzensztadt), conductor, educator, and composer, was born in Nasielsk, Poland, in 1890. He was murdered in Treblinka in 1942 after the Nazis liquidated the Warsaw Ghetto. This 33 RPM record, released in 2024, pays tribute to Eisenstadt by reviving some of his works for the first time.<\/p>\n\n\n\n<h2 class=\"wp-block-heading\"><strong>David Eisenstadt<\/strong><\/h2>\n\n\n\n<p>First choirmaster in Berlin, then in Gomel, Riga, and Rostov-on-Don, David Eisenstadt took over as choirmaster of the Great Synagogue of Warsaw (T\u0142omackie Street) in 1921. In this monumental synagogue, which seated nearly 2,000 people, he conducted a choir of about 80 boys aged 9 to 13 and about 20 men for nearly 20 years.<\/p>\n\n\n\n<p>In addition to religious services, this choir, which quickly gained widespread renown, gave concerts of secular music and recorded for Polish radio. In the Great Synagogue, the choir was accompanied by a harmonium, although many sources also mention the sound of an organ.<\/p>\n\n\n\n<figure class=\"wp-block-image size-full\"><img fetchpriority=\"high\" decoding=\"async\" width=\"750\" height=\"431\" src=\"https:\/\/www.iemj.org\/wp-content\/uploads\/2025\/10\/Exterieur-de-la-Grande-synagogue-de-la-rue-Tlomackie-Varsovie_redim.jpg\" alt=\"\" class=\"wp-image-126543\" srcset=\"https:\/\/www.iemj.org\/wp-content\/uploads\/2025\/10\/Exterieur-de-la-Grande-synagogue-de-la-rue-Tlomackie-Varsovie_redim.jpg 750w, https:\/\/www.iemj.org\/wp-content\/uploads\/2025\/10\/Exterieur-de-la-Grande-synagogue-de-la-rue-Tlomackie-Varsovie_redim-300x172.jpg 300w, https:\/\/www.iemj.org\/wp-content\/uploads\/2025\/10\/Exterieur-de-la-Grande-synagogue-de-la-rue-Tlomackie-Varsovie_redim-600x345.jpg 600w\" sizes=\"(max-width: 750px) 100vw, 750px\" \/><\/figure>\n\n\n\n<p>In 1935, the choir performed at the world premiere of the opera \u201cDybuk\u201d by composer Lodovico Rocchi, based on the text by Shalom Anski. This production, praised by music critics, established David Eisenstadt&#8217;s position as a promoter of Jewish music. He was also one of the founders of the Jewish Music Society and co-author of the \u201cAlgemajner muzik-leksikon,\u201d a series of booklets intended as a Jewish musical encyclopedia. Only the first three issues were published, as the outbreak of war interrupted further publications. In 1936, Eisenstadt became the director of the cantorial school at the Warsaw Music Institute. According to Leon B\u0142aszczyk, he also led choirs for the Society for the Promotion of Jewish Education and Culture (\u201cSzul-Kult\u201d), the Kultur-Lige, and, for a time, the Grossner Choir of the Zionist Bund organization. He composed music for Halpern Leivick&#8217;s play \u201cGolem,\u201d which premiered in 1928.<\/p>\n\n\n\n<div class=\"wp-block-columns are-vertically-aligned-top is-layout-flex wp-container-core-columns-is-layout-9d6595d7 wp-block-columns-is-layout-flex\">\n<div class=\"wp-block-column is-layout-flow wp-block-column-is-layout-flow\" style=\"flex-basis:15%\">\n<figure class=\"wp-block-image size-full\"><img decoding=\"async\" width=\"155\" height=\"227\" src=\"https:\/\/www.iemj.org\/wp-content\/uploads\/2025\/10\/Eisenstadt-David.jpg\" alt=\"\" class=\"wp-image-126548\"\/><\/figure>\n<\/div>\n\n\n\n<div class=\"wp-block-column is-layout-flow wp-block-column-is-layout-flow\" style=\"flex-basis:85%\">\n<p>Eisenstadt&#8217;s most renowned contribution to the popularization of Jewish music was his annual concerts, attended by Warsaw&#8217;s entire musical community. The Eisenstadt home was steeped in European Jewish culture and national Jewish revival. Songs by Schubert, Mendelssohn, and Schumann could be heard there alongside works by Zavel Kwartin and Josele Rosenblatt.<\/p>\n<\/div>\n<\/div>\n\n\n\n<p>After the German occupation of Warsaw began, Eisenstadt reportedly considered fleeing to the Soviet Union but remained in the capital at his wife&#8217;s urging. Life in the ghetto was difficult for the family, but Eisenstadt continued his artistic activitiy. At the Femina Theater on Leszno Street, he founded a symphony orchestra, where his daughter Marysia Ajzensztadt (Miriam Eisenstadt) displayed her full talent. She would later be remembered as the &#8220;Nightingale of the Ghetto.&#8221;<\/p>\n\n\n\n<p>David Eisenstadt also conducted a synagogue choir when, in May 1941, the German authorities allowed the opening of three synagogues in the ghetto.<\/p>\n\n\n\n<p>The final moments of the Eisenstadt family were described by Jonas Turkow: &#8220;When German soldiers separated Miriam from her parents at the Umschlagplatz and forced David Eisenstadt and his wife into a different freight car, Miriam ran back to her parents. She did not want to be apart from them in the final hours of her life. Miriam was already at the car door when a German bullet struck her.&#8221; The transport from the Umschlagplatz went to Treblinka, where David and his wife were murdered in the gas chamber.<\/p>\n\n\n\n<div class=\"wp-block-columns is-layout-flex wp-container-core-columns-is-layout-9d6595d7 wp-block-columns-is-layout-flex\">\n<div class=\"wp-block-column is-layout-flow wp-block-column-is-layout-flow\" style=\"flex-basis:60%\">\n<h2 class=\"wp-block-heading\"><strong>His works<\/strong><\/h2>\n\n\n\n<p>Although it is commonly believed that Eisenstadt&#8217;s works did not survive, several of his compositions have indeed been preserved, and new ones are still being discovered. Some were collected and published by Israel Alter, a cantor from Johannesburg, under the title &#8220;L&#8217;Dovid Mizmor.&#8221; These include: &#8220;Hajom haras olom,&#8221; &#8220;L&#8217;choh dodi,&#8221; &#8220;Shom&#8217;oh vatismah tsiyon,&#8221; &#8220;L&#8217;eineinu oshku amoleinu,&#8221; and &#8220;Sh&#8217;chuloch achuloh,&#8221; composed for either a cantor with keyboard accompaniment or a four-part choir. The cantor&#8217;s parts are highly virtuosic, and the equally elaborate instrumental and choral parts reflect the evolution of synagogal musical language during the first half of the 20th century.<\/p>\n<\/div>\n\n\n\n<div class=\"wp-block-column is-layout-flow wp-block-column-is-layout-flow\" style=\"flex-basis:40%\"><div class=\"wp-block-image\">\n<figure class=\"aligncenter size-full is-resized\"><img decoding=\"async\" width=\"449\" height=\"600\" src=\"https:\/\/www.iemj.org\/wp-content\/uploads\/2025\/10\/P_5605_020_Lekho-dodi_redim.jpg\" alt=\"\" class=\"wp-image-126557\" style=\"width:301px;height:auto\" srcset=\"https:\/\/www.iemj.org\/wp-content\/uploads\/2025\/10\/P_5605_020_Lekho-dodi_redim.jpg 449w, https:\/\/www.iemj.org\/wp-content\/uploads\/2025\/10\/P_5605_020_Lekho-dodi_redim-225x300.jpg 225w\" sizes=\"(max-width: 449px) 100vw, 449px\" \/><\/figure>\n<\/div><\/div>\n<\/div>\n\n\n\n<p>These are not the only surviving compositions. In 2011, a manuscript of Eisenstadt&#8217;s cantata &#8220;Chad Gadya&#8221; (One Little Goat), based on the Passover Seder song, was discovered in Cape Town. Eisenstadt had sent it to Froim Spektor, who emigrated to Cape Town in 1928 to become the chief cantor of the New Hebrew Congregation. The cantata consists of four movements: the first is an Allegro scherzando; the second, based on Talmudic motifs, is an Andantino; the third, a Largo, depicts a battle between the Angel of Death and the shochet; the fourth describes the triumph of righteousness over evil.<\/p>\n\n\n\n<p>\u200bOther known works include the cantata &#8220;Iz awek cum krig der melech&#8221; (And the King Went to War), based on a poem by Maria Konopnicka translated by Abraham Reisen, as well as choral songs in Yiddish and synagogue pieces for the Sabbath and holidays. Eisenstadt drew inspiration both from traditional folk styles and well-known oratorio and cantata forms. He also composed orchestral works, including the &#8220;Hebrew Suite.&#8221; This repertoire remains largely unknown, and it is likely that more of the greatest Jewish composer of Warsaw&#8217;s works are still awaiting to be discovered.\u200b<\/p>\n\n\n\n<p>This 33 rpm record, <a href=\"https:\/\/wts.org.pl\/david-eisenstadt\/\" target=\"_blank\" rel=\"noreferrer noopener\">Music of David Eisenstadt<\/a>, initiated by the <a href=\"https:\/\/www.spotonart.com\/\" target=\"_blank\" rel=\"noreferrer noopener\">SPOT.ON ART Foundation<\/a>, received support from the Ministry of Culture and National Heritage of the Republic of Poland. The Match Match Ensemble, with Wojciech Parchem (tenor solo) and Jakub Stefek (harmonium), is conducted by Lilianna Krych.<\/p>\n\n\n\n<p>Finally, it should be noted that the IEMJ provided two scores by Eisenstadt from its collections for this recording.<\/p>\n\n\n\n<figure class=\"wp-block-image alignwide size-full\"><img loading=\"lazy\" decoding=\"async\" width=\"900\" height=\"163\" src=\"https:\/\/www.iemj.org\/wp-content\/uploads\/2025\/10\/Partenaires-disque_centre.jpg\" alt=\"\" class=\"wp-image-126563\" srcset=\"https:\/\/www.iemj.org\/wp-content\/uploads\/2025\/10\/Partenaires-disque_centre.jpg 900w, https:\/\/www.iemj.org\/wp-content\/uploads\/2025\/10\/Partenaires-disque_centre-300x54.jpg 300w, https:\/\/www.iemj.org\/wp-content\/uploads\/2025\/10\/Partenaires-disque_centre-768x139.jpg 768w, https:\/\/www.iemj.org\/wp-content\/uploads\/2025\/10\/Partenaires-disque_centre-600x109.jpg 600w\" sizes=\"(max-width: 900px) 100vw, 900px\" \/><\/figure>\n\n\n\n<p>Sources:<\/p>\n\n\n\n<ul class=\"wp-block-list\">\n<li><a href=\"https:\/\/www.davideisenstadt.art\/en\/eisenstadt\">https:\/\/www.davideisenstadt.art\/en\/eisenstadt<\/a> ;<\/li>\n<\/ul>\n\n\n\n<ul class=\"wp-block-list\">\n<li><a href=\"https:\/\/wts.org.pl\/david-eisenstadt\/\" target=\"_blank\" rel=\"noreferrer noopener\">https:\/\/wts.org.pl\/david-eisenstadt\/<\/a>&nbsp;;<\/li>\n<\/ul>\n\n\n\n<ul class=\"wp-block-list\">\n<li><a href=\"https:\/\/www.stefek.art\/aktualnosci\" target=\"_blank\" rel=\"noreferrer noopener\">https:\/\/www.stefek.art\/aktualnosci<\/a><\/li>\n<\/ul>\n\n\n\n<p><a href=\"https:\/\/www.davideisenstadt.art\/en\" target=\"_blank\" rel=\"noreferrer noopener\">Learn More about David Eisenstadt<\/a><\/p>\n\n\n\n<p><a href=\"https:\/\/www.davideisenstadt.art\/en\/album\" target=\"_blank\" rel=\"noreferrer noopener\">Order the LP<\/a> or <a href=\"https:\/\/www.youtube.com\/playlist?list=OLAK5uy_kSuFJ81kbHw41lNPwrbTrQzAhVNb8Sybc\" target=\"_blank\" rel=\"noreferrer noopener\">listen to it on YouTube<\/a><\/p>\n\n\n\n<figure class=\"wp-block-embed is-type-video is-provider-youtube wp-block-embed-youtube wp-embed-aspect-16-9 wp-has-aspect-ratio\"><div class=\"wp-block-embed__wrapper\">\n<iframe title=\"Music of David Eisenstadt\" width=\"640\" height=\"360\" src=\"https:\/\/www.youtube.com\/embed\/51hm2IAcct8?feature=oembed\" frameborder=\"0\" allow=\"accelerometer; autoplay; clipboard-write; encrypted-media; gyroscope; picture-in-picture; web-share\" referrerpolicy=\"strict-origin-when-cross-origin\" allowfullscreen><\/iframe>\n<\/div><\/figure>\n\n\n\n<figure class=\"wp-block-image alignwide size-large\"><img loading=\"lazy\" decoding=\"async\" width=\"1024\" height=\"133\" src=\"https:\/\/www.iemj.org\/wp-content\/uploads\/2024\/03\/AUDIO-PLAYER-1024x133.png\" alt=\"\" class=\"wp-image-110608\" srcset=\"https:\/\/www.iemj.org\/wp-content\/uploads\/2024\/03\/AUDIO-PLAYER-1024x133.png 1024w, https:\/\/www.iemj.org\/wp-content\/uploads\/2024\/03\/AUDIO-PLAYER-300x39.png 300w, https:\/\/www.iemj.org\/wp-content\/uploads\/2024\/03\/AUDIO-PLAYER-768x100.png 768w, https:\/\/www.iemj.org\/wp-content\/uploads\/2024\/03\/AUDIO-PLAYER-600x78.png 600w, https:\/\/www.iemj.org\/wp-content\/uploads\/2024\/03\/AUDIO-PLAYER.png 1210w\" sizes=\"(max-width: 1024px) 100vw, 1024px\" \/><\/figure>\n\n\n\n<p class=\"has-text-align-center\"><strong>Listen to extracts below<\/strong><\/p>\n\n\n\n<p><\/p>\n","protected":false},"excerpt":{"rendered":"<p>David Eisenstadt (Dawid Ajzensztadt), conductor, educator, and composer, was born in Nasielsk, Poland, in 1890. He was murdered in Treblinka in 1942 after the Nazis liquidated the Warsaw Ghetto. This<\/p>\n","protected":false},"author":5,"featured_media":126569,"comment_status":"closed","ping_status":"closed","sticky":false,"template":"","format":"standard","meta":{"_acf_changed":false,"footnotes":""},"categories":[1570,1562],"tags":[4030],"technique":[],"squelettes":[],"sujet":[],"formation":[],"genre":[],"fonds":[],"tradition":[],"type-de-contenu":[],"interprete-compositeur":[],"frise":[],"type-devenement":[],"tableaux-liens-externes":[],"class_list":["post-126609","post","type-post","status-publish","format-standard","has-post-thumbnail","hentry","category-cd-latest-acquisition-en","category-latest-acquisitions-en","tag-poland"],"acf":[],"yoast_head":"<!-- This site is optimized with the Yoast SEO plugin v27.3 - https:\/\/yoast.com\/product\/yoast-seo-wordpress\/ -->\n<title>Music of David Eisenstadt - Institut Europ\u00e9en des Musiques Juives<\/title>\n<meta name=\"robots\" content=\"index, follow, max-snippet:-1, max-image-preview:large, max-video-preview:-1\" \/>\n<link rel=\"canonical\" href=\"https:\/\/www.iemj.org\/en\/music-of-david-eisenstadt\/\" \/>\n<meta property=\"og:locale\" content=\"en_US\" \/>\n<meta property=\"og:type\" content=\"article\" \/>\n<meta property=\"og:title\" content=\"Music of David Eisenstadt - Institut Europ\u00e9en des Musiques Juives\" \/>\n<meta property=\"og:description\" content=\"David Eisenstadt (Dawid Ajzensztadt), conductor, educator, and composer, was born in Nasielsk, Poland, in 1890. He was murdered in Treblinka in 1942 after the Nazis liquidated the Warsaw Ghetto. This\" \/>\n<meta property=\"og:url\" content=\"https:\/\/www.iemj.org\/en\/music-of-david-eisenstadt\/\" \/>\n<meta property=\"og:site_name\" content=\"Institut Europ\u00e9en des Musiques Juives\" \/>\n<meta property=\"article:publisher\" content=\"https:\/\/www.facebook.com\/MusiquesJuives\/\" \/>\n<meta property=\"article:published_time\" content=\"2025-10-09T12:21:41+00:00\" \/>\n<meta property=\"article:modified_time\" content=\"2025-10-09T13:31:15+00:00\" \/>\n<meta property=\"og:image\" content=\"https:\/\/www.iemj.org\/wp-content\/uploads\/2025\/10\/Logo-Music-of-David-Eisenstadt-2024-Vinyl_ok.png\" \/>\n\t<meta property=\"og:image:width\" content=\"450\" \/>\n\t<meta property=\"og:image:height\" content=\"448\" \/>\n\t<meta property=\"og:image:type\" content=\"image\/png\" \/>\n<meta name=\"author\" content=\"Jacqueline ROTEN\" \/>\n<meta name=\"twitter:card\" content=\"summary_large_image\" \/>\n<meta name=\"twitter:label1\" content=\"Written by\" \/>\n\t<meta name=\"twitter:data1\" content=\"Jacqueline ROTEN\" \/>\n\t<meta name=\"twitter:label2\" content=\"Est. reading time\" \/>\n\t<meta name=\"twitter:data2\" content=\"6 minutes\" \/>\n<script type=\"application\/ld+json\" class=\"yoast-schema-graph\">{\"@context\":\"https:\\\/\\\/schema.org\",\"@graph\":[{\"@type\":\"Article\",\"@id\":\"https:\\\/\\\/www.iemj.org\\\/en\\\/music-of-david-eisenstadt\\\/#article\",\"isPartOf\":{\"@id\":\"https:\\\/\\\/www.iemj.org\\\/en\\\/music-of-david-eisenstadt\\\/\"},\"author\":{\"name\":\"Jacqueline ROTEN\",\"@id\":\"https:\\\/\\\/www.iemj.org\\\/en\\\/#\\\/schema\\\/person\\\/358e26c18aca017fcc4cc15437f7279c\"},\"headline\":\"Music of David Eisenstadt\",\"datePublished\":\"2025-10-09T12:21:41+00:00\",\"dateModified\":\"2025-10-09T13:31:15+00:00\",\"mainEntityOfPage\":{\"@id\":\"https:\\\/\\\/www.iemj.org\\\/en\\\/music-of-david-eisenstadt\\\/\"},\"wordCount\":933,\"publisher\":{\"@id\":\"https:\\\/\\\/www.iemj.org\\\/en\\\/#organization\"},\"image\":{\"@id\":\"https:\\\/\\\/www.iemj.org\\\/en\\\/music-of-david-eisenstadt\\\/#primaryimage\"},\"thumbnailUrl\":\"https:\\\/\\\/www.iemj.org\\\/wp-content\\\/uploads\\\/2025\\\/10\\\/Logo-Music-of-David-Eisenstadt-2024-Vinyl_ok.png\",\"keywords\":[\"Poland\"],\"articleSection\":[\"CD\",\"Latest Acquisitions\"],\"inLanguage\":\"en-US\"},{\"@type\":\"WebPage\",\"@id\":\"https:\\\/\\\/www.iemj.org\\\/en\\\/music-of-david-eisenstadt\\\/\",\"url\":\"https:\\\/\\\/www.iemj.org\\\/en\\\/music-of-david-eisenstadt\\\/\",\"name\":\"Music of David Eisenstadt - Institut Europ\u00e9en des Musiques Juives\",\"isPartOf\":{\"@id\":\"https:\\\/\\\/www.iemj.org\\\/en\\\/#website\"},\"primaryImageOfPage\":{\"@id\":\"https:\\\/\\\/www.iemj.org\\\/en\\\/music-of-david-eisenstadt\\\/#primaryimage\"},\"image\":{\"@id\":\"https:\\\/\\\/www.iemj.org\\\/en\\\/music-of-david-eisenstadt\\\/#primaryimage\"},\"thumbnailUrl\":\"https:\\\/\\\/www.iemj.org\\\/wp-content\\\/uploads\\\/2025\\\/10\\\/Logo-Music-of-David-Eisenstadt-2024-Vinyl_ok.png\",\"datePublished\":\"2025-10-09T12:21:41+00:00\",\"dateModified\":\"2025-10-09T13:31:15+00:00\",\"breadcrumb\":{\"@id\":\"https:\\\/\\\/www.iemj.org\\\/en\\\/music-of-david-eisenstadt\\\/#breadcrumb\"},\"inLanguage\":\"en-US\",\"potentialAction\":[{\"@type\":\"ReadAction\",\"target\":[\"https:\\\/\\\/www.iemj.org\\\/en\\\/music-of-david-eisenstadt\\\/\"]}]},{\"@type\":\"ImageObject\",\"inLanguage\":\"en-US\",\"@id\":\"https:\\\/\\\/www.iemj.org\\\/en\\\/music-of-david-eisenstadt\\\/#primaryimage\",\"url\":\"https:\\\/\\\/www.iemj.org\\\/wp-content\\\/uploads\\\/2025\\\/10\\\/Logo-Music-of-David-Eisenstadt-2024-Vinyl_ok.png\",\"contentUrl\":\"https:\\\/\\\/www.iemj.org\\\/wp-content\\\/uploads\\\/2025\\\/10\\\/Logo-Music-of-David-Eisenstadt-2024-Vinyl_ok.png\",\"width\":450,\"height\":448},{\"@type\":\"BreadcrumbList\",\"@id\":\"https:\\\/\\\/www.iemj.org\\\/en\\\/music-of-david-eisenstadt\\\/#breadcrumb\",\"itemListElement\":[{\"@type\":\"ListItem\",\"position\":1,\"name\":\"Accueil\",\"item\":\"https:\\\/\\\/www.iemj.org\\\/en\\\/\"},{\"@type\":\"ListItem\",\"position\":2,\"name\":\"Music of David Eisenstadt\"}]},{\"@type\":\"WebSite\",\"@id\":\"https:\\\/\\\/www.iemj.org\\\/en\\\/#website\",\"url\":\"https:\\\/\\\/www.iemj.org\\\/en\\\/\",\"name\":\"Institut Europ\u00e9en des Musiques Juives\",\"description\":\"Des traditions musicales \u00e0 la port\u00e9e de tous\",\"publisher\":{\"@id\":\"https:\\\/\\\/www.iemj.org\\\/en\\\/#organization\"},\"potentialAction\":[{\"@type\":\"SearchAction\",\"target\":{\"@type\":\"EntryPoint\",\"urlTemplate\":\"https:\\\/\\\/www.iemj.org\\\/en\\\/?s={search_term_string}\"},\"query-input\":{\"@type\":\"PropertyValueSpecification\",\"valueRequired\":true,\"valueName\":\"search_term_string\"}}],\"inLanguage\":\"en-US\"},{\"@type\":\"Organization\",\"@id\":\"https:\\\/\\\/www.iemj.org\\\/en\\\/#organization\",\"name\":\"Institut Europ\u00e9en des Musiques Juives\",\"url\":\"https:\\\/\\\/www.iemj.org\\\/en\\\/\",\"logo\":{\"@type\":\"ImageObject\",\"inLanguage\":\"en-US\",\"@id\":\"https:\\\/\\\/www.iemj.org\\\/en\\\/#\\\/schema\\\/logo\\\/image\\\/\",\"url\":\"https:\\\/\\\/www.iemj.org\\\/wp-content\\\/uploads\\\/2021\\\/09\\\/Logo-IEMJ-Paypal.jpg\",\"contentUrl\":\"https:\\\/\\\/www.iemj.org\\\/wp-content\\\/uploads\\\/2021\\\/09\\\/Logo-IEMJ-Paypal.jpg\",\"width\":150,\"height\":50,\"caption\":\"Institut Europ\u00e9en des Musiques Juives\"},\"image\":{\"@id\":\"https:\\\/\\\/www.iemj.org\\\/en\\\/#\\\/schema\\\/logo\\\/image\\\/\"},\"sameAs\":[\"https:\\\/\\\/www.facebook.com\\\/MusiquesJuives\\\/\",\"https:\\\/\\\/www.instagram.com\\\/musiquesjuives\\\/\",\"https:\\\/\\\/www.youtube.com\\\/user\\\/musiquesjuives\"]},{\"@type\":\"Person\",\"@id\":\"https:\\\/\\\/www.iemj.org\\\/en\\\/#\\\/schema\\\/person\\\/358e26c18aca017fcc4cc15437f7279c\",\"name\":\"Jacqueline ROTEN\",\"image\":{\"@type\":\"ImageObject\",\"inLanguage\":\"en-US\",\"@id\":\"https:\\\/\\\/secure.gravatar.com\\\/avatar\\\/5964256d6c6957de3a3505278957e0fb2a35119ac47ea41827a65301213c810b?s=96&d=mm&r=g\",\"url\":\"https:\\\/\\\/secure.gravatar.com\\\/avatar\\\/5964256d6c6957de3a3505278957e0fb2a35119ac47ea41827a65301213c810b?s=96&d=mm&r=g\",\"contentUrl\":\"https:\\\/\\\/secure.gravatar.com\\\/avatar\\\/5964256d6c6957de3a3505278957e0fb2a35119ac47ea41827a65301213c810b?s=96&d=mm&r=g\",\"caption\":\"Jacqueline ROTEN\"}}]}<\/script>\n<!-- \/ Yoast SEO plugin. -->","yoast_head_json":{"title":"Music of David Eisenstadt - Institut Europ\u00e9en des Musiques Juives","robots":{"index":"index","follow":"follow","max-snippet":"max-snippet:-1","max-image-preview":"max-image-preview:large","max-video-preview":"max-video-preview:-1"},"canonical":"https:\/\/www.iemj.org\/en\/music-of-david-eisenstadt\/","og_locale":"en_US","og_type":"article","og_title":"Music of David Eisenstadt - Institut Europ\u00e9en des Musiques Juives","og_description":"David Eisenstadt (Dawid Ajzensztadt), conductor, educator, and composer, was born in Nasielsk, Poland, in 1890. He was murdered in Treblinka in 1942 after the Nazis liquidated the Warsaw Ghetto. This","og_url":"https:\/\/www.iemj.org\/en\/music-of-david-eisenstadt\/","og_site_name":"Institut Europ\u00e9en des Musiques Juives","article_publisher":"https:\/\/www.facebook.com\/MusiquesJuives\/","article_published_time":"2025-10-09T12:21:41+00:00","article_modified_time":"2025-10-09T13:31:15+00:00","og_image":[{"width":450,"height":448,"url":"https:\/\/www.iemj.org\/wp-content\/uploads\/2025\/10\/Logo-Music-of-David-Eisenstadt-2024-Vinyl_ok.png","type":"image\/png"}],"author":"Jacqueline ROTEN","twitter_card":"summary_large_image","twitter_misc":{"Written by":"Jacqueline ROTEN","Est. reading time":"6 minutes"},"schema":{"@context":"https:\/\/schema.org","@graph":[{"@type":"Article","@id":"https:\/\/www.iemj.org\/en\/music-of-david-eisenstadt\/#article","isPartOf":{"@id":"https:\/\/www.iemj.org\/en\/music-of-david-eisenstadt\/"},"author":{"name":"Jacqueline ROTEN","@id":"https:\/\/www.iemj.org\/en\/#\/schema\/person\/358e26c18aca017fcc4cc15437f7279c"},"headline":"Music of David Eisenstadt","datePublished":"2025-10-09T12:21:41+00:00","dateModified":"2025-10-09T13:31:15+00:00","mainEntityOfPage":{"@id":"https:\/\/www.iemj.org\/en\/music-of-david-eisenstadt\/"},"wordCount":933,"publisher":{"@id":"https:\/\/www.iemj.org\/en\/#organization"},"image":{"@id":"https:\/\/www.iemj.org\/en\/music-of-david-eisenstadt\/#primaryimage"},"thumbnailUrl":"https:\/\/www.iemj.org\/wp-content\/uploads\/2025\/10\/Logo-Music-of-David-Eisenstadt-2024-Vinyl_ok.png","keywords":["Poland"],"articleSection":["CD","Latest Acquisitions"],"inLanguage":"en-US"},{"@type":"WebPage","@id":"https:\/\/www.iemj.org\/en\/music-of-david-eisenstadt\/","url":"https:\/\/www.iemj.org\/en\/music-of-david-eisenstadt\/","name":"Music of David Eisenstadt - Institut Europ\u00e9en des Musiques Juives","isPartOf":{"@id":"https:\/\/www.iemj.org\/en\/#website"},"primaryImageOfPage":{"@id":"https:\/\/www.iemj.org\/en\/music-of-david-eisenstadt\/#primaryimage"},"image":{"@id":"https:\/\/www.iemj.org\/en\/music-of-david-eisenstadt\/#primaryimage"},"thumbnailUrl":"https:\/\/www.iemj.org\/wp-content\/uploads\/2025\/10\/Logo-Music-of-David-Eisenstadt-2024-Vinyl_ok.png","datePublished":"2025-10-09T12:21:41+00:00","dateModified":"2025-10-09T13:31:15+00:00","breadcrumb":{"@id":"https:\/\/www.iemj.org\/en\/music-of-david-eisenstadt\/#breadcrumb"},"inLanguage":"en-US","potentialAction":[{"@type":"ReadAction","target":["https:\/\/www.iemj.org\/en\/music-of-david-eisenstadt\/"]}]},{"@type":"ImageObject","inLanguage":"en-US","@id":"https:\/\/www.iemj.org\/en\/music-of-david-eisenstadt\/#primaryimage","url":"https:\/\/www.iemj.org\/wp-content\/uploads\/2025\/10\/Logo-Music-of-David-Eisenstadt-2024-Vinyl_ok.png","contentUrl":"https:\/\/www.iemj.org\/wp-content\/uploads\/2025\/10\/Logo-Music-of-David-Eisenstadt-2024-Vinyl_ok.png","width":450,"height":448},{"@type":"BreadcrumbList","@id":"https:\/\/www.iemj.org\/en\/music-of-david-eisenstadt\/#breadcrumb","itemListElement":[{"@type":"ListItem","position":1,"name":"Accueil","item":"https:\/\/www.iemj.org\/en\/"},{"@type":"ListItem","position":2,"name":"Music of David Eisenstadt"}]},{"@type":"WebSite","@id":"https:\/\/www.iemj.org\/en\/#website","url":"https:\/\/www.iemj.org\/en\/","name":"Institut Europ\u00e9en des Musiques Juives","description":"Des traditions musicales \u00e0 la port\u00e9e de tous","publisher":{"@id":"https:\/\/www.iemj.org\/en\/#organization"},"potentialAction":[{"@type":"SearchAction","target":{"@type":"EntryPoint","urlTemplate":"https:\/\/www.iemj.org\/en\/?s={search_term_string}"},"query-input":{"@type":"PropertyValueSpecification","valueRequired":true,"valueName":"search_term_string"}}],"inLanguage":"en-US"},{"@type":"Organization","@id":"https:\/\/www.iemj.org\/en\/#organization","name":"Institut Europ\u00e9en des Musiques Juives","url":"https:\/\/www.iemj.org\/en\/","logo":{"@type":"ImageObject","inLanguage":"en-US","@id":"https:\/\/www.iemj.org\/en\/#\/schema\/logo\/image\/","url":"https:\/\/www.iemj.org\/wp-content\/uploads\/2021\/09\/Logo-IEMJ-Paypal.jpg","contentUrl":"https:\/\/www.iemj.org\/wp-content\/uploads\/2021\/09\/Logo-IEMJ-Paypal.jpg","width":150,"height":50,"caption":"Institut Europ\u00e9en des Musiques Juives"},"image":{"@id":"https:\/\/www.iemj.org\/en\/#\/schema\/logo\/image\/"},"sameAs":["https:\/\/www.facebook.com\/MusiquesJuives\/","https:\/\/www.instagram.com\/musiquesjuives\/","https:\/\/www.youtube.com\/user\/musiquesjuives"]},{"@type":"Person","@id":"https:\/\/www.iemj.org\/en\/#\/schema\/person\/358e26c18aca017fcc4cc15437f7279c","name":"Jacqueline ROTEN","image":{"@type":"ImageObject","inLanguage":"en-US","@id":"https:\/\/secure.gravatar.com\/avatar\/5964256d6c6957de3a3505278957e0fb2a35119ac47ea41827a65301213c810b?s=96&d=mm&r=g","url":"https:\/\/secure.gravatar.com\/avatar\/5964256d6c6957de3a3505278957e0fb2a35119ac47ea41827a65301213c810b?s=96&d=mm&r=g","contentUrl":"https:\/\/secure.gravatar.com\/avatar\/5964256d6c6957de3a3505278957e0fb2a35119ac47ea41827a65301213c810b?s=96&d=mm&r=g","caption":"Jacqueline ROTEN"}}]}},"_links":{"self":[{"href":"https:\/\/www.iemj.org\/en\/wp-json\/wp\/v2\/posts\/126609","targetHints":{"allow":["GET"]}}],"collection":[{"href":"https:\/\/www.iemj.org\/en\/wp-json\/wp\/v2\/posts"}],"about":[{"href":"https:\/\/www.iemj.org\/en\/wp-json\/wp\/v2\/types\/post"}],"author":[{"embeddable":true,"href":"https:\/\/www.iemj.org\/en\/wp-json\/wp\/v2\/users\/5"}],"replies":[{"embeddable":true,"href":"https:\/\/www.iemj.org\/en\/wp-json\/wp\/v2\/comments?post=126609"}],"version-history":[{"count":5,"href":"https:\/\/www.iemj.org\/en\/wp-json\/wp\/v2\/posts\/126609\/revisions"}],"predecessor-version":[{"id":126635,"href":"https:\/\/www.iemj.org\/en\/wp-json\/wp\/v2\/posts\/126609\/revisions\/126635"}],"wp:featuredmedia":[{"embeddable":true,"href":"https:\/\/www.iemj.org\/en\/wp-json\/wp\/v2\/media\/126569"}],"wp:attachment":[{"href":"https:\/\/www.iemj.org\/en\/wp-json\/wp\/v2\/media?parent=126609"}],"wp:term":[{"taxonomy":"category","embeddable":true,"href":"https:\/\/www.iemj.org\/en\/wp-json\/wp\/v2\/categories?post=126609"},{"taxonomy":"post_tag","embeddable":true,"href":"https:\/\/www.iemj.org\/en\/wp-json\/wp\/v2\/tags?post=126609"},{"taxonomy":"technique","embeddable":true,"href":"https:\/\/www.iemj.org\/en\/wp-json\/wp\/v2\/technique?post=126609"},{"taxonomy":"squelettes","embeddable":true,"href":"https:\/\/www.iemj.org\/en\/wp-json\/wp\/v2\/squelettes?post=126609"},{"taxonomy":"sujet","embeddable":true,"href":"https:\/\/www.iemj.org\/en\/wp-json\/wp\/v2\/sujet?post=126609"},{"taxonomy":"formation","embeddable":true,"href":"https:\/\/www.iemj.org\/en\/wp-json\/wp\/v2\/formation?post=126609"},{"taxonomy":"genre","embeddable":true,"href":"https:\/\/www.iemj.org\/en\/wp-json\/wp\/v2\/genre?post=126609"},{"taxonomy":"fonds","embeddable":true,"href":"https:\/\/www.iemj.org\/en\/wp-json\/wp\/v2\/fonds?post=126609"},{"taxonomy":"tradition","embeddable":true,"href":"https:\/\/www.iemj.org\/en\/wp-json\/wp\/v2\/tradition?post=126609"},{"taxonomy":"type-de-contenu","embeddable":true,"href":"https:\/\/www.iemj.org\/en\/wp-json\/wp\/v2\/type-de-contenu?post=126609"},{"taxonomy":"interprete-compositeur","embeddable":true,"href":"https:\/\/www.iemj.org\/en\/wp-json\/wp\/v2\/interprete-compositeur?post=126609"},{"taxonomy":"frise","embeddable":true,"href":"https:\/\/www.iemj.org\/en\/wp-json\/wp\/v2\/frise?post=126609"},{"taxonomy":"type-devenement","embeddable":true,"href":"https:\/\/www.iemj.org\/en\/wp-json\/wp\/v2\/type-devenement?post=126609"},{"taxonomy":"tableaux-liens-externes","embeddable":true,"href":"https:\/\/www.iemj.org\/en\/wp-json\/wp\/v2\/tableaux-liens-externes?post=126609"}],"curies":[{"name":"wp","href":"https:\/\/api.w.org\/{rel}","templated":true}]}}