{"id":128200,"date":"2025-11-19T17:29:41","date_gmt":"2025-11-19T16:29:41","guid":{"rendered":"https:\/\/www.iemj.org\/liturgie-juive-ashkenaze-andre-stora\/"},"modified":"2025-11-20T16:58:16","modified_gmt":"2025-11-20T15:58:16","slug":"liturgie-juive-ashkenaze-andre-stora","status":"publish","type":"post","link":"https:\/\/www.iemj.org\/en\/liturgie-juive-ashkenaze-andre-stora\/","title":{"rendered":"Ashkenazi Jewish Liturgy &#8211; Andr\u00e9 Stora"},"content":{"rendered":"\n<h2 class=\"wp-block-heading\">Festival songs, Torah reading<\/h2>\n\n\n\n<p>Andr\u00e9 Stora has devoted his life to liturgy, singing, and passing on traditions.<\/p>\n\n\n\n<p>After serving as Cantor at the Saint-Etienne Synagogue, then at the Synagogue de la Victoire in Paris, Andr\u00e9 Stora spent most of his career at the Nancy Synagogue, where he formed a youth choir, set up the Eclaireurs Isra\u00e9lites de France troupe, and served as director of the Talmud Torah.<\/p>\n\n\n\n<p>Andr\u00e9 Stora&#8217;s website (in French) Liturgie Juive ashk\u00e9naze (Ashkenazi Jewish Liturgy) is a rich resource on Ashkenazi liturgy, offering downloads of scores by Samuel David, Louis Lewandowski, Joseph Sulzer, and Samuel Naumbourg for various services and celebrations.<\/p>\n\n\n\n<div class=\"wp-block-buttons is-layout-flex wp-block-buttons-is-layout-flex\">\n<div class=\"wp-block-button\"><a class=\"wp-block-button__link has-white-color has-text-color has-background has-link-color wp-element-button\" href=\"https:\/\/andrestora.com\/\" style=\"background-color:#3c4b98\" target=\"_blank\" rel=\"noreferrer noopener\"><strong>Visit Andr\u00e9 Stora&#8217;s website &#8211; Liturgie Juive Ashk\u00e9naze<\/strong><\/a><\/div>\n<\/div>\n\n\n\n<p><\/p>\n","protected":false},"excerpt":{"rendered":"<p>Festival songs, Torah reading Andr\u00e9 Stora has devoted his life to liturgy, singing, and passing on traditions. After serving as Cantor at the Saint-Etienne Synagogue, then at the Synagogue de<\/p>\n","protected":false},"author":5,"featured_media":128188,"comment_status":"closed","ping_status":"closed","sticky":false,"template":"","format":"standard","meta":{"_acf_changed":false,"footnotes":""},"categories":[1421,969],"tags":[],"technique":[],"squelettes":[],"sujet":[2100],"formation":[],"genre":[],"fonds":[],"tradition":[],"type-de-contenu":[],"interprete-compositeur":[],"frise":[],"type-devenement":[],"tableaux-liens-externes":[],"class_list":["post-128200","post","type-post","status-publish","format-standard","has-post-thumbnail","hentry","category-external-links-en","category-online-resources-en","sujet-alsace-lorraine-en"],"acf":[],"yoast_head":"<!-- This site is optimized with the Yoast SEO plugin v27.3 - https:\/\/yoast.com\/product\/yoast-seo-wordpress\/ -->\n<title>Ashkenazi Jewish Liturgy - Andr\u00e9 Stora - Institut Europ\u00e9en des Musiques Juives<\/title>\n<meta name=\"robots\" content=\"index, follow, max-snippet:-1, max-image-preview:large, max-video-preview:-1\" \/>\n<link rel=\"canonical\" href=\"https:\/\/www.iemj.org\/en\/liturgie-juive-ashkenaze-andre-stora\/\" \/>\n<meta property=\"og:locale\" content=\"en_US\" \/>\n<meta property=\"og:type\" content=\"article\" \/>\n<meta property=\"og:title\" content=\"Ashkenazi Jewish Liturgy - Andr\u00e9 Stora - Institut Europ\u00e9en des Musiques Juives\" \/>\n<meta property=\"og:description\" content=\"Festival songs, Torah reading Andr\u00e9 Stora has devoted his life to liturgy, singing, and passing on traditions. After serving as Cantor at the Saint-Etienne Synagogue, then at the Synagogue de\" \/>\n<meta property=\"og:url\" content=\"https:\/\/www.iemj.org\/en\/liturgie-juive-ashkenaze-andre-stora\/\" \/>\n<meta property=\"og:site_name\" content=\"Institut Europ\u00e9en des Musiques Juives\" \/>\n<meta property=\"article:publisher\" content=\"https:\/\/www.facebook.com\/MusiquesJuives\/\" \/>\n<meta property=\"article:published_time\" content=\"2025-11-19T16:29:41+00:00\" \/>\n<meta property=\"article:modified_time\" content=\"2025-11-20T15:58:16+00:00\" \/>\n<meta property=\"og:image\" content=\"https:\/\/www.iemj.org\/wp-content\/uploads\/2025\/11\/Logo-Lien-externe-Liturgie-Juive-ashkenaze_Andre-Stora.jpg\" \/>\n\t<meta property=\"og:image:width\" content=\"859\" \/>\n\t<meta property=\"og:image:height\" content=\"241\" \/>\n\t<meta property=\"og:image:type\" content=\"image\/jpeg\" \/>\n<meta name=\"author\" content=\"Jacqueline ROTEN\" \/>\n<meta name=\"twitter:card\" content=\"summary_large_image\" \/>\n<meta name=\"twitter:label1\" content=\"Written by\" \/>\n\t<meta name=\"twitter:data1\" content=\"Jacqueline ROTEN\" \/>\n\t<meta name=\"twitter:label2\" content=\"Est. reading time\" \/>\n\t<meta name=\"twitter:data2\" content=\"1 minute\" \/>\n<script type=\"application\/ld+json\" class=\"yoast-schema-graph\">{\"@context\":\"https:\\\/\\\/schema.org\",\"@graph\":[{\"@type\":\"Article\",\"@id\":\"https:\\\/\\\/www.iemj.org\\\/en\\\/liturgie-juive-ashkenaze-andre-stora\\\/#article\",\"isPartOf\":{\"@id\":\"https:\\\/\\\/www.iemj.org\\\/en\\\/liturgie-juive-ashkenaze-andre-stora\\\/\"},\"author\":{\"name\":\"Jacqueline ROTEN\",\"@id\":\"https:\\\/\\\/www.iemj.org\\\/en\\\/#\\\/schema\\\/person\\\/358e26c18aca017fcc4cc15437f7279c\"},\"headline\":\"Ashkenazi Jewish Liturgy &#8211; Andr\u00e9 Stora\",\"datePublished\":\"2025-11-19T16:29:41+00:00\",\"dateModified\":\"2025-11-20T15:58:16+00:00\",\"mainEntityOfPage\":{\"@id\":\"https:\\\/\\\/www.iemj.org\\\/en\\\/liturgie-juive-ashkenaze-andre-stora\\\/\"},\"wordCount\":123,\"publisher\":{\"@id\":\"https:\\\/\\\/www.iemj.org\\\/en\\\/#organization\"},\"image\":{\"@id\":\"https:\\\/\\\/www.iemj.org\\\/en\\\/liturgie-juive-ashkenaze-andre-stora\\\/#primaryimage\"},\"thumbnailUrl\":\"https:\\\/\\\/www.iemj.org\\\/wp-content\\\/uploads\\\/2025\\\/11\\\/Logo-Lien-externe-Liturgie-Juive-ashkenaze_Andre-Stora.jpg\",\"articleSection\":[\"External links\",\"Online resources\"],\"inLanguage\":\"en-US\"},{\"@type\":\"WebPage\",\"@id\":\"https:\\\/\\\/www.iemj.org\\\/en\\\/liturgie-juive-ashkenaze-andre-stora\\\/\",\"url\":\"https:\\\/\\\/www.iemj.org\\\/en\\\/liturgie-juive-ashkenaze-andre-stora\\\/\",\"name\":\"Ashkenazi Jewish Liturgy - Andr\u00e9 Stora - Institut Europ\u00e9en des Musiques Juives\",\"isPartOf\":{\"@id\":\"https:\\\/\\\/www.iemj.org\\\/en\\\/#website\"},\"primaryImageOfPage\":{\"@id\":\"https:\\\/\\\/www.iemj.org\\\/en\\\/liturgie-juive-ashkenaze-andre-stora\\\/#primaryimage\"},\"image\":{\"@id\":\"https:\\\/\\\/www.iemj.org\\\/en\\\/liturgie-juive-ashkenaze-andre-stora\\\/#primaryimage\"},\"thumbnailUrl\":\"https:\\\/\\\/www.iemj.org\\\/wp-content\\\/uploads\\\/2025\\\/11\\\/Logo-Lien-externe-Liturgie-Juive-ashkenaze_Andre-Stora.jpg\",\"datePublished\":\"2025-11-19T16:29:41+00:00\",\"dateModified\":\"2025-11-20T15:58:16+00:00\",\"breadcrumb\":{\"@id\":\"https:\\\/\\\/www.iemj.org\\\/en\\\/liturgie-juive-ashkenaze-andre-stora\\\/#breadcrumb\"},\"inLanguage\":\"en-US\",\"potentialAction\":[{\"@type\":\"ReadAction\",\"target\":[\"https:\\\/\\\/www.iemj.org\\\/en\\\/liturgie-juive-ashkenaze-andre-stora\\\/\"]}]},{\"@type\":\"ImageObject\",\"inLanguage\":\"en-US\",\"@id\":\"https:\\\/\\\/www.iemj.org\\\/en\\\/liturgie-juive-ashkenaze-andre-stora\\\/#primaryimage\",\"url\":\"https:\\\/\\\/www.iemj.org\\\/wp-content\\\/uploads\\\/2025\\\/11\\\/Logo-Lien-externe-Liturgie-Juive-ashkenaze_Andre-Stora.jpg\",\"contentUrl\":\"https:\\\/\\\/www.iemj.org\\\/wp-content\\\/uploads\\\/2025\\\/11\\\/Logo-Lien-externe-Liturgie-Juive-ashkenaze_Andre-Stora.jpg\",\"width\":859,\"height\":241},{\"@type\":\"BreadcrumbList\",\"@id\":\"https:\\\/\\\/www.iemj.org\\\/en\\\/liturgie-juive-ashkenaze-andre-stora\\\/#breadcrumb\",\"itemListElement\":[{\"@type\":\"ListItem\",\"position\":1,\"name\":\"Accueil\",\"item\":\"https:\\\/\\\/www.iemj.org\\\/en\\\/\"},{\"@type\":\"ListItem\",\"position\":2,\"name\":\"Ashkenazi Jewish Liturgy &#8211; Andr\u00e9 Stora\"}]},{\"@type\":\"WebSite\",\"@id\":\"https:\\\/\\\/www.iemj.org\\\/en\\\/#website\",\"url\":\"https:\\\/\\\/www.iemj.org\\\/en\\\/\",\"name\":\"Institut Europ\u00e9en des Musiques Juives\",\"description\":\"Des traditions musicales \u00e0 la port\u00e9e de tous\",\"publisher\":{\"@id\":\"https:\\\/\\\/www.iemj.org\\\/en\\\/#organization\"},\"potentialAction\":[{\"@type\":\"SearchAction\",\"target\":{\"@type\":\"EntryPoint\",\"urlTemplate\":\"https:\\\/\\\/www.iemj.org\\\/en\\\/?s={search_term_string}\"},\"query-input\":{\"@type\":\"PropertyValueSpecification\",\"valueRequired\":true,\"valueName\":\"search_term_string\"}}],\"inLanguage\":\"en-US\"},{\"@type\":\"Organization\",\"@id\":\"https:\\\/\\\/www.iemj.org\\\/en\\\/#organization\",\"name\":\"Institut Europ\u00e9en des Musiques Juives\",\"url\":\"https:\\\/\\\/www.iemj.org\\\/en\\\/\",\"logo\":{\"@type\":\"ImageObject\",\"inLanguage\":\"en-US\",\"@id\":\"https:\\\/\\\/www.iemj.org\\\/en\\\/#\\\/schema\\\/logo\\\/image\\\/\",\"url\":\"https:\\\/\\\/www.iemj.org\\\/wp-content\\\/uploads\\\/2021\\\/09\\\/Logo-IEMJ-Paypal.jpg\",\"contentUrl\":\"https:\\\/\\\/www.iemj.org\\\/wp-content\\\/uploads\\\/2021\\\/09\\\/Logo-IEMJ-Paypal.jpg\",\"width\":150,\"height\":50,\"caption\":\"Institut Europ\u00e9en des Musiques Juives\"},\"image\":{\"@id\":\"https:\\\/\\\/www.iemj.org\\\/en\\\/#\\\/schema\\\/logo\\\/image\\\/\"},\"sameAs\":[\"https:\\\/\\\/www.facebook.com\\\/MusiquesJuives\\\/\",\"https:\\\/\\\/www.instagram.com\\\/musiquesjuives\\\/\",\"https:\\\/\\\/www.youtube.com\\\/user\\\/musiquesjuives\"]},{\"@type\":\"Person\",\"@id\":\"https:\\\/\\\/www.iemj.org\\\/en\\\/#\\\/schema\\\/person\\\/358e26c18aca017fcc4cc15437f7279c\",\"name\":\"Jacqueline ROTEN\",\"image\":{\"@type\":\"ImageObject\",\"inLanguage\":\"en-US\",\"@id\":\"https:\\\/\\\/secure.gravatar.com\\\/avatar\\\/5964256d6c6957de3a3505278957e0fb2a35119ac47ea41827a65301213c810b?s=96&d=mm&r=g\",\"url\":\"https:\\\/\\\/secure.gravatar.com\\\/avatar\\\/5964256d6c6957de3a3505278957e0fb2a35119ac47ea41827a65301213c810b?s=96&d=mm&r=g\",\"contentUrl\":\"https:\\\/\\\/secure.gravatar.com\\\/avatar\\\/5964256d6c6957de3a3505278957e0fb2a35119ac47ea41827a65301213c810b?s=96&d=mm&r=g\",\"caption\":\"Jacqueline ROTEN\"}}]}<\/script>\n<!-- \/ Yoast SEO plugin. -->","yoast_head_json":{"title":"Ashkenazi Jewish Liturgy - Andr\u00e9 Stora - Institut Europ\u00e9en des Musiques Juives","robots":{"index":"index","follow":"follow","max-snippet":"max-snippet:-1","max-image-preview":"max-image-preview:large","max-video-preview":"max-video-preview:-1"},"canonical":"https:\/\/www.iemj.org\/en\/liturgie-juive-ashkenaze-andre-stora\/","og_locale":"en_US","og_type":"article","og_title":"Ashkenazi Jewish Liturgy - Andr\u00e9 Stora - Institut Europ\u00e9en des Musiques Juives","og_description":"Festival songs, Torah reading Andr\u00e9 Stora has devoted his life to liturgy, singing, and passing on traditions. After serving as Cantor at the Saint-Etienne Synagogue, then at the Synagogue de","og_url":"https:\/\/www.iemj.org\/en\/liturgie-juive-ashkenaze-andre-stora\/","og_site_name":"Institut Europ\u00e9en des Musiques Juives","article_publisher":"https:\/\/www.facebook.com\/MusiquesJuives\/","article_published_time":"2025-11-19T16:29:41+00:00","article_modified_time":"2025-11-20T15:58:16+00:00","og_image":[{"width":859,"height":241,"url":"https:\/\/www.iemj.org\/wp-content\/uploads\/2025\/11\/Logo-Lien-externe-Liturgie-Juive-ashkenaze_Andre-Stora.jpg","type":"image\/jpeg"}],"author":"Jacqueline ROTEN","twitter_card":"summary_large_image","twitter_misc":{"Written by":"Jacqueline ROTEN","Est. reading time":"1 minute"},"schema":{"@context":"https:\/\/schema.org","@graph":[{"@type":"Article","@id":"https:\/\/www.iemj.org\/en\/liturgie-juive-ashkenaze-andre-stora\/#article","isPartOf":{"@id":"https:\/\/www.iemj.org\/en\/liturgie-juive-ashkenaze-andre-stora\/"},"author":{"name":"Jacqueline ROTEN","@id":"https:\/\/www.iemj.org\/en\/#\/schema\/person\/358e26c18aca017fcc4cc15437f7279c"},"headline":"Ashkenazi Jewish Liturgy &#8211; Andr\u00e9 Stora","datePublished":"2025-11-19T16:29:41+00:00","dateModified":"2025-11-20T15:58:16+00:00","mainEntityOfPage":{"@id":"https:\/\/www.iemj.org\/en\/liturgie-juive-ashkenaze-andre-stora\/"},"wordCount":123,"publisher":{"@id":"https:\/\/www.iemj.org\/en\/#organization"},"image":{"@id":"https:\/\/www.iemj.org\/en\/liturgie-juive-ashkenaze-andre-stora\/#primaryimage"},"thumbnailUrl":"https:\/\/www.iemj.org\/wp-content\/uploads\/2025\/11\/Logo-Lien-externe-Liturgie-Juive-ashkenaze_Andre-Stora.jpg","articleSection":["External links","Online resources"],"inLanguage":"en-US"},{"@type":"WebPage","@id":"https:\/\/www.iemj.org\/en\/liturgie-juive-ashkenaze-andre-stora\/","url":"https:\/\/www.iemj.org\/en\/liturgie-juive-ashkenaze-andre-stora\/","name":"Ashkenazi Jewish Liturgy - Andr\u00e9 Stora - Institut Europ\u00e9en des Musiques Juives","isPartOf":{"@id":"https:\/\/www.iemj.org\/en\/#website"},"primaryImageOfPage":{"@id":"https:\/\/www.iemj.org\/en\/liturgie-juive-ashkenaze-andre-stora\/#primaryimage"},"image":{"@id":"https:\/\/www.iemj.org\/en\/liturgie-juive-ashkenaze-andre-stora\/#primaryimage"},"thumbnailUrl":"https:\/\/www.iemj.org\/wp-content\/uploads\/2025\/11\/Logo-Lien-externe-Liturgie-Juive-ashkenaze_Andre-Stora.jpg","datePublished":"2025-11-19T16:29:41+00:00","dateModified":"2025-11-20T15:58:16+00:00","breadcrumb":{"@id":"https:\/\/www.iemj.org\/en\/liturgie-juive-ashkenaze-andre-stora\/#breadcrumb"},"inLanguage":"en-US","potentialAction":[{"@type":"ReadAction","target":["https:\/\/www.iemj.org\/en\/liturgie-juive-ashkenaze-andre-stora\/"]}]},{"@type":"ImageObject","inLanguage":"en-US","@id":"https:\/\/www.iemj.org\/en\/liturgie-juive-ashkenaze-andre-stora\/#primaryimage","url":"https:\/\/www.iemj.org\/wp-content\/uploads\/2025\/11\/Logo-Lien-externe-Liturgie-Juive-ashkenaze_Andre-Stora.jpg","contentUrl":"https:\/\/www.iemj.org\/wp-content\/uploads\/2025\/11\/Logo-Lien-externe-Liturgie-Juive-ashkenaze_Andre-Stora.jpg","width":859,"height":241},{"@type":"BreadcrumbList","@id":"https:\/\/www.iemj.org\/en\/liturgie-juive-ashkenaze-andre-stora\/#breadcrumb","itemListElement":[{"@type":"ListItem","position":1,"name":"Accueil","item":"https:\/\/www.iemj.org\/en\/"},{"@type":"ListItem","position":2,"name":"Ashkenazi Jewish Liturgy &#8211; Andr\u00e9 Stora"}]},{"@type":"WebSite","@id":"https:\/\/www.iemj.org\/en\/#website","url":"https:\/\/www.iemj.org\/en\/","name":"Institut Europ\u00e9en des Musiques Juives","description":"Des traditions musicales \u00e0 la port\u00e9e de tous","publisher":{"@id":"https:\/\/www.iemj.org\/en\/#organization"},"potentialAction":[{"@type":"SearchAction","target":{"@type":"EntryPoint","urlTemplate":"https:\/\/www.iemj.org\/en\/?s={search_term_string}"},"query-input":{"@type":"PropertyValueSpecification","valueRequired":true,"valueName":"search_term_string"}}],"inLanguage":"en-US"},{"@type":"Organization","@id":"https:\/\/www.iemj.org\/en\/#organization","name":"Institut Europ\u00e9en des Musiques Juives","url":"https:\/\/www.iemj.org\/en\/","logo":{"@type":"ImageObject","inLanguage":"en-US","@id":"https:\/\/www.iemj.org\/en\/#\/schema\/logo\/image\/","url":"https:\/\/www.iemj.org\/wp-content\/uploads\/2021\/09\/Logo-IEMJ-Paypal.jpg","contentUrl":"https:\/\/www.iemj.org\/wp-content\/uploads\/2021\/09\/Logo-IEMJ-Paypal.jpg","width":150,"height":50,"caption":"Institut Europ\u00e9en des Musiques Juives"},"image":{"@id":"https:\/\/www.iemj.org\/en\/#\/schema\/logo\/image\/"},"sameAs":["https:\/\/www.facebook.com\/MusiquesJuives\/","https:\/\/www.instagram.com\/musiquesjuives\/","https:\/\/www.youtube.com\/user\/musiquesjuives"]},{"@type":"Person","@id":"https:\/\/www.iemj.org\/en\/#\/schema\/person\/358e26c18aca017fcc4cc15437f7279c","name":"Jacqueline ROTEN","image":{"@type":"ImageObject","inLanguage":"en-US","@id":"https:\/\/secure.gravatar.com\/avatar\/5964256d6c6957de3a3505278957e0fb2a35119ac47ea41827a65301213c810b?s=96&d=mm&r=g","url":"https:\/\/secure.gravatar.com\/avatar\/5964256d6c6957de3a3505278957e0fb2a35119ac47ea41827a65301213c810b?s=96&d=mm&r=g","contentUrl":"https:\/\/secure.gravatar.com\/avatar\/5964256d6c6957de3a3505278957e0fb2a35119ac47ea41827a65301213c810b?s=96&d=mm&r=g","caption":"Jacqueline ROTEN"}}]}},"_links":{"self":[{"href":"https:\/\/www.iemj.org\/en\/wp-json\/wp\/v2\/posts\/128200","targetHints":{"allow":["GET"]}}],"collection":[{"href":"https:\/\/www.iemj.org\/en\/wp-json\/wp\/v2\/posts"}],"about":[{"href":"https:\/\/www.iemj.org\/en\/wp-json\/wp\/v2\/types\/post"}],"author":[{"embeddable":true,"href":"https:\/\/www.iemj.org\/en\/wp-json\/wp\/v2\/users\/5"}],"replies":[{"embeddable":true,"href":"https:\/\/www.iemj.org\/en\/wp-json\/wp\/v2\/comments?post=128200"}],"version-history":[{"count":3,"href":"https:\/\/www.iemj.org\/en\/wp-json\/wp\/v2\/posts\/128200\/revisions"}],"predecessor-version":[{"id":128218,"href":"https:\/\/www.iemj.org\/en\/wp-json\/wp\/v2\/posts\/128200\/revisions\/128218"}],"wp:featuredmedia":[{"embeddable":true,"href":"https:\/\/www.iemj.org\/en\/wp-json\/wp\/v2\/media\/128188"}],"wp:attachment":[{"href":"https:\/\/www.iemj.org\/en\/wp-json\/wp\/v2\/media?parent=128200"}],"wp:term":[{"taxonomy":"category","embeddable":true,"href":"https:\/\/www.iemj.org\/en\/wp-json\/wp\/v2\/categories?post=128200"},{"taxonomy":"post_tag","embeddable":true,"href":"https:\/\/www.iemj.org\/en\/wp-json\/wp\/v2\/tags?post=128200"},{"taxonomy":"technique","embeddable":true,"href":"https:\/\/www.iemj.org\/en\/wp-json\/wp\/v2\/technique?post=128200"},{"taxonomy":"squelettes","embeddable":true,"href":"https:\/\/www.iemj.org\/en\/wp-json\/wp\/v2\/squelettes?post=128200"},{"taxonomy":"sujet","embeddable":true,"href":"https:\/\/www.iemj.org\/en\/wp-json\/wp\/v2\/sujet?post=128200"},{"taxonomy":"formation","embeddable":true,"href":"https:\/\/www.iemj.org\/en\/wp-json\/wp\/v2\/formation?post=128200"},{"taxonomy":"genre","embeddable":true,"href":"https:\/\/www.iemj.org\/en\/wp-json\/wp\/v2\/genre?post=128200"},{"taxonomy":"fonds","embeddable":true,"href":"https:\/\/www.iemj.org\/en\/wp-json\/wp\/v2\/fonds?post=128200"},{"taxonomy":"tradition","embeddable":true,"href":"https:\/\/www.iemj.org\/en\/wp-json\/wp\/v2\/tradition?post=128200"},{"taxonomy":"type-de-contenu","embeddable":true,"href":"https:\/\/www.iemj.org\/en\/wp-json\/wp\/v2\/type-de-contenu?post=128200"},{"taxonomy":"interprete-compositeur","embeddable":true,"href":"https:\/\/www.iemj.org\/en\/wp-json\/wp\/v2\/interprete-compositeur?post=128200"},{"taxonomy":"frise","embeddable":true,"href":"https:\/\/www.iemj.org\/en\/wp-json\/wp\/v2\/frise?post=128200"},{"taxonomy":"type-devenement","embeddable":true,"href":"https:\/\/www.iemj.org\/en\/wp-json\/wp\/v2\/type-devenement?post=128200"},{"taxonomy":"tableaux-liens-externes","embeddable":true,"href":"https:\/\/www.iemj.org\/en\/wp-json\/wp\/v2\/tableaux-liens-externes?post=128200"}],"curies":[{"name":"wp","href":"https:\/\/api.w.org\/{rel}","templated":true}]}}