{"id":129340,"date":"2026-01-15T16:11:23","date_gmt":"2026-01-15T15:11:23","guid":{"rendered":"https:\/\/www.iemj.org\/oskar-c-posa-1873-1951-lieder-sonate-pour-violon-et-piano-quatuor-a-cordes\/"},"modified":"2026-01-21T15:52:58","modified_gmt":"2026-01-21T14:52:58","slug":"oskar-c-posa-1873-1951-lieder-sonate-pour-violon-et-piano-quatuor-a-cordes","status":"publish","type":"post","link":"https:\/\/www.iemj.org\/en\/oskar-c-posa-1873-1951-lieder-sonate-pour-violon-et-piano-quatuor-a-cordes\/","title":{"rendered":"OSKAR C. POSA (1873-1951) &#8211; Lieder, VIOLIN SONATA &#8211; STRING QUARTET"},"content":{"rendered":"\n<!--more-->\n\n\n\n<p>Olivier Lalane&#8217;s research began in 2020, during the lockdown. While poring over a poster for a 1905 concert at the <em>Musikverein <\/em>in Vienna, which he had stumbled upon by chance, he discovered the name of Oskar C. Posa, unknown to the program, flanked by two much more famous composers: Arnold Sch\u00f6nberg and Alexander von Zemlinsky. Intrigued, he searched in vain for Posa&#8217;s name on the Internet and in music dictionaries. His curiosity turned into obsession. He then embarked on four long years of research that led him to find scores, manuscripts, and traces of this composer who had fallen into oblivion.<\/p>\n\n\n\n<p>But who was Oskar Posa? His complete obscurity is one of the greatest mysteries in the history of music. A famous post-Romantic Austrian composer at the turn of the 20th century and friend to the great composers of his time, he wrote 80 lieder<span class=\"footnote_referrer\"><a role=\"button\" tabindex=\"0\" onclick=\"footnote_moveToReference_129340_1('footnote_plugin_reference_129340_1_1');\" onkeypress=\"footnote_moveToReference_129340_1('footnote_plugin_reference_129340_1_1');\" ><sup id=\"footnote_plugin_tooltip_129340_1_1\" class=\"footnote_plugin_tooltip_text\">[1]<\/sup><\/a><span id=\"footnote_plugin_tooltip_text_129340_1_1\" class=\"footnote_tooltip\">poems set to music<\/span><\/span><script type=\"text\/javascript\"> jQuery('#footnote_plugin_tooltip_129340_1_1').tooltip({ tip: '#footnote_plugin_tooltip_text_129340_1_1', tipClass: 'footnote_tooltip', effect: 'fade', predelay: 0, fadeInSpeed: 200, delay: 400, fadeOutSpeed: 200, position: 'top center', relative: true, offset: [-7, 0], });<\/script> that were sung throughout Europe and the United States. These pieces captivate listeners with their harmonic sensuality, inherited from Brahms and Wagner, and the unprecedented prominence given to the piano, which is on equal footing with the vocals.<\/p>\n\n\n\n<p><strong>Oskar Posa, the tragically ordinary story of a composer who fell victim to anti-Semitism<\/strong><\/p>\n\n\n\n<p>Born into a Jewish family in Vienna on January 16, 1873, Oskar Carl Posamentir soon abandoned his surname, which was linked to the profession of trimming maker\u2014a craftsman who weaves pom-poms, ribbons, braids, strings, and curtain fringes\u2014and it was under the name Oskar C. Posa that the composer signed his works and appeared on stage at the beginning of his career, until he officially adopted it in the civil registry in 1911. A virtuoso pianist, he took private piano and composition lessons from Otto Bach, Ignaz Br\u00fcllet, and above all Robert Fuchs, the harmony and counterpoint teacher of an entire generation of post-Romantic composers, including Richard Strauss, Gustav Mahler, Hugo Wolf, Alexander von Zemlinsky, Franz Schreker, Jean Sibelius, Max Steiner, and Erich Korngold.<\/p>\n\n\n<div class=\"wp-block-image\">\n<figure class=\"alignright size-full is-resized\"><img fetchpriority=\"high\" decoding=\"async\" width=\"317\" height=\"422\" src=\"https:\/\/www.iemj.org\/wp-content\/uploads\/2026\/01\/Oskar-C.-Posa-circa-1911.jpg\" alt=\"\" class=\"wp-image-129302\" style=\"width:159px;height:auto\" srcset=\"https:\/\/www.iemj.org\/wp-content\/uploads\/2026\/01\/Oskar-C.-Posa-circa-1911.jpg 317w, https:\/\/www.iemj.org\/wp-content\/uploads\/2026\/01\/Oskar-C.-Posa-circa-1911-225x300.jpg 225w\" sizes=\"(max-width: 317px) 100vw, 317px\" \/><figcaption class=\"wp-element-caption\"><strong>Oskar C. Posa &#8211; circa 1911<\/strong><\/figcaption><\/figure>\n<\/div>\n\n\n<p>Like Mahler, Posa converted to Catholicism in 1897 in order to pursue a musical career. The Viennese public discovered his music in February 1898, in a concert by baritone Eduard G\u00e4rtner and violinist Fritz Kreisler, accompanied by the composer on piano. Four of his lieder were premiered: <em>Heimweh, Heimkehr, Scheiden und Meiden, and Irmelin Rose<\/em>.<\/p>\n\n\n\n<p>The following year proved decisive. Pianist and composer Julius R\u00f6ntgen, to whom Posa had sent his scores, fell in love with his music at first sight, writing to him on June 18, 1899: &#8220;I rank your lieder among the best ever written, and I am certain that once they become known, this judgment will be universally confirmed. &#8220;<span class=\"footnote_referrer\"><a role=\"button\" tabindex=\"0\" onclick=\"footnote_moveToReference_129340_1('footnote_plugin_reference_129340_1_2');\" onkeypress=\"footnote_moveToReference_129340_1('footnote_plugin_reference_129340_1_2');\" ><sup id=\"footnote_plugin_tooltip_129340_1_2\" class=\"footnote_plugin_tooltip_text\">[2]<\/sup><\/a><span id=\"footnote_plugin_tooltip_text_129340_1_2\" class=\"footnote_tooltip\">This reference, as well as much of this article, come from Olivier Lalane&#8217;s remarkable booklet accompanying this double album.<\/span><\/span><script type=\"text\/javascript\"> jQuery('#footnote_plugin_tooltip_129340_1_2').tooltip({ tip: '#footnote_plugin_tooltip_text_129340_1_2', tipClass: 'footnote_tooltip', effect: 'fade', predelay: 0, fadeInSpeed: 200, delay: 400, fadeOutSpeed: 200, position: 'top center', relative: true, offset: [-7, 0], });<\/script><\/p>\n\n\n\n<p>The year 1900 began under the best of circumstances: in January, R\u00f6ntgen and the singer Messchaert performed several of Posa&#8217;s lieder in Amsterdam, then in Vienna. They were an instant success. Simrock, Brahms&#8217;s long-standing publisher, decided to publish two books of Posa&#8217;s lieder. In the second half of 1900, Posa resigned from his position as an assessor at the Vienna District Court to devote himself fully to music.<\/p>\n\n\n\n<p>In 1901, when his genius<em> Violin and Piano Sonata<\/em>, a work of superhuman difficulty, was due to be performed, the planned performers withdrew at the last minute and the public premiere of the work turned into a nightmare. The composer then sank into a deep depression.<\/p>\n\n\n\n<p>In early 1904, Sch\u00f6nberg, Zemlinski, and Posa decided to found the Association of Composers in Vienna (<em>Vereinigung Schaffender Tonk\u00fcnstler in Wien<\/em>), whose mission was to promote modern musical works through concerts. The association&#8217;s honorary president was Gustav Mahler, and its members included such prestigious figures as Max Reger, Hans Pfitzner, Max von Schillings, Karl Weigl, Siegmund von Hausegger, R\u00f6ntgen, and Jean Sibelius. The <em>Vereinigung <\/em>called on composers to submit new works to be performed in concert. By the end of September 1904, 127 composers had submitted nearly 900 works! The first season promised to be ambitious, with six concerts scheduled. On November 23, 1904, the first concert featured Siegmund von Hausegger&#8217;s Dionysiac Fantasy conducted by Zemlinsky, three orchestral lieder by Hermann Bischoff conducted by the composer, and, after the intermission, the Viennese premiere of Richard Strauss&#8217;s <em>Sinfonia Domestica<\/em>, conducted by Mahler.<\/p>\n\n\n\n<div class=\"wp-block-columns are-vertically-aligned-center is-layout-flex wp-container-core-columns-is-layout-9d6595d7 wp-block-columns-is-layout-flex\">\n<div class=\"wp-block-column is-vertically-aligned-center is-layout-flow wp-block-column-is-layout-flow\" style=\"flex-basis:38%\">\n<figure class=\"wp-block-image size-full\"><img decoding=\"async\" width=\"585\" height=\"800\" src=\"https:\/\/www.iemj.org\/wp-content\/uploads\/2026\/01\/Concert-Zemlinsky-Posa-Schoenberg-25-jan.-1905-in-Vienna_Redim.jpg\" alt=\"\" class=\"wp-image-129283\" srcset=\"https:\/\/www.iemj.org\/wp-content\/uploads\/2026\/01\/Concert-Zemlinsky-Posa-Schoenberg-25-jan.-1905-in-Vienna_Redim.jpg 585w, https:\/\/www.iemj.org\/wp-content\/uploads\/2026\/01\/Concert-Zemlinsky-Posa-Schoenberg-25-jan.-1905-in-Vienna_Redim-219x300.jpg 219w\" sizes=\"(max-width: 585px) 100vw, 585px\" \/><\/figure>\n<\/div>\n\n\n\n<div class=\"wp-block-column is-vertically-aligned-center is-layout-flow wp-block-column-is-layout-flow\" style=\"flex-basis:62%\">\n<figure class=\"wp-block-image size-full\"><img decoding=\"async\" width=\"741\" height=\"626\" src=\"https:\/\/www.iemj.org\/wp-content\/uploads\/2026\/01\/Concert-Zemlinsky-Posa-Schoenberg-25-jan.-1905-in-Vienna_Capture-avec-legende.jpg\" alt=\"\" class=\"wp-image-129293\" srcset=\"https:\/\/www.iemj.org\/wp-content\/uploads\/2026\/01\/Concert-Zemlinsky-Posa-Schoenberg-25-jan.-1905-in-Vienna_Capture-avec-legende.jpg 741w, https:\/\/www.iemj.org\/wp-content\/uploads\/2026\/01\/Concert-Zemlinsky-Posa-Schoenberg-25-jan.-1905-in-Vienna_Capture-avec-legende-300x253.jpg 300w, https:\/\/www.iemj.org\/wp-content\/uploads\/2026\/01\/Concert-Zemlinsky-Posa-Schoenberg-25-jan.-1905-in-Vienna_Capture-avec-legende-600x507.jpg 600w\" sizes=\"(max-width: 741px) 100vw, 741px\" \/><\/figure>\n<\/div>\n<\/div>\n\n\n\n<p>The programme for the second concert, on June 25, 1905, featured three world premieres conducted by their composers: Schoenberg&#8217;s <em>Pelleas und Melisande<\/em>, Zemlinsky&#8217;s The Little Mermaid and, in between, Posa&#8217;s five <em>Soldatenlieder<\/em>. The works by Zemlinsky and Posa were relatively well received, but Schoenberg&#8217;s complex and lengthy work (nearly an hour long) baffled part of the audience. However, in the conservative Vienna of the early 20th century, none of the three composers escaped the numerous criticisms that appeared in the music reviews after the concert. Posa&#8217;s <em>Soldatenlieder <\/em>suffered from the controversy and were even sometimes ignored!<\/p>\n\n\n\n<p>The association&#8217;s third symphony concert, scheduled for March, had to be canceled due to lack of funds and was replaced by a recital of lieder. The <em>Vereinigung<\/em>, barely established, buckled under the weight of its ambition. Despite donations, revenue, and membership fees, its inevitable dissolution was finalized in the fall of 1905 after a single season of eleven concerts. But for Posa, the mission was accomplished. A financial deficit did not mean an ideological failure. And even if not all of the concerts revealed masterpieces, the association succeeded in introducing names that were still unknown to the general public in Vienna.<\/p>\n\n\n\n<p>In order to earn a living, Posa became a conductor or choir director at various institutions in Germany and Austria. He also gave private lessons and accompanied singers at concerts. At the same time, he continued to compose lieder, which enjoyed growing success, and in 1911 he found a new publisher, Julius Heinrich Zimmermann, in Leipzig.<\/p>\n\n\n\n<div class=\"wp-block-columns are-vertically-aligned-top is-layout-flex wp-container-core-columns-is-layout-9d6595d7 wp-block-columns-is-layout-flex\">\n<div class=\"wp-block-column is-vertically-aligned-top is-layout-flow wp-block-column-is-layout-flow\"><div class=\"wp-block-image\">\n<figure class=\"aligncenter size-full\"><img loading=\"lazy\" decoding=\"async\" width=\"323\" height=\"468\" src=\"https:\/\/www.iemj.org\/wp-content\/uploads\/2026\/01\/Programme-Creation-de-la-Symphonie-n\u00b0-5-de-Mahler-a-la-Stephaniensaal-de-Graz.jpg\" alt=\"\" class=\"wp-image-129320\" srcset=\"https:\/\/www.iemj.org\/wp-content\/uploads\/2026\/01\/Programme-Creation-de-la-Symphonie-n\u00b0-5-de-Mahler-a-la-Stephaniensaal-de-Graz.jpg 323w, https:\/\/www.iemj.org\/wp-content\/uploads\/2026\/01\/Programme-Creation-de-la-Symphonie-n\u00b0-5-de-Mahler-a-la-Stephaniensaal-de-Graz-207x300.jpg 207w\" sizes=\"(max-width: 323px) 100vw, 323px\" \/><figcaption class=\"wp-element-caption\"><strong>Program Creation of Mahler&#8217;s Symphony No. 5 at the Stephaniensaal in Graz &#8211; 1912<\/strong><\/figcaption><\/figure>\n<\/div><\/div>\n\n\n\n<div class=\"wp-block-column is-vertically-aligned-top is-layout-flow wp-block-column-is-layout-flow\"><div class=\"wp-block-image\">\n<figure class=\"aligncenter size-full\"><img loading=\"lazy\" decoding=\"async\" width=\"312\" height=\"455\" src=\"https:\/\/www.iemj.org\/wp-content\/uploads\/2026\/01\/Affiche-Concert-symphonique-a-la-Stephaniensaal-de-Graz-Direction-musicale-Oskar-C.-Posa-1916.jpg\" alt=\"\" class=\"wp-image-129325\" srcset=\"https:\/\/www.iemj.org\/wp-content\/uploads\/2026\/01\/Affiche-Concert-symphonique-a-la-Stephaniensaal-de-Graz-Direction-musicale-Oskar-C.-Posa-1916.jpg 312w, https:\/\/www.iemj.org\/wp-content\/uploads\/2026\/01\/Affiche-Concert-symphonique-a-la-Stephaniensaal-de-Graz-Direction-musicale-Oskar-C.-Posa-1916-206x300.jpg 206w\" sizes=\"(max-width: 312px) 100vw, 312px\" \/><figcaption class=\"wp-element-caption\"><strong>Poster for a symphony concert at the Stephaniensaal in Graz &#8211; Musical director Oskar C. Posa &#8211; 1916<\/strong><\/figcaption><\/figure>\n<\/div><\/div>\n<\/div>\n\n\n\n<p>That same year, Posa became conductor of Austria&#8217;s second largest opera house in Graz, where he performed fairly regularly until 1933. Between 1933 and 1938, he taught as a vocal coach at the prestigious Vienna Conservatory. But on March 11, 1938, Hitler&#8217;s troops annexed Austria to Nazi Germany. Four days later, on March 15, Alfred Orel was appointed interim director of the Vienna Conservatory. A Brucknerian musicologist and staunch nationalist, he was tasked with bringing the institution into line with Reich principles: removing Jewish professors or those deemed politically undesirable. On April 7, Posa was suspended from his teaching duties. His permanent dismissal was announced on June 1, 1938. From that day on, his music would never be played again. The composer remained in Vienna without a job, without income, and without the means to leave the country. He shut himself away at home with his sisters Charlotte and Helene. His third sister, Elsa, would soon be deported with her husband Ernst Khuner to the Theresienstadt concentration camp, from which they would escape.<\/p>\n\n\n<div class=\"wp-block-image\">\n<figure class=\"aligncenter size-full\"><img loading=\"lazy\" decoding=\"async\" width=\"551\" height=\"394\" src=\"https:\/\/www.iemj.org\/wp-content\/uploads\/2026\/01\/Carte-postale-Opernhaus-Graz.jpg\" alt=\"\" class=\"wp-image-129330\" srcset=\"https:\/\/www.iemj.org\/wp-content\/uploads\/2026\/01\/Carte-postale-Opernhaus-Graz.jpg 551w, https:\/\/www.iemj.org\/wp-content\/uploads\/2026\/01\/Carte-postale-Opernhaus-Graz-300x215.jpg 300w\" sizes=\"(max-width: 551px) 100vw, 551px\" \/><figcaption class=\"wp-element-caption\"><strong>Postcard, Opernhaus Graz, 1919<\/strong><\/figcaption><\/figure>\n<\/div>\n\n\n<p>From 1939 onwards, the Nazi regime entrusted musicologist Herbert Gerigk with compiling a <em>Lexicon of Jews in Music<\/em>, with the aim of excluding them from musical life. Against all odds, Posa did not appear in the first edition published in 1940. On January 11, 1941, a letter signed by a certain Bury, a member of the Nazi Party&#8217;s Central Office for Ideological Training, was sent to the dictionary&#8217;s publisher. The letter pointed out several omissions that needed to be corrected urgently, including Posa. A few months later, his name was indeed added to the second edition. This official listing among undesirable personalities sealed his definitive exclusion from musical life.<\/p>\n\n\n\n<p>Upon liberation, Posa, then aged 72, was not reinstated at the Vienna Conservatory. Exhausted and penniless, Posa returned to composing in 1947. This period saw the creation of his last three works, which were never published: <em>Edward <\/em>and <em>Ein Lied Chastelards<\/em>, two lieder for baritone and small orchestra, the <em>String Quartet<\/em>, Op. 18, and his only major symphonic work for orchestra, now lost, <em>Praeludium und Fuga fantastica<\/em>, Op. 19. But Posa could no longer even afford to pay his membership fees to the AKM, the Austrian copyright management society, which deprived him of any possibility of receiving royalties or applying for emergency funds. He died on March 15, 1951, amid general indifference.<\/p>\n\n\n\n<p>Between his death and his funeral, Vienna woke up at the last minute and suddenly remembered his past fame. In recognition of his contribution to the city&#8217;s musical life, he was given a grave of honor at the <em>Zentralfriedhof<\/em>, Vienna&#8217;s central cemetery, where Beethoven, Schubert, Brahms, Wolf, Zemlinsky, and Schoenberg are also resting. His scores and manuscripts were added to the shelves of the Vienna Library, located in City Hall.<\/p>\n\n\n\n<p>Sources: Olivier Lalane, CD booklet <em>Oskar C. Posa (1873-1951) &#8211; Lieder, Violin Sonata, String quartet<\/em><\/p>\n\n\n\n<p><strong>The interpreters<\/strong><\/p>\n\n\n\n<p>Juliette Journaux, pianist; Edwin Fardini, baritone; Eva Zavaro, violinist; Quatuor M\u00e9tamorphoses; Simon Dechambre, cellist<\/p>\n\n\n<div class=\"wp-block-image\">\n<figure class=\"aligncenter size-full\"><img loading=\"lazy\" decoding=\"async\" width=\"756\" height=\"198\" src=\"https:\/\/www.iemj.org\/wp-content\/uploads\/2026\/01\/image.jpg\" alt=\"\" class=\"wp-image-129273\" srcset=\"https:\/\/www.iemj.org\/wp-content\/uploads\/2026\/01\/image.jpg 756w, https:\/\/www.iemj.org\/wp-content\/uploads\/2026\/01\/image-300x79.jpg 300w, https:\/\/www.iemj.org\/wp-content\/uploads\/2026\/01\/image-600x157.jpg 600w\" sizes=\"(max-width: 756px) 100vw, 756px\" \/><\/figure>\n<\/div>\n\n\n<p><strong>A few words about the Voil\u00e0 Records label<\/strong><\/p>\n\n\n<div class=\"wp-block-image\">\n<figure class=\"alignleft size-large is-resized\"><img decoding=\"async\" src=\"https:\/\/www.iemj.org\/lalane-olivier-oskar-posa_redim\/\" alt=\"\" style=\"aspect-ratio:0.7343941248470012;object-fit:cover;width:159px\"\/><\/figure>\n<\/div>\n\n\n<p>Founded in 2025 by <strong>Olivier Lalane<\/strong>, <a href=\"https:\/\/voila-records.com\/\" target=\"_blank\" rel=\"noreferrer noopener\">Voil\u00e0 Records<\/a> is dedicated to rediscovering composers who have fallen into obscurity. Each project is conceived as a genuine investigation: digging through library archives, reading, genealogy, hunting for scores, combing through old newspapers. The goal? To bring previously unheard musical treasures out of the shadows and share them with today&#8217;s audiences with the same care, if not more, than the great classics.<\/p>\n\n\n\n<p><a href=\"https:\/\/le-philtre.com\/olivier-lalane\/#:~:text=Il%20fonde%20en%202020%20l,philtre%20avec%20Marc%20de%20Pierrefeu.&amp;text=depuis%20la%20rentr%C3%A9e%202020%2C%20et,un%20compositeur%20autrichien%20post%2Dromantique.\" target=\"_blank\" rel=\"noreferrer noopener\">More about Olivier Lalane<\/a><\/p>\n\n\n\n<p><a href=\"https:\/\/voila.lnk.to\/posa\" target=\"_blank\" rel=\"noreferrer noopener\">Order the double album Oskar C. Posa (1873-1951) &#8211; Lieder, Violin Sonata, String Quartet<\/a><\/p>\n\n\n\n<div style=\"height:12px\" aria-hidden=\"true\" class=\"wp-block-spacer\"><\/div>\n\n\n\n<figure class=\"wp-block-embed is-type-video is-provider-youtube wp-block-embed-youtube wp-embed-aspect-4-3 wp-has-aspect-ratio\"><div class=\"wp-block-embed__wrapper\">\n<iframe title=\"Violin Sonata, Op. 7: I. Allegro Moderato, Ma Molto Appassionato\" width=\"640\" height=\"480\" src=\"https:\/\/www.youtube.com\/embed\/Dldzi774ojE?feature=oembed\" frameborder=\"0\" allow=\"accelerometer; autoplay; clipboard-write; encrypted-media; gyroscope; picture-in-picture; web-share\" referrerpolicy=\"strict-origin-when-cross-origin\" allowfullscreen><\/iframe>\n<\/div><\/figure>\n\n\n\n<figure class=\"wp-block-image alignwide size-large\"><img loading=\"lazy\" decoding=\"async\" width=\"1024\" height=\"133\" src=\"https:\/\/www.iemj.org\/wp-content\/uploads\/2024\/03\/AUDIO-PLAYER-1024x133.png\" alt=\"\" class=\"wp-image-110608\" srcset=\"https:\/\/www.iemj.org\/wp-content\/uploads\/2024\/03\/AUDIO-PLAYER-1024x133.png 1024w, https:\/\/www.iemj.org\/wp-content\/uploads\/2024\/03\/AUDIO-PLAYER-300x39.png 300w, https:\/\/www.iemj.org\/wp-content\/uploads\/2024\/03\/AUDIO-PLAYER-768x100.png 768w, https:\/\/www.iemj.org\/wp-content\/uploads\/2024\/03\/AUDIO-PLAYER-600x78.png 600w, https:\/\/www.iemj.org\/wp-content\/uploads\/2024\/03\/AUDIO-PLAYER.png 1210w\" sizes=\"(max-width: 1024px) 100vw, 1024px\" \/><\/figure>\n\n\n\n<p><\/p>\n<div class=\"speaker-mute footnotes_reference_container\"> <div class=\"footnote_container_prepare\"><p><span role=\"button\" tabindex=\"0\" class=\"footnote_reference_container_label pointer\" onclick=\"footnote_expand_collapse_reference_container_129340_1();\">&#x202F;<\/span><span role=\"button\" tabindex=\"0\" class=\"footnote_reference_container_collapse_button\" style=\"display: none;\" onclick=\"footnote_expand_collapse_reference_container_129340_1();\">[<a id=\"footnote_reference_container_collapse_button_129340_1\">+<\/a>]<\/span><\/p><\/div> <div id=\"footnote_references_container_129340_1\" style=\"\"><table class=\"footnotes_table footnote-reference-container\"><caption class=\"accessibility\">References<\/caption> <tbody> \r\n\r\n<tr class=\"footnotes_plugin_reference_row\"> <th scope=\"row\" class=\"footnote_plugin_index_combi pointer\"  onclick=\"footnote_moveToAnchor_129340_1('footnote_plugin_tooltip_129340_1_1');\"><a id=\"footnote_plugin_reference_129340_1_1\" class=\"footnote_backlink\">1<\/a><\/th> <td class=\"footnote_plugin_text\">poems set to music<\/td><\/tr>\r\n\r\n<tr class=\"footnotes_plugin_reference_row\"> <th scope=\"row\" class=\"footnote_plugin_index_combi pointer\"  onclick=\"footnote_moveToAnchor_129340_1('footnote_plugin_tooltip_129340_1_2');\"><a id=\"footnote_plugin_reference_129340_1_2\" class=\"footnote_backlink\">2<\/a><\/th> <td class=\"footnote_plugin_text\">This reference, as well as much of this article, come from Olivier Lalane&#8217;s remarkable booklet accompanying this double album.<\/td><\/tr>\r\n\r\n <\/tbody> <\/table> <\/div><\/div><script type=\"text\/javascript\"> function footnote_expand_reference_container_129340_1() { jQuery('#footnote_references_container_129340_1').show(); jQuery('#footnote_reference_container_collapse_button_129340_1').text('\u2212'); } function footnote_collapse_reference_container_129340_1() { jQuery('#footnote_references_container_129340_1').hide(); jQuery('#footnote_reference_container_collapse_button_129340_1').text('+'); } function footnote_expand_collapse_reference_container_129340_1() { if (jQuery('#footnote_references_container_129340_1').is(':hidden')) { footnote_expand_reference_container_129340_1(); } else { footnote_collapse_reference_container_129340_1(); } } function footnote_moveToReference_129340_1(p_str_TargetID) { footnote_expand_reference_container_129340_1(); var l_obj_Target = jQuery('#' + p_str_TargetID); if (l_obj_Target.length) { jQuery( 'html, body' ).delay( 0 ); jQuery('html, body').animate({ scrollTop: l_obj_Target.offset().top - window.innerHeight * 0.2 }, 380); } } function footnote_moveToAnchor_129340_1(p_str_TargetID) { footnote_expand_reference_container_129340_1(); var l_obj_Target = jQuery('#' + p_str_TargetID); if (l_obj_Target.length) { jQuery( 'html, body' ).delay( 0 ); jQuery('html, body').animate({ scrollTop: l_obj_Target.offset().top - window.innerHeight * 0.2 }, 380); } }<\/script>","protected":false},"excerpt":{"rendered":"","protected":false},"author":5,"featured_media":129315,"comment_status":"closed","ping_status":"closed","sticky":false,"template":"","format":"standard","meta":{"_acf_changed":false,"footnotes":""},"categories":[1570,1562],"tags":[],"technique":[],"squelettes":[],"sujet":[1802],"formation":[],"genre":[1117],"fonds":[],"tradition":[],"type-de-contenu":[],"interprete-compositeur":[],"frise":[],"type-devenement":[],"tableaux-liens-externes":[],"class_list":["post-129340","post","type-post","status-publish","format-standard","has-post-thumbnail","hentry","category-cd-latest-acquisition-en","category-latest-acquisitions-en","sujet-shoah-en","genre-classical-music"],"acf":[],"yoast_head":"<!-- This site is optimized with the Yoast SEO plugin v27.3 - https:\/\/yoast.com\/product\/yoast-seo-wordpress\/ -->\n<title>OSKAR C. POSA (1873-1951) - Lieder, VIOLIN SONATA - STRING QUARTET - Institut Europ\u00e9en des Musiques Juives<\/title>\n<meta name=\"robots\" content=\"index, follow, max-snippet:-1, max-image-preview:large, max-video-preview:-1\" \/>\n<link rel=\"canonical\" href=\"https:\/\/www.iemj.org\/en\/oskar-c-posa-1873-1951-lieder-sonate-pour-violon-et-piano-quatuor-a-cordes\/\" \/>\n<meta property=\"og:locale\" content=\"en_US\" \/>\n<meta property=\"og:type\" content=\"article\" \/>\n<meta property=\"og:title\" content=\"OSKAR C. POSA (1873-1951) - Lieder, VIOLIN SONATA - STRING QUARTET - Institut Europ\u00e9en des Musiques Juives\" \/>\n<meta property=\"og:url\" content=\"https:\/\/www.iemj.org\/en\/oskar-c-posa-1873-1951-lieder-sonate-pour-violon-et-piano-quatuor-a-cordes\/\" \/>\n<meta property=\"og:site_name\" content=\"Institut Europ\u00e9en des Musiques Juives\" \/>\n<meta property=\"article:publisher\" content=\"https:\/\/www.facebook.com\/MusiquesJuives\/\" \/>\n<meta property=\"article:published_time\" content=\"2026-01-15T15:11:23+00:00\" \/>\n<meta property=\"article:modified_time\" content=\"2026-01-21T14:52:58+00:00\" \/>\n<meta property=\"og:image\" content=\"https:\/\/www.iemj.org\/wp-content\/uploads\/2026\/01\/COUV-CD-Posa.jpg\" \/>\n\t<meta property=\"og:image:width\" content=\"500\" \/>\n\t<meta property=\"og:image:height\" content=\"500\" \/>\n\t<meta property=\"og:image:type\" content=\"image\/jpeg\" \/>\n<meta name=\"author\" content=\"Jacqueline ROTEN\" \/>\n<meta name=\"twitter:card\" content=\"summary_large_image\" \/>\n<meta name=\"twitter:label1\" content=\"Written by\" \/>\n\t<meta name=\"twitter:data1\" content=\"Jacqueline ROTEN\" \/>\n\t<meta name=\"twitter:label2\" content=\"Est. reading time\" \/>\n\t<meta name=\"twitter:data2\" content=\"11 minutes\" \/>\n<script type=\"application\/ld+json\" class=\"yoast-schema-graph\">{\"@context\":\"https:\\\/\\\/schema.org\",\"@graph\":[{\"@type\":\"Article\",\"@id\":\"https:\\\/\\\/www.iemj.org\\\/en\\\/oskar-c-posa-1873-1951-lieder-sonate-pour-violon-et-piano-quatuor-a-cordes\\\/#article\",\"isPartOf\":{\"@id\":\"https:\\\/\\\/www.iemj.org\\\/en\\\/oskar-c-posa-1873-1951-lieder-sonate-pour-violon-et-piano-quatuor-a-cordes\\\/\"},\"author\":{\"name\":\"Jacqueline ROTEN\",\"@id\":\"https:\\\/\\\/www.iemj.org\\\/en\\\/#\\\/schema\\\/person\\\/358e26c18aca017fcc4cc15437f7279c\"},\"headline\":\"OSKAR C. POSA (1873-1951) &#8211; Lieder, VIOLIN SONATA &#8211; STRING QUARTET\",\"datePublished\":\"2026-01-15T15:11:23+00:00\",\"dateModified\":\"2026-01-21T14:52:58+00:00\",\"mainEntityOfPage\":{\"@id\":\"https:\\\/\\\/www.iemj.org\\\/en\\\/oskar-c-posa-1873-1951-lieder-sonate-pour-violon-et-piano-quatuor-a-cordes\\\/\"},\"wordCount\":1596,\"publisher\":{\"@id\":\"https:\\\/\\\/www.iemj.org\\\/en\\\/#organization\"},\"image\":{\"@id\":\"https:\\\/\\\/www.iemj.org\\\/en\\\/oskar-c-posa-1873-1951-lieder-sonate-pour-violon-et-piano-quatuor-a-cordes\\\/#primaryimage\"},\"thumbnailUrl\":\"https:\\\/\\\/www.iemj.org\\\/wp-content\\\/uploads\\\/2026\\\/01\\\/COUV-CD-Posa.jpg\",\"articleSection\":[\"CD\",\"Latest Acquisitions\"],\"inLanguage\":\"en-US\"},{\"@type\":\"WebPage\",\"@id\":\"https:\\\/\\\/www.iemj.org\\\/en\\\/oskar-c-posa-1873-1951-lieder-sonate-pour-violon-et-piano-quatuor-a-cordes\\\/\",\"url\":\"https:\\\/\\\/www.iemj.org\\\/en\\\/oskar-c-posa-1873-1951-lieder-sonate-pour-violon-et-piano-quatuor-a-cordes\\\/\",\"name\":\"OSKAR C. POSA (1873-1951) - Lieder, VIOLIN SONATA - STRING QUARTET - Institut Europ\u00e9en des Musiques Juives\",\"isPartOf\":{\"@id\":\"https:\\\/\\\/www.iemj.org\\\/en\\\/#website\"},\"primaryImageOfPage\":{\"@id\":\"https:\\\/\\\/www.iemj.org\\\/en\\\/oskar-c-posa-1873-1951-lieder-sonate-pour-violon-et-piano-quatuor-a-cordes\\\/#primaryimage\"},\"image\":{\"@id\":\"https:\\\/\\\/www.iemj.org\\\/en\\\/oskar-c-posa-1873-1951-lieder-sonate-pour-violon-et-piano-quatuor-a-cordes\\\/#primaryimage\"},\"thumbnailUrl\":\"https:\\\/\\\/www.iemj.org\\\/wp-content\\\/uploads\\\/2026\\\/01\\\/COUV-CD-Posa.jpg\",\"datePublished\":\"2026-01-15T15:11:23+00:00\",\"dateModified\":\"2026-01-21T14:52:58+00:00\",\"breadcrumb\":{\"@id\":\"https:\\\/\\\/www.iemj.org\\\/en\\\/oskar-c-posa-1873-1951-lieder-sonate-pour-violon-et-piano-quatuor-a-cordes\\\/#breadcrumb\"},\"inLanguage\":\"en-US\",\"potentialAction\":[{\"@type\":\"ReadAction\",\"target\":[\"https:\\\/\\\/www.iemj.org\\\/en\\\/oskar-c-posa-1873-1951-lieder-sonate-pour-violon-et-piano-quatuor-a-cordes\\\/\"]}]},{\"@type\":\"ImageObject\",\"inLanguage\":\"en-US\",\"@id\":\"https:\\\/\\\/www.iemj.org\\\/en\\\/oskar-c-posa-1873-1951-lieder-sonate-pour-violon-et-piano-quatuor-a-cordes\\\/#primaryimage\",\"url\":\"https:\\\/\\\/www.iemj.org\\\/wp-content\\\/uploads\\\/2026\\\/01\\\/COUV-CD-Posa.jpg\",\"contentUrl\":\"https:\\\/\\\/www.iemj.org\\\/wp-content\\\/uploads\\\/2026\\\/01\\\/COUV-CD-Posa.jpg\",\"width\":500,\"height\":500},{\"@type\":\"BreadcrumbList\",\"@id\":\"https:\\\/\\\/www.iemj.org\\\/en\\\/oskar-c-posa-1873-1951-lieder-sonate-pour-violon-et-piano-quatuor-a-cordes\\\/#breadcrumb\",\"itemListElement\":[{\"@type\":\"ListItem\",\"position\":1,\"name\":\"Accueil\",\"item\":\"https:\\\/\\\/www.iemj.org\\\/en\\\/\"},{\"@type\":\"ListItem\",\"position\":2,\"name\":\"OSKAR C. POSA (1873-1951) &#8211; Lieder, VIOLIN SONATA &#8211; STRING QUARTET\"}]},{\"@type\":\"WebSite\",\"@id\":\"https:\\\/\\\/www.iemj.org\\\/en\\\/#website\",\"url\":\"https:\\\/\\\/www.iemj.org\\\/en\\\/\",\"name\":\"Institut Europ\u00e9en des Musiques Juives\",\"description\":\"Des traditions musicales \u00e0 la port\u00e9e de tous\",\"publisher\":{\"@id\":\"https:\\\/\\\/www.iemj.org\\\/en\\\/#organization\"},\"potentialAction\":[{\"@type\":\"SearchAction\",\"target\":{\"@type\":\"EntryPoint\",\"urlTemplate\":\"https:\\\/\\\/www.iemj.org\\\/en\\\/?s={search_term_string}\"},\"query-input\":{\"@type\":\"PropertyValueSpecification\",\"valueRequired\":true,\"valueName\":\"search_term_string\"}}],\"inLanguage\":\"en-US\"},{\"@type\":\"Organization\",\"@id\":\"https:\\\/\\\/www.iemj.org\\\/en\\\/#organization\",\"name\":\"Institut Europ\u00e9en des Musiques Juives\",\"url\":\"https:\\\/\\\/www.iemj.org\\\/en\\\/\",\"logo\":{\"@type\":\"ImageObject\",\"inLanguage\":\"en-US\",\"@id\":\"https:\\\/\\\/www.iemj.org\\\/en\\\/#\\\/schema\\\/logo\\\/image\\\/\",\"url\":\"https:\\\/\\\/www.iemj.org\\\/wp-content\\\/uploads\\\/2021\\\/09\\\/Logo-IEMJ-Paypal.jpg\",\"contentUrl\":\"https:\\\/\\\/www.iemj.org\\\/wp-content\\\/uploads\\\/2021\\\/09\\\/Logo-IEMJ-Paypal.jpg\",\"width\":150,\"height\":50,\"caption\":\"Institut Europ\u00e9en des Musiques Juives\"},\"image\":{\"@id\":\"https:\\\/\\\/www.iemj.org\\\/en\\\/#\\\/schema\\\/logo\\\/image\\\/\"},\"sameAs\":[\"https:\\\/\\\/www.facebook.com\\\/MusiquesJuives\\\/\",\"https:\\\/\\\/www.instagram.com\\\/musiquesjuives\\\/\",\"https:\\\/\\\/www.youtube.com\\\/user\\\/musiquesjuives\"]},{\"@type\":\"Person\",\"@id\":\"https:\\\/\\\/www.iemj.org\\\/en\\\/#\\\/schema\\\/person\\\/358e26c18aca017fcc4cc15437f7279c\",\"name\":\"Jacqueline ROTEN\",\"image\":{\"@type\":\"ImageObject\",\"inLanguage\":\"en-US\",\"@id\":\"https:\\\/\\\/secure.gravatar.com\\\/avatar\\\/5964256d6c6957de3a3505278957e0fb2a35119ac47ea41827a65301213c810b?s=96&d=mm&r=g\",\"url\":\"https:\\\/\\\/secure.gravatar.com\\\/avatar\\\/5964256d6c6957de3a3505278957e0fb2a35119ac47ea41827a65301213c810b?s=96&d=mm&r=g\",\"contentUrl\":\"https:\\\/\\\/secure.gravatar.com\\\/avatar\\\/5964256d6c6957de3a3505278957e0fb2a35119ac47ea41827a65301213c810b?s=96&d=mm&r=g\",\"caption\":\"Jacqueline ROTEN\"}}]}<\/script>\n<!-- \/ Yoast SEO plugin. -->","yoast_head_json":{"title":"OSKAR C. POSA (1873-1951) - Lieder, VIOLIN SONATA - STRING QUARTET - Institut Europ\u00e9en des Musiques Juives","robots":{"index":"index","follow":"follow","max-snippet":"max-snippet:-1","max-image-preview":"max-image-preview:large","max-video-preview":"max-video-preview:-1"},"canonical":"https:\/\/www.iemj.org\/en\/oskar-c-posa-1873-1951-lieder-sonate-pour-violon-et-piano-quatuor-a-cordes\/","og_locale":"en_US","og_type":"article","og_title":"OSKAR C. POSA (1873-1951) - Lieder, VIOLIN SONATA - STRING QUARTET - Institut Europ\u00e9en des Musiques Juives","og_url":"https:\/\/www.iemj.org\/en\/oskar-c-posa-1873-1951-lieder-sonate-pour-violon-et-piano-quatuor-a-cordes\/","og_site_name":"Institut Europ\u00e9en des Musiques Juives","article_publisher":"https:\/\/www.facebook.com\/MusiquesJuives\/","article_published_time":"2026-01-15T15:11:23+00:00","article_modified_time":"2026-01-21T14:52:58+00:00","og_image":[{"width":500,"height":500,"url":"https:\/\/www.iemj.org\/wp-content\/uploads\/2026\/01\/COUV-CD-Posa.jpg","type":"image\/jpeg"}],"author":"Jacqueline ROTEN","twitter_card":"summary_large_image","twitter_misc":{"Written by":"Jacqueline ROTEN","Est. reading time":"11 minutes"},"schema":{"@context":"https:\/\/schema.org","@graph":[{"@type":"Article","@id":"https:\/\/www.iemj.org\/en\/oskar-c-posa-1873-1951-lieder-sonate-pour-violon-et-piano-quatuor-a-cordes\/#article","isPartOf":{"@id":"https:\/\/www.iemj.org\/en\/oskar-c-posa-1873-1951-lieder-sonate-pour-violon-et-piano-quatuor-a-cordes\/"},"author":{"name":"Jacqueline ROTEN","@id":"https:\/\/www.iemj.org\/en\/#\/schema\/person\/358e26c18aca017fcc4cc15437f7279c"},"headline":"OSKAR C. POSA (1873-1951) &#8211; Lieder, VIOLIN SONATA &#8211; STRING QUARTET","datePublished":"2026-01-15T15:11:23+00:00","dateModified":"2026-01-21T14:52:58+00:00","mainEntityOfPage":{"@id":"https:\/\/www.iemj.org\/en\/oskar-c-posa-1873-1951-lieder-sonate-pour-violon-et-piano-quatuor-a-cordes\/"},"wordCount":1596,"publisher":{"@id":"https:\/\/www.iemj.org\/en\/#organization"},"image":{"@id":"https:\/\/www.iemj.org\/en\/oskar-c-posa-1873-1951-lieder-sonate-pour-violon-et-piano-quatuor-a-cordes\/#primaryimage"},"thumbnailUrl":"https:\/\/www.iemj.org\/wp-content\/uploads\/2026\/01\/COUV-CD-Posa.jpg","articleSection":["CD","Latest Acquisitions"],"inLanguage":"en-US"},{"@type":"WebPage","@id":"https:\/\/www.iemj.org\/en\/oskar-c-posa-1873-1951-lieder-sonate-pour-violon-et-piano-quatuor-a-cordes\/","url":"https:\/\/www.iemj.org\/en\/oskar-c-posa-1873-1951-lieder-sonate-pour-violon-et-piano-quatuor-a-cordes\/","name":"OSKAR C. POSA (1873-1951) - Lieder, VIOLIN SONATA - STRING QUARTET - Institut Europ\u00e9en des Musiques Juives","isPartOf":{"@id":"https:\/\/www.iemj.org\/en\/#website"},"primaryImageOfPage":{"@id":"https:\/\/www.iemj.org\/en\/oskar-c-posa-1873-1951-lieder-sonate-pour-violon-et-piano-quatuor-a-cordes\/#primaryimage"},"image":{"@id":"https:\/\/www.iemj.org\/en\/oskar-c-posa-1873-1951-lieder-sonate-pour-violon-et-piano-quatuor-a-cordes\/#primaryimage"},"thumbnailUrl":"https:\/\/www.iemj.org\/wp-content\/uploads\/2026\/01\/COUV-CD-Posa.jpg","datePublished":"2026-01-15T15:11:23+00:00","dateModified":"2026-01-21T14:52:58+00:00","breadcrumb":{"@id":"https:\/\/www.iemj.org\/en\/oskar-c-posa-1873-1951-lieder-sonate-pour-violon-et-piano-quatuor-a-cordes\/#breadcrumb"},"inLanguage":"en-US","potentialAction":[{"@type":"ReadAction","target":["https:\/\/www.iemj.org\/en\/oskar-c-posa-1873-1951-lieder-sonate-pour-violon-et-piano-quatuor-a-cordes\/"]}]},{"@type":"ImageObject","inLanguage":"en-US","@id":"https:\/\/www.iemj.org\/en\/oskar-c-posa-1873-1951-lieder-sonate-pour-violon-et-piano-quatuor-a-cordes\/#primaryimage","url":"https:\/\/www.iemj.org\/wp-content\/uploads\/2026\/01\/COUV-CD-Posa.jpg","contentUrl":"https:\/\/www.iemj.org\/wp-content\/uploads\/2026\/01\/COUV-CD-Posa.jpg","width":500,"height":500},{"@type":"BreadcrumbList","@id":"https:\/\/www.iemj.org\/en\/oskar-c-posa-1873-1951-lieder-sonate-pour-violon-et-piano-quatuor-a-cordes\/#breadcrumb","itemListElement":[{"@type":"ListItem","position":1,"name":"Accueil","item":"https:\/\/www.iemj.org\/en\/"},{"@type":"ListItem","position":2,"name":"OSKAR C. POSA (1873-1951) &#8211; Lieder, VIOLIN SONATA &#8211; STRING QUARTET"}]},{"@type":"WebSite","@id":"https:\/\/www.iemj.org\/en\/#website","url":"https:\/\/www.iemj.org\/en\/","name":"Institut Europ\u00e9en des Musiques Juives","description":"Des traditions musicales \u00e0 la port\u00e9e de tous","publisher":{"@id":"https:\/\/www.iemj.org\/en\/#organization"},"potentialAction":[{"@type":"SearchAction","target":{"@type":"EntryPoint","urlTemplate":"https:\/\/www.iemj.org\/en\/?s={search_term_string}"},"query-input":{"@type":"PropertyValueSpecification","valueRequired":true,"valueName":"search_term_string"}}],"inLanguage":"en-US"},{"@type":"Organization","@id":"https:\/\/www.iemj.org\/en\/#organization","name":"Institut Europ\u00e9en des Musiques Juives","url":"https:\/\/www.iemj.org\/en\/","logo":{"@type":"ImageObject","inLanguage":"en-US","@id":"https:\/\/www.iemj.org\/en\/#\/schema\/logo\/image\/","url":"https:\/\/www.iemj.org\/wp-content\/uploads\/2021\/09\/Logo-IEMJ-Paypal.jpg","contentUrl":"https:\/\/www.iemj.org\/wp-content\/uploads\/2021\/09\/Logo-IEMJ-Paypal.jpg","width":150,"height":50,"caption":"Institut Europ\u00e9en des Musiques Juives"},"image":{"@id":"https:\/\/www.iemj.org\/en\/#\/schema\/logo\/image\/"},"sameAs":["https:\/\/www.facebook.com\/MusiquesJuives\/","https:\/\/www.instagram.com\/musiquesjuives\/","https:\/\/www.youtube.com\/user\/musiquesjuives"]},{"@type":"Person","@id":"https:\/\/www.iemj.org\/en\/#\/schema\/person\/358e26c18aca017fcc4cc15437f7279c","name":"Jacqueline ROTEN","image":{"@type":"ImageObject","inLanguage":"en-US","@id":"https:\/\/secure.gravatar.com\/avatar\/5964256d6c6957de3a3505278957e0fb2a35119ac47ea41827a65301213c810b?s=96&d=mm&r=g","url":"https:\/\/secure.gravatar.com\/avatar\/5964256d6c6957de3a3505278957e0fb2a35119ac47ea41827a65301213c810b?s=96&d=mm&r=g","contentUrl":"https:\/\/secure.gravatar.com\/avatar\/5964256d6c6957de3a3505278957e0fb2a35119ac47ea41827a65301213c810b?s=96&d=mm&r=g","caption":"Jacqueline ROTEN"}}]}},"_links":{"self":[{"href":"https:\/\/www.iemj.org\/en\/wp-json\/wp\/v2\/posts\/129340","targetHints":{"allow":["GET"]}}],"collection":[{"href":"https:\/\/www.iemj.org\/en\/wp-json\/wp\/v2\/posts"}],"about":[{"href":"https:\/\/www.iemj.org\/en\/wp-json\/wp\/v2\/types\/post"}],"author":[{"embeddable":true,"href":"https:\/\/www.iemj.org\/en\/wp-json\/wp\/v2\/users\/5"}],"replies":[{"embeddable":true,"href":"https:\/\/www.iemj.org\/en\/wp-json\/wp\/v2\/comments?post=129340"}],"version-history":[{"count":5,"href":"https:\/\/www.iemj.org\/en\/wp-json\/wp\/v2\/posts\/129340\/revisions"}],"predecessor-version":[{"id":129664,"href":"https:\/\/www.iemj.org\/en\/wp-json\/wp\/v2\/posts\/129340\/revisions\/129664"}],"wp:featuredmedia":[{"embeddable":true,"href":"https:\/\/www.iemj.org\/en\/wp-json\/wp\/v2\/media\/129315"}],"wp:attachment":[{"href":"https:\/\/www.iemj.org\/en\/wp-json\/wp\/v2\/media?parent=129340"}],"wp:term":[{"taxonomy":"category","embeddable":true,"href":"https:\/\/www.iemj.org\/en\/wp-json\/wp\/v2\/categories?post=129340"},{"taxonomy":"post_tag","embeddable":true,"href":"https:\/\/www.iemj.org\/en\/wp-json\/wp\/v2\/tags?post=129340"},{"taxonomy":"technique","embeddable":true,"href":"https:\/\/www.iemj.org\/en\/wp-json\/wp\/v2\/technique?post=129340"},{"taxonomy":"squelettes","embeddable":true,"href":"https:\/\/www.iemj.org\/en\/wp-json\/wp\/v2\/squelettes?post=129340"},{"taxonomy":"sujet","embeddable":true,"href":"https:\/\/www.iemj.org\/en\/wp-json\/wp\/v2\/sujet?post=129340"},{"taxonomy":"formation","embeddable":true,"href":"https:\/\/www.iemj.org\/en\/wp-json\/wp\/v2\/formation?post=129340"},{"taxonomy":"genre","embeddable":true,"href":"https:\/\/www.iemj.org\/en\/wp-json\/wp\/v2\/genre?post=129340"},{"taxonomy":"fonds","embeddable":true,"href":"https:\/\/www.iemj.org\/en\/wp-json\/wp\/v2\/fonds?post=129340"},{"taxonomy":"tradition","embeddable":true,"href":"https:\/\/www.iemj.org\/en\/wp-json\/wp\/v2\/tradition?post=129340"},{"taxonomy":"type-de-contenu","embeddable":true,"href":"https:\/\/www.iemj.org\/en\/wp-json\/wp\/v2\/type-de-contenu?post=129340"},{"taxonomy":"interprete-compositeur","embeddable":true,"href":"https:\/\/www.iemj.org\/en\/wp-json\/wp\/v2\/interprete-compositeur?post=129340"},{"taxonomy":"frise","embeddable":true,"href":"https:\/\/www.iemj.org\/en\/wp-json\/wp\/v2\/frise?post=129340"},{"taxonomy":"type-devenement","embeddable":true,"href":"https:\/\/www.iemj.org\/en\/wp-json\/wp\/v2\/type-devenement?post=129340"},{"taxonomy":"tableaux-liens-externes","embeddable":true,"href":"https:\/\/www.iemj.org\/en\/wp-json\/wp\/v2\/tableaux-liens-externes?post=129340"}],"curies":[{"name":"wp","href":"https:\/\/api.w.org\/{rel}","templated":true}]}}