{"id":129609,"date":"2026-01-19T16:41:35","date_gmt":"2026-01-19T15:41:35","guid":{"rendered":"https:\/\/www.iemj.org\/chamber-works-by-dmitri-klebanov-ernest-kanitz\/"},"modified":"2026-01-20T13:20:00","modified_gmt":"2026-01-20T12:20:00","slug":"chamber-works-by-dmitri-klebanov-ernest-kanitz","status":"publish","type":"post","link":"https:\/\/www.iemj.org\/en\/chamber-works-by-dmitri-klebanov-ernest-kanitz\/","title":{"rendered":"Chamber Works by Dmitri Klebanov &amp; Ernest Kanitz"},"content":{"rendered":"\n<p><\/p>\n\n\n\n<h3 class=\"wp-block-heading\"><strong>ARC Ensemble<\/strong><\/h3>\n\n\n\n<h3 class=\"wp-block-heading\"><strong>Chandos Records Ltd &#8211; Collection Music in Exile<\/strong><\/h3>\n\n\n\n<!--more-->\n\n\n\n<p>The fifth and ninth releases in the \u201cMusic in Exile\u201d collection,<em> Chamber Works by Dmitri Klebanov<\/em> and <em>Chamber Works by Ernest Kanitz<\/em>, released by Chandos in 2021 and 2025, introduce us to the unjustly forgotten works of two Jewish composers, one Ukrainian and one Austrian, who were victims of 20th-century totalitarianism.<\/p>\n\n\n\n<p>As with each volume in the <a href=\"http:\/\/www.rachelnet.net\/F\/func=find-c&amp;ccl_term=WRD+%3D+%22Music+in+Exile%22&amp;local_base=iemcg\" target=\"_blank\" rel=\"noreferrer noopener\">Music in Exile<\/a> collection, the fate of these two composers is amply documented in the booklets by <a href=\"https:\/\/promusicahebraica.org\/about-pro-musica-hebraica\/board-of-advisers\/simon-wynberg\/\" target=\"_blank\" rel=\"noreferrer noopener\">Simon Wynberg<\/a>, director of the <a href=\"https:\/\/www.rcmusic.com\/performance\/arc-ensemble\" target=\"_blank\" rel=\"noreferrer noopener\">ARC Ensemble<\/a> (Artists of The Royal Conservatory), founded in 2002 and based in Canada.<\/p>\n\n\n<div class=\"wp-block-image\">\n<figure class=\"alignleft size-full is-resized\"><img fetchpriority=\"high\" decoding=\"async\" width=\"375\" height=\"500\" src=\"https:\/\/www.iemj.org\/wp-content\/uploads\/2026\/01\/4.Dmitri-Klebanov-enfant.jpg\" alt=\"\" class=\"wp-image-129502\" style=\"width:200px\" srcset=\"https:\/\/www.iemj.org\/wp-content\/uploads\/2026\/01\/4.Dmitri-Klebanov-enfant.jpg 375w, https:\/\/www.iemj.org\/wp-content\/uploads\/2026\/01\/4.Dmitri-Klebanov-enfant-225x300.jpg 225w\" sizes=\"(max-width: 375px) 100vw, 375px\" \/><figcaption class=\"wp-element-caption\"><strong>Dmitri Klebanov, child<\/strong><\/figcaption><\/figure>\n<\/div>\n\n\n<h3 class=\"wp-block-heading\">Dmitri Klebanov (1907-1987)<\/h3>\n\n\n\n<p>Born in Kharkiv on July 25, 1907, into a family with little interest in music, Dimitri began taking violin lessons at the age of six and gave his first recital a year later. He also developed a passion for the piano, improvising for hours on end. At the Kharkiv School of Music, Klebanov was the youngest student in his class. In 1923, he was admitted to the Institute of Music and Dramatic Arts, where he studied under the pedagogue and composer Semion Bogatyrev. By the end of his studies in 1926, at the age of just 19, Klebanov had already composed two string quartets, a piano trio, several short instrumental pieces, and a number of melodies, works that were undoubtedly lost or destroyed during World War II. In 1927, he was hired as a violist by the Leningrad Opera Orchestra.<\/p>\n\n\n\n<p>Back in Kharkiv, Klebanov worked with Herman Adler, principal conductor of the Ukrainian State Orchestra in the mid-1930s. He then conducted the Kharkiv Radio Orchestra, as well as various dramatic productions. In 1939, the Bolshoi produced the children&#8217;s ballet <em>Aistenok <\/em>(Little Stork), based on his opera of the same name. This was followed by a second ballet, <em>Svetlana<\/em>, again aimed at a young audience, which featured Ukrainian, Belarusian, and Tatar dances. His Violin Concerto No. 1 was premiered in 1940, the year he married Nina Diakovskaia, who was then director of the Kharkiv State Conservatory.<\/p>\n\n\n\n<p>In June 1941, when Germany invaded the Soviet Union, Klebanov was among the 150,000 Jewish refugees evacuated to Tashkent, Uzbekistan. Among them were many artists, such as the young Polish composer Mieczys\u0142aw Weinberg, the actor Solomon Mikhoels, the writer Nadezhda Mandelstam, and the poet Anna Akhmatova. In Tashkent, Klebanov taught and composed music for both theater and cinema.<\/p>\n\n\n\n<p>In November 1943, Soviet forces recaptured Kiev and the retreating Wehrmacht set fire to the already badly damaged city. Back in Ukraine, Dimitri, Nina, and their newborn son, Yuri, spent several months in the city, forced to live in a rat-infested basement until May 1945, when they were finally able to return to Kharkiv. In Kharkiv, Klebanov began work on his First Symphony, which he dedicated \u201cTo the memory of the martyrs of Babi Yar,\u201d the infamous ravine in Kiev where, over two days at the end of September 1941, nearly 34,000 Jews were murdered. This symphony premiered in Kharkiv in 1947, as part of a concert entirely devoted to Klebanov&#8217;s music, including his Violin Concerto No. 1 and the <em>Welcome Overture<\/em>.<\/p>\n\n\n<div class=\"wp-block-image\">\n<figure class=\"alignright size-full is-resized\"><img decoding=\"async\" width=\"600\" height=\"450\" src=\"https:\/\/www.iemj.org\/wp-content\/uploads\/2026\/01\/7.Dmitri-Klebanov-annees-40.jpg\" alt=\"\" class=\"wp-image-129536\" style=\"width:320px\" srcset=\"https:\/\/www.iemj.org\/wp-content\/uploads\/2026\/01\/7.Dmitri-Klebanov-annees-40.jpg 600w, https:\/\/www.iemj.org\/wp-content\/uploads\/2026\/01\/7.Dmitri-Klebanov-annees-40-300x225.jpg 300w\" sizes=\"(max-width: 600px) 100vw, 600px\" \/><figcaption class=\"wp-element-caption\"><strong>Dmitri Klebanov, 40s<\/strong><\/figcaption><\/figure>\n<\/div>\n\n\n<p>The enthusiastic reception given to this symphony led to further performances in Kharkiv and Kiev, but problems arose in 1949 when it was submitted for the Stalin Prize. The commemoration of Jewish rather than Soviet victims, evidenced in particular by the use of traditional Jewish melodies and biblical cantillation, was condemned as \u201cinsolent\u201d and unpatriotic. Further performances were banned and Klebanov was denounced as a \u201cbourgeois nationalist\u201d and a \u201crootless cosmopolitan\u201d (the hackneyed euphemism for Jews). Nina immediately left for Moscow to plead her husband&#8217;s case. Before the war, she had been director of the Opera Studio at the Moscow Conservatory and was then director of the Ukrainian Ministry of Culture. Her status undoubtedly gave weight to her pleas, and Klebanov was neither imprisoned nor deported. However, this episode plunged him into anxiety and anguish, a state familiar to many Soviet artists of the time. He then entered into internal exile, forcing himself to restrict his creative abilities and aesthetic ambitions in accordance with the directives of the Soviet authorities. His Piano Quintet, for example, composed in 1954, was commissioned to commemorate the 300th anniversary of the Treaty of Pereyaslav, by which Russia took control of Ukraine. The Soviet Union marks this so-called \u201cgreat Ukrainian-Russian alliance\u201d with extravagant national celebrations, which an Ukrainian loyalist like Klebanov must find both artificial and uncomfortable. His contribution will be a quintet as grandiloquent as it is predictable.<\/p>\n\n\n<div class=\"wp-block-image\">\n<figure class=\"alignleft size-full is-resized\"><img decoding=\"async\" width=\"335\" height=\"500\" src=\"https:\/\/www.iemj.org\/wp-content\/uploads\/2026\/01\/2.Dmitri-Klebanov_Capture-decran-Booklet.jpg\" alt=\"\" class=\"wp-image-129482\" style=\"width:200px\" srcset=\"https:\/\/www.iemj.org\/wp-content\/uploads\/2026\/01\/2.Dmitri-Klebanov_Capture-decran-Booklet.jpg 335w, https:\/\/www.iemj.org\/wp-content\/uploads\/2026\/01\/2.Dmitri-Klebanov_Capture-decran-Booklet-201x300.jpg 201w\" sizes=\"(max-width: 335px) 100vw, 335px\" \/><\/figure>\n<\/div>\n\n\n<p>Klebanov&#8217;s professional rehabilitation began during the Khrushchev era. In 1960, the Kharkiv Institute appointed him associate professor. Ten years later, he was promoted to principal professor of composition and orchestration and taught a generation of Ukrainian composers, including Viktor Sousline, Valentin Bibik, Vitali Houbarenko, Marc Karminski, Boris Jarominski, and Vladimir Zolotoukhine. In 1966, Klebanov was a member of the jury for the Tchaikovsky Competition chaired by violinist David Oistrakh, and the following year he was proclaimed \u201cHonored Artist of Ukraine.\u201d In 1968, the Central Committee of Ukraine offered Klebanov the position of director of the Union of Ukrainian Composers. This position required him to move to Kiev, where his career had begun to decline, and the offer came with an unacceptable condition: Klebanov had to join the Communist Party. He refused categorically, just as he had never agreed to associate his name with denunciations of dissidents and critics of the regime.<\/p>\n\n\n\n<p>In the mid-1980s, when Klebanov was already a well-known composer in Ukraine, he got a commission for a concerto for viola and <em>Japanese Silhouettes<\/em>, a piece for soprano, viola d&#8217;amore, and orchestra. These two pieces are the only ones to have been commercially released in the West, although the Soviet label Melodiya recorded several of his works and Ukrainian Radio often broadcast his music during the 1960s and 1970s. During this same period, several conductors asked him for permission to perform his Symphony No. 1, dedicated to the martyrs of Babi Yar, but Klebanov was adamant that its next performance should be posthumous. It was finally performed again in 1990, some three years after his death on June 6, 1987.<\/p>\n\n\n<div class=\"wp-block-image\">\n<figure class=\"alignright size-full is-resized\"><img loading=\"lazy\" decoding=\"async\" width=\"600\" height=\"600\" src=\"https:\/\/www.iemj.org\/wp-content\/uploads\/2026\/01\/COUV-Klebanov.jpg\" alt=\"\" class=\"wp-image-129474\" style=\"width:220px\" srcset=\"https:\/\/www.iemj.org\/wp-content\/uploads\/2026\/01\/COUV-Klebanov.jpg 600w, https:\/\/www.iemj.org\/wp-content\/uploads\/2026\/01\/COUV-Klebanov-300x300.jpg 300w, https:\/\/www.iemj.org\/wp-content\/uploads\/2026\/01\/COUV-Klebanov-150x150.jpg 150w, https:\/\/www.iemj.org\/wp-content\/uploads\/2026\/01\/COUV-Klebanov-100x100.jpg 100w\" sizes=\"(max-width: 600px) 100vw, 600px\" \/><\/figure>\n<\/div>\n\n\n<p>Klebanov&#8217;s catalog of works includes nine symphonies, several chamber music pieces, two violin concertos and two cello concertos, various pieces for violin and piano, operas, ballets, around a hundred songs (most of which remain unpublished), and nearly twenty film scores. He also published two important theoretical works in Kiev in 1972, <em>The Art of Instrumentation<\/em> and <em>The Aesthetic Foundations of Instrumentation<\/em>.<\/p>\n\n\n\n<p>Sources: \u00a9 2021 Simon Wynberg \u2013 CD booklet <em>Chamber Works by Dmitri Klebanov<\/em><\/p>\n\n\n\n<div style=\"height:15px\" aria-hidden=\"true\" class=\"wp-block-spacer\"><\/div>\n\n\n\n<div class=\"wp-block-columns is-layout-flex wp-container-core-columns-is-layout-9d6595d7 wp-block-columns-is-layout-flex\">\n<div class=\"wp-block-column is-layout-flow wp-block-column-is-layout-flow\">\n<figure class=\"wp-block-embed is-type-video is-provider-youtube wp-block-embed-youtube wp-embed-aspect-16-9 wp-has-aspect-ratio\"><div class=\"wp-block-embed__wrapper\">\n<iframe title=\"ARC Ensemble Performs Dmitri Klebanov\u2019s String Quartet No. 4 (III Scherzando)\" width=\"640\" height=\"360\" src=\"https:\/\/www.youtube.com\/embed\/7FzMMN3B01A?feature=oembed\" frameborder=\"0\" allow=\"accelerometer; autoplay; clipboard-write; encrypted-media; gyroscope; picture-in-picture; web-share\" referrerpolicy=\"strict-origin-when-cross-origin\" allowfullscreen><\/iframe>\n<\/div><figcaption class=\"wp-element-caption\"><strong>Scherzando<\/strong><\/figcaption><\/figure>\n<\/div>\n\n\n\n<div class=\"wp-block-column is-layout-flow wp-block-column-is-layout-flow\">\n<figure class=\"wp-block-embed is-type-video is-provider-youtube wp-block-embed-youtube wp-embed-aspect-16-9 wp-has-aspect-ratio\"><div class=\"wp-block-embed__wrapper\">\n<iframe title=\"ARC Ensemble Performs Dmitri Klebanov\u2019s Piano Trio No. 2 (II Scherzo)\" width=\"640\" height=\"360\" src=\"https:\/\/www.youtube.com\/embed\/HTxAcipIsXw?feature=oembed\" frameborder=\"0\" allow=\"accelerometer; autoplay; clipboard-write; encrypted-media; gyroscope; picture-in-picture; web-share\" referrerpolicy=\"strict-origin-when-cross-origin\" allowfullscreen><\/iframe>\n<\/div><figcaption class=\"wp-element-caption\"><strong>Scherzo<\/strong><\/figcaption><\/figure>\n<\/div>\n<\/div>\n\n\n\n<div style=\"height:15px\" aria-hidden=\"true\" class=\"wp-block-spacer\"><\/div>\n\n\n<div class=\"wp-block-image\">\n<figure class=\"alignleft size-full is-resized\"><img loading=\"lazy\" decoding=\"async\" width=\"402\" height=\"480\" src=\"https:\/\/www.iemj.org\/wp-content\/uploads\/2026\/01\/3.Ernest-Kanitz-3.jpg\" alt=\"\" class=\"wp-image-129491\" style=\"width:200px\" srcset=\"https:\/\/www.iemj.org\/wp-content\/uploads\/2026\/01\/3.Ernest-Kanitz-3.jpg 402w, https:\/\/www.iemj.org\/wp-content\/uploads\/2026\/01\/3.Ernest-Kanitz-3-251x300.jpg 251w\" sizes=\"(max-width: 402px) 100vw, 402px\" \/><\/figure>\n<\/div>\n\n\n<h3 class=\"wp-block-heading\">Ernest Kanitz (1894-1978)<\/h3>\n\n\n\n<p>In many ways, Ernest Kanitz&#8217;s career path was similar to that of other composers in the \u201cMusic in Exile\u201d collection. Born on April 9, 1894, into a wealthy Jewish family in Vienna, Ernest Kanitz was encouraged by his mother, a pianist, to pursue music. He began taking piano lessons at the age of seven and started composing the following year. During his adolescence, he worked with Richard Heuberger, a famous critic and composer with a passion for choral music, and later with Franz Schreker, arguably the most influential composer-teacher in Europe.<\/p>\n\n\n\n<p>In 1920, he married Gertrud Reif, an accomplished pianist who had attended Arnold Sch\u00f6nberg&#8217;s composition seminars. In 1922, he was appointed professor of harmony, counterpoint, and composition at the New Conservatory in Vienna. During the 1920s and 1930s, Kanitz&#8217;s works were performed at the Salzburg Festival, as well as in Germany, Rotterdam, and Paris. They were also frequently broadcast, notably on Radio Wien. But Kanitz was best known as the director of the <em>Wiener Frauen-Kammerchor<\/em> (Vienna Women&#8217;s Chamber Choir), which he founded in 1930. The choir performed at the Musikverein in Vienna as well as in Budapest, Brno, and Paris, building a large and enthusiastic audience. The choir&#8217;s varied programs included works by Kod\u00e1ly, Honegger, and Stravinsky, as well as compositions and arrangements by Kanitz himself. His status was recognized in 1933 when he joined the board of directors of the Association of Austrian Composers.<\/p>\n\n\n<div class=\"wp-block-image\">\n<figure class=\"alignright size-full is-resized\"><img loading=\"lazy\" decoding=\"async\" width=\"327\" height=\"479\" src=\"https:\/\/www.iemj.org\/wp-content\/uploads\/2026\/01\/5.Ernest-Kanitz-avec-ses-parents-et-sa-grande-soeur-Vienne-1895.jpg\" alt=\"\" class=\"wp-image-129508\" style=\"width:200px\" srcset=\"https:\/\/www.iemj.org\/wp-content\/uploads\/2026\/01\/5.Ernest-Kanitz-avec-ses-parents-et-sa-grande-soeur-Vienne-1895.jpg 327w, https:\/\/www.iemj.org\/wp-content\/uploads\/2026\/01\/5.Ernest-Kanitz-avec-ses-parents-et-sa-grande-soeur-Vienne-1895-205x300.jpg 205w\" sizes=\"(max-width: 327px) 100vw, 327px\" \/><figcaption class=\"wp-element-caption\"><strong>Ernest Kanitz, child on the right with his parents and sister &#8211; Vienna, 1895<\/strong><\/figcaption><\/figure>\n<\/div>\n\n\n<p>Although he converted to Christianity in 1914, his Jewish origins forced him to flee Vienna after Austria was annexed by Nazi Germany. In early June 1938, the Kanitz family left for the Netherlands. They boarded the SS Veendam in Rotterdam and disembarked in Hoboken, New Jersey, on July 26, their immigration being supported by the American Committee for Christian Refugees. After a brief stay in New York, Kanitz and his wife Gertrude settled in Rock Hill, South Carolina, where he obtained a teaching position. After Gertrude&#8217;s untimely death from cancer, Kanitz moved to California, where he had a distinguished teaching career at the University of Southern California (USC). There he met composer Ernst Toch, also of Viennese Jewish origin, who became a close friend.<\/p>\n\n\n<div class=\"wp-block-image\">\n<figure class=\"alignleft size-full is-resized\"><img loading=\"lazy\" decoding=\"async\" width=\"378\" height=\"479\" src=\"https:\/\/www.iemj.org\/wp-content\/uploads\/2026\/01\/6.Ernest-Kanitz_adulte.jpg\" alt=\"\" class=\"wp-image-129513\" style=\"width:200px\" srcset=\"https:\/\/www.iemj.org\/wp-content\/uploads\/2026\/01\/6.Ernest-Kanitz_adulte.jpg 378w, https:\/\/www.iemj.org\/wp-content\/uploads\/2026\/01\/6.Ernest-Kanitz_adulte-237x300.jpg 237w\" sizes=\"(max-width: 378px) 100vw, 378px\" \/><figcaption class=\"wp-element-caption\"><strong>Ernest Kanitz, ca 1970<\/strong><\/figcaption><\/figure>\n<\/div>\n\n\n<p>In 1960, his retirement from USC left him much more time for composition, although he continued to teach and give lectures. The 1960s were marked by a series of notable successes. His Bassoon Concerto (1962), premiered in April 1964 by the San Francisco Symphony under Josef Krips, was subsequently programmed by Eugene Ormandy and the Philadelphia Orchestra, as well as by Zubin Mehta and the Los Angeles Philharmonic. <em>Sinfonia Seria<\/em> (1963), Kanitz&#8217;s first symphony, was premiered by the St. Louis Symphony Orchestra under the baton of Eleazar de Carvalho in October 1964, and his Second Symphony (1965) by Josef Krips and the San Francisco Symphony Orchestra in December 1968. In the 1970s, his teaching and composing career gradually slowed as his health and eyesight deteriorated. Kanitz died in Menlo Park, California, on April 7, 1978, and was buried alongside Gertrud in Due West, South Carolina.<\/p>\n\n\n<div class=\"wp-block-image\">\n<figure class=\"alignright size-full is-resized\"><img loading=\"lazy\" decoding=\"async\" width=\"600\" height=\"600\" src=\"https:\/\/www.iemj.org\/wp-content\/uploads\/2026\/01\/COUV-Kanitz.jpg\" alt=\"\" class=\"wp-image-129469\" style=\"width:220px\" srcset=\"https:\/\/www.iemj.org\/wp-content\/uploads\/2026\/01\/COUV-Kanitz.jpg 600w, https:\/\/www.iemj.org\/wp-content\/uploads\/2026\/01\/COUV-Kanitz-300x300.jpg 300w, https:\/\/www.iemj.org\/wp-content\/uploads\/2026\/01\/COUV-Kanitz-150x150.jpg 150w, https:\/\/www.iemj.org\/wp-content\/uploads\/2026\/01\/COUV-Kanitz-100x100.jpg 100w\" sizes=\"(max-width: 600px) 100vw, 600px\" \/><\/figure>\n<\/div>\n\n\n<p>After his death, his music\u2014which includes more than forty works for vocal ensemble, chamber music, chamber opera, and various orchestral formations\u2014fell into oblivion, like that of so many other exiled composers.<\/p>\n\n\n\n<p>Sources: \u00a9 2025 Simon Wynberg \u2013 Press release and CD booklet of <em>Chamber Works by Ernest Kanitz<\/em><\/p>\n\n\n\n<div style=\"height:15px\" aria-hidden=\"true\" class=\"wp-block-spacer\"><\/div>\n\n\n\n<figure class=\"wp-block-embed is-type-video is-provider-youtube wp-block-embed-youtube wp-embed-aspect-16-9 wp-has-aspect-ratio\"><div class=\"wp-block-embed__wrapper\">\n<iframe title=\"Ernest Kanitz | Violin Sonata, op. 10 | Performed by ARC Ensemble\" width=\"640\" height=\"360\" src=\"https:\/\/www.youtube.com\/embed\/eP2qo9O48R4?feature=oembed\" frameborder=\"0\" allow=\"accelerometer; autoplay; clipboard-write; encrypted-media; gyroscope; picture-in-picture; web-share\" referrerpolicy=\"strict-origin-when-cross-origin\" allowfullscreen><\/iframe>\n<\/div><\/figure>\n\n\n\n<p><a href=\"https:\/\/www.chandos.net\/search?zoom_query=Arc+Ensemble&amp;zoom_per_page=24\" target=\"_blank\" rel=\"noopener\">Order the CDs Music in Exile<\/a><br><a href=\"https:\/\/www.rcmusic.com\/performance\/arc-ensemble\" target=\"_blank\" rel=\"noopener\">Lear more about the ARC Ensemble<\/a><\/p>\n\n\n<div class=\"wp-block-image\">\n<figure class=\"aligncenter size-large\"><img loading=\"lazy\" decoding=\"async\" width=\"1024\" height=\"133\" src=\"https:\/\/www.iemj.org\/wp-content\/uploads\/2024\/03\/AUDIO-PLAYER-1024x133.png\" alt=\"\" class=\"wp-image-110608\" srcset=\"https:\/\/www.iemj.org\/wp-content\/uploads\/2024\/03\/AUDIO-PLAYER-1024x133.png 1024w, https:\/\/www.iemj.org\/wp-content\/uploads\/2024\/03\/AUDIO-PLAYER-300x39.png 300w, https:\/\/www.iemj.org\/wp-content\/uploads\/2024\/03\/AUDIO-PLAYER-768x100.png 768w, https:\/\/www.iemj.org\/wp-content\/uploads\/2024\/03\/AUDIO-PLAYER-600x78.png 600w, https:\/\/www.iemj.org\/wp-content\/uploads\/2024\/03\/AUDIO-PLAYER.png 1210w\" sizes=\"(max-width: 1024px) 100vw, 1024px\" \/><\/figure>\n<\/div>\n\n\n<p><\/p>\n","protected":false},"excerpt":{"rendered":"<p>ARC Ensemble Chandos Records Ltd &#8211; Collection Music in Exile<\/p>\n","protected":false},"author":5,"featured_media":129603,"comment_status":"closed","ping_status":"closed","sticky":false,"template":"","format":"standard","meta":{"_acf_changed":false,"footnotes":""},"categories":[1570,1562],"tags":[],"technique":[],"squelettes":[],"sujet":[1802],"formation":[],"genre":[1117],"fonds":[],"tradition":[],"type-de-contenu":[],"interprete-compositeur":[],"frise":[],"type-devenement":[],"tableaux-liens-externes":[],"class_list":["post-129609","post","type-post","status-publish","format-standard","has-post-thumbnail","hentry","category-cd-latest-acquisition-en","category-latest-acquisitions-en","sujet-shoah-en","genre-classical-music"],"acf":[],"yoast_head":"<!-- This site is optimized with the Yoast SEO plugin v27.3 - https:\/\/yoast.com\/product\/yoast-seo-wordpress\/ -->\n<title>Chamber Works by Dmitri Klebanov &amp; Ernest Kanitz - Institut Europ\u00e9en des Musiques Juives<\/title>\n<meta name=\"robots\" content=\"index, follow, max-snippet:-1, max-image-preview:large, max-video-preview:-1\" \/>\n<link rel=\"canonical\" href=\"https:\/\/www.iemj.org\/en\/chamber-works-by-dmitri-klebanov-ernest-kanitz\/\" \/>\n<meta property=\"og:locale\" content=\"en_US\" \/>\n<meta property=\"og:type\" content=\"article\" \/>\n<meta property=\"og:title\" content=\"Chamber Works by Dmitri Klebanov &amp; Ernest Kanitz - Institut Europ\u00e9en des Musiques Juives\" \/>\n<meta property=\"og:description\" content=\"ARC Ensemble Chandos Records Ltd &#8211; Collection Music in Exile\" \/>\n<meta property=\"og:url\" content=\"https:\/\/www.iemj.org\/en\/chamber-works-by-dmitri-klebanov-ernest-kanitz\/\" \/>\n<meta property=\"og:site_name\" content=\"Institut Europ\u00e9en des Musiques Juives\" \/>\n<meta property=\"article:publisher\" content=\"https:\/\/www.facebook.com\/MusiquesJuives\/\" \/>\n<meta property=\"article:published_time\" content=\"2026-01-19T15:41:35+00:00\" \/>\n<meta property=\"article:modified_time\" content=\"2026-01-20T12:20:00+00:00\" \/>\n<meta property=\"og:image\" content=\"https:\/\/www.iemj.org\/wp-content\/uploads\/2026\/01\/Logo-article-2-CD_Music-in-Exile-1.jpg\" \/>\n\t<meta property=\"og:image:width\" content=\"500\" \/>\n\t<meta property=\"og:image:height\" content=\"500\" \/>\n\t<meta property=\"og:image:type\" content=\"image\/jpeg\" \/>\n<meta name=\"author\" content=\"Jacqueline ROTEN\" \/>\n<meta name=\"twitter:card\" content=\"summary_large_image\" \/>\n<meta name=\"twitter:label1\" content=\"Written by\" \/>\n\t<meta name=\"twitter:data1\" content=\"Jacqueline ROTEN\" \/>\n\t<meta name=\"twitter:label2\" content=\"Est. reading time\" \/>\n\t<meta name=\"twitter:data2\" content=\"11 minutes\" \/>\n<script type=\"application\/ld+json\" class=\"yoast-schema-graph\">{\"@context\":\"https:\\\/\\\/schema.org\",\"@graph\":[{\"@type\":\"Article\",\"@id\":\"https:\\\/\\\/www.iemj.org\\\/en\\\/chamber-works-by-dmitri-klebanov-ernest-kanitz\\\/#article\",\"isPartOf\":{\"@id\":\"https:\\\/\\\/www.iemj.org\\\/en\\\/chamber-works-by-dmitri-klebanov-ernest-kanitz\\\/\"},\"author\":{\"name\":\"Jacqueline ROTEN\",\"@id\":\"https:\\\/\\\/www.iemj.org\\\/en\\\/#\\\/schema\\\/person\\\/358e26c18aca017fcc4cc15437f7279c\"},\"headline\":\"Chamber Works by Dmitri Klebanov &amp; Ernest Kanitz\",\"datePublished\":\"2026-01-19T15:41:35+00:00\",\"dateModified\":\"2026-01-20T12:20:00+00:00\",\"mainEntityOfPage\":{\"@id\":\"https:\\\/\\\/www.iemj.org\\\/en\\\/chamber-works-by-dmitri-klebanov-ernest-kanitz\\\/\"},\"wordCount\":1686,\"publisher\":{\"@id\":\"https:\\\/\\\/www.iemj.org\\\/en\\\/#organization\"},\"image\":{\"@id\":\"https:\\\/\\\/www.iemj.org\\\/en\\\/chamber-works-by-dmitri-klebanov-ernest-kanitz\\\/#primaryimage\"},\"thumbnailUrl\":\"https:\\\/\\\/www.iemj.org\\\/wp-content\\\/uploads\\\/2026\\\/01\\\/Logo-article-2-CD_Music-in-Exile-1.jpg\",\"articleSection\":[\"CD\",\"Latest Acquisitions\"],\"inLanguage\":\"en-US\"},{\"@type\":\"WebPage\",\"@id\":\"https:\\\/\\\/www.iemj.org\\\/en\\\/chamber-works-by-dmitri-klebanov-ernest-kanitz\\\/\",\"url\":\"https:\\\/\\\/www.iemj.org\\\/en\\\/chamber-works-by-dmitri-klebanov-ernest-kanitz\\\/\",\"name\":\"Chamber Works by Dmitri Klebanov &amp; Ernest Kanitz - Institut Europ\u00e9en des Musiques Juives\",\"isPartOf\":{\"@id\":\"https:\\\/\\\/www.iemj.org\\\/en\\\/#website\"},\"primaryImageOfPage\":{\"@id\":\"https:\\\/\\\/www.iemj.org\\\/en\\\/chamber-works-by-dmitri-klebanov-ernest-kanitz\\\/#primaryimage\"},\"image\":{\"@id\":\"https:\\\/\\\/www.iemj.org\\\/en\\\/chamber-works-by-dmitri-klebanov-ernest-kanitz\\\/#primaryimage\"},\"thumbnailUrl\":\"https:\\\/\\\/www.iemj.org\\\/wp-content\\\/uploads\\\/2026\\\/01\\\/Logo-article-2-CD_Music-in-Exile-1.jpg\",\"datePublished\":\"2026-01-19T15:41:35+00:00\",\"dateModified\":\"2026-01-20T12:20:00+00:00\",\"breadcrumb\":{\"@id\":\"https:\\\/\\\/www.iemj.org\\\/en\\\/chamber-works-by-dmitri-klebanov-ernest-kanitz\\\/#breadcrumb\"},\"inLanguage\":\"en-US\",\"potentialAction\":[{\"@type\":\"ReadAction\",\"target\":[\"https:\\\/\\\/www.iemj.org\\\/en\\\/chamber-works-by-dmitri-klebanov-ernest-kanitz\\\/\"]}]},{\"@type\":\"ImageObject\",\"inLanguage\":\"en-US\",\"@id\":\"https:\\\/\\\/www.iemj.org\\\/en\\\/chamber-works-by-dmitri-klebanov-ernest-kanitz\\\/#primaryimage\",\"url\":\"https:\\\/\\\/www.iemj.org\\\/wp-content\\\/uploads\\\/2026\\\/01\\\/Logo-article-2-CD_Music-in-Exile-1.jpg\",\"contentUrl\":\"https:\\\/\\\/www.iemj.org\\\/wp-content\\\/uploads\\\/2026\\\/01\\\/Logo-article-2-CD_Music-in-Exile-1.jpg\",\"width\":500,\"height\":500},{\"@type\":\"BreadcrumbList\",\"@id\":\"https:\\\/\\\/www.iemj.org\\\/en\\\/chamber-works-by-dmitri-klebanov-ernest-kanitz\\\/#breadcrumb\",\"itemListElement\":[{\"@type\":\"ListItem\",\"position\":1,\"name\":\"Accueil\",\"item\":\"https:\\\/\\\/www.iemj.org\\\/en\\\/\"},{\"@type\":\"ListItem\",\"position\":2,\"name\":\"Chamber Works by Dmitri Klebanov &amp; Ernest Kanitz\"}]},{\"@type\":\"WebSite\",\"@id\":\"https:\\\/\\\/www.iemj.org\\\/en\\\/#website\",\"url\":\"https:\\\/\\\/www.iemj.org\\\/en\\\/\",\"name\":\"Institut Europ\u00e9en des Musiques Juives\",\"description\":\"Des traditions musicales \u00e0 la port\u00e9e de tous\",\"publisher\":{\"@id\":\"https:\\\/\\\/www.iemj.org\\\/en\\\/#organization\"},\"potentialAction\":[{\"@type\":\"SearchAction\",\"target\":{\"@type\":\"EntryPoint\",\"urlTemplate\":\"https:\\\/\\\/www.iemj.org\\\/en\\\/?s={search_term_string}\"},\"query-input\":{\"@type\":\"PropertyValueSpecification\",\"valueRequired\":true,\"valueName\":\"search_term_string\"}}],\"inLanguage\":\"en-US\"},{\"@type\":\"Organization\",\"@id\":\"https:\\\/\\\/www.iemj.org\\\/en\\\/#organization\",\"name\":\"Institut Europ\u00e9en des Musiques Juives\",\"url\":\"https:\\\/\\\/www.iemj.org\\\/en\\\/\",\"logo\":{\"@type\":\"ImageObject\",\"inLanguage\":\"en-US\",\"@id\":\"https:\\\/\\\/www.iemj.org\\\/en\\\/#\\\/schema\\\/logo\\\/image\\\/\",\"url\":\"https:\\\/\\\/www.iemj.org\\\/wp-content\\\/uploads\\\/2021\\\/09\\\/Logo-IEMJ-Paypal.jpg\",\"contentUrl\":\"https:\\\/\\\/www.iemj.org\\\/wp-content\\\/uploads\\\/2021\\\/09\\\/Logo-IEMJ-Paypal.jpg\",\"width\":150,\"height\":50,\"caption\":\"Institut Europ\u00e9en des Musiques Juives\"},\"image\":{\"@id\":\"https:\\\/\\\/www.iemj.org\\\/en\\\/#\\\/schema\\\/logo\\\/image\\\/\"},\"sameAs\":[\"https:\\\/\\\/www.facebook.com\\\/MusiquesJuives\\\/\",\"https:\\\/\\\/www.instagram.com\\\/musiquesjuives\\\/\",\"https:\\\/\\\/www.youtube.com\\\/user\\\/musiquesjuives\"]},{\"@type\":\"Person\",\"@id\":\"https:\\\/\\\/www.iemj.org\\\/en\\\/#\\\/schema\\\/person\\\/358e26c18aca017fcc4cc15437f7279c\",\"name\":\"Jacqueline ROTEN\",\"image\":{\"@type\":\"ImageObject\",\"inLanguage\":\"en-US\",\"@id\":\"https:\\\/\\\/secure.gravatar.com\\\/avatar\\\/5964256d6c6957de3a3505278957e0fb2a35119ac47ea41827a65301213c810b?s=96&d=mm&r=g\",\"url\":\"https:\\\/\\\/secure.gravatar.com\\\/avatar\\\/5964256d6c6957de3a3505278957e0fb2a35119ac47ea41827a65301213c810b?s=96&d=mm&r=g\",\"contentUrl\":\"https:\\\/\\\/secure.gravatar.com\\\/avatar\\\/5964256d6c6957de3a3505278957e0fb2a35119ac47ea41827a65301213c810b?s=96&d=mm&r=g\",\"caption\":\"Jacqueline ROTEN\"}}]}<\/script>\n<!-- \/ Yoast SEO plugin. -->","yoast_head_json":{"title":"Chamber Works by Dmitri Klebanov &amp; Ernest Kanitz - Institut Europ\u00e9en des Musiques Juives","robots":{"index":"index","follow":"follow","max-snippet":"max-snippet:-1","max-image-preview":"max-image-preview:large","max-video-preview":"max-video-preview:-1"},"canonical":"https:\/\/www.iemj.org\/en\/chamber-works-by-dmitri-klebanov-ernest-kanitz\/","og_locale":"en_US","og_type":"article","og_title":"Chamber Works by Dmitri Klebanov &amp; Ernest Kanitz - Institut Europ\u00e9en des Musiques Juives","og_description":"ARC Ensemble Chandos Records Ltd &#8211; Collection Music in Exile","og_url":"https:\/\/www.iemj.org\/en\/chamber-works-by-dmitri-klebanov-ernest-kanitz\/","og_site_name":"Institut Europ\u00e9en des Musiques Juives","article_publisher":"https:\/\/www.facebook.com\/MusiquesJuives\/","article_published_time":"2026-01-19T15:41:35+00:00","article_modified_time":"2026-01-20T12:20:00+00:00","og_image":[{"width":500,"height":500,"url":"https:\/\/www.iemj.org\/wp-content\/uploads\/2026\/01\/Logo-article-2-CD_Music-in-Exile-1.jpg","type":"image\/jpeg"}],"author":"Jacqueline ROTEN","twitter_card":"summary_large_image","twitter_misc":{"Written by":"Jacqueline ROTEN","Est. reading time":"11 minutes"},"schema":{"@context":"https:\/\/schema.org","@graph":[{"@type":"Article","@id":"https:\/\/www.iemj.org\/en\/chamber-works-by-dmitri-klebanov-ernest-kanitz\/#article","isPartOf":{"@id":"https:\/\/www.iemj.org\/en\/chamber-works-by-dmitri-klebanov-ernest-kanitz\/"},"author":{"name":"Jacqueline ROTEN","@id":"https:\/\/www.iemj.org\/en\/#\/schema\/person\/358e26c18aca017fcc4cc15437f7279c"},"headline":"Chamber Works by Dmitri Klebanov &amp; Ernest Kanitz","datePublished":"2026-01-19T15:41:35+00:00","dateModified":"2026-01-20T12:20:00+00:00","mainEntityOfPage":{"@id":"https:\/\/www.iemj.org\/en\/chamber-works-by-dmitri-klebanov-ernest-kanitz\/"},"wordCount":1686,"publisher":{"@id":"https:\/\/www.iemj.org\/en\/#organization"},"image":{"@id":"https:\/\/www.iemj.org\/en\/chamber-works-by-dmitri-klebanov-ernest-kanitz\/#primaryimage"},"thumbnailUrl":"https:\/\/www.iemj.org\/wp-content\/uploads\/2026\/01\/Logo-article-2-CD_Music-in-Exile-1.jpg","articleSection":["CD","Latest Acquisitions"],"inLanguage":"en-US"},{"@type":"WebPage","@id":"https:\/\/www.iemj.org\/en\/chamber-works-by-dmitri-klebanov-ernest-kanitz\/","url":"https:\/\/www.iemj.org\/en\/chamber-works-by-dmitri-klebanov-ernest-kanitz\/","name":"Chamber Works by Dmitri Klebanov &amp; Ernest Kanitz - Institut Europ\u00e9en des Musiques Juives","isPartOf":{"@id":"https:\/\/www.iemj.org\/en\/#website"},"primaryImageOfPage":{"@id":"https:\/\/www.iemj.org\/en\/chamber-works-by-dmitri-klebanov-ernest-kanitz\/#primaryimage"},"image":{"@id":"https:\/\/www.iemj.org\/en\/chamber-works-by-dmitri-klebanov-ernest-kanitz\/#primaryimage"},"thumbnailUrl":"https:\/\/www.iemj.org\/wp-content\/uploads\/2026\/01\/Logo-article-2-CD_Music-in-Exile-1.jpg","datePublished":"2026-01-19T15:41:35+00:00","dateModified":"2026-01-20T12:20:00+00:00","breadcrumb":{"@id":"https:\/\/www.iemj.org\/en\/chamber-works-by-dmitri-klebanov-ernest-kanitz\/#breadcrumb"},"inLanguage":"en-US","potentialAction":[{"@type":"ReadAction","target":["https:\/\/www.iemj.org\/en\/chamber-works-by-dmitri-klebanov-ernest-kanitz\/"]}]},{"@type":"ImageObject","inLanguage":"en-US","@id":"https:\/\/www.iemj.org\/en\/chamber-works-by-dmitri-klebanov-ernest-kanitz\/#primaryimage","url":"https:\/\/www.iemj.org\/wp-content\/uploads\/2026\/01\/Logo-article-2-CD_Music-in-Exile-1.jpg","contentUrl":"https:\/\/www.iemj.org\/wp-content\/uploads\/2026\/01\/Logo-article-2-CD_Music-in-Exile-1.jpg","width":500,"height":500},{"@type":"BreadcrumbList","@id":"https:\/\/www.iemj.org\/en\/chamber-works-by-dmitri-klebanov-ernest-kanitz\/#breadcrumb","itemListElement":[{"@type":"ListItem","position":1,"name":"Accueil","item":"https:\/\/www.iemj.org\/en\/"},{"@type":"ListItem","position":2,"name":"Chamber Works by Dmitri Klebanov &amp; Ernest Kanitz"}]},{"@type":"WebSite","@id":"https:\/\/www.iemj.org\/en\/#website","url":"https:\/\/www.iemj.org\/en\/","name":"Institut Europ\u00e9en des Musiques Juives","description":"Des traditions musicales \u00e0 la port\u00e9e de tous","publisher":{"@id":"https:\/\/www.iemj.org\/en\/#organization"},"potentialAction":[{"@type":"SearchAction","target":{"@type":"EntryPoint","urlTemplate":"https:\/\/www.iemj.org\/en\/?s={search_term_string}"},"query-input":{"@type":"PropertyValueSpecification","valueRequired":true,"valueName":"search_term_string"}}],"inLanguage":"en-US"},{"@type":"Organization","@id":"https:\/\/www.iemj.org\/en\/#organization","name":"Institut Europ\u00e9en des Musiques Juives","url":"https:\/\/www.iemj.org\/en\/","logo":{"@type":"ImageObject","inLanguage":"en-US","@id":"https:\/\/www.iemj.org\/en\/#\/schema\/logo\/image\/","url":"https:\/\/www.iemj.org\/wp-content\/uploads\/2021\/09\/Logo-IEMJ-Paypal.jpg","contentUrl":"https:\/\/www.iemj.org\/wp-content\/uploads\/2021\/09\/Logo-IEMJ-Paypal.jpg","width":150,"height":50,"caption":"Institut Europ\u00e9en des Musiques Juives"},"image":{"@id":"https:\/\/www.iemj.org\/en\/#\/schema\/logo\/image\/"},"sameAs":["https:\/\/www.facebook.com\/MusiquesJuives\/","https:\/\/www.instagram.com\/musiquesjuives\/","https:\/\/www.youtube.com\/user\/musiquesjuives"]},{"@type":"Person","@id":"https:\/\/www.iemj.org\/en\/#\/schema\/person\/358e26c18aca017fcc4cc15437f7279c","name":"Jacqueline ROTEN","image":{"@type":"ImageObject","inLanguage":"en-US","@id":"https:\/\/secure.gravatar.com\/avatar\/5964256d6c6957de3a3505278957e0fb2a35119ac47ea41827a65301213c810b?s=96&d=mm&r=g","url":"https:\/\/secure.gravatar.com\/avatar\/5964256d6c6957de3a3505278957e0fb2a35119ac47ea41827a65301213c810b?s=96&d=mm&r=g","contentUrl":"https:\/\/secure.gravatar.com\/avatar\/5964256d6c6957de3a3505278957e0fb2a35119ac47ea41827a65301213c810b?s=96&d=mm&r=g","caption":"Jacqueline ROTEN"}}]}},"_links":{"self":[{"href":"https:\/\/www.iemj.org\/en\/wp-json\/wp\/v2\/posts\/129609","targetHints":{"allow":["GET"]}}],"collection":[{"href":"https:\/\/www.iemj.org\/en\/wp-json\/wp\/v2\/posts"}],"about":[{"href":"https:\/\/www.iemj.org\/en\/wp-json\/wp\/v2\/types\/post"}],"author":[{"embeddable":true,"href":"https:\/\/www.iemj.org\/en\/wp-json\/wp\/v2\/users\/5"}],"replies":[{"embeddable":true,"href":"https:\/\/www.iemj.org\/en\/wp-json\/wp\/v2\/comments?post=129609"}],"version-history":[{"count":3,"href":"https:\/\/www.iemj.org\/en\/wp-json\/wp\/v2\/posts\/129609\/revisions"}],"predecessor-version":[{"id":129643,"href":"https:\/\/www.iemj.org\/en\/wp-json\/wp\/v2\/posts\/129609\/revisions\/129643"}],"wp:featuredmedia":[{"embeddable":true,"href":"https:\/\/www.iemj.org\/en\/wp-json\/wp\/v2\/media\/129603"}],"wp:attachment":[{"href":"https:\/\/www.iemj.org\/en\/wp-json\/wp\/v2\/media?parent=129609"}],"wp:term":[{"taxonomy":"category","embeddable":true,"href":"https:\/\/www.iemj.org\/en\/wp-json\/wp\/v2\/categories?post=129609"},{"taxonomy":"post_tag","embeddable":true,"href":"https:\/\/www.iemj.org\/en\/wp-json\/wp\/v2\/tags?post=129609"},{"taxonomy":"technique","embeddable":true,"href":"https:\/\/www.iemj.org\/en\/wp-json\/wp\/v2\/technique?post=129609"},{"taxonomy":"squelettes","embeddable":true,"href":"https:\/\/www.iemj.org\/en\/wp-json\/wp\/v2\/squelettes?post=129609"},{"taxonomy":"sujet","embeddable":true,"href":"https:\/\/www.iemj.org\/en\/wp-json\/wp\/v2\/sujet?post=129609"},{"taxonomy":"formation","embeddable":true,"href":"https:\/\/www.iemj.org\/en\/wp-json\/wp\/v2\/formation?post=129609"},{"taxonomy":"genre","embeddable":true,"href":"https:\/\/www.iemj.org\/en\/wp-json\/wp\/v2\/genre?post=129609"},{"taxonomy":"fonds","embeddable":true,"href":"https:\/\/www.iemj.org\/en\/wp-json\/wp\/v2\/fonds?post=129609"},{"taxonomy":"tradition","embeddable":true,"href":"https:\/\/www.iemj.org\/en\/wp-json\/wp\/v2\/tradition?post=129609"},{"taxonomy":"type-de-contenu","embeddable":true,"href":"https:\/\/www.iemj.org\/en\/wp-json\/wp\/v2\/type-de-contenu?post=129609"},{"taxonomy":"interprete-compositeur","embeddable":true,"href":"https:\/\/www.iemj.org\/en\/wp-json\/wp\/v2\/interprete-compositeur?post=129609"},{"taxonomy":"frise","embeddable":true,"href":"https:\/\/www.iemj.org\/en\/wp-json\/wp\/v2\/frise?post=129609"},{"taxonomy":"type-devenement","embeddable":true,"href":"https:\/\/www.iemj.org\/en\/wp-json\/wp\/v2\/type-devenement?post=129609"},{"taxonomy":"tableaux-liens-externes","embeddable":true,"href":"https:\/\/www.iemj.org\/en\/wp-json\/wp\/v2\/tableaux-liens-externes?post=129609"}],"curies":[{"name":"wp","href":"https:\/\/api.w.org\/{rel}","templated":true}]}}