{"id":131949,"date":"2026-04-26T13:17:08","date_gmt":"2026-04-26T11:17:08","guid":{"rendered":"https:\/\/www.iemj.org\/jewish-baroque-music\/"},"modified":"2026-04-27T12:15:01","modified_gmt":"2026-04-27T10:15:01","slug":"jewish-baroque-music","status":"publish","type":"post","link":"https:\/\/www.iemj.org\/en\/jewish-baroque-music\/","title":{"rendered":"Jewish Baroque Music"},"content":{"rendered":"\n<p><strong>Concerto classic, 2008 \/ Music.media, 2009<\/strong><\/p>\n\n\n\n<!--more-->\n\n\n\n<p>Recorded in 2008 by the Salomone Rossi Ensemble, this CD features a collection of iconic works from the tradition of Jewish Baroque music, first developed in Italy in the 17th century and continued in Amsterdam during the 18th.<\/p>\n\n\n\n<h2 class=\"wp-block-heading\"><strong>Baroque Jewish Music: A Brief Overview<\/strong><\/h2>\n\n\n\n<p>In northern Italy, the Court of the Gonzagas of Mantua welcomed many Jewish musicians during the 16th and 17th centuries. <a href=\"https:\/\/www.iemj.org\/en\/rossi-salomone-vers-1570-vers-1630\/\" target=\"_blank\" rel=\"noreferrer noopener\">Salamone Rossi (ca 1570 \u2013 ca 1630)<\/a>, undoubtedly the most famous among them, worked there until 1612 alongside Claudio Monteverdi (1567\u20131643). In 1622\u201323, under the influence of the reformist rabbi Leon of Modena, Salamone Rossi published an important collection in Venice\u2014titled <em>Ha-Shirim asher li-Shelomo<\/em> (The Canticles of Solomon)\u2014containing 33 choral pieces for 3 to 8 voices intended for synagogue worship and written in the Italian style of the time. This CD features three of these choral works (<em>En Keloh\u00e8nu, Shir hamaalot, Mizmor le Toda<\/em>) interspersed with instrumental pieces by Rossi. Also in Italy, the non-Jewish composer Carlo Grossi (1634\u20131688) wrote a <em>Cantata ebraica in dialogo<\/em> in 1680 (or 1681) for a Jewish brotherhood in Modena or Venice.<\/p>\n\n\n\n<p>This trend of Jewish assimilation into the surrounding classical music scene was also evident in Amsterdam, where, in the 18th century, wealthy Portuguese Jewish families hosted concerts of operas and cantatas in their salons, genres that even found their way into the synagogue through the works of Abraham Caceres (notably <em>Hiski Hizki<\/em> and the cantata <em>Le-el Elim<\/em> of 1738) and <a href=\"https:\/\/www.iemj.org\/en\/lidarti-cristiano-giuseppe-1730-apres-1793\/\" target=\"_blank\" rel=\"noreferrer noopener\">Cristiano Giuseppe Lidarti (1730-apr\u00e8s 1793)<\/a>. The latter composed the <a href=\"https:\/\/www.iemj.org\/en\/ester-un-oratorio-de-pourim-du-compositeur-lidarti-1730-ap-1793\/\" target=\"_blank\" rel=\"noreferrer noopener\">oratorio Ester<\/a> in 1774, the longest work in the entire history of Baroque Jewish music (over two hours). The libretto for the oratorio <em>Ester <\/em>was written by the rabbi of Mantua and Venice, Jacob Raphael Saraval (1707?\u20131782), known for his interest in music. In a document dated March 1757, Saraval asked the authorities of the Mantua ghetto, a few days before Purim, for permission for the students of his <em>Yeshiva <\/em>to present \u201ca sort of opera based on a biblical story.\u201d He obtained permission on the condition that no non-Jews be admitted to the performance, except for the instrumentalist and the costume designer. Saraval\u2019s libretto is based on the text of the second version of Handel\u2019s oratorio <em>Esther <\/em>(1732), but with many cuts and a few additions. This dazzling CD references the oratorio by including two excerpts from it.<\/p>\n\n\n<div class=\"wp-block-image\">\n<figure class=\"aligncenter size-full\"><img fetchpriority=\"high\" decoding=\"async\" width=\"800\" height=\"553\" src=\"https:\/\/www.iemj.org\/wp-content\/uploads\/2026\/04\/CD_2114_VIG4_redim.jpg\" alt=\"\" class=\"wp-image-131874\" srcset=\"https:\/\/www.iemj.org\/wp-content\/uploads\/2026\/04\/CD_2114_VIG4_redim.jpg 800w, https:\/\/www.iemj.org\/wp-content\/uploads\/2026\/04\/CD_2114_VIG4_redim-300x207.jpg 300w, https:\/\/www.iemj.org\/wp-content\/uploads\/2026\/04\/CD_2114_VIG4_redim-768x531.jpg 768w, https:\/\/www.iemj.org\/wp-content\/uploads\/2026\/04\/CD_2114_VIG4_redim-600x415.jpg 600w\" sizes=\"(max-width: 800px) 100vw, 800px\" \/><\/figure>\n<\/div>\n\n\n<div style=\"height:17px\" aria-hidden=\"true\" class=\"wp-block-spacer\"><\/div>\n\n\n\n<h2 class=\"wp-block-heading\"><strong>The Salomone Rossi Ensemble<\/strong><\/h2>\n\n\n\n<p>Founded in 1991 by violinist <a href=\"https:\/\/www.lydiacevidalli.it\/en\/biography-of-lydia-cevidalli\/\" target=\"_blank\" rel=\"noreferrer noopener\">Lydia Cevidalli<\/a>, the Salomone Rossi Ensemble features on this CD: Caterina Trogu Roehrich, soprano; Renata Stefani, mezzo-soprano; Luigi Pagliarini, tenor; Davide Benetti, bass; Lydia Cevidalli and Elena Marazzi, violins; Fabio Bellofiore and Eugenio Silvestri, violas; Claudio Frigerio, cello; and Simonetta Heger, harpsichord.<\/p>\n\n\n\n<p><a href=\"https:\/\/www.iemj.org\/en\/ensemble-salomone-rossi\/\" target=\"_blank\" rel=\"noreferrer noopener\">Learn more about the Salomone Rossi Ensemble<\/a><\/p>\n\n\n\n<p><a href=\"https:\/\/www.lydiacevidalli.it\/en\/ensemble-salomone-rossi-discography\/\" target=\"_blank\" rel=\"noreferrer noopener\">See other CDs recorded by the Salomone Rossi Ensemble<\/a><\/p>\n\n\n\n<p><a href=\"https:\/\/www.lydiacevidalli.it\/en\/biography-of-lydia-cevidalli\/\" target=\"_blank\" rel=\"noreferrer noopener\">Learn more about Lydia Cevidalli<\/a><\/p>\n\n\n\n<div class=\"wp-block-buttons is-content-justification-center is-layout-flex wp-container-core-buttons-is-layout-16018d1d wp-block-buttons-is-layout-flex\">\n<div class=\"wp-block-button has-custom-width wp-block-button__width-100\"><a class=\"wp-block-button__link has-white-color has-text-color has-background has-link-color wp-element-button\" href=\"https:\/\/www.iemj.org\/en\/genre\/baroque-music\/\" style=\"background-color:#3c4b98\" target=\"_blank\" rel=\"noreferrer noopener\"><strong>Read more articles on Jewish Baroque music<\/strong><\/a><\/div>\n<\/div>\n\n\n\n<div style=\"height:15px\" aria-hidden=\"true\" class=\"wp-block-spacer\"><\/div>\n\n\n<div class=\"wp-block-image\">\n<figure class=\"aligncenter size-large\"><img decoding=\"async\" width=\"1024\" height=\"133\" src=\"https:\/\/www.iemj.org\/wp-content\/uploads\/2024\/03\/AUDIO-PLAYER-1024x133.png\" alt=\"\" class=\"wp-image-110608\" srcset=\"https:\/\/www.iemj.org\/wp-content\/uploads\/2024\/03\/AUDIO-PLAYER-1024x133.png 1024w, https:\/\/www.iemj.org\/wp-content\/uploads\/2024\/03\/AUDIO-PLAYER-300x39.png 300w, https:\/\/www.iemj.org\/wp-content\/uploads\/2024\/03\/AUDIO-PLAYER-768x100.png 768w, https:\/\/www.iemj.org\/wp-content\/uploads\/2024\/03\/AUDIO-PLAYER-600x78.png 600w, https:\/\/www.iemj.org\/wp-content\/uploads\/2024\/03\/AUDIO-PLAYER.png 1210w\" sizes=\"(max-width: 1024px) 100vw, 1024px\" \/><\/figure>\n<\/div>","protected":false},"excerpt":{"rendered":"<p>Concerto classic, 2008 \/ Music.media, 2009<\/p>\n","protected":false},"author":5,"featured_media":131870,"comment_status":"closed","ping_status":"closed","sticky":false,"template":"","format":"standard","meta":{"_acf_changed":false,"footnotes":""},"categories":[1570,1562],"tags":[2089],"technique":[],"squelettes":[],"sujet":[],"formation":[],"genre":[1111],"fonds":[],"tradition":[],"type-de-contenu":[],"interprete-compositeur":[3278],"frise":[],"type-devenement":[],"tableaux-liens-externes":[],"class_list":["post-131949","post","type-post","status-publish","format-standard","has-post-thumbnail","hentry","category-cd-latest-acquisition-en","category-latest-acquisitions-en","tag-italy-en","genre-baroque-music","interprete-compositeur-salomone-rossi-en"],"acf":[],"yoast_head":"<!-- This site is optimized with the Yoast SEO plugin v27.3 - https:\/\/yoast.com\/product\/yoast-seo-wordpress\/ -->\n<title>Jewish Baroque Music - Institut Europ\u00e9en des Musiques Juives<\/title>\n<meta name=\"robots\" content=\"index, follow, max-snippet:-1, max-image-preview:large, max-video-preview:-1\" \/>\n<link rel=\"canonical\" href=\"https:\/\/www.iemj.org\/en\/jewish-baroque-music\/\" \/>\n<meta property=\"og:locale\" content=\"en_US\" \/>\n<meta property=\"og:type\" content=\"article\" \/>\n<meta property=\"og:title\" content=\"Jewish Baroque Music - Institut Europ\u00e9en des Musiques Juives\" \/>\n<meta property=\"og:description\" content=\"Concerto classic, 2008 \/ Music.media, 2009\" \/>\n<meta property=\"og:url\" content=\"https:\/\/www.iemj.org\/en\/jewish-baroque-music\/\" \/>\n<meta property=\"og:site_name\" content=\"Institut Europ\u00e9en des Musiques Juives\" \/>\n<meta property=\"article:publisher\" content=\"https:\/\/www.facebook.com\/MusiquesJuives\/\" \/>\n<meta property=\"article:published_time\" content=\"2026-04-26T11:17:08+00:00\" \/>\n<meta property=\"article:modified_time\" content=\"2026-04-27T10:15:01+00:00\" \/>\n<meta property=\"og:image\" content=\"https:\/\/www.iemj.org\/wp-content\/uploads\/2026\/04\/CD-Jewish-Baroque-Music.jpg\" \/>\n\t<meta property=\"og:image:width\" content=\"500\" \/>\n\t<meta property=\"og:image:height\" content=\"452\" \/>\n\t<meta property=\"og:image:type\" content=\"image\/jpeg\" \/>\n<meta name=\"author\" content=\"Jacqueline ROTEN\" \/>\n<meta name=\"twitter:card\" content=\"summary_large_image\" \/>\n<meta name=\"twitter:label1\" content=\"Written by\" \/>\n\t<meta name=\"twitter:data1\" content=\"Jacqueline ROTEN\" \/>\n\t<meta name=\"twitter:label2\" content=\"Est. reading time\" \/>\n\t<meta name=\"twitter:data2\" content=\"4 minutes\" \/>\n<script type=\"application\/ld+json\" class=\"yoast-schema-graph\">{\"@context\":\"https:\\\/\\\/schema.org\",\"@graph\":[{\"@type\":\"Article\",\"@id\":\"https:\\\/\\\/www.iemj.org\\\/en\\\/jewish-baroque-music\\\/#article\",\"isPartOf\":{\"@id\":\"https:\\\/\\\/www.iemj.org\\\/en\\\/jewish-baroque-music\\\/\"},\"author\":{\"name\":\"Jacqueline ROTEN\",\"@id\":\"https:\\\/\\\/www.iemj.org\\\/en\\\/#\\\/schema\\\/person\\\/358e26c18aca017fcc4cc15437f7279c\"},\"headline\":\"Jewish Baroque Music\",\"datePublished\":\"2026-04-26T11:17:08+00:00\",\"dateModified\":\"2026-04-27T10:15:01+00:00\",\"mainEntityOfPage\":{\"@id\":\"https:\\\/\\\/www.iemj.org\\\/en\\\/jewish-baroque-music\\\/\"},\"wordCount\":461,\"publisher\":{\"@id\":\"https:\\\/\\\/www.iemj.org\\\/en\\\/#organization\"},\"image\":{\"@id\":\"https:\\\/\\\/www.iemj.org\\\/en\\\/jewish-baroque-music\\\/#primaryimage\"},\"thumbnailUrl\":\"https:\\\/\\\/www.iemj.org\\\/wp-content\\\/uploads\\\/2026\\\/04\\\/CD-Jewish-Baroque-Music.jpg\",\"keywords\":[\"Italy\"],\"articleSection\":[\"CD\",\"Latest Acquisitions\"],\"inLanguage\":\"en-US\"},{\"@type\":\"WebPage\",\"@id\":\"https:\\\/\\\/www.iemj.org\\\/en\\\/jewish-baroque-music\\\/\",\"url\":\"https:\\\/\\\/www.iemj.org\\\/en\\\/jewish-baroque-music\\\/\",\"name\":\"Jewish Baroque Music - Institut Europ\u00e9en des Musiques Juives\",\"isPartOf\":{\"@id\":\"https:\\\/\\\/www.iemj.org\\\/en\\\/#website\"},\"primaryImageOfPage\":{\"@id\":\"https:\\\/\\\/www.iemj.org\\\/en\\\/jewish-baroque-music\\\/#primaryimage\"},\"image\":{\"@id\":\"https:\\\/\\\/www.iemj.org\\\/en\\\/jewish-baroque-music\\\/#primaryimage\"},\"thumbnailUrl\":\"https:\\\/\\\/www.iemj.org\\\/wp-content\\\/uploads\\\/2026\\\/04\\\/CD-Jewish-Baroque-Music.jpg\",\"datePublished\":\"2026-04-26T11:17:08+00:00\",\"dateModified\":\"2026-04-27T10:15:01+00:00\",\"breadcrumb\":{\"@id\":\"https:\\\/\\\/www.iemj.org\\\/en\\\/jewish-baroque-music\\\/#breadcrumb\"},\"inLanguage\":\"en-US\",\"potentialAction\":[{\"@type\":\"ReadAction\",\"target\":[\"https:\\\/\\\/www.iemj.org\\\/en\\\/jewish-baroque-music\\\/\"]}]},{\"@type\":\"ImageObject\",\"inLanguage\":\"en-US\",\"@id\":\"https:\\\/\\\/www.iemj.org\\\/en\\\/jewish-baroque-music\\\/#primaryimage\",\"url\":\"https:\\\/\\\/www.iemj.org\\\/wp-content\\\/uploads\\\/2026\\\/04\\\/CD-Jewish-Baroque-Music.jpg\",\"contentUrl\":\"https:\\\/\\\/www.iemj.org\\\/wp-content\\\/uploads\\\/2026\\\/04\\\/CD-Jewish-Baroque-Music.jpg\",\"width\":500,\"height\":452},{\"@type\":\"BreadcrumbList\",\"@id\":\"https:\\\/\\\/www.iemj.org\\\/en\\\/jewish-baroque-music\\\/#breadcrumb\",\"itemListElement\":[{\"@type\":\"ListItem\",\"position\":1,\"name\":\"Accueil\",\"item\":\"https:\\\/\\\/www.iemj.org\\\/en\\\/\"},{\"@type\":\"ListItem\",\"position\":2,\"name\":\"Jewish Baroque Music\"}]},{\"@type\":\"WebSite\",\"@id\":\"https:\\\/\\\/www.iemj.org\\\/en\\\/#website\",\"url\":\"https:\\\/\\\/www.iemj.org\\\/en\\\/\",\"name\":\"Institut Europ\u00e9en des Musiques Juives\",\"description\":\"Des traditions musicales \u00e0 la port\u00e9e de tous\",\"publisher\":{\"@id\":\"https:\\\/\\\/www.iemj.org\\\/en\\\/#organization\"},\"potentialAction\":[{\"@type\":\"SearchAction\",\"target\":{\"@type\":\"EntryPoint\",\"urlTemplate\":\"https:\\\/\\\/www.iemj.org\\\/en\\\/?s={search_term_string}\"},\"query-input\":{\"@type\":\"PropertyValueSpecification\",\"valueRequired\":true,\"valueName\":\"search_term_string\"}}],\"inLanguage\":\"en-US\"},{\"@type\":\"Organization\",\"@id\":\"https:\\\/\\\/www.iemj.org\\\/en\\\/#organization\",\"name\":\"Institut Europ\u00e9en des Musiques Juives\",\"url\":\"https:\\\/\\\/www.iemj.org\\\/en\\\/\",\"logo\":{\"@type\":\"ImageObject\",\"inLanguage\":\"en-US\",\"@id\":\"https:\\\/\\\/www.iemj.org\\\/en\\\/#\\\/schema\\\/logo\\\/image\\\/\",\"url\":\"https:\\\/\\\/www.iemj.org\\\/wp-content\\\/uploads\\\/2021\\\/09\\\/Logo-IEMJ-Paypal.jpg\",\"contentUrl\":\"https:\\\/\\\/www.iemj.org\\\/wp-content\\\/uploads\\\/2021\\\/09\\\/Logo-IEMJ-Paypal.jpg\",\"width\":150,\"height\":50,\"caption\":\"Institut Europ\u00e9en des Musiques Juives\"},\"image\":{\"@id\":\"https:\\\/\\\/www.iemj.org\\\/en\\\/#\\\/schema\\\/logo\\\/image\\\/\"},\"sameAs\":[\"https:\\\/\\\/www.facebook.com\\\/MusiquesJuives\\\/\",\"https:\\\/\\\/www.instagram.com\\\/musiquesjuives\\\/\",\"https:\\\/\\\/www.youtube.com\\\/user\\\/musiquesjuives\"]},{\"@type\":\"Person\",\"@id\":\"https:\\\/\\\/www.iemj.org\\\/en\\\/#\\\/schema\\\/person\\\/358e26c18aca017fcc4cc15437f7279c\",\"name\":\"Jacqueline ROTEN\",\"image\":{\"@type\":\"ImageObject\",\"inLanguage\":\"en-US\",\"@id\":\"https:\\\/\\\/secure.gravatar.com\\\/avatar\\\/5964256d6c6957de3a3505278957e0fb2a35119ac47ea41827a65301213c810b?s=96&d=mm&r=g\",\"url\":\"https:\\\/\\\/secure.gravatar.com\\\/avatar\\\/5964256d6c6957de3a3505278957e0fb2a35119ac47ea41827a65301213c810b?s=96&d=mm&r=g\",\"contentUrl\":\"https:\\\/\\\/secure.gravatar.com\\\/avatar\\\/5964256d6c6957de3a3505278957e0fb2a35119ac47ea41827a65301213c810b?s=96&d=mm&r=g\",\"caption\":\"Jacqueline ROTEN\"}}]}<\/script>\n<!-- \/ Yoast SEO plugin. -->","yoast_head_json":{"title":"Jewish Baroque Music - Institut Europ\u00e9en des Musiques Juives","robots":{"index":"index","follow":"follow","max-snippet":"max-snippet:-1","max-image-preview":"max-image-preview:large","max-video-preview":"max-video-preview:-1"},"canonical":"https:\/\/www.iemj.org\/en\/jewish-baroque-music\/","og_locale":"en_US","og_type":"article","og_title":"Jewish Baroque Music - Institut Europ\u00e9en des Musiques Juives","og_description":"Concerto classic, 2008 \/ Music.media, 2009","og_url":"https:\/\/www.iemj.org\/en\/jewish-baroque-music\/","og_site_name":"Institut Europ\u00e9en des Musiques Juives","article_publisher":"https:\/\/www.facebook.com\/MusiquesJuives\/","article_published_time":"2026-04-26T11:17:08+00:00","article_modified_time":"2026-04-27T10:15:01+00:00","og_image":[{"width":500,"height":452,"url":"https:\/\/www.iemj.org\/wp-content\/uploads\/2026\/04\/CD-Jewish-Baroque-Music.jpg","type":"image\/jpeg"}],"author":"Jacqueline ROTEN","twitter_card":"summary_large_image","twitter_misc":{"Written by":"Jacqueline ROTEN","Est. reading time":"4 minutes"},"schema":{"@context":"https:\/\/schema.org","@graph":[{"@type":"Article","@id":"https:\/\/www.iemj.org\/en\/jewish-baroque-music\/#article","isPartOf":{"@id":"https:\/\/www.iemj.org\/en\/jewish-baroque-music\/"},"author":{"name":"Jacqueline ROTEN","@id":"https:\/\/www.iemj.org\/en\/#\/schema\/person\/358e26c18aca017fcc4cc15437f7279c"},"headline":"Jewish Baroque Music","datePublished":"2026-04-26T11:17:08+00:00","dateModified":"2026-04-27T10:15:01+00:00","mainEntityOfPage":{"@id":"https:\/\/www.iemj.org\/en\/jewish-baroque-music\/"},"wordCount":461,"publisher":{"@id":"https:\/\/www.iemj.org\/en\/#organization"},"image":{"@id":"https:\/\/www.iemj.org\/en\/jewish-baroque-music\/#primaryimage"},"thumbnailUrl":"https:\/\/www.iemj.org\/wp-content\/uploads\/2026\/04\/CD-Jewish-Baroque-Music.jpg","keywords":["Italy"],"articleSection":["CD","Latest Acquisitions"],"inLanguage":"en-US"},{"@type":"WebPage","@id":"https:\/\/www.iemj.org\/en\/jewish-baroque-music\/","url":"https:\/\/www.iemj.org\/en\/jewish-baroque-music\/","name":"Jewish Baroque Music - Institut Europ\u00e9en des Musiques Juives","isPartOf":{"@id":"https:\/\/www.iemj.org\/en\/#website"},"primaryImageOfPage":{"@id":"https:\/\/www.iemj.org\/en\/jewish-baroque-music\/#primaryimage"},"image":{"@id":"https:\/\/www.iemj.org\/en\/jewish-baroque-music\/#primaryimage"},"thumbnailUrl":"https:\/\/www.iemj.org\/wp-content\/uploads\/2026\/04\/CD-Jewish-Baroque-Music.jpg","datePublished":"2026-04-26T11:17:08+00:00","dateModified":"2026-04-27T10:15:01+00:00","breadcrumb":{"@id":"https:\/\/www.iemj.org\/en\/jewish-baroque-music\/#breadcrumb"},"inLanguage":"en-US","potentialAction":[{"@type":"ReadAction","target":["https:\/\/www.iemj.org\/en\/jewish-baroque-music\/"]}]},{"@type":"ImageObject","inLanguage":"en-US","@id":"https:\/\/www.iemj.org\/en\/jewish-baroque-music\/#primaryimage","url":"https:\/\/www.iemj.org\/wp-content\/uploads\/2026\/04\/CD-Jewish-Baroque-Music.jpg","contentUrl":"https:\/\/www.iemj.org\/wp-content\/uploads\/2026\/04\/CD-Jewish-Baroque-Music.jpg","width":500,"height":452},{"@type":"BreadcrumbList","@id":"https:\/\/www.iemj.org\/en\/jewish-baroque-music\/#breadcrumb","itemListElement":[{"@type":"ListItem","position":1,"name":"Accueil","item":"https:\/\/www.iemj.org\/en\/"},{"@type":"ListItem","position":2,"name":"Jewish Baroque Music"}]},{"@type":"WebSite","@id":"https:\/\/www.iemj.org\/en\/#website","url":"https:\/\/www.iemj.org\/en\/","name":"Institut Europ\u00e9en des Musiques Juives","description":"Des traditions musicales \u00e0 la port\u00e9e de tous","publisher":{"@id":"https:\/\/www.iemj.org\/en\/#organization"},"potentialAction":[{"@type":"SearchAction","target":{"@type":"EntryPoint","urlTemplate":"https:\/\/www.iemj.org\/en\/?s={search_term_string}"},"query-input":{"@type":"PropertyValueSpecification","valueRequired":true,"valueName":"search_term_string"}}],"inLanguage":"en-US"},{"@type":"Organization","@id":"https:\/\/www.iemj.org\/en\/#organization","name":"Institut Europ\u00e9en des Musiques Juives","url":"https:\/\/www.iemj.org\/en\/","logo":{"@type":"ImageObject","inLanguage":"en-US","@id":"https:\/\/www.iemj.org\/en\/#\/schema\/logo\/image\/","url":"https:\/\/www.iemj.org\/wp-content\/uploads\/2021\/09\/Logo-IEMJ-Paypal.jpg","contentUrl":"https:\/\/www.iemj.org\/wp-content\/uploads\/2021\/09\/Logo-IEMJ-Paypal.jpg","width":150,"height":50,"caption":"Institut Europ\u00e9en des Musiques Juives"},"image":{"@id":"https:\/\/www.iemj.org\/en\/#\/schema\/logo\/image\/"},"sameAs":["https:\/\/www.facebook.com\/MusiquesJuives\/","https:\/\/www.instagram.com\/musiquesjuives\/","https:\/\/www.youtube.com\/user\/musiquesjuives"]},{"@type":"Person","@id":"https:\/\/www.iemj.org\/en\/#\/schema\/person\/358e26c18aca017fcc4cc15437f7279c","name":"Jacqueline ROTEN","image":{"@type":"ImageObject","inLanguage":"en-US","@id":"https:\/\/secure.gravatar.com\/avatar\/5964256d6c6957de3a3505278957e0fb2a35119ac47ea41827a65301213c810b?s=96&d=mm&r=g","url":"https:\/\/secure.gravatar.com\/avatar\/5964256d6c6957de3a3505278957e0fb2a35119ac47ea41827a65301213c810b?s=96&d=mm&r=g","contentUrl":"https:\/\/secure.gravatar.com\/avatar\/5964256d6c6957de3a3505278957e0fb2a35119ac47ea41827a65301213c810b?s=96&d=mm&r=g","caption":"Jacqueline ROTEN"}}]}},"_links":{"self":[{"href":"https:\/\/www.iemj.org\/en\/wp-json\/wp\/v2\/posts\/131949","targetHints":{"allow":["GET"]}}],"collection":[{"href":"https:\/\/www.iemj.org\/en\/wp-json\/wp\/v2\/posts"}],"about":[{"href":"https:\/\/www.iemj.org\/en\/wp-json\/wp\/v2\/types\/post"}],"author":[{"embeddable":true,"href":"https:\/\/www.iemj.org\/en\/wp-json\/wp\/v2\/users\/5"}],"replies":[{"embeddable":true,"href":"https:\/\/www.iemj.org\/en\/wp-json\/wp\/v2\/comments?post=131949"}],"version-history":[{"count":2,"href":"https:\/\/www.iemj.org\/en\/wp-json\/wp\/v2\/posts\/131949\/revisions"}],"predecessor-version":[{"id":131961,"href":"https:\/\/www.iemj.org\/en\/wp-json\/wp\/v2\/posts\/131949\/revisions\/131961"}],"wp:featuredmedia":[{"embeddable":true,"href":"https:\/\/www.iemj.org\/en\/wp-json\/wp\/v2\/media\/131870"}],"wp:attachment":[{"href":"https:\/\/www.iemj.org\/en\/wp-json\/wp\/v2\/media?parent=131949"}],"wp:term":[{"taxonomy":"category","embeddable":true,"href":"https:\/\/www.iemj.org\/en\/wp-json\/wp\/v2\/categories?post=131949"},{"taxonomy":"post_tag","embeddable":true,"href":"https:\/\/www.iemj.org\/en\/wp-json\/wp\/v2\/tags?post=131949"},{"taxonomy":"technique","embeddable":true,"href":"https:\/\/www.iemj.org\/en\/wp-json\/wp\/v2\/technique?post=131949"},{"taxonomy":"squelettes","embeddable":true,"href":"https:\/\/www.iemj.org\/en\/wp-json\/wp\/v2\/squelettes?post=131949"},{"taxonomy":"sujet","embeddable":true,"href":"https:\/\/www.iemj.org\/en\/wp-json\/wp\/v2\/sujet?post=131949"},{"taxonomy":"formation","embeddable":true,"href":"https:\/\/www.iemj.org\/en\/wp-json\/wp\/v2\/formation?post=131949"},{"taxonomy":"genre","embeddable":true,"href":"https:\/\/www.iemj.org\/en\/wp-json\/wp\/v2\/genre?post=131949"},{"taxonomy":"fonds","embeddable":true,"href":"https:\/\/www.iemj.org\/en\/wp-json\/wp\/v2\/fonds?post=131949"},{"taxonomy":"tradition","embeddable":true,"href":"https:\/\/www.iemj.org\/en\/wp-json\/wp\/v2\/tradition?post=131949"},{"taxonomy":"type-de-contenu","embeddable":true,"href":"https:\/\/www.iemj.org\/en\/wp-json\/wp\/v2\/type-de-contenu?post=131949"},{"taxonomy":"interprete-compositeur","embeddable":true,"href":"https:\/\/www.iemj.org\/en\/wp-json\/wp\/v2\/interprete-compositeur?post=131949"},{"taxonomy":"frise","embeddable":true,"href":"https:\/\/www.iemj.org\/en\/wp-json\/wp\/v2\/frise?post=131949"},{"taxonomy":"type-devenement","embeddable":true,"href":"https:\/\/www.iemj.org\/en\/wp-json\/wp\/v2\/type-devenement?post=131949"},{"taxonomy":"tableaux-liens-externes","embeddable":true,"href":"https:\/\/www.iemj.org\/en\/wp-json\/wp\/v2\/tableaux-liens-externes?post=131949"}],"curies":[{"name":"wp","href":"https:\/\/api.w.org\/{rel}","templated":true}]}}