{"id":13302,"date":"2017-02-25T11:21:15","date_gmt":"2017-02-25T10:21:15","guid":{"rendered":"https:\/\/www.iemj.org\/2017\/02\/25\/gesange-aus-der-synagogue-chants-of-the-synagogue-2\/"},"modified":"2025-09-20T16:49:24","modified_gmt":"2025-09-20T14:49:24","slug":"gesange-aus-der-synagogue-chants-of-the-synagogue-2","status":"publish","type":"post","link":"https:\/\/www.iemj.org\/en\/gesange-aus-der-synagogue-chants-of-the-synagogue-2\/","title":{"rendered":"Ges\u00e4nge aus der Synagogue \/ Chants of the synagogue"},"content":{"rendered":"<p>Isaac ben Juda, also called Eberst, is born in Offenbach near Frankfort. After leaving his hometown in 1799 to become cantor and traveling musician, he settles in Deutz as a tavern musician. Due to the Napoleonian decree of July 28th 1808 forcing all the Jews to have a \u201cdefinite name\u201d, Isaac Eberst takes the name Offenbach around 1810. In 1816 he settles in Cologne, becomes a music teacher, and around 1826, he becomes the town&#8217;s cantor, which he will stay almost until his death.<br \/>Isaac Offenbach is a prolific composer (mainly works for the synagogue), a writer and translator. He published a Haggada with translation in German and six melodies appended, some traditional tunes and some composed by him (1838), a Hebrew-German book of prayer for young men (1839), and several guitar pieces. His manuscripts have been given by his grand-daughters to the Jewish Institute of Religion New York, and some articles have arrived in the Birnbaum Collection at the Hebrew Union College of Cincinnati, and to the Jewish National and University Library of Jerusalem. That material compounds around 20 booklets and files of cantorial compositions and notations of traditional melodies. These manuscripts show the synagogal style in use in the first half of the 19th century in Germany, characterized by the strong influence of the emancipation and the Western Art Music.<\/p>\n<p>Jacob Offenbach (also called <a href=\"https:\/\/www.iemj.org\/en\/offenbach-jacques-1819-1880\/\" target=\"_blank\" rel=\"noopener\">Jacques Offenbach<\/a>), seventh child of Isaac Offenbach, is born in Cologne on June 20th 1819. Aware of his son&#8217;s musical talent, Isaac Offenbach sends him to Paris to study music, the only place at that time where a Jew could have a carrier. In 1833 he is accepted with his brother Julius into the cello class at the Music Conservatory of Paris. After one year in the music school, Jacques Offenbach is forced to leave, his behavior being not satisfactory. In 1835, he enters the Opera-comique&#8217;s orchestra and is noticed by <a href=\"https:\/\/www.iemj.org\/en\/halevy-jacques-francois-fromental-elie-1799-1862\/\" target=\"_blank\" rel=\"noopener\">Jacques Fromental Hal\u00e9vy (1799-1862)<\/a>, who will give him composition lessons.<br \/>His carrier as a composer starts when he writes waltzes, which will quickly give him a certain notoriety. In 1848, due to the revolution in France, Offenbach flees with his family to Cologne. Back in France in 1849, he becomes music conductor at the Com\u00e9die-Fran\u00e7aise. In 1855 he creates his own theater, the Bouffes-Parisiens, located on the Champs-Elys\u00e9es, to perform his works.<br \/>On January 14th 1860, he obtains French nationality. In 1866, during the reign of Napoleon III, he knows great success with his op\u00e9ra-Bouffe <em>La Vie Parisienne<\/em>. His following works will also be successes until the fall of the Empire in 1870. Due to the war with Prussia, Jacques Offenbach must leave Paris with his wife and children. But this exile won&#8217;t last long, and in 1872, he writes his opera <em>Le Roi Carotte<\/em>, which is some kind of political satire of Napoleon III. He becomes director of the Gait\u00e9-Lyrique theater where are performed his previous works. He dies on October 5th 1880, leaving his opera and final chef-d&#8217;oeuvre unfinished, <em>The Tales of Hoffmann<\/em>.<\/p>\n<p>Jacques Offenbach wrote several songs for the synagogue (<em>Ashamnou<\/em>, <em>Tavo lefanecha<\/em>&#8230;) composed when his father was visiting him in Cologne. At the age of 16, he also wrote some waltzes with Jewish patterns from the 15th century, called <em>Rebecca<\/em> (1837, unpublished)<\/p>\n<p>Learn more about the backstage of these recordings on <a href=\"http:\/\/www.jacobokaufmann.com\/English\/mainFrame.htm\">Jacobo Kaufmann&#8217;s website<\/a><\/p>\n\n\n<h2 class=\"wp-block-heading\"><\/h2>\n\n\n<div class=\"wp-block-image\">\n<figure class=\"aligncenter size-large\"><img fetchpriority=\"high\" decoding=\"async\" width=\"1024\" height=\"133\" src=\"https:\/\/www.iemj.org\/wp-content\/uploads\/2024\/03\/AUDIO-PLAYER-1024x133.png\" alt=\"\" class=\"wp-image-110607\" srcset=\"https:\/\/www.iemj.org\/wp-content\/uploads\/2024\/03\/AUDIO-PLAYER-1024x133.png 1024w, https:\/\/www.iemj.org\/wp-content\/uploads\/2024\/03\/AUDIO-PLAYER-300x39.png 300w, https:\/\/www.iemj.org\/wp-content\/uploads\/2024\/03\/AUDIO-PLAYER-768x100.png 768w, https:\/\/www.iemj.org\/wp-content\/uploads\/2024\/03\/AUDIO-PLAYER-600x78.png 600w, https:\/\/www.iemj.org\/wp-content\/uploads\/2024\/03\/AUDIO-PLAYER.png 1210w\" sizes=\"(max-width: 1024px) 100vw, 1024px\" \/><\/figure>\n<\/div>\n\n\n<div class=\"wp-block-file\"><a href=\"https:\/\/www.iemj.org\/wp-content\/uploads\/2017\/02\/cd_106_01_ex.mp3\">Lecha Dodi (EXTRAIT) &#8211; Isaac Offenbach<\/a><\/div>\n\n\n\n<div class=\"wp-block-file\"><a href=\"https:\/\/www.iemj.org\/wp-content\/uploads\/2017\/02\/cd_106_07_ex.mp3\">Chad Gadja (EXTRAIT) &#8211; Isaac Offenbach<\/a><\/div>\n\n\n\n<div class=\"wp-block-file\"><a href=\"https:\/\/www.iemj.org\/wp-content\/uploads\/2017\/02\/cd_106_14_ex.mp3\">Tavo Lefanecha (EXTRAIT) &#8211; Jacques Offenbach<\/a><\/div>\n\n\n\n<div class=\"wp-block-file\"><a href=\"https:\/\/www.iemj.org\/wp-content\/uploads\/2017\/02\/cd_106_15_ex.mp3\">Ashamnu (EXTRAIT) &#8211; Jacques Offenbach<\/a><\/div>\n\n\n\n<div class=\"wp-block-file\"><a href=\"https:\/\/www.iemj.org\/wp-content\/uploads\/2017\/02\/cd_106_16_ex.mp3\">Kichlot Jejni Tered Ejni (EXTRAIT) &#8211; Isaac Offenbach <\/a><\/div>\n","protected":false},"excerpt":{"rendered":"<p>Isaac ben Juda, also called Eberst, is born in Offenbach near Frankfort. After leaving his hometown in 1799 to become cantor and traveling musician, he settles in Deutz as a<\/p>\n","protected":false},"author":1048,"featured_media":13300,"comment_status":"closed","ping_status":"open","sticky":false,"template":"","format":"standard","meta":{"_acf_changed":false,"footnotes":""},"categories":[1570,1562],"tags":[],"technique":[],"squelettes":[],"sujet":[],"formation":[],"genre":[1117],"fonds":[],"tradition":[],"type-de-contenu":[],"interprete-compositeur":[3203],"frise":[],"type-devenement":[],"tableaux-liens-externes":[],"class_list":["post-13302","post","type-post","status-publish","format-standard","has-post-thumbnail","hentry","category-cd-latest-acquisition-en","category-latest-acquisitions-en","genre-classical-music","interprete-compositeur-jacques-offenbach-en-2"],"acf":[],"yoast_head":"<!-- This site is optimized with the Yoast SEO plugin v27.3 - https:\/\/yoast.com\/product\/yoast-seo-wordpress\/ -->\n<title>Ges\u00e4nge aus der Synagogue \/ Chants of the synagogue - Institut Europ\u00e9en des Musiques Juives<\/title>\n<meta name=\"robots\" content=\"index, follow, max-snippet:-1, max-image-preview:large, max-video-preview:-1\" \/>\n<link rel=\"canonical\" href=\"https:\/\/www.iemj.org\/en\/gesange-aus-der-synagogue-chants-of-the-synagogue-2\/\" \/>\n<meta property=\"og:locale\" content=\"en_US\" \/>\n<meta property=\"og:type\" content=\"article\" \/>\n<meta property=\"og:title\" content=\"Ges\u00e4nge aus der Synagogue \/ Chants of the synagogue - Institut Europ\u00e9en des Musiques Juives\" \/>\n<meta property=\"og:description\" content=\"Isaac ben Juda, also called Eberst, is born in Offenbach near Frankfort. After leaving his hometown in 1799 to become cantor and traveling musician, he settles in Deutz as a\" \/>\n<meta property=\"og:url\" content=\"https:\/\/www.iemj.org\/en\/gesange-aus-der-synagogue-chants-of-the-synagogue-2\/\" \/>\n<meta property=\"og:site_name\" content=\"Institut Europ\u00e9en des Musiques Juives\" \/>\n<meta property=\"article:publisher\" content=\"https:\/\/www.facebook.com\/MusiquesJuives\/\" \/>\n<meta property=\"article:published_time\" content=\"2017-02-25T10:21:15+00:00\" \/>\n<meta property=\"article:modified_time\" content=\"2025-09-20T14:49:24+00:00\" \/>\n<meta property=\"og:image\" content=\"https:\/\/www.iemj.org\/wp-content\/uploads\/2017\/02\/arton2134.jpg\" \/>\n\t<meta property=\"og:image:width\" content=\"981\" \/>\n\t<meta property=\"og:image:height\" content=\"935\" \/>\n\t<meta property=\"og:image:type\" content=\"image\/jpeg\" \/>\n<meta name=\"author\" content=\"Jean-Gabriel Davis\" \/>\n<meta name=\"twitter:card\" content=\"summary_large_image\" \/>\n<meta name=\"twitter:label1\" content=\"Written by\" \/>\n\t<meta name=\"twitter:data1\" content=\"Jean-Gabriel Davis\" \/>\n\t<meta name=\"twitter:label2\" content=\"Est. reading time\" \/>\n\t<meta name=\"twitter:data2\" content=\"4 minutes\" \/>\n<script type=\"application\/ld+json\" class=\"yoast-schema-graph\">{\"@context\":\"https:\\\/\\\/schema.org\",\"@graph\":[{\"@type\":\"Article\",\"@id\":\"https:\\\/\\\/www.iemj.org\\\/en\\\/gesange-aus-der-synagogue-chants-of-the-synagogue-2\\\/#article\",\"isPartOf\":{\"@id\":\"https:\\\/\\\/www.iemj.org\\\/en\\\/gesange-aus-der-synagogue-chants-of-the-synagogue-2\\\/\"},\"author\":{\"name\":\"Jean-Gabriel Davis\",\"@id\":\"https:\\\/\\\/www.iemj.org\\\/en\\\/#\\\/schema\\\/person\\\/c9bc1c386a3749579a2d675e72a18666\"},\"headline\":\"Ges\u00e4nge aus der Synagogue \\\/ Chants of the synagogue\",\"datePublished\":\"2017-02-25T10:21:15+00:00\",\"dateModified\":\"2025-09-20T14:49:24+00:00\",\"mainEntityOfPage\":{\"@id\":\"https:\\\/\\\/www.iemj.org\\\/en\\\/gesange-aus-der-synagogue-chants-of-the-synagogue-2\\\/\"},\"wordCount\":586,\"publisher\":{\"@id\":\"https:\\\/\\\/www.iemj.org\\\/en\\\/#organization\"},\"image\":{\"@id\":\"https:\\\/\\\/www.iemj.org\\\/en\\\/gesange-aus-der-synagogue-chants-of-the-synagogue-2\\\/#primaryimage\"},\"thumbnailUrl\":\"https:\\\/\\\/www.iemj.org\\\/wp-content\\\/uploads\\\/2017\\\/02\\\/arton2134.jpg\",\"articleSection\":[\"CD\",\"Latest Acquisitions\"],\"inLanguage\":\"en-US\"},{\"@type\":\"WebPage\",\"@id\":\"https:\\\/\\\/www.iemj.org\\\/en\\\/gesange-aus-der-synagogue-chants-of-the-synagogue-2\\\/\",\"url\":\"https:\\\/\\\/www.iemj.org\\\/en\\\/gesange-aus-der-synagogue-chants-of-the-synagogue-2\\\/\",\"name\":\"Ges\u00e4nge aus der Synagogue \\\/ Chants of the synagogue - Institut Europ\u00e9en des Musiques Juives\",\"isPartOf\":{\"@id\":\"https:\\\/\\\/www.iemj.org\\\/en\\\/#website\"},\"primaryImageOfPage\":{\"@id\":\"https:\\\/\\\/www.iemj.org\\\/en\\\/gesange-aus-der-synagogue-chants-of-the-synagogue-2\\\/#primaryimage\"},\"image\":{\"@id\":\"https:\\\/\\\/www.iemj.org\\\/en\\\/gesange-aus-der-synagogue-chants-of-the-synagogue-2\\\/#primaryimage\"},\"thumbnailUrl\":\"https:\\\/\\\/www.iemj.org\\\/wp-content\\\/uploads\\\/2017\\\/02\\\/arton2134.jpg\",\"datePublished\":\"2017-02-25T10:21:15+00:00\",\"dateModified\":\"2025-09-20T14:49:24+00:00\",\"breadcrumb\":{\"@id\":\"https:\\\/\\\/www.iemj.org\\\/en\\\/gesange-aus-der-synagogue-chants-of-the-synagogue-2\\\/#breadcrumb\"},\"inLanguage\":\"en-US\",\"potentialAction\":[{\"@type\":\"ReadAction\",\"target\":[\"https:\\\/\\\/www.iemj.org\\\/en\\\/gesange-aus-der-synagogue-chants-of-the-synagogue-2\\\/\"]}]},{\"@type\":\"ImageObject\",\"inLanguage\":\"en-US\",\"@id\":\"https:\\\/\\\/www.iemj.org\\\/en\\\/gesange-aus-der-synagogue-chants-of-the-synagogue-2\\\/#primaryimage\",\"url\":\"https:\\\/\\\/www.iemj.org\\\/wp-content\\\/uploads\\\/2017\\\/02\\\/arton2134.jpg\",\"contentUrl\":\"https:\\\/\\\/www.iemj.org\\\/wp-content\\\/uploads\\\/2017\\\/02\\\/arton2134.jpg\",\"width\":981,\"height\":935},{\"@type\":\"BreadcrumbList\",\"@id\":\"https:\\\/\\\/www.iemj.org\\\/en\\\/gesange-aus-der-synagogue-chants-of-the-synagogue-2\\\/#breadcrumb\",\"itemListElement\":[{\"@type\":\"ListItem\",\"position\":1,\"name\":\"Accueil\",\"item\":\"https:\\\/\\\/www.iemj.org\\\/en\\\/\"},{\"@type\":\"ListItem\",\"position\":2,\"name\":\"Ges\u00e4nge aus der Synagogue \\\/ Chants of the synagogue\"}]},{\"@type\":\"WebSite\",\"@id\":\"https:\\\/\\\/www.iemj.org\\\/en\\\/#website\",\"url\":\"https:\\\/\\\/www.iemj.org\\\/en\\\/\",\"name\":\"Institut Europ\u00e9en des Musiques Juives\",\"description\":\"Des traditions musicales \u00e0 la port\u00e9e de tous\",\"publisher\":{\"@id\":\"https:\\\/\\\/www.iemj.org\\\/en\\\/#organization\"},\"potentialAction\":[{\"@type\":\"SearchAction\",\"target\":{\"@type\":\"EntryPoint\",\"urlTemplate\":\"https:\\\/\\\/www.iemj.org\\\/en\\\/?s={search_term_string}\"},\"query-input\":{\"@type\":\"PropertyValueSpecification\",\"valueRequired\":true,\"valueName\":\"search_term_string\"}}],\"inLanguage\":\"en-US\"},{\"@type\":\"Organization\",\"@id\":\"https:\\\/\\\/www.iemj.org\\\/en\\\/#organization\",\"name\":\"Institut Europ\u00e9en des Musiques Juives\",\"url\":\"https:\\\/\\\/www.iemj.org\\\/en\\\/\",\"logo\":{\"@type\":\"ImageObject\",\"inLanguage\":\"en-US\",\"@id\":\"https:\\\/\\\/www.iemj.org\\\/en\\\/#\\\/schema\\\/logo\\\/image\\\/\",\"url\":\"https:\\\/\\\/www.iemj.org\\\/wp-content\\\/uploads\\\/2021\\\/09\\\/Logo-IEMJ-Paypal.jpg\",\"contentUrl\":\"https:\\\/\\\/www.iemj.org\\\/wp-content\\\/uploads\\\/2021\\\/09\\\/Logo-IEMJ-Paypal.jpg\",\"width\":150,\"height\":50,\"caption\":\"Institut Europ\u00e9en des Musiques Juives\"},\"image\":{\"@id\":\"https:\\\/\\\/www.iemj.org\\\/en\\\/#\\\/schema\\\/logo\\\/image\\\/\"},\"sameAs\":[\"https:\\\/\\\/www.facebook.com\\\/MusiquesJuives\\\/\",\"https:\\\/\\\/www.instagram.com\\\/musiquesjuives\\\/\",\"https:\\\/\\\/www.youtube.com\\\/user\\\/musiquesjuives\"]},{\"@type\":\"Person\",\"@id\":\"https:\\\/\\\/www.iemj.org\\\/en\\\/#\\\/schema\\\/person\\\/c9bc1c386a3749579a2d675e72a18666\",\"name\":\"Jean-Gabriel Davis\",\"image\":{\"@type\":\"ImageObject\",\"inLanguage\":\"en-US\",\"@id\":\"https:\\\/\\\/secure.gravatar.com\\\/avatar\\\/2b90d67bdf392c9b3a21fab87c0fa7edaf1fb3a058172a1ffd61033fcec7aec1?s=96&d=mm&r=g\",\"url\":\"https:\\\/\\\/secure.gravatar.com\\\/avatar\\\/2b90d67bdf392c9b3a21fab87c0fa7edaf1fb3a058172a1ffd61033fcec7aec1?s=96&d=mm&r=g\",\"contentUrl\":\"https:\\\/\\\/secure.gravatar.com\\\/avatar\\\/2b90d67bdf392c9b3a21fab87c0fa7edaf1fb3a058172a1ffd61033fcec7aec1?s=96&d=mm&r=g\",\"caption\":\"Jean-Gabriel Davis\"}}]}<\/script>\n<!-- \/ Yoast SEO plugin. -->","yoast_head_json":{"title":"Ges\u00e4nge aus der Synagogue \/ Chants of the synagogue - Institut Europ\u00e9en des Musiques Juives","robots":{"index":"index","follow":"follow","max-snippet":"max-snippet:-1","max-image-preview":"max-image-preview:large","max-video-preview":"max-video-preview:-1"},"canonical":"https:\/\/www.iemj.org\/en\/gesange-aus-der-synagogue-chants-of-the-synagogue-2\/","og_locale":"en_US","og_type":"article","og_title":"Ges\u00e4nge aus der Synagogue \/ Chants of the synagogue - Institut Europ\u00e9en des Musiques Juives","og_description":"Isaac ben Juda, also called Eberst, is born in Offenbach near Frankfort. After leaving his hometown in 1799 to become cantor and traveling musician, he settles in Deutz as a","og_url":"https:\/\/www.iemj.org\/en\/gesange-aus-der-synagogue-chants-of-the-synagogue-2\/","og_site_name":"Institut Europ\u00e9en des Musiques Juives","article_publisher":"https:\/\/www.facebook.com\/MusiquesJuives\/","article_published_time":"2017-02-25T10:21:15+00:00","article_modified_time":"2025-09-20T14:49:24+00:00","og_image":[{"width":981,"height":935,"url":"https:\/\/www.iemj.org\/wp-content\/uploads\/2017\/02\/arton2134.jpg","type":"image\/jpeg"}],"author":"Jean-Gabriel Davis","twitter_card":"summary_large_image","twitter_misc":{"Written by":"Jean-Gabriel Davis","Est. reading time":"4 minutes"},"schema":{"@context":"https:\/\/schema.org","@graph":[{"@type":"Article","@id":"https:\/\/www.iemj.org\/en\/gesange-aus-der-synagogue-chants-of-the-synagogue-2\/#article","isPartOf":{"@id":"https:\/\/www.iemj.org\/en\/gesange-aus-der-synagogue-chants-of-the-synagogue-2\/"},"author":{"name":"Jean-Gabriel Davis","@id":"https:\/\/www.iemj.org\/en\/#\/schema\/person\/c9bc1c386a3749579a2d675e72a18666"},"headline":"Ges\u00e4nge aus der Synagogue \/ Chants of the synagogue","datePublished":"2017-02-25T10:21:15+00:00","dateModified":"2025-09-20T14:49:24+00:00","mainEntityOfPage":{"@id":"https:\/\/www.iemj.org\/en\/gesange-aus-der-synagogue-chants-of-the-synagogue-2\/"},"wordCount":586,"publisher":{"@id":"https:\/\/www.iemj.org\/en\/#organization"},"image":{"@id":"https:\/\/www.iemj.org\/en\/gesange-aus-der-synagogue-chants-of-the-synagogue-2\/#primaryimage"},"thumbnailUrl":"https:\/\/www.iemj.org\/wp-content\/uploads\/2017\/02\/arton2134.jpg","articleSection":["CD","Latest Acquisitions"],"inLanguage":"en-US"},{"@type":"WebPage","@id":"https:\/\/www.iemj.org\/en\/gesange-aus-der-synagogue-chants-of-the-synagogue-2\/","url":"https:\/\/www.iemj.org\/en\/gesange-aus-der-synagogue-chants-of-the-synagogue-2\/","name":"Ges\u00e4nge aus der Synagogue \/ Chants of the synagogue - Institut Europ\u00e9en des Musiques Juives","isPartOf":{"@id":"https:\/\/www.iemj.org\/en\/#website"},"primaryImageOfPage":{"@id":"https:\/\/www.iemj.org\/en\/gesange-aus-der-synagogue-chants-of-the-synagogue-2\/#primaryimage"},"image":{"@id":"https:\/\/www.iemj.org\/en\/gesange-aus-der-synagogue-chants-of-the-synagogue-2\/#primaryimage"},"thumbnailUrl":"https:\/\/www.iemj.org\/wp-content\/uploads\/2017\/02\/arton2134.jpg","datePublished":"2017-02-25T10:21:15+00:00","dateModified":"2025-09-20T14:49:24+00:00","breadcrumb":{"@id":"https:\/\/www.iemj.org\/en\/gesange-aus-der-synagogue-chants-of-the-synagogue-2\/#breadcrumb"},"inLanguage":"en-US","potentialAction":[{"@type":"ReadAction","target":["https:\/\/www.iemj.org\/en\/gesange-aus-der-synagogue-chants-of-the-synagogue-2\/"]}]},{"@type":"ImageObject","inLanguage":"en-US","@id":"https:\/\/www.iemj.org\/en\/gesange-aus-der-synagogue-chants-of-the-synagogue-2\/#primaryimage","url":"https:\/\/www.iemj.org\/wp-content\/uploads\/2017\/02\/arton2134.jpg","contentUrl":"https:\/\/www.iemj.org\/wp-content\/uploads\/2017\/02\/arton2134.jpg","width":981,"height":935},{"@type":"BreadcrumbList","@id":"https:\/\/www.iemj.org\/en\/gesange-aus-der-synagogue-chants-of-the-synagogue-2\/#breadcrumb","itemListElement":[{"@type":"ListItem","position":1,"name":"Accueil","item":"https:\/\/www.iemj.org\/en\/"},{"@type":"ListItem","position":2,"name":"Ges\u00e4nge aus der Synagogue \/ Chants of the synagogue"}]},{"@type":"WebSite","@id":"https:\/\/www.iemj.org\/en\/#website","url":"https:\/\/www.iemj.org\/en\/","name":"Institut Europ\u00e9en des Musiques Juives","description":"Des traditions musicales \u00e0 la port\u00e9e de tous","publisher":{"@id":"https:\/\/www.iemj.org\/en\/#organization"},"potentialAction":[{"@type":"SearchAction","target":{"@type":"EntryPoint","urlTemplate":"https:\/\/www.iemj.org\/en\/?s={search_term_string}"},"query-input":{"@type":"PropertyValueSpecification","valueRequired":true,"valueName":"search_term_string"}}],"inLanguage":"en-US"},{"@type":"Organization","@id":"https:\/\/www.iemj.org\/en\/#organization","name":"Institut Europ\u00e9en des Musiques Juives","url":"https:\/\/www.iemj.org\/en\/","logo":{"@type":"ImageObject","inLanguage":"en-US","@id":"https:\/\/www.iemj.org\/en\/#\/schema\/logo\/image\/","url":"https:\/\/www.iemj.org\/wp-content\/uploads\/2021\/09\/Logo-IEMJ-Paypal.jpg","contentUrl":"https:\/\/www.iemj.org\/wp-content\/uploads\/2021\/09\/Logo-IEMJ-Paypal.jpg","width":150,"height":50,"caption":"Institut Europ\u00e9en des Musiques Juives"},"image":{"@id":"https:\/\/www.iemj.org\/en\/#\/schema\/logo\/image\/"},"sameAs":["https:\/\/www.facebook.com\/MusiquesJuives\/","https:\/\/www.instagram.com\/musiquesjuives\/","https:\/\/www.youtube.com\/user\/musiquesjuives"]},{"@type":"Person","@id":"https:\/\/www.iemj.org\/en\/#\/schema\/person\/c9bc1c386a3749579a2d675e72a18666","name":"Jean-Gabriel Davis","image":{"@type":"ImageObject","inLanguage":"en-US","@id":"https:\/\/secure.gravatar.com\/avatar\/2b90d67bdf392c9b3a21fab87c0fa7edaf1fb3a058172a1ffd61033fcec7aec1?s=96&d=mm&r=g","url":"https:\/\/secure.gravatar.com\/avatar\/2b90d67bdf392c9b3a21fab87c0fa7edaf1fb3a058172a1ffd61033fcec7aec1?s=96&d=mm&r=g","contentUrl":"https:\/\/secure.gravatar.com\/avatar\/2b90d67bdf392c9b3a21fab87c0fa7edaf1fb3a058172a1ffd61033fcec7aec1?s=96&d=mm&r=g","caption":"Jean-Gabriel Davis"}}]}},"_links":{"self":[{"href":"https:\/\/www.iemj.org\/en\/wp-json\/wp\/v2\/posts\/13302","targetHints":{"allow":["GET"]}}],"collection":[{"href":"https:\/\/www.iemj.org\/en\/wp-json\/wp\/v2\/posts"}],"about":[{"href":"https:\/\/www.iemj.org\/en\/wp-json\/wp\/v2\/types\/post"}],"author":[{"embeddable":true,"href":"https:\/\/www.iemj.org\/en\/wp-json\/wp\/v2\/users\/1048"}],"replies":[{"embeddable":true,"href":"https:\/\/www.iemj.org\/en\/wp-json\/wp\/v2\/comments?post=13302"}],"version-history":[{"count":0,"href":"https:\/\/www.iemj.org\/en\/wp-json\/wp\/v2\/posts\/13302\/revisions"}],"wp:featuredmedia":[{"embeddable":true,"href":"https:\/\/www.iemj.org\/en\/wp-json\/wp\/v2\/media\/13300"}],"wp:attachment":[{"href":"https:\/\/www.iemj.org\/en\/wp-json\/wp\/v2\/media?parent=13302"}],"wp:term":[{"taxonomy":"category","embeddable":true,"href":"https:\/\/www.iemj.org\/en\/wp-json\/wp\/v2\/categories?post=13302"},{"taxonomy":"post_tag","embeddable":true,"href":"https:\/\/www.iemj.org\/en\/wp-json\/wp\/v2\/tags?post=13302"},{"taxonomy":"technique","embeddable":true,"href":"https:\/\/www.iemj.org\/en\/wp-json\/wp\/v2\/technique?post=13302"},{"taxonomy":"squelettes","embeddable":true,"href":"https:\/\/www.iemj.org\/en\/wp-json\/wp\/v2\/squelettes?post=13302"},{"taxonomy":"sujet","embeddable":true,"href":"https:\/\/www.iemj.org\/en\/wp-json\/wp\/v2\/sujet?post=13302"},{"taxonomy":"formation","embeddable":true,"href":"https:\/\/www.iemj.org\/en\/wp-json\/wp\/v2\/formation?post=13302"},{"taxonomy":"genre","embeddable":true,"href":"https:\/\/www.iemj.org\/en\/wp-json\/wp\/v2\/genre?post=13302"},{"taxonomy":"fonds","embeddable":true,"href":"https:\/\/www.iemj.org\/en\/wp-json\/wp\/v2\/fonds?post=13302"},{"taxonomy":"tradition","embeddable":true,"href":"https:\/\/www.iemj.org\/en\/wp-json\/wp\/v2\/tradition?post=13302"},{"taxonomy":"type-de-contenu","embeddable":true,"href":"https:\/\/www.iemj.org\/en\/wp-json\/wp\/v2\/type-de-contenu?post=13302"},{"taxonomy":"interprete-compositeur","embeddable":true,"href":"https:\/\/www.iemj.org\/en\/wp-json\/wp\/v2\/interprete-compositeur?post=13302"},{"taxonomy":"frise","embeddable":true,"href":"https:\/\/www.iemj.org\/en\/wp-json\/wp\/v2\/frise?post=13302"},{"taxonomy":"type-devenement","embeddable":true,"href":"https:\/\/www.iemj.org\/en\/wp-json\/wp\/v2\/type-devenement?post=13302"},{"taxonomy":"tableaux-liens-externes","embeddable":true,"href":"https:\/\/www.iemj.org\/en\/wp-json\/wp\/v2\/tableaux-liens-externes?post=13302"}],"curies":[{"name":"wp","href":"https:\/\/api.w.org\/{rel}","templated":true}]}}